{"id":7417,"date":"2026-04-13T21:34:55","date_gmt":"2026-04-13T19:34:55","guid":{"rendered":"https:\/\/www.people-abroad.de\/buchbesprechungen\/ausland-reisen\/?p=7417"},"modified":"2026-04-13T21:34:55","modified_gmt":"2026-04-13T19:34:55","slug":"die-geburt-der-freiheit-aus-dem-geist-des-sozialismus","status":"publish","type":"post","link":"https:\/\/www.people-abroad.de\/buchbesprechungen\/ausland-reisen\/die-geburt-der-freiheit-aus-dem-geist-des-sozialismus\/","title":{"rendered":"Die Geburt der Freiheit aus dem Geist des Sozialismus"},"content":{"rendered":"<div id=\"dslc-theme-content\"><div id=\"dslc-theme-content-inner\"><figure id=\"attachment_7419\" aria-describedby=\"caption-attachment-7419\" style=\"width: 244px\" class=\"wp-caption alignnone\"><img loading=\"lazy\" decoding=\"async\" class=\" wp-image-7419\" src=\"https:\/\/www.people-abroad.de\/buchbesprechungen\/ausland-reisen\/wp-content\/uploads\/2026\/04\/IMG_0520-1-225x300.jpeg\" alt=\"Buchbesprechung Die Geburt der Freiheit aus dem Geist des Sozialismus\" width=\"244\" height=\"325\" srcset=\"https:\/\/www.people-abroad.de\/buchbesprechungen\/ausland-reisen\/wp-content\/uploads\/2026\/04\/IMG_0520-1-225x300.jpeg 225w, https:\/\/www.people-abroad.de\/buchbesprechungen\/ausland-reisen\/wp-content\/uploads\/2026\/04\/IMG_0520-1-768x1024.jpeg 768w, https:\/\/www.people-abroad.de\/buchbesprechungen\/ausland-reisen\/wp-content\/uploads\/2026\/04\/IMG_0520-1-1152x1536.jpeg 1152w, https:\/\/www.people-abroad.de\/buchbesprechungen\/ausland-reisen\/wp-content\/uploads\/2026\/04\/IMG_0520-1-1536x2048.jpeg 1536w, https:\/\/www.people-abroad.de\/buchbesprechungen\/ausland-reisen\/wp-content\/uploads\/2026\/04\/IMG_0520-1-scaled.jpeg 1920w\" sizes=\"auto, (max-width: 244px) 100vw, 244px\" \/><figcaption id=\"caption-attachment-7419\" class=\"wp-caption-text\">Die Geburt der Freiheit aus dem Geist des Sozialismus<\/figcaption><\/figure>\n<p><strong>Buchbesprechung 13.04.26:<\/strong><br \/>\nWir kleine Leute gehen, davon aus das die freie Marktwirtschaft den Sozialismus besiegte, denn die freie Marktwirtschaft ist effizienter als die Planwirtschaft. Die Planwirtschaft konnte nicht funktionieren, weil der Einzelne unter ging und der Staat die Wirtschaft regelte und behinderte.<\/p>\n<p>Die freie Marktwirtschaft dagegen gibt dem Einzelnen die Freiheit etwas aus sich zu machen. Erfolgreich zu sein. Aber dieses Buch zeigt uns das es nicht so ist. Es gibt eine neue Planwirtschaft der Konzerne.<\/p>\n<p>\"Der freie Markt ist eine Nebelkerze, hinter der sich die brutale, despotische Macht der Konzerne verbirgt.\" S.27<\/p>\n<p>Nach dem zweiten Weltkrieg hatte der Staat noch gro\u00dfen Einfluss: auf Gesundheit, Energien, Telekommunikation, Banken, Steuern. Der Staat konnte planen f\u00fcr die Zukunft der Gesellschaft.<\/p>\n<p>Dann kam die Liberalisierung des Marktes, der Niedergang des Ostens und der Staat sollte weniger Einfluss haben und seine Bereiche an die freie Wirtschaft abgeben. Jeder sollte wieder durch Fleiss und Wissen seine eigene Firma und Erfolg planen k\u00f6nnen. Die neoliberatel Revolution.<\/p>\n<p>Das hat aber nicht funktioniert. Wenige haben sehr viel Reichtum und die Masse hat weniger. Warum ? Antwort: in der neoliberalen Revolution ging es darum, die Autorit\u00e4t des Kapitals \u00fcber die Arbeiterschaft wieder herzustellen. Die Konzerne planen die Zukunft. Das Problem ist heute, das die Planwirtschaft nur noch von den Unternehmen kommt. Gewerkschaften und Staat haben keine Macht mehr.<\/p>\n<p>\"Der freie Markt \u00fcbt auf einige brutalen Wettbewerbsdruck aus, n\u00e4mlich auf diejenigen mit der geringsten Macht: Gleichzeitig wird er von anderen zur privaten Bereicherung gesteuert und manipuliert... Seine Funktion bestehe nicht darin, die Freiheit zu f\u00f6rdern und zu sch\u00fctzen, sondern zu unterdr\u00fccken.<\/p>\n<p>Allerdings ist die Macht des Kapitals nie allumfassend. Kapitalistische Gesellschaften und die Weltwirtschaft sind immens komplexe Systeme, die nie vollst\u00e4ndig von einem einzelnen Akteur oder Gruppe kontrolliert werden k\u00f6nnen. Dennoch sind einige Personen und Institutiionen priveligierter in der Entscheidung, wer was bekommt, als andere. Diese Beobachtung gilt sogar f\u00fcr jene kapitalistischen Volkswirtschaften, in denen der Wettbewerb am besten funktioniert, wenn auch in geringem Ausma\u00df. Kapitalismus ist also ein hybrides System aus Wettbewerbsdruck und zentralisierter Kontrolle - aus Wettbewerb und Planwirtschaft. \" S.61<\/p>\n<p>Wir haben heute schon sehr viele Beispiele, wie Konzerne \u00fcber dem Recht und fern von Verantwortung stehen. Ohne R\u00fccksicht oder Verantwortung. Im Buch kommen als Beispiele: Ford, Boing, Amazon, Black Rock, Exxon, Evergrande.<\/p>\n<p>Heute spielt der Staat eine zentrale Rolle dabei, den Kapitalisten zu helfen ihre Interessen durchzusetzen. Konzerne setzen sich \u00fcber Gesetze hinweg und l\u00e4uft es f\u00fcr den Konzern schief, muss der Staat daf\u00fcr bezahlen. Dazu gibt es heute ein internationales Rechtssystem, das Kapitalisten sch\u00fctzt und dem Staat die Macht nimmt effektive Gesetze durchzuf\u00fchren. In Ecuador verschmutzte ein amerikanischer \u00d6lkonzern ein riesiges Gebiet, Steven Donziger war der Anwalt der Gesch\u00e4digten. Nun sitzt der Anwalt immer noch im Gef\u00e4ngnis und Ecuador musste Schadenersatz an den \u00d6lkonzern zahlen. Konzerne planen unsere Wirtschaft und unterwandern Staat und Gesetze.<\/p>\n<p>Das Buch ist eine tolle Analyse, dazu noch sachlich und verst\u00e4ndlich f\u00fcr jedermann.<\/p>\n<p><strong>Buchbesprechung Fazit:<\/strong> Die Konzerne haben die Macht und erz\u00e4hlen uns: jeder k\u00e4mpft f\u00fcr sich allein und nur die besten sind erfolgreich. So ging die Gemeinschaft zu Grunde. Hier kommt der positive zweite Teil: Die Autorin sagt uns, die Gemeinschaft muss sich wieder formen und die Politik beeinflussen. Sie nennt uns am Schluss viele Projekte von Gemeinschaften, die funktionieren. Sie zeigt uns einen neuen Weg.<br \/>\nLesen und unser Zeit verstehen !<\/p>\n<\/div><\/div>","protected":false},"excerpt":{"rendered":"<p>Buchbesprechung 13.04.26: Wir kleine Leute gehen, davon aus das die freie Marktwirtschaft den Sozialismus besiegte, denn die freie Marktwirtschaft ist effizienter als die Planwirtschaft. Die Planwirtschaft konnte nicht funktionieren, weil der Einzelne unter ging und der Staat die Wirtschaft regelte und behinderte. Die freie Marktwirtschaft dagegen gibt dem Einzelnen die Freiheit etwas aus sich zu [&hellip;]<\/p>\n","protected":false},"author":1,"featured_media":0,"comment_status":"closed","ping_status":"open","sticky":false,"template":"","format":"standard","meta":{"footnotes":""},"categories":[5],"tags":[],"class_list":["post-7417","post","type-post","status-publish","format-standard","hentry","category-europa"],"yoast_head":"<!-- This site is optimized with the Yoast SEO plugin v27.1.1 - https:\/\/yoast.com\/product\/yoast-seo-wordpress\/ -->\n<title>Die Geburt der Freiheit aus dem Geist des Sozialismus - People Abroad<\/title>\n<meta name=\"robots\" content=\"index, follow, max-snippet:-1, max-image-preview:large, max-video-preview:-1\" \/>\n<link rel=\"canonical\" href=\"https:\/\/www.people-abroad.de\/buchbesprechungen\/ausland-reisen\/die-geburt-der-freiheit-aus-dem-geist-des-sozialismus\/\" \/>\n<meta property=\"og:locale\" content=\"de_DE\" \/>\n<meta property=\"og:type\" content=\"article\" \/>\n<meta property=\"og:title\" content=\"Die Geburt der Freiheit aus dem Geist des Sozialismus - People Abroad\" \/>\n<meta property=\"og:description\" content=\"Buchbesprechung 13.04.26: Wir kleine Leute gehen, davon aus das die freie Marktwirtschaft den Sozialismus besiegte, denn die freie Marktwirtschaft ist effizienter als die Planwirtschaft. Die Planwirtschaft konnte nicht funktionieren, weil der Einzelne unter ging und der Staat die Wirtschaft regelte und behinderte. Die freie Marktwirtschaft dagegen gibt dem Einzelnen die Freiheit etwas aus sich zu [&hellip;]\" \/>\n<meta property=\"og:url\" content=\"https:\/\/www.people-abroad.de\/buchbesprechungen\/ausland-reisen\/die-geburt-der-freiheit-aus-dem-geist-des-sozialismus\/\" \/>\n<meta property=\"og:site_name\" content=\"People Abroad\" \/>\n<meta property=\"article:published_time\" content=\"2026-04-13T19:34:55+00:00\" \/>\n<meta property=\"og:image\" content=\"https:\/\/www.people-abroad.de\/buchbesprechungen\/ausland-reisen\/wp-content\/uploads\/2026\/04\/IMG_0520-1-scaled.jpeg\" \/>\n\t<meta property=\"og:image:width\" content=\"1920\" \/>\n\t<meta property=\"og:image:height\" content=\"2560\" \/>\n\t<meta property=\"og:image:type\" content=\"image\/jpeg\" \/>\n<meta name=\"author\" content=\"Erwin Ritter\" \/>\n<meta name=\"twitter:card\" content=\"summary_large_image\" \/>\n<meta name=\"twitter:creator\" content=\"@People_Abroad\" \/>\n<meta name=\"twitter:site\" content=\"@People_Abroad\" \/>\n<meta name=\"twitter:label1\" content=\"Verfasst von\" \/>\n\t<meta name=\"twitter:data1\" content=\"Erwin Ritter\" \/>\n\t<meta name=\"twitter:label2\" content=\"Gesch\u00e4tzte Lesezeit\" \/>\n\t<meta name=\"twitter:data2\" content=\"4\u00a0Minuten\" \/>\n<script type=\"application\/ld+json\" class=\"yoast-schema-graph\">{\"@context\":\"https:\/\/schema.org\",\"@graph\":[{\"@type\":\"Article\",\"@id\":\"https:\/\/www.people-abroad.de\/buchbesprechungen\/ausland-reisen\/die-geburt-der-freiheit-aus-dem-geist-des-sozialismus\/#article\",\"isPartOf\":{\"@id\":\"https:\/\/www.people-abroad.de\/buchbesprechungen\/ausland-reisen\/die-geburt-der-freiheit-aus-dem-geist-des-sozialismus\/\"},\"author\":{\"name\":\"Erwin Ritter\",\"@id\":\"https:\/\/www.people-abroad.de\/buchbesprechungen\/ausland-reisen\/#\/schema\/person\/c9393edf64c67a46c85c054f8ecf1287\"},\"headline\":\"Die Geburt der Freiheit aus dem Geist des Sozialismus\",\"datePublished\":\"2026-04-13T19:34:55+00:00\",\"mainEntityOfPage\":{\"@id\":\"https:\/\/www.people-abroad.de\/buchbesprechungen\/ausland-reisen\/die-geburt-der-freiheit-aus-dem-geist-des-sozialismus\/\"},\"wordCount\":597,\"publisher\":{\"@id\":\"https:\/\/www.people-abroad.de\/buchbesprechungen\/ausland-reisen\/#\/schema\/person\/9a9eab346b83cd8fb098eb6d1643e09d\"},\"image\":{\"@id\":\"https:\/\/www.people-abroad.de\/buchbesprechungen\/ausland-reisen\/die-geburt-der-freiheit-aus-dem-geist-des-sozialismus\/#primaryimage\"},\"thumbnailUrl\":\"https:\/\/www.people-abroad.de\/buchbesprechungen\/ausland-reisen\/wp-content\/uploads\/2026\/04\/IMG_0520-1-225x300.jpeg\",\"articleSection\":[\"Europa\"],\"inLanguage\":\"de\"},{\"@type\":\"WebPage\",\"@id\":\"https:\/\/www.people-abroad.de\/buchbesprechungen\/ausland-reisen\/die-geburt-der-freiheit-aus-dem-geist-des-sozialismus\/\",\"url\":\"https:\/\/www.people-abroad.de\/buchbesprechungen\/ausland-reisen\/die-geburt-der-freiheit-aus-dem-geist-des-sozialismus\/\",\"name\":\"Die Geburt der Freiheit aus dem Geist des Sozialismus - People Abroad\",\"isPartOf\":{\"@id\":\"https:\/\/www.people-abroad.de\/buchbesprechungen\/ausland-reisen\/#website\"},\"primaryImageOfPage\":{\"@id\":\"https:\/\/www.people-abroad.de\/buchbesprechungen\/ausland-reisen\/die-geburt-der-freiheit-aus-dem-geist-des-sozialismus\/#primaryimage\"},\"image\":{\"@id\":\"https:\/\/www.people-abroad.de\/buchbesprechungen\/ausland-reisen\/die-geburt-der-freiheit-aus-dem-geist-des-sozialismus\/#primaryimage\"},\"thumbnailUrl\":\"https:\/\/www.people-abroad.de\/buchbesprechungen\/ausland-reisen\/wp-content\/uploads\/2026\/04\/IMG_0520-1-225x300.jpeg\",\"datePublished\":\"2026-04-13T19:34:55+00:00\",\"breadcrumb\":{\"@id\":\"https:\/\/www.people-abroad.de\/buchbesprechungen\/ausland-reisen\/die-geburt-der-freiheit-aus-dem-geist-des-sozialismus\/#breadcrumb\"},\"inLanguage\":\"de\",\"potentialAction\":[{\"@type\":\"ReadAction\",\"target\":[\"https:\/\/www.people-abroad.de\/buchbesprechungen\/ausland-reisen\/die-geburt-der-freiheit-aus-dem-geist-des-sozialismus\/\"]}]},{\"@type\":\"ImageObject\",\"inLanguage\":\"de\",\"@id\":\"https:\/\/www.people-abroad.de\/buchbesprechungen\/ausland-reisen\/die-geburt-der-freiheit-aus-dem-geist-des-sozialismus\/#primaryimage\",\"url\":\"https:\/\/www.people-abroad.de\/buchbesprechungen\/ausland-reisen\/wp-content\/uploads\/2026\/04\/IMG_0520-1-scaled.jpeg\",\"contentUrl\":\"https:\/\/www.people-abroad.de\/buchbesprechungen\/ausland-reisen\/wp-content\/uploads\/2026\/04\/IMG_0520-1-scaled.jpeg\",\"width\":1920,\"height\":2560,\"caption\":\"Die Geburt der Freiheit aus dem Geist des Sozialismus\"},{\"@type\":\"BreadcrumbList\",\"@id\":\"https:\/\/www.people-abroad.de\/buchbesprechungen\/ausland-reisen\/die-geburt-der-freiheit-aus-dem-geist-des-sozialismus\/#breadcrumb\",\"itemListElement\":[{\"@type\":\"ListItem\",\"position\":1,\"name\":\"Home\",\"item\":\"https:\/\/www.people-abroad.de\/buchbesprechungen\/ausland-reisen\/\"},{\"@type\":\"ListItem\",\"position\":2,\"name\":\"Die Geburt der Freiheit aus dem Geist des Sozialismus\"}]},{\"@type\":\"WebSite\",\"@id\":\"https:\/\/www.people-abroad.de\/buchbesprechungen\/ausland-reisen\/#website\",\"url\":\"https:\/\/www.people-abroad.de\/buchbesprechungen\/ausland-reisen\/\",\"name\":\"People Abroad\",\"description\":\"Reisen, Buchtipps &amp; Literatur\",\"publisher\":{\"@id\":\"https:\/\/www.people-abroad.de\/buchbesprechungen\/ausland-reisen\/#\/schema\/person\/9a9eab346b83cd8fb098eb6d1643e09d\"},\"potentialAction\":[{\"@type\":\"SearchAction\",\"target\":{\"@type\":\"EntryPoint\",\"urlTemplate\":\"https:\/\/www.people-abroad.de\/buchbesprechungen\/ausland-reisen\/?s={search_term_string}\"},\"query-input\":{\"@type\":\"PropertyValueSpecification\",\"valueRequired\":true,\"valueName\":\"search_term_string\"}}],\"inLanguage\":\"de\"},{\"@type\":[\"Person\",\"Organization\"],\"@id\":\"https:\/\/www.people-abroad.de\/buchbesprechungen\/ausland-reisen\/#\/schema\/person\/9a9eab346b83cd8fb098eb6d1643e09d\",\"name\":\"Heiko M\u00fcller\",\"logo\":{\"@id\":\"https:\/\/www.people-abroad.de\/buchbesprechungen\/ausland-reisen\/#\/schema\/person\/image\/\"},\"sameAs\":[\"https:\/\/www.people-abroad.de\/blog\/\"]},{\"@type\":\"Person\",\"@id\":\"https:\/\/www.people-abroad.de\/buchbesprechungen\/ausland-reisen\/#\/schema\/person\/c9393edf64c67a46c85c054f8ecf1287\",\"name\":\"Erwin Ritter\",\"url\":\"https:\/\/www.people-abroad.de\/buchbesprechungen\/ausland-reisen\/author\/admin\/\"}]}<\/script>\n<!-- \/ Yoast SEO plugin. -->","yoast_head_json":{"title":"Die Geburt der Freiheit aus dem Geist des Sozialismus - People Abroad","robots":{"index":"index","follow":"follow","max-snippet":"max-snippet:-1","max-image-preview":"max-image-preview:large","max-video-preview":"max-video-preview:-1"},"canonical":"https:\/\/www.people-abroad.de\/buchbesprechungen\/ausland-reisen\/die-geburt-der-freiheit-aus-dem-geist-des-sozialismus\/","og_locale":"de_DE","og_type":"article","og_title":"Die Geburt der Freiheit aus dem Geist des Sozialismus - People Abroad","og_description":"Buchbesprechung 13.04.26: Wir kleine Leute gehen, davon aus das die freie Marktwirtschaft den Sozialismus besiegte, denn die freie Marktwirtschaft ist effizienter als die Planwirtschaft. Die Planwirtschaft konnte nicht funktionieren, weil der Einzelne unter ging und der Staat die Wirtschaft regelte und behinderte. Die freie Marktwirtschaft dagegen gibt dem Einzelnen die Freiheit etwas aus sich zu [&hellip;]","og_url":"https:\/\/www.people-abroad.de\/buchbesprechungen\/ausland-reisen\/die-geburt-der-freiheit-aus-dem-geist-des-sozialismus\/","og_site_name":"People Abroad","article_published_time":"2026-04-13T19:34:55+00:00","og_image":[{"width":1920,"height":2560,"url":"https:\/\/www.people-abroad.de\/buchbesprechungen\/ausland-reisen\/wp-content\/uploads\/2026\/04\/IMG_0520-1-scaled.jpeg","type":"image\/jpeg"}],"author":"Erwin Ritter","twitter_card":"summary_large_image","twitter_creator":"@People_Abroad","twitter_site":"@People_Abroad","twitter_misc":{"Verfasst von":"Erwin Ritter","Gesch\u00e4tzte Lesezeit":"4\u00a0Minuten"},"schema":{"@context":"https:\/\/schema.org","@graph":[{"@type":"Article","@id":"https:\/\/www.people-abroad.de\/buchbesprechungen\/ausland-reisen\/die-geburt-der-freiheit-aus-dem-geist-des-sozialismus\/#article","isPartOf":{"@id":"https:\/\/www.people-abroad.de\/buchbesprechungen\/ausland-reisen\/die-geburt-der-freiheit-aus-dem-geist-des-sozialismus\/"},"author":{"name":"Erwin Ritter","@id":"https:\/\/www.people-abroad.de\/buchbesprechungen\/ausland-reisen\/#\/schema\/person\/c9393edf64c67a46c85c054f8ecf1287"},"headline":"Die Geburt der Freiheit aus dem Geist des Sozialismus","datePublished":"2026-04-13T19:34:55+00:00","mainEntityOfPage":{"@id":"https:\/\/www.people-abroad.de\/buchbesprechungen\/ausland-reisen\/die-geburt-der-freiheit-aus-dem-geist-des-sozialismus\/"},"wordCount":597,"publisher":{"@id":"https:\/\/www.people-abroad.de\/buchbesprechungen\/ausland-reisen\/#\/schema\/person\/9a9eab346b83cd8fb098eb6d1643e09d"},"image":{"@id":"https:\/\/www.people-abroad.de\/buchbesprechungen\/ausland-reisen\/die-geburt-der-freiheit-aus-dem-geist-des-sozialismus\/#primaryimage"},"thumbnailUrl":"https:\/\/www.people-abroad.de\/buchbesprechungen\/ausland-reisen\/wp-content\/uploads\/2026\/04\/IMG_0520-1-225x300.jpeg","articleSection":["Europa"],"inLanguage":"de"},{"@type":"WebPage","@id":"https:\/\/www.people-abroad.de\/buchbesprechungen\/ausland-reisen\/die-geburt-der-freiheit-aus-dem-geist-des-sozialismus\/","url":"https:\/\/www.people-abroad.de\/buchbesprechungen\/ausland-reisen\/die-geburt-der-freiheit-aus-dem-geist-des-sozialismus\/","name":"Die Geburt der Freiheit aus dem Geist des Sozialismus - People Abroad","isPartOf":{"@id":"https:\/\/www.people-abroad.de\/buchbesprechungen\/ausland-reisen\/#website"},"primaryImageOfPage":{"@id":"https:\/\/www.people-abroad.de\/buchbesprechungen\/ausland-reisen\/die-geburt-der-freiheit-aus-dem-geist-des-sozialismus\/#primaryimage"},"image":{"@id":"https:\/\/www.people-abroad.de\/buchbesprechungen\/ausland-reisen\/die-geburt-der-freiheit-aus-dem-geist-des-sozialismus\/#primaryimage"},"thumbnailUrl":"https:\/\/www.people-abroad.de\/buchbesprechungen\/ausland-reisen\/wp-content\/uploads\/2026\/04\/IMG_0520-1-225x300.jpeg","datePublished":"2026-04-13T19:34:55+00:00","breadcrumb":{"@id":"https:\/\/www.people-abroad.de\/buchbesprechungen\/ausland-reisen\/die-geburt-der-freiheit-aus-dem-geist-des-sozialismus\/#breadcrumb"},"inLanguage":"de","potentialAction":[{"@type":"ReadAction","target":["https:\/\/www.people-abroad.de\/buchbesprechungen\/ausland-reisen\/die-geburt-der-freiheit-aus-dem-geist-des-sozialismus\/"]}]},{"@type":"ImageObject","inLanguage":"de","@id":"https:\/\/www.people-abroad.de\/buchbesprechungen\/ausland-reisen\/die-geburt-der-freiheit-aus-dem-geist-des-sozialismus\/#primaryimage","url":"https:\/\/www.people-abroad.de\/buchbesprechungen\/ausland-reisen\/wp-content\/uploads\/2026\/04\/IMG_0520-1-scaled.jpeg","contentUrl":"https:\/\/www.people-abroad.de\/buchbesprechungen\/ausland-reisen\/wp-content\/uploads\/2026\/04\/IMG_0520-1-scaled.jpeg","width":1920,"height":2560,"caption":"Die Geburt der Freiheit aus dem Geist des Sozialismus"},{"@type":"BreadcrumbList","@id":"https:\/\/www.people-abroad.de\/buchbesprechungen\/ausland-reisen\/die-geburt-der-freiheit-aus-dem-geist-des-sozialismus\/#breadcrumb","itemListElement":[{"@type":"ListItem","position":1,"name":"Home","item":"https:\/\/www.people-abroad.de\/buchbesprechungen\/ausland-reisen\/"},{"@type":"ListItem","position":2,"name":"Die Geburt der Freiheit aus dem Geist des Sozialismus"}]},{"@type":"WebSite","@id":"https:\/\/www.people-abroad.de\/buchbesprechungen\/ausland-reisen\/#website","url":"https:\/\/www.people-abroad.de\/buchbesprechungen\/ausland-reisen\/","name":"People Abroad","description":"Reisen, Buchtipps &amp; Literatur","publisher":{"@id":"https:\/\/www.people-abroad.de\/buchbesprechungen\/ausland-reisen\/#\/schema\/person\/9a9eab346b83cd8fb098eb6d1643e09d"},"potentialAction":[{"@type":"SearchAction","target":{"@type":"EntryPoint","urlTemplate":"https:\/\/www.people-abroad.de\/buchbesprechungen\/ausland-reisen\/?s={search_term_string}"},"query-input":{"@type":"PropertyValueSpecification","valueRequired":true,"valueName":"search_term_string"}}],"inLanguage":"de"},{"@type":["Person","Organization"],"@id":"https:\/\/www.people-abroad.de\/buchbesprechungen\/ausland-reisen\/#\/schema\/person\/9a9eab346b83cd8fb098eb6d1643e09d","name":"Heiko M\u00fcller","logo":{"@id":"https:\/\/www.people-abroad.de\/buchbesprechungen\/ausland-reisen\/#\/schema\/person\/image\/"},"sameAs":["https:\/\/www.people-abroad.de\/blog\/"]},{"@type":"Person","@id":"https:\/\/www.people-abroad.de\/buchbesprechungen\/ausland-reisen\/#\/schema\/person\/c9393edf64c67a46c85c054f8ecf1287","name":"Erwin Ritter","url":"https:\/\/www.people-abroad.de\/buchbesprechungen\/ausland-reisen\/author\/admin\/"}]}},"_links":{"self":[{"href":"https:\/\/www.people-abroad.de\/buchbesprechungen\/ausland-reisen\/wp-json\/wp\/v2\/posts\/7417","targetHints":{"allow":["GET"]}}],"collection":[{"href":"https:\/\/www.people-abroad.de\/buchbesprechungen\/ausland-reisen\/wp-json\/wp\/v2\/posts"}],"about":[{"href":"https:\/\/www.people-abroad.de\/buchbesprechungen\/ausland-reisen\/wp-json\/wp\/v2\/types\/post"}],"author":[{"embeddable":true,"href":"https:\/\/www.people-abroad.de\/buchbesprechungen\/ausland-reisen\/wp-json\/wp\/v2\/users\/1"}],"replies":[{"embeddable":true,"href":"https:\/\/www.people-abroad.de\/buchbesprechungen\/ausland-reisen\/wp-json\/wp\/v2\/comments?post=7417"}],"version-history":[{"count":2,"href":"https:\/\/www.people-abroad.de\/buchbesprechungen\/ausland-reisen\/wp-json\/wp\/v2\/posts\/7417\/revisions"}],"predecessor-version":[{"id":7420,"href":"https:\/\/www.people-abroad.de\/buchbesprechungen\/ausland-reisen\/wp-json\/wp\/v2\/posts\/7417\/revisions\/7420"}],"wp:attachment":[{"href":"https:\/\/www.people-abroad.de\/buchbesprechungen\/ausland-reisen\/wp-json\/wp\/v2\/media?parent=7417"}],"wp:term":[{"taxonomy":"category","embeddable":true,"href":"https:\/\/www.people-abroad.de\/buchbesprechungen\/ausland-reisen\/wp-json\/wp\/v2\/categories?post=7417"},{"taxonomy":"post_tag","embeddable":true,"href":"https:\/\/www.people-abroad.de\/buchbesprechungen\/ausland-reisen\/wp-json\/wp\/v2\/tags?post=7417"}],"curies":[{"name":"wp","href":"https:\/\/api.w.org\/{rel}","templated":true}]}}