{"id":7391,"date":"2025-12-09T22:19:12","date_gmt":"2025-12-09T21:19:12","guid":{"rendered":"https:\/\/www.people-abroad.de\/buchbesprechungen\/ausland-reisen\/?p=7391"},"modified":"2025-12-09T22:19:12","modified_gmt":"2025-12-09T21:19:12","slug":"rassismus-in-den-usa","status":"publish","type":"post","link":"https:\/\/www.people-abroad.de\/buchbesprechungen\/ausland-reisen\/rassismus-in-den-usa\/","title":{"rendered":"Rassismus in den USA"},"content":{"rendered":"<div id=\"dslc-theme-content\"><div id=\"dslc-theme-content-inner\"><p>&nbsp;<\/p>\n<p><img decoding=\"async\" src=\"https:\/\/www.people-abroad.de\/buchbesprechungen\/ausland-reisen\/wp-content\/uploads\/2019\/08\/asdffqwsfasdfasd-e1566737376696.jpg\" \/><\/p>\n<h3><\/h3>\n<h3>Gebrandmarkt. Die wahre Geschichte des Rassismus in Amerika<\/h3>\n<p><img decoding=\"async\" src=\"http:\/\/people-abroad.de\/buchbesprechungen\/ausland-reisen\/wp-content\/uploads\/2017\/12\/Gebrandtmarkt-C.H.Beck-Verlag-195x300.jpg\" \/><\/p>\n<p>Titel: Gebrandmarkt. Die wahre Geschichte des Rassismus in Amerika<br \/>\nVerlag: C.H. Beck Verlag<br \/>\nAutor: Ibram X. Kendi<br \/>\n604 Seiten<\/p>\n<p>&nbsp;<\/p>\n<p><b>Buchbesprechung:<\/b><br \/>\nDas Buch gewann den National Book Award in den USA und war auch in Deutschland nominiert f\u00fcr das beste Sachbuch des Jahres.<br \/>\nDas immense Buch von 550 Seiten durchleuchtet <strong>die Geschichte des Rassismus in den USA<\/strong>.<\/p>\n<p>Pro Kapitel geht es um eine bedeutende Person einer Epoche. Angefangen mit den ersten Siedlern Cotton Mather, dann Thomas Jefferson, William Lloyd Garrison, W.E. Du Bois und Angela Davis und dazu viel Information \u00fcber alles, was eine Rolle spielte f\u00fcr die gesellschaftliche Positionierung der Schwarzen in dieser Epoche, wie Regierungsentscheidungen, Ereignisse, Gerichtsbeschl\u00fcsse, neue Gesetzte, Buchver\u00f6ffentlichungen. Also alles, was die soziale Stellung der Schwarzen beeinflusste.<\/p>\n<p>Die Rechte der Schwarzen wurden jahrhundertelang unterdr\u00fcckt durch Thesen und Rechtfertigungen von Kirche, Staat, Presse und Handel.<\/p>\n<p>Angefangen mit den Ansichten Aristoteles, \u00fcber die ersten Schiffe vollgestopft mit Sklaven f\u00fcr die portugisieschen Kolonien, das erste Sklavenschiff f\u00fcr die Staaten 1619, der B\u00fcrgerkrieg, Jim Crow laws, die Civil Rights Bewegung in den 1960zigern bis hin in die Obama Regierungszeit.<br \/>\nDass die wei\u00dfen Sklavenhalter das Image der Schwarzen stets niedrig halten wollten, stets die Schwarzen als faul, minderbemittelt und triebgesteuert bezeichneten, war mir schon klar vor diesem Buch.<\/p>\n<p>Dass dieses Image seit Generationen weiter lebt bei den Wei\u00dfen, ist auch klar, denn jede Ver\u00e4nderung ist ein Aufwand und die meisten aus der dar\u00fcberstehenden sozialen Schicht haben keinen Drang den sozialen Abstand zur unteren Schicht zu verringern. Man will den Abstand nach unten bewahren, um nicht Gefahr zu laufen, dass die Unteren aufsteigen und man selbst nach unten rutscht.<\/p>\n<p>Um eine Gruppe zu unterdr\u00fccken oder auszun\u00fctzen, muss man nur eine Erkl\u00e4rung (er)finden und unter den eigenen Leuten verbreiten. Dazu noch Vorteile zugunsten der unbetroffenen Mehrheit. So funktionierte es schon immer in der Geschichte der Menschheit. Die Situation kann sich nur \u00e4ndern, wenn die Gesellschaft sich im Denken ver\u00e4ndert und wenn aus den Unterdr\u00fcckten eine organisierte Bewegung entsteht. Und wenn die Vernunft an Gewicht gewinnt. Und wenn einflussreiche Denker zu einem Umdenken animieren. Und wenn die Wirtschaft (und damit die Reichen) die Unterdr\u00fcckten nicht mehr schamlos ausn\u00fctzen k\u00f6nnen, wollen, brauchen.<br \/>\nVer\u00e4nderungen f\u00fcr und gegen die Unterdr\u00fcckten entspringen aus drei Gruppen.<\/p>\n<p>Die eine Gruppe sind die Segregationisten, die eine klare Rassentrennung fordern. Die zweite Gruppe sind die Antirassisten, gegen Diskriminierung und schlie\u00dflich noch die Gruppe der Assimilationisten, die versuchen es den anderen extremeren Seiten so Recht wie m\u00f6glich zu machen.<br \/>\nUnd damit ist auch schon gesagt, um was es in dem W\u00e4lzer geht. Die drei Gruppen und ihre Einfl\u00fcsse f\u00fcr und gegen den Rassismus in der jeweiligen Epoche. So ist jedes Kapitel eine Sammlung, wie die jeweilige Gruppe versucht Einfluss zu nehmen auf die Politik, Wissenschaft, Religion, Presse, Gruppierungen und Meinungen.<\/p>\n<p>Als Leser lerne ich, wie \u00fcber Jahrhunderte \"intellektuell brillante und m\u00e4chtige M\u00e4nner und Frauen rassistische Ideen\" verbreiten, um die Schwarzen unten zu halten.<\/p>\n<p>Das Buch stellt das Komplexe im Rassismus dar: Wei\u00dfe gegen Schwarze, Schwarze gegen Schwarze, Schwarze gegen Wei\u00dfe, Wei\u00dfe gegen Wei\u00dfe und es zeigt uns, dass der Rassismus immer noch funktioniert und jeder Verbesserungsversuch von R\u00fcckschl\u00e4gen und Fortschritten gekennzeichnet ist, wie schon seit Jahrhunderten.<\/p>\n<p>Neu war mir, wie selbst die Schwarzen durch ihren Widerstand den Rassismus f\u00f6rdern bzw. das Image \u00fcber die Schwarzen in schlechten Ruf bringen, da sie selbst ein merkw\u00fcrdiges Bild voller Angriffsfl\u00e4chen (Macho, Gewalt, etc.) kreieren.<\/p>\n<p>Diese Analyse der Geschichte des Rassismus in den USA ist schon beeindruckend, weil man merkt, dass der Autor vor fachlichem Wissen strotzt und mir scheint, dass er jahrelang f\u00fcr das Buch recherchierte und forschte.<\/p>\n<p>Schlecht finde ich seine einschl\u00e4fernde Schreibweise, bin selten beim Lesen so oft eingeschlafen. Auch schlecht finde ich das enorme Textvolumen von 547 Seiten. Das Ganze h\u00e4tte man in weniger als die H\u00e4lfte schreiben k\u00f6nnen, denn es geht im Gro\u00dfen und Ganzen nur um die Einfl\u00fcsse der drei oben genannten Gruppen. Ihr Denken und ihren Einfluss auf die Politik und Gesellschaft.<br \/>\nAuch schlecht ist, dass der Autor erwartet, dass man die Geschichte der USA kennt. Wissen Sie, was im Civil Rights Act stand ? Oder kennen Sie den Ablauf des B\u00fcrgerkriegs ?<br \/>\nWas mir auch im Buch fehlt sind die Beschreibungen der Leute in den Epochen: ihre Stimmungen, ihre Lebensweise. Zum Beispiel fehlen die Erkl\u00e4rungen, warum immer mehr Wei\u00dfe f\u00fcr Schwarze Sympathie empfanden. Warum waren die Leute im Norden eher gegen Rassismus ?<\/p>\n<p><strong>Fazit USA Buch<\/strong><strong>:<\/strong><br \/>\nDas immense Buch ist gutes Futter f\u00fcr Diskussionen, beinhaltet aber wenig Erkl\u00e4rendes \u00fcber die Gesellschaft der USA.<br \/>\nIch kann mir vorstellen, dass dieses Buch voller detaillierter Information f\u00fcr Leser beeindruckend ist, die sich schon l\u00e4nger mit der Geschichte der USA oder dem Rassismus befassen, denn es setzt Kenntnisse \u00fcber die Geschichte und wichtigen Personen voraus. Aber f\u00fcr jemanden der erst anf\u00e4ngt sich damit zu befassen und daher wenig mit den Personen und Details anfangen kann, also f\u00fcr mich, sind es zu viele neue Namen und kleine Geschichten.<br \/>\nPositiv ist, es zeigt die geschichtliche Entwicklung des Rassismus in den USA. Allerdings h\u00e4tte dazu weniger Lesestoff weitaus gereicht.<\/p>\n<p><em>Notizen:<\/em><br \/>\nBeispiel Aufbau eines Kapitels:<br \/>\nzum Beispiel das letzte Kapitel mit dem Titel: Angela Davis, f\u00e4ngt 1963 an und erstreckt bis ins Jahr 2002 in \u00fcber 120 Seiten.<br \/>\nEs geht um den Werdegang von Angela Davis, als eine Streiterin f\u00fcr die Schwarzen, ihre Mitgliedschaft bei den Black Panthers, \u00fcber ihre Haft. \u00dcber den Pr\u00e4sidenten Carter, den Kinoerfolg Rocky, die Kandidatur Ronald Reagans, \u00fcber Gerichtsurteile, den neuen Pr\u00e4sidenten Reagan, die neue Crack-Droge, Reagans Politik gegen Sozialhilfe und gegen Drogen, der Niedergang der schwarzen Mittelschicht, harte Gesetze gegen Drogen, aber eigentlich nur gegen Crack, die billigere Droge der Schwarzen, w\u00e4hrend Kokain, die Droge der Wohlhabenden (also Wei\u00dfe) weniger verfolgt wird und so weiter.<\/p>\n<hr \/>\n<h3>The New Jim Crow<\/h3>\n<h3><img decoding=\"async\" src=\"https:\/\/www.people-abroad.de\/buchbesprechungen\/ausland-reisen\/wp-content\/uploads\/2019\/04\/the-new-jim-crow-2-200x300.jpg\" \/><\/h3>\n<p><strong>Titel:<\/strong> The New Jim Crow - Masseninhaftierung und Rassismus in den USA <strong>Verlag:<\/strong> Kunstmann Antje GmbH <strong>Seiten:<\/strong> 391 <strong>Erscheinung:<\/strong> Oktober 2016 <strong>ISBN:<\/strong> 978-3956141287<\/p>\n<p>Verlag: bpb - Bundeszentrale f\u00fcr politische Bildung<br \/>\nAutor: Michelle Alexander<br \/>\nSeiten: 391<br \/>\nBestellnummer: 10063<\/p>\n<p>Selbst wenn der Rassismus offiziell nicht mehr besteht, w\u00fctet er doch weiter in verdeckter Form. N\u00e4mlich, dass das Rechtssystem und Politik, die Schwarzen nicht unterst\u00fctzt, sondern weiter unterdr\u00fcckt und vom Wohlstand konsequent fern h\u00e4lt.<\/p>\n<p>Wie geht das ?<\/p>\n<p>Die Schwarzen werden in Gef\u00e4ngnisse getrieben, um sie als kriminell gebrandmarkt wieder raus zu lassen. Um sie weg vom geregelten Leben zu halten und sie schnell wieder einsperren zu k\u00f6nnen.<br \/>\nDas alles begann landesweit mit den Drogenkampagne in den 1980zigern. Durch die Drogenkampagne erh\u00e4lt die Polizei Geld und Waffen, wenn sie Festnahmen zu Drogendelikten verzeichnen.<\/p>\n<p>Richter, Geschworene und Staatsanw\u00e4lte sind fast ausschlie\u00dflich Wei\u00dfe. Au\u00dferdem gibt die Verfassung den Staatsanw\u00e4lten und Richtern die Macht nach eigener Meinung zu entscheiden.<br \/>\nEine neue rechtliche Willk\u00fcr kommt auf, denn von dem Beschuldigten kann alles beschlagnahmt werden: Auto, Haus, Bargeld. Als Mieter kann er fristlos gek\u00fcndigt werden und vieles mehr.<\/p>\n<p>Somit kann die Justiz nach eigenem Ermessen entscheiden, wen und wie sie verfolgen, kontrollieren, bestrafen.<br \/>\nEine von Rassenvorurteilen gepr\u00e4gte Justizwillk\u00fcr. Razzien gegen Wei\u00dfe w\u00fcrden Politiker aufschrecken. Daraus folgt, das fast nur Schwarze vor Gericht kommen und sehr viel h\u00e4rter verurteilt werden als Wei\u00dfe.<br \/>\nDie Schikanen geht so weit, dass man auch keine Chance mehr nach dem Knast hat. Als Vorbestrafter findet man keine Mietwohnung, auf Sozialwohnungen hat man kein Anrecht. In manchen Staaten muss man die vorgeschriebenen Resozialisierungsprogramme selbst bezahlen. Woher soll ein Str\u00e4fling soviel Geld haben ?<\/p>\n<p>Das Buch schildert einen fatalen Rassismus verdeckt unter Drogenpolitik. Ich kann dem Buch nicht glauben, dass diese willk\u00fcrliche, allt\u00e4gliche Ungerechtigkeit so wirklich schon seit Jahrzehnten funktioniert.<\/p>\n<p><b>interessante Textstellen aus dem Buch<\/b><br \/>\n<em>Anfang der 1980er Jahre, als der Krieg gegen Drogen seinen Anfang nahm, standen viele amerikanische Innenst\u00e4dte vor dem \u00f6konomischen Kollaps. Die einfachen Arbeitspl\u00e4tze in der Industrie, die es in den St\u00e4dten w\u00e4hrend der 1950er und 1960er Jahre noch in H\u00fclle und F\u00fclle gegeben hatte, waren verschwunden. Vor 1970 konnten auch gering qualifizierte, in der Stadt lebenden Arbeiter unweit ihres Wohnorts eine Stelle in der Industrie finden. Mit der Globalisierung war dies zu Ende. Die Konzerne verlagerten die Produktion in L\u00e4nder, in denen es keine Gewerkschaften gab und wo die Arbeiter nur einen Bruchteil dessen verdienten, was in den USA als anst\u00e4ndiger Lohn galt.\"<br \/>\nS.82<\/em><\/p>\n<p><em><br \/>\nHeute befinden sich mehr Afroamerikaner in den M\u00fchlen der Justiz - im Gef\u00e4ngnis oder unter Bew\u00e4hrungs- und Meldeauflagen auf freiem Fu\u00df als es im Jahr 1850, ein Jahrzehnt vor dem B\u00fcrgerkrieg, Sklaven gab.<br \/>\nS.247<br \/>\n<\/em><\/p>\n<p><em><br \/>\nDie Gleichg\u00fcltigkeit, die Weigerung, Menschen \u00fcber alle Grenzen der Hautfarbe hinweg Mitgef\u00fchl entgegen zu bringen, bildet den Kern des heutigen Kontrollsystems und jedes anderen rassistischen Kastensystems in den Vereinigten Staaten oder anderswo auf der Welt.<br \/>\nS.316<\/em><\/p>\n<hr \/>\n<h3>Zwischen mir und der Welt<\/h3>\n<p><img decoding=\"async\" src=\"https:\/\/www.people-abroad.de\/buchbesprechungen\/ausland-reisen\/wp-content\/uploads\/2018\/11\/zwischen-mir-und-der-welt-198x300.jpg\" \/><\/p>\n<p>Titel: Zwischen mir und der Welt<br \/>\nVerlag: Fischer Verlag<br \/>\nAutor: Ta-Nehisi Coates<br \/>\n234 Seiten<br \/>\nISBN-13: 9783596298327<\/p>\n<p><b>Buchbesprechung:<\/b><br \/>\nDas Buch ist eine Reise.<\/p>\n<p>Eine Reise des Autors, die los geht mit seiner Kindheit im schwarzen Getto von Baltimore, \u00fcber die Schule zur Uni bis hin in seiner Rolle als erwachsener, schwarzer Mann und Vater in den USA.<\/p>\n<p>Die Reise f\u00fchrt ihn durch seine Jugend im schwarzen Getto von Baltimore, wo es ums \u00dcberleben geht gegen Kriminalit\u00e4t, Gewalt und daher Schule keinen Sinn macht. Dank seinen Eltern und Oma ist er von B\u00fcchern fasziniert und geht studieren auf die Howard University, wo fast nur Schwarze studieren. Dort reist er weiter durch viele schwarze Denker - von Malcom X ist er beeindruckt - und Ansichten \u00fcber die Position der Schwarzen in der Gesellschaft. Wie diese entstanden ist und wie man damit leben kann. Er lernt seine Frau kennen und sein Sohn tritt in seine Leben.<\/p>\n<p>Das Buch ist ein Brief an seinen Sohn, in dem er Wege und Irrwege, Hindernisse, Ersch\u00fctterungen - sein Freund wurde von der Polizei erschossen - auf seiner Reise zu sich selbst und zu seiner Rolle als Schwarzer literarisch beschreibt. Manchmal kommen in den S\u00e4tzen etwas zu viele symbolische W\u00f6rter vor, aber das Lesen lohnt sich auf jeden Fall, denn durch diese Mischung aus seinem Nachdenken \u00fcber die Rolle und sein Erlebtes als Schwarzer lernt man die Theorie und die Praxis kennen.<\/p>\n<hr \/>\n<h3>Von Selma bis Ferguson - Rasse und Rassismus in den USA<\/h3>\n<p><img decoding=\"async\" src=\"https:\/\/www.people-abroad.de\/buchbesprechungen\/ausland-reisen\/wp-content\/uploads\/2019\/08\/Buch-von-Selma-bis-Ferguson.jpg\" \/><\/p>\n<p>Titel: Von Selma bis Ferguson - Rasse und Rassismus in den USA Verlag: Transcript ISBN-13: 9783837635034<\/p>\n<p><b>Buchbesprechung<\/b><\/p>\n<p>Im B\u00fcrgerkrieg wurde den Schwarzen von den Nordstaaten die Freiheit versprochen beim Sieg \u00fcber den S\u00fcden, doch diese Versprechen wurden vom Winde verweht, weil der S\u00fcden alles tat, um die Schwarzen abseits der Gesellschaft zu halten und weil die Sieger - die Nordstaaten, die Republikaner - damit besch\u00e4ftigt waren f\u00fcr die n\u00e4chste Wahl genug Stimmen zu bekommen. Stimmen auch von den Wei\u00dfen in den S\u00fcdstaaten. Damit r\u00fcckten die Schwarzen wieder in den Hintergrund und selbst die Ma\u00dfnahmen vom Staat - die Reconstruction - den Schwarzen zu mehr Rechten zu verhelfen scheiterten und wurden bald \u00fcberholt von den Resegregation, dem starken Drang vieler Bundesstaaten, nat\u00fcrlich im S\u00fcden, durch neue Gesetze und Gerichtsverfahren die Rechte der Schwarzen zu minimieren. So wurden die Rechte der Schwarzen vermindert, die Rassentrennung voran getrieben. Ku-Klux-Clan und Lynchmorde florieren.<\/p>\n<p>Erst als jeder Mann gebraucht wird im Zweiten Weltkrieg bl\u00fcht die Gleichstellung auf. Erst als man gegen den Faschismus f\u00fcr Demokratie und Menschenrechte k\u00e4mpfte, erst dann ist der Rassismus paradox geworden. Der Widerstand der B\u00fcrgerrechtsbewegung erlebt ihre Hochzeit: der Marsch nach Washington, Gesetze gegen Rassismus, neue Schulaufteilung<\/p>\n<p>Die beste Zeit der Black Power Bewegung endet mit dem Regierungsantritts Reagans in den 1980zigern, mit seiner Ma\u00dfnahme \"War on Drugs\", denn die Polizeistreifen sind fast nur in schwarzen Ghettos unterwegs und drakonische Strafen f\u00fcr Schwarze sind allt\u00e4glich. Aber selbst schon Nixon in den Sechzigern verwendete die wei\u00dfe Angst vor der Gleichstellungspolitik, um gegen diese vorzugehen, um die Wei\u00dfen des S\u00fcdens auf seine Seite zu bringen, mit Erfolg.<br \/>\nDie wei\u00dfe Unterschicht im \u00e4rmeren S\u00fcden hat Angst, dass ihre gehobene Stellung geschw\u00e4cht wird und stattdessen die Schwarzen aufsteigen. Das erkl\u00e4rt auch, warum die Gewerkschaften im S\u00fcden keine Chance hatten, denn gleiche Rechte f\u00fcr alle, mehr Gehalt f\u00fcr Schwarze und Mitbestimmung von Schwarzen ist den Wei\u00dfen ein Graus. Diese Angst nutzen die Politiker und Reichen zu ihren Gunsten aus. Die Reichen k\u00f6nnen die Geh\u00e4lter niedrig halten und den Umweltschutz massiv ignorieren. Die Politiker haben ein einfaches Feindbild mit dem sie die Wei\u00dfen auf ihre Seite bringen.<\/p>\n<p>Mich hat schon immer gewundert, warum das Bildungs- und Gesundheitssystem nur ab der Mittelschicht zug\u00e4nglich ist, aber vielleicht spielt auch hier der Rassismus eine Rolle, den Schwarzen den Aufstieg so weit wie m\u00f6glich zu erschweren.<br \/>\nIn der ganzen USA herrscht eine wei\u00dfe Etabliertenvorstellung, in dem Schwarze \"unvollkommen und .. grenzenlos unw\u00fcrdig dem American Way of Life entgegengesetzt und daher aus dem Gesellschaftsk\u00f6rper herauszuschneiden sind\", so denken die meisten Wei\u00dfen, analysierte der Soziologe Wacquant (Seite 263).<\/p>\n<p>Durch die 14 Kapitel erf\u00e4hrt man viel Hintergr\u00fcndiges \u00fcber den Rassismus in den USA vom B\u00fcrgerkrieg bis heute.<br \/>\nEinmal wie der Staat den Rassismus verdeckt umsetzt, zum Beispiel: mit Stadtplanung, War on Drugs, Polizeigewalt, Gesetze.<br \/>\nDazu noch wie das Image der Schwarzen entstand, wie die kollektive Fantasie beeinflusst wurde und wird, um die Geringsch\u00e4tzung, Angst und Abneigung der Wei\u00dfen gegen die Schwarzen aufrecht zu erhalten.<br \/>\nAu\u00dferdem erf\u00e4hrt man auch an vielen Berichten wie der Rassismus und Widerstand sich ereignete. Manche Kapitel, die sich mit der nahen Vergangenheit besch\u00e4ftigen sind etwas detailverliebt langweilig. Kapitel wie die Zukunft Obamas, Filme mit Lieben zwischen Schwarz und Wei\u00df, Pers\u00f6nlichkeit im schwarzen Widerstand: Ella Bakers<\/p>\n<p>Fazit: ein aufschlussreiches Buch. Man sollte aber schon vorher etwas Ahnung haben \u00fcber den Rassismus gegen die Schwarzen.<\/p>\n<hr \/>\n<h3>Angry White Men - Die USA und ihre zornigen M\u00e4nner<\/h3>\n<p><img loading=\"lazy\" decoding=\"async\" class=\"\" src=\"https:\/\/www.people-abroad.de\/buchbesprechungen\/ausland-reisen\/wp-content\/uploads\/2019\/02\/230883-pub-portlet140x191.gif\" width=\"179\" height=\"259\" \/><\/p>\n<p><strong>Titel: <\/strong>Angry White Men <strong>Verlag: <\/strong>bpb - Bundeszentrale f\u00fcr politische Bildung <strong>Autor: <\/strong>Michael Kimmel <strong>Seiten:<\/strong> 351 <strong>Bestellnummer:<\/strong> 1730<\/p>\n<p><b>Buchbesprechung:<\/b><br \/>\nIn dem Buch analysiert der Autor, warum die wei\u00dfen M\u00e4nner in den USA immer mehr Partei ergreifen f\u00fcr radikale Str\u00f6mungen und konservative Politik.<\/p>\n<p>Die ersten zwei Kapiteln berichten, worauf dieser Zorn der Wei\u00dfen M\u00e4nner basiert. Diese Kapitel sind interessant, denn man versteht auf welchen Grundlagen und auf welche Weise diese Str\u00f6mungen ins Volk gemischt werden. Anderseits durchleuchtet die Analyse nicht tief genug. Viele Fragen bleiben mir offen (zum Beispiel: welche sozialen Schichten, Regionen und Religionen).<\/p>\n<p>Im Rest des Buches geht es darum, wie sich diese Wut in den USA bemerkbar macht: Amokl\u00e4ufer, die fast nur Wei\u00dfe sind, die wei\u00dfen rechten Parteien, Frauen als Zielscheiben, die M\u00e4nnerrechtsbewegung.<\/p>\n<p>Der Wei\u00dfe Mann hat die USA besiedelt, die Freiheit erk\u00e4mpft und sein Land zur Weltmacht empor gef\u00fchrt und nun kommen Andere und unterwandern die hart erk\u00e4mpfte Stellung, um den verdienten Wohlstand den Wei\u00dfen zu stehlen. Diese feindliche Gruppe ist f\u00fcr Frauenrechte, f\u00fcr Sozialprogramme und f\u00fcr die Rechte anderer Rassen. Also hat diese Gruppe den Staat schon unterwandert und benutzt jetzt den Staat, um den Wei\u00dfen Schritt f\u00fcr Schritt den verdienten Wohlstand zu entrei\u00dfen.<\/p>\n<p>Und da sind wir wieder beim alten Problem in den USA: eine Verschw\u00f6rungstheorie, die von Internet, Fernsehen, Radio aufgebauscht wird. Dieser hitzige Drang kommt daher, dass man die eigenen Probleme auf feindseligen Machenschaften anderer zur\u00fcckf\u00fchrt, um die eigene Reinheit und Tugend zu bewahren und zugleich die Ursache des Problems zu identifizieren (Seite 276 - der Historiker Richard Hofstadter nennt es paranoider Stil).<\/p>\n<p>Das Buch bringt nicht viel Neues. Man erf\u00e4hrt zwar von den Einstellungen der Wei\u00dfen, aber ich kann mir nicht vorstellen oder besser gesagt, das Buch \u00fcberzeugt mich nicht, dass eine Mehrheit der Wei\u00dfen so denkt. Es fehlen einfach einleuchtende Beispiele oder Erfahrungsberichte.<br \/>\nAngry white men ist kein Buch, dass man unbedingt lesen muss.<\/p>\n<hr \/>\n<h3>Die Seelen der Schwarzen<\/h3>\n<p><img loading=\"lazy\" decoding=\"async\" class=\"\" src=\"https:\/\/www.people-abroad.de\/buchbesprechungen\/ausland-reisen\/wp-content\/uploads\/2019\/12\/Buch-die-Seelen-der-Schwarzen-300x200.jpg\" width=\"663\" height=\"442\" \/><\/p>\n<p>Titel: Die Seelen der Schwarzen - The Souls of Black Folk<br \/>\nVerlag: orange-press<br \/>\nISBN-13: 978-3936086072<br \/>\nErscheinung: September 2003<\/p>\n<p>&nbsp;<\/p>\n<p><b>Buchbesprechung<\/b><\/p>\n<p>Das Buch \"Die Seelen der Schwarzen\" geschrieben von W.E.B. du Bois, der als erster Schwarzer in Harvard promovierte und sich ein Leben lang f\u00fcr die Rechte der Schwarzen einsetzte, analysierte mit diesem Buch die Situation der Schwarzen. Dazu berichtet er von seinen Reisen entlang des Schwarzen G\u00fcrtels (Black Belt- bei Flint, Albany, Dougherty County, Augusta ) , wo er Menschen befragt und von Schicksalen erz\u00e4hlt und dann die Situation der Betroffenen analysiert.<\/p>\n<p>Nach dem B\u00fcrgerkrieg waren die Schwarzen frei. Eigentlich.<\/p>\n<p>Aber die wei\u00dfen Landbesitzer nehmen die Schwarzen weiter aus. So schuften sie, stehen in Schulden gegen\u00fcber dem wei\u00dfen Landbesitzer. Wenn die Ernte gut ist k\u00f6nnen sie davon leben und die Pacht bezahlen, wenn die Ernte schlecht ist rutschen sie ins Minus. So rackert er sich ab und lebt in einer sch\u00e4bigen H\u00fctte und endet doch in Schulden.<\/p>\n<p>Selbst die letzte M\u00f6glichkeit bleibt verwehrt: Sie k\u00f6nnen sich nicht einmal aus dem Staub machen, denn keine einzige M\u00fcnze ist \u00fcbrig und \u00fcberall werden harte Gesetze und Strafen gegen Schwarze angewandt. So kann er wegen jeder Kleinigkeit von der Polizei verhaftet werden und muss dann als Strafe auf einer Farm arbeiten. In Ketten und mit noch weniger Rechten.<\/p>\n<p>&nbsp;<\/p>\n[Staat &amp; Rassismus USA]\n<p>Zwar versuchte der Staat die Schwarzen zu f\u00f6rdern im Reconstruction-Programm, aber nur zaghaft und bald endete diese staatliche Bewegung. Weil die Wei\u00dfen diese Bewegung boykottieren und dagegen arbeiteten. Weil Politiker den wei\u00dfen W\u00e4hlern im S\u00fcden gefallen m\u00fcssen. Der Staat hat wenig f\u00fcr die Schwarzen getan, kein Land verteilt, keine gro\u00dfe Unterst\u00fctzung im Bildungsaufbau und keinen gro\u00dfen Polizei- oder Beamtenbeistand gegen schlechte Behandlung der Schwarzen.&lt;\/p<\/p>\n[Kirchen und Rassismus USA]\n<p>Selbst die Religion, die schwarze Kirche unterst\u00fctzte nicht, sondern vertr\u00f6stet auf das Leben nach dem Tod (erst sp\u00e4ter unter Martin Luther King Jr.)<\/p>\n<p>&nbsp;<\/p>\n[die Wei\u00dfen]\n<p>Und nicht zu vergessen, das Hauptproblem, das gro\u00dfe Hindernis: Jede Bem\u00fchung der Schwarzen im S\u00fcden wurde von den Wei\u00dfen sabotiert. Die Wei\u00dfen im S\u00fcden waren nur gutm\u00fctig, wenn der Schwarze brav seine Rolle weiter spielt.<\/p>\n<p>Der Wei\u00dfe dachte und lebte \u00fcber Jahrhunderte mit dem negativen Image \u00fcber die Schwarzen. Dass die Schwarzen in der Entwicklung noch nicht so weit sind, dass selbst Gott die Wei\u00dfen dazu bestimmt hat auf die Schwarzen aufzupassen, da sie eben noch kein ganzer Mensch sind.<\/p>\n<p><em><b>S.112<\/b><\/em><\/p>\n<p>\"... ist der Gedanke des alten S\u00fcdens, der fest und leidenschaftlich glaubt, dass Gott irgendwo zwischen Menschen und Vieh ein Tertium quid geschaffen hat: den Schwarzen eine alberne, bisweilen auch liebenswerte Gestalt vom schlichten Gem\u00fct, die dazu bestimmt ist innerhalb bestimmter Grenzen und hinter einem Schleier zu leben. \"<\/p>\n<p>&lt;p(aus einem anderen Buch: \u2026 sie sind von Trieben geleitet und haben daher wenig Moral und k\u00f6nnen pl\u00f6tzlich gewaltt\u00e4tig werden, sind ungepflegt und haben wenig Ehrgeiz.) &lt;\/p Wehe die Schwarzen wollten eine Schule gr\u00fcnden, die Bildung f\u00f6rdern oder das schwarze Selbstbewusstsein f\u00f6rdern. Wehe Schwarze versuchten neue Ideen in den S\u00fcden zu bringen. Wobei man den Schwarzen auch vorwerfen kann, dass sie ihre Rolle als Untergeordnete brav weiter spielten.&lt;\/p<\/p>\n<p>So stand der Schwarze ohne Rechte, ohne Geld, ohne Erfahrung, ohne Bildung, ohne gro\u00dfe Unterst\u00fctzung, ohne Leitfiguren da. Denn jede Bewegung Richtung mehr Rechte wurde von den Wei\u00dfen im Keim erstickt.<\/p>\n<p><b>[Fazit]<\/b> Das Buch erschien 1903, schon lange Zeit in der Vergangenheit und doch erkl\u00e4rt es den Rassismus, wie er heute noch besteht. Falls man sich f\u00fcr den Rassismus interessiert, zuerst mit anderen B\u00fccher anfangen.<\/p>\n<p>Zitate aus dem Buch: Die Seelen der Schwarzen \/ Buchbesprechung USA:<\/p>\n<p>&nbsp;<\/p>\n<p><em>S.83 \"Die Einstellung der wei\u00dfen S\u00fcdstaatler gegen\u00fcber den Schwarzen ist nicht etwa \u00fcberall gleich, wie oft f\u00e4lschlich angenommen wird. Der ungebildete S\u00fcdstaatler hasst den \"Neger\", der Arbeiter f\u00fcrchtet ihn als Konkurrenten, die Gesch\u00e4ftemacher wollen nur seine Arbeitskraft, einige Gebildete empfinden seinen Ehrgeiz als Bedrohung, w\u00e4hrend andere, meist die S\u00f6hne der fr\u00fcheren Master ihm beim sozialen Aufstieg helfen wollen.\"<\/em><\/p>\n<p>&nbsp;<\/p>\n<p><em>S.112 \"\u2026 ist der Gedanke des alten S\u00fcdens, der fest und leidenschaftlich glaubt , dass Gott irgendwo zwischen Menschen und Vieh ein Tertium quid geschaffen hat: den Schwarzen eine alberne, bisweilen auch liebenswerte Gestalt vom schlichten Gem\u00fct, die dazu bestimmt ist innerhalb bestimmter Grenzen und hinter einem Schleier zu leben.\"<\/em><\/p>\n<hr \/>\n<h3>Friday Black - 12 Storys<\/h3>\n<p><img decoding=\"async\" src=\"https:\/\/www.people-abroad.de\/buchbesprechungen\/ausland-reisen\/wp-content\/uploads\/2020\/06\/Cover-Friday-Black-Adjei-Brenyah-300x200.jpg\" \/><\/p>\n<p>@Lynn Benda <strong>Titel:Friday Black<\/strong> Author: Nana Kwame Adjei-Brenyah 241 Seiten ISBN: 978-3-328-60129-6 &gt;&gt;&gt;mehr Info &amp; bestellen bei Buch7 - die soziale Firma<\/p>\n<blockquote cite=\"https:\/\/lieschenradieschen-reist.com\/friday-black-12-storys-von-adjei-brenyah-rezension\/\">\n<h4>Buchrezension von LIESCHENRADIESCHEN-REIST.COM<\/h4>\n<p>In zw\u00f6lf Kurzgeschichten n\u00e4hrt sich der Autor Themen wie Alltagsrassimus in den USA, das Heranwachsen, Gewalt und Konsum. Bisweilen sind die Geschichten erschreckend realistisch oder zeichnen eine d\u00fcstere Dystopie.<\/p>\n<footer>\u2014 <a href=\"https:\/\/lieschenradieschen-reist.com\/friday-black-12-storys-von-adjei-brenyah-rezension\/\">zur kompletten Buchbesprechung von LIESCHENRADIESCHEN-REIST.COM<\/a><\/footer>\n<\/blockquote>\n<hr \/>\n<h3>Barracoon \u2013 Die Geschichte des letzten amerikanischen Sklaven<\/h3>\n<p><img loading=\"lazy\" decoding=\"async\" class=\"\" src=\"https:\/\/www.people-abroad.de\/buchbesprechungen\/ausland-reisen\/wp-content\/uploads\/2020\/06\/Barracoon-Rezension-300x200.jpg\" width=\"396\" height=\"264\" \/><\/p>\n<p>&nbsp;<\/p>\n<blockquote cite=\"https:\/\/lieschenradieschen-reist.com\/barracoon-rezension\/\">\n<h4>Buchrezension von LIESCHENRADIESCHEN-REIST.COM<\/h4>\n<p>In zw\u00f6lf Kurzgeschichten n\u00e4hrt sich der Autor Themen wie Alltagsrassimus in den USA, das Heranwachsen, Gewalt und Konsum. Bisweilen sind die Geschichten erschreckend realistisch oder zeichnen eine d\u00fcstere Dystopie.<\/p>\n<footer>\u2014 <a href=\"https:\/\/lieschenradieschen-reist.com\/barracoon-rezension\/\">zur kompletten Buchbesprechung von LIESCHENRADIESCHEN-REIST.COM<\/a><\/footer>\n<\/blockquote>\n<hr \/>\n<h3>The Negro Revolution<\/h3>\n<p>&nbsp;<\/p>\n<p><b>Buchbesprechung:<\/b><\/p>\n<p>Das Buch ist von 1964 (gefunden in der Bibliothek <a href=\"http:\/\/www.carl-schurz-haus.de\/home.html\" target=\"_blank\" rel=\"noopener noreferrer\">Carl-Schurz Haus Freiburg<\/a>). Das Buch erforscht durch Umfragen den Rassismus in den USA. Es wurden Schwarzen und die Wei\u00dfen befragt, um das herauszufinden was auf der ersten Seite steht:<\/p>\n<p><em>What Negros want; why and how they are fighting; whom they support; what whites think of them and their demands. Based on the nationwide survey by Newsweek Magazine.<\/em><\/p>\n<p>Also ein altes Buch und doch noch aktuell, um den Rassismus in den USA zu verstehen.<\/p>\n<p><strong>Fazit USA Buch:<\/strong> Sehr informativ, denn es beinhaltet Ergebnisse von vielen Umfragen und Gespr\u00e4chen.<\/p>\n<p>Besonders aufkl\u00e4rend sind die Kapitel: What it's like to be a Negro, The role of the Negro Church, What Negros think of Whites, What Whites think of Negros.<\/p>\n<p><img decoding=\"async\" src=\"https:\/\/www.people-abroad.de\/buchbesprechungen\/ausland-reisen\/wp-content\/uploads\/2019\/12\/The-Negro-Revolution_4.jpg\" \/><\/p>\n<p><img decoding=\"async\" src=\"https:\/\/www.people-abroad.de\/buchbesprechungen\/ausland-reisen\/wp-content\/uploads\/2019\/12\/The-Negro-Revolution_3.jpg\" \/><\/p>\n<p><img decoding=\"async\" src=\"https:\/\/www.people-abroad.de\/buchbesprechungen\/ausland-reisen\/wp-content\/uploads\/2019\/12\/The-Negro-Revolution_2.jpg\" \/><\/p>\n<p>&nbsp;<\/p>\n<hr \/>\n<h3>Rassismus in den USA - Historie und Analyse einer Rassenkonstruktion<\/h3>\n<h3><img decoding=\"async\" src=\"https:\/\/www.people-abroad.de\/buchbesprechungen\/ausland-reisen\/wp-content\/uploads\/2019\/08\/Rassismus-in-den-USA.jpg\" \/><\/h3>\n<p><strong>Titel:<\/strong> Rassismus in den USA <strong> Verlag:Unrast Verlag Seiten: 316 Erscheinung: Oktober 2001 ISBN:978-3-89771-007-8<\/strong><\/p>\n<p>&nbsp;<\/p>\n<p><b>Buchbesprechung<\/b><br \/>\nIch suchte ein Buch \u00fcber den Rassismus in den USA. Die Frage, die ich mir stelle ist, warum hat man als Schwarzer immer noch sehr schlechte Chancen in einem Land, in dem alle einmal Einwanderer waren aus vielen L\u00e4ndern mit verschiedenen Religionen und Kulturen. Das Land m\u00fcsste ja eigentlich protzen mit Toleranz!<\/p>\n<p>Die Schwarzen werden ja heute noch in Ghettos gehalten und schlecht behandelt von der Polizei, Rechtsprechung und im t\u00e4glichen Leben (ganz zu schweigen vom extremen Rassismus im S\u00fcden).<\/p>\n<p>Warum gab es nie einen tiefen Widerstand ? Warum sitzt der Rassismus so tief und lange verwurzelt in den USA ?<\/p>\n<p>Vom Buch \u201eRassismus in den USA \u2013 Historie und Analyse einer Rassenkonstruktion\u201c erhoffte ich mir die Antworten.<\/p>\n<p>Der Aufbau des Buches sieht vielversprechend aus: pro Epoche gibt es ein Kapitel \u00fcber die Geschichte und Ereignisse und pro Epoche ein kleines Kapitel das, so hoffte ich, mehr auf die sozialpsychologischen Folgen eingingen. Eine Art Theorie zu jeder Epoche.<\/p>\n<p>Vielversprechend, aber leider sind die Theorie \u2013 Kapitel oft nicht verst\u00e4ndlich. Einmal unverst\u00e4ndlich, was das Geschriebene im Theorie Kapitel mit Rassismus zu tun haben soll und zweitens ziemlich unverst\u00e4ndlich ausgedr\u00fcckt. Kapitel, die man sich fast alle sparen kann.<\/p>\n<p>Aber die Kapitel \u00fcber die Epochen sind gut. Es wird immer eine Epoche beschrieben und dazu wie sich die Stellung der Schwarzen in der Gesellschaft ver\u00e4nderte. So reist man durch die Geschichte der USA. Es geht los als englische Kolonie bis hin zur Zeit unter Pr\u00e4sident Clinton (Auflage Oktober 2001). Als Leser erfahre ich die Ver\u00e4nderungen in der Geschichte, wie die USA zur Weltmacht wurde im ersten und im Zweiten Weltkrieg, wie es in die Weltpolitik eingriff mit Besatzungen und in Kriegen. Wie sich der Wohlstand ver\u00e4nderte durch die Jahrhunderte.<\/p>\n<p>Das Buch befasst sich in den 260 Seiten eher mit der Geschichte der USA und h\u00f6chstens zur H\u00e4lfte des Buches geht es um die Lage der Schwarzen. Auch wird die Lage der Schwarzen nur beschrieben, aber es fehlt die tiefere Analyse.<\/p>\n<p>Mir scheint es gibt nur ein Grund f\u00fcr den Rassismus. Im Buch genannt auf Seite 224: \u201eEs deutet sich zu der Zeit aber schon die Tendenz an, rassische Herkunft zu einem Instrument im Wettbewerb um Gelder, Privilegien und Ressourcen, im Verteilungskampf zu machen\u201c.<\/p>\n<p><strong>Fazit USA Buch:<\/strong>\u00a0das Lesen lohnt sich, aber die Fragen bleiben noch offen.<\/p>\n<p><u>Inhalt: Buch <\/u>Rassismus in den USA<\/p>\n<p><strong>Geschichte:<\/strong> Kolonialzeit, Revolution, die junge Republik, Nord-S\u00fcd Konflikt, B\u00fcrgerkrieg, Aufstieg zur Weltmacht, Reformen und Reaktionen, New Deal und Weltkrieg, Kalter Krieg, Auf der Schwelle zum 21. Jahrhundert.<\/p>\n<p><strong>Theorie:<\/strong>Die Entstehung des Individuums, Rassismus Grundstruktur der abendl\u00e4ndischen Gesellschaft, Zuschreibungen: Natur, Begehren, Clustern, Autopoiesis des Rassismus<\/p>\n<hr \/>\n<h3>America on Fire<\/h3>\n<p><img decoding=\"async\" src=\"https:\/\/www.people-abroad.de\/buchbesprechungen\/ausland-reisen\/wp-content\/uploads\/2023\/04\/America-on-fire_buchcover_klein-1.jpg\" \/><\/p>\n<p>Titel: America on Fire Autori: Elizabeth Hinton ISBN: 978-3-89667-708-2 Erschienen: Oktober 21<\/p>\n<p><strong>Buchbesprechung:<\/strong><\/p>\n<p>Das Buch ist eine Ansammlung von Berichten \u00fcber Krawalle von Schwarzen in den USA.<\/p>\n<p>Eine ewig lange Chronik aus ewig langen Beschreibungen von Krawallen mit zu vielen Details.<\/p>\n<p>Ein Kapitel durchgelesen, geht es im n\u00e4chsten Kapitel ist das n\u00e4chste Kapitel wieder eine Beschreibung der Ungerechtigkeit und Wutkrawallen. Kapitel f\u00fcr Kapitel von 1960 bis 2020, von Seite 1 bis 406.<\/p>\n<p>Das macht das Buch so erm\u00fcdend, wenn man eigentlich in dem dicken W\u00e4lzer auch eine Analyse, Erkl\u00e4rung erwartet, wie sich diese Erniedrigung gegen Schwarze aufbaut in Staat, Justiz, Polizei, wei\u00dfen rassistischen B\u00fcrgern. Und wie sich dieser Rassismus \u00fcber Jahrzehnte halten konnte. Keine Analyse, keine Erkl\u00e4rungen, nur trockene Berichte. Auch fehlen in dem Buch Alternativen. Gibt es keine Orte in den USA, wo Schwarz und Wei\u00df zusammen leben ?<\/p>\n<p><strong>Fazit: <\/strong>viel Text, wenig erhellendes, bestenfalls ein Fachbuch \u00fcber Krawalle in schwarzen Vierteln.<\/p>\n<hr \/>\n<h3>Von dieser Welt<\/h3>\n<p><img decoding=\"async\" src=\"https:\/\/www.people-abroad.de\/buchbesprechungen\/ausland-reisen\/wp-content\/uploads\/2021\/04\/Von-diese-Welt-Instagram.jpg\" \/><\/p>\n<p><b>Buchbesprechung:<\/b><\/p>\n<p>Ein packender und verwirrender Roman \u00fcber Schwarze, etwa in den 1920ern, in Harlem.<\/p>\n<p>Es geht um den schwarzen Prediger und seine Familie. Es spielt viel in der Kirche in Harlem, wo sie zu Boden fallen und Gott sp\u00fcren und von Gott bestraft werden. War etwas verwirrend und be\u00e4ngstigend diese wirre, fanatische Religion. Im Laufe des Buches geht es immer mehr um die einzelnen Personen. Ihr Leben im Rassismus, die Dem\u00fctigungen und ihre eigene Fehlbarkeit. Schwarze, die aus der gerade beendeten Sklaverei des S\u00fcdens in den toleranten Norden zogen und doch genauso Erniedrigungen ausgeliefert sind.<\/p>\n<p><strong>Fazit:<\/strong> Man sp\u00fcrt, wie sie k\u00e4mpfen und versuchen sich zu ducken gegen den Rassismus und gegen die Dem\u00fctigungen und Aussichtslosigkeit. Ein fesselndes Buch. Lediglich die langen Beschreibungen \u00fcber die religi\u00f6sen Spektakel in der schwarzen Kirche, mit denen konnte ich wenig anfangen, vielleicht auch weil der Roman in einer lang vergangenen, religi\u00f6seren Zeit spielt.<\/p>\n<hr \/>\n<h3>Ein anderer Takt<\/h3>\n<p><img decoding=\"async\" src=\"https:\/\/www.people-abroad.de\/buchbesprechungen\/ausland-reisen\/wp-content\/uploads\/2021\/01\/Ein-anderer-Takt.jpg\" \/><\/p>\n<p>Titel: Ein anderer Takt Verlag: Hoffmann Und Campe Seitenzahl: 299 ISBN-13: 9783455006261<\/p>\n<p>&nbsp;<\/p>\n<p><b>Buchbesprechung:<\/b><\/p>\n<p>Tucker ist Schwarzer, der schon wie viele seiner Vorfahren auf einer Farm in den S\u00fcdstaaten arbeitet. Seine Vorfahren waren Sklaven, er nicht mehr und erwarb eigenes Land. Pl\u00f6tzlich, Juni 1957, verseucht er seinen Acker, z\u00fcndet sein Haus an und haut ab. Alle anderen Schwarzen im St\u00e4dtchen tun dasselbe. So f\u00e4ngt das Buch an und durch die Kapitel wird aus der Perspektive der Wei\u00dfen erz\u00e4hlt. Die Leute von der Bar, wie sie r\u00e4tseln. Die Familie, der Wei\u00dfen, wo Tuckers Vorfahren als Sklaven arbeiteten. Wie Tucker bei ihnen aufwuchs, sein Vater und wie Tucker das Land kaufte, \u00fcber ihre Jugend und die Haltung gegen\u00fcber Schwarzen.<\/p>\n<p>Durch und durch ein spannendes Buch, weil man immer mitr\u00e4tselt, gespannt ist den Grund und die Gedanken Tuckers zu erfahren. Dabei ist das Buch immer aus der Perspektive der Wei\u00dfen erz\u00e4hlt, was orginell ist, weil man einmal die Gedanken der Wei\u00dfen mitbekommt und gleichzeitig bem\u00fcht ist sich ein Bild von Tucker und die Rolle der Schwarzen zu machen.<\/p>\n<p><b>Fazit:<\/b>Ein echt gutes Buch, schnell verschlungen.<\/p>\n<\/div><\/div>","protected":false},"excerpt":{"rendered":"<p>&nbsp; Gebrandmarkt. Die wahre Geschichte des Rassismus in Amerika Titel: Gebrandmarkt. Die wahre Geschichte des Rassismus in Amerika Verlag: C.H. Beck Verlag Autor: Ibram X. Kendi 604 Seiten &nbsp; Buchbesprechung: Das Buch gewann den National Book Award in den USA und war auch in Deutschland nominiert f\u00fcr das beste Sachbuch des Jahres. Das immense Buch [&hellip;]<\/p>\n","protected":false},"author":1,"featured_media":0,"comment_status":"closed","ping_status":"open","sticky":false,"template":"","format":"standard","meta":{"footnotes":""},"categories":[5],"tags":[],"class_list":["post-7391","post","type-post","status-publish","format-standard","hentry","category-europa"],"yoast_head":"<!-- This site is optimized with the Yoast SEO plugin v27.1.1 - https:\/\/yoast.com\/product\/yoast-seo-wordpress\/ -->\n<title>Rassismus in den USA - People Abroad<\/title>\n<meta name=\"robots\" content=\"index, follow, max-snippet:-1, max-image-preview:large, max-video-preview:-1\" \/>\n<link rel=\"canonical\" href=\"https:\/\/www.people-abroad.de\/buchbesprechungen\/ausland-reisen\/rassismus-in-den-usa\/\" \/>\n<meta property=\"og:locale\" content=\"de_DE\" \/>\n<meta property=\"og:type\" content=\"article\" \/>\n<meta property=\"og:title\" content=\"Rassismus in den USA - People Abroad\" \/>\n<meta property=\"og:description\" content=\"&nbsp; Gebrandmarkt. Die wahre Geschichte des Rassismus in Amerika Titel: Gebrandmarkt. Die wahre Geschichte des Rassismus in Amerika Verlag: C.H. Beck Verlag Autor: Ibram X. Kendi 604 Seiten &nbsp; Buchbesprechung: Das Buch gewann den National Book Award in den USA und war auch in Deutschland nominiert f\u00fcr das beste Sachbuch des Jahres. Das immense Buch [&hellip;]\" \/>\n<meta property=\"og:url\" content=\"https:\/\/www.people-abroad.de\/buchbesprechungen\/ausland-reisen\/rassismus-in-den-usa\/\" \/>\n<meta property=\"og:site_name\" content=\"People Abroad\" \/>\n<meta property=\"article:published_time\" content=\"2025-12-09T21:19:12+00:00\" \/>\n<meta property=\"og:image\" content=\"https:\/\/www.people-abroad.de\/buchbesprechungen\/ausland-reisen\/wp-content\/uploads\/2019\/08\/asdffqwsfasdfasd-e1566737376696.jpg\" \/>\n<meta name=\"author\" content=\"Erwin Ritter\" \/>\n<meta name=\"twitter:card\" content=\"summary_large_image\" \/>\n<meta name=\"twitter:creator\" content=\"@People_Abroad\" \/>\n<meta name=\"twitter:site\" content=\"@People_Abroad\" \/>\n<meta name=\"twitter:label1\" content=\"Verfasst von\" \/>\n\t<meta name=\"twitter:data1\" content=\"Erwin Ritter\" \/>\n\t<meta name=\"twitter:label2\" content=\"Gesch\u00e4tzte Lesezeit\" \/>\n\t<meta name=\"twitter:data2\" content=\"27\u00a0Minuten\" \/>\n<script type=\"application\/ld+json\" class=\"yoast-schema-graph\">{\"@context\":\"https:\/\/schema.org\",\"@graph\":[{\"@type\":\"Article\",\"@id\":\"https:\/\/www.people-abroad.de\/buchbesprechungen\/ausland-reisen\/rassismus-in-den-usa\/#article\",\"isPartOf\":{\"@id\":\"https:\/\/www.people-abroad.de\/buchbesprechungen\/ausland-reisen\/rassismus-in-den-usa\/\"},\"author\":{\"name\":\"Erwin Ritter\",\"@id\":\"https:\/\/www.people-abroad.de\/buchbesprechungen\/ausland-reisen\/#\/schema\/person\/c9393edf64c67a46c85c054f8ecf1287\"},\"headline\":\"Rassismus in den USA\",\"datePublished\":\"2025-12-09T21:19:12+00:00\",\"mainEntityOfPage\":{\"@id\":\"https:\/\/www.people-abroad.de\/buchbesprechungen\/ausland-reisen\/rassismus-in-den-usa\/\"},\"wordCount\":4733,\"publisher\":{\"@id\":\"https:\/\/www.people-abroad.de\/buchbesprechungen\/ausland-reisen\/#\/schema\/person\/9a9eab346b83cd8fb098eb6d1643e09d\"},\"image\":{\"@id\":\"https:\/\/www.people-abroad.de\/buchbesprechungen\/ausland-reisen\/rassismus-in-den-usa\/#primaryimage\"},\"thumbnailUrl\":\"https:\/\/www.people-abroad.de\/buchbesprechungen\/ausland-reisen\/wp-content\/uploads\/2019\/08\/asdffqwsfasdfasd-e1566737376696.jpg\",\"articleSection\":[\"Europa\"],\"inLanguage\":\"de\"},{\"@type\":\"WebPage\",\"@id\":\"https:\/\/www.people-abroad.de\/buchbesprechungen\/ausland-reisen\/rassismus-in-den-usa\/\",\"url\":\"https:\/\/www.people-abroad.de\/buchbesprechungen\/ausland-reisen\/rassismus-in-den-usa\/\",\"name\":\"Rassismus in den USA - People Abroad\",\"isPartOf\":{\"@id\":\"https:\/\/www.people-abroad.de\/buchbesprechungen\/ausland-reisen\/#website\"},\"primaryImageOfPage\":{\"@id\":\"https:\/\/www.people-abroad.de\/buchbesprechungen\/ausland-reisen\/rassismus-in-den-usa\/#primaryimage\"},\"image\":{\"@id\":\"https:\/\/www.people-abroad.de\/buchbesprechungen\/ausland-reisen\/rassismus-in-den-usa\/#primaryimage\"},\"thumbnailUrl\":\"https:\/\/www.people-abroad.de\/buchbesprechungen\/ausland-reisen\/wp-content\/uploads\/2019\/08\/asdffqwsfasdfasd-e1566737376696.jpg\",\"datePublished\":\"2025-12-09T21:19:12+00:00\",\"breadcrumb\":{\"@id\":\"https:\/\/www.people-abroad.de\/buchbesprechungen\/ausland-reisen\/rassismus-in-den-usa\/#breadcrumb\"},\"inLanguage\":\"de\",\"potentialAction\":[{\"@type\":\"ReadAction\",\"target\":[\"https:\/\/www.people-abroad.de\/buchbesprechungen\/ausland-reisen\/rassismus-in-den-usa\/\"]}]},{\"@type\":\"ImageObject\",\"inLanguage\":\"de\",\"@id\":\"https:\/\/www.people-abroad.de\/buchbesprechungen\/ausland-reisen\/rassismus-in-den-usa\/#primaryimage\",\"url\":\"https:\/\/www.people-abroad.de\/buchbesprechungen\/ausland-reisen\/wp-content\/uploads\/2019\/08\/asdffqwsfasdfasd-e1566737376696.jpg\",\"contentUrl\":\"https:\/\/www.people-abroad.de\/buchbesprechungen\/ausland-reisen\/wp-content\/uploads\/2019\/08\/asdffqwsfasdfasd-e1566737376696.jpg\",\"width\":1000,\"height\":378,\"caption\":\"B\u00fccher \u00fcber Rassismus in den USA\"},{\"@type\":\"BreadcrumbList\",\"@id\":\"https:\/\/www.people-abroad.de\/buchbesprechungen\/ausland-reisen\/rassismus-in-den-usa\/#breadcrumb\",\"itemListElement\":[{\"@type\":\"ListItem\",\"position\":1,\"name\":\"Home\",\"item\":\"https:\/\/www.people-abroad.de\/buchbesprechungen\/ausland-reisen\/\"},{\"@type\":\"ListItem\",\"position\":2,\"name\":\"Rassismus in den USA\"}]},{\"@type\":\"WebSite\",\"@id\":\"https:\/\/www.people-abroad.de\/buchbesprechungen\/ausland-reisen\/#website\",\"url\":\"https:\/\/www.people-abroad.de\/buchbesprechungen\/ausland-reisen\/\",\"name\":\"People Abroad\",\"description\":\"Reisen, Buchtipps &amp; Literatur\",\"publisher\":{\"@id\":\"https:\/\/www.people-abroad.de\/buchbesprechungen\/ausland-reisen\/#\/schema\/person\/9a9eab346b83cd8fb098eb6d1643e09d\"},\"potentialAction\":[{\"@type\":\"SearchAction\",\"target\":{\"@type\":\"EntryPoint\",\"urlTemplate\":\"https:\/\/www.people-abroad.de\/buchbesprechungen\/ausland-reisen\/?s={search_term_string}\"},\"query-input\":{\"@type\":\"PropertyValueSpecification\",\"valueRequired\":true,\"valueName\":\"search_term_string\"}}],\"inLanguage\":\"de\"},{\"@type\":[\"Person\",\"Organization\"],\"@id\":\"https:\/\/www.people-abroad.de\/buchbesprechungen\/ausland-reisen\/#\/schema\/person\/9a9eab346b83cd8fb098eb6d1643e09d\",\"name\":\"Heiko M\u00fcller\",\"logo\":{\"@id\":\"https:\/\/www.people-abroad.de\/buchbesprechungen\/ausland-reisen\/#\/schema\/person\/image\/\"},\"sameAs\":[\"https:\/\/www.people-abroad.de\/blog\/\"]},{\"@type\":\"Person\",\"@id\":\"https:\/\/www.people-abroad.de\/buchbesprechungen\/ausland-reisen\/#\/schema\/person\/c9393edf64c67a46c85c054f8ecf1287\",\"name\":\"Erwin Ritter\",\"url\":\"https:\/\/www.people-abroad.de\/buchbesprechungen\/ausland-reisen\/author\/admin\/\"}]}<\/script>\n<!-- \/ Yoast SEO plugin. -->","yoast_head_json":{"title":"Rassismus in den USA - People Abroad","robots":{"index":"index","follow":"follow","max-snippet":"max-snippet:-1","max-image-preview":"max-image-preview:large","max-video-preview":"max-video-preview:-1"},"canonical":"https:\/\/www.people-abroad.de\/buchbesprechungen\/ausland-reisen\/rassismus-in-den-usa\/","og_locale":"de_DE","og_type":"article","og_title":"Rassismus in den USA - People Abroad","og_description":"&nbsp; Gebrandmarkt. Die wahre Geschichte des Rassismus in Amerika Titel: Gebrandmarkt. Die wahre Geschichte des Rassismus in Amerika Verlag: C.H. Beck Verlag Autor: Ibram X. Kendi 604 Seiten &nbsp; Buchbesprechung: Das Buch gewann den National Book Award in den USA und war auch in Deutschland nominiert f\u00fcr das beste Sachbuch des Jahres. Das immense Buch [&hellip;]","og_url":"https:\/\/www.people-abroad.de\/buchbesprechungen\/ausland-reisen\/rassismus-in-den-usa\/","og_site_name":"People Abroad","article_published_time":"2025-12-09T21:19:12+00:00","og_image":[{"url":"https:\/\/www.people-abroad.de\/buchbesprechungen\/ausland-reisen\/wp-content\/uploads\/2019\/08\/asdffqwsfasdfasd-e1566737376696.jpg","type":"","width":"","height":""}],"author":"Erwin Ritter","twitter_card":"summary_large_image","twitter_creator":"@People_Abroad","twitter_site":"@People_Abroad","twitter_misc":{"Verfasst von":"Erwin Ritter","Gesch\u00e4tzte Lesezeit":"27\u00a0Minuten"},"schema":{"@context":"https:\/\/schema.org","@graph":[{"@type":"Article","@id":"https:\/\/www.people-abroad.de\/buchbesprechungen\/ausland-reisen\/rassismus-in-den-usa\/#article","isPartOf":{"@id":"https:\/\/www.people-abroad.de\/buchbesprechungen\/ausland-reisen\/rassismus-in-den-usa\/"},"author":{"name":"Erwin Ritter","@id":"https:\/\/www.people-abroad.de\/buchbesprechungen\/ausland-reisen\/#\/schema\/person\/c9393edf64c67a46c85c054f8ecf1287"},"headline":"Rassismus in den USA","datePublished":"2025-12-09T21:19:12+00:00","mainEntityOfPage":{"@id":"https:\/\/www.people-abroad.de\/buchbesprechungen\/ausland-reisen\/rassismus-in-den-usa\/"},"wordCount":4733,"publisher":{"@id":"https:\/\/www.people-abroad.de\/buchbesprechungen\/ausland-reisen\/#\/schema\/person\/9a9eab346b83cd8fb098eb6d1643e09d"},"image":{"@id":"https:\/\/www.people-abroad.de\/buchbesprechungen\/ausland-reisen\/rassismus-in-den-usa\/#primaryimage"},"thumbnailUrl":"https:\/\/www.people-abroad.de\/buchbesprechungen\/ausland-reisen\/wp-content\/uploads\/2019\/08\/asdffqwsfasdfasd-e1566737376696.jpg","articleSection":["Europa"],"inLanguage":"de"},{"@type":"WebPage","@id":"https:\/\/www.people-abroad.de\/buchbesprechungen\/ausland-reisen\/rassismus-in-den-usa\/","url":"https:\/\/www.people-abroad.de\/buchbesprechungen\/ausland-reisen\/rassismus-in-den-usa\/","name":"Rassismus in den USA - People Abroad","isPartOf":{"@id":"https:\/\/www.people-abroad.de\/buchbesprechungen\/ausland-reisen\/#website"},"primaryImageOfPage":{"@id":"https:\/\/www.people-abroad.de\/buchbesprechungen\/ausland-reisen\/rassismus-in-den-usa\/#primaryimage"},"image":{"@id":"https:\/\/www.people-abroad.de\/buchbesprechungen\/ausland-reisen\/rassismus-in-den-usa\/#primaryimage"},"thumbnailUrl":"https:\/\/www.people-abroad.de\/buchbesprechungen\/ausland-reisen\/wp-content\/uploads\/2019\/08\/asdffqwsfasdfasd-e1566737376696.jpg","datePublished":"2025-12-09T21:19:12+00:00","breadcrumb":{"@id":"https:\/\/www.people-abroad.de\/buchbesprechungen\/ausland-reisen\/rassismus-in-den-usa\/#breadcrumb"},"inLanguage":"de","potentialAction":[{"@type":"ReadAction","target":["https:\/\/www.people-abroad.de\/buchbesprechungen\/ausland-reisen\/rassismus-in-den-usa\/"]}]},{"@type":"ImageObject","inLanguage":"de","@id":"https:\/\/www.people-abroad.de\/buchbesprechungen\/ausland-reisen\/rassismus-in-den-usa\/#primaryimage","url":"https:\/\/www.people-abroad.de\/buchbesprechungen\/ausland-reisen\/wp-content\/uploads\/2019\/08\/asdffqwsfasdfasd-e1566737376696.jpg","contentUrl":"https:\/\/www.people-abroad.de\/buchbesprechungen\/ausland-reisen\/wp-content\/uploads\/2019\/08\/asdffqwsfasdfasd-e1566737376696.jpg","width":1000,"height":378,"caption":"B\u00fccher \u00fcber Rassismus in den USA"},{"@type":"BreadcrumbList","@id":"https:\/\/www.people-abroad.de\/buchbesprechungen\/ausland-reisen\/rassismus-in-den-usa\/#breadcrumb","itemListElement":[{"@type":"ListItem","position":1,"name":"Home","item":"https:\/\/www.people-abroad.de\/buchbesprechungen\/ausland-reisen\/"},{"@type":"ListItem","position":2,"name":"Rassismus in den USA"}]},{"@type":"WebSite","@id":"https:\/\/www.people-abroad.de\/buchbesprechungen\/ausland-reisen\/#website","url":"https:\/\/www.people-abroad.de\/buchbesprechungen\/ausland-reisen\/","name":"People Abroad","description":"Reisen, Buchtipps &amp; Literatur","publisher":{"@id":"https:\/\/www.people-abroad.de\/buchbesprechungen\/ausland-reisen\/#\/schema\/person\/9a9eab346b83cd8fb098eb6d1643e09d"},"potentialAction":[{"@type":"SearchAction","target":{"@type":"EntryPoint","urlTemplate":"https:\/\/www.people-abroad.de\/buchbesprechungen\/ausland-reisen\/?s={search_term_string}"},"query-input":{"@type":"PropertyValueSpecification","valueRequired":true,"valueName":"search_term_string"}}],"inLanguage":"de"},{"@type":["Person","Organization"],"@id":"https:\/\/www.people-abroad.de\/buchbesprechungen\/ausland-reisen\/#\/schema\/person\/9a9eab346b83cd8fb098eb6d1643e09d","name":"Heiko M\u00fcller","logo":{"@id":"https:\/\/www.people-abroad.de\/buchbesprechungen\/ausland-reisen\/#\/schema\/person\/image\/"},"sameAs":["https:\/\/www.people-abroad.de\/blog\/"]},{"@type":"Person","@id":"https:\/\/www.people-abroad.de\/buchbesprechungen\/ausland-reisen\/#\/schema\/person\/c9393edf64c67a46c85c054f8ecf1287","name":"Erwin Ritter","url":"https:\/\/www.people-abroad.de\/buchbesprechungen\/ausland-reisen\/author\/admin\/"}]}},"_links":{"self":[{"href":"https:\/\/www.people-abroad.de\/buchbesprechungen\/ausland-reisen\/wp-json\/wp\/v2\/posts\/7391","targetHints":{"allow":["GET"]}}],"collection":[{"href":"https:\/\/www.people-abroad.de\/buchbesprechungen\/ausland-reisen\/wp-json\/wp\/v2\/posts"}],"about":[{"href":"https:\/\/www.people-abroad.de\/buchbesprechungen\/ausland-reisen\/wp-json\/wp\/v2\/types\/post"}],"author":[{"embeddable":true,"href":"https:\/\/www.people-abroad.de\/buchbesprechungen\/ausland-reisen\/wp-json\/wp\/v2\/users\/1"}],"replies":[{"embeddable":true,"href":"https:\/\/www.people-abroad.de\/buchbesprechungen\/ausland-reisen\/wp-json\/wp\/v2\/comments?post=7391"}],"version-history":[{"count":1,"href":"https:\/\/www.people-abroad.de\/buchbesprechungen\/ausland-reisen\/wp-json\/wp\/v2\/posts\/7391\/revisions"}],"predecessor-version":[{"id":7392,"href":"https:\/\/www.people-abroad.de\/buchbesprechungen\/ausland-reisen\/wp-json\/wp\/v2\/posts\/7391\/revisions\/7392"}],"wp:attachment":[{"href":"https:\/\/www.people-abroad.de\/buchbesprechungen\/ausland-reisen\/wp-json\/wp\/v2\/media?parent=7391"}],"wp:term":[{"taxonomy":"category","embeddable":true,"href":"https:\/\/www.people-abroad.de\/buchbesprechungen\/ausland-reisen\/wp-json\/wp\/v2\/categories?post=7391"},{"taxonomy":"post_tag","embeddable":true,"href":"https:\/\/www.people-abroad.de\/buchbesprechungen\/ausland-reisen\/wp-json\/wp\/v2\/tags?post=7391"}],"curies":[{"name":"wp","href":"https:\/\/api.w.org\/{rel}","templated":true}]}}