{"id":7378,"date":"2025-11-24T20:42:37","date_gmt":"2025-11-24T19:42:37","guid":{"rendered":"https:\/\/www.people-abroad.de\/buchbesprechungen\/ausland-reisen\/?p=7378"},"modified":"2025-11-24T20:42:37","modified_gmt":"2025-11-24T19:42:37","slug":"neues-buch-der-lange-fahrrad-marsch","status":"publish","type":"post","link":"https:\/\/www.people-abroad.de\/buchbesprechungen\/ausland-reisen\/neues-buch-der-lange-fahrrad-marsch\/","title":{"rendered":"neues Buch: Der Lange Fahrrad-Marsch"},"content":{"rendered":"<div id=\"dslc-theme-content\"><div id=\"dslc-theme-content-inner\"><p><img loading=\"lazy\" decoding=\"async\" class=\"alignnone  wp-image-7379\" src=\"https:\/\/www.people-abroad.de\/buchbesprechungen\/ausland-reisen\/wp-content\/uploads\/2025\/11\/9783864931376-199x300.jpg\" alt=\"\" width=\"223\" height=\"336\" srcset=\"https:\/\/www.people-abroad.de\/buchbesprechungen\/ausland-reisen\/wp-content\/uploads\/2025\/11\/9783864931376-199x300.jpg 199w, https:\/\/www.people-abroad.de\/buchbesprechungen\/ausland-reisen\/wp-content\/uploads\/2025\/11\/9783864931376-679x1024.jpg 679w, https:\/\/www.people-abroad.de\/buchbesprechungen\/ausland-reisen\/wp-content\/uploads\/2025\/11\/9783864931376-768x1158.jpg 768w, https:\/\/www.people-abroad.de\/buchbesprechungen\/ausland-reisen\/wp-content\/uploads\/2025\/11\/9783864931376-1019x1536.jpg 1019w, https:\/\/www.people-abroad.de\/buchbesprechungen\/ausland-reisen\/wp-content\/uploads\/2025\/11\/9783864931376-1359x2048.jpg 1359w, https:\/\/www.people-abroad.de\/buchbesprechungen\/ausland-reisen\/wp-content\/uploads\/2025\/11\/9783864931376-scaled.jpg 1698w\" sizes=\"auto, (max-width: 223px) 100vw, 223px\" \/><\/p>\n<p>Ein kurzes Interview mit den Autoren:<\/p>\n<p><strong>UM WAS GEHT ES IN DEM BUCH?<\/strong><\/p>\n<p>In \u201eDer Lange Fahrradmarsch\u201c geht es um eine Tour mit Pedelecs, die wir durch China unternommen haben, auf den Spuren des Langen Marsches der chinesischen Roten Armee und des Mannes, der sie eine Zeit lang angef\u00fchrt hat: dem bayerischen Berufsrevolution\u00e4r und sowjetischen Geheimagenten Otto Braun. Wir waren f\u00fcnf Monate unterwegs, sind durch zehn Provinzen vom subtropischen S\u00fcden Chinas \u00fcber das tibetische Hochplateau in die knochentrockenen L\u00f6ssgebiete des Nordwestens Chinas geradelt. Dabei sind wir in Gegenden, in die praktisch nie ein Ausl\u00e4nder kommt, auf viele Spuren Brauns gesto\u00dfen, der in China als \u201eLi, der Deutsche\u201c ber\u00fchmt ist, den aber in seinem Heimatland kaum einer kennt. Wir haben \u00fcber 4.000 Meter hohe P\u00e4sse \u00fcberquert, sind dem Tod wiederholt von der Schippe gesprungen und haben unz\u00e4hlige Gespr\u00e4che mit einfachen Chinesen gef\u00fchrt. Nebenbei haben wir uns immer wieder ordentlich gestritten.<\/p>\n<p><strong>WARUM SOLLTE ICH ES LESEN?<\/strong><\/p>\n<p>Eigentlich sollte jeder den Langen Fahrradmarsch lesen, der an der modernen Geschichte Chinas, aber auch am heutigen China interessiert ist, und solche Kenntnisse gerne unterhaltsam vermittelt bekommt. Au\u00dferdem ist das Buch f\u00fcr alle, die lange Fahrradtouren unternehmen \u2013 wie Volker H\u00e4ring - , und f\u00fcr die, so etwas \u2013 wie Christian Y. Schmidt \u2013 noch nie gemacht haben, und sich davor abgrundtief f\u00fcrchten. Es ist ein Buch f\u00fcr Menschen, die sich gerne streiten, und eins f\u00fcr Harmonies\u00fcchtige, als abschreckendes Beispiel. Tats\u00e4chlich sollte das Buch also jeder lesen. Ach so: Lachen kann man bei der Lekt\u00fcre auch.<\/p>\n<p><strong>WER SEiD IHR?<\/strong><\/p>\n<p>Volker H\u00e4ring (56) besitzt die Firma welt.bike, die Fahrradtouren durch die ganze Welt organisiert. Seit 1993 ist mehr als 50.000 Kilometer durch China geradelt und hat dar\u00fcber in B\u00fcchern (\u201eEin Bus namens Wanda\u201c) und Blogs berichtet. Sein Peking-Krimi \u201eBeijing Baby\u201c ist ein Geheimtipp unter Chinakennern.<\/p>\n<p>Christian Y. Schmidt (68), war lange Redakteur des Satiremagazins Titanic. Er hat siebzehn Jahre in Peking gelebt und neben gefeierter Belletristik (\u201eDer letzte Huelsenbeck\u201c) zahlreiche China-B\u00fccher verfasst, darunter den Spiegel-Bestseller \u201eAllein unter 1,3 Milliarden\u201c. Mit diesem Buch nimmt er Abschied von China.<\/p>\n<p>Zusammen sind wir die ersten Westler, die die Route des Langen Marschs geradelt sind.<\/p>\n<\/div><\/div>","protected":false},"excerpt":{"rendered":"<p>Ein kurzes Interview mit den Autoren: UM WAS GEHT ES IN DEM BUCH? In \u201eDer Lange Fahrradmarsch\u201c geht es um eine Tour mit Pedelecs, die wir durch China unternommen haben, auf den Spuren des Langen Marsches der chinesischen Roten Armee und des Mannes, der sie eine Zeit lang angef\u00fchrt hat: dem bayerischen Berufsrevolution\u00e4r und sowjetischen [&hellip;]<\/p>\n","protected":false},"author":1,"featured_media":0,"comment_status":"closed","ping_status":"open","sticky":false,"template":"","format":"standard","meta":{"footnotes":""},"categories":[5],"tags":[],"class_list":["post-7378","post","type-post","status-publish","format-standard","hentry","category-europa"],"yoast_head":"<!-- This site is optimized with the Yoast SEO plugin v27.1.1 - https:\/\/yoast.com\/product\/yoast-seo-wordpress\/ -->\n<title>neues Buch: Der Lange Fahrrad-Marsch - People Abroad<\/title>\n<meta name=\"robots\" content=\"index, follow, max-snippet:-1, max-image-preview:large, max-video-preview:-1\" \/>\n<link rel=\"canonical\" href=\"https:\/\/www.people-abroad.de\/buchbesprechungen\/ausland-reisen\/neues-buch-der-lange-fahrrad-marsch\/\" \/>\n<meta property=\"og:locale\" content=\"de_DE\" \/>\n<meta property=\"og:type\" content=\"article\" \/>\n<meta property=\"og:title\" content=\"neues Buch: Der Lange Fahrrad-Marsch - People Abroad\" \/>\n<meta property=\"og:description\" content=\"Ein kurzes Interview mit den Autoren: UM WAS GEHT ES IN DEM BUCH? In \u201eDer Lange Fahrradmarsch\u201c geht es um eine Tour mit Pedelecs, die wir durch China unternommen haben, auf den Spuren des Langen Marsches der chinesischen Roten Armee und des Mannes, der sie eine Zeit lang angef\u00fchrt hat: dem bayerischen Berufsrevolution\u00e4r und sowjetischen [&hellip;]\" \/>\n<meta property=\"og:url\" content=\"https:\/\/www.people-abroad.de\/buchbesprechungen\/ausland-reisen\/neues-buch-der-lange-fahrrad-marsch\/\" \/>\n<meta property=\"og:site_name\" content=\"People Abroad\" \/>\n<meta property=\"article:published_time\" content=\"2025-11-24T19:42:37+00:00\" \/>\n<meta property=\"og:image\" content=\"https:\/\/www.people-abroad.de\/buchbesprechungen\/ausland-reisen\/wp-content\/uploads\/2025\/11\/9783864931376-scaled.jpg\" \/>\n\t<meta property=\"og:image:width\" content=\"1698\" \/>\n\t<meta property=\"og:image:height\" content=\"2560\" \/>\n\t<meta property=\"og:image:type\" content=\"image\/jpeg\" \/>\n<meta name=\"author\" content=\"Erwin Ritter\" \/>\n<meta name=\"twitter:card\" content=\"summary_large_image\" \/>\n<meta name=\"twitter:creator\" content=\"@People_Abroad\" \/>\n<meta name=\"twitter:site\" content=\"@People_Abroad\" \/>\n<meta name=\"twitter:label1\" content=\"Verfasst von\" \/>\n\t<meta name=\"twitter:data1\" content=\"Erwin Ritter\" \/>\n\t<meta name=\"twitter:label2\" content=\"Gesch\u00e4tzte Lesezeit\" \/>\n\t<meta name=\"twitter:data2\" content=\"3\u00a0Minuten\" \/>\n<script type=\"application\/ld+json\" class=\"yoast-schema-graph\">{\"@context\":\"https:\/\/schema.org\",\"@graph\":[{\"@type\":\"Article\",\"@id\":\"https:\/\/www.people-abroad.de\/buchbesprechungen\/ausland-reisen\/neues-buch-der-lange-fahrrad-marsch\/#article\",\"isPartOf\":{\"@id\":\"https:\/\/www.people-abroad.de\/buchbesprechungen\/ausland-reisen\/neues-buch-der-lange-fahrrad-marsch\/\"},\"author\":{\"name\":\"Erwin Ritter\",\"@id\":\"https:\/\/www.people-abroad.de\/buchbesprechungen\/ausland-reisen\/#\/schema\/person\/c9393edf64c67a46c85c054f8ecf1287\"},\"headline\":\"neues Buch: Der Lange Fahrrad-Marsch\",\"datePublished\":\"2025-11-24T19:42:37+00:00\",\"mainEntityOfPage\":{\"@id\":\"https:\/\/www.people-abroad.de\/buchbesprechungen\/ausland-reisen\/neues-buch-der-lange-fahrrad-marsch\/\"},\"wordCount\":376,\"publisher\":{\"@id\":\"https:\/\/www.people-abroad.de\/buchbesprechungen\/ausland-reisen\/#\/schema\/person\/9a9eab346b83cd8fb098eb6d1643e09d\"},\"image\":{\"@id\":\"https:\/\/www.people-abroad.de\/buchbesprechungen\/ausland-reisen\/neues-buch-der-lange-fahrrad-marsch\/#primaryimage\"},\"thumbnailUrl\":\"https:\/\/www.people-abroad.de\/buchbesprechungen\/ausland-reisen\/wp-content\/uploads\/2025\/11\/9783864931376-199x300.jpg\",\"articleSection\":[\"Europa\"],\"inLanguage\":\"de\"},{\"@type\":\"WebPage\",\"@id\":\"https:\/\/www.people-abroad.de\/buchbesprechungen\/ausland-reisen\/neues-buch-der-lange-fahrrad-marsch\/\",\"url\":\"https:\/\/www.people-abroad.de\/buchbesprechungen\/ausland-reisen\/neues-buch-der-lange-fahrrad-marsch\/\",\"name\":\"neues Buch: Der Lange Fahrrad-Marsch - People Abroad\",\"isPartOf\":{\"@id\":\"https:\/\/www.people-abroad.de\/buchbesprechungen\/ausland-reisen\/#website\"},\"primaryImageOfPage\":{\"@id\":\"https:\/\/www.people-abroad.de\/buchbesprechungen\/ausland-reisen\/neues-buch-der-lange-fahrrad-marsch\/#primaryimage\"},\"image\":{\"@id\":\"https:\/\/www.people-abroad.de\/buchbesprechungen\/ausland-reisen\/neues-buch-der-lange-fahrrad-marsch\/#primaryimage\"},\"thumbnailUrl\":\"https:\/\/www.people-abroad.de\/buchbesprechungen\/ausland-reisen\/wp-content\/uploads\/2025\/11\/9783864931376-199x300.jpg\",\"datePublished\":\"2025-11-24T19:42:37+00:00\",\"breadcrumb\":{\"@id\":\"https:\/\/www.people-abroad.de\/buchbesprechungen\/ausland-reisen\/neues-buch-der-lange-fahrrad-marsch\/#breadcrumb\"},\"inLanguage\":\"de\",\"potentialAction\":[{\"@type\":\"ReadAction\",\"target\":[\"https:\/\/www.people-abroad.de\/buchbesprechungen\/ausland-reisen\/neues-buch-der-lange-fahrrad-marsch\/\"]}]},{\"@type\":\"ImageObject\",\"inLanguage\":\"de\",\"@id\":\"https:\/\/www.people-abroad.de\/buchbesprechungen\/ausland-reisen\/neues-buch-der-lange-fahrrad-marsch\/#primaryimage\",\"url\":\"https:\/\/www.people-abroad.de\/buchbesprechungen\/ausland-reisen\/wp-content\/uploads\/2025\/11\/9783864931376-scaled.jpg\",\"contentUrl\":\"https:\/\/www.people-abroad.de\/buchbesprechungen\/ausland-reisen\/wp-content\/uploads\/2025\/11\/9783864931376-scaled.jpg\",\"width\":1698,\"height\":2560},{\"@type\":\"BreadcrumbList\",\"@id\":\"https:\/\/www.people-abroad.de\/buchbesprechungen\/ausland-reisen\/neues-buch-der-lange-fahrrad-marsch\/#breadcrumb\",\"itemListElement\":[{\"@type\":\"ListItem\",\"position\":1,\"name\":\"Home\",\"item\":\"https:\/\/www.people-abroad.de\/buchbesprechungen\/ausland-reisen\/\"},{\"@type\":\"ListItem\",\"position\":2,\"name\":\"neues Buch: Der Lange Fahrrad-Marsch\"}]},{\"@type\":\"WebSite\",\"@id\":\"https:\/\/www.people-abroad.de\/buchbesprechungen\/ausland-reisen\/#website\",\"url\":\"https:\/\/www.people-abroad.de\/buchbesprechungen\/ausland-reisen\/\",\"name\":\"People Abroad\",\"description\":\"Reisen, Buchtipps &amp; Literatur\",\"publisher\":{\"@id\":\"https:\/\/www.people-abroad.de\/buchbesprechungen\/ausland-reisen\/#\/schema\/person\/9a9eab346b83cd8fb098eb6d1643e09d\"},\"potentialAction\":[{\"@type\":\"SearchAction\",\"target\":{\"@type\":\"EntryPoint\",\"urlTemplate\":\"https:\/\/www.people-abroad.de\/buchbesprechungen\/ausland-reisen\/?s={search_term_string}\"},\"query-input\":{\"@type\":\"PropertyValueSpecification\",\"valueRequired\":true,\"valueName\":\"search_term_string\"}}],\"inLanguage\":\"de\"},{\"@type\":[\"Person\",\"Organization\"],\"@id\":\"https:\/\/www.people-abroad.de\/buchbesprechungen\/ausland-reisen\/#\/schema\/person\/9a9eab346b83cd8fb098eb6d1643e09d\",\"name\":\"Heiko M\u00fcller\",\"logo\":{\"@id\":\"https:\/\/www.people-abroad.de\/buchbesprechungen\/ausland-reisen\/#\/schema\/person\/image\/\"},\"sameAs\":[\"https:\/\/www.people-abroad.de\/blog\/\"]},{\"@type\":\"Person\",\"@id\":\"https:\/\/www.people-abroad.de\/buchbesprechungen\/ausland-reisen\/#\/schema\/person\/c9393edf64c67a46c85c054f8ecf1287\",\"name\":\"Erwin Ritter\",\"url\":\"https:\/\/www.people-abroad.de\/buchbesprechungen\/ausland-reisen\/author\/admin\/\"}]}<\/script>\n<!-- \/ Yoast SEO plugin. -->","yoast_head_json":{"title":"neues Buch: Der Lange Fahrrad-Marsch - People Abroad","robots":{"index":"index","follow":"follow","max-snippet":"max-snippet:-1","max-image-preview":"max-image-preview:large","max-video-preview":"max-video-preview:-1"},"canonical":"https:\/\/www.people-abroad.de\/buchbesprechungen\/ausland-reisen\/neues-buch-der-lange-fahrrad-marsch\/","og_locale":"de_DE","og_type":"article","og_title":"neues Buch: Der Lange Fahrrad-Marsch - People Abroad","og_description":"Ein kurzes Interview mit den Autoren: UM WAS GEHT ES IN DEM BUCH? In \u201eDer Lange Fahrradmarsch\u201c geht es um eine Tour mit Pedelecs, die wir durch China unternommen haben, auf den Spuren des Langen Marsches der chinesischen Roten Armee und des Mannes, der sie eine Zeit lang angef\u00fchrt hat: dem bayerischen Berufsrevolution\u00e4r und sowjetischen [&hellip;]","og_url":"https:\/\/www.people-abroad.de\/buchbesprechungen\/ausland-reisen\/neues-buch-der-lange-fahrrad-marsch\/","og_site_name":"People Abroad","article_published_time":"2025-11-24T19:42:37+00:00","og_image":[{"width":1698,"height":2560,"url":"https:\/\/www.people-abroad.de\/buchbesprechungen\/ausland-reisen\/wp-content\/uploads\/2025\/11\/9783864931376-scaled.jpg","type":"image\/jpeg"}],"author":"Erwin Ritter","twitter_card":"summary_large_image","twitter_creator":"@People_Abroad","twitter_site":"@People_Abroad","twitter_misc":{"Verfasst von":"Erwin Ritter","Gesch\u00e4tzte Lesezeit":"3\u00a0Minuten"},"schema":{"@context":"https:\/\/schema.org","@graph":[{"@type":"Article","@id":"https:\/\/www.people-abroad.de\/buchbesprechungen\/ausland-reisen\/neues-buch-der-lange-fahrrad-marsch\/#article","isPartOf":{"@id":"https:\/\/www.people-abroad.de\/buchbesprechungen\/ausland-reisen\/neues-buch-der-lange-fahrrad-marsch\/"},"author":{"name":"Erwin Ritter","@id":"https:\/\/www.people-abroad.de\/buchbesprechungen\/ausland-reisen\/#\/schema\/person\/c9393edf64c67a46c85c054f8ecf1287"},"headline":"neues Buch: Der Lange Fahrrad-Marsch","datePublished":"2025-11-24T19:42:37+00:00","mainEntityOfPage":{"@id":"https:\/\/www.people-abroad.de\/buchbesprechungen\/ausland-reisen\/neues-buch-der-lange-fahrrad-marsch\/"},"wordCount":376,"publisher":{"@id":"https:\/\/www.people-abroad.de\/buchbesprechungen\/ausland-reisen\/#\/schema\/person\/9a9eab346b83cd8fb098eb6d1643e09d"},"image":{"@id":"https:\/\/www.people-abroad.de\/buchbesprechungen\/ausland-reisen\/neues-buch-der-lange-fahrrad-marsch\/#primaryimage"},"thumbnailUrl":"https:\/\/www.people-abroad.de\/buchbesprechungen\/ausland-reisen\/wp-content\/uploads\/2025\/11\/9783864931376-199x300.jpg","articleSection":["Europa"],"inLanguage":"de"},{"@type":"WebPage","@id":"https:\/\/www.people-abroad.de\/buchbesprechungen\/ausland-reisen\/neues-buch-der-lange-fahrrad-marsch\/","url":"https:\/\/www.people-abroad.de\/buchbesprechungen\/ausland-reisen\/neues-buch-der-lange-fahrrad-marsch\/","name":"neues Buch: Der Lange Fahrrad-Marsch - People Abroad","isPartOf":{"@id":"https:\/\/www.people-abroad.de\/buchbesprechungen\/ausland-reisen\/#website"},"primaryImageOfPage":{"@id":"https:\/\/www.people-abroad.de\/buchbesprechungen\/ausland-reisen\/neues-buch-der-lange-fahrrad-marsch\/#primaryimage"},"image":{"@id":"https:\/\/www.people-abroad.de\/buchbesprechungen\/ausland-reisen\/neues-buch-der-lange-fahrrad-marsch\/#primaryimage"},"thumbnailUrl":"https:\/\/www.people-abroad.de\/buchbesprechungen\/ausland-reisen\/wp-content\/uploads\/2025\/11\/9783864931376-199x300.jpg","datePublished":"2025-11-24T19:42:37+00:00","breadcrumb":{"@id":"https:\/\/www.people-abroad.de\/buchbesprechungen\/ausland-reisen\/neues-buch-der-lange-fahrrad-marsch\/#breadcrumb"},"inLanguage":"de","potentialAction":[{"@type":"ReadAction","target":["https:\/\/www.people-abroad.de\/buchbesprechungen\/ausland-reisen\/neues-buch-der-lange-fahrrad-marsch\/"]}]},{"@type":"ImageObject","inLanguage":"de","@id":"https:\/\/www.people-abroad.de\/buchbesprechungen\/ausland-reisen\/neues-buch-der-lange-fahrrad-marsch\/#primaryimage","url":"https:\/\/www.people-abroad.de\/buchbesprechungen\/ausland-reisen\/wp-content\/uploads\/2025\/11\/9783864931376-scaled.jpg","contentUrl":"https:\/\/www.people-abroad.de\/buchbesprechungen\/ausland-reisen\/wp-content\/uploads\/2025\/11\/9783864931376-scaled.jpg","width":1698,"height":2560},{"@type":"BreadcrumbList","@id":"https:\/\/www.people-abroad.de\/buchbesprechungen\/ausland-reisen\/neues-buch-der-lange-fahrrad-marsch\/#breadcrumb","itemListElement":[{"@type":"ListItem","position":1,"name":"Home","item":"https:\/\/www.people-abroad.de\/buchbesprechungen\/ausland-reisen\/"},{"@type":"ListItem","position":2,"name":"neues Buch: Der Lange Fahrrad-Marsch"}]},{"@type":"WebSite","@id":"https:\/\/www.people-abroad.de\/buchbesprechungen\/ausland-reisen\/#website","url":"https:\/\/www.people-abroad.de\/buchbesprechungen\/ausland-reisen\/","name":"People Abroad","description":"Reisen, Buchtipps &amp; Literatur","publisher":{"@id":"https:\/\/www.people-abroad.de\/buchbesprechungen\/ausland-reisen\/#\/schema\/person\/9a9eab346b83cd8fb098eb6d1643e09d"},"potentialAction":[{"@type":"SearchAction","target":{"@type":"EntryPoint","urlTemplate":"https:\/\/www.people-abroad.de\/buchbesprechungen\/ausland-reisen\/?s={search_term_string}"},"query-input":{"@type":"PropertyValueSpecification","valueRequired":true,"valueName":"search_term_string"}}],"inLanguage":"de"},{"@type":["Person","Organization"],"@id":"https:\/\/www.people-abroad.de\/buchbesprechungen\/ausland-reisen\/#\/schema\/person\/9a9eab346b83cd8fb098eb6d1643e09d","name":"Heiko M\u00fcller","logo":{"@id":"https:\/\/www.people-abroad.de\/buchbesprechungen\/ausland-reisen\/#\/schema\/person\/image\/"},"sameAs":["https:\/\/www.people-abroad.de\/blog\/"]},{"@type":"Person","@id":"https:\/\/www.people-abroad.de\/buchbesprechungen\/ausland-reisen\/#\/schema\/person\/c9393edf64c67a46c85c054f8ecf1287","name":"Erwin Ritter","url":"https:\/\/www.people-abroad.de\/buchbesprechungen\/ausland-reisen\/author\/admin\/"}]}},"_links":{"self":[{"href":"https:\/\/www.people-abroad.de\/buchbesprechungen\/ausland-reisen\/wp-json\/wp\/v2\/posts\/7378","targetHints":{"allow":["GET"]}}],"collection":[{"href":"https:\/\/www.people-abroad.de\/buchbesprechungen\/ausland-reisen\/wp-json\/wp\/v2\/posts"}],"about":[{"href":"https:\/\/www.people-abroad.de\/buchbesprechungen\/ausland-reisen\/wp-json\/wp\/v2\/types\/post"}],"author":[{"embeddable":true,"href":"https:\/\/www.people-abroad.de\/buchbesprechungen\/ausland-reisen\/wp-json\/wp\/v2\/users\/1"}],"replies":[{"embeddable":true,"href":"https:\/\/www.people-abroad.de\/buchbesprechungen\/ausland-reisen\/wp-json\/wp\/v2\/comments?post=7378"}],"version-history":[{"count":1,"href":"https:\/\/www.people-abroad.de\/buchbesprechungen\/ausland-reisen\/wp-json\/wp\/v2\/posts\/7378\/revisions"}],"predecessor-version":[{"id":7380,"href":"https:\/\/www.people-abroad.de\/buchbesprechungen\/ausland-reisen\/wp-json\/wp\/v2\/posts\/7378\/revisions\/7380"}],"wp:attachment":[{"href":"https:\/\/www.people-abroad.de\/buchbesprechungen\/ausland-reisen\/wp-json\/wp\/v2\/media?parent=7378"}],"wp:term":[{"taxonomy":"category","embeddable":true,"href":"https:\/\/www.people-abroad.de\/buchbesprechungen\/ausland-reisen\/wp-json\/wp\/v2\/categories?post=7378"},{"taxonomy":"post_tag","embeddable":true,"href":"https:\/\/www.people-abroad.de\/buchbesprechungen\/ausland-reisen\/wp-json\/wp\/v2\/tags?post=7378"}],"curies":[{"name":"wp","href":"https:\/\/api.w.org\/{rel}","templated":true}]}}