{"id":9203,"date":"2018-10-23T15:35:56","date_gmt":"2018-10-23T13:35:56","guid":{"rendered":"https:\/\/www.people-abroad.de\/blog\/?p=9203"},"modified":"2026-03-13T09:50:14","modified_gmt":"2026-03-13T08:50:14","slug":"zugspitze-wanderung-spitzenwanderweg","status":"publish","type":"post","link":"https:\/\/www.people-abroad.de\/blog\/zugspitze-wanderung-spitzenwanderweg\/","title":{"rendered":"Auf die Zugspitze wandern &#8211; ein Tourenbericht"},"content":{"rendered":"<div id=\"ez-toc-container\" class=\"ez-toc-v2_0_82_2 counter-flat ez-toc-counter ez-toc-grey ez-toc-container-direction\">\n<div class=\"ez-toc-title-container\">\n<p class=\"ez-toc-title\" style=\"cursor:inherit\">Inhaltsverzeichnis<\/p>\n<span class=\"ez-toc-title-toggle\"><a href=\"#\" class=\"ez-toc-pull-right ez-toc-btn ez-toc-btn-xs ez-toc-btn-default ez-toc-toggle\" aria-label=\"Toggle Table of Content\"><span class=\"ez-toc-js-icon-con\"><span class=\"\"><span class=\"eztoc-hide\" style=\"display:none;\">Toggle<\/span><span class=\"ez-toc-icon-toggle-span\"><svg style=\"fill: #999;color:#999\" xmlns=\"http:\/\/www.w3.org\/2000\/svg\" class=\"list-377408\" width=\"20px\" height=\"20px\" viewBox=\"0 0 24 24\" fill=\"none\"><path d=\"M6 6H4v2h2V6zm14 0H8v2h12V6zM4 11h2v2H4v-2zm16 0H8v2h12v-2zM4 16h2v2H4v-2zm16 0H8v2h12v-2z\" fill=\"currentColor\"><\/path><\/svg><svg style=\"fill: #999;color:#999\" class=\"arrow-unsorted-368013\" xmlns=\"http:\/\/www.w3.org\/2000\/svg\" width=\"10px\" height=\"10px\" viewBox=\"0 0 24 24\" version=\"1.2\" baseProfile=\"tiny\"><path d=\"M18.2 9.3l-6.2-6.3-6.2 6.3c-.2.2-.3.4-.3.7s.1.5.3.7c.2.2.4.3.7.3h11c.3 0 .5-.1.7-.3.2-.2.3-.5.3-.7s-.1-.5-.3-.7zM5.8 14.7l6.2 6.3 6.2-6.3c.2-.2.3-.5.3-.7s-.1-.5-.3-.7c-.2-.2-.4-.3-.7-.3h-11c-.3 0-.5.1-.7.3-.2.2-.3.5-.3.7s.1.5.3.7z\"\/><\/svg><\/span><\/span><\/span><\/a><\/span><\/div>\n<nav><ul class='ez-toc-list ez-toc-list-level-1 eztoc-toggle-hide-by-default' ><li class='ez-toc-page-1'><a class=\"ez-toc-link ez-toc-heading-1\" href=\"https:\/\/www.people-abroad.de\/blog\/zugspitze-wanderung-spitzenwanderweg\/#Auf_die_Zugspitze_wandern_%E2%80%93_mein_Tourenbericht_in_der_Zugspitz-Region\" >Auf die Zugspitze wandern \u2013 mein Tourenbericht in der Zugspitz-Region<\/a><\/li><li class='ez-toc-page-1'><a class=\"ez-toc-link ez-toc-heading-2\" href=\"https:\/\/www.people-abroad.de\/blog\/zugspitze-wanderung-spitzenwanderweg\/#Auf_die_Zugspitze_wandern_%E2%80%93_Tag_1_Von_Garmisch-Partenkirchen_zum_Kreuzeckhaus_via_Graseck_Reintal_Jaegersteig\" >Auf die Zugspitze wandern &#8211; Tag 1: Von Garmisch-Partenkirchen zum Kreuzeckhaus via Graseck, Reintal, J\u00e4gersteig<\/a><\/li><li class='ez-toc-page-1'><a class=\"ez-toc-link ez-toc-heading-3\" href=\"https:\/\/www.people-abroad.de\/blog\/zugspitze-wanderung-spitzenwanderweg\/#Auf_die_Zugspitze_wandern_%E2%80%93_2_Tag_Alpspitz-Ferrata_und_Abstieg_ins_Hoellental_ueber_das_Hupfleitenjoch\" >Auf die Zugspitze wandern &#8211; 2. Tag: Alpspitz-Ferrata und Abstieg ins H\u00f6llental \u00fcber das Hupfleitenjoch<\/a><\/li><li class='ez-toc-page-1'><a class=\"ez-toc-link ez-toc-heading-4\" href=\"https:\/\/www.people-abroad.de\/blog\/zugspitze-wanderung-spitzenwanderweg\/#Auf_die_Zugspitze_wandern_%E2%80%93_Tag_3_Via_Hoellental_auf_die_Zugspitze\" >Auf die Zugspitze wandern &#8211; Tag 3: Via H\u00f6llental auf die Zugspitze<\/a><\/li><li class='ez-toc-page-1'><a class=\"ez-toc-link ez-toc-heading-5\" href=\"https:\/\/www.people-abroad.de\/blog\/zugspitze-wanderung-spitzenwanderweg\/#Auf_die_Zugspitze_wandern_%E2%80%93_meine_5_Tipps\" >Auf die Zugspitze wandern &#8211; meine 5 Tipps<\/a><\/li><\/ul><\/nav><\/div>\n<p><a href=\"https:\/\/www.people-abroad.de\/blog\/zugspitze-wanderung-spitzenwanderweg\/\"><img decoding=\"async\" class=\"alignleft wp-image-9714 size-full\" style=\"margin-bottom: 25px;\" src=\"https:\/\/www.people-abroad.de\/blog\/wp-content\/uploads\/2018\/10\/zuspitze-wanderung-bayern-spitzenwanderweg-.jpg\" alt=\"Zugspitze Wanderung Spitzenwanderweg Alpen\" width=\"1200\" height=\"900\" srcset=\"https:\/\/www.people-abroad.de\/blog\/wp-content\/uploads\/2018\/10\/zuspitze-wanderung-bayern-spitzenwanderweg-.jpg 1200w, https:\/\/www.people-abroad.de\/blog\/wp-content\/uploads\/2018\/10\/zuspitze-wanderung-bayern-spitzenwanderweg--300x225.jpg 300w, https:\/\/www.people-abroad.de\/blog\/wp-content\/uploads\/2018\/10\/zuspitze-wanderung-bayern-spitzenwanderweg--768x576.jpg 768w, https:\/\/www.people-abroad.de\/blog\/wp-content\/uploads\/2018\/10\/zuspitze-wanderung-bayern-spitzenwanderweg--1024x768.jpg 1024w, https:\/\/www.people-abroad.de\/blog\/wp-content\/uploads\/2018\/10\/zuspitze-wanderung-bayern-spitzenwanderweg--400x300.jpg 400w\" sizes=\"(max-width: 1200px) 100vw, 1200px\" \/><\/a><\/p>\n<p>[Werbung] Auf die Zugspitze zu wandern ist ein einmaliges Alpen-Erlebnis. Hier findest du einen Tourenbericht auf dem Spitzenwanderweg mit Tipps f\u00fcr die Zugspitz-Region.<!--more--><\/p>\n<p>&nbsp;<\/p>\n<p>Kooperation | Zugspitz-Region<\/p>\n<h2><span class=\"ez-toc-section\" id=\"Auf_die_Zugspitze_wandern_%E2%80%93_mein_Tourenbericht_in_der_Zugspitz-Region\"><\/span><span style=\"font-size: medium;\"><b>Auf die Zugspitze wandern \u2013 mein Tourenbericht in der Zugspitz-Region<\/b><\/span><span class=\"ez-toc-section-end\"><\/span><\/h2>\n<p><span style=\"font-size: medium;\">Mit Alpspitze und Zugspitze stehen gleich zwei Gipfel auf dem Programm unserer dreit\u00e4gigen Wanderung in der Zugspitz-Region in <a href=\"https:\/\/www.people-abroad.de\/blog\/regionen-reiseziele-sueddeutschland\/\">S\u00fcddeutschland<\/a>. Dabei werden wir auf dem neuen Spitzenwanderweg unterwegs sein. Die beschilderte Rundtour \u00fcber insgesamt 201 km kann beliebig in verschiedenen Teiletappen erwandert werden. Auf die Zugspitze wandern &#8211; das wird ein richtiges Abenteuer.<\/span><\/p>\n<p><span style=\"font-size: medium;\">Man erh\u00e4lt immer wieder gro\u00dfartige Ausblicke auf das vielseitige und abwechslungsreiche Panorama der Alpenregion.\u00a0<\/span><span style=\"font-size: medium;\">W\u00e4hrend unserer Tour haben wir geplant die Alpspitze (2.628 m) und die\u00a0<\/span><span style=\"font-size: medium;\">Zugspitze (2.962 m) zu besteigen via H\u00f6llental, einem anspruchsvollen Klettersteig.\u00a0<\/span><\/p>\n<p><span style=\"font-size: medium;\"><i>Drei Bloggerinnen \u2013 Christina von <a href=\"http:\/\/www.klimbingkorns.de\">Klimbingkorns<\/a>, Anja von <a href=\"http:\/\/www.mountainista.de\">Mountainista<\/a> und ich (Larissa) von People Abroad \u2013 wurden eingeladen die Zugspitz-Region kennenzulernen und Teile des neuen Spitzenwanderweges zu erkunden.<\/i><\/span><\/p>\n<p><span style=\"font-size: medium;\">Als ich im Flixbus Richtung Garmisch Partenkirchen sitze, habe ich zum ersten Mal Ruhe mich gedanklich auf die kommende Tour einzustellen. Obwohl das nicht meine erste alpine Tour ist und ich regelm\u00e4\u00dfig am Fels klettere, bin ich aufgeregt. In der H\u00f6he bin ich dann doch eher selten. Felsen, weite Schneefelder, Gletscherspalten kommen mir in den Sinn. <\/span><\/p>\n<p><span style=\"font-size: medium;\">W\u00e4hrend ich gedanklich abschweife, ziehen gr\u00fcne satte Wiesen an mir vorbei und das Wettersteingebirge \u00f6ffnet sich zu unserer Linken. Vorfreude kommt auf, denn ein Trip in die Berge birgt jedes Mal \u00dcberraschungen. Welche Abenteuer wohl diesmal auf mich warten?<\/span><\/p>\n<p><img decoding=\"async\" class=\"alignleft wp-image-9763 size-full\" style=\"margin-bottom: 25px;\" src=\"https:\/\/www.people-abroad.de\/blog\/wp-content\/uploads\/2018\/10\/zugspitze-spitzenwanderweg.jpg\" alt=\"Zugspitze Wanderung Spitzenwanderweg Alpen\" width=\"900\" height=\"675\" srcset=\"https:\/\/www.people-abroad.de\/blog\/wp-content\/uploads\/2018\/10\/zugspitze-spitzenwanderweg.jpg 900w, https:\/\/www.people-abroad.de\/blog\/wp-content\/uploads\/2018\/10\/zugspitze-spitzenwanderweg-300x225.jpg 300w, https:\/\/www.people-abroad.de\/blog\/wp-content\/uploads\/2018\/10\/zugspitze-spitzenwanderweg-768x576.jpg 768w, https:\/\/www.people-abroad.de\/blog\/wp-content\/uploads\/2018\/10\/zugspitze-spitzenwanderweg-400x300.jpg 400w\" sizes=\"(max-width: 900px) 100vw, 900px\" \/><\/p>\n<h2><span class=\"ez-toc-section\" id=\"Auf_die_Zugspitze_wandern_%E2%80%93_Tag_1_Von_Garmisch-Partenkirchen_zum_Kreuzeckhaus_via_Graseck_Reintal_Jaegersteig\"><\/span><span style=\"font-size: medium;\"><b>Auf die Zugspitze wandern &#8211; Tag 1: Von Garmisch-Partenkirchen zum Kreuzeckhaus via Graseck, Reintal, J\u00e4gersteig<\/b><\/span><span class=\"ez-toc-section-end\"><\/span><\/h2>\n<p><span style=\"font-size: medium;\">Die Sonne begr\u00fc\u00dft mich an diesem Morgen, als ich aufwache. Ich ziehe die Vorh\u00e4nge weit auf und bedauere etwas, dass ich nicht mehr Zeit habe das Apartment zu genie\u00dfen. Ich bin im Quartier untergebracht und mein Apartment erinnert an ein <\/span><span style=\"font-size: medium;\"><i>tiny house<\/i><\/span><span style=\"font-size: medium;\">. Der Blick auf die Berge er\u00f6ffnet sich mir zu beiden Seiten durch die hohen Fenster. Das <a href=\"https:\/\/www.quartier-gapa.de\">Quartier<\/a> ist ideal, um es sich vor oder auch nach einer Bergtour richtig gut gehen zu lassen.<\/span><\/p>\n<p><span style=\"font-size: medium;\">Um 9 Uhr erwartet uns Bergf\u00fchrer Thomas und wir machen uns auf den Weg. Gestartet wird am Olympia Skistadion. Da die Partnachklamm gesperrt ist, gehen wir \u00fcber das Graseck weiter. Der Weg f\u00fchrt uns \u00fcber ein paar zus\u00e4tzliche H\u00f6henmeter schlie\u00dflich per Br\u00fccke \u00fcber die Partnachklamm. Weit unter uns flie\u00dft die Partnach, eingeengt zwischen den steilen W\u00e4nde der Klamm. <\/span><\/p>\n<p><span style=\"font-size: medium;\">Bis zu 86 m schneidet sich die Partnach an den tiefsten Stellen durch die m\u00e4chtigen Gesteinsschichten des Wettersteingebirges. Die Klamm ist als Naturdenkmal ausgezeichnet und gilt als eines der sch\u00f6nsten und eindrucksvollsten Bayerns. Der Einstieg ist das Nadel\u00f6hr und Ausgangspunkt vieler Touren. Neben Bergsteigern und Wanderern frequentieren auch viele Tagestouristen die ca. 700 m lange Klamm.<\/span><\/p>\n<p><img decoding=\"async\" class=\"alignleft wp-image-9674 size-full\" style=\"margin-bottom: 25px;\" src=\"https:\/\/www.people-abroad.de\/blog\/wp-content\/uploads\/2018\/10\/zugspitze-wanderung-spitzenwanderweg-start.jpg\" alt=\"Zugspitze Wanderung Spitzenwanderweg Alpen\" width=\"900\" height=\"675\" srcset=\"https:\/\/www.people-abroad.de\/blog\/wp-content\/uploads\/2018\/10\/zugspitze-wanderung-spitzenwanderweg-start.jpg 900w, https:\/\/www.people-abroad.de\/blog\/wp-content\/uploads\/2018\/10\/zugspitze-wanderung-spitzenwanderweg-start-300x225.jpg 300w, https:\/\/www.people-abroad.de\/blog\/wp-content\/uploads\/2018\/10\/zugspitze-wanderung-spitzenwanderweg-start-768x576.jpg 768w, https:\/\/www.people-abroad.de\/blog\/wp-content\/uploads\/2018\/10\/zugspitze-wanderung-spitzenwanderweg-start-400x300.jpg 400w\" sizes=\"(max-width: 900px) 100vw, 900px\" \/><\/p>\n<p><span style=\"font-size: medium;\">\/\/Tipp: Auch im Winter ist die Partnachklamm ge\u00f6ffnet und bietet ein besonderes Naturschauspiel: meterlange Eiszapfen an den W\u00e4nden der Klamm wachsen zu Eisvorh\u00e4ngen zusammen, Wasserf\u00e4lle erstarren und die Partnach bahnt sich unbeirrt ihren Weg durch die Eiswelt. Ob Sommer oder Winter \u2013 vor der Begehung sollte man sich informieren, ob die Klamm ge\u00f6ffnet ist. F\u00fcr Alternativen, z.B. \u00fcber das Graseck ins Reintal, muss man mehr Zeit einrechnen.\/\/<\/span><\/p>\n<p><span style=\"font-size: medium;\">Der Weg f\u00fchrt uns weiter bergauf durch den Wald und auf breite Forstwege. Neben uns tauchen Schutth\u00e4nge des Hauptdolomits auf, der in den Bayerischen Alpen am weitesten verbreitet ist. Vor uns zeigen sich die Gipfel des Wettersteingebirges. Unterhalb des Schachen gehen wir weiter zur Bockh\u00fctte. Der Weg ist idyllisch und trotz des hei\u00dfen Sommers ist hier alles gr\u00fcn und saftig.<\/span><\/p>\n<p><span style=\"font-size: medium;\"> Um 12.30 Uhr gelangen wir zur Bockh\u00fctte (1.052 m), die zum Verweilen einl\u00e4dt, und machen eine Pause. Von Juni bis Mitte September ist sie bewirtschaftet. Hier angekommen er\u00f6ffnet sich uns das sch\u00f6ne Reintal, welches oberhalb der Klamm bis zum Zugspitzplatt wie eine Trennlinie zwischen den Gebirgsk\u00e4mmen des Wettersteins verl\u00e4uft. <\/span><\/p>\n<p><span style=\"font-size: medium;\">Einst vom Gletscher angelegt, beeindruckt das Reintal heute durch seine Urspr\u00fcnglichkeit und Naturn\u00e4he. Keine Stra\u00dfe f\u00fchrt hierher und die Natur konnte sich nahezu ungehindert entwickeln. Damit das so bleibt, ist es heute als Naturschutzgebiet ausgewiesen.<\/span><\/p>\n<p><img decoding=\"async\" class=\"alignleft wp-image-9675 size-full\" style=\"margin-bottom: 25px;\" src=\"https:\/\/www.people-abroad.de\/blog\/wp-content\/uploads\/2018\/10\/zugspitze-wanderung-spitzenwanderweg-2.jpg\" alt=\"Zugspitze Wanderung Spitzenwanderweg Alpen\" width=\"900\" height=\"675\" srcset=\"https:\/\/www.people-abroad.de\/blog\/wp-content\/uploads\/2018\/10\/zugspitze-wanderung-spitzenwanderweg-2.jpg 900w, https:\/\/www.people-abroad.de\/blog\/wp-content\/uploads\/2018\/10\/zugspitze-wanderung-spitzenwanderweg-2-300x225.jpg 300w, https:\/\/www.people-abroad.de\/blog\/wp-content\/uploads\/2018\/10\/zugspitze-wanderung-spitzenwanderweg-2-768x576.jpg 768w, https:\/\/www.people-abroad.de\/blog\/wp-content\/uploads\/2018\/10\/zugspitze-wanderung-spitzenwanderweg-2-400x300.jpg 400w\" sizes=\"(max-width: 900px) 100vw, 900px\" \/><\/p>\n<p><span style=\"font-size: medium;\">\/\/Tipp f\u00fcr<\/span><b> <\/b><span style=\"font-size: medium;\">weniger Kraxel-affine Bergleute: Wem der Aufstieg zur Zugspitze \u00fcber das H\u00f6llental zu heavy ist, kann von der Bockh\u00fctte auf Wanderwegen \u00fcber die Reintalangerh\u00fctte und Knorrh\u00fctte die Zugspitze erklimmen.\/\/<\/span><\/p>\n<p><span style=\"font-size: medium;\">Das Wetter ist bombastisch: strahlender Sonnenschein und sommerliche Temperaturen bringen uns ganz sch\u00f6n ins Schwitzen, als wir \u00fcber den abwechslungsreichen J\u00e4gersteig zum Kreuzeckhaus aufsteigen.\u00a0<\/span><span style=\"font-size: medium;\">Durch den Wald, \u00fcber Stock und Stein, schl\u00e4ngelt sich der Weg in Serpentinen einige H\u00f6henmeter hinauf. Zu unserer Rechten lichtet sich der Wald und ein wundersch\u00f6nes Alpenpanorama zeigt sich, welches neben tiefen auch sehr weite Blicke erlaubt. <\/span><\/p>\n<p><span style=\"font-size: medium;\">Wir kommen am Sch\u00fctzensteig vorbei, mit Abzweig zur Stuiben-H\u00fctte. Eine urige Selbstversorgerh\u00fctte, die im Winter Ausgangspunkt f\u00fcr Skitouren am Stuibenkopf und der Mauerscharte ist und ausschlie\u00dflich mit Schneehschuhen oder Tourenski erreicht werden kann.<\/span><\/p>\n<p><img decoding=\"async\" class=\"alignleft wp-image-9678 size-full\" style=\"margin-bottom: 25px;\" src=\"https:\/\/www.people-abroad.de\/blog\/wp-content\/uploads\/2018\/10\/zugspitze-wanderung-spitzenwanderweg-3.jpg\" alt=\"Zugspitze Wanderung Spitzenwanderweg Alpen\" width=\"900\" height=\"675\" srcset=\"https:\/\/www.people-abroad.de\/blog\/wp-content\/uploads\/2018\/10\/zugspitze-wanderung-spitzenwanderweg-3.jpg 900w, https:\/\/www.people-abroad.de\/blog\/wp-content\/uploads\/2018\/10\/zugspitze-wanderung-spitzenwanderweg-3-300x225.jpg 300w, https:\/\/www.people-abroad.de\/blog\/wp-content\/uploads\/2018\/10\/zugspitze-wanderung-spitzenwanderweg-3-768x576.jpg 768w, https:\/\/www.people-abroad.de\/blog\/wp-content\/uploads\/2018\/10\/zugspitze-wanderung-spitzenwanderweg-3-400x300.jpg 400w\" sizes=\"(max-width: 900px) 100vw, 900px\" \/><em>\u00a9 Christina Lauterkorn &#8211; www.klimbingkorns.de<\/em><\/p>\n<p><span style=\"font-size: medium;\">Auch wenn der Weg im Wald teils mit Holzstufen und Gel\u00e4ndern ausgebessert ist, geht es auch \u00fcber steinige Pfade und der Weg hat \u00fcberwiegend Steigcharakter. Daher sollte man trittsicher sein und bei nassen Verh\u00e4ltnissen besonders aufpassen. In der Abendsonne erreichen wir die Kreuzeckh\u00fctte. Empfangen werden wir von einem mystischen Sonnenuntergang, der die Alpspitze von ihrer sch\u00f6nsten Seite pr\u00e4sentiert. <\/span><\/p>\n<p><span style=\"font-size: medium;\">Da geht es morgen also rauf. Der Blick ins Tal f\u00fchrt mir vor Augen, wie hoch wir am heutigen Tag gestiegen sind. \u00dcber 1.200 H\u00f6henmeter sowie einige hundert im Abstieg liegen hinter uns, verteilt auf ca. 18 km. Die Kreuzeckbahn steht schon still und wird erst morgen fr\u00fch wieder die Massen auf den Berg bringen. Hier oben ist jetzt nur noch, wer hier bleiben will.<\/span><\/p>\n<p><span style=\"font-size: medium;\">Das Kreuzeckhaus (1.651 m) ist gem\u00fctlich. Wir bekommen entgegen meiner Erwartung kleine aber feine Zweibettzimmer mit Waschbecken. Hei\u00dfes Wasser gibt es auch, um den Schwei\u00df vom Tag loszuwerden. Die F\u00fc\u00dfe brennen. Sie sind die schweren Bergschuhe nicht gewohnt. Auch wenn ich heute fluche und meine leichten Trail-Schuhe im wahrsten Sinne des Wortes schmerzlich vermisse: die n\u00e4chsten Tage werden mir lehren, dass dieser Schuh genau der Richtige ist.<\/span><\/p>\n<p><img decoding=\"async\" class=\"alignleft wp-image-9681 size-full\" style=\"margin-bottom: 25px;\" src=\"https:\/\/www.people-abroad.de\/blog\/wp-content\/uploads\/2018\/10\/zugspitze-wanderung-spitzenwanderweg-4.jpg\" alt=\"Zugspitze Wanderung Spitzenwanderweg Alpen\" width=\"900\" height=\"674\" srcset=\"https:\/\/www.people-abroad.de\/blog\/wp-content\/uploads\/2018\/10\/zugspitze-wanderung-spitzenwanderweg-4.jpg 900w, https:\/\/www.people-abroad.de\/blog\/wp-content\/uploads\/2018\/10\/zugspitze-wanderung-spitzenwanderweg-4-300x225.jpg 300w, https:\/\/www.people-abroad.de\/blog\/wp-content\/uploads\/2018\/10\/zugspitze-wanderung-spitzenwanderweg-4-768x575.jpg 768w, https:\/\/www.people-abroad.de\/blog\/wp-content\/uploads\/2018\/10\/zugspitze-wanderung-spitzenwanderweg-4-400x300.jpg 400w\" sizes=\"(max-width: 900px) 100vw, 900px\" \/><\/p>\n<p><span style=\"font-size: medium;\">K\u00fchles Bier, ein klassisches H\u00fcttenmen\u00fc und der tolle Tag im Gep\u00e4ck stimmen mich gl\u00fccklich, als wir uns im Gastraum zusammen finden, um den Tag ausklingen zu lassen. Wie einfach es doch ist hier oben gl\u00fccklich zu sein. Um 22.30 Uhr kriechen wir dann m\u00fcde in unsere Stockbetten. Ausruhen und Kraft tanken f\u00fcr den n\u00e4chsten Tag.<\/span><\/p>\n<h2><span class=\"ez-toc-section\" id=\"Auf_die_Zugspitze_wandern_%E2%80%93_2_Tag_Alpspitz-Ferrata_und_Abstieg_ins_Hoellental_ueber_das_Hupfleitenjoch\"><\/span><span style=\"font-size: medium;\"><b>Auf die Zugspitze wandern &#8211; 2. Tag: Alpspitz-Ferrata und Abstieg ins H\u00f6llental \u00fcber das Hupfleitenjoch<\/b><\/span><span class=\"ez-toc-section-end\"><\/span><\/h2>\n<p><span style=\"font-size: medium;\">Als ich morgens aus der H\u00fctte trete, sehe ich die Alpspitze schon strahlend vor mir. Die Sonne knallt bereits vom Himmel und unser Weg f\u00fchrt uns mal wieder steil bergauf, vorbei an Wiesen und Schutthalden, in schroffere, felsige H\u00f6hen. Es wird also weiter geschwitzt und ich frage mich, ob ich meine warmen Sachen diesmal umsonst mitschleppe. <\/span><\/p>\n<p><span style=\"font-size: medium;\">Erheitert entdecken wir auf halber Strecke zum Osterfelderkopf (2.057 m) drei H\u00e4ngest\u00fchle. Da hat mal jemand mitgedacht, denke ich mir und fl\u00e4ze mich mit den M\u00e4dels erstmal rein. Viel Zeit bleibt aber nicht, denn da wartet ja noch ein Gipfel auf uns, der erklommen werden will.<\/span><\/p>\n<p><img decoding=\"async\" class=\"alignleft wp-image-9683 size-full\" style=\"margin-bottom: 25px;\" src=\"https:\/\/www.people-abroad.de\/blog\/wp-content\/uploads\/2018\/10\/zugspitze-wanderung-spitzenwanderweg-5.jpg\" alt=\"Zugspitze Wanderung Spitzenwanderweg Alpen\" width=\"900\" height=\"675\" srcset=\"https:\/\/www.people-abroad.de\/blog\/wp-content\/uploads\/2018\/10\/zugspitze-wanderung-spitzenwanderweg-5.jpg 900w, https:\/\/www.people-abroad.de\/blog\/wp-content\/uploads\/2018\/10\/zugspitze-wanderung-spitzenwanderweg-5-300x225.jpg 300w, https:\/\/www.people-abroad.de\/blog\/wp-content\/uploads\/2018\/10\/zugspitze-wanderung-spitzenwanderweg-5-768x576.jpg 768w, https:\/\/www.people-abroad.de\/blog\/wp-content\/uploads\/2018\/10\/zugspitze-wanderung-spitzenwanderweg-5-400x300.jpg 400w\" sizes=\"(max-width: 900px) 100vw, 900px\" \/><\/p>\n<p><span style=\"font-size: medium;\">Nach einer kalten Cola auf der Terrasse des Alpspitz-Restaurants stimmt der Blutzucker wieder. Wir starten zur Alpspitz-Ferrata, nur unweit der H\u00fctte. Schwer zu \u00fcbersehen, denn wir sind nicht die Einzigen mit diesem Ziel und so m\u00fcssen wir schauen, dass wir eine L\u00fccke erwischen um einzusteigen. Obwohl es unter der Woche ist, herrscht relativ viel Betrieb. Wir ziehen unsere Gurte an und klinken uns ins Eisen ein. Los geht&#8217;s!<\/span><\/p>\n<p><span style=\"font-size: medium;\">Der Klettersteig ist mittelschwer (B) und f\u00fcr fitte Leute ein guter Einstieg. Auch wenn ich viel bouldere und klettere, ist diese Art des Kraxelns neu f\u00fcr mich und das viele Eisen im Fels etwas befremdlich. Doch der Aufstieg macht mir richtig Spa\u00df. Klammernplatten und -reihen wechseln sich mit gestuftem Gel\u00e4nde ab. Ein riesiger Outdoor-Spielplatz. <\/span><\/p>\n<p><span style=\"font-size: medium;\">Dank der durchgehenden Absicherung, kann ich auch bei exponierten und steilen Passagen das Erlebnis und die Aussicht voll genie\u00dfen. In der Gipfelrinne zum Grat m\u00fcssen wir z\u00fcgig, aber vorsichtig sein, um keine Steine loszutreten. Ein Helm ist daher, wie in jedem Klettersteig, ein Muss!<\/span><\/p>\n<p><span style=\"font-size: medium;\">Gipfelgl\u00fcck stellt sich ein. Rundherum Alpenpanorama, keine Wolke tr\u00fcbt die Sicht. Der Waxensteinkamm, das Karwendel und die Wettersteinwand zeigen sich von ihrer sch\u00f6nsten Seite. An der Zugspitze wandern &#8211; ein wahres Abenteuer!<\/span><\/p>\n<p><img decoding=\"async\" class=\"alignleft wp-image-9686 size-full\" style=\"margin-bottom: 25px;\" src=\"https:\/\/www.people-abroad.de\/blog\/wp-content\/uploads\/2018\/10\/zugspitze-wanderung-spitzenwanderweg-7.jpg\" alt=\"Zugspitze Wanderung Spitzenwanderweg Alpen\" width=\"900\" height=\"600\" srcset=\"https:\/\/www.people-abroad.de\/blog\/wp-content\/uploads\/2018\/10\/zugspitze-wanderung-spitzenwanderweg-7.jpg 900w, https:\/\/www.people-abroad.de\/blog\/wp-content\/uploads\/2018\/10\/zugspitze-wanderung-spitzenwanderweg-7-300x200.jpg 300w, https:\/\/www.people-abroad.de\/blog\/wp-content\/uploads\/2018\/10\/zugspitze-wanderung-spitzenwanderweg-7-768x512.jpg 768w, https:\/\/www.people-abroad.de\/blog\/wp-content\/uploads\/2018\/10\/zugspitze-wanderung-spitzenwanderweg-7-400x267.jpg 400w, https:\/\/www.people-abroad.de\/blog\/wp-content\/uploads\/2018\/10\/zugspitze-wanderung-spitzenwanderweg-7-272x182.jpg 272w\" sizes=\"(max-width: 900px) 100vw, 900px\" \/><em>\u00a9 Thomas Schiller &#8211; www.bergfuehrer-schiller.de<\/em><\/p>\n<p><img decoding=\"async\" class=\"alignleft wp-image-9685 size-full\" style=\"margin-bottom: 25px;\" src=\"https:\/\/www.people-abroad.de\/blog\/wp-content\/uploads\/2018\/10\/zugspitze-wanderung-spitzenwanderweg-6.jpg\" alt=\"Zugspitze Wanderung Spitzenwanderweg Alpen\" width=\"900\" height=\"675\" srcset=\"https:\/\/www.people-abroad.de\/blog\/wp-content\/uploads\/2018\/10\/zugspitze-wanderung-spitzenwanderweg-6.jpg 900w, https:\/\/www.people-abroad.de\/blog\/wp-content\/uploads\/2018\/10\/zugspitze-wanderung-spitzenwanderweg-6-300x225.jpg 300w, https:\/\/www.people-abroad.de\/blog\/wp-content\/uploads\/2018\/10\/zugspitze-wanderung-spitzenwanderweg-6-768x576.jpg 768w, https:\/\/www.people-abroad.de\/blog\/wp-content\/uploads\/2018\/10\/zugspitze-wanderung-spitzenwanderweg-6-400x300.jpg 400w\" sizes=\"(max-width: 900px) 100vw, 900px\" \/><em>\u00a9 Anja Woertge &#8211; www.mountainista.de<\/em><\/p>\n<p><span style=\"font-size: medium;\">Runter geht es \u00fcber den Nordwandsteig. Dieser ist nur teilweise gesichert und f\u00fchrt \u00fcber einen Ger\u00f6llhang hinunter. Anstrengend. Jetzt bin ich froh \u00fcber die schweren, stabilen Bergschuhe und den Stock, den mir ein Mitstreiter ausleiht. Wir kommen auf einen steinigen, zum Teil \u00fcber Fels f\u00fchrenden Weg. Rechts geht es steil runter, und die m\u00fcden Beine sind etwas wackelig. Jetzt nur nicht stolpern! Wir passieren zwei Tunnel, die durch den Fels hindurchf\u00fchren.<\/span><\/p>\n<p><span style=\"font-size: medium;\">Zur\u00fcck am Osterfelderkopf machen wir eine Pause. Die dortige Aussichtsplattform AlpspiX ist eine frei \u201eschwebende\u201c Konstruktion. Die Gitterroste unter den F\u00fc\u00dfen geben den Blick frei in das etwa 1.000 m tiefere H\u00f6llental. Ganz sch\u00f6n luftig. Und ganz sch\u00f6n weit, denke ich mir. Denn da m\u00fcssen wir heute noch runter.<\/span><\/p>\n<p><span style=\"font-size: medium;\">\/\/Tipp: Wer weniger Zeit oder Kondition hat, nimmt die Alpspitzbahn zum Osterfelderkopf, um das Alpenpanorama von der Aussichtsplattform AlpspiX zu genie\u00dfen oder \u00fcber die Alspspitz-Ferrata den Gipfel zu erklimmen.\/\/<\/span><\/p>\n<p><span style=\"font-size: medium;\">\u00dcber das Hupfleitenjoch steigen wir zun\u00e4chst auf einfachen Wegen ab. Wir sind nun wieder auf einem Teil vom neuen <a href=\"http:\/\/www.spitzenwanderweg.de\">Spitzenwanderweg<\/a>, der die Natur- und Kulturlandschaften der Zugspitzregion auf bestehenden Wegen verbindet. Die neu beschilderte Rundtour umfasst etwa 14 Tagesetappen, die man am St\u00fcck oder in H\u00e4ppchen machen kann. Nach dem vielen Fels heute ist es sch\u00f6n wieder so viel Gr\u00fcn um sich zu haben. <\/span><\/p>\n<p><span style=\"font-size: medium;\">Wir gehen unter der Alpspitzbahn durch und steigen weiter ab. Der Weg wird steiniger und exponierter, der Blick ins Tal tiefer und die W\u00e4nde um uns h\u00f6her, steiler und karger. So sch\u00f6n hatte ich mir den Abstieg ins H\u00f6llental nicht vorgestellt. Wir passieren die Knappenh\u00e4user (1.526 m), Relikte des Bergbaus. Jemand hat buddhistische Fahnen aufgeh\u00e4ngt, die mich an meinen Trip durch das Langtang in Nepal vor einigen Jahren erinnern.<\/span><\/p>\n<p><span style=\"font-size: medium;\">In den Bergen ist es \u00fcberall gleich \u2013 egal, wo wir sind. Der Natur und ihren Gewalten sind wir hier ausgeliefert. Hier werden uns unsere Grenzen aufgezeigt. Hier sind wir, um unsere Grenzen zu \u00fcberwinden. Und jedes Mal lernen wir uns selbst besser kennen.<\/span><\/p>\n<p><img decoding=\"async\" class=\"alignleft wp-image-9689 size-full\" style=\"margin-bottom: 25px;\" src=\"https:\/\/www.people-abroad.de\/blog\/wp-content\/uploads\/2018\/10\/zugspitze-wanderung-spitzenwanderweg-8.jpg\" alt=\"Wanderung Spitzenwanderweg Alpen\" width=\"900\" height=\"675\" srcset=\"https:\/\/www.people-abroad.de\/blog\/wp-content\/uploads\/2018\/10\/zugspitze-wanderung-spitzenwanderweg-8.jpg 900w, https:\/\/www.people-abroad.de\/blog\/wp-content\/uploads\/2018\/10\/zugspitze-wanderung-spitzenwanderweg-8-300x225.jpg 300w, https:\/\/www.people-abroad.de\/blog\/wp-content\/uploads\/2018\/10\/zugspitze-wanderung-spitzenwanderweg-8-768x576.jpg 768w, https:\/\/www.people-abroad.de\/blog\/wp-content\/uploads\/2018\/10\/zugspitze-wanderung-spitzenwanderweg-8-400x300.jpg 400w\" sizes=\"(max-width: 900px) 100vw, 900px\" \/><\/p>\n<p><span style=\"font-size: medium;\">Mit den letzten Sonnenstrahlen erreichen wir die H\u00f6llentalangerh\u00fctte\u00a0(1.387 m). Ich blicke in das obere H\u00f6llental, sehe die markanten Riffelk\u00f6pfe und dahinter unser morgiges Ziel. Die Zugspitze. Den H\u00f6hepunkt unserer Tour. &#8222;Top of Germany&#8220; zum Greifen nah? Einige Strapazen liegen noch vor uns, aber das wei\u00df ich ja heute noch nicht und entspanne mich erstmal. Nach diesem sehr langen, sehr sch\u00f6nen und sehr anstrengenden Abstieg, m\u00fcssen erstmal die F\u00fc\u00dfe befreit werden. Was f\u00fcr eine Wohltat. <\/span><\/p>\n<p><span style=\"font-size: medium;\">Bei einem k\u00fchlen Bier auf der Terrasse erholen wir uns ein bisschen, bevor wir unsere Betten in der sehr modernen H\u00fctte beziehen. Sie wurde 2015 vom DAV neu erbaut und mit dem Umweltsiegel der Alpenvereine ausgezeichnet aufgrund des besonders umweltfreundlichen und energieeffizienten H\u00fcttenbetriebs. Im empfindlichen Alpenraum ist es besonders wichtig im Einklang mit der Natur und nachhaltig zu wirtschaften.<\/span><\/p>\n<p><span style=\"font-size: medium;\">Abends machen wir es uns am Stammtisch gem\u00fctlich. Der Gastraum ist hell und freundlich, modern und doch sehr gem\u00fctlich. Alles ist aus Holz und ein Kachelofen sorgt f\u00fcr W\u00e4rme. Das H\u00fctten-Men\u00fc tut sein restliches dazu und ein perfekter Tag in den Bergen neigt sich dem Ende entgegen.<\/span><\/p>\n<p><img decoding=\"async\" class=\"alignleft wp-image-9693 size-full\" style=\"margin-bottom: 25px;\" src=\"https:\/\/www.people-abroad.de\/blog\/wp-content\/uploads\/2018\/10\/zugspitze-wanderung-spitzenwanderweg-9.jpg\" alt=\"Wanderung Spitzenwanderweg Alpen\" width=\"900\" height=\"675\" srcset=\"https:\/\/www.people-abroad.de\/blog\/wp-content\/uploads\/2018\/10\/zugspitze-wanderung-spitzenwanderweg-9.jpg 900w, https:\/\/www.people-abroad.de\/blog\/wp-content\/uploads\/2018\/10\/zugspitze-wanderung-spitzenwanderweg-9-300x225.jpg 300w, https:\/\/www.people-abroad.de\/blog\/wp-content\/uploads\/2018\/10\/zugspitze-wanderung-spitzenwanderweg-9-768x576.jpg 768w, https:\/\/www.people-abroad.de\/blog\/wp-content\/uploads\/2018\/10\/zugspitze-wanderung-spitzenwanderweg-9-400x300.jpg 400w\" sizes=\"(max-width: 900px) 100vw, 900px\" \/><\/p>\n<h2><span class=\"ez-toc-section\" id=\"Auf_die_Zugspitze_wandern_%E2%80%93_Tag_3_Via_Hoellental_auf_die_Zugspitze\"><\/span><span style=\"font-size: medium;\"><b>Auf die Zugspitze wandern &#8211; Tag 3: Via H\u00f6llental auf die Zugspitze<\/b><\/span><span class=\"ez-toc-section-end\"><\/span><\/h2>\n<p><span style=\"font-size: medium;\">Als um 6 Uhr der Wecker klingelt, bin ich froh. Ich habe unruhig geschlafen, da gef\u00fchlt die halbe Nacht Leute durch den Gang gelaufen sind. Au\u00dferdem will ich los: Auf den Gipfel! Mein K\u00f6rpergef\u00fchl umfasst eine Mischung aus hoch motiviert, voller Energie und total ger\u00e4dert. <\/span><\/p>\n<p><span style=\"font-size: medium;\">Das Fr\u00fchst\u00fcck ist \u00fcppig, doch mehr als ein Bircher-M\u00fcsli kann ich nicht essen. Zu fr\u00fch. Zu viel vor heute. N\u00e4mlich den h\u00f6chsten Berg Deutschlands erklimmen.\u00a0<\/span><span style=\"font-size: medium;\">6.35 Uhr. Wir tapsen los. Es ist noch d\u00e4mmerig und wir laufen still hintereinander her. Bergf\u00fchrer Thomas gibt das Tempo vor und wir kommen gut voran. Warm laufen und zugleich auf jedem Schritt ruhen. Noch ist es eben, doch schon bald wird der Weg steiler. <\/span><\/p>\n<p><span style=\"font-size: medium;\">Die erste Kletterpassage steht an und wir klettern \u00fcber die \u201eLeiter\u201c auf vielen Trittb\u00fcgeln eine Steilwand hoch. Kurz sp\u00e4ter kommt bereits das \u201eBrett\u201c. \u00dcber Eisenstifte queren wir eine nahezu senkrechte Steilwand. An einem lockeren Eisenseil auf Brusth\u00f6he halten wir uns fest und klinken die Karabiner ein. Ziemlich beeindruckend, denn ziemlich viel Luft trennt unsere F\u00fc\u00dfe vom Boden.<\/span><\/p>\n<p><img decoding=\"async\" class=\"alignleft wp-image-9696 size-full\" style=\"margin-bottom: 25px;\" src=\"https:\/\/www.people-abroad.de\/blog\/wp-content\/uploads\/2018\/10\/zugspitze-wanderung-spitzenwanderweg-10.jpg\" alt=\"Wanderung Spitzenwanderweg Alpen\" width=\"900\" height=\"675\" srcset=\"https:\/\/www.people-abroad.de\/blog\/wp-content\/uploads\/2018\/10\/zugspitze-wanderung-spitzenwanderweg-10.jpg 900w, https:\/\/www.people-abroad.de\/blog\/wp-content\/uploads\/2018\/10\/zugspitze-wanderung-spitzenwanderweg-10-300x225.jpg 300w, https:\/\/www.people-abroad.de\/blog\/wp-content\/uploads\/2018\/10\/zugspitze-wanderung-spitzenwanderweg-10-768x576.jpg 768w, https:\/\/www.people-abroad.de\/blog\/wp-content\/uploads\/2018\/10\/zugspitze-wanderung-spitzenwanderweg-10-400x300.jpg 400w\" sizes=\"(max-width: 900px) 100vw, 900px\" \/><\/p>\n<p><span style=\"font-size: medium;\">Dann wird es gestufter und steiler. Schlie\u00dflich klettern wir durch eine Rinne und sind den Riffelk\u00f6pfen deutlich n\u00e4her gekommen, die sich nun \u00fcber uns erheben. Wir gehen weiter und erreichen das H\u00f6llentalkar. Den gr\u00fcnen Buckel haben wir hinter uns gelassen. Die Landschaft ist sp\u00fcrbar schroffer. Auf dem Ger\u00f6ll ist das Gehen anstrengend. Irgendwann sehe ich Eis durchblitzen. Als wir am unteren Ende des Gletschers ankommen, legen wir unsere Steigeisen an. <\/span><\/p>\n<p><span style=\"font-size: medium;\">Meine gr\u00f6\u00dfte Sorge im Vorfeld, da ich noch nie mit Steigeisen gegangen bin. Immerhin wird der Rucksack leichter. Thomas nimmt uns ans kurze Seil und gibt Anweisungen: zielgerichtet Treten, das Seil etwas auf Spannung halten. \u201eWie ein Cowboy laufen\u201c, empfiehlt mir Anja, damit ich mit den Eisen nicht an meiner Hose h\u00e4ngen bleibe. Mit diesen Tipps klappt es erstaunlich gut, wenn auch anfangs noch nicht ganz sicher. Wir \u00fcberqueren und umgehen einige Gletscherspalten. Ehrlich gesagt etwas angsteinfl\u00f6\u00dfend, aber ich vertraue auf unseren Bergf\u00fchrer. <\/span><\/p>\n<p><span style=\"font-size: medium;\">Der H\u00f6llentalferner ist \u00fcbrigens ein aktiver Gletscher. Im Schatten der Zugspitze und Riffelspitzen liegt er relativ gesch\u00fctzt und wird durch Lawinen gespeist und kann so der Klimaerw\u00e4rmung trotzen.<\/span><\/p>\n<p><img decoding=\"async\" class=\"alignleft wp-image-9698 size-full\" style=\"margin-bottom: 25px;\" src=\"https:\/\/www.people-abroad.de\/blog\/wp-content\/uploads\/2018\/10\/zugspitze-wanderung-spitzenwanderweg-11.jpg\" alt=\"Zugspitze Wanderung Spitzenwanderweg Alpen\" width=\"900\" height=\"675\" srcset=\"https:\/\/www.people-abroad.de\/blog\/wp-content\/uploads\/2018\/10\/zugspitze-wanderung-spitzenwanderweg-11.jpg 900w, https:\/\/www.people-abroad.de\/blog\/wp-content\/uploads\/2018\/10\/zugspitze-wanderung-spitzenwanderweg-11-300x225.jpg 300w, https:\/\/www.people-abroad.de\/blog\/wp-content\/uploads\/2018\/10\/zugspitze-wanderung-spitzenwanderweg-11-768x576.jpg 768w, https:\/\/www.people-abroad.de\/blog\/wp-content\/uploads\/2018\/10\/zugspitze-wanderung-spitzenwanderweg-11-400x300.jpg 400w\" sizes=\"(max-width: 900px) 100vw, 900px\" \/><\/p>\n<p><img decoding=\"async\" class=\"alignleft wp-image-9718 size-full\" style=\"margin-bottom: 25px;\" src=\"https:\/\/www.people-abroad.de\/blog\/wp-content\/uploads\/2018\/10\/zugspitze-wanderung-spitzenwanderweg-21.jpg\" alt=\"Zugspitze Wanderung Spitzenwanderweg Alpen\" width=\"900\" height=\"675\" srcset=\"https:\/\/www.people-abroad.de\/blog\/wp-content\/uploads\/2018\/10\/zugspitze-wanderung-spitzenwanderweg-21.jpg 900w, https:\/\/www.people-abroad.de\/blog\/wp-content\/uploads\/2018\/10\/zugspitze-wanderung-spitzenwanderweg-21-300x225.jpg 300w, https:\/\/www.people-abroad.de\/blog\/wp-content\/uploads\/2018\/10\/zugspitze-wanderung-spitzenwanderweg-21-768x576.jpg 768w, https:\/\/www.people-abroad.de\/blog\/wp-content\/uploads\/2018\/10\/zugspitze-wanderung-spitzenwanderweg-21-400x300.jpg 400w\" sizes=\"(max-width: 900px) 100vw, 900px\" \/><\/p>\n<p><span style=\"font-size: medium;\">Am Ende des Gletschers erreichen wir die Randkluft. Eine weitere Schl\u00fcsselstelle, vor der immer wieder gewarnt wird. Besonders im Sp\u00e4tjahr, also jetzt, ist sie besonders gro\u00df und schwer zu \u00fcberwinden. Zudem kommt im Anschluss eine trittlose, senkrechte Passage. Doch es ist unser Gl\u00fcckstag. Denn gestern wurde neues Eisen gesetzt. Wo man sich zuvor an einem losen Eisenseil die senkrechte Wand hochziehen musste, sind jetzt kleine Eisenklammern als Griffe und Tritte gesetzt worden. <\/span><\/p>\n<p><span style=\"font-size: medium;\">Zudem reicht die vorhandene Schneebr\u00fccke bis zur Wand und wir k\u00f6nnen m\u00fchelos einsteigen. Nachdem unsere Steigeisen verstaut sind, klettern wir gleich los. Das Wetter soll mittags schlechter werden und wir wollen es vermeiden in der Wand vom Wetter \u00fcberrascht zu werden.<\/span><\/p>\n<p><span style=\"font-size: medium;\">Etwa drei Stunden sind wir bereits unterwegs. Nach dem sehr steilen Einstieg liegen nun noch 2,5 Stunden abwechselnde Kletterei vor uns. Wir queren W\u00e4nde, klettern in gestuftem Gel\u00e4nde, gehen \u00fcber Eisenstifte, steigen \u00fcber Eisenklammern und ziehen uns am Fels und dem Eisenseil hoch. Ich sp\u00fcre die letzten beiden Tage und komme so langsam an meine Grenzen.\u00a0<\/span><span style=\"font-size: medium;\">Durchbei\u00dfen ist angesagt. Auf die Zugspitze wandern ist ganz sch\u00f6n anstrengend.<\/span><\/p>\n<p><span style=\"font-size: medium;\">Mein K\u00f6rper will Zucker, aber ich kann nichts essen. Das w\u00e4re jetzt zu anstrengend. Ich nehme ein Powergel zu mir, das schnell Wirkung zeigt. Wir verschnaufen nur kurz. Noch ist strahlender Sonnenschein, aber das kann sich in den Bergen schnell \u00e4ndern. Die Aussicht wird immer \u00fcberw\u00e4ltigender. Berge, T\u00e4ler. Besonders sch\u00f6n finde ich den Blick auf den blauen Eibsee. Wir kommen dem Himmel immer n\u00e4her, es scheint nicht mehr weit.<\/span><\/p>\n<p><img decoding=\"async\" class=\"alignleft wp-image-9700 size-full\" style=\"margin-bottom: 25px;\" src=\"https:\/\/www.people-abroad.de\/blog\/wp-content\/uploads\/2018\/10\/zugspitze-wanderung-spitzenwanderweg-12.jpg\" alt=\"Zugspitze Wanderung Spitzenwanderweg Alpen\" width=\"900\" height=\"675\" srcset=\"https:\/\/www.people-abroad.de\/blog\/wp-content\/uploads\/2018\/10\/zugspitze-wanderung-spitzenwanderweg-12.jpg 900w, https:\/\/www.people-abroad.de\/blog\/wp-content\/uploads\/2018\/10\/zugspitze-wanderung-spitzenwanderweg-12-300x225.jpg 300w, https:\/\/www.people-abroad.de\/blog\/wp-content\/uploads\/2018\/10\/zugspitze-wanderung-spitzenwanderweg-12-768x576.jpg 768w, https:\/\/www.people-abroad.de\/blog\/wp-content\/uploads\/2018\/10\/zugspitze-wanderung-spitzenwanderweg-12-400x300.jpg 400w\" sizes=\"(max-width: 900px) 100vw, 900px\" \/><\/p>\n<p><span style=\"font-size: medium;\">Doch die letzten Meter kosten Kraft. An einer ungesicherten Stelle geht es zu beiden Seiten steil runter und ich muss mich zusammen rei\u00dfen aufrecht zu gehen und nicht auf allen Vieren zu krabbeln. Die Kr\u00e4fte sind irgendwie raus und damit das Vertrauen in die Beine. Schlie\u00dflich gehen wir \u00fcber abgespeckte Felsplatten und m\u00fcssen nochmal richtig aufpassen nicht auszurutschen. <\/span><\/p>\n<p><span style=\"font-size: medium;\">Dann erreichen wir den Gipfel. Ich sehe das goldene Gipfelkreuz. Es ist 12.15 Uhr und wir haben 1.600 H\u00f6henmeter auf dem Buckel. Wir sind auf der Zugspitze (2.962 m). Aus eigener Kraft. Gipfelgl\u00fcck. Top of Germany. Ersch\u00f6pft, aber megagl\u00fccklich und auch etwas stolz blicke ich ins Tal. Das Wetter hat gehalten und die Sicht ist ausgezeichnet.<\/span><\/p>\n<p><img decoding=\"async\" class=\"alignleft wp-image-9704 size-full\" style=\"margin-bottom: 25px;\" src=\"https:\/\/www.people-abroad.de\/blog\/wp-content\/uploads\/2018\/10\/zugspitze-wanderung-spitzenwanderweg-15.jpg\" alt=\"Zugspitze Wanderung Spitzenwanderweg Alpen\" width=\"900\" height=\"675\" srcset=\"https:\/\/www.people-abroad.de\/blog\/wp-content\/uploads\/2018\/10\/zugspitze-wanderung-spitzenwanderweg-15.jpg 900w, https:\/\/www.people-abroad.de\/blog\/wp-content\/uploads\/2018\/10\/zugspitze-wanderung-spitzenwanderweg-15-300x225.jpg 300w, https:\/\/www.people-abroad.de\/blog\/wp-content\/uploads\/2018\/10\/zugspitze-wanderung-spitzenwanderweg-15-768x576.jpg 768w, https:\/\/www.people-abroad.de\/blog\/wp-content\/uploads\/2018\/10\/zugspitze-wanderung-spitzenwanderweg-15-400x300.jpg 400w\" sizes=\"(max-width: 900px) 100vw, 900px\" \/><em>\u00a9 Anja Woertge &#8211; www.mountainista.de<\/em><\/p>\n<p><img decoding=\"async\" class=\"alignleft wp-image-9702 size-full\" style=\"margin-bottom: 25px;\" src=\"https:\/\/www.people-abroad.de\/blog\/wp-content\/uploads\/2018\/10\/zugspitze-wanderung-spitzenwanderweg-13.jpg\" alt=\"Zugspitze Wanderung Spitzenwanderweg Alpen\" width=\"900\" height=\"675\" srcset=\"https:\/\/www.people-abroad.de\/blog\/wp-content\/uploads\/2018\/10\/zugspitze-wanderung-spitzenwanderweg-13.jpg 900w, https:\/\/www.people-abroad.de\/blog\/wp-content\/uploads\/2018\/10\/zugspitze-wanderung-spitzenwanderweg-13-300x225.jpg 300w, https:\/\/www.people-abroad.de\/blog\/wp-content\/uploads\/2018\/10\/zugspitze-wanderung-spitzenwanderweg-13-768x576.jpg 768w, https:\/\/www.people-abroad.de\/blog\/wp-content\/uploads\/2018\/10\/zugspitze-wanderung-spitzenwanderweg-13-400x300.jpg 400w\" sizes=\"(max-width: 900px) 100vw, 900px\" \/><em>\u00a9 Anja Woertge &#8211; www.mountainista.de<\/em><\/p>\n<p><span style=\"font-size: medium;\">Erst dann bemerke ich die vielen Menschen, die von der anderen Seite mit den Bergbahnen nach oben gekommen sind. Kurz f\u00fchlt es sich an, als w\u00e4re ich im falschen Film. Ich versuche das Gewusel auszublenden und wir machen das obligatorische Foto am Gipfelkreuz.<\/span><\/p>\n<p><span style=\"font-size: medium;\">Danach testen wir das Gipfel-Restaurant und k\u00f6nnen uns endlich hinsetzen. Die komfortable Fahrt mit der Zugspitz-Seilbahn f\u00e4llt leider aus, da die Bahn bei einer \u00dcbung der Bergrettung besch\u00e4digt wurde. Stattdessen nehmen wir die Eibsee-Seilbahn und anschlie\u00dfend die Zugspitz-Bahn. Diese Idee haben viele, aber wir ergattern trotzdem einen Sitzplatz. <\/span><\/p>\n<p><span style=\"font-size: medium;\">Dieser Tag hat all meine Kr\u00e4fte gefordert. Der Klettersteig \u00fcbers H\u00f6llental ist wundersch\u00f6n und sehr zu empfehlen. Man muss jedoch Trittsicherheit, Schwindelfreiheit, Kondition und Biss mitbringen. Am besten man bucht einen lokalen Bergf\u00fchrer. Viele gef\u00fchrte Touren umfassen zudem den Zustieg \u00fcber die H\u00f6llental-Klamm, wodurch sich die H\u00f6henmeter auf 2.200 aufsummieren. Auf eigene Faust ist die Tour nur f\u00fcr erfahrene Bergsteiger zu empfehlen.<\/span><\/p>\n<p><span style=\"font-size: medium;\">Im Tal ziehe ich Bilanz. Die letzten Tage haben mir die Berge Bayerns n\u00e4her gebracht und meine Begeisterung f\u00fcr alpine Touren geweckt. Die Zugspitz-Region besticht mit einer Vielfalt an Aktivit\u00e4ten in einzigartiger Bergkulisse. Ob Wandern, Klettern, im Bergsee baden, Mountainbiken oder Wintersport \u2013 es ist f\u00fcr jeden was dabei. <\/span><\/p>\n<p><span style=\"font-size: medium;\">Man muss kein erfahrener Bergsportler sein, um hier auf seine Kosten zu kommen. Wer m\u00f6chte, schwingt sich in luftige H\u00f6hen oder genie\u00dft die Berge ganz relaxed. Eins steht jedoch fest \u2013 hier ist der Weg das Ziel. Auf die Zugspitze wandern war f\u00fcr mich ein echtes Abenteuer!\u00a0<\/span><\/p>\n<p><img decoding=\"async\" class=\"alignleft wp-image-9708 size-full\" style=\"margin-bottom: 25px;\" src=\"https:\/\/www.people-abroad.de\/blog\/wp-content\/uploads\/2018\/10\/zugspitze-wanderung-spitzenwanderweg-17.jpg\" alt=\"Wanderung Spitzenwanderweg Alpen\" width=\"900\" height=\"675\" srcset=\"https:\/\/www.people-abroad.de\/blog\/wp-content\/uploads\/2018\/10\/zugspitze-wanderung-spitzenwanderweg-17.jpg 900w, https:\/\/www.people-abroad.de\/blog\/wp-content\/uploads\/2018\/10\/zugspitze-wanderung-spitzenwanderweg-17-300x225.jpg 300w, https:\/\/www.people-abroad.de\/blog\/wp-content\/uploads\/2018\/10\/zugspitze-wanderung-spitzenwanderweg-17-768x576.jpg 768w, https:\/\/www.people-abroad.de\/blog\/wp-content\/uploads\/2018\/10\/zugspitze-wanderung-spitzenwanderweg-17-400x300.jpg 400w\" sizes=\"(max-width: 900px) 100vw, 900px\" \/><\/p>\n<h2><span class=\"ez-toc-section\" id=\"Auf_die_Zugspitze_wandern_%E2%80%93_meine_5_Tipps\"><\/span><span style=\"font-size: medium;\"><b>Auf die Zugspitze wandern &#8211; meine 5 Tipps<\/b><\/span><span class=\"ez-toc-section-end\"><\/span><\/h2>\n<ul>\n<li><span style=\"font-size: medium;\">alle Infos rund um den Wanderweg: Touren, GPS-Track etc. findest du unter dem Stichwort\u00a0<a href=\"https:\/\/www.spitzenwanderweg.de\">Spitzenwanderweg<\/a>.\u00a0Die niedrigeren Bereiche kannst du auch im Winter begehen.<\/span><\/li>\n<li><span style=\"font-size: medium;\">weitere Infos zur Region (Tipps, Neuigkeiten, Veranstaltungen) findest du auf der Webseite der <a href=\"https:\/\/www.zugspitz-region.de\">Zugspitz-Region<\/a>.<\/span><\/li>\n<li><span style=\"font-size: medium;\">Infos und Kontakt zu unserem <a href=\"https:\/\/www.bergfuehrer-schiller.de\">Bergf\u00fchrer Thomas Schiller <\/a><\/span><\/li>\n<li><span style=\"font-size: medium;\"><a href=\"https:\/\/www.die-bergfuehrer.de\">die Bergf\u00fchrer<\/a>\u00a0kannst du f\u00fcr deine individuelle Tour buchen. Auf die Zugspitze wandern via H\u00f6llental kostet bspw. 139,- Euro pro Person, inkl. Ausr\u00fcstung (Gurt, Klettersteig-Set, Helm, Bergschuhe, Steigeisen).<\/span><\/li>\n<li><span style=\"font-size: medium;\">wir haben \u00fcbernachtet im <a href=\"https:\/\/www.quartier-gapa.de\">Hotel\u00a0Quartier\u00a0in Garmisch<\/a> in besonderer Holz-Architektur<\/span><\/li>\n<\/ul>\n<p><img decoding=\"async\" class=\"alignnone wp-image-9716 size-full\" style=\"margin-bottom: 25px;\" src=\"https:\/\/www.people-abroad.de\/blog\/wp-content\/uploads\/2018\/10\/zugspitze-wanderung-spitzenwanderweg-20.jpg\" alt=\"Wanderung Spitzenwanderweg Alpen\" width=\"1200\" height=\"899\" srcset=\"https:\/\/www.people-abroad.de\/blog\/wp-content\/uploads\/2018\/10\/zugspitze-wanderung-spitzenwanderweg-20.jpg 1200w, https:\/\/www.people-abroad.de\/blog\/wp-content\/uploads\/2018\/10\/zugspitze-wanderung-spitzenwanderweg-20-300x225.jpg 300w, https:\/\/www.people-abroad.de\/blog\/wp-content\/uploads\/2018\/10\/zugspitze-wanderung-spitzenwanderweg-20-768x575.jpg 768w, https:\/\/www.people-abroad.de\/blog\/wp-content\/uploads\/2018\/10\/zugspitze-wanderung-spitzenwanderweg-20-1024x767.jpg 1024w, https:\/\/www.people-abroad.de\/blog\/wp-content\/uploads\/2018\/10\/zugspitze-wanderung-spitzenwanderweg-20-400x300.jpg 400w\" sizes=\"(max-width: 1200px) 100vw, 1200px\" \/> <em>\u00a9 Christina Lauterkorn &#8211; www.klimbingkorns.de<\/em><\/p>\n<p><img decoding=\"async\" class=\"alignleft wp-image-9711 size-full\" style=\"margin-bottom: 25px;\" src=\"https:\/\/www.people-abroad.de\/blog\/wp-content\/uploads\/2018\/10\/zugspitze-wanderung-spitzenwanderweg-18.jpg\" alt=\"Wanderung Spitzenwanderweg Alpen\" width=\"900\" height=\"675\" srcset=\"https:\/\/www.people-abroad.de\/blog\/wp-content\/uploads\/2018\/10\/zugspitze-wanderung-spitzenwanderweg-18.jpg 900w, https:\/\/www.people-abroad.de\/blog\/wp-content\/uploads\/2018\/10\/zugspitze-wanderung-spitzenwanderweg-18-300x225.jpg 300w, https:\/\/www.people-abroad.de\/blog\/wp-content\/uploads\/2018\/10\/zugspitze-wanderung-spitzenwanderweg-18-768x576.jpg 768w, https:\/\/www.people-abroad.de\/blog\/wp-content\/uploads\/2018\/10\/zugspitze-wanderung-spitzenwanderweg-18-400x300.jpg 400w\" sizes=\"(max-width: 900px) 100vw, 900px\" \/><\/p>\n<p><span style=\"font-size: medium;\">Anreise: Flixbus und andere Fernbusse bringen dich g\u00fcnstig von fast \u00fcberall in Deutschland, \u00d6sterreich und der Schweiz \u00fcber M\u00fcnchen nach Garmisch-Partenkirchen.<\/span><\/p>\n<p><span style=\"font-size: medium;\"><i><strong>Werbehinweis:<\/strong> Dieser Artikel entstand in Zusammenarbeit mit der <a href=\"https:\/\/www.zugspitz-region.de\/\">Zugspitz-Region<\/a>. Danke an Philipp Holz und Luisa Bahlinger von der <a href=\"https:\/\/www.zugspitz-region.de\">Zugspitz-Region<\/a> f\u00fcr die gute Organisation. Danke an Thomas Schiller, unseren Bergf\u00fchrer, der uns sicher auf die Spitze Deutschlands gebracht hat.<br \/>\n<\/i><\/span><\/p>\n<p>In diesem Artikel durften wir u.a. auch Fotos von Christina, Anja und Thomas verwenden &#8211; lieben Dank an euch! Warst du auch schon an der Zugspitze wandern? Dann freue ich mich auf deinen Kommentar \u00fcber deine Erfahrung.<\/p>\n<p>Katja von &#8222;Well Spa Portal&#8220; war auch in der Zugspitz-Region unterwegs und hat dar\u00fcber geschrieben, ihren Artikel findest du hier: <a href=\"https:\/\/wellspa-portal.de\/rund-um-die-zugspitze-wandern\/\">Rund um die Zugspitze wandern<\/a>. Einen Lesetipp \u00fcber die Region gibt&#8217;s hier: <a href=\"https:\/\/www.people-abroad.de\/blog\/bergfotos-wanderungen-alpen\/\">Bergfotos und Wanderungen in den Alpen<\/a><\/p>\n<p>Wenn du auf der Suche nach k\u00fcrzeren und leichteren Wanderungen in der Region bist, dann findest du bei Jana und Christian von &#8222;A Tasty Hike&#8220; <a href=\"https:\/\/atastyhike.de\/leichte-wanderungen-allgaeu\/\">5 leichte Wanderungen im Allg\u00e4u<\/a>.<\/p>\n<p>Auf &#8222;Phototravellers&#8220; findest du eine gute \u00dcbersicht von Biggi &amp; Flo \u00fcber <a href=\"https:\/\/phototravellers.de\/huettenwanderung-bayern\/\">H\u00fcttenwanderungen in Bayern<\/a> zum H\u00fctten-Trekking.<\/p>\n<p>Markus von &#8222;Sch\u00f6ne Aussicht&#8220; hat \u00fcbrigens viele weitere Tipps sowie Touren- und Routenvorschl\u00e4ge zusammengefasst zum <a href=\"https:\/\/sch\u00f6ne-aussicht.de\/wandern-bayern\/\">Wandern in Bayern<\/a>. Auf seinem Reise- und Wanderblog findest du au\u00dferdem Infos zu weiteren L\u00e4ndern und Regionen.<\/p>\n<p>Weitere Artikel \u00fcber Reiseregionen in Deutschland mit Infos &amp; Tipps f\u00fcr die Reiseplanung findest du hier: <a href=\"https:\/\/www.people-abroad.de\/blog\/kurzurlaub-deutschland\/\">Kurzurlaub Deutschland: Reiseziele &amp; Regionen<\/a><\/p>\n<p>Weitere Artikel \u00fcber Reiseziele in den Alpen findest du hier:<br \/>\n<a href=\"https:\/\/www.people-abroad.de\/blog\/lana-suedtirol-urlaub\/\">Lana in S\u00fcdtirol \u2013 10 Tipps f\u00fcr deinen Kurzurlaub<\/a><br \/>\n<a href=\"https:\/\/www.people-abroad.de\/blog\/karawanken-wandern-rosental\/\">Die Karawanken: Wandern in der Region Rosental<\/a><br \/>\n<a href=\"https:\/\/www.people-abroad.de\/blog\/kaernten-sehenswuerdigkeiten\/\">K\u00e4rnten: Sehensw\u00fcrdigkeiten &amp; Ausflugsziele<\/a><br \/>\n<a href=\"https:\/\/www.people-abroad.de\/blog\/straubing-sehenswuerdigkeiten\/\" rel=\"bookmark\">Straubing Sehensw\u00fcrdigkeiten \u2013 Highlights &amp; Tipps<\/a><br \/>\n<a href=\"https:\/\/www.people-abroad.de\/blog\/region-villach-faaker-see\/\">Region Villach: 10 Tipps f\u00fcr den Faaker See<\/a><br \/>\n<a href=\"https:\/\/www.people-abroad.de\/blog\/ossiacher-see-ausfluege-radtouren\/\">Ossiacher See: 5 Radtouren und Ausfl\u00fcge<\/a><br \/>\n<a href=\"https:\/\/www.people-abroad.de\/blog\/tirol-hall-wattens\/\">Tirol-Urlaub in der Region Hall-Wattens<\/a><br \/>\n<a href=\"https:\/\/www.people-abroad.de\/blog\/imst-in-tirol\/\">Imst in Tirol mit dem Rad erkunden<\/a><\/p>\n<p><img decoding=\"async\" class=\"alignnone wp-image-10055 size-medium\" src=\"https:\/\/www.people-abroad.de\/blog\/wp-content\/uploads\/2018\/12\/31-200x300.jpg\" alt=\"Werbung \/ Bergtour in den Alpen #Alpen #Zugspitze #Spitzenwanderweg #Bergtour #Trekking\" width=\"200\" height=\"300\" srcset=\"https:\/\/www.people-abroad.de\/blog\/wp-content\/uploads\/2018\/12\/31-200x300.jpg 200w, https:\/\/www.people-abroad.de\/blog\/wp-content\/uploads\/2018\/12\/31-683x1024.jpg 683w, https:\/\/www.people-abroad.de\/blog\/wp-content\/uploads\/2018\/12\/31-267x400.jpg 267w, https:\/\/www.people-abroad.de\/blog\/wp-content\/uploads\/2018\/12\/31.jpg 735w\" sizes=\"(max-width: 200px) 100vw, 200px\" \/><\/p>\n","protected":false},"excerpt":{"rendered":"<p>[Werbung] Auf die Zugspitze zu wandern ist ein einmaliges Alpen-Erlebnis. Hier findest du einen Tourenbericht auf dem Spitzenwanderweg mit Tipps f\u00fcr die Zugspitz-Region.<\/p>\n","protected":false},"author":71,"featured_media":0,"comment_status":"open","ping_status":"open","sticky":false,"template":"","format":"standard","meta":{"_monsterinsights_skip_tracking":false,"_monsterinsights_sitenote_active":false,"_monsterinsights_sitenote_note":"","_monsterinsights_sitenote_category":0,"footnotes":""},"categories":[701,2044],"tags":[517,1976],"class_list":["post-9203","post","type-post","status-publish","format-standard","hentry","category-deutschland","category-wandern","tag-alpen","tag-bayern"],"yoast_head":"<!-- This site is optimized with the Yoast SEO plugin v27.5 - https:\/\/yoast.com\/product\/yoast-seo-wordpress\/ -->\n<title>Auf die Zugspitze wandern - ein Tourenbericht - People Abroad<\/title>\n<meta name=\"description\" content=\"Auf die Zugspitze wandern: Hier findest du meinen Tourenbericht auf die Alpspitze und Zugspitze mit Tipps f\u00fcr deine Wanderung in der Zugspitz-Region.\" \/>\n<meta name=\"robots\" content=\"index, follow, max-snippet:-1, max-image-preview:large, max-video-preview:-1\" \/>\n<link rel=\"canonical\" href=\"https:\/\/www.people-abroad.de\/blog\/zugspitze-wanderung-spitzenwanderweg\/\" \/>\n<meta property=\"og:locale\" content=\"de_DE\" \/>\n<meta property=\"og:type\" content=\"article\" \/>\n<meta property=\"og:title\" content=\"Auf die Zugspitze wandern - ein Tourenbericht - People Abroad\" \/>\n<meta property=\"og:description\" content=\"Auf die Zugspitze wandern: Hier findest du meinen Tourenbericht auf die Alpspitze und Zugspitze mit Tipps f\u00fcr deine Wanderung in der Zugspitz-Region.\" \/>\n<meta property=\"og:url\" content=\"https:\/\/www.people-abroad.de\/blog\/zugspitze-wanderung-spitzenwanderweg\/\" \/>\n<meta property=\"og:site_name\" content=\"People Abroad\" \/>\n<meta property=\"article:publisher\" content=\"https:\/\/www.facebook.com\/menschen.international\/\" \/>\n<meta property=\"article:published_time\" content=\"2018-10-23T13:35:56+00:00\" \/>\n<meta property=\"article:modified_time\" content=\"2026-03-13T08:50:14+00:00\" \/>\n<meta property=\"og:image\" content=\"https:\/\/www.people-abroad.de\/blog\/wp-content\/uploads\/2018\/10\/zuspitze-wanderung-bayern-spitzenwanderweg-.jpg\" \/>\n\t<meta property=\"og:image:width\" content=\"1200\" \/>\n\t<meta property=\"og:image:height\" content=\"900\" \/>\n\t<meta property=\"og:image:type\" content=\"image\/jpeg\" \/>\n<meta name=\"author\" content=\"Larissa M\u00fcller\" \/>\n<meta name=\"twitter:card\" content=\"summary_large_image\" \/>\n<meta name=\"twitter:creator\" content=\"@People_Abroad\" \/>\n<meta name=\"twitter:site\" content=\"@People_Abroad\" \/>\n<meta name=\"twitter:label1\" content=\"Verfasst von\" \/>\n\t<meta name=\"twitter:data1\" content=\"Larissa M\u00fcller\" \/>\n\t<meta name=\"twitter:label2\" content=\"Gesch\u00e4tzte Lesezeit\" \/>\n\t<meta name=\"twitter:data2\" content=\"23\u00a0Minuten\" \/>\n<script type=\"application\/ld+json\" class=\"yoast-schema-graph\">{\"@context\":\"https:\\\/\\\/schema.org\",\"@graph\":[{\"@type\":\"Article\",\"@id\":\"https:\\\/\\\/www.people-abroad.de\\\/blog\\\/zugspitze-wanderung-spitzenwanderweg\\\/#article\",\"isPartOf\":{\"@id\":\"https:\\\/\\\/www.people-abroad.de\\\/blog\\\/zugspitze-wanderung-spitzenwanderweg\\\/\"},\"author\":{\"name\":\"Larissa M\u00fcller\",\"@id\":\"https:\\\/\\\/www.people-abroad.de\\\/blog\\\/#\\\/schema\\\/person\\\/65cf94d528298887da09a3c2f39527cf\"},\"headline\":\"Auf die Zugspitze wandern &#8211; ein Tourenbericht\",\"datePublished\":\"2018-10-23T13:35:56+00:00\",\"dateModified\":\"2026-03-13T08:50:14+00:00\",\"mainEntityOfPage\":{\"@id\":\"https:\\\/\\\/www.people-abroad.de\\\/blog\\\/zugspitze-wanderung-spitzenwanderweg\\\/\"},\"wordCount\":3472,\"commentCount\":1,\"publisher\":{\"@id\":\"https:\\\/\\\/www.people-abroad.de\\\/blog\\\/#\\\/schema\\\/person\\\/2a518a154d93ee6cf0b146bc327329b3\"},\"image\":{\"@id\":\"https:\\\/\\\/www.people-abroad.de\\\/blog\\\/zugspitze-wanderung-spitzenwanderweg\\\/#primaryimage\"},\"thumbnailUrl\":\"https:\\\/\\\/www.people-abroad.de\\\/blog\\\/wp-content\\\/uploads\\\/2018\\\/10\\\/zuspitze-wanderung-bayern-spitzenwanderweg-.jpg\",\"keywords\":[\"Alpen\",\"Bayern\"],\"articleSection\":[\"Deutschland\",\"Wandern\"],\"inLanguage\":\"de\",\"potentialAction\":[{\"@type\":\"CommentAction\",\"name\":\"Comment\",\"target\":[\"https:\\\/\\\/www.people-abroad.de\\\/blog\\\/zugspitze-wanderung-spitzenwanderweg\\\/#respond\"]}]},{\"@type\":\"WebPage\",\"@id\":\"https:\\\/\\\/www.people-abroad.de\\\/blog\\\/zugspitze-wanderung-spitzenwanderweg\\\/\",\"url\":\"https:\\\/\\\/www.people-abroad.de\\\/blog\\\/zugspitze-wanderung-spitzenwanderweg\\\/\",\"name\":\"Auf die Zugspitze wandern - ein Tourenbericht - People Abroad\",\"isPartOf\":{\"@id\":\"https:\\\/\\\/www.people-abroad.de\\\/blog\\\/#website\"},\"primaryImageOfPage\":{\"@id\":\"https:\\\/\\\/www.people-abroad.de\\\/blog\\\/zugspitze-wanderung-spitzenwanderweg\\\/#primaryimage\"},\"image\":{\"@id\":\"https:\\\/\\\/www.people-abroad.de\\\/blog\\\/zugspitze-wanderung-spitzenwanderweg\\\/#primaryimage\"},\"thumbnailUrl\":\"https:\\\/\\\/www.people-abroad.de\\\/blog\\\/wp-content\\\/uploads\\\/2018\\\/10\\\/zuspitze-wanderung-bayern-spitzenwanderweg-.jpg\",\"datePublished\":\"2018-10-23T13:35:56+00:00\",\"dateModified\":\"2026-03-13T08:50:14+00:00\",\"description\":\"Auf die Zugspitze wandern: Hier findest du meinen Tourenbericht auf die Alpspitze und Zugspitze mit Tipps f\u00fcr deine Wanderung in der Zugspitz-Region.\",\"breadcrumb\":{\"@id\":\"https:\\\/\\\/www.people-abroad.de\\\/blog\\\/zugspitze-wanderung-spitzenwanderweg\\\/#breadcrumb\"},\"inLanguage\":\"de\",\"potentialAction\":[{\"@type\":\"ReadAction\",\"target\":[\"https:\\\/\\\/www.people-abroad.de\\\/blog\\\/zugspitze-wanderung-spitzenwanderweg\\\/\"]}]},{\"@type\":\"ImageObject\",\"inLanguage\":\"de\",\"@id\":\"https:\\\/\\\/www.people-abroad.de\\\/blog\\\/zugspitze-wanderung-spitzenwanderweg\\\/#primaryimage\",\"url\":\"https:\\\/\\\/www.people-abroad.de\\\/blog\\\/wp-content\\\/uploads\\\/2018\\\/10\\\/zuspitze-wanderung-bayern-spitzenwanderweg-.jpg\",\"contentUrl\":\"https:\\\/\\\/www.people-abroad.de\\\/blog\\\/wp-content\\\/uploads\\\/2018\\\/10\\\/zuspitze-wanderung-bayern-spitzenwanderweg-.jpg\",\"width\":1200,\"height\":900},{\"@type\":\"BreadcrumbList\",\"@id\":\"https:\\\/\\\/www.people-abroad.de\\\/blog\\\/zugspitze-wanderung-spitzenwanderweg\\\/#breadcrumb\",\"itemListElement\":[{\"@type\":\"ListItem\",\"position\":1,\"name\":\"Startseite\",\"item\":\"https:\\\/\\\/www.people-abroad.de\\\/blog\\\/\"},{\"@type\":\"ListItem\",\"position\":2,\"name\":\"Auf die Zugspitze wandern &#8211; ein Tourenbericht\"}]},{\"@type\":\"WebSite\",\"@id\":\"https:\\\/\\\/www.people-abroad.de\\\/blog\\\/#website\",\"url\":\"https:\\\/\\\/www.people-abroad.de\\\/blog\\\/\",\"name\":\"People Abroad\",\"description\":\"Reiseblog\",\"publisher\":{\"@id\":\"https:\\\/\\\/www.people-abroad.de\\\/blog\\\/#\\\/schema\\\/person\\\/2a518a154d93ee6cf0b146bc327329b3\"},\"potentialAction\":[{\"@type\":\"SearchAction\",\"target\":{\"@type\":\"EntryPoint\",\"urlTemplate\":\"https:\\\/\\\/www.people-abroad.de\\\/blog\\\/?s={search_term_string}\"},\"query-input\":{\"@type\":\"PropertyValueSpecification\",\"valueRequired\":true,\"valueName\":\"search_term_string\"}}],\"inLanguage\":\"de\"},{\"@type\":[\"Person\",\"Organization\"],\"@id\":\"https:\\\/\\\/www.people-abroad.de\\\/blog\\\/#\\\/schema\\\/person\\\/2a518a154d93ee6cf0b146bc327329b3\",\"name\":\"Heiko M\u00fcller\",\"logo\":{\"@id\":\"https:\\\/\\\/www.people-abroad.de\\\/blog\\\/#\\\/schema\\\/person\\\/image\\\/\"},\"description\":\"Ich bin Reiseblogger, Content Creator und Redakteur. Auf Reisen erkunde ich gerne neue Regionen, St\u00e4dte und Orte beim Fotografieren, Wandern und Radfahren. F\u00fcr weitere Reisetipps folge mir auf Instagram. Mehr Infos zum Blog findest du hier: https:\\\/\\\/www.people-abroad.de\\\/blog\\\/pr-media\\\/. Kontakt: h.mueller@people-abroad.de\",\"sameAs\":[\"https:\\\/\\\/www.people-abroad.de\\\/blog\\\/\",\"https:\\\/\\\/www.facebook.com\\\/menschen.international\\\/\",\"https:\\\/\\\/www.instagram.com\\\/people.abroad\\\/\",\"https:\\\/\\\/www.linkedin.com\\\/in\\\/muellerheiko\\\/\",\"https:\\\/\\\/www.pinterest.de\\\/peopleabroad\\\/\",\"https:\\\/\\\/x.com\\\/People_Abroad\",\"https:\\\/\\\/www.youtube.com\\\/user\\\/MenschenInt\"]},{\"@type\":\"Person\",\"@id\":\"https:\\\/\\\/www.people-abroad.de\\\/blog\\\/#\\\/schema\\\/person\\\/65cf94d528298887da09a3c2f39527cf\",\"name\":\"Larissa M\u00fcller\",\"description\":\"Ich bin Geographin, in Baden daheim und in der Welt zuhause. Reisen liebe ich schon immer - ob mit dem Rucksack durch S\u00fcdamerika, zum Trekking im Himalaya oder auf Forschungsreise in China. Zurzeit stehen die Kletter- und Boulderziele in Europa auf meiner To-do-Liste. Aktuelles Lieblingsziel: S\u00fcdfrankreich.\",\"url\":\"https:\\\/\\\/www.people-abroad.de\\\/blog\\\/author\\\/larissa\\\/\"}]}<\/script>\n<!-- \/ Yoast SEO plugin. -->","yoast_head_json":{"title":"Auf die Zugspitze wandern - ein Tourenbericht - People Abroad","description":"Auf die Zugspitze wandern: Hier findest du meinen Tourenbericht auf die Alpspitze und Zugspitze mit Tipps f\u00fcr deine Wanderung in der Zugspitz-Region.","robots":{"index":"index","follow":"follow","max-snippet":"max-snippet:-1","max-image-preview":"max-image-preview:large","max-video-preview":"max-video-preview:-1"},"canonical":"https:\/\/www.people-abroad.de\/blog\/zugspitze-wanderung-spitzenwanderweg\/","og_locale":"de_DE","og_type":"article","og_title":"Auf die Zugspitze wandern - ein Tourenbericht - People Abroad","og_description":"Auf die Zugspitze wandern: Hier findest du meinen Tourenbericht auf die Alpspitze und Zugspitze mit Tipps f\u00fcr deine Wanderung in der Zugspitz-Region.","og_url":"https:\/\/www.people-abroad.de\/blog\/zugspitze-wanderung-spitzenwanderweg\/","og_site_name":"People Abroad","article_publisher":"https:\/\/www.facebook.com\/menschen.international\/","article_published_time":"2018-10-23T13:35:56+00:00","article_modified_time":"2026-03-13T08:50:14+00:00","og_image":[{"width":1200,"height":900,"url":"https:\/\/www.people-abroad.de\/blog\/wp-content\/uploads\/2018\/10\/zuspitze-wanderung-bayern-spitzenwanderweg-.jpg","type":"image\/jpeg"}],"author":"Larissa M\u00fcller","twitter_card":"summary_large_image","twitter_creator":"@People_Abroad","twitter_site":"@People_Abroad","twitter_misc":{"Verfasst von":"Larissa M\u00fcller","Gesch\u00e4tzte Lesezeit":"23\u00a0Minuten"},"schema":{"@context":"https:\/\/schema.org","@graph":[{"@type":"Article","@id":"https:\/\/www.people-abroad.de\/blog\/zugspitze-wanderung-spitzenwanderweg\/#article","isPartOf":{"@id":"https:\/\/www.people-abroad.de\/blog\/zugspitze-wanderung-spitzenwanderweg\/"},"author":{"name":"Larissa M\u00fcller","@id":"https:\/\/www.people-abroad.de\/blog\/#\/schema\/person\/65cf94d528298887da09a3c2f39527cf"},"headline":"Auf die Zugspitze wandern &#8211; ein Tourenbericht","datePublished":"2018-10-23T13:35:56+00:00","dateModified":"2026-03-13T08:50:14+00:00","mainEntityOfPage":{"@id":"https:\/\/www.people-abroad.de\/blog\/zugspitze-wanderung-spitzenwanderweg\/"},"wordCount":3472,"commentCount":1,"publisher":{"@id":"https:\/\/www.people-abroad.de\/blog\/#\/schema\/person\/2a518a154d93ee6cf0b146bc327329b3"},"image":{"@id":"https:\/\/www.people-abroad.de\/blog\/zugspitze-wanderung-spitzenwanderweg\/#primaryimage"},"thumbnailUrl":"https:\/\/www.people-abroad.de\/blog\/wp-content\/uploads\/2018\/10\/zuspitze-wanderung-bayern-spitzenwanderweg-.jpg","keywords":["Alpen","Bayern"],"articleSection":["Deutschland","Wandern"],"inLanguage":"de","potentialAction":[{"@type":"CommentAction","name":"Comment","target":["https:\/\/www.people-abroad.de\/blog\/zugspitze-wanderung-spitzenwanderweg\/#respond"]}]},{"@type":"WebPage","@id":"https:\/\/www.people-abroad.de\/blog\/zugspitze-wanderung-spitzenwanderweg\/","url":"https:\/\/www.people-abroad.de\/blog\/zugspitze-wanderung-spitzenwanderweg\/","name":"Auf die Zugspitze wandern - ein Tourenbericht - People Abroad","isPartOf":{"@id":"https:\/\/www.people-abroad.de\/blog\/#website"},"primaryImageOfPage":{"@id":"https:\/\/www.people-abroad.de\/blog\/zugspitze-wanderung-spitzenwanderweg\/#primaryimage"},"image":{"@id":"https:\/\/www.people-abroad.de\/blog\/zugspitze-wanderung-spitzenwanderweg\/#primaryimage"},"thumbnailUrl":"https:\/\/www.people-abroad.de\/blog\/wp-content\/uploads\/2018\/10\/zuspitze-wanderung-bayern-spitzenwanderweg-.jpg","datePublished":"2018-10-23T13:35:56+00:00","dateModified":"2026-03-13T08:50:14+00:00","description":"Auf die Zugspitze wandern: Hier findest du meinen Tourenbericht auf die Alpspitze und Zugspitze mit Tipps f\u00fcr deine Wanderung in der Zugspitz-Region.","breadcrumb":{"@id":"https:\/\/www.people-abroad.de\/blog\/zugspitze-wanderung-spitzenwanderweg\/#breadcrumb"},"inLanguage":"de","potentialAction":[{"@type":"ReadAction","target":["https:\/\/www.people-abroad.de\/blog\/zugspitze-wanderung-spitzenwanderweg\/"]}]},{"@type":"ImageObject","inLanguage":"de","@id":"https:\/\/www.people-abroad.de\/blog\/zugspitze-wanderung-spitzenwanderweg\/#primaryimage","url":"https:\/\/www.people-abroad.de\/blog\/wp-content\/uploads\/2018\/10\/zuspitze-wanderung-bayern-spitzenwanderweg-.jpg","contentUrl":"https:\/\/www.people-abroad.de\/blog\/wp-content\/uploads\/2018\/10\/zuspitze-wanderung-bayern-spitzenwanderweg-.jpg","width":1200,"height":900},{"@type":"BreadcrumbList","@id":"https:\/\/www.people-abroad.de\/blog\/zugspitze-wanderung-spitzenwanderweg\/#breadcrumb","itemListElement":[{"@type":"ListItem","position":1,"name":"Startseite","item":"https:\/\/www.people-abroad.de\/blog\/"},{"@type":"ListItem","position":2,"name":"Auf die Zugspitze wandern &#8211; ein Tourenbericht"}]},{"@type":"WebSite","@id":"https:\/\/www.people-abroad.de\/blog\/#website","url":"https:\/\/www.people-abroad.de\/blog\/","name":"People Abroad","description":"Reiseblog","publisher":{"@id":"https:\/\/www.people-abroad.de\/blog\/#\/schema\/person\/2a518a154d93ee6cf0b146bc327329b3"},"potentialAction":[{"@type":"SearchAction","target":{"@type":"EntryPoint","urlTemplate":"https:\/\/www.people-abroad.de\/blog\/?s={search_term_string}"},"query-input":{"@type":"PropertyValueSpecification","valueRequired":true,"valueName":"search_term_string"}}],"inLanguage":"de"},{"@type":["Person","Organization"],"@id":"https:\/\/www.people-abroad.de\/blog\/#\/schema\/person\/2a518a154d93ee6cf0b146bc327329b3","name":"Heiko M\u00fcller","logo":{"@id":"https:\/\/www.people-abroad.de\/blog\/#\/schema\/person\/image\/"},"description":"Ich bin Reiseblogger, Content Creator und Redakteur. Auf Reisen erkunde ich gerne neue Regionen, St\u00e4dte und Orte beim Fotografieren, Wandern und Radfahren. F\u00fcr weitere Reisetipps folge mir auf Instagram. Mehr Infos zum Blog findest du hier: https:\/\/www.people-abroad.de\/blog\/pr-media\/. Kontakt: h.mueller@people-abroad.de","sameAs":["https:\/\/www.people-abroad.de\/blog\/","https:\/\/www.facebook.com\/menschen.international\/","https:\/\/www.instagram.com\/people.abroad\/","https:\/\/www.linkedin.com\/in\/muellerheiko\/","https:\/\/www.pinterest.de\/peopleabroad\/","https:\/\/x.com\/People_Abroad","https:\/\/www.youtube.com\/user\/MenschenInt"]},{"@type":"Person","@id":"https:\/\/www.people-abroad.de\/blog\/#\/schema\/person\/65cf94d528298887da09a3c2f39527cf","name":"Larissa M\u00fcller","description":"Ich bin Geographin, in Baden daheim und in der Welt zuhause. Reisen liebe ich schon immer - ob mit dem Rucksack durch S\u00fcdamerika, zum Trekking im Himalaya oder auf Forschungsreise in China. Zurzeit stehen die Kletter- und Boulderziele in Europa auf meiner To-do-Liste. Aktuelles Lieblingsziel: S\u00fcdfrankreich.","url":"https:\/\/www.people-abroad.de\/blog\/author\/larissa\/"}]}},"_links":{"self":[{"href":"https:\/\/www.people-abroad.de\/blog\/wp-json\/wp\/v2\/posts\/9203","targetHints":{"allow":["GET"]}}],"collection":[{"href":"https:\/\/www.people-abroad.de\/blog\/wp-json\/wp\/v2\/posts"}],"about":[{"href":"https:\/\/www.people-abroad.de\/blog\/wp-json\/wp\/v2\/types\/post"}],"author":[{"embeddable":true,"href":"https:\/\/www.people-abroad.de\/blog\/wp-json\/wp\/v2\/users\/71"}],"replies":[{"embeddable":true,"href":"https:\/\/www.people-abroad.de\/blog\/wp-json\/wp\/v2\/comments?post=9203"}],"version-history":[{"count":4,"href":"https:\/\/www.people-abroad.de\/blog\/wp-json\/wp\/v2\/posts\/9203\/revisions"}],"predecessor-version":[{"id":38229,"href":"https:\/\/www.people-abroad.de\/blog\/wp-json\/wp\/v2\/posts\/9203\/revisions\/38229"}],"wp:attachment":[{"href":"https:\/\/www.people-abroad.de\/blog\/wp-json\/wp\/v2\/media?parent=9203"}],"wp:term":[{"taxonomy":"category","embeddable":true,"href":"https:\/\/www.people-abroad.de\/blog\/wp-json\/wp\/v2\/categories?post=9203"},{"taxonomy":"post_tag","embeddable":true,"href":"https:\/\/www.people-abroad.de\/blog\/wp-json\/wp\/v2\/tags?post=9203"}],"curies":[{"name":"wp","href":"https:\/\/api.w.org\/{rel}","templated":true}]}}