{"id":6589,"date":"2018-01-15T12:31:55","date_gmt":"2018-01-15T11:31:55","guid":{"rendered":"https:\/\/www.people-abroad.de\/blog\/?p=6589"},"modified":"2021-02-17T20:46:00","modified_gmt":"2021-02-17T19:46:00","slug":"reiseplanung-auf-der-cmt-in-stuttgart","status":"publish","type":"post","link":"https:\/\/www.people-abroad.de\/blog\/reiseplanung-auf-der-cmt-in-stuttgart\/","title":{"rendered":"Reiseplanung auf der CMT in Stuttgart"},"content":{"rendered":"<div id=\"ez-toc-container\" class=\"ez-toc-v2_0_82_2 counter-flat ez-toc-counter ez-toc-grey ez-toc-container-direction\">\n<div class=\"ez-toc-title-container\">\n<p class=\"ez-toc-title\" style=\"cursor:inherit\">Inhaltsverzeichnis<\/p>\n<span class=\"ez-toc-title-toggle\"><a href=\"#\" class=\"ez-toc-pull-right ez-toc-btn ez-toc-btn-xs ez-toc-btn-default ez-toc-toggle\" aria-label=\"Toggle Table of Content\"><span class=\"ez-toc-js-icon-con\"><span class=\"\"><span class=\"eztoc-hide\" style=\"display:none;\">Toggle<\/span><span class=\"ez-toc-icon-toggle-span\"><svg style=\"fill: #999;color:#999\" xmlns=\"http:\/\/www.w3.org\/2000\/svg\" class=\"list-377408\" width=\"20px\" height=\"20px\" viewBox=\"0 0 24 24\" fill=\"none\"><path d=\"M6 6H4v2h2V6zm14 0H8v2h12V6zM4 11h2v2H4v-2zm16 0H8v2h12v-2zM4 16h2v2H4v-2zm16 0H8v2h12v-2z\" fill=\"currentColor\"><\/path><\/svg><svg style=\"fill: #999;color:#999\" class=\"arrow-unsorted-368013\" xmlns=\"http:\/\/www.w3.org\/2000\/svg\" width=\"10px\" height=\"10px\" viewBox=\"0 0 24 24\" version=\"1.2\" baseProfile=\"tiny\"><path d=\"M18.2 9.3l-6.2-6.3-6.2 6.3c-.2.2-.3.4-.3.7s.1.5.3.7c.2.2.4.3.7.3h11c.3 0 .5-.1.7-.3.2-.2.3-.5.3-.7s-.1-.5-.3-.7zM5.8 14.7l6.2 6.3 6.2-6.3c.2-.2.3-.5.3-.7s-.1-.5-.3-.7c-.2-.2-.4-.3-.7-.3h-11c-.3 0-.5.1-.7.3-.2.2-.3.5-.3.7s.1.5.3.7z\"\/><\/svg><\/span><\/span><\/span><\/a><\/span><\/div>\n<nav><ul class='ez-toc-list ez-toc-list-level-1 eztoc-toggle-hide-by-default' ><li class='ez-toc-page-1'><a class=\"ez-toc-link ez-toc-heading-1\" href=\"https:\/\/www.people-abroad.de\/blog\/reiseplanung-auf-der-cmt-in-stuttgart\/#Reiseplanung_auf_der_CMT_in_Stuttgart\" >Reiseplanung auf der CMT in Stuttgart<\/a><\/li><li class='ez-toc-page-1'><a class=\"ez-toc-link ez-toc-heading-2\" href=\"https:\/\/www.people-abroad.de\/blog\/reiseplanung-auf-der-cmt-in-stuttgart\/#Auf_der_CMT_auf_Entdeckungsreise\" >Auf der CMT auf Entdeckungsreise<\/a><\/li><li class='ez-toc-page-1'><a class=\"ez-toc-link ez-toc-heading-3\" href=\"https:\/\/www.people-abroad.de\/blog\/reiseplanung-auf-der-cmt-in-stuttgart\/#Reisetrends_und_Innovationen_auf_der_CMT\" >Reisetrends und Innovationen auf der CMT<\/a><\/li><li class='ez-toc-page-1'><a class=\"ez-toc-link ez-toc-heading-4\" href=\"https:\/\/www.people-abroad.de\/blog\/reiseplanung-auf-der-cmt-in-stuttgart\/#Meine_5_Tipps_fuer_deine_CMT-Planung\" >Meine 5 Tipps f\u00fcr deine CMT-Planung:<\/a><\/li><\/ul><\/nav><\/div>\n<p><a href=\"https:\/\/www.people-abroad.de\/blog\/reiseplanung-auf-der-cmt-in-stuttgart\/\"><img decoding=\"async\" class=\"alignleft wp-image-6648 size-full\" style=\"margin-bottom: 25px;\" src=\"https:\/\/www.people-abroad.de\/blog\/wp-content\/uploads\/2018\/01\/Bildquelle-CMT2018-Messe-Stuttgart.jpg\" alt=\"CMT Urlaubsmesse Reisemesse Stuttgart Messe\" width=\"900\" height=\"596\" srcset=\"https:\/\/www.people-abroad.de\/blog\/wp-content\/uploads\/2018\/01\/Bildquelle-CMT2018-Messe-Stuttgart.jpg 900w, https:\/\/www.people-abroad.de\/blog\/wp-content\/uploads\/2018\/01\/Bildquelle-CMT2018-Messe-Stuttgart-300x199.jpg 300w, https:\/\/www.people-abroad.de\/blog\/wp-content\/uploads\/2018\/01\/Bildquelle-CMT2018-Messe-Stuttgart-768x509.jpg 768w, https:\/\/www.people-abroad.de\/blog\/wp-content\/uploads\/2018\/01\/Bildquelle-CMT2018-Messe-Stuttgart-400x265.jpg 400w\" sizes=\"(max-width: 900px) 100vw, 900px\" \/><\/a><\/p>\n<p>Reisen sind perfekt geeignet, um tolle Landschaftsfotos zu machen. Und wenn man eine Reise planen m\u00f6chte, bietet sich der Besuch einer Reise-Messe an. Auf der CMT in Stuttgart kann man sich \u00fcber viele Reiseziele informieren und zahlreiche Preisangebote vergleichen. Hier findest du einen virtuellen Messe-Rundgang in Bildern und f\u00fcnf Tipps f\u00fcr einen Besuch.<!--more--><\/p>\n<h2><span class=\"ez-toc-section\" id=\"Reiseplanung_auf_der_CMT_in_Stuttgart\"><\/span>Reiseplanung auf der CMT in Stuttgart<span class=\"ez-toc-section-end\"><\/span><\/h2>\n<p>Die CMT ist die weltweit gr\u00f6\u00dfte Publikumsmesse f\u00fcr Urlaub, Tourismus und Freizeit. Mehr als 2.000 Aussteller aus 100 L\u00e4ndern sowie 360 St\u00e4dten und Regionen pr\u00e4sentieren sich in Stuttgart. 2018 feierte die Messe ihr 50-j\u00e4hriges Jubil\u00e4um, Partnerl\u00e4nder sind Panama und Ungarn (siehe Titelbild), die Partnerregion f\u00fcr den Caravaning-Bereich ist Trentino. Die Messe ist jeweils an zwei Wochenenden im Januar ge\u00f6ffnet sowie auch an den Werktagen zwischen diesen Wochenenden. Sie findet immer auf dem Messegel\u00e4nde in Stuttgart statt.<\/p>\n<p><img decoding=\"async\" class=\"alignleft wp-image-6616 size-full\" style=\"margin-bottom: 25px;\" src=\"https:\/\/www.people-abroad.de\/blog\/wp-content\/uploads\/2018\/01\/CMT-2018-1.jpg\" alt=\"CMT Urlaubsmesse Reisemesse Stuttgart Messe\" width=\"900\" height=\"675\" srcset=\"https:\/\/www.people-abroad.de\/blog\/wp-content\/uploads\/2018\/01\/CMT-2018-1.jpg 900w, https:\/\/www.people-abroad.de\/blog\/wp-content\/uploads\/2018\/01\/CMT-2018-1-300x225.jpg 300w, https:\/\/www.people-abroad.de\/blog\/wp-content\/uploads\/2018\/01\/CMT-2018-1-768x576.jpg 768w, https:\/\/www.people-abroad.de\/blog\/wp-content\/uploads\/2018\/01\/CMT-2018-1-400x300.jpg 400w\" sizes=\"(max-width: 900px) 100vw, 900px\" \/><\/p>\n<p>Die Messehallen sind meist sehr gut frequentiert, gegen Nachmittag wird es &#8211; auch an den Wochenenden &#8211; etwas ruhiger. Insgesamt sechs Messehallen sind dem Thema Camping und Caravaning, vier Hallen den touristischen Angeboten gewidmet. Jeweils am ersten Messe-Wochenende gibt es die Sonderausstellung Fahrrad- &amp; Erlebnisreisen mit Wandern, am zweiten Wochenende die Sonderausstellung Golf- und Wellnessreisen sowie Kreuzfahrt- und Schiffsreisen.<\/p>\n<p><img decoding=\"async\" class=\"alignleft wp-image-6625 size-full\" style=\"margin-bottom: 25px;\" src=\"https:\/\/www.people-abroad.de\/blog\/wp-content\/uploads\/2018\/01\/CMT-2018-10.jpg\" alt=\"CMT Urlaubsmesse Reisemesse Stuttgart Messe\" width=\"900\" height=\"675\" srcset=\"https:\/\/www.people-abroad.de\/blog\/wp-content\/uploads\/2018\/01\/CMT-2018-10.jpg 900w, https:\/\/www.people-abroad.de\/blog\/wp-content\/uploads\/2018\/01\/CMT-2018-10-300x225.jpg 300w, https:\/\/www.people-abroad.de\/blog\/wp-content\/uploads\/2018\/01\/CMT-2018-10-768x576.jpg 768w, https:\/\/www.people-abroad.de\/blog\/wp-content\/uploads\/2018\/01\/CMT-2018-10-400x300.jpg 400w\" sizes=\"(max-width: 900px) 100vw, 900px\" \/><\/p>\n<p>Neben den gro\u00dfen L\u00e4nder- und Regionen-St\u00e4nden besuche ich besonders gerne die kleineren St\u00e4nde auf der Messe. Man kommt meist gut mit den Ansprechpartnern ins Gespr\u00e4ch, die Angebote sind oft sehr individuell und die Beratung gut. Optisch sehr gelungen finde ich z.B. immer den Stand von &#8222;berge &amp; meer&#8220;.<\/p>\n<p><img decoding=\"async\" class=\"alignleft wp-image-6626 size-full\" style=\"margin-bottom: 25px;\" src=\"https:\/\/www.people-abroad.de\/blog\/wp-content\/uploads\/2018\/01\/CMT-2018-11.jpg\" alt=\"CMT Urlaubsmesse Reisemesse Stuttgart Messe\" width=\"900\" height=\"675\" srcset=\"https:\/\/www.people-abroad.de\/blog\/wp-content\/uploads\/2018\/01\/CMT-2018-11.jpg 900w, https:\/\/www.people-abroad.de\/blog\/wp-content\/uploads\/2018\/01\/CMT-2018-11-300x225.jpg 300w, https:\/\/www.people-abroad.de\/blog\/wp-content\/uploads\/2018\/01\/CMT-2018-11-768x576.jpg 768w, https:\/\/www.people-abroad.de\/blog\/wp-content\/uploads\/2018\/01\/CMT-2018-11-400x300.jpg 400w\" sizes=\"(max-width: 900px) 100vw, 900px\" \/><\/p>\n<p>Wenn ich &#8222;Asien&#8220; und &#8222;Himalaya&#8220; lese, zieht mich das immer magisch an &#8211; wie hier der Stand von &#8222;Himal&#8220;. Neben meinen Reisen in Europa habe ich vor allem Asien bereist und mich fasziniert vor allem die landschaftliche und kulturelle Vielfalt des Kontinents und die gro\u00dfe Gastfreundschaft der Asiaten. Hinzu kommt, dass das Essen in Asien extrem lecker ist.<\/p>\n<h2><span class=\"ez-toc-section\" id=\"Auf_der_CMT_auf_Entdeckungsreise\"><\/span>Auf der CMT auf Entdeckungsreise<span class=\"ez-toc-section-end\"><\/span><\/h2>\n<p><img decoding=\"async\" class=\"alignleft wp-image-6624 size-full\" style=\"margin-bottom: 25px;\" src=\"https:\/\/www.people-abroad.de\/blog\/wp-content\/uploads\/2018\/01\/CMT-2018-9.jpg\" alt=\"CMT Urlaubsmesse Reisemesse Stuttgart Messe\" width=\"900\" height=\"675\" srcset=\"https:\/\/www.people-abroad.de\/blog\/wp-content\/uploads\/2018\/01\/CMT-2018-9.jpg 900w, https:\/\/www.people-abroad.de\/blog\/wp-content\/uploads\/2018\/01\/CMT-2018-9-300x225.jpg 300w, https:\/\/www.people-abroad.de\/blog\/wp-content\/uploads\/2018\/01\/CMT-2018-9-768x576.jpg 768w, https:\/\/www.people-abroad.de\/blog\/wp-content\/uploads\/2018\/01\/CMT-2018-9-400x300.jpg 400w\" sizes=\"(max-width: 900px) 100vw, 900px\" \/><\/p>\n<p>Landestypisches Speisen und Getr\u00e4nke gibt es auch auf der CMT &#8211; wie z.B. Renntier-Suppe bei &#8222;Rucksack Reisen&#8220;.<\/p>\n<p><img decoding=\"async\" class=\"alignleft wp-image-6623 size-full\" style=\"margin-bottom: 25px;\" src=\"https:\/\/www.people-abroad.de\/blog\/wp-content\/uploads\/2018\/01\/CMT-2018-8.jpg\" alt=\"CMT Urlaubsmesse Reisemesse Stuttgart Messe\" width=\"900\" height=\"675\" srcset=\"https:\/\/www.people-abroad.de\/blog\/wp-content\/uploads\/2018\/01\/CMT-2018-8.jpg 900w, https:\/\/www.people-abroad.de\/blog\/wp-content\/uploads\/2018\/01\/CMT-2018-8-300x225.jpg 300w, https:\/\/www.people-abroad.de\/blog\/wp-content\/uploads\/2018\/01\/CMT-2018-8-768x576.jpg 768w, https:\/\/www.people-abroad.de\/blog\/wp-content\/uploads\/2018\/01\/CMT-2018-8-400x300.jpg 400w\" sizes=\"(max-width: 900px) 100vw, 900px\" \/><\/p>\n<p>Das Urlaubskino im ICS, Eingang Ost, bietet zahlreiche Filme zu Reisezielen rund um den Globus.<\/p>\n<p><img decoding=\"async\" class=\"alignleft wp-image-6627 size-full\" style=\"margin-bottom: 25px;\" src=\"https:\/\/www.people-abroad.de\/blog\/wp-content\/uploads\/2018\/01\/CMT-2018-12.jpg\" alt=\"CMT Urlaubsmesse Reisemesse Stuttgart Messe\" width=\"900\" height=\"675\" srcset=\"https:\/\/www.people-abroad.de\/blog\/wp-content\/uploads\/2018\/01\/CMT-2018-12.jpg 900w, https:\/\/www.people-abroad.de\/blog\/wp-content\/uploads\/2018\/01\/CMT-2018-12-300x225.jpg 300w, https:\/\/www.people-abroad.de\/blog\/wp-content\/uploads\/2018\/01\/CMT-2018-12-768x576.jpg 768w, https:\/\/www.people-abroad.de\/blog\/wp-content\/uploads\/2018\/01\/CMT-2018-12-400x300.jpg 400w\" sizes=\"(max-width: 900px) 100vw, 900px\" \/><\/p>\n<p>Der Caravaning-Bereich ist ziemlich beeindruckend: 1.000 Fahrzeuge von mehr als 140 Firmen werden ausgestellt, darunter rund 120 Weltneuheiten. Caravaning ist allerdings nicht so ganz mein Thema, deshalb steuere ich direkt die Messehalle zum Thema Radreisen und Wandern an.<\/p>\n<p><img decoding=\"async\" class=\"alignleft wp-image-6621 size-full\" style=\"margin-bottom: 25px;\" src=\"https:\/\/www.people-abroad.de\/blog\/wp-content\/uploads\/2018\/01\/CMT-2018-6.jpg\" alt=\"CMT Urlaubsmesse Reisemesse Stuttgart Messe\" width=\"900\" height=\"675\" srcset=\"https:\/\/www.people-abroad.de\/blog\/wp-content\/uploads\/2018\/01\/CMT-2018-6.jpg 900w, https:\/\/www.people-abroad.de\/blog\/wp-content\/uploads\/2018\/01\/CMT-2018-6-300x225.jpg 300w, https:\/\/www.people-abroad.de\/blog\/wp-content\/uploads\/2018\/01\/CMT-2018-6-768x576.jpg 768w, https:\/\/www.people-abroad.de\/blog\/wp-content\/uploads\/2018\/01\/CMT-2018-6-400x300.jpg 400w\" sizes=\"(max-width: 900px) 100vw, 900px\" \/><\/p>\n<p>Hier kann man E-Bikes aus allen Preiskategorien sowie eine Vielzahl anderer Zweirad-Modelle anschauen und auf einem Rundkurs auch direkt austesten.<\/p>\n<p><img decoding=\"async\" class=\"alignleft wp-image-6618 size-full\" style=\"margin-bottom: 25px;\" src=\"https:\/\/www.people-abroad.de\/blog\/wp-content\/uploads\/2018\/01\/CMT-2018-3.jpg\" alt=\"ADFC Urlaubsmesse Reisemesse Stuttgart Messe\" width=\"900\" height=\"675\" srcset=\"https:\/\/www.people-abroad.de\/blog\/wp-content\/uploads\/2018\/01\/CMT-2018-3.jpg 900w, https:\/\/www.people-abroad.de\/blog\/wp-content\/uploads\/2018\/01\/CMT-2018-3-300x225.jpg 300w, https:\/\/www.people-abroad.de\/blog\/wp-content\/uploads\/2018\/01\/CMT-2018-3-768x576.jpg 768w, https:\/\/www.people-abroad.de\/blog\/wp-content\/uploads\/2018\/01\/CMT-2018-3-400x300.jpg 400w\" sizes=\"(max-width: 900px) 100vw, 900px\" \/><\/p>\n<p>Das Angebot an Radreise-Veranstalter ist riesig und die Beratung an den Messest\u00e4nden kompetent. Zudem pr\u00e4sentieren sich viele Radregionen im In- und Ausland und ich habe mich mit neuen Radkarten eingedeckt, die es in der Regel kostenlos an den St\u00e4nden gibt. Besucht habe ich unter anderem auch die St\u00e4nde von <a href=\"https:\/\/www.adfc.de\">adfc<\/a>, <a href=\"https:\/\/www.naheland.net\">Naheland<\/a> und <a href=\"http:\/\/www.ruhr-tourismus.de\/radrevierruhr.html\">radrevier.ruhr<\/a>.<\/p>\n<p>Sp\u00e4testens seit meiner <a href=\"https:\/\/www.people-abroad.de\/blog\/meine-radtour-im-ruhrgebiet\/\">Radtour im Ruhrgebiet<\/a> im letzten Jahr wei\u00df ich, dass es im Ruhrgebiet nicht nur spannende Industriekultur zu entdecken gibt, sondern auch jede Menge toller Radwege. Auch die <a href=\"https:\/\/www.people-abroad.de\/blog\/outdoor-wochenende-an-der-nahe\/\">Naheregion<\/a> eignet sich \u00fcbrigens perfekt f\u00fcr eine Rad- oder Wandertour.<\/p>\n<h2><span class=\"ez-toc-section\" id=\"Reisetrends_und_Innovationen_auf_der_CMT\"><\/span>Reisetrends und Innovationen auf der CMT<span class=\"ez-toc-section-end\"><\/span><\/h2>\n<p><img decoding=\"async\" class=\"alignleft wp-image-6622 size-full\" style=\"margin-bottom: 25px;\" src=\"https:\/\/www.people-abroad.de\/blog\/wp-content\/uploads\/2018\/01\/CMT-2018-7.jpg\" alt=\"Urlaubsmesse Reisemesse Stuttgart Messe\" width=\"900\" height=\"675\" srcset=\"https:\/\/www.people-abroad.de\/blog\/wp-content\/uploads\/2018\/01\/CMT-2018-7.jpg 900w, https:\/\/www.people-abroad.de\/blog\/wp-content\/uploads\/2018\/01\/CMT-2018-7-300x225.jpg 300w, https:\/\/www.people-abroad.de\/blog\/wp-content\/uploads\/2018\/01\/CMT-2018-7-768x576.jpg 768w, https:\/\/www.people-abroad.de\/blog\/wp-content\/uploads\/2018\/01\/CMT-2018-7-400x300.jpg 400w\" sizes=\"(max-width: 900px) 100vw, 900px\" \/><\/p>\n<p>Neu auf der Messe war in diesem Jahr der Bereich &#8222;Thermik&#8220;, also alles rund um das Thema Gleitschirm- und Drachenfliegen sowie Lenkdrachen-Surfen. Passt eigentlich perfekt zu den Outdoor-Aktivit\u00e4ten Wandern und Radfahren; deshalb auch in der &#8222;Outdoor&#8220;-Halle zu finden. Hier wurde Flugelektronik wie z.B. dieser Vario mit GPS-Funktion pr\u00e4sentiert.<\/p>\n<p><img decoding=\"async\" class=\"alignleft wp-image-6620 size-full\" style=\"margin-bottom: 25px;\" src=\"https:\/\/www.people-abroad.de\/blog\/wp-content\/uploads\/2018\/01\/CMT-2018-5.jpg\" alt=\"Urlaubsmesse Reisemesse Stuttgart Messe\" width=\"900\" height=\"675\" srcset=\"https:\/\/www.people-abroad.de\/blog\/wp-content\/uploads\/2018\/01\/CMT-2018-5.jpg 900w, https:\/\/www.people-abroad.de\/blog\/wp-content\/uploads\/2018\/01\/CMT-2018-5-300x225.jpg 300w, https:\/\/www.people-abroad.de\/blog\/wp-content\/uploads\/2018\/01\/CMT-2018-5-768x576.jpg 768w, https:\/\/www.people-abroad.de\/blog\/wp-content\/uploads\/2018\/01\/CMT-2018-5-400x300.jpg 400w\" sizes=\"(max-width: 900px) 100vw, 900px\" \/><\/p>\n<p>Sieht als Trocken\u00fcbung schon mal relativ gut aus. Die Thermik-Fl\u00e4che auf der Messe macht jedenfalls neugierig auf diesen Outdoor-Bereich, den ich bis jetzt noch nicht ausprobiert habe.<\/p>\n<p><img decoding=\"async\" class=\"alignleft wp-image-6619 size-full\" style=\"margin-bottom: 25px;\" src=\"https:\/\/www.people-abroad.de\/blog\/wp-content\/uploads\/2018\/01\/CMT-2018-4.jpg\" alt=\"Urlaubsmesse Reisemesse Stuttgart Messe\" width=\"900\" height=\"674\" srcset=\"https:\/\/www.people-abroad.de\/blog\/wp-content\/uploads\/2018\/01\/CMT-2018-4.jpg 900w, https:\/\/www.people-abroad.de\/blog\/wp-content\/uploads\/2018\/01\/CMT-2018-4-300x225.jpg 300w, https:\/\/www.people-abroad.de\/blog\/wp-content\/uploads\/2018\/01\/CMT-2018-4-768x575.jpg 768w, https:\/\/www.people-abroad.de\/blog\/wp-content\/uploads\/2018\/01\/CMT-2018-4-400x300.jpg 400w\" sizes=\"(max-width: 900px) 100vw, 900px\" \/><\/p>\n<p>F\u00fcr mich der sch\u00f6nste und l\u00e4ssigste Messe-Stand war der von &#8222;Fansipan&#8220;, einem kleinen Anbieter f\u00fcr Aktiv- und Erlebnissreisen nach S\u00fcdostasien. Ein original VW Bulli und dann noch Asien-Reisen im Gep\u00e4ck. Here we go!<\/p>\n<h2><span class=\"ez-toc-section\" id=\"Meine_5_Tipps_fuer_deine_CMT-Planung\"><\/span><strong>Meine 5 Tipps f\u00fcr deine CMT-Planung:<\/strong><span class=\"ez-toc-section-end\"><\/span><\/h2>\n<ol>\n<li>vor der Messe den Hallen-Plan studieren und Aussteller ausw\u00e4hlen (120.000 Quadratmeter Messe-Fl\u00e4che!)<\/li>\n<li>weniger ist mehr: lieber gezielt 3-4 Hallen ansteuern anstatt an einem Tag alle Hallen durchzuk\u00e4mmen<\/li>\n<li>\u00fcberlegen, ob man einen zweiten Messetag einplant &#8211; das macht den Besuch deutlich entspannter<\/li>\n<li>Fahrr\u00e4der austesten, Wanderschuhe anprobieren, Reise-Ausr\u00fcstung begutachten und beraten lassen<\/li>\n<li>die CMT mit dem Besuch der Schwaben-Metropole Stuttgart (&#8222;Stuggi&#8220;) verbinden<\/li>\n<\/ol>\n<p><em>Alle Fotos: Heiko M\u00fcller | Titelfoto: CMT Messe Stuttgart, Partnerregion Ungarn<\/em><\/p>\n<p>Alle Infos zur CMT findest du <a href=\"https:\/\/www.messe-stuttgart.de\/cmt\/\">hier<\/a>. Den Bericht von Claudia \u00fcber die Messe mit Tipps f\u00fcr Stuttgart findest du <a href=\"https:\/\/www.people-abroad.de\/blog\/claudia-unterwegs-auf-der-cmt\/\">hier<\/a>.<\/p>\n<p><img decoding=\"async\" class=\"alignnone wp-image-10174 size-medium\" src=\"https:\/\/www.people-abroad.de\/blog\/wp-content\/uploads\/2018\/12\/63-200x300.jpg\" alt=\"Reiseplanung auf der CMT in Stuttgart #Reise #Reiseplanung #CMT #Reisetipps #L\u00e4nder\" width=\"200\" height=\"300\" srcset=\"https:\/\/www.people-abroad.de\/blog\/wp-content\/uploads\/2018\/12\/63-200x300.jpg 200w, https:\/\/www.people-abroad.de\/blog\/wp-content\/uploads\/2018\/12\/63-683x1024.jpg 683w, https:\/\/www.people-abroad.de\/blog\/wp-content\/uploads\/2018\/12\/63-267x400.jpg 267w, https:\/\/www.people-abroad.de\/blog\/wp-content\/uploads\/2018\/12\/63.jpg 735w\" sizes=\"(max-width: 200px) 100vw, 200px\" \/><\/p>\n","protected":false},"excerpt":{"rendered":"<p>Reisen sind perfekt geeignet, um tolle Landschaftsfotos zu machen. Und wenn man eine Reise planen m\u00f6chte, bietet sich der Besuch einer Reise-Messe an. Auf der CMT in Stuttgart kann man sich \u00fcber viele Reiseziele informieren und zahlreiche Preisangebote vergleichen. Hier findest du einen virtuellen Messe-Rundgang in Bildern und f\u00fcnf Tipps f\u00fcr einen Besuch.<\/p>\n","protected":false},"author":1,"featured_media":0,"comment_status":"open","ping_status":"open","sticky":false,"template":"","format":"standard","meta":{"_monsterinsights_skip_tracking":false,"_monsterinsights_sitenote_active":false,"_monsterinsights_sitenote_note":"","_monsterinsights_sitenote_category":0,"footnotes":""},"categories":[491],"tags":[409,461],"class_list":["post-6589","post","type-post","status-publish","format-standard","hentry","category-reiseplanung","tag-reisemesse","tag-urlaub"],"yoast_head":"<!-- This site is optimized with the Yoast SEO plugin v27.5 - https:\/\/yoast.com\/product\/yoast-seo-wordpress\/ -->\n<title>Reiseplanung auf der CMT in Stuttgart - People Abroad<\/title>\n<meta name=\"description\" content=\"Reiseplanung auf der CMT in Stuttgart: Hier gibt&#039;s einen kleinen Messe-Rundgang in Bildern und f\u00fcnf Tipps zur Planung der CMT-Messe.\" \/>\n<meta name=\"robots\" content=\"noindex, follow\" \/>\n<meta property=\"og:locale\" content=\"de_DE\" \/>\n<meta property=\"og:type\" content=\"article\" \/>\n<meta property=\"og:title\" content=\"Reiseplanung auf der CMT in Stuttgart - People Abroad\" \/>\n<meta property=\"og:description\" content=\"Reiseplanung auf der CMT in Stuttgart: Hier gibt&#039;s einen kleinen Messe-Rundgang in Bildern und f\u00fcnf Tipps zur Planung der CMT-Messe.\" \/>\n<meta property=\"og:url\" content=\"https:\/\/www.people-abroad.de\/blog\/reiseplanung-auf-der-cmt-in-stuttgart\/\" \/>\n<meta property=\"og:site_name\" content=\"People Abroad\" \/>\n<meta property=\"article:publisher\" content=\"https:\/\/www.facebook.com\/menschen.international\/\" \/>\n<meta property=\"article:author\" content=\"https:\/\/www.facebook.com\/menschen.international\/\" \/>\n<meta property=\"article:published_time\" content=\"2018-01-15T11:31:55+00:00\" \/>\n<meta property=\"article:modified_time\" content=\"2021-02-17T19:46:00+00:00\" \/>\n<meta property=\"og:image\" content=\"https:\/\/www.people-abroad.de\/blog\/wp-content\/uploads\/2018\/01\/Bildquelle-CMT2018-Messe-Stuttgart.jpg\" \/>\n<meta name=\"author\" content=\"Heiko M\u00fcller\" \/>\n<meta name=\"twitter:card\" content=\"summary_large_image\" \/>\n<meta name=\"twitter:creator\" content=\"@People_Abroad\" \/>\n<meta name=\"twitter:site\" content=\"@People_Abroad\" \/>\n<meta name=\"twitter:label1\" content=\"Verfasst von\" \/>\n\t<meta name=\"twitter:data1\" content=\"Heiko M\u00fcller\" \/>\n\t<meta name=\"twitter:label2\" content=\"Gesch\u00e4tzte Lesezeit\" \/>\n\t<meta name=\"twitter:data2\" content=\"6\u00a0Minuten\" \/>\n<script type=\"application\/ld+json\" class=\"yoast-schema-graph\">{\"@context\":\"https:\\\/\\\/schema.org\",\"@graph\":[{\"@type\":\"Article\",\"@id\":\"https:\\\/\\\/www.people-abroad.de\\\/blog\\\/reiseplanung-auf-der-cmt-in-stuttgart\\\/#article\",\"isPartOf\":{\"@id\":\"https:\\\/\\\/www.people-abroad.de\\\/blog\\\/reiseplanung-auf-der-cmt-in-stuttgart\\\/\"},\"author\":{\"name\":\"Heiko M\u00fcller\",\"@id\":\"https:\\\/\\\/www.people-abroad.de\\\/blog\\\/#\\\/schema\\\/person\\\/2a518a154d93ee6cf0b146bc327329b3\"},\"headline\":\"Reiseplanung auf der CMT in Stuttgart\",\"datePublished\":\"2018-01-15T11:31:55+00:00\",\"dateModified\":\"2021-02-17T19:46:00+00:00\",\"mainEntityOfPage\":{\"@id\":\"https:\\\/\\\/www.people-abroad.de\\\/blog\\\/reiseplanung-auf-der-cmt-in-stuttgart\\\/\"},\"wordCount\":746,\"commentCount\":1,\"publisher\":{\"@id\":\"https:\\\/\\\/www.people-abroad.de\\\/blog\\\/#\\\/schema\\\/person\\\/2a518a154d93ee6cf0b146bc327329b3\"},\"image\":{\"@id\":\"https:\\\/\\\/www.people-abroad.de\\\/blog\\\/reiseplanung-auf-der-cmt-in-stuttgart\\\/#primaryimage\"},\"thumbnailUrl\":\"https:\\\/\\\/www.people-abroad.de\\\/blog\\\/wp-content\\\/uploads\\\/2018\\\/01\\\/Bildquelle-CMT2018-Messe-Stuttgart.jpg\",\"keywords\":[\"Reisemesse\",\"Urlaub\"],\"articleSection\":[\"Reiseplanung\"],\"inLanguage\":\"de\",\"potentialAction\":[{\"@type\":\"CommentAction\",\"name\":\"Comment\",\"target\":[\"https:\\\/\\\/www.people-abroad.de\\\/blog\\\/reiseplanung-auf-der-cmt-in-stuttgart\\\/#respond\"]}]},{\"@type\":\"WebPage\",\"@id\":\"https:\\\/\\\/www.people-abroad.de\\\/blog\\\/reiseplanung-auf-der-cmt-in-stuttgart\\\/\",\"url\":\"https:\\\/\\\/www.people-abroad.de\\\/blog\\\/reiseplanung-auf-der-cmt-in-stuttgart\\\/\",\"name\":\"Reiseplanung auf der CMT in Stuttgart - People Abroad\",\"isPartOf\":{\"@id\":\"https:\\\/\\\/www.people-abroad.de\\\/blog\\\/#website\"},\"primaryImageOfPage\":{\"@id\":\"https:\\\/\\\/www.people-abroad.de\\\/blog\\\/reiseplanung-auf-der-cmt-in-stuttgart\\\/#primaryimage\"},\"image\":{\"@id\":\"https:\\\/\\\/www.people-abroad.de\\\/blog\\\/reiseplanung-auf-der-cmt-in-stuttgart\\\/#primaryimage\"},\"thumbnailUrl\":\"https:\\\/\\\/www.people-abroad.de\\\/blog\\\/wp-content\\\/uploads\\\/2018\\\/01\\\/Bildquelle-CMT2018-Messe-Stuttgart.jpg\",\"datePublished\":\"2018-01-15T11:31:55+00:00\",\"dateModified\":\"2021-02-17T19:46:00+00:00\",\"description\":\"Reiseplanung auf der CMT in Stuttgart: Hier gibt's einen kleinen Messe-Rundgang in Bildern und f\u00fcnf Tipps zur Planung der CMT-Messe.\",\"breadcrumb\":{\"@id\":\"https:\\\/\\\/www.people-abroad.de\\\/blog\\\/reiseplanung-auf-der-cmt-in-stuttgart\\\/#breadcrumb\"},\"inLanguage\":\"de\",\"potentialAction\":[{\"@type\":\"ReadAction\",\"target\":[\"https:\\\/\\\/www.people-abroad.de\\\/blog\\\/reiseplanung-auf-der-cmt-in-stuttgart\\\/\"]}]},{\"@type\":\"ImageObject\",\"inLanguage\":\"de\",\"@id\":\"https:\\\/\\\/www.people-abroad.de\\\/blog\\\/reiseplanung-auf-der-cmt-in-stuttgart\\\/#primaryimage\",\"url\":\"https:\\\/\\\/www.people-abroad.de\\\/blog\\\/wp-content\\\/uploads\\\/2018\\\/01\\\/Bildquelle-CMT2018-Messe-Stuttgart.jpg\",\"contentUrl\":\"https:\\\/\\\/www.people-abroad.de\\\/blog\\\/wp-content\\\/uploads\\\/2018\\\/01\\\/Bildquelle-CMT2018-Messe-Stuttgart.jpg\",\"width\":900,\"height\":596},{\"@type\":\"BreadcrumbList\",\"@id\":\"https:\\\/\\\/www.people-abroad.de\\\/blog\\\/reiseplanung-auf-der-cmt-in-stuttgart\\\/#breadcrumb\",\"itemListElement\":[{\"@type\":\"ListItem\",\"position\":1,\"name\":\"Startseite\",\"item\":\"https:\\\/\\\/www.people-abroad.de\\\/blog\\\/\"},{\"@type\":\"ListItem\",\"position\":2,\"name\":\"Reiseplanung auf der CMT in Stuttgart\"}]},{\"@type\":\"WebSite\",\"@id\":\"https:\\\/\\\/www.people-abroad.de\\\/blog\\\/#website\",\"url\":\"https:\\\/\\\/www.people-abroad.de\\\/blog\\\/\",\"name\":\"People Abroad\",\"description\":\"Reiseblog\",\"publisher\":{\"@id\":\"https:\\\/\\\/www.people-abroad.de\\\/blog\\\/#\\\/schema\\\/person\\\/2a518a154d93ee6cf0b146bc327329b3\"},\"potentialAction\":[{\"@type\":\"SearchAction\",\"target\":{\"@type\":\"EntryPoint\",\"urlTemplate\":\"https:\\\/\\\/www.people-abroad.de\\\/blog\\\/?s={search_term_string}\"},\"query-input\":{\"@type\":\"PropertyValueSpecification\",\"valueRequired\":true,\"valueName\":\"search_term_string\"}}],\"inLanguage\":\"de\"},{\"@type\":[\"Person\",\"Organization\"],\"@id\":\"https:\\\/\\\/www.people-abroad.de\\\/blog\\\/#\\\/schema\\\/person\\\/2a518a154d93ee6cf0b146bc327329b3\",\"name\":\"Heiko M\u00fcller\",\"logo\":{\"@id\":\"https:\\\/\\\/www.people-abroad.de\\\/blog\\\/#\\\/schema\\\/person\\\/image\\\/\"},\"description\":\"Ich bin Reiseblogger, Content Creator und Redakteur. Auf Reisen erkunde ich gerne neue Regionen, St\u00e4dte und Orte beim Fotografieren, Wandern und Radfahren. F\u00fcr weitere Reisetipps folge mir auf Instagram, Facebook &amp; Co. Mehr Infos zum Blog findest du hier: https:\\\/\\\/www.people-abroad.de\\\/blog\\\/pr-media\\\/. Kontakt: h.mueller@people-abroad.de\",\"sameAs\":[\"https:\\\/\\\/www.people-abroad.de\\\/blog\\\/\",\"https:\\\/\\\/www.facebook.com\\\/menschen.international\\\/\",\"https:\\\/\\\/www.instagram.com\\\/people.abroad\\\/\",\"https:\\\/\\\/www.linkedin.com\\\/in\\\/muellerheiko\\\/\",\"https:\\\/\\\/www.pinterest.de\\\/peopleabroad\\\/\",\"https:\\\/\\\/x.com\\\/People_Abroad\",\"https:\\\/\\\/www.youtube.com\\\/user\\\/MenschenInt\"],\"url\":\"https:\\\/\\\/www.people-abroad.de\\\/blog\\\/author\\\/admin\\\/\"}]}<\/script>\n<!-- \/ Yoast SEO plugin. -->","yoast_head_json":{"title":"Reiseplanung auf der CMT in Stuttgart - People Abroad","description":"Reiseplanung auf der CMT in Stuttgart: Hier gibt's einen kleinen Messe-Rundgang in Bildern und f\u00fcnf Tipps zur Planung der CMT-Messe.","robots":{"index":"noindex","follow":"follow"},"og_locale":"de_DE","og_type":"article","og_title":"Reiseplanung auf der CMT in Stuttgart - People Abroad","og_description":"Reiseplanung auf der CMT in Stuttgart: Hier gibt's einen kleinen Messe-Rundgang in Bildern und f\u00fcnf Tipps zur Planung der CMT-Messe.","og_url":"https:\/\/www.people-abroad.de\/blog\/reiseplanung-auf-der-cmt-in-stuttgart\/","og_site_name":"People Abroad","article_publisher":"https:\/\/www.facebook.com\/menschen.international\/","article_author":"https:\/\/www.facebook.com\/menschen.international\/","article_published_time":"2018-01-15T11:31:55+00:00","article_modified_time":"2021-02-17T19:46:00+00:00","og_image":[{"url":"https:\/\/www.people-abroad.de\/blog\/wp-content\/uploads\/2018\/01\/Bildquelle-CMT2018-Messe-Stuttgart.jpg","type":"","width":"","height":""}],"author":"Heiko M\u00fcller","twitter_card":"summary_large_image","twitter_creator":"@People_Abroad","twitter_site":"@People_Abroad","twitter_misc":{"Verfasst von":"Heiko M\u00fcller","Gesch\u00e4tzte Lesezeit":"6\u00a0Minuten"},"schema":{"@context":"https:\/\/schema.org","@graph":[{"@type":"Article","@id":"https:\/\/www.people-abroad.de\/blog\/reiseplanung-auf-der-cmt-in-stuttgart\/#article","isPartOf":{"@id":"https:\/\/www.people-abroad.de\/blog\/reiseplanung-auf-der-cmt-in-stuttgart\/"},"author":{"name":"Heiko M\u00fcller","@id":"https:\/\/www.people-abroad.de\/blog\/#\/schema\/person\/2a518a154d93ee6cf0b146bc327329b3"},"headline":"Reiseplanung auf der CMT in Stuttgart","datePublished":"2018-01-15T11:31:55+00:00","dateModified":"2021-02-17T19:46:00+00:00","mainEntityOfPage":{"@id":"https:\/\/www.people-abroad.de\/blog\/reiseplanung-auf-der-cmt-in-stuttgart\/"},"wordCount":746,"commentCount":1,"publisher":{"@id":"https:\/\/www.people-abroad.de\/blog\/#\/schema\/person\/2a518a154d93ee6cf0b146bc327329b3"},"image":{"@id":"https:\/\/www.people-abroad.de\/blog\/reiseplanung-auf-der-cmt-in-stuttgart\/#primaryimage"},"thumbnailUrl":"https:\/\/www.people-abroad.de\/blog\/wp-content\/uploads\/2018\/01\/Bildquelle-CMT2018-Messe-Stuttgart.jpg","keywords":["Reisemesse","Urlaub"],"articleSection":["Reiseplanung"],"inLanguage":"de","potentialAction":[{"@type":"CommentAction","name":"Comment","target":["https:\/\/www.people-abroad.de\/blog\/reiseplanung-auf-der-cmt-in-stuttgart\/#respond"]}]},{"@type":"WebPage","@id":"https:\/\/www.people-abroad.de\/blog\/reiseplanung-auf-der-cmt-in-stuttgart\/","url":"https:\/\/www.people-abroad.de\/blog\/reiseplanung-auf-der-cmt-in-stuttgart\/","name":"Reiseplanung auf der CMT in Stuttgart - People Abroad","isPartOf":{"@id":"https:\/\/www.people-abroad.de\/blog\/#website"},"primaryImageOfPage":{"@id":"https:\/\/www.people-abroad.de\/blog\/reiseplanung-auf-der-cmt-in-stuttgart\/#primaryimage"},"image":{"@id":"https:\/\/www.people-abroad.de\/blog\/reiseplanung-auf-der-cmt-in-stuttgart\/#primaryimage"},"thumbnailUrl":"https:\/\/www.people-abroad.de\/blog\/wp-content\/uploads\/2018\/01\/Bildquelle-CMT2018-Messe-Stuttgart.jpg","datePublished":"2018-01-15T11:31:55+00:00","dateModified":"2021-02-17T19:46:00+00:00","description":"Reiseplanung auf der CMT in Stuttgart: Hier gibt's einen kleinen Messe-Rundgang in Bildern und f\u00fcnf Tipps zur Planung der CMT-Messe.","breadcrumb":{"@id":"https:\/\/www.people-abroad.de\/blog\/reiseplanung-auf-der-cmt-in-stuttgart\/#breadcrumb"},"inLanguage":"de","potentialAction":[{"@type":"ReadAction","target":["https:\/\/www.people-abroad.de\/blog\/reiseplanung-auf-der-cmt-in-stuttgart\/"]}]},{"@type":"ImageObject","inLanguage":"de","@id":"https:\/\/www.people-abroad.de\/blog\/reiseplanung-auf-der-cmt-in-stuttgart\/#primaryimage","url":"https:\/\/www.people-abroad.de\/blog\/wp-content\/uploads\/2018\/01\/Bildquelle-CMT2018-Messe-Stuttgart.jpg","contentUrl":"https:\/\/www.people-abroad.de\/blog\/wp-content\/uploads\/2018\/01\/Bildquelle-CMT2018-Messe-Stuttgart.jpg","width":900,"height":596},{"@type":"BreadcrumbList","@id":"https:\/\/www.people-abroad.de\/blog\/reiseplanung-auf-der-cmt-in-stuttgart\/#breadcrumb","itemListElement":[{"@type":"ListItem","position":1,"name":"Startseite","item":"https:\/\/www.people-abroad.de\/blog\/"},{"@type":"ListItem","position":2,"name":"Reiseplanung auf der CMT in Stuttgart"}]},{"@type":"WebSite","@id":"https:\/\/www.people-abroad.de\/blog\/#website","url":"https:\/\/www.people-abroad.de\/blog\/","name":"People Abroad","description":"Reiseblog","publisher":{"@id":"https:\/\/www.people-abroad.de\/blog\/#\/schema\/person\/2a518a154d93ee6cf0b146bc327329b3"},"potentialAction":[{"@type":"SearchAction","target":{"@type":"EntryPoint","urlTemplate":"https:\/\/www.people-abroad.de\/blog\/?s={search_term_string}"},"query-input":{"@type":"PropertyValueSpecification","valueRequired":true,"valueName":"search_term_string"}}],"inLanguage":"de"},{"@type":["Person","Organization"],"@id":"https:\/\/www.people-abroad.de\/blog\/#\/schema\/person\/2a518a154d93ee6cf0b146bc327329b3","name":"Heiko M\u00fcller","logo":{"@id":"https:\/\/www.people-abroad.de\/blog\/#\/schema\/person\/image\/"},"description":"Ich bin Reiseblogger, Content Creator und Redakteur. Auf Reisen erkunde ich gerne neue Regionen, St\u00e4dte und Orte beim Fotografieren, Wandern und Radfahren. F\u00fcr weitere Reisetipps folge mir auf Instagram, Facebook &amp; Co. Mehr Infos zum Blog findest du hier: https:\/\/www.people-abroad.de\/blog\/pr-media\/. Kontakt: h.mueller@people-abroad.de","sameAs":["https:\/\/www.people-abroad.de\/blog\/","https:\/\/www.facebook.com\/menschen.international\/","https:\/\/www.instagram.com\/people.abroad\/","https:\/\/www.linkedin.com\/in\/muellerheiko\/","https:\/\/www.pinterest.de\/peopleabroad\/","https:\/\/x.com\/People_Abroad","https:\/\/www.youtube.com\/user\/MenschenInt"],"url":"https:\/\/www.people-abroad.de\/blog\/author\/admin\/"}]}},"_links":{"self":[{"href":"https:\/\/www.people-abroad.de\/blog\/wp-json\/wp\/v2\/posts\/6589","targetHints":{"allow":["GET"]}}],"collection":[{"href":"https:\/\/www.people-abroad.de\/blog\/wp-json\/wp\/v2\/posts"}],"about":[{"href":"https:\/\/www.people-abroad.de\/blog\/wp-json\/wp\/v2\/types\/post"}],"author":[{"embeddable":true,"href":"https:\/\/www.people-abroad.de\/blog\/wp-json\/wp\/v2\/users\/1"}],"replies":[{"embeddable":true,"href":"https:\/\/www.people-abroad.de\/blog\/wp-json\/wp\/v2\/comments?post=6589"}],"version-history":[{"count":4,"href":"https:\/\/www.people-abroad.de\/blog\/wp-json\/wp\/v2\/posts\/6589\/revisions"}],"predecessor-version":[{"id":20509,"href":"https:\/\/www.people-abroad.de\/blog\/wp-json\/wp\/v2\/posts\/6589\/revisions\/20509"}],"wp:attachment":[{"href":"https:\/\/www.people-abroad.de\/blog\/wp-json\/wp\/v2\/media?parent=6589"}],"wp:term":[{"taxonomy":"category","embeddable":true,"href":"https:\/\/www.people-abroad.de\/blog\/wp-json\/wp\/v2\/categories?post=6589"},{"taxonomy":"post_tag","embeddable":true,"href":"https:\/\/www.people-abroad.de\/blog\/wp-json\/wp\/v2\/tags?post=6589"}],"curies":[{"name":"wp","href":"https:\/\/api.w.org\/{rel}","templated":true}]}}