{"id":4959,"date":"2017-08-03T13:24:25","date_gmt":"2017-08-03T11:24:25","guid":{"rendered":"https:\/\/www.people-abroad.de\/blog\/?p=4959"},"modified":"2026-01-29T21:34:59","modified_gmt":"2026-01-29T20:34:59","slug":"radtour-im-odenwald","status":"publish","type":"post","link":"https:\/\/www.people-abroad.de\/blog\/radtour-im-odenwald\/","title":{"rendered":"3-L\u00e4nder-Radweg: Radtour im Odenwald"},"content":{"rendered":"<div id=\"ez-toc-container\" class=\"ez-toc-v2_0_82_2 counter-flat ez-toc-counter ez-toc-grey ez-toc-container-direction\">\n<div class=\"ez-toc-title-container\">\n<p class=\"ez-toc-title\" style=\"cursor:inherit\">Inhaltsverzeichnis<\/p>\n<span class=\"ez-toc-title-toggle\"><a href=\"#\" class=\"ez-toc-pull-right ez-toc-btn ez-toc-btn-xs ez-toc-btn-default ez-toc-toggle\" aria-label=\"Toggle Table of Content\"><span class=\"ez-toc-js-icon-con\"><span class=\"\"><span class=\"eztoc-hide\" style=\"display:none;\">Toggle<\/span><span class=\"ez-toc-icon-toggle-span\"><svg style=\"fill: #999;color:#999\" xmlns=\"http:\/\/www.w3.org\/2000\/svg\" class=\"list-377408\" width=\"20px\" height=\"20px\" viewBox=\"0 0 24 24\" fill=\"none\"><path d=\"M6 6H4v2h2V6zm14 0H8v2h12V6zM4 11h2v2H4v-2zm16 0H8v2h12v-2zM4 16h2v2H4v-2zm16 0H8v2h12v-2z\" fill=\"currentColor\"><\/path><\/svg><svg style=\"fill: #999;color:#999\" class=\"arrow-unsorted-368013\" xmlns=\"http:\/\/www.w3.org\/2000\/svg\" width=\"10px\" height=\"10px\" viewBox=\"0 0 24 24\" version=\"1.2\" baseProfile=\"tiny\"><path d=\"M18.2 9.3l-6.2-6.3-6.2 6.3c-.2.2-.3.4-.3.7s.1.5.3.7c.2.2.4.3.7.3h11c.3 0 .5-.1.7-.3.2-.2.3-.5.3-.7s-.1-.5-.3-.7zM5.8 14.7l6.2 6.3 6.2-6.3c.2-.2.3-.5.3-.7s-.1-.5-.3-.7c-.2-.2-.4-.3-.7-.3h-11c-.3 0-.5.1-.7.3-.2.2-.3.5-.3.7s.1.5.3.7z\"\/><\/svg><\/span><\/span><\/span><\/a><\/span><\/div>\n<nav><ul class='ez-toc-list ez-toc-list-level-1 eztoc-toggle-hide-by-default' ><li class='ez-toc-page-1'><a class=\"ez-toc-link ez-toc-heading-1\" href=\"https:\/\/www.people-abroad.de\/blog\/radtour-im-odenwald\/#3-Laender-Radweg_%E2%80%93_meine_Radtour_im_Odenwald\" >3-L\u00e4nder-Radweg &#8211; meine Radtour im Odenwald<\/a><\/li><li class='ez-toc-page-1'><a class=\"ez-toc-link ez-toc-heading-2\" href=\"https:\/\/www.people-abroad.de\/blog\/radtour-im-odenwald\/#3-Laender-Radweg_Etappen\" >3-L\u00e4nder-Radweg | Etappen<\/a><\/li><li class='ez-toc-page-1'><a class=\"ez-toc-link ez-toc-heading-3\" href=\"https:\/\/www.people-abroad.de\/blog\/radtour-im-odenwald\/#Das_3-Laender-Rad-Event\" >Das 3-L\u00e4nder-Rad-Event<\/a><\/li><li class='ez-toc-page-1'><a class=\"ez-toc-link ez-toc-heading-4\" href=\"https:\/\/www.people-abroad.de\/blog\/radtour-im-odenwald\/#Mein_Fazit_zur_3-Laender-Radtour_im_Odenwald\" >Mein Fazit zur 3-L\u00e4nder-Radtour im Odenwald:<\/a><\/li><\/ul><\/nav><\/div>\n<p><a href=\"https:\/\/www.people-abroad.de\/blog\/radtour-im-odenwald\/\"><img decoding=\"async\" class=\"alignleft wp-image-4998 size-full\" style=\"margin-bottom: 25px;\" src=\"https:\/\/www.people-abroad.de\/blog\/wp-content\/uploads\/2017\/08\/radtour-im-odenwald14.jpg\" alt=\"Odenwald Radtour Wandern Outdoor Aktivurlaub\" width=\"900\" height=\"675\" srcset=\"https:\/\/www.people-abroad.de\/blog\/wp-content\/uploads\/2017\/08\/radtour-im-odenwald14.jpg 900w, https:\/\/www.people-abroad.de\/blog\/wp-content\/uploads\/2017\/08\/radtour-im-odenwald14-300x225.jpg 300w, https:\/\/www.people-abroad.de\/blog\/wp-content\/uploads\/2017\/08\/radtour-im-odenwald14-768x576.jpg 768w\" sizes=\"(max-width: 900px) 100vw, 900px\" \/><\/a><\/p>\n<p>[Werbung] Der Odenwald ist ein Outdoor-Paradies und perfekt geeignet f\u00fcr Wander- und Radtouren. Es gibt ein ausgedehntes Radwegenetz mit zahlreichen Anbindungsm\u00f6glichkeiten zu weiterf\u00fchrenden Radrouten und \u00fcberregionalen Fernradwegen. Wir haben uns auf die Socken bzw. den Sattel in Richtung Odenwald gemacht und waren bei der j\u00e4hrlich stattfindenden 3-L\u00e4nder-Radtour mit dabei.<!--more--><\/p>\n<h2><\/h2>\n<h2><span class=\"ez-toc-section\" id=\"3-Laender-Radweg_%E2%80%93_meine_Radtour_im_Odenwald\"><\/span>3-L\u00e4nder-Radweg &#8211; meine Radtour im Odenwald<span class=\"ez-toc-section-end\"><\/span><\/h2>\n<p>Kooperation | Touristik Odenwald<em><br \/>\n<\/em><\/p>\n<p>Der Odenwald ist ein Mittelgebirge in S\u00fcdhessen, Unterfranken und im n\u00f6rdlichen Baden. Eine gute Gelegenheit f\u00fcr eine Radtour im Odenwald ist das j\u00e4hrlich stattfindende 3-L\u00e4nder-Rad-Event. Die Tour findet jeweils im August statt und f\u00fchrt \u00fcber drei Tagesetappen auf insgesamt etwas mehr als 200 Kilometern durch die drei Bundesl\u00e4nder Hessen, Bayern und Baden-W\u00fcrttemberg.<\/p>\n<p>Eine Tagesetappe ist meist zwischen 70 und 80 km lang und man sollte \u00fcber eine ausreichende Grundkondition verf\u00fcgen. Der Streckenverlauf und die \u00dcbernachtungsorte sind jedes mal anders. Deshalb gibt es auch viele &#8222;Wiederholungst\u00e4ter&#8220;, die immer wieder an dem Event teilnehmen. Dar\u00fcber hinaus kommen jedes Jahr neue Biker dazu. In diesem Artikel findest du n\u00fctzliche Infos &amp; Tipps rund um die 3-L\u00e4nder-Radtour in der <a href=\"https:\/\/www.people-abroad.de\/blog\/rhein-neckar-region\/\">Rhein-Neckar-Region<\/a>. Weitere Ausfl\u00fcge in der Region lohnen sich zu den Ausflugszielen\u00a0<a href=\"https:\/\/www.people-abroad.de\/blog\/felsenmeer-odenwald\/\">Felsenmeer<\/a>, <a href=\"https:\/\/www.people-abroad.de\/blog\/katzenbuckel-odenwald\/\" rel=\"bookmark\">Katzenbuckel<\/a>, <a href=\"https:\/\/www.people-abroad.de\/blog\/neckarschleife-wanderung\/\" rel=\"bookmark\">Neckarschleife<\/a>, <a href=\"https:\/\/www.people-abroad.de\/blog\/neckarsteinach-vierburgenstadt\/\">Neckarsteinach<\/a>, <a href=\"https:\/\/www.people-abroad.de\/blog\/hirschhorn-neckar\/\">Hirschhorn<\/a>, <a href=\"https:\/\/www.people-abroad.de\/blog\/spatschlucht-schriesheim\/\" rel=\"bookmark\">Spatschlucht<\/a>, <a href=\"https:\/\/www.people-abroad.de\/blog\/wolfsschlucht-zwingenberg\/\">Wolfsschlucht Zwingenberg<\/a>, sowie nach <a href=\"https:\/\/www.people-abroad.de\/blog\/darmstadt-sehenswuerdigkeiten-ausflugsziele\/\">Darmstadt<\/a>,\u00a0<a href=\"https:\/\/www.people-abroad.de\/blog\/blogger-mannheim-staedtetrip\/\">Mannheim<\/a>,\u00a0<a href=\"https:\/\/www.people-abroad.de\/blog\/mainz-sehenswuerdigkeiten\/\">Mainz<\/a>\u00a0und\u00a0<a href=\"https:\/\/www.people-abroad.de\/blog\/sehenswuerdigkeiten-ausflugsziele-rheinhessen\/\">Rheinhessen<\/a>.<\/p>\n<h2><span class=\"ez-toc-section\" id=\"3-Laender-Radweg_Etappen\"><\/span>3-L\u00e4nder-Radweg | Etappen<span class=\"ez-toc-section-end\"><\/span><\/h2>\n<p>Rundtour mit zwei Varianten:<br \/>\nVariante A<br \/>\nErbach \u2013 Mosbach (80 km)<br \/>\nMosbach \u2013 Miltenberg (71 km)<br \/>\nMiltenberg \u2013 Erbach (60 km)<br \/>\nVariante B<br \/>\nMichelstadt \u2013 Hirschhorn (46 km)<br \/>\nHirschhorn \u2013 Buchen (74 km)<br \/>\nBuchen Michelstadt (82 km)<\/p>\n<h2><span class=\"ez-toc-section\" id=\"Das_3-Laender-Rad-Event\"><\/span>Das 3-L\u00e4nder-Rad-Event<span class=\"ez-toc-section-end\"><\/span><\/h2>\n<p><img decoding=\"async\" class=\"alignleft wp-image-5000 size-full\" style=\"margin-bottom: 25px;\" src=\"https:\/\/www.people-abroad.de\/blog\/wp-content\/uploads\/2017\/08\/radtour-im-odenwald16.jpg\" alt=\"Odenwald Radtour Wandern Outdoor Aktivurlaub\" width=\"900\" height=\"675\" srcset=\"https:\/\/www.people-abroad.de\/blog\/wp-content\/uploads\/2017\/08\/radtour-im-odenwald16.jpg 900w, https:\/\/www.people-abroad.de\/blog\/wp-content\/uploads\/2017\/08\/radtour-im-odenwald16-300x225.jpg 300w, https:\/\/www.people-abroad.de\/blog\/wp-content\/uploads\/2017\/08\/radtour-im-odenwald16-768x576.jpg 768w\" sizes=\"(max-width: 900px) 100vw, 900px\" \/><\/p>\n<p>Meine erste Tagestour in einer gro\u00dfen Gruppe von rund 250 Zweirad-Fans. Bisher bin ich entweder alleine oder mit Kumpels in einer kleinen Gruppe von 3-4 Personen gefahren. Ausgesucht habe ich mir die Tagesetappe von <a href=\"https:\/\/www.wallduern.de\/willkommen\">Walld\u00fcrn<\/a> nach <a href=\"http:\/\/www.reichelsheim.de\">Reichelsheim<\/a>, insgesamt knapp 80 km sind an dem Tag zu bew\u00e4ltigen. Der Start erfolgt bei bestem Wetter auf dem Schlossplatz in Walld\u00fcrn. Kurz nach 9:00 Uhr setzt sich die Gruppe in Bewegung und es geht \u00fcber Wiesen und Felder in Richtung Buchen.<\/p>\n<p><img decoding=\"async\" class=\"alignleft wp-image-4999 size-full\" style=\"margin-bottom: 25px;\" src=\"https:\/\/www.people-abroad.de\/blog\/wp-content\/uploads\/2017\/08\/radtour-im-odenwald15.jpg\" alt=\"Odenwald Radtour Wandern Outdoor Aktivurlaub\" width=\"900\" height=\"675\" srcset=\"https:\/\/www.people-abroad.de\/blog\/wp-content\/uploads\/2017\/08\/radtour-im-odenwald15.jpg 900w, https:\/\/www.people-abroad.de\/blog\/wp-content\/uploads\/2017\/08\/radtour-im-odenwald15-300x225.jpg 300w, https:\/\/www.people-abroad.de\/blog\/wp-content\/uploads\/2017\/08\/radtour-im-odenwald15-768x576.jpg 768w\" sizes=\"(max-width: 900px) 100vw, 900px\" \/><\/p>\n<p>Ich finde sofort Anschluss zu den anderen Bikern, die Stimmung ist super und es wird viel gelacht. Das Tempo ist z\u00fcgig, aber es bleibt gen\u00fcgend Zeit, damit man sich w\u00e4hrend der Fahrt mit den anderen unterhalten kann. Man tauscht sich aus \u00fcber bereits gefahrene Touren, Radregionen im In- und Ausland, temporeiche Abfahrten und \u00fcber so manche Radpanne.<\/p>\n<p><img decoding=\"async\" class=\"alignleft wp-image-4986 size-full\" style=\"margin-bottom: 25px;\" src=\"https:\/\/www.people-abroad.de\/blog\/wp-content\/uploads\/2017\/08\/radtour-im-odenwald2.jpg\" alt=\"Odenwald Radtour Wandern Outdoor Limbach Buchen\" width=\"900\" height=\"675\" srcset=\"https:\/\/www.people-abroad.de\/blog\/wp-content\/uploads\/2017\/08\/radtour-im-odenwald2.jpg 900w, https:\/\/www.people-abroad.de\/blog\/wp-content\/uploads\/2017\/08\/radtour-im-odenwald2-300x225.jpg 300w, https:\/\/www.people-abroad.de\/blog\/wp-content\/uploads\/2017\/08\/radtour-im-odenwald2-768x576.jpg 768w\" sizes=\"(max-width: 900px) 100vw, 900px\" \/><\/p>\n<p>Gleich zu Beginn der Tour lerne ich: wenn man in einer Gruppe f\u00e4hrt, hebt man die Hand, wenn es einen Stopp gibt, damit die nachfolgenden Radler das rechtzeitig sehen und ihr Tempo reduzieren. Auch muss man immer ein Auge auf den Vordermann bzw. die Vorderfrau haben, damit man rechtzeitig bremst. Rechts oder links? Ah, nach <a href=\"http:\/\/www.buchen.de\">Buchen<\/a> geht&#8217;s rechts ab&#8230;<\/p>\n<p><img decoding=\"async\" class=\"alignleft wp-image-4998 size-full\" style=\"margin-bottom: 25px;\" src=\"https:\/\/www.people-abroad.de\/blog\/wp-content\/uploads\/2017\/08\/radtour-im-odenwald14.jpg\" alt=\"Odenwald Radtour Wandern Outdoor Aktivurlaub\" width=\"900\" height=\"675\" srcset=\"https:\/\/www.people-abroad.de\/blog\/wp-content\/uploads\/2017\/08\/radtour-im-odenwald14.jpg 900w, https:\/\/www.people-abroad.de\/blog\/wp-content\/uploads\/2017\/08\/radtour-im-odenwald14-300x225.jpg 300w, https:\/\/www.people-abroad.de\/blog\/wp-content\/uploads\/2017\/08\/radtour-im-odenwald14-768x576.jpg 768w\" sizes=\"(max-width: 900px) 100vw, 900px\" \/><\/p>\n<p>Mit das beste an dieser Radtour f\u00fcr jemanden, der ansonsten in der Stadt (Mannheim) wohnt: die gute, herrlich frische Luft. Es riecht nach Gras, Wildblumen und Kr\u00e4utern, manchmal auch nach Kuhdung. Einfach Genial!<\/p>\n<p><img decoding=\"async\" class=\"alignleft wp-image-4997 size-full\" style=\"margin-bottom: 25px;\" src=\"https:\/\/www.people-abroad.de\/blog\/wp-content\/uploads\/2017\/08\/radtour-im-odenwald13.jpg\" alt=\"Odenwald Radtour Wandern Outdoor Aktivurlaub\" width=\"900\" height=\"675\" srcset=\"https:\/\/www.people-abroad.de\/blog\/wp-content\/uploads\/2017\/08\/radtour-im-odenwald13.jpg 900w, https:\/\/www.people-abroad.de\/blog\/wp-content\/uploads\/2017\/08\/radtour-im-odenwald13-300x225.jpg 300w, https:\/\/www.people-abroad.de\/blog\/wp-content\/uploads\/2017\/08\/radtour-im-odenwald13-768x576.jpg 768w\" sizes=\"(max-width: 900px) 100vw, 900px\" \/><\/p>\n<p>Bei dem sch\u00f6nen Sonnenschein schnell mal ein Selfie schiessen, aber gleichzeitig noch auf den Weg achten. Das Wetter macht auf jeden Fall mit und heute scheint es definitiv nicht zu regnen. Auf Feld- und Schotterwegen geht es weiter nach Mudau, denn dort ist eine Rast mit Getr\u00e4nken und Snacks geplant.<\/p>\n<p><img decoding=\"async\" class=\"alignleft wp-image-4987 size-full\" style=\"margin-bottom: 25px;\" src=\"https:\/\/www.people-abroad.de\/blog\/wp-content\/uploads\/2017\/08\/radtour-im-odenwald3.jpg\" alt=\"Odenwald Wandern Outdoor Aktivurlaub\" width=\"900\" height=\"675\" srcset=\"https:\/\/www.people-abroad.de\/blog\/wp-content\/uploads\/2017\/08\/radtour-im-odenwald3.jpg 900w, https:\/\/www.people-abroad.de\/blog\/wp-content\/uploads\/2017\/08\/radtour-im-odenwald3-300x225.jpg 300w, https:\/\/www.people-abroad.de\/blog\/wp-content\/uploads\/2017\/08\/radtour-im-odenwald3-768x576.jpg 768w\" sizes=\"(max-width: 900px) 100vw, 900px\" \/><\/p>\n<p>Zwischendurch geht&#8217;s immer wieder durch W\u00e4lder, es riecht holzig und nach Moos &#8211; Natur pur. Die Luft flirrt, es sind 26 Grad und soll noch hei\u00dfer werden. Aber im Schatten ist es angenehm k\u00fchl und durch den Fahrtwind fast schon erfrischend.<\/p>\n<p><img decoding=\"async\" class=\"alignleft wp-image-5001 size-full\" style=\"margin-bottom: 25px;\" src=\"https:\/\/www.people-abroad.de\/blog\/wp-content\/uploads\/2017\/08\/radtour-im-odenwald17.jpg\" alt=\"Radtour Wandern Outdoor Aktivurlaub\" width=\"900\" height=\"675\" srcset=\"https:\/\/www.people-abroad.de\/blog\/wp-content\/uploads\/2017\/08\/radtour-im-odenwald17.jpg 900w, https:\/\/www.people-abroad.de\/blog\/wp-content\/uploads\/2017\/08\/radtour-im-odenwald17-300x225.jpg 300w, https:\/\/www.people-abroad.de\/blog\/wp-content\/uploads\/2017\/08\/radtour-im-odenwald17-768x576.jpg 768w\" sizes=\"(max-width: 900px) 100vw, 900px\" \/><\/p>\n<p>Die Mittagspause legen wir in Hesseneck-Hesselbach ein. Hier gibt&#8217;s warmes Essen und kalte Getr\u00e4nke, die Ortsbewohner empfangen uns und wir k\u00f6nnen neue Energie tanken. Ich entscheide mit f\u00fcr das alkoholfreie Bier, das erfrischt und &#8211; wie hei\u00dft es in der Werbung &#8211; bringt verbrauchte Energie zur\u00fcck. Na dann Prost!<\/p>\n<p><img decoding=\"async\" class=\"alignleft wp-image-4988 size-full\" style=\"margin-bottom: 25px;\" src=\"https:\/\/www.people-abroad.de\/blog\/wp-content\/uploads\/2017\/08\/radtour-im-odenwald4.jpg\" alt=\"Odenwald Land Natur \" width=\"900\" height=\"675\" srcset=\"https:\/\/www.people-abroad.de\/blog\/wp-content\/uploads\/2017\/08\/radtour-im-odenwald4.jpg 900w, https:\/\/www.people-abroad.de\/blog\/wp-content\/uploads\/2017\/08\/radtour-im-odenwald4-300x225.jpg 300w, https:\/\/www.people-abroad.de\/blog\/wp-content\/uploads\/2017\/08\/radtour-im-odenwald4-768x576.jpg 768w\" sizes=\"(max-width: 900px) 100vw, 900px\" \/><\/p>\n<p>Der beschauliche Ort liegt inmitten von Weide- und Ackerland und es gibt gr\u00fcne Felder und viele Streuobstwiesen. Und einen alten Silo aus Holz. Einige der Radler legen sich unter einen schattigen Baum und machen eine kurze Siesta.<\/p>\n<p><img decoding=\"async\" class=\"alignleft wp-image-4996 size-full\" style=\"margin-bottom: 25px;\" src=\"https:\/\/www.people-abroad.de\/blog\/wp-content\/uploads\/2017\/08\/radtour-im-odenwald12.jpg\" alt=\"MTB Mountainbiker Biker\" width=\"900\" height=\"675\" srcset=\"https:\/\/www.people-abroad.de\/blog\/wp-content\/uploads\/2017\/08\/radtour-im-odenwald12.jpg 900w, https:\/\/www.people-abroad.de\/blog\/wp-content\/uploads\/2017\/08\/radtour-im-odenwald12-300x225.jpg 300w, https:\/\/www.people-abroad.de\/blog\/wp-content\/uploads\/2017\/08\/radtour-im-odenwald12-768x576.jpg 768w\" sizes=\"(max-width: 900px) 100vw, 900px\" \/><\/p>\n<p>Auch die beiden Mountainbike-Jungs von der Tourleitung legen einen gechillten Stop ein. Gem\u00fctlich abh\u00e4ngen und auftanken, bevor es weiter geht. Doch bald hei\u00dft es wieder: Radhelm aufziehen, auf den Sattel und los geht&#8217;s.<\/p>\n<p><img decoding=\"async\" class=\"alignleft wp-image-4995 size-full\" style=\"margin-bottom: 25px;\" src=\"https:\/\/www.people-abroad.de\/blog\/wp-content\/uploads\/2017\/08\/radtour-im-odenwald11.jpg\" alt=\"Radtour Odenwald \" width=\"900\" height=\"675\" srcset=\"https:\/\/www.people-abroad.de\/blog\/wp-content\/uploads\/2017\/08\/radtour-im-odenwald11.jpg 900w, https:\/\/www.people-abroad.de\/blog\/wp-content\/uploads\/2017\/08\/radtour-im-odenwald11-300x225.jpg 300w, https:\/\/www.people-abroad.de\/blog\/wp-content\/uploads\/2017\/08\/radtour-im-odenwald11-768x576.jpg 768w\" sizes=\"(max-width: 900px) 100vw, 900px\" \/><\/p>\n<p>Wir fahren weiter in Richtung <a href=\"http:\/\/www.mossautal.de\/\">Mossautal<\/a>, es geht mal auf, mal ab und nach der Mittagspause f\u00fchle ich mich gest\u00e4rkt f\u00fcr die zweite Tagesh\u00e4lfte. Es liegen noch mehr als 40 km vor uns, aber in der Gruppe zu fahren ist sehr abwechslungsreich und man hat immer wieder neue &#8222;Beifahrer&#8220;, mit denen man sich unterhalten und austauschen kann.<\/p>\n<p><img decoding=\"async\" class=\"alignleft wp-image-4992 size-full\" style=\"margin-bottom: 25px;\" src=\"https:\/\/www.people-abroad.de\/blog\/wp-content\/uploads\/2017\/08\/radtour-im-odenwald8.jpg\" alt=\"Radtour Wandern Outdoor Aktivurlaub\" width=\"900\" height=\"675\" srcset=\"https:\/\/www.people-abroad.de\/blog\/wp-content\/uploads\/2017\/08\/radtour-im-odenwald8.jpg 900w, https:\/\/www.people-abroad.de\/blog\/wp-content\/uploads\/2017\/08\/radtour-im-odenwald8-300x225.jpg 300w, https:\/\/www.people-abroad.de\/blog\/wp-content\/uploads\/2017\/08\/radtour-im-odenwald8-768x576.jpg 768w\" sizes=\"(max-width: 900px) 100vw, 900px\" \/><\/p>\n<p>Der sch\u00f6nste Streckenabschnitt der Tagesetappe f\u00fchrt \u00fcber etliche Kilometer durch schattige W\u00e4lder in Richtung Mossautal. Das Rad l\u00e4uft fast wie von selbst und man f\u00e4hrt in seinem Rhythmus. Einfach geradeaus, mal links, mal rechts, und mein Rad scheint die Strecke irgendwie zu kennen. War vermutlich schon mal ohne mich hier&#8230;<\/p>\n<p><img decoding=\"async\" class=\"alignleft wp-image-4993 size-full\" style=\"margin-bottom: 25px;\" src=\"https:\/\/www.people-abroad.de\/blog\/wp-content\/uploads\/2017\/08\/radtour-im-odenwald9.jpg\" alt=\"Radreise Radurlaub Bikepacking\" width=\"900\" height=\"675\" srcset=\"https:\/\/www.people-abroad.de\/blog\/wp-content\/uploads\/2017\/08\/radtour-im-odenwald9.jpg 900w, https:\/\/www.people-abroad.de\/blog\/wp-content\/uploads\/2017\/08\/radtour-im-odenwald9-300x225.jpg 300w, https:\/\/www.people-abroad.de\/blog\/wp-content\/uploads\/2017\/08\/radtour-im-odenwald9-768x576.jpg 768w\" sizes=\"(max-width: 900px) 100vw, 900px\" \/><\/p>\n<p>Manche haben trotz ihres GPS-Ger\u00e4ts noch eine klassische Radkarte dabei. Wenn auf die Technik mal kein Verlass sein sollte, hat man somit noch die analoge Variante der Strecke im Gep\u00e4ck und findet sich zurecht. Ziemlich praktisch!<\/p>\n<p><img decoding=\"async\" class=\"alignleft wp-image-4990 size-full\" style=\"margin-bottom: 25px;\" src=\"https:\/\/www.people-abroad.de\/blog\/wp-content\/uploads\/2017\/08\/radtour-im-odenwald6.jpg\" alt=\"Radreise Radurlaub Radtour 3 L\u00e4nder Rad Event\" width=\"900\" height=\"674\" srcset=\"https:\/\/www.people-abroad.de\/blog\/wp-content\/uploads\/2017\/08\/radtour-im-odenwald6.jpg 900w, https:\/\/www.people-abroad.de\/blog\/wp-content\/uploads\/2017\/08\/radtour-im-odenwald6-300x225.jpg 300w, https:\/\/www.people-abroad.de\/blog\/wp-content\/uploads\/2017\/08\/radtour-im-odenwald6-768x575.jpg 768w\" sizes=\"(max-width: 900px) 100vw, 900px\" \/><\/p>\n<p>Sind noch alle an Bord? Sieht zumindest so aus, aber bei mehr als 250 Radfahrern durchz\u00e4hlen w\u00fcrde ziemlich lange dauern. Daf\u00fcr gibt&#8217;s die Tourleitung am Schluss der Gruppe &#8211; sie schaut, dass niemand verloren geht und hilft bei einer Radpanne.<\/p>\n<p><img decoding=\"async\" class=\"alignleft wp-image-4994 size-full\" style=\"margin-bottom: 25px;\" src=\"https:\/\/www.people-abroad.de\/blog\/wp-content\/uploads\/2017\/08\/radtour-im-odenwald10.jpg\" alt=\"Himb\u00e4chel Viadukt \" width=\"900\" height=\"675\" srcset=\"https:\/\/www.people-abroad.de\/blog\/wp-content\/uploads\/2017\/08\/radtour-im-odenwald10.jpg 900w, https:\/\/www.people-abroad.de\/blog\/wp-content\/uploads\/2017\/08\/radtour-im-odenwald10-300x225.jpg 300w, https:\/\/www.people-abroad.de\/blog\/wp-content\/uploads\/2017\/08\/radtour-im-odenwald10-768x576.jpg 768w\" sizes=\"(max-width: 900px) 100vw, 900px\" \/><\/p>\n<p>Wir passieren das <a href=\"https:\/\/de.wikipedia.org\/wiki\/Himb\u00e4chel-Viadukt\">Himb\u00e4chel-Viadukt<\/a>, das in Beerfelden-Hetzbach \u00fcber das Tal des Himbachel f\u00fchrt. Ganz sch\u00f6n imposant, das Bauwerk. Es wird eingleisig von der Odenwaldbahn befahren, wurde von 1880 bis 1881 erbaut und ist heute ein Kulturdenkmal.<\/p>\n<p><img decoding=\"async\" class=\"alignleft wp-image-4989 size-full\" style=\"margin-bottom: 25px;\" src=\"https:\/\/www.people-abroad.de\/blog\/wp-content\/uploads\/2017\/08\/radtour-im-odenwald5.jpg\" alt=\"Natur Sonnenblumen\" width=\"900\" height=\"675\" srcset=\"https:\/\/www.people-abroad.de\/blog\/wp-content\/uploads\/2017\/08\/radtour-im-odenwald5.jpg 900w, https:\/\/www.people-abroad.de\/blog\/wp-content\/uploads\/2017\/08\/radtour-im-odenwald5-300x225.jpg 300w, https:\/\/www.people-abroad.de\/blog\/wp-content\/uploads\/2017\/08\/radtour-im-odenwald5-768x576.jpg 768w\" sizes=\"(max-width: 900px) 100vw, 900px\" \/><\/p>\n<p>Im Sommer kommt man im Odenwald immer wieder an Sonnenblumen vorbei. Unsere Tour verl\u00e4uft weiter nach Mossautal-H\u00fcttenthal. Dort legen wir nochmal eine Pause ein, bevor es dann in Richtung unseres Etappenziels in Reichelsheim geht.<\/p>\n<p><img decoding=\"async\" class=\"alignleft wp-image-4985 size-full\" style=\"margin-bottom: 25px;\" src=\"https:\/\/www.people-abroad.de\/blog\/wp-content\/uploads\/2017\/08\/radtour-im-odenwald1.jpg\" alt=\"Radtour Radgruppe Radreise Radevent\" width=\"900\" height=\"675\" srcset=\"https:\/\/www.people-abroad.de\/blog\/wp-content\/uploads\/2017\/08\/radtour-im-odenwald1.jpg 900w, https:\/\/www.people-abroad.de\/blog\/wp-content\/uploads\/2017\/08\/radtour-im-odenwald1-300x225.jpg 300w, https:\/\/www.people-abroad.de\/blog\/wp-content\/uploads\/2017\/08\/radtour-im-odenwald1-768x576.jpg 768w\" sizes=\"(max-width: 900px) 100vw, 900px\" \/><\/p>\n<p>Zwischendurch noch mal kurz gesammelt und gewartet, bis die Gruppe wieder komplett ist. Gegen 17:30 Uhr erreichen wir <a href=\"http:\/\/www.reichelsheim.de\">Reichelsheim<\/a>, das Ziel unserer Tagestour. In Reichelsheim habe ich ganz vergessen noch ein Abschlussfoto zu machen. Das lag vermutlich an dem leckeren Essen und dem gek\u00fchlten Bier, das bei unserer Ankunft in der Reichenberghalle auf uns wartete.<\/p>\n<h2><span class=\"ez-toc-section\" id=\"Mein_Fazit_zur_3-Laender-Radtour_im_Odenwald\"><\/span>Mein Fazit zur 3-L\u00e4nder-Radtour im Odenwald:<span class=\"ez-toc-section-end\"><\/span><\/h2>\n<p>Das Rad-Event ist bestens organisiert, alles ist gut geplant und die Durchf\u00fchrung bzw. der Ablauf verl\u00e4uft reibungslos. Mit 159 Euro im Doppelzimmer bzw. 189 Euro im Einzelzimmer, bei zwei \u00dcbernachtungen incl. Fr\u00fchst\u00fcck, Teilnahmegeb\u00fchr und Tourbegleitung ist die Tour g\u00fcnstig im Vergleich zu anderen Radtouren und nicht teuer. Der Odenwald ist eine landschaftlich abwechslungsreiche Region, die sich lohnt entdeckt und erkundet zu werden. In der Gruppe findet man schnell Anschluss zu anderen Radlern, das Teilnehmerfeld ist bunt gemischt und die Stimmung ist prima.<\/p>\n<p><img decoding=\"async\" class=\"alignleft wp-image-5002 size-full\" style=\"margin-bottom: 25px;\" src=\"https:\/\/www.people-abroad.de\/blog\/wp-content\/uploads\/2017\/08\/radtour-im-odenwald18.jpg\" alt=\"Tourleitung\" width=\"900\" height=\"675\" srcset=\"https:\/\/www.people-abroad.de\/blog\/wp-content\/uploads\/2017\/08\/radtour-im-odenwald18.jpg 900w, https:\/\/www.people-abroad.de\/blog\/wp-content\/uploads\/2017\/08\/radtour-im-odenwald18-300x225.jpg 300w, https:\/\/www.people-abroad.de\/blog\/wp-content\/uploads\/2017\/08\/radtour-im-odenwald18-768x576.jpg 768w\" sizes=\"(max-width: 900px) 100vw, 900px\" \/><\/p>\n<p><strong>Tipps f\u00fcr eine Radtour im Odenwald:<\/strong><br \/>\n&#8211; der H\u00f6henradwanderweg von W\u00fcrzberg zur Gaim\u00fchle<br \/>\n&#8211; der Burgen-Radweg durch den n\u00f6rdlichen Odenwald<br \/>\n&#8211; die Rennrad-Tour\u00a0vom M\u00fcmlingtal in den \u00dcberwald<br \/>\n&#8211; der M\u00fcmlingtal-Radweg vom Main zum Neckar<\/p>\n<p><em><strong>Werbehinweis:<\/strong> Dieser Artikel entstand in Zusammenarbeit mit Touristik Odenwald. Ich gehe gerne Kooperationen ein, meine pers\u00f6nliche Meinung wird davon aber nicht beeinflusst.<\/em><\/p>\n<p>Du hast auch schon mal beim 3-L\u00e4nder-Rad-Event dabei oder hast Tipps zu einer anderen Radtour im Odenwald? Dann hinterlasse hier deinen Kommentar oder schreibe an info@people-abroad.de.<\/p>\n<p>Weitere Artikel \u00fcber die Region findest du hier:<br \/>\n<a href=\"https:\/\/www.people-abroad.de\/blog\/katzenbuckel-odenwald\/\" rel=\"bookmark\">Katzenbuckel mit Aussichtsturm \u2013 Wanderung im Odenwald<\/a><br \/>\n<a href=\"https:\/\/www.people-abroad.de\/blog\/neckarsteinach-vierburgenstadt\/\">Neckarsteinach: Highlights der Vierburgenstadt am Neckar<\/a><br \/>\n<a href=\"https:\/\/www.people-abroad.de\/blog\/hirschhorn-neckar\/\">Hirschhorn am Neckar mit historischer Altstadt und Burg<\/a><br \/>\n<a href=\"https:\/\/www.people-abroad.de\/blog\/spatschlucht-schriesheim\/\" rel=\"bookmark\">Spatschlucht Schriesheim \u2013 Wanderung und Rundweg<\/a><br \/>\n<a href=\"https:\/\/www.people-abroad.de\/blog\/neckarschleife-wanderung\/\" rel=\"bookmark\">Neckarschleife: Wanderung mit Aussicht am Neckar<\/a><br \/>\n<a href=\"https:\/\/www.people-abroad.de\/blog\/felsenmeer-odenwald\/\">Das Felsenmeer in Lautertal im Odenwald<\/a><br \/>\n<a href=\"https:\/\/www.people-abroad.de\/blog\/wolfsschlucht-zwingenberg\/\">Wolfsschlucht Zwingenberg \u2013 Wanderung<\/a><br \/>\n<a href=\"https:\/\/www.people-abroad.de\/blog\/sehenswuerdigkeiten-ausflugsziele-rheinhessen\/\">Sehensw\u00fcrdigkeiten &amp; Ausflugsziele in Rheinhessen<\/a><br \/>\n<a href=\"https:\/\/www.people-abroad.de\/blog\/rhein-neckar-region\/\">Ausflugsziele Rhein-Neckar: Tipps f\u00fcr die Region<\/a><br \/>\n<a href=\"https:\/\/www.people-abroad.de\/blog\/darmstadt-sehenswuerdigkeiten-ausflugsziele\/\">Darmstadt: Sehensw\u00fcrdigkeiten &amp; Ausflugsziele<\/a><br \/>\n<a href=\"https:\/\/www.people-abroad.de\/blog\/wuerzburg-sehenswuerdigkeiten\/\">W\u00fcrzburg: Sehensw\u00fcrdigkeiten &amp; Highlights<\/a><br \/>\n<a href=\"https:\/\/www.people-abroad.de\/blog\/mainland-miltenberg-churfranken\/\">Mainland Miltenberg: Aktivurlaub in Churfranken<\/a><br \/>\n<a href=\"https:\/\/www.people-abroad.de\/blog\/aussteigen-alternativ-leben\/\">Odenwald: Aussteigen und in der Natur leben<\/a><br \/>\n<a href=\"https:\/\/www.people-abroad.de\/blog\/mountainbiken-in-rheinland-pfalz\/\">Flowtrail Stromberg: Mountainbiken auf Trails<\/a><\/p>\n<p>\u00dcbrigens: Artikel \u00fcber Reiseregionen in Deutschland mit Infos &amp; Tipps f\u00fcr die Reiseplanung findest du hier: <a href=\"https:\/\/www.people-abroad.de\/blog\/kurzurlaub-deutschland\/\">Kurzurlaub Deutschland: Reiseziele &amp; Regionen<\/a><\/p>\n<p><img decoding=\"async\" class=\"alignnone wp-image-10154 size-medium\" src=\"https:\/\/www.people-abroad.de\/blog\/wp-content\/uploads\/2018\/12\/42-200x300.jpg\" alt=\"Werbung \/ Outdoor-Tipp: Radtour im Odenwald #Radtour #Radreise #Odenwald #Biken #Outdoor\" width=\"200\" height=\"300\" srcset=\"https:\/\/www.people-abroad.de\/blog\/wp-content\/uploads\/2018\/12\/42-200x300.jpg 200w, https:\/\/www.people-abroad.de\/blog\/wp-content\/uploads\/2018\/12\/42-683x1024.jpg 683w, https:\/\/www.people-abroad.de\/blog\/wp-content\/uploads\/2018\/12\/42-267x400.jpg 267w, https:\/\/www.people-abroad.de\/blog\/wp-content\/uploads\/2018\/12\/42.jpg 735w\" sizes=\"(max-width: 200px) 100vw, 200px\" \/><\/p>\n","protected":false},"excerpt":{"rendered":"<p>[Werbung] Der Odenwald ist ein Outdoor-Paradies und perfekt geeignet f\u00fcr Wander- und Radtouren. Es gibt ein ausgedehntes Radwegenetz mit zahlreichen Anbindungsm\u00f6glichkeiten zu weiterf\u00fchrenden Radrouten und \u00fcberregionalen Fernradwegen. Wir haben uns auf die Socken bzw. den Sattel in Richtung Odenwald gemacht und waren bei der j\u00e4hrlich stattfindenden 3-L\u00e4nder-Radtour mit dabei.<\/p>\n","protected":false},"author":1,"featured_media":0,"comment_status":"open","ping_status":"open","sticky":false,"template":"","format":"standard","meta":{"_monsterinsights_skip_tracking":false,"_monsterinsights_sitenote_active":false,"_monsterinsights_sitenote_note":"","_monsterinsights_sitenote_category":0,"footnotes":""},"categories":[701,2045],"tags":[328,1976,2114],"class_list":["post-4959","post","type-post","status-publish","format-standard","hentry","category-deutschland","category-radfahren","tag-baden-wuerttemberg","tag-bayern","tag-hessen"],"yoast_head":"<!-- This site is optimized with the Yoast SEO plugin v27.5 - https:\/\/yoast.com\/product\/yoast-seo-wordpress\/ -->\n<title>3-L\u00e4nder-Radweg: Radtour im Odenwald - People Abroad<\/title>\n<meta name=\"description\" content=\"Der Odenwald ist perfekt geeignet f\u00fcr eine Radtour: Tipps f\u00fcr die Planung f\u00fcr eine Radtour im Odenwald auf dem 3-L\u00e4nder-Radweg.\" \/>\n<meta name=\"robots\" content=\"index, follow, max-snippet:-1, max-image-preview:large, max-video-preview:-1\" \/>\n<link rel=\"canonical\" href=\"https:\/\/www.people-abroad.de\/blog\/radtour-im-odenwald\/\" \/>\n<meta property=\"og:locale\" content=\"de_DE\" \/>\n<meta property=\"og:type\" content=\"article\" \/>\n<meta property=\"og:title\" content=\"3-L\u00e4nder-Radweg: Radtour im Odenwald - People Abroad\" \/>\n<meta property=\"og:description\" content=\"Der Odenwald ist perfekt geeignet f\u00fcr eine Radtour: Tipps f\u00fcr die Planung f\u00fcr eine Radtour im Odenwald auf dem 3-L\u00e4nder-Radweg.\" \/>\n<meta property=\"og:url\" content=\"https:\/\/www.people-abroad.de\/blog\/radtour-im-odenwald\/\" \/>\n<meta property=\"og:site_name\" content=\"People Abroad\" \/>\n<meta property=\"article:publisher\" content=\"https:\/\/www.facebook.com\/menschen.international\/\" \/>\n<meta property=\"article:author\" content=\"https:\/\/www.facebook.com\/menschen.international\/\" \/>\n<meta property=\"article:published_time\" content=\"2017-08-03T11:24:25+00:00\" \/>\n<meta property=\"article:modified_time\" content=\"2026-01-29T20:34:59+00:00\" \/>\n<meta property=\"og:image\" content=\"https:\/\/www.people-abroad.de\/blog\/wp-content\/uploads\/2017\/08\/radtour-im-odenwald14.jpg\" \/>\n\t<meta property=\"og:image:width\" content=\"900\" \/>\n\t<meta property=\"og:image:height\" content=\"675\" \/>\n\t<meta property=\"og:image:type\" content=\"image\/jpeg\" \/>\n<meta name=\"author\" content=\"Heiko M\u00fcller\" \/>\n<meta name=\"twitter:card\" content=\"summary_large_image\" \/>\n<meta name=\"twitter:creator\" content=\"@People_Abroad\" \/>\n<meta name=\"twitter:site\" content=\"@People_Abroad\" \/>\n<meta name=\"twitter:label1\" content=\"Verfasst von\" \/>\n\t<meta name=\"twitter:data1\" content=\"Heiko M\u00fcller\" \/>\n\t<meta name=\"twitter:label2\" content=\"Gesch\u00e4tzte Lesezeit\" \/>\n\t<meta name=\"twitter:data2\" content=\"11\u00a0Minuten\" \/>\n<script type=\"application\/ld+json\" class=\"yoast-schema-graph\">{\"@context\":\"https:\\\/\\\/schema.org\",\"@graph\":[{\"@type\":\"Article\",\"@id\":\"https:\\\/\\\/www.people-abroad.de\\\/blog\\\/radtour-im-odenwald\\\/#article\",\"isPartOf\":{\"@id\":\"https:\\\/\\\/www.people-abroad.de\\\/blog\\\/radtour-im-odenwald\\\/\"},\"author\":{\"name\":\"Heiko M\u00fcller\",\"@id\":\"https:\\\/\\\/www.people-abroad.de\\\/blog\\\/#\\\/schema\\\/person\\\/2a518a154d93ee6cf0b146bc327329b3\"},\"headline\":\"3-L\u00e4nder-Radweg: Radtour im Odenwald\",\"datePublished\":\"2017-08-03T11:24:25+00:00\",\"dateModified\":\"2026-01-29T20:34:59+00:00\",\"mainEntityOfPage\":{\"@id\":\"https:\\\/\\\/www.people-abroad.de\\\/blog\\\/radtour-im-odenwald\\\/\"},\"wordCount\":1336,\"commentCount\":1,\"publisher\":{\"@id\":\"https:\\\/\\\/www.people-abroad.de\\\/blog\\\/#\\\/schema\\\/person\\\/2a518a154d93ee6cf0b146bc327329b3\"},\"image\":{\"@id\":\"https:\\\/\\\/www.people-abroad.de\\\/blog\\\/radtour-im-odenwald\\\/#primaryimage\"},\"thumbnailUrl\":\"https:\\\/\\\/www.people-abroad.de\\\/blog\\\/wp-content\\\/uploads\\\/2017\\\/08\\\/radtour-im-odenwald14.jpg\",\"keywords\":[\"Baden-W\u00fcrttemberg\",\"Bayern\",\"Hessen\"],\"articleSection\":[\"Deutschland\",\"Radfahren\"],\"inLanguage\":\"de\",\"potentialAction\":[{\"@type\":\"CommentAction\",\"name\":\"Comment\",\"target\":[\"https:\\\/\\\/www.people-abroad.de\\\/blog\\\/radtour-im-odenwald\\\/#respond\"]}]},{\"@type\":\"WebPage\",\"@id\":\"https:\\\/\\\/www.people-abroad.de\\\/blog\\\/radtour-im-odenwald\\\/\",\"url\":\"https:\\\/\\\/www.people-abroad.de\\\/blog\\\/radtour-im-odenwald\\\/\",\"name\":\"3-L\u00e4nder-Radweg: Radtour im Odenwald - People Abroad\",\"isPartOf\":{\"@id\":\"https:\\\/\\\/www.people-abroad.de\\\/blog\\\/#website\"},\"primaryImageOfPage\":{\"@id\":\"https:\\\/\\\/www.people-abroad.de\\\/blog\\\/radtour-im-odenwald\\\/#primaryimage\"},\"image\":{\"@id\":\"https:\\\/\\\/www.people-abroad.de\\\/blog\\\/radtour-im-odenwald\\\/#primaryimage\"},\"thumbnailUrl\":\"https:\\\/\\\/www.people-abroad.de\\\/blog\\\/wp-content\\\/uploads\\\/2017\\\/08\\\/radtour-im-odenwald14.jpg\",\"datePublished\":\"2017-08-03T11:24:25+00:00\",\"dateModified\":\"2026-01-29T20:34:59+00:00\",\"description\":\"Der Odenwald ist perfekt geeignet f\u00fcr eine Radtour: Tipps f\u00fcr die Planung f\u00fcr eine Radtour im Odenwald auf dem 3-L\u00e4nder-Radweg.\",\"breadcrumb\":{\"@id\":\"https:\\\/\\\/www.people-abroad.de\\\/blog\\\/radtour-im-odenwald\\\/#breadcrumb\"},\"inLanguage\":\"de\",\"potentialAction\":[{\"@type\":\"ReadAction\",\"target\":[\"https:\\\/\\\/www.people-abroad.de\\\/blog\\\/radtour-im-odenwald\\\/\"]}]},{\"@type\":\"ImageObject\",\"inLanguage\":\"de\",\"@id\":\"https:\\\/\\\/www.people-abroad.de\\\/blog\\\/radtour-im-odenwald\\\/#primaryimage\",\"url\":\"https:\\\/\\\/www.people-abroad.de\\\/blog\\\/wp-content\\\/uploads\\\/2017\\\/08\\\/radtour-im-odenwald14.jpg\",\"contentUrl\":\"https:\\\/\\\/www.people-abroad.de\\\/blog\\\/wp-content\\\/uploads\\\/2017\\\/08\\\/radtour-im-odenwald14.jpg\",\"width\":900,\"height\":675},{\"@type\":\"BreadcrumbList\",\"@id\":\"https:\\\/\\\/www.people-abroad.de\\\/blog\\\/radtour-im-odenwald\\\/#breadcrumb\",\"itemListElement\":[{\"@type\":\"ListItem\",\"position\":1,\"name\":\"Startseite\",\"item\":\"https:\\\/\\\/www.people-abroad.de\\\/blog\\\/\"},{\"@type\":\"ListItem\",\"position\":2,\"name\":\"3-L\u00e4nder-Radweg: Radtour im Odenwald\"}]},{\"@type\":\"WebSite\",\"@id\":\"https:\\\/\\\/www.people-abroad.de\\\/blog\\\/#website\",\"url\":\"https:\\\/\\\/www.people-abroad.de\\\/blog\\\/\",\"name\":\"People Abroad\",\"description\":\"Reiseblog\",\"publisher\":{\"@id\":\"https:\\\/\\\/www.people-abroad.de\\\/blog\\\/#\\\/schema\\\/person\\\/2a518a154d93ee6cf0b146bc327329b3\"},\"potentialAction\":[{\"@type\":\"SearchAction\",\"target\":{\"@type\":\"EntryPoint\",\"urlTemplate\":\"https:\\\/\\\/www.people-abroad.de\\\/blog\\\/?s={search_term_string}\"},\"query-input\":{\"@type\":\"PropertyValueSpecification\",\"valueRequired\":true,\"valueName\":\"search_term_string\"}}],\"inLanguage\":\"de\"},{\"@type\":[\"Person\",\"Organization\"],\"@id\":\"https:\\\/\\\/www.people-abroad.de\\\/blog\\\/#\\\/schema\\\/person\\\/2a518a154d93ee6cf0b146bc327329b3\",\"name\":\"Heiko M\u00fcller\",\"logo\":{\"@id\":\"https:\\\/\\\/www.people-abroad.de\\\/blog\\\/#\\\/schema\\\/person\\\/image\\\/\"},\"description\":\"Ich bin Reiseblogger, Content Creator und Redakteur. Auf Reisen erkunde ich gerne neue Regionen, St\u00e4dte und Orte beim Fotografieren, Wandern und Radfahren. F\u00fcr weitere Reisetipps folge mir auf Instagram, Facebook &amp; Co. Mehr Infos zum Blog findest du hier: https:\\\/\\\/www.people-abroad.de\\\/blog\\\/pr-media\\\/. Kontakt: h.mueller@people-abroad.de\",\"sameAs\":[\"https:\\\/\\\/www.people-abroad.de\\\/blog\\\/\",\"https:\\\/\\\/www.facebook.com\\\/menschen.international\\\/\",\"https:\\\/\\\/www.instagram.com\\\/people.abroad\\\/\",\"https:\\\/\\\/www.linkedin.com\\\/in\\\/muellerheiko\\\/\",\"https:\\\/\\\/www.pinterest.de\\\/peopleabroad\\\/\",\"https:\\\/\\\/x.com\\\/People_Abroad\",\"https:\\\/\\\/www.youtube.com\\\/user\\\/MenschenInt\"],\"url\":\"https:\\\/\\\/www.people-abroad.de\\\/blog\\\/author\\\/admin\\\/\"}]}<\/script>\n<!-- \/ Yoast SEO plugin. -->","yoast_head_json":{"title":"3-L\u00e4nder-Radweg: Radtour im Odenwald - People Abroad","description":"Der Odenwald ist perfekt geeignet f\u00fcr eine Radtour: Tipps f\u00fcr die Planung f\u00fcr eine Radtour im Odenwald auf dem 3-L\u00e4nder-Radweg.","robots":{"index":"index","follow":"follow","max-snippet":"max-snippet:-1","max-image-preview":"max-image-preview:large","max-video-preview":"max-video-preview:-1"},"canonical":"https:\/\/www.people-abroad.de\/blog\/radtour-im-odenwald\/","og_locale":"de_DE","og_type":"article","og_title":"3-L\u00e4nder-Radweg: Radtour im Odenwald - People Abroad","og_description":"Der Odenwald ist perfekt geeignet f\u00fcr eine Radtour: Tipps f\u00fcr die Planung f\u00fcr eine Radtour im Odenwald auf dem 3-L\u00e4nder-Radweg.","og_url":"https:\/\/www.people-abroad.de\/blog\/radtour-im-odenwald\/","og_site_name":"People Abroad","article_publisher":"https:\/\/www.facebook.com\/menschen.international\/","article_author":"https:\/\/www.facebook.com\/menschen.international\/","article_published_time":"2017-08-03T11:24:25+00:00","article_modified_time":"2026-01-29T20:34:59+00:00","og_image":[{"width":900,"height":675,"url":"https:\/\/www.people-abroad.de\/blog\/wp-content\/uploads\/2017\/08\/radtour-im-odenwald14.jpg","type":"image\/jpeg"}],"author":"Heiko M\u00fcller","twitter_card":"summary_large_image","twitter_creator":"@People_Abroad","twitter_site":"@People_Abroad","twitter_misc":{"Verfasst von":"Heiko M\u00fcller","Gesch\u00e4tzte Lesezeit":"11\u00a0Minuten"},"schema":{"@context":"https:\/\/schema.org","@graph":[{"@type":"Article","@id":"https:\/\/www.people-abroad.de\/blog\/radtour-im-odenwald\/#article","isPartOf":{"@id":"https:\/\/www.people-abroad.de\/blog\/radtour-im-odenwald\/"},"author":{"name":"Heiko M\u00fcller","@id":"https:\/\/www.people-abroad.de\/blog\/#\/schema\/person\/2a518a154d93ee6cf0b146bc327329b3"},"headline":"3-L\u00e4nder-Radweg: Radtour im Odenwald","datePublished":"2017-08-03T11:24:25+00:00","dateModified":"2026-01-29T20:34:59+00:00","mainEntityOfPage":{"@id":"https:\/\/www.people-abroad.de\/blog\/radtour-im-odenwald\/"},"wordCount":1336,"commentCount":1,"publisher":{"@id":"https:\/\/www.people-abroad.de\/blog\/#\/schema\/person\/2a518a154d93ee6cf0b146bc327329b3"},"image":{"@id":"https:\/\/www.people-abroad.de\/blog\/radtour-im-odenwald\/#primaryimage"},"thumbnailUrl":"https:\/\/www.people-abroad.de\/blog\/wp-content\/uploads\/2017\/08\/radtour-im-odenwald14.jpg","keywords":["Baden-W\u00fcrttemberg","Bayern","Hessen"],"articleSection":["Deutschland","Radfahren"],"inLanguage":"de","potentialAction":[{"@type":"CommentAction","name":"Comment","target":["https:\/\/www.people-abroad.de\/blog\/radtour-im-odenwald\/#respond"]}]},{"@type":"WebPage","@id":"https:\/\/www.people-abroad.de\/blog\/radtour-im-odenwald\/","url":"https:\/\/www.people-abroad.de\/blog\/radtour-im-odenwald\/","name":"3-L\u00e4nder-Radweg: Radtour im Odenwald - People Abroad","isPartOf":{"@id":"https:\/\/www.people-abroad.de\/blog\/#website"},"primaryImageOfPage":{"@id":"https:\/\/www.people-abroad.de\/blog\/radtour-im-odenwald\/#primaryimage"},"image":{"@id":"https:\/\/www.people-abroad.de\/blog\/radtour-im-odenwald\/#primaryimage"},"thumbnailUrl":"https:\/\/www.people-abroad.de\/blog\/wp-content\/uploads\/2017\/08\/radtour-im-odenwald14.jpg","datePublished":"2017-08-03T11:24:25+00:00","dateModified":"2026-01-29T20:34:59+00:00","description":"Der Odenwald ist perfekt geeignet f\u00fcr eine Radtour: Tipps f\u00fcr die Planung f\u00fcr eine Radtour im Odenwald auf dem 3-L\u00e4nder-Radweg.","breadcrumb":{"@id":"https:\/\/www.people-abroad.de\/blog\/radtour-im-odenwald\/#breadcrumb"},"inLanguage":"de","potentialAction":[{"@type":"ReadAction","target":["https:\/\/www.people-abroad.de\/blog\/radtour-im-odenwald\/"]}]},{"@type":"ImageObject","inLanguage":"de","@id":"https:\/\/www.people-abroad.de\/blog\/radtour-im-odenwald\/#primaryimage","url":"https:\/\/www.people-abroad.de\/blog\/wp-content\/uploads\/2017\/08\/radtour-im-odenwald14.jpg","contentUrl":"https:\/\/www.people-abroad.de\/blog\/wp-content\/uploads\/2017\/08\/radtour-im-odenwald14.jpg","width":900,"height":675},{"@type":"BreadcrumbList","@id":"https:\/\/www.people-abroad.de\/blog\/radtour-im-odenwald\/#breadcrumb","itemListElement":[{"@type":"ListItem","position":1,"name":"Startseite","item":"https:\/\/www.people-abroad.de\/blog\/"},{"@type":"ListItem","position":2,"name":"3-L\u00e4nder-Radweg: Radtour im Odenwald"}]},{"@type":"WebSite","@id":"https:\/\/www.people-abroad.de\/blog\/#website","url":"https:\/\/www.people-abroad.de\/blog\/","name":"People Abroad","description":"Reiseblog","publisher":{"@id":"https:\/\/www.people-abroad.de\/blog\/#\/schema\/person\/2a518a154d93ee6cf0b146bc327329b3"},"potentialAction":[{"@type":"SearchAction","target":{"@type":"EntryPoint","urlTemplate":"https:\/\/www.people-abroad.de\/blog\/?s={search_term_string}"},"query-input":{"@type":"PropertyValueSpecification","valueRequired":true,"valueName":"search_term_string"}}],"inLanguage":"de"},{"@type":["Person","Organization"],"@id":"https:\/\/www.people-abroad.de\/blog\/#\/schema\/person\/2a518a154d93ee6cf0b146bc327329b3","name":"Heiko M\u00fcller","logo":{"@id":"https:\/\/www.people-abroad.de\/blog\/#\/schema\/person\/image\/"},"description":"Ich bin Reiseblogger, Content Creator und Redakteur. Auf Reisen erkunde ich gerne neue Regionen, St\u00e4dte und Orte beim Fotografieren, Wandern und Radfahren. F\u00fcr weitere Reisetipps folge mir auf Instagram, Facebook &amp; Co. Mehr Infos zum Blog findest du hier: https:\/\/www.people-abroad.de\/blog\/pr-media\/. Kontakt: h.mueller@people-abroad.de","sameAs":["https:\/\/www.people-abroad.de\/blog\/","https:\/\/www.facebook.com\/menschen.international\/","https:\/\/www.instagram.com\/people.abroad\/","https:\/\/www.linkedin.com\/in\/muellerheiko\/","https:\/\/www.pinterest.de\/peopleabroad\/","https:\/\/x.com\/People_Abroad","https:\/\/www.youtube.com\/user\/MenschenInt"],"url":"https:\/\/www.people-abroad.de\/blog\/author\/admin\/"}]}},"_links":{"self":[{"href":"https:\/\/www.people-abroad.de\/blog\/wp-json\/wp\/v2\/posts\/4959","targetHints":{"allow":["GET"]}}],"collection":[{"href":"https:\/\/www.people-abroad.de\/blog\/wp-json\/wp\/v2\/posts"}],"about":[{"href":"https:\/\/www.people-abroad.de\/blog\/wp-json\/wp\/v2\/types\/post"}],"author":[{"embeddable":true,"href":"https:\/\/www.people-abroad.de\/blog\/wp-json\/wp\/v2\/users\/1"}],"replies":[{"embeddable":true,"href":"https:\/\/www.people-abroad.de\/blog\/wp-json\/wp\/v2\/comments?post=4959"}],"version-history":[{"count":4,"href":"https:\/\/www.people-abroad.de\/blog\/wp-json\/wp\/v2\/posts\/4959\/revisions"}],"predecessor-version":[{"id":38079,"href":"https:\/\/www.people-abroad.de\/blog\/wp-json\/wp\/v2\/posts\/4959\/revisions\/38079"}],"wp:attachment":[{"href":"https:\/\/www.people-abroad.de\/blog\/wp-json\/wp\/v2\/media?parent=4959"}],"wp:term":[{"taxonomy":"category","embeddable":true,"href":"https:\/\/www.people-abroad.de\/blog\/wp-json\/wp\/v2\/categories?post=4959"},{"taxonomy":"post_tag","embeddable":true,"href":"https:\/\/www.people-abroad.de\/blog\/wp-json\/wp\/v2\/tags?post=4959"}],"curies":[{"name":"wp","href":"https:\/\/api.w.org\/{rel}","templated":true}]}}