{"id":38331,"date":"2026-05-02T06:50:06","date_gmt":"2026-05-02T04:50:06","guid":{"rendered":"https:\/\/www.people-abroad.de\/blog\/?p=38331"},"modified":"2026-05-02T06:55:15","modified_gmt":"2026-05-02T04:55:15","slug":"calmont-klettersteig-mosel","status":"publish","type":"post","link":"https:\/\/www.people-abroad.de\/blog\/calmont-klettersteig-mosel\/","title":{"rendered":"Calmont Klettersteig: Wanderung an der Mosel"},"content":{"rendered":"<div id=\"ez-toc-container\" class=\"ez-toc-v2_0_82_2 counter-flat ez-toc-counter ez-toc-grey ez-toc-container-direction\">\n<div class=\"ez-toc-title-container\">\n<p class=\"ez-toc-title\" style=\"cursor:inherit\">Inhaltsverzeichnis<\/p>\n<span class=\"ez-toc-title-toggle\"><a href=\"#\" class=\"ez-toc-pull-right ez-toc-btn ez-toc-btn-xs ez-toc-btn-default ez-toc-toggle\" aria-label=\"Toggle Table of Content\"><span class=\"ez-toc-js-icon-con\"><span class=\"\"><span class=\"eztoc-hide\" style=\"display:none;\">Toggle<\/span><span class=\"ez-toc-icon-toggle-span\"><svg style=\"fill: #999;color:#999\" xmlns=\"http:\/\/www.w3.org\/2000\/svg\" class=\"list-377408\" width=\"20px\" height=\"20px\" viewBox=\"0 0 24 24\" fill=\"none\"><path d=\"M6 6H4v2h2V6zm14 0H8v2h12V6zM4 11h2v2H4v-2zm16 0H8v2h12v-2zM4 16h2v2H4v-2zm16 0H8v2h12v-2z\" fill=\"currentColor\"><\/path><\/svg><svg style=\"fill: #999;color:#999\" class=\"arrow-unsorted-368013\" xmlns=\"http:\/\/www.w3.org\/2000\/svg\" width=\"10px\" height=\"10px\" viewBox=\"0 0 24 24\" version=\"1.2\" baseProfile=\"tiny\"><path d=\"M18.2 9.3l-6.2-6.3-6.2 6.3c-.2.2-.3.4-.3.7s.1.5.3.7c.2.2.4.3.7.3h11c.3 0 .5-.1.7-.3.2-.2.3-.5.3-.7s-.1-.5-.3-.7zM5.8 14.7l6.2 6.3 6.2-6.3c.2-.2.3-.5.3-.7s-.1-.5-.3-.7c-.2-.2-.4-.3-.7-.3h-11c-.3 0-.5.1-.7.3-.2.2-.3.5-.3.7s.1.5.3.7z\"\/><\/svg><\/span><\/span><\/span><\/a><\/span><\/div>\n<nav><ul class='ez-toc-list ez-toc-list-level-1 eztoc-toggle-hide-by-default' ><li class='ez-toc-page-1'><a class=\"ez-toc-link ez-toc-heading-1\" href=\"https:\/\/www.people-abroad.de\/blog\/calmont-klettersteig-mosel\/#Calmont_Klettersteig\" >Calmont Klettersteig<\/a><\/li><li class='ez-toc-page-1'><a class=\"ez-toc-link ez-toc-heading-2\" href=\"https:\/\/www.people-abroad.de\/blog\/calmont-klettersteig-mosel\/#Calmont_Klettersteig_Anfahrt_und_Einstieg\" >Calmont Klettersteig | Anfahrt und Einstieg<\/a><\/li><li class='ez-toc-page-1'><a class=\"ez-toc-link ez-toc-heading-3\" href=\"https:\/\/www.people-abroad.de\/blog\/calmont-klettersteig-mosel\/#Moselschleife_Bremm_Kloster_Stuben\" >Moselschleife Bremm &amp; Kloster Stuben<\/a><\/li><li class='ez-toc-page-1'><a class=\"ez-toc-link ez-toc-heading-4\" href=\"https:\/\/www.people-abroad.de\/blog\/calmont-klettersteig-mosel\/#Wandern_am_steilsten_Weinberg_Europas\" >Wandern am steilsten Weinberg Europas<\/a><\/li><li class='ez-toc-page-1'><a class=\"ez-toc-link ez-toc-heading-5\" href=\"https:\/\/www.people-abroad.de\/blog\/calmont-klettersteig-mosel\/#Schutzhuette_Galgenlay\" >Schutzh\u00fctte Galgenlay<\/a><\/li><li class='ez-toc-page-1'><a class=\"ez-toc-link ez-toc-heading-6\" href=\"https:\/\/www.people-abroad.de\/blog\/calmont-klettersteig-mosel\/#Calmont_Hoehenweg\" >Calmont H\u00f6henweg<\/a><\/li><li class='ez-toc-page-1'><a class=\"ez-toc-link ez-toc-heading-7\" href=\"https:\/\/www.people-abroad.de\/blog\/calmont-klettersteig-mosel\/#Eller_Todesangst_Aussichtspunkt\" >Eller Todesangst &amp; Aussichtspunkt<\/a><\/li><li class='ez-toc-page-1'><a class=\"ez-toc-link ez-toc-heading-8\" href=\"https:\/\/www.people-abroad.de\/blog\/calmont-klettersteig-mosel\/#Roemisches_Bergheiligtum_Vier-Seen-Blick\" >R\u00f6misches Bergheiligtum &amp; Vier-Seen-Blick<\/a><\/li><li class='ez-toc-page-1'><a class=\"ez-toc-link ez-toc-heading-9\" href=\"https:\/\/www.people-abroad.de\/blog\/calmont-klettersteig-mosel\/#Calmont_Gipfelkreuz\" >Calmont Gipfelkreuz<\/a><\/li><li class='ez-toc-page-1'><a class=\"ez-toc-link ez-toc-heading-10\" href=\"https:\/\/www.people-abroad.de\/blog\/calmont-klettersteig-mosel\/#Moselschleife_Gemeinde_Bremm\" >Moselschleife &amp; Gemeinde Bremm<\/a><\/li><li class='ez-toc-page-1'><a class=\"ez-toc-link ez-toc-heading-11\" href=\"https:\/\/www.people-abroad.de\/blog\/calmont-klettersteig-mosel\/#Moselschleife_Bremm_Calmont_Aussichtspunkt\" >Moselschleife: Bremm, Calmont &amp; Aussichtspunkt<\/a><\/li><li class='ez-toc-page-1'><a class=\"ez-toc-link ez-toc-heading-12\" href=\"https:\/\/www.people-abroad.de\/blog\/calmont-klettersteig-mosel\/#Mosel-Radweg_25_Tipps_fuer_die_Planung\" >Mosel-Radweg: 25 Tipps f\u00fcr die Planung<\/a><\/li><li class='ez-toc-page-1'><a class=\"ez-toc-link ez-toc-heading-13\" href=\"https:\/\/www.people-abroad.de\/blog\/calmont-klettersteig-mosel\/#Die_15_schoensten_Orte_an_der_Mosel\" >Die 15 sch\u00f6nsten Orte an der Mosel<\/a><\/li><\/ul><\/nav><\/div>\n<p><a href=\"https:\/\/www.people-abroad.de\/blog\/calmont-klettersteig-mosel\/\"><img decoding=\"async\" class=\"alignnone wp-image-38402 size-large\" src=\"https:\/\/www.people-abroad.de\/blog\/wp-content\/uploads\/2026\/05\/calmont-klettersteig-tipps-1024x683.jpeg\" alt=\"\" width=\"1024\" height=\"683\" srcset=\"https:\/\/www.people-abroad.de\/blog\/wp-content\/uploads\/2026\/05\/calmont-klettersteig-tipps-1024x683.jpeg 1024w, https:\/\/www.people-abroad.de\/blog\/wp-content\/uploads\/2026\/05\/calmont-klettersteig-tipps-300x200.jpeg 300w, https:\/\/www.people-abroad.de\/blog\/wp-content\/uploads\/2026\/05\/calmont-klettersteig-tipps-768x512.jpeg 768w, https:\/\/www.people-abroad.de\/blog\/wp-content\/uploads\/2026\/05\/calmont-klettersteig-tipps.jpeg 1200w\" sizes=\"(max-width: 1024px) 100vw, 1024px\" \/><\/a><\/p>\n<p>Der Calmont Klettersteig an der Moselschleife f\u00fchrt von Bremm in den steilsten Weinberg Europas. Eine Tourenbeschreibung mit Tipps f\u00fcr den Calmont Klettersteig.<!--more--><\/p>\n<p>&nbsp;<\/p>\n<p>Der Calmont ist ein Weinberg an der <a href=\"https:\/\/www.people-abroad.de\/blog\/moselschleife-bremm-calmont-aussichtspunkt\/\">Moselschleife<\/a> in Rheinland-Pfalz mit 380 Metern H\u00f6he. Er befindet sich zwischen Bremm und Eller und ist als steilster Weinberg Europas bekannt &#8211; \u00a0mit Neigungen bis zu 65\u00b0 und spektakul\u00e4ren Hanglagen. Die Ausblicke vom Calmont auf die Moselschleife und die Umgebung sind traumhaft und lohnen sich f\u00fcr den Besuch.<\/p>\n<p>Weitere Artikel \u00fcber die Mosel findest du hier:<br \/>\n<a href=\"https:\/\/www.people-abroad.de\/blog\/schoene-orte-an-der-mosel\/\">Sch\u00f6ne Orte an der Mosel \u2013 15 Tipps &amp; Highlights<\/a><br \/>\n<a href=\"https:\/\/www.people-abroad.de\/blog\/mosel-radweg-tipps\/\">Der Mosel-Radweg: 25 Tipps f\u00fcr die Planung<\/a><\/p>\n<h2><span class=\"ez-toc-section\" id=\"Calmont_Klettersteig\"><\/span>Calmont Klettersteig<span class=\"ez-toc-section-end\"><\/span><\/h2>\n<p><img decoding=\"async\" class=\"alignnone wp-image-38349 size-large\" src=\"https:\/\/www.people-abroad.de\/blog\/wp-content\/uploads\/2026\/04\/calmont-klettersteig-7-1024x683.jpeg\" alt=\"Calmont Klettersteig Bremm Mosel Wanderung\" width=\"1024\" height=\"683\" srcset=\"https:\/\/www.people-abroad.de\/blog\/wp-content\/uploads\/2026\/04\/calmont-klettersteig-7-1024x683.jpeg 1024w, https:\/\/www.people-abroad.de\/blog\/wp-content\/uploads\/2026\/04\/calmont-klettersteig-7-300x200.jpeg 300w, https:\/\/www.people-abroad.de\/blog\/wp-content\/uploads\/2026\/04\/calmont-klettersteig-7-768x512.jpeg 768w, https:\/\/www.people-abroad.de\/blog\/wp-content\/uploads\/2026\/04\/calmont-klettersteig-7.jpeg 1200w\" sizes=\"(max-width: 1024px) 100vw, 1024px\" \/><\/p>\n<p><img decoding=\"async\" class=\"alignnone wp-image-38346 size-large\" src=\"https:\/\/www.people-abroad.de\/blog\/wp-content\/uploads\/2026\/04\/calmont-klettersteig-4-1024x683.jpeg\" alt=\"Calmont Klettersteig Bremm Mosel Wanderung\" width=\"1024\" height=\"683\" srcset=\"https:\/\/www.people-abroad.de\/blog\/wp-content\/uploads\/2026\/04\/calmont-klettersteig-4-1024x683.jpeg 1024w, https:\/\/www.people-abroad.de\/blog\/wp-content\/uploads\/2026\/04\/calmont-klettersteig-4-300x200.jpeg 300w, https:\/\/www.people-abroad.de\/blog\/wp-content\/uploads\/2026\/04\/calmont-klettersteig-4-768x512.jpeg 768w, https:\/\/www.people-abroad.de\/blog\/wp-content\/uploads\/2026\/04\/calmont-klettersteig-4.jpeg 1200w\" sizes=\"(max-width: 1024px) 100vw, 1024px\" \/><\/p>\n<p>Der Calmont Klettersteig bietet alpine Herausforderungen und ist eigentlich kein klassischer Klettersteig, denn man braucht f\u00fcr ihn weder ein Klettersteigset noch einen Helm. Dennoch sollte man den Klettersteig nicht untersch\u00e4tzen, auch wenn man hier lediglich auf einer H\u00f6he zwischen 200 und 300 Metern \u00fcber der Mosel unterwegs ist. Steile Hanglagen und markante Felssporne machen den Reiz der Erkundung dieses Klettersteigs aus.<\/p>\n<p><strong>Calmont Klettersteig<\/strong><br \/>\nL\u00e4nge: 3,54 km<br \/>\nDauer: 1,5 Stunden<br \/>\nAnstieg: 210 hm<br \/>\nAbstieg: 90 hm<br \/>\nSchwierigkeitsgrad: mittel<\/p>\n<p><img decoding=\"async\" class=\"alignnone wp-image-38347 size-large\" src=\"https:\/\/www.people-abroad.de\/blog\/wp-content\/uploads\/2026\/04\/calmont-klettersteig-5-1024x683.jpeg\" alt=\"Moselschleife Bremm\" width=\"1024\" height=\"683\" srcset=\"https:\/\/www.people-abroad.de\/blog\/wp-content\/uploads\/2026\/04\/calmont-klettersteig-5-1024x683.jpeg 1024w, https:\/\/www.people-abroad.de\/blog\/wp-content\/uploads\/2026\/04\/calmont-klettersteig-5-300x200.jpeg 300w, https:\/\/www.people-abroad.de\/blog\/wp-content\/uploads\/2026\/04\/calmont-klettersteig-5-768x512.jpeg 768w, https:\/\/www.people-abroad.de\/blog\/wp-content\/uploads\/2026\/04\/calmont-klettersteig-5.jpeg 1200w\" sizes=\"(max-width: 1024px) 100vw, 1024px\" \/><\/p>\n<p><img decoding=\"async\" class=\"alignnone wp-image-38345 size-large\" src=\"https:\/\/www.people-abroad.de\/blog\/wp-content\/uploads\/2026\/04\/calmont-klettersteig-3-1024x683.jpeg\" alt=\"Calmont Klettersteig Bremm Mosel Wanderung\" width=\"1024\" height=\"683\" srcset=\"https:\/\/www.people-abroad.de\/blog\/wp-content\/uploads\/2026\/04\/calmont-klettersteig-3-1024x683.jpeg 1024w, https:\/\/www.people-abroad.de\/blog\/wp-content\/uploads\/2026\/04\/calmont-klettersteig-3-300x200.jpeg 300w, https:\/\/www.people-abroad.de\/blog\/wp-content\/uploads\/2026\/04\/calmont-klettersteig-3-768x512.jpeg 768w, https:\/\/www.people-abroad.de\/blog\/wp-content\/uploads\/2026\/04\/calmont-klettersteig-3.jpeg 1200w\" sizes=\"(max-width: 1024px) 100vw, 1024px\" \/><\/p>\n<p>Meine Tour auf dem Klettersteig habe ich mit dem Calmont H\u00f6henweg kombiniert. Dadurch ergibt sich ein Rundweg mit 8 km L\u00e4nge und 450 H\u00f6henmetern, f\u00fcr den ich etwa 3,5 Stunden eingeplant habe. Im Folgenden beschreibe ich die Tour ausf\u00fchrlich. F\u00fcr den Calmont Klettersteig empfiehlt sich, vor allem an hei\u00dfen Sommertagen, ausreichend Wasser mitzunehmen und f\u00fcr den n\u00f6tigen Sonnenschutz zu sorgen.<\/p>\n<p><strong>Voraussetzungen f\u00fcr den Klettersteig<\/strong><br \/>\n&#8211; festes Schuhwerk mit gutem Profil<br \/>\n&#8211; gute k\u00f6rperliche Kondition<br \/>\n&#8211; Schwindelfreiheit<br \/>\n&#8211; Trittsicherheit<\/p>\n<h2><span class=\"ez-toc-section\" id=\"Calmont_Klettersteig_Anfahrt_und_Einstieg\"><\/span>Calmont Klettersteig | Anfahrt und Einstieg<span class=\"ez-toc-section-end\"><\/span><\/h2>\n<p><img decoding=\"async\" class=\"alignnone wp-image-38344 size-large\" src=\"https:\/\/www.people-abroad.de\/blog\/wp-content\/uploads\/2026\/04\/calmont-klettersteig-2-1024x683.jpeg\" alt=\"Bremm Mosel Wanderung \" width=\"1024\" height=\"683\" srcset=\"https:\/\/www.people-abroad.de\/blog\/wp-content\/uploads\/2026\/04\/calmont-klettersteig-2-1024x683.jpeg 1024w, https:\/\/www.people-abroad.de\/blog\/wp-content\/uploads\/2026\/04\/calmont-klettersteig-2-300x200.jpeg 300w, https:\/\/www.people-abroad.de\/blog\/wp-content\/uploads\/2026\/04\/calmont-klettersteig-2-768x512.jpeg 768w, https:\/\/www.people-abroad.de\/blog\/wp-content\/uploads\/2026\/04\/calmont-klettersteig-2.jpeg 1200w\" sizes=\"(max-width: 1024px) 100vw, 1024px\" \/><\/p>\n<p><img decoding=\"async\" class=\"alignnone wp-image-38343 size-large\" src=\"https:\/\/www.people-abroad.de\/blog\/wp-content\/uploads\/2026\/04\/calmont-klettersteig-1-1024x683.jpeg\" alt=\"Calmont Klettersteig Bremm Mosel Wanderung\" width=\"1024\" height=\"683\" srcset=\"https:\/\/www.people-abroad.de\/blog\/wp-content\/uploads\/2026\/04\/calmont-klettersteig-1-1024x683.jpeg 1024w, https:\/\/www.people-abroad.de\/blog\/wp-content\/uploads\/2026\/04\/calmont-klettersteig-1-300x200.jpeg 300w, https:\/\/www.people-abroad.de\/blog\/wp-content\/uploads\/2026\/04\/calmont-klettersteig-1-768x512.jpeg 768w, https:\/\/www.people-abroad.de\/blog\/wp-content\/uploads\/2026\/04\/calmont-klettersteig-1.jpeg 1200w\" sizes=\"(max-width: 1024px) 100vw, 1024px\" \/><\/p>\n<p>Der Calmont Klettersteig befindet sich an der Moselschleife zwischen Bremm und Ediger-Eller. Als Startpunkt bietet sich Bremm an, man erreicht die idyllische Gemeinde mit Fachwerkh\u00e4usern mit der Regionalbahn Koblenz &#8211; Trier oder mit dem PKW \u00fcber die A61 (Abfahrt Rheinb\u00f6llen) und die A48 (Abfahrt Ulmen). Parkpl\u00e4tze gibt es in Bremm an der Moselstra\u00dfe und an der St. Laurentiuskirche. Ich habe in der Moselstra\u00dfe geparkt, von dort ist man in 5 min zu Fu\u00df an der Laurentiuskirche und dann sind es nur noch wenige Meter bis an den Einstieg zum Calmont Klettersteig. Der Einstieg in Eller befindet sich an der Eisenbahnbr\u00fccke.<\/p>\n<h2><span class=\"ez-toc-section\" id=\"Moselschleife_Bremm_Kloster_Stuben\"><\/span>Moselschleife Bremm &amp; Kloster Stuben<span class=\"ez-toc-section-end\"><\/span><\/h2>\n<p><img decoding=\"async\" class=\"alignnone wp-image-38348 size-large\" src=\"https:\/\/www.people-abroad.de\/blog\/wp-content\/uploads\/2026\/04\/calmont-klettersteig-6-1024x683.jpeg\" alt=\"Mosel Wanderung \" width=\"1024\" height=\"683\" srcset=\"https:\/\/www.people-abroad.de\/blog\/wp-content\/uploads\/2026\/04\/calmont-klettersteig-6-1024x683.jpeg 1024w, https:\/\/www.people-abroad.de\/blog\/wp-content\/uploads\/2026\/04\/calmont-klettersteig-6-300x200.jpeg 300w, https:\/\/www.people-abroad.de\/blog\/wp-content\/uploads\/2026\/04\/calmont-klettersteig-6-768x512.jpeg 768w, https:\/\/www.people-abroad.de\/blog\/wp-content\/uploads\/2026\/04\/calmont-klettersteig-6.jpeg 1200w\" sizes=\"(max-width: 1024px) 100vw, 1024px\" \/><\/p>\n<p><img decoding=\"async\" class=\"alignnone wp-image-38365 size-large\" src=\"https:\/\/www.people-abroad.de\/blog\/wp-content\/uploads\/2026\/04\/calmont-klettersteig-15-1024x683.jpeg\" alt=\"Bremm Kloster Stuben Mosel\" width=\"1024\" height=\"683\" srcset=\"https:\/\/www.people-abroad.de\/blog\/wp-content\/uploads\/2026\/04\/calmont-klettersteig-15-1024x683.jpeg 1024w, https:\/\/www.people-abroad.de\/blog\/wp-content\/uploads\/2026\/04\/calmont-klettersteig-15-300x200.jpeg 300w, https:\/\/www.people-abroad.de\/blog\/wp-content\/uploads\/2026\/04\/calmont-klettersteig-15-768x512.jpeg 768w, https:\/\/www.people-abroad.de\/blog\/wp-content\/uploads\/2026\/04\/calmont-klettersteig-15.jpeg 1200w\" sizes=\"(max-width: 1024px) 100vw, 1024px\" \/><\/p>\n<p>Mit dem Einstieg beginnt der schmale Pfad, der sich durch die steilen Weinberge mit den Reben windet. Der Wanderweg f\u00fchrt am westlichen Moselufer entlang und bietet herrliche Ausblicke auf die Moselschleife bei Bremm und die Ruine vom ehemaligen Kloster Stuben. Die Moselschleife geh\u00f6rt zu den sch\u00f6nsten und bekanntesten Windungen der Mosel. Da ich den Klettersteig Mitte April gewandert bin, bl\u00fchten zahlreiche Fr\u00fchlingsblumen und s\u00e4umten den Weg. Die Reben hatten allerdings noch keine Bl\u00e4tter. Wenn man im Sommer in die Region reist, sind die Weinberge \u00fcppig gr\u00fcn.<\/p>\n<h2><span class=\"ez-toc-section\" id=\"Wandern_am_steilsten_Weinberg_Europas\"><\/span>Wandern am steilsten Weinberg Europas<span class=\"ez-toc-section-end\"><\/span><\/h2>\n<p><img decoding=\"async\" class=\"alignnone wp-image-38354 size-large\" src=\"https:\/\/www.people-abroad.de\/blog\/wp-content\/uploads\/2026\/04\/calmont-klettersteig-12-1024x683.jpeg\" alt=\"Calmont Klettersteig Bremm Mosel Wanderung\" width=\"1024\" height=\"683\" srcset=\"https:\/\/www.people-abroad.de\/blog\/wp-content\/uploads\/2026\/04\/calmont-klettersteig-12-1024x683.jpeg 1024w, https:\/\/www.people-abroad.de\/blog\/wp-content\/uploads\/2026\/04\/calmont-klettersteig-12-300x200.jpeg 300w, https:\/\/www.people-abroad.de\/blog\/wp-content\/uploads\/2026\/04\/calmont-klettersteig-12-768x512.jpeg 768w, https:\/\/www.people-abroad.de\/blog\/wp-content\/uploads\/2026\/04\/calmont-klettersteig-12.jpeg 1200w\" sizes=\"(max-width: 1024px) 100vw, 1024px\" \/><\/p>\n<p><img decoding=\"async\" class=\"alignnone wp-image-38353 size-large\" src=\"https:\/\/www.people-abroad.de\/blog\/wp-content\/uploads\/2026\/04\/calmont-klettersteig-11-1024x683.jpeg\" alt=\"Calmont Klettersteig Bremm Mosel Wanderung\" width=\"1024\" height=\"683\" srcset=\"https:\/\/www.people-abroad.de\/blog\/wp-content\/uploads\/2026\/04\/calmont-klettersteig-11-1024x683.jpeg 1024w, https:\/\/www.people-abroad.de\/blog\/wp-content\/uploads\/2026\/04\/calmont-klettersteig-11-300x200.jpeg 300w, https:\/\/www.people-abroad.de\/blog\/wp-content\/uploads\/2026\/04\/calmont-klettersteig-11-768x512.jpeg 768w, https:\/\/www.people-abroad.de\/blog\/wp-content\/uploads\/2026\/04\/calmont-klettersteig-11.jpeg 1200w\" sizes=\"(max-width: 1024px) 100vw, 1024px\" \/><\/p>\n<p>Zwischendurch hat der Klettersteig schon auch mal alpinen Charakter und anspruchsvolle Passagen (A\/B), denn man wandert an hohen Felsformationen vorbei und klettert \u00fcber Felsen, von denen man tolle Ausblicke in die Tiefe hat. Ich lege immer mal wieder eine kurze Rast ein, nehme einen Schluck aus meiner Trinkflasche und genie\u00dfe die Fernsicht mit dem guten Wetter. Entlang der Strecke gibt es \u00fcbrigens verschiedene Rettungspl\u00e4tze f\u00fcr den Notfall, die mit Schildern versehen sind und Nummern haben.<\/p>\n<p><img decoding=\"async\" class=\"alignnone wp-image-38352 size-large\" src=\"https:\/\/www.people-abroad.de\/blog\/wp-content\/uploads\/2026\/04\/calmont-klettersteig-10-1024x683.jpeg\" alt=\"Calmont Klettersteig Bremm Mosel Wanderung\" width=\"1024\" height=\"683\" srcset=\"https:\/\/www.people-abroad.de\/blog\/wp-content\/uploads\/2026\/04\/calmont-klettersteig-10-1024x683.jpeg 1024w, https:\/\/www.people-abroad.de\/blog\/wp-content\/uploads\/2026\/04\/calmont-klettersteig-10-300x200.jpeg 300w, https:\/\/www.people-abroad.de\/blog\/wp-content\/uploads\/2026\/04\/calmont-klettersteig-10-768x512.jpeg 768w, https:\/\/www.people-abroad.de\/blog\/wp-content\/uploads\/2026\/04\/calmont-klettersteig-10.jpeg 1200w\" sizes=\"(max-width: 1024px) 100vw, 1024px\" \/><\/p>\n<p><img decoding=\"async\" class=\"alignnone wp-image-38357 size-large\" src=\"https:\/\/www.people-abroad.de\/blog\/wp-content\/uploads\/2026\/04\/calmont-klettersteig-13-1024x683.jpeg\" alt=\"Calmont Klettersteig Bremm Mosel Wanderung\" width=\"1024\" height=\"683\" srcset=\"https:\/\/www.people-abroad.de\/blog\/wp-content\/uploads\/2026\/04\/calmont-klettersteig-13-1024x683.jpeg 1024w, https:\/\/www.people-abroad.de\/blog\/wp-content\/uploads\/2026\/04\/calmont-klettersteig-13-300x200.jpeg 300w, https:\/\/www.people-abroad.de\/blog\/wp-content\/uploads\/2026\/04\/calmont-klettersteig-13-768x512.jpeg 768w, https:\/\/www.people-abroad.de\/blog\/wp-content\/uploads\/2026\/04\/calmont-klettersteig-13.jpeg 1200w\" sizes=\"(max-width: 1024px) 100vw, 1024px\" \/><\/p>\n<p>Insgesamt ist die 3,5 km lange Strecke des Klettersteigs sehr kurzweilig, da es immer wieder mal bergauf und bergab geht und sich regelm\u00e4\u00dfig neue Blicke f\u00fcr den Wanderer er\u00f6ffnen. Schwierige Stellen auf der Strecke sind mit Leitern, Seilen und Trittb\u00fcgeln versehen, wodurch der Weg recht gut zu meistern ist. Dennoch sollte man trittsicher sein, rutschfeste Schuhe tragen und bei N\u00e4sse w\u00fcrde ich den Klettersteig eher meiden wegen m\u00f6glicher Rutschgefahren.<\/p>\n<h2><span class=\"ez-toc-section\" id=\"Schutzhuette_Galgenlay\"><\/span>Schutzh\u00fctte Galgenlay<span class=\"ez-toc-section-end\"><\/span><\/h2>\n<p><img decoding=\"async\" class=\"alignnone wp-image-38351 size-large\" src=\"https:\/\/www.people-abroad.de\/blog\/wp-content\/uploads\/2026\/04\/calmont-klettersteig-9-1024x683.jpeg\" alt=\"Calmont Klettersteig Bremm Mosel Wanderung\" width=\"1024\" height=\"683\" srcset=\"https:\/\/www.people-abroad.de\/blog\/wp-content\/uploads\/2026\/04\/calmont-klettersteig-9-1024x683.jpeg 1024w, https:\/\/www.people-abroad.de\/blog\/wp-content\/uploads\/2026\/04\/calmont-klettersteig-9-300x200.jpeg 300w, https:\/\/www.people-abroad.de\/blog\/wp-content\/uploads\/2026\/04\/calmont-klettersteig-9-768x512.jpeg 768w, https:\/\/www.people-abroad.de\/blog\/wp-content\/uploads\/2026\/04\/calmont-klettersteig-9.jpeg 1200w\" sizes=\"(max-width: 1024px) 100vw, 1024px\" \/><\/p>\n<p><img decoding=\"async\" class=\"alignnone wp-image-38358 size-large\" src=\"https:\/\/www.people-abroad.de\/blog\/wp-content\/uploads\/2026\/04\/calmont-klettersteig-14-1024x683.jpeg\" alt=\"Schutzh\u00fctte Galgenlay\" width=\"1024\" height=\"683\" srcset=\"https:\/\/www.people-abroad.de\/blog\/wp-content\/uploads\/2026\/04\/calmont-klettersteig-14-1024x683.jpeg 1024w, https:\/\/www.people-abroad.de\/blog\/wp-content\/uploads\/2026\/04\/calmont-klettersteig-14-300x200.jpeg 300w, https:\/\/www.people-abroad.de\/blog\/wp-content\/uploads\/2026\/04\/calmont-klettersteig-14-768x512.jpeg 768w, https:\/\/www.people-abroad.de\/blog\/wp-content\/uploads\/2026\/04\/calmont-klettersteig-14.jpeg 1200w\" sizes=\"(max-width: 1024px) 100vw, 1024px\" \/><\/p>\n<p>Die Schutzh\u00fctte Galgenlay ist das Ende vom Calmont Klettersteig bzw. der Beginn, wenn man von Ediger-Eller aus startet. Neben dem Aussichtspunkt an der Schutzh\u00fctte gibt es drei weitere Aussichtspunkte in der N\u00e4he: der Amphitrion-Aussichtspunkt, die Calmonth\u00fctte und die Eller Todesangst. Letzterer h\u00f6rt sich etwas dramatisch an, es handelt sich aber nur um einen Felssporn mit einer Fahne und einem sch\u00f6nen Ausblick. Von der Schutzh\u00fctte ist es \u00fcbrigens nur noch einen Katzensprung bis nach Eller.<\/p>\n<h2><span class=\"ez-toc-section\" id=\"Calmont_Hoehenweg\"><\/span>Calmont H\u00f6henweg<span class=\"ez-toc-section-end\"><\/span><\/h2>\n<p><img decoding=\"async\" class=\"alignnone wp-image-38373 size-large\" src=\"https:\/\/www.people-abroad.de\/blog\/wp-content\/uploads\/2026\/04\/calmont-klettersteig-23-1024x683.jpeg\" alt=\"Bremm H\u00f6henweg Wanderung Moselschleife\" width=\"1024\" height=\"683\" srcset=\"https:\/\/www.people-abroad.de\/blog\/wp-content\/uploads\/2026\/04\/calmont-klettersteig-23-1024x683.jpeg 1024w, https:\/\/www.people-abroad.de\/blog\/wp-content\/uploads\/2026\/04\/calmont-klettersteig-23-300x200.jpeg 300w, https:\/\/www.people-abroad.de\/blog\/wp-content\/uploads\/2026\/04\/calmont-klettersteig-23-768x512.jpeg 768w, https:\/\/www.people-abroad.de\/blog\/wp-content\/uploads\/2026\/04\/calmont-klettersteig-23.jpeg 1200w\" sizes=\"(max-width: 1024px) 100vw, 1024px\" \/><\/p>\n<p><img decoding=\"async\" class=\"alignnone wp-image-38367 size-large\" src=\"https:\/\/www.people-abroad.de\/blog\/wp-content\/uploads\/2026\/04\/calmont-klettersteig-17-1024x684.jpeg\" alt=\"H\u00f6henweg Mosel Wanderung \" width=\"1024\" height=\"684\" srcset=\"https:\/\/www.people-abroad.de\/blog\/wp-content\/uploads\/2026\/04\/calmont-klettersteig-17-1024x684.jpeg 1024w, https:\/\/www.people-abroad.de\/blog\/wp-content\/uploads\/2026\/04\/calmont-klettersteig-17-300x200.jpeg 300w, https:\/\/www.people-abroad.de\/blog\/wp-content\/uploads\/2026\/04\/calmont-klettersteig-17-768x513.jpeg 768w, https:\/\/www.people-abroad.de\/blog\/wp-content\/uploads\/2026\/04\/calmont-klettersteig-17.jpeg 1200w\" sizes=\"(max-width: 1024px) 100vw, 1024px\" \/><\/p>\n<p>Von der Schutzh\u00fctte Galgenlay f\u00fchrt ein teils felsiger Pfad hinauf in die H\u00f6he zum Calmont H\u00f6henweg. Er verl\u00e4uft oberhalb vom Calmont Klettersteig und man wandert hier \u00fcber den schattigen und mit B\u00e4umen bewachsenen Bergkamm des Calmont. Auf dem R\u00fcckweg zum Ausgangspunkt in Bremm l\u00e4uft man quasi eine Ebene h\u00f6her als auf dem Hinweg. Der Weg bis zum Gipfelkreuz ist \u00fcberwiegend eben und zwischendurch kommt man immer wieder an sch\u00f6ne Aussichtspunkte mit tollen Mosel-Blicken.<\/p>\n<h2><span class=\"ez-toc-section\" id=\"Eller_Todesangst_Aussichtspunkt\"><\/span>Eller Todesangst &amp; Aussichtspunkt<span class=\"ez-toc-section-end\"><\/span><\/h2>\n<p><img decoding=\"async\" class=\"alignnone wp-image-38372 size-large\" src=\"https:\/\/www.people-abroad.de\/blog\/wp-content\/uploads\/2026\/04\/calmont-klettersteig-22-1024x684.jpeg\" alt=\"Calmont H\u00f6henweg Mosel Wanderung \" width=\"1024\" height=\"684\" srcset=\"https:\/\/www.people-abroad.de\/blog\/wp-content\/uploads\/2026\/04\/calmont-klettersteig-22-1024x684.jpeg 1024w, https:\/\/www.people-abroad.de\/blog\/wp-content\/uploads\/2026\/04\/calmont-klettersteig-22-300x200.jpeg 300w, https:\/\/www.people-abroad.de\/blog\/wp-content\/uploads\/2026\/04\/calmont-klettersteig-22-768x513.jpeg 768w, https:\/\/www.people-abroad.de\/blog\/wp-content\/uploads\/2026\/04\/calmont-klettersteig-22.jpeg 1200w\" sizes=\"(max-width: 1024px) 100vw, 1024px\" \/><\/p>\n<p><img decoding=\"async\" class=\"alignnone wp-image-38369 size-large\" src=\"https:\/\/www.people-abroad.de\/blog\/wp-content\/uploads\/2026\/04\/calmont-klettersteig-19-1024x683.jpeg\" alt=\"H\u00f6henweg Mosel Wanderung \" width=\"1024\" height=\"683\" srcset=\"https:\/\/www.people-abroad.de\/blog\/wp-content\/uploads\/2026\/04\/calmont-klettersteig-19-1024x683.jpeg 1024w, https:\/\/www.people-abroad.de\/blog\/wp-content\/uploads\/2026\/04\/calmont-klettersteig-19-300x200.jpeg 300w, https:\/\/www.people-abroad.de\/blog\/wp-content\/uploads\/2026\/04\/calmont-klettersteig-19-768x512.jpeg 768w, https:\/\/www.people-abroad.de\/blog\/wp-content\/uploads\/2026\/04\/calmont-klettersteig-19.jpeg 1200w\" sizes=\"(max-width: 1024px) 100vw, 1024px\" \/><\/p>\n<p>Die Eller Todesangst ist ein Felssporn mit Fahne und einem gro\u00dfartigen Fernblick. Von denen gibt es aber, wie schon erw\u00e4hnt, noch weitere auf dem R\u00fcckweg. Die Feuerwehrh\u00fctte bietet sich f\u00fcr eine Rast an, auch hier kann man die Aussicht auf die Mosel genie\u00dfen. Ich lege eine Pause ein und setze mich unter das schattenspendende H\u00fcttendach, anschlie\u00dfend wandere ich weiter in Richtung Westen und erreiche die n\u00e4chsten Highlights auf dem H\u00f6henweg.<\/p>\n<h2><span class=\"ez-toc-section\" id=\"Roemisches_Bergheiligtum_Vier-Seen-Blick\"><\/span>R\u00f6misches Bergheiligtum &amp; Vier-Seen-Blick<span class=\"ez-toc-section-end\"><\/span><\/h2>\n<p><img decoding=\"async\" class=\"alignnone wp-image-38374 size-large\" src=\"https:\/\/www.people-abroad.de\/blog\/wp-content\/uploads\/2026\/04\/calmont-klettersteig-24-1024x683.jpeg\" alt=\"Mosel H\u00f6henweg Wanderung \" width=\"1024\" height=\"683\" srcset=\"https:\/\/www.people-abroad.de\/blog\/wp-content\/uploads\/2026\/04\/calmont-klettersteig-24-1024x683.jpeg 1024w, https:\/\/www.people-abroad.de\/blog\/wp-content\/uploads\/2026\/04\/calmont-klettersteig-24-300x200.jpeg 300w, https:\/\/www.people-abroad.de\/blog\/wp-content\/uploads\/2026\/04\/calmont-klettersteig-24-768x512.jpeg 768w, https:\/\/www.people-abroad.de\/blog\/wp-content\/uploads\/2026\/04\/calmont-klettersteig-24.jpeg 1200w\" sizes=\"(max-width: 1024px) 100vw, 1024px\" \/><\/p>\n<p><img decoding=\"async\" class=\"alignnone wp-image-38377 size-large\" src=\"https:\/\/www.people-abroad.de\/blog\/wp-content\/uploads\/2026\/04\/calmont-klettersteig-26-1024x683.jpeg\" alt=\"Moselschleife Wanderung H\u00f6henweg\" width=\"1024\" height=\"683\" srcset=\"https:\/\/www.people-abroad.de\/blog\/wp-content\/uploads\/2026\/04\/calmont-klettersteig-26-1024x683.jpeg 1024w, https:\/\/www.people-abroad.de\/blog\/wp-content\/uploads\/2026\/04\/calmont-klettersteig-26-300x200.jpeg 300w, https:\/\/www.people-abroad.de\/blog\/wp-content\/uploads\/2026\/04\/calmont-klettersteig-26-768x512.jpeg 768w, https:\/\/www.people-abroad.de\/blog\/wp-content\/uploads\/2026\/04\/calmont-klettersteig-26.jpeg 1200w\" sizes=\"(max-width: 1024px) 100vw, 1024px\" \/><\/p>\n<p>Das R\u00f6mische Bergheiligtum ist ein rechteckiger Umgangstempel, der im Zuge von Ausgrabungsarbeiten rekonstruiert wurde. Die Grabungen belegen ein r\u00f6misches Heiligtum vom 2. bis 4. Jahrhundert an der h\u00f6chsten Stelle des Calmont. In direkter N\u00e4he dazu befindet sich mit dem &#8222;Vier-Seen-Blick&#8220; eine kleine Aussichtsplattform. Durch die Schleifen der Mosel bildet sich optisch an dem Punkt die Form von vier Seen, auch wenn es sich eigentlich um den Fluss handelt.<\/p>\n<h2><span class=\"ez-toc-section\" id=\"Calmont_Gipfelkreuz\"><\/span>Calmont Gipfelkreuz<span class=\"ez-toc-section-end\"><\/span><\/h2>\n<p><img decoding=\"async\" class=\"alignnone wp-image-38371 size-large\" src=\"https:\/\/www.people-abroad.de\/blog\/wp-content\/uploads\/2026\/04\/calmont-klettersteig-21-1024x683.jpeg\" alt=\"Calmont Gipfelkreuz Wanderung \" width=\"1024\" height=\"683\" srcset=\"https:\/\/www.people-abroad.de\/blog\/wp-content\/uploads\/2026\/04\/calmont-klettersteig-21-1024x683.jpeg 1024w, https:\/\/www.people-abroad.de\/blog\/wp-content\/uploads\/2026\/04\/calmont-klettersteig-21-300x200.jpeg 300w, https:\/\/www.people-abroad.de\/blog\/wp-content\/uploads\/2026\/04\/calmont-klettersteig-21-768x512.jpeg 768w, https:\/\/www.people-abroad.de\/blog\/wp-content\/uploads\/2026\/04\/calmont-klettersteig-21.jpeg 1200w\" sizes=\"(max-width: 1024px) 100vw, 1024px\" \/><\/p>\n<p><img decoding=\"async\" class=\"alignnone wp-image-38366 size-large\" src=\"https:\/\/www.people-abroad.de\/blog\/wp-content\/uploads\/2026\/04\/calmont-klettersteig-16-1024x683.jpeg\" alt=\"Calmont Gipfelkreuz Wanderung \" width=\"1024\" height=\"683\" srcset=\"https:\/\/www.people-abroad.de\/blog\/wp-content\/uploads\/2026\/04\/calmont-klettersteig-16-1024x683.jpeg 1024w, https:\/\/www.people-abroad.de\/blog\/wp-content\/uploads\/2026\/04\/calmont-klettersteig-16-300x200.jpeg 300w, https:\/\/www.people-abroad.de\/blog\/wp-content\/uploads\/2026\/04\/calmont-klettersteig-16-768x512.jpeg 768w, https:\/\/www.people-abroad.de\/blog\/wp-content\/uploads\/2026\/04\/calmont-klettersteig-16.jpeg 1200w\" sizes=\"(max-width: 1024px) 100vw, 1024px\" \/><\/p>\n<p>Schlie\u00dflich erreiche ich das Calmont Gipfelkreuz, das auch Bremmer Gipfelkreuz genannt wird. Die Bergh\u00f6he des Calmont misst 380 Meter, das Gipfelkreuz mit dem Mahnmal der Kriegsgeneration und der H\u00fctte befindet sich auf 372 Metern H\u00f6he. An den Wochenenden zwischen Ostern und Oktober ist hier die Weinsch\u00e4nke ge\u00f6ffnet. F\u00fcr die Weinfreunde: am Calmont gibt es mit dem Bremmer Calmont und dem Ellerer Calmont zwei Weinbaulagen, die Schieferh\u00e4nge sind f\u00fcr besonders guten Riesling bekannt.<\/p>\n<h2><span class=\"ez-toc-section\" id=\"Moselschleife_Gemeinde_Bremm\"><\/span>Moselschleife &amp; Gemeinde Bremm<span class=\"ez-toc-section-end\"><\/span><\/h2>\n<p><img decoding=\"async\" class=\"alignnone wp-image-38370 size-large\" src=\"https:\/\/www.people-abroad.de\/blog\/wp-content\/uploads\/2026\/04\/calmont-klettersteig-20-1024x684.jpeg\" alt=\"Moselschleife Bremm\" width=\"1024\" height=\"684\" srcset=\"https:\/\/www.people-abroad.de\/blog\/wp-content\/uploads\/2026\/04\/calmont-klettersteig-20-1024x684.jpeg 1024w, https:\/\/www.people-abroad.de\/blog\/wp-content\/uploads\/2026\/04\/calmont-klettersteig-20-300x200.jpeg 300w, https:\/\/www.people-abroad.de\/blog\/wp-content\/uploads\/2026\/04\/calmont-klettersteig-20-768x513.jpeg 768w, https:\/\/www.people-abroad.de\/blog\/wp-content\/uploads\/2026\/04\/calmont-klettersteig-20.jpeg 1200w\" sizes=\"(max-width: 1024px) 100vw, 1024px\" \/><\/p>\n<p><img decoding=\"async\" class=\"alignnone wp-image-38375 size-large\" src=\"https:\/\/www.people-abroad.de\/blog\/wp-content\/uploads\/2026\/04\/calmont-klettersteig-25-1024x683.jpeg\" alt=\"Bremm Mosel \" width=\"1024\" height=\"683\" srcset=\"https:\/\/www.people-abroad.de\/blog\/wp-content\/uploads\/2026\/04\/calmont-klettersteig-25-1024x683.jpeg 1024w, https:\/\/www.people-abroad.de\/blog\/wp-content\/uploads\/2026\/04\/calmont-klettersteig-25-300x200.jpeg 300w, https:\/\/www.people-abroad.de\/blog\/wp-content\/uploads\/2026\/04\/calmont-klettersteig-25-768x512.jpeg 768w, https:\/\/www.people-abroad.de\/blog\/wp-content\/uploads\/2026\/04\/calmont-klettersteig-25.jpeg 1200w\" sizes=\"(max-width: 1024px) 100vw, 1024px\" \/><\/p>\n<p>Nachdem einer herrlich entspannten Rast am Gipfelkreuz wandere ich auf einem schmalen Pfad bergab nach S\u00fcden. Dabei geht es an der Schutzh\u00fctte Bremm vorbei bis zu einem weiteren bekannten Aussichtspunkt der Moselschleife Bremm. Ein weiterer Aussichtspunkt wenig sp\u00e4ter nennt sich &#8222;Holly&#8217;s Place&#8220;. Schlie\u00dflich laufe ich auf einem Wirtschaftsweg hinab bis nach Bremm und zur\u00fcck zur Moselstra\u00dfe, dem Startpunkt meiner Wanderung. In Bremm gibt es mehrere M\u00f6glichkeiten zum Einkehren sowie verschiedene Weing\u00fcter, bei denen man Moselwein kaufen kann. Abschlie\u00dfend noch mal die Daten zu meiner Tour in K\u00fcrze:<\/p>\n<p><strong>Rundweg Calmont Klettersteig + Calmont H\u00f6henweg<\/strong><br \/>\nL\u00e4nge: 8 km<br \/>\nDauer: 3,5 Stunden<br \/>\nAnstieg: 450 hm<br \/>\nAbstieg: 450 hm<br \/>\nSchwierigkeitsgrad: mittel<\/p>\n<p>Weitere n\u00fctzliche Tipps f\u00fcr den Calmont Klettersteig gibt es <a href=\"https:\/\/www.visitmosel.de\/wandern\/tour\/der-calmont-klettersteig-bremm-ediger-eller-neef\">hier<\/a>.<\/p>\n<h2><span class=\"ez-toc-section\" id=\"Moselschleife_Bremm_Calmont_Aussichtspunkt\"><\/span>Moselschleife: Bremm, Calmont &amp; Aussichtspunkt<span class=\"ez-toc-section-end\"><\/span><\/h2>\n<p><img decoding=\"async\" class=\"alignnone wp-image-21915 size-full\" src=\"https:\/\/www.people-abroad.de\/blog\/wp-content\/uploads\/2021\/05\/moselschleife-bremm-calmont-mosel-18.jpg\" alt=\"Moselschleife Bremm Calmont\" width=\"1000\" height=\"667\" srcset=\"https:\/\/www.people-abroad.de\/blog\/wp-content\/uploads\/2021\/05\/moselschleife-bremm-calmont-mosel-18.jpg 1000w, https:\/\/www.people-abroad.de\/blog\/wp-content\/uploads\/2021\/05\/moselschleife-bremm-calmont-mosel-18-300x200.jpg 300w, https:\/\/www.people-abroad.de\/blog\/wp-content\/uploads\/2021\/05\/moselschleife-bremm-calmont-mosel-18-768x512.jpg 768w, https:\/\/www.people-abroad.de\/blog\/wp-content\/uploads\/2021\/05\/moselschleife-bremm-calmont-mosel-18-400x267.jpg 400w\" sizes=\"(max-width: 1000px) 100vw, 1000px\" \/><\/p>\n<p>Die Moselschleife bei Bremm z\u00e4hlt zu den sch\u00f6nsten Abschnitten an der Mosel. Infos &amp; Tipps zu Bremm, Calmont, den Aussichtspunkten und zum Wandern an der Moselschleife gibt es hier: <a href=\"https:\/\/www.people-abroad.de\/blog\/moselschleife-bremm-calmont-aussichtspunkt\/\">Moselschleife: Bremm, Calmon &amp; Aussichtspunkt<\/a><\/p>\n<h2><span class=\"ez-toc-section\" id=\"Mosel-Radweg_25_Tipps_fuer_die_Planung\"><\/span>Mosel-Radweg: 25 Tipps f\u00fcr die Planung<span class=\"ez-toc-section-end\"><\/span><\/h2>\n<p><img decoding=\"async\" class=\"alignnone wp-image-17472 size-full\" src=\"https:\/\/www.people-abroad.de\/blog\/wp-content\/uploads\/2020\/07\/mosel-radweg-21.jpg\" alt=\"Mosel Radweg Radtour Mosel \" width=\"1000\" height=\"667\" srcset=\"https:\/\/www.people-abroad.de\/blog\/wp-content\/uploads\/2020\/07\/mosel-radweg-21.jpg 1000w, https:\/\/www.people-abroad.de\/blog\/wp-content\/uploads\/2020\/07\/mosel-radweg-21-300x200.jpg 300w, https:\/\/www.people-abroad.de\/blog\/wp-content\/uploads\/2020\/07\/mosel-radweg-21-768x512.jpg 768w, https:\/\/www.people-abroad.de\/blog\/wp-content\/uploads\/2020\/07\/mosel-radweg-21-400x267.jpg 400w\" sizes=\"(max-width: 1000px) 100vw, 1000px\" \/><\/p>\n<p>Der Mosel-Radweg bietet eine tolle Kombination aus Outdoor-Aktivit\u00e4t, idyllischen Weinbergen und historischen Orten. Hier findest du 25 Tipps f\u00fcr die Planung deiner Radtour: <a href=\"https:\/\/www.people-abroad.de\/blog\/mosel-radweg-tipps\/\">Mosel-Radweg &#8211; 25 Tipps f\u00fcr die Planung<\/a><\/p>\n<h2><span class=\"ez-toc-section\" id=\"Die_15_schoensten_Orte_an_der_Mosel\"><\/span>Die 15 sch\u00f6nsten Orte an der Mosel<span class=\"ez-toc-section-end\"><\/span><\/h2>\n<p><img decoding=\"async\" class=\"alignnone wp-image-20988 size-full\" src=\"https:\/\/www.people-abroad.de\/blog\/wp-content\/uploads\/2021\/03\/schoene-orte-mosel-16.jpg\" alt=\"Sch\u00f6nste Orte an der Mosel\" width=\"1000\" height=\"665\" srcset=\"https:\/\/www.people-abroad.de\/blog\/wp-content\/uploads\/2021\/03\/schoene-orte-mosel-16.jpg 1000w, https:\/\/www.people-abroad.de\/blog\/wp-content\/uploads\/2021\/03\/schoene-orte-mosel-16-300x200.jpg 300w, https:\/\/www.people-abroad.de\/blog\/wp-content\/uploads\/2021\/03\/schoene-orte-mosel-16-768x511.jpg 768w, https:\/\/www.people-abroad.de\/blog\/wp-content\/uploads\/2021\/03\/schoene-orte-mosel-16-400x266.jpg 400w\" sizes=\"(max-width: 1000px) 100vw, 1000px\" \/><\/p>\n<p>Sch\u00f6ne Orte gibt es an der Mosel reichlich. 15 Tipps f\u00fcr sehenswerte St\u00e4dte, idyllische kleine Orte und malerische Perlen entlang der Mosel findest du in diesem Artikel: <a href=\"https:\/\/www.people-abroad.de\/blog\/schoene-orte-an-der-mosel\/\">Die 15 sch\u00f6nsten Orte an der Mosel<\/a><\/p>\n<p>Weitere Artikel \u00fcber Rheinland-Pfalz findest du hier:<br \/>\n<a href=\"https:\/\/www.people-abroad.de\/blog\/bad-ems-sehenswuerdigkeiten\/\">Bad Ems: Sehensw\u00fcrdigkeiten, Tipps &amp; Highlights<\/a><br \/>\n<a href=\"https:\/\/www.people-abroad.de\/blog\/outdoor-wochenende-an-der-nahe\/\">Nahetal: Outdoor-Wochenende im Naheland<\/a><br \/>\n<a href=\"https:\/\/www.people-abroad.de\/blog\/mainz-sehenswuerdigkeiten\/\">Mainz: Sehensw\u00fcrdigkeiten &amp; Highlights<\/a><br \/>\n<a href=\"https:\/\/www.people-abroad.de\/blog\/radtour-nahe-radweg\/\">Nahe-Radweg: Outdoor-Tipp an der Nahe<\/a><br \/>\n<a href=\"https:\/\/www.people-abroad.de\/blog\/limburg-an-der-lahn-sehenswuerdigkeiten\/\">Limburg: Sehensw\u00fcrdigkeiten an der Lahn<\/a><br \/>\n<a href=\"https:\/\/www.people-abroad.de\/blog\/bad-kreuznach-sehenswuerdigkeiten\/\">Bad Kreuznach: Sehensw\u00fcrdigkeiten &amp; Tipps<\/a><br \/>\n<a href=\"https:\/\/www.people-abroad.de\/blog\/alzeyer-land-rheinhessische-schweiz-tipps\/\">Rheinhessen: Wandern im Alzeyer Land<\/a><br \/>\n<a href=\"https:\/\/www.people-abroad.de\/blog\/worms-sehenswuerdigkeiten\/\">Worms: Sehensw\u00fcrdigkeiten &amp; Highlights<\/a><\/p>\n","protected":false},"excerpt":{"rendered":"<p>Der Calmont Klettersteig an der Moselschleife f\u00fchrt von Bremm in den steilsten Weinberg Europas. Eine Tourenbeschreibung mit Tipps f\u00fcr den Calmont Klettersteig.<\/p>\n","protected":false},"author":1,"featured_media":0,"comment_status":"open","ping_status":"open","sticky":false,"template":"","format":"standard","meta":{"_monsterinsights_skip_tracking":false,"_monsterinsights_sitenote_active":false,"_monsterinsights_sitenote_note":"","_monsterinsights_sitenote_category":0,"footnotes":""},"categories":[701,506,2044],"tags":[2136,1997],"class_list":["post-38331","post","type-post","status-publish","format-standard","hentry","category-deutschland","category-outdoor","category-wandern","tag-mosel","tag-rheinland-pfalz"],"yoast_head":"<!-- This site is optimized with the Yoast SEO plugin v27.5 - https:\/\/yoast.com\/product\/yoast-seo-wordpress\/ -->\n<title>Calmont Klettersteig: Wanderung an der Mosel - People Abroad<\/title>\n<meta name=\"description\" content=\"Der Calmont Klettersteig an der Moselschleife f\u00fchrt von Bremm in den steilsten Weinberg Europas - eine Tourenbeschreibung mit Tipps.\" \/>\n<meta name=\"robots\" content=\"index, follow, max-snippet:-1, max-image-preview:large, max-video-preview:-1\" \/>\n<link rel=\"canonical\" href=\"https:\/\/www.people-abroad.de\/blog\/calmont-klettersteig-mosel\/\" \/>\n<meta property=\"og:locale\" content=\"de_DE\" \/>\n<meta property=\"og:type\" content=\"article\" \/>\n<meta property=\"og:title\" content=\"Calmont Klettersteig: Wanderung an der Mosel - People Abroad\" \/>\n<meta property=\"og:description\" content=\"Der Calmont Klettersteig an der Moselschleife f\u00fchrt von Bremm in den steilsten Weinberg Europas - eine Tourenbeschreibung mit Tipps.\" \/>\n<meta property=\"og:url\" content=\"https:\/\/www.people-abroad.de\/blog\/calmont-klettersteig-mosel\/\" \/>\n<meta property=\"og:site_name\" content=\"People Abroad\" \/>\n<meta property=\"article:publisher\" content=\"https:\/\/www.facebook.com\/menschen.international\/\" \/>\n<meta property=\"article:author\" content=\"https:\/\/www.facebook.com\/menschen.international\/\" \/>\n<meta property=\"article:published_time\" content=\"2026-05-02T04:50:06+00:00\" \/>\n<meta property=\"article:modified_time\" content=\"2026-05-02T04:55:15+00:00\" \/>\n<meta property=\"og:image\" content=\"https:\/\/www.people-abroad.de\/blog\/wp-content\/uploads\/2026\/05\/calmont-klettersteig-tipps.jpeg\" \/>\n\t<meta property=\"og:image:width\" content=\"1200\" \/>\n\t<meta property=\"og:image:height\" content=\"800\" \/>\n\t<meta property=\"og:image:type\" content=\"image\/jpeg\" \/>\n<meta name=\"author\" content=\"Heiko M\u00fcller\" \/>\n<meta name=\"twitter:card\" content=\"summary_large_image\" \/>\n<meta name=\"twitter:creator\" content=\"@People_Abroad\" \/>\n<meta name=\"twitter:site\" content=\"@People_Abroad\" \/>\n<meta name=\"twitter:label1\" content=\"Verfasst von\" \/>\n\t<meta name=\"twitter:data1\" content=\"Heiko M\u00fcller\" \/>\n\t<meta name=\"twitter:label2\" content=\"Gesch\u00e4tzte Lesezeit\" \/>\n\t<meta name=\"twitter:data2\" content=\"13\u00a0Minuten\" \/>\n<script type=\"application\/ld+json\" class=\"yoast-schema-graph\">{\"@context\":\"https:\\\/\\\/schema.org\",\"@graph\":[{\"@type\":\"Article\",\"@id\":\"https:\\\/\\\/www.people-abroad.de\\\/blog\\\/calmont-klettersteig-mosel\\\/#article\",\"isPartOf\":{\"@id\":\"https:\\\/\\\/www.people-abroad.de\\\/blog\\\/calmont-klettersteig-mosel\\\/\"},\"author\":{\"name\":\"Heiko M\u00fcller\",\"@id\":\"https:\\\/\\\/www.people-abroad.de\\\/blog\\\/#\\\/schema\\\/person\\\/2a518a154d93ee6cf0b146bc327329b3\"},\"headline\":\"Calmont Klettersteig: Wanderung an der Mosel\",\"datePublished\":\"2026-05-02T04:50:06+00:00\",\"dateModified\":\"2026-05-02T04:55:15+00:00\",\"mainEntityOfPage\":{\"@id\":\"https:\\\/\\\/www.people-abroad.de\\\/blog\\\/calmont-klettersteig-mosel\\\/\"},\"wordCount\":1354,\"commentCount\":0,\"publisher\":{\"@id\":\"https:\\\/\\\/www.people-abroad.de\\\/blog\\\/#\\\/schema\\\/person\\\/2a518a154d93ee6cf0b146bc327329b3\"},\"image\":{\"@id\":\"https:\\\/\\\/www.people-abroad.de\\\/blog\\\/calmont-klettersteig-mosel\\\/#primaryimage\"},\"thumbnailUrl\":\"https:\\\/\\\/www.people-abroad.de\\\/blog\\\/wp-content\\\/uploads\\\/2026\\\/05\\\/calmont-klettersteig-tipps-1024x683.jpeg\",\"keywords\":[\"Mosel\",\"Rheinland-Pfalz\"],\"articleSection\":[\"Deutschland\",\"Outdoor\",\"Wandern\"],\"inLanguage\":\"de\",\"potentialAction\":[{\"@type\":\"CommentAction\",\"name\":\"Comment\",\"target\":[\"https:\\\/\\\/www.people-abroad.de\\\/blog\\\/calmont-klettersteig-mosel\\\/#respond\"]}]},{\"@type\":\"WebPage\",\"@id\":\"https:\\\/\\\/www.people-abroad.de\\\/blog\\\/calmont-klettersteig-mosel\\\/\",\"url\":\"https:\\\/\\\/www.people-abroad.de\\\/blog\\\/calmont-klettersteig-mosel\\\/\",\"name\":\"Calmont Klettersteig: Wanderung an der Mosel - People Abroad\",\"isPartOf\":{\"@id\":\"https:\\\/\\\/www.people-abroad.de\\\/blog\\\/#website\"},\"primaryImageOfPage\":{\"@id\":\"https:\\\/\\\/www.people-abroad.de\\\/blog\\\/calmont-klettersteig-mosel\\\/#primaryimage\"},\"image\":{\"@id\":\"https:\\\/\\\/www.people-abroad.de\\\/blog\\\/calmont-klettersteig-mosel\\\/#primaryimage\"},\"thumbnailUrl\":\"https:\\\/\\\/www.people-abroad.de\\\/blog\\\/wp-content\\\/uploads\\\/2026\\\/05\\\/calmont-klettersteig-tipps-1024x683.jpeg\",\"datePublished\":\"2026-05-02T04:50:06+00:00\",\"dateModified\":\"2026-05-02T04:55:15+00:00\",\"description\":\"Der Calmont Klettersteig an der Moselschleife f\u00fchrt von Bremm in den steilsten Weinberg Europas - eine Tourenbeschreibung mit Tipps.\",\"breadcrumb\":{\"@id\":\"https:\\\/\\\/www.people-abroad.de\\\/blog\\\/calmont-klettersteig-mosel\\\/#breadcrumb\"},\"inLanguage\":\"de\",\"potentialAction\":[{\"@type\":\"ReadAction\",\"target\":[\"https:\\\/\\\/www.people-abroad.de\\\/blog\\\/calmont-klettersteig-mosel\\\/\"]}]},{\"@type\":\"ImageObject\",\"inLanguage\":\"de\",\"@id\":\"https:\\\/\\\/www.people-abroad.de\\\/blog\\\/calmont-klettersteig-mosel\\\/#primaryimage\",\"url\":\"https:\\\/\\\/www.people-abroad.de\\\/blog\\\/wp-content\\\/uploads\\\/2026\\\/05\\\/calmont-klettersteig-tipps.jpeg\",\"contentUrl\":\"https:\\\/\\\/www.people-abroad.de\\\/blog\\\/wp-content\\\/uploads\\\/2026\\\/05\\\/calmont-klettersteig-tipps.jpeg\",\"width\":1200,\"height\":800},{\"@type\":\"BreadcrumbList\",\"@id\":\"https:\\\/\\\/www.people-abroad.de\\\/blog\\\/calmont-klettersteig-mosel\\\/#breadcrumb\",\"itemListElement\":[{\"@type\":\"ListItem\",\"position\":1,\"name\":\"Startseite\",\"item\":\"https:\\\/\\\/www.people-abroad.de\\\/blog\\\/\"},{\"@type\":\"ListItem\",\"position\":2,\"name\":\"Calmont Klettersteig: Wanderung an der Mosel\"}]},{\"@type\":\"WebSite\",\"@id\":\"https:\\\/\\\/www.people-abroad.de\\\/blog\\\/#website\",\"url\":\"https:\\\/\\\/www.people-abroad.de\\\/blog\\\/\",\"name\":\"People Abroad\",\"description\":\"Reiseblog\",\"publisher\":{\"@id\":\"https:\\\/\\\/www.people-abroad.de\\\/blog\\\/#\\\/schema\\\/person\\\/2a518a154d93ee6cf0b146bc327329b3\"},\"potentialAction\":[{\"@type\":\"SearchAction\",\"target\":{\"@type\":\"EntryPoint\",\"urlTemplate\":\"https:\\\/\\\/www.people-abroad.de\\\/blog\\\/?s={search_term_string}\"},\"query-input\":{\"@type\":\"PropertyValueSpecification\",\"valueRequired\":true,\"valueName\":\"search_term_string\"}}],\"inLanguage\":\"de\"},{\"@type\":[\"Person\",\"Organization\"],\"@id\":\"https:\\\/\\\/www.people-abroad.de\\\/blog\\\/#\\\/schema\\\/person\\\/2a518a154d93ee6cf0b146bc327329b3\",\"name\":\"Heiko M\u00fcller\",\"logo\":{\"@id\":\"https:\\\/\\\/www.people-abroad.de\\\/blog\\\/#\\\/schema\\\/person\\\/image\\\/\"},\"description\":\"Ich bin Reiseblogger, Content Creator und Redakteur. Auf Reisen erkunde ich gerne neue Regionen, St\u00e4dte und Orte beim Fotografieren, Wandern und Radfahren. F\u00fcr weitere Reisetipps folge mir auf Instagram. Mehr Infos zum Blog findest du hier: https:\\\/\\\/www.people-abroad.de\\\/blog\\\/pr-media\\\/. Kontakt: h.mueller@people-abroad.de\",\"sameAs\":[\"https:\\\/\\\/www.people-abroad.de\\\/blog\\\/\",\"https:\\\/\\\/www.facebook.com\\\/menschen.international\\\/\",\"https:\\\/\\\/www.instagram.com\\\/people.abroad\\\/\",\"https:\\\/\\\/www.linkedin.com\\\/in\\\/muellerheiko\\\/\",\"https:\\\/\\\/www.pinterest.de\\\/peopleabroad\\\/\",\"https:\\\/\\\/x.com\\\/People_Abroad\",\"https:\\\/\\\/www.youtube.com\\\/user\\\/MenschenInt\"],\"url\":\"https:\\\/\\\/www.people-abroad.de\\\/blog\\\/author\\\/admin\\\/\"}]}<\/script>\n<!-- \/ Yoast SEO plugin. -->","yoast_head_json":{"title":"Calmont Klettersteig: Wanderung an der Mosel - People Abroad","description":"Der Calmont Klettersteig an der Moselschleife f\u00fchrt von Bremm in den steilsten Weinberg Europas - eine Tourenbeschreibung mit Tipps.","robots":{"index":"index","follow":"follow","max-snippet":"max-snippet:-1","max-image-preview":"max-image-preview:large","max-video-preview":"max-video-preview:-1"},"canonical":"https:\/\/www.people-abroad.de\/blog\/calmont-klettersteig-mosel\/","og_locale":"de_DE","og_type":"article","og_title":"Calmont Klettersteig: Wanderung an der Mosel - People Abroad","og_description":"Der Calmont Klettersteig an der Moselschleife f\u00fchrt von Bremm in den steilsten Weinberg Europas - eine Tourenbeschreibung mit Tipps.","og_url":"https:\/\/www.people-abroad.de\/blog\/calmont-klettersteig-mosel\/","og_site_name":"People Abroad","article_publisher":"https:\/\/www.facebook.com\/menschen.international\/","article_author":"https:\/\/www.facebook.com\/menschen.international\/","article_published_time":"2026-05-02T04:50:06+00:00","article_modified_time":"2026-05-02T04:55:15+00:00","og_image":[{"width":1200,"height":800,"url":"https:\/\/www.people-abroad.de\/blog\/wp-content\/uploads\/2026\/05\/calmont-klettersteig-tipps.jpeg","type":"image\/jpeg"}],"author":"Heiko M\u00fcller","twitter_card":"summary_large_image","twitter_creator":"@People_Abroad","twitter_site":"@People_Abroad","twitter_misc":{"Verfasst von":"Heiko M\u00fcller","Gesch\u00e4tzte Lesezeit":"13\u00a0Minuten"},"schema":{"@context":"https:\/\/schema.org","@graph":[{"@type":"Article","@id":"https:\/\/www.people-abroad.de\/blog\/calmont-klettersteig-mosel\/#article","isPartOf":{"@id":"https:\/\/www.people-abroad.de\/blog\/calmont-klettersteig-mosel\/"},"author":{"name":"Heiko M\u00fcller","@id":"https:\/\/www.people-abroad.de\/blog\/#\/schema\/person\/2a518a154d93ee6cf0b146bc327329b3"},"headline":"Calmont Klettersteig: Wanderung an der Mosel","datePublished":"2026-05-02T04:50:06+00:00","dateModified":"2026-05-02T04:55:15+00:00","mainEntityOfPage":{"@id":"https:\/\/www.people-abroad.de\/blog\/calmont-klettersteig-mosel\/"},"wordCount":1354,"commentCount":0,"publisher":{"@id":"https:\/\/www.people-abroad.de\/blog\/#\/schema\/person\/2a518a154d93ee6cf0b146bc327329b3"},"image":{"@id":"https:\/\/www.people-abroad.de\/blog\/calmont-klettersteig-mosel\/#primaryimage"},"thumbnailUrl":"https:\/\/www.people-abroad.de\/blog\/wp-content\/uploads\/2026\/05\/calmont-klettersteig-tipps-1024x683.jpeg","keywords":["Mosel","Rheinland-Pfalz"],"articleSection":["Deutschland","Outdoor","Wandern"],"inLanguage":"de","potentialAction":[{"@type":"CommentAction","name":"Comment","target":["https:\/\/www.people-abroad.de\/blog\/calmont-klettersteig-mosel\/#respond"]}]},{"@type":"WebPage","@id":"https:\/\/www.people-abroad.de\/blog\/calmont-klettersteig-mosel\/","url":"https:\/\/www.people-abroad.de\/blog\/calmont-klettersteig-mosel\/","name":"Calmont Klettersteig: Wanderung an der Mosel - People Abroad","isPartOf":{"@id":"https:\/\/www.people-abroad.de\/blog\/#website"},"primaryImageOfPage":{"@id":"https:\/\/www.people-abroad.de\/blog\/calmont-klettersteig-mosel\/#primaryimage"},"image":{"@id":"https:\/\/www.people-abroad.de\/blog\/calmont-klettersteig-mosel\/#primaryimage"},"thumbnailUrl":"https:\/\/www.people-abroad.de\/blog\/wp-content\/uploads\/2026\/05\/calmont-klettersteig-tipps-1024x683.jpeg","datePublished":"2026-05-02T04:50:06+00:00","dateModified":"2026-05-02T04:55:15+00:00","description":"Der Calmont Klettersteig an der Moselschleife f\u00fchrt von Bremm in den steilsten Weinberg Europas - eine Tourenbeschreibung mit Tipps.","breadcrumb":{"@id":"https:\/\/www.people-abroad.de\/blog\/calmont-klettersteig-mosel\/#breadcrumb"},"inLanguage":"de","potentialAction":[{"@type":"ReadAction","target":["https:\/\/www.people-abroad.de\/blog\/calmont-klettersteig-mosel\/"]}]},{"@type":"ImageObject","inLanguage":"de","@id":"https:\/\/www.people-abroad.de\/blog\/calmont-klettersteig-mosel\/#primaryimage","url":"https:\/\/www.people-abroad.de\/blog\/wp-content\/uploads\/2026\/05\/calmont-klettersteig-tipps.jpeg","contentUrl":"https:\/\/www.people-abroad.de\/blog\/wp-content\/uploads\/2026\/05\/calmont-klettersteig-tipps.jpeg","width":1200,"height":800},{"@type":"BreadcrumbList","@id":"https:\/\/www.people-abroad.de\/blog\/calmont-klettersteig-mosel\/#breadcrumb","itemListElement":[{"@type":"ListItem","position":1,"name":"Startseite","item":"https:\/\/www.people-abroad.de\/blog\/"},{"@type":"ListItem","position":2,"name":"Calmont Klettersteig: Wanderung an der Mosel"}]},{"@type":"WebSite","@id":"https:\/\/www.people-abroad.de\/blog\/#website","url":"https:\/\/www.people-abroad.de\/blog\/","name":"People Abroad","description":"Reiseblog","publisher":{"@id":"https:\/\/www.people-abroad.de\/blog\/#\/schema\/person\/2a518a154d93ee6cf0b146bc327329b3"},"potentialAction":[{"@type":"SearchAction","target":{"@type":"EntryPoint","urlTemplate":"https:\/\/www.people-abroad.de\/blog\/?s={search_term_string}"},"query-input":{"@type":"PropertyValueSpecification","valueRequired":true,"valueName":"search_term_string"}}],"inLanguage":"de"},{"@type":["Person","Organization"],"@id":"https:\/\/www.people-abroad.de\/blog\/#\/schema\/person\/2a518a154d93ee6cf0b146bc327329b3","name":"Heiko M\u00fcller","logo":{"@id":"https:\/\/www.people-abroad.de\/blog\/#\/schema\/person\/image\/"},"description":"Ich bin Reiseblogger, Content Creator und Redakteur. Auf Reisen erkunde ich gerne neue Regionen, St\u00e4dte und Orte beim Fotografieren, Wandern und Radfahren. F\u00fcr weitere Reisetipps folge mir auf Instagram. Mehr Infos zum Blog findest du hier: https:\/\/www.people-abroad.de\/blog\/pr-media\/. Kontakt: h.mueller@people-abroad.de","sameAs":["https:\/\/www.people-abroad.de\/blog\/","https:\/\/www.facebook.com\/menschen.international\/","https:\/\/www.instagram.com\/people.abroad\/","https:\/\/www.linkedin.com\/in\/muellerheiko\/","https:\/\/www.pinterest.de\/peopleabroad\/","https:\/\/x.com\/People_Abroad","https:\/\/www.youtube.com\/user\/MenschenInt"],"url":"https:\/\/www.people-abroad.de\/blog\/author\/admin\/"}]}},"_links":{"self":[{"href":"https:\/\/www.people-abroad.de\/blog\/wp-json\/wp\/v2\/posts\/38331","targetHints":{"allow":["GET"]}}],"collection":[{"href":"https:\/\/www.people-abroad.de\/blog\/wp-json\/wp\/v2\/posts"}],"about":[{"href":"https:\/\/www.people-abroad.de\/blog\/wp-json\/wp\/v2\/types\/post"}],"author":[{"embeddable":true,"href":"https:\/\/www.people-abroad.de\/blog\/wp-json\/wp\/v2\/users\/1"}],"replies":[{"embeddable":true,"href":"https:\/\/www.people-abroad.de\/blog\/wp-json\/wp\/v2\/comments?post=38331"}],"version-history":[{"count":3,"href":"https:\/\/www.people-abroad.de\/blog\/wp-json\/wp\/v2\/posts\/38331\/revisions"}],"predecessor-version":[{"id":38404,"href":"https:\/\/www.people-abroad.de\/blog\/wp-json\/wp\/v2\/posts\/38331\/revisions\/38404"}],"wp:attachment":[{"href":"https:\/\/www.people-abroad.de\/blog\/wp-json\/wp\/v2\/media?parent=38331"}],"wp:term":[{"taxonomy":"category","embeddable":true,"href":"https:\/\/www.people-abroad.de\/blog\/wp-json\/wp\/v2\/categories?post=38331"},{"taxonomy":"post_tag","embeddable":true,"href":"https:\/\/www.people-abroad.de\/blog\/wp-json\/wp\/v2\/tags?post=38331"}],"curies":[{"name":"wp","href":"https:\/\/api.w.org\/{rel}","templated":true}]}}