{"id":37509,"date":"2025-10-25T07:08:43","date_gmt":"2025-10-25T05:08:43","guid":{"rendered":"https:\/\/www.people-abroad.de\/blog\/?p=37509"},"modified":"2025-10-31T13:23:48","modified_gmt":"2025-10-31T12:23:48","slug":"montenegro-wandern","status":"publish","type":"post","link":"https:\/\/www.people-abroad.de\/blog\/montenegro-wandern\/","title":{"rendered":"Montenegro: Wanderungen mit Adriak\u00fcste und Bergen"},"content":{"rendered":"<div id=\"ez-toc-container\" class=\"ez-toc-v2_0_82_2 counter-flat ez-toc-counter ez-toc-grey ez-toc-container-direction\">\n<div class=\"ez-toc-title-container\">\n<p class=\"ez-toc-title\" style=\"cursor:inherit\">Inhaltsverzeichnis<\/p>\n<span class=\"ez-toc-title-toggle\"><a href=\"#\" class=\"ez-toc-pull-right ez-toc-btn ez-toc-btn-xs ez-toc-btn-default ez-toc-toggle\" aria-label=\"Toggle Table of Content\"><span class=\"ez-toc-js-icon-con\"><span class=\"\"><span class=\"eztoc-hide\" style=\"display:none;\">Toggle<\/span><span class=\"ez-toc-icon-toggle-span\"><svg style=\"fill: #999;color:#999\" xmlns=\"http:\/\/www.w3.org\/2000\/svg\" class=\"list-377408\" width=\"20px\" height=\"20px\" viewBox=\"0 0 24 24\" fill=\"none\"><path d=\"M6 6H4v2h2V6zm14 0H8v2h12V6zM4 11h2v2H4v-2zm16 0H8v2h12v-2zM4 16h2v2H4v-2zm16 0H8v2h12v-2z\" fill=\"currentColor\"><\/path><\/svg><svg style=\"fill: #999;color:#999\" class=\"arrow-unsorted-368013\" xmlns=\"http:\/\/www.w3.org\/2000\/svg\" width=\"10px\" height=\"10px\" viewBox=\"0 0 24 24\" version=\"1.2\" baseProfile=\"tiny\"><path d=\"M18.2 9.3l-6.2-6.3-6.2 6.3c-.2.2-.3.4-.3.7s.1.5.3.7c.2.2.4.3.7.3h11c.3 0 .5-.1.7-.3.2-.2.3-.5.3-.7s-.1-.5-.3-.7zM5.8 14.7l6.2 6.3 6.2-6.3c.2-.2.3-.5.3-.7s-.1-.5-.3-.7c-.2-.2-.4-.3-.7-.3h-11c-.3 0-.5.1-.7.3-.2.2-.3.5-.3.7s.1.5.3.7z\"\/><\/svg><\/span><\/span><\/span><\/a><\/span><\/div>\n<nav><ul class='ez-toc-list ez-toc-list-level-1 eztoc-toggle-hide-by-default' ><li class='ez-toc-page-1'><a class=\"ez-toc-link ez-toc-heading-1\" href=\"https:\/\/www.people-abroad.de\/blog\/montenegro-wandern\/#Hauser_Exkursionen_Wander-_Trekking-Spezialist\" >Hauser Exkursionen | Wander- &amp; Trekking-Spezialist<\/a><\/li><li class='ez-toc-page-1'><a class=\"ez-toc-link ez-toc-heading-2\" href=\"https:\/\/www.people-abroad.de\/blog\/montenegro-wandern\/#Wanderung_vom_Lovcen_Nationalpark_nach_Kotor\" >Wanderung vom Lov\u0107en Nationalpark nach Kotor<\/a><\/li><li class='ez-toc-page-1'><a class=\"ez-toc-link ez-toc-heading-3\" href=\"https:\/\/www.people-abroad.de\/blog\/montenegro-wandern\/#Bucht_von_Kotor_Wanderung_auf_der_Vrmac-Halbinsel\" >Bucht von Kotor | Wanderung auf der Vrmac-Halbinsel<\/a><\/li><li class='ez-toc-page-1'><a class=\"ez-toc-link ez-toc-heading-4\" href=\"https:\/\/www.people-abroad.de\/blog\/montenegro-wandern\/#Wanderung_im_Lovcen_Nationalpark\" >Wanderung im Lov\u0107en Nationalpark<\/a><\/li><li class='ez-toc-page-1'><a class=\"ez-toc-link ez-toc-heading-5\" href=\"https:\/\/www.people-abroad.de\/blog\/montenegro-wandern\/#Wanderung_im_Mrtvica_Canyon\" >Wanderung im Mrtvica Canyon<\/a><\/li><li class='ez-toc-page-1'><a class=\"ez-toc-link ez-toc-heading-6\" href=\"https:\/\/www.people-abroad.de\/blog\/montenegro-wandern\/#Wanderung_in_Rijeka_Crnojevica_am_Skutarisee\" >Wanderung in Rijeka Crnojevica am Skutarisee<\/a><\/li><li class='ez-toc-page-1'><a class=\"ez-toc-link ez-toc-heading-7\" href=\"https:\/\/www.people-abroad.de\/blog\/montenegro-wandern\/#Wanderung_im_Durmitor_Nationalpark\" >Wanderung im Durmitor Nationalpark<\/a><\/li><li class='ez-toc-page-1'><a class=\"ez-toc-link ez-toc-heading-8\" href=\"https:\/\/www.people-abroad.de\/blog\/montenegro-wandern\/#Hauser_Exkursionen_Selfguided-Reisen\" >Hauser Exkursionen | Selfguided-Reisen<\/a><\/li><\/ul><\/nav><\/div>\n<p><a href=\"https:\/\/www.people-abroad.de\/blog\/montenegro-wandern\/\"><img decoding=\"async\" class=\"alignnone wp-image-37612 size-large\" src=\"https:\/\/www.people-abroad.de\/blog\/wp-content\/uploads\/2025\/10\/montenegro-wandern-42-1024x683.jpeg\" alt=\"Montenegro Wandern Touren Wanderwege Tipps\" width=\"1024\" height=\"683\" srcset=\"https:\/\/www.people-abroad.de\/blog\/wp-content\/uploads\/2025\/10\/montenegro-wandern-42-1024x683.jpeg 1024w, https:\/\/www.people-abroad.de\/blog\/wp-content\/uploads\/2025\/10\/montenegro-wandern-42-300x200.jpeg 300w, https:\/\/www.people-abroad.de\/blog\/wp-content\/uploads\/2025\/10\/montenegro-wandern-42-768x512.jpeg 768w, https:\/\/www.people-abroad.de\/blog\/wp-content\/uploads\/2025\/10\/montenegro-wandern-42.jpeg 1200w\" sizes=\"(max-width: 1024px) 100vw, 1024px\" \/><\/a><\/p>\n<p>[Werbung] In Montenegro bieten sich Wanderungen an der Adriak\u00fcste, in den Bergen und in Nationalparks an. Tipps f\u00fcr eine Wanderreise in den Balkan-Staat in S\u00fcdosteuropa.<!--more--><\/p>\n<p>&nbsp;<\/p>\n<p>Kooperation | Hauser Exkursionen<\/p>\n<p>Traumhafte K\u00fcstenabschnitte, schroffe Berggipfel und weitl\u00e4ufige Nationalparks mit herrlichen Naturerlebnissen: Montenegro im S\u00fcdosten Europas ist \u00e4u\u00dferst vielf\u00e4ltig und inzwischen ein beliebtes Wanderziel. Aktivurlauber sch\u00e4tzen die abwechslungsreiche Landschaft, die Auswahl an Wanderwegen mit unterschiedlicher L\u00e4nge und die Gastlichkeit in dem Balkan-Staat, der gerade in den letzten Jahren bei Outdoor-Liebhabern weiter an Bedeutung gewonnen hat.<\/p>\n<p>Auf meiner Wanderreise Anfang Oktober nach Montenegro erlebte ich drei verschiedene Jahreszeiten innerhalb von nur einer Woche. Sommerliches Wetter in der Bucht von Kotor, herbstliche Stimmung im Lov\u0107en Nationalpark und winterliche Atmosph\u00e4re im Durmitor Nationalpark. Abwechslungsreicher h\u00e4tte die Reise kaum sein k\u00f6nnen.<\/p>\n<h2><span class=\"ez-toc-section\" id=\"Hauser_Exkursionen_Wander-_Trekking-Spezialist\"><\/span>Hauser Exkursionen | Wander- &amp; Trekking-Spezialist<span class=\"ez-toc-section-end\"><\/span><\/h2>\n<p><img decoding=\"async\" class=\"alignnone wp-image-37613 size-large\" src=\"https:\/\/www.people-abroad.de\/blog\/wp-content\/uploads\/2025\/10\/montenegro-wandern-43-1024x682.jpeg\" alt=\"Montenegro Wandern Touren Wanderwege Tipps\" width=\"1024\" height=\"682\" srcset=\"https:\/\/www.people-abroad.de\/blog\/wp-content\/uploads\/2025\/10\/montenegro-wandern-43-1024x682.jpeg 1024w, https:\/\/www.people-abroad.de\/blog\/wp-content\/uploads\/2025\/10\/montenegro-wandern-43-300x200.jpeg 300w, https:\/\/www.people-abroad.de\/blog\/wp-content\/uploads\/2025\/10\/montenegro-wandern-43-768x511.jpeg 768w, https:\/\/www.people-abroad.de\/blog\/wp-content\/uploads\/2025\/10\/montenegro-wandern-43.jpeg 1200w\" sizes=\"(max-width: 1024px) 100vw, 1024px\" \/><\/p>\n<p>In Montenegro war ich mit dem Wander- und Trekking-Spezialist Hauser Exkursionen unterwegs. Der Veranstalter und Pionier in Sachen Wander- und Trekking-Reisen mit Sitz in M\u00fcnchen hat sich den Themen Naturreisen, Slow Travel und Nachhaltigkeit verschrieben. Dabei sind die Reisen darauf ausgerichtet, die Natur, Landschaft und Kultur aktiv zu erkunden und verantwortungsvoll vor Ort unterwegs zu sein.<\/p>\n<p>Neben den gef\u00fchrten klassischen Wander- und Trekking-Reisen zu ausgew\u00e4hlten Zielen gibt es inzwischen auch Selfguided-Reisen im Angebot. Meine Wanderwoche gibt es auch als Selfguided-Reise von Hauser Exkursionen. Dabei ist man individuell mit Roadbook oder App unterwegs, wobei die Unterk\u00fcnfte und der Gep\u00e4cktransfer organisiert sind. Den Reisetermin kann man jeweils frei w\u00e4hlen.<\/p>\n<p>Weitere Wanderung, die ich mit dem Touren- und Reiseanbieter Hauser Exkursionen gemacht habe, sind <a href=\"https:\/\/www.people-abroad.de\/blog\/coast-to-coast-walk\/\">Meine Weitwanderung auf dem Coast to Coast Walk<\/a> und das <a href=\"https:\/\/www.people-abroad.de\/blog\/portugal-wandern-fischerweg\/\">Wandern auf dem Fischerweg an der Westk\u00fcste Portugals<\/a>.<\/p>\n<p>Weitwandern und Fernwanderwege sind beliebt und f\u00fcr Wander-Fans ein echtes Abenteuer. Infos &amp; Tipps f\u00fcr die Planung der ersten Weitwanderung gibt es in diesem Artikel: <a href=\"https:\/\/www.people-abroad.de\/blog\/weitwandern-wandern-ohne-gepaeck\/\">Weitwandern und Wandern ohne Gep\u00e4ck \u2013 Basics &amp; Tipps<\/a><\/p>\n<h2><span class=\"ez-toc-section\" id=\"Wanderung_vom_Lovcen_Nationalpark_nach_Kotor\"><\/span>Wanderung vom Lov\u0107en Nationalpark nach Kotor<span class=\"ez-toc-section-end\"><\/span><\/h2>\n<p><img decoding=\"async\" class=\"alignnone wp-image-37545 size-large\" src=\"https:\/\/www.people-abroad.de\/blog\/wp-content\/uploads\/2025\/10\/montenegro-wandern-11-1024x682.jpeg\" alt=\"Montenegro Wandern Touren Wanderwege Tipps\" width=\"1024\" height=\"682\" srcset=\"https:\/\/www.people-abroad.de\/blog\/wp-content\/uploads\/2025\/10\/montenegro-wandern-11-1024x682.jpeg 1024w, https:\/\/www.people-abroad.de\/blog\/wp-content\/uploads\/2025\/10\/montenegro-wandern-11-300x200.jpeg 300w, https:\/\/www.people-abroad.de\/blog\/wp-content\/uploads\/2025\/10\/montenegro-wandern-11-768x511.jpeg 768w, https:\/\/www.people-abroad.de\/blog\/wp-content\/uploads\/2025\/10\/montenegro-wandern-11.jpeg 1200w\" sizes=\"(max-width: 1024px) 100vw, 1024px\" \/><\/p>\n<p>Mein Wandertag startet im beschaulichen Ort Njegu\u0161i, in dem ich \u00fcbernachtet habe. Ich marschiere westw\u00e4rts \u00fcber einen Pfad, der mit Felsen ges\u00e4umt ist und bald geht es wieder bergauf. Allerdings ist die Steigung relativ moderat und nach knapp einer Stunde erreiche ich eine Passstra\u00dfe, an der sich auch ein Eingang zum Lov\u0107en Nationalpark befindet. Ab der Passstra\u00dfe geht es an diesem Tag nur noch bergab &#8211; daf\u00fcr aber fast 1.000 H\u00f6henmeter.<\/p>\n<p><img decoding=\"async\" class=\"alignnone wp-image-37543 size-large\" src=\"https:\/\/www.people-abroad.de\/blog\/wp-content\/uploads\/2025\/10\/montenegro-wandern-9-1024x682.jpeg\" alt=\"Bucht von Kotor\" width=\"1024\" height=\"682\" srcset=\"https:\/\/www.people-abroad.de\/blog\/wp-content\/uploads\/2025\/10\/montenegro-wandern-9-1024x682.jpeg 1024w, https:\/\/www.people-abroad.de\/blog\/wp-content\/uploads\/2025\/10\/montenegro-wandern-9-300x200.jpeg 300w, https:\/\/www.people-abroad.de\/blog\/wp-content\/uploads\/2025\/10\/montenegro-wandern-9-768x511.jpeg 768w, https:\/\/www.people-abroad.de\/blog\/wp-content\/uploads\/2025\/10\/montenegro-wandern-9.jpeg 1200w\" sizes=\"(max-width: 1024px) 100vw, 1024px\" \/><\/p>\n<p>Er folgt ein schmaler steiniger Pfad mit wunderbaren Ausblicken auf das heutige Etappenziel &#8211; die Bucht von Kotor. Zwischendurch geht es immer mal wieder ein St\u00fcck durch ein idyllisches und schattiges Waldst\u00fcck mit nahezu federnd-weichem Boden. Der Abstieg ist insgesamt recht steil und verl\u00e4uft in engen Serpentinen stetig nach unten. Ich selbst wandere gerne ohne St\u00f6cke, es gibt aber mit Sicherheit Wanderer, die diesen Abschnitt lieber mit St\u00f6cken bew\u00e4ltigen.<\/p>\n<p><img decoding=\"async\" class=\"alignnone wp-image-37547 size-large\" src=\"https:\/\/www.people-abroad.de\/blog\/wp-content\/uploads\/2025\/10\/montenegro-wandern-13-1024x682.jpeg\" alt=\"Bucht von Kotor\" width=\"1024\" height=\"682\" srcset=\"https:\/\/www.people-abroad.de\/blog\/wp-content\/uploads\/2025\/10\/montenegro-wandern-13-1024x682.jpeg 1024w, https:\/\/www.people-abroad.de\/blog\/wp-content\/uploads\/2025\/10\/montenegro-wandern-13-300x200.jpeg 300w, https:\/\/www.people-abroad.de\/blog\/wp-content\/uploads\/2025\/10\/montenegro-wandern-13-768x511.jpeg 768w, https:\/\/www.people-abroad.de\/blog\/wp-content\/uploads\/2025\/10\/montenegro-wandern-13.jpeg 1200w\" sizes=\"(max-width: 1024px) 100vw, 1024px\" \/><\/p>\n<p>Auf diesem Foto sieht man den Zickzack-Kurs der Serpentinen, die es nach unten geht. Dahinter strahlt das leuchtend-blaue Meerwasser der Bucht, eingerahmt von den imposanten umliegenden Felsen. Je weiter man nach unten l\u00e4uft, desto breiter \u00f6ffnet sich die malerische Bucht vor dem Wanderer aus. Ich setze mich immer mal wieder auf einen Felsen am Wegesrand, um den Anblick zu genie\u00dfen und Fotos von der spektakul\u00e4ren Aussicht zu machen.<\/p>\n<p><img decoding=\"async\" class=\"alignnone wp-image-37544 size-large\" src=\"https:\/\/www.people-abroad.de\/blog\/wp-content\/uploads\/2025\/10\/montenegro-wandern-10-1024x682.jpeg\" alt=\"Bucht von Kotor\" width=\"1024\" height=\"682\" srcset=\"https:\/\/www.people-abroad.de\/blog\/wp-content\/uploads\/2025\/10\/montenegro-wandern-10-1024x682.jpeg 1024w, https:\/\/www.people-abroad.de\/blog\/wp-content\/uploads\/2025\/10\/montenegro-wandern-10-300x200.jpeg 300w, https:\/\/www.people-abroad.de\/blog\/wp-content\/uploads\/2025\/10\/montenegro-wandern-10-768x511.jpeg 768w, https:\/\/www.people-abroad.de\/blog\/wp-content\/uploads\/2025\/10\/montenegro-wandern-10.jpeg 1200w\" sizes=\"(max-width: 1024px) 100vw, 1024px\" \/><\/p>\n<p>Auch die Stadt Kotor, das touristische Zentrum der Bucht, r\u00fcckt immer n\u00e4her und ich komme sp\u00e4ter an die Festung St. Giovanni (Sveti Ivan). Die m\u00e4chtige Anlage ist definitiv einen Besuch wert, sie thront in 280 Meter \u00fcber der Stadt. Mehr als 1.200 Treppenstufen f\u00fchren von der Altstadt hinauf zur mittelalterlichen Festung, die sich mit ihren dicken Mauern \u00fcber einen Bergr\u00fccken erstreckt. Von hier aus ist mein Etappenziel nicht mehr weit entfernt.<\/p>\n<p><img decoding=\"async\" class=\"alignnone wp-image-37546 size-large\" src=\"https:\/\/www.people-abroad.de\/blog\/wp-content\/uploads\/2025\/10\/montenegro-wandern-12-1024x682.jpeg\" alt=\"Bucht von Kotor\" width=\"1024\" height=\"682\" srcset=\"https:\/\/www.people-abroad.de\/blog\/wp-content\/uploads\/2025\/10\/montenegro-wandern-12-1024x682.jpeg 1024w, https:\/\/www.people-abroad.de\/blog\/wp-content\/uploads\/2025\/10\/montenegro-wandern-12-300x200.jpeg 300w, https:\/\/www.people-abroad.de\/blog\/wp-content\/uploads\/2025\/10\/montenegro-wandern-12-768x511.jpeg 768w, https:\/\/www.people-abroad.de\/blog\/wp-content\/uploads\/2025\/10\/montenegro-wandern-12.jpeg 1200w\" sizes=\"(max-width: 1024px) 100vw, 1024px\" \/><\/p>\n<p>Nachdem ich die verschiedenen Bereiche und Winkel der Burganlage ausgiebig erkundet habe, setze ich meine Wanderung fort und es geht weiter in die Tiefe. Auf dem Weg zur Altstadt passiert man noch die &#8222;Kirche Unterer Lieben Frau der Gesundheit&#8220; (Gospa od Zdravlja), die sich mit ihrem sch\u00f6nen Kirchturm prima als Fotomotiv eignet. Die katholische Kapelle bietet ebenso eine tolle Aussicht auf dieser ohnehin von herrlichen Ausblicken reichen Wandertour.<\/p>\n<p><img decoding=\"async\" class=\"alignnone wp-image-37548 size-large\" src=\"https:\/\/www.people-abroad.de\/blog\/wp-content\/uploads\/2025\/10\/montenegro-wandern-14-1024x682.jpeg\" alt=\"Kotor Altstadt\" width=\"1024\" height=\"682\" srcset=\"https:\/\/www.people-abroad.de\/blog\/wp-content\/uploads\/2025\/10\/montenegro-wandern-14-1024x682.jpeg 1024w, https:\/\/www.people-abroad.de\/blog\/wp-content\/uploads\/2025\/10\/montenegro-wandern-14-300x200.jpeg 300w, https:\/\/www.people-abroad.de\/blog\/wp-content\/uploads\/2025\/10\/montenegro-wandern-14-768x511.jpeg 768w, https:\/\/www.people-abroad.de\/blog\/wp-content\/uploads\/2025\/10\/montenegro-wandern-14.jpeg 1200w\" sizes=\"(max-width: 1024px) 100vw, 1024px\" \/><\/p>\n<p>Die Lage der Altstadt von Kotor ist traumhaft: am s\u00fcdlichen Teil der Bucht, umgeben von bis zu 1.800 Meter hohen Bergketten. Mit ihren historischen Geb\u00e4uden ist die Stadt zudem UNESCO-Weltkulturerbe, wie auch die Festungsanlage und die gesamte Bucht. Seit vielen Jahrhunderten ist Kotor ein bedeutendes mediterranes Hafen- und Handelszentrum. Imposant ist auch die Stadtmauer, die Kotor umgibt und die in der Vergangenheit als Schutzwall diente.<\/p>\n<p><img decoding=\"async\" class=\"alignnone wp-image-37549 size-large\" src=\"https:\/\/www.people-abroad.de\/blog\/wp-content\/uploads\/2025\/10\/montenegro-wandern-15-1024x682.jpeg\" alt=\"Kotor Altstadt \" width=\"1024\" height=\"682\" srcset=\"https:\/\/www.people-abroad.de\/blog\/wp-content\/uploads\/2025\/10\/montenegro-wandern-15-1024x682.jpeg 1024w, https:\/\/www.people-abroad.de\/blog\/wp-content\/uploads\/2025\/10\/montenegro-wandern-15-300x200.jpeg 300w, https:\/\/www.people-abroad.de\/blog\/wp-content\/uploads\/2025\/10\/montenegro-wandern-15-768x511.jpeg 768w, https:\/\/www.people-abroad.de\/blog\/wp-content\/uploads\/2025\/10\/montenegro-wandern-15.jpeg 1200w\" sizes=\"(max-width: 1024px) 100vw, 1024px\" \/><\/p>\n<p>Was mir an Kotor gut gef\u00e4llt, das sind die vielen schmalen Gassen im Herzen der Altstadt. Neben den zahlreichen historischen Bauwerken und Kirchen gibt es eine hohe dichte an Restaurants, Caf\u00e9s und Bars, sowie an kleinen L\u00e4den und Gesch\u00e4ften. Obwohl das Angebot gezielt auf Touristen ausgerichtet ist und es tags\u00fcber recht quirlig in der Altstadt zugeht, hat Kotor seinen Charme bewahrt und es macht Spa\u00df sich in den Gassen treiben zu lassen.<\/p>\n<p><img decoding=\"async\" class=\"alignnone wp-image-37550 size-large\" src=\"https:\/\/www.people-abroad.de\/blog\/wp-content\/uploads\/2025\/10\/montenegro-wandern-16-1024x682.jpeg\" alt=\"Kotor Altstadt\" width=\"1024\" height=\"682\" srcset=\"https:\/\/www.people-abroad.de\/blog\/wp-content\/uploads\/2025\/10\/montenegro-wandern-16-1024x682.jpeg 1024w, https:\/\/www.people-abroad.de\/blog\/wp-content\/uploads\/2025\/10\/montenegro-wandern-16-300x200.jpeg 300w, https:\/\/www.people-abroad.de\/blog\/wp-content\/uploads\/2025\/10\/montenegro-wandern-16-768x511.jpeg 768w, https:\/\/www.people-abroad.de\/blog\/wp-content\/uploads\/2025\/10\/montenegro-wandern-16.jpeg 1200w\" sizes=\"(max-width: 1024px) 100vw, 1024px\" \/><\/p>\n<p>Neben den Sehensw\u00fcrdigkeiten wie der Stadtmauer, der Sankt-Tryphon-Kathedrale (Sveti Trifun) und dem Uhrturm am Hauptplatz der Altstadt sind es die vielen kleinen und weniger bedeutenden Seitenstra\u00dfen, die mich begeistert haben. Denn neben dem Trubel gibt es in Kotor auch ganz ruhige Ecken. Besonders sch\u00f6n ist die Stimmung in der Altstadt am Abend. Meine Tagestour hatte eine L\u00e4nge von 10,4 km mit 1.000 H\u00f6henmetern im Abstieg und der Gep\u00e4cktransfer wurde von Hauser bequem organisiert.<\/p>\n<h2><span class=\"ez-toc-section\" id=\"Bucht_von_Kotor_Wanderung_auf_der_Vrmac-Halbinsel\"><\/span>Bucht von Kotor | Wanderung auf der Vrmac-Halbinsel<span class=\"ez-toc-section-end\"><\/span><\/h2>\n<p><img decoding=\"async\" class=\"alignnone wp-image-37529 size-large\" src=\"https:\/\/www.people-abroad.de\/blog\/wp-content\/uploads\/2025\/10\/montenegro-wandern-4-1024x684.jpeg\" alt=\"Montenegro Wandern Touren Wanderwege Tipps\" width=\"1024\" height=\"684\" srcset=\"https:\/\/www.people-abroad.de\/blog\/wp-content\/uploads\/2025\/10\/montenegro-wandern-4-1024x684.jpeg 1024w, https:\/\/www.people-abroad.de\/blog\/wp-content\/uploads\/2025\/10\/montenegro-wandern-4-300x200.jpeg 300w, https:\/\/www.people-abroad.de\/blog\/wp-content\/uploads\/2025\/10\/montenegro-wandern-4-768x513.jpeg 768w, https:\/\/www.people-abroad.de\/blog\/wp-content\/uploads\/2025\/10\/montenegro-wandern-4.jpeg 1200w\" sizes=\"(max-width: 1024px) 100vw, 1024px\" \/><\/p>\n<p>Eine sch\u00f6ne Tagestour bei Kotor ist die Wanderung \u00fcber die Vrmac-Halbinsel. Sie trennt die Bucht von Kotor und die Bucht von Tivat. Auf ihrem Bergr\u00fccken hat man den traumhaften Blick auf beide Seiten. Meine Wanderung starte ich westlich von Kotor, dort beginnt ein alter Milit\u00e4rpfad, der sich in Sepentinen den Berg hinauf windet. Der Weg ist \u00fcberwiegend schattig, ich gewinne schnell an H\u00f6he und genie\u00dfe die sch\u00f6nen Ausblicke zur\u00fcck auf Kotor.<\/p>\n<p><img decoding=\"async\" class=\"alignnone wp-image-37528 size-large\" src=\"https:\/\/www.people-abroad.de\/blog\/wp-content\/uploads\/2025\/10\/montenegro-wandern-3-1024x683.jpeg\" alt=\"Montenegro Wandern Touren Wanderwege Tipps\" width=\"1024\" height=\"683\" srcset=\"https:\/\/www.people-abroad.de\/blog\/wp-content\/uploads\/2025\/10\/montenegro-wandern-3-1024x683.jpeg 1024w, https:\/\/www.people-abroad.de\/blog\/wp-content\/uploads\/2025\/10\/montenegro-wandern-3-300x200.jpeg 300w, https:\/\/www.people-abroad.de\/blog\/wp-content\/uploads\/2025\/10\/montenegro-wandern-3-768x512.jpeg 768w, https:\/\/www.people-abroad.de\/blog\/wp-content\/uploads\/2025\/10\/montenegro-wandern-3.jpeg 1200w\" sizes=\"(max-width: 1024px) 100vw, 1024px\" \/><\/p>\n<p>Sobald man das Ende der Serpentinen erreicht hat, m\u00fcndet der Pfad in einen H\u00f6henweg, der in Nord-S\u00fcd-Richtung verl\u00e4uft und sich \u00fcber den gesamten Bergr\u00fccken der Vrmac-Halbinsel erstreckt. Man erkundet auf dieser Tagestour somit die gesamte Halbinsel. Inzwischen sind es wieder \u00fcber 20 Grad Celsius (Anfang Oktober), ich verstaue meine Wanderjacke im Rucksack und lege eine kurze Trinkpause ein. Danach steht der letzte Anstieg des Tages an.<\/p>\n<p><img decoding=\"async\" class=\"alignnone wp-image-37527 size-large\" src=\"https:\/\/www.people-abroad.de\/blog\/wp-content\/uploads\/2025\/10\/montenegro-wandern-2-1024x683.jpeg\" alt=\"Montenegro Wandern Touren Wanderwege Tipps\" width=\"1024\" height=\"683\" srcset=\"https:\/\/www.people-abroad.de\/blog\/wp-content\/uploads\/2025\/10\/montenegro-wandern-2-1024x683.jpeg 1024w, https:\/\/www.people-abroad.de\/blog\/wp-content\/uploads\/2025\/10\/montenegro-wandern-2-300x200.jpeg 300w, https:\/\/www.people-abroad.de\/blog\/wp-content\/uploads\/2025\/10\/montenegro-wandern-2-768x512.jpeg 768w, https:\/\/www.people-abroad.de\/blog\/wp-content\/uploads\/2025\/10\/montenegro-wandern-2.jpeg 1200w\" sizes=\"(max-width: 1024px) 100vw, 1024px\" \/><\/p>\n<p>Eine halbe Stunde sp\u00e4ter bin ich am Gipfel angelangt. Die Erhebung Sveti Ilija ist mit 765 m die h\u00f6chste Erhebung der \u00fcberwiegend bewaldeten Halbinsel. Sie bietet die besten Ausblicke in die Umgebung und ist perfekt f\u00fcr eine Mittagsrast geeignet. Ich erfreue mich an der warmen Sonnenstrahlen, lasse den Blick schweifen und betrachte die gegen\u00fcberliegenden Bergh\u00e4nge und Felsstrukturen. Weit unter mir schippern kleine Boote durch die Bucht. Hier oben ist es windstill und nahezu lautlos.<\/p>\n<p><img decoding=\"async\" class=\"alignnone wp-image-37526 size-large\" src=\"https:\/\/www.people-abroad.de\/blog\/wp-content\/uploads\/2025\/10\/montenegro-wandern-1-1024x682.jpeg\" alt=\"Montenegro Wandern Touren Wanderwege Tipps\" width=\"1024\" height=\"682\" srcset=\"https:\/\/www.people-abroad.de\/blog\/wp-content\/uploads\/2025\/10\/montenegro-wandern-1-1024x682.jpeg 1024w, https:\/\/www.people-abroad.de\/blog\/wp-content\/uploads\/2025\/10\/montenegro-wandern-1-300x200.jpeg 300w, https:\/\/www.people-abroad.de\/blog\/wp-content\/uploads\/2025\/10\/montenegro-wandern-1-768x511.jpeg 768w, https:\/\/www.people-abroad.de\/blog\/wp-content\/uploads\/2025\/10\/montenegro-wandern-1.jpeg 1200w\" sizes=\"(max-width: 1024px) 100vw, 1024px\" \/><\/p>\n<p>Einst hatte die Halbinsel eine strategisch wichtige Bedeutung als Grenze zwischen dem Osmanischen Reich und den venezianischen Besitzt\u00fcmern. Sp\u00e4ter wurden Befestigungsanlagen von \u00d6sterreich-Ungarn zur Sicherung der Grenze erbaut. Heute lebt die Region \u00fcberwiegend vom Tourismus und den Reisenden, welche die Bucht besuchen. Nach einer ausgedehnten Pause starte ich meinen Abstieg und marschiere einen alten Hirtenpfad hinab in Richtung Norden.<\/p>\n<p><img decoding=\"async\" class=\"alignnone wp-image-37531 size-large\" src=\"https:\/\/www.people-abroad.de\/blog\/wp-content\/uploads\/2025\/10\/montenegro-wandern-6-1024x683.jpeg\" alt=\"Bucht von Kotor Bootstour\" width=\"1024\" height=\"683\" srcset=\"https:\/\/www.people-abroad.de\/blog\/wp-content\/uploads\/2025\/10\/montenegro-wandern-6-1024x683.jpeg 1024w, https:\/\/www.people-abroad.de\/blog\/wp-content\/uploads\/2025\/10\/montenegro-wandern-6-300x200.jpeg 300w, https:\/\/www.people-abroad.de\/blog\/wp-content\/uploads\/2025\/10\/montenegro-wandern-6-768x512.jpeg 768w, https:\/\/www.people-abroad.de\/blog\/wp-content\/uploads\/2025\/10\/montenegro-wandern-6.jpeg 1200w\" sizes=\"(max-width: 1024px) 100vw, 1024px\" \/><\/p>\n<p>Nach einem steilen Abstieg, der mit rutschfesten Sohlen sicher zu bew\u00e4ltigen ist, erreiche ich wieder das Ufer der Buch, diesmal auf der n\u00f6rdlichen Seite der Vrmac-Halbinsel. Wenn man wieder nach Kotor zur\u00fcck m\u00f6chte, bietet sich eine Fahrt mit dem Boot an. Diese verkehren zwischen dem Nordufer der Halbinsel und Perast auf der gegen\u00fcberliegenden Seite der Bucht. Dazwischen steuern die Boote ein weiteres beliebtes Highlight der Bucht an.<\/p>\n<p><img decoding=\"async\" class=\"alignnone wp-image-37532 size-large\" src=\"https:\/\/www.people-abroad.de\/blog\/wp-content\/uploads\/2025\/10\/montenegro-wandern-7-1024x683.jpeg\" alt=\"Bucht von Kotor Bootstour\" width=\"1024\" height=\"683\" srcset=\"https:\/\/www.people-abroad.de\/blog\/wp-content\/uploads\/2025\/10\/montenegro-wandern-7-1024x683.jpeg 1024w, https:\/\/www.people-abroad.de\/blog\/wp-content\/uploads\/2025\/10\/montenegro-wandern-7-300x200.jpeg 300w, https:\/\/www.people-abroad.de\/blog\/wp-content\/uploads\/2025\/10\/montenegro-wandern-7-768x512.jpeg 768w, https:\/\/www.people-abroad.de\/blog\/wp-content\/uploads\/2025\/10\/montenegro-wandern-7.jpeg 1200w\" sizes=\"(max-width: 1024px) 100vw, 1024px\" \/><\/p>\n<p>Die Insel Maria vom Felsen bzw. vom Riff (Gospa od \u0160krpjela) mit der katholischen Kirche liegt malerisch vor Perast. Wenige Minuten sp\u00e4ter legt das Boot an der Insel an, ich umrunde die Kirche, setze mich ans Ufer und schaue auf die Nachbarinsel (Sveti \u0110or\u0111e), die man nicht besuchen kann. Mit einem der n\u00e4chsten Boote, die tags\u00fcber in regelm\u00e4\u00dfigen Abst\u00e4nden verkehren, geht es schlie\u00dflich hin\u00fcber zum K\u00fcstenort Perast mit der Uferpromenade.<\/p>\n<p><img decoding=\"async\" class=\"alignnone wp-image-37534 size-large\" src=\"https:\/\/www.people-abroad.de\/blog\/wp-content\/uploads\/2025\/10\/montenegro-wandern-8-1024x683.jpeg\" alt=\"Bucht von Kotor Perast\" width=\"1024\" height=\"683\" srcset=\"https:\/\/www.people-abroad.de\/blog\/wp-content\/uploads\/2025\/10\/montenegro-wandern-8-1024x683.jpeg 1024w, https:\/\/www.people-abroad.de\/blog\/wp-content\/uploads\/2025\/10\/montenegro-wandern-8-300x200.jpeg 300w, https:\/\/www.people-abroad.de\/blog\/wp-content\/uploads\/2025\/10\/montenegro-wandern-8-768x512.jpeg 768w, https:\/\/www.people-abroad.de\/blog\/wp-content\/uploads\/2025\/10\/montenegro-wandern-8.jpeg 1200w\" sizes=\"(max-width: 1024px) 100vw, 1024px\" \/><\/p>\n<p>Perast ist eine gem\u00fctliche Gemeinde mit sch\u00f6ner Altstadt und historischen Geb\u00e4uden. Die Uferpromenade ist verkehrsberuhigt, dort findet man zahlreiche Restaurants und Caf\u00e9s, die zum Einkehren einladen. Der K\u00fcstenort ist ein beliebtes Ausflugsziel f\u00fcr Reisende, welche die Bucht von Kotor besuchen. Perast erstreckt sich entlang der Bucht mit steil angelegten Treppen, von denen die meisten zur Uferstra\u00dfe f\u00fchren. Es gibt auch zwei \u00f6ffentliche Strandabschnitte zum Baden.<\/p>\n<p><img decoding=\"async\" class=\"alignnone wp-image-37530 size-large\" src=\"https:\/\/www.people-abroad.de\/blog\/wp-content\/uploads\/2025\/10\/montenegro-wandern-5-1024x683.jpeg\" alt=\"Bucht von Kotor Perast\" width=\"1024\" height=\"683\" srcset=\"https:\/\/www.people-abroad.de\/blog\/wp-content\/uploads\/2025\/10\/montenegro-wandern-5-1024x683.jpeg 1024w, https:\/\/www.people-abroad.de\/blog\/wp-content\/uploads\/2025\/10\/montenegro-wandern-5-300x200.jpeg 300w, https:\/\/www.people-abroad.de\/blog\/wp-content\/uploads\/2025\/10\/montenegro-wandern-5-768x512.jpeg 768w, https:\/\/www.people-abroad.de\/blog\/wp-content\/uploads\/2025\/10\/montenegro-wandern-5.jpeg 1200w\" sizes=\"(max-width: 1024px) 100vw, 1024px\" \/><\/p>\n<p>Nachdem ich die Altstadt von Perast ausgiebig erkundet habe, kehre ich wieder nach Kotor zur\u00fcck. Mit dem Bus oder Taxi dauert die Fahrt rund 30 Minuten. Meine Tageswanderung war insgesamt 16 km lang und hatte 800 H\u00f6henmeter. Mit dem Besuch der Insel und Perast war dies ein herrlich abwechslungsreicher Wandertag. Bootstour und Transfer nach Kotor wurden von Hauser organisiert. Man kann alternativ zu dieser Tour von der h\u00f6chsten Erhebung der Halbinsel auf demselben Weg wieder zur\u00fcckwandern.<\/p>\n<h2><span class=\"ez-toc-section\" id=\"Wanderung_im_Lovcen_Nationalpark\"><\/span>Wanderung im Lov\u0107en Nationalpark<span class=\"ez-toc-section-end\"><\/span><\/h2>\n<p><img decoding=\"async\" class=\"alignnone wp-image-37560 size-large\" src=\"https:\/\/www.people-abroad.de\/blog\/wp-content\/uploads\/2025\/10\/montenegro-wandern-18-1024x683.jpeg\" alt=\"Montenegro Wandern Touren Wanderwege Tipps\" width=\"1024\" height=\"683\" srcset=\"https:\/\/www.people-abroad.de\/blog\/wp-content\/uploads\/2025\/10\/montenegro-wandern-18-1024x683.jpeg 1024w, https:\/\/www.people-abroad.de\/blog\/wp-content\/uploads\/2025\/10\/montenegro-wandern-18-300x200.jpeg 300w, https:\/\/www.people-abroad.de\/blog\/wp-content\/uploads\/2025\/10\/montenegro-wandern-18-768x512.jpeg 768w, https:\/\/www.people-abroad.de\/blog\/wp-content\/uploads\/2025\/10\/montenegro-wandern-18.jpeg 1200w\" sizes=\"(max-width: 1024px) 100vw, 1024px\" \/><\/p>\n<p>Ein Highlight auf meiner Wanderung im Lov\u0107en Nationalpark war der Besuch des Njego\u0161-Mausoleums. Es steht in spektakul\u00e4rer Lage auf dem Jezerski Vrh Gipfel in 1.657 Metern H\u00f6he mit einer gro\u00dfartigen Rundumsicht auf die gesamte Region. Die Adriak\u00fcste kann man bei gutem Wetter ebenso sehen wie die Bucht von Kotor und die alte K\u00f6nigshauptstadt Cetinje, die ein guter Ausgangspunkt f\u00fcr Touren und Erkundungen im Nationalpark ist.<\/p>\n<p><img decoding=\"async\" class=\"alignnone wp-image-37559 size-large\" src=\"https:\/\/www.people-abroad.de\/blog\/wp-content\/uploads\/2025\/10\/montenegro-wandern-17-1024x683.jpeg\" alt=\"Montenegro Wandern Touren Wanderwege Tipps\" width=\"1024\" height=\"683\" srcset=\"https:\/\/www.people-abroad.de\/blog\/wp-content\/uploads\/2025\/10\/montenegro-wandern-17-1024x683.jpeg 1024w, https:\/\/www.people-abroad.de\/blog\/wp-content\/uploads\/2025\/10\/montenegro-wandern-17-300x200.jpeg 300w, https:\/\/www.people-abroad.de\/blog\/wp-content\/uploads\/2025\/10\/montenegro-wandern-17-768x512.jpeg 768w, https:\/\/www.people-abroad.de\/blog\/wp-content\/uploads\/2025\/10\/montenegro-wandern-17.jpeg 1200w\" sizes=\"(max-width: 1024px) 100vw, 1024px\" \/><\/p>\n<p>Auch von der Aussichtsplattform hinter dem Mausoleum bietet sich ein wunderbarer Ausblick. Das Mausoleum von Petar II Petrovi\u0107 Njego\u0161 ist \u00fcber 461 Stufen erreichbar, es ist dem Dichter und F\u00fcrstbischof gewidmet, der die administrativen Grundlagen f\u00fcr den Staat Montenegro legte. Im Mausoleum kann man Granitfiguren des Malers Ivan Me\u0161trovi\u0107 bestaunen, wie auch ein Mosaik aus 200.000 vergoldeten Kacheln sowie den Sarkophag.<\/p>\n<p><img decoding=\"async\" class=\"alignnone wp-image-37561 size-large\" src=\"https:\/\/www.people-abroad.de\/blog\/wp-content\/uploads\/2025\/10\/montenegro-wandern-19-1024x682.jpeg\" alt=\"Lov\u0107en Nationalpark Touren Tipps\" width=\"1024\" height=\"682\" srcset=\"https:\/\/www.people-abroad.de\/blog\/wp-content\/uploads\/2025\/10\/montenegro-wandern-19-1024x682.jpeg 1024w, https:\/\/www.people-abroad.de\/blog\/wp-content\/uploads\/2025\/10\/montenegro-wandern-19-300x200.jpeg 300w, https:\/\/www.people-abroad.de\/blog\/wp-content\/uploads\/2025\/10\/montenegro-wandern-19-768x511.jpeg 768w, https:\/\/www.people-abroad.de\/blog\/wp-content\/uploads\/2025\/10\/montenegro-wandern-19.jpeg 1200w\" sizes=\"(max-width: 1024px) 100vw, 1024px\" \/><\/p>\n<p>Der Lov\u0107en Nationalpark, der bereits im Jahr 1952 eingerichtet wurde und eine Fl\u00e4che von mehr als 60 km\u00b2 umfasst, ist ein Eldorado f\u00fcr Wanderer, Radfahrer und Skifahrer, die Landschaft zeichnet sich durch schroffe Berge, dichte W\u00e4lder und klassische Bergvegetation aus. Mehr als 200 Vogelarten sind hier beheimatet, wie auch Rehe, Wildschweine, W\u00f6lfe und B\u00e4ren. Das Gebirge der Region ist als Dinarische Alpen bekannt &#8211; ein Faltengebirge in S\u00fcdosteuropa.<\/p>\n<p><img decoding=\"async\" class=\"alignnone wp-image-37564 size-large\" src=\"https:\/\/www.people-abroad.de\/blog\/wp-content\/uploads\/2025\/10\/montenegro-wandern-22-1024x683.jpeg\" alt=\"Lov\u0107en Nationalpark Touren Tipps\" width=\"1024\" height=\"683\" srcset=\"https:\/\/www.people-abroad.de\/blog\/wp-content\/uploads\/2025\/10\/montenegro-wandern-22-1024x683.jpeg 1024w, https:\/\/www.people-abroad.de\/blog\/wp-content\/uploads\/2025\/10\/montenegro-wandern-22-300x200.jpeg 300w, https:\/\/www.people-abroad.de\/blog\/wp-content\/uploads\/2025\/10\/montenegro-wandern-22-768x512.jpeg 768w, https:\/\/www.people-abroad.de\/blog\/wp-content\/uploads\/2025\/10\/montenegro-wandern-22.jpeg 1200w\" sizes=\"(max-width: 1024px) 100vw, 1024px\" \/><\/p>\n<p><img decoding=\"async\" class=\"alignnone wp-image-37562 size-large\" src=\"https:\/\/www.people-abroad.de\/blog\/wp-content\/uploads\/2025\/10\/montenegro-wandern-20-1024x682.jpeg\" alt=\"Lov\u0107en Nationalpark Touren Tipps\" width=\"1024\" height=\"682\" srcset=\"https:\/\/www.people-abroad.de\/blog\/wp-content\/uploads\/2025\/10\/montenegro-wandern-20-1024x682.jpeg 1024w, https:\/\/www.people-abroad.de\/blog\/wp-content\/uploads\/2025\/10\/montenegro-wandern-20-300x200.jpeg 300w, https:\/\/www.people-abroad.de\/blog\/wp-content\/uploads\/2025\/10\/montenegro-wandern-20-768x511.jpeg 768w, https:\/\/www.people-abroad.de\/blog\/wp-content\/uploads\/2025\/10\/montenegro-wandern-20.jpeg 1200w\" sizes=\"(max-width: 1024px) 100vw, 1024px\" \/><\/p>\n<p>Meine Wandertour f\u00fchrt mich vom Gipfel auf einem schmalen Pfad hinab in n\u00f6rdlicher Richtung. Dabei geht es durch ein idyllisches Waldst\u00fcck mit dicht stehenden B\u00e4umen. Zwischendurch gibt es immer wieder kleine Lichtungen und Aussichtspunkte, von denen man in die h\u00fcgelige Landschaft schauen kann. Auf einer Lichtung lege ich eine Trinkpause ein, bevor ich weiter bergab marschiere. Der Geruch von Holz und Moos im Wald ist herrlich und ich entdecke einige Pilze.<\/p>\n<p><img decoding=\"async\" class=\"alignnone wp-image-37563 size-large\" src=\"https:\/\/www.people-abroad.de\/blog\/wp-content\/uploads\/2025\/10\/montenegro-wandern-21-1024x682.jpeg\" alt=\"Montenegro Wandern Touren Wanderwege Tipps\" width=\"1024\" height=\"682\" srcset=\"https:\/\/www.people-abroad.de\/blog\/wp-content\/uploads\/2025\/10\/montenegro-wandern-21-1024x682.jpeg 1024w, https:\/\/www.people-abroad.de\/blog\/wp-content\/uploads\/2025\/10\/montenegro-wandern-21-300x200.jpeg 300w, https:\/\/www.people-abroad.de\/blog\/wp-content\/uploads\/2025\/10\/montenegro-wandern-21-768x511.jpeg 768w, https:\/\/www.people-abroad.de\/blog\/wp-content\/uploads\/2025\/10\/montenegro-wandern-21.jpeg 1200w\" sizes=\"(max-width: 1024px) 100vw, 1024px\" \/><\/p>\n<p>W\u00e4hrend es oben auf dem Gipfel windig war, ist es nun weiter unten im Tal wieder angenehm warm und die Temperaturen liegen \u00fcber 22 Grad Celsius. Schlie\u00dflich erreiche ist mein Tagesziel, die beschauliche Gemeinde Njegu\u0161i, die malerisch in einem Talkessel liegt. Meine Tagestour ab dem Gipfel hatte eine L\u00e4nge von knapp 8 km mit 750 H\u00f6henmetern im Abstieg und mein Gep\u00e4ck war wieder vor mir in der Unterkunft. Wenn man ab dem Hotel Monte Rosa startet, kann man die Tour auf 10,5 km verl\u00e4ngern.<\/p>\n<h2><span class=\"ez-toc-section\" id=\"Wanderung_im_Mrtvica_Canyon\"><\/span>Wanderung im Mrtvica Canyon<span class=\"ez-toc-section-end\"><\/span><\/h2>\n<p><img decoding=\"async\" class=\"alignnone wp-image-37572 size-large\" src=\"https:\/\/www.people-abroad.de\/blog\/wp-content\/uploads\/2025\/10\/montenegro-wandern-24-1024x683.jpeg\" alt=\"Mfrtvica Canyon \" width=\"1024\" height=\"683\" srcset=\"https:\/\/www.people-abroad.de\/blog\/wp-content\/uploads\/2025\/10\/montenegro-wandern-24-1024x683.jpeg 1024w, https:\/\/www.people-abroad.de\/blog\/wp-content\/uploads\/2025\/10\/montenegro-wandern-24-300x200.jpeg 300w, https:\/\/www.people-abroad.de\/blog\/wp-content\/uploads\/2025\/10\/montenegro-wandern-24-768x512.jpeg 768w, https:\/\/www.people-abroad.de\/blog\/wp-content\/uploads\/2025\/10\/montenegro-wandern-24.jpeg 1200w\" sizes=\"(max-width: 1024px) 100vw, 1024px\" \/><\/p>\n<p>Die Mrtvica-Schlucht ist auch als Mrtvica Canyon bekannt. Sie befindet sich rund 40 km n\u00f6rdlich von Podgorica, der Hauptstadt von Montenegro. Der Beginn der Wanderung in der Schlucht ist in der N\u00e4he der Stra\u00dfe E65 (Campingplatz Medjurecje Rajo Radovic), ein Transfer bringt mich zum Startpunkt der Tour. Von dort aus marschiere ich in Richtung Nordwesten in das idyllische Tal hinein. Es ist ein herrlicher Herbsttag, die Sonne strahlt und taucht die B\u00e4ume, Str\u00e4ucher und B\u00fcsche in ein warmes Licht.<\/p>\n<p><img decoding=\"async\" class=\"alignnone wp-image-37571 size-large\" src=\"https:\/\/www.people-abroad.de\/blog\/wp-content\/uploads\/2025\/10\/montenegro-wandern-23-1024x682.jpeg\" alt=\"Mrtvica Canyon \" width=\"1024\" height=\"682\" srcset=\"https:\/\/www.people-abroad.de\/blog\/wp-content\/uploads\/2025\/10\/montenegro-wandern-23-1024x682.jpeg 1024w, https:\/\/www.people-abroad.de\/blog\/wp-content\/uploads\/2025\/10\/montenegro-wandern-23-300x200.jpeg 300w, https:\/\/www.people-abroad.de\/blog\/wp-content\/uploads\/2025\/10\/montenegro-wandern-23-768x511.jpeg 768w, https:\/\/www.people-abroad.de\/blog\/wp-content\/uploads\/2025\/10\/montenegro-wandern-23.jpeg 1200w\" sizes=\"(max-width: 1024px) 100vw, 1024px\" \/><\/p>\n<p>Der Wanderweg f\u00fchrt durch eine landschaftlich wundersch\u00f6ne Gegend. Hier hat sich der Fluss Mrtvica tief in die Erde gegraben, seitlich ragen teils senkrechte Felsw\u00e4nde in die Luft. Der Pfad folgt dem Fluss rechtsseitig und bietet gro\u00dfartige Naturerlebnisse. Je weiter man in das Tal hinein wandert, desto schmaler wird die Schlucht. Entlang der Strecke gibt es kleine Wasserf\u00e4lle und nat\u00fcrliche Badestellen, wobei das Wasser in der Schlucht auch im Sommer recht kalt sein soll.<\/p>\n<p><img decoding=\"async\" class=\"alignnone wp-image-37574 size-large\" src=\"https:\/\/www.people-abroad.de\/blog\/wp-content\/uploads\/2025\/10\/montenegro-wandern-26-1024x682.jpeg\" alt=\"Mrtvica Canyon\" width=\"1024\" height=\"682\" srcset=\"https:\/\/www.people-abroad.de\/blog\/wp-content\/uploads\/2025\/10\/montenegro-wandern-26-1024x682.jpeg 1024w, https:\/\/www.people-abroad.de\/blog\/wp-content\/uploads\/2025\/10\/montenegro-wandern-26-300x200.jpeg 300w, https:\/\/www.people-abroad.de\/blog\/wp-content\/uploads\/2025\/10\/montenegro-wandern-26-768x511.jpeg 768w, https:\/\/www.people-abroad.de\/blog\/wp-content\/uploads\/2025\/10\/montenegro-wandern-26.jpeg 1200w\" sizes=\"(max-width: 1024px) 100vw, 1024px\" \/><\/p>\n<p><img decoding=\"async\" class=\"alignnone wp-image-37575 size-large\" src=\"https:\/\/www.people-abroad.de\/blog\/wp-content\/uploads\/2025\/10\/montenegro-wandern-27-1024x682.jpeg\" alt=\"Mrtvica Canyon\" width=\"1024\" height=\"682\" srcset=\"https:\/\/www.people-abroad.de\/blog\/wp-content\/uploads\/2025\/10\/montenegro-wandern-27-1024x682.jpeg 1024w, https:\/\/www.people-abroad.de\/blog\/wp-content\/uploads\/2025\/10\/montenegro-wandern-27-300x200.jpeg 300w, https:\/\/www.people-abroad.de\/blog\/wp-content\/uploads\/2025\/10\/montenegro-wandern-27-768x511.jpeg 768w, https:\/\/www.people-abroad.de\/blog\/wp-content\/uploads\/2025\/10\/montenegro-wandern-27.jpeg 1200w\" sizes=\"(max-width: 1024px) 100vw, 1024px\" \/><\/p>\n<p>An einigen Stellen wandere ich hinab zur Mrtvica und bin fasziniert von der smaragdgr\u00fcnen Farbe des Wassers, die im Kontrast steht zu dem hellen Grau der angrenzenden Felsen. Unten am Fluss ist es etwas k\u00e4lter wie auf dem Wanderweg, der oberhalb der Mrtvica verl\u00e4uft, wodurch man fast immer den Blick auf das k\u00fchle Nass in der Tiefe hat. Die Badestellen sind \u00fcbrigens ideal f\u00fcr eine Trinkpause oder wenn man eine Rast auf der Wanderung machen m\u00f6chte.<\/p>\n<p><img decoding=\"async\" class=\"alignnone wp-image-37576 size-large\" src=\"https:\/\/www.people-abroad.de\/blog\/wp-content\/uploads\/2025\/10\/montenegro-wandern-28-1024x682.jpeg\" alt=\"Mrtvica Canyon\" width=\"1024\" height=\"682\" srcset=\"https:\/\/www.people-abroad.de\/blog\/wp-content\/uploads\/2025\/10\/montenegro-wandern-28-1024x682.jpeg 1024w, https:\/\/www.people-abroad.de\/blog\/wp-content\/uploads\/2025\/10\/montenegro-wandern-28-300x200.jpeg 300w, https:\/\/www.people-abroad.de\/blog\/wp-content\/uploads\/2025\/10\/montenegro-wandern-28-768x511.jpeg 768w, https:\/\/www.people-abroad.de\/blog\/wp-content\/uploads\/2025\/10\/montenegro-wandern-28.jpeg 1200w\" sizes=\"(max-width: 1024px) 100vw, 1024px\" \/><\/p>\n<p>Fast schon m\u00e4rchenhaft und auch ein bisschen mystisch sehen die mit reichlich Moos bewachsenen B\u00e4ume am Naturschauplatz Kapija \u017delja aus. In den Felsen gibt es eine \u00d6ffnung, die den Blick freigibt auf das smaragdgr\u00fcne Wasser. Der Platz mit den B\u00e4umen wirkt sehr beschaulich und gleichzeitig auch geheimnisvoll. Nachdem ich etwas Zeit an dem Ort verbracht habe, setze ich meine Wanderung in der sch\u00f6nen Schlucht fort.<\/p>\n<p><img decoding=\"async\" class=\"alignnone wp-image-37573 size-large\" src=\"https:\/\/www.people-abroad.de\/blog\/wp-content\/uploads\/2025\/10\/montenegro-wandern-25-1024x682.jpeg\" alt=\"Mrtvica Canyon\" width=\"1024\" height=\"682\" srcset=\"https:\/\/www.people-abroad.de\/blog\/wp-content\/uploads\/2025\/10\/montenegro-wandern-25-1024x682.jpeg 1024w, https:\/\/www.people-abroad.de\/blog\/wp-content\/uploads\/2025\/10\/montenegro-wandern-25-300x200.jpeg 300w, https:\/\/www.people-abroad.de\/blog\/wp-content\/uploads\/2025\/10\/montenegro-wandern-25-768x511.jpeg 768w, https:\/\/www.people-abroad.de\/blog\/wp-content\/uploads\/2025\/10\/montenegro-wandern-25.jpeg 1200w\" sizes=\"(max-width: 1024px) 100vw, 1024px\" \/><\/p>\n<p>Die Wandertour in der Schlucht ist insgesamt 14 km lang und hat 650 H\u00f6henmeter. Da der Hin- und R\u00fcckweg derselbe ist, kann man frei entscheiden, an welchem Punkt man umkehren und wie lange man an dem Tag wandern m\u00f6chte. Der Wendepunkt ist ein flacher Kiesstrand, kurz davor wandert man an einer Felswand. Besonders sch\u00f6n finde ich die Bogenbr\u00fccke aus Stein, an der man zu Beginn und am Ende der Tour vorbeikommt. Mein Transfer bringt mich anschlie\u00dfend wieder zur\u00fcck nach Podgorica.<\/p>\n<h2><span class=\"ez-toc-section\" id=\"Wanderung_in_Rijeka_Crnojevica_am_Skutarisee\"><\/span>Wanderung in Rijeka Crnojevica am Skutarisee<span class=\"ez-toc-section-end\"><\/span><\/h2>\n<p><img decoding=\"async\" class=\"alignnone wp-image-37596 size-large\" src=\"https:\/\/www.people-abroad.de\/blog\/wp-content\/uploads\/2025\/10\/montenegro-wandern-35-1024x684.jpeg\" alt=\"Montenegro Wandern Touren Wanderwege Tipps\" width=\"1024\" height=\"684\" srcset=\"https:\/\/www.people-abroad.de\/blog\/wp-content\/uploads\/2025\/10\/montenegro-wandern-35-1024x684.jpeg 1024w, https:\/\/www.people-abroad.de\/blog\/wp-content\/uploads\/2025\/10\/montenegro-wandern-35-300x200.jpeg 300w, https:\/\/www.people-abroad.de\/blog\/wp-content\/uploads\/2025\/10\/montenegro-wandern-35-768x513.jpeg 768w, https:\/\/www.people-abroad.de\/blog\/wp-content\/uploads\/2025\/10\/montenegro-wandern-35.jpeg 1200w\" sizes=\"(max-width: 1024px) 100vw, 1024px\" \/><\/p>\n<p>Rijeka Crnojevica ist eine kleine Gemeinde rund 30 km westlich von Podgorica, sie liegt am Fluss Crnojevi\u0107 in direkter N\u00e4he zum Skutarisee. Im Ort gibt es mehrere Restaurants und Caf\u00e9s sowie einige Anbieter von Bootstouren, wodurch er ein beliebtes Ausflugsziel ist. Wanderer nutzen die Gemeinde als Ausgangsort f\u00fcr Touren in die Umgebung, es gibt verschiedene Wege und nach einer Wanderung kann man in einem der Gastro-Betriebe einkehren.<\/p>\n<p><img decoding=\"async\" class=\"alignnone wp-image-37600 size-large\" src=\"https:\/\/www.people-abroad.de\/blog\/wp-content\/uploads\/2025\/10\/montenegro-wandern-39-1024x682.jpeg\" alt=\"Rijeka Crnojevica\" width=\"1024\" height=\"682\" srcset=\"https:\/\/www.people-abroad.de\/blog\/wp-content\/uploads\/2025\/10\/montenegro-wandern-39-1024x682.jpeg 1024w, https:\/\/www.people-abroad.de\/blog\/wp-content\/uploads\/2025\/10\/montenegro-wandern-39-300x200.jpeg 300w, https:\/\/www.people-abroad.de\/blog\/wp-content\/uploads\/2025\/10\/montenegro-wandern-39-768x511.jpeg 768w, https:\/\/www.people-abroad.de\/blog\/wp-content\/uploads\/2025\/10\/montenegro-wandern-39.jpeg 1200w\" sizes=\"(max-width: 1024px) 100vw, 1024px\" \/><\/p>\n<p>Die meisten starten ihre Tour an der malerischen alten Steinbr\u00fccke im Ortsmittelpunkt. Ich wandere rechtsseitig des Flusses in Richtung Westen und bin schon nach wenigen Minuten mitten in der Natur. Die Natur im Tal wirkt nahezu unber\u00fchrt und das Wasser pl\u00e4tschert in seinem Flussbett neben mir. Nach der lebendigen Atmosph\u00e4re in Podgorica ist das ein herrliches Kontrastprogramm und ich freue mich, dass ich wieder Stille, nur unterbrochen von leisem Vogelgezwitscher, um mich herum habe.<\/p>\n<p><img decoding=\"async\" class=\"alignnone wp-image-37601 size-large\" src=\"https:\/\/www.people-abroad.de\/blog\/wp-content\/uploads\/2025\/10\/montenegro-wandern-40-1024x682.jpeg\" alt=\"Rijeka Crnojevica\" width=\"1024\" height=\"682\" srcset=\"https:\/\/www.people-abroad.de\/blog\/wp-content\/uploads\/2025\/10\/montenegro-wandern-40-1024x682.jpeg 1024w, https:\/\/www.people-abroad.de\/blog\/wp-content\/uploads\/2025\/10\/montenegro-wandern-40-300x200.jpeg 300w, https:\/\/www.people-abroad.de\/blog\/wp-content\/uploads\/2025\/10\/montenegro-wandern-40-768x511.jpeg 768w, https:\/\/www.people-abroad.de\/blog\/wp-content\/uploads\/2025\/10\/montenegro-wandern-40.jpeg 1200w\" sizes=\"(max-width: 1024px) 100vw, 1024px\" \/><\/p>\n<p><img decoding=\"async\" class=\"alignnone wp-image-37598 size-large\" src=\"https:\/\/www.people-abroad.de\/blog\/wp-content\/uploads\/2025\/10\/montenegro-wandern-37-1024x682.jpeg\" alt=\"Rijeka Crnojevica\" width=\"1024\" height=\"682\" srcset=\"https:\/\/www.people-abroad.de\/blog\/wp-content\/uploads\/2025\/10\/montenegro-wandern-37-1024x682.jpeg 1024w, https:\/\/www.people-abroad.de\/blog\/wp-content\/uploads\/2025\/10\/montenegro-wandern-37-300x200.jpeg 300w, https:\/\/www.people-abroad.de\/blog\/wp-content\/uploads\/2025\/10\/montenegro-wandern-37-768x511.jpeg 768w, https:\/\/www.people-abroad.de\/blog\/wp-content\/uploads\/2025\/10\/montenegro-wandern-37.jpeg 1200w\" sizes=\"(max-width: 1024px) 100vw, 1024px\" \/><\/p>\n<p>Es folgt ein dichtes Waldst\u00fcck mit reichlich hohen B\u00e4umen. Zwischendurch suche ich das Ufer des Flusses auf und halte nach Fotomotiven Ausschau. Steter Tropfen h\u00f6hlt den Stein: das Wasser hat hier Mulden in den Felsen gegraben, teilweise sind sie mit Steinen und Kieseln gef\u00fcllt. Weiter hinten im Tal wird die Natur noch ein bisschen wilder, der Wald noch etwas dichter. Danach geht es bergauf und \u00fcber einen felsigen Pfad bis zum Ziel der heutigen Wanderung.<\/p>\n<p><img decoding=\"async\" class=\"alignnone wp-image-37602 size-large\" src=\"https:\/\/www.people-abroad.de\/blog\/wp-content\/uploads\/2025\/10\/montenegro-wandern-41-1024x683.jpeg\" alt=\"Rijeka Crnojevica\" width=\"1024\" height=\"683\" srcset=\"https:\/\/www.people-abroad.de\/blog\/wp-content\/uploads\/2025\/10\/montenegro-wandern-41-1024x683.jpeg 1024w, https:\/\/www.people-abroad.de\/blog\/wp-content\/uploads\/2025\/10\/montenegro-wandern-41-300x200.jpeg 300w, https:\/\/www.people-abroad.de\/blog\/wp-content\/uploads\/2025\/10\/montenegro-wandern-41-768x512.jpeg 768w, https:\/\/www.people-abroad.de\/blog\/wp-content\/uploads\/2025\/10\/montenegro-wandern-41.jpeg 1200w\" sizes=\"(max-width: 1024px) 100vw, 1024px\" \/><\/p>\n<p>Die Obodska Pecina H\u00f6hle ist ein faszinierende St\u00e4tte, die Einblicke in das pr\u00e4historische Leben gibt. Eine beeindruckende Felsformation, in die man nur kommt, wenn man \u00fcber eine stattliche Sammlung an massiven Steinen klettert. Die H\u00f6hle ist ein Zeugnis der Naturgeschichte und Geologie, man kann tief hineinklettern in dieses H\u00f6hlensystem, wenn man eine Stirnlampe dabei hat. Ich bin nur einen kurzen Abschnitt hinein, um zumindest einen kleinen Einblick davon zu erhalten.<\/p>\n<p><img decoding=\"async\" class=\"alignnone wp-image-37599 size-large\" src=\"https:\/\/www.people-abroad.de\/blog\/wp-content\/uploads\/2025\/10\/montenegro-wandern-38-1024x683.jpeg\" alt=\"Rijeka Crnojevica Bootstour\" width=\"1024\" height=\"683\" srcset=\"https:\/\/www.people-abroad.de\/blog\/wp-content\/uploads\/2025\/10\/montenegro-wandern-38-1024x683.jpeg 1024w, https:\/\/www.people-abroad.de\/blog\/wp-content\/uploads\/2025\/10\/montenegro-wandern-38-300x200.jpeg 300w, https:\/\/www.people-abroad.de\/blog\/wp-content\/uploads\/2025\/10\/montenegro-wandern-38-768x512.jpeg 768w, https:\/\/www.people-abroad.de\/blog\/wp-content\/uploads\/2025\/10\/montenegro-wandern-38.jpeg 1200w\" sizes=\"(max-width: 1024px) 100vw, 1024px\" \/><\/p>\n<p>Danach wandert man auf demselben Weg wieder zur\u00fcck bis nach Rijeka Crnojevica. Ein toller Abschluss f\u00fcr den Besuch in der Region ist eine Bootstour auf dem Fluss Crnojevi\u0107, der in den Skutarisee m\u00fcndet. Dieser ist der gr\u00f6\u00dfte See der Balkanhalbinsel und der gr\u00f6\u00dfte See S\u00fcdeuropas. Der Bootsausflug dauert etwas mehr als eine Stunde und lohnt sich sehr, danach kann man noch am Fluss einkehren. Die Wanderung bis zur H\u00f6hle und wieder zur\u00fcck ist nur knapp 5 km lang und hat 180 H\u00f6henmeter &#8211; eine leichte Tour.<\/p>\n<h2><span class=\"ez-toc-section\" id=\"Wanderung_im_Durmitor_Nationalpark\"><\/span>Wanderung im Durmitor Nationalpark<span class=\"ez-toc-section-end\"><\/span><\/h2>\n<p><img decoding=\"async\" class=\"alignnone wp-image-37583 size-large\" src=\"https:\/\/www.people-abroad.de\/blog\/wp-content\/uploads\/2025\/10\/montenegro-wandern-29-1024x683.jpeg\" alt=\"Durmitor Nationalpark Wandern Touren Tipps\" width=\"1024\" height=\"683\" srcset=\"https:\/\/www.people-abroad.de\/blog\/wp-content\/uploads\/2025\/10\/montenegro-wandern-29-1024x683.jpeg 1024w, https:\/\/www.people-abroad.de\/blog\/wp-content\/uploads\/2025\/10\/montenegro-wandern-29-300x200.jpeg 300w, https:\/\/www.people-abroad.de\/blog\/wp-content\/uploads\/2025\/10\/montenegro-wandern-29-768x512.jpeg 768w, https:\/\/www.people-abroad.de\/blog\/wp-content\/uploads\/2025\/10\/montenegro-wandern-29.jpeg 1200w\" sizes=\"(max-width: 1024px) 100vw, 1024px\" \/><\/p>\n<p>Auch perfekt geplante und organisierte Wanderreisen halten \u00dcberraschungen parat: im Durmitor Nationalpark und in anderen Bergregionen im Norden des Landes kam der Winter fr\u00fcher wie sonst \u00fcblich. Schneefall, Schneeregen und kalte Temperaturen um die 3-4 Grad Celsius sorgten f\u00fcr reichlich Abwechslung w\u00e4hrend dieser Woche. Zum Gl\u00fcck hatte ich warme Kleidung dabei, Hauser plante kurzerhand 2 Tage der Reise neu und auch das ge\u00e4nderte Programm verlief ganz reibungslos &#8211; trotz der K\u00fcrze der Zeit.<\/p>\n<p><img decoding=\"async\" class=\"alignnone wp-image-37584 size-large\" src=\"https:\/\/www.people-abroad.de\/blog\/wp-content\/uploads\/2025\/10\/montenegro-wandern-30-1024x683.jpeg\" alt=\"Durmitor Nationalpark Wandern Touren Tipps\" width=\"1024\" height=\"683\" srcset=\"https:\/\/www.people-abroad.de\/blog\/wp-content\/uploads\/2025\/10\/montenegro-wandern-30-1024x683.jpeg 1024w, https:\/\/www.people-abroad.de\/blog\/wp-content\/uploads\/2025\/10\/montenegro-wandern-30-300x200.jpeg 300w, https:\/\/www.people-abroad.de\/blog\/wp-content\/uploads\/2025\/10\/montenegro-wandern-30-768x512.jpeg 768w, https:\/\/www.people-abroad.de\/blog\/wp-content\/uploads\/2025\/10\/montenegro-wandern-30.jpeg 1200w\" sizes=\"(max-width: 1024px) 100vw, 1024px\" \/><\/p>\n<p>Wenige Minuten westlich von \u017dabljak im Norden von Montenegro ist der Eingang zum Durmitor Nationalpark. Eine Alternative zu Berg- und Gipfeltouren in der Region ist eine Wanderung um die Durmitor-Seen. Das Highlight auf dieser Tour ist der Schwarze See (Crno Jezero), ein Gletschersee, der auf eine H\u00f6he von 1.416 Metern liegt. Er besteht aus zwei Becken, die man umrunden kann, sie werden gespeist von vielen Bergb\u00e4chen und von der Schneeschmelze.<\/p>\n<p><img decoding=\"async\" class=\"alignnone wp-image-37586 size-large\" src=\"https:\/\/www.people-abroad.de\/blog\/wp-content\/uploads\/2025\/10\/montenegro-wandern-32-1024x684.jpeg\" alt=\"Durmitor Nationalpark Wandern Touren Tipps\" width=\"1024\" height=\"684\" srcset=\"https:\/\/www.people-abroad.de\/blog\/wp-content\/uploads\/2025\/10\/montenegro-wandern-32-1024x684.jpeg 1024w, https:\/\/www.people-abroad.de\/blog\/wp-content\/uploads\/2025\/10\/montenegro-wandern-32-300x200.jpeg 300w, https:\/\/www.people-abroad.de\/blog\/wp-content\/uploads\/2025\/10\/montenegro-wandern-32-768x513.jpeg 768w, https:\/\/www.people-abroad.de\/blog\/wp-content\/uploads\/2025\/10\/montenegro-wandern-32.jpeg 1200w\" sizes=\"(max-width: 1024px) 100vw, 1024px\" \/><\/p>\n<p>Der Durmitor Nationalpark ist ein Paradies f\u00fcr Outdoor-Liebhaber, hier gibt es 48 Gipfel mit mehr als 2.000 Metern. Die h\u00f6chsten Berge des Landes findet man in dem Park, der seit 1980 UNESCO-Weltnaturerbe ist. Eine von Gletschern geformte Region aus W\u00e4ldern, Schluchten und Seen, die Wanderer, Kanufahrer und Skifahrer anzieht. Der Ort \u017dabljak ist ein beliebter Ausgangspunkt f\u00fcr Unternehmungen, er bietet eine gute Infrastruktur f\u00fcr Aktivurlauber.<\/p>\n<p><img decoding=\"async\" class=\"alignnone wp-image-37587 size-large\" src=\"https:\/\/www.people-abroad.de\/blog\/wp-content\/uploads\/2025\/10\/montenegro-wandern-33-1024x683.jpeg\" alt=\"Durmitor Nationalpark Wandern Touren Tipps\" width=\"1024\" height=\"683\" srcset=\"https:\/\/www.people-abroad.de\/blog\/wp-content\/uploads\/2025\/10\/montenegro-wandern-33-1024x683.jpeg 1024w, https:\/\/www.people-abroad.de\/blog\/wp-content\/uploads\/2025\/10\/montenegro-wandern-33-300x200.jpeg 300w, https:\/\/www.people-abroad.de\/blog\/wp-content\/uploads\/2025\/10\/montenegro-wandern-33-768x512.jpeg 768w, https:\/\/www.people-abroad.de\/blog\/wp-content\/uploads\/2025\/10\/montenegro-wandern-33.jpeg 1200w\" sizes=\"(max-width: 1024px) 100vw, 1024px\" \/><\/p>\n<p><img decoding=\"async\" class=\"alignnone wp-image-37585 size-large\" src=\"https:\/\/www.people-abroad.de\/blog\/wp-content\/uploads\/2025\/10\/montenegro-wandern-31-1024x683.jpeg\" alt=\"Durmitor Nationalpark Wandern Touren Tipps\" width=\"1024\" height=\"683\" srcset=\"https:\/\/www.people-abroad.de\/blog\/wp-content\/uploads\/2025\/10\/montenegro-wandern-31-1024x683.jpeg 1024w, https:\/\/www.people-abroad.de\/blog\/wp-content\/uploads\/2025\/10\/montenegro-wandern-31-300x200.jpeg 300w, https:\/\/www.people-abroad.de\/blog\/wp-content\/uploads\/2025\/10\/montenegro-wandern-31-768x512.jpeg 768w, https:\/\/www.people-abroad.de\/blog\/wp-content\/uploads\/2025\/10\/montenegro-wandern-31.jpeg 1200w\" sizes=\"(max-width: 1024px) 100vw, 1024px\" \/><\/p>\n<p>Die Wanderung im Nationalpark ist sehr abwechslungsreich und relativ flach. Zwar verstecken sich an diesem Tag die Berggipfel hinter dichtem Nebel, aber die Ausblicke auf die ruhige Wasseroberfl\u00e4che des Sees lohnt sich ebenso. Ich umrunde den See gegen den Uhrzeigersinn und biege auf der Nordseite in ein Waldst\u00fcck ab und folge dem Wanderweg weiter nach Nordwesten bis zum Zminje-See (Zminje Jezero). Er ist wesentlich kleiner und umgeben von hohen Tannen.<\/p>\n<p><img decoding=\"async\" class=\"alignnone wp-image-37588 size-large\" src=\"https:\/\/www.people-abroad.de\/blog\/wp-content\/uploads\/2025\/10\/montenegro-wandern-34-1024x684.jpeg\" alt=\"Durmitor Nationalpark Wandern Touren Tipps\" width=\"1024\" height=\"684\" srcset=\"https:\/\/www.people-abroad.de\/blog\/wp-content\/uploads\/2025\/10\/montenegro-wandern-34-1024x684.jpeg 1024w, https:\/\/www.people-abroad.de\/blog\/wp-content\/uploads\/2025\/10\/montenegro-wandern-34-300x200.jpeg 300w, https:\/\/www.people-abroad.de\/blog\/wp-content\/uploads\/2025\/10\/montenegro-wandern-34-768x513.jpeg 768w, https:\/\/www.people-abroad.de\/blog\/wp-content\/uploads\/2025\/10\/montenegro-wandern-34.jpeg 1200w\" sizes=\"(max-width: 1024px) 100vw, 1024px\" \/><\/p>\n<p>Nach einer Rast wandere ich auf demselben Weg zur\u00fcck und nehme sp\u00e4ter die Abzweigung nach links. Durch einen dichten Wald mit reichlich Pilzen am Wegesrand geht es schlie\u00dflich bis zum Eingang des Nationalparks und anschlie\u00dfend nach \u017dabljak. Die Tour ist 10,4 km lang, sie hat etwa 200 H\u00f6henmeter und ist f\u00fcr jeden Wanderer leicht zu bew\u00e4ltigen. Am See gibt es ein Restaurant zum Einkehren, weitere M\u00f6glichkeiten bieten sich in \u017dabljak an.<\/p>\n<h2><span class=\"ez-toc-section\" id=\"Hauser_Exkursionen_Selfguided-Reisen\"><\/span>Hauser Exkursionen | Selfguided-Reisen<span class=\"ez-toc-section-end\"><\/span><\/h2>\n<p>Meine Wanderwoche gibt es als Selfguided-Reise von Hauser Exkursionen. Dabei ist man individuell mit Roadbook oder App unterwegs, wobei die Unterk\u00fcnfte und der Gep\u00e4cktransfer organisiert sind. Die Reisetermine kann man frei w\u00e4hlen. Weitere Infos dazu findest du unter <a href=\"https:\/\/www.hauser-exkursionen.de\/selfguided-reisen\">Hauser Exkursionen \u2013 Selfguided-Reisen<\/a>.<\/p>\n<p>Sowohl die Auswahl der Unterk\u00fcnfte als auch die Gep\u00e4cktransfers waren prima und sehr gut organisiert.\u00a0Neben den Selfguided-Reisen bietet der Spezialist f\u00fcr Wander-, Trekking- und Naturreisen auch eine Vielzahl an klassischen gef\u00fchrten Reisen zu ausgew\u00e4hlten Reisezielen an.<\/p>\n<p>Weitere Wanderreisen, die ich mit dem Touren- und Reiseanbieter Hauser Exkursionen gemacht habe: <a href=\"https:\/\/www.people-abroad.de\/blog\/coast-to-coast-walk\/\">Meine Weitwanderung auf dem Coast to Coast Walk<\/a> und <a href=\"https:\/\/www.people-abroad.de\/blog\/portugal-wandern-fischerweg\/\">Wandern auf dem Fischerweg an der Westk\u00fcste Portugals<\/a>.<\/p>\n<p><em><strong>Werbehinweis:<\/strong> Dieser Artikel entstand in Zusammenarbeit mit Hauser Exkursionen. Ich gehe gerne Kooperationen ein, meine pers\u00f6nliche Meinung wird davon aber nicht beeinflusst.<\/em><\/p>\n<p>Warst du schon mal in Montenegro wandern? Dann erg\u00e4nze deine Tipps gerne in den Kommentaren.<\/p>\n<p>Weitwandern und Fernwanderwege sind beliebt und f\u00fcr Wander-Fans ein echtes Abenteuer. Infos &amp; Tipps f\u00fcr die Planung der ersten Weitwanderung gibt es in diesem Artikel: <a href=\"https:\/\/www.people-abroad.de\/blog\/weitwandern-wandern-ohne-gepaeck\/\">Weitwandern und Wandern ohne Gep\u00e4ck \u2013 Basics &amp; Tipps<\/a><\/p>\n<p>Weitere Artikel \u00fcber Reiseziele f\u00fcr einen Aktivurlaub findest du hier:<br \/>\n<a href=\"https:\/\/www.people-abroad.de\/blog\/lechweg-wandern\/\">Lechweg: Wandern in Etappen durch die Lechtaler Alpen<\/a><br \/>\n<a href=\"https:\/\/www.people-abroad.de\/blog\/mullerthal-luxemburgische-schweiz\/\">M\u00fcllerthal: Wandern in der luxemburgischen Schweiz<\/a><br \/>\n<a href=\"https:\/\/www.people-abroad.de\/blog\/wanderungen-schwarzwald-pfaelzerwald\/\">10 Wanderungen im Schwarzwald &amp; Pf\u00e4lzerwald<\/a><br \/>\n<a href=\"https:\/\/www.people-abroad.de\/blog\/millstaetter-see-wandern-granattor\/\">Millst\u00e4tter See: Wandern &amp; Genuss am Granattor<\/a><br \/>\n<a href=\"https:\/\/www.people-abroad.de\/blog\/karawanken-wandern-rosental\/\">Karawanken: Wandern in der Region Rosental<\/a><br \/>\n<a href=\"https:\/\/www.people-abroad.de\/blog\/frankenwald-wandern-trekking\/\">Frankenwald: Wandern, Trekking &amp; Trailrunning<\/a><br \/>\n<a href=\"https:\/\/www.people-abroad.de\/blog\/wasserweltensteig\/\">Wasserweltensteig: Quellen, B\u00e4che &amp; Wasserf\u00e4lle<\/a><br \/>\n<a href=\"https:\/\/www.people-abroad.de\/blog\/tannheimer-tal-tirol-wandern\/\">Tannheimer Tal: Wandern, H\u00fctten &amp; Seen<\/a><br \/>\n<a href=\"https:\/\/www.people-abroad.de\/blog\/tirol-hall-wattens\/\">Tirol-Urlaub in der Region Hall-Wattens<\/a><br \/>\n<a href=\"https:\/\/www.people-abroad.de\/blog\/elsass-vogesen-wandern\/\">Elsass Tipps: Wandern in den Vogesen<\/a><\/p>\n","protected":false},"excerpt":{"rendered":"<p>[Werbung] In Montenegro bieten sich Wanderungen an der Adriak\u00fcste, in den Bergen und in Nationalparks an. Tipps f\u00fcr eine Wanderreise in den Balkan-Staat in S\u00fcdosteuropa.<\/p>\n","protected":false},"author":1,"featured_media":0,"comment_status":"open","ping_status":"open","sticky":false,"template":"","format":"standard","meta":{"_monsterinsights_skip_tracking":false,"_monsterinsights_sitenote_active":false,"_monsterinsights_sitenote_note":"","_monsterinsights_sitenote_category":0,"footnotes":""},"categories":[33,506,2044],"tags":[2217,238,2168],"class_list":["post-37509","post","type-post","status-publish","format-standard","hentry","category-europa","category-outdoor","category-wandern","tag-adria","tag-balkan","tag-mittelmeer"],"yoast_head":"<!-- This site is optimized with the Yoast SEO plugin v27.5 - https:\/\/yoast.com\/product\/yoast-seo-wordpress\/ -->\n<title>Montenegro: Wanderungen mit Adriak\u00fcste und Bergen - People Abroad<\/title>\n<meta name=\"description\" content=\"In Montenegro bieten sich Wanderungen an der Adriak\u00fcste, in den Bergen und in Nationalparks an. Tipps f\u00fcr eine Wanderreise nach Montenegro.\" \/>\n<meta name=\"robots\" content=\"index, follow, max-snippet:-1, max-image-preview:large, max-video-preview:-1\" \/>\n<link rel=\"canonical\" href=\"https:\/\/www.people-abroad.de\/blog\/montenegro-wandern\/\" \/>\n<meta property=\"og:locale\" content=\"de_DE\" \/>\n<meta property=\"og:type\" content=\"article\" \/>\n<meta property=\"og:title\" content=\"Montenegro: Wanderungen mit Adriak\u00fcste und Bergen - People Abroad\" \/>\n<meta property=\"og:description\" content=\"In Montenegro bieten sich Wanderungen an der Adriak\u00fcste, in den Bergen und in Nationalparks an. Tipps f\u00fcr eine Wanderreise nach Montenegro.\" \/>\n<meta property=\"og:url\" content=\"https:\/\/www.people-abroad.de\/blog\/montenegro-wandern\/\" \/>\n<meta property=\"og:site_name\" content=\"People Abroad\" \/>\n<meta property=\"article:publisher\" content=\"https:\/\/www.facebook.com\/menschen.international\/\" \/>\n<meta property=\"article:author\" content=\"https:\/\/www.facebook.com\/menschen.international\/\" \/>\n<meta property=\"article:published_time\" content=\"2025-10-25T05:08:43+00:00\" \/>\n<meta property=\"article:modified_time\" content=\"2025-10-31T12:23:48+00:00\" \/>\n<meta property=\"og:image\" content=\"https:\/\/www.people-abroad.de\/blog\/wp-content\/uploads\/2025\/10\/montenegro-wandern-42.jpeg\" \/>\n\t<meta property=\"og:image:width\" content=\"1200\" \/>\n\t<meta property=\"og:image:height\" content=\"800\" \/>\n\t<meta property=\"og:image:type\" content=\"image\/jpeg\" \/>\n<meta name=\"author\" content=\"Heiko M\u00fcller\" \/>\n<meta name=\"twitter:card\" content=\"summary_large_image\" \/>\n<meta name=\"twitter:creator\" content=\"@People_Abroad\" \/>\n<meta name=\"twitter:site\" content=\"@People_Abroad\" \/>\n<meta name=\"twitter:label1\" content=\"Verfasst von\" \/>\n\t<meta name=\"twitter:data1\" content=\"Heiko M\u00fcller\" \/>\n\t<meta name=\"twitter:label2\" content=\"Gesch\u00e4tzte Lesezeit\" \/>\n\t<meta name=\"twitter:data2\" content=\"26\u00a0Minuten\" \/>\n<script type=\"application\/ld+json\" class=\"yoast-schema-graph\">{\"@context\":\"https:\\\/\\\/schema.org\",\"@graph\":[{\"@type\":\"Article\",\"@id\":\"https:\\\/\\\/www.people-abroad.de\\\/blog\\\/montenegro-wandern\\\/#article\",\"isPartOf\":{\"@id\":\"https:\\\/\\\/www.people-abroad.de\\\/blog\\\/montenegro-wandern\\\/\"},\"author\":{\"name\":\"Heiko M\u00fcller\",\"@id\":\"https:\\\/\\\/www.people-abroad.de\\\/blog\\\/#\\\/schema\\\/person\\\/2a518a154d93ee6cf0b146bc327329b3\"},\"headline\":\"Montenegro: Wanderungen mit Adriak\u00fcste und Bergen\",\"datePublished\":\"2025-10-25T05:08:43+00:00\",\"dateModified\":\"2025-10-31T12:23:48+00:00\",\"mainEntityOfPage\":{\"@id\":\"https:\\\/\\\/www.people-abroad.de\\\/blog\\\/montenegro-wandern\\\/\"},\"wordCount\":3340,\"commentCount\":0,\"publisher\":{\"@id\":\"https:\\\/\\\/www.people-abroad.de\\\/blog\\\/#\\\/schema\\\/person\\\/2a518a154d93ee6cf0b146bc327329b3\"},\"image\":{\"@id\":\"https:\\\/\\\/www.people-abroad.de\\\/blog\\\/montenegro-wandern\\\/#primaryimage\"},\"thumbnailUrl\":\"https:\\\/\\\/www.people-abroad.de\\\/blog\\\/wp-content\\\/uploads\\\/2025\\\/10\\\/montenegro-wandern-42-1024x683.jpeg\",\"keywords\":[\"Adria\",\"Balkan\",\"Mittelmeer\"],\"articleSection\":[\"Europa\",\"Outdoor\",\"Wandern\"],\"inLanguage\":\"de\",\"potentialAction\":[{\"@type\":\"CommentAction\",\"name\":\"Comment\",\"target\":[\"https:\\\/\\\/www.people-abroad.de\\\/blog\\\/montenegro-wandern\\\/#respond\"]}]},{\"@type\":\"WebPage\",\"@id\":\"https:\\\/\\\/www.people-abroad.de\\\/blog\\\/montenegro-wandern\\\/\",\"url\":\"https:\\\/\\\/www.people-abroad.de\\\/blog\\\/montenegro-wandern\\\/\",\"name\":\"Montenegro: Wanderungen mit Adriak\u00fcste und Bergen - People Abroad\",\"isPartOf\":{\"@id\":\"https:\\\/\\\/www.people-abroad.de\\\/blog\\\/#website\"},\"primaryImageOfPage\":{\"@id\":\"https:\\\/\\\/www.people-abroad.de\\\/blog\\\/montenegro-wandern\\\/#primaryimage\"},\"image\":{\"@id\":\"https:\\\/\\\/www.people-abroad.de\\\/blog\\\/montenegro-wandern\\\/#primaryimage\"},\"thumbnailUrl\":\"https:\\\/\\\/www.people-abroad.de\\\/blog\\\/wp-content\\\/uploads\\\/2025\\\/10\\\/montenegro-wandern-42-1024x683.jpeg\",\"datePublished\":\"2025-10-25T05:08:43+00:00\",\"dateModified\":\"2025-10-31T12:23:48+00:00\",\"description\":\"In Montenegro bieten sich Wanderungen an der Adriak\u00fcste, in den Bergen und in Nationalparks an. Tipps f\u00fcr eine Wanderreise nach Montenegro.\",\"breadcrumb\":{\"@id\":\"https:\\\/\\\/www.people-abroad.de\\\/blog\\\/montenegro-wandern\\\/#breadcrumb\"},\"inLanguage\":\"de\",\"potentialAction\":[{\"@type\":\"ReadAction\",\"target\":[\"https:\\\/\\\/www.people-abroad.de\\\/blog\\\/montenegro-wandern\\\/\"]}]},{\"@type\":\"ImageObject\",\"inLanguage\":\"de\",\"@id\":\"https:\\\/\\\/www.people-abroad.de\\\/blog\\\/montenegro-wandern\\\/#primaryimage\",\"url\":\"https:\\\/\\\/www.people-abroad.de\\\/blog\\\/wp-content\\\/uploads\\\/2025\\\/10\\\/montenegro-wandern-42.jpeg\",\"contentUrl\":\"https:\\\/\\\/www.people-abroad.de\\\/blog\\\/wp-content\\\/uploads\\\/2025\\\/10\\\/montenegro-wandern-42.jpeg\",\"width\":1200,\"height\":800},{\"@type\":\"BreadcrumbList\",\"@id\":\"https:\\\/\\\/www.people-abroad.de\\\/blog\\\/montenegro-wandern\\\/#breadcrumb\",\"itemListElement\":[{\"@type\":\"ListItem\",\"position\":1,\"name\":\"Startseite\",\"item\":\"https:\\\/\\\/www.people-abroad.de\\\/blog\\\/\"},{\"@type\":\"ListItem\",\"position\":2,\"name\":\"Montenegro: Wanderungen mit Adriak\u00fcste und Bergen\"}]},{\"@type\":\"WebSite\",\"@id\":\"https:\\\/\\\/www.people-abroad.de\\\/blog\\\/#website\",\"url\":\"https:\\\/\\\/www.people-abroad.de\\\/blog\\\/\",\"name\":\"People Abroad\",\"description\":\"Reiseblog\",\"publisher\":{\"@id\":\"https:\\\/\\\/www.people-abroad.de\\\/blog\\\/#\\\/schema\\\/person\\\/2a518a154d93ee6cf0b146bc327329b3\"},\"potentialAction\":[{\"@type\":\"SearchAction\",\"target\":{\"@type\":\"EntryPoint\",\"urlTemplate\":\"https:\\\/\\\/www.people-abroad.de\\\/blog\\\/?s={search_term_string}\"},\"query-input\":{\"@type\":\"PropertyValueSpecification\",\"valueRequired\":true,\"valueName\":\"search_term_string\"}}],\"inLanguage\":\"de\"},{\"@type\":[\"Person\",\"Organization\"],\"@id\":\"https:\\\/\\\/www.people-abroad.de\\\/blog\\\/#\\\/schema\\\/person\\\/2a518a154d93ee6cf0b146bc327329b3\",\"name\":\"Heiko M\u00fcller\",\"logo\":{\"@id\":\"https:\\\/\\\/www.people-abroad.de\\\/blog\\\/#\\\/schema\\\/person\\\/image\\\/\"},\"description\":\"Ich bin Reiseblogger, Content Creator und Redakteur. Auf Reisen erkunde ich gerne neue Regionen, St\u00e4dte und Orte beim Fotografieren, Wandern und Radfahren. F\u00fcr weitere Reisetipps folge mir auf Instagram, Facebook &amp; Co. Mehr Infos zum Blog findest du hier: https:\\\/\\\/www.people-abroad.de\\\/blog\\\/pr-media\\\/. Kontakt: h.mueller@people-abroad.de\",\"sameAs\":[\"https:\\\/\\\/www.people-abroad.de\\\/blog\\\/\",\"https:\\\/\\\/www.facebook.com\\\/menschen.international\\\/\",\"https:\\\/\\\/www.instagram.com\\\/people.abroad\\\/\",\"https:\\\/\\\/www.linkedin.com\\\/in\\\/muellerheiko\\\/\",\"https:\\\/\\\/www.pinterest.de\\\/peopleabroad\\\/\",\"https:\\\/\\\/x.com\\\/People_Abroad\",\"https:\\\/\\\/www.youtube.com\\\/user\\\/MenschenInt\"],\"url\":\"https:\\\/\\\/www.people-abroad.de\\\/blog\\\/author\\\/admin\\\/\"}]}<\/script>\n<!-- \/ Yoast SEO plugin. -->","yoast_head_json":{"title":"Montenegro: Wanderungen mit Adriak\u00fcste und Bergen - People Abroad","description":"In Montenegro bieten sich Wanderungen an der Adriak\u00fcste, in den Bergen und in Nationalparks an. Tipps f\u00fcr eine Wanderreise nach Montenegro.","robots":{"index":"index","follow":"follow","max-snippet":"max-snippet:-1","max-image-preview":"max-image-preview:large","max-video-preview":"max-video-preview:-1"},"canonical":"https:\/\/www.people-abroad.de\/blog\/montenegro-wandern\/","og_locale":"de_DE","og_type":"article","og_title":"Montenegro: Wanderungen mit Adriak\u00fcste und Bergen - People Abroad","og_description":"In Montenegro bieten sich Wanderungen an der Adriak\u00fcste, in den Bergen und in Nationalparks an. Tipps f\u00fcr eine Wanderreise nach Montenegro.","og_url":"https:\/\/www.people-abroad.de\/blog\/montenegro-wandern\/","og_site_name":"People Abroad","article_publisher":"https:\/\/www.facebook.com\/menschen.international\/","article_author":"https:\/\/www.facebook.com\/menschen.international\/","article_published_time":"2025-10-25T05:08:43+00:00","article_modified_time":"2025-10-31T12:23:48+00:00","og_image":[{"width":1200,"height":800,"url":"https:\/\/www.people-abroad.de\/blog\/wp-content\/uploads\/2025\/10\/montenegro-wandern-42.jpeg","type":"image\/jpeg"}],"author":"Heiko M\u00fcller","twitter_card":"summary_large_image","twitter_creator":"@People_Abroad","twitter_site":"@People_Abroad","twitter_misc":{"Verfasst von":"Heiko M\u00fcller","Gesch\u00e4tzte Lesezeit":"26\u00a0Minuten"},"schema":{"@context":"https:\/\/schema.org","@graph":[{"@type":"Article","@id":"https:\/\/www.people-abroad.de\/blog\/montenegro-wandern\/#article","isPartOf":{"@id":"https:\/\/www.people-abroad.de\/blog\/montenegro-wandern\/"},"author":{"name":"Heiko M\u00fcller","@id":"https:\/\/www.people-abroad.de\/blog\/#\/schema\/person\/2a518a154d93ee6cf0b146bc327329b3"},"headline":"Montenegro: Wanderungen mit Adriak\u00fcste und Bergen","datePublished":"2025-10-25T05:08:43+00:00","dateModified":"2025-10-31T12:23:48+00:00","mainEntityOfPage":{"@id":"https:\/\/www.people-abroad.de\/blog\/montenegro-wandern\/"},"wordCount":3340,"commentCount":0,"publisher":{"@id":"https:\/\/www.people-abroad.de\/blog\/#\/schema\/person\/2a518a154d93ee6cf0b146bc327329b3"},"image":{"@id":"https:\/\/www.people-abroad.de\/blog\/montenegro-wandern\/#primaryimage"},"thumbnailUrl":"https:\/\/www.people-abroad.de\/blog\/wp-content\/uploads\/2025\/10\/montenegro-wandern-42-1024x683.jpeg","keywords":["Adria","Balkan","Mittelmeer"],"articleSection":["Europa","Outdoor","Wandern"],"inLanguage":"de","potentialAction":[{"@type":"CommentAction","name":"Comment","target":["https:\/\/www.people-abroad.de\/blog\/montenegro-wandern\/#respond"]}]},{"@type":"WebPage","@id":"https:\/\/www.people-abroad.de\/blog\/montenegro-wandern\/","url":"https:\/\/www.people-abroad.de\/blog\/montenegro-wandern\/","name":"Montenegro: Wanderungen mit Adriak\u00fcste und Bergen - People Abroad","isPartOf":{"@id":"https:\/\/www.people-abroad.de\/blog\/#website"},"primaryImageOfPage":{"@id":"https:\/\/www.people-abroad.de\/blog\/montenegro-wandern\/#primaryimage"},"image":{"@id":"https:\/\/www.people-abroad.de\/blog\/montenegro-wandern\/#primaryimage"},"thumbnailUrl":"https:\/\/www.people-abroad.de\/blog\/wp-content\/uploads\/2025\/10\/montenegro-wandern-42-1024x683.jpeg","datePublished":"2025-10-25T05:08:43+00:00","dateModified":"2025-10-31T12:23:48+00:00","description":"In Montenegro bieten sich Wanderungen an der Adriak\u00fcste, in den Bergen und in Nationalparks an. Tipps f\u00fcr eine Wanderreise nach Montenegro.","breadcrumb":{"@id":"https:\/\/www.people-abroad.de\/blog\/montenegro-wandern\/#breadcrumb"},"inLanguage":"de","potentialAction":[{"@type":"ReadAction","target":["https:\/\/www.people-abroad.de\/blog\/montenegro-wandern\/"]}]},{"@type":"ImageObject","inLanguage":"de","@id":"https:\/\/www.people-abroad.de\/blog\/montenegro-wandern\/#primaryimage","url":"https:\/\/www.people-abroad.de\/blog\/wp-content\/uploads\/2025\/10\/montenegro-wandern-42.jpeg","contentUrl":"https:\/\/www.people-abroad.de\/blog\/wp-content\/uploads\/2025\/10\/montenegro-wandern-42.jpeg","width":1200,"height":800},{"@type":"BreadcrumbList","@id":"https:\/\/www.people-abroad.de\/blog\/montenegro-wandern\/#breadcrumb","itemListElement":[{"@type":"ListItem","position":1,"name":"Startseite","item":"https:\/\/www.people-abroad.de\/blog\/"},{"@type":"ListItem","position":2,"name":"Montenegro: Wanderungen mit Adriak\u00fcste und Bergen"}]},{"@type":"WebSite","@id":"https:\/\/www.people-abroad.de\/blog\/#website","url":"https:\/\/www.people-abroad.de\/blog\/","name":"People Abroad","description":"Reiseblog","publisher":{"@id":"https:\/\/www.people-abroad.de\/blog\/#\/schema\/person\/2a518a154d93ee6cf0b146bc327329b3"},"potentialAction":[{"@type":"SearchAction","target":{"@type":"EntryPoint","urlTemplate":"https:\/\/www.people-abroad.de\/blog\/?s={search_term_string}"},"query-input":{"@type":"PropertyValueSpecification","valueRequired":true,"valueName":"search_term_string"}}],"inLanguage":"de"},{"@type":["Person","Organization"],"@id":"https:\/\/www.people-abroad.de\/blog\/#\/schema\/person\/2a518a154d93ee6cf0b146bc327329b3","name":"Heiko M\u00fcller","logo":{"@id":"https:\/\/www.people-abroad.de\/blog\/#\/schema\/person\/image\/"},"description":"Ich bin Reiseblogger, Content Creator und Redakteur. Auf Reisen erkunde ich gerne neue Regionen, St\u00e4dte und Orte beim Fotografieren, Wandern und Radfahren. F\u00fcr weitere Reisetipps folge mir auf Instagram, Facebook &amp; Co. Mehr Infos zum Blog findest du hier: https:\/\/www.people-abroad.de\/blog\/pr-media\/. Kontakt: h.mueller@people-abroad.de","sameAs":["https:\/\/www.people-abroad.de\/blog\/","https:\/\/www.facebook.com\/menschen.international\/","https:\/\/www.instagram.com\/people.abroad\/","https:\/\/www.linkedin.com\/in\/muellerheiko\/","https:\/\/www.pinterest.de\/peopleabroad\/","https:\/\/x.com\/People_Abroad","https:\/\/www.youtube.com\/user\/MenschenInt"],"url":"https:\/\/www.people-abroad.de\/blog\/author\/admin\/"}]}},"_links":{"self":[{"href":"https:\/\/www.people-abroad.de\/blog\/wp-json\/wp\/v2\/posts\/37509","targetHints":{"allow":["GET"]}}],"collection":[{"href":"https:\/\/www.people-abroad.de\/blog\/wp-json\/wp\/v2\/posts"}],"about":[{"href":"https:\/\/www.people-abroad.de\/blog\/wp-json\/wp\/v2\/types\/post"}],"author":[{"embeddable":true,"href":"https:\/\/www.people-abroad.de\/blog\/wp-json\/wp\/v2\/users\/1"}],"replies":[{"embeddable":true,"href":"https:\/\/www.people-abroad.de\/blog\/wp-json\/wp\/v2\/comments?post=37509"}],"version-history":[{"count":3,"href":"https:\/\/www.people-abroad.de\/blog\/wp-json\/wp\/v2\/posts\/37509\/revisions"}],"predecessor-version":[{"id":37625,"href":"https:\/\/www.people-abroad.de\/blog\/wp-json\/wp\/v2\/posts\/37509\/revisions\/37625"}],"wp:attachment":[{"href":"https:\/\/www.people-abroad.de\/blog\/wp-json\/wp\/v2\/media?parent=37509"}],"wp:term":[{"taxonomy":"category","embeddable":true,"href":"https:\/\/www.people-abroad.de\/blog\/wp-json\/wp\/v2\/categories?post=37509"},{"taxonomy":"post_tag","embeddable":true,"href":"https:\/\/www.people-abroad.de\/blog\/wp-json\/wp\/v2\/tags?post=37509"}],"curies":[{"name":"wp","href":"https:\/\/api.w.org\/{rel}","templated":true}]}}