{"id":36414,"date":"2025-05-10T07:00:16","date_gmt":"2025-05-10T05:00:16","guid":{"rendered":"https:\/\/www.people-abroad.de\/blog\/?p=36414"},"modified":"2025-05-10T08:27:45","modified_gmt":"2025-05-10T06:27:45","slug":"dolce-via-radfahren-ardeche","status":"publish","type":"post","link":"https:\/\/www.people-abroad.de\/blog\/dolce-via-radfahren-ardeche\/","title":{"rendered":"La Dolce Via: Radfahren in der Ard\u00e8che Region"},"content":{"rendered":"<div id=\"ez-toc-container\" class=\"ez-toc-v2_0_82_2 counter-flat ez-toc-counter ez-toc-grey ez-toc-container-direction\">\n<div class=\"ez-toc-title-container\">\n<p class=\"ez-toc-title\" style=\"cursor:inherit\">Inhaltsverzeichnis<\/p>\n<span class=\"ez-toc-title-toggle\"><a href=\"#\" class=\"ez-toc-pull-right ez-toc-btn ez-toc-btn-xs ez-toc-btn-default ez-toc-toggle\" aria-label=\"Toggle Table of Content\"><span class=\"ez-toc-js-icon-con\"><span class=\"\"><span class=\"eztoc-hide\" style=\"display:none;\">Toggle<\/span><span class=\"ez-toc-icon-toggle-span\"><svg style=\"fill: #999;color:#999\" xmlns=\"http:\/\/www.w3.org\/2000\/svg\" class=\"list-377408\" width=\"20px\" height=\"20px\" viewBox=\"0 0 24 24\" fill=\"none\"><path d=\"M6 6H4v2h2V6zm14 0H8v2h12V6zM4 11h2v2H4v-2zm16 0H8v2h12v-2zM4 16h2v2H4v-2zm16 0H8v2h12v-2z\" fill=\"currentColor\"><\/path><\/svg><svg style=\"fill: #999;color:#999\" class=\"arrow-unsorted-368013\" xmlns=\"http:\/\/www.w3.org\/2000\/svg\" width=\"10px\" height=\"10px\" viewBox=\"0 0 24 24\" version=\"1.2\" baseProfile=\"tiny\"><path d=\"M18.2 9.3l-6.2-6.3-6.2 6.3c-.2.2-.3.4-.3.7s.1.5.3.7c.2.2.4.3.7.3h11c.3 0 .5-.1.7-.3.2-.2.3-.5.3-.7s-.1-.5-.3-.7zM5.8 14.7l6.2 6.3 6.2-6.3c.2-.2.3-.5.3-.7s-.1-.5-.3-.7c-.2-.2-.4-.3-.7-.3h-11c-.3 0-.5.1-.7.3-.2.2-.3.5-.3.7s.1.5.3.7z\"\/><\/svg><\/span><\/span><\/span><\/a><\/span><\/div>\n<nav><ul class='ez-toc-list ez-toc-list-level-1 eztoc-toggle-hide-by-default' ><li class='ez-toc-page-1'><a class=\"ez-toc-link ez-toc-heading-1\" href=\"https:\/\/www.people-abroad.de\/blog\/dolce-via-radfahren-ardeche\/#Radfahren_in_der_Ardeche_Region\" >Radfahren in der Ard\u00e8che Region<\/a><\/li><li class='ez-toc-page-1'><a class=\"ez-toc-link ez-toc-heading-2\" href=\"https:\/\/www.people-abroad.de\/blog\/dolce-via-radfahren-ardeche\/#Mit_dem_Rad_auf_der_Bahntrasse\" >Mit dem Rad auf der Bahntrasse<\/a><\/li><li class='ez-toc-page-1'><a class=\"ez-toc-link ez-toc-heading-3\" href=\"https:\/\/www.people-abroad.de\/blog\/dolce-via-radfahren-ardeche\/#La_Gare_Soyons\" >La Gare Soyons<\/a><\/li><li class='ez-toc-page-1'><a class=\"ez-toc-link ez-toc-heading-4\" href=\"https:\/\/www.people-abroad.de\/blog\/dolce-via-radfahren-ardeche\/#Les_Ollieres-sur-Eyrieux\" >Les Olli\u00e8res-sur-Eyrieux<\/a><\/li><li class='ez-toc-page-1'><a class=\"ez-toc-link ez-toc-heading-5\" href=\"https:\/\/www.people-abroad.de\/blog\/dolce-via-radfahren-ardeche\/#Les_Lodges_de_Praly\" >Les Lodges de Praly<\/a><\/li><li class='ez-toc-page-1'><a class=\"ez-toc-link ez-toc-heading-6\" href=\"https:\/\/www.people-abroad.de\/blog\/dolce-via-radfahren-ardeche\/#Le_Cheylard\" >Le Cheylard<\/a><\/li><li class='ez-toc-page-1'><a class=\"ez-toc-link ez-toc-heading-7\" href=\"https:\/\/www.people-abroad.de\/blog\/dolce-via-radfahren-ardeche\/#Hotel_des_Voyageurs\" >Hotel des Voyageurs<\/a><\/li><li class='ez-toc-page-1'><a class=\"ez-toc-link ez-toc-heading-8\" href=\"https:\/\/www.people-abroad.de\/blog\/dolce-via-radfahren-ardeche\/#Saint-Martin-de-Valamas\" >Saint-Martin-de-Valamas<\/a><\/li><li class='ez-toc-page-1'><a class=\"ez-toc-link ez-toc-heading-9\" href=\"https:\/\/www.people-abroad.de\/blog\/dolce-via-radfahren-ardeche\/#Lamastre\" >Lamastre<\/a><\/li><li class='ez-toc-page-1'><a class=\"ez-toc-link ez-toc-heading-10\" href=\"https:\/\/www.people-abroad.de\/blog\/dolce-via-radfahren-ardeche\/#Train_de_lArdeche\" >Train de l&#8217;Ard\u00e8che<\/a><\/li><li class='ez-toc-page-1'><a class=\"ez-toc-link ez-toc-heading-11\" href=\"https:\/\/www.people-abroad.de\/blog\/dolce-via-radfahren-ardeche\/#Tournon-sur-Rhone\" >Tournon-sur-Rh\u00f4ne<\/a><\/li><li class='ez-toc-page-1'><a class=\"ez-toc-link ez-toc-heading-12\" href=\"https:\/\/www.people-abroad.de\/blog\/dolce-via-radfahren-ardeche\/#Le_Pied_du_Geant\" >Le Pied du G\u00e9ant<\/a><\/li><li class='ez-toc-page-1'><a class=\"ez-toc-link ez-toc-heading-13\" href=\"https:\/\/www.people-abroad.de\/blog\/dolce-via-radfahren-ardeche\/#Assemblage_Cave_Fourneaux\" >Assemblage Cave &amp; Fourneaux<\/a><\/li><li class='ez-toc-page-1'><a class=\"ez-toc-link ez-toc-heading-14\" href=\"https:\/\/www.people-abroad.de\/blog\/dolce-via-radfahren-ardeche\/#Meine_Etappen_auf_dem_%E2%80%9EDolce_Via%E2%80%9C_Radweg\" >Meine Etappen auf dem &#8222;Dolce Via&#8220; Radweg<\/a><\/li><li class='ez-toc-page-1'><a class=\"ez-toc-link ez-toc-heading-15\" href=\"https:\/\/www.people-abroad.de\/blog\/dolce-via-radfahren-ardeche\/#Nuetzliche_Adressen_Tipps\" >N\u00fctzliche Adressen &amp; Tipps<\/a><\/li><\/ul><\/nav><\/div>\n<p><a href=\"https:\/\/www.people-abroad.de\/blog\/dolce-via-radfahren-ardeche\/\"><img decoding=\"async\" class=\"alignnone wp-image-36536 size-large\" src=\"https:\/\/www.people-abroad.de\/blog\/wp-content\/uploads\/2025\/05\/dolce-via-radfahren-ardeche-1024x682.jpeg\" alt=\"Radfahren in der Ard\u00e8che Region La Dolce Via \" width=\"1024\" height=\"682\" srcset=\"https:\/\/www.people-abroad.de\/blog\/wp-content\/uploads\/2025\/05\/dolce-via-radfahren-ardeche-1024x682.jpeg 1024w, https:\/\/www.people-abroad.de\/blog\/wp-content\/uploads\/2025\/05\/dolce-via-radfahren-ardeche-300x200.jpeg 300w, https:\/\/www.people-abroad.de\/blog\/wp-content\/uploads\/2025\/05\/dolce-via-radfahren-ardeche-768x511.jpeg 768w, https:\/\/www.people-abroad.de\/blog\/wp-content\/uploads\/2025\/05\/dolce-via-radfahren-ardeche.jpeg 1200w\" sizes=\"(max-width: 1024px) 100vw, 1024px\" \/><\/a><\/p>\n<p>[Werbung] Die Ard\u00e8che Region l\u00e4sst sich perfekt mit dem Rad erkunden, hier bietet sich der landschaftlich vielseitige Radweg \u201eDolce Via\u201c an. Tipps zum Radfahren in der Ard\u00e8che.<!--more--><\/p>\n<p>&nbsp;<\/p>\n<p>Kooperation | Ard\u00e8che Tourisme<\/p>\n<p>Ein wildromantisches Flusstal, schmucke Orte mit M\u00f6glichkeiten zum Einkehren und eine ehemalige Bahntrasse, die parallel zum Fluss Eyrieux verl\u00e4uft. Der \u201eDolce Via\u201c Radweg in der Ard\u00e8che Region im S\u00fcden Frankreichs bietet so ziemlich alles, was man als Radreisender sucht. Eine weitgehend flache Radstrecke, eine gute Beschilderung, Pl\u00e4tze zum Picknicken mit Toiletten, Caf\u00e9s an der Strecke und Unterk\u00fcnfte f\u00fcr Radfahrer. Die erkennt man am gr\u00fcnen \u201eAccueil V\u00e9lo\u201c-Schild, vergleichbar mit \u201eBett+Bike\u201c.<\/p>\n<p>Meine Reise in die Ard\u00e8che Region habe ich mit der Bahn unternommen. Von Mannheim bin ich in rund 8 Stunden bis Valence gefahren. Auf der Bahnreise gab es jeweils einen Umstieg: auf der Hinfahrt in Paris und auf der R\u00fcckfahrt in Stra\u00dfburg. Vor Ort war ich mit einem Kalkhoff E-Bike unterwegs, ein Leihrad von <a href=\"https:\/\/www.stationsbees.com\">Stations Bee&#8217;s<\/a>, einem Anbieter mit rund 30 Leihstationen in Frankreich.<\/p>\n<h2><span class=\"ez-toc-section\" id=\"Radfahren_in_der_Ardeche_Region\"><\/span>Radfahren in der Ard\u00e8che Region<span class=\"ez-toc-section-end\"><\/span><\/h2>\n<p><img decoding=\"async\" class=\"alignnone wp-image-36442 size-large\" src=\"https:\/\/www.people-abroad.de\/blog\/wp-content\/uploads\/2025\/05\/dolce-via-radfahren-ardeche-12-1024x684.jpeg\" alt=\"Radfahren in der Ard\u00e8che Region La Dolce Via \" width=\"1024\" height=\"684\" srcset=\"https:\/\/www.people-abroad.de\/blog\/wp-content\/uploads\/2025\/05\/dolce-via-radfahren-ardeche-12-1024x684.jpeg 1024w, https:\/\/www.people-abroad.de\/blog\/wp-content\/uploads\/2025\/05\/dolce-via-radfahren-ardeche-12-300x200.jpeg 300w, https:\/\/www.people-abroad.de\/blog\/wp-content\/uploads\/2025\/05\/dolce-via-radfahren-ardeche-12-768x513.jpeg 768w, https:\/\/www.people-abroad.de\/blog\/wp-content\/uploads\/2025\/05\/dolce-via-radfahren-ardeche-12.jpeg 1200w\" sizes=\"(max-width: 1024px) 100vw, 1024px\" \/><\/p>\n<p><img decoding=\"async\" class=\"alignnone wp-image-36437 size-large\" src=\"https:\/\/www.people-abroad.de\/blog\/wp-content\/uploads\/2025\/05\/dolce-via-radfahren-ardeche-7-1024x683.jpeg\" alt=\"Radfahren in der Ard\u00e8che Region La Dolce Via \" width=\"1024\" height=\"683\" srcset=\"https:\/\/www.people-abroad.de\/blog\/wp-content\/uploads\/2025\/05\/dolce-via-radfahren-ardeche-7-1024x683.jpeg 1024w, https:\/\/www.people-abroad.de\/blog\/wp-content\/uploads\/2025\/05\/dolce-via-radfahren-ardeche-7-300x200.jpeg 300w, https:\/\/www.people-abroad.de\/blog\/wp-content\/uploads\/2025\/05\/dolce-via-radfahren-ardeche-7-768x512.jpeg 768w, https:\/\/www.people-abroad.de\/blog\/wp-content\/uploads\/2025\/05\/dolce-via-radfahren-ardeche-7.jpeg 1200w\" sizes=\"(max-width: 1024px) 100vw, 1024px\" \/><\/p>\n<p>Der \u201eDolce Via\u201c Radweg verl\u00e4uft auf einer alten Bahntrasse rund 90 km am Fluss Eyrieux entlang durch ein idyllisches Tal. Die Strecke ist komplett autofrei und f\u00fchrt durch eine sch\u00f6ne Naturlandschaft. Unterwegs kommt man durch malerische s\u00fcdfranz\u00f6sische Orte mit schmalen Gassen, kleinen Pl\u00e4tzen und gem\u00fctlichen Caf\u00e9s. Die Infrastruktur, die Radurlauber auf Reisen sch\u00e4tzen, ist hier definitiv vorhanden und macht das Radfahren entlang der Strecke angenehm.<\/p>\n<p><img decoding=\"async\" class=\"alignnone wp-image-36435 size-large\" src=\"https:\/\/www.people-abroad.de\/blog\/wp-content\/uploads\/2025\/05\/dolce-via-radfahren-ardeche-5-1024x683.jpeg\" alt=\"Radfahren in der Ard\u00e8che Region La Dolce Via \" width=\"1024\" height=\"683\" srcset=\"https:\/\/www.people-abroad.de\/blog\/wp-content\/uploads\/2025\/05\/dolce-via-radfahren-ardeche-5-1024x683.jpeg 1024w, https:\/\/www.people-abroad.de\/blog\/wp-content\/uploads\/2025\/05\/dolce-via-radfahren-ardeche-5-300x200.jpeg 300w, https:\/\/www.people-abroad.de\/blog\/wp-content\/uploads\/2025\/05\/dolce-via-radfahren-ardeche-5-768x512.jpeg 768w, https:\/\/www.people-abroad.de\/blog\/wp-content\/uploads\/2025\/05\/dolce-via-radfahren-ardeche-5.jpeg 1200w\" sizes=\"(max-width: 1024px) 100vw, 1024px\" \/><\/p>\n<p><img decoding=\"async\" class=\"alignnone wp-image-36434 size-large\" src=\"https:\/\/www.people-abroad.de\/blog\/wp-content\/uploads\/2025\/05\/dolce-via-radfahren-ardeche-4-1024x682.jpeg\" alt=\"Radfahren in der Ard\u00e8che Region La Dolce Via \" width=\"1024\" height=\"682\" srcset=\"https:\/\/www.people-abroad.de\/blog\/wp-content\/uploads\/2025\/05\/dolce-via-radfahren-ardeche-4-1024x682.jpeg 1024w, https:\/\/www.people-abroad.de\/blog\/wp-content\/uploads\/2025\/05\/dolce-via-radfahren-ardeche-4-300x200.jpeg 300w, https:\/\/www.people-abroad.de\/blog\/wp-content\/uploads\/2025\/05\/dolce-via-radfahren-ardeche-4-768x511.jpeg 768w, https:\/\/www.people-abroad.de\/blog\/wp-content\/uploads\/2025\/05\/dolce-via-radfahren-ardeche-4.jpeg 1200w\" sizes=\"(max-width: 1024px) 100vw, 1024px\" \/><\/p>\n<p>Das D\u00e9partement Ard\u00e8che liegt im S\u00fcdosten Frankreichs in der Region Auvergne-Rh\u00f4ne-Alpes zwischen Lyon und Avignon. Die Region ist l\u00e4ndlich gepr\u00e4gt und viele der ehemaligen Bahnh\u00f6fe auf dem Radweg sind heute Herbergen, Gastro-Betriebe oder private Wohnh\u00e4user. Gestartet bin ich in Soyons, einem kleinen Ort direkt an der Rh\u00f4ne gegen\u00fcber von Valence. Von dort aus fahre ich am westlichen Rh\u00f4ne-Ufer in Richtung S\u00fcden auf dem Radweg &#8222;ViaRh\u00f4na&#8220;.<\/p>\n<h2><span class=\"ez-toc-section\" id=\"Mit_dem_Rad_auf_der_Bahntrasse\"><\/span>Mit dem Rad auf der Bahntrasse<span class=\"ez-toc-section-end\"><\/span><\/h2>\n<p><img decoding=\"async\" class=\"alignnone wp-image-36433 size-large\" src=\"https:\/\/www.people-abroad.de\/blog\/wp-content\/uploads\/2025\/05\/dolce-via-radfahren-ardeche-3-1024x682.jpeg\" alt=\"Radweg Bahntrasse S\u00fcdfrankreich ViaRhona\" width=\"1024\" height=\"682\" srcset=\"https:\/\/www.people-abroad.de\/blog\/wp-content\/uploads\/2025\/05\/dolce-via-radfahren-ardeche-3-1024x682.jpeg 1024w, https:\/\/www.people-abroad.de\/blog\/wp-content\/uploads\/2025\/05\/dolce-via-radfahren-ardeche-3-300x200.jpeg 300w, https:\/\/www.people-abroad.de\/blog\/wp-content\/uploads\/2025\/05\/dolce-via-radfahren-ardeche-3-768x511.jpeg 768w, https:\/\/www.people-abroad.de\/blog\/wp-content\/uploads\/2025\/05\/dolce-via-radfahren-ardeche-3.jpeg 1200w\" sizes=\"(max-width: 1024px) 100vw, 1024px\" \/><\/p>\n<p><img decoding=\"async\" class=\"alignnone wp-image-36440 size-large\" src=\"https:\/\/www.people-abroad.de\/blog\/wp-content\/uploads\/2025\/05\/dolce-via-radfahren-ardeche-10-1024x682.jpeg\" alt=\"S\u00fcdfrankreich ViaRhona Radweg\" width=\"1024\" height=\"682\" srcset=\"https:\/\/www.people-abroad.de\/blog\/wp-content\/uploads\/2025\/05\/dolce-via-radfahren-ardeche-10-1024x682.jpeg 1024w, https:\/\/www.people-abroad.de\/blog\/wp-content\/uploads\/2025\/05\/dolce-via-radfahren-ardeche-10-300x200.jpeg 300w, https:\/\/www.people-abroad.de\/blog\/wp-content\/uploads\/2025\/05\/dolce-via-radfahren-ardeche-10-768x511.jpeg 768w, https:\/\/www.people-abroad.de\/blog\/wp-content\/uploads\/2025\/05\/dolce-via-radfahren-ardeche-10.jpeg 1200w\" sizes=\"(max-width: 1024px) 100vw, 1024px\" \/><\/p>\n<p>S\u00fcdlich von Beauchastel bei La Voulte-sur-Rh\u00f4ne startet der Radweg &#8222;Dolce Via&#8220; in Richtung Westen. Radfahrer, die auf der &#8222;ViaRh\u00f4na&#8220; unterwegs sind, k\u00f6nnen an dieser Stelle einen Abstecher einplanen und den &#8222;Dolce Via&#8220; erkunden. Ich fahre ins Tal des Eyrieux und auf diesem Teil der Strecke verl\u00e4uft der Weg auf der s\u00fcdlichen Seite des Flusses. Der Blick schweift hin\u00fcber auf Beauchastel, danach auf Saint-Laurent-du-Pape und die gr\u00fcnen H\u00fcgel der Region.<\/p>\n<p>Der Radweg schl\u00e4ngelt sich parallel zum Fluss durch das sch\u00f6ne Tal und ich komme an zwei Picknickpl\u00e4tzen vorbei, an denen ich eine kurze Rast einlege, um etwas zu trinken. Mein Gep\u00e4ck habe ich in meinen beiden Ortlieb-Seitentaschen verstaut und meine Kamera befindet sich in der Vaude-Lenkertasche. Die Seitentaschen mit den Tragegurten finde ich auch praktisch bei Bahnreisen und die Lenkertasche passt bequem in eine der beiden Taschen.<\/p>\n<h2><span class=\"ez-toc-section\" id=\"La_Gare_Soyons\"><\/span>La Gare Soyons<span class=\"ez-toc-section-end\"><\/span><\/h2>\n<p><img decoding=\"async\" class=\"alignnone wp-image-36436 size-large\" src=\"https:\/\/www.people-abroad.de\/blog\/wp-content\/uploads\/2025\/05\/dolce-via-radfahren-ardeche-6-1024x684.jpeg\" alt=\"Soyons S\u00fcdfrankreich ViaRhona\" width=\"1024\" height=\"684\" srcset=\"https:\/\/www.people-abroad.de\/blog\/wp-content\/uploads\/2025\/05\/dolce-via-radfahren-ardeche-6-1024x684.jpeg 1024w, https:\/\/www.people-abroad.de\/blog\/wp-content\/uploads\/2025\/05\/dolce-via-radfahren-ardeche-6-300x200.jpeg 300w, https:\/\/www.people-abroad.de\/blog\/wp-content\/uploads\/2025\/05\/dolce-via-radfahren-ardeche-6-768x513.jpeg 768w, https:\/\/www.people-abroad.de\/blog\/wp-content\/uploads\/2025\/05\/dolce-via-radfahren-ardeche-6.jpeg 1200w\" sizes=\"(max-width: 1024px) 100vw, 1024px\" \/><\/p>\n<p><img decoding=\"async\" class=\"alignnone wp-image-36455 size-large\" src=\"https:\/\/www.people-abroad.de\/blog\/wp-content\/uploads\/2025\/05\/dolce-via-radfahren-ardeche-14-1024x682.jpeg\" alt=\"Radurlaub S\u00fcdfrankreich Touren ViaRhona\" width=\"1024\" height=\"682\" srcset=\"https:\/\/www.people-abroad.de\/blog\/wp-content\/uploads\/2025\/05\/dolce-via-radfahren-ardeche-14-1024x682.jpeg 1024w, https:\/\/www.people-abroad.de\/blog\/wp-content\/uploads\/2025\/05\/dolce-via-radfahren-ardeche-14-300x200.jpeg 300w, https:\/\/www.people-abroad.de\/blog\/wp-content\/uploads\/2025\/05\/dolce-via-radfahren-ardeche-14-768x511.jpeg 768w, https:\/\/www.people-abroad.de\/blog\/wp-content\/uploads\/2025\/05\/dolce-via-radfahren-ardeche-14.jpeg 1200w\" sizes=\"(max-width: 1024px) 100vw, 1024px\" \/><\/p>\n<p>F\u00fcr die erste \u00dcbernachtung vor dem Start der Radtour bietet sich \u00fcbrigens das <a href=\"https:\/\/lagaresoyons.fr\">La Gare Soyons<\/a> an. Der ehemalige Bahnhof von Soyons wurde zu einer gem\u00fctlichen und fahrradfreundlichen Herberge mit Restaurant und Bar umgebaut. \u00dcbernachtet wird in Unterk\u00fcnften mit Holzverkleidung, Bad und Klimaanlage, die im Stil von Eisenbahnwagen gebaut sind. F\u00fcr das E-Bike hat man eine eigene Garage mit Ladestation und empfehlenswert ist auch das Restaurant.<\/p>\n<h2><span class=\"ez-toc-section\" id=\"Les_Ollieres-sur-Eyrieux\"><\/span>Les Olli\u00e8res-sur-Eyrieux<span class=\"ez-toc-section-end\"><\/span><\/h2>\n<p><img decoding=\"async\" class=\"alignnone wp-image-36459 size-large\" src=\"https:\/\/www.people-abroad.de\/blog\/wp-content\/uploads\/2025\/05\/dolce-via-radfahren-ardeche-15-1024x683.jpeg\" alt=\"Radfahren in der Ard\u00e8che Region La Dolce Via \" width=\"1024\" height=\"683\" srcset=\"https:\/\/www.people-abroad.de\/blog\/wp-content\/uploads\/2025\/05\/dolce-via-radfahren-ardeche-15-1024x683.jpeg 1024w, https:\/\/www.people-abroad.de\/blog\/wp-content\/uploads\/2025\/05\/dolce-via-radfahren-ardeche-15-300x200.jpeg 300w, https:\/\/www.people-abroad.de\/blog\/wp-content\/uploads\/2025\/05\/dolce-via-radfahren-ardeche-15-768x512.jpeg 768w, https:\/\/www.people-abroad.de\/blog\/wp-content\/uploads\/2025\/05\/dolce-via-radfahren-ardeche-15.jpeg 1200w\" sizes=\"(max-width: 1024px) 100vw, 1024px\" \/><\/p>\n<p><img decoding=\"async\" class=\"alignnone wp-image-36460 size-large\" src=\"https:\/\/www.people-abroad.de\/blog\/wp-content\/uploads\/2025\/05\/dolce-via-radfahren-ardeche-16-1024x682.jpeg\" alt=\"Radfahren in der Ard\u00e8che Region La Dolce Via \" width=\"1024\" height=\"682\" srcset=\"https:\/\/www.people-abroad.de\/blog\/wp-content\/uploads\/2025\/05\/dolce-via-radfahren-ardeche-16-1024x682.jpeg 1024w, https:\/\/www.people-abroad.de\/blog\/wp-content\/uploads\/2025\/05\/dolce-via-radfahren-ardeche-16-300x200.jpeg 300w, https:\/\/www.people-abroad.de\/blog\/wp-content\/uploads\/2025\/05\/dolce-via-radfahren-ardeche-16-768x511.jpeg 768w, https:\/\/www.people-abroad.de\/blog\/wp-content\/uploads\/2025\/05\/dolce-via-radfahren-ardeche-16.jpeg 1200w\" sizes=\"(max-width: 1024px) 100vw, 1024px\" \/><\/p>\n<p>Les Olli\u00e8res-sur-Eyrieux ist wundersch\u00f6n, die beschauliche Gemeinde schmiegt sich zwischen die H\u00fcgel der Umgebung und wird vom Eyrieux durchzogen. Im Ort gibt es Unterk\u00fcnfte, Restaurants, Campingpl\u00e4tze und man kann sich E-Bikes, Kanus und Kajaks ausleihen. Abends treffen sich die Einheimischen am ehemaligen Bahnhof im Ortskern zum Boule-Spielen. Les Olli\u00e8res-sur-Eyrieux ist bei Urlaubern aus Frankreich beliebt und bietet dementsprechend eine gute Infrastruktur.<\/p>\n<p><img decoding=\"async\" class=\"alignnone wp-image-36438 size-large\" src=\"https:\/\/www.people-abroad.de\/blog\/wp-content\/uploads\/2025\/05\/dolce-via-radfahren-ardeche-8-1024x682.jpeg\" alt=\"Radfahren in der Ard\u00e8che Region La Dolce Via \" width=\"1024\" height=\"682\" srcset=\"https:\/\/www.people-abroad.de\/blog\/wp-content\/uploads\/2025\/05\/dolce-via-radfahren-ardeche-8-1024x682.jpeg 1024w, https:\/\/www.people-abroad.de\/blog\/wp-content\/uploads\/2025\/05\/dolce-via-radfahren-ardeche-8-300x200.jpeg 300w, https:\/\/www.people-abroad.de\/blog\/wp-content\/uploads\/2025\/05\/dolce-via-radfahren-ardeche-8-768x511.jpeg 768w, https:\/\/www.people-abroad.de\/blog\/wp-content\/uploads\/2025\/05\/dolce-via-radfahren-ardeche-8.jpeg 1200w\" sizes=\"(max-width: 1024px) 100vw, 1024px\" \/><\/p>\n<p><img decoding=\"async\" class=\"alignnone wp-image-36432 size-large\" src=\"https:\/\/www.people-abroad.de\/blog\/wp-content\/uploads\/2025\/05\/dolce-via-radfahren-ardeche-2-1024x682.jpeg\" alt=\"Radfahren in der Ard\u00e8che Region La Dolce Via \" width=\"1024\" height=\"682\" srcset=\"https:\/\/www.people-abroad.de\/blog\/wp-content\/uploads\/2025\/05\/dolce-via-radfahren-ardeche-2-1024x682.jpeg 1024w, https:\/\/www.people-abroad.de\/blog\/wp-content\/uploads\/2025\/05\/dolce-via-radfahren-ardeche-2-300x200.jpeg 300w, https:\/\/www.people-abroad.de\/blog\/wp-content\/uploads\/2025\/05\/dolce-via-radfahren-ardeche-2-768x511.jpeg 768w, https:\/\/www.people-abroad.de\/blog\/wp-content\/uploads\/2025\/05\/dolce-via-radfahren-ardeche-2.jpeg 1200w\" sizes=\"(max-width: 1024px) 100vw, 1024px\" \/><\/p>\n<p>Bei einem Besuch der Gemeinde sollte man unbedingt auf die Aussichtsplattform &#8222;Belv\u00e9d\u00e8re de l&#8217;Eyrieux&#8220;. Sie befindet sich knapp 5 km n\u00f6rdlich des Ortes an der Landstra\u00dfe D2 kurz vor Saint-Michel-de-Chabrillanoux. Von oben hat man einen spektakul\u00e4ren Ausblick in das Tal und auf die bewaldeten H\u00fcgel der Region. Mit dem E-Bike lassen sich die Steigungen hinauf sehr gut bew\u00e4ltigen, die Stra\u00dfe ist allerdings kurvenreich und relativ schmal.<\/p>\n<h2><span class=\"ez-toc-section\" id=\"Les_Lodges_de_Praly\"><\/span>Les Lodges de Praly<span class=\"ez-toc-section-end\"><\/span><\/h2>\n<p><img decoding=\"async\" class=\"alignnone wp-image-36441 size-large\" src=\"https:\/\/www.people-abroad.de\/blog\/wp-content\/uploads\/2025\/05\/dolce-via-radfahren-ardeche-11-1024x682.jpeg\" alt=\"Les Lodges de Praly\" width=\"1024\" height=\"682\" srcset=\"https:\/\/www.people-abroad.de\/blog\/wp-content\/uploads\/2025\/05\/dolce-via-radfahren-ardeche-11-1024x682.jpeg 1024w, https:\/\/www.people-abroad.de\/blog\/wp-content\/uploads\/2025\/05\/dolce-via-radfahren-ardeche-11-300x200.jpeg 300w, https:\/\/www.people-abroad.de\/blog\/wp-content\/uploads\/2025\/05\/dolce-via-radfahren-ardeche-11-768x511.jpeg 768w, https:\/\/www.people-abroad.de\/blog\/wp-content\/uploads\/2025\/05\/dolce-via-radfahren-ardeche-11.jpeg 1200w\" sizes=\"(max-width: 1024px) 100vw, 1024px\" \/><\/p>\n<p><img decoding=\"async\" class=\"alignnone wp-image-36439 size-large\" src=\"https:\/\/www.people-abroad.de\/blog\/wp-content\/uploads\/2025\/05\/dolce-via-radfahren-ardeche-9-1024x683.jpeg\" alt=\"Les Lodges de Praly\" width=\"1024\" height=\"683\" srcset=\"https:\/\/www.people-abroad.de\/blog\/wp-content\/uploads\/2025\/05\/dolce-via-radfahren-ardeche-9-1024x683.jpeg 1024w, https:\/\/www.people-abroad.de\/blog\/wp-content\/uploads\/2025\/05\/dolce-via-radfahren-ardeche-9-300x200.jpeg 300w, https:\/\/www.people-abroad.de\/blog\/wp-content\/uploads\/2025\/05\/dolce-via-radfahren-ardeche-9-768x512.jpeg 768w, https:\/\/www.people-abroad.de\/blog\/wp-content\/uploads\/2025\/05\/dolce-via-radfahren-ardeche-9.jpeg 1200w\" sizes=\"(max-width: 1024px) 100vw, 1024px\" \/><\/p>\n<p>\u00dcbernachtet habe ich im <a href=\"https:\/\/www.leslodgesdepraly.fr\">Les Lodges de Praly<\/a> in Les Olli\u00e8res-sur-Eyrieux. Die familiengef\u00fchrte Herberge bietet 4 verschiedene Lodges in einem herrlichen Garten mit Swimmingpool. Ich habe in der Lodge &#8222;L&#8217;Escale&#8220; mit Bad, K\u00fcchenzeile und Veranda \u00fcbernachtet. &#8222;Bed &amp; Bicycle&#8220; nennen Laurine und Victor das Konzept ihrer gem\u00fctlichen Herberge. Abends gibt es verschiedene regionale K\u00e4sesorten und vegetarische Pizza, morgens ein feines Fr\u00fchst\u00fcck &#8211; jeweils auf die eigene Veranda serviert.<\/p>\n<p><img decoding=\"async\" class=\"alignnone wp-image-36469 size-large\" src=\"https:\/\/www.people-abroad.de\/blog\/wp-content\/uploads\/2025\/05\/dolce-via-radfahren-ardeche-23-1024x682.jpeg\" alt=\"Radfahren in der Ard\u00e8che Region La Dolce Via \" width=\"1024\" height=\"682\" srcset=\"https:\/\/www.people-abroad.de\/blog\/wp-content\/uploads\/2025\/05\/dolce-via-radfahren-ardeche-23-1024x682.jpeg 1024w, https:\/\/www.people-abroad.de\/blog\/wp-content\/uploads\/2025\/05\/dolce-via-radfahren-ardeche-23-300x200.jpeg 300w, https:\/\/www.people-abroad.de\/blog\/wp-content\/uploads\/2025\/05\/dolce-via-radfahren-ardeche-23-768x511.jpeg 768w, https:\/\/www.people-abroad.de\/blog\/wp-content\/uploads\/2025\/05\/dolce-via-radfahren-ardeche-23.jpeg 1200w\" sizes=\"(max-width: 1024px) 100vw, 1024px\" \/><\/p>\n<p><img decoding=\"async\" class=\"alignnone wp-image-36463 size-large\" src=\"https:\/\/www.people-abroad.de\/blog\/wp-content\/uploads\/2025\/05\/dolce-via-radfahren-ardeche-17-1024x682.jpeg\" alt=\"Radtour S\u00fcdfrankreich Tipps Fluss\" width=\"1024\" height=\"682\" srcset=\"https:\/\/www.people-abroad.de\/blog\/wp-content\/uploads\/2025\/05\/dolce-via-radfahren-ardeche-17-1024x682.jpeg 1024w, https:\/\/www.people-abroad.de\/blog\/wp-content\/uploads\/2025\/05\/dolce-via-radfahren-ardeche-17-300x200.jpeg 300w, https:\/\/www.people-abroad.de\/blog\/wp-content\/uploads\/2025\/05\/dolce-via-radfahren-ardeche-17-768x511.jpeg 768w, https:\/\/www.people-abroad.de\/blog\/wp-content\/uploads\/2025\/05\/dolce-via-radfahren-ardeche-17.jpeg 1200w\" sizes=\"(max-width: 1024px) 100vw, 1024px\" \/><\/p>\n<p>Am n\u00e4chsten Morgen rolle ich mit dem Rad weiter in Richtung Nordwesten. Kurz hinter dem Imbiss &#8222;L&#8217;Assiette du Jardin&#8220; gibt es den Kletterpark Aquarock Aventure, dort spannen sich H\u00e4ngebr\u00fccken und Seilkonstruktionen \u00fcber den Fluss und man kann an den gegen\u00fcberliegenden Felsen klettern. Ich lasse den Kletterpark allerdings aus und fahre weiter auf dem Radweg. Ein St\u00fcck weiter kann man im Eiscaf\u00e9 mit Terrasse &#8222;Glacier Terre ad\u00e9lice Le Moulinon&#8220; einkehren.<\/p>\n<p><img decoding=\"async\" class=\"alignnone wp-image-36466 size-large\" src=\"https:\/\/www.people-abroad.de\/blog\/wp-content\/uploads\/2025\/05\/dolce-via-radfahren-ardeche-20-1024x682.jpeg\" alt=\"Radweg ViaRhona S\u00fcdfrankreich Tipps\" width=\"1024\" height=\"682\" srcset=\"https:\/\/www.people-abroad.de\/blog\/wp-content\/uploads\/2025\/05\/dolce-via-radfahren-ardeche-20-1024x682.jpeg 1024w, https:\/\/www.people-abroad.de\/blog\/wp-content\/uploads\/2025\/05\/dolce-via-radfahren-ardeche-20-300x200.jpeg 300w, https:\/\/www.people-abroad.de\/blog\/wp-content\/uploads\/2025\/05\/dolce-via-radfahren-ardeche-20-768x511.jpeg 768w, https:\/\/www.people-abroad.de\/blog\/wp-content\/uploads\/2025\/05\/dolce-via-radfahren-ardeche-20.jpeg 1200w\" sizes=\"(max-width: 1024px) 100vw, 1024px\" \/><\/p>\n<p><img decoding=\"async\" class=\"alignnone wp-image-36464 size-large\" src=\"https:\/\/www.people-abroad.de\/blog\/wp-content\/uploads\/2025\/05\/dolce-via-radfahren-ardeche-18-1024x682.jpeg\" alt=\"Radfahren in der Ard\u00e8che Region La Dolce Via \" width=\"1024\" height=\"682\" srcset=\"https:\/\/www.people-abroad.de\/blog\/wp-content\/uploads\/2025\/05\/dolce-via-radfahren-ardeche-18-1024x682.jpeg 1024w, https:\/\/www.people-abroad.de\/blog\/wp-content\/uploads\/2025\/05\/dolce-via-radfahren-ardeche-18-300x200.jpeg 300w, https:\/\/www.people-abroad.de\/blog\/wp-content\/uploads\/2025\/05\/dolce-via-radfahren-ardeche-18-768x511.jpeg 768w, https:\/\/www.people-abroad.de\/blog\/wp-content\/uploads\/2025\/05\/dolce-via-radfahren-ardeche-18.jpeg 1200w\" sizes=\"(max-width: 1024px) 100vw, 1024px\" \/><\/p>\n<p>Das Flusstal wird im Verlauf der Radstrecke schmaler und zunehmend wilder bzw. das Wasser des Eyrieux von immer h\u00f6heren Felsen ums\u00e4umt. Spannend, wie sich die Landschaft w\u00e4hrend der Fahrt ver\u00e4ndert. Das sorgt f\u00fcr Abwechslung auf der Strecke und es wird definitiv nicht langweilig. Beim Radeln schaue ich immer wieder auf das pl\u00e4tschernde Wasser, die Felsen im Flussbett und auf das gegen\u00fcberliegende Ufer mit seinen H\u00e4ngen und Terrassen.<\/p>\n<p><img decoding=\"async\" class=\"alignnone wp-image-36468 size-large\" src=\"https:\/\/www.people-abroad.de\/blog\/wp-content\/uploads\/2025\/05\/dolce-via-radfahren-ardeche-22-1024x682.jpeg\" alt=\"Bahnhof Bahntrasse S\u00fcdfrankreich\" width=\"1024\" height=\"682\" srcset=\"https:\/\/www.people-abroad.de\/blog\/wp-content\/uploads\/2025\/05\/dolce-via-radfahren-ardeche-22-1024x682.jpeg 1024w, https:\/\/www.people-abroad.de\/blog\/wp-content\/uploads\/2025\/05\/dolce-via-radfahren-ardeche-22-300x200.jpeg 300w, https:\/\/www.people-abroad.de\/blog\/wp-content\/uploads\/2025\/05\/dolce-via-radfahren-ardeche-22-768x511.jpeg 768w, https:\/\/www.people-abroad.de\/blog\/wp-content\/uploads\/2025\/05\/dolce-via-radfahren-ardeche-22.jpeg 1200w\" sizes=\"(max-width: 1024px) 100vw, 1024px\" \/><\/p>\n<p><img decoding=\"async\" class=\"alignnone wp-image-36467 size-large\" src=\"https:\/\/www.people-abroad.de\/blog\/wp-content\/uploads\/2025\/05\/dolce-via-radfahren-ardeche-21-1024x682.jpeg\" alt=\"Radurlaub Radtour Frankreich \" width=\"1024\" height=\"682\" srcset=\"https:\/\/www.people-abroad.de\/blog\/wp-content\/uploads\/2025\/05\/dolce-via-radfahren-ardeche-21-1024x682.jpeg 1024w, https:\/\/www.people-abroad.de\/blog\/wp-content\/uploads\/2025\/05\/dolce-via-radfahren-ardeche-21-300x200.jpeg 300w, https:\/\/www.people-abroad.de\/blog\/wp-content\/uploads\/2025\/05\/dolce-via-radfahren-ardeche-21-768x511.jpeg 768w, https:\/\/www.people-abroad.de\/blog\/wp-content\/uploads\/2025\/05\/dolce-via-radfahren-ardeche-21.jpeg 1200w\" sizes=\"(max-width: 1024px) 100vw, 1024px\" \/><\/p>\n<p>F\u00fcr den nachfolgenden Abschnitt empfehle ich zwei Haltepunkte: im ehemaligen Bahnhof in Chalencon gibt es das Caf\u00e9 &#8222;Le Quai des Haltes&#8220;, da l\u00e4sst sich gut einkehren. Eine kleine Auswahl an Gerichten, Snacks und Getr\u00e4nken lohnen den Halt. Zudem wurde der ehemalige Bahnhof in Le Cheylard zur Radstation umgebaut. Hier kann man sein E-Bike aufladen, Luft aufpumpen und findet ein Reparier-Set, eine \u00fcberdachte Sitzgelegenheit und eine Toilette. Ein Radfahrer-Traum!<\/p>\n<p><img decoding=\"async\" class=\"alignnone wp-image-36465 size-large\" src=\"https:\/\/www.people-abroad.de\/blog\/wp-content\/uploads\/2025\/05\/dolce-via-radfahren-ardeche-19-1024x682.jpeg\" alt=\"Radfahren in der Ard\u00e8che Region La Dolce Via \" width=\"1024\" height=\"682\" srcset=\"https:\/\/www.people-abroad.de\/blog\/wp-content\/uploads\/2025\/05\/dolce-via-radfahren-ardeche-19-1024x682.jpeg 1024w, https:\/\/www.people-abroad.de\/blog\/wp-content\/uploads\/2025\/05\/dolce-via-radfahren-ardeche-19-300x200.jpeg 300w, https:\/\/www.people-abroad.de\/blog\/wp-content\/uploads\/2025\/05\/dolce-via-radfahren-ardeche-19-768x511.jpeg 768w, https:\/\/www.people-abroad.de\/blog\/wp-content\/uploads\/2025\/05\/dolce-via-radfahren-ardeche-19.jpeg 1200w\" sizes=\"(max-width: 1024px) 100vw, 1024px\" \/><\/p>\n<p><img decoding=\"async\" class=\"alignnone wp-image-36477 size-large\" src=\"https:\/\/www.people-abroad.de\/blog\/wp-content\/uploads\/2025\/05\/dolce-via-radfahren-ardeche-25-1024x682.jpeg\" alt=\"Radfahren in der Ard\u00e8che Region La Dolce Via \" width=\"1024\" height=\"682\" srcset=\"https:\/\/www.people-abroad.de\/blog\/wp-content\/uploads\/2025\/05\/dolce-via-radfahren-ardeche-25-1024x682.jpeg 1024w, https:\/\/www.people-abroad.de\/blog\/wp-content\/uploads\/2025\/05\/dolce-via-radfahren-ardeche-25-300x200.jpeg 300w, https:\/\/www.people-abroad.de\/blog\/wp-content\/uploads\/2025\/05\/dolce-via-radfahren-ardeche-25-768x511.jpeg 768w, https:\/\/www.people-abroad.de\/blog\/wp-content\/uploads\/2025\/05\/dolce-via-radfahren-ardeche-25.jpeg 1200w\" sizes=\"(max-width: 1024px) 100vw, 1024px\" \/><\/p>\n<p>Die Strecke bis zu meinem Etappenziel Le Cheylard ist kurzweilig und abwechslungsreich. Zwischendrin mache ich eine Pause, trinke etwas, knabbere einen M\u00fcsliriegel, schaue auf den Luftdruck der Reifen und den Akku-Stand des Motors. Da der Radweg flach ist, fahre ich oft ohne elektrischen Antrieb, schalte nur ab und an mal in den Eco-Modus. Sch\u00f6n ist \u00fcbrigens der Stausee kurz vor Le Cheylard mit der Staumauer, \u00fcber die das Wasser rauscht.<\/p>\n<h2><span class=\"ez-toc-section\" id=\"Le_Cheylard\"><\/span>Le Cheylard<span class=\"ez-toc-section-end\"><\/span><\/h2>\n<p><img decoding=\"async\" class=\"alignnone wp-image-36476 size-large\" src=\"https:\/\/www.people-abroad.de\/blog\/wp-content\/uploads\/2025\/05\/dolce-via-radfahren-ardeche-24-1024x682.jpeg\" alt=\"Le Cheylard S\u00fcdfrankreich\" width=\"1024\" height=\"682\" srcset=\"https:\/\/www.people-abroad.de\/blog\/wp-content\/uploads\/2025\/05\/dolce-via-radfahren-ardeche-24-1024x682.jpeg 1024w, https:\/\/www.people-abroad.de\/blog\/wp-content\/uploads\/2025\/05\/dolce-via-radfahren-ardeche-24-300x200.jpeg 300w, https:\/\/www.people-abroad.de\/blog\/wp-content\/uploads\/2025\/05\/dolce-via-radfahren-ardeche-24-768x511.jpeg 768w, https:\/\/www.people-abroad.de\/blog\/wp-content\/uploads\/2025\/05\/dolce-via-radfahren-ardeche-24.jpeg 1200w\" sizes=\"(max-width: 1024px) 100vw, 1024px\" \/><\/p>\n<p><img decoding=\"async\" class=\"alignnone wp-image-36478 size-large\" src=\"https:\/\/www.people-abroad.de\/blog\/wp-content\/uploads\/2025\/05\/dolce-via-radfahren-ardeche-26-1024x682.jpeg\" alt=\"Le Cheylard S\u00fcdfrankreich\" width=\"1024\" height=\"682\" srcset=\"https:\/\/www.people-abroad.de\/blog\/wp-content\/uploads\/2025\/05\/dolce-via-radfahren-ardeche-26-1024x682.jpeg 1024w, https:\/\/www.people-abroad.de\/blog\/wp-content\/uploads\/2025\/05\/dolce-via-radfahren-ardeche-26-300x200.jpeg 300w, https:\/\/www.people-abroad.de\/blog\/wp-content\/uploads\/2025\/05\/dolce-via-radfahren-ardeche-26-768x511.jpeg 768w, https:\/\/www.people-abroad.de\/blog\/wp-content\/uploads\/2025\/05\/dolce-via-radfahren-ardeche-26.jpeg 1200w\" sizes=\"(max-width: 1024px) 100vw, 1024px\" \/><\/p>\n<p>Die charmanten Orte der Region haben es mir tats\u00e4chlich angetan. Hierzu geh\u00f6rt auch das beschauliche Le Cheylard. Schmale Gassen, H\u00e4user mit Steinfassaden und bunten Fensterl\u00e4den aus Holz. Am zentralen Platz mit der Kirche &#8222;\u00c9glise Notre Dame De L&#8217;Assomption&#8220; kehre ich ins &#8222;Le Grande Caf\u00e9&#8220; ein, trinke einen Caf\u00e9 au Lait und bestelle danach einen weiteren. Meine t\u00e4gliche Dosis Kaffee, die ich meist \u00fcber den Tag verteile, ist hiermit nahezu gedeckt.<\/p>\n<h2><span class=\"ez-toc-section\" id=\"Hotel_des_Voyageurs\"><\/span>Hotel des Voyageurs<span class=\"ez-toc-section-end\"><\/span><\/h2>\n<p><img decoding=\"async\" class=\"alignnone wp-image-36479 size-large\" src=\"https:\/\/www.people-abroad.de\/blog\/wp-content\/uploads\/2025\/05\/dolce-via-radfahren-ardeche-27-1024x682.jpeg\" alt=\"Hotel des Voyageurs Le Cheylard \" width=\"1024\" height=\"682\" srcset=\"https:\/\/www.people-abroad.de\/blog\/wp-content\/uploads\/2025\/05\/dolce-via-radfahren-ardeche-27-1024x682.jpeg 1024w, https:\/\/www.people-abroad.de\/blog\/wp-content\/uploads\/2025\/05\/dolce-via-radfahren-ardeche-27-300x200.jpeg 300w, https:\/\/www.people-abroad.de\/blog\/wp-content\/uploads\/2025\/05\/dolce-via-radfahren-ardeche-27-768x511.jpeg 768w, https:\/\/www.people-abroad.de\/blog\/wp-content\/uploads\/2025\/05\/dolce-via-radfahren-ardeche-27.jpeg 1200w\" sizes=\"(max-width: 1024px) 100vw, 1024px\" \/><\/p>\n<p><img decoding=\"async\" class=\"alignnone wp-image-36480 size-large\" src=\"https:\/\/www.people-abroad.de\/blog\/wp-content\/uploads\/2025\/05\/dolce-via-radfahren-ardeche-28-1024x683.jpeg\" alt=\"Hotel des Voyageurs Le Cheylard\" width=\"1024\" height=\"683\" srcset=\"https:\/\/www.people-abroad.de\/blog\/wp-content\/uploads\/2025\/05\/dolce-via-radfahren-ardeche-28-1024x683.jpeg 1024w, https:\/\/www.people-abroad.de\/blog\/wp-content\/uploads\/2025\/05\/dolce-via-radfahren-ardeche-28-300x200.jpeg 300w, https:\/\/www.people-abroad.de\/blog\/wp-content\/uploads\/2025\/05\/dolce-via-radfahren-ardeche-28-768x512.jpeg 768w, https:\/\/www.people-abroad.de\/blog\/wp-content\/uploads\/2025\/05\/dolce-via-radfahren-ardeche-28.jpeg 1200w\" sizes=\"(max-width: 1024px) 100vw, 1024px\" \/><\/p>\n<p>In Le Cheylard habe ich im <a href=\"https:\/\/www.hotelcheylard.com\">Hotel des Voyageurs<\/a> \u00fcbernachtet. Die Zimmer sind gem\u00fctlich und das Fr\u00fchst\u00fcck bietet eine gute Grundlage f\u00fcr die anstehende Radtour des Tages. Im Restaurant des Hotels habe ich fein gegessen, empfehlen kann ich das Kabeljau-Gericht mit Reis und Gem\u00fcse. Das Hotel befindet sich in zentraler Lage und ist, wie auch die anderen Unterk\u00fcnfte, in denen ich \u00fcbernachtet habe, auf Radfahrer eingestellt, was die Radreise angenehm macht.<\/p>\n<p><img decoding=\"async\" class=\"alignnone wp-image-36490 size-large\" src=\"https:\/\/www.people-abroad.de\/blog\/wp-content\/uploads\/2025\/05\/dolce-via-radfahren-ardeche-32-1024x682.jpeg\" alt=\"Radfahren in der Ard\u00e8che Region La Dolce Via \" width=\"1024\" height=\"682\" srcset=\"https:\/\/www.people-abroad.de\/blog\/wp-content\/uploads\/2025\/05\/dolce-via-radfahren-ardeche-32-1024x682.jpeg 1024w, https:\/\/www.people-abroad.de\/blog\/wp-content\/uploads\/2025\/05\/dolce-via-radfahren-ardeche-32-300x200.jpeg 300w, https:\/\/www.people-abroad.de\/blog\/wp-content\/uploads\/2025\/05\/dolce-via-radfahren-ardeche-32-768x511.jpeg 768w, https:\/\/www.people-abroad.de\/blog\/wp-content\/uploads\/2025\/05\/dolce-via-radfahren-ardeche-32.jpeg 1200w\" sizes=\"(max-width: 1024px) 100vw, 1024px\" \/><\/p>\n<p><img decoding=\"async\" class=\"alignnone wp-image-36491 size-large\" src=\"https:\/\/www.people-abroad.de\/blog\/wp-content\/uploads\/2025\/05\/dolce-via-radfahren-ardeche-33-1024x682.jpeg\" alt=\"Radfahren in der Ard\u00e8che Region La Dolce Via \" width=\"1024\" height=\"682\" srcset=\"https:\/\/www.people-abroad.de\/blog\/wp-content\/uploads\/2025\/05\/dolce-via-radfahren-ardeche-33-1024x682.jpeg 1024w, https:\/\/www.people-abroad.de\/blog\/wp-content\/uploads\/2025\/05\/dolce-via-radfahren-ardeche-33-300x200.jpeg 300w, https:\/\/www.people-abroad.de\/blog\/wp-content\/uploads\/2025\/05\/dolce-via-radfahren-ardeche-33-768x511.jpeg 768w, https:\/\/www.people-abroad.de\/blog\/wp-content\/uploads\/2025\/05\/dolce-via-radfahren-ardeche-33.jpeg 1200w\" sizes=\"(max-width: 1024px) 100vw, 1024px\" \/><\/p>\n<p>Meine 3. und letzte Tagesetappe auf dem &#8222;Dolce Via&#8220; starte ich in Le Cheylard und fahre zun\u00e4chst weiter in Richtung Nordwesten. Mein Zwischenziel ist das rund 10 km entfernte Saint-Martin-de-Valamas. Unterwegs bietet sich mir ein weiteres Mal die pr\u00e4chtige Naturlandschaft der Ard\u00e8che Region. Der Abschnitt der ehemaligen Bahntrasse ist von Felsw\u00e4nden ges\u00e4umt und der Anstieg der Strecke liegt in etwa zwischen 1,5 und 2,5%, was immer noch ziemlich moderat ist.<\/p>\n<h2><span class=\"ez-toc-section\" id=\"Saint-Martin-de-Valamas\"><\/span>Saint-Martin-de-Valamas<span class=\"ez-toc-section-end\"><\/span><\/h2>\n<p><img decoding=\"async\" class=\"alignnone wp-image-36487 size-large\" src=\"https:\/\/www.people-abroad.de\/blog\/wp-content\/uploads\/2025\/05\/dolce-via-radfahren-ardeche-29-1024x682.jpeg\" alt=\"Radfahren in der Ard\u00e8che Region La Dolce Via \" width=\"1024\" height=\"682\" srcset=\"https:\/\/www.people-abroad.de\/blog\/wp-content\/uploads\/2025\/05\/dolce-via-radfahren-ardeche-29-1024x682.jpeg 1024w, https:\/\/www.people-abroad.de\/blog\/wp-content\/uploads\/2025\/05\/dolce-via-radfahren-ardeche-29-300x200.jpeg 300w, https:\/\/www.people-abroad.de\/blog\/wp-content\/uploads\/2025\/05\/dolce-via-radfahren-ardeche-29-768x511.jpeg 768w, https:\/\/www.people-abroad.de\/blog\/wp-content\/uploads\/2025\/05\/dolce-via-radfahren-ardeche-29.jpeg 1200w\" sizes=\"(max-width: 1024px) 100vw, 1024px\" \/><\/p>\n<p><img decoding=\"async\" class=\"alignnone wp-image-36498 size-large\" src=\"https:\/\/www.people-abroad.de\/blog\/wp-content\/uploads\/2025\/05\/dolce-via-radfahren-ardeche-40-1024x682.jpeg\" alt=\"Radfahren in der Ard\u00e8che Region La Dolce Via \" width=\"1024\" height=\"682\" srcset=\"https:\/\/www.people-abroad.de\/blog\/wp-content\/uploads\/2025\/05\/dolce-via-radfahren-ardeche-40-1024x682.jpeg 1024w, https:\/\/www.people-abroad.de\/blog\/wp-content\/uploads\/2025\/05\/dolce-via-radfahren-ardeche-40-300x200.jpeg 300w, https:\/\/www.people-abroad.de\/blog\/wp-content\/uploads\/2025\/05\/dolce-via-radfahren-ardeche-40-768x511.jpeg 768w, https:\/\/www.people-abroad.de\/blog\/wp-content\/uploads\/2025\/05\/dolce-via-radfahren-ardeche-40.jpeg 1200w\" sizes=\"(max-width: 1024px) 100vw, 1024px\" \/><\/p>\n<p>Saint-Martin-de-Valamas liegt idyllisch umgeben von bewachsenen H\u00fcgeln, eine kleine Gemeinde im Hinterland des Tals. Von hier aus f\u00fchrt der Radweg weiter bis nach Saint-Agr\u00e8ve. Ich kehre allerdings um, fahre die Strecke bis nach Le Cheylard wieder zur\u00fcck und biege dann ab nach Nordosten in Richtung Lamastre. Dort habe ich eine besondere Zugfahrt geplant. Auf dem Foto mit dem Schild sieht man das Logo und Erkennungszeichen vom &#8222;Dolce Via&#8220; Radweg.<\/p>\n<p><img decoding=\"async\" class=\"alignnone wp-image-36488 size-large\" src=\"https:\/\/www.people-abroad.de\/blog\/wp-content\/uploads\/2025\/05\/dolce-via-radfahren-ardeche-30-1024x682.jpeg\" alt=\"Radurlaub S\u00fcdfrankreich Radtouren \" width=\"1024\" height=\"682\" srcset=\"https:\/\/www.people-abroad.de\/blog\/wp-content\/uploads\/2025\/05\/dolce-via-radfahren-ardeche-30-1024x682.jpeg 1024w, https:\/\/www.people-abroad.de\/blog\/wp-content\/uploads\/2025\/05\/dolce-via-radfahren-ardeche-30-300x200.jpeg 300w, https:\/\/www.people-abroad.de\/blog\/wp-content\/uploads\/2025\/05\/dolce-via-radfahren-ardeche-30-768x511.jpeg 768w, https:\/\/www.people-abroad.de\/blog\/wp-content\/uploads\/2025\/05\/dolce-via-radfahren-ardeche-30.jpeg 1200w\" sizes=\"(max-width: 1024px) 100vw, 1024px\" \/><\/p>\n<p><img decoding=\"async\" class=\"alignnone wp-image-36489 size-large\" src=\"https:\/\/www.people-abroad.de\/blog\/wp-content\/uploads\/2025\/05\/dolce-via-radfahren-ardeche-31-1024x682.jpeg\" alt=\"Radurlaub Radreise Touren Frankreich\" width=\"1024\" height=\"682\" srcset=\"https:\/\/www.people-abroad.de\/blog\/wp-content\/uploads\/2025\/05\/dolce-via-radfahren-ardeche-31-1024x682.jpeg 1024w, https:\/\/www.people-abroad.de\/blog\/wp-content\/uploads\/2025\/05\/dolce-via-radfahren-ardeche-31-300x200.jpeg 300w, https:\/\/www.people-abroad.de\/blog\/wp-content\/uploads\/2025\/05\/dolce-via-radfahren-ardeche-31-768x511.jpeg 768w, https:\/\/www.people-abroad.de\/blog\/wp-content\/uploads\/2025\/05\/dolce-via-radfahren-ardeche-31.jpeg 1200w\" sizes=\"(max-width: 1024px) 100vw, 1024px\" \/><\/p>\n<p>Die Strecke nach Lamastre verl\u00e4uft durch das landschaftlich wundersch\u00f6ne und d\u00fcnn besiedelte Hinterland. Auf der Strecke f\u00e4hrt man \u00fcber einige Br\u00fccken und aus der Entfernung sieht man immer mal wieder vereinzelt Bauernh\u00f6fe und H\u00e4user mit Scheunen. Im Hinterland ist es &#8211; zumindest an diesem Tag &#8211; recht windig, deshalb habe ich meine Regenjacke mit Windbreaker an. Bis nach Les Noni\u00e8res und Saint-Prix geht es bergauf, danach konstant bergab bis Lamastre.<\/p>\n<h2><span class=\"ez-toc-section\" id=\"Lamastre\"><\/span>Lamastre<span class=\"ez-toc-section-end\"><\/span><\/h2>\n<p><img decoding=\"async\" class=\"alignnone wp-image-36493 size-large\" src=\"https:\/\/www.people-abroad.de\/blog\/wp-content\/uploads\/2025\/05\/dolce-via-radfahren-ardeche-35-1024x682.jpeg\" alt=\"Lamastre S\u00fcdfrankreich\" width=\"1024\" height=\"682\" srcset=\"https:\/\/www.people-abroad.de\/blog\/wp-content\/uploads\/2025\/05\/dolce-via-radfahren-ardeche-35-1024x682.jpeg 1024w, https:\/\/www.people-abroad.de\/blog\/wp-content\/uploads\/2025\/05\/dolce-via-radfahren-ardeche-35-300x200.jpeg 300w, https:\/\/www.people-abroad.de\/blog\/wp-content\/uploads\/2025\/05\/dolce-via-radfahren-ardeche-35-768x511.jpeg 768w, https:\/\/www.people-abroad.de\/blog\/wp-content\/uploads\/2025\/05\/dolce-via-radfahren-ardeche-35.jpeg 1200w\" sizes=\"(max-width: 1024px) 100vw, 1024px\" \/><\/p>\n<p><img decoding=\"async\" class=\"alignnone wp-image-36492 size-large\" src=\"https:\/\/www.people-abroad.de\/blog\/wp-content\/uploads\/2025\/05\/dolce-via-radfahren-ardeche-34-1024x682.jpeg\" alt=\"Lamastre S\u00fcdfrankreich\" width=\"1024\" height=\"682\" srcset=\"https:\/\/www.people-abroad.de\/blog\/wp-content\/uploads\/2025\/05\/dolce-via-radfahren-ardeche-34-1024x682.jpeg 1024w, https:\/\/www.people-abroad.de\/blog\/wp-content\/uploads\/2025\/05\/dolce-via-radfahren-ardeche-34-300x200.jpeg 300w, https:\/\/www.people-abroad.de\/blog\/wp-content\/uploads\/2025\/05\/dolce-via-radfahren-ardeche-34-768x511.jpeg 768w, https:\/\/www.people-abroad.de\/blog\/wp-content\/uploads\/2025\/05\/dolce-via-radfahren-ardeche-34.jpeg 1200w\" sizes=\"(max-width: 1024px) 100vw, 1024px\" \/><\/p>\n<p>Die Gemeinde Lamastre wird vom Fluss Doux durchzogen und im Ortskern gibt es viele M\u00f6glichkeiten zum Einkaufen. Auch Caf\u00e9s, Bistros, Restaurants und B\u00e4ckereien findet man im Zentrum. Ich kaufe ein Baguette und K\u00e4se, setze mich auf eine Parkbank und lege eine Rast ein. Danach geht es zum Bahnhof von Lamastre, in dem sich auch die Tourist-Info der Gemeinde befindet. Den letzten Abschnitt meiner Radreise habe ich auf Schienen geplant.<\/p>\n<h2><span class=\"ez-toc-section\" id=\"Train_de_lArdeche\"><\/span>Train de l&#8217;Ard\u00e8che<span class=\"ez-toc-section-end\"><\/span><\/h2>\n<p><img decoding=\"async\" class=\"alignnone wp-image-36495 size-large\" src=\"https:\/\/www.people-abroad.de\/blog\/wp-content\/uploads\/2025\/05\/dolce-via-radfahren-ardeche-37-1024x682.jpeg\" alt=\"Train de l'Ard\u00e8che Frankreich\" width=\"1024\" height=\"682\" srcset=\"https:\/\/www.people-abroad.de\/blog\/wp-content\/uploads\/2025\/05\/dolce-via-radfahren-ardeche-37-1024x682.jpeg 1024w, https:\/\/www.people-abroad.de\/blog\/wp-content\/uploads\/2025\/05\/dolce-via-radfahren-ardeche-37-300x200.jpeg 300w, https:\/\/www.people-abroad.de\/blog\/wp-content\/uploads\/2025\/05\/dolce-via-radfahren-ardeche-37-768x511.jpeg 768w, https:\/\/www.people-abroad.de\/blog\/wp-content\/uploads\/2025\/05\/dolce-via-radfahren-ardeche-37.jpeg 1200w\" sizes=\"(max-width: 1024px) 100vw, 1024px\" \/><\/p>\n<p><img decoding=\"async\" class=\"alignnone wp-image-36496 size-large\" src=\"https:\/\/www.people-abroad.de\/blog\/wp-content\/uploads\/2025\/05\/dolce-via-radfahren-ardeche-38-1024x682.jpeg\" alt=\"Train de l'Ard\u00e8che Frankreich\" width=\"1024\" height=\"682\" srcset=\"https:\/\/www.people-abroad.de\/blog\/wp-content\/uploads\/2025\/05\/dolce-via-radfahren-ardeche-38-1024x682.jpeg 1024w, https:\/\/www.people-abroad.de\/blog\/wp-content\/uploads\/2025\/05\/dolce-via-radfahren-ardeche-38-300x200.jpeg 300w, https:\/\/www.people-abroad.de\/blog\/wp-content\/uploads\/2025\/05\/dolce-via-radfahren-ardeche-38-768x511.jpeg 768w, https:\/\/www.people-abroad.de\/blog\/wp-content\/uploads\/2025\/05\/dolce-via-radfahren-ardeche-38.jpeg 1200w\" sizes=\"(max-width: 1024px) 100vw, 1024px\" \/><\/p>\n<p>Der <a href=\"https:\/\/www.trainardeche.fr\/en\/\">Train de l&#8217;Ard\u00e8che<\/a> ist eine historische Eisenbahn und beliebt bei Urlaubern, gerade auch bei Radreisenden, die den &#8222;Dolce Via&#8220; Radweg fahren. Die Bahnstrecke wurde 1891 er\u00f6ffnet, im Jahr 1968 stillgelegt und sp\u00e4ter wieder reaktiviert. Heute f\u00e4hrt sie mehrmals in der Woche zwischen Lamastre und Saint-Jean-de-Muzols. Wenig sp\u00e4ter sitze ich in der urigen &#8222;Holzklasse&#8220; der Dampflok und mein E-Bike ist im Fahrrad-Wagen verstaut. Schon geht&#8217;s los!<\/p>\n<p><img decoding=\"async\" class=\"alignnone wp-image-36494 size-large\" src=\"https:\/\/www.people-abroad.de\/blog\/wp-content\/uploads\/2025\/05\/dolce-via-radfahren-ardeche-36-1024x682.jpeg\" alt=\"Train de l'Ard\u00e8che Frankreich\" width=\"1024\" height=\"682\" srcset=\"https:\/\/www.people-abroad.de\/blog\/wp-content\/uploads\/2025\/05\/dolce-via-radfahren-ardeche-36-1024x682.jpeg 1024w, https:\/\/www.people-abroad.de\/blog\/wp-content\/uploads\/2025\/05\/dolce-via-radfahren-ardeche-36-300x200.jpeg 300w, https:\/\/www.people-abroad.de\/blog\/wp-content\/uploads\/2025\/05\/dolce-via-radfahren-ardeche-36-768x511.jpeg 768w, https:\/\/www.people-abroad.de\/blog\/wp-content\/uploads\/2025\/05\/dolce-via-radfahren-ardeche-36.jpeg 1200w\" sizes=\"(max-width: 1024px) 100vw, 1024px\" \/><\/p>\n<p><img decoding=\"async\" class=\"alignnone wp-image-36503 size-large\" src=\"https:\/\/www.people-abroad.de\/blog\/wp-content\/uploads\/2025\/05\/dolce-via-radfahren-ardeche-41-1024x682.jpeg\" alt=\"Train de l'Ard\u00e8che Frankreich\" width=\"1024\" height=\"682\" srcset=\"https:\/\/www.people-abroad.de\/blog\/wp-content\/uploads\/2025\/05\/dolce-via-radfahren-ardeche-41-1024x682.jpeg 1024w, https:\/\/www.people-abroad.de\/blog\/wp-content\/uploads\/2025\/05\/dolce-via-radfahren-ardeche-41-300x200.jpeg 300w, https:\/\/www.people-abroad.de\/blog\/wp-content\/uploads\/2025\/05\/dolce-via-radfahren-ardeche-41-768x511.jpeg 768w, https:\/\/www.people-abroad.de\/blog\/wp-content\/uploads\/2025\/05\/dolce-via-radfahren-ardeche-41.jpeg 1200w\" sizes=\"(max-width: 1024px) 100vw, 1024px\" \/><\/p>\n<p>Nach einem hellen Pfiff tuckert der Zug gem\u00fctlich los und wir ruckeln aus Lamastre hinaus. W\u00e4hrend der Fahrt schiebe ich immer mal wieder das Fenster nach unten, um die dampfende Lok zu sehen, die uns in einem gem\u00fctlichen Tempo in Richtung Ziel bringt. Die Fahrt dauert etwas mehr als zwei Stunden und ist wie eine Zeitreise in eine vergangene Epoche. Hier k\u00e4me man nie auf die Idee wegen einer Zugversp\u00e4tung zu n\u00f6rgeln, denn die Bahnfahrt ist einfach wunderbar.<\/p>\n<h2><span class=\"ez-toc-section\" id=\"Tournon-sur-Rhone\"><\/span>Tournon-sur-Rh\u00f4ne<span class=\"ez-toc-section-end\"><\/span><\/h2>\n<p><img decoding=\"async\" class=\"alignnone wp-image-36518 size-large\" src=\"https:\/\/www.people-abroad.de\/blog\/wp-content\/uploads\/2025\/05\/dolce-via-radfahren-ardeche-42-1024x683.jpeg\" alt=\"Radfahren in der Ard\u00e8che Region La Dolce Via ViaRhona\" width=\"1024\" height=\"683\" srcset=\"https:\/\/www.people-abroad.de\/blog\/wp-content\/uploads\/2025\/05\/dolce-via-radfahren-ardeche-42-1024x683.jpeg 1024w, https:\/\/www.people-abroad.de\/blog\/wp-content\/uploads\/2025\/05\/dolce-via-radfahren-ardeche-42-300x200.jpeg 300w, https:\/\/www.people-abroad.de\/blog\/wp-content\/uploads\/2025\/05\/dolce-via-radfahren-ardeche-42-768x512.jpeg 768w, https:\/\/www.people-abroad.de\/blog\/wp-content\/uploads\/2025\/05\/dolce-via-radfahren-ardeche-42.jpeg 1200w\" sizes=\"(max-width: 1024px) 100vw, 1024px\" \/><\/p>\n<p><img decoding=\"async\" class=\"alignnone wp-image-36519 size-large\" src=\"https:\/\/www.people-abroad.de\/blog\/wp-content\/uploads\/2025\/05\/dolce-via-radfahren-ardeche-43-1024x683.jpeg\" alt=\"Radfahren in der Ard\u00e8che Region La Dolce Via ViaRhona\" width=\"1024\" height=\"683\" srcset=\"https:\/\/www.people-abroad.de\/blog\/wp-content\/uploads\/2025\/05\/dolce-via-radfahren-ardeche-43-1024x683.jpeg 1024w, https:\/\/www.people-abroad.de\/blog\/wp-content\/uploads\/2025\/05\/dolce-via-radfahren-ardeche-43-300x200.jpeg 300w, https:\/\/www.people-abroad.de\/blog\/wp-content\/uploads\/2025\/05\/dolce-via-radfahren-ardeche-43-768x512.jpeg 768w, https:\/\/www.people-abroad.de\/blog\/wp-content\/uploads\/2025\/05\/dolce-via-radfahren-ardeche-43.jpeg 1200w\" sizes=\"(max-width: 1024px) 100vw, 1024px\" \/><\/p>\n<p>Vom Bahnhof in Saint-Jean-de-Muzols sind es nur 4 km bis nach Tournon-sur-Rh\u00f4ne. Die Stadt liegt am Ufer der Rh\u00f4ne und hier verbringe ich den letzten Abend in der Ard\u00e9che Region, bevor ich am n\u00e4chsten Tag von der Bahnstation &#8222;Tain l&#8217;Hermitage Tournon&#8220; auf der anderen Seite des Flusses wieder zur\u00fcck nach Mannheim fahre. Tournon-sur-Rh\u00f4ne ist sehr sch\u00f6n, vor allem das Schloss Tournon, die historische Altstadt und die Uferpromenade.<\/p>\n<h2><span class=\"ez-toc-section\" id=\"Le_Pied_du_Geant\"><\/span>Le Pied du G\u00e9ant<span class=\"ez-toc-section-end\"><\/span><\/h2>\n<p><img decoding=\"async\" class=\"alignnone wp-image-36520 size-large\" src=\"https:\/\/www.people-abroad.de\/blog\/wp-content\/uploads\/2025\/05\/dolce-via-radfahren-ardeche-44-1024x683.jpeg\" alt=\"Radfahren in der Ard\u00e8che Region La Dolce Via ViaRhona\" width=\"1024\" height=\"683\" srcset=\"https:\/\/www.people-abroad.de\/blog\/wp-content\/uploads\/2025\/05\/dolce-via-radfahren-ardeche-44-1024x683.jpeg 1024w, https:\/\/www.people-abroad.de\/blog\/wp-content\/uploads\/2025\/05\/dolce-via-radfahren-ardeche-44-300x200.jpeg 300w, https:\/\/www.people-abroad.de\/blog\/wp-content\/uploads\/2025\/05\/dolce-via-radfahren-ardeche-44-768x512.jpeg 768w, https:\/\/www.people-abroad.de\/blog\/wp-content\/uploads\/2025\/05\/dolce-via-radfahren-ardeche-44.jpeg 1200w\" sizes=\"(max-width: 1024px) 100vw, 1024px\" \/><\/p>\n<p><img decoding=\"async\" class=\"alignnone wp-image-36524 size-large\" src=\"https:\/\/www.people-abroad.de\/blog\/wp-content\/uploads\/2025\/05\/dolce-via-radfahren-ardeche-46-1024x683.jpeg\" alt=\"Radfahren in der Ard\u00e8che Region La Dolce Via ViaRhona\" width=\"1024\" height=\"683\" srcset=\"https:\/\/www.people-abroad.de\/blog\/wp-content\/uploads\/2025\/05\/dolce-via-radfahren-ardeche-46-1024x683.jpeg 1024w, https:\/\/www.people-abroad.de\/blog\/wp-content\/uploads\/2025\/05\/dolce-via-radfahren-ardeche-46-300x200.jpeg 300w, https:\/\/www.people-abroad.de\/blog\/wp-content\/uploads\/2025\/05\/dolce-via-radfahren-ardeche-46-768x512.jpeg 768w, https:\/\/www.people-abroad.de\/blog\/wp-content\/uploads\/2025\/05\/dolce-via-radfahren-ardeche-46.jpeg 1200w\" sizes=\"(max-width: 1024px) 100vw, 1024px\" \/><\/p>\n<p>\u00dcbernachtet habe ich in der Herberge <a href=\"https:\/\/www.gite-tournon.fr\">Le Pied du G\u00e9ant<\/a>. Die fahrradfreundliche Unterkunft befindet sich in zentraler Lage in der Altstadt, nur einen kurzen Spaziergang von der Uferpromenade entfernt. Die urigen Zimmer in dem historischen Geb\u00e4ude mit den herrlichen alten Holzdielen wurden restauriert und sind gem\u00fctlich eingerichtet. Im Salon des \u201eAccueil V\u00e9lo\u201c-Hotels gibt es morgens zum Start in den Tag ein feines Fr\u00fchst\u00fcck.<\/p>\n<h2 class=\"html-h1 xdj266r x11i5rnm xat24cr x1mh8g0r xexx8yu x4uap5 x18d9i69 xkhd6sd x1vvkbs x1heor9g x1qlqyl8 x1pd3egz x1a2a7pz\"><span class=\"ez-toc-section\" id=\"Assemblage_Cave_Fourneaux\"><\/span>Assemblage Cave &amp; Fourneaux<span class=\"ez-toc-section-end\"><\/span><\/h2>\n<p><img decoding=\"async\" class=\"alignnone wp-image-36529 size-large\" src=\"https:\/\/www.people-abroad.de\/blog\/wp-content\/uploads\/2025\/05\/dolce-via-radfahren-ardeche-49-1024x683.jpeg\" alt=\"Radfahren in der Ard\u00e8che Region La Dolce Via ViaRhona\" width=\"1024\" height=\"683\" srcset=\"https:\/\/www.people-abroad.de\/blog\/wp-content\/uploads\/2025\/05\/dolce-via-radfahren-ardeche-49-1024x683.jpeg 1024w, https:\/\/www.people-abroad.de\/blog\/wp-content\/uploads\/2025\/05\/dolce-via-radfahren-ardeche-49-300x200.jpeg 300w, https:\/\/www.people-abroad.de\/blog\/wp-content\/uploads\/2025\/05\/dolce-via-radfahren-ardeche-49-768x512.jpeg 768w, https:\/\/www.people-abroad.de\/blog\/wp-content\/uploads\/2025\/05\/dolce-via-radfahren-ardeche-49.jpeg 1200w\" sizes=\"(max-width: 1024px) 100vw, 1024px\" \/><\/p>\n<p><img decoding=\"async\" class=\"alignnone wp-image-36530 size-large\" src=\"https:\/\/www.people-abroad.de\/blog\/wp-content\/uploads\/2025\/05\/dolce-via-radfahren-ardeche-50-1024x684.jpeg\" alt=\"Radfahren in der Ard\u00e8che Region La Dolce Via ViaRhona\" width=\"1024\" height=\"684\" srcset=\"https:\/\/www.people-abroad.de\/blog\/wp-content\/uploads\/2025\/05\/dolce-via-radfahren-ardeche-50-1024x684.jpeg 1024w, https:\/\/www.people-abroad.de\/blog\/wp-content\/uploads\/2025\/05\/dolce-via-radfahren-ardeche-50-300x200.jpeg 300w, https:\/\/www.people-abroad.de\/blog\/wp-content\/uploads\/2025\/05\/dolce-via-radfahren-ardeche-50-768x513.jpeg 768w, https:\/\/www.people-abroad.de\/blog\/wp-content\/uploads\/2025\/05\/dolce-via-radfahren-ardeche-50.jpeg 1200w\" sizes=\"(max-width: 1024px) 100vw, 1024px\" \/><\/p>\n<p>Mein Gastro-Tipp f\u00fcr Tournon-sur-Rh\u00f4ne ist das <a href=\"https:\/\/www.instagram.com\/assemblagerestaurant\/\">Assemblage Cave &amp; Fourneaux<\/a>. Das Restaurant mit Weinbar serviert feine saisonale Gerichte und Weine aus der C\u00f4tes du Rh\u00f4ne. Mit einer K\u00e4seauswahl l\u00e4sst sich ein 3-G\u00e4nge-Men\u00fc perfekt abschlie\u00dfen. Wenn man in der Ard\u00e8che Region ist, sollte man &#8211; neben regionalem Wein &#8211; unbedingt zwei Dinge probieren, f\u00fcr welche die Region u.a. bekannt ist: ein Gericht mit Esskatanie (Ch\u00e2taigne) und Ziegenk\u00e4se (Fromage de ch\u00e8vre).<\/p>\n<h2><span class=\"ez-toc-section\" id=\"Meine_Etappen_auf_dem_%E2%80%9EDolce_Via%E2%80%9C_Radweg\"><\/span><strong>Meine Etappen auf dem &#8222;Dolce Via&#8220; Radweg<\/strong><span class=\"ez-toc-section-end\"><\/span><\/h2>\n<p><img decoding=\"async\" class=\"alignnone wp-image-36497 size-large\" src=\"https:\/\/www.people-abroad.de\/blog\/wp-content\/uploads\/2025\/05\/dolce-via-radfahren-ardeche-39-1024x682.jpeg\" alt=\"Radfahren in der Ard\u00e8che Region La Dolce Via ViaRhona\" width=\"1024\" height=\"682\" srcset=\"https:\/\/www.people-abroad.de\/blog\/wp-content\/uploads\/2025\/05\/dolce-via-radfahren-ardeche-39-1024x682.jpeg 1024w, https:\/\/www.people-abroad.de\/blog\/wp-content\/uploads\/2025\/05\/dolce-via-radfahren-ardeche-39-300x200.jpeg 300w, https:\/\/www.people-abroad.de\/blog\/wp-content\/uploads\/2025\/05\/dolce-via-radfahren-ardeche-39-768x511.jpeg 768w, https:\/\/www.people-abroad.de\/blog\/wp-content\/uploads\/2025\/05\/dolce-via-radfahren-ardeche-39.jpeg 1200w\" sizes=\"(max-width: 1024px) 100vw, 1024px\" \/><\/p>\n<p>Etappe 1: Soyons \u2013 Les Olli\u00e8res-sur-Eyrieux \u2013 30 km<br \/>\nEtappe 2: Les Olli\u00e8res-sur-Eyrieux \u2013 Le Cheylard \u2013 30 km<br \/>\nEtappe 3: Le Cheylard \u2013 Saint-Martin-de-Valamas \u2013 Lamastre \u2013 40 km<br \/>\nZugfahrt: Lamastre \u2013 Saint-Jean-de-Muzols<\/p>\n<h2><span class=\"ez-toc-section\" id=\"Nuetzliche_Adressen_Tipps\"><\/span><strong>N\u00fctzliche Adressen &amp; Tipps<\/strong><span class=\"ez-toc-section-end\"><\/span><\/h2>\n<p>W\u00e4hrend der Radreise war ich mit einem Leihrad von <a href=\"https:\/\/www.stationsbees.com\">Stations Bee&#8217;s<\/a> unterwegs, einem Anbieter mit rund 30 Leihstationen in Frankreich. Den Anbieter kann ich empfehlen, wenn man sich ein Rad ausleihen will, wie auch <a href=\"https:\/\/nature-motion.com\/en\/\">Nature &amp; Motion<\/a>. Wer Radreisen in der Ard\u00e8che Region organisiert haben m\u00f6chte, kann sich an den lokalen Veranstalter <a href=\"https:\/\/www.safrantours.com\/en\">Safrantours<\/a> wenden.<\/p>\n<p>F\u00fcr die weitere Recherche und Planung empfehle ich die <a href=\"https:\/\/www.dolce-via.com\/en\/\">offizielle Website<\/a> f\u00fcr den &#8222;Dolce Via&#8220; Radweg. Dort findet man hilfreiche Infos und eine <a href=\"https:\/\/carte.dolce-via.com\">interaktive Karte<\/a>. Zwei weitere Adressen mit n\u00fctzlichen Tipps sind <a href=\"https:\/\/www.ardeche-guide.com\/decouvrir\/top-10-des-experiences-incontournables\/ardeche-velo\/\">ardeche-a-velo.com<\/a> und <a href=\"https:\/\/de.viarhona.com\">viarhona.com<\/a>.<\/p>\n<p>Hast du weitere Tipps zum Radfahren in der Ard\u00e8che? Hinterlasse sie gerne in einem Kommentar.<\/p>\n<p><em><strong>Werbehinweis:<\/strong> Dieser Artikel entstand in Zusammenarbeit mit Ard\u00e8che Tourisme. Ich gehe gerne Kooperationen ein, meine pers\u00f6nliche Meinung wird davon aber nicht beeinflusst.<br \/>\n<\/em><\/p>\n<p>Weitere Artikel \u00fcber Radreisen findest du hier:<br \/>\n<a href=\"https:\/\/www.people-abroad.de\/blog\/naturpark-radweg-schwarzwald\/\">Naturpark-Radweg: Mit dem Rad im Schwarzwald<\/a><br \/>\n<a href=\"https:\/\/www.people-abroad.de\/blog\/badischer-weinradweg\/\">Badischer Weinradweg: H\u00fcgel, Reben &amp; Genuss<\/a><br \/>\n<a href=\"https:\/\/www.people-abroad.de\/blog\/beliebte-radwege-deutschland\/\">5 beliebte Radwege f\u00fcr Touren in Deutschland<\/a><br \/>\n<a href=\"https:\/\/www.people-abroad.de\/blog\/mosel-radweg-tipps\/\">Der Mosel-Radweg \u2013 25 Tipps f\u00fcr die Planung<\/a><br \/>\n<a href=\"https:\/\/www.people-abroad.de\/blog\/main-radweg-fraenkisches-weinland\/\">Der MainRadweg im Fr\u00e4nkischen Weinland<\/a><br \/>\n<a href=\"https:\/\/www.people-abroad.de\/blog\/radtour-nahe-radweg\/\">Nahe-Radweg \u2013 Outdoor-Tipp an der Nahe<\/a><\/p>\n","protected":false},"excerpt":{"rendered":"<p>[Werbung] Die Ard\u00e8che Region l\u00e4sst sich perfekt mit dem Rad erkunden, hier bietet sich der landschaftlich vielseitige Radweg \u201eDolce Via\u201c an. Tipps zum Radfahren in der Ard\u00e8che.<\/p>\n","protected":false},"author":1,"featured_media":0,"comment_status":"open","ping_status":"open","sticky":false,"template":"","format":"standard","meta":{"_monsterinsights_skip_tracking":false,"_monsterinsights_sitenote_active":false,"_monsterinsights_sitenote_note":"","_monsterinsights_sitenote_category":0,"footnotes":""},"categories":[33,2045],"tags":[722],"class_list":["post-36414","post","type-post","status-publish","format-standard","hentry","category-europa","category-radfahren","tag-frankreich"],"yoast_head":"<!-- This site is optimized with the Yoast SEO plugin v27.5 - https:\/\/yoast.com\/product\/yoast-seo-wordpress\/ -->\n<title>La Dolce Via: Radfahren in der Ard\u00e8che Region - People Abroad<\/title>\n<meta name=\"description\" content=\"Die Ard\u00e8che Region l\u00e4sst sich perfekt mit dem Rad erkunden, hier bietet sich der Radweg \u201eDolce Via\u201c an. Tipps zum Radfahren in der Ard\u00e8che.\" \/>\n<meta name=\"robots\" content=\"index, follow, max-snippet:-1, max-image-preview:large, max-video-preview:-1\" \/>\n<link rel=\"canonical\" href=\"https:\/\/www.people-abroad.de\/blog\/dolce-via-radfahren-ardeche\/\" \/>\n<meta property=\"og:locale\" content=\"de_DE\" \/>\n<meta property=\"og:type\" content=\"article\" \/>\n<meta property=\"og:title\" content=\"La Dolce Via: Radfahren in der Ard\u00e8che Region - People Abroad\" \/>\n<meta property=\"og:description\" content=\"Die Ard\u00e8che Region l\u00e4sst sich perfekt mit dem Rad erkunden, hier bietet sich der Radweg \u201eDolce Via\u201c an. Tipps zum Radfahren in der Ard\u00e8che.\" \/>\n<meta property=\"og:url\" content=\"https:\/\/www.people-abroad.de\/blog\/dolce-via-radfahren-ardeche\/\" \/>\n<meta property=\"og:site_name\" content=\"People Abroad\" \/>\n<meta property=\"article:publisher\" content=\"https:\/\/www.facebook.com\/menschen.international\/\" \/>\n<meta property=\"article:author\" content=\"https:\/\/www.facebook.com\/menschen.international\/\" \/>\n<meta property=\"article:published_time\" content=\"2025-05-10T05:00:16+00:00\" \/>\n<meta property=\"article:modified_time\" content=\"2025-05-10T06:27:45+00:00\" \/>\n<meta property=\"og:image\" content=\"https:\/\/www.people-abroad.de\/blog\/wp-content\/uploads\/2025\/05\/dolce-via-radfahren-ardeche.jpeg\" \/>\n\t<meta property=\"og:image:width\" content=\"1200\" \/>\n\t<meta property=\"og:image:height\" content=\"799\" \/>\n\t<meta property=\"og:image:type\" content=\"image\/jpeg\" \/>\n<meta name=\"author\" content=\"Heiko M\u00fcller\" \/>\n<meta name=\"twitter:card\" content=\"summary_large_image\" \/>\n<meta name=\"twitter:creator\" content=\"@People_Abroad\" \/>\n<meta name=\"twitter:site\" content=\"@People_Abroad\" \/>\n<meta name=\"twitter:label1\" content=\"Verfasst von\" \/>\n\t<meta name=\"twitter:data1\" content=\"Heiko M\u00fcller\" \/>\n\t<meta name=\"twitter:label2\" content=\"Gesch\u00e4tzte Lesezeit\" \/>\n\t<meta name=\"twitter:data2\" content=\"21\u00a0Minuten\" \/>\n<script type=\"application\/ld+json\" class=\"yoast-schema-graph\">{\"@context\":\"https:\\\/\\\/schema.org\",\"@graph\":[{\"@type\":\"Article\",\"@id\":\"https:\\\/\\\/www.people-abroad.de\\\/blog\\\/dolce-via-radfahren-ardeche\\\/#article\",\"isPartOf\":{\"@id\":\"https:\\\/\\\/www.people-abroad.de\\\/blog\\\/dolce-via-radfahren-ardeche\\\/\"},\"author\":{\"name\":\"Heiko M\u00fcller\",\"@id\":\"https:\\\/\\\/www.people-abroad.de\\\/blog\\\/#\\\/schema\\\/person\\\/2a518a154d93ee6cf0b146bc327329b3\"},\"headline\":\"La Dolce Via: Radfahren in der Ard\u00e8che Region\",\"datePublished\":\"2025-05-10T05:00:16+00:00\",\"dateModified\":\"2025-05-10T06:27:45+00:00\",\"mainEntityOfPage\":{\"@id\":\"https:\\\/\\\/www.people-abroad.de\\\/blog\\\/dolce-via-radfahren-ardeche\\\/\"},\"wordCount\":2162,\"commentCount\":0,\"publisher\":{\"@id\":\"https:\\\/\\\/www.people-abroad.de\\\/blog\\\/#\\\/schema\\\/person\\\/2a518a154d93ee6cf0b146bc327329b3\"},\"image\":{\"@id\":\"https:\\\/\\\/www.people-abroad.de\\\/blog\\\/dolce-via-radfahren-ardeche\\\/#primaryimage\"},\"thumbnailUrl\":\"https:\\\/\\\/www.people-abroad.de\\\/blog\\\/wp-content\\\/uploads\\\/2025\\\/05\\\/dolce-via-radfahren-ardeche-1024x682.jpeg\",\"keywords\":[\"Frankreich\"],\"articleSection\":[\"Europa\",\"Radfahren\"],\"inLanguage\":\"de\",\"potentialAction\":[{\"@type\":\"CommentAction\",\"name\":\"Comment\",\"target\":[\"https:\\\/\\\/www.people-abroad.de\\\/blog\\\/dolce-via-radfahren-ardeche\\\/#respond\"]}]},{\"@type\":\"WebPage\",\"@id\":\"https:\\\/\\\/www.people-abroad.de\\\/blog\\\/dolce-via-radfahren-ardeche\\\/\",\"url\":\"https:\\\/\\\/www.people-abroad.de\\\/blog\\\/dolce-via-radfahren-ardeche\\\/\",\"name\":\"La Dolce Via: Radfahren in der Ard\u00e8che Region - People Abroad\",\"isPartOf\":{\"@id\":\"https:\\\/\\\/www.people-abroad.de\\\/blog\\\/#website\"},\"primaryImageOfPage\":{\"@id\":\"https:\\\/\\\/www.people-abroad.de\\\/blog\\\/dolce-via-radfahren-ardeche\\\/#primaryimage\"},\"image\":{\"@id\":\"https:\\\/\\\/www.people-abroad.de\\\/blog\\\/dolce-via-radfahren-ardeche\\\/#primaryimage\"},\"thumbnailUrl\":\"https:\\\/\\\/www.people-abroad.de\\\/blog\\\/wp-content\\\/uploads\\\/2025\\\/05\\\/dolce-via-radfahren-ardeche-1024x682.jpeg\",\"datePublished\":\"2025-05-10T05:00:16+00:00\",\"dateModified\":\"2025-05-10T06:27:45+00:00\",\"description\":\"Die Ard\u00e8che Region l\u00e4sst sich perfekt mit dem Rad erkunden, hier bietet sich der Radweg \u201eDolce Via\u201c an. Tipps zum Radfahren in der Ard\u00e8che.\",\"breadcrumb\":{\"@id\":\"https:\\\/\\\/www.people-abroad.de\\\/blog\\\/dolce-via-radfahren-ardeche\\\/#breadcrumb\"},\"inLanguage\":\"de\",\"potentialAction\":[{\"@type\":\"ReadAction\",\"target\":[\"https:\\\/\\\/www.people-abroad.de\\\/blog\\\/dolce-via-radfahren-ardeche\\\/\"]}]},{\"@type\":\"ImageObject\",\"inLanguage\":\"de\",\"@id\":\"https:\\\/\\\/www.people-abroad.de\\\/blog\\\/dolce-via-radfahren-ardeche\\\/#primaryimage\",\"url\":\"https:\\\/\\\/www.people-abroad.de\\\/blog\\\/wp-content\\\/uploads\\\/2025\\\/05\\\/dolce-via-radfahren-ardeche.jpeg\",\"contentUrl\":\"https:\\\/\\\/www.people-abroad.de\\\/blog\\\/wp-content\\\/uploads\\\/2025\\\/05\\\/dolce-via-radfahren-ardeche.jpeg\",\"width\":1200,\"height\":799},{\"@type\":\"BreadcrumbList\",\"@id\":\"https:\\\/\\\/www.people-abroad.de\\\/blog\\\/dolce-via-radfahren-ardeche\\\/#breadcrumb\",\"itemListElement\":[{\"@type\":\"ListItem\",\"position\":1,\"name\":\"Startseite\",\"item\":\"https:\\\/\\\/www.people-abroad.de\\\/blog\\\/\"},{\"@type\":\"ListItem\",\"position\":2,\"name\":\"La Dolce Via: Radfahren in der Ard\u00e8che Region\"}]},{\"@type\":\"WebSite\",\"@id\":\"https:\\\/\\\/www.people-abroad.de\\\/blog\\\/#website\",\"url\":\"https:\\\/\\\/www.people-abroad.de\\\/blog\\\/\",\"name\":\"People Abroad\",\"description\":\"Reiseblog\",\"publisher\":{\"@id\":\"https:\\\/\\\/www.people-abroad.de\\\/blog\\\/#\\\/schema\\\/person\\\/2a518a154d93ee6cf0b146bc327329b3\"},\"potentialAction\":[{\"@type\":\"SearchAction\",\"target\":{\"@type\":\"EntryPoint\",\"urlTemplate\":\"https:\\\/\\\/www.people-abroad.de\\\/blog\\\/?s={search_term_string}\"},\"query-input\":{\"@type\":\"PropertyValueSpecification\",\"valueRequired\":true,\"valueName\":\"search_term_string\"}}],\"inLanguage\":\"de\"},{\"@type\":[\"Person\",\"Organization\"],\"@id\":\"https:\\\/\\\/www.people-abroad.de\\\/blog\\\/#\\\/schema\\\/person\\\/2a518a154d93ee6cf0b146bc327329b3\",\"name\":\"Heiko M\u00fcller\",\"logo\":{\"@id\":\"https:\\\/\\\/www.people-abroad.de\\\/blog\\\/#\\\/schema\\\/person\\\/image\\\/\"},\"description\":\"Ich bin Reiseblogger, Content Creator und Redakteur. Auf Reisen erkunde ich gerne neue Regionen, St\u00e4dte und Orte beim Fotografieren, Wandern und Radfahren. F\u00fcr weitere Reisetipps folge mir auf Instagram. Mehr Infos zum Blog findest du hier: https:\\\/\\\/www.people-abroad.de\\\/blog\\\/pr-media\\\/. Kontakt: h.mueller@people-abroad.de\",\"sameAs\":[\"https:\\\/\\\/www.people-abroad.de\\\/blog\\\/\",\"https:\\\/\\\/www.facebook.com\\\/menschen.international\\\/\",\"https:\\\/\\\/www.instagram.com\\\/people.abroad\\\/\",\"https:\\\/\\\/www.linkedin.com\\\/in\\\/muellerheiko\\\/\",\"https:\\\/\\\/www.pinterest.de\\\/peopleabroad\\\/\",\"https:\\\/\\\/x.com\\\/People_Abroad\",\"https:\\\/\\\/www.youtube.com\\\/user\\\/MenschenInt\"],\"url\":\"https:\\\/\\\/www.people-abroad.de\\\/blog\\\/author\\\/admin\\\/\"}]}<\/script>\n<!-- \/ Yoast SEO plugin. -->","yoast_head_json":{"title":"La Dolce Via: Radfahren in der Ard\u00e8che Region - People Abroad","description":"Die Ard\u00e8che Region l\u00e4sst sich perfekt mit dem Rad erkunden, hier bietet sich der Radweg \u201eDolce Via\u201c an. Tipps zum Radfahren in der Ard\u00e8che.","robots":{"index":"index","follow":"follow","max-snippet":"max-snippet:-1","max-image-preview":"max-image-preview:large","max-video-preview":"max-video-preview:-1"},"canonical":"https:\/\/www.people-abroad.de\/blog\/dolce-via-radfahren-ardeche\/","og_locale":"de_DE","og_type":"article","og_title":"La Dolce Via: Radfahren in der Ard\u00e8che Region - People Abroad","og_description":"Die Ard\u00e8che Region l\u00e4sst sich perfekt mit dem Rad erkunden, hier bietet sich der Radweg \u201eDolce Via\u201c an. Tipps zum Radfahren in der Ard\u00e8che.","og_url":"https:\/\/www.people-abroad.de\/blog\/dolce-via-radfahren-ardeche\/","og_site_name":"People Abroad","article_publisher":"https:\/\/www.facebook.com\/menschen.international\/","article_author":"https:\/\/www.facebook.com\/menschen.international\/","article_published_time":"2025-05-10T05:00:16+00:00","article_modified_time":"2025-05-10T06:27:45+00:00","og_image":[{"width":1200,"height":799,"url":"https:\/\/www.people-abroad.de\/blog\/wp-content\/uploads\/2025\/05\/dolce-via-radfahren-ardeche.jpeg","type":"image\/jpeg"}],"author":"Heiko M\u00fcller","twitter_card":"summary_large_image","twitter_creator":"@People_Abroad","twitter_site":"@People_Abroad","twitter_misc":{"Verfasst von":"Heiko M\u00fcller","Gesch\u00e4tzte Lesezeit":"21\u00a0Minuten"},"schema":{"@context":"https:\/\/schema.org","@graph":[{"@type":"Article","@id":"https:\/\/www.people-abroad.de\/blog\/dolce-via-radfahren-ardeche\/#article","isPartOf":{"@id":"https:\/\/www.people-abroad.de\/blog\/dolce-via-radfahren-ardeche\/"},"author":{"name":"Heiko M\u00fcller","@id":"https:\/\/www.people-abroad.de\/blog\/#\/schema\/person\/2a518a154d93ee6cf0b146bc327329b3"},"headline":"La Dolce Via: Radfahren in der Ard\u00e8che Region","datePublished":"2025-05-10T05:00:16+00:00","dateModified":"2025-05-10T06:27:45+00:00","mainEntityOfPage":{"@id":"https:\/\/www.people-abroad.de\/blog\/dolce-via-radfahren-ardeche\/"},"wordCount":2162,"commentCount":0,"publisher":{"@id":"https:\/\/www.people-abroad.de\/blog\/#\/schema\/person\/2a518a154d93ee6cf0b146bc327329b3"},"image":{"@id":"https:\/\/www.people-abroad.de\/blog\/dolce-via-radfahren-ardeche\/#primaryimage"},"thumbnailUrl":"https:\/\/www.people-abroad.de\/blog\/wp-content\/uploads\/2025\/05\/dolce-via-radfahren-ardeche-1024x682.jpeg","keywords":["Frankreich"],"articleSection":["Europa","Radfahren"],"inLanguage":"de","potentialAction":[{"@type":"CommentAction","name":"Comment","target":["https:\/\/www.people-abroad.de\/blog\/dolce-via-radfahren-ardeche\/#respond"]}]},{"@type":"WebPage","@id":"https:\/\/www.people-abroad.de\/blog\/dolce-via-radfahren-ardeche\/","url":"https:\/\/www.people-abroad.de\/blog\/dolce-via-radfahren-ardeche\/","name":"La Dolce Via: Radfahren in der Ard\u00e8che Region - People Abroad","isPartOf":{"@id":"https:\/\/www.people-abroad.de\/blog\/#website"},"primaryImageOfPage":{"@id":"https:\/\/www.people-abroad.de\/blog\/dolce-via-radfahren-ardeche\/#primaryimage"},"image":{"@id":"https:\/\/www.people-abroad.de\/blog\/dolce-via-radfahren-ardeche\/#primaryimage"},"thumbnailUrl":"https:\/\/www.people-abroad.de\/blog\/wp-content\/uploads\/2025\/05\/dolce-via-radfahren-ardeche-1024x682.jpeg","datePublished":"2025-05-10T05:00:16+00:00","dateModified":"2025-05-10T06:27:45+00:00","description":"Die Ard\u00e8che Region l\u00e4sst sich perfekt mit dem Rad erkunden, hier bietet sich der Radweg \u201eDolce Via\u201c an. Tipps zum Radfahren in der Ard\u00e8che.","breadcrumb":{"@id":"https:\/\/www.people-abroad.de\/blog\/dolce-via-radfahren-ardeche\/#breadcrumb"},"inLanguage":"de","potentialAction":[{"@type":"ReadAction","target":["https:\/\/www.people-abroad.de\/blog\/dolce-via-radfahren-ardeche\/"]}]},{"@type":"ImageObject","inLanguage":"de","@id":"https:\/\/www.people-abroad.de\/blog\/dolce-via-radfahren-ardeche\/#primaryimage","url":"https:\/\/www.people-abroad.de\/blog\/wp-content\/uploads\/2025\/05\/dolce-via-radfahren-ardeche.jpeg","contentUrl":"https:\/\/www.people-abroad.de\/blog\/wp-content\/uploads\/2025\/05\/dolce-via-radfahren-ardeche.jpeg","width":1200,"height":799},{"@type":"BreadcrumbList","@id":"https:\/\/www.people-abroad.de\/blog\/dolce-via-radfahren-ardeche\/#breadcrumb","itemListElement":[{"@type":"ListItem","position":1,"name":"Startseite","item":"https:\/\/www.people-abroad.de\/blog\/"},{"@type":"ListItem","position":2,"name":"La Dolce Via: Radfahren in der Ard\u00e8che Region"}]},{"@type":"WebSite","@id":"https:\/\/www.people-abroad.de\/blog\/#website","url":"https:\/\/www.people-abroad.de\/blog\/","name":"People Abroad","description":"Reiseblog","publisher":{"@id":"https:\/\/www.people-abroad.de\/blog\/#\/schema\/person\/2a518a154d93ee6cf0b146bc327329b3"},"potentialAction":[{"@type":"SearchAction","target":{"@type":"EntryPoint","urlTemplate":"https:\/\/www.people-abroad.de\/blog\/?s={search_term_string}"},"query-input":{"@type":"PropertyValueSpecification","valueRequired":true,"valueName":"search_term_string"}}],"inLanguage":"de"},{"@type":["Person","Organization"],"@id":"https:\/\/www.people-abroad.de\/blog\/#\/schema\/person\/2a518a154d93ee6cf0b146bc327329b3","name":"Heiko M\u00fcller","logo":{"@id":"https:\/\/www.people-abroad.de\/blog\/#\/schema\/person\/image\/"},"description":"Ich bin Reiseblogger, Content Creator und Redakteur. Auf Reisen erkunde ich gerne neue Regionen, St\u00e4dte und Orte beim Fotografieren, Wandern und Radfahren. F\u00fcr weitere Reisetipps folge mir auf Instagram. Mehr Infos zum Blog findest du hier: https:\/\/www.people-abroad.de\/blog\/pr-media\/. Kontakt: h.mueller@people-abroad.de","sameAs":["https:\/\/www.people-abroad.de\/blog\/","https:\/\/www.facebook.com\/menschen.international\/","https:\/\/www.instagram.com\/people.abroad\/","https:\/\/www.linkedin.com\/in\/muellerheiko\/","https:\/\/www.pinterest.de\/peopleabroad\/","https:\/\/x.com\/People_Abroad","https:\/\/www.youtube.com\/user\/MenschenInt"],"url":"https:\/\/www.people-abroad.de\/blog\/author\/admin\/"}]}},"_links":{"self":[{"href":"https:\/\/www.people-abroad.de\/blog\/wp-json\/wp\/v2\/posts\/36414","targetHints":{"allow":["GET"]}}],"collection":[{"href":"https:\/\/www.people-abroad.de\/blog\/wp-json\/wp\/v2\/posts"}],"about":[{"href":"https:\/\/www.people-abroad.de\/blog\/wp-json\/wp\/v2\/types\/post"}],"author":[{"embeddable":true,"href":"https:\/\/www.people-abroad.de\/blog\/wp-json\/wp\/v2\/users\/1"}],"replies":[{"embeddable":true,"href":"https:\/\/www.people-abroad.de\/blog\/wp-json\/wp\/v2\/comments?post=36414"}],"version-history":[{"count":3,"href":"https:\/\/www.people-abroad.de\/blog\/wp-json\/wp\/v2\/posts\/36414\/revisions"}],"predecessor-version":[{"id":36547,"href":"https:\/\/www.people-abroad.de\/blog\/wp-json\/wp\/v2\/posts\/36414\/revisions\/36547"}],"wp:attachment":[{"href":"https:\/\/www.people-abroad.de\/blog\/wp-json\/wp\/v2\/media?parent=36414"}],"wp:term":[{"taxonomy":"category","embeddable":true,"href":"https:\/\/www.people-abroad.de\/blog\/wp-json\/wp\/v2\/categories?post=36414"},{"taxonomy":"post_tag","embeddable":true,"href":"https:\/\/www.people-abroad.de\/blog\/wp-json\/wp\/v2\/tags?post=36414"}],"curies":[{"name":"wp","href":"https:\/\/api.w.org\/{rel}","templated":true}]}}