{"id":33826,"date":"2024-06-29T07:20:23","date_gmt":"2024-06-29T05:20:23","guid":{"rendered":"https:\/\/www.people-abroad.de\/blog\/?p=33826"},"modified":"2024-07-24T15:28:18","modified_gmt":"2024-07-24T13:28:18","slug":"frankenwald-wandern-drehkreuz","status":"publish","type":"post","link":"https:\/\/www.people-abroad.de\/blog\/frankenwald-wandern-drehkreuz\/","title":{"rendered":"Frankenwald: Wandertouren am Drehkreuz des Wanderns"},"content":{"rendered":"<div id=\"ez-toc-container\" class=\"ez-toc-v2_0_82_2 counter-flat ez-toc-counter ez-toc-grey ez-toc-container-direction\">\n<div class=\"ez-toc-title-container\">\n<p class=\"ez-toc-title\" style=\"cursor:inherit\">Inhaltsverzeichnis<\/p>\n<span class=\"ez-toc-title-toggle\"><a href=\"#\" class=\"ez-toc-pull-right ez-toc-btn ez-toc-btn-xs ez-toc-btn-default ez-toc-toggle\" aria-label=\"Toggle Table of Content\"><span class=\"ez-toc-js-icon-con\"><span class=\"\"><span class=\"eztoc-hide\" style=\"display:none;\">Toggle<\/span><span class=\"ez-toc-icon-toggle-span\"><svg style=\"fill: #999;color:#999\" xmlns=\"http:\/\/www.w3.org\/2000\/svg\" class=\"list-377408\" width=\"20px\" height=\"20px\" viewBox=\"0 0 24 24\" fill=\"none\"><path d=\"M6 6H4v2h2V6zm14 0H8v2h12V6zM4 11h2v2H4v-2zm16 0H8v2h12v-2zM4 16h2v2H4v-2zm16 0H8v2h12v-2z\" fill=\"currentColor\"><\/path><\/svg><svg style=\"fill: #999;color:#999\" class=\"arrow-unsorted-368013\" xmlns=\"http:\/\/www.w3.org\/2000\/svg\" width=\"10px\" height=\"10px\" viewBox=\"0 0 24 24\" version=\"1.2\" baseProfile=\"tiny\"><path d=\"M18.2 9.3l-6.2-6.3-6.2 6.3c-.2.2-.3.4-.3.7s.1.5.3.7c.2.2.4.3.7.3h11c.3 0 .5-.1.7-.3.2-.2.3-.5.3-.7s-.1-.5-.3-.7zM5.8 14.7l6.2 6.3 6.2-6.3c.2-.2.3-.5.3-.7s-.1-.5-.3-.7c-.2-.2-.4-.3-.7-.3h-11c-.3 0-.5.1-.7.3-.2.2-.3.5-.3.7s.1.5.3.7z\"\/><\/svg><\/span><\/span><\/span><\/a><\/span><\/div>\n<nav><ul class='ez-toc-list ez-toc-list-level-1 eztoc-toggle-hide-by-default' ><li class='ez-toc-page-1'><a class=\"ez-toc-link ez-toc-heading-1\" href=\"https:\/\/www.people-abroad.de\/blog\/frankenwald-wandern-drehkreuz\/#Frankenwald_Wandern_am_Drehkreuz_des_Wanderns\" >Frankenwald | Wandern am Drehkreuz des Wanderns<\/a><\/li><li class='ez-toc-page-1'><a class=\"ez-toc-link ez-toc-heading-2\" href=\"https:\/\/www.people-abroad.de\/blog\/frankenwald-wandern-drehkreuz\/#Wandern_im_Frankenwald_Der_FrankenwaldSteig\" >Wandern im Frankenwald | Der FrankenwaldSteig<\/a><\/li><li class='ez-toc-page-1'><a class=\"ez-toc-link ez-toc-heading-3\" href=\"https:\/\/www.people-abroad.de\/blog\/frankenwald-wandern-drehkreuz\/#FrankenwaldSteig_Etappe_1_Bad_Steben_%E2%80%93_Nordhalben\" >FrankenwaldSteig | Etappe 1: Bad Steben &#8211; Nordhalben<\/a><\/li><li class='ez-toc-page-1'><a class=\"ez-toc-link ez-toc-heading-4\" href=\"https:\/\/www.people-abroad.de\/blog\/frankenwald-wandern-drehkreuz\/#FrankenwaldSteig_Etappenziel_Nordhalben\" >FrankenwaldSteig | Etappenziel Nordhalben<\/a><\/li><li class='ez-toc-page-1'><a class=\"ez-toc-link ez-toc-heading-5\" href=\"https:\/\/www.people-abroad.de\/blog\/frankenwald-wandern-drehkreuz\/#Wandern_im_Frankenwald_Der_Rennsteig\" >Wandern im Frankenwald | Der Rennsteig<\/a><\/li><li class='ez-toc-page-1'><a class=\"ez-toc-link ez-toc-heading-6\" href=\"https:\/\/www.people-abroad.de\/blog\/frankenwald-wandern-drehkreuz\/#Rennsteig_Etappe_8_Brennersgruen_%E2%80%93_Blankenstein\" >Rennsteig | Etappe 8: Brennersgr\u00fcn &#8211; Blankenstein<\/a><\/li><li class='ez-toc-page-1'><a class=\"ez-toc-link ez-toc-heading-7\" href=\"https:\/\/www.people-abroad.de\/blog\/frankenwald-wandern-drehkreuz\/#Wandern_im_Frankenwald_Der_Fraenkische_Gebirgsweg\" >Wandern im Frankenwald | Der Fr\u00e4nkische Gebirgsweg<\/a><\/li><li class='ez-toc-page-1'><a class=\"ez-toc-link ez-toc-heading-8\" href=\"https:\/\/www.people-abroad.de\/blog\/frankenwald-wandern-drehkreuz\/#Fraenkischer_Gebirgsweg_Etappe_1_Blankenstein_%E2%80%93_Selbitz\" >Fr\u00e4nkischer Gebirgsweg | Etappe 1: Blankenstein &#8211; Selbitz<\/a><\/li><li class='ez-toc-page-1'><a class=\"ez-toc-link ez-toc-heading-9\" href=\"https:\/\/www.people-abroad.de\/blog\/frankenwald-wandern-drehkreuz\/#Wandern_im_Frankenwald_Der_Kammweg\" >Wandern im Frankenwald | Der Kammweg<\/a><\/li><li class='ez-toc-page-1'><a class=\"ez-toc-link ez-toc-heading-10\" href=\"https:\/\/www.people-abroad.de\/blog\/frankenwald-wandern-drehkreuz\/#Kammweg_Etappe_17_Hirschberg_%E2%80%93_Blankenstein\" >Kammweg | Etappe 17: Hirschberg &#8211; Blankenstein<\/a><\/li><li class='ez-toc-page-1'><a class=\"ez-toc-link ez-toc-heading-11\" href=\"https:\/\/www.people-abroad.de\/blog\/frankenwald-wandern-drehkreuz\/#Kammweg_Etappenziel_Blankenstein\" >Kammweg | Etappenziel Blankenstein<\/a><\/li><li class='ez-toc-page-1'><a class=\"ez-toc-link ez-toc-heading-12\" href=\"https:\/\/www.people-abroad.de\/blog\/frankenwald-wandern-drehkreuz\/#Wandern_im_Frankenwald_Der_Frankenweg\" >Wandern im Frankenwald | Der Frankenweg<\/a><\/li><li class='ez-toc-page-1'><a class=\"ez-toc-link ez-toc-heading-13\" href=\"https:\/\/www.people-abroad.de\/blog\/frankenwald-wandern-drehkreuz\/#Frankenweg_Etappe_1_Untereichenstein_%E2%80%93_Naila\" >Frankenweg | Etappe 1: Untereichenstein &#8211; Naila<\/a><\/li><li class='ez-toc-page-1'><a class=\"ez-toc-link ez-toc-heading-14\" href=\"https:\/\/www.people-abroad.de\/blog\/frankenwald-wandern-drehkreuz\/#Frankenweg_Wanderziel_Doebraberg\" >Frankenweg | Wanderziel D\u00f6braberg<\/a><\/li><li class='ez-toc-page-1'><a class=\"ez-toc-link ez-toc-heading-15\" href=\"https:\/\/www.people-abroad.de\/blog\/frankenwald-wandern-drehkreuz\/#Frankenwald_Hotel-Tipp\" >Frankenwald | Hotel-Tipp<\/a><\/li><\/ul><\/nav><\/div>\n<p><a href=\"https:\/\/www.people-abroad.de\/blog\/frankenwald-wandern-drehkreuz\/\"><img decoding=\"async\" class=\"alignnone wp-image-33976 size-large\" src=\"https:\/\/www.people-abroad.de\/blog\/wp-content\/uploads\/2024\/06\/frankenwald-wandern-touren-1024x682.jpeg\" alt=\"Frankenwald Wandern Touren Tipps Wanderwege \" width=\"1024\" height=\"682\" srcset=\"https:\/\/www.people-abroad.de\/blog\/wp-content\/uploads\/2024\/06\/frankenwald-wandern-touren-1024x682.jpeg 1024w, https:\/\/www.people-abroad.de\/blog\/wp-content\/uploads\/2024\/06\/frankenwald-wandern-touren-300x200.jpeg 300w, https:\/\/www.people-abroad.de\/blog\/wp-content\/uploads\/2024\/06\/frankenwald-wandern-touren-768x511.jpeg 768w, https:\/\/www.people-abroad.de\/blog\/wp-content\/uploads\/2024\/06\/frankenwald-wandern-touren.jpeg 1200w\" sizes=\"(max-width: 1024px) 100vw, 1024px\" \/><\/a><\/p>\n<p>[Werbung] Im Frankenwald kann man auf einer Sternwanderung am Drehkreuz des Wanderns die oberfr\u00e4nkische Region erkunden. F\u00fcnf beliebte Wanderwege beginnen oder enden dort. <!--more--><span id=\"more-30729\"><\/span><\/p>\n<p>&nbsp;<\/p>\n<p>Kooperation | Frankenwald Tourismus<\/p>\n<p>Der Frankenwald liegt im Nordosten Frankens zwischen den St\u00e4dten Kronach, Kulmbach und Hof. Auf einer Fl\u00e4che von 1.200 qm erstreckt sich das reizvolle und abwechslungsreiche Mittelgebirge vom Main bis zum Gr\u00fcnen Band, der ehemaligen innerdeutschen Grenze. Weite Teile der Region geh\u00f6ren zum Naturpark Frankenwald, einem einzigartigen Lebensraum f\u00fcr Pflanzen und Tiere.<\/p>\n<p>Sanfte Wiesent\u00e4ler, weite Hochfl\u00e4chen, bewaldete H\u00fcgel und idyllische Orte pr\u00e4gen den Frankenwald. Perfekte Bedingungen zum Erkunden der Region hat man auf ausgedehnten Wandertouren. Mehr als 4.200 km markierte Wanderwege gibt es in Bayerns erster vom Deutschen Wanderverband als &#8222;Qualit\u00e4tsregion Wanderbares Deutschland&#8220; zertifizierten Region.<\/p>\n<p><img decoding=\"async\" class=\"alignnone wp-image-33974 size-large\" src=\"https:\/\/www.people-abroad.de\/blog\/wp-content\/uploads\/2024\/06\/frankenwald-wandern-38-1024x682.jpeg\" alt=\"Frankenwald Wandern Touren Tipps Wanderwege \" width=\"1024\" height=\"682\" srcset=\"https:\/\/www.people-abroad.de\/blog\/wp-content\/uploads\/2024\/06\/frankenwald-wandern-38-1024x682.jpeg 1024w, https:\/\/www.people-abroad.de\/blog\/wp-content\/uploads\/2024\/06\/frankenwald-wandern-38-300x200.jpeg 300w, https:\/\/www.people-abroad.de\/blog\/wp-content\/uploads\/2024\/06\/frankenwald-wandern-38-768x511.jpeg 768w, https:\/\/www.people-abroad.de\/blog\/wp-content\/uploads\/2024\/06\/frankenwald-wandern-38.jpeg 1200w\" sizes=\"(max-width: 1024px) 100vw, 1024px\" \/><\/p>\n<p>Bei meiner ersten Wanderreise in die oberfr\u00e4nkische Region war ich im H\u00f6llental wandern, habe auf dem Trekkingplatz Rehwiese im Zelt \u00fcbernachtet, war mit den &#8222;Crazy Runners&#8220; zum Trailrunning auf schmalen Pfaden unterwegs und bin zur Entspannung in die Wasserwelten der Therme Bad Steben eingetaucht. Lesetipp: <a href=\"https:\/\/www.people-abroad.de\/blog\/frankenwald-wandern-trekking\/\">Frankenwald: Wandern, Trekking, Trailrunning &amp; Wellness<\/a><\/p>\n<p>Diesmal war ich auf Sternwanderung am Drehkreuz des Wandern. Auf insgesamt f\u00fcnf Wandertouren habe ich die Region intensiv erkundet, war einmal mehr begeistert von der Landschaft und Natur und berichte in diesem Artikel \u00fcber meine Erlebnisse. Wie bei meiner ersten Reise war das bayerische Staatsbad <a href=\"https:\/\/www.people-abroad.de\/blog\/bad-steben-sehenswuerdigkeiten\/\">Bad Steben<\/a> ein toller Ausgangspunkt f\u00fcr meine Ausfl\u00fcge.<\/p>\n<h2><span class=\"ez-toc-section\" id=\"Frankenwald_Wandern_am_Drehkreuz_des_Wanderns\"><\/span>Frankenwald | Wandern am Drehkreuz des Wanderns<span class=\"ez-toc-section-end\"><\/span><\/h2>\n<p><img decoding=\"async\" class=\"alignnone wp-image-33965 size-large\" src=\"https:\/\/www.people-abroad.de\/blog\/wp-content\/uploads\/2024\/06\/frankenwald-wandern-34-1024x682.jpeg\" alt=\"Drehkreuz des Wanderns \" width=\"1024\" height=\"682\" srcset=\"https:\/\/www.people-abroad.de\/blog\/wp-content\/uploads\/2024\/06\/frankenwald-wandern-34-1024x682.jpeg 1024w, https:\/\/www.people-abroad.de\/blog\/wp-content\/uploads\/2024\/06\/frankenwald-wandern-34-300x200.jpeg 300w, https:\/\/www.people-abroad.de\/blog\/wp-content\/uploads\/2024\/06\/frankenwald-wandern-34-768x511.jpeg 768w, https:\/\/www.people-abroad.de\/blog\/wp-content\/uploads\/2024\/06\/frankenwald-wandern-34.jpeg 1200w\" sizes=\"(max-width: 1024px) 100vw, 1024px\" \/><\/p>\n<p>Das Drehkreuz des Wanderns im Frankenwald ist eine Besonderheit, denn hier starten bzw. enden insgesamt f\u00fcnf zertifizierte Fernwanderwege an einem Punkt, der fr\u00fcher an der innerdeutschen Grenze lag. Von jedem der f\u00fcnf Wege bin ich eine Etappe gelaufen. Diese <a href=\"https:\/\/www.frankenwald-tourismus.de\/detail\/id=61b9be6078f3dc2a8093328b\">Sternwanderung<\/a> f\u00fchrt teilweise am Gr\u00fcnen Band bzw. am historischen Grenzverlauf entlang und l\u00e4sst sich auch \u00fcber Frankenwald Tourismus buchen.<\/p>\n<p><strong>Fernwanderwege am Drehkreuz<\/strong><br \/>\n\u2013 FrankenwaldSteig (243,5 km)<br \/>\n\u2013 Frankenweg (520 km)<br \/>\n\u2013 Fr\u00e4nkischer Gebirgsweg (440 km)<br \/>\n\u2013 Rennsteig (170 km)<br \/>\n\u2013 Kammweg (285 km)<\/p>\n<h2><span class=\"ez-toc-section\" id=\"Wandern_im_Frankenwald_Der_FrankenwaldSteig\"><\/span>Wandern im Frankenwald | Der FrankenwaldSteig<span class=\"ez-toc-section-end\"><\/span><\/h2>\n<p><img decoding=\"async\" class=\"alignnone wp-image-33844 size-large\" src=\"https:\/\/www.people-abroad.de\/blog\/wp-content\/uploads\/2024\/06\/frankenwald-wandern-2-1024x682.jpeg\" alt=\"Frankenwaldsteig Etappen Tour Tipps\" width=\"1024\" height=\"682\" srcset=\"https:\/\/www.people-abroad.de\/blog\/wp-content\/uploads\/2024\/06\/frankenwald-wandern-2-1024x682.jpeg 1024w, https:\/\/www.people-abroad.de\/blog\/wp-content\/uploads\/2024\/06\/frankenwald-wandern-2-300x200.jpeg 300w, https:\/\/www.people-abroad.de\/blog\/wp-content\/uploads\/2024\/06\/frankenwald-wandern-2-768x511.jpeg 768w, https:\/\/www.people-abroad.de\/blog\/wp-content\/uploads\/2024\/06\/frankenwald-wandern-2.jpeg 1200w\" sizes=\"(max-width: 1024px) 100vw, 1024px\" \/><\/p>\n<p>Zu den Klassikern in der Region geh\u00f6rt der bekannte FrankenwaldSteig. Auf insgesamt 243,5 km zieht sich dieser Fernwanderweg durch die vielseitige Landschaft des Frankenwaldes. Man kann ihn auf insgesamt 13 Etappen erwandern oder auch einzelne Abschnitte davon erkunden. Erg\u00e4nzt wird der FrankenwaldSteig durch die 31 FrankenwaldSteigla, allesamt Rundwege zwischen 5 und 20 km lang, die sich \u00fcber die gesamte Region erstrecken.<\/p>\n<h2><span class=\"ez-toc-section\" id=\"FrankenwaldSteig_Etappe_1_Bad_Steben_%E2%80%93_Nordhalben\"><\/span>FrankenwaldSteig | Etappe 1: Bad Steben &#8211; Nordhalben<span class=\"ez-toc-section-end\"><\/span><\/h2>\n<p><img decoding=\"async\" class=\"alignnone wp-image-33845 size-large\" src=\"https:\/\/www.people-abroad.de\/blog\/wp-content\/uploads\/2024\/06\/frankenwald-wandern-3-1024x682.jpeg\" alt=\"Frankenwald Wandern Touren Tipps Wanderwege \" width=\"1024\" height=\"682\" srcset=\"https:\/\/www.people-abroad.de\/blog\/wp-content\/uploads\/2024\/06\/frankenwald-wandern-3-1024x682.jpeg 1024w, https:\/\/www.people-abroad.de\/blog\/wp-content\/uploads\/2024\/06\/frankenwald-wandern-3-300x200.jpeg 300w, https:\/\/www.people-abroad.de\/blog\/wp-content\/uploads\/2024\/06\/frankenwald-wandern-3-768x511.jpeg 768w, https:\/\/www.people-abroad.de\/blog\/wp-content\/uploads\/2024\/06\/frankenwald-wandern-3.jpeg 1200w\" sizes=\"(max-width: 1024px) 100vw, 1024px\" \/><\/p>\n<p>Den FrankenwaldSteig teste ich auf der Etappe von Bad Steben nach Nordhalben. Mein Startpunkt ist der herrliche Kurpark im h\u00f6chstgelegenen Staatsbad Bayerns, den ich nach Norden hin durchquere. Am Oberen Kurpark biege ich nach Westen ab und folge dem Wanderweg, der mit seinen schattigen B\u00e4umen einer Allee gleicht. Ich marschiere an gr\u00fcnen Feldern und Wiesen vorbei, die genauso typisch sind f\u00fcr den Frankenwald wie die ausgedehnten Waldgebiete.<\/p>\n<p><img decoding=\"async\" class=\"alignnone wp-image-33846 size-large\" src=\"https:\/\/www.people-abroad.de\/blog\/wp-content\/uploads\/2024\/06\/frankenwald-wandern-4-1024x682.jpeg\" alt=\"Frankenwald Orte Gemeinden \" width=\"1024\" height=\"682\" srcset=\"https:\/\/www.people-abroad.de\/blog\/wp-content\/uploads\/2024\/06\/frankenwald-wandern-4-1024x682.jpeg 1024w, https:\/\/www.people-abroad.de\/blog\/wp-content\/uploads\/2024\/06\/frankenwald-wandern-4-300x200.jpeg 300w, https:\/\/www.people-abroad.de\/blog\/wp-content\/uploads\/2024\/06\/frankenwald-wandern-4-768x511.jpeg 768w, https:\/\/www.people-abroad.de\/blog\/wp-content\/uploads\/2024\/06\/frankenwald-wandern-4.jpeg 1200w\" sizes=\"(max-width: 1024px) 100vw, 1024px\" \/><\/p>\n<p>Es geht leicht h\u00fcgelig mal hinauf, mal hinab und ist dadurch sch\u00f6n abwechslungsreich. Sp\u00e4ter komme ich durch die idyllische Gemeinde Langenbach mit der Ortskirche. Der Weg f\u00fchrt \u00fcber gem\u00fctliche Gassen und kurz hinter Langenbach erreicht man die &#8222;Zw\u00f6lf Apostel&#8220;, eine Basalt-Steinreihe, die vermutlich aus vorgeschichtlicher Zeit stammen. Man kann die Steine \u00fcbrigens auch auf dem Zw\u00f6lf-Apostel-Weg erkunden.<\/p>\n<p><img decoding=\"async\" class=\"alignnone wp-image-33971 size-large\" src=\"https:\/\/www.people-abroad.de\/blog\/wp-content\/uploads\/2024\/06\/frankenwald-wandern-37-1024x682.jpeg\" alt=\"Frankenwald Wandern Touren Tipps Wanderwege \" width=\"1024\" height=\"682\" srcset=\"https:\/\/www.people-abroad.de\/blog\/wp-content\/uploads\/2024\/06\/frankenwald-wandern-37-1024x682.jpeg 1024w, https:\/\/www.people-abroad.de\/blog\/wp-content\/uploads\/2024\/06\/frankenwald-wandern-37-300x200.jpeg 300w, https:\/\/www.people-abroad.de\/blog\/wp-content\/uploads\/2024\/06\/frankenwald-wandern-37-768x511.jpeg 768w, https:\/\/www.people-abroad.de\/blog\/wp-content\/uploads\/2024\/06\/frankenwald-wandern-37.jpeg 1200w\" sizes=\"(max-width: 1024px) 100vw, 1024px\" \/><\/p>\n<p>Der FrankenwaldSteig verl\u00e4uft weiter konstant in Richtung Westen. Kurz vor Hermesgr\u00fcn passiere ich einige Weiher, die sich um eine Wegkreuzung gruppieren. Von weitem l\u00e4sst sich deutlich das Quaken von Fr\u00f6schen vernehmen, w\u00e4hrend ich an \u00fcppigen Wiesen vorbei nach Hermesgr\u00fcn laufe, einer kleinen Gemeinde, die nur aus einigen H\u00e4usern besteht. Und schon bald bin ich wieder mitten in der Natur und h\u00f6re wenig sp\u00e4ter einen Kuckuck.<\/p>\n<p><img decoding=\"async\" class=\"alignnone wp-image-33841 size-large\" src=\"https:\/\/www.people-abroad.de\/blog\/wp-content\/uploads\/2024\/06\/frankenwald-wandern-5-1024x682.jpeg\" alt=\"Frankenwaldsteig Etappe Tour\" width=\"1024\" height=\"682\" srcset=\"https:\/\/www.people-abroad.de\/blog\/wp-content\/uploads\/2024\/06\/frankenwald-wandern-5-1024x682.jpeg 1024w, https:\/\/www.people-abroad.de\/blog\/wp-content\/uploads\/2024\/06\/frankenwald-wandern-5-300x200.jpeg 300w, https:\/\/www.people-abroad.de\/blog\/wp-content\/uploads\/2024\/06\/frankenwald-wandern-5-768x511.jpeg 768w, https:\/\/www.people-abroad.de\/blog\/wp-content\/uploads\/2024\/06\/frankenwald-wandern-5.jpeg 1200w\" sizes=\"(max-width: 1024px) 100vw, 1024px\" \/><\/p>\n<p>Der Wanderweg ist gut beschildert und f\u00fchrt \u00fcberwiegend auf unbefestigten Pfaden durch den Frankenwald. Immer wieder gibt es B\u00e4nke, teilweise auch mit Tischen, an denen man f\u00fcr eine Brotzeit rasten kann. Die Tour ist recht kurzweilig und f\u00fchrt n\u00f6rdlich von Heinersberg weiter in Richtung Westen. Nach einem letzten Abschnitt ist auch schon das Etappenziel zu sehen, die Gemeinde Nordhalben im Landkreis Kronach.<\/p>\n<h2><span class=\"ez-toc-section\" id=\"FrankenwaldSteig_Etappenziel_Nordhalben\"><\/span>FrankenwaldSteig | Etappenziel Nordhalben<span class=\"ez-toc-section-end\"><\/span><\/h2>\n<p><img decoding=\"async\" class=\"alignnone wp-image-33842 size-large\" src=\"https:\/\/www.people-abroad.de\/blog\/wp-content\/uploads\/2024\/06\/frankenwald-wandern-6-1024x682.jpeg\" alt=\"Frankenwaldsteig Nordhalben Franken\" width=\"1024\" height=\"682\" srcset=\"https:\/\/www.people-abroad.de\/blog\/wp-content\/uploads\/2024\/06\/frankenwald-wandern-6-1024x682.jpeg 1024w, https:\/\/www.people-abroad.de\/blog\/wp-content\/uploads\/2024\/06\/frankenwald-wandern-6-300x200.jpeg 300w, https:\/\/www.people-abroad.de\/blog\/wp-content\/uploads\/2024\/06\/frankenwald-wandern-6-768x511.jpeg 768w, https:\/\/www.people-abroad.de\/blog\/wp-content\/uploads\/2024\/06\/frankenwald-wandern-6.jpeg 1200w\" sizes=\"(max-width: 1024px) 100vw, 1024px\" \/><\/p>\n<p>Nach Nordhalben geht es noch einmal hinab ins Tal, vorbei an der Jubilate-Kirche und der Dreifaltigkeitskapelle und hinauf zum Ortskern. Der Schlossberg bietet einen tollen Ausblick ins Tal und schlie\u00dflich erreiche ich die St. Bartholom\u00e4us-Kirche und damit das Etappenziel dieser Tour. In Nordhalben gibt es ein Hotel, ein Gasthaus, ein Caf\u00e9 und einen Bahnhof. Die Gemeinde ist f\u00fcr die Tradition des Kl\u00f6ppelns bekannt (Tipp: Museum) und hier wurde auch der Film &#8222;Ballon&#8220; von Michael &#8222;Bully&#8220; Herbig gedreht.<\/p>\n<p>Die beschriebene 1. Etappe auf dem FrankenwaldSteig findest du <a href=\"https:\/\/www.frankenwald-tourismus.de\/detail\/id=6087fd015c73fb40a39aed13\">hier<\/a>.<\/p>\n<p><strong>FrankenwaldSteig | Etappe 1: Bad Steben &#8211; Nordhalben<\/strong><br \/>\nSchwierigkeitsgrad: mittel<br \/>\nL\u00e4nge: 13,1 km<br \/>\nDauer: 04:15 h<br \/>\nAufstieg: 380 hm<br \/>\nAbstieg. 400 hm<\/p>\n<h2><span class=\"ez-toc-section\" id=\"Wandern_im_Frankenwald_Der_Rennsteig\"><\/span>Wandern im Frankenwald | Der Rennsteig<span class=\"ez-toc-section-end\"><\/span><\/h2>\n<p><img decoding=\"async\" class=\"alignnone wp-image-33876 size-large\" src=\"https:\/\/www.people-abroad.de\/blog\/wp-content\/uploads\/2024\/06\/frankenwald-wandern-7-1024x682.jpeg\" alt=\"Rennsteig Gr\u00fcnes Band Tour Etappe\" width=\"1024\" height=\"682\" srcset=\"https:\/\/www.people-abroad.de\/blog\/wp-content\/uploads\/2024\/06\/frankenwald-wandern-7-1024x682.jpeg 1024w, https:\/\/www.people-abroad.de\/blog\/wp-content\/uploads\/2024\/06\/frankenwald-wandern-7-300x200.jpeg 300w, https:\/\/www.people-abroad.de\/blog\/wp-content\/uploads\/2024\/06\/frankenwald-wandern-7-768x511.jpeg 768w, https:\/\/www.people-abroad.de\/blog\/wp-content\/uploads\/2024\/06\/frankenwald-wandern-7.jpeg 1200w\" sizes=\"(max-width: 1024px) 100vw, 1024px\" \/><\/p>\n<p>Der zweite Wanderweg, den ich vom &#8222;Drehkreuz des Wanderns&#8220; teste, ist der Rennsteig. Der Fernwanderweg ist etwa 170 km lang und f\u00fchrt vom Eisenacher Ortsteil H\u00f6rschel bis nach Blankenstein. Der historische Grenzweg mit insgesamt 8 Etappen verl\u00e4uft durch den Th\u00fcringer Wald, das Th\u00fcringer Schiefergebirge und den Frankenwald. Die Wanderer auf dem Rennsteig orientieren sich an dem wei\u00dfen &#8222;R&#8220; als Wegemarkierung, man folgt dabei immer wieder dem Verlauf der ehemaligen innerdeutschen Grenze.<\/p>\n<h2><span class=\"ez-toc-section\" id=\"Rennsteig_Etappe_8_Brennersgruen_%E2%80%93_Blankenstein\"><\/span>Rennsteig | Etappe 8: Brennersgr\u00fcn &#8211; Blankenstein<span class=\"ez-toc-section-end\"><\/span><\/h2>\n<p><img decoding=\"async\" class=\"alignnone wp-image-33877 size-large\" src=\"https:\/\/www.people-abroad.de\/blog\/wp-content\/uploads\/2024\/06\/frankenwald-wandern-9-1024x682.jpeg\" alt=\"Rennsteig Etappe Tour Gr\u00fcnes Band\" width=\"1024\" height=\"682\" srcset=\"https:\/\/www.people-abroad.de\/blog\/wp-content\/uploads\/2024\/06\/frankenwald-wandern-9-1024x682.jpeg 1024w, https:\/\/www.people-abroad.de\/blog\/wp-content\/uploads\/2024\/06\/frankenwald-wandern-9-300x200.jpeg 300w, https:\/\/www.people-abroad.de\/blog\/wp-content\/uploads\/2024\/06\/frankenwald-wandern-9-768x511.jpeg 768w, https:\/\/www.people-abroad.de\/blog\/wp-content\/uploads\/2024\/06\/frankenwald-wandern-9.jpeg 1200w\" sizes=\"(max-width: 1024px) 100vw, 1024px\" \/><\/p>\n<p>F\u00fcr meine Wanderung auf dem Rennsteig bin ich auf der 8. Etappe zwischen Brennersgr\u00fcn und Blankenstein unterwegs. Ich k\u00fcrze diese 20,5 km lange Etappe allerdings etwas ab und starte in Rodacherbrunn am Gasthaus &#8222;Mareile am Rennsteig&#8220;, einer beliebten Rastm\u00f6glichkeit. Von dort aus wandere ich ein kurzes St\u00fcck ostw\u00e4rts bis zum Kirchh\u00fcgel und biege dann ab auf eine gerade Passage durch den Wald in Richtung Kulmberg.<\/p>\n<p><img decoding=\"async\" class=\"alignnone wp-image-33973 size-large\" src=\"https:\/\/www.people-abroad.de\/blog\/wp-content\/uploads\/2024\/06\/frankenwald-wandern-39-1024x682.jpeg\" alt=\"Rennsteig Gr\u00fcnes Band Etappe\" width=\"1024\" height=\"682\" srcset=\"https:\/\/www.people-abroad.de\/blog\/wp-content\/uploads\/2024\/06\/frankenwald-wandern-39-1024x682.jpeg 1024w, https:\/\/www.people-abroad.de\/blog\/wp-content\/uploads\/2024\/06\/frankenwald-wandern-39-300x200.jpeg 300w, https:\/\/www.people-abroad.de\/blog\/wp-content\/uploads\/2024\/06\/frankenwald-wandern-39-768x511.jpeg 768w, https:\/\/www.people-abroad.de\/blog\/wp-content\/uploads\/2024\/06\/frankenwald-wandern-39.jpeg 1200w\" sizes=\"(max-width: 1024px) 100vw, 1024px\" \/><\/p>\n<p>Auf meiner Tour Mitte Juni bl\u00fchen jede Menge Blumen, deshalb l\u00e4sst es sich in der Region recht &#8222;farbenpr\u00e4chtig&#8220; marschieren. Teilweise flattern Schmetterlinge um die Bl\u00fcten am Wegesrand, w\u00e4hrend die Sonne um die Mittagszeit hoch am Himmel steht und die Temperaturen auf angenehme 24 Grad steigen l\u00e4sst. An einer Bank lege ich eine Rast ein und mache mich an dem Lunchpaket (2 K\u00e4sebr\u00f6tchen, Banane, Apfel) zu schaffen, welches ich am Abend vorher im Hotel bestellt habe.<\/p>\n<p><img decoding=\"async\" class=\"alignnone wp-image-33875 size-large\" src=\"https:\/\/www.people-abroad.de\/blog\/wp-content\/uploads\/2024\/06\/frankenwald-wandern-8-1024x682.jpeg\" alt=\"Rennsteig Etappe Tour Gr\u00fcnes Band\" width=\"1024\" height=\"682\" srcset=\"https:\/\/www.people-abroad.de\/blog\/wp-content\/uploads\/2024\/06\/frankenwald-wandern-8-1024x682.jpeg 1024w, https:\/\/www.people-abroad.de\/blog\/wp-content\/uploads\/2024\/06\/frankenwald-wandern-8-300x200.jpeg 300w, https:\/\/www.people-abroad.de\/blog\/wp-content\/uploads\/2024\/06\/frankenwald-wandern-8-768x511.jpeg 768w, https:\/\/www.people-abroad.de\/blog\/wp-content\/uploads\/2024\/06\/frankenwald-wandern-8.jpeg 1200w\" sizes=\"(max-width: 1024px) 100vw, 1024px\" \/><\/p>\n<p>Danach geht es weiter nach Osten und beim Kulmberg an dem stillgelegten Diabas-Steinbrunnen vorbei, der leider eingez\u00e4unt und deshalb nicht zu sehen ist. Daf\u00fcr l\u00e4uft man hier durch ein sch\u00f6nes schattiges Waldst\u00fcck, in dem lebhaftes Vogelgezwitscher zu h\u00f6ren ist. Kurz bevor ich das Ende des Waldes erreicht habe, springt etwa 20 Meter vor mir ein Eichh\u00f6rnchen \u00fcber den Weg und verschwindet direkt wieder hinter dichten Tannen.<\/p>\n<p><img decoding=\"async\" class=\"alignnone wp-image-33873 size-large\" src=\"https:\/\/www.people-abroad.de\/blog\/wp-content\/uploads\/2024\/06\/frankenwald-wandern-12-1024x682.jpeg\" alt=\"Rennsteig Gr\u00fcnes Band Tour Ort\" width=\"1024\" height=\"682\" srcset=\"https:\/\/www.people-abroad.de\/blog\/wp-content\/uploads\/2024\/06\/frankenwald-wandern-12-1024x682.jpeg 1024w, https:\/\/www.people-abroad.de\/blog\/wp-content\/uploads\/2024\/06\/frankenwald-wandern-12-300x200.jpeg 300w, https:\/\/www.people-abroad.de\/blog\/wp-content\/uploads\/2024\/06\/frankenwald-wandern-12-768x511.jpeg 768w, https:\/\/www.people-abroad.de\/blog\/wp-content\/uploads\/2024\/06\/frankenwald-wandern-12.jpeg 1200w\" sizes=\"(max-width: 1024px) 100vw, 1024px\" \/><\/p>\n<p>\u00dcber einen Feld- und Wiesenweg erreiche ich den Ort Schlegel bei Lobenstein. Die kleine Gemeinde in Th\u00fcringen besteht nur aus wenigen Stra\u00dfen und hat zwar keine M\u00f6glichkeiten zum Einkehren. Aber immerhin gibt es im Ortskern eine Sitzgelegenheit mit einem Stein, auf dem das &#8222;R&#8220; der Rennsteig-Gemeinde deutlich zu sehen ist. Ich trinke einen Schluck aus meiner Trinkflasche und wandere wenig sp\u00e4ter schon wieder mitten im Gr\u00fcnen.<\/p>\n<p><img decoding=\"async\" class=\"alignnone wp-image-33872 size-large\" src=\"https:\/\/www.people-abroad.de\/blog\/wp-content\/uploads\/2024\/06\/frankenwald-wandern-11-1024x682.jpeg\" alt=\"Rennsteig Gr\u00fcnes Band Tour Etappe H\u00fctte\" width=\"1024\" height=\"682\" srcset=\"https:\/\/www.people-abroad.de\/blog\/wp-content\/uploads\/2024\/06\/frankenwald-wandern-11-1024x682.jpeg 1024w, https:\/\/www.people-abroad.de\/blog\/wp-content\/uploads\/2024\/06\/frankenwald-wandern-11-300x200.jpeg 300w, https:\/\/www.people-abroad.de\/blog\/wp-content\/uploads\/2024\/06\/frankenwald-wandern-11-768x511.jpeg 768w, https:\/\/www.people-abroad.de\/blog\/wp-content\/uploads\/2024\/06\/frankenwald-wandern-11.jpeg 1200w\" sizes=\"(max-width: 1024px) 100vw, 1024px\" \/><\/p>\n<p>\u00dcber die beschauliche Gemeinde Seibis f\u00fchrt der Rennsteig weiter an der Grenze zwischen Th\u00fcringen und Bayern entlang bis nach Blankenstein, dem Zielpunkt dieser Etappe auf dem Rennsteig. Blankenburg liegt nordwestlich von der Selbitz, das Drehkreuz des Wanderns im Frankenwald s\u00fcd\u00f6stlich davon. \u00dcber eine Holzbr\u00fccke erreicht man mit dem Drehkreuz wieder den &#8222;Dreh- &amp; Angelpunkt&#8220;, was das Wandern im Frankenwald betrifft.<\/p>\n<p>Die beschriebene 8. Etappe auf dem Rennsteig findest du <a href=\"https:\/\/www.rennsteig.de\/wandern\/von-brennersgruen-nach-blankenstein\">hier<\/a>.<\/p>\n<p><strong>Rennsteig | Etappe 8: Brennersgr\u00fcn &#8211; Blankenstein<\/strong><br \/>\nSchwierigkeitsgrad: mittel<br \/>\nL\u00e4nge: 20,5 km<br \/>\nDauer: 06:00 h<br \/>\nAufstieg: 100 hm<br \/>\nAbstieg. 380 hm<\/p>\n<h2><span class=\"ez-toc-section\" id=\"Wandern_im_Frankenwald_Der_Fraenkische_Gebirgsweg\"><\/span>Wandern im Frankenwald | Der Fr\u00e4nkische Gebirgsweg<span class=\"ez-toc-section-end\"><\/span><\/h2>\n<p><img decoding=\"async\" class=\"alignnone wp-image-33893 size-large\" src=\"https:\/\/www.people-abroad.de\/blog\/wp-content\/uploads\/2024\/06\/frankenwald-wandern-13-1024x682.jpeg\" alt=\"Fr\u00e4nkischer Gebirgsweg Etappe Tour \" width=\"1024\" height=\"682\" srcset=\"https:\/\/www.people-abroad.de\/blog\/wp-content\/uploads\/2024\/06\/frankenwald-wandern-13-1024x682.jpeg 1024w, https:\/\/www.people-abroad.de\/blog\/wp-content\/uploads\/2024\/06\/frankenwald-wandern-13-300x200.jpeg 300w, https:\/\/www.people-abroad.de\/blog\/wp-content\/uploads\/2024\/06\/frankenwald-wandern-13-768x511.jpeg 768w, https:\/\/www.people-abroad.de\/blog\/wp-content\/uploads\/2024\/06\/frankenwald-wandern-13.jpeg 1200w\" sizes=\"(max-width: 1024px) 100vw, 1024px\" \/><\/p>\n<p>Der dritte Wanderweg auf meiner Sternwanderung im Frankenwald ist der Fr\u00e4nkischen Gebirgsweg. Er ist insgesamt rund 440 km lang und f\u00fchrt von Blankenstein bis nach Hersbruck. Unterwegs kommt der Wanderer durch den Frankenwald, das Fichtelgebirge und den Steinwald, die Fr\u00e4nkische Schweiz und die Hersbrucker Schweiz. Auf 21 Etappen geht es dabei durch die landschaftlich sehr vielseitige Naturregion Franken.<\/p>\n<h2><span class=\"ez-toc-section\" id=\"Fraenkischer_Gebirgsweg_Etappe_1_Blankenstein_%E2%80%93_Selbitz\"><\/span>Fr\u00e4nkischer Gebirgsweg | Etappe 1: Blankenstein &#8211; Selbitz<span class=\"ez-toc-section-end\"><\/span><\/h2>\n<p><img decoding=\"async\" class=\"alignnone wp-image-33892 size-large\" src=\"https:\/\/www.people-abroad.de\/blog\/wp-content\/uploads\/2024\/06\/frankenwald-wandern-14-1024x682.jpeg\" alt=\"Fr\u00e4nkischer Gebirgsweg Etappe Tour\" width=\"1024\" height=\"682\" srcset=\"https:\/\/www.people-abroad.de\/blog\/wp-content\/uploads\/2024\/06\/frankenwald-wandern-14-1024x682.jpeg 1024w, https:\/\/www.people-abroad.de\/blog\/wp-content\/uploads\/2024\/06\/frankenwald-wandern-14-300x200.jpeg 300w, https:\/\/www.people-abroad.de\/blog\/wp-content\/uploads\/2024\/06\/frankenwald-wandern-14-768x511.jpeg 768w, https:\/\/www.people-abroad.de\/blog\/wp-content\/uploads\/2024\/06\/frankenwald-wandern-14.jpeg 1200w\" sizes=\"(max-width: 1024px) 100vw, 1024px\" \/><\/p>\n<p>Die Etappe 1 beginnt in Blankenstein (Th\u00fcringen) beim Drehkreuz des Wanderns. Von dort aus geht es \u00fcber die Br\u00fccke der L1093 und dann an der Saale entlang bis zur Papierfabrik Blankenberg. \u00dcber die Europabr\u00fccke (Foto) wechselt man von Th\u00fcringen wieder in das Bundesland Bayern. Hier wird das grenz\u00fcberschreitende Wandern an der ehemaligen innerdeutschen Grenze erlebbar. Das &#8222;Br\u00fccken verbinden&#8220; auf dem Schild hat mir besonders gut gefallen.<\/p>\n<p><img decoding=\"async\" class=\"alignnone wp-image-33890 size-large\" src=\"https:\/\/www.people-abroad.de\/blog\/wp-content\/uploads\/2024\/06\/frankenwald-wandern-16-1024x682.jpeg\" alt=\"Frankenwald Wandern Touren Tipps Wanderwege \" width=\"1024\" height=\"682\" srcset=\"https:\/\/www.people-abroad.de\/blog\/wp-content\/uploads\/2024\/06\/frankenwald-wandern-16-1024x682.jpeg 1024w, https:\/\/www.people-abroad.de\/blog\/wp-content\/uploads\/2024\/06\/frankenwald-wandern-16-300x200.jpeg 300w, https:\/\/www.people-abroad.de\/blog\/wp-content\/uploads\/2024\/06\/frankenwald-wandern-16-768x511.jpeg 768w, https:\/\/www.people-abroad.de\/blog\/wp-content\/uploads\/2024\/06\/frankenwald-wandern-16.jpeg 1200w\" sizes=\"(max-width: 1024px) 100vw, 1024px\" \/><\/p>\n<p>Nach der Europabr\u00fccke geht es bergauf durch ein schattiges Waldst\u00fcck, bis man ein Plateau erreicht. Hier marschiere ich auf relativ ebener Fl\u00e4che an Feldern vorbei nach Osten und biege dann nach S\u00fcdwesten ab. Aus der Entfernung sehe ich Landwirte auf Feldern arbeiten und es sind vereinzelt Erntemaschinen zu h\u00f6ren. Der Weg bis in die Gemeinde Issigau ist recht schnell bew\u00e4ltigt, dort gibt es einen sch\u00f6nen Dorfplatz mit Rastm\u00f6glichkeit.<\/p>\n<p><img decoding=\"async\" class=\"alignnone wp-image-33894 size-large\" src=\"https:\/\/www.people-abroad.de\/blog\/wp-content\/uploads\/2024\/06\/frankenwald-wandern-17-1024x682.jpeg\" alt=\"Frankenwald Wandern Touren Tipps Wanderwege \" width=\"1024\" height=\"682\" srcset=\"https:\/\/www.people-abroad.de\/blog\/wp-content\/uploads\/2024\/06\/frankenwald-wandern-17-1024x682.jpeg 1024w, https:\/\/www.people-abroad.de\/blog\/wp-content\/uploads\/2024\/06\/frankenwald-wandern-17-300x200.jpeg 300w, https:\/\/www.people-abroad.de\/blog\/wp-content\/uploads\/2024\/06\/frankenwald-wandern-17-768x511.jpeg 768w, https:\/\/www.people-abroad.de\/blog\/wp-content\/uploads\/2024\/06\/frankenwald-wandern-17.jpeg 1200w\" sizes=\"(max-width: 1024px) 100vw, 1024px\" \/><\/p>\n<p>Wenn ich auf Wanderreisen bin, suche ich immer gerne Kirchen oder kleine Kapellen auf. Weniger aus religi\u00f6sen Gr\u00fcnden, obwohl ich katholisch getauft bin. Ich mag einfach die Stille und komme da gerne f\u00fcr einen Moment zur Ruhe. Sch\u00f6n ist die Simon-und-Judas-Kirche in Issigau, da lohnt es sich mal reinzuschauen. Nach einer Pause schlendere ich weiter und gehe bergauf bis zum Sonnenberg Issigau. Dort gibt es einen Solarpark, der klimafreundlichen B\u00fcrgerstrom produziert.<\/p>\n<p><img decoding=\"async\" class=\"alignnone wp-image-33891 size-large\" src=\"https:\/\/www.people-abroad.de\/blog\/wp-content\/uploads\/2024\/06\/frankenwald-wandern-18-1024x682.jpeg\" alt=\"Natur- und Waldfriedhof Frankenwald\" width=\"1024\" height=\"682\" srcset=\"https:\/\/www.people-abroad.de\/blog\/wp-content\/uploads\/2024\/06\/frankenwald-wandern-18-1024x682.jpeg 1024w, https:\/\/www.people-abroad.de\/blog\/wp-content\/uploads\/2024\/06\/frankenwald-wandern-18-300x200.jpeg 300w, https:\/\/www.people-abroad.de\/blog\/wp-content\/uploads\/2024\/06\/frankenwald-wandern-18-768x511.jpeg 768w, https:\/\/www.people-abroad.de\/blog\/wp-content\/uploads\/2024\/06\/frankenwald-wandern-18.jpeg 1200w\" sizes=\"(max-width: 1024px) 100vw, 1024px\" \/><\/p>\n<p>Nur wenige Schritte weiter wandere ich in den Wald- und Naturfriedhof Frankenwald. Der Wanderweg f\u00fchrt direkt hindurch und an der Andachtstelle mit Holzkreuz und B\u00e4nken setze ich mich noch einmal hin. An den B\u00e4umen sehe ich kleine Namensschilder. Bis auf das Vogelgezwitscher ist es ruhig und dieser Ort strahlt eine sehr friedliche Atmosph\u00e4re aus. Etwas sp\u00e4ter setze ich dann meine Wandertour im Frankenwald in Richtung S\u00fcdosten fort.<\/p>\n<p><img decoding=\"async\" class=\"alignnone wp-image-33889 size-large\" src=\"https:\/\/www.people-abroad.de\/blog\/wp-content\/uploads\/2024\/06\/frankenwald-wandern-15-1024x682.jpeg\" alt=\"Fr\u00e4nkischer Gebirgsweg Etappe Tour\" width=\"1024\" height=\"682\" srcset=\"https:\/\/www.people-abroad.de\/blog\/wp-content\/uploads\/2024\/06\/frankenwald-wandern-15-1024x682.jpeg 1024w, https:\/\/www.people-abroad.de\/blog\/wp-content\/uploads\/2024\/06\/frankenwald-wandern-15-300x200.jpeg 300w, https:\/\/www.people-abroad.de\/blog\/wp-content\/uploads\/2024\/06\/frankenwald-wandern-15-768x511.jpeg 768w, https:\/\/www.people-abroad.de\/blog\/wp-content\/uploads\/2024\/06\/frankenwald-wandern-15.jpeg 1200w\" sizes=\"(max-width: 1024px) 100vw, 1024px\" \/><\/p>\n<p>Meine Tour geht weiter \u00fcber Felder und Wiesen in einen beschaulichen Tannenwald hinein. Der Pfad ist leicht verwurzelt und schon bald erreiche ich die kleine Gemeinde Rothleiten. Im Ort gibt es eine Bushaltestelle, von der aus mich der Hofer Landbus zu meiner n\u00e4chsten Tour bringt. \u00dcber die <a href=\"https:\/\/www.hofer-landbus.de\">Hofer Landbus-App<\/a> kann man Transfers vorab buchen, eine tolle M\u00f6glichkeit f\u00fcr Einheimische und Wanderurlauber. Der eigentliche Zielpunkt dieser Etappe ist Selbitz weiter s\u00fcdlich.<\/p>\n<p>Die beschriebene 1. Etappe auf dem Fr\u00e4nkischen Gebirgsweg findest du <a href=\"https:\/\/www.komoot.com\/de-de\/tour\/103733737\">hier<\/a>.<\/p>\n<p><strong>Fr\u00e4nkischer Gebirgsweg | Etappe 1: Blankenstein &#8211; Selbitz<\/strong><br \/>\nSchwierigkeitsgrad: mittel<br \/>\nL\u00e4nge: 17,6 km<br \/>\nDauer: 05:00 h<br \/>\nAufstieg: 400 hm<br \/>\nAbstieg. 340 hm<\/p>\n<h2><span class=\"ez-toc-section\" id=\"Wandern_im_Frankenwald_Der_Kammweg\"><\/span>Wandern im Frankenwald | Der Kammweg<span class=\"ez-toc-section-end\"><\/span><\/h2>\n<p><img decoding=\"async\" class=\"alignnone wp-image-33923 size-large\" src=\"https:\/\/www.people-abroad.de\/blog\/wp-content\/uploads\/2024\/06\/frankenwald-wandern-19-1024x682.jpeg\" alt=\"Kammweg Frankenwald Wandern Touren Tipps Wanderwege \" width=\"1024\" height=\"682\" srcset=\"https:\/\/www.people-abroad.de\/blog\/wp-content\/uploads\/2024\/06\/frankenwald-wandern-19-1024x682.jpeg 1024w, https:\/\/www.people-abroad.de\/blog\/wp-content\/uploads\/2024\/06\/frankenwald-wandern-19-300x200.jpeg 300w, https:\/\/www.people-abroad.de\/blog\/wp-content\/uploads\/2024\/06\/frankenwald-wandern-19-768x511.jpeg 768w, https:\/\/www.people-abroad.de\/blog\/wp-content\/uploads\/2024\/06\/frankenwald-wandern-19.jpeg 1200w\" sizes=\"(max-width: 1024px) 100vw, 1024px\" \/><\/p>\n<p>Der vierte Wanderweg auf meiner Sternwanderung im Frankenwald ist der Kammweg Erzgebirge-Vogtland. Mit einer L\u00e4nge von etwa 285 km verl\u00e4uft er von Geising in Sachsen durch das Erzgebirge und das Vogtland bis nach Blankenstein. Auf 21 Etappen kommt der Wanderer dabei durch Sachsen und Th\u00fcringen sowie ein kleines St\u00fcck durch Franken (Bayern). Auf der letzten Etappe, die ich gelaufen bin, f\u00fchrt der Kammweg bis nach Blankenstein zum Drehkreuz des Wanderns.<\/p>\n<h2><span class=\"ez-toc-section\" id=\"Kammweg_Etappe_17_Hirschberg_%E2%80%93_Blankenstein\"><\/span>Kammweg | Etappe 17: Hirschberg &#8211; Blankenstein<span class=\"ez-toc-section-end\"><\/span><\/h2>\n<p><img decoding=\"async\" class=\"alignnone wp-image-33918 size-large\" src=\"https:\/\/www.people-abroad.de\/blog\/wp-content\/uploads\/2024\/06\/frankenwald-wandern-23-1024x682.jpeg\" alt=\"Kammweg Frankenwald Wandern Touren Tipps Wanderwege \" width=\"1024\" height=\"682\" srcset=\"https:\/\/www.people-abroad.de\/blog\/wp-content\/uploads\/2024\/06\/frankenwald-wandern-23-1024x682.jpeg 1024w, https:\/\/www.people-abroad.de\/blog\/wp-content\/uploads\/2024\/06\/frankenwald-wandern-23-300x200.jpeg 300w, https:\/\/www.people-abroad.de\/blog\/wp-content\/uploads\/2024\/06\/frankenwald-wandern-23-768x511.jpeg 768w, https:\/\/www.people-abroad.de\/blog\/wp-content\/uploads\/2024\/06\/frankenwald-wandern-23.jpeg 1200w\" sizes=\"(max-width: 1024px) 100vw, 1024px\" \/><\/p>\n<p>Die 17. Etappe startet in Hirschberg, wobei ich etwas sp\u00e4ter auf dem Wanderweg eingestiegen bin, da ich mit dem Hofer Landbus nach Rudolphstein gefahren bin. Von dort aus marschiere ich in Richtung Westen und erreiche schon bald die Saale. Am Fluss geht es ein sch\u00f6nes schattiges St\u00fcck am ehemaligen Grenzverlauf entlang bis zu einer Abzweigung, von der ein Pfad nach rechts und hinauf bis zur kleinen Gemeinde Pottiga f\u00fchrt.<\/p>\n<p><img decoding=\"async\" class=\"alignnone wp-image-33920 size-large\" src=\"https:\/\/www.people-abroad.de\/blog\/wp-content\/uploads\/2024\/06\/frankenwald-wandern-21-1024x682.jpeg\" alt=\"Skywalk Pottiga Aussicht\" width=\"1024\" height=\"682\" srcset=\"https:\/\/www.people-abroad.de\/blog\/wp-content\/uploads\/2024\/06\/frankenwald-wandern-21-1024x682.jpeg 1024w, https:\/\/www.people-abroad.de\/blog\/wp-content\/uploads\/2024\/06\/frankenwald-wandern-21-300x200.jpeg 300w, https:\/\/www.people-abroad.de\/blog\/wp-content\/uploads\/2024\/06\/frankenwald-wandern-21-768x511.jpeg 768w, https:\/\/www.people-abroad.de\/blog\/wp-content\/uploads\/2024\/06\/frankenwald-wandern-21.jpeg 1200w\" sizes=\"(max-width: 1024px) 100vw, 1024px\" \/><\/p>\n<p>Richtig toll ist die Aussichtsplattform Pottiga, auch Skywalk Pottiga genannt. Sie befindet sich hoch \u00fcber dem Tal der Saale und von oben hat man einen gro\u00dfartigen Blick auf die gr\u00fcnen H\u00fcgel dieser sch\u00f6nen Region. Hoch ragt die gr\u00fcne Konstruktion aus Metall in den Himmel, von der aus man die Umgebung \u00fcberblicken kann. Direkt neben dem Skywalk gibt es mit dem Pavillon einen Rastplatz f\u00fcr den Wanderer mit Infotafeln und Hinweisen zur Region.<\/p>\n<p><img decoding=\"async\" class=\"alignnone wp-image-33921 size-large\" src=\"https:\/\/www.people-abroad.de\/blog\/wp-content\/uploads\/2024\/06\/frankenwald-wandern-20-1024x682.jpeg\" alt=\"Skywalk Pottiga Aussicht\" width=\"1024\" height=\"682\" srcset=\"https:\/\/www.people-abroad.de\/blog\/wp-content\/uploads\/2024\/06\/frankenwald-wandern-20-1024x682.jpeg 1024w, https:\/\/www.people-abroad.de\/blog\/wp-content\/uploads\/2024\/06\/frankenwald-wandern-20-300x200.jpeg 300w, https:\/\/www.people-abroad.de\/blog\/wp-content\/uploads\/2024\/06\/frankenwald-wandern-20-768x511.jpeg 768w, https:\/\/www.people-abroad.de\/blog\/wp-content\/uploads\/2024\/06\/frankenwald-wandern-20.jpeg 1200w\" sizes=\"(max-width: 1024px) 100vw, 1024px\" \/><\/p>\n<p>Der Skywalk befindet sich auf einer Anh\u00f6he, die Wachh\u00fcgel hei\u00dft. W\u00e4hrend der deutschen Teilung war dieser Punkt nicht zug\u00e4nglich, da es in direkter N\u00e4he dazu eine Grenzsicherungsanlage gab. Heute kann der Wanderer hier seinen Blick ungehindert schweifen lassen und sich an den verschiedenen Gr\u00fcnt\u00f6nen dieser malerischen Landschaft erfreuen. Einfach herrlich, dass man hier in der Grenzregion grenzenlos wandern kann.<\/p>\n<p><img decoding=\"async\" class=\"alignnone wp-image-33919 size-large\" src=\"https:\/\/www.people-abroad.de\/blog\/wp-content\/uploads\/2024\/06\/frankenwald-wandern-22-1024x682.jpeg\" alt=\"Kammweg Blankenberg \" width=\"1024\" height=\"682\" srcset=\"https:\/\/www.people-abroad.de\/blog\/wp-content\/uploads\/2024\/06\/frankenwald-wandern-22-1024x682.jpeg 1024w, https:\/\/www.people-abroad.de\/blog\/wp-content\/uploads\/2024\/06\/frankenwald-wandern-22-300x200.jpeg 300w, https:\/\/www.people-abroad.de\/blog\/wp-content\/uploads\/2024\/06\/frankenwald-wandern-22-768x511.jpeg 768w, https:\/\/www.people-abroad.de\/blog\/wp-content\/uploads\/2024\/06\/frankenwald-wandern-22.jpeg 1200w\" sizes=\"(max-width: 1024px) 100vw, 1024px\" \/><\/p>\n<p>Von Pottiga laufe ich wieder durch ein Waldst\u00fcck nach S\u00fcdwesten am Grenzverlauf entlang. Der n\u00e4chste Ort ist schon bald in Sichtweite: die Gemeinde Blankenberg. Sie liegt idyllisch auf einem Bergsattel und hat einen sch\u00f6nen Ortskern mit der Gnadenkirche und der Burgruine Blankenstein. Direkt unterhalb von Blankenberg bin ich auf meiner Etappe auf dem Fr\u00e4nkischen Gebirgsweg an der ehemaligen Papierfabrik \u00fcber die Europabr\u00fccke gewandert.<\/p>\n<h2><span class=\"ez-toc-section\" id=\"Kammweg_Etappenziel_Blankenstein\"><\/span>Kammweg | Etappenziel Blankenstein<span class=\"ez-toc-section-end\"><\/span><\/h2>\n<p><img decoding=\"async\" class=\"alignnone wp-image-33922 size-large\" src=\"https:\/\/www.people-abroad.de\/blog\/wp-content\/uploads\/2024\/06\/frankenwald-wandern-24-1024x682.jpeg\" alt=\"Kammweg Blankenstein Blankenberg Saale\" width=\"1024\" height=\"682\" srcset=\"https:\/\/www.people-abroad.de\/blog\/wp-content\/uploads\/2024\/06\/frankenwald-wandern-24-1024x682.jpeg 1024w, https:\/\/www.people-abroad.de\/blog\/wp-content\/uploads\/2024\/06\/frankenwald-wandern-24-300x200.jpeg 300w, https:\/\/www.people-abroad.de\/blog\/wp-content\/uploads\/2024\/06\/frankenwald-wandern-24-768x511.jpeg 768w, https:\/\/www.people-abroad.de\/blog\/wp-content\/uploads\/2024\/06\/frankenwald-wandern-24.jpeg 1200w\" sizes=\"(max-width: 1024px) 100vw, 1024px\" \/><\/p>\n<p>In Blankenberg geht es westw\u00e4rts \u00fcber Felsen zu einem weiteren sch\u00f6nen Aussichtspunkt mit \u00fcberdachter Bank (&#8222;Hochzeitskorb&#8220;). Von dort aus kann man schon Blankenstein sehen, das Ziel dieser Etappe und gleichzeitig auch der Zielpunkt vom Kammweg. Der letzte Abschnitt der Wanderung f\u00fchrt mich weiter nach Westen \u00fcber die Saalebr\u00fccke bin zum Drehkreuz des Wanderns. Die Tour bietet insgesamt eine sch\u00f6ne Mischung aus schattigen Passagen im Tal und guten Aussichtspunkten in der H\u00f6he.<\/p>\n<p>Die beschriebene 17. Etappe auf dem Kammweg Erzgebirge-Vogtland findest du <a href=\"https:\/\/www.erzgebirge-tourismus.de\/kammweg\/tour\/kammweg-etappe-17-von-hirschberg-nach-blankenstein\/tour.html\">hier<\/a>.<\/p>\n<p><strong>Kammweg Erzgebirge-Vogtland | Etappe 17: Hirschberg &#8211; Blankenstein<\/strong><br \/>\nSchwierigkeitsgrad: mittel<br \/>\nL\u00e4nge: 13,8 km<br \/>\nDauer: 04:00 h<br \/>\nAufstieg: 330 hm<br \/>\nAbstieg. 350 hm<\/p>\n<h2><span class=\"ez-toc-section\" id=\"Wandern_im_Frankenwald_Der_Frankenweg\"><\/span>Wandern im Frankenwald | Der Frankenweg<span class=\"ez-toc-section-end\"><\/span><\/h2>\n<p><img decoding=\"async\" class=\"alignnone wp-image-33943 size-large\" src=\"https:\/\/www.people-abroad.de\/blog\/wp-content\/uploads\/2024\/06\/frankenwald-wandern-30-1024x682.jpeg\" alt=\"Frankenweg Etappe Tour Tipps\" width=\"1024\" height=\"682\" srcset=\"https:\/\/www.people-abroad.de\/blog\/wp-content\/uploads\/2024\/06\/frankenwald-wandern-30-1024x682.jpeg 1024w, https:\/\/www.people-abroad.de\/blog\/wp-content\/uploads\/2024\/06\/frankenwald-wandern-30-300x200.jpeg 300w, https:\/\/www.people-abroad.de\/blog\/wp-content\/uploads\/2024\/06\/frankenwald-wandern-30-768x511.jpeg 768w, https:\/\/www.people-abroad.de\/blog\/wp-content\/uploads\/2024\/06\/frankenwald-wandern-30.jpeg 1200w\" sizes=\"(max-width: 1024px) 100vw, 1024px\" \/><\/p>\n<p>Der f\u00fcnfte und letzte Wanderweg auf meiner Sternwanderung ist der Frankenweg. Er geh\u00f6rt zu den Klassikern und war der erste Weitwanderweg in Deutschland, der als &#8222;Qualit\u00e4tsweg Wanderbares Deutschland&#8220; zertifiziert wurde. Mit einer L\u00e4nge von 520 km verl\u00e4uft er von Untereichenstein im Frankenwald bis nach Harburg am Ostrand der Schw\u00e4bischen Alb. Auf 23 Etappen kommt man dabei durch die Regionen Frankenwald, Oberes Maintal-Coburger Land, Fr\u00e4nkische Schweiz, Frankenalb, Naturpark Altm\u00fchltal und Fr\u00e4nkisches Seenland.<\/p>\n<h2><span class=\"ez-toc-section\" id=\"Frankenweg_Etappe_1_Untereichenstein_%E2%80%93_Naila\"><\/span>Frankenweg | Etappe 1: Untereichenstein &#8211; Naila<span class=\"ez-toc-section-end\"><\/span><\/h2>\n<p><img decoding=\"async\" class=\"alignnone wp-image-33978 size-large\" src=\"https:\/\/www.people-abroad.de\/blog\/wp-content\/uploads\/2024\/06\/frankenwald-wandern-41-1024x682.jpeg\" alt=\"Frankenweg Etappe Tour Tipps\" width=\"1024\" height=\"682\" srcset=\"https:\/\/www.people-abroad.de\/blog\/wp-content\/uploads\/2024\/06\/frankenwald-wandern-41-1024x682.jpeg 1024w, https:\/\/www.people-abroad.de\/blog\/wp-content\/uploads\/2024\/06\/frankenwald-wandern-41-300x200.jpeg 300w, https:\/\/www.people-abroad.de\/blog\/wp-content\/uploads\/2024\/06\/frankenwald-wandern-41-768x511.jpeg 768w, https:\/\/www.people-abroad.de\/blog\/wp-content\/uploads\/2024\/06\/frankenwald-wandern-41.jpeg 1200w\" sizes=\"(max-width: 1024px) 100vw, 1024px\" \/><\/p>\n<p>Die 1. Etappe auf dem Frankenweg f\u00fchrt von Untereichenstein bis Naila, die 2. Etappe von Naila bis Bischofsm\u00fchle. Bei meiner Wanderung bin ich sowohl auf einem Teil der 1. &amp; 2. Etappe unterwegs. Hierzu starte ich von Marxgr\u00fcn und wandere \u00fcber Naila bis zum D\u00f6braberg. Mein pers\u00f6nliches Etappenziel hat den Vorteil, dass der D\u00f6braberg mit dem Aussichtsturm das Highlight dieser Tour und gleichzeitig auch der Abschluss meiner Wandertage im Frankenwald ist.<\/p>\n<p><img decoding=\"async\" class=\"alignnone wp-image-33945 size-large\" src=\"https:\/\/www.people-abroad.de\/blog\/wp-content\/uploads\/2024\/06\/frankenwald-wandern-29-1024x682.jpeg\" alt=\"Frankenwald Wandern Touren Tipps Wanderwege Rast\" width=\"1024\" height=\"682\" srcset=\"https:\/\/www.people-abroad.de\/blog\/wp-content\/uploads\/2024\/06\/frankenwald-wandern-29-1024x682.jpeg 1024w, https:\/\/www.people-abroad.de\/blog\/wp-content\/uploads\/2024\/06\/frankenwald-wandern-29-300x200.jpeg 300w, https:\/\/www.people-abroad.de\/blog\/wp-content\/uploads\/2024\/06\/frankenwald-wandern-29-768x511.jpeg 768w, https:\/\/www.people-abroad.de\/blog\/wp-content\/uploads\/2024\/06\/frankenwald-wandern-29.jpeg 1200w\" sizes=\"(max-width: 1024px) 100vw, 1024px\" \/><\/p>\n<p>Von Marxgr\u00fcn laufe ich s\u00fcdw\u00e4rts bis zur kleinen Gemeinde Christusgr\u00fcn. Hier verstehen die Einwohner den Wanderer zu begeistern, denn in der Ortsmitte gibt es den Christusgr\u00fcner Erfrischungsbrunnen mit Rastm\u00f6glichkeit. In einem Schaft in der Erde verstecken sich bestens gek\u00fchlte Radler (1,50 \u20ac). Einen Kasten f\u00fcr die Pfandflaschen gibt es ebenso. Frisch gest\u00e4rkt kann es also nach einer Getr\u00e4nkepause weitergehen bis nach Naila.<\/p>\n<p><img decoding=\"async\" class=\"alignnone wp-image-33940 size-large\" src=\"https:\/\/www.people-abroad.de\/blog\/wp-content\/uploads\/2024\/06\/frankenwald-wandern-27-1024x682.jpeg\" alt=\"Frankenweg D\u00f6braberg Etappe Tour\" width=\"1024\" height=\"682\" srcset=\"https:\/\/www.people-abroad.de\/blog\/wp-content\/uploads\/2024\/06\/frankenwald-wandern-27-1024x682.jpeg 1024w, https:\/\/www.people-abroad.de\/blog\/wp-content\/uploads\/2024\/06\/frankenwald-wandern-27-300x200.jpeg 300w, https:\/\/www.people-abroad.de\/blog\/wp-content\/uploads\/2024\/06\/frankenwald-wandern-27-768x511.jpeg 768w, https:\/\/www.people-abroad.de\/blog\/wp-content\/uploads\/2024\/06\/frankenwald-wandern-27.jpeg 1200w\" sizes=\"(max-width: 1024px) 100vw, 1024px\" \/><\/p>\n<p>Von Naila wandere ich \u00fcber Feld- und Wiesenwege bis nach Schottenhammer und dann nach Culmitz. Von hier aus ist es nicht mehr weit bis nach Kleind\u00f6bra bei Schwarzenbach am Wald. Nun erfolgt der letzte Abschnitt meiner Tour &#8211; der Gipfelanstieg auf den D\u00f6braberg. Er ist mit 794,6 Metern die h\u00f6chste Erhebung im Frankenwald. Sportlich ist der Anstieg auf den Gipfel definitiv, denn es geht stetig bergauf in Richtung Zielpunkt.<\/p>\n<p><img decoding=\"async\" class=\"alignnone wp-image-33941 size-large\" src=\"https:\/\/www.people-abroad.de\/blog\/wp-content\/uploads\/2024\/06\/frankenwald-wandern-25-1024x682.jpeg\" alt=\"D\u00f6braberg Frankenweg Franken Aussicht\" width=\"1024\" height=\"682\" srcset=\"https:\/\/www.people-abroad.de\/blog\/wp-content\/uploads\/2024\/06\/frankenwald-wandern-25-1024x682.jpeg 1024w, https:\/\/www.people-abroad.de\/blog\/wp-content\/uploads\/2024\/06\/frankenwald-wandern-25-300x200.jpeg 300w, https:\/\/www.people-abroad.de\/blog\/wp-content\/uploads\/2024\/06\/frankenwald-wandern-25-768x511.jpeg 768w, https:\/\/www.people-abroad.de\/blog\/wp-content\/uploads\/2024\/06\/frankenwald-wandern-25.jpeg 1200w\" sizes=\"(max-width: 1024px) 100vw, 1024px\" \/><\/p>\n<p>Je weiter ich nach oben komme, desto gro\u00dfartiger wird der Blick \u00fcber die Region. Die letzte Passage fordert noch einmal richtig Energie, doch dann ist es endlich geschafft und ich muss nur noch den Prinz-Luitpold-Turm erklimmen, um die herrliche Aussicht von oben zu genie\u00dfen. Der Fernblick gibt einem gleich wieder neue Energie und ich entdecke dabei auch noch einige Ecken, die ich im Frankenwald noch nicht erwandert habe.<\/p>\n<h2><span class=\"ez-toc-section\" id=\"Frankenweg_Wanderziel_Doebraberg\"><\/span>Frankenweg | Wanderziel D\u00f6braberg<span class=\"ez-toc-section-end\"><\/span><\/h2>\n<p><img decoding=\"async\" class=\"alignnone wp-image-33942 size-large\" src=\"https:\/\/www.people-abroad.de\/blog\/wp-content\/uploads\/2024\/06\/frankenwald-wandern-26-1024x682.jpeg\" alt=\"D\u00f6braberg Frankenweg Aussicht Franken\" width=\"1024\" height=\"682\" srcset=\"https:\/\/www.people-abroad.de\/blog\/wp-content\/uploads\/2024\/06\/frankenwald-wandern-26-1024x682.jpeg 1024w, https:\/\/www.people-abroad.de\/blog\/wp-content\/uploads\/2024\/06\/frankenwald-wandern-26-300x200.jpeg 300w, https:\/\/www.people-abroad.de\/blog\/wp-content\/uploads\/2024\/06\/frankenwald-wandern-26-768x511.jpeg 768w, https:\/\/www.people-abroad.de\/blog\/wp-content\/uploads\/2024\/06\/frankenwald-wandern-26.jpeg 1200w\" sizes=\"(max-width: 1024px) 100vw, 1024px\" \/><\/p>\n<p>Auf dem D\u00f6braberg enden meine Wandertouren im Frankenwald. Sch\u00f6n abwechslungsreich und vielseitig war es am &#8222;Drehkreuz des Wanderns&#8220;. Eine Sternwanderung am Drehkreuz l\u00e4sst sich buchen \u00fcber Frankenwald Tourismus, weitere Infos dazu findest du <a href=\"https:\/\/www.frankenwald-tourismus.de\/detail\/id=61b9be6078f3dc2a8093328b\">hier<\/a>. Au\u00dferdem k\u00f6nnen Wanderer \u00fcber die <a href=\"https:\/\/www.hofer-landbus.de\">Hofer Landbus-App<\/a> Transfers vorab reservieren.<\/p>\n<p>Die beschriebene 1. Etappe auf dem Frankenweg findest du <a href=\"https:\/\/www.wanderbares-deutschland.de\/wege\/alle-wege\/frankenweg-etappe-1-von-untereichenstein-bis-naila-e32ebdd331\">hier<\/a>.<\/p>\n<p><strong>Frankenweg | Etappe 1: Untereichenstein &#8211; Naila<\/strong><br \/>\nSchwierigkeitsgrad: mittel<br \/>\nL\u00e4nge: 18,5 km<br \/>\nDauer: 05:30 h<br \/>\nAufstieg: 400 hm<br \/>\nAbstieg. 290 hm<\/p>\n<h2><span class=\"ez-toc-section\" id=\"Frankenwald_Hotel-Tipp\"><\/span>Frankenwald | Hotel-Tipp<span class=\"ez-toc-section-end\"><\/span><\/h2>\n<p><img decoding=\"async\" class=\"alignnone wp-image-33953 size-large\" src=\"https:\/\/www.people-abroad.de\/blog\/wp-content\/uploads\/2024\/06\/frankenwald-wandern-31-1024x682.jpeg\" alt=\"Frankenwald Hotel relexa Hotel Bad Steben\" width=\"1024\" height=\"682\" srcset=\"https:\/\/www.people-abroad.de\/blog\/wp-content\/uploads\/2024\/06\/frankenwald-wandern-31-1024x682.jpeg 1024w, https:\/\/www.people-abroad.de\/blog\/wp-content\/uploads\/2024\/06\/frankenwald-wandern-31-300x200.jpeg 300w, https:\/\/www.people-abroad.de\/blog\/wp-content\/uploads\/2024\/06\/frankenwald-wandern-31-768x511.jpeg 768w, https:\/\/www.people-abroad.de\/blog\/wp-content\/uploads\/2024\/06\/frankenwald-wandern-31.jpeg 1200w\" sizes=\"(max-width: 1024px) 100vw, 1024px\" \/><\/p>\n<p><img decoding=\"async\" class=\"alignnone wp-image-33951 size-large\" src=\"https:\/\/www.people-abroad.de\/blog\/wp-content\/uploads\/2024\/06\/frankenwald-wandern-32-1024x682.jpeg\" alt=\"Frankenwald Hotel relexa Hotel Bad Steben\" width=\"1024\" height=\"682\" srcset=\"https:\/\/www.people-abroad.de\/blog\/wp-content\/uploads\/2024\/06\/frankenwald-wandern-32-1024x682.jpeg 1024w, https:\/\/www.people-abroad.de\/blog\/wp-content\/uploads\/2024\/06\/frankenwald-wandern-32-300x200.jpeg 300w, https:\/\/www.people-abroad.de\/blog\/wp-content\/uploads\/2024\/06\/frankenwald-wandern-32-768x511.jpeg 768w, https:\/\/www.people-abroad.de\/blog\/wp-content\/uploads\/2024\/06\/frankenwald-wandern-32.jpeg 1200w\" sizes=\"(max-width: 1024px) 100vw, 1024px\" \/><\/p>\n<p><img decoding=\"async\" class=\"alignnone wp-image-33975 size-large\" src=\"https:\/\/www.people-abroad.de\/blog\/wp-content\/uploads\/2024\/06\/frankenwald-wandern-40-1024x682.jpeg\" alt=\"Frankenwald Hotel relexa Hotel Bad Steben\" width=\"1024\" height=\"682\" srcset=\"https:\/\/www.people-abroad.de\/blog\/wp-content\/uploads\/2024\/06\/frankenwald-wandern-40-1024x682.jpeg 1024w, https:\/\/www.people-abroad.de\/blog\/wp-content\/uploads\/2024\/06\/frankenwald-wandern-40-300x200.jpeg 300w, https:\/\/www.people-abroad.de\/blog\/wp-content\/uploads\/2024\/06\/frankenwald-wandern-40-768x511.jpeg 768w, https:\/\/www.people-abroad.de\/blog\/wp-content\/uploads\/2024\/06\/frankenwald-wandern-40.jpeg 1200w\" sizes=\"(max-width: 1024px) 100vw, 1024px\" \/><\/p>\n<p>Mein \u00dcbernachtungstipp f\u00fcr den Frankenwald ist das <a href=\"https:\/\/www.relexa-hotel-bad-steben.de\">relexa Hotel Bad Steben<\/a>. Das 4-Sterne-Hotel direkt am Kurpark, bestehend aus einem modernen und einem historischen Geb\u00e4ude, bietet gem\u00fctliche Zimmer und ein tolles Fr\u00fchst\u00fcck. Sehr sch\u00f6n sind der Wintergarten, die Au\u00dfenterrasse, das Restaurant, das Schwimmbad sowie der Fitness- und Wellness-Bereich mit Saunen. Die Atmosph\u00e4re im Hotel ist angenehm entspannt und die Mitarbeiter sind sehr freundlich.<\/p>\n<p>Hast du weitere Tipps zum Wandern im Frankenwald? Hinterlasse sie gerne in einem Kommentar.<\/p>\n<p><em><strong>Werbehinweis:<\/strong> Dieser Artikel entstand in Zusammenarbeit mit Frankenwald Tourismus. Ich gehe gerne Kooperationen ein, meine pers\u00f6nliche Meinung wird davon aber nicht beeinflusst.<\/em><\/p>\n<p>Weitere Artikel \u00fcber die Region Franken findest du hier:<br \/>\n<a href=\"https:\/\/www.people-abroad.de\/blog\/frankenwald-wandern-trekking\/\">Frankenwald: Wandern, Trekking, Trailrunning &amp; Wellness<\/a><br \/>\n<a href=\"https:\/\/www.people-abroad.de\/blog\/bad-steben-sehenswuerdigkeiten\/\">Bad Steben: Das Bayerische Staatsbad im Frankenwald<\/a><br \/>\n<a href=\"https:\/\/www.people-abroad.de\/blog\/bad-kissingen-sehenswuerdigkeiten\/\">Bad Kissingen Sehensw\u00fcrdigkeiten \u2013 Highlights &amp; Tipps<\/a><br \/>\n<a href=\"https:\/\/www.people-abroad.de\/blog\/pottenstein-fraenkische-schweiz\/\">Pottenstein: Felsenst\u00e4dtchen in der Fr\u00e4nkischen Schweiz<\/a><br \/>\n<a href=\"https:\/\/www.people-abroad.de\/blog\/rothenburg-ob-der-tauber-sehenswuerdigkeiten\/\">Rothenburg ob der Tauber Sehensw\u00fcrdigkeiten &amp; Tipps<\/a><br \/>\n<a href=\"https:\/\/www.people-abroad.de\/blog\/hammelburg-fraenkische-saale\/\">Hammelburg und die Fr\u00e4nkische Saale entdecken<\/a><br \/>\n<a href=\"https:\/\/www.people-abroad.de\/blog\/volkacher-mainschleife-franken\/\">Volkacher Mainschleife in Franken \u2013 Infos &amp; Tipps<\/a><br \/>\n<a href=\"https:\/\/www.people-abroad.de\/blog\/main-radweg-fraenkisches-weinland\/\">Der MainRadweg im Fr\u00e4nkischen Weinland<\/a><br \/>\n<a href=\"https:\/\/www.people-abroad.de\/blog\/ausflugsziele-franken\/\">Sch\u00f6ne Orte und Ausflugsziele in Franken<\/a><br \/>\n<a href=\"https:\/\/www.people-abroad.de\/blog\/wuerzburg-sehenswuerdigkeiten\/\">W\u00fcrzburg: Sehensw\u00fcrdigkeiten &amp; Tipps<\/a><br \/>\n<a href=\"https:\/\/www.people-abroad.de\/blog\/sommerrodelbahn-pottenstein-erlebnisfelsen\/\">Sommerrodelbahn Pottenstein &amp; Erlebnisfelsen<\/a><br \/>\n<a href=\"https:\/\/www.people-abroad.de\/blog\/mainland-miltenberg-churfranken\/\">Mainland Miltenberg \u2013 Aktivurlaub in Churfranken<\/a><br \/>\n<a href=\"https:\/\/www.people-abroad.de\/blog\/fraenkische-schweiz-pottenstein-egloffstein\/\">Fr\u00e4nkische Schweiz: Pottenstein &amp; Egloffstein<\/a><br \/>\n<a href=\"https:\/\/www.people-abroad.de\/blog\/5-seidla-steig\/\">Der 5-Seidla-Steig in der Fr\u00e4nkischen Schweiz<\/a><\/p>\n","protected":false},"excerpt":{"rendered":"<p>[Werbung] Im Frankenwald kann man auf einer Sternwanderung am Drehkreuz des Wanderns die oberfr\u00e4nkische Region erkunden. F\u00fcnf beliebte Wanderwege beginnen oder enden dort.<\/p>\n","protected":false},"author":1,"featured_media":0,"comment_status":"open","ping_status":"open","sticky":false,"template":"","format":"standard","meta":{"_monsterinsights_skip_tracking":false,"_monsterinsights_sitenote_active":false,"_monsterinsights_sitenote_note":"","_monsterinsights_sitenote_category":0,"footnotes":""},"categories":[701,506,2044],"tags":[1976,2072],"class_list":["post-33826","post","type-post","status-publish","format-standard","hentry","category-deutschland","category-outdoor","category-wandern","tag-bayern","tag-franken"],"yoast_head":"<!-- This site is optimized with the Yoast SEO plugin v27.4 - https:\/\/yoast.com\/product\/yoast-seo-wordpress\/ -->\n<title>Frankenwald: Wandertouren am Drehkreuz des Wanderns - People Abroad<\/title>\n<meta name=\"description\" content=\"Frankenwald: Wandern kann man gut am Drehkreuz des Wanderns, f\u00fcnf beliebte Wanderwege beginnen oder enden dort. Tipps f\u00fcr Wandertouren.\" \/>\n<meta name=\"robots\" content=\"index, follow, max-snippet:-1, max-image-preview:large, max-video-preview:-1\" \/>\n<link rel=\"canonical\" href=\"https:\/\/www.people-abroad.de\/blog\/frankenwald-wandern-drehkreuz\/\" \/>\n<meta property=\"og:locale\" content=\"de_DE\" \/>\n<meta property=\"og:type\" content=\"article\" \/>\n<meta property=\"og:title\" content=\"Frankenwald: Wandertouren am Drehkreuz des Wanderns - People Abroad\" \/>\n<meta property=\"og:description\" content=\"Frankenwald: Wandern kann man gut am Drehkreuz des Wanderns, f\u00fcnf beliebte Wanderwege beginnen oder enden dort. Tipps f\u00fcr Wandertouren.\" \/>\n<meta property=\"og:url\" content=\"https:\/\/www.people-abroad.de\/blog\/frankenwald-wandern-drehkreuz\/\" \/>\n<meta property=\"og:site_name\" content=\"People Abroad\" \/>\n<meta property=\"article:publisher\" content=\"https:\/\/www.facebook.com\/menschen.international\/\" \/>\n<meta property=\"article:author\" content=\"https:\/\/www.facebook.com\/menschen.international\/\" \/>\n<meta property=\"article:published_time\" content=\"2024-06-29T05:20:23+00:00\" \/>\n<meta property=\"article:modified_time\" content=\"2024-07-24T13:28:18+00:00\" \/>\n<meta property=\"og:image\" content=\"https:\/\/www.people-abroad.de\/blog\/wp-content\/uploads\/2024\/06\/frankenwald-wandern-touren-1024x682.jpeg\" \/>\n<meta name=\"author\" content=\"Heiko M\u00fcller\" \/>\n<meta name=\"twitter:card\" content=\"summary_large_image\" \/>\n<meta name=\"twitter:creator\" content=\"@People_Abroad\" \/>\n<meta name=\"twitter:site\" content=\"@People_Abroad\" \/>\n<meta name=\"twitter:label1\" content=\"Verfasst von\" \/>\n\t<meta name=\"twitter:data1\" content=\"Heiko M\u00fcller\" \/>\n\t<meta name=\"twitter:label2\" content=\"Gesch\u00e4tzte Lesezeit\" \/>\n\t<meta name=\"twitter:data2\" content=\"23\u00a0Minuten\" \/>\n<script type=\"application\/ld+json\" class=\"yoast-schema-graph\">{\"@context\":\"https:\\\/\\\/schema.org\",\"@graph\":[{\"@type\":\"Article\",\"@id\":\"https:\\\/\\\/www.people-abroad.de\\\/blog\\\/frankenwald-wandern-drehkreuz\\\/#article\",\"isPartOf\":{\"@id\":\"https:\\\/\\\/www.people-abroad.de\\\/blog\\\/frankenwald-wandern-drehkreuz\\\/\"},\"author\":{\"name\":\"Heiko M\u00fcller\",\"@id\":\"https:\\\/\\\/www.people-abroad.de\\\/blog\\\/#\\\/schema\\\/person\\\/2a518a154d93ee6cf0b146bc327329b3\"},\"headline\":\"Frankenwald: Wandertouren am Drehkreuz des Wanderns\",\"datePublished\":\"2024-06-29T05:20:23+00:00\",\"dateModified\":\"2024-07-24T13:28:18+00:00\",\"mainEntityOfPage\":{\"@id\":\"https:\\\/\\\/www.people-abroad.de\\\/blog\\\/frankenwald-wandern-drehkreuz\\\/\"},\"wordCount\":2864,\"commentCount\":0,\"publisher\":{\"@id\":\"https:\\\/\\\/www.people-abroad.de\\\/blog\\\/#\\\/schema\\\/person\\\/2a518a154d93ee6cf0b146bc327329b3\"},\"image\":{\"@id\":\"https:\\\/\\\/www.people-abroad.de\\\/blog\\\/frankenwald-wandern-drehkreuz\\\/#primaryimage\"},\"thumbnailUrl\":\"https:\\\/\\\/www.people-abroad.de\\\/blog\\\/wp-content\\\/uploads\\\/2024\\\/06\\\/frankenwald-wandern-touren-1024x682.jpeg\",\"keywords\":[\"Bayern\",\"Franken\"],\"articleSection\":[\"Deutschland\",\"Outdoor\",\"Wandern\"],\"inLanguage\":\"de\",\"potentialAction\":[{\"@type\":\"CommentAction\",\"name\":\"Comment\",\"target\":[\"https:\\\/\\\/www.people-abroad.de\\\/blog\\\/frankenwald-wandern-drehkreuz\\\/#respond\"]}]},{\"@type\":\"WebPage\",\"@id\":\"https:\\\/\\\/www.people-abroad.de\\\/blog\\\/frankenwald-wandern-drehkreuz\\\/\",\"url\":\"https:\\\/\\\/www.people-abroad.de\\\/blog\\\/frankenwald-wandern-drehkreuz\\\/\",\"name\":\"Frankenwald: Wandertouren am Drehkreuz des Wanderns - People Abroad\",\"isPartOf\":{\"@id\":\"https:\\\/\\\/www.people-abroad.de\\\/blog\\\/#website\"},\"primaryImageOfPage\":{\"@id\":\"https:\\\/\\\/www.people-abroad.de\\\/blog\\\/frankenwald-wandern-drehkreuz\\\/#primaryimage\"},\"image\":{\"@id\":\"https:\\\/\\\/www.people-abroad.de\\\/blog\\\/frankenwald-wandern-drehkreuz\\\/#primaryimage\"},\"thumbnailUrl\":\"https:\\\/\\\/www.people-abroad.de\\\/blog\\\/wp-content\\\/uploads\\\/2024\\\/06\\\/frankenwald-wandern-touren-1024x682.jpeg\",\"datePublished\":\"2024-06-29T05:20:23+00:00\",\"dateModified\":\"2024-07-24T13:28:18+00:00\",\"description\":\"Frankenwald: Wandern kann man gut am Drehkreuz des Wanderns, f\u00fcnf beliebte Wanderwege beginnen oder enden dort. Tipps f\u00fcr Wandertouren.\",\"breadcrumb\":{\"@id\":\"https:\\\/\\\/www.people-abroad.de\\\/blog\\\/frankenwald-wandern-drehkreuz\\\/#breadcrumb\"},\"inLanguage\":\"de\",\"potentialAction\":[{\"@type\":\"ReadAction\",\"target\":[\"https:\\\/\\\/www.people-abroad.de\\\/blog\\\/frankenwald-wandern-drehkreuz\\\/\"]}]},{\"@type\":\"ImageObject\",\"inLanguage\":\"de\",\"@id\":\"https:\\\/\\\/www.people-abroad.de\\\/blog\\\/frankenwald-wandern-drehkreuz\\\/#primaryimage\",\"url\":\"https:\\\/\\\/www.people-abroad.de\\\/blog\\\/wp-content\\\/uploads\\\/2024\\\/06\\\/frankenwald-wandern-touren.jpeg\",\"contentUrl\":\"https:\\\/\\\/www.people-abroad.de\\\/blog\\\/wp-content\\\/uploads\\\/2024\\\/06\\\/frankenwald-wandern-touren.jpeg\",\"width\":1200,\"height\":799},{\"@type\":\"BreadcrumbList\",\"@id\":\"https:\\\/\\\/www.people-abroad.de\\\/blog\\\/frankenwald-wandern-drehkreuz\\\/#breadcrumb\",\"itemListElement\":[{\"@type\":\"ListItem\",\"position\":1,\"name\":\"Startseite\",\"item\":\"https:\\\/\\\/www.people-abroad.de\\\/blog\\\/\"},{\"@type\":\"ListItem\",\"position\":2,\"name\":\"Frankenwald: Wandertouren am Drehkreuz des Wanderns\"}]},{\"@type\":\"WebSite\",\"@id\":\"https:\\\/\\\/www.people-abroad.de\\\/blog\\\/#website\",\"url\":\"https:\\\/\\\/www.people-abroad.de\\\/blog\\\/\",\"name\":\"People Abroad\",\"description\":\"Reiseblog\",\"publisher\":{\"@id\":\"https:\\\/\\\/www.people-abroad.de\\\/blog\\\/#\\\/schema\\\/person\\\/2a518a154d93ee6cf0b146bc327329b3\"},\"potentialAction\":[{\"@type\":\"SearchAction\",\"target\":{\"@type\":\"EntryPoint\",\"urlTemplate\":\"https:\\\/\\\/www.people-abroad.de\\\/blog\\\/?s={search_term_string}\"},\"query-input\":{\"@type\":\"PropertyValueSpecification\",\"valueRequired\":true,\"valueName\":\"search_term_string\"}}],\"inLanguage\":\"de\"},{\"@type\":[\"Person\",\"Organization\"],\"@id\":\"https:\\\/\\\/www.people-abroad.de\\\/blog\\\/#\\\/schema\\\/person\\\/2a518a154d93ee6cf0b146bc327329b3\",\"name\":\"Heiko M\u00fcller\",\"logo\":{\"@id\":\"https:\\\/\\\/www.people-abroad.de\\\/blog\\\/#\\\/schema\\\/person\\\/image\\\/\"},\"description\":\"Ich bin Reiseblogger, Content Creator und Redakteur. Auf Reisen erkunde ich gerne neue Regionen, St\u00e4dte und Orte beim Fotografieren, Wandern und Radfahren. F\u00fcr weitere Reisetipps folge mir auf Instagram, Facebook &amp; Co. Mehr Infos zum Blog findest du hier: https:\\\/\\\/www.people-abroad.de\\\/blog\\\/pr-media\\\/. Kontakt: h.mueller@people-abroad.de\",\"sameAs\":[\"https:\\\/\\\/www.people-abroad.de\\\/blog\\\/\",\"https:\\\/\\\/www.facebook.com\\\/menschen.international\\\/\",\"https:\\\/\\\/www.instagram.com\\\/people.abroad\\\/\",\"https:\\\/\\\/www.linkedin.com\\\/in\\\/muellerheiko\\\/\",\"https:\\\/\\\/www.pinterest.de\\\/peopleabroad\\\/\",\"https:\\\/\\\/x.com\\\/People_Abroad\",\"https:\\\/\\\/www.youtube.com\\\/user\\\/MenschenInt\"],\"url\":\"https:\\\/\\\/www.people-abroad.de\\\/blog\\\/author\\\/admin\\\/\"}]}<\/script>\n<!-- \/ Yoast SEO plugin. -->","yoast_head_json":{"title":"Frankenwald: Wandertouren am Drehkreuz des Wanderns - People Abroad","description":"Frankenwald: Wandern kann man gut am Drehkreuz des Wanderns, f\u00fcnf beliebte Wanderwege beginnen oder enden dort. Tipps f\u00fcr Wandertouren.","robots":{"index":"index","follow":"follow","max-snippet":"max-snippet:-1","max-image-preview":"max-image-preview:large","max-video-preview":"max-video-preview:-1"},"canonical":"https:\/\/www.people-abroad.de\/blog\/frankenwald-wandern-drehkreuz\/","og_locale":"de_DE","og_type":"article","og_title":"Frankenwald: Wandertouren am Drehkreuz des Wanderns - People Abroad","og_description":"Frankenwald: Wandern kann man gut am Drehkreuz des Wanderns, f\u00fcnf beliebte Wanderwege beginnen oder enden dort. Tipps f\u00fcr Wandertouren.","og_url":"https:\/\/www.people-abroad.de\/blog\/frankenwald-wandern-drehkreuz\/","og_site_name":"People Abroad","article_publisher":"https:\/\/www.facebook.com\/menschen.international\/","article_author":"https:\/\/www.facebook.com\/menschen.international\/","article_published_time":"2024-06-29T05:20:23+00:00","article_modified_time":"2024-07-24T13:28:18+00:00","og_image":[{"url":"https:\/\/www.people-abroad.de\/blog\/wp-content\/uploads\/2024\/06\/frankenwald-wandern-touren-1024x682.jpeg","type":"","width":"","height":""}],"author":"Heiko M\u00fcller","twitter_card":"summary_large_image","twitter_creator":"@People_Abroad","twitter_site":"@People_Abroad","twitter_misc":{"Verfasst von":"Heiko M\u00fcller","Gesch\u00e4tzte Lesezeit":"23\u00a0Minuten"},"schema":{"@context":"https:\/\/schema.org","@graph":[{"@type":"Article","@id":"https:\/\/www.people-abroad.de\/blog\/frankenwald-wandern-drehkreuz\/#article","isPartOf":{"@id":"https:\/\/www.people-abroad.de\/blog\/frankenwald-wandern-drehkreuz\/"},"author":{"name":"Heiko M\u00fcller","@id":"https:\/\/www.people-abroad.de\/blog\/#\/schema\/person\/2a518a154d93ee6cf0b146bc327329b3"},"headline":"Frankenwald: Wandertouren am Drehkreuz des Wanderns","datePublished":"2024-06-29T05:20:23+00:00","dateModified":"2024-07-24T13:28:18+00:00","mainEntityOfPage":{"@id":"https:\/\/www.people-abroad.de\/blog\/frankenwald-wandern-drehkreuz\/"},"wordCount":2864,"commentCount":0,"publisher":{"@id":"https:\/\/www.people-abroad.de\/blog\/#\/schema\/person\/2a518a154d93ee6cf0b146bc327329b3"},"image":{"@id":"https:\/\/www.people-abroad.de\/blog\/frankenwald-wandern-drehkreuz\/#primaryimage"},"thumbnailUrl":"https:\/\/www.people-abroad.de\/blog\/wp-content\/uploads\/2024\/06\/frankenwald-wandern-touren-1024x682.jpeg","keywords":["Bayern","Franken"],"articleSection":["Deutschland","Outdoor","Wandern"],"inLanguage":"de","potentialAction":[{"@type":"CommentAction","name":"Comment","target":["https:\/\/www.people-abroad.de\/blog\/frankenwald-wandern-drehkreuz\/#respond"]}]},{"@type":"WebPage","@id":"https:\/\/www.people-abroad.de\/blog\/frankenwald-wandern-drehkreuz\/","url":"https:\/\/www.people-abroad.de\/blog\/frankenwald-wandern-drehkreuz\/","name":"Frankenwald: Wandertouren am Drehkreuz des Wanderns - People Abroad","isPartOf":{"@id":"https:\/\/www.people-abroad.de\/blog\/#website"},"primaryImageOfPage":{"@id":"https:\/\/www.people-abroad.de\/blog\/frankenwald-wandern-drehkreuz\/#primaryimage"},"image":{"@id":"https:\/\/www.people-abroad.de\/blog\/frankenwald-wandern-drehkreuz\/#primaryimage"},"thumbnailUrl":"https:\/\/www.people-abroad.de\/blog\/wp-content\/uploads\/2024\/06\/frankenwald-wandern-touren-1024x682.jpeg","datePublished":"2024-06-29T05:20:23+00:00","dateModified":"2024-07-24T13:28:18+00:00","description":"Frankenwald: Wandern kann man gut am Drehkreuz des Wanderns, f\u00fcnf beliebte Wanderwege beginnen oder enden dort. Tipps f\u00fcr Wandertouren.","breadcrumb":{"@id":"https:\/\/www.people-abroad.de\/blog\/frankenwald-wandern-drehkreuz\/#breadcrumb"},"inLanguage":"de","potentialAction":[{"@type":"ReadAction","target":["https:\/\/www.people-abroad.de\/blog\/frankenwald-wandern-drehkreuz\/"]}]},{"@type":"ImageObject","inLanguage":"de","@id":"https:\/\/www.people-abroad.de\/blog\/frankenwald-wandern-drehkreuz\/#primaryimage","url":"https:\/\/www.people-abroad.de\/blog\/wp-content\/uploads\/2024\/06\/frankenwald-wandern-touren.jpeg","contentUrl":"https:\/\/www.people-abroad.de\/blog\/wp-content\/uploads\/2024\/06\/frankenwald-wandern-touren.jpeg","width":1200,"height":799},{"@type":"BreadcrumbList","@id":"https:\/\/www.people-abroad.de\/blog\/frankenwald-wandern-drehkreuz\/#breadcrumb","itemListElement":[{"@type":"ListItem","position":1,"name":"Startseite","item":"https:\/\/www.people-abroad.de\/blog\/"},{"@type":"ListItem","position":2,"name":"Frankenwald: Wandertouren am Drehkreuz des Wanderns"}]},{"@type":"WebSite","@id":"https:\/\/www.people-abroad.de\/blog\/#website","url":"https:\/\/www.people-abroad.de\/blog\/","name":"People Abroad","description":"Reiseblog","publisher":{"@id":"https:\/\/www.people-abroad.de\/blog\/#\/schema\/person\/2a518a154d93ee6cf0b146bc327329b3"},"potentialAction":[{"@type":"SearchAction","target":{"@type":"EntryPoint","urlTemplate":"https:\/\/www.people-abroad.de\/blog\/?s={search_term_string}"},"query-input":{"@type":"PropertyValueSpecification","valueRequired":true,"valueName":"search_term_string"}}],"inLanguage":"de"},{"@type":["Person","Organization"],"@id":"https:\/\/www.people-abroad.de\/blog\/#\/schema\/person\/2a518a154d93ee6cf0b146bc327329b3","name":"Heiko M\u00fcller","logo":{"@id":"https:\/\/www.people-abroad.de\/blog\/#\/schema\/person\/image\/"},"description":"Ich bin Reiseblogger, Content Creator und Redakteur. Auf Reisen erkunde ich gerne neue Regionen, St\u00e4dte und Orte beim Fotografieren, Wandern und Radfahren. F\u00fcr weitere Reisetipps folge mir auf Instagram, Facebook &amp; Co. Mehr Infos zum Blog findest du hier: https:\/\/www.people-abroad.de\/blog\/pr-media\/. Kontakt: h.mueller@people-abroad.de","sameAs":["https:\/\/www.people-abroad.de\/blog\/","https:\/\/www.facebook.com\/menschen.international\/","https:\/\/www.instagram.com\/people.abroad\/","https:\/\/www.linkedin.com\/in\/muellerheiko\/","https:\/\/www.pinterest.de\/peopleabroad\/","https:\/\/x.com\/People_Abroad","https:\/\/www.youtube.com\/user\/MenschenInt"],"url":"https:\/\/www.people-abroad.de\/blog\/author\/admin\/"}]}},"_links":{"self":[{"href":"https:\/\/www.people-abroad.de\/blog\/wp-json\/wp\/v2\/posts\/33826","targetHints":{"allow":["GET"]}}],"collection":[{"href":"https:\/\/www.people-abroad.de\/blog\/wp-json\/wp\/v2\/posts"}],"about":[{"href":"https:\/\/www.people-abroad.de\/blog\/wp-json\/wp\/v2\/types\/post"}],"author":[{"embeddable":true,"href":"https:\/\/www.people-abroad.de\/blog\/wp-json\/wp\/v2\/users\/1"}],"replies":[{"embeddable":true,"href":"https:\/\/www.people-abroad.de\/blog\/wp-json\/wp\/v2\/comments?post=33826"}],"version-history":[{"count":3,"href":"https:\/\/www.people-abroad.de\/blog\/wp-json\/wp\/v2\/posts\/33826\/revisions"}],"predecessor-version":[{"id":34002,"href":"https:\/\/www.people-abroad.de\/blog\/wp-json\/wp\/v2\/posts\/33826\/revisions\/34002"}],"wp:attachment":[{"href":"https:\/\/www.people-abroad.de\/blog\/wp-json\/wp\/v2\/media?parent=33826"}],"wp:term":[{"taxonomy":"category","embeddable":true,"href":"https:\/\/www.people-abroad.de\/blog\/wp-json\/wp\/v2\/categories?post=33826"},{"taxonomy":"post_tag","embeddable":true,"href":"https:\/\/www.people-abroad.de\/blog\/wp-json\/wp\/v2\/tags?post=33826"}],"curies":[{"name":"wp","href":"https:\/\/api.w.org\/{rel}","templated":true}]}}