{"id":32321,"date":"2023-12-30T07:46:47","date_gmt":"2023-12-30T06:46:47","guid":{"rendered":"https:\/\/www.people-abroad.de\/blog\/?p=32321"},"modified":"2024-10-06T09:22:24","modified_gmt":"2024-10-06T07:22:24","slug":"ein-reisejahr-in-bildern-rueckblick-fotoparade","status":"publish","type":"post","link":"https:\/\/www.people-abroad.de\/blog\/ein-reisejahr-in-bildern-rueckblick-fotoparade\/","title":{"rendered":"Ein Reisejahr in Bildern \u2013 R\u00fcckblick &#038; Fotoparade"},"content":{"rendered":"<div id=\"ez-toc-container\" class=\"ez-toc-v2_0_82_2 counter-flat ez-toc-counter ez-toc-grey ez-toc-container-direction\">\n<div class=\"ez-toc-title-container\">\n<p class=\"ez-toc-title\" style=\"cursor:inherit\">Inhaltsverzeichnis<\/p>\n<span class=\"ez-toc-title-toggle\"><a href=\"#\" class=\"ez-toc-pull-right ez-toc-btn ez-toc-btn-xs ez-toc-btn-default ez-toc-toggle\" aria-label=\"Toggle Table of Content\"><span class=\"ez-toc-js-icon-con\"><span class=\"\"><span class=\"eztoc-hide\" style=\"display:none;\">Toggle<\/span><span class=\"ez-toc-icon-toggle-span\"><svg style=\"fill: #999;color:#999\" xmlns=\"http:\/\/www.w3.org\/2000\/svg\" class=\"list-377408\" width=\"20px\" height=\"20px\" viewBox=\"0 0 24 24\" fill=\"none\"><path d=\"M6 6H4v2h2V6zm14 0H8v2h12V6zM4 11h2v2H4v-2zm16 0H8v2h12v-2zM4 16h2v2H4v-2zm16 0H8v2h12v-2z\" fill=\"currentColor\"><\/path><\/svg><svg style=\"fill: #999;color:#999\" class=\"arrow-unsorted-368013\" xmlns=\"http:\/\/www.w3.org\/2000\/svg\" width=\"10px\" height=\"10px\" viewBox=\"0 0 24 24\" version=\"1.2\" baseProfile=\"tiny\"><path d=\"M18.2 9.3l-6.2-6.3-6.2 6.3c-.2.2-.3.4-.3.7s.1.5.3.7c.2.2.4.3.7.3h11c.3 0 .5-.1.7-.3.2-.2.3-.5.3-.7s-.1-.5-.3-.7zM5.8 14.7l6.2 6.3 6.2-6.3c.2-.2.3-.5.3-.7s-.1-.5-.3-.7c-.2-.2-.4-.3-.7-.3h-11c-.3 0-.5.1-.7.3-.2.2-.3.5-.3.7s.1.5.3.7z\"\/><\/svg><\/span><\/span><\/span><\/a><\/span><\/div>\n<nav><ul class='ez-toc-list ez-toc-list-level-1 eztoc-toggle-hide-by-default' ><li class='ez-toc-page-1'><a class=\"ez-toc-link ez-toc-heading-1\" href=\"https:\/\/www.people-abroad.de\/blog\/ein-reisejahr-in-bildern-rueckblick-fotoparade\/#Reisetipp_Helsinki_in_Finnland\" >Reisetipp: Helsinki in Finnland<\/a><\/li><li class='ez-toc-page-1'><a class=\"ez-toc-link ez-toc-heading-2\" href=\"https:\/\/www.people-abroad.de\/blog\/ein-reisejahr-in-bildern-rueckblick-fotoparade\/#Reisetipp_Konstanz_Westlicher_Bodensee\" >Reisetipp: Konstanz &amp; Westlicher Bodensee<\/a><\/li><li class='ez-toc-page-1'><a class=\"ez-toc-link ez-toc-heading-3\" href=\"https:\/\/www.people-abroad.de\/blog\/ein-reisejahr-in-bildern-rueckblick-fotoparade\/#Reisetipp_Frankenwald\" >Reisetipp: Frankenwald<\/a><\/li><li class='ez-toc-page-1'><a class=\"ez-toc-link ez-toc-heading-4\" href=\"https:\/\/www.people-abroad.de\/blog\/ein-reisejahr-in-bildern-rueckblick-fotoparade\/#Reisetipp_Aude_in_Suedfrankreich\" >Reisetipp: Aude in S\u00fcdfrankreich<\/a><\/li><li class='ez-toc-page-1'><a class=\"ez-toc-link ez-toc-heading-5\" href=\"https:\/\/www.people-abroad.de\/blog\/ein-reisejahr-in-bildern-rueckblick-fotoparade\/#Reisetipp_Vestland_in_Norwegen\" >Reisetipp: Vestland in Norwegen<\/a><\/li><li class='ez-toc-page-1'><a class=\"ez-toc-link ez-toc-heading-6\" href=\"https:\/\/www.people-abroad.de\/blog\/ein-reisejahr-in-bildern-rueckblick-fotoparade\/#Reisetipp_Wandern_auf_dem_Lechweg\" >Reisetipp: Wandern auf dem Lechweg<\/a><\/li><li class='ez-toc-page-1'><a class=\"ez-toc-link ez-toc-heading-7\" href=\"https:\/\/www.people-abroad.de\/blog\/ein-reisejahr-in-bildern-rueckblick-fotoparade\/#Reisetipp_Elsass\" >Reisetipp: Elsass<\/a><\/li><li class='ez-toc-page-1'><a class=\"ez-toc-link ez-toc-heading-8\" href=\"https:\/\/www.people-abroad.de\/blog\/ein-reisejahr-in-bildern-rueckblick-fotoparade\/#Reisetipp_Slowenien\" >Reisetipp: Slowenien<\/a><\/li><li class='ez-toc-page-1'><a class=\"ez-toc-link ez-toc-heading-9\" href=\"https:\/\/www.people-abroad.de\/blog\/ein-reisejahr-in-bildern-rueckblick-fotoparade\/#Meine_Reisefotos_auf_Instagram\" >Meine Reisefotos auf Instagram<\/a><\/li><\/ul><\/nav><\/div>\n<p><a href=\"https:\/\/www.people-abroad.de\/blog\/ein-reisejahr-in-bildern-rueckblick-fotoparade\/\"><img decoding=\"async\" class=\"alignnone wp-image-31411 size-large\" src=\"https:\/\/www.people-abroad.de\/blog\/wp-content\/uploads\/2023\/07\/occitanie-aude-suedfrankreich-sehenswuerdigkeiten-1024x682.jpeg\" alt=\"Ein Reisejahr in Bildern Reisefotos Fotografie \" width=\"1024\" height=\"682\" srcset=\"https:\/\/www.people-abroad.de\/blog\/wp-content\/uploads\/2023\/07\/occitanie-aude-suedfrankreich-sehenswuerdigkeiten-1024x682.jpeg 1024w, https:\/\/www.people-abroad.de\/blog\/wp-content\/uploads\/2023\/07\/occitanie-aude-suedfrankreich-sehenswuerdigkeiten-300x200.jpeg 300w, https:\/\/www.people-abroad.de\/blog\/wp-content\/uploads\/2023\/07\/occitanie-aude-suedfrankreich-sehenswuerdigkeiten-768x511.jpeg 768w, https:\/\/www.people-abroad.de\/blog\/wp-content\/uploads\/2023\/07\/occitanie-aude-suedfrankreich-sehenswuerdigkeiten.jpeg 1200w\" sizes=\"(max-width: 1024px) 100vw, 1024px\" \/><\/a><\/p>\n<p>Ein Reisejahr geht zu Ende mit Reisen in Deutschland und Europa. Mein R\u00fcckblick soll wieder Lust machen auf die hier vorgestellten St\u00e4dte und Regionen. Das Reisejahr 2023 in Bildern.<!--more--><span id=\"more-28799\"><\/span><span id=\"more-24046\"><\/span><span id=\"more-18502\"><\/span><span id=\"more-14246\"><\/span><\/p>\n<p>&nbsp;<\/p>\n<p>Malerische Landschaften erkunden und spannende St\u00e4dte entdecken: Da ich beim Reisen gerne in der Natur unterwegs bin, aber ebenso gerne St\u00e4dte besuche, stand im Reisejahr 2023 wieder beides auf meinem Programm. Zudem habe ich auch in diesem Jahr den Fokus bei meinen Reisezielen auf Deutschland und Europa gelegt und dabei ganz unterschiedliche Regionen bereist.<\/p>\n<p>Meinen pers\u00f6nlichen Jahresr\u00fcckblick nutze ich auch diesmal wieder im Rahmen der <a href=\"https:\/\/www.erkunde-die-welt.de\/2023\/10\/01\/beste-fotos-2023-fotoparade\/\">Fotoparade<\/a> von Michael vom Reiseblog \u201cErkunde die Welt\u201d. Mit meinem R\u00fcckblick will ich gleichzeitig auch f\u00fcr die von mir besuchten St\u00e4dte und Regionen Lust machen. Deshalb sind die aufgelisteten Ziele mit dem Zusatz \u201cReisetipp\u201d versehen und ich freue mich, wenn es die ein oder andere hier aufgef\u00fchrte Stadt oder Region auf deine To-do-Liste f\u00fcr 2024 schaffen w\u00fcrde.<\/p>\n<h2><span class=\"ez-toc-section\" id=\"Reisetipp_Helsinki_in_Finnland\"><\/span>Reisetipp: Helsinki in Finnland<span class=\"ez-toc-section-end\"><\/span><\/h2>\n<p><img decoding=\"async\" class=\"alignnone wp-image-29937 size-large\" src=\"https:\/\/www.people-abroad.de\/blog\/wp-content\/uploads\/2023\/02\/helisinki-im-winter-tipps-43-1024x682.jpeg\" alt=\"Ein Reisejahr in Bildern Helsinki\" width=\"1024\" height=\"682\" srcset=\"https:\/\/www.people-abroad.de\/blog\/wp-content\/uploads\/2023\/02\/helisinki-im-winter-tipps-43-1024x682.jpeg 1024w, https:\/\/www.people-abroad.de\/blog\/wp-content\/uploads\/2023\/02\/helisinki-im-winter-tipps-43-300x200.jpeg 300w, https:\/\/www.people-abroad.de\/blog\/wp-content\/uploads\/2023\/02\/helisinki-im-winter-tipps-43-768x511.jpeg 768w, https:\/\/www.people-abroad.de\/blog\/wp-content\/uploads\/2023\/02\/helisinki-im-winter-tipps-43.jpeg 1200w\" sizes=\"(max-width: 1024px) 100vw, 1024px\" \/><\/p>\n<p><img decoding=\"async\" class=\"alignnone wp-image-29939 size-large\" src=\"https:\/\/www.people-abroad.de\/blog\/wp-content\/uploads\/2023\/02\/helisinki-im-winter-tipps-45-1024x683.jpeg\" alt=\"Ein Reisejahr in Bildern Helsinki \" width=\"1024\" height=\"683\" srcset=\"https:\/\/www.people-abroad.de\/blog\/wp-content\/uploads\/2023\/02\/helisinki-im-winter-tipps-45-1024x683.jpeg 1024w, https:\/\/www.people-abroad.de\/blog\/wp-content\/uploads\/2023\/02\/helisinki-im-winter-tipps-45-300x200.jpeg 300w, https:\/\/www.people-abroad.de\/blog\/wp-content\/uploads\/2023\/02\/helisinki-im-winter-tipps-45-768x512.jpeg 768w, https:\/\/www.people-abroad.de\/blog\/wp-content\/uploads\/2023\/02\/helisinki-im-winter-tipps-45.jpeg 1200w\" sizes=\"(max-width: 1024px) 100vw, 1024px\" \/><\/p>\n<p>Meine erste Reise in 2023 ging in die finnische Hauptstadt. In <a href=\"https:\/\/www.people-abroad.de\/blog\/helsinki-sehenswuerdigkeiten-tipps\/\">Helsinki<\/a> war ich schon im Sommer und ich mag die Stadt sehr. Im Winter lernt man Helsinki noch einmal ganz neu und von einer anderen Seite kennen. Besonders fasziniert hat mich die Atmosph\u00e4re im Hafen. Bei eisigen Minusgraden ging es im Allas Sea Pool in die Sauna, den S\u00fc\u00dfwasser-Pool und anschlie\u00dfend f\u00fcr einen kurzen Moment in den Pool mit eiskaltem Meerwasser. Meine Eindr\u00fccke von Helsinki findet ihr hier: <a href=\"https:\/\/www.people-abroad.de\/blog\/helsinki-im-winter-tipps\/\">Helsinki im Winter: Highlights &amp; Orte in der Natur entdecken<\/a><\/p>\n<p><img decoding=\"async\" class=\"alignnone wp-image-29922 size-large\" src=\"https:\/\/www.people-abroad.de\/blog\/wp-content\/uploads\/2023\/02\/helisinki-im-winter-tipps-28-1024x682.jpeg\" alt=\"Ein Reisejahr in Bildern Helsinki\" width=\"1024\" height=\"682\" srcset=\"https:\/\/www.people-abroad.de\/blog\/wp-content\/uploads\/2023\/02\/helisinki-im-winter-tipps-28-1024x682.jpeg 1024w, https:\/\/www.people-abroad.de\/blog\/wp-content\/uploads\/2023\/02\/helisinki-im-winter-tipps-28-300x200.jpeg 300w, https:\/\/www.people-abroad.de\/blog\/wp-content\/uploads\/2023\/02\/helisinki-im-winter-tipps-28-768x511.jpeg 768w, https:\/\/www.people-abroad.de\/blog\/wp-content\/uploads\/2023\/02\/helisinki-im-winter-tipps-28.jpeg 1200w\" sizes=\"(max-width: 1024px) 100vw, 1024px\" \/><\/p>\n<p><img decoding=\"async\" class=\"alignnone wp-image-29923 size-large\" src=\"https:\/\/www.people-abroad.de\/blog\/wp-content\/uploads\/2023\/02\/helisinki-im-winter-tipps-29-1024x682.jpeg\" alt=\"Ein Reisejahr in Bildern Helsinki\" width=\"1024\" height=\"682\" srcset=\"https:\/\/www.people-abroad.de\/blog\/wp-content\/uploads\/2023\/02\/helisinki-im-winter-tipps-29-1024x682.jpeg 1024w, https:\/\/www.people-abroad.de\/blog\/wp-content\/uploads\/2023\/02\/helisinki-im-winter-tipps-29-300x200.jpeg 300w, https:\/\/www.people-abroad.de\/blog\/wp-content\/uploads\/2023\/02\/helisinki-im-winter-tipps-29-768x511.jpeg 768w, https:\/\/www.people-abroad.de\/blog\/wp-content\/uploads\/2023\/02\/helisinki-im-winter-tipps-29.jpeg 1200w\" sizes=\"(max-width: 1024px) 100vw, 1024px\" \/><\/p>\n<p>Bei meiner Reise nach Helsinki war ich nicht nur in der Stadt unterwegs. Mindestens ebenso faszinierend wie die Hauptstadt Finnlands ist die l\u00e4ndliche Umgebung rund um die Metropole mit den <a href=\"https:\/\/www.people-abroad.de\/blog\/helsinki-suomenlinna-seurasaari-lonna\/\">Helsinki Inseln<\/a>. Die lohnt es sich gerade im Winter zu entdecken, z.B. auf ausgedehnten Wanderung, mit dem Fatbike oder beim Langlaufen. Die Kombination aus Natur, Ruhe und Einsamgkeit hat mich begeistert. Helsinki ist \u00fcbrigens auch als Top-Gastro-Metropole bekannt, meine kulinarischen Tipps gibt es hier: <a href=\"https:\/\/www.people-abroad.de\/blog\/helsinki-restaurant-tipps\/\">Helsinki Restaurants: 12 finnische Gastro-Tipps &amp; Adressen<\/a><\/p>\n<h2><span class=\"ez-toc-section\" id=\"Reisetipp_Konstanz_Westlicher_Bodensee\"><\/span>Reisetipp: Konstanz &amp; Westlicher Bodensee<span class=\"ez-toc-section-end\"><\/span><\/h2>\n<p><img decoding=\"async\" class=\"alignnone wp-image-30530 size-large\" src=\"https:\/\/www.people-abroad.de\/blog\/wp-content\/uploads\/2023\/05\/konstanz-sehenswuerdigkeiten-1-1024x682.jpeg\" alt=\"Konstanz Westlicher Bodensee\" width=\"1024\" height=\"682\" srcset=\"https:\/\/www.people-abroad.de\/blog\/wp-content\/uploads\/2023\/05\/konstanz-sehenswuerdigkeiten-1-1024x682.jpeg 1024w, https:\/\/www.people-abroad.de\/blog\/wp-content\/uploads\/2023\/05\/konstanz-sehenswuerdigkeiten-1-300x200.jpeg 300w, https:\/\/www.people-abroad.de\/blog\/wp-content\/uploads\/2023\/05\/konstanz-sehenswuerdigkeiten-1-768x511.jpeg 768w, https:\/\/www.people-abroad.de\/blog\/wp-content\/uploads\/2023\/05\/konstanz-sehenswuerdigkeiten-1.jpeg 1200w\" sizes=\"(max-width: 1024px) 100vw, 1024px\" \/><\/p>\n<p><img decoding=\"async\" class=\"alignnone wp-image-30546 size-large\" src=\"https:\/\/www.people-abroad.de\/blog\/wp-content\/uploads\/2023\/05\/konstanz-sehenswuerdigkeiten-19-1024x682.jpeg\" alt=\"Konstanz Westlicher Bodensee\" width=\"1024\" height=\"682\" srcset=\"https:\/\/www.people-abroad.de\/blog\/wp-content\/uploads\/2023\/05\/konstanz-sehenswuerdigkeiten-19-1024x682.jpeg 1024w, https:\/\/www.people-abroad.de\/blog\/wp-content\/uploads\/2023\/05\/konstanz-sehenswuerdigkeiten-19-300x200.jpeg 300w, https:\/\/www.people-abroad.de\/blog\/wp-content\/uploads\/2023\/05\/konstanz-sehenswuerdigkeiten-19-768x511.jpeg 768w, https:\/\/www.people-abroad.de\/blog\/wp-content\/uploads\/2023\/05\/konstanz-sehenswuerdigkeiten-19.jpeg 1200w\" sizes=\"(max-width: 1024px) 100vw, 1024px\" \/><\/p>\n<p>Im Fr\u00fchjahr war ich endlich wieder einmal in Konstanz und am Westlichen Bodensee. Die malerische Altstadt von Konstanz mit ihren historischen H\u00e4usern und Gassen ist wundersch\u00f6n und da lohnt es sich definitiv auf Entdeckungsreise zu gehen. Im Hafen von Konstanz kommt fast schon mediterrane Stimmung auf mit den vielen F\u00e4hren und Booten und dem Blick \u00fcbers Wasser. Meine Eindr\u00fccke habe ich hier zusammengefasst: <a href=\"https:\/\/www.people-abroad.de\/blog\/konstanz-sehenswuerdigkeiten\/\">Konstanz Sehensw\u00fcrdigkeiten und Insel Mainau Highlights<\/a><\/p>\n<p><img decoding=\"async\" class=\"alignnone wp-image-30696 size-large\" src=\"https:\/\/www.people-abroad.de\/blog\/wp-content\/uploads\/2023\/05\/westlicher-bodensee-44-1024x682.jpeg\" alt=\"Konstanz Westlicher Bodensee Mainau\" width=\"1024\" height=\"682\" srcset=\"https:\/\/www.people-abroad.de\/blog\/wp-content\/uploads\/2023\/05\/westlicher-bodensee-44-1024x682.jpeg 1024w, https:\/\/www.people-abroad.de\/blog\/wp-content\/uploads\/2023\/05\/westlicher-bodensee-44-300x200.jpeg 300w, https:\/\/www.people-abroad.de\/blog\/wp-content\/uploads\/2023\/05\/westlicher-bodensee-44-768x511.jpeg 768w, https:\/\/www.people-abroad.de\/blog\/wp-content\/uploads\/2023\/05\/westlicher-bodensee-44.jpeg 1200w\" sizes=\"(max-width: 1024px) 100vw, 1024px\" \/><\/p>\n<p><img decoding=\"async\" class=\"alignnone wp-image-30633 size-large\" src=\"https:\/\/www.people-abroad.de\/blog\/wp-content\/uploads\/2023\/05\/westlicher-bodensee-3-1024x682.jpeg\" alt=\"Konstanz Westlicher Bodensee H\u00f6ri\" width=\"1024\" height=\"682\" srcset=\"https:\/\/www.people-abroad.de\/blog\/wp-content\/uploads\/2023\/05\/westlicher-bodensee-3-1024x682.jpeg 1024w, https:\/\/www.people-abroad.de\/blog\/wp-content\/uploads\/2023\/05\/westlicher-bodensee-3-300x200.jpeg 300w, https:\/\/www.people-abroad.de\/blog\/wp-content\/uploads\/2023\/05\/westlicher-bodensee-3-768x511.jpeg 768w, https:\/\/www.people-abroad.de\/blog\/wp-content\/uploads\/2023\/05\/westlicher-bodensee-3.jpeg 1200w\" sizes=\"(max-width: 1024px) 100vw, 1024px\" \/><\/p>\n<p>Wer am Westlichen Bodensee ist, der sollte auf jeden Fall den Besuch der Blumeninsel Mainau (Foto 1), die Halbinsel H\u00f6ri (Foto 2) und den Hegau mit einplanen. Bei mir standen Radtouren und Wanderungen auf dem Programm, um die Region zu erkunden. Besonders durch die Radtouren habe ich den Bodensee ausgiebig kennengelernt. Die Tipps dazu findet ihr hier: <a href=\"https:\/\/www.people-abroad.de\/blog\/westlicher-bodensee\/\">Westlicher Bodensee: Die Highlights der Region entdecken<\/a><\/p>\n<h2><span class=\"ez-toc-section\" id=\"Reisetipp_Frankenwald\"><\/span>Reisetipp: Frankenwald<span class=\"ez-toc-section-end\"><\/span><\/h2>\n<p><img decoding=\"async\" class=\"alignnone wp-image-30801 size-large\" src=\"https:\/\/www.people-abroad.de\/blog\/wp-content\/uploads\/2023\/06\/frankenwald-wandern-trekking-urlaub-36-1024x682.jpeg\" alt=\"Frankenwald Wandern \" width=\"1024\" height=\"682\" srcset=\"https:\/\/www.people-abroad.de\/blog\/wp-content\/uploads\/2023\/06\/frankenwald-wandern-trekking-urlaub-36-1024x682.jpeg 1024w, https:\/\/www.people-abroad.de\/blog\/wp-content\/uploads\/2023\/06\/frankenwald-wandern-trekking-urlaub-36-300x200.jpeg 300w, https:\/\/www.people-abroad.de\/blog\/wp-content\/uploads\/2023\/06\/frankenwald-wandern-trekking-urlaub-36-768x511.jpeg 768w, https:\/\/www.people-abroad.de\/blog\/wp-content\/uploads\/2023\/06\/frankenwald-wandern-trekking-urlaub-36.jpeg 1200w\" sizes=\"(max-width: 1024px) 100vw, 1024px\" \/><\/p>\n<p><img decoding=\"async\" class=\"alignnone wp-image-30737 size-large\" src=\"https:\/\/www.people-abroad.de\/blog\/wp-content\/uploads\/2023\/06\/frankenwald-wandern-trekking-urlaub-4-1024x682.jpeg\" alt=\"Frankenwald Wandern\" width=\"1024\" height=\"682\" srcset=\"https:\/\/www.people-abroad.de\/blog\/wp-content\/uploads\/2023\/06\/frankenwald-wandern-trekking-urlaub-4-1024x682.jpeg 1024w, https:\/\/www.people-abroad.de\/blog\/wp-content\/uploads\/2023\/06\/frankenwald-wandern-trekking-urlaub-4-300x200.jpeg 300w, https:\/\/www.people-abroad.de\/blog\/wp-content\/uploads\/2023\/06\/frankenwald-wandern-trekking-urlaub-4-768x511.jpeg 768w, https:\/\/www.people-abroad.de\/blog\/wp-content\/uploads\/2023\/06\/frankenwald-wandern-trekking-urlaub-4.jpeg 1200w\" sizes=\"(max-width: 1024px) 100vw, 1024px\" \/><\/p>\n<p>Mit dem Frankenwald konnte ich eine f\u00fcr mich neue Region in <a href=\"https:\/\/www.people-abroad.de\/blog\/ausflugsziele-franken\/\">Franken<\/a> kennenlernen, die mir auf Anhieb gefallen hat. Wandern, Trailrunning und Trekking mit der \u00dcbernachtung auf einem Trekkingplatz standen auf dem Outdoor-Programm. Weite Teile der Region, die sich im Nordosten Frankens zwischen den St\u00e4dten Kronach, Kulmbach und Hof liegt, \u00a0geh\u00f6ren zum Naturpark Frankenwald.<\/p>\n<p><img decoding=\"async\" class=\"alignnone wp-image-30749 size-large\" src=\"https:\/\/www.people-abroad.de\/blog\/wp-content\/uploads\/2023\/06\/frankenwald-wandern-trekking-urlaub-9-1024x682.jpeg\" alt=\"Frankenwald Wandern \" width=\"1024\" height=\"682\" srcset=\"https:\/\/www.people-abroad.de\/blog\/wp-content\/uploads\/2023\/06\/frankenwald-wandern-trekking-urlaub-9-1024x682.jpeg 1024w, https:\/\/www.people-abroad.de\/blog\/wp-content\/uploads\/2023\/06\/frankenwald-wandern-trekking-urlaub-9-300x200.jpeg 300w, https:\/\/www.people-abroad.de\/blog\/wp-content\/uploads\/2023\/06\/frankenwald-wandern-trekking-urlaub-9-768x511.jpeg 768w, https:\/\/www.people-abroad.de\/blog\/wp-content\/uploads\/2023\/06\/frankenwald-wandern-trekking-urlaub-9.jpeg 1200w\" sizes=\"(max-width: 1024px) 100vw, 1024px\" \/><\/p>\n<p><img decoding=\"async\" class=\"alignnone wp-image-30748 size-large\" src=\"https:\/\/www.people-abroad.de\/blog\/wp-content\/uploads\/2023\/06\/frankenwald-wandern-trekking-urlaub-10-1024x682.jpeg\" alt=\"Frankenwald Wandern \" width=\"1024\" height=\"682\" srcset=\"https:\/\/www.people-abroad.de\/blog\/wp-content\/uploads\/2023\/06\/frankenwald-wandern-trekking-urlaub-10-1024x682.jpeg 1024w, https:\/\/www.people-abroad.de\/blog\/wp-content\/uploads\/2023\/06\/frankenwald-wandern-trekking-urlaub-10-300x200.jpeg 300w, https:\/\/www.people-abroad.de\/blog\/wp-content\/uploads\/2023\/06\/frankenwald-wandern-trekking-urlaub-10-768x511.jpeg 768w, https:\/\/www.people-abroad.de\/blog\/wp-content\/uploads\/2023\/06\/frankenwald-wandern-trekking-urlaub-10.jpeg 1200w\" sizes=\"(max-width: 1024px) 100vw, 1024px\" \/><\/p>\n<p>Nach den Wander- und Trekking-Touren ging es f\u00fcr mich zum Entspannen und Saunieren in die Therme Bad Steben und in den Kurpark im sch\u00f6nen Bayerischen Staatsbad Bad Steben. Meine Erlebnisse in der abwechslungsreichen Region findet ihr hier: <a href=\"https:\/\/www.people-abroad.de\/blog\/frankenwald-wandern-trekking\/\">Frankenwald: Wandern, Trekking, Trailrunning &amp; Wellness<\/a> und <a href=\"https:\/\/www.people-abroad.de\/blog\/bad-steben-sehenswuerdigkeiten\/\">Bad Steben: Das Bayerische Staatsbad im Frankenwald<\/a><\/p>\n<h2><span class=\"ez-toc-section\" id=\"Reisetipp_Aude_in_Suedfrankreich\"><\/span>Reisetipp: Aude in S\u00fcdfrankreich<span class=\"ez-toc-section-end\"><\/span><\/h2>\n<p><img decoding=\"async\" class=\"alignnone wp-image-31273 size-large\" src=\"https:\/\/www.people-abroad.de\/blog\/wp-content\/uploads\/2023\/07\/occitanie-aude-suedfrankreich-sehenswuerdigkeiten-2-1024x682.jpeg\" alt=\"Ein Reisejahr in Bildern Aude Occitanie Katharer\" width=\"1024\" height=\"682\" srcset=\"https:\/\/www.people-abroad.de\/blog\/wp-content\/uploads\/2023\/07\/occitanie-aude-suedfrankreich-sehenswuerdigkeiten-2-1024x682.jpeg 1024w, https:\/\/www.people-abroad.de\/blog\/wp-content\/uploads\/2023\/07\/occitanie-aude-suedfrankreich-sehenswuerdigkeiten-2-300x200.jpeg 300w, https:\/\/www.people-abroad.de\/blog\/wp-content\/uploads\/2023\/07\/occitanie-aude-suedfrankreich-sehenswuerdigkeiten-2-768x511.jpeg 768w, https:\/\/www.people-abroad.de\/blog\/wp-content\/uploads\/2023\/07\/occitanie-aude-suedfrankreich-sehenswuerdigkeiten-2.jpeg 1200w\" sizes=\"(max-width: 1024px) 100vw, 1024px\" \/><\/p>\n<p><img decoding=\"async\" class=\"alignnone wp-image-31274 size-large\" src=\"https:\/\/www.people-abroad.de\/blog\/wp-content\/uploads\/2023\/07\/occitanie-aude-suedfrankreich-sehenswuerdigkeiten-3-1024x682.jpeg\" alt=\"Ein Reisejahr in Bildern Aude Occitanie Katharer\" width=\"1024\" height=\"682\" srcset=\"https:\/\/www.people-abroad.de\/blog\/wp-content\/uploads\/2023\/07\/occitanie-aude-suedfrankreich-sehenswuerdigkeiten-3-1024x682.jpeg 1024w, https:\/\/www.people-abroad.de\/blog\/wp-content\/uploads\/2023\/07\/occitanie-aude-suedfrankreich-sehenswuerdigkeiten-3-300x200.jpeg 300w, https:\/\/www.people-abroad.de\/blog\/wp-content\/uploads\/2023\/07\/occitanie-aude-suedfrankreich-sehenswuerdigkeiten-3-768x511.jpeg 768w, https:\/\/www.people-abroad.de\/blog\/wp-content\/uploads\/2023\/07\/occitanie-aude-suedfrankreich-sehenswuerdigkeiten-3.jpeg 1200w\" sizes=\"(max-width: 1024px) 100vw, 1024px\" \/><\/p>\n<p>M\u00e4chtige Burgen, historische Festungen und idyllische Orte locken ins \u201eLand der Katharer\u201c. Im Sommer reiste ich in das D\u00e9partement Aude in der Region Occitanie. Es befindet sich im S\u00fcden Frankreichs zwischen Mittelmeer und Pyren\u00e4en und ist voller Natur- und Kultursch\u00e4tze. Vor allem die Katharer-Festungen mit ihren gro\u00dfartigen Ausblicken haben mich bei dieser Reise begeistert. Einige Abschnitte bin ich auf dem Fernwanderweg \u201eSentier Cathare \u2014 GR\u00a9 367\u201c gewandert. Meine Eindr\u00fccke gibt es hier: <a href=\"https:\/\/www.people-abroad.de\/blog\/occitanie-aude-suedfrankreich\/\">S\u00fcdfrankreich: Aude und die Region Occitanie entdecken<\/a> und <a href=\"https:\/\/www.people-abroad.de\/blog\/schoenste-burgen-frankreich\/\">Die 5 sch\u00f6nsten Burgen im S\u00fcden Frankreichs<\/a><\/p>\n<p><img decoding=\"async\" class=\"alignnone wp-image-31269 size-large\" src=\"https:\/\/www.people-abroad.de\/blog\/wp-content\/uploads\/2023\/07\/occitanie-aude-suedfrankreich-sehenswuerdigkeiten-13-1024x682.jpeg\" alt=\"Ein Reisejahr in Bildern Aude Occitanie Katharer\" width=\"1024\" height=\"682\" srcset=\"https:\/\/www.people-abroad.de\/blog\/wp-content\/uploads\/2023\/07\/occitanie-aude-suedfrankreich-sehenswuerdigkeiten-13-1024x682.jpeg 1024w, https:\/\/www.people-abroad.de\/blog\/wp-content\/uploads\/2023\/07\/occitanie-aude-suedfrankreich-sehenswuerdigkeiten-13-300x200.jpeg 300w, https:\/\/www.people-abroad.de\/blog\/wp-content\/uploads\/2023\/07\/occitanie-aude-suedfrankreich-sehenswuerdigkeiten-13-768x511.jpeg 768w, https:\/\/www.people-abroad.de\/blog\/wp-content\/uploads\/2023\/07\/occitanie-aude-suedfrankreich-sehenswuerdigkeiten-13.jpeg 1200w\" sizes=\"(max-width: 1024px) 100vw, 1024px\" \/><\/p>\n<p><img decoding=\"async\" class=\"alignnone wp-image-31275 size-large\" src=\"https:\/\/www.people-abroad.de\/blog\/wp-content\/uploads\/2023\/07\/occitanie-aude-suedfrankreich-sehenswuerdigkeiten-9-1024x682.jpeg\" alt=\"Ein Reisejahr in Bildern Aude Occitanie Katharer\" width=\"1024\" height=\"682\" srcset=\"https:\/\/www.people-abroad.de\/blog\/wp-content\/uploads\/2023\/07\/occitanie-aude-suedfrankreich-sehenswuerdigkeiten-9-1024x682.jpeg 1024w, https:\/\/www.people-abroad.de\/blog\/wp-content\/uploads\/2023\/07\/occitanie-aude-suedfrankreich-sehenswuerdigkeiten-9-300x200.jpeg 300w, https:\/\/www.people-abroad.de\/blog\/wp-content\/uploads\/2023\/07\/occitanie-aude-suedfrankreich-sehenswuerdigkeiten-9-768x511.jpeg 768w, https:\/\/www.people-abroad.de\/blog\/wp-content\/uploads\/2023\/07\/occitanie-aude-suedfrankreich-sehenswuerdigkeiten-9.jpeg 1200w\" sizes=\"(max-width: 1024px) 100vw, 1024px\" \/><\/p>\n<p>Wer Frankreich als Reiseland liebt und mittelalterliche Burgen faszinierend findet, dem empfehle ich Aude in der Region Occitanie S\u00fcdfrankreich. Auch das Titelfoto f\u00fcr diesen Artikel habe ich in Aude aufgenommen. Bei einer Reise dorthin lohnt sich zudem der Besuch der weltber\u00fchmten Festungsstadt Carcassonne. Tipps dazu findet ihr hier: <a href=\"https:\/\/www.people-abroad.de\/blog\/carcassonne-festungsstadt\/\">Carcassonne: Die Festungsstadt im S\u00fcden Frankreichs<\/a><\/p>\n<h2><span class=\"ez-toc-section\" id=\"Reisetipp_Vestland_in_Norwegen\"><\/span>Reisetipp: Vestland in Norwegen<span class=\"ez-toc-section-end\"><\/span><\/h2>\n<p><img decoding=\"async\" class=\"alignnone wp-image-31923 size-large\" src=\"https:\/\/www.people-abroad.de\/blog\/wp-content\/uploads\/2023\/08\/hardangerfjord-1024x684.jpeg\" alt=\"Norwegen Vestland Hardangerfjord\" width=\"1024\" height=\"684\" srcset=\"https:\/\/www.people-abroad.de\/blog\/wp-content\/uploads\/2023\/08\/hardangerfjord-1024x684.jpeg 1024w, https:\/\/www.people-abroad.de\/blog\/wp-content\/uploads\/2023\/08\/hardangerfjord-300x200.jpeg 300w, https:\/\/www.people-abroad.de\/blog\/wp-content\/uploads\/2023\/08\/hardangerfjord-768x513.jpeg 768w, https:\/\/www.people-abroad.de\/blog\/wp-content\/uploads\/2023\/08\/hardangerfjord.jpeg 1200w\" sizes=\"(max-width: 1024px) 100vw, 1024px\" \/><\/p>\n<p><img decoding=\"async\" class=\"alignnone wp-image-31870 size-large\" src=\"https:\/\/www.people-abroad.de\/blog\/wp-content\/uploads\/2023\/08\/hardangerfjord-13-1024x683.jpeg\" alt=\"Norwegen Vestland Hardangerfjord\" width=\"1024\" height=\"683\" srcset=\"https:\/\/www.people-abroad.de\/blog\/wp-content\/uploads\/2023\/08\/hardangerfjord-13-1024x683.jpeg 1024w, https:\/\/www.people-abroad.de\/blog\/wp-content\/uploads\/2023\/08\/hardangerfjord-13-300x200.jpeg 300w, https:\/\/www.people-abroad.de\/blog\/wp-content\/uploads\/2023\/08\/hardangerfjord-13-768x512.jpeg 768w, https:\/\/www.people-abroad.de\/blog\/wp-content\/uploads\/2023\/08\/hardangerfjord-13.jpeg 1200w\" sizes=\"(max-width: 1024px) 100vw, 1024px\" \/><\/p>\n<p>Im Sommer f\u00fcr einen Roadtrip nach S\u00fcdnorwegen erwies sich einmal mehr als prima Idee. Wundersch\u00f6n sind die Fjorde in der Provinz Vestland, die sich gut von Oslo oder Bergen aus erkunden l\u00e4sst. Von <a href=\"https:\/\/www.people-abroad.de\/blog\/bergen-norwegen\/\">Bergen<\/a> bin ich dazu in Richtung Osten und Nordosten gefahren. Der Hardangerfjord z\u00e4hlte zu den Highlights meiner Rundreise. Er ist der zweitl\u00e4ngste Fjord Norwegens und die Landschaft einfach traumhaft. Mehr Fotos vom Hardangerfjord findet ihr hier: <a href=\"https:\/\/www.people-abroad.de\/blog\/hardangerfjord-norwegen\/\">Hardangerfjord: Tipps f\u00fcr den Fjord im S\u00fcden Norwegens<\/a><\/p>\n<p><img decoding=\"async\" class=\"alignnone wp-image-32190 size-large\" src=\"https:\/\/www.people-abroad.de\/blog\/wp-content\/uploads\/2023\/10\/aurlandsfjord-norwegen-1024x683.jpeg\" alt=\"Norwegen Vestland Aurlandsfjord\" width=\"1024\" height=\"683\" srcset=\"https:\/\/www.people-abroad.de\/blog\/wp-content\/uploads\/2023\/10\/aurlandsfjord-norwegen-1024x683.jpeg 1024w, https:\/\/www.people-abroad.de\/blog\/wp-content\/uploads\/2023\/10\/aurlandsfjord-norwegen-300x200.jpeg 300w, https:\/\/www.people-abroad.de\/blog\/wp-content\/uploads\/2023\/10\/aurlandsfjord-norwegen-768x512.jpeg 768w, https:\/\/www.people-abroad.de\/blog\/wp-content\/uploads\/2023\/10\/aurlandsfjord-norwegen.jpeg 1200w\" sizes=\"(max-width: 1024px) 100vw, 1024px\" \/><\/p>\n<p><img decoding=\"async\" class=\"alignnone wp-image-31971 size-large\" src=\"https:\/\/www.people-abroad.de\/blog\/wp-content\/uploads\/2023\/09\/aurlandsfjord-norwegen-20-1024x683.jpeg\" alt=\"Norwegen Vestland Aurlandsfjord\" width=\"1024\" height=\"683\" srcset=\"https:\/\/www.people-abroad.de\/blog\/wp-content\/uploads\/2023\/09\/aurlandsfjord-norwegen-20-1024x683.jpeg 1024w, https:\/\/www.people-abroad.de\/blog\/wp-content\/uploads\/2023\/09\/aurlandsfjord-norwegen-20-300x200.jpeg 300w, https:\/\/www.people-abroad.de\/blog\/wp-content\/uploads\/2023\/09\/aurlandsfjord-norwegen-20-768x512.jpeg 768w, https:\/\/www.people-abroad.de\/blog\/wp-content\/uploads\/2023\/09\/aurlandsfjord-norwegen-20.jpeg 1200w\" sizes=\"(max-width: 1024px) 100vw, 1024px\" \/><\/p>\n<p>Der Aurlandsfjord weiter n\u00f6rdlich ist nicht weniger magisch und man kann ihn gut auf einer Rundreise durch Vestland mit dem Hardangerfjord kombinieren. Der Aurlandsfjord ist ein Nebenarm des Sognefjords, der mit 205 km l\u00e4ngste und mit 1.303 m tiefste Fjord Europas. Weitere Eindr\u00fccke von den Fjorden im S\u00fcden Norwegens gibt es hier: <a href=\"https:\/\/www.people-abroad.de\/blog\/aurlandsfjord-norwegen\/\">Aurlandsfjord: Tipps f\u00fcr Fl\u00e5m, Aurlandsvangen &amp; Stegastein<\/a><\/p>\n<h2><span class=\"ez-toc-section\" id=\"Reisetipp_Wandern_auf_dem_Lechweg\"><\/span>Reisetipp: Wandern auf dem Lechweg<span class=\"ez-toc-section-end\"><\/span><\/h2>\n<p><img decoding=\"async\" class=\"alignnone wp-image-32025 size-large\" src=\"https:\/\/www.people-abroad.de\/blog\/wp-content\/uploads\/2023\/09\/lechweg-wandern-1-1024x682.jpeg\" alt=\"Lechweg Wandern Tipps\" width=\"1024\" height=\"682\" srcset=\"https:\/\/www.people-abroad.de\/blog\/wp-content\/uploads\/2023\/09\/lechweg-wandern-1-1024x682.jpeg 1024w, https:\/\/www.people-abroad.de\/blog\/wp-content\/uploads\/2023\/09\/lechweg-wandern-1-300x200.jpeg 300w, https:\/\/www.people-abroad.de\/blog\/wp-content\/uploads\/2023\/09\/lechweg-wandern-1-768x511.jpeg 768w, https:\/\/www.people-abroad.de\/blog\/wp-content\/uploads\/2023\/09\/lechweg-wandern-1.jpeg 1200w\" sizes=\"(max-width: 1024px) 100vw, 1024px\" \/><\/p>\n<p><img decoding=\"async\" class=\"alignnone wp-image-32029 size-large\" src=\"https:\/\/www.people-abroad.de\/blog\/wp-content\/uploads\/2023\/09\/lechweg-wandern-4-1024x682.jpeg\" alt=\"Lechweg Wandern Tipps\" width=\"1024\" height=\"682\" srcset=\"https:\/\/www.people-abroad.de\/blog\/wp-content\/uploads\/2023\/09\/lechweg-wandern-4-1024x682.jpeg 1024w, https:\/\/www.people-abroad.de\/blog\/wp-content\/uploads\/2023\/09\/lechweg-wandern-4-300x200.jpeg 300w, https:\/\/www.people-abroad.de\/blog\/wp-content\/uploads\/2023\/09\/lechweg-wandern-4-768x511.jpeg 768w, https:\/\/www.people-abroad.de\/blog\/wp-content\/uploads\/2023\/09\/lechweg-wandern-4.jpeg 1200w\" sizes=\"(max-width: 1024px) 100vw, 1024px\" \/><\/p>\n<p>Im Herbst f\u00fchrte mich die n\u00e4chste Reise auf den sch\u00f6nen Lechweg, der mich landschaftlich in seinen Bann zog. Der Fernwanderweg f\u00fchrt von der Quelle in Vorarlberg durch das Lechtal in Tirol bis zum Lechfall bei F\u00fcssen im Allg\u00e4u. Dabei verbindet er die Regionen Vorarlberg, Warth-Schr\u00f6cken, Lechtal, Naturparkregion Reutte und Allg\u00e4u miteinander. Zu Beginn ist der Lechweg alpin, w\u00e4hrend der Fluss im Verlauf breiter und m\u00e4chtiger wird und die Landschaft sich ver\u00e4ndert.<\/p>\n<p><img decoding=\"async\" class=\"alignnone wp-image-32091 size-large\" src=\"https:\/\/www.people-abroad.de\/blog\/wp-content\/uploads\/2023\/09\/lechweg-wandern-38-1024x682.jpeg\" alt=\"Lechweg Wandern Tipps\" width=\"1024\" height=\"682\" srcset=\"https:\/\/www.people-abroad.de\/blog\/wp-content\/uploads\/2023\/09\/lechweg-wandern-38-1024x682.jpeg 1024w, https:\/\/www.people-abroad.de\/blog\/wp-content\/uploads\/2023\/09\/lechweg-wandern-38-300x200.jpeg 300w, https:\/\/www.people-abroad.de\/blog\/wp-content\/uploads\/2023\/09\/lechweg-wandern-38-768x511.jpeg 768w, https:\/\/www.people-abroad.de\/blog\/wp-content\/uploads\/2023\/09\/lechweg-wandern-38.jpeg 1200w\" sizes=\"(max-width: 1024px) 100vw, 1024px\" \/><\/p>\n<p><img decoding=\"async\" class=\"alignnone wp-image-32097 size-large\" src=\"https:\/\/www.people-abroad.de\/blog\/wp-content\/uploads\/2023\/09\/lechweg-wandern-48-1024x682.jpeg\" alt=\"Lechweg Wandern Tipps\" width=\"1024\" height=\"682\" srcset=\"https:\/\/www.people-abroad.de\/blog\/wp-content\/uploads\/2023\/09\/lechweg-wandern-48-1024x682.jpeg 1024w, https:\/\/www.people-abroad.de\/blog\/wp-content\/uploads\/2023\/09\/lechweg-wandern-48-300x200.jpeg 300w, https:\/\/www.people-abroad.de\/blog\/wp-content\/uploads\/2023\/09\/lechweg-wandern-48-768x511.jpeg 768w, https:\/\/www.people-abroad.de\/blog\/wp-content\/uploads\/2023\/09\/lechweg-wandern-48.jpeg 1200w\" sizes=\"(max-width: 1024px) 100vw, 1024px\" \/><\/p>\n<p>Den Abschluss des Wanderweges ist die Etappe von der Naturparkregion Reutte ins Allg\u00e4u, wobei man auch am idyllischen Alpsee vorbeikommt. Der Lechfall in F\u00fcssen ist das Ende dieses tollen und abwechslungsreichen Wanderweges. Meine Eindr\u00fccke und Tipps findet ihr hier: <a href=\"https:\/\/www.people-abroad.de\/blog\/lechweg-wandern\/\">Lechweg: Wandern in Etappen im idyllischen Lechtal<\/a><\/p>\n<h2><span class=\"ez-toc-section\" id=\"Reisetipp_Elsass\"><\/span>Reisetipp: Elsass<span class=\"ez-toc-section-end\"><\/span><\/h2>\n<p><img decoding=\"async\" class=\"alignnone wp-image-32298 size-large\" src=\"https:\/\/www.people-abroad.de\/blog\/wp-content\/uploads\/2023\/11\/eguisheim-ribeauville-riquewihr-elsass-staedte-1-1024x682.jpeg\" alt=\"Elsass Fachwerkst\u00e4dte \" width=\"1024\" height=\"682\" srcset=\"https:\/\/www.people-abroad.de\/blog\/wp-content\/uploads\/2023\/11\/eguisheim-ribeauville-riquewihr-elsass-staedte-1-1024x682.jpeg 1024w, https:\/\/www.people-abroad.de\/blog\/wp-content\/uploads\/2023\/11\/eguisheim-ribeauville-riquewihr-elsass-staedte-1-300x200.jpeg 300w, https:\/\/www.people-abroad.de\/blog\/wp-content\/uploads\/2023\/11\/eguisheim-ribeauville-riquewihr-elsass-staedte-1-768x511.jpeg 768w, https:\/\/www.people-abroad.de\/blog\/wp-content\/uploads\/2023\/11\/eguisheim-ribeauville-riquewihr-elsass-staedte-1.jpeg 1200w\" sizes=\"(max-width: 1024px) 100vw, 1024px\" \/><\/p>\n<p><img decoding=\"async\" class=\"alignnone wp-image-32247 size-large\" src=\"https:\/\/www.people-abroad.de\/blog\/wp-content\/uploads\/2023\/10\/riquewihr-elsass-7-1024x682.jpeg\" alt=\"Elsass Fachwerkst\u00e4dte \" width=\"1024\" height=\"682\" srcset=\"https:\/\/www.people-abroad.de\/blog\/wp-content\/uploads\/2023\/10\/riquewihr-elsass-7-1024x682.jpeg 1024w, https:\/\/www.people-abroad.de\/blog\/wp-content\/uploads\/2023\/10\/riquewihr-elsass-7-300x200.jpeg 300w, https:\/\/www.people-abroad.de\/blog\/wp-content\/uploads\/2023\/10\/riquewihr-elsass-7-768x511.jpeg 768w, https:\/\/www.people-abroad.de\/blog\/wp-content\/uploads\/2023\/10\/riquewihr-elsass-7.jpeg 1200w\" sizes=\"(max-width: 1024px) 100vw, 1024px\" \/><\/p>\n<p>Im Herbst ging es auch wieder einmal ins Elsass und dies war eine gute Wahl. Das Elsass geh\u00f6rt zu den Regionen, die ich gerne und regelm\u00e4\u00dfig besuche. Besonders die Fachwerkst\u00e4dte an der Els\u00e4sser Weinstra\u00dfe lohnen sich immer f\u00fcr den Besuch. Meist sind sie von sanften Weinbergen umgeben und befinden sich zwischen der Rheinebene und den Gipfeln der Vogesen. In den St\u00e4dten lassen sich charmante Gassen mit historischen Geb\u00e4uden, sch\u00f6ne Pl\u00e4tze und verwinkelte Ecken, gem\u00fctliche Caf\u00e9s &amp; Weinstuben und vieles mehr entdecken.<\/p>\n<p><img decoding=\"async\" class=\"alignnone wp-image-32230 size-large\" src=\"https:\/\/www.people-abroad.de\/blog\/wp-content\/uploads\/2023\/10\/eguisheim-elsass-9-1024x682.jpeg\" alt=\"Elsass Fachwerkst\u00e4dte \" width=\"1024\" height=\"682\" srcset=\"https:\/\/www.people-abroad.de\/blog\/wp-content\/uploads\/2023\/10\/eguisheim-elsass-9-1024x682.jpeg 1024w, https:\/\/www.people-abroad.de\/blog\/wp-content\/uploads\/2023\/10\/eguisheim-elsass-9-300x200.jpeg 300w, https:\/\/www.people-abroad.de\/blog\/wp-content\/uploads\/2023\/10\/eguisheim-elsass-9-768x511.jpeg 768w, https:\/\/www.people-abroad.de\/blog\/wp-content\/uploads\/2023\/10\/eguisheim-elsass-9.jpeg 1200w\" sizes=\"(max-width: 1024px) 100vw, 1024px\" \/><\/p>\n<p><img decoding=\"async\" class=\"alignnone wp-image-32224 size-large\" src=\"https:\/\/www.people-abroad.de\/blog\/wp-content\/uploads\/2023\/10\/eguisheim-elsass-7-1024x682.jpeg\" alt=\"Elsass Fachwerkst\u00e4dte \" width=\"1024\" height=\"682\" srcset=\"https:\/\/www.people-abroad.de\/blog\/wp-content\/uploads\/2023\/10\/eguisheim-elsass-7-1024x682.jpeg 1024w, https:\/\/www.people-abroad.de\/blog\/wp-content\/uploads\/2023\/10\/eguisheim-elsass-7-300x200.jpeg 300w, https:\/\/www.people-abroad.de\/blog\/wp-content\/uploads\/2023\/10\/eguisheim-elsass-7-768x511.jpeg 768w, https:\/\/www.people-abroad.de\/blog\/wp-content\/uploads\/2023\/10\/eguisheim-elsass-7.jpeg 1200w\" sizes=\"(max-width: 1024px) 100vw, 1024px\" \/><\/p>\n<p>Bei meiner Reise war ich in Eguisheim, Ribeauvill\u00e9 und Riquewihr und habe einige Wanderungen rund um diese St\u00e4dte unternommen. Meine Tipps f\u00fcr die sehenswerten historischen Orte findest du hier: <a href=\"https:\/\/www.people-abroad.de\/blog\/elsass-fachwerkstaedte\/\">3 malerische Fachwerkst\u00e4dte im Elsass entdecken<\/a><\/p>\n<h2><span class=\"ez-toc-section\" id=\"Reisetipp_Slowenien\"><\/span>Reisetipp: Slowenien<span class=\"ez-toc-section-end\"><\/span><\/h2>\n<p><img decoding=\"async\" class=\"alignnone wp-image-32378 size-large\" src=\"https:\/\/www.people-abroad.de\/blog\/wp-content\/uploads\/2023\/12\/slowenien-roadtrip-julische-alpen-2-1024x682.jpeg\" alt=\"Slowenien Julische Alpen Bleder See\" width=\"1024\" height=\"682\" srcset=\"https:\/\/www.people-abroad.de\/blog\/wp-content\/uploads\/2023\/12\/slowenien-roadtrip-julische-alpen-2-1024x682.jpeg 1024w, https:\/\/www.people-abroad.de\/blog\/wp-content\/uploads\/2023\/12\/slowenien-roadtrip-julische-alpen-2-300x200.jpeg 300w, https:\/\/www.people-abroad.de\/blog\/wp-content\/uploads\/2023\/12\/slowenien-roadtrip-julische-alpen-2-768x511.jpeg 768w, https:\/\/www.people-abroad.de\/blog\/wp-content\/uploads\/2023\/12\/slowenien-roadtrip-julische-alpen-2.jpeg 1200w\" sizes=\"(max-width: 1024px) 100vw, 1024px\" \/><\/p>\n<p><img decoding=\"async\" class=\"alignnone wp-image-32377 size-large\" src=\"https:\/\/www.people-abroad.de\/blog\/wp-content\/uploads\/2023\/12\/slowenien-roadtrip-julische-alpen-1-1024x683.jpeg\" alt=\"Slowenien Julische Alpen Bleder See\" width=\"1024\" height=\"683\" srcset=\"https:\/\/www.people-abroad.de\/blog\/wp-content\/uploads\/2023\/12\/slowenien-roadtrip-julische-alpen-1-1024x683.jpeg 1024w, https:\/\/www.people-abroad.de\/blog\/wp-content\/uploads\/2023\/12\/slowenien-roadtrip-julische-alpen-1-300x200.jpeg 300w, https:\/\/www.people-abroad.de\/blog\/wp-content\/uploads\/2023\/12\/slowenien-roadtrip-julische-alpen-1-768x512.jpeg 768w, https:\/\/www.people-abroad.de\/blog\/wp-content\/uploads\/2023\/12\/slowenien-roadtrip-julische-alpen-1.jpeg 1200w\" sizes=\"(max-width: 1024px) 100vw, 1024px\" \/><\/p>\n<p>Meine letzte Reise in 2023 ging es nach Slowenien. Auf einem Roadtrip erkundete ich den Norden des Landes und die Landschaft und Natur hat mich auch bei meiner dritten Reise in dieses wundersch\u00f6ne Land begeistert. Einige Orte und Pl\u00e4tze wie den Bleder See hatte ich schon mal im Sommer besucht und einige Orte waren neu f\u00fcr mich. Vom strahlend blauen Himmel bis zum neblig-mystischen Bergpanorama war wettertechnisch so ziemlich alles auf dieser Reise dabei.<\/p>\n<p><img decoding=\"async\" class=\"alignnone wp-image-32375 size-large\" src=\"https:\/\/www.people-abroad.de\/blog\/wp-content\/uploads\/2023\/12\/slowenien-roadtrip-julische-alpen-3-1024x682.jpeg\" alt=\"Slowenien Julische Alpen\" width=\"1024\" height=\"682\" srcset=\"https:\/\/www.people-abroad.de\/blog\/wp-content\/uploads\/2023\/12\/slowenien-roadtrip-julische-alpen-3-1024x682.jpeg 1024w, https:\/\/www.people-abroad.de\/blog\/wp-content\/uploads\/2023\/12\/slowenien-roadtrip-julische-alpen-3-300x200.jpeg 300w, https:\/\/www.people-abroad.de\/blog\/wp-content\/uploads\/2023\/12\/slowenien-roadtrip-julische-alpen-3-768x511.jpeg 768w, https:\/\/www.people-abroad.de\/blog\/wp-content\/uploads\/2023\/12\/slowenien-roadtrip-julische-alpen-3.jpeg 1200w\" sizes=\"(max-width: 1024px) 100vw, 1024px\" \/><\/p>\n<p><img decoding=\"async\" class=\"alignnone wp-image-32376 size-large\" src=\"https:\/\/www.people-abroad.de\/blog\/wp-content\/uploads\/2023\/12\/slowenien-roadtrip-julische-alpen-4-1024x682.jpeg\" alt=\"Slowenien Julische Alpen \" width=\"1024\" height=\"682\" srcset=\"https:\/\/www.people-abroad.de\/blog\/wp-content\/uploads\/2023\/12\/slowenien-roadtrip-julische-alpen-4-1024x682.jpeg 1024w, https:\/\/www.people-abroad.de\/blog\/wp-content\/uploads\/2023\/12\/slowenien-roadtrip-julische-alpen-4-300x200.jpeg 300w, https:\/\/www.people-abroad.de\/blog\/wp-content\/uploads\/2023\/12\/slowenien-roadtrip-julische-alpen-4-768x511.jpeg 768w, https:\/\/www.people-abroad.de\/blog\/wp-content\/uploads\/2023\/12\/slowenien-roadtrip-julische-alpen-4.jpeg 1200w\" sizes=\"(max-width: 1024px) 100vw, 1024px\" \/><\/p>\n<p>Besonders die Fahrt durch die Julischen Alpen mit den nebelverhangenen Gipfeln fand ich faszinierend. Auch die Berge rund um den Jasna-See in Kranjska Gora waren in Nebel getaucht. Insgesamt war der Roadtrip nach Slowenien ein gelungener Abschluss f\u00fcr das Reisejahr 2023. Tipps f\u00fcr Slowenien findet hier hier: <a href=\"https:\/\/www.people-abroad.de\/blog\/triglav-nationalpark-slowenien-tipps\/\">Triglav Nationalpark \u2013 Naturerlebnis Slowenien<\/a>,<br \/>\n<a href=\"https:\/\/www.people-abroad.de\/blog\/soca-tal-slowenien\/\">So\u010da-Tal in Slowenien \u2013 Highlights &amp; Tipps<\/a> und <a href=\"https:\/\/www.people-abroad.de\/blog\/julische-alpen\/\">Julische Alpen: Die Perle des Alpenlandes<\/a><\/p>\n<p>Abschlie\u00dfend hoffe ich, dass ich mit meiner R\u00fcckschau dein Interesse auf die hier vorgestellten St\u00e4dte und Regionen wecken konnte. Alle Artikel zur aktuellen Fotoparade von Michael findest du \u00fcbrigens hier: <a href=\"https:\/\/www.erkunde-die-welt.de\/2023\/10\/01\/beste-fotos-2023-fotoparade\/\">Erkunde die Welt \u2013 Fotoparade 2023<\/a>.<\/p>\n<h2><span class=\"ez-toc-section\" id=\"Meine_Reisefotos_auf_Instagram\"><\/span><span id=\"Meine_Reisefotos_auf_Instagram\" class=\"ez-toc-section\"><\/span>Meine Reisefotos auf Instagram<span class=\"ez-toc-section-end\"><\/span><\/h2>\n<p><img decoding=\"async\" class=\"alignnone wp-image-25027 size-large\" src=\"https:\/\/www.people-abroad.de\/blog\/wp-content\/uploads\/2021\/12\/people-abroad-blog-instagram-1024x599.jpg\" alt=\"People Abroad Instagram Reisefotos Reisefotografie Reiseblogger\" width=\"1024\" height=\"599\" srcset=\"https:\/\/www.people-abroad.de\/blog\/wp-content\/uploads\/2021\/12\/people-abroad-blog-instagram-1024x599.jpg 1024w, https:\/\/www.people-abroad.de\/blog\/wp-content\/uploads\/2021\/12\/people-abroad-blog-instagram-300x176.jpg 300w, https:\/\/www.people-abroad.de\/blog\/wp-content\/uploads\/2021\/12\/people-abroad-blog-instagram-768x449.jpg 768w, https:\/\/www.people-abroad.de\/blog\/wp-content\/uploads\/2021\/12\/people-abroad-blog-instagram-400x234.jpg 400w, https:\/\/www.people-abroad.de\/blog\/wp-content\/uploads\/2021\/12\/people-abroad-blog-instagram.jpg 1200w\" sizes=\"(max-width: 1024px) 100vw, 1024px\" \/><\/p>\n<p>Du hast Lust auf mehr Reisefotos? Dann folge mir gerne auf Instagram. Dort poste ich regelm\u00e4\u00dfig \u00fcber meine Reisen, Touren und Ausfl\u00fcge. Du findest mich hier:\u00a0<a href=\"https:\/\/www.instagram.com\/people.abroad\/\">People Abroad auf Instagram<\/a><\/p>\n<p>Hier findest du weitere Jahresr\u00fcckblicke von Reisebloggern:<br \/>\nKerstin und Klaus von <a href=\"https:\/\/willkommenfernweh.de\/fotoparade-2023\/\">Willkommen Fernweh<\/a><br \/>\nNicole und J\u00f6rg von <a href=\"https:\/\/missesundmister.com\/13773-2\/\">Misses &amp; Mister<\/a><br \/>\nSabrina von <a href=\"https:\/\/www.smilesfromabroad.at\/meine-lieblingsfotos-2023-fotoparade\/\">Smiles from abroad<\/a><br \/>\nAnnik von <a href=\"https:\/\/www.missesbackpack.de\/jahresrueckblick-2023-fotografisch\/\">Misses Backpack<\/a><br \/>\nElke von <a href=\"https:\/\/www.kekseundkoffer.de\/fotoparade-2023\/\">Kekse und Koffer<\/a><br \/>\nAndreas von <a href=\"https:\/\/www.reisewut.com\/das-beste-kommt-zum-schluss\/\">Reisewut<\/a><\/p>\n<p>Wie war dein Reisejahr? Welches der hier erw\u00e4hnten Ziele hast du schon besucht? Wom\u00f6glich hast du auch an der Fotoparade teilgenommen? Ich freue mich \u00fcber deinen Kommentar!<\/p>\n<p><a href=\"https:\/\/www.people-abroad.de\/blog\/ein-reisejahr-in-bildern-2022\/\">Mein Beitrag zur Fotoparade 2022<\/a><br \/>\n<a href=\"https:\/\/www.people-abroad.de\/blog\/reisejahr-in-bildern\/\">Mein Beitrag zur Fotoparade 2021<\/a><br \/>\n<a href=\"https:\/\/www.people-abroad.de\/blog\/ein-reisejahr-in-bildern\/\">Mein Beitrag zur Fotoparade 2020<\/a><br \/>\n<a href=\"https:\/\/www.people-abroad.de\/blog\/fotoparade-reisefotos\/\">Mein Beitrag zur Fotoparade 2019<\/a><\/p>\n","protected":false},"excerpt":{"rendered":"<p>Ein Reisejahr geht zu Ende mit Reisen in Deutschland und Europa. Mein R\u00fcckblick soll wieder Lust machen auf die hier vorgestellten St\u00e4dte und Regionen. Das Reisejahr 2023 in Bildern.<\/p>\n","protected":false},"author":1,"featured_media":0,"comment_status":"open","ping_status":"open","sticky":false,"template":"","format":"standard","meta":{"_monsterinsights_skip_tracking":false,"_monsterinsights_sitenote_active":false,"_monsterinsights_sitenote_note":"","_monsterinsights_sitenote_category":0,"footnotes":""},"categories":[2131],"tags":[2155,527],"class_list":["post-32321","post","type-post","status-publish","format-standard","hentry","category-rhein-neckar-region","tag-fotoparade","tag-reisefotografie"],"yoast_head":"<!-- This site is optimized with the Yoast SEO plugin v27.5 - https:\/\/yoast.com\/product\/yoast-seo-wordpress\/ -->\n<title>Ein Reisejahr in Bildern \u2013 R\u00fcckblick &amp; Fotoparade - People Abroad<\/title>\n<meta name=\"description\" content=\"Ein Reisejahr geht zu Ende: Mein R\u00fcckblick soll Lust machen auf die hier vorgestellten St\u00e4dte und Regionen.\" \/>\n<meta name=\"robots\" content=\"noindex, follow\" \/>\n<meta property=\"og:locale\" content=\"de_DE\" \/>\n<meta property=\"og:type\" content=\"article\" \/>\n<meta property=\"og:title\" content=\"Ein Reisejahr in Bildern \u2013 R\u00fcckblick &amp; Fotoparade - People Abroad\" \/>\n<meta property=\"og:description\" content=\"Ein Reisejahr geht zu Ende: Mein R\u00fcckblick soll Lust machen auf die hier vorgestellten St\u00e4dte und Regionen.\" \/>\n<meta property=\"og:url\" content=\"https:\/\/www.people-abroad.de\/blog\/ein-reisejahr-in-bildern-rueckblick-fotoparade\/\" \/>\n<meta property=\"og:site_name\" content=\"People Abroad\" \/>\n<meta property=\"article:publisher\" content=\"https:\/\/www.facebook.com\/menschen.international\/\" \/>\n<meta property=\"article:author\" content=\"https:\/\/www.facebook.com\/menschen.international\/\" \/>\n<meta property=\"article:published_time\" content=\"2023-12-30T06:46:47+00:00\" \/>\n<meta property=\"article:modified_time\" content=\"2024-10-06T07:22:24+00:00\" \/>\n<meta property=\"og:image\" content=\"https:\/\/www.people-abroad.de\/blog\/wp-content\/uploads\/2023\/07\/occitanie-aude-suedfrankreich-sehenswuerdigkeiten-1024x682.jpeg\" \/>\n<meta name=\"author\" content=\"Heiko M\u00fcller\" \/>\n<meta name=\"twitter:card\" content=\"summary_large_image\" \/>\n<meta name=\"twitter:creator\" content=\"@People_Abroad\" \/>\n<meta name=\"twitter:site\" content=\"@People_Abroad\" \/>\n<meta name=\"twitter:label1\" content=\"Verfasst von\" \/>\n\t<meta name=\"twitter:data1\" content=\"Heiko M\u00fcller\" \/>\n\t<meta name=\"twitter:label2\" content=\"Gesch\u00e4tzte Lesezeit\" \/>\n\t<meta name=\"twitter:data2\" content=\"15\u00a0Minuten\" \/>\n<script type=\"application\/ld+json\" class=\"yoast-schema-graph\">{\"@context\":\"https:\\\/\\\/schema.org\",\"@graph\":[{\"@type\":\"Article\",\"@id\":\"https:\\\/\\\/www.people-abroad.de\\\/blog\\\/ein-reisejahr-in-bildern-rueckblick-fotoparade\\\/#article\",\"isPartOf\":{\"@id\":\"https:\\\/\\\/www.people-abroad.de\\\/blog\\\/ein-reisejahr-in-bildern-rueckblick-fotoparade\\\/\"},\"author\":{\"name\":\"Heiko M\u00fcller\",\"@id\":\"https:\\\/\\\/www.people-abroad.de\\\/blog\\\/#\\\/schema\\\/person\\\/2a518a154d93ee6cf0b146bc327329b3\"},\"headline\":\"Ein Reisejahr in Bildern \u2013 R\u00fcckblick &#038; Fotoparade\",\"datePublished\":\"2023-12-30T06:46:47+00:00\",\"dateModified\":\"2024-10-06T07:22:24+00:00\",\"mainEntityOfPage\":{\"@id\":\"https:\\\/\\\/www.people-abroad.de\\\/blog\\\/ein-reisejahr-in-bildern-rueckblick-fotoparade\\\/\"},\"wordCount\":1480,\"commentCount\":2,\"publisher\":{\"@id\":\"https:\\\/\\\/www.people-abroad.de\\\/blog\\\/#\\\/schema\\\/person\\\/2a518a154d93ee6cf0b146bc327329b3\"},\"image\":{\"@id\":\"https:\\\/\\\/www.people-abroad.de\\\/blog\\\/ein-reisejahr-in-bildern-rueckblick-fotoparade\\\/#primaryimage\"},\"thumbnailUrl\":\"https:\\\/\\\/www.people-abroad.de\\\/blog\\\/wp-content\\\/uploads\\\/2023\\\/07\\\/occitanie-aude-suedfrankreich-sehenswuerdigkeiten-1024x682.jpeg\",\"keywords\":[\"Fotoparade\",\"Reisefotografie\"],\"articleSection\":[\"Rhein-Neckar-Region\"],\"inLanguage\":\"de\",\"potentialAction\":[{\"@type\":\"CommentAction\",\"name\":\"Comment\",\"target\":[\"https:\\\/\\\/www.people-abroad.de\\\/blog\\\/ein-reisejahr-in-bildern-rueckblick-fotoparade\\\/#respond\"]}]},{\"@type\":\"WebPage\",\"@id\":\"https:\\\/\\\/www.people-abroad.de\\\/blog\\\/ein-reisejahr-in-bildern-rueckblick-fotoparade\\\/\",\"url\":\"https:\\\/\\\/www.people-abroad.de\\\/blog\\\/ein-reisejahr-in-bildern-rueckblick-fotoparade\\\/\",\"name\":\"Ein Reisejahr in Bildern \u2013 R\u00fcckblick & Fotoparade - People Abroad\",\"isPartOf\":{\"@id\":\"https:\\\/\\\/www.people-abroad.de\\\/blog\\\/#website\"},\"primaryImageOfPage\":{\"@id\":\"https:\\\/\\\/www.people-abroad.de\\\/blog\\\/ein-reisejahr-in-bildern-rueckblick-fotoparade\\\/#primaryimage\"},\"image\":{\"@id\":\"https:\\\/\\\/www.people-abroad.de\\\/blog\\\/ein-reisejahr-in-bildern-rueckblick-fotoparade\\\/#primaryimage\"},\"thumbnailUrl\":\"https:\\\/\\\/www.people-abroad.de\\\/blog\\\/wp-content\\\/uploads\\\/2023\\\/07\\\/occitanie-aude-suedfrankreich-sehenswuerdigkeiten-1024x682.jpeg\",\"datePublished\":\"2023-12-30T06:46:47+00:00\",\"dateModified\":\"2024-10-06T07:22:24+00:00\",\"description\":\"Ein Reisejahr geht zu Ende: Mein R\u00fcckblick soll Lust machen auf die hier vorgestellten St\u00e4dte und Regionen.\",\"breadcrumb\":{\"@id\":\"https:\\\/\\\/www.people-abroad.de\\\/blog\\\/ein-reisejahr-in-bildern-rueckblick-fotoparade\\\/#breadcrumb\"},\"inLanguage\":\"de\",\"potentialAction\":[{\"@type\":\"ReadAction\",\"target\":[\"https:\\\/\\\/www.people-abroad.de\\\/blog\\\/ein-reisejahr-in-bildern-rueckblick-fotoparade\\\/\"]}]},{\"@type\":\"ImageObject\",\"inLanguage\":\"de\",\"@id\":\"https:\\\/\\\/www.people-abroad.de\\\/blog\\\/ein-reisejahr-in-bildern-rueckblick-fotoparade\\\/#primaryimage\",\"url\":\"https:\\\/\\\/www.people-abroad.de\\\/blog\\\/wp-content\\\/uploads\\\/2023\\\/07\\\/occitanie-aude-suedfrankreich-sehenswuerdigkeiten-1024x682.jpeg\",\"contentUrl\":\"https:\\\/\\\/www.people-abroad.de\\\/blog\\\/wp-content\\\/uploads\\\/2023\\\/07\\\/occitanie-aude-suedfrankreich-sehenswuerdigkeiten-1024x682.jpeg\"},{\"@type\":\"BreadcrumbList\",\"@id\":\"https:\\\/\\\/www.people-abroad.de\\\/blog\\\/ein-reisejahr-in-bildern-rueckblick-fotoparade\\\/#breadcrumb\",\"itemListElement\":[{\"@type\":\"ListItem\",\"position\":1,\"name\":\"Startseite\",\"item\":\"https:\\\/\\\/www.people-abroad.de\\\/blog\\\/\"},{\"@type\":\"ListItem\",\"position\":2,\"name\":\"Ein Reisejahr in Bildern \u2013 R\u00fcckblick &#038; Fotoparade\"}]},{\"@type\":\"WebSite\",\"@id\":\"https:\\\/\\\/www.people-abroad.de\\\/blog\\\/#website\",\"url\":\"https:\\\/\\\/www.people-abroad.de\\\/blog\\\/\",\"name\":\"People Abroad\",\"description\":\"Reiseblog\",\"publisher\":{\"@id\":\"https:\\\/\\\/www.people-abroad.de\\\/blog\\\/#\\\/schema\\\/person\\\/2a518a154d93ee6cf0b146bc327329b3\"},\"potentialAction\":[{\"@type\":\"SearchAction\",\"target\":{\"@type\":\"EntryPoint\",\"urlTemplate\":\"https:\\\/\\\/www.people-abroad.de\\\/blog\\\/?s={search_term_string}\"},\"query-input\":{\"@type\":\"PropertyValueSpecification\",\"valueRequired\":true,\"valueName\":\"search_term_string\"}}],\"inLanguage\":\"de\"},{\"@type\":[\"Person\",\"Organization\"],\"@id\":\"https:\\\/\\\/www.people-abroad.de\\\/blog\\\/#\\\/schema\\\/person\\\/2a518a154d93ee6cf0b146bc327329b3\",\"name\":\"Heiko M\u00fcller\",\"logo\":{\"@id\":\"https:\\\/\\\/www.people-abroad.de\\\/blog\\\/#\\\/schema\\\/person\\\/image\\\/\"},\"description\":\"Ich bin Reiseblogger, Content Creator und Redakteur. Auf Reisen erkunde ich gerne neue Regionen, St\u00e4dte und Orte beim Fotografieren, Wandern und Radfahren. F\u00fcr weitere Reisetipps folge mir auf Instagram. Mehr Infos zum Blog findest du hier: https:\\\/\\\/www.people-abroad.de\\\/blog\\\/pr-media\\\/. Kontakt: h.mueller@people-abroad.de\",\"sameAs\":[\"https:\\\/\\\/www.people-abroad.de\\\/blog\\\/\",\"https:\\\/\\\/www.facebook.com\\\/menschen.international\\\/\",\"https:\\\/\\\/www.instagram.com\\\/people.abroad\\\/\",\"https:\\\/\\\/www.linkedin.com\\\/in\\\/muellerheiko\\\/\",\"https:\\\/\\\/www.pinterest.de\\\/peopleabroad\\\/\",\"https:\\\/\\\/x.com\\\/People_Abroad\",\"https:\\\/\\\/www.youtube.com\\\/user\\\/MenschenInt\"],\"url\":\"https:\\\/\\\/www.people-abroad.de\\\/blog\\\/author\\\/admin\\\/\"}]}<\/script>\n<!-- \/ Yoast SEO plugin. -->","yoast_head_json":{"title":"Ein Reisejahr in Bildern \u2013 R\u00fcckblick & Fotoparade - People Abroad","description":"Ein Reisejahr geht zu Ende: Mein R\u00fcckblick soll Lust machen auf die hier vorgestellten St\u00e4dte und Regionen.","robots":{"index":"noindex","follow":"follow"},"og_locale":"de_DE","og_type":"article","og_title":"Ein Reisejahr in Bildern \u2013 R\u00fcckblick & Fotoparade - People Abroad","og_description":"Ein Reisejahr geht zu Ende: Mein R\u00fcckblick soll Lust machen auf die hier vorgestellten St\u00e4dte und Regionen.","og_url":"https:\/\/www.people-abroad.de\/blog\/ein-reisejahr-in-bildern-rueckblick-fotoparade\/","og_site_name":"People Abroad","article_publisher":"https:\/\/www.facebook.com\/menschen.international\/","article_author":"https:\/\/www.facebook.com\/menschen.international\/","article_published_time":"2023-12-30T06:46:47+00:00","article_modified_time":"2024-10-06T07:22:24+00:00","og_image":[{"url":"https:\/\/www.people-abroad.de\/blog\/wp-content\/uploads\/2023\/07\/occitanie-aude-suedfrankreich-sehenswuerdigkeiten-1024x682.jpeg","type":"","width":"","height":""}],"author":"Heiko M\u00fcller","twitter_card":"summary_large_image","twitter_creator":"@People_Abroad","twitter_site":"@People_Abroad","twitter_misc":{"Verfasst von":"Heiko M\u00fcller","Gesch\u00e4tzte Lesezeit":"15\u00a0Minuten"},"schema":{"@context":"https:\/\/schema.org","@graph":[{"@type":"Article","@id":"https:\/\/www.people-abroad.de\/blog\/ein-reisejahr-in-bildern-rueckblick-fotoparade\/#article","isPartOf":{"@id":"https:\/\/www.people-abroad.de\/blog\/ein-reisejahr-in-bildern-rueckblick-fotoparade\/"},"author":{"name":"Heiko M\u00fcller","@id":"https:\/\/www.people-abroad.de\/blog\/#\/schema\/person\/2a518a154d93ee6cf0b146bc327329b3"},"headline":"Ein Reisejahr in Bildern \u2013 R\u00fcckblick &#038; Fotoparade","datePublished":"2023-12-30T06:46:47+00:00","dateModified":"2024-10-06T07:22:24+00:00","mainEntityOfPage":{"@id":"https:\/\/www.people-abroad.de\/blog\/ein-reisejahr-in-bildern-rueckblick-fotoparade\/"},"wordCount":1480,"commentCount":2,"publisher":{"@id":"https:\/\/www.people-abroad.de\/blog\/#\/schema\/person\/2a518a154d93ee6cf0b146bc327329b3"},"image":{"@id":"https:\/\/www.people-abroad.de\/blog\/ein-reisejahr-in-bildern-rueckblick-fotoparade\/#primaryimage"},"thumbnailUrl":"https:\/\/www.people-abroad.de\/blog\/wp-content\/uploads\/2023\/07\/occitanie-aude-suedfrankreich-sehenswuerdigkeiten-1024x682.jpeg","keywords":["Fotoparade","Reisefotografie"],"articleSection":["Rhein-Neckar-Region"],"inLanguage":"de","potentialAction":[{"@type":"CommentAction","name":"Comment","target":["https:\/\/www.people-abroad.de\/blog\/ein-reisejahr-in-bildern-rueckblick-fotoparade\/#respond"]}]},{"@type":"WebPage","@id":"https:\/\/www.people-abroad.de\/blog\/ein-reisejahr-in-bildern-rueckblick-fotoparade\/","url":"https:\/\/www.people-abroad.de\/blog\/ein-reisejahr-in-bildern-rueckblick-fotoparade\/","name":"Ein Reisejahr in Bildern \u2013 R\u00fcckblick & Fotoparade - People Abroad","isPartOf":{"@id":"https:\/\/www.people-abroad.de\/blog\/#website"},"primaryImageOfPage":{"@id":"https:\/\/www.people-abroad.de\/blog\/ein-reisejahr-in-bildern-rueckblick-fotoparade\/#primaryimage"},"image":{"@id":"https:\/\/www.people-abroad.de\/blog\/ein-reisejahr-in-bildern-rueckblick-fotoparade\/#primaryimage"},"thumbnailUrl":"https:\/\/www.people-abroad.de\/blog\/wp-content\/uploads\/2023\/07\/occitanie-aude-suedfrankreich-sehenswuerdigkeiten-1024x682.jpeg","datePublished":"2023-12-30T06:46:47+00:00","dateModified":"2024-10-06T07:22:24+00:00","description":"Ein Reisejahr geht zu Ende: Mein R\u00fcckblick soll Lust machen auf die hier vorgestellten St\u00e4dte und Regionen.","breadcrumb":{"@id":"https:\/\/www.people-abroad.de\/blog\/ein-reisejahr-in-bildern-rueckblick-fotoparade\/#breadcrumb"},"inLanguage":"de","potentialAction":[{"@type":"ReadAction","target":["https:\/\/www.people-abroad.de\/blog\/ein-reisejahr-in-bildern-rueckblick-fotoparade\/"]}]},{"@type":"ImageObject","inLanguage":"de","@id":"https:\/\/www.people-abroad.de\/blog\/ein-reisejahr-in-bildern-rueckblick-fotoparade\/#primaryimage","url":"https:\/\/www.people-abroad.de\/blog\/wp-content\/uploads\/2023\/07\/occitanie-aude-suedfrankreich-sehenswuerdigkeiten-1024x682.jpeg","contentUrl":"https:\/\/www.people-abroad.de\/blog\/wp-content\/uploads\/2023\/07\/occitanie-aude-suedfrankreich-sehenswuerdigkeiten-1024x682.jpeg"},{"@type":"BreadcrumbList","@id":"https:\/\/www.people-abroad.de\/blog\/ein-reisejahr-in-bildern-rueckblick-fotoparade\/#breadcrumb","itemListElement":[{"@type":"ListItem","position":1,"name":"Startseite","item":"https:\/\/www.people-abroad.de\/blog\/"},{"@type":"ListItem","position":2,"name":"Ein Reisejahr in Bildern \u2013 R\u00fcckblick &#038; Fotoparade"}]},{"@type":"WebSite","@id":"https:\/\/www.people-abroad.de\/blog\/#website","url":"https:\/\/www.people-abroad.de\/blog\/","name":"People Abroad","description":"Reiseblog","publisher":{"@id":"https:\/\/www.people-abroad.de\/blog\/#\/schema\/person\/2a518a154d93ee6cf0b146bc327329b3"},"potentialAction":[{"@type":"SearchAction","target":{"@type":"EntryPoint","urlTemplate":"https:\/\/www.people-abroad.de\/blog\/?s={search_term_string}"},"query-input":{"@type":"PropertyValueSpecification","valueRequired":true,"valueName":"search_term_string"}}],"inLanguage":"de"},{"@type":["Person","Organization"],"@id":"https:\/\/www.people-abroad.de\/blog\/#\/schema\/person\/2a518a154d93ee6cf0b146bc327329b3","name":"Heiko M\u00fcller","logo":{"@id":"https:\/\/www.people-abroad.de\/blog\/#\/schema\/person\/image\/"},"description":"Ich bin Reiseblogger, Content Creator und Redakteur. Auf Reisen erkunde ich gerne neue Regionen, St\u00e4dte und Orte beim Fotografieren, Wandern und Radfahren. F\u00fcr weitere Reisetipps folge mir auf Instagram. Mehr Infos zum Blog findest du hier: https:\/\/www.people-abroad.de\/blog\/pr-media\/. Kontakt: h.mueller@people-abroad.de","sameAs":["https:\/\/www.people-abroad.de\/blog\/","https:\/\/www.facebook.com\/menschen.international\/","https:\/\/www.instagram.com\/people.abroad\/","https:\/\/www.linkedin.com\/in\/muellerheiko\/","https:\/\/www.pinterest.de\/peopleabroad\/","https:\/\/x.com\/People_Abroad","https:\/\/www.youtube.com\/user\/MenschenInt"],"url":"https:\/\/www.people-abroad.de\/blog\/author\/admin\/"}]}},"_links":{"self":[{"href":"https:\/\/www.people-abroad.de\/blog\/wp-json\/wp\/v2\/posts\/32321","targetHints":{"allow":["GET"]}}],"collection":[{"href":"https:\/\/www.people-abroad.de\/blog\/wp-json\/wp\/v2\/posts"}],"about":[{"href":"https:\/\/www.people-abroad.de\/blog\/wp-json\/wp\/v2\/types\/post"}],"author":[{"embeddable":true,"href":"https:\/\/www.people-abroad.de\/blog\/wp-json\/wp\/v2\/users\/1"}],"replies":[{"embeddable":true,"href":"https:\/\/www.people-abroad.de\/blog\/wp-json\/wp\/v2\/comments?post=32321"}],"version-history":[{"count":3,"href":"https:\/\/www.people-abroad.de\/blog\/wp-json\/wp\/v2\/posts\/32321\/revisions"}],"predecessor-version":[{"id":32409,"href":"https:\/\/www.people-abroad.de\/blog\/wp-json\/wp\/v2\/posts\/32321\/revisions\/32409"}],"wp:attachment":[{"href":"https:\/\/www.people-abroad.de\/blog\/wp-json\/wp\/v2\/media?parent=32321"}],"wp:term":[{"taxonomy":"category","embeddable":true,"href":"https:\/\/www.people-abroad.de\/blog\/wp-json\/wp\/v2\/categories?post=32321"},{"taxonomy":"post_tag","embeddable":true,"href":"https:\/\/www.people-abroad.de\/blog\/wp-json\/wp\/v2\/tags?post=32321"}],"curies":[{"name":"wp","href":"https:\/\/api.w.org\/{rel}","templated":true}]}}