{"id":30824,"date":"2023-08-05T07:45:52","date_gmt":"2023-08-05T05:45:52","guid":{"rendered":"https:\/\/www.people-abroad.de\/blog\/?p=30824"},"modified":"2023-08-05T07:51:21","modified_gmt":"2023-08-05T05:51:21","slug":"bad-steben-sehenswuerdigkeiten","status":"publish","type":"post","link":"https:\/\/www.people-abroad.de\/blog\/bad-steben-sehenswuerdigkeiten\/","title":{"rendered":"Bad Steben: Das Bayerische Staatsbad im Frankenwald"},"content":{"rendered":"<div id=\"ez-toc-container\" class=\"ez-toc-v2_0_82_2 counter-flat ez-toc-counter ez-toc-grey ez-toc-container-direction\">\n<div class=\"ez-toc-title-container\">\n<p class=\"ez-toc-title\" style=\"cursor:inherit\">Inhaltsverzeichnis<\/p>\n<span class=\"ez-toc-title-toggle\"><a href=\"#\" class=\"ez-toc-pull-right ez-toc-btn ez-toc-btn-xs ez-toc-btn-default ez-toc-toggle\" aria-label=\"Toggle Table of Content\"><span class=\"ez-toc-js-icon-con\"><span class=\"\"><span class=\"eztoc-hide\" style=\"display:none;\">Toggle<\/span><span class=\"ez-toc-icon-toggle-span\"><svg style=\"fill: #999;color:#999\" xmlns=\"http:\/\/www.w3.org\/2000\/svg\" class=\"list-377408\" width=\"20px\" height=\"20px\" viewBox=\"0 0 24 24\" fill=\"none\"><path d=\"M6 6H4v2h2V6zm14 0H8v2h12V6zM4 11h2v2H4v-2zm16 0H8v2h12v-2zM4 16h2v2H4v-2zm16 0H8v2h12v-2z\" fill=\"currentColor\"><\/path><\/svg><svg style=\"fill: #999;color:#999\" class=\"arrow-unsorted-368013\" xmlns=\"http:\/\/www.w3.org\/2000\/svg\" width=\"10px\" height=\"10px\" viewBox=\"0 0 24 24\" version=\"1.2\" baseProfile=\"tiny\"><path d=\"M18.2 9.3l-6.2-6.3-6.2 6.3c-.2.2-.3.4-.3.7s.1.5.3.7c.2.2.4.3.7.3h11c.3 0 .5-.1.7-.3.2-.2.3-.5.3-.7s-.1-.5-.3-.7zM5.8 14.7l6.2 6.3 6.2-6.3c.2-.2.3-.5.3-.7s-.1-.5-.3-.7c-.2-.2-.4-.3-.7-.3h-11c-.3 0-.5.1-.7.3-.2.2-.3.5-.3.7s.1.5.3.7z\"\/><\/svg><\/span><\/span><\/span><\/a><\/span><\/div>\n<nav><ul class='ez-toc-list ez-toc-list-level-1 eztoc-toggle-hide-by-default' ><li class='ez-toc-page-1'><a class=\"ez-toc-link ez-toc-heading-1\" href=\"https:\/\/www.people-abroad.de\/blog\/bad-steben-sehenswuerdigkeiten\/#Bad_Steben_Sehenswuerdigkeiten_Ausflugsziele\" >Bad Steben | Sehensw\u00fcrdigkeiten &amp; Ausflugsziele<\/a><\/li><li class='ez-toc-page-1'><a class=\"ez-toc-link ez-toc-heading-2\" href=\"https:\/\/www.people-abroad.de\/blog\/bad-steben-sehenswuerdigkeiten\/#Therme_Bad_Steben\" >Therme Bad Steben<\/a><\/li><li class='ez-toc-page-1'><a class=\"ez-toc-link ez-toc-heading-3\" href=\"https:\/\/www.people-abroad.de\/blog\/bad-steben-sehenswuerdigkeiten\/#Kurpark_Bad_Steben\" >Kurpark Bad Steben<\/a><\/li><li class='ez-toc-page-1'><a class=\"ez-toc-link ez-toc-heading-4\" href=\"https:\/\/www.people-abroad.de\/blog\/bad-steben-sehenswuerdigkeiten\/#Wandelhalle_Tourist-Info_Bad_Steben\" >Wandelhalle &amp; Tourist-Info Bad Steben<\/a><\/li><li class='ez-toc-page-1'><a class=\"ez-toc-link ez-toc-heading-5\" href=\"https:\/\/www.people-abroad.de\/blog\/bad-steben-sehenswuerdigkeiten\/#Klenzebau_im_Kurpark\" >Klenzebau im Kurpark<\/a><\/li><li class='ez-toc-page-1'><a class=\"ez-toc-link ez-toc-heading-6\" href=\"https:\/\/www.people-abroad.de\/blog\/bad-steben-sehenswuerdigkeiten\/#Kurhaus_Grafikmuseum_Stiftung_Schreiner\" >Kurhaus &amp; Grafikmuseum Stiftung Schreiner<\/a><\/li><li class='ez-toc-page-1'><a class=\"ez-toc-link ez-toc-heading-7\" href=\"https:\/\/www.people-abroad.de\/blog\/bad-steben-sehenswuerdigkeiten\/#Kurpark_Bad_Steben-2\" >Kurpark Bad Steben<\/a><\/li><li class='ez-toc-page-1'><a class=\"ez-toc-link ez-toc-heading-8\" href=\"https:\/\/www.people-abroad.de\/blog\/bad-steben-sehenswuerdigkeiten\/#Spielbank_Bad_Steben\" >Spielbank Bad Steben<\/a><\/li><li class='ez-toc-page-1'><a class=\"ez-toc-link ez-toc-heading-9\" href=\"https:\/\/www.people-abroad.de\/blog\/bad-steben-sehenswuerdigkeiten\/#Lutherkirche\" >Lutherkirche<\/a><\/li><li class='ez-toc-page-1'><a class=\"ez-toc-link ez-toc-heading-10\" href=\"https:\/\/www.people-abroad.de\/blog\/bad-steben-sehenswuerdigkeiten\/#Alte_Wehrkirche_St_Walburga\" >Alte Wehrkirche St. Walburga<\/a><\/li><li class='ez-toc-page-1'><a class=\"ez-toc-link ez-toc-heading-11\" href=\"https:\/\/www.people-abroad.de\/blog\/bad-steben-sehenswuerdigkeiten\/#Katholische_Kirche_Bad_Steben\" >Katholische Kirche Bad Steben<\/a><\/li><li class='ez-toc-page-1'><a class=\"ez-toc-link ez-toc-heading-12\" href=\"https:\/\/www.people-abroad.de\/blog\/bad-steben-sehenswuerdigkeiten\/#Rathaus_Bad_Steben\" >Rathaus Bad Steben<\/a><\/li><li class='ez-toc-page-1'><a class=\"ez-toc-link ez-toc-heading-13\" href=\"https:\/\/www.people-abroad.de\/blog\/bad-steben-sehenswuerdigkeiten\/#Alexander-von-Humboldt-Haus\" >Alexander-von-Humboldt-Haus<\/a><\/li><li class='ez-toc-page-1'><a class=\"ez-toc-link ez-toc-heading-14\" href=\"https:\/\/www.people-abroad.de\/blog\/bad-steben-sehenswuerdigkeiten\/#Bad_Steben_im_Naturpark_Frankenwald\" >Bad Steben im Naturpark Frankenwald<\/a><\/li><li class='ez-toc-page-1'><a class=\"ez-toc-link ez-toc-heading-15\" href=\"https:\/\/www.people-abroad.de\/blog\/bad-steben-sehenswuerdigkeiten\/#Wandern_in_der_Region_Bad_Steben\" >Wandern in der Region Bad Steben<\/a><\/li><li class='ez-toc-page-1'><a class=\"ez-toc-link ez-toc-heading-16\" href=\"https:\/\/www.people-abroad.de\/blog\/bad-steben-sehenswuerdigkeiten\/#Wandern_im_Hoellental\" >Wandern im H\u00f6llental<\/a><\/li><li class='ez-toc-page-1'><a class=\"ez-toc-link ez-toc-heading-17\" href=\"https:\/\/www.people-abroad.de\/blog\/bad-steben-sehenswuerdigkeiten\/#Kur_Reha_in_Bad_Steben\" >Kur &amp; Reha in Bad Steben<\/a><\/li><\/ul><\/nav><\/div>\n<p><a href=\"https:\/\/www.people-abroad.de\/blog\/bad-steben-sehenswuerdigkeiten\/\"><img decoding=\"async\" class=\"alignnone wp-image-30919 size-large\" src=\"https:\/\/www.people-abroad.de\/blog\/wp-content\/uploads\/2023\/06\/bad-steben-26-1024x683.jpeg\" alt=\"Bad Steben Sehensw\u00fcrdigkeiten Ausflugsziele\" width=\"1024\" height=\"683\" srcset=\"https:\/\/www.people-abroad.de\/blog\/wp-content\/uploads\/2023\/06\/bad-steben-26-1024x683.jpeg 1024w, https:\/\/www.people-abroad.de\/blog\/wp-content\/uploads\/2023\/06\/bad-steben-26-300x200.jpeg 300w, https:\/\/www.people-abroad.de\/blog\/wp-content\/uploads\/2023\/06\/bad-steben-26-768x512.jpeg 768w, https:\/\/www.people-abroad.de\/blog\/wp-content\/uploads\/2023\/06\/bad-steben-26.jpeg 1200w\" sizes=\"(max-width: 1024px) 100vw, 1024px\" \/><\/a><\/p>\n<p>[Werbung] Bad Steben im oberfr\u00e4nkischen Landkreis Hof im Frankenwald hat sch\u00f6ne historische Geb\u00e4ude und viel Natur zu bieten. Tipps f\u00fcr die Bad Steben Sehensw\u00fcrdigkeiten und Ausflugsziele.<!--more--><\/p>\n<p>&nbsp;<\/p>\n<p>Kooperation | Frankenwald Tourismus<\/p>\n<p><em>Photocredit Titelbild: \u00a9 Bayerisches Staatsbad Bad Steben GmbH<\/em><\/p>\n<p>Bad Steben ist ein Markt im oberfr\u00e4nkischen Landkreis Hof. Das Bayerische Staatsbad zieht G\u00e4ste vor allem wegen der Therme Bad Steben, dem Kurpark mit der Wandelhalle und der Spielbank Bad Steben an. Zudem kommen viele f\u00fcr Kuren, Reha-Klinik- und Wellness-Aufenthalte nach Bad Steben. Bekannt ist der Kurort u.a. auch f\u00fcr die Heilmittel Naturmoor, Radon und Kohlens\u00e4ure.<\/p>\n<h2><span class=\"ez-toc-section\" id=\"Bad_Steben_Sehenswuerdigkeiten_Ausflugsziele\"><\/span>Bad Steben | Sehensw\u00fcrdigkeiten &amp; Ausflugsziele<span class=\"ez-toc-section-end\"><\/span><\/h2>\n<p>F\u00fcr Wanderer und Outdoor-Freunde ist der Markt rund 20 km westlich von Hof ein guter Ausgangspunkt, um den Naturpark Frankenwald zu erkunden. Zahlreiche Wander- und Radwege gibt es rund um den Ort, der einst das Zentrum des Bergbaus im Frankenwald war. In diesem Artikel findest du die wichtigsten Bad Steben Sehensw\u00fcrdigkeiten und Ausflugsziele.<\/p>\n<p>Einen weiteren Artikel \u00fcber die Region Frankenwald gibt es hier:<br \/>\n<a href=\"https:\/\/www.people-abroad.de\/blog\/frankenwald-wandern-trekking\/\">Frankenwald: Wandern, Trekking, Trailrunning &amp; Wellness<\/a><\/p>\n<h2><span class=\"ez-toc-section\" id=\"Therme_Bad_Steben\"><\/span>Therme Bad Steben<span class=\"ez-toc-section-end\"><\/span><\/h2>\n<p><img decoding=\"async\" class=\"alignnone wp-image-30906 size-large\" src=\"https:\/\/www.people-abroad.de\/blog\/wp-content\/uploads\/2023\/06\/bad-steben-11-1024x682.jpeg\" alt=\"Therme Bad Steben Sehensw\u00fcrdigkeiten Ausflugsziele\" width=\"1024\" height=\"682\" srcset=\"https:\/\/www.people-abroad.de\/blog\/wp-content\/uploads\/2023\/06\/bad-steben-11-1024x682.jpeg 1024w, https:\/\/www.people-abroad.de\/blog\/wp-content\/uploads\/2023\/06\/bad-steben-11-300x200.jpeg 300w, https:\/\/www.people-abroad.de\/blog\/wp-content\/uploads\/2023\/06\/bad-steben-11-768x511.jpeg 768w, https:\/\/www.people-abroad.de\/blog\/wp-content\/uploads\/2023\/06\/bad-steben-11.jpeg 1200w\" sizes=\"(max-width: 1024px) 100vw, 1024px\" \/><\/p>\n<p>Die Therme Bad Steben zieht mit einer mehr als 8.500m\u00b2 gro\u00dfen Thermenlandschaft viele Besucher aus der Region und dar\u00fcber hinaus an. Sie bietet alles, was man zur Entspannung und Erholung braucht und was Wellness-Liebhaber m\u00f6gen. Zu den Highlights geh\u00f6ren die gro\u00dfe Wasserwelt, die weitl\u00e4ufige Saunalandschaft und der Wellness Dome, sowie viele weitere Angebote.<\/p>\n<p><img decoding=\"async\" class=\"alignnone wp-image-30915 size-large\" src=\"https:\/\/www.people-abroad.de\/blog\/wp-content\/uploads\/2023\/06\/bad-steben-7-1024x683.jpg\" alt=\"Therme Bad Steben Sehensw\u00fcrdigkeiten Ausflugsziele\" width=\"1024\" height=\"683\" srcset=\"https:\/\/www.people-abroad.de\/blog\/wp-content\/uploads\/2023\/06\/bad-steben-7-1024x683.jpg 1024w, https:\/\/www.people-abroad.de\/blog\/wp-content\/uploads\/2023\/06\/bad-steben-7-300x200.jpg 300w, https:\/\/www.people-abroad.de\/blog\/wp-content\/uploads\/2023\/06\/bad-steben-7-768x512.jpg 768w, https:\/\/www.people-abroad.de\/blog\/wp-content\/uploads\/2023\/06\/bad-steben-7-1536x1024.jpg 1536w, https:\/\/www.people-abroad.de\/blog\/wp-content\/uploads\/2023\/06\/bad-steben-7.jpg 1920w\" sizes=\"(max-width: 1024px) 100vw, 1024px\" \/> \u00a9 Therme Bad Steben<\/p>\n<p>Zu den Wasserwelten z\u00e4hlt die gro\u00dfe Badehalle mit dem 30 \u00b0C warmen Wasser. Sie ist das Herzst\u00fcck der Therme mit der 15 Meter langen Sprudelschlange, wobei der Farb-Licht-Wechsel in der Badehalle f\u00fcr zus\u00e4tzliche Entspannung sorgt. Auf gem\u00fctlichen Ruheliegen kann man sich erholen und gem\u00fctlich auf die Thermenbecken und ins Freie schauen. Zudem gibt es noch zwei exklusive Solarien.<\/p>\n<p><img decoding=\"async\" class=\"alignnone wp-image-30911 size-large\" src=\"https:\/\/www.people-abroad.de\/blog\/wp-content\/uploads\/2023\/06\/bad-steben-6-1024x681.jpg\" alt=\"Therme Bad Steben Sehensw\u00fcrdigkeiten Ausflugsziele\" width=\"1024\" height=\"681\" srcset=\"https:\/\/www.people-abroad.de\/blog\/wp-content\/uploads\/2023\/06\/bad-steben-6-1024x681.jpg 1024w, https:\/\/www.people-abroad.de\/blog\/wp-content\/uploads\/2023\/06\/bad-steben-6-300x200.jpg 300w, https:\/\/www.people-abroad.de\/blog\/wp-content\/uploads\/2023\/06\/bad-steben-6-768x511.jpg 768w, https:\/\/www.people-abroad.de\/blog\/wp-content\/uploads\/2023\/06\/bad-steben-6-1536x1022.jpg 1536w, https:\/\/www.people-abroad.de\/blog\/wp-content\/uploads\/2023\/06\/bad-steben-6.jpg 1920w\" sizes=\"(max-width: 1024px) 100vw, 1024px\" \/><\/p>\n<p><img decoding=\"async\" class=\"alignnone wp-image-30912 size-large\" src=\"https:\/\/www.people-abroad.de\/blog\/wp-content\/uploads\/2023\/06\/bad-steben-5-1024x682.jpg\" alt=\"Therme Bad Steben Sehensw\u00fcrdigkeiten Ausflugsziele\" width=\"1024\" height=\"682\" srcset=\"https:\/\/www.people-abroad.de\/blog\/wp-content\/uploads\/2023\/06\/bad-steben-5-1024x682.jpg 1024w, https:\/\/www.people-abroad.de\/blog\/wp-content\/uploads\/2023\/06\/bad-steben-5-300x200.jpg 300w, https:\/\/www.people-abroad.de\/blog\/wp-content\/uploads\/2023\/06\/bad-steben-5-768x511.jpg 768w, https:\/\/www.people-abroad.de\/blog\/wp-content\/uploads\/2023\/06\/bad-steben-5-1536x1022.jpg 1536w, https:\/\/www.people-abroad.de\/blog\/wp-content\/uploads\/2023\/06\/bad-steben-5.jpg 1920w\" sizes=\"(max-width: 1024px) 100vw, 1024px\" \/> \u00a9 Therme Bad Steben<\/p>\n<p>In den Wasserwelten kann man sich im 30 \u00b0C warmen Wasser entspannen und gem\u00fctlich seine Runden drehen. M\u00f6glich ist das in der gro\u00dfen Panorama-Badehalle oder in den Erlebnis-Pavillons des F\u00fchlens und H\u00f6rens. Vom Whirlpool \u00fcber das Solebecken bis hin zum Str\u00f6mungskanal reicht die Palette an Angeboten. Besonders sch\u00f6n ist der Au\u00dfenbereich mit dem 36 \u00b0C warmen Wasser.<\/p>\n<p>In der Therme Bad Steben kann man eine relaxte Zeit verbringen: hier eine Sprudel-Liege, da eine Nackendusche, dort eine Schiefer-Dampfgrotte. Zahlreiche Massaged\u00fcsen sorgen f\u00fcr den idealen Wellness-Tag. In der Klangdusche verbinden sich Wasser und Musikkl\u00e4nge zu einer wunderbaren Einheit und im Resonanzturm gibt es herrlich entspannende Laserprojektionen.<\/p>\n<p><img decoding=\"async\" class=\"alignnone wp-image-30916 size-large\" src=\"https:\/\/www.people-abroad.de\/blog\/wp-content\/uploads\/2023\/06\/bad-steben-9-1024x683.jpg\" alt=\"Therme Franken Oberfranken Bayern \" width=\"1024\" height=\"683\" srcset=\"https:\/\/www.people-abroad.de\/blog\/wp-content\/uploads\/2023\/06\/bad-steben-9-1024x683.jpg 1024w, https:\/\/www.people-abroad.de\/blog\/wp-content\/uploads\/2023\/06\/bad-steben-9-300x200.jpg 300w, https:\/\/www.people-abroad.de\/blog\/wp-content\/uploads\/2023\/06\/bad-steben-9-768x512.jpg 768w, https:\/\/www.people-abroad.de\/blog\/wp-content\/uploads\/2023\/06\/bad-steben-9-1536x1025.jpg 1536w, https:\/\/www.people-abroad.de\/blog\/wp-content\/uploads\/2023\/06\/bad-steben-9.jpg 2048w\" sizes=\"(max-width: 1024px) 100vw, 1024px\" \/> \u00a9 Therme Bad Steben<\/p>\n<p>Ein weiteres Highlight ist die Saunalandschaft mit den verschiedenen Saunen, die jeweils unterschiedliche Temperaturgrade haben. Ob Aufguss-Sauna, Bio-Kr\u00e4utersauna, Erdsauna, finnische Feuersauna oder Panorama-Sauna \u2013 die Auswahl ist definitiv gro\u00df. Toll finde ich das Onsen-Hei\u00dfbecken nach japanischem Stil, dort sitzt man erh\u00f6ht im knapp 40\u00b0C warmen Wasser und kann prima relaxen.<\/p>\n<p><img decoding=\"async\" class=\"alignnone wp-image-30917 size-large\" src=\"https:\/\/www.people-abroad.de\/blog\/wp-content\/uploads\/2023\/06\/bad-steben-8-1024x683.jpg\" alt=\"Therme Franken Bayern Oberfranken\" width=\"1024\" height=\"683\" srcset=\"https:\/\/www.people-abroad.de\/blog\/wp-content\/uploads\/2023\/06\/bad-steben-8-1024x683.jpg 1024w, https:\/\/www.people-abroad.de\/blog\/wp-content\/uploads\/2023\/06\/bad-steben-8-300x200.jpg 300w, https:\/\/www.people-abroad.de\/blog\/wp-content\/uploads\/2023\/06\/bad-steben-8-768x512.jpg 768w, https:\/\/www.people-abroad.de\/blog\/wp-content\/uploads\/2023\/06\/bad-steben-8-1536x1024.jpg 1536w, https:\/\/www.people-abroad.de\/blog\/wp-content\/uploads\/2023\/06\/bad-steben-8.jpg 1920w\" sizes=\"(max-width: 1024px) 100vw, 1024px\" \/> \u00a9 Therme Bad Steben<\/p>\n<p>Die Saunalandschaft bietet zudem einen Sky-Pool auf dem Dach und einen Naturbadeteich in der Mitte des Areals. Wer sich hinlegen m\u00f6chte, der kann es sich in einem der vielen Ruher\u00e4ume wie der Salzgrotte, dem Ruhestollen oder dem Schieferstollen mit Wasserbetten gem\u00fctlich machen. Zur Therme geh\u00f6rt \u00fcbrigens auch ein Freibad mit drei Becken, zwei Rutschen, Liegewiesen etc.<\/p>\n<p>Nach einem Besuch in der Therme bietet sich die Einkehr in der hauseigenen Gastronomie an. Sowohl im Restaurant im Eingangsbereich mit Terrasse als auch im Bistro der Saunalandschaft kann man den Wellness-Tag gem\u00fctlich ausklingen lassen. In der Therme gibt es \u00fcbrigens auch ein Gesundheits- &amp; Wellness-Zentrum, in dem man Massagen, Therapien, B\u00e4der, Kuren, Reha-Sport, Pr\u00e4ventionskurse und vieles mehr nutzen kann. Mehr Infos dazu findest du auf der Website der <a href=\"https:\/\/www.therme-bad-steben.de\/startseite\">Therme Bad Steben<\/a>.<\/p>\n<h2><span class=\"ez-toc-section\" id=\"Kurpark_Bad_Steben\"><\/span>Kurpark Bad Steben<span class=\"ez-toc-section-end\"><\/span><\/h2>\n<p><img decoding=\"async\" class=\"alignnone wp-image-30902 size-large\" src=\"https:\/\/www.people-abroad.de\/blog\/wp-content\/uploads\/2023\/06\/bad-steben-1-1024x682.jpeg\" alt=\"Kurpark Bad Steben Sehensw\u00fcrdigkeiten Ausflugsziele\" width=\"1024\" height=\"682\" srcset=\"https:\/\/www.people-abroad.de\/blog\/wp-content\/uploads\/2023\/06\/bad-steben-1-1024x682.jpeg 1024w, https:\/\/www.people-abroad.de\/blog\/wp-content\/uploads\/2023\/06\/bad-steben-1-300x200.jpeg 300w, https:\/\/www.people-abroad.de\/blog\/wp-content\/uploads\/2023\/06\/bad-steben-1-768x511.jpeg 768w, https:\/\/www.people-abroad.de\/blog\/wp-content\/uploads\/2023\/06\/bad-steben-1.jpeg 1200w\" sizes=\"(max-width: 1024px) 100vw, 1024px\" \/><\/p>\n<p>Beim Besuch von Bad Steben sollte man unbedingt den denkmalgesch\u00fctzten Kurpark Bad Steben mit einplanen. Besonders sehenswert sind die Kurgeb\u00e4ude, die teils in klassischem Jugendstil erbaut wurden. Beim Anblick von S\u00e4ulenwandelhalle, Klenzebau, Staatlichem Kurhaus und den Musikpavillons f\u00fchlt man sich fast schon in den mediterranen Mittelmeerraum versetzt.<\/p>\n<h2><span class=\"ez-toc-section\" id=\"Wandelhalle_Tourist-Info_Bad_Steben\"><\/span>Wandelhalle &amp; Tourist-Info Bad Steben<span class=\"ez-toc-section-end\"><\/span><\/h2>\n<p><img decoding=\"async\" class=\"alignnone wp-image-30904 size-large\" src=\"https:\/\/www.people-abroad.de\/blog\/wp-content\/uploads\/2023\/06\/bad-steben-2-1024x682.jpeg\" alt=\"Kurpark Bad Steben Sehensw\u00fcrdigkeiten Ausflugsziele\" width=\"1024\" height=\"682\" srcset=\"https:\/\/www.people-abroad.de\/blog\/wp-content\/uploads\/2023\/06\/bad-steben-2-1024x682.jpeg 1024w, https:\/\/www.people-abroad.de\/blog\/wp-content\/uploads\/2023\/06\/bad-steben-2-300x200.jpeg 300w, https:\/\/www.people-abroad.de\/blog\/wp-content\/uploads\/2023\/06\/bad-steben-2-768x511.jpeg 768w, https:\/\/www.people-abroad.de\/blog\/wp-content\/uploads\/2023\/06\/bad-steben-2.jpeg 1200w\" sizes=\"(max-width: 1024px) 100vw, 1024px\" \/><\/p>\n<p><img decoding=\"async\" class=\"alignnone wp-image-30905 size-large\" src=\"https:\/\/www.people-abroad.de\/blog\/wp-content\/uploads\/2023\/06\/bad-steben-3-1024x682.jpeg\" alt=\"Kurpark Bad Steben Sehensw\u00fcrdigkeiten Ausflugsziele\" width=\"1024\" height=\"682\" srcset=\"https:\/\/www.people-abroad.de\/blog\/wp-content\/uploads\/2023\/06\/bad-steben-3-1024x682.jpeg 1024w, https:\/\/www.people-abroad.de\/blog\/wp-content\/uploads\/2023\/06\/bad-steben-3-300x200.jpeg 300w, https:\/\/www.people-abroad.de\/blog\/wp-content\/uploads\/2023\/06\/bad-steben-3-768x511.jpeg 768w, https:\/\/www.people-abroad.de\/blog\/wp-content\/uploads\/2023\/06\/bad-steben-3.jpeg 1200w\" sizes=\"(max-width: 1024px) 100vw, 1024px\" \/><\/p>\n<p>Die S\u00e4ulenwandelhalle mit den Arkaden ist ein echter Blickfang. Hier ist auch die Tourist-Info Bad Steben untergebracht, in der man n\u00fctzliche Tipps und Info-Material f\u00fcr den Aufenthalt erh\u00e4lt. In der Trinkhalle kann man kostenlos von den Bad Stebener Heilquellen probieren. Drei Sorten gibt es jeweils kalt oder angew\u00e4rmt: Tempel-Quelle (Radon), Wiesen-Quelle und Max-Marien-Quelle. Die Tempel- und Wiesen-Quelle gibt es au\u00dferdem im Kurpark am Zietschbrunnen.<\/p>\n<h2><span class=\"ez-toc-section\" id=\"Klenzebau_im_Kurpark\"><\/span>Klenzebau im Kurpark<span class=\"ez-toc-section-end\"><\/span><\/h2>\n<p><img decoding=\"async\" class=\"alignnone wp-image-30907 size-large\" src=\"https:\/\/www.people-abroad.de\/blog\/wp-content\/uploads\/2023\/06\/bad-steben-4-1024x682.jpeg\" alt=\"Kurpark Bad Steben Sehensw\u00fcrdigkeiten Ausflugsziele\" width=\"1024\" height=\"682\" srcset=\"https:\/\/www.people-abroad.de\/blog\/wp-content\/uploads\/2023\/06\/bad-steben-4-1024x682.jpeg 1024w, https:\/\/www.people-abroad.de\/blog\/wp-content\/uploads\/2023\/06\/bad-steben-4-300x200.jpeg 300w, https:\/\/www.people-abroad.de\/blog\/wp-content\/uploads\/2023\/06\/bad-steben-4-768x511.jpeg 768w, https:\/\/www.people-abroad.de\/blog\/wp-content\/uploads\/2023\/06\/bad-steben-4.jpeg 1200w\" sizes=\"(max-width: 1024px) 100vw, 1024px\" \/><\/p>\n<p><img decoding=\"async\" class=\"alignnone wp-image-30894 size-large\" src=\"https:\/\/www.people-abroad.de\/blog\/wp-content\/uploads\/2023\/06\/bad-steben-15-1024x682.jpeg\" alt=\"Kurpark Blumen Staatsbad Bayern Franken\" width=\"1024\" height=\"682\" srcset=\"https:\/\/www.people-abroad.de\/blog\/wp-content\/uploads\/2023\/06\/bad-steben-15-1024x682.jpeg 1024w, https:\/\/www.people-abroad.de\/blog\/wp-content\/uploads\/2023\/06\/bad-steben-15-300x200.jpeg 300w, https:\/\/www.people-abroad.de\/blog\/wp-content\/uploads\/2023\/06\/bad-steben-15-768x511.jpeg 768w, https:\/\/www.people-abroad.de\/blog\/wp-content\/uploads\/2023\/06\/bad-steben-15.jpeg 1200w\" sizes=\"(max-width: 1024px) 100vw, 1024px\" \/><\/p>\n<p>Der Klenzebau geh\u00f6rt, wie auch die Wandelhalle, zu den Wahrzeichen von Bad Steben. Er wurde im Stil des Klassizismus nach den Entw\u00fcrfen von Leo von Klenze erbaut, dem Hofbaumeister von K\u00f6nig Ludwig I. von Bayern. Im Geb\u00e4ude gibt es einen Ausstellungsraum des Grafikmuseums. Herrlich ist auch der Blumenschmuck rund um den Klenzebau und der Musikpavillon.<\/p>\n<h2><span class=\"ez-toc-section\" id=\"Kurhaus_Grafikmuseum_Stiftung_Schreiner\"><\/span>Kurhaus &amp; Grafikmuseum Stiftung Schreiner<span class=\"ez-toc-section-end\"><\/span><\/h2>\n<p><img decoding=\"async\" class=\"alignnone wp-image-30903 size-large\" src=\"https:\/\/www.people-abroad.de\/blog\/wp-content\/uploads\/2023\/06\/bad-steben-16-1024x682.jpeg\" alt=\"Kurpark Bad Steben Sehensw\u00fcrdigkeiten Ausflugsziele\" width=\"1024\" height=\"682\" srcset=\"https:\/\/www.people-abroad.de\/blog\/wp-content\/uploads\/2023\/06\/bad-steben-16-1024x682.jpeg 1024w, https:\/\/www.people-abroad.de\/blog\/wp-content\/uploads\/2023\/06\/bad-steben-16-300x200.jpeg 300w, https:\/\/www.people-abroad.de\/blog\/wp-content\/uploads\/2023\/06\/bad-steben-16-768x511.jpeg 768w, https:\/\/www.people-abroad.de\/blog\/wp-content\/uploads\/2023\/06\/bad-steben-16.jpeg 1200w\" sizes=\"(max-width: 1024px) 100vw, 1024px\" \/><\/p>\n<p>Das staatliche Kurhaus ist ein imposantes Geb\u00e4ude nach einem Entwurf von Gustav Freiherr von Schacky. Es wurde 1911 im Jugendstil errichtet, wobei es auch Barock-Elemente besitzt. Im Kurhaus gibt es verschiedene Tagungs- und Veranstaltungsr\u00e4ume. Au\u00dferdem befindet sich in dem Geb\u00e4ude das Grafikmuseum Stiftung Schreiner, ein Kunst- und Grafikmuseum, in dem regelm\u00e4\u00dfig Wechselausstellungen gezeigt werden.<\/p>\n<h2><span class=\"ez-toc-section\" id=\"Kurpark_Bad_Steben-2\"><\/span>Kurpark Bad Steben<span class=\"ez-toc-section-end\"><\/span><\/h2>\n<p><img decoding=\"async\" class=\"alignnone wp-image-30910 size-large\" src=\"https:\/\/www.people-abroad.de\/blog\/wp-content\/uploads\/2023\/06\/bad-steben-13-1024x682.jpeg\" alt=\"Kurpark Bad Steben Sehensw\u00fcrdigkeiten Ausflugsziele\" width=\"1024\" height=\"682\" srcset=\"https:\/\/www.people-abroad.de\/blog\/wp-content\/uploads\/2023\/06\/bad-steben-13-1024x682.jpeg 1024w, https:\/\/www.people-abroad.de\/blog\/wp-content\/uploads\/2023\/06\/bad-steben-13-300x200.jpeg 300w, https:\/\/www.people-abroad.de\/blog\/wp-content\/uploads\/2023\/06\/bad-steben-13-768x511.jpeg 768w, https:\/\/www.people-abroad.de\/blog\/wp-content\/uploads\/2023\/06\/bad-steben-13.jpeg 1200w\" sizes=\"(max-width: 1024px) 100vw, 1024px\" \/><\/p>\n<p>Der Kurpark hat eine stattliche Gr\u00f6\u00dfe von 40 Hektar mit einem herrlichen Baumbestand und einer tollen Bepflanzung. Der Untere Kurpark ist der klassische Teil bei den Kurgeb\u00e4uden. Oberer Park und Neuer Park sind die Ausdehnung des Kurparks nach Norden hin. Wandern, Nordic Walking, Spazieren, Yoga, Entspannen \u2013 der Landschaftspark ist ein prima Ort f\u00fcr sch\u00f6ne Naturerlebnisse.<\/p>\n<p><img decoding=\"async\" class=\"alignnone wp-image-30909 size-large\" src=\"https:\/\/www.people-abroad.de\/blog\/wp-content\/uploads\/2023\/06\/bad-steben-12-1024x684.jpeg\" alt=\"Kurpark Franken Oberfranken Bayern \" width=\"1024\" height=\"684\" srcset=\"https:\/\/www.people-abroad.de\/blog\/wp-content\/uploads\/2023\/06\/bad-steben-12-1024x684.jpeg 1024w, https:\/\/www.people-abroad.de\/blog\/wp-content\/uploads\/2023\/06\/bad-steben-12-300x200.jpeg 300w, https:\/\/www.people-abroad.de\/blog\/wp-content\/uploads\/2023\/06\/bad-steben-12-768x513.jpeg 768w, https:\/\/www.people-abroad.de\/blog\/wp-content\/uploads\/2023\/06\/bad-steben-12.jpeg 1200w\" sizes=\"(max-width: 1024px) 100vw, 1024px\" \/><\/p>\n<p><img decoding=\"async\" class=\"alignnone wp-image-30908 size-large\" src=\"https:\/\/www.people-abroad.de\/blog\/wp-content\/uploads\/2023\/06\/bad-steben-14-1024x682.jpeg\" alt=\"Kurpark Franken Bayern Oberfranken\" width=\"1024\" height=\"682\" srcset=\"https:\/\/www.people-abroad.de\/blog\/wp-content\/uploads\/2023\/06\/bad-steben-14-1024x682.jpeg 1024w, https:\/\/www.people-abroad.de\/blog\/wp-content\/uploads\/2023\/06\/bad-steben-14-300x200.jpeg 300w, https:\/\/www.people-abroad.de\/blog\/wp-content\/uploads\/2023\/06\/bad-steben-14-768x511.jpeg 768w, https:\/\/www.people-abroad.de\/blog\/wp-content\/uploads\/2023\/06\/bad-steben-14.jpeg 1200w\" sizes=\"(max-width: 1024px) 100vw, 1024px\" \/><\/p>\n<p>Besonders sch\u00f6n finde ich die unterschiedlichen Bereiche des Kurparks. W\u00e4hrend der Untere Kurpark mit den sch\u00f6n angelegten Blumenbeeten, dem Wasserspiel und dem Musikpavillon an klassische Kurparks erinnert, sind der Obere Park als Landschaftsgarten und der Neue Park nat\u00fcrlich und teils ein bisschen urw\u00fcchsig gehalten. Diese Mischung macht den Kurpark abwechslungsreich und vielseitig. Ein tolles Naturparadies!<\/p>\n<h2><span class=\"ez-toc-section\" id=\"Spielbank_Bad_Steben\"><\/span>Spielbank Bad Steben<span class=\"ez-toc-section-end\"><\/span><\/h2>\n<p><img decoding=\"async\" class=\"alignnone wp-image-30897 size-large\" src=\"https:\/\/www.people-abroad.de\/blog\/wp-content\/uploads\/2023\/06\/bad-steben-19-1024x682.jpeg\" alt=\"Spielbank Bad Steben Sehensw\u00fcrdigkeiten Ausflugsziele\" width=\"1024\" height=\"682\" srcset=\"https:\/\/www.people-abroad.de\/blog\/wp-content\/uploads\/2023\/06\/bad-steben-19-1024x682.jpeg 1024w, https:\/\/www.people-abroad.de\/blog\/wp-content\/uploads\/2023\/06\/bad-steben-19-300x200.jpeg 300w, https:\/\/www.people-abroad.de\/blog\/wp-content\/uploads\/2023\/06\/bad-steben-19-768x511.jpeg 768w, https:\/\/www.people-abroad.de\/blog\/wp-content\/uploads\/2023\/06\/bad-steben-19.jpeg 1200w\" sizes=\"(max-width: 1024px) 100vw, 1024px\" \/><\/p>\n<p>Neben der Therme und dem Kurpark zieht auch die Spielbank von Bad Steben viele Besucher an. Das moderne Glasgeb\u00e4ude nach einem Entwurf des Architekten Meinhard von Gerkan hat ein markantes wellenf\u00f6rmiges Dach. Es symbolisiert einerseits die h\u00fcgelige Landschaft der Region Frankenwald und andererseits das Auf und Ab des Gl\u00fccks im Spiel. Abends ist die Spielbank farbig illuminiert.<\/p>\n<h2><span class=\"ez-toc-section\" id=\"Lutherkirche\"><\/span>Lutherkirche<span class=\"ez-toc-section-end\"><\/span><\/h2>\n<p><img decoding=\"async\" class=\"alignnone wp-image-30898 size-large\" src=\"https:\/\/www.people-abroad.de\/blog\/wp-content\/uploads\/2023\/06\/bad-steben-18-1024x682.jpeg\" alt=\"Lutherkirche Franken Bayern Oberfranken \" width=\"1024\" height=\"682\" srcset=\"https:\/\/www.people-abroad.de\/blog\/wp-content\/uploads\/2023\/06\/bad-steben-18-1024x682.jpeg 1024w, https:\/\/www.people-abroad.de\/blog\/wp-content\/uploads\/2023\/06\/bad-steben-18-300x200.jpeg 300w, https:\/\/www.people-abroad.de\/blog\/wp-content\/uploads\/2023\/06\/bad-steben-18-768x511.jpeg 768w, https:\/\/www.people-abroad.de\/blog\/wp-content\/uploads\/2023\/06\/bad-steben-18.jpeg 1200w\" sizes=\"(max-width: 1024px) 100vw, 1024px\" \/><\/p>\n<p>Die Lutherkirche pr\u00e4gt mit ihrem Kirchturm schon von weitem das Stadtbild von Bad Steben. Sie wurde 1910 als Jugendstil-Kirche errichtet mit Heimatstil-Fassade. Eine romanisch-byzantinische Halle im Inneren mit m\u00e4chtigen S\u00e4ulen, verschiedenen Ornamenten und Schmuckmedaillons. Sie geh\u00f6rte zu den ersten Kirchen in Deutschland, in denen Eisenbeton als Sichtbeton benutzt wurde.<\/p>\n<h2><span class=\"ez-toc-section\" id=\"Alte_Wehrkirche_St_Walburga\"><\/span>Alte Wehrkirche St. Walburga<span class=\"ez-toc-section-end\"><\/span><\/h2>\n<p><img decoding=\"async\" class=\"alignnone wp-image-30895 size-large\" src=\"https:\/\/www.people-abroad.de\/blog\/wp-content\/uploads\/2023\/06\/bad-steben-17-1024x682.jpeg\" alt=\"Bad Steben Sehensw\u00fcrdigkeiten Ausflugsziele\" width=\"1024\" height=\"682\" srcset=\"https:\/\/www.people-abroad.de\/blog\/wp-content\/uploads\/2023\/06\/bad-steben-17-1024x682.jpeg 1024w, https:\/\/www.people-abroad.de\/blog\/wp-content\/uploads\/2023\/06\/bad-steben-17-300x200.jpeg 300w, https:\/\/www.people-abroad.de\/blog\/wp-content\/uploads\/2023\/06\/bad-steben-17-768x511.jpeg 768w, https:\/\/www.people-abroad.de\/blog\/wp-content\/uploads\/2023\/06\/bad-steben-17.jpeg 1200w\" sizes=\"(max-width: 1024px) 100vw, 1024px\" \/><\/p>\n<p>Die Wehrkirche St. Walburga wurde etwa um 1500 erbaut. Damit z\u00e4hlt sie zu den \u00e4ltesten Geb\u00e4uden im Frankenwald. An den Gew\u00f6lben im Gotikstil im Innenraum sind Seccomalereien zu finden. Von der Wehrkirche steht nur noch der Chorraum, weil das Langhaus der Lutherkirche weichen musste. Die imposante Fassade der neueren Lutherkirche ist rechts dahinter zu sehen.<\/p>\n<h2><span class=\"ez-toc-section\" id=\"Katholische_Kirche_Bad_Steben\"><\/span>Katholische Kirche Bad Steben<span class=\"ez-toc-section-end\"><\/span><\/h2>\n<p><img decoding=\"async\" class=\"alignnone wp-image-30900 size-large\" src=\"https:\/\/www.people-abroad.de\/blog\/wp-content\/uploads\/2023\/06\/bad-steben-21-1024x682.jpeg\" alt=\"Katholische Kirche Franken Bayern Oberfranken\" width=\"1024\" height=\"682\" srcset=\"https:\/\/www.people-abroad.de\/blog\/wp-content\/uploads\/2023\/06\/bad-steben-21-1024x682.jpeg 1024w, https:\/\/www.people-abroad.de\/blog\/wp-content\/uploads\/2023\/06\/bad-steben-21-300x200.jpeg 300w, https:\/\/www.people-abroad.de\/blog\/wp-content\/uploads\/2023\/06\/bad-steben-21-768x511.jpeg 768w, https:\/\/www.people-abroad.de\/blog\/wp-content\/uploads\/2023\/06\/bad-steben-21.jpeg 1200w\" sizes=\"(max-width: 1024px) 100vw, 1024px\" \/><\/p>\n<p>Die katholische Kirche &#8222;Maria, K\u00f6nigin des Friedens&#8220; wurde in den 1960er Jahren nach den Entw\u00fcrfen des Architekten Sepp Dietrich erbaut. Die Au\u00dfenfassade ist einer Arche nachempfunden. Im Inneren fallen die bunten Glasfenster ins Auge, welche das Apostolische Glaubensbekenntnis nacherz\u00e4hlen. Das Kirchengeb\u00e4ude mit der modernen Fassade steht an der Stelle einer fr\u00fcheren kleinen Kapelle.<\/p>\n<h2><span class=\"ez-toc-section\" id=\"Rathaus_Bad_Steben\"><\/span>Rathaus Bad Steben<span class=\"ez-toc-section-end\"><\/span><\/h2>\n<p><img decoding=\"async\" class=\"alignnone wp-image-30899 size-large\" src=\"https:\/\/www.people-abroad.de\/blog\/wp-content\/uploads\/2023\/06\/bad-steben-22-1024x682.jpeg\" alt=\"Rathaus Franken Bayern Oberfranken\" width=\"1024\" height=\"682\" srcset=\"https:\/\/www.people-abroad.de\/blog\/wp-content\/uploads\/2023\/06\/bad-steben-22-1024x682.jpeg 1024w, https:\/\/www.people-abroad.de\/blog\/wp-content\/uploads\/2023\/06\/bad-steben-22-300x200.jpeg 300w, https:\/\/www.people-abroad.de\/blog\/wp-content\/uploads\/2023\/06\/bad-steben-22-768x511.jpeg 768w, https:\/\/www.people-abroad.de\/blog\/wp-content\/uploads\/2023\/06\/bad-steben-22.jpeg 1200w\" sizes=\"(max-width: 1024px) 100vw, 1024px\" \/><\/p>\n<p>Das heutige Rathaus der Stadt hatte in seiner Geschichte schon mehrere Funktionen. Im Jahre 1793 wurde in dem Geb\u00e4ude von Alexander von Humboldt die erste bayerische Berufsschule er\u00f6ffnet, die &#8222;K\u00f6nigliche freie Bergschule zu Steben&#8220;. Im weiteren Verlauf war in dem Geb\u00e4ude eine Spielwarenfabrik untergebracht, seit 1928 ist es das Rathaus. Im Ratskeller gab es einst eine Arrestzelle.<\/p>\n<h2><span class=\"ez-toc-section\" id=\"Alexander-von-Humboldt-Haus\"><\/span>Alexander-von-Humboldt-Haus<span class=\"ez-toc-section-end\"><\/span><\/h2>\n<p><img decoding=\"async\" class=\"alignnone wp-image-30896 size-large\" src=\"https:\/\/www.people-abroad.de\/blog\/wp-content\/uploads\/2023\/06\/bad-steben-20-1024x682.jpeg\" alt=\"Bad Steben Sehensw\u00fcrdigkeiten Ausflugsziele\" width=\"1024\" height=\"682\" srcset=\"https:\/\/www.people-abroad.de\/blog\/wp-content\/uploads\/2023\/06\/bad-steben-20-1024x682.jpeg 1024w, https:\/\/www.people-abroad.de\/blog\/wp-content\/uploads\/2023\/06\/bad-steben-20-300x200.jpeg 300w, https:\/\/www.people-abroad.de\/blog\/wp-content\/uploads\/2023\/06\/bad-steben-20-768x511.jpeg 768w, https:\/\/www.people-abroad.de\/blog\/wp-content\/uploads\/2023\/06\/bad-steben-20.jpeg 1200w\" sizes=\"(max-width: 1024px) 100vw, 1024px\" \/><\/p>\n<p>Das ehemalige markgr\u00e4fliche Jagdschloss wurde von 1792 bis 1795 von Alexander von Humboldt bewohnt. W\u00e4hrend seiner Zeit im Frankenwald reformierte Humboldt den Bergbau und f\u00fchrte vielf\u00e4ltige Forschungsarbeiten u.a. in den Bereichen Biologie und Chemie durch. Erbaut wurde das Jagdschloss von Johann Leonard Och. Heute ist das Alexander-von-Humboldt-Haus in Privatbesitz.<\/p>\n<h2><span class=\"ez-toc-section\" id=\"Bad_Steben_im_Naturpark_Frankenwald\"><\/span>Bad Steben im Naturpark Frankenwald<span class=\"ez-toc-section-end\"><\/span><\/h2>\n<p>Der Frankenwald liegt im Nordosten Frankens zwischen den St\u00e4dten Kronach, Kulmbach und Hof. Auf einer Fl\u00e4che von 1.200 qm erstreckt sich das reizvolle und abwechslungsreiche Mittelgebirge vom Main bis zum Gr\u00fcnen Band, der ehemaligen innerdeutschen Grenze. Weite Teile der Region geh\u00f6ren zum Naturpark Frankenwald, einem einzigartigen Lebensraum f\u00fcr Pflanzen und Tiere.<\/p>\n<p>Bewaldete Gebiete nehmen etwa die H\u00e4lfte der Fl\u00e4che des Naturparks Frankenwald ein. Forstwirtschaft, Fl\u00f6\u00dferei, Bergbau und Schieferabbau haben in der Region Tradition. Der f\u00fcr den Frankenwald typische Schiefer, auch \u201eblaues Gold\u201c genannt, begegnet einem noch heute u.a. an Fassaden und auf D\u00e4chern. Zudem bestimmen Hochfl\u00e4chen und Wiesent\u00e4ler das Landschaftsbild.<\/p>\n<h2><span class=\"ez-toc-section\" id=\"Wandern_in_der_Region_Bad_Steben\"><\/span>Wandern in der Region Bad Steben<span class=\"ez-toc-section-end\"><\/span><\/h2>\n<p>Der Frankenwald wurde als erste Region in Bayern vom Deutschen Wanderverband als Qualit\u00e4tsregion Wanderbares Deutschland zertifiziert. Mehr als 4.200 km Wanderwege mit Markierung gilt es zu entdecken. Die bekanntesten Wanderwege der Region sind:<\/p>\n<p>\u2013 FrankenwaldSteig: 243,5 km langer Fernwanderweg, der den Frankenwald umrundet<br \/>\n\u2013 FrankenwaldSteigla: 31 ausgewiesene Premiumwege von Halbtages- bis Tagestouren<\/p>\n<p>Am \u201eDrehkreuz des Wanderns\u201c nord\u00f6stlich von Lichtenberg starten bzw. enden insgesamt f\u00fcnf zertifizierte Fernwanderwege:<\/p>\n<p><strong>Fernwanderwege am Drehkreuz<\/strong><br \/>\n\u2013 FrankenwaldSteig (243,5 km)<br \/>\n\u2013 Frankenweg (520 km)<br \/>\n\u2013 Fr\u00e4nkischer Gebirgsweg (425 km)<br \/>\n\u2013 Rennsteig (168 km)<br \/>\n\u2013 Kammweg (289 km)<\/p>\n<h2><span class=\"ez-toc-section\" id=\"Wandern_im_Hoellental\"><\/span>Wandern im H\u00f6llental<span class=\"ez-toc-section-end\"><\/span><\/h2>\n<p>Zu den beliebtesten Wandergebieten bei Bad Steben z\u00e4hlt das H\u00f6llental. Das Flusstal der Selbitz befindet sich \u00f6stlich von Lichtenberg im Landkreis Hof, unweit der Grenze zu Th\u00fcringen. Das H\u00f6llental steht unter Naturschutz und bietet wundersch\u00f6ne Naturerlebnisse. Wir starten mit einer kleinen Gruppe zu einer Wanderung, bei der uns auch Naturpark-Ranger Jan van der Sant begleitet.<\/p>\n<p>Wandertipp: Die Wanderung auf dem neu restaurierten Felsenpfad ist 5,4 km lang und mittelschwer. Etwa 1,5 Stunden sollte man f\u00fcr den Rundweg ab dem Naturpark Infozentrum Blechschmidtenhammer (Parkplatz) einplanen. Ein toller und Rundweg mit Aussicht!<\/p>\n<h2><span class=\"ez-toc-section\" id=\"Kur_Reha_in_Bad_Steben\"><\/span>Kur &amp; Reha in Bad Steben<span class=\"ez-toc-section-end\"><\/span><\/h2>\n<p>Bad Steben ist bekannt f\u00fcr Kur- und Reha-Aufenthalte sowie f\u00fcr die Heilmittel Naturmoor, Radon und Kohlens\u00e4ure. Mit der Tempel-Quelle (Radon), Wiesen-Quelle und Max-Marien-Quelle gibt es drei verschiedene Heilquellen in der Wandelhalle des Kurparks. Die folgenden Reha-Kliniken gibt es in Bad Steben:<\/p>\n<p>&#8211; Rehabilitationsklinik Franken<br \/>\n&#8211; Rehabilitationsklinik Auental<br \/>\n&#8211; Alexander von Humboldt Klinik<br \/>\n&#8211; Klinik Frankenwarte<br \/>\n&#8211; Klinik am Park<\/p>\n<p>Einen weiteren Artikel \u00fcber die Region Frankenwald gibt es hier:<br \/>\n<a href=\"https:\/\/www.people-abroad.de\/blog\/frankenwald-wandern-trekking\/\">Frankenwald: Wandern, Trekking, Trailrunning &amp; Wellness<\/a><\/p>\n<p>Hast du weitere Tipps zu Bad Steben? Dann hinterlasse sie gerne in einem Kommentar.<\/p>\n<p><em><strong>Werbehinweis:<\/strong> Dieser Artikel entstand in Zusammenarbeit mit Frankenwald Tourismus. Ich gehe gerne Kooperationen ein, meine pers\u00f6nliche Meinung wird davon aber nicht beeinflusst.<\/em><\/p>\n<p>Weitere Artikel \u00fcber die Region Franken findest du hier:<br \/>\n<a href=\"https:\/\/www.people-abroad.de\/blog\/bad-kissingen-sehenswuerdigkeiten\/\">Bad Kissingen Sehensw\u00fcrdigkeiten \u2013 Highlights &amp; Tipps<\/a><br \/>\n<a href=\"https:\/\/www.people-abroad.de\/blog\/pottenstein-fraenkische-schweiz\/\">Pottenstein: Felsenst\u00e4dtchen in der Fr\u00e4nkischen Schweiz<\/a><br \/>\n<a href=\"https:\/\/www.people-abroad.de\/blog\/rothenburg-ob-der-tauber-sehenswuerdigkeiten\/\">Rothenburg ob der Tauber Sehensw\u00fcrdigkeiten &amp; Tipps<\/a><br \/>\n<a href=\"https:\/\/www.people-abroad.de\/blog\/hammelburg-fraenkische-saale\/\">Hammelburg und die Fr\u00e4nkische Saale entdecken<\/a><br \/>\n<a href=\"https:\/\/www.people-abroad.de\/blog\/volkacher-mainschleife-franken\/\">Volkacher Mainschleife in Franken \u2013 Infos &amp; Tipps<\/a><br \/>\n<a href=\"https:\/\/www.people-abroad.de\/blog\/main-radweg-fraenkisches-weinland\/\">Der MainRadweg im Fr\u00e4nkischen Weinland<\/a><br \/>\n<a href=\"https:\/\/www.people-abroad.de\/blog\/ausflugsziele-franken\/\">Sch\u00f6ne Orte und Ausflugsziele in Franken<\/a><br \/>\n<a href=\"https:\/\/www.people-abroad.de\/blog\/wuerzburg-sehenswuerdigkeiten\/\">W\u00fcrzburg: Sehensw\u00fcrdigkeiten &amp; Tipps<\/a><br \/>\n<a href=\"https:\/\/www.people-abroad.de\/blog\/sommerrodelbahn-pottenstein-erlebnisfelsen\/\">Sommerrodelbahn Pottenstein &amp; Erlebnisfelsen<\/a><br \/>\n<a href=\"https:\/\/www.people-abroad.de\/blog\/mainland-miltenberg-churfranken\/\">Mainland Miltenberg \u2013 Aktivurlaub in Churfranken<\/a><br \/>\n<a href=\"https:\/\/www.people-abroad.de\/blog\/fraenkische-schweiz-pottenstein-egloffstein\/\">Fr\u00e4nkische Schweiz: Pottenstein &amp; Egloffstein<\/a><br \/>\n<a href=\"https:\/\/www.people-abroad.de\/blog\/5-seidla-steig\/\">Der 5-Seidla-Steig in der Fr\u00e4nkischen Schweiz<\/a><\/p>\n","protected":false},"excerpt":{"rendered":"<p>[Werbung] Bad Steben im oberfr\u00e4nkischen Landkreis Hof im Frankenwald hat sch\u00f6ne historische Geb\u00e4ude und viel Natur zu bieten. Tipps f\u00fcr die Bad Steben Sehensw\u00fcrdigkeiten und Ausflugsziele.<\/p>\n","protected":false},"author":1,"featured_media":0,"comment_status":"open","ping_status":"open","sticky":false,"template":"","format":"standard","meta":{"_monsterinsights_skip_tracking":false,"_monsterinsights_sitenote_active":false,"_monsterinsights_sitenote_note":"","_monsterinsights_sitenote_category":0,"footnotes":""},"categories":[701,1961],"tags":[1976,2072],"class_list":["post-30824","post","type-post","status-publish","format-standard","hentry","category-deutschland","category-staedtereise","tag-bayern","tag-franken"],"yoast_head":"<!-- This site is optimized with the Yoast SEO plugin v27.4 - https:\/\/yoast.com\/product\/yoast-seo-wordpress\/ -->\n<title>Bad Steben: Das Bayerische Staatsbad im Frankenwald - People Abroad<\/title>\n<meta name=\"description\" content=\"Bad Steben im oberfr\u00e4nkischen Landkreis Hof hat sch\u00f6ne historische Geb\u00e4ude - Tipps f\u00fcr die Bad Steben Sehensw\u00fcrdigkeiten und Ausflugsziele.\" \/>\n<meta name=\"robots\" content=\"index, follow, max-snippet:-1, max-image-preview:large, max-video-preview:-1\" \/>\n<link rel=\"canonical\" href=\"https:\/\/www.people-abroad.de\/blog\/bad-steben-sehenswuerdigkeiten\/\" \/>\n<meta property=\"og:locale\" content=\"de_DE\" \/>\n<meta property=\"og:type\" content=\"article\" \/>\n<meta property=\"og:title\" content=\"Bad Steben: Das Bayerische Staatsbad im Frankenwald - People Abroad\" \/>\n<meta property=\"og:description\" content=\"Bad Steben im oberfr\u00e4nkischen Landkreis Hof hat sch\u00f6ne historische Geb\u00e4ude - Tipps f\u00fcr die Bad Steben Sehensw\u00fcrdigkeiten und Ausflugsziele.\" \/>\n<meta property=\"og:url\" content=\"https:\/\/www.people-abroad.de\/blog\/bad-steben-sehenswuerdigkeiten\/\" \/>\n<meta property=\"og:site_name\" content=\"People Abroad\" \/>\n<meta property=\"article:publisher\" content=\"https:\/\/www.facebook.com\/menschen.international\/\" \/>\n<meta property=\"article:author\" content=\"https:\/\/www.facebook.com\/menschen.international\/\" \/>\n<meta property=\"article:published_time\" content=\"2023-08-05T05:45:52+00:00\" \/>\n<meta property=\"article:modified_time\" content=\"2023-08-05T05:51:21+00:00\" \/>\n<meta property=\"og:image\" content=\"https:\/\/www.people-abroad.de\/blog\/wp-content\/uploads\/2023\/06\/bad-steben-26-1024x683.jpeg\" \/>\n<meta name=\"author\" content=\"Heiko M\u00fcller\" \/>\n<meta name=\"twitter:card\" content=\"summary_large_image\" \/>\n<meta name=\"twitter:creator\" content=\"@People_Abroad\" \/>\n<meta name=\"twitter:site\" content=\"@People_Abroad\" \/>\n<meta name=\"twitter:label1\" content=\"Verfasst von\" \/>\n\t<meta name=\"twitter:data1\" content=\"Heiko M\u00fcller\" \/>\n\t<meta name=\"twitter:label2\" content=\"Gesch\u00e4tzte Lesezeit\" \/>\n\t<meta name=\"twitter:data2\" content=\"15\u00a0Minuten\" \/>\n<script type=\"application\/ld+json\" class=\"yoast-schema-graph\">{\"@context\":\"https:\\\/\\\/schema.org\",\"@graph\":[{\"@type\":\"Article\",\"@id\":\"https:\\\/\\\/www.people-abroad.de\\\/blog\\\/bad-steben-sehenswuerdigkeiten\\\/#article\",\"isPartOf\":{\"@id\":\"https:\\\/\\\/www.people-abroad.de\\\/blog\\\/bad-steben-sehenswuerdigkeiten\\\/\"},\"author\":{\"name\":\"Heiko M\u00fcller\",\"@id\":\"https:\\\/\\\/www.people-abroad.de\\\/blog\\\/#\\\/schema\\\/person\\\/2a518a154d93ee6cf0b146bc327329b3\"},\"headline\":\"Bad Steben: Das Bayerische Staatsbad im Frankenwald\",\"datePublished\":\"2023-08-05T05:45:52+00:00\",\"dateModified\":\"2023-08-05T05:51:21+00:00\",\"mainEntityOfPage\":{\"@id\":\"https:\\\/\\\/www.people-abroad.de\\\/blog\\\/bad-steben-sehenswuerdigkeiten\\\/\"},\"wordCount\":1863,\"commentCount\":0,\"publisher\":{\"@id\":\"https:\\\/\\\/www.people-abroad.de\\\/blog\\\/#\\\/schema\\\/person\\\/2a518a154d93ee6cf0b146bc327329b3\"},\"image\":{\"@id\":\"https:\\\/\\\/www.people-abroad.de\\\/blog\\\/bad-steben-sehenswuerdigkeiten\\\/#primaryimage\"},\"thumbnailUrl\":\"https:\\\/\\\/www.people-abroad.de\\\/blog\\\/wp-content\\\/uploads\\\/2023\\\/06\\\/bad-steben-26-1024x683.jpeg\",\"keywords\":[\"Bayern\",\"Franken\"],\"articleSection\":[\"Deutschland\",\"St\u00e4dtereise\"],\"inLanguage\":\"de\",\"potentialAction\":[{\"@type\":\"CommentAction\",\"name\":\"Comment\",\"target\":[\"https:\\\/\\\/www.people-abroad.de\\\/blog\\\/bad-steben-sehenswuerdigkeiten\\\/#respond\"]}]},{\"@type\":\"WebPage\",\"@id\":\"https:\\\/\\\/www.people-abroad.de\\\/blog\\\/bad-steben-sehenswuerdigkeiten\\\/\",\"url\":\"https:\\\/\\\/www.people-abroad.de\\\/blog\\\/bad-steben-sehenswuerdigkeiten\\\/\",\"name\":\"Bad Steben: Das Bayerische Staatsbad im Frankenwald - People Abroad\",\"isPartOf\":{\"@id\":\"https:\\\/\\\/www.people-abroad.de\\\/blog\\\/#website\"},\"primaryImageOfPage\":{\"@id\":\"https:\\\/\\\/www.people-abroad.de\\\/blog\\\/bad-steben-sehenswuerdigkeiten\\\/#primaryimage\"},\"image\":{\"@id\":\"https:\\\/\\\/www.people-abroad.de\\\/blog\\\/bad-steben-sehenswuerdigkeiten\\\/#primaryimage\"},\"thumbnailUrl\":\"https:\\\/\\\/www.people-abroad.de\\\/blog\\\/wp-content\\\/uploads\\\/2023\\\/06\\\/bad-steben-26-1024x683.jpeg\",\"datePublished\":\"2023-08-05T05:45:52+00:00\",\"dateModified\":\"2023-08-05T05:51:21+00:00\",\"description\":\"Bad Steben im oberfr\u00e4nkischen Landkreis Hof hat sch\u00f6ne historische Geb\u00e4ude - Tipps f\u00fcr die Bad Steben Sehensw\u00fcrdigkeiten und Ausflugsziele.\",\"breadcrumb\":{\"@id\":\"https:\\\/\\\/www.people-abroad.de\\\/blog\\\/bad-steben-sehenswuerdigkeiten\\\/#breadcrumb\"},\"inLanguage\":\"de\",\"potentialAction\":[{\"@type\":\"ReadAction\",\"target\":[\"https:\\\/\\\/www.people-abroad.de\\\/blog\\\/bad-steben-sehenswuerdigkeiten\\\/\"]}]},{\"@type\":\"ImageObject\",\"inLanguage\":\"de\",\"@id\":\"https:\\\/\\\/www.people-abroad.de\\\/blog\\\/bad-steben-sehenswuerdigkeiten\\\/#primaryimage\",\"url\":\"https:\\\/\\\/www.people-abroad.de\\\/blog\\\/wp-content\\\/uploads\\\/2023\\\/06\\\/bad-steben-26-1024x683.jpeg\",\"contentUrl\":\"https:\\\/\\\/www.people-abroad.de\\\/blog\\\/wp-content\\\/uploads\\\/2023\\\/06\\\/bad-steben-26-1024x683.jpeg\"},{\"@type\":\"BreadcrumbList\",\"@id\":\"https:\\\/\\\/www.people-abroad.de\\\/blog\\\/bad-steben-sehenswuerdigkeiten\\\/#breadcrumb\",\"itemListElement\":[{\"@type\":\"ListItem\",\"position\":1,\"name\":\"Startseite\",\"item\":\"https:\\\/\\\/www.people-abroad.de\\\/blog\\\/\"},{\"@type\":\"ListItem\",\"position\":2,\"name\":\"Bad Steben: Das Bayerische Staatsbad im Frankenwald\"}]},{\"@type\":\"WebSite\",\"@id\":\"https:\\\/\\\/www.people-abroad.de\\\/blog\\\/#website\",\"url\":\"https:\\\/\\\/www.people-abroad.de\\\/blog\\\/\",\"name\":\"People Abroad\",\"description\":\"Reiseblog\",\"publisher\":{\"@id\":\"https:\\\/\\\/www.people-abroad.de\\\/blog\\\/#\\\/schema\\\/person\\\/2a518a154d93ee6cf0b146bc327329b3\"},\"potentialAction\":[{\"@type\":\"SearchAction\",\"target\":{\"@type\":\"EntryPoint\",\"urlTemplate\":\"https:\\\/\\\/www.people-abroad.de\\\/blog\\\/?s={search_term_string}\"},\"query-input\":{\"@type\":\"PropertyValueSpecification\",\"valueRequired\":true,\"valueName\":\"search_term_string\"}}],\"inLanguage\":\"de\"},{\"@type\":[\"Person\",\"Organization\"],\"@id\":\"https:\\\/\\\/www.people-abroad.de\\\/blog\\\/#\\\/schema\\\/person\\\/2a518a154d93ee6cf0b146bc327329b3\",\"name\":\"Heiko M\u00fcller\",\"logo\":{\"@id\":\"https:\\\/\\\/www.people-abroad.de\\\/blog\\\/#\\\/schema\\\/person\\\/image\\\/\"},\"description\":\"Ich bin Reiseblogger, Content Creator und Redakteur. Auf Reisen erkunde ich gerne neue Regionen, St\u00e4dte und Orte beim Fotografieren, Wandern und Radfahren. F\u00fcr weitere Reisetipps folge mir auf Instagram, Facebook &amp; Co. Mehr Infos zum Blog findest du hier: https:\\\/\\\/www.people-abroad.de\\\/blog\\\/pr-media\\\/. Kontakt: h.mueller@people-abroad.de\",\"sameAs\":[\"https:\\\/\\\/www.people-abroad.de\\\/blog\\\/\",\"https:\\\/\\\/www.facebook.com\\\/menschen.international\\\/\",\"https:\\\/\\\/www.instagram.com\\\/people.abroad\\\/\",\"https:\\\/\\\/www.linkedin.com\\\/in\\\/muellerheiko\\\/\",\"https:\\\/\\\/www.pinterest.de\\\/peopleabroad\\\/\",\"https:\\\/\\\/x.com\\\/People_Abroad\",\"https:\\\/\\\/www.youtube.com\\\/user\\\/MenschenInt\"],\"url\":\"https:\\\/\\\/www.people-abroad.de\\\/blog\\\/author\\\/admin\\\/\"}]}<\/script>\n<!-- \/ Yoast SEO plugin. -->","yoast_head_json":{"title":"Bad Steben: Das Bayerische Staatsbad im Frankenwald - People Abroad","description":"Bad Steben im oberfr\u00e4nkischen Landkreis Hof hat sch\u00f6ne historische Geb\u00e4ude - Tipps f\u00fcr die Bad Steben Sehensw\u00fcrdigkeiten und Ausflugsziele.","robots":{"index":"index","follow":"follow","max-snippet":"max-snippet:-1","max-image-preview":"max-image-preview:large","max-video-preview":"max-video-preview:-1"},"canonical":"https:\/\/www.people-abroad.de\/blog\/bad-steben-sehenswuerdigkeiten\/","og_locale":"de_DE","og_type":"article","og_title":"Bad Steben: Das Bayerische Staatsbad im Frankenwald - People Abroad","og_description":"Bad Steben im oberfr\u00e4nkischen Landkreis Hof hat sch\u00f6ne historische Geb\u00e4ude - Tipps f\u00fcr die Bad Steben Sehensw\u00fcrdigkeiten und Ausflugsziele.","og_url":"https:\/\/www.people-abroad.de\/blog\/bad-steben-sehenswuerdigkeiten\/","og_site_name":"People Abroad","article_publisher":"https:\/\/www.facebook.com\/menschen.international\/","article_author":"https:\/\/www.facebook.com\/menschen.international\/","article_published_time":"2023-08-05T05:45:52+00:00","article_modified_time":"2023-08-05T05:51:21+00:00","og_image":[{"url":"https:\/\/www.people-abroad.de\/blog\/wp-content\/uploads\/2023\/06\/bad-steben-26-1024x683.jpeg","type":"","width":"","height":""}],"author":"Heiko M\u00fcller","twitter_card":"summary_large_image","twitter_creator":"@People_Abroad","twitter_site":"@People_Abroad","twitter_misc":{"Verfasst von":"Heiko M\u00fcller","Gesch\u00e4tzte Lesezeit":"15\u00a0Minuten"},"schema":{"@context":"https:\/\/schema.org","@graph":[{"@type":"Article","@id":"https:\/\/www.people-abroad.de\/blog\/bad-steben-sehenswuerdigkeiten\/#article","isPartOf":{"@id":"https:\/\/www.people-abroad.de\/blog\/bad-steben-sehenswuerdigkeiten\/"},"author":{"name":"Heiko M\u00fcller","@id":"https:\/\/www.people-abroad.de\/blog\/#\/schema\/person\/2a518a154d93ee6cf0b146bc327329b3"},"headline":"Bad Steben: Das Bayerische Staatsbad im Frankenwald","datePublished":"2023-08-05T05:45:52+00:00","dateModified":"2023-08-05T05:51:21+00:00","mainEntityOfPage":{"@id":"https:\/\/www.people-abroad.de\/blog\/bad-steben-sehenswuerdigkeiten\/"},"wordCount":1863,"commentCount":0,"publisher":{"@id":"https:\/\/www.people-abroad.de\/blog\/#\/schema\/person\/2a518a154d93ee6cf0b146bc327329b3"},"image":{"@id":"https:\/\/www.people-abroad.de\/blog\/bad-steben-sehenswuerdigkeiten\/#primaryimage"},"thumbnailUrl":"https:\/\/www.people-abroad.de\/blog\/wp-content\/uploads\/2023\/06\/bad-steben-26-1024x683.jpeg","keywords":["Bayern","Franken"],"articleSection":["Deutschland","St\u00e4dtereise"],"inLanguage":"de","potentialAction":[{"@type":"CommentAction","name":"Comment","target":["https:\/\/www.people-abroad.de\/blog\/bad-steben-sehenswuerdigkeiten\/#respond"]}]},{"@type":"WebPage","@id":"https:\/\/www.people-abroad.de\/blog\/bad-steben-sehenswuerdigkeiten\/","url":"https:\/\/www.people-abroad.de\/blog\/bad-steben-sehenswuerdigkeiten\/","name":"Bad Steben: Das Bayerische Staatsbad im Frankenwald - People Abroad","isPartOf":{"@id":"https:\/\/www.people-abroad.de\/blog\/#website"},"primaryImageOfPage":{"@id":"https:\/\/www.people-abroad.de\/blog\/bad-steben-sehenswuerdigkeiten\/#primaryimage"},"image":{"@id":"https:\/\/www.people-abroad.de\/blog\/bad-steben-sehenswuerdigkeiten\/#primaryimage"},"thumbnailUrl":"https:\/\/www.people-abroad.de\/blog\/wp-content\/uploads\/2023\/06\/bad-steben-26-1024x683.jpeg","datePublished":"2023-08-05T05:45:52+00:00","dateModified":"2023-08-05T05:51:21+00:00","description":"Bad Steben im oberfr\u00e4nkischen Landkreis Hof hat sch\u00f6ne historische Geb\u00e4ude - Tipps f\u00fcr die Bad Steben Sehensw\u00fcrdigkeiten und Ausflugsziele.","breadcrumb":{"@id":"https:\/\/www.people-abroad.de\/blog\/bad-steben-sehenswuerdigkeiten\/#breadcrumb"},"inLanguage":"de","potentialAction":[{"@type":"ReadAction","target":["https:\/\/www.people-abroad.de\/blog\/bad-steben-sehenswuerdigkeiten\/"]}]},{"@type":"ImageObject","inLanguage":"de","@id":"https:\/\/www.people-abroad.de\/blog\/bad-steben-sehenswuerdigkeiten\/#primaryimage","url":"https:\/\/www.people-abroad.de\/blog\/wp-content\/uploads\/2023\/06\/bad-steben-26-1024x683.jpeg","contentUrl":"https:\/\/www.people-abroad.de\/blog\/wp-content\/uploads\/2023\/06\/bad-steben-26-1024x683.jpeg"},{"@type":"BreadcrumbList","@id":"https:\/\/www.people-abroad.de\/blog\/bad-steben-sehenswuerdigkeiten\/#breadcrumb","itemListElement":[{"@type":"ListItem","position":1,"name":"Startseite","item":"https:\/\/www.people-abroad.de\/blog\/"},{"@type":"ListItem","position":2,"name":"Bad Steben: Das Bayerische Staatsbad im Frankenwald"}]},{"@type":"WebSite","@id":"https:\/\/www.people-abroad.de\/blog\/#website","url":"https:\/\/www.people-abroad.de\/blog\/","name":"People Abroad","description":"Reiseblog","publisher":{"@id":"https:\/\/www.people-abroad.de\/blog\/#\/schema\/person\/2a518a154d93ee6cf0b146bc327329b3"},"potentialAction":[{"@type":"SearchAction","target":{"@type":"EntryPoint","urlTemplate":"https:\/\/www.people-abroad.de\/blog\/?s={search_term_string}"},"query-input":{"@type":"PropertyValueSpecification","valueRequired":true,"valueName":"search_term_string"}}],"inLanguage":"de"},{"@type":["Person","Organization"],"@id":"https:\/\/www.people-abroad.de\/blog\/#\/schema\/person\/2a518a154d93ee6cf0b146bc327329b3","name":"Heiko M\u00fcller","logo":{"@id":"https:\/\/www.people-abroad.de\/blog\/#\/schema\/person\/image\/"},"description":"Ich bin Reiseblogger, Content Creator und Redakteur. Auf Reisen erkunde ich gerne neue Regionen, St\u00e4dte und Orte beim Fotografieren, Wandern und Radfahren. F\u00fcr weitere Reisetipps folge mir auf Instagram, Facebook &amp; Co. Mehr Infos zum Blog findest du hier: https:\/\/www.people-abroad.de\/blog\/pr-media\/. Kontakt: h.mueller@people-abroad.de","sameAs":["https:\/\/www.people-abroad.de\/blog\/","https:\/\/www.facebook.com\/menschen.international\/","https:\/\/www.instagram.com\/people.abroad\/","https:\/\/www.linkedin.com\/in\/muellerheiko\/","https:\/\/www.pinterest.de\/peopleabroad\/","https:\/\/x.com\/People_Abroad","https:\/\/www.youtube.com\/user\/MenschenInt"],"url":"https:\/\/www.people-abroad.de\/blog\/author\/admin\/"}]}},"_links":{"self":[{"href":"https:\/\/www.people-abroad.de\/blog\/wp-json\/wp\/v2\/posts\/30824","targetHints":{"allow":["GET"]}}],"collection":[{"href":"https:\/\/www.people-abroad.de\/blog\/wp-json\/wp\/v2\/posts"}],"about":[{"href":"https:\/\/www.people-abroad.de\/blog\/wp-json\/wp\/v2\/types\/post"}],"author":[{"embeddable":true,"href":"https:\/\/www.people-abroad.de\/blog\/wp-json\/wp\/v2\/users\/1"}],"replies":[{"embeddable":true,"href":"https:\/\/www.people-abroad.de\/blog\/wp-json\/wp\/v2\/comments?post=30824"}],"version-history":[{"count":3,"href":"https:\/\/www.people-abroad.de\/blog\/wp-json\/wp\/v2\/posts\/30824\/revisions"}],"predecessor-version":[{"id":31646,"href":"https:\/\/www.people-abroad.de\/blog\/wp-json\/wp\/v2\/posts\/30824\/revisions\/31646"}],"wp:attachment":[{"href":"https:\/\/www.people-abroad.de\/blog\/wp-json\/wp\/v2\/media?parent=30824"}],"wp:term":[{"taxonomy":"category","embeddable":true,"href":"https:\/\/www.people-abroad.de\/blog\/wp-json\/wp\/v2\/categories?post=30824"},{"taxonomy":"post_tag","embeddable":true,"href":"https:\/\/www.people-abroad.de\/blog\/wp-json\/wp\/v2\/tags?post=30824"}],"curies":[{"name":"wp","href":"https:\/\/api.w.org\/{rel}","templated":true}]}}