{"id":27138,"date":"2022-07-02T07:25:03","date_gmt":"2022-07-02T05:25:03","guid":{"rendered":"https:\/\/www.people-abroad.de\/blog\/?p=27138"},"modified":"2023-05-04T21:52:15","modified_gmt":"2023-05-04T19:52:15","slug":"kappelrodecker-hexensteig","status":"publish","type":"post","link":"https:\/\/www.people-abroad.de\/blog\/kappelrodecker-hexensteig\/","title":{"rendered":"Kappelrodecker Hexensteig &#8211; Wandern im Schwarzwald"},"content":{"rendered":"<div id=\"ez-toc-container\" class=\"ez-toc-v2_0_82_2 counter-flat ez-toc-counter ez-toc-grey ez-toc-container-direction\">\n<div class=\"ez-toc-title-container\">\n<p class=\"ez-toc-title\" style=\"cursor:inherit\">Inhaltsverzeichnis<\/p>\n<span class=\"ez-toc-title-toggle\"><a href=\"#\" class=\"ez-toc-pull-right ez-toc-btn ez-toc-btn-xs ez-toc-btn-default ez-toc-toggle\" aria-label=\"Toggle Table of Content\"><span class=\"ez-toc-js-icon-con\"><span class=\"\"><span class=\"eztoc-hide\" style=\"display:none;\">Toggle<\/span><span class=\"ez-toc-icon-toggle-span\"><svg style=\"fill: #999;color:#999\" xmlns=\"http:\/\/www.w3.org\/2000\/svg\" class=\"list-377408\" width=\"20px\" height=\"20px\" viewBox=\"0 0 24 24\" fill=\"none\"><path d=\"M6 6H4v2h2V6zm14 0H8v2h12V6zM4 11h2v2H4v-2zm16 0H8v2h12v-2zM4 16h2v2H4v-2zm16 0H8v2h12v-2z\" fill=\"currentColor\"><\/path><\/svg><svg style=\"fill: #999;color:#999\" class=\"arrow-unsorted-368013\" xmlns=\"http:\/\/www.w3.org\/2000\/svg\" width=\"10px\" height=\"10px\" viewBox=\"0 0 24 24\" version=\"1.2\" baseProfile=\"tiny\"><path d=\"M18.2 9.3l-6.2-6.3-6.2 6.3c-.2.2-.3.4-.3.7s.1.5.3.7c.2.2.4.3.7.3h11c.3 0 .5-.1.7-.3.2-.2.3-.5.3-.7s-.1-.5-.3-.7zM5.8 14.7l6.2 6.3 6.2-6.3c.2-.2.3-.5.3-.7s-.1-.5-.3-.7c-.2-.2-.4-.3-.7-.3h-11c-.3 0-.5.1-.7.3-.2.2-.3.5-.3.7s.1.5.3.7z\"\/><\/svg><\/span><\/span><\/span><\/a><\/span><\/div>\n<nav><ul class='ez-toc-list ez-toc-list-level-1 eztoc-toggle-hide-by-default' ><li class='ez-toc-page-1'><a class=\"ez-toc-link ez-toc-heading-1\" href=\"https:\/\/www.people-abroad.de\/blog\/kappelrodecker-hexensteig\/#Kappelrodecker_Hexensteig_Uebersicht_zum_Panoramaweg\" >Kappelrodecker Hexensteig | \u00dcbersicht zum Panoramaweg<\/a><\/li><li class='ez-toc-page-1'><a class=\"ez-toc-link ez-toc-heading-2\" href=\"https:\/\/www.people-abroad.de\/blog\/kappelrodecker-hexensteig\/#Kappelrodeck_Wandern_Start_am_Zuckerbergschloss\" >Kappelrodeck Wandern | Start am Zuckerbergschloss<\/a><\/li><li class='ez-toc-page-1'><a class=\"ez-toc-link ez-toc-heading-3\" href=\"https:\/\/www.people-abroad.de\/blog\/kappelrodecker-hexensteig\/#Ausblick_auf_Kappelrodeck\" >Ausblick auf Kappelrodeck<\/a><\/li><li class='ez-toc-page-1'><a class=\"ez-toc-link ez-toc-heading-4\" href=\"https:\/\/www.people-abroad.de\/blog\/kappelrodecker-hexensteig\/#Achertal_Weinberge_Reben_Fernsicht\" >Achertal | Weinberge, Reben &amp; Fernsicht<\/a><\/li><li class='ez-toc-page-1'><a class=\"ez-toc-link ez-toc-heading-5\" href=\"https:\/\/www.people-abroad.de\/blog\/kappelrodecker-hexensteig\/#Hexensteig_Einkehr_im_Backhiesel\" >Hexensteig | Einkehr im Backhiesel<\/a><\/li><li class='ez-toc-page-1'><a class=\"ez-toc-link ez-toc-heading-6\" href=\"https:\/\/www.people-abroad.de\/blog\/kappelrodecker-hexensteig\/#Wanderung_durch_den_Hexenwald\" >Wanderung durch den Hexenwald<\/a><\/li><li class='ez-toc-page-1'><a class=\"ez-toc-link ez-toc-heading-7\" href=\"https:\/\/www.people-abroad.de\/blog\/kappelrodecker-hexensteig\/#Obsthof_Graf_Brennerei\" >Obsthof Graf &amp; Brennerei<\/a><\/li><li class='ez-toc-page-1'><a class=\"ez-toc-link ez-toc-heading-8\" href=\"https:\/\/www.people-abroad.de\/blog\/kappelrodecker-hexensteig\/#Wandern_auf_dem_Renchtalsteig\" >Wandern auf dem Renchtalsteig<\/a><\/li><li class='ez-toc-page-1'><a class=\"ez-toc-link ez-toc-heading-9\" href=\"https:\/\/www.people-abroad.de\/blog\/kappelrodecker-hexensteig\/#Rundwege_im_Schwarzwald_Beschilderung\" >Rundwege im Schwarzwald | Beschilderung<\/a><\/li><li class='ez-toc-page-1'><a class=\"ez-toc-link ez-toc-heading-10\" href=\"https:\/\/www.people-abroad.de\/blog\/kappelrodecker-hexensteig\/#Bergversperstube_%E2%80%9EZum_Fiesemichel%E2%80%9C\" >Bergversperstube &#8222;Zum Fiesemichel&#8220;<\/a><\/li><li class='ez-toc-page-1'><a class=\"ez-toc-link ez-toc-heading-11\" href=\"https:\/\/www.people-abroad.de\/blog\/kappelrodecker-hexensteig\/#Lautenbacher_Hexensteig\" >Lautenbacher Hexensteig<\/a><\/li><li class='ez-toc-page-1'><a class=\"ez-toc-link ez-toc-heading-12\" href=\"https:\/\/www.people-abroad.de\/blog\/kappelrodecker-hexensteig\/#Hexentanzplatz_Rast_am_Hexenbesen\" >Hexentanzplatz | Rast am Hexenbesen<\/a><\/li><li class='ez-toc-page-1'><a class=\"ez-toc-link ez-toc-heading-13\" href=\"https:\/\/www.people-abroad.de\/blog\/kappelrodecker-hexensteig\/#Felsformation_Katzenschrofen\" >Felsformation Katzenschrofen<\/a><\/li><li class='ez-toc-page-1'><a class=\"ez-toc-link ez-toc-heading-14\" href=\"https:\/\/www.people-abroad.de\/blog\/kappelrodecker-hexensteig\/#Buerstenstein_Hexensteig_Aussichtspunkt\" >B\u00fcrstenstein | Hexensteig Aussichtspunkt<\/a><\/li><li class='ez-toc-page-1'><a class=\"ez-toc-link ez-toc-heading-15\" href=\"https:\/\/www.people-abroad.de\/blog\/kappelrodecker-hexensteig\/#Kappelrodecker_Felsenweg_Heidenhof-Brennerei\" >Kappelrodecker Felsenweg &amp; Heidenhof-Brennerei<\/a><\/li><li class='ez-toc-page-1'><a class=\"ez-toc-link ez-toc-heading-16\" href=\"https:\/\/www.people-abroad.de\/blog\/kappelrodecker-hexensteig\/#Hexensteig_Abkuerzung_Kinder_Co\" >Hexensteig | Abk\u00fcrzung, Kinder &amp; Co.<\/a><\/li><li class='ez-toc-page-1'><a class=\"ez-toc-link ez-toc-heading-17\" href=\"https:\/\/www.people-abroad.de\/blog\/kappelrodecker-hexensteig\/#Kappelrodeck_%E2%80%9ERotweindorf%E2%80%9C_im_Achertal\" >Kappelrodeck | &#8222;Rotweindorf&#8220; im Achertal<\/a><\/li><li class='ez-toc-page-1'><a class=\"ez-toc-link ez-toc-heading-18\" href=\"https:\/\/www.people-abroad.de\/blog\/kappelrodecker-hexensteig\/#Winzerkeller_Hex_vom_Dasenstein\" >Winzerkeller Hex vom Dasenstein<\/a><\/li><li class='ez-toc-page-1'><a class=\"ez-toc-link ez-toc-heading-19\" href=\"https:\/\/www.people-abroad.de\/blog\/kappelrodecker-hexensteig\/#Einblick_in_den_Weinkeller\" >Einblick in den Weinkeller<\/a><\/li><li class='ez-toc-page-1'><a class=\"ez-toc-link ez-toc-heading-20\" href=\"https:\/\/www.people-abroad.de\/blog\/kappelrodecker-hexensteig\/#Dasenstein_Sagenhafter_Aussichtspunkt\" >Dasenstein | Sagenhafter Aussichtspunkt<\/a><\/li><li class='ez-toc-page-1'><a class=\"ez-toc-link ez-toc-heading-21\" href=\"https:\/\/www.people-abroad.de\/blog\/kappelrodecker-hexensteig\/#Kappelrodeck_Hotel_%E2%80%93_Tipp\" >Kappelrodeck | Hotel &#8211; Tipp<\/a><\/li><li class='ez-toc-page-1'><a class=\"ez-toc-link ez-toc-heading-22\" href=\"https:\/\/www.people-abroad.de\/blog\/kappelrodecker-hexensteig\/#Karlsruher_Grat_Wanderung_im_Achertal\" >Karlsruher Grat | Wanderung im Achertal<\/a><\/li><li class='ez-toc-page-1'><a class=\"ez-toc-link ez-toc-heading-23\" href=\"https:\/\/www.people-abroad.de\/blog\/kappelrodecker-hexensteig\/#Mummelsee_%E2%80%93_Hornisgrinde_Wandern_auf_dem_Geniesserpfad\" >Mummelsee \u2013 Hornisgrinde: Wandern auf dem Genie\u00dferpfad<\/a><\/li><li class='ez-toc-page-1'><a class=\"ez-toc-link ez-toc-heading-24\" href=\"https:\/\/www.people-abroad.de\/blog\/kappelrodecker-hexensteig\/#Achertal_Schwarzwald_Tipps\" >Achertal &amp; Schwarzwald Tipps<\/a><\/li><\/ul><\/nav><\/div>\n<p><a href=\"https:\/\/www.people-abroad.de\/blog\/kappelrodecker-hexensteig\/\"><img decoding=\"async\" class=\"alignnone wp-image-27294 size-large\" src=\"https:\/\/www.people-abroad.de\/blog\/wp-content\/uploads\/2022\/06\/kappelrodecker-hexensteig-achertal-wandern-2-1024x681.jpg\" alt=\"Kappelrodecker Hexensteig Wandern Achertal Schwarzwald\" width=\"1024\" height=\"681\" srcset=\"https:\/\/www.people-abroad.de\/blog\/wp-content\/uploads\/2022\/06\/kappelrodecker-hexensteig-achertal-wandern-2-1024x681.jpg 1024w, https:\/\/www.people-abroad.de\/blog\/wp-content\/uploads\/2022\/06\/kappelrodecker-hexensteig-achertal-wandern-2-300x200.jpg 300w, https:\/\/www.people-abroad.de\/blog\/wp-content\/uploads\/2022\/06\/kappelrodecker-hexensteig-achertal-wandern-2-768x511.jpg 768w, https:\/\/www.people-abroad.de\/blog\/wp-content\/uploads\/2022\/06\/kappelrodecker-hexensteig-achertal-wandern-2-400x266.jpg 400w, https:\/\/www.people-abroad.de\/blog\/wp-content\/uploads\/2022\/06\/kappelrodecker-hexensteig-achertal-wandern-2.jpg 1200w\" sizes=\"(max-width: 1024px) 100vw, 1024px\" \/><\/a><\/p>\n<p>[Werbung] Der Kappelrodecker Hexensteig f\u00fchrt durch schattige W\u00e4lder, liebliche Weinberge und bietet tolle Ausblicke. Infos &amp; Tipps f\u00fcr die Wanderung im Achertal im Schwarzwald.<!--more--><\/p>\n<p>&nbsp;<\/p>\n<p>Kooperation | Schwarzwald Tourismus<\/p>\n<p>Das Achertal ist gepr\u00e4gt von sanften H\u00fcgeln, weitl\u00e4ufigen Weinbergen und einer idyllischen Naturlandschaft. Geografisch liegt die Region in <a href=\"https:\/\/www.people-abroad.de\/blog\/regionen-reiseziele-sueddeutschland\/\">S\u00fcddeutschland<\/a> im Schwarzwald zwischen Badischer Weinstra\u00dfe und Schwarzwaldhochstra\u00dfe. Bekannt ist das Achertal u.a. durch die Einkaufsstadt Achern, das Rotweindorf Kappelrodeck, das M\u00fchlendorf Ottenh\u00f6fen und das Mummelseedorf Seebach.<\/p>\n<p>Die Region l\u00e4sst sich gut auf den vielen Wanderwegen erkunden. Die ausgezeichneten Rundwege sind:<br \/>\n&#8211; Qualit\u00e4tswanderweg Kappelrodecker Hexensteig<br \/>\n&#8211; <a href=\"https:\/\/www.people-abroad.de\/blog\/mummelsee-hornisgrinde-wandern\/\">Genie\u00dferpfad Mummelsee-Hornisgrinde<\/a><br \/>\n&#8211; <a href=\"https:\/\/www.people-abroad.de\/blog\/karlsruher-grat\/\">Genie\u00dferpfad Karlsruher Grat<\/a><br \/>\n&#8211; Genie\u00dferpfad Bosensteiner Almpfad<\/p>\n<p>Weitere Wanderwege bieten sich an, darunter der M\u00fchlenweg, Felsenweg, Keltische Baumpfad, Zwei-T\u00e4ler-Rundweg und der Schnapsbrunnenpfad. Auf den Rundtouren gibt es Einkehrm\u00f6glichkeiten, wodurch man die Kombination aus Wandern &amp; Genuss hat. In diesem Artikel stelle ich dir den Qualit\u00e4tswanderweg Kappelrodecker Hexensteig vor, der zu den sch\u00f6nsten Rundwegen im Achertal geh\u00f6rt.<\/p>\n<p>Weitere Ausfl\u00fcge in der Region lohnen sich u.a. zum <a href=\"https:\/\/www.people-abroad.de\/blog\/wandern-schwarzwald-schliffkopf\/\">Schliffkopf<\/a>, zum\u00a0<a href=\"https:\/\/www.people-abroad.de\/blog\/kaltenbronn-schwarzwald\/\">Kaltenbronn<\/a> sowie zum <a href=\"https:\/\/www.people-abroad.de\/blog\/luchspfad-schwarzwald\/\">Luchspfad<\/a> und dem <a href=\"https:\/\/www.people-abroad.de\/blog\/gernsbacher-sagenweg\/\">Gernsbacher Sagenweg<\/a>.<\/p>\n<h2><span class=\"ez-toc-section\" id=\"Kappelrodecker_Hexensteig_Uebersicht_zum_Panoramaweg\"><\/span><strong>Kappelrodecker Hexensteig | \u00dcbersicht zum Panoramaweg<br \/>\n<\/strong><span class=\"ez-toc-section-end\"><\/span><\/h2>\n<p>Schwierigkeitsgrad: anspruchsvoll<br \/>\nL\u00e4nge: 17,8 km<br \/>\nDauer: 06:00 h<br \/>\nH\u00f6henmeter: jeweils 745 m Aufstieg &amp; Abstieg<br \/>\nH\u00f6chster Punkt: 699 m<br \/>\nNiedrigster Punkt: 239 m<br \/>\nEmpfohlene Laufrichtung: gegen den Uhrzeigersinn<\/p>\n<p>Weitere Infos \u00fcber den Schwarzwald findest du hier:\u00a0<a href=\"https:\/\/www.people-abroad.de\/blog\/ausflugsziele-schwarzwald-tipps\/\">Ausflugsziele im Schwarzwald<\/a><\/p>\n<h2><span class=\"ez-toc-section\" id=\"Kappelrodeck_Wandern_Start_am_Zuckerbergschloss\"><\/span>Kappelrodeck Wandern | Start am Zuckerbergschloss<span class=\"ez-toc-section-end\"><\/span><\/h2>\n<p><img decoding=\"async\" class=\"alignnone wp-image-27281 size-large\" src=\"https:\/\/www.people-abroad.de\/blog\/wp-content\/uploads\/2022\/06\/kappelrodecker-hexensteig-achertal-wandern-8-1024x681.jpg\" alt=\"Zuckerbergschloss Wandern Achertal Schwarzwald\" width=\"1024\" height=\"681\" srcset=\"https:\/\/www.people-abroad.de\/blog\/wp-content\/uploads\/2022\/06\/kappelrodecker-hexensteig-achertal-wandern-8-1024x681.jpg 1024w, https:\/\/www.people-abroad.de\/blog\/wp-content\/uploads\/2022\/06\/kappelrodecker-hexensteig-achertal-wandern-8-300x200.jpg 300w, https:\/\/www.people-abroad.de\/blog\/wp-content\/uploads\/2022\/06\/kappelrodecker-hexensteig-achertal-wandern-8-768x511.jpg 768w, https:\/\/www.people-abroad.de\/blog\/wp-content\/uploads\/2022\/06\/kappelrodecker-hexensteig-achertal-wandern-8-400x266.jpg 400w, https:\/\/www.people-abroad.de\/blog\/wp-content\/uploads\/2022\/06\/kappelrodecker-hexensteig-achertal-wandern-8.jpg 1200w\" sizes=\"(max-width: 1024px) 100vw, 1024px\" \/><\/p>\n<p>Der Start- und Zielpunkt des Hexensteigs ist am Zuckerbergschloss in Kappelrodeck (Gr\u00fcner Winkel 60). Der Wanderparkplatz Hexensteig befindet sich in der N\u00e4he im Bereich Heidenhof bei den Stellpl\u00e4tzen f\u00fcr die Wohnmobile. Das <a href=\"https:\/\/www.zuckerbergschloss.de\/\">Caf\u00e9 &amp; Restaurant Zuckerbergschloss<\/a> mit Terrasse am Startpunkt bietet sich auch nach der Wandertour f\u00fcr eine Einkehr an. Ich starte meine Wanderung am Schloss und gehe durch den Park nach Westen Richtung &#8222;Hexensessel&#8220;.<\/p>\n<h2><span class=\"ez-toc-section\" id=\"Ausblick_auf_Kappelrodeck\"><\/span>Ausblick auf Kappelrodeck<span class=\"ez-toc-section-end\"><\/span><\/h2>\n<p><img decoding=\"async\" class=\"alignnone wp-image-27280 size-large\" src=\"https:\/\/www.people-abroad.de\/blog\/wp-content\/uploads\/2022\/06\/kappelrodecker-hexensteig-achertal-wandern-9-1024x681.jpg\" alt=\"Kappelrodeck Hexensteig Wandern Achertal Schwarzwald\" width=\"1024\" height=\"681\" srcset=\"https:\/\/www.people-abroad.de\/blog\/wp-content\/uploads\/2022\/06\/kappelrodecker-hexensteig-achertal-wandern-9-1024x681.jpg 1024w, https:\/\/www.people-abroad.de\/blog\/wp-content\/uploads\/2022\/06\/kappelrodecker-hexensteig-achertal-wandern-9-300x200.jpg 300w, https:\/\/www.people-abroad.de\/blog\/wp-content\/uploads\/2022\/06\/kappelrodecker-hexensteig-achertal-wandern-9-768x511.jpg 768w, https:\/\/www.people-abroad.de\/blog\/wp-content\/uploads\/2022\/06\/kappelrodecker-hexensteig-achertal-wandern-9-400x266.jpg 400w, https:\/\/www.people-abroad.de\/blog\/wp-content\/uploads\/2022\/06\/kappelrodecker-hexensteig-achertal-wandern-9.jpg 1200w\" sizes=\"(max-width: 1024px) 100vw, 1024px\" \/><\/p>\n<p>Wenig sp\u00e4ter bietet sich ein erster Blick auf Kappelrodeck mit den bekannten Weinbergen. Weitere sch\u00f6ne Ausblicke wird es auf diesem Rundweg noch reichlich geben. Der Weg f\u00fchrt nun durch ein kleines Waldst\u00fcck. Schloss Rodeck versteckt sich etwas hinter den B\u00e4umen. Es geht vorbei am Fuchsbr\u00fcnnle und schon bald gibt es die n\u00e4chsten Weitblicke in die Region.<\/p>\n<h2><span class=\"ez-toc-section\" id=\"Achertal_Weinberge_Reben_Fernsicht\"><\/span>Achertal | Weinberge, Reben &amp; Fernsicht<span class=\"ez-toc-section-end\"><\/span><\/h2>\n<p><img decoding=\"async\" class=\"alignnone wp-image-27279 size-large\" src=\"https:\/\/www.people-abroad.de\/blog\/wp-content\/uploads\/2022\/06\/kappelrodecker-hexensteig-achertal-wandern-7-1024x681.jpg\" alt=\"Kappelrodeck Hexensteig Wandern Achertal Schwarzwald\" width=\"1024\" height=\"681\" srcset=\"https:\/\/www.people-abroad.de\/blog\/wp-content\/uploads\/2022\/06\/kappelrodecker-hexensteig-achertal-wandern-7-1024x681.jpg 1024w, https:\/\/www.people-abroad.de\/blog\/wp-content\/uploads\/2022\/06\/kappelrodecker-hexensteig-achertal-wandern-7-300x200.jpg 300w, https:\/\/www.people-abroad.de\/blog\/wp-content\/uploads\/2022\/06\/kappelrodecker-hexensteig-achertal-wandern-7-768x511.jpg 768w, https:\/\/www.people-abroad.de\/blog\/wp-content\/uploads\/2022\/06\/kappelrodecker-hexensteig-achertal-wandern-7-400x266.jpg 400w, https:\/\/www.people-abroad.de\/blog\/wp-content\/uploads\/2022\/06\/kappelrodecker-hexensteig-achertal-wandern-7.jpg 1200w\" sizes=\"(max-width: 1024px) 100vw, 1024px\" \/><\/p>\n<p>Oberhalb der Weinberge hat man eine gute Sicht bis weit in die Rheinebene. Die malerische Landschaft mit den edlen Reben des Achertals liegen einem hier zu F\u00fc\u00dfen. Der Weg biegt ab in Richtung S\u00fcden durch ein schattiges Waldst\u00fcck. Geleitet wird man auf dem Hexensteig \u00fcbrigens von der gelben bzw. blauen Raute. Zusatzbeschilderung: Wei\u00dfe Hexe auf goldenem bzw. rotem Grund.<\/p>\n<h2><span class=\"ez-toc-section\" id=\"Hexensteig_Einkehr_im_Backhiesel\"><\/span>Hexensteig | Einkehr im Backhiesel<span class=\"ez-toc-section-end\"><\/span><\/h2>\n<p><img decoding=\"async\" class=\"alignnone wp-image-27278 size-large\" src=\"https:\/\/www.people-abroad.de\/blog\/wp-content\/uploads\/2022\/06\/kappelrodecker-hexensteig-achertal-wandern-14-1024x681.jpg\" alt=\"Backhiesel Wandern Achertal Schwarzwald\" width=\"1024\" height=\"681\" srcset=\"https:\/\/www.people-abroad.de\/blog\/wp-content\/uploads\/2022\/06\/kappelrodecker-hexensteig-achertal-wandern-14-1024x681.jpg 1024w, https:\/\/www.people-abroad.de\/blog\/wp-content\/uploads\/2022\/06\/kappelrodecker-hexensteig-achertal-wandern-14-300x200.jpg 300w, https:\/\/www.people-abroad.de\/blog\/wp-content\/uploads\/2022\/06\/kappelrodecker-hexensteig-achertal-wandern-14-768x511.jpg 768w, https:\/\/www.people-abroad.de\/blog\/wp-content\/uploads\/2022\/06\/kappelrodecker-hexensteig-achertal-wandern-14-400x266.jpg 400w, https:\/\/www.people-abroad.de\/blog\/wp-content\/uploads\/2022\/06\/kappelrodecker-hexensteig-achertal-wandern-14.jpg 1200w\" sizes=\"(max-width: 1024px) 100vw, 1024px\" \/><\/p>\n<p><img decoding=\"async\" class=\"alignnone wp-image-27275 size-large\" src=\"https:\/\/www.people-abroad.de\/blog\/wp-content\/uploads\/2022\/06\/kappelrodecker-hexensteig-achertal-wandern-18-1024x681.jpg\" alt=\"Backhiesel Kappelrodecker Hexensteig Wandern Achertal Schwarzwald\" width=\"1024\" height=\"681\" srcset=\"https:\/\/www.people-abroad.de\/blog\/wp-content\/uploads\/2022\/06\/kappelrodecker-hexensteig-achertal-wandern-18-1024x681.jpg 1024w, https:\/\/www.people-abroad.de\/blog\/wp-content\/uploads\/2022\/06\/kappelrodecker-hexensteig-achertal-wandern-18-300x200.jpg 300w, https:\/\/www.people-abroad.de\/blog\/wp-content\/uploads\/2022\/06\/kappelrodecker-hexensteig-achertal-wandern-18-768x511.jpg 768w, https:\/\/www.people-abroad.de\/blog\/wp-content\/uploads\/2022\/06\/kappelrodecker-hexensteig-achertal-wandern-18-400x266.jpg 400w, https:\/\/www.people-abroad.de\/blog\/wp-content\/uploads\/2022\/06\/kappelrodecker-hexensteig-achertal-wandern-18.jpg 1200w\" sizes=\"(max-width: 1024px) 100vw, 1024px\" \/><\/p>\n<p>Im <a href=\"https:\/\/www.backhiesel.de\/\">Backhiesel<\/a> wartet eine leckere Auswahl an Spirituosen und alkoholfreien Getr\u00e4nken auf den Wanderer. Speisen gibt es zudem aus der Selbstbedienungstheke. Sitzgelegenheiten f\u00fcr eine Verschnaufpause hat es am Schnapsbrunnen, mit direktem Blick in die Rheinebene. Wanderer und Gruppen sind im Backhiesel auch au\u00dferhalb der \u00d6ffnungszeiten willkommen. Eine tolle Rastm\u00f6glichkeit!<\/p>\n<h2><span class=\"ez-toc-section\" id=\"Wanderung_durch_den_Hexenwald\"><\/span>Wanderung durch den Hexenwald<span class=\"ez-toc-section-end\"><\/span><\/h2>\n<p><img decoding=\"async\" class=\"alignnone wp-image-27277 size-large\" src=\"https:\/\/www.people-abroad.de\/blog\/wp-content\/uploads\/2022\/06\/kappelrodecker-hexensteig-achertal-wandern-13-1024x681.jpg\" alt=\"Kappelrodecker Hexensteig Wandern Achertal Schwarzwald\" width=\"1024\" height=\"681\" srcset=\"https:\/\/www.people-abroad.de\/blog\/wp-content\/uploads\/2022\/06\/kappelrodecker-hexensteig-achertal-wandern-13-1024x681.jpg 1024w, https:\/\/www.people-abroad.de\/blog\/wp-content\/uploads\/2022\/06\/kappelrodecker-hexensteig-achertal-wandern-13-300x200.jpg 300w, https:\/\/www.people-abroad.de\/blog\/wp-content\/uploads\/2022\/06\/kappelrodecker-hexensteig-achertal-wandern-13-768x511.jpg 768w, https:\/\/www.people-abroad.de\/blog\/wp-content\/uploads\/2022\/06\/kappelrodecker-hexensteig-achertal-wandern-13-400x266.jpg 400w, https:\/\/www.people-abroad.de\/blog\/wp-content\/uploads\/2022\/06\/kappelrodecker-hexensteig-achertal-wandern-13.jpg 1200w\" sizes=\"(max-width: 1024px) 100vw, 1024px\" \/><\/p>\n<p>Gest\u00e4rkt geht es weiter am Zinselburehof und der Lourdes-Grotte vorbei in den mystischen Hexenwald. Bei dem Anblick der geschnitzten Figuren fallen einem gleich einige schaurig-sch\u00f6ne M\u00e4rchen ein. Wie ein verwunschener Pfad schl\u00e4ngelt sich der Hexensteig hier zwischen den hohen Nadelb\u00e4umen entlang und die n\u00e4chste Rastm\u00f6glichkeit wartet schon nach dem sch\u00f6nen Hexenwald.<\/p>\n<h2><span class=\"ez-toc-section\" id=\"Obsthof_Graf_Brennerei\"><\/span>Obsthof Graf &amp; Brennerei<span class=\"ez-toc-section-end\"><\/span><\/h2>\n<p><img decoding=\"async\" class=\"alignnone wp-image-27276 size-large\" src=\"https:\/\/www.people-abroad.de\/blog\/wp-content\/uploads\/2022\/06\/kappelrodecker-hexensteig-achertal-wandern-19-1024x682.jpg\" alt=\"Obsthof Graf Achertal Schwarzwald Brennerei\" width=\"1024\" height=\"682\" srcset=\"https:\/\/www.people-abroad.de\/blog\/wp-content\/uploads\/2022\/06\/kappelrodecker-hexensteig-achertal-wandern-19-1024x682.jpg 1024w, https:\/\/www.people-abroad.de\/blog\/wp-content\/uploads\/2022\/06\/kappelrodecker-hexensteig-achertal-wandern-19-300x200.jpg 300w, https:\/\/www.people-abroad.de\/blog\/wp-content\/uploads\/2022\/06\/kappelrodecker-hexensteig-achertal-wandern-19-768x511.jpg 768w, https:\/\/www.people-abroad.de\/blog\/wp-content\/uploads\/2022\/06\/kappelrodecker-hexensteig-achertal-wandern-19-400x266.jpg 400w, https:\/\/www.people-abroad.de\/blog\/wp-content\/uploads\/2022\/06\/kappelrodecker-hexensteig-achertal-wandern-19.jpg 1200w\" sizes=\"(max-width: 1024px) 100vw, 1024px\" \/><\/p>\n<p>Der <a href=\"https:\/\/www.obsthof-graf.de\/de\/\">Obsthof Graf<\/a> lockt mit edlen Br\u00e4nden und Lik\u00f6ren aus der hauseigenen Brennerei. Auf der Panorama-Terrassse genie\u00dft man einen weiteren Ausblick und kann sich gleichzeitig durch die verschiedenen Schwarzw\u00e4lder Tropfen probieren. In der Versperstube ist am Wochenende und an Feiertagen f\u00fcr das leibliche Wohl gesorgt. Der Getr\u00e4nke-K\u00fchlschrank ist ganzt\u00e4gig ge\u00f6ffnet.<\/p>\n<h2><span class=\"ez-toc-section\" id=\"Wandern_auf_dem_Renchtalsteig\"><\/span>Wandern auf dem Renchtalsteig<span class=\"ez-toc-section-end\"><\/span><\/h2>\n<p><img decoding=\"async\" class=\"alignnone wp-image-27274 size-large\" src=\"https:\/\/www.people-abroad.de\/blog\/wp-content\/uploads\/2022\/06\/kappelrodecker-hexensteig-achertal-wandern-6-1024x682.jpg\" alt=\"Renchtalsteig Wandern Achertal Schwarzwald\" width=\"1024\" height=\"682\" srcset=\"https:\/\/www.people-abroad.de\/blog\/wp-content\/uploads\/2022\/06\/kappelrodecker-hexensteig-achertal-wandern-6-1024x682.jpg 1024w, https:\/\/www.people-abroad.de\/blog\/wp-content\/uploads\/2022\/06\/kappelrodecker-hexensteig-achertal-wandern-6-300x200.jpg 300w, https:\/\/www.people-abroad.de\/blog\/wp-content\/uploads\/2022\/06\/kappelrodecker-hexensteig-achertal-wandern-6-768x511.jpg 768w, https:\/\/www.people-abroad.de\/blog\/wp-content\/uploads\/2022\/06\/kappelrodecker-hexensteig-achertal-wandern-6-400x266.jpg 400w, https:\/\/www.people-abroad.de\/blog\/wp-content\/uploads\/2022\/06\/kappelrodecker-hexensteig-achertal-wandern-6.jpg 1200w\" sizes=\"(max-width: 1024px) 100vw, 1024px\" \/><\/p>\n<p>Am Standort Forsthaus \/ Schwend biegt man rechts ab und wandert in einer Schleife an den Soldatengr\u00e4bern und der Schwender Buche vorbei, bis man schlie\u00dflich auf den Fernwanderweg Renchtalsteig (98 km) st\u00f6\u00dft. Hier l\u00e4uft man auf einer aussichtsreichen Passage auf dem Renchtalsteig und durch ein schattiges Waldst\u00fcck an die Ringelbacher Buchwaldh\u00fctte, eine Schutzh\u00fctte mit Rastgelegenheit.<\/p>\n<h2><span class=\"ez-toc-section\" id=\"Rundwege_im_Schwarzwald_Beschilderung\"><\/span>Rundwege im Schwarzwald | Beschilderung<span class=\"ez-toc-section-end\"><\/span><\/h2>\n<p><img decoding=\"async\" class=\"alignnone wp-image-27283 size-large\" src=\"https:\/\/www.people-abroad.de\/blog\/wp-content\/uploads\/2022\/06\/kappelrodecker-hexensteig-achertal-wandern-17-1024x682.jpg\" alt=\"Kappelrodecker Hexensteig Wandern Achertal Schwarzwald\" width=\"1024\" height=\"682\" srcset=\"https:\/\/www.people-abroad.de\/blog\/wp-content\/uploads\/2022\/06\/kappelrodecker-hexensteig-achertal-wandern-17-1024x682.jpg 1024w, https:\/\/www.people-abroad.de\/blog\/wp-content\/uploads\/2022\/06\/kappelrodecker-hexensteig-achertal-wandern-17-300x200.jpg 300w, https:\/\/www.people-abroad.de\/blog\/wp-content\/uploads\/2022\/06\/kappelrodecker-hexensteig-achertal-wandern-17-768x511.jpg 768w, https:\/\/www.people-abroad.de\/blog\/wp-content\/uploads\/2022\/06\/kappelrodecker-hexensteig-achertal-wandern-17-400x266.jpg 400w, https:\/\/www.people-abroad.de\/blog\/wp-content\/uploads\/2022\/06\/kappelrodecker-hexensteig-achertal-wandern-17.jpg 1200w\" sizes=\"(max-width: 1024px) 100vw, 1024px\" \/><\/p>\n<p><img decoding=\"async\" class=\"alignnone wp-image-27284 size-large\" src=\"https:\/\/www.people-abroad.de\/blog\/wp-content\/uploads\/2022\/06\/kappelrodecker-hexensteig-achertal-wandern-16-1024x681.jpg\" alt=\"Kappelrodecker Hexensteig Wandern Achertal Schwarzwald\" width=\"1024\" height=\"681\" srcset=\"https:\/\/www.people-abroad.de\/blog\/wp-content\/uploads\/2022\/06\/kappelrodecker-hexensteig-achertal-wandern-16-1024x681.jpg 1024w, https:\/\/www.people-abroad.de\/blog\/wp-content\/uploads\/2022\/06\/kappelrodecker-hexensteig-achertal-wandern-16-300x200.jpg 300w, https:\/\/www.people-abroad.de\/blog\/wp-content\/uploads\/2022\/06\/kappelrodecker-hexensteig-achertal-wandern-16-768x511.jpg 768w, https:\/\/www.people-abroad.de\/blog\/wp-content\/uploads\/2022\/06\/kappelrodecker-hexensteig-achertal-wandern-16-400x266.jpg 400w, https:\/\/www.people-abroad.de\/blog\/wp-content\/uploads\/2022\/06\/kappelrodecker-hexensteig-achertal-wandern-16.jpg 1200w\" sizes=\"(max-width: 1024px) 100vw, 1024px\" \/><\/p>\n<p>Die Beschilderung auf dem Hexensteig ist durchweg gut und eindeutig, so wie ich es auch sonst von meinen Wanderungen im Schwarzwald kenne. Markante Stellen und Wegegabelungen sind in der Regel markiert. Entfernungsangaben in beide Richtungen geh\u00f6ren meist ebenfalls dazu, was die Orientierung erleichtert. Hier finden sich auch Ortsunkundige zurecht.<\/p>\n<h2><span class=\"ez-toc-section\" id=\"Bergversperstube_%E2%80%9EZum_Fiesemichel%E2%80%9C\"><\/span>Bergversperstube &#8222;Zum Fiesemichel&#8220;<span class=\"ez-toc-section-end\"><\/span><\/h2>\n<p><img decoding=\"async\" class=\"alignnone wp-image-27304 size-large\" src=\"https:\/\/www.people-abroad.de\/blog\/wp-content\/uploads\/2022\/06\/kappelrodecker-hexensteig-achertal-wandern-27-1024x681.jpg\" alt=\"Gasthof Zum Fiesemichel Bergversperstube Achertal \" width=\"1024\" height=\"681\" srcset=\"https:\/\/www.people-abroad.de\/blog\/wp-content\/uploads\/2022\/06\/kappelrodecker-hexensteig-achertal-wandern-27-1024x681.jpg 1024w, https:\/\/www.people-abroad.de\/blog\/wp-content\/uploads\/2022\/06\/kappelrodecker-hexensteig-achertal-wandern-27-300x200.jpg 300w, https:\/\/www.people-abroad.de\/blog\/wp-content\/uploads\/2022\/06\/kappelrodecker-hexensteig-achertal-wandern-27-768x511.jpg 768w, https:\/\/www.people-abroad.de\/blog\/wp-content\/uploads\/2022\/06\/kappelrodecker-hexensteig-achertal-wandern-27-400x266.jpg 400w, https:\/\/www.people-abroad.de\/blog\/wp-content\/uploads\/2022\/06\/kappelrodecker-hexensteig-achertal-wandern-27.jpg 1200w\" sizes=\"(max-width: 1024px) 100vw, 1024px\" \/><\/p>\n<p><img decoding=\"async\" class=\"alignnone wp-image-27273 size-large\" src=\"https:\/\/www.people-abroad.de\/blog\/wp-content\/uploads\/2022\/06\/kappelrodecker-hexensteig-achertal-wandern-11-1024x681.jpg\" alt=\"Gasthof Zum Fiesemichel Achertal Schwarzwald\" width=\"1024\" height=\"681\" srcset=\"https:\/\/www.people-abroad.de\/blog\/wp-content\/uploads\/2022\/06\/kappelrodecker-hexensteig-achertal-wandern-11-1024x681.jpg 1024w, https:\/\/www.people-abroad.de\/blog\/wp-content\/uploads\/2022\/06\/kappelrodecker-hexensteig-achertal-wandern-11-300x200.jpg 300w, https:\/\/www.people-abroad.de\/blog\/wp-content\/uploads\/2022\/06\/kappelrodecker-hexensteig-achertal-wandern-11-768x511.jpg 768w, https:\/\/www.people-abroad.de\/blog\/wp-content\/uploads\/2022\/06\/kappelrodecker-hexensteig-achertal-wandern-11-400x266.jpg 400w, https:\/\/www.people-abroad.de\/blog\/wp-content\/uploads\/2022\/06\/kappelrodecker-hexensteig-achertal-wandern-11.jpg 1200w\" sizes=\"(max-width: 1024px) 100vw, 1024px\" \/><\/p>\n<p>Wenn man die Wanderschuhe, den Wanderstock und das Hinweisschild am Baumstamm entdeckt, sind es bis zur Bergversperstube <a href=\"https:\/\/www.fiesemichel.de\/\">Zum Fiesemichel<\/a> nur noch wenige Meter. Der gem\u00fctliche Gasthof zwischen Achertal und Renchtal am Simmersbacher Kreuz mit der rustikalen Vesperstube bietet bodenst\u00e4ndige badische K\u00fcche und Schn\u00e4pse aus der hauseigener Brennerei. Einkehrtipp!<\/p>\n<h2><span class=\"ez-toc-section\" id=\"Lautenbacher_Hexensteig\"><\/span>Lautenbacher Hexensteig<span class=\"ez-toc-section-end\"><\/span><\/h2>\n<p><img decoding=\"async\" class=\"alignnone wp-image-27331 size-large\" src=\"https:\/\/www.people-abroad.de\/blog\/wp-content\/uploads\/2022\/06\/kappelrodecker-lautenbacher-hexensteig-achertal-wandern-1024x681.jpg\" alt=\"Kappelrodecker Lautenbacher Hexensteig Wandern Achertal Schwarzwald\" width=\"1024\" height=\"681\" srcset=\"https:\/\/www.people-abroad.de\/blog\/wp-content\/uploads\/2022\/06\/kappelrodecker-lautenbacher-hexensteig-achertal-wandern-1024x681.jpg 1024w, https:\/\/www.people-abroad.de\/blog\/wp-content\/uploads\/2022\/06\/kappelrodecker-lautenbacher-hexensteig-achertal-wandern-300x200.jpg 300w, https:\/\/www.people-abroad.de\/blog\/wp-content\/uploads\/2022\/06\/kappelrodecker-lautenbacher-hexensteig-achertal-wandern-768x511.jpg 768w, https:\/\/www.people-abroad.de\/blog\/wp-content\/uploads\/2022\/06\/kappelrodecker-lautenbacher-hexensteig-achertal-wandern-400x266.jpg 400w, https:\/\/www.people-abroad.de\/blog\/wp-content\/uploads\/2022\/06\/kappelrodecker-lautenbacher-hexensteig-achertal-wandern.jpg 1200w\" sizes=\"(max-width: 1024px) 100vw, 1024px\" \/><\/p>\n<p>Von der Bergversperstube aus ist man rasch am Simmersbacher Kreuz. Hier trifft der Kappelrodecker Hexensteig auf den Lautenbacher Hexensteig. Dieser ebenfalls bekannte Rundweg ist 15,2 km lang, mit einem Auf- und Abstieg von jeweils 562 m (Dauer: ca. 5 Stunden). Dank dieser Schnittstelle lassen sich beide Qualit\u00e4tswanderwege zu einer Zwei-Tages-Tour mit insgesamt 33 km verbinden. Ich bleibe allerdings auf dem Kappelrodecker Hexensteig und wandere weiter nach Norden.<\/p>\n<h2><span class=\"ez-toc-section\" id=\"Hexentanzplatz_Rast_am_Hexenbesen\"><\/span>Hexentanzplatz | Rast am Hexenbesen<span class=\"ez-toc-section-end\"><\/span><\/h2>\n<p><img decoding=\"async\" class=\"alignnone wp-image-27297 size-large\" src=\"https:\/\/www.people-abroad.de\/blog\/wp-content\/uploads\/2022\/06\/kappelrodecker-hexensteig-achertal-wandern-3-1024x681.jpg\" alt=\"Hexentanzplatz Wandern Achertal Schwarzwald\" width=\"1024\" height=\"681\" srcset=\"https:\/\/www.people-abroad.de\/blog\/wp-content\/uploads\/2022\/06\/kappelrodecker-hexensteig-achertal-wandern-3-1024x681.jpg 1024w, https:\/\/www.people-abroad.de\/blog\/wp-content\/uploads\/2022\/06\/kappelrodecker-hexensteig-achertal-wandern-3-300x200.jpg 300w, https:\/\/www.people-abroad.de\/blog\/wp-content\/uploads\/2022\/06\/kappelrodecker-hexensteig-achertal-wandern-3-768x511.jpg 768w, https:\/\/www.people-abroad.de\/blog\/wp-content\/uploads\/2022\/06\/kappelrodecker-hexensteig-achertal-wandern-3-400x266.jpg 400w, https:\/\/www.people-abroad.de\/blog\/wp-content\/uploads\/2022\/06\/kappelrodecker-hexensteig-achertal-wandern-3.jpg 1200w\" sizes=\"(max-width: 1024px) 100vw, 1024px\" \/><\/p>\n<p>Am Hexentanzplatz gibt es eine weitere Rastm\u00f6glichkeit. Neben einem Baumstamm in Form eines Hexenbesens und einer Bank als Sitzgelegenheit kann man sich auch in das Hexenh\u00e4uschen setzen. Die T\u00fcr zum Holzhaus ist offen und innen gibt es einen Tisch und zwei B\u00e4nke. Der Wanderweg f\u00fchrt dann links vom H\u00e4uschen weiter in Richtung Norden bis zu einer Felsformation.<\/p>\n<h2><span class=\"ez-toc-section\" id=\"Felsformation_Katzenschrofen\"><\/span>Felsformation Katzenschrofen<span class=\"ez-toc-section-end\"><\/span><\/h2>\n<p><img decoding=\"async\" class=\"alignnone wp-image-27296 size-large\" src=\"https:\/\/www.people-abroad.de\/blog\/wp-content\/uploads\/2022\/06\/kappelrodecker-hexensteig-achertal-wandern-15-1024x681.jpg\" alt=\"Felsenweg Wandern Achertal Schwarzwald\" width=\"1024\" height=\"681\" srcset=\"https:\/\/www.people-abroad.de\/blog\/wp-content\/uploads\/2022\/06\/kappelrodecker-hexensteig-achertal-wandern-15-1024x681.jpg 1024w, https:\/\/www.people-abroad.de\/blog\/wp-content\/uploads\/2022\/06\/kappelrodecker-hexensteig-achertal-wandern-15-300x200.jpg 300w, https:\/\/www.people-abroad.de\/blog\/wp-content\/uploads\/2022\/06\/kappelrodecker-hexensteig-achertal-wandern-15-768x511.jpg 768w, https:\/\/www.people-abroad.de\/blog\/wp-content\/uploads\/2022\/06\/kappelrodecker-hexensteig-achertal-wandern-15-400x266.jpg 400w, https:\/\/www.people-abroad.de\/blog\/wp-content\/uploads\/2022\/06\/kappelrodecker-hexensteig-achertal-wandern-15.jpg 1200w\" sizes=\"(max-width: 1024px) 100vw, 1024px\" \/><\/p>\n<p>Der Katzenschrofen ist eine sch\u00f6ne Felsformation, durch die der Hexensteig hinab ins Tal f\u00fchrt. Hier sind Trittsicherheit und ein gutes Profil der Wanderschuhe Voraussetzung. Bei Regen w\u00e4re ich hier vorsichtig wegen der Rutschgefahrt. Ansonsten l\u00e4sst sich die felsige Passage &#8211; trotz des steilen Abstiegs &#8211; gut erwandern. Der Pfad f\u00fchrt hinunter bis zum Grillplatz \/ Blaubronn.<\/p>\n<h2><span class=\"ez-toc-section\" id=\"Buerstenstein_Hexensteig_Aussichtspunkt\"><\/span>B\u00fcrstenstein | Hexensteig Aussichtspunkt<span class=\"ez-toc-section-end\"><\/span><\/h2>\n<p><img decoding=\"async\" class=\"alignnone wp-image-27295 size-large\" src=\"https:\/\/www.people-abroad.de\/blog\/wp-content\/uploads\/2022\/06\/kappelrodecker-hexensteig-achertal-wandern-1-1024x681.jpg\" alt=\"B\u00fcrstenstein Kappelrodecker Hexensteig Wandern Achertal Schwarzwald\" width=\"1024\" height=\"681\" srcset=\"https:\/\/www.people-abroad.de\/blog\/wp-content\/uploads\/2022\/06\/kappelrodecker-hexensteig-achertal-wandern-1-1024x681.jpg 1024w, https:\/\/www.people-abroad.de\/blog\/wp-content\/uploads\/2022\/06\/kappelrodecker-hexensteig-achertal-wandern-1-300x200.jpg 300w, https:\/\/www.people-abroad.de\/blog\/wp-content\/uploads\/2022\/06\/kappelrodecker-hexensteig-achertal-wandern-1-768x511.jpg 768w, https:\/\/www.people-abroad.de\/blog\/wp-content\/uploads\/2022\/06\/kappelrodecker-hexensteig-achertal-wandern-1-400x266.jpg 400w, https:\/\/www.people-abroad.de\/blog\/wp-content\/uploads\/2022\/06\/kappelrodecker-hexensteig-achertal-wandern-1.jpg 1200w\" sizes=\"(max-width: 1024px) 100vw, 1024px\" \/><\/p>\n<p>Nach einem kurzen asphaltierten St\u00fcck geht es wieder bergauf in den Wald hinein. Am B\u00fcrstenstein l\u00e4sst sich ein weiterer toller Ausblick in die Rheinebene und auf die Berge des Nordschwarzwaldes genie\u00dfen. Der Aussichtspunkt liegt 604 m hoch und er ist auch direkt \u00fcber Kappelrodeck erreichbar, ohne dass man den kompletten Hexensteig erwandert. Toller Ausblick!<\/p>\n<h2><span class=\"ez-toc-section\" id=\"Kappelrodecker_Felsenweg_Heidenhof-Brennerei\"><\/span>Kappelrodecker Felsenweg &amp; Heidenhof-Brennerei<span class=\"ez-toc-section-end\"><\/span><\/h2>\n<p><img decoding=\"async\" class=\"alignnone wp-image-27293 size-large\" src=\"https:\/\/www.people-abroad.de\/blog\/wp-content\/uploads\/2022\/06\/kappelrodecker-hexensteig-achertal-wandern-4-1024x681.jpg\" alt=\"Achertal Hexenh\u00e4usle Kappelrodecker Hexensteig Wandern Achertal Schwarzwald\" width=\"1024\" height=\"681\" srcset=\"https:\/\/www.people-abroad.de\/blog\/wp-content\/uploads\/2022\/06\/kappelrodecker-hexensteig-achertal-wandern-4-1024x681.jpg 1024w, https:\/\/www.people-abroad.de\/blog\/wp-content\/uploads\/2022\/06\/kappelrodecker-hexensteig-achertal-wandern-4-300x200.jpg 300w, https:\/\/www.people-abroad.de\/blog\/wp-content\/uploads\/2022\/06\/kappelrodecker-hexensteig-achertal-wandern-4-768x511.jpg 768w, https:\/\/www.people-abroad.de\/blog\/wp-content\/uploads\/2022\/06\/kappelrodecker-hexensteig-achertal-wandern-4-400x266.jpg 400w, https:\/\/www.people-abroad.de\/blog\/wp-content\/uploads\/2022\/06\/kappelrodecker-hexensteig-achertal-wandern-4.jpg 1200w\" sizes=\"(max-width: 1024px) 100vw, 1024px\" \/><\/p>\n<p>Auf dem letzten Abschnitt wandert man ein St\u00fcck auf dem Felsenweg, auf dem es ebenfalls sch\u00f6ne Felsformationen gibt. Dieser Rundweg ist 15,4 km lang und mit einer Dauer von etwa 4,5 Stunden angegeben. Wenn man l\u00e4nger im Achertal weilt, k\u00f6nnte man alternativ zum Lautenbacher Hexensteig auch den Felsenweg wandern.<\/p>\n<p>\u00dcber das Silberbr\u00fcnnle und eine Viehweide erreicht man schlie\u00dflich das Hexenb\u00e4nkle am Oberen Heidenhof. Die <a href=\"https:\/\/www.heidenhofbrennerei.de\/\">Heidenhof-Brennerei<\/a> lockt mit edlen Br\u00e4nden und Lik\u00f6ren aus der hauseigenen Obstbrennerei und bietet sich f\u00fcr eine weitere Rast an. Von hier aus ist es nur noch ein kurzes St\u00fcck \u00fcber einen kleinen Baumlehrpfad bis zum Zuckerbergschloss, dem Start- und Zielpunkt des Hexensteigs.<\/p>\n<h2><span class=\"ez-toc-section\" id=\"Hexensteig_Abkuerzung_Kinder_Co\"><\/span>Hexensteig | Abk\u00fcrzung, Kinder &amp; Co.<span class=\"ez-toc-section-end\"><\/span><\/h2>\n<p>Der Hexensteig ist durchaus anspruchsvoll, nicht barrierefrei und dementsprechend auch nicht mit dem Kinderwagen zu erwandern. Insbesondere auf dem letzten Drittel der Strecke sollten bei den felsigen Passagen Trittsicherheit und profilierte Sohlen vorhanden sein. Bei Familien empfiehlt es sich, dass die Kinder \u00fcber eine sehr gute Grundkondition verf\u00fcgen bez\u00fcglich der Dauer der Wanderung von ca. 6 Stunden. Der Hexensteig l\u00e4sst sich an der Buchwaldh\u00fctte abk\u00fcrzen (geradeaus anstatt rechts abzubiegen), wobei man da nur etwa 2 km einspart. Bei der Planung der Tour sollte man die Ruhetage der Gasth\u00f6fe und Versperstuben mit ber\u00fccksichtigen.<\/p>\n<h2><span class=\"ez-toc-section\" id=\"Kappelrodeck_%E2%80%9ERotweindorf%E2%80%9C_im_Achertal\"><\/span>Kappelrodeck | &#8222;Rotweindorf&#8220; im Achertal<span class=\"ez-toc-section-end\"><\/span><\/h2>\n<p><img decoding=\"async\" class=\"alignnone wp-image-27292 size-large\" src=\"https:\/\/www.people-abroad.de\/blog\/wp-content\/uploads\/2022\/06\/kappelrodecker-hexensteig-achertal-wandern-20-1024x682.jpg\" alt=\"Rotweindorf Kappelrodeck Achertal Badische Weinstra\u00dfe Ort \" width=\"1024\" height=\"682\" srcset=\"https:\/\/www.people-abroad.de\/blog\/wp-content\/uploads\/2022\/06\/kappelrodecker-hexensteig-achertal-wandern-20-1024x682.jpg 1024w, https:\/\/www.people-abroad.de\/blog\/wp-content\/uploads\/2022\/06\/kappelrodecker-hexensteig-achertal-wandern-20-300x200.jpg 300w, https:\/\/www.people-abroad.de\/blog\/wp-content\/uploads\/2022\/06\/kappelrodecker-hexensteig-achertal-wandern-20-768x511.jpg 768w, https:\/\/www.people-abroad.de\/blog\/wp-content\/uploads\/2022\/06\/kappelrodecker-hexensteig-achertal-wandern-20-400x266.jpg 400w, https:\/\/www.people-abroad.de\/blog\/wp-content\/uploads\/2022\/06\/kappelrodecker-hexensteig-achertal-wandern-20.jpg 1200w\" sizes=\"(max-width: 1024px) 100vw, 1024px\" \/><\/p>\n<p>Kappelrodeck ist als &#8222;Rotweindorf&#8220; im Schwarzwald bekannt, vor allem f\u00fcr seinen Obst- und Weinbau. Zahlreiche Winzer und Kleinbrenner locken mit ihren Tropfen, die hier an der Badischen Weinstra\u00dfe erzeugt werden. Zwei Winzergenossenschaften und zwei gro\u00dfe Schnapsbrennereien gibt es im Ort. Zu den Wahrzeichen der Gemeinde z\u00e4hlen u.a. die St. Nikolauskirche, der Marktplatz, Schlo\u00df Rodeck, das Zuckerbergschloss, die bekannten Weinberge und der Dasenstein.<\/p>\n<h2><span class=\"ez-toc-section\" id=\"Winzerkeller_Hex_vom_Dasenstein\"><\/span>Winzerkeller Hex vom Dasenstein<span class=\"ez-toc-section-end\"><\/span><\/h2>\n<p><img decoding=\"async\" class=\"alignnone wp-image-27290 size-large\" src=\"https:\/\/www.people-abroad.de\/blog\/wp-content\/uploads\/2022\/06\/kappelrodecker-hexensteig-achertal-wandern-21-1024x681.jpg\" alt=\"Hex vom Dasenstein Kappelrodeck Achertal Schwarzwald Weinkeller Rotwein\" width=\"1024\" height=\"681\" srcset=\"https:\/\/www.people-abroad.de\/blog\/wp-content\/uploads\/2022\/06\/kappelrodecker-hexensteig-achertal-wandern-21-1024x681.jpg 1024w, https:\/\/www.people-abroad.de\/blog\/wp-content\/uploads\/2022\/06\/kappelrodecker-hexensteig-achertal-wandern-21-300x200.jpg 300w, https:\/\/www.people-abroad.de\/blog\/wp-content\/uploads\/2022\/06\/kappelrodecker-hexensteig-achertal-wandern-21-768x511.jpg 768w, https:\/\/www.people-abroad.de\/blog\/wp-content\/uploads\/2022\/06\/kappelrodecker-hexensteig-achertal-wandern-21-400x266.jpg 400w, https:\/\/www.people-abroad.de\/blog\/wp-content\/uploads\/2022\/06\/kappelrodecker-hexensteig-achertal-wandern-21.jpg 1200w\" sizes=\"(max-width: 1024px) 100vw, 1024px\" \/><\/p>\n<p>Zu den bekanntesten Weinen im Achertal und an der Badischen Weinstra\u00dfe geh\u00f6rt die Hex vom Dasenstein. Deshalb lohnt es sich, neben den anderen Weing\u00fctern der Region, auch beim <a href=\"https:\/\/dasenstein.de\/\">Winzerkeller Hex vom Dasenstein<\/a> in Kappelrodeck vorbeizuschauen. Auch hier k\u00f6nnen die verschiedenen Rebsorten ausgew\u00e4hlter Hanglagen probiert und gekauft werden.<\/p>\n<p><img decoding=\"async\" class=\"alignnone wp-image-27287 size-large\" src=\"https:\/\/www.people-abroad.de\/blog\/wp-content\/uploads\/2022\/06\/kappelrodecker-hexensteig-achertal-wandern-23-1024x681.jpg\" alt=\"Hex vom Dasenstein Kappelrodeck Achertal Schwarzwald Weinkeller Rotwein\" width=\"1024\" height=\"681\" srcset=\"https:\/\/www.people-abroad.de\/blog\/wp-content\/uploads\/2022\/06\/kappelrodecker-hexensteig-achertal-wandern-23-1024x681.jpg 1024w, https:\/\/www.people-abroad.de\/blog\/wp-content\/uploads\/2022\/06\/kappelrodecker-hexensteig-achertal-wandern-23-300x200.jpg 300w, https:\/\/www.people-abroad.de\/blog\/wp-content\/uploads\/2022\/06\/kappelrodecker-hexensteig-achertal-wandern-23-768x511.jpg 768w, https:\/\/www.people-abroad.de\/blog\/wp-content\/uploads\/2022\/06\/kappelrodecker-hexensteig-achertal-wandern-23-400x266.jpg 400w, https:\/\/www.people-abroad.de\/blog\/wp-content\/uploads\/2022\/06\/kappelrodecker-hexensteig-achertal-wandern-23.jpg 1200w\" sizes=\"(max-width: 1024px) 100vw, 1024px\" \/><\/p>\n<p><img decoding=\"async\" class=\"alignnone wp-image-27286 size-large\" src=\"https:\/\/www.people-abroad.de\/blog\/wp-content\/uploads\/2022\/06\/kappelrodecker-hexensteig-achertal-wandern-22-1024x681.jpg\" alt=\"Hex vom Dasenstein Kappelrodeck Achertal Schwarzwald Weinkeller Rotwein\" width=\"1024\" height=\"681\" srcset=\"https:\/\/www.people-abroad.de\/blog\/wp-content\/uploads\/2022\/06\/kappelrodecker-hexensteig-achertal-wandern-22-1024x681.jpg 1024w, https:\/\/www.people-abroad.de\/blog\/wp-content\/uploads\/2022\/06\/kappelrodecker-hexensteig-achertal-wandern-22-300x200.jpg 300w, https:\/\/www.people-abroad.de\/blog\/wp-content\/uploads\/2022\/06\/kappelrodecker-hexensteig-achertal-wandern-22-768x511.jpg 768w, https:\/\/www.people-abroad.de\/blog\/wp-content\/uploads\/2022\/06\/kappelrodecker-hexensteig-achertal-wandern-22-400x266.jpg 400w, https:\/\/www.people-abroad.de\/blog\/wp-content\/uploads\/2022\/06\/kappelrodecker-hexensteig-achertal-wandern-22.jpg 1200w\" sizes=\"(max-width: 1024px) 100vw, 1024px\" \/><\/p>\n<p>Das Angebot reicht von fruchtigen Weissweinen \u00fcber hochkar\u00e4tige Sp\u00e4tburgunder bis hin zu edlen Barrique-Weinen und feinen Br\u00e4nden und Lik\u00f6ren. Die kultige &#8222;Hexenflasche&#8220; (Sp\u00e4tburgunder) mit altem Schriftzug und handbemalter Flasche, eine \u00fcber 60-j\u00e4hrige Tradition, ist hier ebenso zu finden. Neben dem leckeren Klassiker gibt es u.a. auch moderne Weinlinien wie etwa die Karat-Kollektion mit feinfruchtiger Note.<\/p>\n<h2><span class=\"ez-toc-section\" id=\"Einblick_in_den_Weinkeller\"><\/span>Einblick in den Weinkeller<span class=\"ez-toc-section-end\"><\/span><\/h2>\n<p><img decoding=\"async\" class=\"alignnone wp-image-27289 size-large\" src=\"https:\/\/www.people-abroad.de\/blog\/wp-content\/uploads\/2022\/06\/kappelrodecker-hexensteig-achertal-wandern-24-1024x682.jpg\" alt=\"Hex vom Dasenstein Kappelrodeck Achertal Schwarzwald Weinkeller Rotwein\" width=\"1024\" height=\"682\" srcset=\"https:\/\/www.people-abroad.de\/blog\/wp-content\/uploads\/2022\/06\/kappelrodecker-hexensteig-achertal-wandern-24-1024x682.jpg 1024w, https:\/\/www.people-abroad.de\/blog\/wp-content\/uploads\/2022\/06\/kappelrodecker-hexensteig-achertal-wandern-24-300x200.jpg 300w, https:\/\/www.people-abroad.de\/blog\/wp-content\/uploads\/2022\/06\/kappelrodecker-hexensteig-achertal-wandern-24-768x511.jpg 768w, https:\/\/www.people-abroad.de\/blog\/wp-content\/uploads\/2022\/06\/kappelrodecker-hexensteig-achertal-wandern-24-400x266.jpg 400w, https:\/\/www.people-abroad.de\/blog\/wp-content\/uploads\/2022\/06\/kappelrodecker-hexensteig-achertal-wandern-24.jpg 1200w\" sizes=\"(max-width: 1024px) 100vw, 1024px\" \/><\/p>\n<p>Zu den Weinproben geh\u00f6rt auch eine Kellerf\u00fchrung, bei der man einen guten Einblick in den Weinkeller mit den beeindruckenden alten Holzf\u00e4ssern bekommt. Hier reifen die edlen Tropfen der Hex vom Dasenstein, bis sie schlie\u00dflich zur Abf\u00fcllung und Verkostung kommen. Es gibt \u00f6ffentliche Weinproben (Freitags, 15:00 Uhr) und individuelle Verkostungen.<\/p>\n<h2><span class=\"ez-toc-section\" id=\"Dasenstein_Sagenhafter_Aussichtspunkt\"><\/span>Dasenstein | Sagenhafter Aussichtspunkt<span class=\"ez-toc-section-end\"><\/span><\/h2>\n<p><img decoding=\"async\" class=\"alignnone wp-image-27303 size-large\" src=\"https:\/\/www.people-abroad.de\/blog\/wp-content\/uploads\/2022\/06\/kappelrodecker-hexensteig-achertal-wandern-28-1024x681.jpg\" alt=\"Hex vom Dasenstein Kappelrodeck Achertal Schwarzwald Weinkeller Rotwein\" width=\"1024\" height=\"681\" srcset=\"https:\/\/www.people-abroad.de\/blog\/wp-content\/uploads\/2022\/06\/kappelrodecker-hexensteig-achertal-wandern-28-1024x681.jpg 1024w, https:\/\/www.people-abroad.de\/blog\/wp-content\/uploads\/2022\/06\/kappelrodecker-hexensteig-achertal-wandern-28-300x200.jpg 300w, https:\/\/www.people-abroad.de\/blog\/wp-content\/uploads\/2022\/06\/kappelrodecker-hexensteig-achertal-wandern-28-768x511.jpg 768w, https:\/\/www.people-abroad.de\/blog\/wp-content\/uploads\/2022\/06\/kappelrodecker-hexensteig-achertal-wandern-28-400x266.jpg 400w, https:\/\/www.people-abroad.de\/blog\/wp-content\/uploads\/2022\/06\/kappelrodecker-hexensteig-achertal-wandern-28.jpg 1200w\" sizes=\"(max-width: 1024px) 100vw, 1024px\" \/><\/p>\n<p>Man sieht ihn von der Terrasse des Winzerkellers, hier klein in der Bildmitte &#8211; den Dasenstein! Einer Sage nach hauste an dem Felsen die Hex vom Dasenstein, die dem Kappelrodecker Wein seinen Namen gab. Weil sie sich in einen gew\u00f6hnlichen Bauernjungen verliebte, wurde das sch\u00f6ne Burgfr\u00e4ulein einst von Schlo\u00df Rodeck versto\u00dfen. Doch ohne Adelsstand wollte auch der junge Bursche nichts mehr von ihr wissen. Mit gebrochenem Herzen fl\u00fcchtete sie sich auf die andere Seite des Tales und fand Unterschlupf in der Felsengruppe Dasenstein. Hier findest du die <a href=\"https:\/\/dasenstein.de\/UEber-uns\/Die-Geschichte-der-Hex\/\">Sage der Hex vom Dasenstein<\/a>.<\/p>\n<h2><span class=\"ez-toc-section\" id=\"Kappelrodeck_Hotel_%E2%80%93_Tipp\"><\/span>Kappelrodeck | Hotel &#8211; Tipp<span class=\"ez-toc-section-end\"><\/span><\/h2>\n<p><img decoding=\"async\" class=\"alignnone wp-image-27285 size-large\" src=\"https:\/\/www.people-abroad.de\/blog\/wp-content\/uploads\/2022\/06\/kappelrodecker-hexensteig-achertal-wandern-25-1024x681.jpg\" alt=\"Kappelrodeck Achertal Hotel Unterkunft Vaya Casa\" width=\"1024\" height=\"681\" srcset=\"https:\/\/www.people-abroad.de\/blog\/wp-content\/uploads\/2022\/06\/kappelrodecker-hexensteig-achertal-wandern-25-1024x681.jpg 1024w, https:\/\/www.people-abroad.de\/blog\/wp-content\/uploads\/2022\/06\/kappelrodecker-hexensteig-achertal-wandern-25-300x200.jpg 300w, https:\/\/www.people-abroad.de\/blog\/wp-content\/uploads\/2022\/06\/kappelrodecker-hexensteig-achertal-wandern-25-768x511.jpg 768w, https:\/\/www.people-abroad.de\/blog\/wp-content\/uploads\/2022\/06\/kappelrodecker-hexensteig-achertal-wandern-25-400x266.jpg 400w, https:\/\/www.people-abroad.de\/blog\/wp-content\/uploads\/2022\/06\/kappelrodecker-hexensteig-achertal-wandern-25.jpg 1200w\" sizes=\"(max-width: 1024px) 100vw, 1024px\" \/><\/p>\n<p><img decoding=\"async\" class=\"alignnone wp-image-27291 size-large\" src=\"https:\/\/www.people-abroad.de\/blog\/wp-content\/uploads\/2022\/06\/kappelrodecker-hexensteig-achertal-wandern-26-1024x681.jpg\" alt=\"Kappelrodeck Achertal Hotel Unterkunft Vaya Casa\" width=\"1024\" height=\"681\" srcset=\"https:\/\/www.people-abroad.de\/blog\/wp-content\/uploads\/2022\/06\/kappelrodecker-hexensteig-achertal-wandern-26-1024x681.jpg 1024w, https:\/\/www.people-abroad.de\/blog\/wp-content\/uploads\/2022\/06\/kappelrodecker-hexensteig-achertal-wandern-26-300x200.jpg 300w, https:\/\/www.people-abroad.de\/blog\/wp-content\/uploads\/2022\/06\/kappelrodecker-hexensteig-achertal-wandern-26-768x511.jpg 768w, https:\/\/www.people-abroad.de\/blog\/wp-content\/uploads\/2022\/06\/kappelrodecker-hexensteig-achertal-wandern-26-400x266.jpg 400w, https:\/\/www.people-abroad.de\/blog\/wp-content\/uploads\/2022\/06\/kappelrodecker-hexensteig-achertal-wandern-26.jpg 1200w\" sizes=\"(max-width: 1024px) 100vw, 1024px\" \/><\/p>\n<p>Mein Hotel-Tipp f\u00fcr Kappelrodeck ist das <a href=\"https:\/\/www.gruppenhaus-vaya-casa.de\/\">Vaya Casa<\/a> in der Herrenstra\u00dfe 5a. Das Ferienhaus mit 10 klimatisierten Gem\u00e4chern ist eine besondere Unterkunft, die im mittelalterlichen erbaut ist. Es bietet gem\u00fctliche Zimmer, ein tolles Fr\u00fchst\u00fccksbuffet im Festsaal und einen sch\u00f6nen Au\u00dfenbereich mit Grillstelle im Hof. Das Vaya Casa l\u00e4sst sich auch f\u00fcr Veranstaltungen mieten. Weitere Unterk\u00fcnfte im Achertal findest du <a href=\"https:\/\/www.achertal.de\/unterkunft-finden.html\">hier<\/a>.<\/p>\n<h2><span class=\"ez-toc-section\" id=\"Karlsruher_Grat_Wanderung_im_Achertal\"><\/span>Karlsruher Grat | Wanderung im Achertal<span class=\"ez-toc-section-end\"><\/span><\/h2>\n<p>Eine weitere sch\u00f6ne Wanderung im Achertal ist der Karlsruher Grat. Dieser Rundweg ist 12,6 km lang und man sollte daf\u00fcr rund 4,5 Stunden einplanen. Start- und Zielpunkt der Wanderung ist in Ottenh\u00f6fen, dem Nachbarort von Kappelrodeck. Eine Tourenbeschreibung findest du hier: <a href=\"https:\/\/www.people-abroad.de\/blog\/karlsruher-grat\/\">Karlsruher Grat &#8211; Genie\u00dferpfad im Schwarzwald<\/a><\/p>\n<h2><span class=\"ez-toc-section\" id=\"Mummelsee_%E2%80%93_Hornisgrinde_Wandern_auf_dem_Geniesserpfad\"><\/span>Mummelsee \u2013 Hornisgrinde: Wandern auf dem Genie\u00dferpfad<span class=\"ez-toc-section-end\"><\/span><\/h2>\n<p>Die beiden beliebten Ausflugsziele Mummelsee und Hornisgrinde lassen sich gut erwandern. Hier findest du die Tour Mummelsee \u2013 Hornisgrinde: Wandern auf dem Genie\u00dferpfad. Eine Tourenbeschreibung findest du hier: <a href=\"https:\/\/www.people-abroad.de\/blog\/mummelsee-hornisgrinde-wandern\/\">Genie\u00dferpfad Mummelsee-Hornisgrinde<\/a><\/p>\n<h2><span class=\"ez-toc-section\" id=\"Achertal_Schwarzwald_Tipps\"><\/span>Achertal &amp; Schwarzwald Tipps<span class=\"ez-toc-section-end\"><\/span><\/h2>\n<p>Hier gibt es n\u00fctzliche Infos f\u00fcr den Aufenthalt auf den offiziellen Websites:<br \/>\n<a href=\"https:\/\/www.achertal.de\/\">Achertal. Mein Herz bleibt hier.<\/a><br \/>\n<a href=\"https:\/\/naturparkschwarzwald.de\/\">Naturpark Schwarzwald Mitte\/Nord<\/a><br \/>\n<a href=\"https:\/\/www.nationalpark-schwarzwald.de\/de\">Nationalpark Schwarzwald<\/a><\/p>\n<p><em><strong>Werbehinweis:<\/strong>\u00a0Dieser Artikel entstand in Zusammenarbeit mit\u00a0<a href=\"https:\/\/www.schwarzwald-tourismus.info\/\">Schwarzwald Tourismus<\/a>. Ich gehe gerne Kooperationen ein, meine pers\u00f6nliche Meinung wird davon aber nicht beeinflusst.<\/em><\/p>\n<p>Weitere Artikel \u00fcber den Schwarzwald findest du hier:<br \/>\n<a href=\"https:\/\/www.people-abroad.de\/blog\/badischer-weinradweg\/\">Badischer Weinradweg: H\u00fcgel, Reben &amp; Genuss<\/a><br \/>\n<a href=\"https:\/\/www.people-abroad.de\/blog\/wandern-schwarzwald-schliffkopf\/\">Wanderung am Schliffkopf im Schwarzwald<\/a><br \/>\n<a href=\"https:\/\/www.people-abroad.de\/blog\/belchensteig-schwarzwald\/\">Genie\u00dferpfad Belchensteig im Schwarzwald<\/a><br \/>\n<a href=\"https:\/\/www.people-abroad.de\/blog\/menzenschwander-geissenpfad\/\">Menzenschwander Gei\u00dfenpfad im Schwarzwald<\/a><br \/>\n<a href=\"https:\/\/www.people-abroad.de\/blog\/kaiserstuhl-tuniberg-tipps\/\">S\u00fcdbaden: Naturgarten Kaiserstuhl &amp; Tuniberg<\/a><br \/>\n<a href=\"https:\/\/www.people-abroad.de\/blog\/wasserweltensteig\/\">Wasserweltensteig: Quellen, B\u00e4che und Wasserf\u00e4lle<\/a><br \/>\n<a href=\"https:\/\/www.people-abroad.de\/blog\/triberger-wasserfaelle\/\">Triberger Wasserf\u00e4lle \u2013 Naturerlebnis im Schwarzwald<\/a><br \/>\n<a href=\"https:\/\/www.people-abroad.de\/blog\/schwarzwald-belchen-tipps\/\">Belchen: Wandern in der Schwarzwald-Region<\/a><br \/>\n<a href=\"https:\/\/www.people-abroad.de\/blog\/markgraeflerland-tipps\/\">Markgr\u00e4flerland: Weinberge, Natur und Kultur<\/a><br \/>\n<a href=\"https:\/\/www.people-abroad.de\/blog\/hochschwarzwald-lebkuechlerweg-geissenpfad\/\">Hochschwarzwald: Lebk\u00fcchlerweg &amp; Gei\u00dfenpfad<\/a><br \/>\n<a href=\"https:\/\/www.people-abroad.de\/blog\/suedschwarzwald-wandern-ibach\/\">S\u00fcdschwarzwald: Wandern mit Blick auf Ibach<\/a><br \/>\n<a href=\"https:\/\/www.people-abroad.de\/blog\/weinland-breisgau-tipps\/\">Weinland Breisgau: Urlaubsregion in S\u00fcdbaden<\/a><\/p>\n","protected":false},"excerpt":{"rendered":"<p>[Werbung] Der Kappelrodecker Hexensteig f\u00fchrt durch schattige W\u00e4lder, liebliche Weinberge und bietet tolle Ausblicke. Infos &amp; Tipps f\u00fcr die Wanderung im Achertal im Schwarzwald.<\/p>\n","protected":false},"author":1,"featured_media":0,"comment_status":"open","ping_status":"open","sticky":false,"template":"","format":"standard","meta":{"_monsterinsights_skip_tracking":false,"_monsterinsights_sitenote_active":false,"_monsterinsights_sitenote_note":"","_monsterinsights_sitenote_category":0,"footnotes":""},"categories":[701,506,2044],"tags":[328],"class_list":["post-27138","post","type-post","status-publish","format-standard","hentry","category-deutschland","category-outdoor","category-wandern","tag-baden-wuerttemberg"],"yoast_head":"<!-- This site is optimized with the Yoast SEO plugin v27.4 - https:\/\/yoast.com\/product\/yoast-seo-wordpress\/ -->\n<title>Kappelrodecker Hexensteig - Wandern im Schwarzwald - People Abroad<\/title>\n<meta name=\"description\" content=\"Kappelrodecker Hexensteig: Rundweg mit tollen Aussichtspunkten - Infos &amp; Tipps f\u00fcr die Wanderung im Achertal im Schwarzwald.\" \/>\n<meta name=\"robots\" content=\"index, follow, max-snippet:-1, max-image-preview:large, max-video-preview:-1\" \/>\n<link rel=\"canonical\" href=\"https:\/\/www.people-abroad.de\/blog\/kappelrodecker-hexensteig\/\" \/>\n<meta property=\"og:locale\" content=\"de_DE\" \/>\n<meta property=\"og:type\" content=\"article\" \/>\n<meta property=\"og:title\" content=\"Kappelrodecker Hexensteig - Wandern im Schwarzwald - People Abroad\" \/>\n<meta property=\"og:description\" content=\"Kappelrodecker Hexensteig: Rundweg mit tollen Aussichtspunkten - Infos &amp; Tipps f\u00fcr die Wanderung im Achertal im Schwarzwald.\" \/>\n<meta property=\"og:url\" content=\"https:\/\/www.people-abroad.de\/blog\/kappelrodecker-hexensteig\/\" \/>\n<meta property=\"og:site_name\" content=\"People Abroad\" \/>\n<meta property=\"article:publisher\" content=\"https:\/\/www.facebook.com\/menschen.international\/\" \/>\n<meta property=\"article:author\" content=\"https:\/\/www.facebook.com\/menschen.international\/\" \/>\n<meta property=\"article:published_time\" content=\"2022-07-02T05:25:03+00:00\" \/>\n<meta property=\"article:modified_time\" content=\"2023-05-04T19:52:15+00:00\" \/>\n<meta property=\"og:image\" content=\"https:\/\/www.people-abroad.de\/blog\/wp-content\/uploads\/2022\/06\/kappelrodecker-hexensteig-achertal-wandern-2-1024x681.jpg\" \/>\n<meta name=\"author\" content=\"Heiko M\u00fcller\" \/>\n<meta name=\"twitter:card\" content=\"summary_large_image\" \/>\n<meta name=\"twitter:creator\" content=\"@People_Abroad\" \/>\n<meta name=\"twitter:site\" content=\"@People_Abroad\" \/>\n<meta name=\"twitter:label1\" content=\"Verfasst von\" \/>\n\t<meta name=\"twitter:data1\" content=\"Heiko M\u00fcller\" \/>\n\t<meta name=\"twitter:label2\" content=\"Gesch\u00e4tzte Lesezeit\" \/>\n\t<meta name=\"twitter:data2\" content=\"16\u00a0Minuten\" \/>\n<script type=\"application\/ld+json\" class=\"yoast-schema-graph\">{\"@context\":\"https:\\\/\\\/schema.org\",\"@graph\":[{\"@type\":\"Article\",\"@id\":\"https:\\\/\\\/www.people-abroad.de\\\/blog\\\/kappelrodecker-hexensteig\\\/#article\",\"isPartOf\":{\"@id\":\"https:\\\/\\\/www.people-abroad.de\\\/blog\\\/kappelrodecker-hexensteig\\\/\"},\"author\":{\"name\":\"Heiko M\u00fcller\",\"@id\":\"https:\\\/\\\/www.people-abroad.de\\\/blog\\\/#\\\/schema\\\/person\\\/2a518a154d93ee6cf0b146bc327329b3\"},\"headline\":\"Kappelrodecker Hexensteig &#8211; Wandern im Schwarzwald\",\"datePublished\":\"2022-07-02T05:25:03+00:00\",\"dateModified\":\"2023-05-04T19:52:15+00:00\",\"mainEntityOfPage\":{\"@id\":\"https:\\\/\\\/www.people-abroad.de\\\/blog\\\/kappelrodecker-hexensteig\\\/\"},\"wordCount\":1928,\"commentCount\":0,\"publisher\":{\"@id\":\"https:\\\/\\\/www.people-abroad.de\\\/blog\\\/#\\\/schema\\\/person\\\/2a518a154d93ee6cf0b146bc327329b3\"},\"image\":{\"@id\":\"https:\\\/\\\/www.people-abroad.de\\\/blog\\\/kappelrodecker-hexensteig\\\/#primaryimage\"},\"thumbnailUrl\":\"https:\\\/\\\/www.people-abroad.de\\\/blog\\\/wp-content\\\/uploads\\\/2022\\\/06\\\/kappelrodecker-hexensteig-achertal-wandern-2-1024x681.jpg\",\"keywords\":[\"Baden-W\u00fcrttemberg\"],\"articleSection\":[\"Deutschland\",\"Outdoor\",\"Wandern\"],\"inLanguage\":\"de\",\"potentialAction\":[{\"@type\":\"CommentAction\",\"name\":\"Comment\",\"target\":[\"https:\\\/\\\/www.people-abroad.de\\\/blog\\\/kappelrodecker-hexensteig\\\/#respond\"]}]},{\"@type\":\"WebPage\",\"@id\":\"https:\\\/\\\/www.people-abroad.de\\\/blog\\\/kappelrodecker-hexensteig\\\/\",\"url\":\"https:\\\/\\\/www.people-abroad.de\\\/blog\\\/kappelrodecker-hexensteig\\\/\",\"name\":\"Kappelrodecker Hexensteig - Wandern im Schwarzwald - People Abroad\",\"isPartOf\":{\"@id\":\"https:\\\/\\\/www.people-abroad.de\\\/blog\\\/#website\"},\"primaryImageOfPage\":{\"@id\":\"https:\\\/\\\/www.people-abroad.de\\\/blog\\\/kappelrodecker-hexensteig\\\/#primaryimage\"},\"image\":{\"@id\":\"https:\\\/\\\/www.people-abroad.de\\\/blog\\\/kappelrodecker-hexensteig\\\/#primaryimage\"},\"thumbnailUrl\":\"https:\\\/\\\/www.people-abroad.de\\\/blog\\\/wp-content\\\/uploads\\\/2022\\\/06\\\/kappelrodecker-hexensteig-achertal-wandern-2-1024x681.jpg\",\"datePublished\":\"2022-07-02T05:25:03+00:00\",\"dateModified\":\"2023-05-04T19:52:15+00:00\",\"description\":\"Kappelrodecker Hexensteig: Rundweg mit tollen Aussichtspunkten - Infos & Tipps f\u00fcr die Wanderung im Achertal im Schwarzwald.\",\"breadcrumb\":{\"@id\":\"https:\\\/\\\/www.people-abroad.de\\\/blog\\\/kappelrodecker-hexensteig\\\/#breadcrumb\"},\"inLanguage\":\"de\",\"potentialAction\":[{\"@type\":\"ReadAction\",\"target\":[\"https:\\\/\\\/www.people-abroad.de\\\/blog\\\/kappelrodecker-hexensteig\\\/\"]}]},{\"@type\":\"ImageObject\",\"inLanguage\":\"de\",\"@id\":\"https:\\\/\\\/www.people-abroad.de\\\/blog\\\/kappelrodecker-hexensteig\\\/#primaryimage\",\"url\":\"https:\\\/\\\/www.people-abroad.de\\\/blog\\\/wp-content\\\/uploads\\\/2022\\\/06\\\/kappelrodecker-hexensteig-achertal-wandern-2.jpg\",\"contentUrl\":\"https:\\\/\\\/www.people-abroad.de\\\/blog\\\/wp-content\\\/uploads\\\/2022\\\/06\\\/kappelrodecker-hexensteig-achertal-wandern-2.jpg\",\"width\":1200,\"height\":798},{\"@type\":\"BreadcrumbList\",\"@id\":\"https:\\\/\\\/www.people-abroad.de\\\/blog\\\/kappelrodecker-hexensteig\\\/#breadcrumb\",\"itemListElement\":[{\"@type\":\"ListItem\",\"position\":1,\"name\":\"Startseite\",\"item\":\"https:\\\/\\\/www.people-abroad.de\\\/blog\\\/\"},{\"@type\":\"ListItem\",\"position\":2,\"name\":\"Kappelrodecker Hexensteig &#8211; Wandern im Schwarzwald\"}]},{\"@type\":\"WebSite\",\"@id\":\"https:\\\/\\\/www.people-abroad.de\\\/blog\\\/#website\",\"url\":\"https:\\\/\\\/www.people-abroad.de\\\/blog\\\/\",\"name\":\"People Abroad\",\"description\":\"Reiseblog\",\"publisher\":{\"@id\":\"https:\\\/\\\/www.people-abroad.de\\\/blog\\\/#\\\/schema\\\/person\\\/2a518a154d93ee6cf0b146bc327329b3\"},\"potentialAction\":[{\"@type\":\"SearchAction\",\"target\":{\"@type\":\"EntryPoint\",\"urlTemplate\":\"https:\\\/\\\/www.people-abroad.de\\\/blog\\\/?s={search_term_string}\"},\"query-input\":{\"@type\":\"PropertyValueSpecification\",\"valueRequired\":true,\"valueName\":\"search_term_string\"}}],\"inLanguage\":\"de\"},{\"@type\":[\"Person\",\"Organization\"],\"@id\":\"https:\\\/\\\/www.people-abroad.de\\\/blog\\\/#\\\/schema\\\/person\\\/2a518a154d93ee6cf0b146bc327329b3\",\"name\":\"Heiko M\u00fcller\",\"logo\":{\"@id\":\"https:\\\/\\\/www.people-abroad.de\\\/blog\\\/#\\\/schema\\\/person\\\/image\\\/\"},\"description\":\"Ich bin Reiseblogger, Content Creator und Redakteur. Auf Reisen erkunde ich gerne neue Regionen, St\u00e4dte und Orte beim Fotografieren, Wandern und Radfahren. F\u00fcr weitere Reisetipps folge mir auf Instagram, Facebook &amp; Co. Mehr Infos zum Blog findest du hier: https:\\\/\\\/www.people-abroad.de\\\/blog\\\/pr-media\\\/. Kontakt: h.mueller@people-abroad.de\",\"sameAs\":[\"https:\\\/\\\/www.people-abroad.de\\\/blog\\\/\",\"https:\\\/\\\/www.facebook.com\\\/menschen.international\\\/\",\"https:\\\/\\\/www.instagram.com\\\/people.abroad\\\/\",\"https:\\\/\\\/www.linkedin.com\\\/in\\\/muellerheiko\\\/\",\"https:\\\/\\\/www.pinterest.de\\\/peopleabroad\\\/\",\"https:\\\/\\\/x.com\\\/People_Abroad\",\"https:\\\/\\\/www.youtube.com\\\/user\\\/MenschenInt\"],\"url\":\"https:\\\/\\\/www.people-abroad.de\\\/blog\\\/author\\\/admin\\\/\"}]}<\/script>\n<!-- \/ Yoast SEO plugin. -->","yoast_head_json":{"title":"Kappelrodecker Hexensteig - Wandern im Schwarzwald - People Abroad","description":"Kappelrodecker Hexensteig: Rundweg mit tollen Aussichtspunkten - Infos & Tipps f\u00fcr die Wanderung im Achertal im Schwarzwald.","robots":{"index":"index","follow":"follow","max-snippet":"max-snippet:-1","max-image-preview":"max-image-preview:large","max-video-preview":"max-video-preview:-1"},"canonical":"https:\/\/www.people-abroad.de\/blog\/kappelrodecker-hexensteig\/","og_locale":"de_DE","og_type":"article","og_title":"Kappelrodecker Hexensteig - Wandern im Schwarzwald - People Abroad","og_description":"Kappelrodecker Hexensteig: Rundweg mit tollen Aussichtspunkten - Infos & Tipps f\u00fcr die Wanderung im Achertal im Schwarzwald.","og_url":"https:\/\/www.people-abroad.de\/blog\/kappelrodecker-hexensteig\/","og_site_name":"People Abroad","article_publisher":"https:\/\/www.facebook.com\/menschen.international\/","article_author":"https:\/\/www.facebook.com\/menschen.international\/","article_published_time":"2022-07-02T05:25:03+00:00","article_modified_time":"2023-05-04T19:52:15+00:00","og_image":[{"url":"https:\/\/www.people-abroad.de\/blog\/wp-content\/uploads\/2022\/06\/kappelrodecker-hexensteig-achertal-wandern-2-1024x681.jpg","type":"","width":"","height":""}],"author":"Heiko M\u00fcller","twitter_card":"summary_large_image","twitter_creator":"@People_Abroad","twitter_site":"@People_Abroad","twitter_misc":{"Verfasst von":"Heiko M\u00fcller","Gesch\u00e4tzte Lesezeit":"16\u00a0Minuten"},"schema":{"@context":"https:\/\/schema.org","@graph":[{"@type":"Article","@id":"https:\/\/www.people-abroad.de\/blog\/kappelrodecker-hexensteig\/#article","isPartOf":{"@id":"https:\/\/www.people-abroad.de\/blog\/kappelrodecker-hexensteig\/"},"author":{"name":"Heiko M\u00fcller","@id":"https:\/\/www.people-abroad.de\/blog\/#\/schema\/person\/2a518a154d93ee6cf0b146bc327329b3"},"headline":"Kappelrodecker Hexensteig &#8211; Wandern im Schwarzwald","datePublished":"2022-07-02T05:25:03+00:00","dateModified":"2023-05-04T19:52:15+00:00","mainEntityOfPage":{"@id":"https:\/\/www.people-abroad.de\/blog\/kappelrodecker-hexensteig\/"},"wordCount":1928,"commentCount":0,"publisher":{"@id":"https:\/\/www.people-abroad.de\/blog\/#\/schema\/person\/2a518a154d93ee6cf0b146bc327329b3"},"image":{"@id":"https:\/\/www.people-abroad.de\/blog\/kappelrodecker-hexensteig\/#primaryimage"},"thumbnailUrl":"https:\/\/www.people-abroad.de\/blog\/wp-content\/uploads\/2022\/06\/kappelrodecker-hexensteig-achertal-wandern-2-1024x681.jpg","keywords":["Baden-W\u00fcrttemberg"],"articleSection":["Deutschland","Outdoor","Wandern"],"inLanguage":"de","potentialAction":[{"@type":"CommentAction","name":"Comment","target":["https:\/\/www.people-abroad.de\/blog\/kappelrodecker-hexensteig\/#respond"]}]},{"@type":"WebPage","@id":"https:\/\/www.people-abroad.de\/blog\/kappelrodecker-hexensteig\/","url":"https:\/\/www.people-abroad.de\/blog\/kappelrodecker-hexensteig\/","name":"Kappelrodecker Hexensteig - Wandern im Schwarzwald - People Abroad","isPartOf":{"@id":"https:\/\/www.people-abroad.de\/blog\/#website"},"primaryImageOfPage":{"@id":"https:\/\/www.people-abroad.de\/blog\/kappelrodecker-hexensteig\/#primaryimage"},"image":{"@id":"https:\/\/www.people-abroad.de\/blog\/kappelrodecker-hexensteig\/#primaryimage"},"thumbnailUrl":"https:\/\/www.people-abroad.de\/blog\/wp-content\/uploads\/2022\/06\/kappelrodecker-hexensteig-achertal-wandern-2-1024x681.jpg","datePublished":"2022-07-02T05:25:03+00:00","dateModified":"2023-05-04T19:52:15+00:00","description":"Kappelrodecker Hexensteig: Rundweg mit tollen Aussichtspunkten - Infos & Tipps f\u00fcr die Wanderung im Achertal im Schwarzwald.","breadcrumb":{"@id":"https:\/\/www.people-abroad.de\/blog\/kappelrodecker-hexensteig\/#breadcrumb"},"inLanguage":"de","potentialAction":[{"@type":"ReadAction","target":["https:\/\/www.people-abroad.de\/blog\/kappelrodecker-hexensteig\/"]}]},{"@type":"ImageObject","inLanguage":"de","@id":"https:\/\/www.people-abroad.de\/blog\/kappelrodecker-hexensteig\/#primaryimage","url":"https:\/\/www.people-abroad.de\/blog\/wp-content\/uploads\/2022\/06\/kappelrodecker-hexensteig-achertal-wandern-2.jpg","contentUrl":"https:\/\/www.people-abroad.de\/blog\/wp-content\/uploads\/2022\/06\/kappelrodecker-hexensteig-achertal-wandern-2.jpg","width":1200,"height":798},{"@type":"BreadcrumbList","@id":"https:\/\/www.people-abroad.de\/blog\/kappelrodecker-hexensteig\/#breadcrumb","itemListElement":[{"@type":"ListItem","position":1,"name":"Startseite","item":"https:\/\/www.people-abroad.de\/blog\/"},{"@type":"ListItem","position":2,"name":"Kappelrodecker Hexensteig &#8211; Wandern im Schwarzwald"}]},{"@type":"WebSite","@id":"https:\/\/www.people-abroad.de\/blog\/#website","url":"https:\/\/www.people-abroad.de\/blog\/","name":"People Abroad","description":"Reiseblog","publisher":{"@id":"https:\/\/www.people-abroad.de\/blog\/#\/schema\/person\/2a518a154d93ee6cf0b146bc327329b3"},"potentialAction":[{"@type":"SearchAction","target":{"@type":"EntryPoint","urlTemplate":"https:\/\/www.people-abroad.de\/blog\/?s={search_term_string}"},"query-input":{"@type":"PropertyValueSpecification","valueRequired":true,"valueName":"search_term_string"}}],"inLanguage":"de"},{"@type":["Person","Organization"],"@id":"https:\/\/www.people-abroad.de\/blog\/#\/schema\/person\/2a518a154d93ee6cf0b146bc327329b3","name":"Heiko M\u00fcller","logo":{"@id":"https:\/\/www.people-abroad.de\/blog\/#\/schema\/person\/image\/"},"description":"Ich bin Reiseblogger, Content Creator und Redakteur. Auf Reisen erkunde ich gerne neue Regionen, St\u00e4dte und Orte beim Fotografieren, Wandern und Radfahren. F\u00fcr weitere Reisetipps folge mir auf Instagram, Facebook &amp; Co. Mehr Infos zum Blog findest du hier: https:\/\/www.people-abroad.de\/blog\/pr-media\/. Kontakt: h.mueller@people-abroad.de","sameAs":["https:\/\/www.people-abroad.de\/blog\/","https:\/\/www.facebook.com\/menschen.international\/","https:\/\/www.instagram.com\/people.abroad\/","https:\/\/www.linkedin.com\/in\/muellerheiko\/","https:\/\/www.pinterest.de\/peopleabroad\/","https:\/\/x.com\/People_Abroad","https:\/\/www.youtube.com\/user\/MenschenInt"],"url":"https:\/\/www.people-abroad.de\/blog\/author\/admin\/"}]}},"_links":{"self":[{"href":"https:\/\/www.people-abroad.de\/blog\/wp-json\/wp\/v2\/posts\/27138","targetHints":{"allow":["GET"]}}],"collection":[{"href":"https:\/\/www.people-abroad.de\/blog\/wp-json\/wp\/v2\/posts"}],"about":[{"href":"https:\/\/www.people-abroad.de\/blog\/wp-json\/wp\/v2\/types\/post"}],"author":[{"embeddable":true,"href":"https:\/\/www.people-abroad.de\/blog\/wp-json\/wp\/v2\/users\/1"}],"replies":[{"embeddable":true,"href":"https:\/\/www.people-abroad.de\/blog\/wp-json\/wp\/v2\/comments?post=27138"}],"version-history":[{"count":4,"href":"https:\/\/www.people-abroad.de\/blog\/wp-json\/wp\/v2\/posts\/27138\/revisions"}],"predecessor-version":[{"id":30497,"href":"https:\/\/www.people-abroad.de\/blog\/wp-json\/wp\/v2\/posts\/27138\/revisions\/30497"}],"wp:attachment":[{"href":"https:\/\/www.people-abroad.de\/blog\/wp-json\/wp\/v2\/media?parent=27138"}],"wp:term":[{"taxonomy":"category","embeddable":true,"href":"https:\/\/www.people-abroad.de\/blog\/wp-json\/wp\/v2\/categories?post=27138"},{"taxonomy":"post_tag","embeddable":true,"href":"https:\/\/www.people-abroad.de\/blog\/wp-json\/wp\/v2\/tags?post=27138"}],"curies":[{"name":"wp","href":"https:\/\/api.w.org\/{rel}","templated":true}]}}