{"id":24606,"date":"2021-12-04T08:05:44","date_gmt":"2021-12-04T07:05:44","guid":{"rendered":"https:\/\/www.people-abroad.de\/blog\/?p=24606"},"modified":"2023-01-11T18:58:34","modified_gmt":"2023-01-11T17:58:34","slug":"idar-oberstein-sehenswuerdigkeiten","status":"publish","type":"post","link":"https:\/\/www.people-abroad.de\/blog\/idar-oberstein-sehenswuerdigkeiten\/","title":{"rendered":"Idar-Oberstein Sehensw\u00fcrdigkeiten &#8211; Highlights &#038; Tipps"},"content":{"rendered":"<div id=\"ez-toc-container\" class=\"ez-toc-v2_0_82_2 counter-flat ez-toc-counter ez-toc-grey ez-toc-container-direction\">\n<div class=\"ez-toc-title-container\">\n<p class=\"ez-toc-title\" style=\"cursor:inherit\">Inhaltsverzeichnis<\/p>\n<span class=\"ez-toc-title-toggle\"><a href=\"#\" class=\"ez-toc-pull-right ez-toc-btn ez-toc-btn-xs ez-toc-btn-default ez-toc-toggle\" aria-label=\"Toggle Table of Content\"><span class=\"ez-toc-js-icon-con\"><span class=\"\"><span class=\"eztoc-hide\" style=\"display:none;\">Toggle<\/span><span class=\"ez-toc-icon-toggle-span\"><svg style=\"fill: #999;color:#999\" xmlns=\"http:\/\/www.w3.org\/2000\/svg\" class=\"list-377408\" width=\"20px\" height=\"20px\" viewBox=\"0 0 24 24\" fill=\"none\"><path d=\"M6 6H4v2h2V6zm14 0H8v2h12V6zM4 11h2v2H4v-2zm16 0H8v2h12v-2zM4 16h2v2H4v-2zm16 0H8v2h12v-2z\" fill=\"currentColor\"><\/path><\/svg><svg style=\"fill: #999;color:#999\" class=\"arrow-unsorted-368013\" xmlns=\"http:\/\/www.w3.org\/2000\/svg\" width=\"10px\" height=\"10px\" viewBox=\"0 0 24 24\" version=\"1.2\" baseProfile=\"tiny\"><path d=\"M18.2 9.3l-6.2-6.3-6.2 6.3c-.2.2-.3.4-.3.7s.1.5.3.7c.2.2.4.3.7.3h11c.3 0 .5-.1.7-.3.2-.2.3-.5.3-.7s-.1-.5-.3-.7zM5.8 14.7l6.2 6.3 6.2-6.3c.2-.2.3-.5.3-.7s-.1-.5-.3-.7c-.2-.2-.4-.3-.7-.3h-11c-.3 0-.5.1-.7.3-.2.2-.3.5-.3.7s.1.5.3.7z\"\/><\/svg><\/span><\/span><\/span><\/a><\/span><\/div>\n<nav><ul class='ez-toc-list ez-toc-list-level-1 eztoc-toggle-hide-by-default' ><li class='ez-toc-page-1'><a class=\"ez-toc-link ez-toc-heading-1\" href=\"https:\/\/www.people-abroad.de\/blog\/idar-oberstein-sehenswuerdigkeiten\/#Anreise_nach_Idar-Oberstein_Altstadt\" >Anreise nach Idar-Oberstein &amp; Altstadt<\/a><\/li><li class='ez-toc-page-1'><a class=\"ez-toc-link ez-toc-heading-2\" href=\"https:\/\/www.people-abroad.de\/blog\/idar-oberstein-sehenswuerdigkeiten\/#Idar-Oberstein_Sehenswuerdigkeiten_Felsenkirche\" >Idar-Oberstein Sehensw\u00fcrdigkeiten | Felsenkirche<\/a><\/li><li class='ez-toc-page-1'><a class=\"ez-toc-link ez-toc-heading-3\" href=\"https:\/\/www.people-abroad.de\/blog\/idar-oberstein-sehenswuerdigkeiten\/#Idar-Oberstein_Altstadt_Marktplatz_Fussgaengerzone\" >Idar-Oberstein | Altstadt, Marktplatz &amp; Fu\u00dfg\u00e4ngerzone<\/a><\/li><li class='ez-toc-page-1'><a class=\"ez-toc-link ez-toc-heading-4\" href=\"https:\/\/www.people-abroad.de\/blog\/idar-oberstein-sehenswuerdigkeiten\/#Idar-Oberstein_Sehenswuerdigkeiten_Schloss_Oberstein\" >Idar-Oberstein Sehensw\u00fcrdigkeiten | Schloss Oberstein<\/a><\/li><li class='ez-toc-page-1'><a class=\"ez-toc-link ez-toc-heading-5\" href=\"https:\/\/www.people-abroad.de\/blog\/idar-oberstein-sehenswuerdigkeiten\/#Burg_Bosselstein_Kirchenfelsen\" >Burg Bosselstein &amp; Kirchenfelsen<\/a><\/li><li class='ez-toc-page-1'><a class=\"ez-toc-link ez-toc-heading-6\" href=\"https:\/\/www.people-abroad.de\/blog\/idar-oberstein-sehenswuerdigkeiten\/#Idar-Oberstein_Schloss_Oberstein_Wappensaal\" >Idar-Oberstein | Schloss Oberstein &amp; Wappensaal<\/a><\/li><li class='ez-toc-page-1'><a class=\"ez-toc-link ez-toc-heading-7\" href=\"https:\/\/www.people-abroad.de\/blog\/idar-oberstein-sehenswuerdigkeiten\/#Idar-Oberstein_Sehenswuerdigkeiten_Deutsches_Edelsteinmuseum\" >Idar-Oberstein Sehensw\u00fcrdigkeiten | Deutsches Edelsteinmuseum<\/a><\/li><li class='ez-toc-page-1'><a class=\"ez-toc-link ez-toc-heading-8\" href=\"https:\/\/www.people-abroad.de\/blog\/idar-oberstein-sehenswuerdigkeiten\/#Idar-Oberstein_Edelsteinminen_Steinkaulenberg\" >Idar-Oberstein | Edelsteinminen Steinkaulenberg<\/a><\/li><li class='ez-toc-page-1'><a class=\"ez-toc-link ez-toc-heading-9\" href=\"https:\/\/www.people-abroad.de\/blog\/idar-oberstein-sehenswuerdigkeiten\/#Steinkaulenberg_Besucherstollen_Eingang\" >Steinkaulenberg Besucherstollen | Eingang<\/a><\/li><li class='ez-toc-page-1'><a class=\"ez-toc-link ez-toc-heading-10\" href=\"https:\/\/www.people-abroad.de\/blog\/idar-oberstein-sehenswuerdigkeiten\/#Idar-Oberstein_Ausflugsziele_fuer_Kinder_Edelsteine_Edelsteincamp\" >Idar-Oberstein: Ausflugsziele f\u00fcr Kinder | Edelsteine &amp; Edelsteincamp<\/a><\/li><li class='ez-toc-page-1'><a class=\"ez-toc-link ez-toc-heading-11\" href=\"https:\/\/www.people-abroad.de\/blog\/idar-oberstein-sehenswuerdigkeiten\/#Idar-Oberstein_Sehenswuerdigkeiten_Historische_Weiherschleife\" >Idar-Oberstein Sehensw\u00fcrdigkeiten | Historische Weiherschleife<\/a><\/li><li class='ez-toc-page-1'><a class=\"ez-toc-link ez-toc-heading-12\" href=\"https:\/\/www.people-abroad.de\/blog\/idar-oberstein-sehenswuerdigkeiten\/#Idar-Oberstein_Sehenswuerdigkeiten_Deutsches_Mineralienmuseum\" >Idar-Oberstein Sehensw\u00fcrdigkeiten | Deutsches Mineralienmuseum<\/a><\/li><li class='ez-toc-page-1'><a class=\"ez-toc-link ez-toc-heading-13\" href=\"https:\/\/www.people-abroad.de\/blog\/idar-oberstein-sehenswuerdigkeiten\/#Industriedenkmal_Jakob_Bengel_Bengelweg\" >Industriedenkmal Jakob Bengel | Bengelweg<\/a><\/li><li class='ez-toc-page-1'><a class=\"ez-toc-link ez-toc-heading-14\" href=\"https:\/\/www.people-abroad.de\/blog\/idar-oberstein-sehenswuerdigkeiten\/#Idar-Oberstein_Sehenswuerdigkeiten_Edelsteinweg_Felsenweg\" >Idar-Oberstein Sehensw\u00fcrdigkeiten | Edelsteinweg &amp; Felsenweg<\/a><\/li><li class='ez-toc-page-1'><a class=\"ez-toc-link ez-toc-heading-15\" href=\"https:\/\/www.people-abroad.de\/blog\/idar-oberstein-sehenswuerdigkeiten\/#Nationalpark_Hunsrueck-Hochwald\" >Nationalpark Hunsr\u00fcck-Hochwald<\/a><\/li><li class='ez-toc-page-1'><a class=\"ez-toc-link ez-toc-heading-16\" href=\"https:\/\/www.people-abroad.de\/blog\/idar-oberstein-sehenswuerdigkeiten\/#Romantic_Cities_in_Rheinland-Pfalz\" >Romantic Cities in Rheinland-Pfalz<\/a><\/li><\/ul><\/nav><\/div>\n<p><a href=\"https:\/\/www.people-abroad.de\/blog\/idar-oberstein-sehenswuerdigkeiten\/\"><img decoding=\"async\" class=\"alignnone wp-image-24674 size-large\" src=\"https:\/\/www.people-abroad.de\/blog\/wp-content\/uploads\/2021\/11\/idar-oberstein-sehenswuerdigkeiten-1-1024x682.jpg\" alt=\"Idar-Oberstein Sehensw\u00fcrdigkeiten Highlights Tipps\" width=\"1024\" height=\"682\" srcset=\"https:\/\/www.people-abroad.de\/blog\/wp-content\/uploads\/2021\/11\/idar-oberstein-sehenswuerdigkeiten-1-1024x682.jpg 1024w, https:\/\/www.people-abroad.de\/blog\/wp-content\/uploads\/2021\/11\/idar-oberstein-sehenswuerdigkeiten-1-300x200.jpg 300w, https:\/\/www.people-abroad.de\/blog\/wp-content\/uploads\/2021\/11\/idar-oberstein-sehenswuerdigkeiten-1-768x511.jpg 768w, https:\/\/www.people-abroad.de\/blog\/wp-content\/uploads\/2021\/11\/idar-oberstein-sehenswuerdigkeiten-1-400x266.jpg 400w, https:\/\/www.people-abroad.de\/blog\/wp-content\/uploads\/2021\/11\/idar-oberstein-sehenswuerdigkeiten-1.jpg 1200w\" sizes=\"(max-width: 1024px) 100vw, 1024px\" \/><\/a><\/p>\n<p>Idar-Oberstein hat sch\u00f6ne historische H\u00e4user, gem\u00fctliche Gassen in der Altstadt und bietet viel Natur. Tipps f\u00fcr einen Stadtrundgang zu den Idar-Oberstein Sehensw\u00fcrdigkeiten.<!--more--><span id=\"more-19318\"><\/span><\/p>\n<p>&nbsp;<\/p>\n<p>Idar-Oberstein an der Nahe in <a href=\"https:\/\/www.people-abroad.de\/blog\/ausflugsziele-sehenswuerdigkeiten-rheinland-pfalz\/\">Rheinland-Pfalz<\/a> ist bekannt f\u00fcr seine Felsenkirche, Burg Bosselstein, Schloss Oberstein und die idyllischen Altstadtgassen von Oberstein. Weltweit kennt man Idar-Oberstein aber vor allem als Edelstein- und Schmuckstadt mit 500-j\u00e4hriger Geschichte. Mit den Edelsteinminen Steinkaulenberg, der Weiherschleife, dem Deutschen Edelsteinmuseum und dem Deutschen Mineralienmuseum gibt es einiges vor Ort zu erkunden. Deshalb lohnt sich ein Besuch in der sch\u00f6nen Stadt im idyllischen Nahetal. Hier findest du Tipps zu den Idar-Oberstein Sehensw\u00fcrdigkeiten.<\/p>\n<p>Weitere Artikel \u00fcber die Region findest du hier:<br \/>\n<a href=\"https:\/\/www.people-abroad.de\/blog\/rotenfels-rheingrafenstein-wandern-nahetal\/\">Rotenfels &amp; Rheingrafenstein \u2013 Wandern im Nahetal<\/a><br \/>\n<a href=\"https:\/\/www.people-abroad.de\/blog\/bad-kreuznach-sehenswuerdigkeiten\/\">Bad Kreuznach: Sehensw\u00fcrdigkeiten &amp; Tipps<\/a><br \/>\n<a href=\"https:\/\/www.people-abroad.de\/blog\/radtour-nahe-radweg\/\">Nahe-Radweg \u2013 Outdoor-Tipp an der Nahe<\/a><\/p>\n<h2><span class=\"ez-toc-section\" id=\"Anreise_nach_Idar-Oberstein_Altstadt\"><\/span><span id=\"Anreise_nach_Bad_Kreuznach\" class=\"ez-toc-section\"><\/span>Anreise nach Idar-Oberstein &amp; Altstadt<span class=\"ez-toc-section-end\"><\/span><\/h2>\n<p>Mit der Bahn erreicht man Idar-Oberstein mit Z\u00fcgen aus Frankfurt am Main, Mainz und Saarbr\u00fccken (Rhein-Nahe-Verkehrsbund RNN). Mit dem Auto bieten sich die Autobahnen A61 (Ausfahrt Idar-Oberstein), von Westen \/ Benelux \/ Frankreich die A1\/A62 (Ausfahrt Idar-Oberstein) sowie die Bundesstra\u00dfe B41 zur Anreise an. Mit dem Rad erreicht man Idar-Oberstein \u00fcber den Naheradweg.<\/p>\n<h2><span class=\"ez-toc-section\" id=\"Idar-Oberstein_Sehenswuerdigkeiten_Felsenkirche\"><\/span>Idar-Oberstein Sehensw\u00fcrdigkeiten | Felsenkirche<span class=\"ez-toc-section-end\"><\/span><\/h2>\n<p><img decoding=\"async\" class=\"alignnone wp-image-24684 size-large\" src=\"https:\/\/www.people-abroad.de\/blog\/wp-content\/uploads\/2021\/11\/idar-oberstein-sehenswuerdigkeiten-2-1024x681.jpg\" alt=\"Idar-Oberstein Sehensw\u00fcrdigkeiten Highlights Tipps\" width=\"1024\" height=\"681\" srcset=\"https:\/\/www.people-abroad.de\/blog\/wp-content\/uploads\/2021\/11\/idar-oberstein-sehenswuerdigkeiten-2-1024x681.jpg 1024w, https:\/\/www.people-abroad.de\/blog\/wp-content\/uploads\/2021\/11\/idar-oberstein-sehenswuerdigkeiten-2-300x200.jpg 300w, https:\/\/www.people-abroad.de\/blog\/wp-content\/uploads\/2021\/11\/idar-oberstein-sehenswuerdigkeiten-2-768x511.jpg 768w, https:\/\/www.people-abroad.de\/blog\/wp-content\/uploads\/2021\/11\/idar-oberstein-sehenswuerdigkeiten-2-400x266.jpg 400w, https:\/\/www.people-abroad.de\/blog\/wp-content\/uploads\/2021\/11\/idar-oberstein-sehenswuerdigkeiten-2.jpg 1200w\" sizes=\"(max-width: 1024px) 100vw, 1024px\" \/><\/p>\n<p>Die Felsenkirche ist das Wahrzeichen von Idar-Oberstein und weithin sichtbar. Errichtet wurde sie zwischen 1482 und 1484 auf den Fundamenten einer fr\u00fcheren H\u00f6hlenburg. In das Innere der Kirche gelangt man durch einen in den Felsen geschlagenen Tunnel. Von Mitte M\u00e4rz bis Mitte November ist die Kirche f\u00fcr Besucher ge\u00f6ffnet. Links sieht man das Schloss Oberstein.<\/p>\n<p><img decoding=\"async\" class=\"alignnone wp-image-24686 size-large\" src=\"https:\/\/www.people-abroad.de\/blog\/wp-content\/uploads\/2021\/11\/idar-oberstein-sehenswuerdigkeiten-5-1024x681.jpg\" alt=\"Idar-Oberstein Sehensw\u00fcrdigkeiten Highlights Tipps\" width=\"1024\" height=\"681\" srcset=\"https:\/\/www.people-abroad.de\/blog\/wp-content\/uploads\/2021\/11\/idar-oberstein-sehenswuerdigkeiten-5-1024x681.jpg 1024w, https:\/\/www.people-abroad.de\/blog\/wp-content\/uploads\/2021\/11\/idar-oberstein-sehenswuerdigkeiten-5-300x200.jpg 300w, https:\/\/www.people-abroad.de\/blog\/wp-content\/uploads\/2021\/11\/idar-oberstein-sehenswuerdigkeiten-5-768x511.jpg 768w, https:\/\/www.people-abroad.de\/blog\/wp-content\/uploads\/2021\/11\/idar-oberstein-sehenswuerdigkeiten-5-400x266.jpg 400w, https:\/\/www.people-abroad.de\/blog\/wp-content\/uploads\/2021\/11\/idar-oberstein-sehenswuerdigkeiten-5.jpg 1200w\" sizes=\"(max-width: 1024px) 100vw, 1024px\" \/><\/p>\n<p>Die besondere Lage macht die Felsenkirche so au\u00dfergew\u00f6hnlich. Einer Sage nach baute Wyrich die Kirche an die Stelle, an der er seinen Bruder Emich aus dem Fenster der Burg Bosselstein st\u00fcrzte. Beide liebten Bertha von Lichtenburg und die Tat erfolgte angeblich, als sie sich mit Emich verlobte. Bei der Einweihung sank Wyrich am Altar tot vor dem Abt nieder.<\/p>\n<h2><span class=\"ez-toc-section\" id=\"Idar-Oberstein_Altstadt_Marktplatz_Fussgaengerzone\"><\/span>Idar-Oberstein | Altstadt, Marktplatz &amp; Fu\u00dfg\u00e4ngerzone<span class=\"ez-toc-section-end\"><\/span><\/h2>\n<p><img decoding=\"async\" class=\"alignnone wp-image-24683 size-large\" src=\"https:\/\/www.people-abroad.de\/blog\/wp-content\/uploads\/2021\/11\/idar-oberstein-sehenswuerdigkeiten-11-1024x681.jpg\" alt=\"Oberstein Marktplatz Altstadt Fu\u00dfg\u00e4ngerzone\" width=\"1024\" height=\"681\" srcset=\"https:\/\/www.people-abroad.de\/blog\/wp-content\/uploads\/2021\/11\/idar-oberstein-sehenswuerdigkeiten-11-1024x681.jpg 1024w, https:\/\/www.people-abroad.de\/blog\/wp-content\/uploads\/2021\/11\/idar-oberstein-sehenswuerdigkeiten-11-300x200.jpg 300w, https:\/\/www.people-abroad.de\/blog\/wp-content\/uploads\/2021\/11\/idar-oberstein-sehenswuerdigkeiten-11-768x511.jpg 768w, https:\/\/www.people-abroad.de\/blog\/wp-content\/uploads\/2021\/11\/idar-oberstein-sehenswuerdigkeiten-11-400x266.jpg 400w, https:\/\/www.people-abroad.de\/blog\/wp-content\/uploads\/2021\/11\/idar-oberstein-sehenswuerdigkeiten-11.jpg 1200w\" sizes=\"(max-width: 1024px) 100vw, 1024px\" \/><\/p>\n<p>Der Herz von Idar-Oberstein ist die Altstadt von Oberstein mit der Fu\u00dfg\u00e4ngerzone (Hauptstra\u00dfe), dem historischen Marktplatz und den Gesch\u00e4ften, Caf\u00e9s und Restaurants. Rund um den Marktplatz gibt es sch\u00f6ne Stra\u00dfencaf\u00e9s, kleine L\u00e4den und es bietet sich der Blick auf die Felsenkirche. In direkter N\u00e4he befinden sich auch der Bahnhof Idar-Oberstein und das Stadttheater.<\/p>\n<h2><span class=\"ez-toc-section\" id=\"Idar-Oberstein_Sehenswuerdigkeiten_Schloss_Oberstein\"><\/span>Idar-Oberstein Sehensw\u00fcrdigkeiten | Schloss Oberstein<span class=\"ez-toc-section-end\"><\/span><\/h2>\n<p><img decoding=\"async\" class=\"alignnone wp-image-24678 size-large\" src=\"https:\/\/www.people-abroad.de\/blog\/wp-content\/uploads\/2021\/11\/idar-oberstein-sehenswuerdigkeiten-6-1024x681.jpg\" alt=\"Idar-Oberstein Sehensw\u00fcrdigkeiten Highlights Tipps\" width=\"1024\" height=\"681\" srcset=\"https:\/\/www.people-abroad.de\/blog\/wp-content\/uploads\/2021\/11\/idar-oberstein-sehenswuerdigkeiten-6-1024x681.jpg 1024w, https:\/\/www.people-abroad.de\/blog\/wp-content\/uploads\/2021\/11\/idar-oberstein-sehenswuerdigkeiten-6-300x200.jpg 300w, https:\/\/www.people-abroad.de\/blog\/wp-content\/uploads\/2021\/11\/idar-oberstein-sehenswuerdigkeiten-6-768x511.jpg 768w, https:\/\/www.people-abroad.de\/blog\/wp-content\/uploads\/2021\/11\/idar-oberstein-sehenswuerdigkeiten-6-400x266.jpg 400w, https:\/\/www.people-abroad.de\/blog\/wp-content\/uploads\/2021\/11\/idar-oberstein-sehenswuerdigkeiten-6.jpg 1200w\" sizes=\"(max-width: 1024px) 100vw, 1024px\" \/><\/p>\n<p>Das <a href=\"https:\/\/www.schloss-oberstein.de\/index.php\/de\/\">Schloss Oberstein<\/a>, auch &#8222;Neues Schloss&#8220; genannt, thront hoch \u00fcber der Stadt. Die mittelalterliche H\u00f6henburg wurde 1320 erbaut und war lange Zeit die Residenz der Grafen von Daun-Oberstein-Falkenstein. Sp\u00e4ter wurde es mit der Graftschaft Falkenstein an Herzog Karl IV. von Lothringen verkauft. 1855 zerst\u00f6rte ein Brand das Schloss uns seit 1981 stetig restauriert.<\/p>\n<h2><span class=\"ez-toc-section\" id=\"Burg_Bosselstein_Kirchenfelsen\"><\/span>Burg Bosselstein &amp; Kirchenfelsen<span class=\"ez-toc-section-end\"><\/span><\/h2>\n<p><img decoding=\"async\" class=\"alignnone wp-image-24685 size-large\" src=\"https:\/\/www.people-abroad.de\/blog\/wp-content\/uploads\/2021\/11\/idar-oberstein-sehenswuerdigkeiten-3-1024x681.jpg\" alt=\"Idar-Oberstein Sehensw\u00fcrdigkeiten Highlights Tipps\" width=\"1024\" height=\"681\" srcset=\"https:\/\/www.people-abroad.de\/blog\/wp-content\/uploads\/2021\/11\/idar-oberstein-sehenswuerdigkeiten-3-1024x681.jpg 1024w, https:\/\/www.people-abroad.de\/blog\/wp-content\/uploads\/2021\/11\/idar-oberstein-sehenswuerdigkeiten-3-300x200.jpg 300w, https:\/\/www.people-abroad.de\/blog\/wp-content\/uploads\/2021\/11\/idar-oberstein-sehenswuerdigkeiten-3-768x511.jpg 768w, https:\/\/www.people-abroad.de\/blog\/wp-content\/uploads\/2021\/11\/idar-oberstein-sehenswuerdigkeiten-3-400x266.jpg 400w, https:\/\/www.people-abroad.de\/blog\/wp-content\/uploads\/2021\/11\/idar-oberstein-sehenswuerdigkeiten-3.jpg 1200w\" sizes=\"(max-width: 1024px) 100vw, 1024px\" \/><\/p>\n<p>Vom Schloss Oberstein kann man hin\u00fcber schauen auf die Burg Bosselstein, einem weiteren Wahrzeichen der Stadt. Die Burg auf dem &#8222;Kirchenfelsen&#8220; \u00fcber der Felsenkirche wird auch als Burg Stein oder &#8222;Altes Schloss&#8220; bezeichnet. Erbaut von den Herren von Stein im 12. Jahrhundert, sind heute noch das Rund des Bergfrieds, Reste des Palas und der Ringmauer erhalten.<\/p>\n<p><img decoding=\"async\" class=\"alignnone wp-image-24673 size-large\" src=\"https:\/\/www.people-abroad.de\/blog\/wp-content\/uploads\/2021\/11\/idar-oberstein-sehenswuerdigkeiten-4-1024x682.jpg\" alt=\"Idar-Oberstein Sehensw\u00fcrdigkeiten Highlights Tipps\" width=\"1024\" height=\"682\" srcset=\"https:\/\/www.people-abroad.de\/blog\/wp-content\/uploads\/2021\/11\/idar-oberstein-sehenswuerdigkeiten-4-1024x682.jpg 1024w, https:\/\/www.people-abroad.de\/blog\/wp-content\/uploads\/2021\/11\/idar-oberstein-sehenswuerdigkeiten-4-300x200.jpg 300w, https:\/\/www.people-abroad.de\/blog\/wp-content\/uploads\/2021\/11\/idar-oberstein-sehenswuerdigkeiten-4-768x511.jpg 768w, https:\/\/www.people-abroad.de\/blog\/wp-content\/uploads\/2021\/11\/idar-oberstein-sehenswuerdigkeiten-4-400x266.jpg 400w, https:\/\/www.people-abroad.de\/blog\/wp-content\/uploads\/2021\/11\/idar-oberstein-sehenswuerdigkeiten-4.jpg 1200w\" sizes=\"(max-width: 1024px) 100vw, 1024px\" \/><\/p>\n<p>Von Schloss Oberstein hat man einen tollen Blick auf die Stadt und das sch\u00f6ne Nahetal. Auch das Titelfoto wurde vom Schloss aufgenommen. Die Gastst\u00e4tte Wilrichstube im Schloss ist derzeit nicht verpachtet, aber man kann Getr\u00e4nke in der Eingangshalle kaufen und sich auf die Terrasse setzen. Das Schloss ist ein beliebtes Ausflugsziel in der Nahe-Region.<\/p>\n<p><img decoding=\"async\" class=\"alignnone wp-image-24689 size-large\" src=\"https:\/\/www.people-abroad.de\/blog\/wp-content\/uploads\/2021\/11\/idar-oberstein-sehenswuerdigkeiten-13-1024x682.jpg\" alt=\"Idar-Oberstein Sehensw\u00fcrdigkeiten Highlights Tipps\" width=\"1024\" height=\"682\" srcset=\"https:\/\/www.people-abroad.de\/blog\/wp-content\/uploads\/2021\/11\/idar-oberstein-sehenswuerdigkeiten-13-1024x682.jpg 1024w, https:\/\/www.people-abroad.de\/blog\/wp-content\/uploads\/2021\/11\/idar-oberstein-sehenswuerdigkeiten-13-300x200.jpg 300w, https:\/\/www.people-abroad.de\/blog\/wp-content\/uploads\/2021\/11\/idar-oberstein-sehenswuerdigkeiten-13-768x511.jpg 768w, https:\/\/www.people-abroad.de\/blog\/wp-content\/uploads\/2021\/11\/idar-oberstein-sehenswuerdigkeiten-13-400x266.jpg 400w, https:\/\/www.people-abroad.de\/blog\/wp-content\/uploads\/2021\/11\/idar-oberstein-sehenswuerdigkeiten-13.jpg 1200w\" sizes=\"(max-width: 1024px) 100vw, 1024px\" \/><\/p>\n<p>Sehenswert ist der Innenhof, der \u00e4lteste Schloss-Teil, mit den verschiedenen Geb\u00e4udetrakten, die im Laufe der Jahrhunderte entstanden sind. Au\u00dferdem geh\u00f6ren zum Schloss der Erkerraum mit Kachelofen, der Kultursaal mit einer feudalen Einrichtung aus Tischen und St\u00fchlen, der Buffetraum und der L\u00f6wenkeller im Untergeschoss unter dem Wilhelm-Wilrich-Trakt.<\/p>\n<h2><span class=\"ez-toc-section\" id=\"Idar-Oberstein_Schloss_Oberstein_Wappensaal\"><\/span>Idar-Oberstein | Schloss Oberstein &amp; Wappensaal<span class=\"ez-toc-section-end\"><\/span><\/h2>\n<p><img decoding=\"async\" class=\"alignnone wp-image-24672 size-large\" src=\"https:\/\/www.people-abroad.de\/blog\/wp-content\/uploads\/2021\/11\/idar-oberstein-sehenswuerdigkeiten-9-1024x681.jpg\" alt=\"Schloss Oberstein Wappensaal Burg\" width=\"1024\" height=\"681\" srcset=\"https:\/\/www.people-abroad.de\/blog\/wp-content\/uploads\/2021\/11\/idar-oberstein-sehenswuerdigkeiten-9-1024x681.jpg 1024w, https:\/\/www.people-abroad.de\/blog\/wp-content\/uploads\/2021\/11\/idar-oberstein-sehenswuerdigkeiten-9-300x200.jpg 300w, https:\/\/www.people-abroad.de\/blog\/wp-content\/uploads\/2021\/11\/idar-oberstein-sehenswuerdigkeiten-9-768x511.jpg 768w, https:\/\/www.people-abroad.de\/blog\/wp-content\/uploads\/2021\/11\/idar-oberstein-sehenswuerdigkeiten-9-400x266.jpg 400w, https:\/\/www.people-abroad.de\/blog\/wp-content\/uploads\/2021\/11\/idar-oberstein-sehenswuerdigkeiten-9.jpg 1200w\" sizes=\"(max-width: 1024px) 100vw, 1024px\" \/><\/p>\n<p>Das Herzst\u00fcck des Schlosses ist der Wappenraum, in dem Feste und Versammlungen veranstaltet wurden. Der gr\u00f6\u00dfte Saal des Schlosses mit Kamin war der repr\u00e4sentative Ort des Geb\u00e4udes. Neben der rustikalen Einrichtung sind die Konsolensteine an der Balkendecke mit Wappen verziert. Wenn man aus den Fenstern schaut, hat man ebenfalls den Blick auf Idar-Oberstein.<\/p>\n<h2><span class=\"ez-toc-section\" id=\"Idar-Oberstein_Sehenswuerdigkeiten_Deutsches_Edelsteinmuseum\"><\/span>Idar-Oberstein Sehensw\u00fcrdigkeiten | Deutsches Edelsteinmuseum<span class=\"ez-toc-section-end\"><\/span><\/h2>\n<p><img decoding=\"async\" class=\"alignnone wp-image-24676 size-large\" src=\"https:\/\/www.people-abroad.de\/blog\/wp-content\/uploads\/2021\/11\/idar-oberstein-sehenswuerdigkeiten-7-1024x682.jpg\" alt=\"Idar-Oberstein Sehensw\u00fcrdigkeiten Edelsteinmuseum\" width=\"1024\" height=\"682\" srcset=\"https:\/\/www.people-abroad.de\/blog\/wp-content\/uploads\/2021\/11\/idar-oberstein-sehenswuerdigkeiten-7-1024x682.jpg 1024w, https:\/\/www.people-abroad.de\/blog\/wp-content\/uploads\/2021\/11\/idar-oberstein-sehenswuerdigkeiten-7-300x200.jpg 300w, https:\/\/www.people-abroad.de\/blog\/wp-content\/uploads\/2021\/11\/idar-oberstein-sehenswuerdigkeiten-7-768x511.jpg 768w, https:\/\/www.people-abroad.de\/blog\/wp-content\/uploads\/2021\/11\/idar-oberstein-sehenswuerdigkeiten-7-400x266.jpg 400w, https:\/\/www.people-abroad.de\/blog\/wp-content\/uploads\/2021\/11\/idar-oberstein-sehenswuerdigkeiten-7.jpg 1200w\" sizes=\"(max-width: 1024px) 100vw, 1024px\" \/><\/p>\n<p>Idar-Oberstein ist als Edelsteinstadt im In- und Ausland bekannt. Das <a href=\"https:\/\/www.edelsteinmuseum.de\/\">Deutsche Edelsteinmuseum<\/a> zeigt auf drei Etagen mehr als 10.000 Exponate. Edelsteine, Diamanten, Mineralien, Gravuren und Skulpturen geh\u00f6ren dazu. Au\u00dferdem gibt es Wissenswertes zu Ursprung, Gemmologie und Edelstein-Vielfalt. Im Gew\u00f6lbekeller gibt es regelm\u00e4\u00dfig Sonderausstellungen.<\/p>\n<h2><span class=\"ez-toc-section\" id=\"Idar-Oberstein_Edelsteinminen_Steinkaulenberg\"><\/span>Idar-Oberstein | Edelsteinminen Steinkaulenberg<span class=\"ez-toc-section-end\"><\/span><\/h2>\n<p><img decoding=\"async\" class=\"alignnone wp-image-24681 size-large\" src=\"https:\/\/www.people-abroad.de\/blog\/wp-content\/uploads\/2021\/11\/idar-oberstein-sehenswuerdigkeiten-14-1024x681.jpg\" alt=\"Idar-Oberstein Sehensw\u00fcrdigkeiten Highlights Tipps\" width=\"1024\" height=\"681\" srcset=\"https:\/\/www.people-abroad.de\/blog\/wp-content\/uploads\/2021\/11\/idar-oberstein-sehenswuerdigkeiten-14-1024x681.jpg 1024w, https:\/\/www.people-abroad.de\/blog\/wp-content\/uploads\/2021\/11\/idar-oberstein-sehenswuerdigkeiten-14-300x200.jpg 300w, https:\/\/www.people-abroad.de\/blog\/wp-content\/uploads\/2021\/11\/idar-oberstein-sehenswuerdigkeiten-14-768x511.jpg 768w, https:\/\/www.people-abroad.de\/blog\/wp-content\/uploads\/2021\/11\/idar-oberstein-sehenswuerdigkeiten-14-400x266.jpg 400w, https:\/\/www.people-abroad.de\/blog\/wp-content\/uploads\/2021\/11\/idar-oberstein-sehenswuerdigkeiten-14.jpg 1200w\" sizes=\"(max-width: 1024px) 100vw, 1024px\" \/><\/p>\n<p>Der Start f\u00fcr einen Besuch der <a href=\"https:\/\/weiherschleife-steinkaulenbergwerk.de\/\">Edelsteinminen Steinkaulenberg<\/a> ist der Besucherparkplatz Edelsteinminen. Man erreicht ihn vom Zentrum aus \u00fcber die B422 nach Norden (links abbiegen in die Saarstra\u00dfe). Vom Parkplatz aus f\u00fchrt ein 15-min Fu\u00dfweg zum Eingang der Edelsteinminen. Sch\u00f6n gestaltet ist der &#8222;Geologische Lehrpfad&#8220; auf diesem Weg mit kleinen Infotafeln.<\/p>\n<h2><span class=\"ez-toc-section\" id=\"Steinkaulenberg_Besucherstollen_Eingang\"><\/span>Steinkaulenberg Besucherstollen | Eingang<span class=\"ez-toc-section-end\"><\/span><\/h2>\n<p><img decoding=\"async\" class=\"alignnone wp-image-24688 size-large\" src=\"https:\/\/www.people-abroad.de\/blog\/wp-content\/uploads\/2021\/11\/idar-oberstein-sehenswuerdigkeiten-15-1024x681.jpg\" alt=\"Edelsteinmine Besucherstollen \" width=\"1024\" height=\"681\" srcset=\"https:\/\/www.people-abroad.de\/blog\/wp-content\/uploads\/2021\/11\/idar-oberstein-sehenswuerdigkeiten-15-1024x681.jpg 1024w, https:\/\/www.people-abroad.de\/blog\/wp-content\/uploads\/2021\/11\/idar-oberstein-sehenswuerdigkeiten-15-300x200.jpg 300w, https:\/\/www.people-abroad.de\/blog\/wp-content\/uploads\/2021\/11\/idar-oberstein-sehenswuerdigkeiten-15-768x511.jpg 768w, https:\/\/www.people-abroad.de\/blog\/wp-content\/uploads\/2021\/11\/idar-oberstein-sehenswuerdigkeiten-15-400x266.jpg 400w, https:\/\/www.people-abroad.de\/blog\/wp-content\/uploads\/2021\/11\/idar-oberstein-sehenswuerdigkeiten-15.jpg 1200w\" sizes=\"(max-width: 1024px) 100vw, 1024px\" \/><\/p>\n<p>Die Edelsteinvorkommen haben eine lange Tradition in der Region. Der Steinkaulenberg befindet sich am Nordwestrand des Saar-Nahe-Beckens und ist aus Vulkangesteinsschichten aufgebaut. Die Herren von Oberstein gestatteten seinerzeit ihren Untertanen das Graben nach Edelsteinen. Daf\u00fcr mussten die Sch\u00fcrfer jeden dritten Zentner der Ausbeute abgeben.<\/p>\n<p style=\"text-align: left;\"><img decoding=\"async\" class=\"alignnone wp-image-24714 size-large\" src=\"https:\/\/www.people-abroad.de\/blog\/wp-content\/uploads\/2021\/12\/esl-edelsteinmine-hosser-idar-oberstein-sehenswuerdigkeiten-1024x683.jpg\" alt=\"Edelsteinmine Besucherstollen | Foto Hosser\" width=\"1024\" height=\"683\" srcset=\"https:\/\/www.people-abroad.de\/blog\/wp-content\/uploads\/2021\/12\/esl-edelsteinmine-hosser-idar-oberstein-sehenswuerdigkeiten-1024x683.jpg 1024w, https:\/\/www.people-abroad.de\/blog\/wp-content\/uploads\/2021\/12\/esl-edelsteinmine-hosser-idar-oberstein-sehenswuerdigkeiten-300x200.jpg 300w, https:\/\/www.people-abroad.de\/blog\/wp-content\/uploads\/2021\/12\/esl-edelsteinmine-hosser-idar-oberstein-sehenswuerdigkeiten-768x512.jpg 768w, https:\/\/www.people-abroad.de\/blog\/wp-content\/uploads\/2021\/12\/esl-edelsteinmine-hosser-idar-oberstein-sehenswuerdigkeiten-400x267.jpg 400w, https:\/\/www.people-abroad.de\/blog\/wp-content\/uploads\/2021\/12\/esl-edelsteinmine-hosser-idar-oberstein-sehenswuerdigkeiten.jpg 1200w\" sizes=\"(max-width: 1024px) 100vw, 1024px\" \/> \u00a9 Edelsteinmine Steinkaulenberg | Foto Hosser<\/p>\n<p>Die Edelsteinminen Steinkaulenberg sind die einzigen Mineralienminen in Europa, die f\u00fcr Besucher zug\u00e4nglich sind. Glitzernde Bergkristalle, Achate, Amethyste, Rauchquarze und vieles mehr lassen sich hier bestaunen. Eine faszinierende Welt unter Tage, die schon fast etwas m\u00e4rchenhaftes hat. Die Besucher werden in Gruppen durch den Besucherstollen gef\u00fchrt.<\/p>\n<h2><span class=\"ez-toc-section\" id=\"Idar-Oberstein_Ausflugsziele_fuer_Kinder_Edelsteine_Edelsteincamp\"><\/span>Idar-Oberstein: Ausflugsziele f\u00fcr Kinder | Edelsteine &amp; Edelsteincamp<span class=\"ez-toc-section-end\"><\/span><\/h2>\n<p><img decoding=\"async\" class=\"alignnone wp-image-24687 size-large\" src=\"https:\/\/www.people-abroad.de\/blog\/wp-content\/uploads\/2021\/11\/idar-oberstein-sehenswuerdigkeiten-16-1024x681.jpg\" alt=\"Edelsteincamp Edelsteinminen Besucherstollen\" width=\"1024\" height=\"681\" srcset=\"https:\/\/www.people-abroad.de\/blog\/wp-content\/uploads\/2021\/11\/idar-oberstein-sehenswuerdigkeiten-16-1024x681.jpg 1024w, https:\/\/www.people-abroad.de\/blog\/wp-content\/uploads\/2021\/11\/idar-oberstein-sehenswuerdigkeiten-16-300x200.jpg 300w, https:\/\/www.people-abroad.de\/blog\/wp-content\/uploads\/2021\/11\/idar-oberstein-sehenswuerdigkeiten-16-768x511.jpg 768w, https:\/\/www.people-abroad.de\/blog\/wp-content\/uploads\/2021\/11\/idar-oberstein-sehenswuerdigkeiten-16-400x266.jpg 400w, https:\/\/www.people-abroad.de\/blog\/wp-content\/uploads\/2021\/11\/idar-oberstein-sehenswuerdigkeiten-16.jpg 1200w\" sizes=\"(max-width: 1024px) 100vw, 1024px\" \/><\/p>\n<p>Das &#8222;Edelsteincamp&#8220; ist f\u00fcr Kinder und Jugendliche, die selbst nach Edelsteinen sch\u00fcrfen wollen. Mit Hacken, Pickel und Spaten k\u00f6nnen sie auf Sch\u00fcrffeldern auf die Suche danach gehen. Die Objekte, nach denen hier gegraben wird, wurden auf den Feldern ausgebracht. Die Chancen auf einen Erfolg der &#8222;Hobbysch\u00fcrfer&#8220; stehen deshalb gut, dass etwas gefunden wird.<\/p>\n<p><img decoding=\"async\" class=\"alignnone wp-image-24671 size-large\" src=\"https:\/\/www.people-abroad.de\/blog\/wp-content\/uploads\/2021\/11\/idar-oberstein-sehenswuerdigkeiten-17-1024x681.jpg\" alt=\"Edelsteinminen Besucherstollen \" width=\"1024\" height=\"681\" srcset=\"https:\/\/www.people-abroad.de\/blog\/wp-content\/uploads\/2021\/11\/idar-oberstein-sehenswuerdigkeiten-17-1024x681.jpg 1024w, https:\/\/www.people-abroad.de\/blog\/wp-content\/uploads\/2021\/11\/idar-oberstein-sehenswuerdigkeiten-17-300x200.jpg 300w, https:\/\/www.people-abroad.de\/blog\/wp-content\/uploads\/2021\/11\/idar-oberstein-sehenswuerdigkeiten-17-768x511.jpg 768w, https:\/\/www.people-abroad.de\/blog\/wp-content\/uploads\/2021\/11\/idar-oberstein-sehenswuerdigkeiten-17-400x266.jpg 400w, https:\/\/www.people-abroad.de\/blog\/wp-content\/uploads\/2021\/11\/idar-oberstein-sehenswuerdigkeiten-17.jpg 1200w\" sizes=\"(max-width: 1024px) 100vw, 1024px\" \/><\/p>\n<p>Zu Beginn ihrer T\u00e4tigkeit suchten die Edelsteingr\u00e4ber noch \u00fcber Tage. Sp\u00e4ter wurde dann mittels Stollen auch unterirdisch gesucht. Ende der 1970er Jahre legte man die versch\u00fctteten Stollen wieder frei. Einige Eing\u00e4nge zu Stollen sieht man auf dem Weg, der vom Besucherparkplatz zum Besucherstollen f\u00fchrt. Zum Steinkaulenberg geh\u00f6rt auch die n\u00e4chste Sehensw\u00fcrdigkeit.<\/p>\n<h2><span class=\"ez-toc-section\" id=\"Idar-Oberstein_Sehenswuerdigkeiten_Historische_Weiherschleife\"><\/span>Idar-Oberstein Sehensw\u00fcrdigkeiten | Historische Weiherschleife<span class=\"ez-toc-section-end\"><\/span><\/h2>\n<p><img decoding=\"async\" class=\"alignnone wp-image-24675 size-large\" src=\"https:\/\/www.people-abroad.de\/blog\/wp-content\/uploads\/2021\/11\/idar-oberstein-sehenswuerdigkeiten-10-1024x681.jpg\" alt=\"Idar-Oberstein Sehensw\u00fcrdigkeiten Weiherschleife Edelsteinminen\" width=\"1024\" height=\"681\" srcset=\"https:\/\/www.people-abroad.de\/blog\/wp-content\/uploads\/2021\/11\/idar-oberstein-sehenswuerdigkeiten-10-1024x681.jpg 1024w, https:\/\/www.people-abroad.de\/blog\/wp-content\/uploads\/2021\/11\/idar-oberstein-sehenswuerdigkeiten-10-300x200.jpg 300w, https:\/\/www.people-abroad.de\/blog\/wp-content\/uploads\/2021\/11\/idar-oberstein-sehenswuerdigkeiten-10-768x511.jpg 768w, https:\/\/www.people-abroad.de\/blog\/wp-content\/uploads\/2021\/11\/idar-oberstein-sehenswuerdigkeiten-10-400x266.jpg 400w, https:\/\/www.people-abroad.de\/blog\/wp-content\/uploads\/2021\/11\/idar-oberstein-sehenswuerdigkeiten-10.jpg 1200w\" sizes=\"(max-width: 1024px) 100vw, 1024px\" \/><\/p>\n<p>Die <a href=\"https:\/\/weiherschleife-steinkaulenbergwerk.de\/start\/weiherschleife-1.html\">Historische Weiherschleife<\/a> befindet sich \u00f6stlich von den Edelsteinminen Steinkaulenberg. Man erreicht sie \u00fcber die Tiefensteiner Stra\u00dfe (B422). An einem idyllischen Weiher, s\u00fcdlich vom Wohnmobilstellplatz Weiherschleife, steht das historische Geb\u00e4ude mit Edelsteinausstellung, Multimediashow und Mineralienshop. Tipp: Tretbootfahren auf dem Weiher!<\/p>\n<h2><span class=\"ez-toc-section\" id=\"Idar-Oberstein_Sehenswuerdigkeiten_Deutsches_Mineralienmuseum\"><\/span>Idar-Oberstein Sehensw\u00fcrdigkeiten | Deutsches Mineralienmuseum<span class=\"ez-toc-section-end\"><\/span><\/h2>\n<p><img decoding=\"async\" class=\"alignnone wp-image-24680 size-large\" src=\"https:\/\/www.people-abroad.de\/blog\/wp-content\/uploads\/2021\/11\/idar-oberstein-sehenswuerdigkeiten-8-1024x681.jpg\" alt=\"Idar-Oberstein Sehensw\u00fcrdigkeiten Mineralienmuseum\" width=\"1024\" height=\"681\" srcset=\"https:\/\/www.people-abroad.de\/blog\/wp-content\/uploads\/2021\/11\/idar-oberstein-sehenswuerdigkeiten-8-1024x681.jpg 1024w, https:\/\/www.people-abroad.de\/blog\/wp-content\/uploads\/2021\/11\/idar-oberstein-sehenswuerdigkeiten-8-300x200.jpg 300w, https:\/\/www.people-abroad.de\/blog\/wp-content\/uploads\/2021\/11\/idar-oberstein-sehenswuerdigkeiten-8-768x511.jpg 768w, https:\/\/www.people-abroad.de\/blog\/wp-content\/uploads\/2021\/11\/idar-oberstein-sehenswuerdigkeiten-8-400x266.jpg 400w, https:\/\/www.people-abroad.de\/blog\/wp-content\/uploads\/2021\/11\/idar-oberstein-sehenswuerdigkeiten-8.jpg 1200w\" sizes=\"(max-width: 1024px) 100vw, 1024px\" \/><\/p>\n<p>Im <a href=\"https:\/\/deutsches-mineralienmuseum.de\/\">Deutschen Mineralienmuseum<\/a> kann man 400 Mio. Jahre alte Versteinerungen, Nachbildungen historischer Diamante und einen beeindruckenden Kristallsaal anschauen. In 24 R\u00e4umen auf vier Etagen geben die Exponate Einblicke in die faszinierende Welt der Mineralien und Edelsteine. Gleichzeitig erf\u00e4hrt man damit auch Wissenswertes zur Stadtgeschichte.<\/p>\n<h2><span class=\"ez-toc-section\" id=\"Industriedenkmal_Jakob_Bengel_Bengelweg\"><\/span>Industriedenkmal Jakob Bengel | Bengelweg<span class=\"ez-toc-section-end\"><\/span><\/h2>\n<p><img decoding=\"async\" class=\"alignnone wp-image-24682 size-large\" src=\"https:\/\/www.people-abroad.de\/blog\/wp-content\/uploads\/2021\/11\/idar-oberstein-sehenswuerdigkeiten-12-1024x682.jpg\" alt=\"Idar-Oberstein Sehensw\u00fcrdigkeiten Bengelweg Bengel Industriedenkmal\" width=\"1024\" height=\"682\" srcset=\"https:\/\/www.people-abroad.de\/blog\/wp-content\/uploads\/2021\/11\/idar-oberstein-sehenswuerdigkeiten-12-1024x682.jpg 1024w, https:\/\/www.people-abroad.de\/blog\/wp-content\/uploads\/2021\/11\/idar-oberstein-sehenswuerdigkeiten-12-300x200.jpg 300w, https:\/\/www.people-abroad.de\/blog\/wp-content\/uploads\/2021\/11\/idar-oberstein-sehenswuerdigkeiten-12-768x511.jpg 768w, https:\/\/www.people-abroad.de\/blog\/wp-content\/uploads\/2021\/11\/idar-oberstein-sehenswuerdigkeiten-12-400x266.jpg 400w, https:\/\/www.people-abroad.de\/blog\/wp-content\/uploads\/2021\/11\/idar-oberstein-sehenswuerdigkeiten-12.jpg 1200w\" sizes=\"(max-width: 1024px) 100vw, 1024px\" \/><\/p>\n<p>Der <a href=\"https:\/\/www.outdooractive.com\/de\/route\/stadtrundgang\/idar-oberstein\/bengelweg\/23686008\/\">Bengelweg<\/a> ist ein kurzer, barrierefreier Themenweg entlang der Wilhelmstra\u00dfe zur Metall- und Schmuchwaren-Industrie Anfang des 20. Jahrhunderts. Besichtigen kann man dabei das Industriedenkmal Jakob Bengel sowie eine historische Bijouterie- und Uhrkettenfabrik. Eine kleine, aber feine Zeitreise in die Geschichte des Industrie-Quartiers der Stadt.<\/p>\n<h2><span class=\"ez-toc-section\" id=\"Idar-Oberstein_Sehenswuerdigkeiten_Edelsteinweg_Felsenweg\"><\/span>Idar-Oberstein Sehensw\u00fcrdigkeiten | Edelsteinweg &amp; Felsenweg<span class=\"ez-toc-section-end\"><\/span><\/h2>\n<p><img decoding=\"async\" class=\"alignnone wp-image-24679 size-large\" src=\"https:\/\/www.people-abroad.de\/blog\/wp-content\/uploads\/2021\/11\/idar-oberstein-sehenswuerdigkeiten-19-1024x691.jpg\" alt=\"Edelsteinweg Nahe-Felsen-Weg Edelsteinschleiferweg Wandern\" width=\"1024\" height=\"691\" srcset=\"https:\/\/www.people-abroad.de\/blog\/wp-content\/uploads\/2021\/11\/idar-oberstein-sehenswuerdigkeiten-19-1024x691.jpg 1024w, https:\/\/www.people-abroad.de\/blog\/wp-content\/uploads\/2021\/11\/idar-oberstein-sehenswuerdigkeiten-19-300x203.jpg 300w, https:\/\/www.people-abroad.de\/blog\/wp-content\/uploads\/2021\/11\/idar-oberstein-sehenswuerdigkeiten-19-768x518.jpg 768w, https:\/\/www.people-abroad.de\/blog\/wp-content\/uploads\/2021\/11\/idar-oberstein-sehenswuerdigkeiten-19-400x270.jpg 400w, https:\/\/www.people-abroad.de\/blog\/wp-content\/uploads\/2021\/11\/idar-oberstein-sehenswuerdigkeiten-19.jpg 1200w\" sizes=\"(max-width: 1024px) 100vw, 1024px\" \/><\/p>\n<p>Neben dem Bengelweg gibt es noch weitere Wege: Den <a href=\"https:\/\/www.outdooractive.com\/de\/route\/stadtrundgang\/idar-oberstein\/edelsteinweg\/23295917\/\">Edelsteinweg<\/a> ist ein Stadtrundgang mit 1,8 km L\u00e4nge und 16 Infotafeln zur Geschichte Obersteins auf ihrem Weg zur bekannten Edelsteinstadt. Mit dem <a href=\"https:\/\/www.outdooractive.com\/de\/route\/wanderung\/nahe\/traumschleife-nahe-felsen-weg\/1493671\/\">Nahe-Felsen-Weg<\/a> (9 km) und dem <a href=\"https:\/\/www.outdooractive.com\/de\/route\/wanderung\/nahe\/traumschleife-edelsteinschleiferweg\/14452581\/\">Edelsteinschleiferweg<\/a> (15,9 km) f\u00fchren zwei beliebte Rundwanderwege (&#8222;Traumschleifen&#8220;) durch Idar-Oberstein.<\/p>\n<h2><span class=\"ez-toc-section\" id=\"Nationalpark_Hunsrueck-Hochwald\"><\/span>Nationalpark Hunsr\u00fcck-Hochwald<span class=\"ez-toc-section-end\"><\/span><\/h2>\n<p><img decoding=\"async\" class=\"alignnone wp-image-24677 size-large\" src=\"https:\/\/www.people-abroad.de\/blog\/wp-content\/uploads\/2021\/11\/idar-oberstein-sehenswuerdigkeiten-18-1024x681.jpg\" alt=\"Nationalpark Hunsr\u00fcck-Hochwald Nahe \" width=\"1024\" height=\"681\" srcset=\"https:\/\/www.people-abroad.de\/blog\/wp-content\/uploads\/2021\/11\/idar-oberstein-sehenswuerdigkeiten-18-1024x681.jpg 1024w, https:\/\/www.people-abroad.de\/blog\/wp-content\/uploads\/2021\/11\/idar-oberstein-sehenswuerdigkeiten-18-300x200.jpg 300w, https:\/\/www.people-abroad.de\/blog\/wp-content\/uploads\/2021\/11\/idar-oberstein-sehenswuerdigkeiten-18-768x511.jpg 768w, https:\/\/www.people-abroad.de\/blog\/wp-content\/uploads\/2021\/11\/idar-oberstein-sehenswuerdigkeiten-18-400x266.jpg 400w, https:\/\/www.people-abroad.de\/blog\/wp-content\/uploads\/2021\/11\/idar-oberstein-sehenswuerdigkeiten-18.jpg 1200w\" sizes=\"(max-width: 1024px) 100vw, 1024px\" \/><\/p>\n<p>Idar-Oberstein liegt am Rande des Nationalparks Hunsr\u00fcck-Hochwald. Der Nationalpark befindet sich in Rheinland-Pfalz und dem Saarland und ist eine tolle Naturregion. Relikte von Kelten und R\u00f6mern s\u00e4umen den Nationalpark, der vor allem f\u00fcr die Wilkdkatze bekannt ist. Meinen Artikel \u00fcber eine Ranger-Tour findest du hier: <a href=\"https:\/\/www.people-abroad.de\/blog\/outdoor-wochenende-an-der-nahe\/\">Naheland: Outdoor-Wochenende im Nahetal<\/a><\/p>\n<p>Weitere Informationen \u00fcber die Region findest du auf <a href=\"https:\/\/www.edelsteinland.de\/\">EdelSteinLand.de<\/a> und <a href=\"https:\/\/www.naheland.net\/de\/index.html\">Naheland.net<\/a>.<\/p>\n<h2><span class=\"ez-toc-section\" id=\"Romantic_Cities_in_Rheinland-Pfalz\"><\/span>Romantic Cities in Rheinland-Pfalz<span class=\"ez-toc-section-end\"><\/span><\/h2>\n<p>Idar-Oberstein geh\u00f6rt zum Verbund der Romantic Cities in Rheinland-Pfalz. Diese historischen St\u00e4dte zwischen Rhein und Mosel verbindet ihre reizvolle Lage in einer landschaftlich sehr abwechslungsreichen Region. Gleichzeitig hat jede Stadt ihren ganz eigenen Charakter, den es zu entdecken gilt. Zu den Romantic Cities geh\u00f6ren Mainz, Trier, Koblenz, Worms, Speyer und Idar-Oberstein. Zur Kooperation z\u00e4hlt auch die Generaldirektion Kulturelles Erbe Rheinland-Pfalz (GDKE), da sie die Verantwortung f\u00fcr das Kulturelle Erbe in Rheinland-Pfalz tr\u00e4gt. Mehr Infos zum Verbund gibt es auf der offiziellen Website der <a href=\"https:\/\/www.romantic-cities.com\/\">Romantic Cities<\/a>.<\/p>\n<p>Falls du einen Ausflug von der Nahe ins benachbarte Luxemburg machen willst, dazu findest du weitere Infos hier:<br \/>\n<a href=\"https:\/\/www.people-abroad.de\/blog\/luxemburg-sehenswuerdigkeiten\/\">Luxemburg: Sehensw\u00fcrdigkeiten &amp; Highlights<\/a><br \/>\n<a href=\"https:\/\/www.people-abroad.de\/blog\/mullerthal-luxemburgische-schweiz\/\">M\u00fcllerthal: Wandern in der luxemburgischen Schweiz<\/a><br \/>\n<a href=\"https:\/\/www.people-abroad.de\/blog\/echternach-luxemburg\/\">Echternach \u2013 Tipps f\u00fcr die \u00e4lteste Stadt Luxemburgs<\/a><\/p>\n<p>Hier findest du weitere Lesetipps f\u00fcr die Region und die Umgebung:<br \/>\n<a href=\"https:\/\/www.people-abroad.de\/blog\/bad-kreuznach-sehenswuerdigkeiten\/\">Bad Kreuznach: Sehensw\u00fcrdigkeiten &amp; Tipps<\/a><br \/>\n<a href=\"https:\/\/www.people-abroad.de\/blog\/radtour-nahe-radweg\/\">Nahe-Radweg \u2013 Outdoor-Tipp an der Nahe<\/a><br \/>\n<a href=\"https:\/\/www.people-abroad.de\/blog\/rotenfels-rheingrafenstein-wandern-nahetal\/\">Rotenfels &amp; Rheingrafenstein \u2013 Wandern im Nahetal<\/a><br \/>\n<a href=\"https:\/\/www.people-abroad.de\/blog\/barfusspfad-bad-sobernheim\/\">Barfu\u00dfpfad Bad Sobernheim \u2013 Infos &amp; Tipps<\/a><br \/>\n<a href=\"https:\/\/www.people-abroad.de\/blog\/mountainbiken-in-rheinland-pfalz\/\">Flowtrail Stromberg \u2013 Mountainbiken auf Trails<\/a><br \/>\n<a href=\"https:\/\/www.people-abroad.de\/blog\/wetzlar-sehenswuerdigkeiten\/\">Wetzlar Sehensw\u00fcrdigkeiten \u2013 Highlights &amp; Tipps<\/a><br \/>\n<a href=\"https:\/\/www.people-abroad.de\/blog\/mainz-sehenswuerdigkeiten\/\">Mainz \u2013 Sehensw\u00fcrdigkeiten &amp; Highlights<\/a><br \/>\n<a href=\"https:\/\/www.people-abroad.de\/blog\/lahntal-lahnradweg-kanutour-wandern\/\">Lahntal: Lahnradweg, Kanutour, Burgen &amp; Wandern<\/a><br \/>\n<a href=\"https:\/\/www.people-abroad.de\/blog\/alzey-sehenswuerdigkeiten\/\">Alzey: Sehensw\u00fcrdigkeiten, Highlights &amp; Tipps<\/a><br \/>\n<a href=\"https:\/\/www.people-abroad.de\/blog\/schoene-orte-an-der-mosel\/\">Sch\u00f6ne Orte an der Mosel \u2013 15 Tipps &amp; Highlights<\/a><br \/>\n<a href=\"https:\/\/www.people-abroad.de\/blog\/moselschleife-bremm-calmont-aussichtspunkt\/\">Moselschleife: Bremm, Calmont &amp; Aussichtspunkt<\/a><\/p>\n<p><img decoding=\"async\" class=\"alignnone wp-image-25163 size-medium\" src=\"https:\/\/www.people-abroad.de\/blog\/wp-content\/uploads\/2022\/01\/idar-oberstein-tipps-200x300.jpg\" alt=\"Idar-Oberstein hat sch\u00f6ne historische H\u00e4user, gem\u00fctliche Gassen in der Altstadt und viel Natur. Tipps f\u00fcr einen Stadtrundgang zu den Idar-Oberstein Sehensw\u00fcrdigkeiten.\" width=\"200\" height=\"300\" srcset=\"https:\/\/www.people-abroad.de\/blog\/wp-content\/uploads\/2022\/01\/idar-oberstein-tipps-200x300.jpg 200w, https:\/\/www.people-abroad.de\/blog\/wp-content\/uploads\/2022\/01\/idar-oberstein-tipps-683x1024.jpg 683w, https:\/\/www.people-abroad.de\/blog\/wp-content\/uploads\/2022\/01\/idar-oberstein-tipps-267x400.jpg 267w, https:\/\/www.people-abroad.de\/blog\/wp-content\/uploads\/2022\/01\/idar-oberstein-tipps.jpg 735w\" sizes=\"(max-width: 200px) 100vw, 200px\" \/><\/p>\n","protected":false},"excerpt":{"rendered":"<p>Idar-Oberstein hat sch\u00f6ne historische H\u00e4user, gem\u00fctliche Gassen in der Altstadt und bietet viel Natur. Tipps f\u00fcr einen Stadtrundgang zu den Idar-Oberstein Sehensw\u00fcrdigkeiten.<\/p>\n","protected":false},"author":1,"featured_media":0,"comment_status":"open","ping_status":"open","sticky":false,"template":"","format":"standard","meta":{"_monsterinsights_skip_tracking":false,"_monsterinsights_sitenote_active":false,"_monsterinsights_sitenote_note":"","_monsterinsights_sitenote_category":0,"footnotes":""},"categories":[701,1961],"tags":[1997],"class_list":["post-24606","post","type-post","status-publish","format-standard","hentry","category-deutschland","category-staedtereise","tag-rheinland-pfalz"],"yoast_head":"<!-- This site is optimized with the Yoast SEO plugin v27.4 - https:\/\/yoast.com\/product\/yoast-seo-wordpress\/ -->\n<title>Idar-Oberstein Sehensw\u00fcrdigkeiten - Highlights &amp; Tipps - People Abroad<\/title>\n<meta name=\"description\" content=\"Idar-Oberstein hat sch\u00f6ne historische H\u00e4user, gem\u00fctliche Gassen in der Altstadt. Tipps zu den Idar-Oberstein Sehensw\u00fcrdigkeiten.\" \/>\n<meta name=\"robots\" content=\"index, follow, max-snippet:-1, max-image-preview:large, max-video-preview:-1\" \/>\n<link rel=\"canonical\" href=\"https:\/\/www.people-abroad.de\/blog\/idar-oberstein-sehenswuerdigkeiten\/\" \/>\n<meta property=\"og:locale\" content=\"de_DE\" \/>\n<meta property=\"og:type\" content=\"article\" \/>\n<meta property=\"og:title\" content=\"Idar-Oberstein Sehensw\u00fcrdigkeiten - Highlights &amp; Tipps - People Abroad\" \/>\n<meta property=\"og:description\" content=\"Idar-Oberstein hat sch\u00f6ne historische H\u00e4user, gem\u00fctliche Gassen in der Altstadt. Tipps zu den Idar-Oberstein Sehensw\u00fcrdigkeiten.\" \/>\n<meta property=\"og:url\" content=\"https:\/\/www.people-abroad.de\/blog\/idar-oberstein-sehenswuerdigkeiten\/\" \/>\n<meta property=\"og:site_name\" content=\"People Abroad\" \/>\n<meta property=\"article:publisher\" content=\"https:\/\/www.facebook.com\/menschen.international\/\" \/>\n<meta property=\"article:author\" content=\"https:\/\/www.facebook.com\/menschen.international\/\" \/>\n<meta property=\"article:published_time\" content=\"2021-12-04T07:05:44+00:00\" \/>\n<meta property=\"article:modified_time\" content=\"2023-01-11T17:58:34+00:00\" \/>\n<meta property=\"og:image\" content=\"https:\/\/www.people-abroad.de\/blog\/wp-content\/uploads\/2021\/11\/idar-oberstein-sehenswuerdigkeiten-1-1024x682.jpg\" \/>\n<meta name=\"author\" content=\"Heiko M\u00fcller\" \/>\n<meta name=\"twitter:card\" content=\"summary_large_image\" \/>\n<meta name=\"twitter:creator\" content=\"@People_Abroad\" \/>\n<meta name=\"twitter:site\" content=\"@People_Abroad\" \/>\n<meta name=\"twitter:label1\" content=\"Verfasst von\" \/>\n\t<meta name=\"twitter:data1\" content=\"Heiko M\u00fcller\" \/>\n\t<meta name=\"twitter:label2\" content=\"Gesch\u00e4tzte Lesezeit\" \/>\n\t<meta name=\"twitter:data2\" content=\"12\u00a0Minuten\" \/>\n<script type=\"application\/ld+json\" class=\"yoast-schema-graph\">{\"@context\":\"https:\\\/\\\/schema.org\",\"@graph\":[{\"@type\":\"Article\",\"@id\":\"https:\\\/\\\/www.people-abroad.de\\\/blog\\\/idar-oberstein-sehenswuerdigkeiten\\\/#article\",\"isPartOf\":{\"@id\":\"https:\\\/\\\/www.people-abroad.de\\\/blog\\\/idar-oberstein-sehenswuerdigkeiten\\\/\"},\"author\":{\"name\":\"Heiko M\u00fcller\",\"@id\":\"https:\\\/\\\/www.people-abroad.de\\\/blog\\\/#\\\/schema\\\/person\\\/2a518a154d93ee6cf0b146bc327329b3\"},\"headline\":\"Idar-Oberstein Sehensw\u00fcrdigkeiten &#8211; Highlights &#038; Tipps\",\"datePublished\":\"2021-12-04T07:05:44+00:00\",\"dateModified\":\"2023-01-11T17:58:34+00:00\",\"mainEntityOfPage\":{\"@id\":\"https:\\\/\\\/www.people-abroad.de\\\/blog\\\/idar-oberstein-sehenswuerdigkeiten\\\/\"},\"wordCount\":1494,\"commentCount\":0,\"publisher\":{\"@id\":\"https:\\\/\\\/www.people-abroad.de\\\/blog\\\/#\\\/schema\\\/person\\\/2a518a154d93ee6cf0b146bc327329b3\"},\"image\":{\"@id\":\"https:\\\/\\\/www.people-abroad.de\\\/blog\\\/idar-oberstein-sehenswuerdigkeiten\\\/#primaryimage\"},\"thumbnailUrl\":\"https:\\\/\\\/www.people-abroad.de\\\/blog\\\/wp-content\\\/uploads\\\/2021\\\/11\\\/idar-oberstein-sehenswuerdigkeiten-1-1024x682.jpg\",\"keywords\":[\"Rheinland-Pfalz\"],\"articleSection\":[\"Deutschland\",\"St\u00e4dtereise\"],\"inLanguage\":\"de\",\"potentialAction\":[{\"@type\":\"CommentAction\",\"name\":\"Comment\",\"target\":[\"https:\\\/\\\/www.people-abroad.de\\\/blog\\\/idar-oberstein-sehenswuerdigkeiten\\\/#respond\"]}]},{\"@type\":\"WebPage\",\"@id\":\"https:\\\/\\\/www.people-abroad.de\\\/blog\\\/idar-oberstein-sehenswuerdigkeiten\\\/\",\"url\":\"https:\\\/\\\/www.people-abroad.de\\\/blog\\\/idar-oberstein-sehenswuerdigkeiten\\\/\",\"name\":\"Idar-Oberstein Sehensw\u00fcrdigkeiten - Highlights & Tipps - People Abroad\",\"isPartOf\":{\"@id\":\"https:\\\/\\\/www.people-abroad.de\\\/blog\\\/#website\"},\"primaryImageOfPage\":{\"@id\":\"https:\\\/\\\/www.people-abroad.de\\\/blog\\\/idar-oberstein-sehenswuerdigkeiten\\\/#primaryimage\"},\"image\":{\"@id\":\"https:\\\/\\\/www.people-abroad.de\\\/blog\\\/idar-oberstein-sehenswuerdigkeiten\\\/#primaryimage\"},\"thumbnailUrl\":\"https:\\\/\\\/www.people-abroad.de\\\/blog\\\/wp-content\\\/uploads\\\/2021\\\/11\\\/idar-oberstein-sehenswuerdigkeiten-1-1024x682.jpg\",\"datePublished\":\"2021-12-04T07:05:44+00:00\",\"dateModified\":\"2023-01-11T17:58:34+00:00\",\"description\":\"Idar-Oberstein hat sch\u00f6ne historische H\u00e4user, gem\u00fctliche Gassen in der Altstadt. Tipps zu den Idar-Oberstein Sehensw\u00fcrdigkeiten.\",\"breadcrumb\":{\"@id\":\"https:\\\/\\\/www.people-abroad.de\\\/blog\\\/idar-oberstein-sehenswuerdigkeiten\\\/#breadcrumb\"},\"inLanguage\":\"de\",\"potentialAction\":[{\"@type\":\"ReadAction\",\"target\":[\"https:\\\/\\\/www.people-abroad.de\\\/blog\\\/idar-oberstein-sehenswuerdigkeiten\\\/\"]}]},{\"@type\":\"ImageObject\",\"inLanguage\":\"de\",\"@id\":\"https:\\\/\\\/www.people-abroad.de\\\/blog\\\/idar-oberstein-sehenswuerdigkeiten\\\/#primaryimage\",\"url\":\"https:\\\/\\\/www.people-abroad.de\\\/blog\\\/wp-content\\\/uploads\\\/2021\\\/11\\\/idar-oberstein-sehenswuerdigkeiten-1.jpg\",\"contentUrl\":\"https:\\\/\\\/www.people-abroad.de\\\/blog\\\/wp-content\\\/uploads\\\/2021\\\/11\\\/idar-oberstein-sehenswuerdigkeiten-1.jpg\",\"width\":1200,\"height\":799},{\"@type\":\"BreadcrumbList\",\"@id\":\"https:\\\/\\\/www.people-abroad.de\\\/blog\\\/idar-oberstein-sehenswuerdigkeiten\\\/#breadcrumb\",\"itemListElement\":[{\"@type\":\"ListItem\",\"position\":1,\"name\":\"Startseite\",\"item\":\"https:\\\/\\\/www.people-abroad.de\\\/blog\\\/\"},{\"@type\":\"ListItem\",\"position\":2,\"name\":\"Idar-Oberstein Sehensw\u00fcrdigkeiten &#8211; Highlights &#038; Tipps\"}]},{\"@type\":\"WebSite\",\"@id\":\"https:\\\/\\\/www.people-abroad.de\\\/blog\\\/#website\",\"url\":\"https:\\\/\\\/www.people-abroad.de\\\/blog\\\/\",\"name\":\"People Abroad\",\"description\":\"Reiseblog\",\"publisher\":{\"@id\":\"https:\\\/\\\/www.people-abroad.de\\\/blog\\\/#\\\/schema\\\/person\\\/2a518a154d93ee6cf0b146bc327329b3\"},\"potentialAction\":[{\"@type\":\"SearchAction\",\"target\":{\"@type\":\"EntryPoint\",\"urlTemplate\":\"https:\\\/\\\/www.people-abroad.de\\\/blog\\\/?s={search_term_string}\"},\"query-input\":{\"@type\":\"PropertyValueSpecification\",\"valueRequired\":true,\"valueName\":\"search_term_string\"}}],\"inLanguage\":\"de\"},{\"@type\":[\"Person\",\"Organization\"],\"@id\":\"https:\\\/\\\/www.people-abroad.de\\\/blog\\\/#\\\/schema\\\/person\\\/2a518a154d93ee6cf0b146bc327329b3\",\"name\":\"Heiko M\u00fcller\",\"logo\":{\"@id\":\"https:\\\/\\\/www.people-abroad.de\\\/blog\\\/#\\\/schema\\\/person\\\/image\\\/\"},\"description\":\"Ich bin Reiseblogger, Content Creator und Redakteur. Auf Reisen erkunde ich gerne neue Regionen, St\u00e4dte und Orte beim Fotografieren, Wandern und Radfahren. F\u00fcr weitere Reisetipps folge mir auf Instagram, Facebook &amp; Co. Mehr Infos zum Blog findest du hier: https:\\\/\\\/www.people-abroad.de\\\/blog\\\/pr-media\\\/. Kontakt: h.mueller@people-abroad.de\",\"sameAs\":[\"https:\\\/\\\/www.people-abroad.de\\\/blog\\\/\",\"https:\\\/\\\/www.facebook.com\\\/menschen.international\\\/\",\"https:\\\/\\\/www.instagram.com\\\/people.abroad\\\/\",\"https:\\\/\\\/www.linkedin.com\\\/in\\\/muellerheiko\\\/\",\"https:\\\/\\\/www.pinterest.de\\\/peopleabroad\\\/\",\"https:\\\/\\\/x.com\\\/People_Abroad\",\"https:\\\/\\\/www.youtube.com\\\/user\\\/MenschenInt\"],\"url\":\"https:\\\/\\\/www.people-abroad.de\\\/blog\\\/author\\\/admin\\\/\"}]}<\/script>\n<!-- \/ Yoast SEO plugin. -->","yoast_head_json":{"title":"Idar-Oberstein Sehensw\u00fcrdigkeiten - Highlights & Tipps - People Abroad","description":"Idar-Oberstein hat sch\u00f6ne historische H\u00e4user, gem\u00fctliche Gassen in der Altstadt. Tipps zu den Idar-Oberstein Sehensw\u00fcrdigkeiten.","robots":{"index":"index","follow":"follow","max-snippet":"max-snippet:-1","max-image-preview":"max-image-preview:large","max-video-preview":"max-video-preview:-1"},"canonical":"https:\/\/www.people-abroad.de\/blog\/idar-oberstein-sehenswuerdigkeiten\/","og_locale":"de_DE","og_type":"article","og_title":"Idar-Oberstein Sehensw\u00fcrdigkeiten - Highlights & Tipps - People Abroad","og_description":"Idar-Oberstein hat sch\u00f6ne historische H\u00e4user, gem\u00fctliche Gassen in der Altstadt. Tipps zu den Idar-Oberstein Sehensw\u00fcrdigkeiten.","og_url":"https:\/\/www.people-abroad.de\/blog\/idar-oberstein-sehenswuerdigkeiten\/","og_site_name":"People Abroad","article_publisher":"https:\/\/www.facebook.com\/menschen.international\/","article_author":"https:\/\/www.facebook.com\/menschen.international\/","article_published_time":"2021-12-04T07:05:44+00:00","article_modified_time":"2023-01-11T17:58:34+00:00","og_image":[{"url":"https:\/\/www.people-abroad.de\/blog\/wp-content\/uploads\/2021\/11\/idar-oberstein-sehenswuerdigkeiten-1-1024x682.jpg","type":"","width":"","height":""}],"author":"Heiko M\u00fcller","twitter_card":"summary_large_image","twitter_creator":"@People_Abroad","twitter_site":"@People_Abroad","twitter_misc":{"Verfasst von":"Heiko M\u00fcller","Gesch\u00e4tzte Lesezeit":"12\u00a0Minuten"},"schema":{"@context":"https:\/\/schema.org","@graph":[{"@type":"Article","@id":"https:\/\/www.people-abroad.de\/blog\/idar-oberstein-sehenswuerdigkeiten\/#article","isPartOf":{"@id":"https:\/\/www.people-abroad.de\/blog\/idar-oberstein-sehenswuerdigkeiten\/"},"author":{"name":"Heiko M\u00fcller","@id":"https:\/\/www.people-abroad.de\/blog\/#\/schema\/person\/2a518a154d93ee6cf0b146bc327329b3"},"headline":"Idar-Oberstein Sehensw\u00fcrdigkeiten &#8211; Highlights &#038; Tipps","datePublished":"2021-12-04T07:05:44+00:00","dateModified":"2023-01-11T17:58:34+00:00","mainEntityOfPage":{"@id":"https:\/\/www.people-abroad.de\/blog\/idar-oberstein-sehenswuerdigkeiten\/"},"wordCount":1494,"commentCount":0,"publisher":{"@id":"https:\/\/www.people-abroad.de\/blog\/#\/schema\/person\/2a518a154d93ee6cf0b146bc327329b3"},"image":{"@id":"https:\/\/www.people-abroad.de\/blog\/idar-oberstein-sehenswuerdigkeiten\/#primaryimage"},"thumbnailUrl":"https:\/\/www.people-abroad.de\/blog\/wp-content\/uploads\/2021\/11\/idar-oberstein-sehenswuerdigkeiten-1-1024x682.jpg","keywords":["Rheinland-Pfalz"],"articleSection":["Deutschland","St\u00e4dtereise"],"inLanguage":"de","potentialAction":[{"@type":"CommentAction","name":"Comment","target":["https:\/\/www.people-abroad.de\/blog\/idar-oberstein-sehenswuerdigkeiten\/#respond"]}]},{"@type":"WebPage","@id":"https:\/\/www.people-abroad.de\/blog\/idar-oberstein-sehenswuerdigkeiten\/","url":"https:\/\/www.people-abroad.de\/blog\/idar-oberstein-sehenswuerdigkeiten\/","name":"Idar-Oberstein Sehensw\u00fcrdigkeiten - Highlights & Tipps - People Abroad","isPartOf":{"@id":"https:\/\/www.people-abroad.de\/blog\/#website"},"primaryImageOfPage":{"@id":"https:\/\/www.people-abroad.de\/blog\/idar-oberstein-sehenswuerdigkeiten\/#primaryimage"},"image":{"@id":"https:\/\/www.people-abroad.de\/blog\/idar-oberstein-sehenswuerdigkeiten\/#primaryimage"},"thumbnailUrl":"https:\/\/www.people-abroad.de\/blog\/wp-content\/uploads\/2021\/11\/idar-oberstein-sehenswuerdigkeiten-1-1024x682.jpg","datePublished":"2021-12-04T07:05:44+00:00","dateModified":"2023-01-11T17:58:34+00:00","description":"Idar-Oberstein hat sch\u00f6ne historische H\u00e4user, gem\u00fctliche Gassen in der Altstadt. Tipps zu den Idar-Oberstein Sehensw\u00fcrdigkeiten.","breadcrumb":{"@id":"https:\/\/www.people-abroad.de\/blog\/idar-oberstein-sehenswuerdigkeiten\/#breadcrumb"},"inLanguage":"de","potentialAction":[{"@type":"ReadAction","target":["https:\/\/www.people-abroad.de\/blog\/idar-oberstein-sehenswuerdigkeiten\/"]}]},{"@type":"ImageObject","inLanguage":"de","@id":"https:\/\/www.people-abroad.de\/blog\/idar-oberstein-sehenswuerdigkeiten\/#primaryimage","url":"https:\/\/www.people-abroad.de\/blog\/wp-content\/uploads\/2021\/11\/idar-oberstein-sehenswuerdigkeiten-1.jpg","contentUrl":"https:\/\/www.people-abroad.de\/blog\/wp-content\/uploads\/2021\/11\/idar-oberstein-sehenswuerdigkeiten-1.jpg","width":1200,"height":799},{"@type":"BreadcrumbList","@id":"https:\/\/www.people-abroad.de\/blog\/idar-oberstein-sehenswuerdigkeiten\/#breadcrumb","itemListElement":[{"@type":"ListItem","position":1,"name":"Startseite","item":"https:\/\/www.people-abroad.de\/blog\/"},{"@type":"ListItem","position":2,"name":"Idar-Oberstein Sehensw\u00fcrdigkeiten &#8211; Highlights &#038; Tipps"}]},{"@type":"WebSite","@id":"https:\/\/www.people-abroad.de\/blog\/#website","url":"https:\/\/www.people-abroad.de\/blog\/","name":"People Abroad","description":"Reiseblog","publisher":{"@id":"https:\/\/www.people-abroad.de\/blog\/#\/schema\/person\/2a518a154d93ee6cf0b146bc327329b3"},"potentialAction":[{"@type":"SearchAction","target":{"@type":"EntryPoint","urlTemplate":"https:\/\/www.people-abroad.de\/blog\/?s={search_term_string}"},"query-input":{"@type":"PropertyValueSpecification","valueRequired":true,"valueName":"search_term_string"}}],"inLanguage":"de"},{"@type":["Person","Organization"],"@id":"https:\/\/www.people-abroad.de\/blog\/#\/schema\/person\/2a518a154d93ee6cf0b146bc327329b3","name":"Heiko M\u00fcller","logo":{"@id":"https:\/\/www.people-abroad.de\/blog\/#\/schema\/person\/image\/"},"description":"Ich bin Reiseblogger, Content Creator und Redakteur. Auf Reisen erkunde ich gerne neue Regionen, St\u00e4dte und Orte beim Fotografieren, Wandern und Radfahren. F\u00fcr weitere Reisetipps folge mir auf Instagram, Facebook &amp; Co. Mehr Infos zum Blog findest du hier: https:\/\/www.people-abroad.de\/blog\/pr-media\/. Kontakt: h.mueller@people-abroad.de","sameAs":["https:\/\/www.people-abroad.de\/blog\/","https:\/\/www.facebook.com\/menschen.international\/","https:\/\/www.instagram.com\/people.abroad\/","https:\/\/www.linkedin.com\/in\/muellerheiko\/","https:\/\/www.pinterest.de\/peopleabroad\/","https:\/\/x.com\/People_Abroad","https:\/\/www.youtube.com\/user\/MenschenInt"],"url":"https:\/\/www.people-abroad.de\/blog\/author\/admin\/"}]}},"_links":{"self":[{"href":"https:\/\/www.people-abroad.de\/blog\/wp-json\/wp\/v2\/posts\/24606","targetHints":{"allow":["GET"]}}],"collection":[{"href":"https:\/\/www.people-abroad.de\/blog\/wp-json\/wp\/v2\/posts"}],"about":[{"href":"https:\/\/www.people-abroad.de\/blog\/wp-json\/wp\/v2\/types\/post"}],"author":[{"embeddable":true,"href":"https:\/\/www.people-abroad.de\/blog\/wp-json\/wp\/v2\/users\/1"}],"replies":[{"embeddable":true,"href":"https:\/\/www.people-abroad.de\/blog\/wp-json\/wp\/v2\/comments?post=24606"}],"version-history":[{"count":3,"href":"https:\/\/www.people-abroad.de\/blog\/wp-json\/wp\/v2\/posts\/24606\/revisions"}],"predecessor-version":[{"id":29423,"href":"https:\/\/www.people-abroad.de\/blog\/wp-json\/wp\/v2\/posts\/24606\/revisions\/29423"}],"wp:attachment":[{"href":"https:\/\/www.people-abroad.de\/blog\/wp-json\/wp\/v2\/media?parent=24606"}],"wp:term":[{"taxonomy":"category","embeddable":true,"href":"https:\/\/www.people-abroad.de\/blog\/wp-json\/wp\/v2\/categories?post=24606"},{"taxonomy":"post_tag","embeddable":true,"href":"https:\/\/www.people-abroad.de\/blog\/wp-json\/wp\/v2\/tags?post=24606"}],"curies":[{"name":"wp","href":"https:\/\/api.w.org\/{rel}","templated":true}]}}