{"id":24046,"date":"2021-12-29T09:15:19","date_gmt":"2021-12-29T08:15:19","guid":{"rendered":"https:\/\/www.people-abroad.de\/blog\/?p=24046"},"modified":"2024-10-06T09:21:00","modified_gmt":"2024-10-06T07:21:00","slug":"reisejahr-in-bildern","status":"publish","type":"post","link":"https:\/\/www.people-abroad.de\/blog\/reisejahr-in-bildern\/","title":{"rendered":"Ein Reisejahr in Bildern &#8211; R\u00fcckblick &#038; Fotoparade"},"content":{"rendered":"<div id=\"ez-toc-container\" class=\"ez-toc-v2_0_82_2 counter-flat ez-toc-counter ez-toc-grey ez-toc-container-direction\">\n<div class=\"ez-toc-title-container\">\n<p class=\"ez-toc-title\" style=\"cursor:inherit\">Inhaltsverzeichnis<\/p>\n<span class=\"ez-toc-title-toggle\"><a href=\"#\" class=\"ez-toc-pull-right ez-toc-btn ez-toc-btn-xs ez-toc-btn-default ez-toc-toggle\" aria-label=\"Toggle Table of Content\"><span class=\"ez-toc-js-icon-con\"><span class=\"\"><span class=\"eztoc-hide\" style=\"display:none;\">Toggle<\/span><span class=\"ez-toc-icon-toggle-span\"><svg style=\"fill: #999;color:#999\" xmlns=\"http:\/\/www.w3.org\/2000\/svg\" class=\"list-377408\" width=\"20px\" height=\"20px\" viewBox=\"0 0 24 24\" fill=\"none\"><path d=\"M6 6H4v2h2V6zm14 0H8v2h12V6zM4 11h2v2H4v-2zm16 0H8v2h12v-2zM4 16h2v2H4v-2zm16 0H8v2h12v-2z\" fill=\"currentColor\"><\/path><\/svg><svg style=\"fill: #999;color:#999\" class=\"arrow-unsorted-368013\" xmlns=\"http:\/\/www.w3.org\/2000\/svg\" width=\"10px\" height=\"10px\" viewBox=\"0 0 24 24\" version=\"1.2\" baseProfile=\"tiny\"><path d=\"M18.2 9.3l-6.2-6.3-6.2 6.3c-.2.2-.3.4-.3.7s.1.5.3.7c.2.2.4.3.7.3h11c.3 0 .5-.1.7-.3.2-.2.3-.5.3-.7s-.1-.5-.3-.7zM5.8 14.7l6.2 6.3 6.2-6.3c.2-.2.3-.5.3-.7s-.1-.5-.3-.7c-.2-.2-.4-.3-.7-.3h-11c-.3 0-.5.1-.7.3-.2.2-.3.5-.3.7s.1.5.3.7z\"\/><\/svg><\/span><\/span><\/span><\/a><\/span><\/div>\n<nav><ul class='ez-toc-list ez-toc-list-level-1 eztoc-toggle-hide-by-default' ><li class='ez-toc-page-1'><a class=\"ez-toc-link ez-toc-heading-1\" href=\"https:\/\/www.people-abroad.de\/blog\/reisejahr-in-bildern\/#Hochmoor_Blindensee_im_Schwarzwald\" >Hochmoor Blindensee im Schwarzwald<\/a><\/li><li class='ez-toc-page-1'><a class=\"ez-toc-link ez-toc-heading-2\" href=\"https:\/\/www.people-abroad.de\/blog\/reisejahr-in-bildern\/#Rheingrafenstein_im_Nahetal\" >Rheingrafenstein im Nahetal<\/a><\/li><li class='ez-toc-page-1'><a class=\"ez-toc-link ez-toc-heading-3\" href=\"https:\/\/www.people-abroad.de\/blog\/reisejahr-in-bildern\/#Karlsruhe_Schloss_Botanischer_Garten\" >Karlsruhe | Schloss &amp; Botanischer Garten<\/a><\/li><li class='ez-toc-page-1'><a class=\"ez-toc-link ez-toc-heading-4\" href=\"https:\/\/www.people-abroad.de\/blog\/reisejahr-in-bildern\/#Felsen_in_der_Region_Mullerthal\" >Felsen in der Region Mullerthal<\/a><\/li><li class='ez-toc-page-1'><a class=\"ez-toc-link ez-toc-heading-5\" href=\"https:\/\/www.people-abroad.de\/blog\/reisejahr-in-bildern\/#Lahntal_Nassau_Kloster_Arnstein\" >Lahntal | Nassau &amp; Kloster Arnstein<\/a><\/li><li class='ez-toc-page-1'><a class=\"ez-toc-link ez-toc-heading-6\" href=\"https:\/\/www.people-abroad.de\/blog\/reisejahr-in-bildern\/#Darmstadt_Mathildenhoehe_Waldspirale\" >Darmstadt | Mathildenh\u00f6he &amp; Waldspirale<\/a><\/li><li class='ez-toc-page-1'><a class=\"ez-toc-link ez-toc-heading-7\" href=\"https:\/\/www.people-abroad.de\/blog\/reisejahr-in-bildern\/#Vogesen_Grand_Ballon\" >Vogesen | Grand Ballon<\/a><\/li><li class='ez-toc-page-1'><a class=\"ez-toc-link ez-toc-heading-8\" href=\"https:\/\/www.people-abroad.de\/blog\/reisejahr-in-bildern\/#Tannheimer_Tal_Bscheisser_Neunerkoepfle\" >Tannheimer Tal | Bschei\u00dfer &amp; Neunerk\u00f6pfle<\/a><\/li><li class='ez-toc-page-1'><a class=\"ez-toc-link ez-toc-heading-9\" href=\"https:\/\/www.people-abroad.de\/blog\/reisejahr-in-bildern\/#Leipzig_Johannapark_Altes_Rathaus\" >Leipzig | Johannapark &amp; Altes Rathaus<\/a><\/li><li class='ez-toc-page-1'><a class=\"ez-toc-link ez-toc-heading-10\" href=\"https:\/\/www.people-abroad.de\/blog\/reisejahr-in-bildern\/#Mainz_Dom_St_Peter\" >Mainz | Dom St. Peter<\/a><\/li><li class='ez-toc-page-1'><a class=\"ez-toc-link ez-toc-heading-11\" href=\"https:\/\/www.people-abroad.de\/blog\/reisejahr-in-bildern\/#Mein_schoenstes_Foto_2021\" >Mein sch\u00f6nstes Foto 2021<\/a><\/li><li class='ez-toc-page-1'><a class=\"ez-toc-link ez-toc-heading-12\" href=\"https:\/\/www.people-abroad.de\/blog\/reisejahr-in-bildern\/#Meine_Reisefotos_auf_Instagram\" >Meine Reisefotos auf Instagram<\/a><\/li><\/ul><\/nav><\/div>\n<p><a href=\"https:\/\/www.people-abroad.de\/blog\/reisejahr-in-bildern\/\"><img decoding=\"async\" class=\"alignnone wp-image-24996 size-full\" src=\"https:\/\/www.people-abroad.de\/blog\/wp-content\/uploads\/2021\/12\/tannheimer-tal-wandern-12-1024x681-1.jpg\" alt=\"Reisejahr in Bildern Tannheimer Tal Tirol\" width=\"1024\" height=\"681\" srcset=\"https:\/\/www.people-abroad.de\/blog\/wp-content\/uploads\/2021\/12\/tannheimer-tal-wandern-12-1024x681-1.jpg 1024w, https:\/\/www.people-abroad.de\/blog\/wp-content\/uploads\/2021\/12\/tannheimer-tal-wandern-12-1024x681-1-300x200.jpg 300w, https:\/\/www.people-abroad.de\/blog\/wp-content\/uploads\/2021\/12\/tannheimer-tal-wandern-12-1024x681-1-768x511.jpg 768w, https:\/\/www.people-abroad.de\/blog\/wp-content\/uploads\/2021\/12\/tannheimer-tal-wandern-12-1024x681-1-400x266.jpg 400w\" sizes=\"(max-width: 1024px) 100vw, 1024px\" \/><\/a><\/p>\n<p>Ein weiteres ungew\u00f6hnliches Reisejahr geht zu Ende. Mein pers\u00f6nlicher R\u00fcckblick soll Lust machen auf die hier vorgestellten St\u00e4dte und Regionen. Das Reisejahr 2021 in Bildern.<!--more--><span id=\"more-18502\"><\/span><span id=\"more-14246\"><\/span><\/p>\n<p>&nbsp;<\/p>\n<p>Das 2. Reisejahr im Zeichen der Corona-Pandemie neigt sich dem Ende entgegen. Gepr\u00e4gt war es wieder von \u00c4nderungen und Umplanungen und &#8211; f\u00fcr mich pers\u00f6nlich &#8211; vom Entdecken von Reisezielen in Deutschland und im angrenzenden Ausland. Die am weitesten entfernten Reiseziele in 2021 waren f\u00fcr mich Luxemburg, Tirol und die Vogesen in Frankreich. Dar\u00fcber hinaus habe ich vor allem St\u00e4dte und Regionen in Deutschland bereist.<\/p>\n<p>Meinen pers\u00f6nlichen Jahresr\u00fcckblick nutze ich auch diesmal wieder im Rahmen der <a href=\"https:\/\/www.erkunde-die-welt.de\/2021\/10\/01\/beste-fotos-2021-fotoparade\/\">Fotoparade<\/a> von Michael vom Reiseblog \u201cErkunde die Welt\u201d. Dabei habe ich mich nicht an den von ihm vorgeschlagenen Kategorien orientiert, sondern zeige die Fotos in chronologischer Reihenfolge der Reisen in diesem Jahr.<\/p>\n<p>Mit meinem Jahresr\u00fcckblick will ich gleichzeitig auch f\u00fcr die von mir besuchten St\u00e4dte und Regionen werben. Deshalb habe ich die aufgelisteten Ziele mit dem Zusatz \u201cReisetipp\u201d versehen. Die verlinkten Artikel bieten Tipps f\u00fcr die Reiseplanung. Ich freue mich, wenn es die ein oder andere hier aufgef\u00fchrte Region auf deine To-do-Liste f\u00fcr 2022\/2023 schafft.<\/p>\n<h2><span class=\"ez-toc-section\" id=\"Hochmoor_Blindensee_im_Schwarzwald\"><\/span>Hochmoor Blindensee im Schwarzwald<span class=\"ez-toc-section-end\"><\/span><\/h2>\n<p><img decoding=\"async\" class=\"alignnone wp-image-25004 size-full\" src=\"https:\/\/www.people-abroad.de\/blog\/wp-content\/uploads\/2021\/12\/wasserweltensteig-schwarzwald-24.jpg\" alt=\"Reisejahr in Bildern Schwarzwald Wasserweltensteig\" width=\"1000\" height=\"665\" srcset=\"https:\/\/www.people-abroad.de\/blog\/wp-content\/uploads\/2021\/12\/wasserweltensteig-schwarzwald-24.jpg 1000w, https:\/\/www.people-abroad.de\/blog\/wp-content\/uploads\/2021\/12\/wasserweltensteig-schwarzwald-24-300x200.jpg 300w, https:\/\/www.people-abroad.de\/blog\/wp-content\/uploads\/2021\/12\/wasserweltensteig-schwarzwald-24-768x511.jpg 768w, https:\/\/www.people-abroad.de\/blog\/wp-content\/uploads\/2021\/12\/wasserweltensteig-schwarzwald-24-400x266.jpg 400w\" sizes=\"(max-width: 1000px) 100vw, 1000px\" \/><\/p>\n<p>Der Schwarzwald geh\u00f6rt schon seit vielen Jahren zu meinen Lieblingsreisezielen. In diesem Jahr konnte ich den noch recht jungen Wanderweg &#8222;Wasserweltensteig&#8220; erkunden. Der Premiumweg wurde 2019 er\u00f6ffnet, ist 110 km lang und verl\u00e4uft auf insgesamt 6 Etappen von Triberg bis zum Rheinfall bei Schaffhausen in der Schweiz.<\/p>\n<p>Die ersten beiden Etappen ab Triberg bin ich gewandert und trotz ausgiebigem Regen war das eine richtig tolle Tour. Besonders sch\u00f6n fand ich das Hochmoor Blindensee zwischen Schonach und Sch\u00f6nwald. Dort habe ich auch die Fotos aufgenommen. Man erreicht es \u00fcber einen Bohlenweg. Es beherbergt botanische Besonderheiten wie beispielsweise die seltene Blumenbinse und ist ein wundersch\u00f6nes Naturschutzgebiet.<\/p>\n<p><img decoding=\"async\" class=\"alignnone wp-image-25003 size-full\" src=\"https:\/\/www.people-abroad.de\/blog\/wp-content\/uploads\/2021\/12\/wasserweltensteig-schwarzwald-26.jpg\" alt=\"Reisejahr in Bildern Schwarzwald Hochmoor Blindensee\" width=\"1000\" height=\"665\" srcset=\"https:\/\/www.people-abroad.de\/blog\/wp-content\/uploads\/2021\/12\/wasserweltensteig-schwarzwald-26.jpg 1000w, https:\/\/www.people-abroad.de\/blog\/wp-content\/uploads\/2021\/12\/wasserweltensteig-schwarzwald-26-300x200.jpg 300w, https:\/\/www.people-abroad.de\/blog\/wp-content\/uploads\/2021\/12\/wasserweltensteig-schwarzwald-26-768x511.jpg 768w, https:\/\/www.people-abroad.de\/blog\/wp-content\/uploads\/2021\/12\/wasserweltensteig-schwarzwald-26-400x266.jpg 400w\" sizes=\"(max-width: 1000px) 100vw, 1000px\" \/><\/p>\n<p>Den Artikel \u00fcber den Wanderweg findest du hier: <a href=\"https:\/\/www.people-abroad.de\/blog\/wasserweltensteig\/\">Wasserweltensteig &#8211; Quellen, B\u00e4che und Wasserf\u00e4lle<\/a>.<\/p>\n<h2><span class=\"ez-toc-section\" id=\"Rheingrafenstein_im_Nahetal\"><\/span>Rheingrafenstein im Nahetal<span class=\"ez-toc-section-end\"><\/span><\/h2>\n<p><img decoding=\"async\" class=\"alignnone wp-image-25000 size-full\" src=\"https:\/\/www.people-abroad.de\/blog\/wp-content\/uploads\/2021\/12\/rotenfels-rheingrafenstein-nahe-wandern-1.jpg\" alt=\"Reisejahr in Bildern Rheingrafenstein Nahe \" width=\"1000\" height=\"665\" srcset=\"https:\/\/www.people-abroad.de\/blog\/wp-content\/uploads\/2021\/12\/rotenfels-rheingrafenstein-nahe-wandern-1.jpg 1000w, https:\/\/www.people-abroad.de\/blog\/wp-content\/uploads\/2021\/12\/rotenfels-rheingrafenstein-nahe-wandern-1-300x200.jpg 300w, https:\/\/www.people-abroad.de\/blog\/wp-content\/uploads\/2021\/12\/rotenfels-rheingrafenstein-nahe-wandern-1-768x511.jpg 768w, https:\/\/www.people-abroad.de\/blog\/wp-content\/uploads\/2021\/12\/rotenfels-rheingrafenstein-nahe-wandern-1-400x266.jpg 400w\" sizes=\"(max-width: 1000px) 100vw, 1000px\" \/><\/p>\n<p>Eine weitere sch\u00f6ne Reise war der Trip ins Nahetal. Immer wieder mal bin ich in der Region und diesmal standen zwei Wanderungen zwischen Bad Kreuznach und Bad M\u00fcnster am Stein-Ebernburg auf dem Programm: Die Rheingrafenstein-Tour und die Rotenfels-Tour, die zu den \u201c3 x 3 Salinental\u201d geh\u00f6ren.<\/p>\n<p>Diese neun Rundwege sind gute Einstiege zum Wandern im Nahetal. Jeweils drei Wanderwege \u2013 Rotenfels, Rheingrafenstein und Ebernburg \u2013 mit drei Varianten (VitalTour, ClassicTour, IntroTour) gibt es zur Auswahl. Ich bin die beiden ClassicTouren gelaufen und auf der Rheingrafenstein-Tour sind die beiden Fotos vom gleichnamigen imposanten Felsen entstanden.<\/p>\n<p><img decoding=\"async\" class=\"alignnone wp-image-24999 size-full\" src=\"https:\/\/www.people-abroad.de\/blog\/wp-content\/uploads\/2021\/12\/rotenfels-rheingrafenstein-nahe-wandern-3.jpg\" alt=\"Reisejahr in Bildern Rheingrafenstein Nahe\" width=\"1000\" height=\"665\" srcset=\"https:\/\/www.people-abroad.de\/blog\/wp-content\/uploads\/2021\/12\/rotenfels-rheingrafenstein-nahe-wandern-3.jpg 1000w, https:\/\/www.people-abroad.de\/blog\/wp-content\/uploads\/2021\/12\/rotenfels-rheingrafenstein-nahe-wandern-3-300x200.jpg 300w, https:\/\/www.people-abroad.de\/blog\/wp-content\/uploads\/2021\/12\/rotenfels-rheingrafenstein-nahe-wandern-3-768x511.jpg 768w, https:\/\/www.people-abroad.de\/blog\/wp-content\/uploads\/2021\/12\/rotenfels-rheingrafenstein-nahe-wandern-3-400x266.jpg 400w\" sizes=\"(max-width: 1000px) 100vw, 1000px\" \/><\/p>\n<p>Den Artikel \u00fcber den Wanderweg findest du hier: <a href=\"https:\/\/www.people-abroad.de\/blog\/rotenfels-rheingrafenstein-wandern-nahetal\/\">Rheingrafenstein &amp; Rotenfels &#8211; Wandern im Nahetal<\/a>.<\/p>\n<h2><span class=\"ez-toc-section\" id=\"Karlsruhe_Schloss_Botanischer_Garten\"><\/span>Karlsruhe | Schloss &amp; Botanischer Garten<span class=\"ez-toc-section-end\"><\/span><\/h2>\n<p><img decoding=\"async\" class=\"alignnone wp-image-24998 size-full\" src=\"https:\/\/www.people-abroad.de\/blog\/wp-content\/uploads\/2021\/12\/karlsruhe-sehenswuerdigkeiten-44.jpg\" alt=\"Reisejahr in Bildern Karlsruhe Sehensw\u00fcrdigkeiten\" width=\"1000\" height=\"665\" srcset=\"https:\/\/www.people-abroad.de\/blog\/wp-content\/uploads\/2021\/12\/karlsruhe-sehenswuerdigkeiten-44.jpg 1000w, https:\/\/www.people-abroad.de\/blog\/wp-content\/uploads\/2021\/12\/karlsruhe-sehenswuerdigkeiten-44-300x200.jpg 300w, https:\/\/www.people-abroad.de\/blog\/wp-content\/uploads\/2021\/12\/karlsruhe-sehenswuerdigkeiten-44-768x511.jpg 768w, https:\/\/www.people-abroad.de\/blog\/wp-content\/uploads\/2021\/12\/karlsruhe-sehenswuerdigkeiten-44-400x266.jpg 400w\" sizes=\"(max-width: 1000px) 100vw, 1000px\" \/><\/p>\n<p>Schon h\u00e4ufig war ich in Karlsruhe und ich mag die F\u00e4cherstadt am Rhein. Neu war f\u00fcr mich diesmal, die Stadt ausgiebig mit dem Fahrrad zu entdecken. Neben den Highlights wie dem Karlsruher Schloss (Foto oben) und dem Botanischen Garten (Foto unten) bin ich zu vielen weiteren Sehensw\u00fcrdigkeiten gefahren.<\/p>\n<p>Auf einer weiteren Tagestour habe ich auf der &#8222;NaturRADTour&#8220; erradelt. Sie ist 48 km lang, durchg\u00e4ngig markiert, flach und barrierefrei. Der Rad-Rundweg um den Stadtkern f\u00fchrt durch sch\u00f6ne Naturr\u00e4ume und Schutzgebiet. Eine gute Erg\u00e4nzung, wenn man die Highlights im Zentrum schon angeschaut hat. Start- und Zielpunkt der Tour ist das Karlsruher Schloss.<\/p>\n<p><img decoding=\"async\" class=\"alignnone wp-image-24997 size-full\" src=\"https:\/\/www.people-abroad.de\/blog\/wp-content\/uploads\/2021\/12\/karlsruhe-sehenswuerdigkeiten-5.jpg\" alt=\"Reisejahr in Bildern Karlsruhe Sehensw\u00fcrdigkeiten\" width=\"1000\" height=\"665\" srcset=\"https:\/\/www.people-abroad.de\/blog\/wp-content\/uploads\/2021\/12\/karlsruhe-sehenswuerdigkeiten-5.jpg 1000w, https:\/\/www.people-abroad.de\/blog\/wp-content\/uploads\/2021\/12\/karlsruhe-sehenswuerdigkeiten-5-300x200.jpg 300w, https:\/\/www.people-abroad.de\/blog\/wp-content\/uploads\/2021\/12\/karlsruhe-sehenswuerdigkeiten-5-768x511.jpg 768w, https:\/\/www.people-abroad.de\/blog\/wp-content\/uploads\/2021\/12\/karlsruhe-sehenswuerdigkeiten-5-400x266.jpg 400w\" sizes=\"(max-width: 1000px) 100vw, 1000px\" \/><\/p>\n<p>Den Artikel \u00fcber die F\u00e4cherstadt findest du hier: <a href=\"https:\/\/www.people-abroad.de\/blog\/karlsruhe-sehenswuerdigkeiten\/\">Karlsruhe &#8211; Sehensw\u00fcrdigkeiten mit dem Rad entdecken<\/a>.<\/p>\n<h2><span class=\"ez-toc-section\" id=\"Felsen_in_der_Region_Mullerthal\"><\/span>Felsen in der Region Mullerthal<span class=\"ez-toc-section-end\"><\/span><\/h2>\n<p><img decoding=\"async\" class=\"alignnone wp-image-24995 size-full\" src=\"https:\/\/www.people-abroad.de\/blog\/wp-content\/uploads\/2021\/12\/muellerthal-luxemburgische-schweiz-3.jpg\" alt=\"Reisejahr in Bildern Luxemburg Mullerthal \" width=\"1024\" height=\"681\" srcset=\"https:\/\/www.people-abroad.de\/blog\/wp-content\/uploads\/2021\/12\/muellerthal-luxemburgische-schweiz-3.jpg 1024w, https:\/\/www.people-abroad.de\/blog\/wp-content\/uploads\/2021\/12\/muellerthal-luxemburgische-schweiz-3-300x200.jpg 300w, https:\/\/www.people-abroad.de\/blog\/wp-content\/uploads\/2021\/12\/muellerthal-luxemburgische-schweiz-3-768x511.jpg 768w, https:\/\/www.people-abroad.de\/blog\/wp-content\/uploads\/2021\/12\/muellerthal-luxemburgische-schweiz-3-400x266.jpg 400w\" sizes=\"(max-width: 1024px) 100vw, 1024px\" \/><\/p>\n<p>In diesem Jahr war ich zum ersten Mal in Luxemburg wandern. Bisher kannte ich nur die Stadt Luxemburg. Seit diesem Trip in das kleine Land in der Benelux-Region wei\u00df ich endlich, dass es dort auch wundersch\u00f6ne Wanderwege gibt. Zu den bekanntesten geh\u00f6rt der Mullerthal Trail in der gleichnamigen Region Mullerthal, die auch kleine luxemburgische Schweiz genannt wird.<\/p>\n<p>Der insgesamt 112 km lange Wanderweg ist gepr\u00e4gt von imposanten Felsen, schmalen Schluchten und tollen Naturerlebnissen. Die beiden Fotos mit den Felsformationen sind rund um die historische Stadt Echternach entstanden. Der Mullerthal Trail l\u00e4sst sich als Rundtour erwandern, es lassen sich aber auch Teilst\u00fccke dieser Rundtouren planen.<\/p>\n<p><img decoding=\"async\" class=\"alignnone wp-image-24994 size-full\" src=\"https:\/\/www.people-abroad.de\/blog\/wp-content\/uploads\/2021\/12\/muellerthal-luxemburgische-schweiz-2.jpg\" alt=\"Reisejahr in Bildern Luxemburg Mullerthal\" width=\"1024\" height=\"682\" srcset=\"https:\/\/www.people-abroad.de\/blog\/wp-content\/uploads\/2021\/12\/muellerthal-luxemburgische-schweiz-2.jpg 1024w, https:\/\/www.people-abroad.de\/blog\/wp-content\/uploads\/2021\/12\/muellerthal-luxemburgische-schweiz-2-300x200.jpg 300w, https:\/\/www.people-abroad.de\/blog\/wp-content\/uploads\/2021\/12\/muellerthal-luxemburgische-schweiz-2-768x512.jpg 768w, https:\/\/www.people-abroad.de\/blog\/wp-content\/uploads\/2021\/12\/muellerthal-luxemburgische-schweiz-2-400x266.jpg 400w\" sizes=\"(max-width: 1024px) 100vw, 1024px\" \/><\/p>\n<p>Den Artikel \u00fcber den Wanderweg findest du hier: <a href=\"https:\/\/www.people-abroad.de\/blog\/mullerthal-luxemburgische-schweiz\/\">M\u00fcllerthal &#8211; Wandern in der luxemburgischen Schweiz<\/a>.<\/p>\n<h2><span class=\"ez-toc-section\" id=\"Lahntal_Nassau_Kloster_Arnstein\"><\/span>Lahntal | Nassau &amp; Kloster Arnstein<span class=\"ez-toc-section-end\"><\/span><\/h2>\n<p><img decoding=\"async\" class=\"alignnone wp-image-24991 size-full\" src=\"https:\/\/www.people-abroad.de\/blog\/wp-content\/uploads\/2021\/12\/lahntal-lahnradweg-lahnwanderweg-12-1024x681-1.jpg\" alt=\"Reisejahr in Bildern Lahntal Lahn Kanutour\" width=\"1024\" height=\"681\" srcset=\"https:\/\/www.people-abroad.de\/blog\/wp-content\/uploads\/2021\/12\/lahntal-lahnradweg-lahnwanderweg-12-1024x681-1.jpg 1024w, https:\/\/www.people-abroad.de\/blog\/wp-content\/uploads\/2021\/12\/lahntal-lahnradweg-lahnwanderweg-12-1024x681-1-300x200.jpg 300w, https:\/\/www.people-abroad.de\/blog\/wp-content\/uploads\/2021\/12\/lahntal-lahnradweg-lahnwanderweg-12-1024x681-1-768x511.jpg 768w, https:\/\/www.people-abroad.de\/blog\/wp-content\/uploads\/2021\/12\/lahntal-lahnradweg-lahnwanderweg-12-1024x681-1-400x266.jpg 400w\" sizes=\"(max-width: 1024px) 100vw, 1024px\" \/><\/p>\n<p>In diesem Sommer hatte ich endlich mal Zeit das Lahntal ausgiebiger zu erkunden. Eine Radtour auf dem Lahntalradweg und kleinere Rundwege rund um Bad Ems und Lahnstein standen auf dem Programm. Eines meiner Highlights war eine Kanutour auf der Lahn. Von Obernhof bis Nassau war ich einen Mittag Paddeln und der Abschnitt lohnt sich definitiv f\u00fcr eine Tour.<\/p>\n<p>Die Lahn ist zwischen Roth und Lahnstein auf rund 160 km ganzj\u00e4hrig mit dem Kanu befahrbar. Da der Fluss eher ruhig und langsam flie\u00dft, ist er auch f\u00fcr Anf\u00e4nger ideal, die das gerne einmal ausprobieren m\u00f6chten. Unterwegs bieten sich sch\u00f6ne Ausblicke zum Fotografieren wie bei Fahrt auf Nassau zu (Foto unten) und da gibt&#8217;s sch\u00f6ne Spiegelungen im Wasser.<\/p>\n<p><img decoding=\"async\" class=\"alignnone wp-image-24990 size-full\" src=\"https:\/\/www.people-abroad.de\/blog\/wp-content\/uploads\/2021\/12\/lahntal-lahnradweg-lahnwanderweg-11-1024x681-1.jpg\" alt=\"Reisejahr in Bildern Lahn Kanufahren \" width=\"1024\" height=\"681\" srcset=\"https:\/\/www.people-abroad.de\/blog\/wp-content\/uploads\/2021\/12\/lahntal-lahnradweg-lahnwanderweg-11-1024x681-1.jpg 1024w, https:\/\/www.people-abroad.de\/blog\/wp-content\/uploads\/2021\/12\/lahntal-lahnradweg-lahnwanderweg-11-1024x681-1-300x200.jpg 300w, https:\/\/www.people-abroad.de\/blog\/wp-content\/uploads\/2021\/12\/lahntal-lahnradweg-lahnwanderweg-11-1024x681-1-768x511.jpg 768w, https:\/\/www.people-abroad.de\/blog\/wp-content\/uploads\/2021\/12\/lahntal-lahnradweg-lahnwanderweg-11-1024x681-1-400x266.jpg 400w\" sizes=\"(max-width: 1024px) 100vw, 1024px\" \/><\/p>\n<p>Den Artikel \u00fcber die Region findest du hier: <a href=\"https:\/\/www.people-abroad.de\/blog\/lahntal-lahnradweg-kanutour-wandern\/\">Lahntal &#8211; Lahnradweg, Kanutour, Burgen &amp; Wandern<\/a>.<\/p>\n<h2><span class=\"ez-toc-section\" id=\"Darmstadt_Mathildenhoehe_Waldspirale\"><\/span>Darmstadt | Mathildenh\u00f6he &amp; Waldspirale<span class=\"ez-toc-section-end\"><\/span><\/h2>\n<p><img decoding=\"async\" class=\"alignnone wp-image-25002 size-full\" src=\"https:\/\/www.people-abroad.de\/blog\/wp-content\/uploads\/2021\/12\/darmstadt-sehenswuerdigkeiten-1.jpg\" alt=\"Reisejahr in Bildern Darmstadt Sehensw\u00fcrdigkeiten \" width=\"1000\" height=\"665\" srcset=\"https:\/\/www.people-abroad.de\/blog\/wp-content\/uploads\/2021\/12\/darmstadt-sehenswuerdigkeiten-1.jpg 1000w, https:\/\/www.people-abroad.de\/blog\/wp-content\/uploads\/2021\/12\/darmstadt-sehenswuerdigkeiten-1-300x200.jpg 300w, https:\/\/www.people-abroad.de\/blog\/wp-content\/uploads\/2021\/12\/darmstadt-sehenswuerdigkeiten-1-768x511.jpg 768w, https:\/\/www.people-abroad.de\/blog\/wp-content\/uploads\/2021\/12\/darmstadt-sehenswuerdigkeiten-1-400x266.jpg 400w\" sizes=\"(max-width: 1000px) 100vw, 1000px\" \/><\/p>\n<p>Darmstadt habe ich durch meinen Besuch im Sommer wieder ganz neu sch\u00e4tzen gelernt. Denn die Stadt bietet auf relativ dichtem Raum eine ganze Vielzahl an sehensw\u00fcrdigkeiten Highlights. Dazu geh\u00f6ren u.a. das Residenzschloss, der Marktplatz, die Mathildenh\u00f6he (Foto oben), das Hessische Landesmuseum Darmstadt und die Waldspirale von Friedensreich Hundertwasser (Foto unten).<\/p>\n<p>Solltest du nach Darmstadt reisen, lohnen sich au\u00dferdem der Luisenplatz, das Alte Rathaus, die Stadtkirche, das Haus der Geschichte und die St. Ludwigkirche anzuschauen. Mit dem Herrngarten und dem B\u00fcrgerpark Nord gibt es au\u00dferdem zwei sch\u00f6ne Stadtparks und Gr\u00fcnfl\u00e4chen mit viel Natur.<\/p>\n<p><img decoding=\"async\" class=\"alignnone wp-image-25001 size-full\" src=\"https:\/\/www.people-abroad.de\/blog\/wp-content\/uploads\/2021\/12\/darmstadt-sehenswuerdigkeiten-21.jpg\" alt=\"Reisejahr in Bildern Darmstadt Sehensw\u00fcrdigkeiten \" width=\"1000\" height=\"665\" srcset=\"https:\/\/www.people-abroad.de\/blog\/wp-content\/uploads\/2021\/12\/darmstadt-sehenswuerdigkeiten-21.jpg 1000w, https:\/\/www.people-abroad.de\/blog\/wp-content\/uploads\/2021\/12\/darmstadt-sehenswuerdigkeiten-21-300x200.jpg 300w, https:\/\/www.people-abroad.de\/blog\/wp-content\/uploads\/2021\/12\/darmstadt-sehenswuerdigkeiten-21-768x511.jpg 768w, https:\/\/www.people-abroad.de\/blog\/wp-content\/uploads\/2021\/12\/darmstadt-sehenswuerdigkeiten-21-400x266.jpg 400w\" sizes=\"(max-width: 1000px) 100vw, 1000px\" \/><\/p>\n<p>Den Artikel \u00fcber das St\u00e4dteziel findest du hier: <a href=\"https:\/\/www.people-abroad.de\/blog\/darmstadt-sehenswuerdigkeiten-ausflugsziele\/\">Darmstadt &#8211; Sehensw\u00fcrdigkeiten &amp; Ausflugsziele<\/a>.<\/p>\n<h2><span class=\"ez-toc-section\" id=\"Vogesen_Grand_Ballon\"><\/span>Vogesen | Grand Ballon<span class=\"ez-toc-section-end\"><\/span><\/h2>\n<p><img decoding=\"async\" class=\"alignnone wp-image-25034 size-full\" src=\"https:\/\/www.people-abroad.de\/blog\/wp-content\/uploads\/2021\/12\/grand-ballon-wandern-guebwiller-6-1024x681-1.jpg\" alt=\"Vogesen Grand Ballon Wandern \" width=\"1024\" height=\"681\" srcset=\"https:\/\/www.people-abroad.de\/blog\/wp-content\/uploads\/2021\/12\/grand-ballon-wandern-guebwiller-6-1024x681-1.jpg 1024w, https:\/\/www.people-abroad.de\/blog\/wp-content\/uploads\/2021\/12\/grand-ballon-wandern-guebwiller-6-1024x681-1-300x200.jpg 300w, https:\/\/www.people-abroad.de\/blog\/wp-content\/uploads\/2021\/12\/grand-ballon-wandern-guebwiller-6-1024x681-1-768x511.jpg 768w, https:\/\/www.people-abroad.de\/blog\/wp-content\/uploads\/2021\/12\/grand-ballon-wandern-guebwiller-6-1024x681-1-400x266.jpg 400w\" sizes=\"(max-width: 1024px) 100vw, 1024px\" \/><\/p>\n<p>Der Grand Ballon in den Vogesen stand schon ziemlich lange auf meiner Wander-Wunschliste. In diesem Sommer konnte ich die Tour zum h\u00f6chsten Gipfel der Vogesen (1.424 m) endlich in die Tat umsetzen. Die Tagestour war wundersch\u00f6n und deshalb m\u00f6chte ich da unbedingt noch mal hinauf. Schon von weitem war die futuristische Radarstation, die auf dem Berg thront, zu sehen.<\/p>\n<p>Richtig toll ist die Aussicht von oben. Der Blick schweift auf die Rheinebene mit Colmar, Mulhouse, Basel und Freiburg im Breisgau. Bei guter Sicht lassen sich Schwarzwald, Jura und die Alpenkette bis zum Mont Blanc erkennen. Auf dem Foto unten sieht man den Blick in Richtung S\u00fcden und wer l\u00e4nger oben verweilt, kann immer wieder neue Bergketten entdecken.<\/p>\n<p><img decoding=\"async\" class=\"alignnone wp-image-25035 size-full\" src=\"https:\/\/www.people-abroad.de\/blog\/wp-content\/uploads\/2021\/12\/grand-ballon-wandern-guebwiller-1-1024x682-1.jpg\" alt=\"Vogesen Grand Ballon Wandern \" width=\"1024\" height=\"682\" srcset=\"https:\/\/www.people-abroad.de\/blog\/wp-content\/uploads\/2021\/12\/grand-ballon-wandern-guebwiller-1-1024x682-1.jpg 1024w, https:\/\/www.people-abroad.de\/blog\/wp-content\/uploads\/2021\/12\/grand-ballon-wandern-guebwiller-1-1024x682-1-300x200.jpg 300w, https:\/\/www.people-abroad.de\/blog\/wp-content\/uploads\/2021\/12\/grand-ballon-wandern-guebwiller-1-1024x682-1-768x512.jpg 768w, https:\/\/www.people-abroad.de\/blog\/wp-content\/uploads\/2021\/12\/grand-ballon-wandern-guebwiller-1-1024x682-1-400x266.jpg 400w\" sizes=\"(max-width: 1024px) 100vw, 1024px\" \/><\/p>\n<p>Den Artikel \u00fcber die Wanderung findest du hier: <a href=\"https:\/\/www.people-abroad.de\/blog\/grand-ballon-wandern-guebwiller\/\">Grand Ballon &#8211; Wandern in der Region Guebwiller<\/a>.<\/p>\n<h2><span class=\"ez-toc-section\" id=\"Tannheimer_Tal_Bscheisser_Neunerkoepfle\"><\/span>Tannheimer Tal | Bschei\u00dfer &amp; Neunerk\u00f6pfle<span class=\"ez-toc-section-end\"><\/span><\/h2>\n<p><img decoding=\"async\" class=\"alignnone wp-image-24985 size-full\" src=\"https:\/\/www.people-abroad.de\/blog\/wp-content\/uploads\/2021\/12\/tannheimer-tal-wandern-2-1024x681-1.jpg\" alt=\"Tannheimer Tal Tirol Wandern \" width=\"1024\" height=\"681\" srcset=\"https:\/\/www.people-abroad.de\/blog\/wp-content\/uploads\/2021\/12\/tannheimer-tal-wandern-2-1024x681-1.jpg 1024w, https:\/\/www.people-abroad.de\/blog\/wp-content\/uploads\/2021\/12\/tannheimer-tal-wandern-2-1024x681-1-300x200.jpg 300w, https:\/\/www.people-abroad.de\/blog\/wp-content\/uploads\/2021\/12\/tannheimer-tal-wandern-2-1024x681-1-768x511.jpg 768w, https:\/\/www.people-abroad.de\/blog\/wp-content\/uploads\/2021\/12\/tannheimer-tal-wandern-2-1024x681-1-400x266.jpg 400w\" sizes=\"(max-width: 1024px) 100vw, 1024px\" \/><\/p>\n<p>Neben K\u00e4rnten geh\u00f6rt Tirol zu meinen Lieblingsregionen in \u00d6sterreich. In beide Bundesl\u00e4nder reise ich gerne und regelm\u00e4\u00dfig. Neu f\u00fcr mich war in diesem Jahr das Tannheimer Tal in Tirol, das ich im Sommer erwandern konnte. Rundtouren zum Bschei\u00dfer, bei der ich auch das Titelfoto zu diesem Jahresr\u00fcckblick aufgenommen habe, und zum Neunerk\u00f6pfle (Foto oben) standen auf dem Wander-Programm.<\/p>\n<p>Besonders sch\u00f6n fand ich die Kombination aus malerischer Bergkulisse, imposanten Gipfeln, beschaulichen T\u00e4lern und idyllischen Bergseen. Auch die Wanderung zur Nesselw\u00e4ngler Edenalpe, Gr\u00e4ner \u00d6denalpe und zum Haldensee hat mir gut gefallen. Stimmungsvoll war es am Abend am Vilsalpsee (Foto unten) zu Beginn der D\u00e4mmerung, als der Nebel aufzog. In die Region kehre ich definitiv wieder zur\u00fcck &#8211; das steht fest.<\/p>\n<p><img decoding=\"async\" class=\"alignnone wp-image-25033 size-full\" src=\"https:\/\/www.people-abroad.de\/blog\/wp-content\/uploads\/2021\/12\/tannheimer-tal-wandern-15-1024x681-1.jpg\" alt=\"Tannheimer Tal Tirol Wandern \" width=\"1024\" height=\"681\" srcset=\"https:\/\/www.people-abroad.de\/blog\/wp-content\/uploads\/2021\/12\/tannheimer-tal-wandern-15-1024x681-1.jpg 1024w, https:\/\/www.people-abroad.de\/blog\/wp-content\/uploads\/2021\/12\/tannheimer-tal-wandern-15-1024x681-1-300x200.jpg 300w, https:\/\/www.people-abroad.de\/blog\/wp-content\/uploads\/2021\/12\/tannheimer-tal-wandern-15-1024x681-1-768x511.jpg 768w, https:\/\/www.people-abroad.de\/blog\/wp-content\/uploads\/2021\/12\/tannheimer-tal-wandern-15-1024x681-1-400x266.jpg 400w\" sizes=\"(max-width: 1024px) 100vw, 1024px\" \/><\/p>\n<p>Den Artikel \u00fcber die Region findest du hier: <a href=\"https:\/\/www.people-abroad.de\/blog\/tannheimer-tal-tirol-wandern\/\">Tannheimer Tal &#8211; Wandern, H\u00fctten &amp; Seen in Tirol<\/a>.<\/p>\n<h2><span class=\"ez-toc-section\" id=\"Leipzig_Johannapark_Altes_Rathaus\"><\/span>Leipzig | Johannapark &amp; Altes Rathaus<span class=\"ez-toc-section-end\"><\/span><\/h2>\n<p><img decoding=\"async\" class=\"alignnone wp-image-24989 size-full\" src=\"https:\/\/www.people-abroad.de\/blog\/wp-content\/uploads\/2021\/12\/leipzig-sehenswuerdigkeiten-tipps-35-1024x681-1.jpg\" alt=\"Leipzig Sehensw\u00fcrdigkeiten Johannapark \" width=\"1024\" height=\"681\" srcset=\"https:\/\/www.people-abroad.de\/blog\/wp-content\/uploads\/2021\/12\/leipzig-sehenswuerdigkeiten-tipps-35-1024x681-1.jpg 1024w, https:\/\/www.people-abroad.de\/blog\/wp-content\/uploads\/2021\/12\/leipzig-sehenswuerdigkeiten-tipps-35-1024x681-1-300x200.jpg 300w, https:\/\/www.people-abroad.de\/blog\/wp-content\/uploads\/2021\/12\/leipzig-sehenswuerdigkeiten-tipps-35-1024x681-1-768x511.jpg 768w, https:\/\/www.people-abroad.de\/blog\/wp-content\/uploads\/2021\/12\/leipzig-sehenswuerdigkeiten-tipps-35-1024x681-1-400x266.jpg 400w\" sizes=\"(max-width: 1024px) 100vw, 1024px\" \/><\/p>\n<p>Leipzig im Herbst hat mich \u00fcberrascht und begeistert. Mein letzter Besuch in der Sachsen-Metropole lag schon einige Jahre zur\u00fcck und erstaunt habe ich bei meinem erneuten Besuch festgestellt, wie sich die Stadt ver\u00e4ndert hat. Die Mischung aus historischen Bauwerken, ausgedehnten Parkanlagen, Szenevierteln und gem\u00fctlichen Caf\u00e9s und Bars macht Leipzig f\u00fcr mich inzwischen zu einer der spannendsten St\u00e4dte Deutschlands.<\/p>\n<p>Die Stadt l\u00e4sst sich \u00fcbrigens gut mit dem Rad entdecken. Knapp vier Tage war ich mit dem Leihrad in der City unterwegs. Neben dem Zentrum gef\u00e4llt mir vor allem Plagwitz und die S\u00fcdvorstadt. Ein tolles Fotomotiv ist der Johannapark (Foto oben). Dar\u00fcber hinaus eignet sich Leipzig auch gut f\u00fcr Nachtaufnahmen, vor allem die historischen Geb\u00e4ude wie z.B. das Alte Rathaus (Foto unten).<\/p>\n<p><img decoding=\"async\" class=\"alignnone wp-image-24988 size-full\" src=\"https:\/\/www.people-abroad.de\/blog\/wp-content\/uploads\/2021\/12\/leipzig-sehenswuerdigkeiten-tipps-16-1024x681-1.jpg\" alt=\"Leipzig Sehensw\u00fcrdigkeiten Altes Rathaus Marktplatz \" width=\"1024\" height=\"681\" srcset=\"https:\/\/www.people-abroad.de\/blog\/wp-content\/uploads\/2021\/12\/leipzig-sehenswuerdigkeiten-tipps-16-1024x681-1.jpg 1024w, https:\/\/www.people-abroad.de\/blog\/wp-content\/uploads\/2021\/12\/leipzig-sehenswuerdigkeiten-tipps-16-1024x681-1-300x200.jpg 300w, https:\/\/www.people-abroad.de\/blog\/wp-content\/uploads\/2021\/12\/leipzig-sehenswuerdigkeiten-tipps-16-1024x681-1-768x511.jpg 768w, https:\/\/www.people-abroad.de\/blog\/wp-content\/uploads\/2021\/12\/leipzig-sehenswuerdigkeiten-tipps-16-1024x681-1-400x266.jpg 400w\" sizes=\"(max-width: 1024px) 100vw, 1024px\" \/><\/p>\n<p>Den Artikel \u00fcber das St\u00e4dteziel findest du hier: <a href=\"https:\/\/www.people-abroad.de\/blog\/leipzig-sehenswuerdigkeiten-tipps\/\">Leipzig &#8211; Sehensw\u00fcrdigkeiten, Highlights &amp; Tipps<\/a>.<\/p>\n<h2><span class=\"ez-toc-section\" id=\"Mainz_Dom_St_Peter\"><\/span>Mainz | Dom St. Peter<span class=\"ez-toc-section-end\"><\/span><\/h2>\n<p><img decoding=\"async\" class=\"alignnone wp-image-24987 size-full\" src=\"https:\/\/www.people-abroad.de\/blog\/wp-content\/uploads\/2021\/12\/schum-staedte-speyer-worms-mainz-38-1024x681-1.jpg\" alt=\"Mainz Dom St. Peter Schum-St\u00e4dte Romantic Cities\" width=\"1024\" height=\"681\" srcset=\"https:\/\/www.people-abroad.de\/blog\/wp-content\/uploads\/2021\/12\/schum-staedte-speyer-worms-mainz-38-1024x681-1.jpg 1024w, https:\/\/www.people-abroad.de\/blog\/wp-content\/uploads\/2021\/12\/schum-staedte-speyer-worms-mainz-38-1024x681-1-300x200.jpg 300w, https:\/\/www.people-abroad.de\/blog\/wp-content\/uploads\/2021\/12\/schum-staedte-speyer-worms-mainz-38-1024x681-1-768x511.jpg 768w, https:\/\/www.people-abroad.de\/blog\/wp-content\/uploads\/2021\/12\/schum-staedte-speyer-worms-mainz-38-1024x681-1-400x266.jpg 400w\" sizes=\"(max-width: 1024px) 100vw, 1024px\" \/><\/p>\n<p>Meine letzte Reise vor Jahresende ging f\u00fcr eine Recherche nach Mainz. Denn neben Speyer und Worms geh\u00f6rt auch Mainz zum Verbund der Romantic Cities und der SchUM-St\u00e4dte am Rhein, die im Sommer als UNESCO-Weltkulturerbe anerkannt wurden aufgrund ihres reichen j\u00fcdischen Erbes und ihrer Bedeutung f\u00fcr das Judentum in Europa.<\/p>\n<p>Dar\u00fcber hinaus ist Mainz einfach ein tolles Ziel f\u00fcr eine St\u00e4dtereise. Mit dem Mainzer Dom (Foto oben), dem Kurf\u00fcrstlichen Schloss, dem Gutenberg-Museum, dem Landesmuseum Mainz, der Zitadelle, der Neuen Synagoge (Foto unten), dem R\u00f6mischen Theater und der Mainzer Altstadt bietet die Stadt am Rhein viele sch\u00f6ne Sehensw\u00fcrdigkeiten.<\/p>\n<p><img decoding=\"async\" class=\"alignnone wp-image-25025 size-full\" src=\"https:\/\/www.people-abroad.de\/blog\/wp-content\/uploads\/2021\/12\/schum-staedte-speyer-worms-mainz-34-1024x681-1.jpg\" alt=\"Neue Synagoge Mainz Schum-St\u00e4dte Romantic Cities\" width=\"1024\" height=\"681\" srcset=\"https:\/\/www.people-abroad.de\/blog\/wp-content\/uploads\/2021\/12\/schum-staedte-speyer-worms-mainz-34-1024x681-1.jpg 1024w, https:\/\/www.people-abroad.de\/blog\/wp-content\/uploads\/2021\/12\/schum-staedte-speyer-worms-mainz-34-1024x681-1-300x200.jpg 300w, https:\/\/www.people-abroad.de\/blog\/wp-content\/uploads\/2021\/12\/schum-staedte-speyer-worms-mainz-34-1024x681-1-768x511.jpg 768w, https:\/\/www.people-abroad.de\/blog\/wp-content\/uploads\/2021\/12\/schum-staedte-speyer-worms-mainz-34-1024x681-1-400x266.jpg 400w\" sizes=\"(max-width: 1024px) 100vw, 1024px\" \/><\/p>\n<p>Den Artikel \u00fcber die St\u00e4dteziele findest du hier: <a href=\"https:\/\/www.people-abroad.de\/blog\/schum-staedte-speyer-worms-mainz\/\">Die SchUM-St\u00e4dte Speyer, Worms und Mainz<\/a><\/p>\n<h2><span class=\"ez-toc-section\" id=\"Mein_schoenstes_Foto_2021\"><\/span>Mein sch\u00f6nstes Foto 2021<span class=\"ez-toc-section-end\"><\/span><\/h2>\n<p><img decoding=\"async\" class=\"alignnone wp-image-25030 size-full\" src=\"https:\/\/www.people-abroad.de\/blog\/wp-content\/uploads\/2021\/12\/donon-wandern-berg-vogesen-elsass-2-1024x681-2.jpg\" alt=\"Donon Gipfel Vogesen Elsass Frankreich\" width=\"1024\" height=\"681\" srcset=\"https:\/\/www.people-abroad.de\/blog\/wp-content\/uploads\/2021\/12\/donon-wandern-berg-vogesen-elsass-2-1024x681-2.jpg 1024w, https:\/\/www.people-abroad.de\/blog\/wp-content\/uploads\/2021\/12\/donon-wandern-berg-vogesen-elsass-2-1024x681-2-300x200.jpg 300w, https:\/\/www.people-abroad.de\/blog\/wp-content\/uploads\/2021\/12\/donon-wandern-berg-vogesen-elsass-2-1024x681-2-768x511.jpg 768w, https:\/\/www.people-abroad.de\/blog\/wp-content\/uploads\/2021\/12\/donon-wandern-berg-vogesen-elsass-2-1024x681-2-400x266.jpg 400w\" sizes=\"(max-width: 1024px) 100vw, 1024px\" \/><\/p>\n<p>Mein sch\u00f6nstes Foto 2021 m\u00fcssten eigentlich andere beurteilen. Ich habe jedenfalls ein Bild ausgew\u00e4hlt, weil das ein besonderer Moment in diesem Reisejahr f\u00fcr mich war. Auf meiner Wanderung zum Donon-Gipfel in den Vogesen am fr\u00fchen Morgen war es sehr neblig. Oben am Gipfel angekommen, tauchte der Donon-Tempel mitten aus dem Nebel auf &#8211; ein magischer Moment, weil sich um den &#8222;heiligen Vogesen-Berg&#8220; zahlreiche Mythen ranken.<\/p>\n<p>Das Foto unten habe ich hier noch erg\u00e4nzt, weil man auf ihm recht gut erkennen kann, wie unwirklich dieser Tempel im griechischen Baustil im Nebel ausgesehen hat. Bei gutem Wetter soll man vom Berggipfel eine tolle Fernsicht haben. Trotzdem bin ich happy, dass ich den Donon in dieser mystischen Stimmung kennenlernen durfte.<\/p>\n<p><img decoding=\"async\" class=\"alignnone wp-image-25031 size-full\" src=\"https:\/\/www.people-abroad.de\/blog\/wp-content\/uploads\/2021\/12\/donon-wandern-berg-vogesen-elsass-4-1024x681-2.jpg\" alt=\"Donon Gipfel Vogesen Elsass Frankreich\" width=\"1024\" height=\"681\" srcset=\"https:\/\/www.people-abroad.de\/blog\/wp-content\/uploads\/2021\/12\/donon-wandern-berg-vogesen-elsass-4-1024x681-2.jpg 1024w, https:\/\/www.people-abroad.de\/blog\/wp-content\/uploads\/2021\/12\/donon-wandern-berg-vogesen-elsass-4-1024x681-2-300x200.jpg 300w, https:\/\/www.people-abroad.de\/blog\/wp-content\/uploads\/2021\/12\/donon-wandern-berg-vogesen-elsass-4-1024x681-2-768x511.jpg 768w, https:\/\/www.people-abroad.de\/blog\/wp-content\/uploads\/2021\/12\/donon-wandern-berg-vogesen-elsass-4-1024x681-2-400x266.jpg 400w\" sizes=\"(max-width: 1024px) 100vw, 1024px\" \/><\/p>\n<p>Den Artikel \u00fcber die Wanderung findest du hier: <a href=\"https:\/\/www.people-abroad.de\/blog\/donon-wandern-vogesen\/\">Donon &#8211; Wanderung zum mystischen Vogesen-Gipfel<\/a>.<\/p>\n<p>Abschlie\u00dfend hoffe ich, dass ich dir mit meiner R\u00fcckschau Lust machen konnte auf die hier vorgestellten St\u00e4dte und Regionen. Im Folgenden findest du weitere Beitr\u00e4ge von Bloggerkollegen zur Fotoparade:<\/p>\n<p>Jansens Pott: <a href=\"https:\/\/www.jansens-pott.de\/top-fotos-2021\/\">Unsere sch\u00f6nsten Fotos aus dem Jahr 2021<\/a><br \/>\nSmiles from abroad: <a href=\"https:\/\/www.smilesfromabroad.at\/fotoparade-lieblingsfotos-2021\/\">Meine Lieblingsfotos 2021 &#8211; Fotoparade<\/a><br \/>\nReisewut: <a href=\"https:\/\/www.reisewut.com\/die-schoensten-fotos\/\">Die sch\u00f6nsten Fotos aus einem Jahr<\/a><br \/>\nTravelsanne: <a href=\"https:\/\/travelsanne.de\/fotoparade-2021-unsere-schoensten-reisebilder\/\">Unser Jahresr\u00fcckblick zur Fotoparade 2021<\/a><br \/>\nGo on travel: <a href=\"https:\/\/www.goontravel.de\/fotografie-jahresrueckblick-2021\/\">Unsere sch\u00f6nsten Fotos aus 2021<\/a><\/p>\n<p>Alle Artikel zur aktuellen Fotoparade von Michael findest du hier: <a href=\"https:\/\/www.erkunde-die-welt.de\/2021\/10\/01\/beste-fotos-2021-fotoparade\/\">Erkunde die Welt &#8211; Fotoparade 2021<\/a>.<\/p>\n<h2><span class=\"ez-toc-section\" id=\"Meine_Reisefotos_auf_Instagram\"><\/span>Meine Reisefotos auf Instagram<span class=\"ez-toc-section-end\"><\/span><\/h2>\n<p><img decoding=\"async\" class=\"alignnone wp-image-25027 size-large\" src=\"https:\/\/www.people-abroad.de\/blog\/wp-content\/uploads\/2021\/12\/people-abroad-blog-instagram-1024x599.jpg\" alt=\"People Abroad Blog Instagram \" width=\"1024\" height=\"599\" srcset=\"https:\/\/www.people-abroad.de\/blog\/wp-content\/uploads\/2021\/12\/people-abroad-blog-instagram-1024x599.jpg 1024w, https:\/\/www.people-abroad.de\/blog\/wp-content\/uploads\/2021\/12\/people-abroad-blog-instagram-300x176.jpg 300w, https:\/\/www.people-abroad.de\/blog\/wp-content\/uploads\/2021\/12\/people-abroad-blog-instagram-768x449.jpg 768w, https:\/\/www.people-abroad.de\/blog\/wp-content\/uploads\/2021\/12\/people-abroad-blog-instagram-400x234.jpg 400w, https:\/\/www.people-abroad.de\/blog\/wp-content\/uploads\/2021\/12\/people-abroad-blog-instagram.jpg 1200w\" sizes=\"(max-width: 1024px) 100vw, 1024px\" \/><\/p>\n<p>Du hast Lust auf mehr Reisefotos? Dann folge mir gerne auf Instagram. Dort poste ich regelm\u00e4\u00dfig \u00fcber meine Reisen, Touren und Ausfl\u00fcge. Du findest mich hier:\u00a0<a href=\"https:\/\/www.instagram.com\/people.abroad\/\">People Abroad auf Instagram<\/a><\/p>\n<p>Wie war dein Reisejahr? Welches der hier erw\u00e4hnten Ziele hast du schon besucht? Wom\u00f6glich hast du auch an der Fotoparade teilgenommen? Ich freue mich \u00fcber deinen Kommentar!<\/p>\n<p><a href=\"https:\/\/www.people-abroad.de\/blog\/ein-reisejahr-in-bildern-2022\/\">Mein Beitrag zur Fotoparade 2022<\/a><br \/>\n<a href=\"https:\/\/www.people-abroad.de\/blog\/ein-reisejahr-in-bildern\/\">Mein Beitrag zur Fotoparade 2020<\/a><br \/>\n<a href=\"https:\/\/www.people-abroad.de\/blog\/fotoparade-reisefotos\/\">Mein Beitrag zur Fotoparade 2019<\/a><\/p>\n<p><img decoding=\"async\" class=\"alignnone wp-image-25160 size-medium\" src=\"https:\/\/www.people-abroad.de\/blog\/wp-content\/uploads\/2022\/01\/reisefotos-200x300.jpg\" alt=\"Tipps f\u00fcr Reisefotografie, Reisefotos und Reiseziele zum Fotografieren in Deutschland und Europa.\" width=\"200\" height=\"300\" srcset=\"https:\/\/www.people-abroad.de\/blog\/wp-content\/uploads\/2022\/01\/reisefotos-200x300.jpg 200w, https:\/\/www.people-abroad.de\/blog\/wp-content\/uploads\/2022\/01\/reisefotos-683x1024.jpg 683w, https:\/\/www.people-abroad.de\/blog\/wp-content\/uploads\/2022\/01\/reisefotos-267x400.jpg 267w, https:\/\/www.people-abroad.de\/blog\/wp-content\/uploads\/2022\/01\/reisefotos.jpg 735w\" sizes=\"(max-width: 200px) 100vw, 200px\" \/><\/p>\n","protected":false},"excerpt":{"rendered":"<p>Ein weiteres ungew\u00f6hnliches Reisejahr geht zu Ende. Mein pers\u00f6nlicher R\u00fcckblick soll Lust machen auf die hier vorgestellten St\u00e4dte und Regionen. Das Reisejahr 2021 in Bildern.<\/p>\n","protected":false},"author":1,"featured_media":0,"comment_status":"open","ping_status":"open","sticky":false,"template":"","format":"standard","meta":{"_monsterinsights_skip_tracking":false,"_monsterinsights_sitenote_active":false,"_monsterinsights_sitenote_note":"","_monsterinsights_sitenote_category":0,"footnotes":""},"categories":[2131],"tags":[2155,527],"class_list":["post-24046","post","type-post","status-publish","format-standard","hentry","category-rhein-neckar-region","tag-fotoparade","tag-reisefotografie"],"yoast_head":"<!-- This site is optimized with the Yoast SEO plugin v27.5 - https:\/\/yoast.com\/product\/yoast-seo-wordpress\/ -->\n<title>Ein Reisejahr in Bildern - R\u00fcckblick &amp; Fotoparade - People Abroad<\/title>\n<meta name=\"description\" content=\"Ein Reisejahr in Bildern: Mein R\u00fcckblick soll gleichzeitig auch Lust machen auf die im Artikel beschriebenen St\u00e4dte und Regionen.\" \/>\n<meta name=\"robots\" content=\"noindex, follow\" \/>\n<meta property=\"og:locale\" content=\"de_DE\" \/>\n<meta property=\"og:type\" content=\"article\" \/>\n<meta property=\"og:title\" content=\"Ein Reisejahr in Bildern - R\u00fcckblick &amp; Fotoparade - People Abroad\" \/>\n<meta property=\"og:description\" content=\"Ein Reisejahr in Bildern: Mein R\u00fcckblick soll gleichzeitig auch Lust machen auf die im Artikel beschriebenen St\u00e4dte und Regionen.\" \/>\n<meta property=\"og:url\" content=\"https:\/\/www.people-abroad.de\/blog\/reisejahr-in-bildern\/\" \/>\n<meta property=\"og:site_name\" content=\"People Abroad\" \/>\n<meta property=\"article:publisher\" content=\"https:\/\/www.facebook.com\/menschen.international\/\" \/>\n<meta property=\"article:author\" content=\"https:\/\/www.facebook.com\/menschen.international\/\" \/>\n<meta property=\"article:published_time\" content=\"2021-12-29T08:15:19+00:00\" \/>\n<meta property=\"article:modified_time\" content=\"2024-10-06T07:21:00+00:00\" \/>\n<meta property=\"og:image\" content=\"https:\/\/www.people-abroad.de\/blog\/wp-content\/uploads\/2021\/12\/tannheimer-tal-wandern-12-1024x681-1.jpg\" \/>\n<meta name=\"author\" content=\"Heiko M\u00fcller\" \/>\n<meta name=\"twitter:card\" content=\"summary_large_image\" \/>\n<meta name=\"twitter:creator\" content=\"@People_Abroad\" \/>\n<meta name=\"twitter:site\" content=\"@People_Abroad\" \/>\n<meta name=\"twitter:label1\" content=\"Verfasst von\" \/>\n\t<meta name=\"twitter:data1\" content=\"Heiko M\u00fcller\" \/>\n\t<meta name=\"twitter:label2\" content=\"Gesch\u00e4tzte Lesezeit\" \/>\n\t<meta name=\"twitter:data2\" content=\"15\u00a0Minuten\" \/>\n<script type=\"application\/ld+json\" class=\"yoast-schema-graph\">{\"@context\":\"https:\\\/\\\/schema.org\",\"@graph\":[{\"@type\":\"Article\",\"@id\":\"https:\\\/\\\/www.people-abroad.de\\\/blog\\\/reisejahr-in-bildern\\\/#article\",\"isPartOf\":{\"@id\":\"https:\\\/\\\/www.people-abroad.de\\\/blog\\\/reisejahr-in-bildern\\\/\"},\"author\":{\"name\":\"Heiko M\u00fcller\",\"@id\":\"https:\\\/\\\/www.people-abroad.de\\\/blog\\\/#\\\/schema\\\/person\\\/2a518a154d93ee6cf0b146bc327329b3\"},\"headline\":\"Ein Reisejahr in Bildern &#8211; R\u00fcckblick &#038; Fotoparade\",\"datePublished\":\"2021-12-29T08:15:19+00:00\",\"dateModified\":\"2024-10-06T07:21:00+00:00\",\"mainEntityOfPage\":{\"@id\":\"https:\\\/\\\/www.people-abroad.de\\\/blog\\\/reisejahr-in-bildern\\\/\"},\"wordCount\":1855,\"commentCount\":2,\"publisher\":{\"@id\":\"https:\\\/\\\/www.people-abroad.de\\\/blog\\\/#\\\/schema\\\/person\\\/2a518a154d93ee6cf0b146bc327329b3\"},\"image\":{\"@id\":\"https:\\\/\\\/www.people-abroad.de\\\/blog\\\/reisejahr-in-bildern\\\/#primaryimage\"},\"thumbnailUrl\":\"https:\\\/\\\/www.people-abroad.de\\\/blog\\\/wp-content\\\/uploads\\\/2021\\\/12\\\/tannheimer-tal-wandern-12-1024x681-1.jpg\",\"keywords\":[\"Fotoparade\",\"Reisefotografie\"],\"articleSection\":[\"Rhein-Neckar-Region\"],\"inLanguage\":\"de\",\"potentialAction\":[{\"@type\":\"CommentAction\",\"name\":\"Comment\",\"target\":[\"https:\\\/\\\/www.people-abroad.de\\\/blog\\\/reisejahr-in-bildern\\\/#respond\"]}]},{\"@type\":\"WebPage\",\"@id\":\"https:\\\/\\\/www.people-abroad.de\\\/blog\\\/reisejahr-in-bildern\\\/\",\"url\":\"https:\\\/\\\/www.people-abroad.de\\\/blog\\\/reisejahr-in-bildern\\\/\",\"name\":\"Ein Reisejahr in Bildern - R\u00fcckblick & Fotoparade - People Abroad\",\"isPartOf\":{\"@id\":\"https:\\\/\\\/www.people-abroad.de\\\/blog\\\/#website\"},\"primaryImageOfPage\":{\"@id\":\"https:\\\/\\\/www.people-abroad.de\\\/blog\\\/reisejahr-in-bildern\\\/#primaryimage\"},\"image\":{\"@id\":\"https:\\\/\\\/www.people-abroad.de\\\/blog\\\/reisejahr-in-bildern\\\/#primaryimage\"},\"thumbnailUrl\":\"https:\\\/\\\/www.people-abroad.de\\\/blog\\\/wp-content\\\/uploads\\\/2021\\\/12\\\/tannheimer-tal-wandern-12-1024x681-1.jpg\",\"datePublished\":\"2021-12-29T08:15:19+00:00\",\"dateModified\":\"2024-10-06T07:21:00+00:00\",\"description\":\"Ein Reisejahr in Bildern: Mein R\u00fcckblick soll gleichzeitig auch Lust machen auf die im Artikel beschriebenen St\u00e4dte und Regionen.\",\"breadcrumb\":{\"@id\":\"https:\\\/\\\/www.people-abroad.de\\\/blog\\\/reisejahr-in-bildern\\\/#breadcrumb\"},\"inLanguage\":\"de\",\"potentialAction\":[{\"@type\":\"ReadAction\",\"target\":[\"https:\\\/\\\/www.people-abroad.de\\\/blog\\\/reisejahr-in-bildern\\\/\"]}]},{\"@type\":\"ImageObject\",\"inLanguage\":\"de\",\"@id\":\"https:\\\/\\\/www.people-abroad.de\\\/blog\\\/reisejahr-in-bildern\\\/#primaryimage\",\"url\":\"https:\\\/\\\/www.people-abroad.de\\\/blog\\\/wp-content\\\/uploads\\\/2021\\\/12\\\/tannheimer-tal-wandern-12-1024x681-1.jpg\",\"contentUrl\":\"https:\\\/\\\/www.people-abroad.de\\\/blog\\\/wp-content\\\/uploads\\\/2021\\\/12\\\/tannheimer-tal-wandern-12-1024x681-1.jpg\",\"width\":1024,\"height\":681},{\"@type\":\"BreadcrumbList\",\"@id\":\"https:\\\/\\\/www.people-abroad.de\\\/blog\\\/reisejahr-in-bildern\\\/#breadcrumb\",\"itemListElement\":[{\"@type\":\"ListItem\",\"position\":1,\"name\":\"Startseite\",\"item\":\"https:\\\/\\\/www.people-abroad.de\\\/blog\\\/\"},{\"@type\":\"ListItem\",\"position\":2,\"name\":\"Ein Reisejahr in Bildern &#8211; R\u00fcckblick &#038; Fotoparade\"}]},{\"@type\":\"WebSite\",\"@id\":\"https:\\\/\\\/www.people-abroad.de\\\/blog\\\/#website\",\"url\":\"https:\\\/\\\/www.people-abroad.de\\\/blog\\\/\",\"name\":\"People Abroad\",\"description\":\"Reiseblog\",\"publisher\":{\"@id\":\"https:\\\/\\\/www.people-abroad.de\\\/blog\\\/#\\\/schema\\\/person\\\/2a518a154d93ee6cf0b146bc327329b3\"},\"potentialAction\":[{\"@type\":\"SearchAction\",\"target\":{\"@type\":\"EntryPoint\",\"urlTemplate\":\"https:\\\/\\\/www.people-abroad.de\\\/blog\\\/?s={search_term_string}\"},\"query-input\":{\"@type\":\"PropertyValueSpecification\",\"valueRequired\":true,\"valueName\":\"search_term_string\"}}],\"inLanguage\":\"de\"},{\"@type\":[\"Person\",\"Organization\"],\"@id\":\"https:\\\/\\\/www.people-abroad.de\\\/blog\\\/#\\\/schema\\\/person\\\/2a518a154d93ee6cf0b146bc327329b3\",\"name\":\"Heiko M\u00fcller\",\"logo\":{\"@id\":\"https:\\\/\\\/www.people-abroad.de\\\/blog\\\/#\\\/schema\\\/person\\\/image\\\/\"},\"description\":\"Ich bin Reiseblogger, Content Creator und Redakteur. Auf Reisen erkunde ich gerne neue Regionen, St\u00e4dte und Orte beim Fotografieren, Wandern und Radfahren. F\u00fcr weitere Reisetipps folge mir auf Instagram. Mehr Infos zum Blog findest du hier: https:\\\/\\\/www.people-abroad.de\\\/blog\\\/pr-media\\\/. Kontakt: h.mueller@people-abroad.de\",\"sameAs\":[\"https:\\\/\\\/www.people-abroad.de\\\/blog\\\/\",\"https:\\\/\\\/www.facebook.com\\\/menschen.international\\\/\",\"https:\\\/\\\/www.instagram.com\\\/people.abroad\\\/\",\"https:\\\/\\\/www.linkedin.com\\\/in\\\/muellerheiko\\\/\",\"https:\\\/\\\/www.pinterest.de\\\/peopleabroad\\\/\",\"https:\\\/\\\/x.com\\\/People_Abroad\",\"https:\\\/\\\/www.youtube.com\\\/user\\\/MenschenInt\"],\"url\":\"https:\\\/\\\/www.people-abroad.de\\\/blog\\\/author\\\/admin\\\/\"}]}<\/script>\n<!-- \/ Yoast SEO plugin. -->","yoast_head_json":{"title":"Ein Reisejahr in Bildern - R\u00fcckblick & Fotoparade - People Abroad","description":"Ein Reisejahr in Bildern: Mein R\u00fcckblick soll gleichzeitig auch Lust machen auf die im Artikel beschriebenen St\u00e4dte und Regionen.","robots":{"index":"noindex","follow":"follow"},"og_locale":"de_DE","og_type":"article","og_title":"Ein Reisejahr in Bildern - R\u00fcckblick & Fotoparade - People Abroad","og_description":"Ein Reisejahr in Bildern: Mein R\u00fcckblick soll gleichzeitig auch Lust machen auf die im Artikel beschriebenen St\u00e4dte und Regionen.","og_url":"https:\/\/www.people-abroad.de\/blog\/reisejahr-in-bildern\/","og_site_name":"People Abroad","article_publisher":"https:\/\/www.facebook.com\/menschen.international\/","article_author":"https:\/\/www.facebook.com\/menschen.international\/","article_published_time":"2021-12-29T08:15:19+00:00","article_modified_time":"2024-10-06T07:21:00+00:00","og_image":[{"url":"https:\/\/www.people-abroad.de\/blog\/wp-content\/uploads\/2021\/12\/tannheimer-tal-wandern-12-1024x681-1.jpg","type":"","width":"","height":""}],"author":"Heiko M\u00fcller","twitter_card":"summary_large_image","twitter_creator":"@People_Abroad","twitter_site":"@People_Abroad","twitter_misc":{"Verfasst von":"Heiko M\u00fcller","Gesch\u00e4tzte Lesezeit":"15\u00a0Minuten"},"schema":{"@context":"https:\/\/schema.org","@graph":[{"@type":"Article","@id":"https:\/\/www.people-abroad.de\/blog\/reisejahr-in-bildern\/#article","isPartOf":{"@id":"https:\/\/www.people-abroad.de\/blog\/reisejahr-in-bildern\/"},"author":{"name":"Heiko M\u00fcller","@id":"https:\/\/www.people-abroad.de\/blog\/#\/schema\/person\/2a518a154d93ee6cf0b146bc327329b3"},"headline":"Ein Reisejahr in Bildern &#8211; R\u00fcckblick &#038; Fotoparade","datePublished":"2021-12-29T08:15:19+00:00","dateModified":"2024-10-06T07:21:00+00:00","mainEntityOfPage":{"@id":"https:\/\/www.people-abroad.de\/blog\/reisejahr-in-bildern\/"},"wordCount":1855,"commentCount":2,"publisher":{"@id":"https:\/\/www.people-abroad.de\/blog\/#\/schema\/person\/2a518a154d93ee6cf0b146bc327329b3"},"image":{"@id":"https:\/\/www.people-abroad.de\/blog\/reisejahr-in-bildern\/#primaryimage"},"thumbnailUrl":"https:\/\/www.people-abroad.de\/blog\/wp-content\/uploads\/2021\/12\/tannheimer-tal-wandern-12-1024x681-1.jpg","keywords":["Fotoparade","Reisefotografie"],"articleSection":["Rhein-Neckar-Region"],"inLanguage":"de","potentialAction":[{"@type":"CommentAction","name":"Comment","target":["https:\/\/www.people-abroad.de\/blog\/reisejahr-in-bildern\/#respond"]}]},{"@type":"WebPage","@id":"https:\/\/www.people-abroad.de\/blog\/reisejahr-in-bildern\/","url":"https:\/\/www.people-abroad.de\/blog\/reisejahr-in-bildern\/","name":"Ein Reisejahr in Bildern - R\u00fcckblick & Fotoparade - People Abroad","isPartOf":{"@id":"https:\/\/www.people-abroad.de\/blog\/#website"},"primaryImageOfPage":{"@id":"https:\/\/www.people-abroad.de\/blog\/reisejahr-in-bildern\/#primaryimage"},"image":{"@id":"https:\/\/www.people-abroad.de\/blog\/reisejahr-in-bildern\/#primaryimage"},"thumbnailUrl":"https:\/\/www.people-abroad.de\/blog\/wp-content\/uploads\/2021\/12\/tannheimer-tal-wandern-12-1024x681-1.jpg","datePublished":"2021-12-29T08:15:19+00:00","dateModified":"2024-10-06T07:21:00+00:00","description":"Ein Reisejahr in Bildern: Mein R\u00fcckblick soll gleichzeitig auch Lust machen auf die im Artikel beschriebenen St\u00e4dte und Regionen.","breadcrumb":{"@id":"https:\/\/www.people-abroad.de\/blog\/reisejahr-in-bildern\/#breadcrumb"},"inLanguage":"de","potentialAction":[{"@type":"ReadAction","target":["https:\/\/www.people-abroad.de\/blog\/reisejahr-in-bildern\/"]}]},{"@type":"ImageObject","inLanguage":"de","@id":"https:\/\/www.people-abroad.de\/blog\/reisejahr-in-bildern\/#primaryimage","url":"https:\/\/www.people-abroad.de\/blog\/wp-content\/uploads\/2021\/12\/tannheimer-tal-wandern-12-1024x681-1.jpg","contentUrl":"https:\/\/www.people-abroad.de\/blog\/wp-content\/uploads\/2021\/12\/tannheimer-tal-wandern-12-1024x681-1.jpg","width":1024,"height":681},{"@type":"BreadcrumbList","@id":"https:\/\/www.people-abroad.de\/blog\/reisejahr-in-bildern\/#breadcrumb","itemListElement":[{"@type":"ListItem","position":1,"name":"Startseite","item":"https:\/\/www.people-abroad.de\/blog\/"},{"@type":"ListItem","position":2,"name":"Ein Reisejahr in Bildern &#8211; R\u00fcckblick &#038; Fotoparade"}]},{"@type":"WebSite","@id":"https:\/\/www.people-abroad.de\/blog\/#website","url":"https:\/\/www.people-abroad.de\/blog\/","name":"People Abroad","description":"Reiseblog","publisher":{"@id":"https:\/\/www.people-abroad.de\/blog\/#\/schema\/person\/2a518a154d93ee6cf0b146bc327329b3"},"potentialAction":[{"@type":"SearchAction","target":{"@type":"EntryPoint","urlTemplate":"https:\/\/www.people-abroad.de\/blog\/?s={search_term_string}"},"query-input":{"@type":"PropertyValueSpecification","valueRequired":true,"valueName":"search_term_string"}}],"inLanguage":"de"},{"@type":["Person","Organization"],"@id":"https:\/\/www.people-abroad.de\/blog\/#\/schema\/person\/2a518a154d93ee6cf0b146bc327329b3","name":"Heiko M\u00fcller","logo":{"@id":"https:\/\/www.people-abroad.de\/blog\/#\/schema\/person\/image\/"},"description":"Ich bin Reiseblogger, Content Creator und Redakteur. Auf Reisen erkunde ich gerne neue Regionen, St\u00e4dte und Orte beim Fotografieren, Wandern und Radfahren. F\u00fcr weitere Reisetipps folge mir auf Instagram. Mehr Infos zum Blog findest du hier: https:\/\/www.people-abroad.de\/blog\/pr-media\/. Kontakt: h.mueller@people-abroad.de","sameAs":["https:\/\/www.people-abroad.de\/blog\/","https:\/\/www.facebook.com\/menschen.international\/","https:\/\/www.instagram.com\/people.abroad\/","https:\/\/www.linkedin.com\/in\/muellerheiko\/","https:\/\/www.pinterest.de\/peopleabroad\/","https:\/\/x.com\/People_Abroad","https:\/\/www.youtube.com\/user\/MenschenInt"],"url":"https:\/\/www.people-abroad.de\/blog\/author\/admin\/"}]}},"_links":{"self":[{"href":"https:\/\/www.people-abroad.de\/blog\/wp-json\/wp\/v2\/posts\/24046","targetHints":{"allow":["GET"]}}],"collection":[{"href":"https:\/\/www.people-abroad.de\/blog\/wp-json\/wp\/v2\/posts"}],"about":[{"href":"https:\/\/www.people-abroad.de\/blog\/wp-json\/wp\/v2\/types\/post"}],"author":[{"embeddable":true,"href":"https:\/\/www.people-abroad.de\/blog\/wp-json\/wp\/v2\/users\/1"}],"replies":[{"embeddable":true,"href":"https:\/\/www.people-abroad.de\/blog\/wp-json\/wp\/v2\/comments?post=24046"}],"version-history":[{"count":3,"href":"https:\/\/www.people-abroad.de\/blog\/wp-json\/wp\/v2\/posts\/24046\/revisions"}],"predecessor-version":[{"id":29243,"href":"https:\/\/www.people-abroad.de\/blog\/wp-json\/wp\/v2\/posts\/24046\/revisions\/29243"}],"wp:attachment":[{"href":"https:\/\/www.people-abroad.de\/blog\/wp-json\/wp\/v2\/media?parent=24046"}],"wp:term":[{"taxonomy":"category","embeddable":true,"href":"https:\/\/www.people-abroad.de\/blog\/wp-json\/wp\/v2\/categories?post=24046"},{"taxonomy":"post_tag","embeddable":true,"href":"https:\/\/www.people-abroad.de\/blog\/wp-json\/wp\/v2\/tags?post=24046"}],"curies":[{"name":"wp","href":"https:\/\/api.w.org\/{rel}","templated":true}]}}