{"id":23738,"date":"2021-10-16T08:25:56","date_gmt":"2021-10-16T06:25:56","guid":{"rendered":"https:\/\/www.people-abroad.de\/blog\/?p=23738"},"modified":"2024-08-09T08:32:19","modified_gmt":"2024-08-09T06:32:19","slug":"donon-wandern-vogesen","status":"publish","type":"post","link":"https:\/\/www.people-abroad.de\/blog\/donon-wandern-vogesen\/","title":{"rendered":"Donon: Wanderung zum mystischen Vogesen-Gipfel"},"content":{"rendered":"<div id=\"ez-toc-container\" class=\"ez-toc-v2_0_82_2 counter-flat ez-toc-counter ez-toc-grey ez-toc-container-direction\">\n<div class=\"ez-toc-title-container\">\n<p class=\"ez-toc-title\" style=\"cursor:inherit\">Inhaltsverzeichnis<\/p>\n<span class=\"ez-toc-title-toggle\"><a href=\"#\" class=\"ez-toc-pull-right ez-toc-btn ez-toc-btn-xs ez-toc-btn-default ez-toc-toggle\" aria-label=\"Toggle Table of Content\"><span class=\"ez-toc-js-icon-con\"><span class=\"\"><span class=\"eztoc-hide\" style=\"display:none;\">Toggle<\/span><span class=\"ez-toc-icon-toggle-span\"><svg style=\"fill: #999;color:#999\" xmlns=\"http:\/\/www.w3.org\/2000\/svg\" class=\"list-377408\" width=\"20px\" height=\"20px\" viewBox=\"0 0 24 24\" fill=\"none\"><path d=\"M6 6H4v2h2V6zm14 0H8v2h12V6zM4 11h2v2H4v-2zm16 0H8v2h12v-2zM4 16h2v2H4v-2zm16 0H8v2h12v-2z\" fill=\"currentColor\"><\/path><\/svg><svg style=\"fill: #999;color:#999\" class=\"arrow-unsorted-368013\" xmlns=\"http:\/\/www.w3.org\/2000\/svg\" width=\"10px\" height=\"10px\" viewBox=\"0 0 24 24\" version=\"1.2\" baseProfile=\"tiny\"><path d=\"M18.2 9.3l-6.2-6.3-6.2 6.3c-.2.2-.3.4-.3.7s.1.5.3.7c.2.2.4.3.7.3h11c.3 0 .5-.1.7-.3.2-.2.3-.5.3-.7s-.1-.5-.3-.7zM5.8 14.7l6.2 6.3 6.2-6.3c.2-.2.3-.5.3-.7s-.1-.5-.3-.7c-.2-.2-.4-.3-.7-.3h-11c-.3 0-.5.1-.7.3-.2.2-.3.5-.3.7s.1.5.3.7z\"\/><\/svg><\/span><\/span><\/span><\/a><\/span><\/div>\n<nav><ul class='ez-toc-list ez-toc-list-level-1 eztoc-toggle-hide-by-default' ><li class='ez-toc-page-1'><a class=\"ez-toc-link ez-toc-heading-1\" href=\"https:\/\/www.people-abroad.de\/blog\/donon-wandern-vogesen\/#Vallee_de_la_Bruche_Schirmeck\" >Vall\u00e9e de la Bruche &amp; Schirmeck<\/a><\/li><li class='ez-toc-page-1'><a class=\"ez-toc-link ez-toc-heading-2\" href=\"https:\/\/www.people-abroad.de\/blog\/donon-wandern-vogesen\/#Donon_Wanderung_auf_den_Gipfel\" >Donon | Wanderung auf den Gipfel<\/a><\/li><li class='ez-toc-page-1'><a class=\"ez-toc-link ez-toc-heading-3\" href=\"https:\/\/www.people-abroad.de\/blog\/donon-wandern-vogesen\/#Escalier_de_lEmpereur\" >Escalier de l\u2019Emp\u00e9reur<\/a><\/li><li class='ez-toc-page-1'><a class=\"ez-toc-link ez-toc-heading-4\" href=\"https:\/\/www.people-abroad.de\/blog\/donon-wandern-vogesen\/#Donon_Gipfelplateau_mit_Legenden_Mythen\" >Donon | Gipfelplateau mit Legenden &amp; Mythen<\/a><\/li><li class='ez-toc-page-1'><a class=\"ez-toc-link ez-toc-heading-5\" href=\"https:\/\/www.people-abroad.de\/blog\/donon-wandern-vogesen\/#Rundweg_%E2%80%9ESentier_de_Decouverte%E2%80%9C\" >Rundweg &#8222;Sentier de D\u00e9couverte&#8220;<\/a><\/li><li class='ez-toc-page-1'><a class=\"ez-toc-link ez-toc-heading-6\" href=\"https:\/\/www.people-abroad.de\/blog\/donon-wandern-vogesen\/#Tempel_des_Donon\" >Tempel des Donon<\/a><\/li><li class='ez-toc-page-1'><a class=\"ez-toc-link ez-toc-heading-7\" href=\"https:\/\/www.people-abroad.de\/blog\/donon-wandern-vogesen\/#Wanderung_um_den_Col_de_la_Perheux\" >Wanderung um den Col de la Perheux<\/a><\/li><li class='ez-toc-page-1'><a class=\"ez-toc-link ez-toc-heading-8\" href=\"https:\/\/www.people-abroad.de\/blog\/donon-wandern-vogesen\/#Col_de_la_Perheux\" >Col de la Perheux<\/a><\/li><\/ul><\/nav><\/div>\n<p><a href=\"https:\/\/www.people-abroad.de\/blog\/donon-wandern-vogesen\/\"><img decoding=\"async\" class=\"alignnone wp-image-24091 size-large\" src=\"https:\/\/www.people-abroad.de\/blog\/wp-content\/uploads\/2021\/10\/donon-wandern-berg-vogesen-elsass-2-1024x681.jpg\" alt=\"Donon Wandern Elsass Vogesen Berg Tempel\" width=\"1024\" height=\"681\" srcset=\"https:\/\/www.people-abroad.de\/blog\/wp-content\/uploads\/2021\/10\/donon-wandern-berg-vogesen-elsass-2-1024x681.jpg 1024w, https:\/\/www.people-abroad.de\/blog\/wp-content\/uploads\/2021\/10\/donon-wandern-berg-vogesen-elsass-2-300x200.jpg 300w, https:\/\/www.people-abroad.de\/blog\/wp-content\/uploads\/2021\/10\/donon-wandern-berg-vogesen-elsass-2-768x511.jpg 768w, https:\/\/www.people-abroad.de\/blog\/wp-content\/uploads\/2021\/10\/donon-wandern-berg-vogesen-elsass-2-400x266.jpg 400w, https:\/\/www.people-abroad.de\/blog\/wp-content\/uploads\/2021\/10\/donon-wandern-berg-vogesen-elsass-2.jpg 1200w\" sizes=\"(max-width: 1024px) 100vw, 1024px\" \/><\/a><\/p>\n<p>[Werbung] Der Donon mit seinem Tempel auf dem Gipfel ist ein faszinierender Ort in den Vogesen. Hier findest du Infos f\u00fcr eine Wanderung auf den Donon und einen weiteren Wandertipp.<!--more--><span id=\"more-23541\"><\/span><span id=\"more-23199\"><\/span><\/p>\n<p>&nbsp;<\/p>\n<p>Kooperation | Visit Alsace<\/p>\n<p class=\"LC20lb DKV0Md\">Der Donon ist mit seinen 1.009 m H\u00f6he der h\u00f6chste Punkt der unteren Vogesen und schon von weitem sichtbar. Um den Gebirgsstock ranken sich zahlreiche Sagen und Mythen. Man spricht deshalb auch vom &#8222;heiligen Berg&#8220; der Vogesen.<\/p>\n<p>Schon in der Fr\u00fchzeit geh\u00f6rte er zu den mystischen St\u00e4tten und Kraftorten. Der Name Donon (deutsch: Hohe Donne) stammt vom keltischen &#8222;Dun&#8220;, der Bezeichnung f\u00fcr Berg und Befestigung. Die R\u00f6mer weihten diesen Ort dem Gott Merkur. Sp\u00e4ter lie\u00df Napoleon III. auf dem Gipfel die Nachahmung eines antiken Tempels bauen &#8211; das heutige Wahrzeichen des Donon.<\/p>\n<p>Vom Gipfel aus kann man bei guter Sicht die Vogesen, den Schwarzwald und die Rheinebene sehen. Am Fu\u00dfe des Berges entspringen verschiedene Fl\u00fcsse, die sich durch idyllische T\u00e4ler winden. Am Donon grenzen die Provinzen Elsass und Lothringen aneinander. Die Region bietet ein ausgedehntes Netz an Wanderwegen mit unterschiedlicher L\u00e4nge.<\/p>\n<p>In diesem Artikel findest du eine Tourenbeschreibung f\u00fcr eine Wanderung auf den Donon und einen zus\u00e4tzlichen Wandertipp f\u00fcr die Region. Die Donon-Wanderung l\u00e4sst sich gut mit einer Tour auf einen weiteren Vogesen-Gipfel verbinden. Lesetipp: <a href=\"https:\/\/www.people-abroad.de\/blog\/grand-ballon-wandern-guebwiller\/\">Grand Ballon: Wandern in der Region Guebwiller<\/a><\/p>\n<p>Weitere Artikel \u00fcber die Region gibt es hier:<br \/>\n<a href=\"https:\/\/www.people-abroad.de\/blog\/elsass-vogesen-schoene-orte-staedte\/\">Die sch\u00f6nsten Orte und St\u00e4dte im Elsass<\/a><br \/>\n<a href=\"https:\/\/www.people-abroad.de\/blog\/elsass-vogesen-wandern\/\">Elsass Tipps: Wandern in den Vogesen<\/a><\/p>\n<h2><span class=\"ez-toc-section\" id=\"Vallee_de_la_Bruche_Schirmeck\"><\/span>Vall\u00e9e de la Bruche &amp; Schirmeck<span class=\"ez-toc-section-end\"><\/span><\/h2>\n<p><img decoding=\"async\" class=\"alignnone wp-image-24103 size-large\" src=\"https:\/\/www.people-abroad.de\/blog\/wp-content\/uploads\/2021\/10\/donon-wandern-berg-vogesen-elsass-16-1024x681.jpg\" alt=\"Donon Wandern Elsass Vogesen Schirmeck Vallee de la Bruche\" width=\"1024\" height=\"681\" srcset=\"https:\/\/www.people-abroad.de\/blog\/wp-content\/uploads\/2021\/10\/donon-wandern-berg-vogesen-elsass-16-1024x681.jpg 1024w, https:\/\/www.people-abroad.de\/blog\/wp-content\/uploads\/2021\/10\/donon-wandern-berg-vogesen-elsass-16-300x200.jpg 300w, https:\/\/www.people-abroad.de\/blog\/wp-content\/uploads\/2021\/10\/donon-wandern-berg-vogesen-elsass-16-768x511.jpg 768w, https:\/\/www.people-abroad.de\/blog\/wp-content\/uploads\/2021\/10\/donon-wandern-berg-vogesen-elsass-16-400x266.jpg 400w, https:\/\/www.people-abroad.de\/blog\/wp-content\/uploads\/2021\/10\/donon-wandern-berg-vogesen-elsass-16.jpg 1200w\" sizes=\"(max-width: 1024px) 100vw, 1024px\" \/><\/p>\n<p>Das Vall\u00e9e de la Bruche liegt rund 40 Minuten s\u00fcdwestlich von Stra\u00dfburg. Seinen Namen hat es vom Fluss Bruche, den es durchzieht. Die Region bietet ein ausgedehntes Netz an Wanderwegen und lohnt sich auch zum Radfahren. Ein guter Ausgangspunkt f\u00fcr Aktivit\u00e4ten im Tal ist Schirmeck (Foto) und hier gibt es auch eine <a href=\"https:\/\/www.valleedelabruche.fr\/fr\/\">Tourist-Info<\/a> in der Grand Rue 114.<\/p>\n<h2><span class=\"ez-toc-section\" id=\"Donon_Wanderung_auf_den_Gipfel\"><\/span>Donon | Wanderung auf den Gipfel<span class=\"ez-toc-section-end\"><\/span><\/h2>\n<p><img decoding=\"async\" class=\"alignnone wp-image-24097 size-large\" src=\"https:\/\/www.people-abroad.de\/blog\/wp-content\/uploads\/2021\/10\/donon-wandern-berg-vogesen-elsass-9-1024x681.jpg\" alt=\"Donon Wandern Elsass Vogesen Berg\" width=\"1024\" height=\"681\" srcset=\"https:\/\/www.people-abroad.de\/blog\/wp-content\/uploads\/2021\/10\/donon-wandern-berg-vogesen-elsass-9-1024x681.jpg 1024w, https:\/\/www.people-abroad.de\/blog\/wp-content\/uploads\/2021\/10\/donon-wandern-berg-vogesen-elsass-9-300x200.jpg 300w, https:\/\/www.people-abroad.de\/blog\/wp-content\/uploads\/2021\/10\/donon-wandern-berg-vogesen-elsass-9-768x511.jpg 768w, https:\/\/www.people-abroad.de\/blog\/wp-content\/uploads\/2021\/10\/donon-wandern-berg-vogesen-elsass-9-400x266.jpg 400w, https:\/\/www.people-abroad.de\/blog\/wp-content\/uploads\/2021\/10\/donon-wandern-berg-vogesen-elsass-9.jpg 1200w\" sizes=\"(max-width: 1024px) 100vw, 1024px\" \/><\/p>\n<p>F\u00fcr den Gipfel des Donon empfiehlt sich eine mittelschwere Tour, die 4,5 km lang ist mit 270 hm und man sollte etwas mehr als 1,5 Stunden daf\u00fcr einplanen. Von Schirmeck aus ist der Donon ausgeschildert. Auf der D392 f\u00e4hrt man an Grandfontaine vorbei bis zum Logis Hotel de Velleda zum Parkplatz Col du Donon. Der Weg zum Gipfel startet in \u00f6stlicher Richtung.<\/p>\n<p><img decoding=\"async\" class=\"alignnone wp-image-24098 size-large\" src=\"https:\/\/www.people-abroad.de\/blog\/wp-content\/uploads\/2021\/10\/donon-wandern-berg-vogesen-elsass-10-1024x681.jpg\" alt=\"Donon Wandern Elsass Vogesen Berg Tempel\" width=\"1024\" height=\"681\" srcset=\"https:\/\/www.people-abroad.de\/blog\/wp-content\/uploads\/2021\/10\/donon-wandern-berg-vogesen-elsass-10-1024x681.jpg 1024w, https:\/\/www.people-abroad.de\/blog\/wp-content\/uploads\/2021\/10\/donon-wandern-berg-vogesen-elsass-10-300x200.jpg 300w, https:\/\/www.people-abroad.de\/blog\/wp-content\/uploads\/2021\/10\/donon-wandern-berg-vogesen-elsass-10-768x511.jpg 768w, https:\/\/www.people-abroad.de\/blog\/wp-content\/uploads\/2021\/10\/donon-wandern-berg-vogesen-elsass-10-400x266.jpg 400w, https:\/\/www.people-abroad.de\/blog\/wp-content\/uploads\/2021\/10\/donon-wandern-berg-vogesen-elsass-10.jpg 1200w\" sizes=\"(max-width: 1024px) 100vw, 1024px\" \/><\/p>\n<p>Der Wanderweg f\u00fchrt auf einem Pfad mit Steinen und Wurzeln durch ein sch\u00f6nen Mischwald. Trittsichere und rutschfeste Wanderschuhe sind empfehlenswert. Man \u00fcberquert die Gipfelstra\u00dfe 2x und passiert den Rocher a Bassins, einen gro\u00dfen Felsbrocken. Weitere gro\u00dfe Felsen und Steine gibt es auf und neben dem Weg, der teils dicht mit Farn bewachsen ist.<\/p>\n<h2><span class=\"ez-toc-section\" id=\"Escalier_de_lEmpereur\"><\/span>Escalier de l\u2019Emp\u00e9reur<span class=\"ez-toc-section-end\"><\/span><\/h2>\n<p><img decoding=\"async\" class=\"alignnone wp-image-24095 size-large\" src=\"https:\/\/www.people-abroad.de\/blog\/wp-content\/uploads\/2021\/10\/donon-wandern-berg-vogesen-elsass-8-1024x681.jpg\" alt=\"Donon Wandern Elsass Vogesen Berg Tempel\" width=\"1024\" height=\"681\" srcset=\"https:\/\/www.people-abroad.de\/blog\/wp-content\/uploads\/2021\/10\/donon-wandern-berg-vogesen-elsass-8-1024x681.jpg 1024w, https:\/\/www.people-abroad.de\/blog\/wp-content\/uploads\/2021\/10\/donon-wandern-berg-vogesen-elsass-8-300x200.jpg 300w, https:\/\/www.people-abroad.de\/blog\/wp-content\/uploads\/2021\/10\/donon-wandern-berg-vogesen-elsass-8-768x511.jpg 768w, https:\/\/www.people-abroad.de\/blog\/wp-content\/uploads\/2021\/10\/donon-wandern-berg-vogesen-elsass-8-400x266.jpg 400w, https:\/\/www.people-abroad.de\/blog\/wp-content\/uploads\/2021\/10\/donon-wandern-berg-vogesen-elsass-8.jpg 1200w\" sizes=\"(max-width: 1024px) 100vw, 1024px\" \/><\/p>\n<p>Hinauf geht es die &#8222;Escalier de l\u2019Emp\u00e9reur&#8220;, die von deutschen Soldaten im 1. Weltkrieg zu Ehren Kaiser Wilhelm II. gebaut wurde. Oben geht man links auf dem gepflasterten &#8222;Chemin des Sarrasins&#8220; weiter in Richtung Gipfelplateau. Nun ist es nicht mehr weit und die letzten Meter f\u00fchren weiter unter Tannen und Laubb\u00e4umen entlang den Berg hinauf auf einem Pfad.<\/p>\n<h2><span class=\"ez-toc-section\" id=\"Donon_Gipfelplateau_mit_Legenden_Mythen\"><\/span>Donon | Gipfelplateau mit Legenden &amp; Mythen<span class=\"ez-toc-section-end\"><\/span><\/h2>\n<p><img decoding=\"async\" class=\"alignnone wp-image-24094 size-large\" src=\"https:\/\/www.people-abroad.de\/blog\/wp-content\/uploads\/2021\/10\/donon-wandern-berg-vogesen-elsass-7-1024x681.jpg\" alt=\"Donon Wandern Elsass Vogesen Berg Tempel\" width=\"1024\" height=\"681\" srcset=\"https:\/\/www.people-abroad.de\/blog\/wp-content\/uploads\/2021\/10\/donon-wandern-berg-vogesen-elsass-7-1024x681.jpg 1024w, https:\/\/www.people-abroad.de\/blog\/wp-content\/uploads\/2021\/10\/donon-wandern-berg-vogesen-elsass-7-300x200.jpg 300w, https:\/\/www.people-abroad.de\/blog\/wp-content\/uploads\/2021\/10\/donon-wandern-berg-vogesen-elsass-7-768x511.jpg 768w, https:\/\/www.people-abroad.de\/blog\/wp-content\/uploads\/2021\/10\/donon-wandern-berg-vogesen-elsass-7-400x266.jpg 400w, https:\/\/www.people-abroad.de\/blog\/wp-content\/uploads\/2021\/10\/donon-wandern-berg-vogesen-elsass-7.jpg 1200w\" sizes=\"(max-width: 1024px) 100vw, 1024px\" \/><\/p>\n<p>Das Gipfelplateau ist eine ebene Fl\u00e4che mit Resten und Rekonstruktionen von keltischen und r\u00f6mischen Kultanlagen. Sie wurden dem Gott Vosegus geweiht, nach dem vermutlich die Vogesen benannt sind. Die arch\u00e4ologischen Originale sind in Museen in \u00c9pinal und Stra\u00dfburg zu sehen. Die sehenswerten Rekonstruktionen sind durch einen schmalen Pfad verbunden.<\/p>\n<h2><span class=\"ez-toc-section\" id=\"Rundweg_%E2%80%9ESentier_de_Decouverte%E2%80%9C\"><\/span>Rundweg &#8222;Sentier de D\u00e9couverte&#8220;<span class=\"ez-toc-section-end\"><\/span><\/h2>\n<p><img decoding=\"async\" class=\"alignnone wp-image-24092 size-large\" src=\"https:\/\/www.people-abroad.de\/blog\/wp-content\/uploads\/2021\/10\/donon-wandern-berg-vogesen-elsass-6-1024x681.jpg\" alt=\"Donon Wandern Elsass Vogesen Berg Tempel\" width=\"1024\" height=\"681\" srcset=\"https:\/\/www.people-abroad.de\/blog\/wp-content\/uploads\/2021\/10\/donon-wandern-berg-vogesen-elsass-6-1024x681.jpg 1024w, https:\/\/www.people-abroad.de\/blog\/wp-content\/uploads\/2021\/10\/donon-wandern-berg-vogesen-elsass-6-300x200.jpg 300w, https:\/\/www.people-abroad.de\/blog\/wp-content\/uploads\/2021\/10\/donon-wandern-berg-vogesen-elsass-6-768x511.jpg 768w, https:\/\/www.people-abroad.de\/blog\/wp-content\/uploads\/2021\/10\/donon-wandern-berg-vogesen-elsass-6-400x266.jpg 400w, https:\/\/www.people-abroad.de\/blog\/wp-content\/uploads\/2021\/10\/donon-wandern-berg-vogesen-elsass-6.jpg 1200w\" sizes=\"(max-width: 1024px) 100vw, 1024px\" \/><\/p>\n<p>Zu den Highlights des Donon geh\u00f6ren u.a. eine Gruppe von Stelen, eine Zisterne und die \u00dcberreste zweier fr\u00fcherer Tempel. Auf Grabs\u00e4ulen und Votivsteinen sind verschiedene G\u00f6tter dargestellt. Einst bestand das Heiligtum auf dem Donon aus vier steinernen Geb\u00e4uden und einem Rundgeb\u00e4ude aus Holz. Der Besuch des Gipfels ist wie eine arch\u00e4ologische Zeitreise.<\/p>\n<h2><span class=\"ez-toc-section\" id=\"Tempel_des_Donon\"><\/span>Tempel des Donon<span class=\"ez-toc-section-end\"><\/span><\/h2>\n<p><img decoding=\"async\" class=\"alignnone wp-image-24090 size-large\" src=\"https:\/\/www.people-abroad.de\/blog\/wp-content\/uploads\/2021\/10\/donon-wandern-berg-vogesen-elsass-4-1024x681.jpg\" alt=\"Donon Wandern Elsass Vogesen Berg Tempel\" width=\"1024\" height=\"681\" srcset=\"https:\/\/www.people-abroad.de\/blog\/wp-content\/uploads\/2021\/10\/donon-wandern-berg-vogesen-elsass-4-1024x681.jpg 1024w, https:\/\/www.people-abroad.de\/blog\/wp-content\/uploads\/2021\/10\/donon-wandern-berg-vogesen-elsass-4-300x200.jpg 300w, https:\/\/www.people-abroad.de\/blog\/wp-content\/uploads\/2021\/10\/donon-wandern-berg-vogesen-elsass-4-768x511.jpg 768w, https:\/\/www.people-abroad.de\/blog\/wp-content\/uploads\/2021\/10\/donon-wandern-berg-vogesen-elsass-4-400x266.jpg 400w, https:\/\/www.people-abroad.de\/blog\/wp-content\/uploads\/2021\/10\/donon-wandern-berg-vogesen-elsass-4.jpg 1200w\" sizes=\"(max-width: 1024px) 100vw, 1024px\" \/><\/p>\n<p>Das bekannteste Bauwerk und zugleich das Wahrzeichen des Berges ist der Tempel des Donon (Temple-Mus\u00e9e). Auf dem Gipfel in rund 1.000 m H\u00f6he thront er hoch \u00fcber den weitl\u00e4ufigen H\u00fcgeln der Vogesen. Erbaut wurde er 1869 unter Napoleon III. im neoklassischen Stil nach griechischem Vorbild. Es handelt sich um eine freie und ziemlich imposante Rekonstruktion.<\/p>\n<p><img decoding=\"async\" class=\"alignnone wp-image-24089 size-large\" src=\"https:\/\/www.people-abroad.de\/blog\/wp-content\/uploads\/2021\/10\/donon-wandern-berg-vogesen-elsass-3-1024x681.jpg\" alt=\"Donon Wandern Elsass Vogesen Berg Tempel\" width=\"1024\" height=\"681\" srcset=\"https:\/\/www.people-abroad.de\/blog\/wp-content\/uploads\/2021\/10\/donon-wandern-berg-vogesen-elsass-3-1024x681.jpg 1024w, https:\/\/www.people-abroad.de\/blog\/wp-content\/uploads\/2021\/10\/donon-wandern-berg-vogesen-elsass-3-300x200.jpg 300w, https:\/\/www.people-abroad.de\/blog\/wp-content\/uploads\/2021\/10\/donon-wandern-berg-vogesen-elsass-3-768x511.jpg 768w, https:\/\/www.people-abroad.de\/blog\/wp-content\/uploads\/2021\/10\/donon-wandern-berg-vogesen-elsass-3-400x266.jpg 400w, https:\/\/www.people-abroad.de\/blog\/wp-content\/uploads\/2021\/10\/donon-wandern-berg-vogesen-elsass-3.jpg 1200w\" sizes=\"(max-width: 1024px) 100vw, 1024px\" \/><\/p>\n<p>Der Tempel wird von zw\u00f6lf eckigen S\u00e4ulen getragen. Urspr\u00fcnglich wurde er als Ausstellungsort der Stelen genutzt, die heute im Museum in Stra\u00dfburg untergebracht sind. Bis zur Christianisierung hatte der Donon eine wichtige Bedeutung als kultische St\u00e4tte mit diversen Riten. Durch den Nebel an diesem Morgen herrschte am Berg mit dem Tempel eine mystische Stimmung.<\/p>\n<p><img decoding=\"async\" class=\"alignnone wp-image-24088 size-large\" src=\"https:\/\/www.people-abroad.de\/blog\/wp-content\/uploads\/2021\/10\/donon-wandern-berg-vogesen-elsass-1-1024x681.jpg\" alt=\"Donon Wandern Elsass Vogesen Berg Tempel\" width=\"1024\" height=\"681\" srcset=\"https:\/\/www.people-abroad.de\/blog\/wp-content\/uploads\/2021\/10\/donon-wandern-berg-vogesen-elsass-1-1024x681.jpg 1024w, https:\/\/www.people-abroad.de\/blog\/wp-content\/uploads\/2021\/10\/donon-wandern-berg-vogesen-elsass-1-300x200.jpg 300w, https:\/\/www.people-abroad.de\/blog\/wp-content\/uploads\/2021\/10\/donon-wandern-berg-vogesen-elsass-1-768x511.jpg 768w, https:\/\/www.people-abroad.de\/blog\/wp-content\/uploads\/2021\/10\/donon-wandern-berg-vogesen-elsass-1-400x266.jpg 400w, https:\/\/www.people-abroad.de\/blog\/wp-content\/uploads\/2021\/10\/donon-wandern-berg-vogesen-elsass-1.jpg 1200w\" sizes=\"(max-width: 1024px) 100vw, 1024px\" \/><\/p>\n<p>Hier sieht man, dass der Tempel auf einem gro\u00dfen Felsmassiv steht. Bei guter Sicht hat man von oben einen tollen Fernblick bis zum Schwarzwald und Pf\u00e4lzerwald. Ein weiterer Aussichtspunkt auf dem Berg liegt etwa 50 m hinter dem Tempel. Vom Gipfel aus kann man entweder den Weg vom Aufstieg wieder zur\u00fcck wandern oder hinter dem Tempel abw\u00e4rts laufen.<\/p>\n<p><img decoding=\"async\" class=\"alignnone wp-image-24093 size-large\" src=\"https:\/\/www.people-abroad.de\/blog\/wp-content\/uploads\/2021\/10\/donon-wandern-berg-vogesen-elsass-5-1024x682.jpg\" alt=\"Donon Wandern Elsass Vogesen Berg Tempel\" width=\"1024\" height=\"682\" srcset=\"https:\/\/www.people-abroad.de\/blog\/wp-content\/uploads\/2021\/10\/donon-wandern-berg-vogesen-elsass-5-1024x682.jpg 1024w, https:\/\/www.people-abroad.de\/blog\/wp-content\/uploads\/2021\/10\/donon-wandern-berg-vogesen-elsass-5-300x200.jpg 300w, https:\/\/www.people-abroad.de\/blog\/wp-content\/uploads\/2021\/10\/donon-wandern-berg-vogesen-elsass-5-768x511.jpg 768w, https:\/\/www.people-abroad.de\/blog\/wp-content\/uploads\/2021\/10\/donon-wandern-berg-vogesen-elsass-5-400x266.jpg 400w, https:\/\/www.people-abroad.de\/blog\/wp-content\/uploads\/2021\/10\/donon-wandern-berg-vogesen-elsass-5.jpg 1200w\" sizes=\"(max-width: 1024px) 100vw, 1024px\" \/><\/p>\n<p>Bei der zweiten M\u00f6glichkeit wandert man in Richtung des Petit Donon (961 m) zum Col Entre les Deux Donons. Dort biegt man nach S\u00fcden, sp\u00e4ter nach Westen ab und erreicht dann wieder den Parkplatz am Logis Hotel de Velleda. Dieser Rundweg ist insgesamt 8,4 km lang. Das Restaurant im Logis Hotel de Velleda kann ich \u00fcbrigens empfehlen, das Essen war dort sehr lecker.<\/p>\n<p>Wer sich f\u00fcr die Geschichte der Region interessiert, dem bieten sich auf dem Donon die folgenden M\u00f6glichkeiten an:<br \/>\n&#8211; Entdeckungspfad (Sentier du Donon)<br \/>\n&#8211; Bunkerpfad (Sentier des Bunkers)<br \/>\n&#8211; Weg der Stelen (Sentier des St\u00e8les)<br \/>\n&#8211; Milit\u00e4rfriedhof (Cimeti\u00e8re Militaire)<\/p>\n<p>Im Vall\u00e9e de la Bruche gibt es zwei Wanderregionen: das Gebiet nordwestlich der Talstra\u00dfe D1420 und das Gebiet s\u00fcd\u00f6stlich davon. Die vorgestellte Wanderung auf den Donon liegt nordwestlich dieser Stra\u00dfe. Im Folgenden stelle ich dir noch eine weitere Wanderung f\u00fcr das s\u00fcd\u00f6stliche Gebiet vor mit einer kurzen Wegbeschreibung.<\/p>\n<h2><span class=\"ez-toc-section\" id=\"Wanderung_um_den_Col_de_la_Perheux\"><\/span>Wanderung um den Col de la Perheux<span class=\"ez-toc-section-end\"><\/span><\/h2>\n<p><img decoding=\"async\" class=\"alignnone wp-image-24099 size-large\" src=\"https:\/\/www.people-abroad.de\/blog\/wp-content\/uploads\/2021\/10\/donon-wandern-berg-vogesen-elsass-14-1024x681.jpg\" alt=\"Vallee de la Bruche Vogesen Elsass Stra\u00dfburg Wandern\" width=\"1024\" height=\"681\" srcset=\"https:\/\/www.people-abroad.de\/blog\/wp-content\/uploads\/2021\/10\/donon-wandern-berg-vogesen-elsass-14-1024x681.jpg 1024w, https:\/\/www.people-abroad.de\/blog\/wp-content\/uploads\/2021\/10\/donon-wandern-berg-vogesen-elsass-14-300x200.jpg 300w, https:\/\/www.people-abroad.de\/blog\/wp-content\/uploads\/2021\/10\/donon-wandern-berg-vogesen-elsass-14-768x511.jpg 768w, https:\/\/www.people-abroad.de\/blog\/wp-content\/uploads\/2021\/10\/donon-wandern-berg-vogesen-elsass-14-400x266.jpg 400w, https:\/\/www.people-abroad.de\/blog\/wp-content\/uploads\/2021\/10\/donon-wandern-berg-vogesen-elsass-14.jpg 1200w\" sizes=\"(max-width: 1024px) 100vw, 1024px\" \/><\/p>\n<p>Die Wanderung um den Col de la Perheux ist ein Rundweg von 11 km mit 350 hm. Sie l\u00e4sst sich als Halbtagestour (3,5 Stunden) planen. Der Ausgangspunkt daf\u00fcr ist der Parkplatz am Bahnhof Rothau (s\u00fcdlich von Schirmeck). In Rothau geht es in s\u00fcdlicher Richtung an der Saint-Nicolas Kirche vorbei. Ein schmaler Pfad f\u00fchrt in ein sch\u00f6nes Waldst\u00fcck in Richtung Solbach.<\/p>\n<p><img decoding=\"async\" class=\"alignnone wp-image-24096 size-large\" src=\"https:\/\/www.people-abroad.de\/blog\/wp-content\/uploads\/2021\/10\/donon-wandern-berg-vogesen-elsass-11-1024x681.jpg\" alt=\"Vallee de la Bruche Elsass Vogesen Stra\u00dfburg Wandern\" width=\"1024\" height=\"681\" srcset=\"https:\/\/www.people-abroad.de\/blog\/wp-content\/uploads\/2021\/10\/donon-wandern-berg-vogesen-elsass-11-1024x681.jpg 1024w, https:\/\/www.people-abroad.de\/blog\/wp-content\/uploads\/2021\/10\/donon-wandern-berg-vogesen-elsass-11-300x200.jpg 300w, https:\/\/www.people-abroad.de\/blog\/wp-content\/uploads\/2021\/10\/donon-wandern-berg-vogesen-elsass-11-768x511.jpg 768w, https:\/\/www.people-abroad.de\/blog\/wp-content\/uploads\/2021\/10\/donon-wandern-berg-vogesen-elsass-11-400x266.jpg 400w, https:\/\/www.people-abroad.de\/blog\/wp-content\/uploads\/2021\/10\/donon-wandern-berg-vogesen-elsass-11.jpg 1200w\" sizes=\"(max-width: 1024px) 100vw, 1024px\" \/><\/p>\n<p>Wenn man den Waldpfad weiter bergauf wandert, kommt man auf eine idyllische Hochweide mit sch\u00f6nen Ausblicken. Das Naturschutzgebiet La Perheux ist eine beschauliche Almlandschaft mit weitl\u00e4ufigen Wiesen und sanften H\u00fcgeln. Rund um Mont Saint-Jean (750 m), La Fraize (732 m) und La Sapini\u00e8re (696 m) bieten sich Ausblicke in die umliegende Region.<\/p>\n<p><img decoding=\"async\" class=\"alignnone wp-image-24100 size-large\" src=\"https:\/\/www.people-abroad.de\/blog\/wp-content\/uploads\/2021\/10\/donon-wandern-berg-vogesen-elsass-13-1024x681.jpg\" alt=\"Vallee de la Bruche Elsass Vogesen Stra\u00dfburg Wandern\" width=\"1024\" height=\"681\" srcset=\"https:\/\/www.people-abroad.de\/blog\/wp-content\/uploads\/2021\/10\/donon-wandern-berg-vogesen-elsass-13-1024x681.jpg 1024w, https:\/\/www.people-abroad.de\/blog\/wp-content\/uploads\/2021\/10\/donon-wandern-berg-vogesen-elsass-13-300x200.jpg 300w, https:\/\/www.people-abroad.de\/blog\/wp-content\/uploads\/2021\/10\/donon-wandern-berg-vogesen-elsass-13-768x511.jpg 768w, https:\/\/www.people-abroad.de\/blog\/wp-content\/uploads\/2021\/10\/donon-wandern-berg-vogesen-elsass-13-400x266.jpg 400w, https:\/\/www.people-abroad.de\/blog\/wp-content\/uploads\/2021\/10\/donon-wandern-berg-vogesen-elsass-13.jpg 1200w\" sizes=\"(max-width: 1024px) 100vw, 1024px\" \/><\/p>\n<p>Wenig sp\u00e4ter taucht aus der Entfernung der Bergasthof &#8222;Ferme auberge de la Perheux&#8220; auf. Nun ist es nicht mehr weit bis zum Wendepunkt auf dieser Wanderung. Auf dem Pfad l\u00e4uft man weiter \u00fcber die Hochweide, vorbei an saftigen Wiesen sowie \u00fcppigen Str\u00e4uchern und B\u00fcschen. Der Weg ist gut zu laufen und oben auf der Hochweide relativ eben und ohne Steigungen.<\/p>\n<h2><span class=\"ez-toc-section\" id=\"Col_de_la_Perheux\"><\/span>Col de la Perheux<span class=\"ez-toc-section-end\"><\/span><\/h2>\n<p><img decoding=\"async\" class=\"alignnone wp-image-24102 size-large\" src=\"https:\/\/www.people-abroad.de\/blog\/wp-content\/uploads\/2021\/10\/donon-wandern-berg-vogesen-elsass-15-1024x682.jpg\" alt=\"Vallee de la Bruche Elsass Vogesen Stra\u00dfburg Wandern\" width=\"1024\" height=\"682\" srcset=\"https:\/\/www.people-abroad.de\/blog\/wp-content\/uploads\/2021\/10\/donon-wandern-berg-vogesen-elsass-15-1024x682.jpg 1024w, https:\/\/www.people-abroad.de\/blog\/wp-content\/uploads\/2021\/10\/donon-wandern-berg-vogesen-elsass-15-300x200.jpg 300w, https:\/\/www.people-abroad.de\/blog\/wp-content\/uploads\/2021\/10\/donon-wandern-berg-vogesen-elsass-15-768x511.jpg 768w, https:\/\/www.people-abroad.de\/blog\/wp-content\/uploads\/2021\/10\/donon-wandern-berg-vogesen-elsass-15-400x266.jpg 400w, https:\/\/www.people-abroad.de\/blog\/wp-content\/uploads\/2021\/10\/donon-wandern-berg-vogesen-elsass-15.jpg 1200w\" sizes=\"(max-width: 1024px) 100vw, 1024px\" \/><\/p>\n<p>Schlie\u00dflich erreicht man den Col de la Perheux. Dieser Pass befindet sich zwischen dem Rothaine-Tal und dem Chergoutte-Tal. Dieser Knotenpunkt, an dem sich verschiedene Wege kreuzen, wurde fr\u00fcher als St\u00e4tte f\u00fcr Hinrichtungen genutzt. Heute ist von der blutigen Geschichte dieses Ortes nichts mehr zu sehen. Idyllisch sieht es hier aus und eine Bank l\u00e4dt zur Pause ein.<\/p>\n<p><img decoding=\"async\" class=\"alignnone wp-image-24101 size-large\" src=\"https:\/\/www.people-abroad.de\/blog\/wp-content\/uploads\/2021\/10\/donon-wandern-berg-vogesen-elsass-12-1024x681.jpg\" alt=\"Vallee de la Bruche Elsass Vogesen Stra\u00dfburg Wandern\" width=\"1024\" height=\"681\" srcset=\"https:\/\/www.people-abroad.de\/blog\/wp-content\/uploads\/2021\/10\/donon-wandern-berg-vogesen-elsass-12-1024x681.jpg 1024w, https:\/\/www.people-abroad.de\/blog\/wp-content\/uploads\/2021\/10\/donon-wandern-berg-vogesen-elsass-12-300x200.jpg 300w, https:\/\/www.people-abroad.de\/blog\/wp-content\/uploads\/2021\/10\/donon-wandern-berg-vogesen-elsass-12-768x511.jpg 768w, https:\/\/www.people-abroad.de\/blog\/wp-content\/uploads\/2021\/10\/donon-wandern-berg-vogesen-elsass-12-400x266.jpg 400w, https:\/\/www.people-abroad.de\/blog\/wp-content\/uploads\/2021\/10\/donon-wandern-berg-vogesen-elsass-12.jpg 1200w\" sizes=\"(max-width: 1024px) 100vw, 1024px\" \/><\/p>\n<p>Nach S\u00fcden blickt man in Richtung Waldersbach, Bellefosse, Blancherupt und Belmont. Westlich befinden sich La Schleiffe (808 m) und Le Haut des Monts (994 m). Der Rundweg biegt in n\u00f6rdlicher Richtung ab und man wandern nun wieder talsw\u00e4rts, vorbei am Bergasthof und Wildersbach. \u00d6stlich vom Chenot (701 m) geht es weiter abw\u00e4rts auf einem Waldweg.<\/p>\n<p><img decoding=\"async\" class=\"alignnone wp-image-24104 size-large\" src=\"https:\/\/www.people-abroad.de\/blog\/wp-content\/uploads\/2021\/10\/donon-wandern-berg-vogesen-elsass-17-1024x681.jpg\" alt=\"Vallee de la Bruche Elsass Vogesen Stra\u00dfburg Wandern\" width=\"1024\" height=\"681\" srcset=\"https:\/\/www.people-abroad.de\/blog\/wp-content\/uploads\/2021\/10\/donon-wandern-berg-vogesen-elsass-17-1024x681.jpg 1024w, https:\/\/www.people-abroad.de\/blog\/wp-content\/uploads\/2021\/10\/donon-wandern-berg-vogesen-elsass-17-300x200.jpg 300w, https:\/\/www.people-abroad.de\/blog\/wp-content\/uploads\/2021\/10\/donon-wandern-berg-vogesen-elsass-17-768x511.jpg 768w, https:\/\/www.people-abroad.de\/blog\/wp-content\/uploads\/2021\/10\/donon-wandern-berg-vogesen-elsass-17-400x266.jpg 400w, https:\/\/www.people-abroad.de\/blog\/wp-content\/uploads\/2021\/10\/donon-wandern-berg-vogesen-elsass-17.jpg 1200w\" sizes=\"(max-width: 1024px) 100vw, 1024px\" \/><\/p>\n<p>Die letzte Passage f\u00fchrt am Fluss La Rothaine entlang nach Nordwesten, bis man schlie\u00dflich wieder Rothau und den Ausgangspunkt der Rundtour erreicht. Hier gibt es &#8211; wie auch in La Broque und Schirmeck &#8211; verschiedene M\u00f6glichkeiten zum Einkehren. Beide hier vorgestellten Wanderung sind abwechslungsreich und man kann sie auch abk\u00fcrzen oder verl\u00e4ngern.<\/p>\n<p>Wer sich f\u00fcr die Geschichte und Kultur der Region interessiert, dem bieten sich im Vall\u00e9e de la Bruche viele M\u00f6glichkeiten an. Hier sind einige Tipps f\u00fcr die Region:<br \/>\n&#8211; Die Riesenpfade (Les Sentiers des G\u00e9ants)<br \/>\n&#8211; Der Salm-Burgpfad (Sentier du Chateau de Salm)<br \/>\n&#8211; Wege Europas (M\u00e9morial Alsace Moselle)<br \/>\n&#8211; NS-Zentrum Struthof (Centre europ\u00e9an du r\u00e9sistant d\u00e9port\u00e9)<br \/>\n&#8211; Pfad der Mennoniten (Le Sentier Mennonite)<br \/>\n&#8211; Oberlin Museum (Mus\u00e9e Jean Fr\u00e9d\u00e9ric Oberlin)<\/p>\n<p>Weitere Infos und Tipps findest du auf der offiziellen Websites <a href=\"https:\/\/www.valleedelabruche.fr\/de\/\">Vall\u00e9e de la Bruche<\/a> und <a href=\"https:\/\/www.vogesenwandern.de\/de\">vogesenwandern.de<\/a>. Hast du weitere Tipps f\u00fcr die Region? Dann hinterlasse sie mir gerne als Kommentar.<\/p>\n<p>Mein Hotel-Tipp f\u00fcr die Region ist das <a href=\"https:\/\/www.hahnenberg.fr\/?lang=de\">Hotel Le Clos du Hahnenberg<\/a> in Urmatt. Das Hotel mit Restaurant hat sch\u00f6ne Zimmer, ein gutes Fr\u00fchst\u00fccksbuffet und eine g\u00fcnstige Lage. Der kleine Ort Urmatt liegt zwischen Molsheim und Schirmeck in der N\u00e4he der D1420. F\u00fcr Wanderungen ist das Hotel ein guter Ausgangspunkt.<\/p>\n<p><em><strong>Werbehinweis:<\/strong> Dieser Artikel entstand in Zusammenarbeit mit <a href=\"https:\/\/www.visit.alsace\/de\/\">Visit Alsace<\/a> und <a href=\"https:\/\/www.massif-des-vosges.com\/de\/\">Massif des Vosges<\/a>. Ich gehe gerne Kooperationen ein, meine pers\u00f6nliche Meinung wird davon aber nicht beeinflusst.<br \/>\n<\/em><\/p>\n<p>Weitwandern und Fernwanderwege sind beliebt und f\u00fcr Wander-Fans ein echtes Abenteuer. Infos &amp; Tipps f\u00fcr die Planung der ersten Weitwanderung gibt es in diesem Artikel: <a href=\"https:\/\/www.people-abroad.de\/blog\/weitwandern-wandern-ohne-gepaeck\/\">Weitwandern und Wandern ohne Gep\u00e4ck \u2013 Basics &amp; Tipps<\/a><\/p>\n<p>Wenn dir dieser Artikel gefallen hat, dann k\u00f6nnten dich auch diese Artikel \u00fcber weitere Ziele in der Region interessieren:<br \/>\n<a href=\"https:\/\/www.people-abroad.de\/blog\/grand-ballon-wandern-guebwiller\/\">Grand Ballon: Wandern in der Region Guebwiller<\/a><br \/>\n<a href=\"https:\/\/www.people-abroad.de\/blog\/vogesen-natur-outdoor-nachhaltigkeit\/\">Vogesen Tipps: Natur, Outdoor und Nachhaltigkeit<\/a><br \/>\n<a href=\"https:\/\/www.people-abroad.de\/blog\/kaysersberg-elsass\/\">Kaysersberg: Fachwerkstadt mit Charme im Elsass<\/a><br \/>\n<a href=\"https:\/\/www.people-abroad.de\/blog\/wissembourg-sehenswuerdigkeiten\/\">Wissembourg &#8211; das Tor zum Elsass in Frankreich<\/a><br \/>\n<a href=\"https:\/\/www.people-abroad.de\/blog\/hochkoenigsburg\/\">Hochk\u00f6nigsburg &#8211; die m\u00e4chtigste Burg im Elsass<\/a><br \/>\n<a href=\"https:\/\/www.people-abroad.de\/blog\/saverne-elsass\/\">Saverne am Rhein-Marne-Kanal in Elsass<\/a><br \/>\n<a href=\"https:\/\/www.people-abroad.de\/blog\/elsass-blogger-autor-pascal-cames\/\">Elsass-Blogger Pascal \u00fcber den Osten Frankreichs<\/a><\/p>\n<p><img decoding=\"async\" class=\"alignnone wp-image-25168 size-medium\" src=\"https:\/\/www.people-abroad.de\/blog\/wp-content\/uploads\/2022\/01\/elsass-vogesen-donon-200x300.jpg\" alt=\"Der Donon in den Vogesen mit seinem Tempel lohnt sich f\u00fcr eine Wanderung. Hier findest du Infos f\u00fcr eine Tour auf den Donon und einen weiteren Wandertipp f\u00fcr die Region.\" width=\"200\" height=\"300\" srcset=\"https:\/\/www.people-abroad.de\/blog\/wp-content\/uploads\/2022\/01\/elsass-vogesen-donon-200x300.jpg 200w, https:\/\/www.people-abroad.de\/blog\/wp-content\/uploads\/2022\/01\/elsass-vogesen-donon-683x1024.jpg 683w, https:\/\/www.people-abroad.de\/blog\/wp-content\/uploads\/2022\/01\/elsass-vogesen-donon-267x400.jpg 267w, https:\/\/www.people-abroad.de\/blog\/wp-content\/uploads\/2022\/01\/elsass-vogesen-donon.jpg 735w\" sizes=\"(max-width: 200px) 100vw, 200px\" \/><\/p>\n","protected":false},"excerpt":{"rendered":"<p>[Werbung] Der Donon mit seinem Tempel auf dem Gipfel ist ein faszinierender Ort in den Vogesen. Hier findest du Infos f\u00fcr eine Wanderung auf den Donon und einen weiteren Wandertipp.<\/p>\n","protected":false},"author":1,"featured_media":0,"comment_status":"open","ping_status":"open","sticky":false,"template":"","format":"standard","meta":{"_monsterinsights_skip_tracking":false,"_monsterinsights_sitenote_active":false,"_monsterinsights_sitenote_note":"","_monsterinsights_sitenote_category":0,"footnotes":""},"categories":[33,2044],"tags":[2094,722,2111],"class_list":["post-23738","post","type-post","status-publish","format-standard","hentry","category-europa","category-wandern","tag-elsass","tag-frankreich","tag-vogesen"],"yoast_head":"<!-- This site is optimized with the Yoast SEO plugin v27.4 - https:\/\/yoast.com\/product\/yoast-seo-wordpress\/ -->\n<title>Donon: Wanderung zum mystischen Vogesen-Gipfel - People Abroad<\/title>\n<meta name=\"description\" content=\"Der Donon in den Vogesen mit seinem Tempel lohnt sich f\u00fcr eine Wanderung. Hier findest du Infos f\u00fcr eine Tour und einen weiteren Wandertipp.\" \/>\n<meta name=\"robots\" content=\"index, follow, max-snippet:-1, max-image-preview:large, max-video-preview:-1\" \/>\n<link rel=\"canonical\" href=\"https:\/\/www.people-abroad.de\/blog\/donon-wandern-vogesen\/\" \/>\n<meta property=\"og:locale\" content=\"de_DE\" \/>\n<meta property=\"og:type\" content=\"article\" \/>\n<meta property=\"og:title\" content=\"Donon: Wanderung zum mystischen Vogesen-Gipfel - People Abroad\" \/>\n<meta property=\"og:description\" content=\"Der Donon in den Vogesen mit seinem Tempel lohnt sich f\u00fcr eine Wanderung. Hier findest du Infos f\u00fcr eine Tour und einen weiteren Wandertipp.\" \/>\n<meta property=\"og:url\" content=\"https:\/\/www.people-abroad.de\/blog\/donon-wandern-vogesen\/\" \/>\n<meta property=\"og:site_name\" content=\"People Abroad\" \/>\n<meta property=\"article:publisher\" content=\"https:\/\/www.facebook.com\/menschen.international\/\" \/>\n<meta property=\"article:author\" content=\"https:\/\/www.facebook.com\/menschen.international\/\" \/>\n<meta property=\"article:published_time\" content=\"2021-10-16T06:25:56+00:00\" \/>\n<meta property=\"article:modified_time\" content=\"2024-08-09T06:32:19+00:00\" \/>\n<meta property=\"og:image\" content=\"https:\/\/www.people-abroad.de\/blog\/wp-content\/uploads\/2021\/10\/donon-wandern-berg-vogesen-elsass-2-1024x681.jpg\" \/>\n<meta name=\"author\" content=\"Heiko M\u00fcller\" \/>\n<meta name=\"twitter:card\" content=\"summary_large_image\" \/>\n<meta name=\"twitter:creator\" content=\"@People_Abroad\" \/>\n<meta name=\"twitter:site\" content=\"@People_Abroad\" \/>\n<meta name=\"twitter:label1\" content=\"Verfasst von\" \/>\n\t<meta name=\"twitter:data1\" content=\"Heiko M\u00fcller\" \/>\n\t<meta name=\"twitter:label2\" content=\"Gesch\u00e4tzte Lesezeit\" \/>\n\t<meta name=\"twitter:data2\" content=\"13\u00a0Minuten\" \/>\n<script type=\"application\/ld+json\" class=\"yoast-schema-graph\">{\"@context\":\"https:\\\/\\\/schema.org\",\"@graph\":[{\"@type\":\"Article\",\"@id\":\"https:\\\/\\\/www.people-abroad.de\\\/blog\\\/donon-wandern-vogesen\\\/#article\",\"isPartOf\":{\"@id\":\"https:\\\/\\\/www.people-abroad.de\\\/blog\\\/donon-wandern-vogesen\\\/\"},\"author\":{\"name\":\"Heiko M\u00fcller\",\"@id\":\"https:\\\/\\\/www.people-abroad.de\\\/blog\\\/#\\\/schema\\\/person\\\/2a518a154d93ee6cf0b146bc327329b3\"},\"headline\":\"Donon: Wanderung zum mystischen Vogesen-Gipfel\",\"datePublished\":\"2021-10-16T06:25:56+00:00\",\"dateModified\":\"2024-08-09T06:32:19+00:00\",\"mainEntityOfPage\":{\"@id\":\"https:\\\/\\\/www.people-abroad.de\\\/blog\\\/donon-wandern-vogesen\\\/\"},\"wordCount\":1657,\"commentCount\":0,\"publisher\":{\"@id\":\"https:\\\/\\\/www.people-abroad.de\\\/blog\\\/#\\\/schema\\\/person\\\/2a518a154d93ee6cf0b146bc327329b3\"},\"image\":{\"@id\":\"https:\\\/\\\/www.people-abroad.de\\\/blog\\\/donon-wandern-vogesen\\\/#primaryimage\"},\"thumbnailUrl\":\"https:\\\/\\\/www.people-abroad.de\\\/blog\\\/wp-content\\\/uploads\\\/2021\\\/10\\\/donon-wandern-berg-vogesen-elsass-2-1024x681.jpg\",\"keywords\":[\"Elsass\",\"Frankreich\",\"Vogesen\"],\"articleSection\":[\"Europa\",\"Wandern\"],\"inLanguage\":\"de\",\"potentialAction\":[{\"@type\":\"CommentAction\",\"name\":\"Comment\",\"target\":[\"https:\\\/\\\/www.people-abroad.de\\\/blog\\\/donon-wandern-vogesen\\\/#respond\"]}]},{\"@type\":\"WebPage\",\"@id\":\"https:\\\/\\\/www.people-abroad.de\\\/blog\\\/donon-wandern-vogesen\\\/\",\"url\":\"https:\\\/\\\/www.people-abroad.de\\\/blog\\\/donon-wandern-vogesen\\\/\",\"name\":\"Donon: Wanderung zum mystischen Vogesen-Gipfel - People Abroad\",\"isPartOf\":{\"@id\":\"https:\\\/\\\/www.people-abroad.de\\\/blog\\\/#website\"},\"primaryImageOfPage\":{\"@id\":\"https:\\\/\\\/www.people-abroad.de\\\/blog\\\/donon-wandern-vogesen\\\/#primaryimage\"},\"image\":{\"@id\":\"https:\\\/\\\/www.people-abroad.de\\\/blog\\\/donon-wandern-vogesen\\\/#primaryimage\"},\"thumbnailUrl\":\"https:\\\/\\\/www.people-abroad.de\\\/blog\\\/wp-content\\\/uploads\\\/2021\\\/10\\\/donon-wandern-berg-vogesen-elsass-2-1024x681.jpg\",\"datePublished\":\"2021-10-16T06:25:56+00:00\",\"dateModified\":\"2024-08-09T06:32:19+00:00\",\"description\":\"Der Donon in den Vogesen mit seinem Tempel lohnt sich f\u00fcr eine Wanderung. Hier findest du Infos f\u00fcr eine Tour und einen weiteren Wandertipp.\",\"breadcrumb\":{\"@id\":\"https:\\\/\\\/www.people-abroad.de\\\/blog\\\/donon-wandern-vogesen\\\/#breadcrumb\"},\"inLanguage\":\"de\",\"potentialAction\":[{\"@type\":\"ReadAction\",\"target\":[\"https:\\\/\\\/www.people-abroad.de\\\/blog\\\/donon-wandern-vogesen\\\/\"]}]},{\"@type\":\"ImageObject\",\"inLanguage\":\"de\",\"@id\":\"https:\\\/\\\/www.people-abroad.de\\\/blog\\\/donon-wandern-vogesen\\\/#primaryimage\",\"url\":\"https:\\\/\\\/www.people-abroad.de\\\/blog\\\/wp-content\\\/uploads\\\/2021\\\/10\\\/donon-wandern-berg-vogesen-elsass-2.jpg\",\"contentUrl\":\"https:\\\/\\\/www.people-abroad.de\\\/blog\\\/wp-content\\\/uploads\\\/2021\\\/10\\\/donon-wandern-berg-vogesen-elsass-2.jpg\",\"width\":1200,\"height\":798},{\"@type\":\"BreadcrumbList\",\"@id\":\"https:\\\/\\\/www.people-abroad.de\\\/blog\\\/donon-wandern-vogesen\\\/#breadcrumb\",\"itemListElement\":[{\"@type\":\"ListItem\",\"position\":1,\"name\":\"Startseite\",\"item\":\"https:\\\/\\\/www.people-abroad.de\\\/blog\\\/\"},{\"@type\":\"ListItem\",\"position\":2,\"name\":\"Donon: Wanderung zum mystischen Vogesen-Gipfel\"}]},{\"@type\":\"WebSite\",\"@id\":\"https:\\\/\\\/www.people-abroad.de\\\/blog\\\/#website\",\"url\":\"https:\\\/\\\/www.people-abroad.de\\\/blog\\\/\",\"name\":\"People Abroad\",\"description\":\"Reiseblog\",\"publisher\":{\"@id\":\"https:\\\/\\\/www.people-abroad.de\\\/blog\\\/#\\\/schema\\\/person\\\/2a518a154d93ee6cf0b146bc327329b3\"},\"potentialAction\":[{\"@type\":\"SearchAction\",\"target\":{\"@type\":\"EntryPoint\",\"urlTemplate\":\"https:\\\/\\\/www.people-abroad.de\\\/blog\\\/?s={search_term_string}\"},\"query-input\":{\"@type\":\"PropertyValueSpecification\",\"valueRequired\":true,\"valueName\":\"search_term_string\"}}],\"inLanguage\":\"de\"},{\"@type\":[\"Person\",\"Organization\"],\"@id\":\"https:\\\/\\\/www.people-abroad.de\\\/blog\\\/#\\\/schema\\\/person\\\/2a518a154d93ee6cf0b146bc327329b3\",\"name\":\"Heiko M\u00fcller\",\"logo\":{\"@id\":\"https:\\\/\\\/www.people-abroad.de\\\/blog\\\/#\\\/schema\\\/person\\\/image\\\/\"},\"description\":\"Ich bin Reiseblogger, Content Creator und Redakteur. Auf Reisen erkunde ich gerne neue Regionen, St\u00e4dte und Orte beim Fotografieren, Wandern und Radfahren. F\u00fcr weitere Reisetipps folge mir auf Instagram, Facebook &amp; Co. Mehr Infos zum Blog findest du hier: https:\\\/\\\/www.people-abroad.de\\\/blog\\\/pr-media\\\/. Kontakt: h.mueller@people-abroad.de\",\"sameAs\":[\"https:\\\/\\\/www.people-abroad.de\\\/blog\\\/\",\"https:\\\/\\\/www.facebook.com\\\/menschen.international\\\/\",\"https:\\\/\\\/www.instagram.com\\\/people.abroad\\\/\",\"https:\\\/\\\/www.linkedin.com\\\/in\\\/muellerheiko\\\/\",\"https:\\\/\\\/www.pinterest.de\\\/peopleabroad\\\/\",\"https:\\\/\\\/x.com\\\/People_Abroad\",\"https:\\\/\\\/www.youtube.com\\\/user\\\/MenschenInt\"],\"url\":\"https:\\\/\\\/www.people-abroad.de\\\/blog\\\/author\\\/admin\\\/\"}]}<\/script>\n<!-- \/ Yoast SEO plugin. -->","yoast_head_json":{"title":"Donon: Wanderung zum mystischen Vogesen-Gipfel - People Abroad","description":"Der Donon in den Vogesen mit seinem Tempel lohnt sich f\u00fcr eine Wanderung. Hier findest du Infos f\u00fcr eine Tour und einen weiteren Wandertipp.","robots":{"index":"index","follow":"follow","max-snippet":"max-snippet:-1","max-image-preview":"max-image-preview:large","max-video-preview":"max-video-preview:-1"},"canonical":"https:\/\/www.people-abroad.de\/blog\/donon-wandern-vogesen\/","og_locale":"de_DE","og_type":"article","og_title":"Donon: Wanderung zum mystischen Vogesen-Gipfel - People Abroad","og_description":"Der Donon in den Vogesen mit seinem Tempel lohnt sich f\u00fcr eine Wanderung. Hier findest du Infos f\u00fcr eine Tour und einen weiteren Wandertipp.","og_url":"https:\/\/www.people-abroad.de\/blog\/donon-wandern-vogesen\/","og_site_name":"People Abroad","article_publisher":"https:\/\/www.facebook.com\/menschen.international\/","article_author":"https:\/\/www.facebook.com\/menschen.international\/","article_published_time":"2021-10-16T06:25:56+00:00","article_modified_time":"2024-08-09T06:32:19+00:00","og_image":[{"url":"https:\/\/www.people-abroad.de\/blog\/wp-content\/uploads\/2021\/10\/donon-wandern-berg-vogesen-elsass-2-1024x681.jpg","type":"","width":"","height":""}],"author":"Heiko M\u00fcller","twitter_card":"summary_large_image","twitter_creator":"@People_Abroad","twitter_site":"@People_Abroad","twitter_misc":{"Verfasst von":"Heiko M\u00fcller","Gesch\u00e4tzte Lesezeit":"13\u00a0Minuten"},"schema":{"@context":"https:\/\/schema.org","@graph":[{"@type":"Article","@id":"https:\/\/www.people-abroad.de\/blog\/donon-wandern-vogesen\/#article","isPartOf":{"@id":"https:\/\/www.people-abroad.de\/blog\/donon-wandern-vogesen\/"},"author":{"name":"Heiko M\u00fcller","@id":"https:\/\/www.people-abroad.de\/blog\/#\/schema\/person\/2a518a154d93ee6cf0b146bc327329b3"},"headline":"Donon: Wanderung zum mystischen Vogesen-Gipfel","datePublished":"2021-10-16T06:25:56+00:00","dateModified":"2024-08-09T06:32:19+00:00","mainEntityOfPage":{"@id":"https:\/\/www.people-abroad.de\/blog\/donon-wandern-vogesen\/"},"wordCount":1657,"commentCount":0,"publisher":{"@id":"https:\/\/www.people-abroad.de\/blog\/#\/schema\/person\/2a518a154d93ee6cf0b146bc327329b3"},"image":{"@id":"https:\/\/www.people-abroad.de\/blog\/donon-wandern-vogesen\/#primaryimage"},"thumbnailUrl":"https:\/\/www.people-abroad.de\/blog\/wp-content\/uploads\/2021\/10\/donon-wandern-berg-vogesen-elsass-2-1024x681.jpg","keywords":["Elsass","Frankreich","Vogesen"],"articleSection":["Europa","Wandern"],"inLanguage":"de","potentialAction":[{"@type":"CommentAction","name":"Comment","target":["https:\/\/www.people-abroad.de\/blog\/donon-wandern-vogesen\/#respond"]}]},{"@type":"WebPage","@id":"https:\/\/www.people-abroad.de\/blog\/donon-wandern-vogesen\/","url":"https:\/\/www.people-abroad.de\/blog\/donon-wandern-vogesen\/","name":"Donon: Wanderung zum mystischen Vogesen-Gipfel - People Abroad","isPartOf":{"@id":"https:\/\/www.people-abroad.de\/blog\/#website"},"primaryImageOfPage":{"@id":"https:\/\/www.people-abroad.de\/blog\/donon-wandern-vogesen\/#primaryimage"},"image":{"@id":"https:\/\/www.people-abroad.de\/blog\/donon-wandern-vogesen\/#primaryimage"},"thumbnailUrl":"https:\/\/www.people-abroad.de\/blog\/wp-content\/uploads\/2021\/10\/donon-wandern-berg-vogesen-elsass-2-1024x681.jpg","datePublished":"2021-10-16T06:25:56+00:00","dateModified":"2024-08-09T06:32:19+00:00","description":"Der Donon in den Vogesen mit seinem Tempel lohnt sich f\u00fcr eine Wanderung. Hier findest du Infos f\u00fcr eine Tour und einen weiteren Wandertipp.","breadcrumb":{"@id":"https:\/\/www.people-abroad.de\/blog\/donon-wandern-vogesen\/#breadcrumb"},"inLanguage":"de","potentialAction":[{"@type":"ReadAction","target":["https:\/\/www.people-abroad.de\/blog\/donon-wandern-vogesen\/"]}]},{"@type":"ImageObject","inLanguage":"de","@id":"https:\/\/www.people-abroad.de\/blog\/donon-wandern-vogesen\/#primaryimage","url":"https:\/\/www.people-abroad.de\/blog\/wp-content\/uploads\/2021\/10\/donon-wandern-berg-vogesen-elsass-2.jpg","contentUrl":"https:\/\/www.people-abroad.de\/blog\/wp-content\/uploads\/2021\/10\/donon-wandern-berg-vogesen-elsass-2.jpg","width":1200,"height":798},{"@type":"BreadcrumbList","@id":"https:\/\/www.people-abroad.de\/blog\/donon-wandern-vogesen\/#breadcrumb","itemListElement":[{"@type":"ListItem","position":1,"name":"Startseite","item":"https:\/\/www.people-abroad.de\/blog\/"},{"@type":"ListItem","position":2,"name":"Donon: Wanderung zum mystischen Vogesen-Gipfel"}]},{"@type":"WebSite","@id":"https:\/\/www.people-abroad.de\/blog\/#website","url":"https:\/\/www.people-abroad.de\/blog\/","name":"People Abroad","description":"Reiseblog","publisher":{"@id":"https:\/\/www.people-abroad.de\/blog\/#\/schema\/person\/2a518a154d93ee6cf0b146bc327329b3"},"potentialAction":[{"@type":"SearchAction","target":{"@type":"EntryPoint","urlTemplate":"https:\/\/www.people-abroad.de\/blog\/?s={search_term_string}"},"query-input":{"@type":"PropertyValueSpecification","valueRequired":true,"valueName":"search_term_string"}}],"inLanguage":"de"},{"@type":["Person","Organization"],"@id":"https:\/\/www.people-abroad.de\/blog\/#\/schema\/person\/2a518a154d93ee6cf0b146bc327329b3","name":"Heiko M\u00fcller","logo":{"@id":"https:\/\/www.people-abroad.de\/blog\/#\/schema\/person\/image\/"},"description":"Ich bin Reiseblogger, Content Creator und Redakteur. Auf Reisen erkunde ich gerne neue Regionen, St\u00e4dte und Orte beim Fotografieren, Wandern und Radfahren. F\u00fcr weitere Reisetipps folge mir auf Instagram, Facebook &amp; Co. Mehr Infos zum Blog findest du hier: https:\/\/www.people-abroad.de\/blog\/pr-media\/. Kontakt: h.mueller@people-abroad.de","sameAs":["https:\/\/www.people-abroad.de\/blog\/","https:\/\/www.facebook.com\/menschen.international\/","https:\/\/www.instagram.com\/people.abroad\/","https:\/\/www.linkedin.com\/in\/muellerheiko\/","https:\/\/www.pinterest.de\/peopleabroad\/","https:\/\/x.com\/People_Abroad","https:\/\/www.youtube.com\/user\/MenschenInt"],"url":"https:\/\/www.people-abroad.de\/blog\/author\/admin\/"}]}},"_links":{"self":[{"href":"https:\/\/www.people-abroad.de\/blog\/wp-json\/wp\/v2\/posts\/23738","targetHints":{"allow":["GET"]}}],"collection":[{"href":"https:\/\/www.people-abroad.de\/blog\/wp-json\/wp\/v2\/posts"}],"about":[{"href":"https:\/\/www.people-abroad.de\/blog\/wp-json\/wp\/v2\/types\/post"}],"author":[{"embeddable":true,"href":"https:\/\/www.people-abroad.de\/blog\/wp-json\/wp\/v2\/users\/1"}],"replies":[{"embeddable":true,"href":"https:\/\/www.people-abroad.de\/blog\/wp-json\/wp\/v2\/comments?post=23738"}],"version-history":[{"count":3,"href":"https:\/\/www.people-abroad.de\/blog\/wp-json\/wp\/v2\/posts\/23738\/revisions"}],"predecessor-version":[{"id":34458,"href":"https:\/\/www.people-abroad.de\/blog\/wp-json\/wp\/v2\/posts\/23738\/revisions\/34458"}],"wp:attachment":[{"href":"https:\/\/www.people-abroad.de\/blog\/wp-json\/wp\/v2\/media?parent=23738"}],"wp:term":[{"taxonomy":"category","embeddable":true,"href":"https:\/\/www.people-abroad.de\/blog\/wp-json\/wp\/v2\/categories?post=23738"},{"taxonomy":"post_tag","embeddable":true,"href":"https:\/\/www.people-abroad.de\/blog\/wp-json\/wp\/v2\/tags?post=23738"}],"curies":[{"name":"wp","href":"https:\/\/api.w.org\/{rel}","templated":true}]}}