{"id":21068,"date":"2021-04-02T07:45:53","date_gmt":"2021-04-02T05:45:53","guid":{"rendered":"https:\/\/www.people-abroad.de\/blog\/?p=21068"},"modified":"2021-11-29T22:13:01","modified_gmt":"2021-11-29T21:13:01","slug":"wanderungen-schwarzwald-pfaelzerwald","status":"publish","type":"post","link":"https:\/\/www.people-abroad.de\/blog\/wanderungen-schwarzwald-pfaelzerwald\/","title":{"rendered":"10 Wanderungen im Schwarzwald &#038; Pf\u00e4lzerwald"},"content":{"rendered":"<div id=\"ez-toc-container\" class=\"ez-toc-v2_0_82_2 counter-flat ez-toc-counter ez-toc-grey ez-toc-container-direction\">\n<div class=\"ez-toc-title-container\">\n<p class=\"ez-toc-title\" style=\"cursor:inherit\">Inhaltsverzeichnis<\/p>\n<span class=\"ez-toc-title-toggle\"><a href=\"#\" class=\"ez-toc-pull-right ez-toc-btn ez-toc-btn-xs ez-toc-btn-default ez-toc-toggle\" aria-label=\"Toggle Table of Content\"><span class=\"ez-toc-js-icon-con\"><span class=\"\"><span class=\"eztoc-hide\" style=\"display:none;\">Toggle<\/span><span class=\"ez-toc-icon-toggle-span\"><svg style=\"fill: #999;color:#999\" xmlns=\"http:\/\/www.w3.org\/2000\/svg\" class=\"list-377408\" width=\"20px\" height=\"20px\" viewBox=\"0 0 24 24\" fill=\"none\"><path d=\"M6 6H4v2h2V6zm14 0H8v2h12V6zM4 11h2v2H4v-2zm16 0H8v2h12v-2zM4 16h2v2H4v-2zm16 0H8v2h12v-2z\" fill=\"currentColor\"><\/path><\/svg><svg style=\"fill: #999;color:#999\" class=\"arrow-unsorted-368013\" xmlns=\"http:\/\/www.w3.org\/2000\/svg\" width=\"10px\" height=\"10px\" viewBox=\"0 0 24 24\" version=\"1.2\" baseProfile=\"tiny\"><path d=\"M18.2 9.3l-6.2-6.3-6.2 6.3c-.2.2-.3.4-.3.7s.1.5.3.7c.2.2.4.3.7.3h11c.3 0 .5-.1.7-.3.2-.2.3-.5.3-.7s-.1-.5-.3-.7zM5.8 14.7l6.2 6.3 6.2-6.3c.2-.2.3-.5.3-.7s-.1-.5-.3-.7c-.2-.2-.4-.3-.7-.3h-11c-.3 0-.5.1-.7.3-.2.2-.3.5-.3.7s.1.5.3.7z\"\/><\/svg><\/span><\/span><\/span><\/a><\/span><\/div>\n<nav><ul class='ez-toc-list ez-toc-list-level-1 eztoc-toggle-hide-by-default' ><li class='ez-toc-page-1'><a class=\"ez-toc-link ez-toc-heading-1\" href=\"https:\/\/www.people-abroad.de\/blog\/wanderungen-schwarzwald-pfaelzerwald\/#Schoene_Wanderungen_im_Schwarzwald\" >Sch\u00f6ne Wanderungen im Schwarzwald<\/a><\/li><li class='ez-toc-page-1'><a class=\"ez-toc-link ez-toc-heading-2\" href=\"https:\/\/www.people-abroad.de\/blog\/wanderungen-schwarzwald-pfaelzerwald\/#Geniesserpfad_Belchensteig_im_Schwarzwald\" >Genie\u00dferpfad Belchensteig im Schwarzwald<\/a><\/li><li class='ez-toc-page-1'><a class=\"ez-toc-link ez-toc-heading-3\" href=\"https:\/\/www.people-abroad.de\/blog\/wanderungen-schwarzwald-pfaelzerwald\/#Geniesserpfad_Belchensteig_Uebersicht\" >Genie\u00dferpfad Belchensteig | \u00dcbersicht<\/a><\/li><li class='ez-toc-page-1'><a class=\"ez-toc-link ez-toc-heading-4\" href=\"https:\/\/www.people-abroad.de\/blog\/wanderungen-schwarzwald-pfaelzerwald\/#Menzenschwander_Geissenpfad_im_Schwarzwald\" >Menzenschwander Gei\u00dfenpfad im Schwarzwald<\/a><\/li><li class='ez-toc-page-1'><a class=\"ez-toc-link ez-toc-heading-5\" href=\"https:\/\/www.people-abroad.de\/blog\/wanderungen-schwarzwald-pfaelzerwald\/#Menzenschwander_Geissenpfad_Uebersicht\" >Menzenschwander Gei\u00dfenpfad | \u00dcbersicht<\/a><\/li><li class='ez-toc-page-1'><a class=\"ez-toc-link ez-toc-heading-6\" href=\"https:\/\/www.people-abroad.de\/blog\/wanderungen-schwarzwald-pfaelzerwald\/#Todtmooser_Lebkuechlerweg_im_Schwarzwald\" >Todtmooser Lebk\u00fcchlerweg im Schwarzwald<\/a><\/li><li class='ez-toc-page-1'><a class=\"ez-toc-link ez-toc-heading-7\" href=\"https:\/\/www.people-abroad.de\/blog\/wanderungen-schwarzwald-pfaelzerwald\/#Todtmooser_Lebkuechlerweg_Uebersicht\" >Todtmooser Lebk\u00fcchlerweg | \u00dcbersicht<\/a><\/li><li class='ez-toc-page-1'><a class=\"ez-toc-link ez-toc-heading-8\" href=\"https:\/\/www.people-abroad.de\/blog\/wanderungen-schwarzwald-pfaelzerwald\/#Ibacher_Panoramaweg_im_Schwarzwald\" >Ibacher Panoramaweg im Schwarzwald<\/a><\/li><li class='ez-toc-page-1'><a class=\"ez-toc-link ez-toc-heading-9\" href=\"https:\/\/www.people-abroad.de\/blog\/wanderungen-schwarzwald-pfaelzerwald\/#Ibacher_Panoramaweg_Uebersicht\" >Ibacher Panoramaweg | \u00dcbersicht<\/a><\/li><li class='ez-toc-page-1'><a class=\"ez-toc-link ez-toc-heading-10\" href=\"https:\/\/www.people-abroad.de\/blog\/wanderungen-schwarzwald-pfaelzerwald\/#Gernsbacher_Sagenweg_im_Schwarzwald\" >Gernsbacher Sagenweg im Schwarzwald<\/a><\/li><li class='ez-toc-page-1'><a class=\"ez-toc-link ez-toc-heading-11\" href=\"https:\/\/www.people-abroad.de\/blog\/wanderungen-schwarzwald-pfaelzerwald\/#Gernsbacher_Sagenweg_Ueberblick\" >Gernsbacher Sagenweg | \u00dcberblick<\/a><\/li><li class='ez-toc-page-1'><a class=\"ez-toc-link ez-toc-heading-12\" href=\"https:\/\/www.people-abroad.de\/blog\/wanderungen-schwarzwald-pfaelzerwald\/#Schliffkopf_Rundweg_im_Schwarzwald\" >Schliffkopf Rundweg im Schwarzwald<\/a><\/li><li class='ez-toc-page-1'><a class=\"ez-toc-link ez-toc-heading-13\" href=\"https:\/\/www.people-abroad.de\/blog\/wanderungen-schwarzwald-pfaelzerwald\/#Schliffkopf_Rundweg_Ueberblick\" >Schliffkopf Rundweg | \u00dcberblick<\/a><\/li><li class='ez-toc-page-1'><a class=\"ez-toc-link ez-toc-heading-14\" href=\"https:\/\/www.people-abroad.de\/blog\/wanderungen-schwarzwald-pfaelzerwald\/#Schoene_Wanderungen_im_Pfaelzerwald\" >Sch\u00f6ne Wanderungen im Pf\u00e4lzerwald<\/a><\/li><li class='ez-toc-page-1'><a class=\"ez-toc-link ez-toc-heading-15\" href=\"https:\/\/www.people-abroad.de\/blog\/wanderungen-schwarzwald-pfaelzerwald\/#Altschlosspfad_im_Pfaelzerwald\" >Altschlosspfad im Pf\u00e4lzerwald<\/a><\/li><li class='ez-toc-page-1'><a class=\"ez-toc-link ez-toc-heading-16\" href=\"https:\/\/www.people-abroad.de\/blog\/wanderungen-schwarzwald-pfaelzerwald\/#Altschlosspfad_Ueberblick\" >Altschlosspfad | \u00dcberblick<\/a><\/li><li class='ez-toc-page-1'><a class=\"ez-toc-link ez-toc-heading-17\" href=\"https:\/\/www.people-abroad.de\/blog\/wanderungen-schwarzwald-pfaelzerwald\/#Geiersteine-Tour_im_Pfaelzerwald\" >Geiersteine-Tour im Pf\u00e4lzerwald<\/a><\/li><li class='ez-toc-page-1'><a class=\"ez-toc-link ez-toc-heading-18\" href=\"https:\/\/www.people-abroad.de\/blog\/wanderungen-schwarzwald-pfaelzerwald\/#Geiersteine-Tour_Ueberblick\" >Geiersteine-Tour | \u00dcberblick<\/a><\/li><li class='ez-toc-page-1'><a class=\"ez-toc-link ez-toc-heading-19\" href=\"https:\/\/www.people-abroad.de\/blog\/wanderungen-schwarzwald-pfaelzerwald\/#Spirkelbacher_Hoellenberg-Tour_im_Pfaelzerwald\" >Spirkelbacher H\u00f6llenberg-Tour im Pf\u00e4lzerwald<\/a><\/li><li class='ez-toc-page-1'><a class=\"ez-toc-link ez-toc-heading-20\" href=\"https:\/\/www.people-abroad.de\/blog\/wanderungen-schwarzwald-pfaelzerwald\/#Spirkelbacher_Hoellenberg-Tour_Uebersicht\" >Spirkelbacher H\u00f6llenberg-Tour | \u00dcbersicht<\/a><\/li><li class='ez-toc-page-1'><a class=\"ez-toc-link ez-toc-heading-21\" href=\"https:\/\/www.people-abroad.de\/blog\/wanderungen-schwarzwald-pfaelzerwald\/#3-Seen-Tour_in_den_Vogesen\" >3-Seen-Tour in den Vogesen<\/a><\/li><li class='ez-toc-page-1'><a class=\"ez-toc-link ez-toc-heading-22\" href=\"https:\/\/www.people-abroad.de\/blog\/wanderungen-schwarzwald-pfaelzerwald\/#3-Seen-Tour_Uebersicht\" >3-Seen-Tour | \u00dcbersicht<\/a><\/li><\/ul><\/nav><\/div>\n<p><a href=\"https:\/\/www.people-abroad.de\/blog\/wanderungen-schwarzwald-pfaelzerwald\/\"><img decoding=\"async\" class=\"size-full wp-image-21287 alignleft\" style=\"margin-bottom: 25px;\" src=\"https:\/\/www.people-abroad.de\/blog\/wp-content\/uploads\/2021\/03\/wanderungen-schwarzwald-pfaelzerwald-12.jpg\" alt=\"\" width=\"1000\" height=\"750\" srcset=\"https:\/\/www.people-abroad.de\/blog\/wp-content\/uploads\/2021\/03\/wanderungen-schwarzwald-pfaelzerwald-12.jpg 1000w, https:\/\/www.people-abroad.de\/blog\/wp-content\/uploads\/2021\/03\/wanderungen-schwarzwald-pfaelzerwald-12-300x225.jpg 300w, https:\/\/www.people-abroad.de\/blog\/wp-content\/uploads\/2021\/03\/wanderungen-schwarzwald-pfaelzerwald-12-768x576.jpg 768w, https:\/\/www.people-abroad.de\/blog\/wp-content\/uploads\/2021\/03\/wanderungen-schwarzwald-pfaelzerwald-12-400x300.jpg 400w\" sizes=\"(max-width: 1000px) 100vw, 1000px\" \/><\/a><\/p>\n<p>Schwarzwald und Pf\u00e4lzerwald z\u00e4hlen zu den beliebtesten Wander-Regionen in Deutschland. Hier findest du 10 sch\u00f6ne Wanderungen im Schwarzwald und Pf\u00e4lzerwald.<!--more--><\/p>\n<p>&nbsp;<\/p>\n<p>Bewaldete H\u00fcgel mit Aussichtpunkten, von den man in die Ferne schauen kann. Beschauliche T\u00e4ler mit idyllischen Orten, die zum Einkehren einladen. Dazwischen gibt&#8217;s jede Menge Naturerlebnisse zu entdecken. Die Regionen Schwarzwald und Pf\u00e4lzerwald in <a href=\"https:\/\/www.people-abroad.de\/blog\/regionen-reiseziele-sueddeutschland\/\">S\u00fcddeutschland<\/a> haben viele Gemeinsamkeiten. Beide zeichnen sich durch ausgedehnte Waldgebiete aus, die sowohl von Urlaubern als auch von Besuchern am Wochenende beliebt sind.<\/p>\n<p>Zudem haben beide Regionen ein ausgedehntes Netz an Wanderwegen zu bieten mit zahlreichen M\u00f6glichkeiten f\u00fcr gr\u00f6\u00dfere und kleinere Touren. Viele davon sind Rundwege, die gleichzeitig auch als Premium-Wanderwege zertifiziert sind. In diesem Artikel findest du 10 sch\u00f6ne und abwechslungsreiche Wanderwege im Schwarzwald und Pf\u00e4lzerwald mit Infos und Tipps.<\/p>\n<h2><span class=\"ez-toc-section\" id=\"Schoene_Wanderungen_im_Schwarzwald\"><\/span>Sch\u00f6ne Wanderungen im Schwarzwald<span class=\"ez-toc-section-end\"><\/span><\/h2>\n<p>Der Schwarzwald bietet tolle Wanderwege f\u00fcr jeden Geschmack. Von Rundwanderwegen \u00fcber Wanderungen mit H\u00fctteneinkehr bis hin zu Themenwegen und Pilgerwegen reicht die Palette. Beliebt sind auch die Hochschwarzw\u00e4lder Genie\u00dferpfade, welche alle als Premiumwanderwege ausgezeichnet sind. Feldbergsteig, Schluchseer J\u00e4gersteig, Rappenfelsensteig und der Hochschwarzw\u00e4lder Hirtenpfad sind bekannt und beliebt. Im Folgenden stelle ich dir meine pers\u00f6nlichen Favoriten vor.<\/p>\n<p>Weitere Artikel \u00fcber den Schwarzwald findest du hier:<br \/>\n<a href=\"https:\/\/www.people-abroad.de\/blog\/ausflugsziele-schwarzwald-tipps\/\">Ausflugsziele im Schwarzwald<\/a><\/p>\n<h2><span class=\"ez-toc-section\" id=\"Geniesserpfad_Belchensteig_im_Schwarzwald\"><\/span>Genie\u00dferpfad Belchensteig im Schwarzwald<span class=\"ez-toc-section-end\"><\/span><\/h2>\n<p><img decoding=\"async\" class=\"size-full wp-image-21274 alignleft\" style=\"margin-bottom: 25px;\" src=\"https:\/\/www.people-abroad.de\/blog\/wp-content\/uploads\/2021\/03\/wanderungen-schwarzwald-pfaelzerwald-1.jpg\" alt=\"\" width=\"1000\" height=\"749\" srcset=\"https:\/\/www.people-abroad.de\/blog\/wp-content\/uploads\/2021\/03\/wanderungen-schwarzwald-pfaelzerwald-1.jpg 1000w, https:\/\/www.people-abroad.de\/blog\/wp-content\/uploads\/2021\/03\/wanderungen-schwarzwald-pfaelzerwald-1-300x225.jpg 300w, https:\/\/www.people-abroad.de\/blog\/wp-content\/uploads\/2021\/03\/wanderungen-schwarzwald-pfaelzerwald-1-768x575.jpg 768w, https:\/\/www.people-abroad.de\/blog\/wp-content\/uploads\/2021\/03\/wanderungen-schwarzwald-pfaelzerwald-1-400x300.jpg 400w\" sizes=\"(max-width: 1000px) 100vw, 1000px\" \/><\/p>\n<p>Der Belchen gilt als der sch\u00f6nste Aussichtsberg im Schwarzwald. Von seinem Gipfel genie\u00dft man einen einzigartigen Rundumblick, der von den schneebedeckten Schweizer Alpen \u00fcber die Rheinebene bis zu den Vogesen im Elsass reicht. Auch deshalb ist der Belchensteig ein Wandererlebnis der Extraklasse.<\/p>\n<p>Von den Lesern der Zeitschrift \u201eWandermagazin\u201c wurde er zu Deutschlands sch\u00f6nstem Wanderweg 2020 in der Kategorie der Halbtages- und Tagestouren gew\u00e4hlt. Der Belchensteig ist als Schwarzw\u00e4lder Genie\u00dferpfad und Premium-Wanderweg zertifiziert. Der Gipfel ist autofrei und man kann ihn \u00fcber Wanderwege, mit dem Mountainbike und der Belchen-Seilbahn erreichen.<\/p>\n<p>Der Belchenbus f\u00e4hrt vom Bahnhof M\u00fcnstertal (von Freiburg aus erreichbar) und aus Sch\u00f6nau direkt zur Talstation. Das Belchenhaus an der\u00a0Belchen-Seilbahn\u00a0ist Ausgangspunkt f\u00fcr ausgedehnte Wanderungen im Belchen-Naturschutzgebiet.<\/p>\n<h2><span class=\"ez-toc-section\" id=\"Geniesserpfad_Belchensteig_Uebersicht\"><\/span><span id=\"Panoramaweg_Belchensteig_in_der_Uebersicht\" class=\"ez-toc-section\"><\/span><strong>Genie\u00dferpfad Belchensteig | \u00dcbersicht<\/strong><span class=\"ez-toc-section-end\"><\/span><\/h2>\n<p>Schwierigkeitsgrad: mittel<br \/>\nL\u00e4nge: 14,7 km<br \/>\nDauer: 6:00 h<br \/>\nAufstieg: 621 m<br \/>\nAbstieg: 621 m<\/p>\n<p>Den ausf\u00fchrlichen Artikel zur Wanderung findest du hier: <a href=\"https:\/\/www.people-abroad.de\/blog\/belchensteig-schwarzwald\/\">Genie\u00dferpfad Belchensteig im Schwarzwald<\/a> | Weitere Infos gibt\u2019s auf der <a href=\"https:\/\/www.schwarzwaldregion-belchen.de\/de\/touren\/?_fwdid=70#cat=Genie%C3%9Ferpfade&amp;filter=r-fullyTranslatedLangus-,sb-sortedBy-0&amp;ipd=23674291&amp;ov=hiking\">offiziellen Webseite \u00fcber den Wanderweg<\/a>.<\/p>\n<h2><span class=\"ez-toc-section\" id=\"Menzenschwander_Geissenpfad_im_Schwarzwald\"><\/span>Menzenschwander Gei\u00dfenpfad im Schwarzwald<span class=\"ez-toc-section-end\"><\/span><\/h2>\n<p><img decoding=\"async\" class=\"size-full wp-image-21276 alignleft\" style=\"margin-bottom: 25px;\" src=\"https:\/\/www.people-abroad.de\/blog\/wp-content\/uploads\/2021\/03\/wanderungen-schwarzwald-pfaelzerwald-5.jpg\" alt=\"\" width=\"1000\" height=\"750\" srcset=\"https:\/\/www.people-abroad.de\/blog\/wp-content\/uploads\/2021\/03\/wanderungen-schwarzwald-pfaelzerwald-5.jpg 1000w, https:\/\/www.people-abroad.de\/blog\/wp-content\/uploads\/2021\/03\/wanderungen-schwarzwald-pfaelzerwald-5-300x225.jpg 300w, https:\/\/www.people-abroad.de\/blog\/wp-content\/uploads\/2021\/03\/wanderungen-schwarzwald-pfaelzerwald-5-768x576.jpg 768w, https:\/\/www.people-abroad.de\/blog\/wp-content\/uploads\/2021\/03\/wanderungen-schwarzwald-pfaelzerwald-5-400x300.jpg 400w\" sizes=\"(max-width: 1000px) 100vw, 1000px\" \/><\/p>\n<p>Der Menzenschwander Gei\u00dfenpfad ist 10,4 km lang und hat einen Aufstieg von knapp 300 Metern. Der Premiumwanderweg ist mit einem mittleren Schwierigkeitsgrad und einer Dauer von rund vier Stunden angegeben. Ausgangspunkt ist der Wanderparkplatz Menzenschwand in der Hinterdorfstra\u00dfe 57 in St. Blasien \u2013 Ortsteil Menzenschwand.<\/p>\n<p>Mein pers\u00f6nliches Highlight auf diesem Wanderweg sind die Menzenschwander Wasserf\u00e4lle. Sie sind ein beliebtes Ausflugsziel auch von Reisenden im Hochschwarzwald, die nicht den Gei\u00dfenpfad wandern. Die Wasserf\u00e4lle sind ein imposantes Naturgebilde, die das Menzenschwander Gletscher-Trogtal im Norden abschlie\u00dfen. Durch Wasserfluten vom Feldberg entstand w\u00e4hrend und nach der Eiszeit eine Schlucht mit bis zu 30 Metern hohen Felsw\u00e4nden.<\/p>\n<p>Sehenswert ist auch das idyllische Menzenschwand mit seinen sch\u00f6nen Schwarzwald-H\u00e4usern. Hier bietet sich ein Bummel oder eine Einkehr in einer der Gastst\u00e4tten an. In unmittelbarer N\u00e4he der Wasserf\u00e4lle kann man auch im Caf\u00e9 &amp; Berg-Beizle &#8222;Zum Kuckuck&#8220; einkehren.<\/p>\n<h2><span class=\"ez-toc-section\" id=\"Menzenschwander_Geissenpfad_Uebersicht\"><\/span>Menzenschwander Gei\u00dfenpfad | \u00dcbersicht<span class=\"ez-toc-section-end\"><\/span><\/h2>\n<p>Schwierigkeitsgrad: mittel<br \/>\nL\u00e4nge: 10,8 km<br \/>\nDauer: 4:00 h<br \/>\nAufstieg: 313 m<br \/>\nAbstieg: 313 m<\/p>\n<p>Den ausf\u00fchrlichen Artikel zur Wanderung findest du hier: <a href=\"https:\/\/www.people-abroad.de\/blog\/menzenschwander-geissenpfad\/\">Menzenschwander Gei\u00dfenpfad im Schwarzwald<\/a> | Weitere Infos gibt\u2019s auf der <a href=\"https:\/\/www.hochschwarzwald.de\/Touren-im-Hochschwarzwald\/Geniesserpfad-Menzenschwander-Geissenpfad\">offiziellen Webseite \u00fcber den Wanderweg<\/a>.<\/p>\n<h2><span class=\"ez-toc-section\" id=\"Todtmooser_Lebkuechlerweg_im_Schwarzwald\"><\/span>Todtmooser Lebk\u00fcchlerweg im Schwarzwald<span class=\"ez-toc-section-end\"><\/span><\/h2>\n<p><img decoding=\"async\" class=\"size-full wp-image-21268 alignleft\" style=\"margin-bottom: 25px;\" src=\"https:\/\/www.people-abroad.de\/blog\/wp-content\/uploads\/2021\/03\/wanderungen-schwarzwald-pfaelzerwald-7.jpg\" alt=\"\" width=\"1000\" height=\"750\" srcset=\"https:\/\/www.people-abroad.de\/blog\/wp-content\/uploads\/2021\/03\/wanderungen-schwarzwald-pfaelzerwald-7.jpg 1000w, https:\/\/www.people-abroad.de\/blog\/wp-content\/uploads\/2021\/03\/wanderungen-schwarzwald-pfaelzerwald-7-300x225.jpg 300w, https:\/\/www.people-abroad.de\/blog\/wp-content\/uploads\/2021\/03\/wanderungen-schwarzwald-pfaelzerwald-7-768x576.jpg 768w, https:\/\/www.people-abroad.de\/blog\/wp-content\/uploads\/2021\/03\/wanderungen-schwarzwald-pfaelzerwald-7-400x300.jpg 400w\" sizes=\"(max-width: 1000px) 100vw, 1000px\" \/><\/p>\n<p>Der Todtmooser Lebk\u00fcchlerweg ist 12,3 km lang und ein Rundwanderweg, f\u00fcr den man ca. 4,0 bis 4,5 Stunden reine Gehzeit einplanen sollte. Er verl\u00e4uft auf einer H\u00f6he zwischen 800 und 1.100 Metern rund um\u00a0Todtmoos. Eingestuft wird er als mittelschwerer bis schwerer Wanderweg, bei dem man \u00fcber eine entsprechende Kondition verf\u00fcgen sollte (Aufstieg: 570 hm).<\/p>\n<p>Der beste Startpunkt f\u00fcr den Wanderweg ist der Parkplatz am Schwimmbadweg 9 in Todtmoos. Von dort aus startet man in Richtung Norden. Unterwegs komme man bei dieser Wanderung immer wieder an sch\u00f6nen H\u00e4usern im typischen Schwarzwaldstil vorbei. Einige davon werden als Pension betrieben. Zu den H\u00f6hepunkten des Weges z\u00e4hlen die Todtmooser Wasserf\u00e4lle und das Hochkopfhaus zum Einkehren. Das idyllische Todtmoos lohnt sich ebenfalls zum Erkunden.<\/p>\n<h2><span class=\"ez-toc-section\" id=\"Todtmooser_Lebkuechlerweg_Uebersicht\"><\/span>Todtmooser Lebk\u00fcchlerweg | \u00dcbersicht<span class=\"ez-toc-section-end\"><\/span><\/h2>\n<p>Schwierigkeitsgrad: schwer<br \/>\nL\u00e4nge: 12,3 km<br \/>\nDauer: 4:00 bis 4:30 h<br \/>\nAufstieg: 659 m<br \/>\nAbstieg: 664 m<\/p>\n<p>Den ausf\u00fchrlichen Artikel zur Wanderung findest du hier: <a href=\"https:\/\/www.people-abroad.de\/blog\/hochschwarzwald-lebkuechlerweg-geissenpfad\/\">Todtmooser Lebk\u00fcchlerweg im Schwarzwald<\/a> | Weitere Infos gibt\u2019s auf der <a href=\"https:\/\/www.hochschwarzwald.de\/Touren-im-Hochschwarzwald\/Geniesserpfad-Lebkuechlerweg\">offiziellen Webseite \u00fcber den Wanderweg<\/a>.<\/p>\n<h2><span class=\"ez-toc-section\" id=\"Ibacher_Panoramaweg_im_Schwarzwald\"><\/span>Ibacher Panoramaweg im Schwarzwald<span class=\"ez-toc-section-end\"><\/span><\/h2>\n<p><img decoding=\"async\" class=\"size-full wp-image-21269 alignleft\" style=\"margin-bottom: 25px;\" src=\"https:\/\/www.people-abroad.de\/blog\/wp-content\/uploads\/2021\/03\/wanderungen-schwarzwald-pfaelzerwald-9.jpg\" alt=\"\" width=\"1000\" height=\"750\" srcset=\"https:\/\/www.people-abroad.de\/blog\/wp-content\/uploads\/2021\/03\/wanderungen-schwarzwald-pfaelzerwald-9.jpg 1000w, https:\/\/www.people-abroad.de\/blog\/wp-content\/uploads\/2021\/03\/wanderungen-schwarzwald-pfaelzerwald-9-300x225.jpg 300w, https:\/\/www.people-abroad.de\/blog\/wp-content\/uploads\/2021\/03\/wanderungen-schwarzwald-pfaelzerwald-9-768x576.jpg 768w, https:\/\/www.people-abroad.de\/blog\/wp-content\/uploads\/2021\/03\/wanderungen-schwarzwald-pfaelzerwald-9-400x300.jpg 400w\" sizes=\"(max-width: 1000px) 100vw, 1000px\" \/><\/p>\n<p>Der Ibacher Panoramaweg ist knapp 12 Kilometer lang und verl\u00e4uft auf einer H\u00f6he zwischen 900 und 1.100 Metern rund um den sch\u00f6nen Ort Ibach. Die kleinste selbst\u00e4ndige Gemeinde im Landkreis Waldshut liegt in einem Hochtal, das einst der Ibachgletscher geformt hat. Etwa zwei Drittel der Fl\u00e4che besteht aus Wald und die Ausblicke auf dem Wanderweg sind toll.<\/p>\n<p>Der Wanderweg, der auch als Genie\u00dferpfad und Premiumwanderweg ausgezeichnet ist, bietet immer wieder sehenswerte Ausblicke in das idyllische Hochtal und in verschiedene Richtungen. Je nach Lauftempo kann man ca. 4 bis 4,5 Stunden daf\u00fcr einplanen. Als gute Startpunkte bieten sich entweder der Kohlh\u00fcttenplatz oder der Schorrm\u00e4ttle-Parkplatz an. Bei diesem Rundweg bietet es sich an ein Vesper mitzunehmen und unterwegs an einem der sch\u00f6nen Aussichtspunkte zu rasten.<\/p>\n<h2><span class=\"ez-toc-section\" id=\"Ibacher_Panoramaweg_Uebersicht\"><\/span>Ibacher Panoramaweg | \u00dcbersicht<span class=\"ez-toc-section-end\"><\/span><\/h2>\n<p>Schwierigkeitsgrad: mittel<br \/>\nL\u00e4nge: 11,7 km<br \/>\nDauer: 4:00 bis 4:30 h<br \/>\nAufstieg: 229 m<br \/>\nAbstieg: 229 m<\/p>\n<p>Den ausf\u00fchrlichen Artikel zur Wanderung findest du hier: <a href=\"https:\/\/www.people-abroad.de\/blog\/suedschwarzwald-wandern-ibach\/\">S\u00fcdschwarzwald &#8211; Wandern mit Blick auf Ibach<\/a> | Weitere Infos gibt\u2019s auf der <a href=\"https:\/\/www.schwarzwald-panoramastrasse.de\/Media\/Touren\/Ibach-Geniesserpfad-Ibacher-Panoramaweg\">offiziellen Webseite \u00fcber den Wanderweg<\/a>.<\/p>\n<h2><span class=\"ez-toc-section\" id=\"Gernsbacher_Sagenweg_im_Schwarzwald\"><\/span>Gernsbacher Sagenweg im Schwarzwald<span class=\"ez-toc-section-end\"><\/span><\/h2>\n<p><img decoding=\"async\" class=\"size-full wp-image-21275 alignleft\" style=\"margin-bottom: 25px;\" src=\"https:\/\/www.people-abroad.de\/blog\/wp-content\/uploads\/2021\/03\/wanderungen-schwarzwald-pfaelzerwald-8.jpg\" alt=\"\" width=\"1024\" height=\"769\" srcset=\"https:\/\/www.people-abroad.de\/blog\/wp-content\/uploads\/2021\/03\/wanderungen-schwarzwald-pfaelzerwald-8.jpg 1024w, https:\/\/www.people-abroad.de\/blog\/wp-content\/uploads\/2021\/03\/wanderungen-schwarzwald-pfaelzerwald-8-300x225.jpg 300w, https:\/\/www.people-abroad.de\/blog\/wp-content\/uploads\/2021\/03\/wanderungen-schwarzwald-pfaelzerwald-8-768x577.jpg 768w, https:\/\/www.people-abroad.de\/blog\/wp-content\/uploads\/2021\/03\/wanderungen-schwarzwald-pfaelzerwald-8-400x300.jpg 400w\" sizes=\"(max-width: 1024px) 100vw, 1024px\" \/><\/p>\n<p>Der Gernsbacher Sagenweg ist ein abwechslungsreicher Rundweg mit Auf- und Abstiegen, die f\u00fcr unge\u00fcbte Wanderer gut machbar sind. Durch die teils schmalen und alpinen Abschnitte ist der Sagenweg f\u00fcr Kinderwagen und Rollst\u00fchle ungeeignet. Der Genie\u00dferpfad verl\u00e4uft auf \u00fcberwiegend nat\u00fcrlichem Untergrund und es empfielt sich festes Schuhwerk. Auf etwa der H\u00e4lfte der Strecke gibt es auf der Burg Eberstein eine Einkehrm\u00f6glichkeit mit Panorama-Blick ins Murgtal.<\/p>\n<p>Unterwegs auf dem Sagenweg erz\u00e4hlen sieben Geschichten von Engeln, Teufeln, tollk\u00fchnen Rittern und gespenstischen Frauen. Der Weg ist gut beschildert und kann in beide Richtungen gewandert werden. Als Startpunkt bietet sich der Parkplatz bei der Klingelkapelle an. Die Anfahrt mit dem \u00d6PNV erfolgt mit den KVV-Bahnen S8 und S81. Zirka 20 bis 30 Minuten Fu\u00dfweg sind es ab den Haltestellen Gernsbach Bahnhof oder Gernsbach Mitte bis zur Klingelkapelle.<\/p>\n<h2><span class=\"ez-toc-section\" id=\"Gernsbacher_Sagenweg_Ueberblick\"><\/span>Gernsbacher Sagenweg | \u00dcberblick<span class=\"ez-toc-section-end\"><\/span><\/h2>\n<p>Schwierigkeitsgrad: mittel<br \/>\nL\u00e4nge: 5,3 km<br \/>\nDauer: 2:00 bis 2:30 h<br \/>\nAufstieg: 224 m<br \/>\nAbstieg: 224 m<\/p>\n<p>Den ausf\u00fchrlichen Artikel zur Wanderung findest du hier: <a href=\"https:\/\/www.people-abroad.de\/blog\/gernsbacher-sagenweg\/\">Gernsbacher Sagenweg im Schwarzwald<\/a> | Weitere Infos gibt\u2019s auf der <a href=\"https:\/\/sagenweg.de\/\">offiziellen Webseite \u00fcber den Wanderweg<\/a>.<\/p>\n<h2><span class=\"ez-toc-section\" id=\"Schliffkopf_Rundweg_im_Schwarzwald\"><\/span>Schliffkopf Rundweg im Schwarzwald<span class=\"ez-toc-section-end\"><\/span><\/h2>\n<p><img decoding=\"async\" class=\"size-full wp-image-21270 alignleft\" style=\"margin-bottom: 25px;\" src=\"https:\/\/www.people-abroad.de\/blog\/wp-content\/uploads\/2021\/03\/wanderungen-schwarzwald-pfaelzerwald-2.jpg\" alt=\"\" width=\"1000\" height=\"750\" srcset=\"https:\/\/www.people-abroad.de\/blog\/wp-content\/uploads\/2021\/03\/wanderungen-schwarzwald-pfaelzerwald-2.jpg 1000w, https:\/\/www.people-abroad.de\/blog\/wp-content\/uploads\/2021\/03\/wanderungen-schwarzwald-pfaelzerwald-2-300x225.jpg 300w, https:\/\/www.people-abroad.de\/blog\/wp-content\/uploads\/2021\/03\/wanderungen-schwarzwald-pfaelzerwald-2-768x576.jpg 768w, https:\/\/www.people-abroad.de\/blog\/wp-content\/uploads\/2021\/03\/wanderungen-schwarzwald-pfaelzerwald-2-400x300.jpg 400w\" sizes=\"(max-width: 1000px) 100vw, 1000px\" \/><\/p>\n<p>Der Schliffkopf Rundweg mit einer L\u00e4nge von 15,4 km bietet vier Attraktionen: Man schlendert auf dem Lotharpfad durch die badische Wildnis, kann am Buhlbachsee eine Rast einlegen und eine schwimmende Moorinsel betrachten. Sp\u00e4ter passiert man die Quelle der Murg und kommt am verwunschenen Spaltb\u00e4chle vorbei. Zudem locken tolle Ausblicke in die Rheinebene. Der Rundweg f\u00fchrt durch eine abwechslungsreiche Landschaft aus Wald, Wildnis und Bergheiden.<\/p>\n<p>Als Startplatz bietet sich der Parkplatz beim Hotel \u201eSchliffkopf\u201c oder direkt daneben der Wanderparkplatz \u201eSteinm\u00e4uerle\u201c an. Vom Schliffkopf f\u00fchrt der Rundweg \u00fcber Lotharpfad, Buhlbachsee und Murgquelle zum Ausgangspunkt zur\u00fcck.<\/p>\n<p>Die Wanderung ist nicht f\u00fcr Kinderwagen oder Rollator geeignet. Eine k\u00fcrzere Variante der Tour, die sich f\u00fcr Familien mit Kindern eignet: Start und Ziel ist dann der Parkplatz Lotharpfad. F\u00fcr Kinder ist der Lothar-Parcours \u00fcber die Stege und den Ausguck in die Rheinebene ein Erlebnis (ca. 1 km). Vom Lotharpfad aus kann eine sch\u00f6ne Wanderung \u00fcber Spaltb\u00e4chle zum Buhlbachsee und wieder zur\u00fcck unternommen werden (ca. 8 km).<\/p>\n<h2><span class=\"ez-toc-section\" id=\"Schliffkopf_Rundweg_Ueberblick\"><\/span>Schliffkopf Rundweg | \u00dcberblick<span class=\"ez-toc-section-end\"><\/span><\/h2>\n<p>Schwierigkeitsgrad: mittel<br \/>\nL\u00e4nge: 15,4 km<br \/>\nDauer: 4:30 h<br \/>\nAufstieg: 390 m<br \/>\nAbstieg: 390 m<\/p>\n<p>Den ausf\u00fchrlichen Artikel zur Wanderung findest du hier: <a href=\"https:\/\/www.people-abroad.de\/blog\/wandern-schwarzwald-schliffkopf\/\">Wandern am Schliffkopf im Schwarzwald<\/a> | Weitere Infos gibt\u2019s auch <a href=\"https:\/\/www.komoot.de\/tour\/223483428\">hier<\/a>.<\/p>\n<h2><span class=\"ez-toc-section\" id=\"Schoene_Wanderungen_im_Pfaelzerwald\"><\/span>Sch\u00f6ne Wanderungen im Pf\u00e4lzerwald<span class=\"ez-toc-section-end\"><\/span><\/h2>\n<p>Der Pf\u00e4lzerwald im S\u00fcden von Rheinland-Pfalz ist das gr\u00f6\u00dfte zusammenh\u00e4ngende Waldgebiet in Deutschland. Ein malerisches und idyllisches Mittelgebirge mit sanften H\u00fcgeln sowie zahlreichen Burgen und sch\u00f6nen Wanderwegen. Markant im Pf\u00e4lzerwald ist der rote Buntsandstein, der vor allem in der S\u00fcdpfalz zu finden ist. Weitere Tipps \u00fcber die Region findest du unter <a href=\"https:\/\/www.people-abroad.de\/blog\/pfaelzerwald-sehenswuerdigkeiten-ausflugsziele\/\">Pf\u00e4lzerwald: Sehensw\u00fcrdigkeiten &amp; Ausflugsziele<\/a> und <a href=\"https:\/\/www.people-abroad.de\/blog\/teufelstisch-wanderung\/\">Teufelstisch: Ausflugsziel &amp; Wanderung im Pf\u00e4lzerwald<\/a>.<\/p>\n<h2><span class=\"ez-toc-section\" id=\"Altschlosspfad_im_Pfaelzerwald\"><\/span>Altschlosspfad im Pf\u00e4lzerwald<span class=\"ez-toc-section-end\"><\/span><\/h2>\n<p><img decoding=\"async\" class=\"size-full wp-image-21266 alignleft\" style=\"margin-bottom: 25px;\" src=\"https:\/\/www.people-abroad.de\/blog\/wp-content\/uploads\/2021\/03\/wanderungen-schwarzwald-pfaelzerwald-11.jpg\" alt=\"\" width=\"1000\" height=\"667\" srcset=\"https:\/\/www.people-abroad.de\/blog\/wp-content\/uploads\/2021\/03\/wanderungen-schwarzwald-pfaelzerwald-11.jpg 1000w, https:\/\/www.people-abroad.de\/blog\/wp-content\/uploads\/2021\/03\/wanderungen-schwarzwald-pfaelzerwald-11-300x200.jpg 300w, https:\/\/www.people-abroad.de\/blog\/wp-content\/uploads\/2021\/03\/wanderungen-schwarzwald-pfaelzerwald-11-768x512.jpg 768w, https:\/\/www.people-abroad.de\/blog\/wp-content\/uploads\/2021\/03\/wanderungen-schwarzwald-pfaelzerwald-11-400x267.jpg 400w\" sizes=\"(max-width: 1000px) 100vw, 1000px\" \/><\/p>\n<p>Der Altschlosspfad ist ein 10,7 km langer Rundwanderweg mit mittlerem Schwierigkeitsgrad. Den Premium-Wanderweg kann man mit ganz normalen Wanderschuhen gut erlaufen. Als Startpunkt f\u00fcr die Tour bietet sich der Parkplatz Himbaumstra\u00dfe 22 am \u201eHotel Kupper\u201c in Eppelbrunn an. Alternativ dazu kann man auch von Roppeviller im Elsass aus wandern und kommt dann aus Richtung S\u00fcden zu den Felsen.<\/p>\n<p>Der Altschlosspfad besteht zu mehr als 75% aus Naturwegen und ich bin ihn relativ z\u00fcgig, mit Fotografieren, in 3,5 Stunden gewandert. Wenn man ausgedehntere Pausen macht, ben\u00f6tigt man etwa 4 \u2013 4,5 Stunden. Der H\u00f6hepunkt des Rundweges ist diese Passage an den beeindruckenden Altschlossfelsen entlang. Die Felsgruppe erstreckt sich auf rund 1,5 km L\u00e4nge. Als Startpunkt bietet sich der Parkplatz am Hotel-Restaurant Kupper in der Himbaumstra\u00dfe 22 in Eppenbrunn an. Hier l\u00e4sst sich nach der Wanderung beispielsweise auch einkehren.<\/p>\n<h2><span class=\"ez-toc-section\" id=\"Altschlosspfad_Ueberblick\"><\/span>Altschlosspfad | \u00dcberblick<span class=\"ez-toc-section-end\"><\/span><\/h2>\n<p>Schwierigkeitsgrad: mittel<br \/>\nL\u00e4nge: 10,7 km<br \/>\nDauer: 3:30 bis 4:00 h<br \/>\nAufstieg: 198 m<br \/>\nAbstieg: 198 m<\/p>\n<p>Den ausf\u00fchrlichen Artikel zur Wanderung findest du hier: <a href=\"https:\/\/www.people-abroad.de\/blog\/altschlossfelsen-pfalz\/\">Altschlossfelsen &#8211; Wandern auf dem Altschlosspfad<\/a> | Weitere Infos gibt\u2019s auf der <a href=\"https:\/\/www.pfalz.de\/de\/route\/altschlosspfad\">offiziellen Webseite \u00fcber den Wanderweg<\/a>.<\/p>\n<h2><span class=\"ez-toc-section\" id=\"Geiersteine-Tour_im_Pfaelzerwald\"><\/span>Geiersteine-Tour im Pf\u00e4lzerwald<span class=\"ez-toc-section-end\"><\/span><\/h2>\n<p><img decoding=\"async\" class=\"size-full wp-image-21272 alignleft\" style=\"margin-bottom: 25px;\" src=\"https:\/\/www.people-abroad.de\/blog\/wp-content\/uploads\/2021\/03\/wanderungen-schwarzwald-pfaelzerwald-3.jpg\" alt=\"\" width=\"1000\" height=\"665\" srcset=\"https:\/\/www.people-abroad.de\/blog\/wp-content\/uploads\/2021\/03\/wanderungen-schwarzwald-pfaelzerwald-3.jpg 1000w, https:\/\/www.people-abroad.de\/blog\/wp-content\/uploads\/2021\/03\/wanderungen-schwarzwald-pfaelzerwald-3-300x200.jpg 300w, https:\/\/www.people-abroad.de\/blog\/wp-content\/uploads\/2021\/03\/wanderungen-schwarzwald-pfaelzerwald-3-768x511.jpg 768w, https:\/\/www.people-abroad.de\/blog\/wp-content\/uploads\/2021\/03\/wanderungen-schwarzwald-pfaelzerwald-3-400x266.jpg 400w\" sizes=\"(max-width: 1000px) 100vw, 1000px\" \/><\/p>\n<p>Die Geiersteine-Tour s\u00fcdlich von Annweiler und Hauenstein ist ein kurzweiliger sch\u00f6ner Rundweg. Mit 5,4 km ist er der k\u00fcrzeste Premium-Wanderweg in der Pfalz. Bei einem Aufstieg von 163 m, einem Abstieg von 193 m\u00a0 und einer reinen Laufzeit von etwas mehr als zwei Stunden ist er als leicht einzustufen und familienfreundlich.<\/p>\n<p>Als Startpunkt bietet sich der Parkplatz an der Gemeindehalle in Lug an. Der n\u00e4chstgelegene Bahnhof ist Wilgartswiesen. Vom Parkplatz aus sind es nur wenige Meter bis zum Dorfplatz in Lug, danach geht es rechts an der Katholischen Kirche vorbei und man folgt der Beschilderung \u201eGeiersteine-Tour\u201c. \u00dcber die Bergstra\u00dfe geht es in nord\u00f6stlicher Richtung in den Wald hinein. Die H\u00f6hepunkte des Wanderweges sind die Felsen Hornstein, die Luger Geiersteine und der Runde Hut. In Lug gibt es anschlie\u00dfend auch M\u00f6glichkeiten zum Einkehren.<\/p>\n<h2><span class=\"ez-toc-section\" id=\"Geiersteine-Tour_Ueberblick\"><\/span>Geiersteine-Tour | \u00dcberblick<span class=\"ez-toc-section-end\"><\/span><\/h2>\n<p>Schwierigkeitsgrad: leicht<br \/>\nL\u00e4nge: 5,4 km<br \/>\nDauer: 2:00 h<br \/>\nAufstieg: 163 m<br \/>\nAbstieg: 193 m<\/p>\n<p>Den ausf\u00fchrlichen Artikel zur Wanderung findest du hier: <a href=\"https:\/\/www.people-abroad.de\/blog\/geiersteine-tour-wanderung\/\">Geiersteine &#8211; Wanderung auf der Geiersteine-Tour<\/a> | Weitere Infos gibt\u2019s auf der <a href=\"https:\/\/www.pfalz.de\/de\/route\/geiersteine-tour\">offiziellen Webseite \u00fcber den Wanderweg<\/a>.<\/p>\n<h2><span class=\"ez-toc-section\" id=\"Spirkelbacher_Hoellenberg-Tour_im_Pfaelzerwald\"><\/span>Spirkelbacher H\u00f6llenberg-Tour im Pf\u00e4lzerwald<span class=\"ez-toc-section-end\"><\/span><\/h2>\n<p><img decoding=\"async\" class=\"size-full wp-image-21273 alignleft\" style=\"margin-bottom: 25px;\" src=\"https:\/\/www.people-abroad.de\/blog\/wp-content\/uploads\/2021\/03\/wanderungen-schwarzwald-pfaelzerwald-4.jpg\" alt=\"\" width=\"1000\" height=\"665\" srcset=\"https:\/\/www.people-abroad.de\/blog\/wp-content\/uploads\/2021\/03\/wanderungen-schwarzwald-pfaelzerwald-4.jpg 1000w, https:\/\/www.people-abroad.de\/blog\/wp-content\/uploads\/2021\/03\/wanderungen-schwarzwald-pfaelzerwald-4-300x200.jpg 300w, https:\/\/www.people-abroad.de\/blog\/wp-content\/uploads\/2021\/03\/wanderungen-schwarzwald-pfaelzerwald-4-768x511.jpg 768w, https:\/\/www.people-abroad.de\/blog\/wp-content\/uploads\/2021\/03\/wanderungen-schwarzwald-pfaelzerwald-4-400x266.jpg 400w\" sizes=\"(max-width: 1000px) 100vw, 1000px\" \/><\/p>\n<p>Die Spirkelbacher H\u00f6llenberg-Tour bei Hauenstein ist eine Rundtour und sie ist ebenfalls als Premium-Wanderweg ausgezeichnet. Mit etwa 8 km und 360 H\u00f6henmetern geh\u00f6rt sie zu den k\u00fcrzeren Touren in der Pfalz und man sollte rund drei Stunden daf\u00fcr einplanen. Spirkelbach liegt rund 3,5 km \u00f6stlich von Hauenstein. Der beschauliche Ort liegt mitten im Wasgau, wie der S\u00fcdteil des Pf\u00e4lzerwaldes auch genannt wird. Der Start- und Zielpunkt dieser Wanderung ist der Parkplatz am Friedhof in Spirkelbach.<\/p>\n<p>Die H\u00f6hepunkte dieser Rundtour sind die Felsmassive Kleiner und Gro\u00dfer Ferkelstein, der Friedrichsfelsen und der H\u00f6llenfelsen. Die H\u00f6llenberg-Tour ist abwechslungsreich, bietet sch\u00f6ne Ausblicken und gute Rastpl\u00e4tze. Trittsicherheit ist erfolderlich und aufgrund der schmalen Pfade ist der Weg zwar familienfreundlich, aber nicht mit einem Kinderwagen zu meistern. Die Steigungen sollten nicht untersch\u00e4tzt werden, obwohl der Weg oben auf dem H\u00f6llenberg-Kamm relativ eben verl\u00e4uft.<\/p>\n<h2><span class=\"ez-toc-section\" id=\"Spirkelbacher_Hoellenberg-Tour_Uebersicht\"><\/span>Spirkelbacher H\u00f6llenberg-Tour | \u00dcbersicht<span class=\"ez-toc-section-end\"><\/span><\/h2>\n<p>Schwierigkeitsgrad: mittel<br \/>\nL\u00e4nge: 8 km<br \/>\nDauer: 3:00 h<br \/>\nAufstieg: 360 m<br \/>\nAbstieg: 360 m<\/p>\n<p>Den ausf\u00fchrlichen Artikel zur Wanderung findest du hier: <a href=\"https:\/\/www.people-abroad.de\/blog\/hauenstein-wandern-hoellenberg-tour\/\">H\u00f6llenberg-Tour &#8211; Wandern in Hauenstein<\/a> | Weitere Infos gibt\u2019s auf der <a href=\"https:\/\/www.pfalz.de\/de\/route\/spirkelbacher-hoellenberg-tour\">offiziellen Webseite \u00fcber den Wanderweg<\/a>.<\/p>\n<h2><span class=\"ez-toc-section\" id=\"3-Seen-Tour_in_den_Vogesen\"><\/span>3-Seen-Tour in den Vogesen<span class=\"ez-toc-section-end\"><\/span><\/h2>\n<p><img decoding=\"async\" class=\"size-full wp-image-21271 alignleft\" style=\"margin-bottom: 25px;\" src=\"https:\/\/www.people-abroad.de\/blog\/wp-content\/uploads\/2021\/03\/wanderungen-schwarzwald-pfaelzerwald-6.jpg\" alt=\"\" width=\"1000\" height=\"667\" srcset=\"https:\/\/www.people-abroad.de\/blog\/wp-content\/uploads\/2021\/03\/wanderungen-schwarzwald-pfaelzerwald-6.jpg 1000w, https:\/\/www.people-abroad.de\/blog\/wp-content\/uploads\/2021\/03\/wanderungen-schwarzwald-pfaelzerwald-6-300x200.jpg 300w, https:\/\/www.people-abroad.de\/blog\/wp-content\/uploads\/2021\/03\/wanderungen-schwarzwald-pfaelzerwald-6-768x512.jpg 768w, https:\/\/www.people-abroad.de\/blog\/wp-content\/uploads\/2021\/03\/wanderungen-schwarzwald-pfaelzerwald-6-400x267.jpg 400w\" sizes=\"(max-width: 1000px) 100vw, 1000px\" \/><\/p>\n<p>Hoppla, da hat sich zum Abschluss noch eine Wanderung in einer anderen Region eingeschlichen. Daf\u00fcr gibt es allerdings einen guten Grund: Der Naturpark Nordvogesen bildet gemeinsam mit dem Naturpark Pf\u00e4lzerwald das grenz\u00fcberschreitende und von der UNESCO ausgezeichnete Biosph\u00e4renreservat Pf\u00e4lzerwald \u2013 Vosges du Nord. In der Region wird grenz\u00fcberschreitend gewandert. Deshalb empfehle ich &#8211; nebem dem Pf\u00e4lzerwald und Schwarzwald &#8211; hier noch die Vogesen als Wander-Region.<\/p>\n<p>Die Drei-Seen-Tour am Vogesen-Hauptkamm geh\u00f6rt zu den beliebtesten Wanderungen in den Vogesen. Sie ist 12,5 km lang, kann aber auch individuell verk\u00fcrzt oder verl\u00e4ngert werden. Die Wanderung in den Hautes Vosges (Hochvogesen) bietet tolle Ausblicke in die Weite und sie verbindet die wundersch\u00f6nen Eiszeit-Seen Lac Noir, Lac Blanc und Lac du Forlet.<\/p>\n<p>Von Colmar aus erreicht man den Wanderweg in rund 45 min mit dem Auto. Dabei f\u00e4hrt man nach Westen, \u00fcber Kaysersberg die D415 und D48 nach Pairis bis zum Parkplatz am\u00a0Lac Noir. Ebenso kann man bis zum Lac Blanc fahren und von dort aus starten. Die H\u00f6hepunkte der Tour sind die drei Eiszeitseen, nach der die Wanderung benannt ist. Unterwegs bieten sich immer wieder tolle Ausblicke in die Region. Am Lac du Forlet und am Lac Noir gibt es eine Gastst\u00e4tte zum Einkehren.<\/p>\n<h2><span class=\"ez-toc-section\" id=\"3-Seen-Tour_Uebersicht\"><\/span>3-Seen-Tour | \u00dcbersicht<span class=\"ez-toc-section-end\"><\/span><\/h2>\n<p>Schwierigkeitsgrad: schwer<br \/>\nL\u00e4nge: 12,5 km<br \/>\nDauer: 4:00 h<br \/>\nAufstieg: 464 m<br \/>\nAbstieg: 464 m<\/p>\n<p>Den ausf\u00fchrlichen Artikel zur Wanderung findest du hier: <a href=\"https:\/\/www.people-abroad.de\/blog\/elsass-vogesen-wandern\/\">Elsass Tipps &#8211; Wandern in den Vogesen<\/a> | Weitere Infos gibt\u2019s auf der <a href=\"https:\/\/www.visit.alsace\/de\/230110313-wanderung-tour-der-3-seen\/\">offiziellen Webseite \u00fcber den Wanderweg<\/a>.<\/p>\n<p>Weitere Artikel \u00fcber Wander-Regionen findest du hier:<br \/>\n<a href=\"https:\/\/www.people-abroad.de\/blog\/5-seidla-steig\/\">Der 5-Seidla-Steig in der Fr\u00e4nkischen Schweiz<\/a><br \/>\n<a href=\"https:\/\/www.people-abroad.de\/blog\/zugspitze-wanderung-spitzenwanderweg\/\">Auf die Zugspitze wandern &#8211; mein Tourenbericht<\/a><br \/>\n<a href=\"https:\/\/www.people-abroad.de\/blog\/karawanken-wandern-rosental\/\">Karawanken: Wandern in der Region Rosental<\/a><br \/>\n<a href=\"https:\/\/www.people-abroad.de\/blog\/millstaetter-see-wandern-granattor\/\">Millst\u00e4tter See: Wandern &amp; Genuss am Granattor<\/a><br \/>\n<a href=\"https:\/\/www.people-abroad.de\/blog\/bergtour-gletscher-trekking-oesterreich\/\">Bergtour &amp; Gletscher-Trekking in \u00d6sterreich<\/a><\/p>\n<p><img decoding=\"async\" class=\"alignnone wp-image-21836 size-medium\" src=\"https:\/\/www.people-abroad.de\/blog\/wp-content\/uploads\/2021\/05\/wanderungen-schwarzwald-pfaelzerwald-200x300.png\" alt=\"10 sch\u00f6ne Wanderungen im Schwarzwald &amp; Pf\u00e4lzerwald\" width=\"200\" height=\"300\" srcset=\"https:\/\/www.people-abroad.de\/blog\/wp-content\/uploads\/2021\/05\/wanderungen-schwarzwald-pfaelzerwald-200x300.png 200w, https:\/\/www.people-abroad.de\/blog\/wp-content\/uploads\/2021\/05\/wanderungen-schwarzwald-pfaelzerwald-683x1024.png 683w, https:\/\/www.people-abroad.de\/blog\/wp-content\/uploads\/2021\/05\/wanderungen-schwarzwald-pfaelzerwald-267x400.png 267w, https:\/\/www.people-abroad.de\/blog\/wp-content\/uploads\/2021\/05\/wanderungen-schwarzwald-pfaelzerwald.png 735w\" sizes=\"(max-width: 200px) 100vw, 200px\" \/><\/p>\n","protected":false},"excerpt":{"rendered":"<p>Schwarzwald und Pf\u00e4lzerwald z\u00e4hlen zu den beliebtesten Wander-Regionen in Deutschland. Hier findest du 10 sch\u00f6ne Wanderungen im Schwarzwald und Pf\u00e4lzerwald.<\/p>\n","protected":false},"author":1,"featured_media":0,"comment_status":"open","ping_status":"open","sticky":false,"template":"","format":"standard","meta":{"_monsterinsights_skip_tracking":false,"_monsterinsights_sitenote_active":false,"_monsterinsights_sitenote_note":"","_monsterinsights_sitenote_category":0,"footnotes":""},"categories":[701,2044],"tags":[328,1997],"class_list":["post-21068","post","type-post","status-publish","format-standard","hentry","category-deutschland","category-wandern","tag-baden-wuerttemberg","tag-rheinland-pfalz"],"yoast_head":"<!-- This site is optimized with the Yoast SEO plugin v27.4 - https:\/\/yoast.com\/product\/yoast-seo-wordpress\/ -->\n<title>10 Wanderungen im Schwarzwald &amp; Pf\u00e4lzerwald - People Abroad<\/title>\n<meta name=\"description\" content=\"Schwarzwald und Pf\u00e4lzerwald z\u00e4hlen zu den beliebtesten Wander-Regionen Deutschlands. 10 sch\u00f6ne Wanderungen in Schwarzwald und Pf\u00e4lzerwald.\" \/>\n<meta name=\"robots\" content=\"index, follow, max-snippet:-1, max-image-preview:large, max-video-preview:-1\" \/>\n<link rel=\"canonical\" href=\"https:\/\/www.people-abroad.de\/blog\/wanderungen-schwarzwald-pfaelzerwald\/\" \/>\n<meta property=\"og:locale\" content=\"de_DE\" \/>\n<meta property=\"og:type\" content=\"article\" \/>\n<meta property=\"og:title\" content=\"10 Wanderungen im Schwarzwald &amp; Pf\u00e4lzerwald - People Abroad\" \/>\n<meta property=\"og:description\" content=\"Schwarzwald und Pf\u00e4lzerwald z\u00e4hlen zu den beliebtesten Wander-Regionen Deutschlands. 10 sch\u00f6ne Wanderungen in Schwarzwald und Pf\u00e4lzerwald.\" \/>\n<meta property=\"og:url\" content=\"https:\/\/www.people-abroad.de\/blog\/wanderungen-schwarzwald-pfaelzerwald\/\" \/>\n<meta property=\"og:site_name\" content=\"People Abroad\" \/>\n<meta property=\"article:publisher\" content=\"https:\/\/www.facebook.com\/menschen.international\/\" \/>\n<meta property=\"article:author\" content=\"https:\/\/www.facebook.com\/menschen.international\/\" \/>\n<meta property=\"article:published_time\" content=\"2021-04-02T05:45:53+00:00\" \/>\n<meta property=\"article:modified_time\" content=\"2021-11-29T21:13:01+00:00\" \/>\n<meta property=\"og:image\" content=\"https:\/\/www.people-abroad.de\/blog\/wp-content\/uploads\/2021\/03\/wanderungen-schwarzwald-pfaelzerwald-12.jpg\" \/>\n<meta name=\"author\" content=\"Heiko M\u00fcller\" \/>\n<meta name=\"twitter:card\" content=\"summary_large_image\" \/>\n<meta name=\"twitter:creator\" content=\"@People_Abroad\" \/>\n<meta name=\"twitter:site\" content=\"@People_Abroad\" \/>\n<meta name=\"twitter:label1\" content=\"Verfasst von\" \/>\n\t<meta name=\"twitter:data1\" content=\"Heiko M\u00fcller\" \/>\n\t<meta name=\"twitter:label2\" content=\"Gesch\u00e4tzte Lesezeit\" \/>\n\t<meta name=\"twitter:data2\" content=\"12\u00a0Minuten\" \/>\n<script type=\"application\/ld+json\" class=\"yoast-schema-graph\">{\"@context\":\"https:\\\/\\\/schema.org\",\"@graph\":[{\"@type\":\"Article\",\"@id\":\"https:\\\/\\\/www.people-abroad.de\\\/blog\\\/wanderungen-schwarzwald-pfaelzerwald\\\/#article\",\"isPartOf\":{\"@id\":\"https:\\\/\\\/www.people-abroad.de\\\/blog\\\/wanderungen-schwarzwald-pfaelzerwald\\\/\"},\"author\":{\"name\":\"Heiko M\u00fcller\",\"@id\":\"https:\\\/\\\/www.people-abroad.de\\\/blog\\\/#\\\/schema\\\/person\\\/2a518a154d93ee6cf0b146bc327329b3\"},\"headline\":\"10 Wanderungen im Schwarzwald &#038; Pf\u00e4lzerwald\",\"datePublished\":\"2021-04-02T05:45:53+00:00\",\"dateModified\":\"2021-11-29T21:13:01+00:00\",\"mainEntityOfPage\":{\"@id\":\"https:\\\/\\\/www.people-abroad.de\\\/blog\\\/wanderungen-schwarzwald-pfaelzerwald\\\/\"},\"wordCount\":2260,\"commentCount\":0,\"publisher\":{\"@id\":\"https:\\\/\\\/www.people-abroad.de\\\/blog\\\/#\\\/schema\\\/person\\\/2a518a154d93ee6cf0b146bc327329b3\"},\"image\":{\"@id\":\"https:\\\/\\\/www.people-abroad.de\\\/blog\\\/wanderungen-schwarzwald-pfaelzerwald\\\/#primaryimage\"},\"thumbnailUrl\":\"https:\\\/\\\/www.people-abroad.de\\\/blog\\\/wp-content\\\/uploads\\\/2021\\\/03\\\/wanderungen-schwarzwald-pfaelzerwald-12.jpg\",\"keywords\":[\"Baden-W\u00fcrttemberg\",\"Rheinland-Pfalz\"],\"articleSection\":[\"Deutschland\",\"Wandern\"],\"inLanguage\":\"de\",\"potentialAction\":[{\"@type\":\"CommentAction\",\"name\":\"Comment\",\"target\":[\"https:\\\/\\\/www.people-abroad.de\\\/blog\\\/wanderungen-schwarzwald-pfaelzerwald\\\/#respond\"]}]},{\"@type\":\"WebPage\",\"@id\":\"https:\\\/\\\/www.people-abroad.de\\\/blog\\\/wanderungen-schwarzwald-pfaelzerwald\\\/\",\"url\":\"https:\\\/\\\/www.people-abroad.de\\\/blog\\\/wanderungen-schwarzwald-pfaelzerwald\\\/\",\"name\":\"10 Wanderungen im Schwarzwald & Pf\u00e4lzerwald - People Abroad\",\"isPartOf\":{\"@id\":\"https:\\\/\\\/www.people-abroad.de\\\/blog\\\/#website\"},\"primaryImageOfPage\":{\"@id\":\"https:\\\/\\\/www.people-abroad.de\\\/blog\\\/wanderungen-schwarzwald-pfaelzerwald\\\/#primaryimage\"},\"image\":{\"@id\":\"https:\\\/\\\/www.people-abroad.de\\\/blog\\\/wanderungen-schwarzwald-pfaelzerwald\\\/#primaryimage\"},\"thumbnailUrl\":\"https:\\\/\\\/www.people-abroad.de\\\/blog\\\/wp-content\\\/uploads\\\/2021\\\/03\\\/wanderungen-schwarzwald-pfaelzerwald-12.jpg\",\"datePublished\":\"2021-04-02T05:45:53+00:00\",\"dateModified\":\"2021-11-29T21:13:01+00:00\",\"description\":\"Schwarzwald und Pf\u00e4lzerwald z\u00e4hlen zu den beliebtesten Wander-Regionen Deutschlands. 10 sch\u00f6ne Wanderungen in Schwarzwald und Pf\u00e4lzerwald.\",\"breadcrumb\":{\"@id\":\"https:\\\/\\\/www.people-abroad.de\\\/blog\\\/wanderungen-schwarzwald-pfaelzerwald\\\/#breadcrumb\"},\"inLanguage\":\"de\",\"potentialAction\":[{\"@type\":\"ReadAction\",\"target\":[\"https:\\\/\\\/www.people-abroad.de\\\/blog\\\/wanderungen-schwarzwald-pfaelzerwald\\\/\"]}]},{\"@type\":\"ImageObject\",\"inLanguage\":\"de\",\"@id\":\"https:\\\/\\\/www.people-abroad.de\\\/blog\\\/wanderungen-schwarzwald-pfaelzerwald\\\/#primaryimage\",\"url\":\"https:\\\/\\\/www.people-abroad.de\\\/blog\\\/wp-content\\\/uploads\\\/2021\\\/03\\\/wanderungen-schwarzwald-pfaelzerwald-12.jpg\",\"contentUrl\":\"https:\\\/\\\/www.people-abroad.de\\\/blog\\\/wp-content\\\/uploads\\\/2021\\\/03\\\/wanderungen-schwarzwald-pfaelzerwald-12.jpg\",\"width\":1000,\"height\":750},{\"@type\":\"BreadcrumbList\",\"@id\":\"https:\\\/\\\/www.people-abroad.de\\\/blog\\\/wanderungen-schwarzwald-pfaelzerwald\\\/#breadcrumb\",\"itemListElement\":[{\"@type\":\"ListItem\",\"position\":1,\"name\":\"Startseite\",\"item\":\"https:\\\/\\\/www.people-abroad.de\\\/blog\\\/\"},{\"@type\":\"ListItem\",\"position\":2,\"name\":\"10 Wanderungen im Schwarzwald &#038; Pf\u00e4lzerwald\"}]},{\"@type\":\"WebSite\",\"@id\":\"https:\\\/\\\/www.people-abroad.de\\\/blog\\\/#website\",\"url\":\"https:\\\/\\\/www.people-abroad.de\\\/blog\\\/\",\"name\":\"People Abroad\",\"description\":\"Reiseblog\",\"publisher\":{\"@id\":\"https:\\\/\\\/www.people-abroad.de\\\/blog\\\/#\\\/schema\\\/person\\\/2a518a154d93ee6cf0b146bc327329b3\"},\"potentialAction\":[{\"@type\":\"SearchAction\",\"target\":{\"@type\":\"EntryPoint\",\"urlTemplate\":\"https:\\\/\\\/www.people-abroad.de\\\/blog\\\/?s={search_term_string}\"},\"query-input\":{\"@type\":\"PropertyValueSpecification\",\"valueRequired\":true,\"valueName\":\"search_term_string\"}}],\"inLanguage\":\"de\"},{\"@type\":[\"Person\",\"Organization\"],\"@id\":\"https:\\\/\\\/www.people-abroad.de\\\/blog\\\/#\\\/schema\\\/person\\\/2a518a154d93ee6cf0b146bc327329b3\",\"name\":\"Heiko M\u00fcller\",\"logo\":{\"@id\":\"https:\\\/\\\/www.people-abroad.de\\\/blog\\\/#\\\/schema\\\/person\\\/image\\\/\"},\"description\":\"Ich bin Reiseblogger, Content Creator und Redakteur. Auf Reisen erkunde ich gerne neue Regionen, St\u00e4dte und Orte beim Fotografieren, Wandern und Radfahren. F\u00fcr weitere Reisetipps folge mir auf Instagram, Facebook &amp; Co. Mehr Infos zum Blog findest du hier: https:\\\/\\\/www.people-abroad.de\\\/blog\\\/pr-media\\\/. Kontakt: h.mueller@people-abroad.de\",\"sameAs\":[\"https:\\\/\\\/www.people-abroad.de\\\/blog\\\/\",\"https:\\\/\\\/www.facebook.com\\\/menschen.international\\\/\",\"https:\\\/\\\/www.instagram.com\\\/people.abroad\\\/\",\"https:\\\/\\\/www.linkedin.com\\\/in\\\/muellerheiko\\\/\",\"https:\\\/\\\/www.pinterest.de\\\/peopleabroad\\\/\",\"https:\\\/\\\/x.com\\\/People_Abroad\",\"https:\\\/\\\/www.youtube.com\\\/user\\\/MenschenInt\"],\"url\":\"https:\\\/\\\/www.people-abroad.de\\\/blog\\\/author\\\/admin\\\/\"}]}<\/script>\n<!-- \/ Yoast SEO plugin. -->","yoast_head_json":{"title":"10 Wanderungen im Schwarzwald & Pf\u00e4lzerwald - People Abroad","description":"Schwarzwald und Pf\u00e4lzerwald z\u00e4hlen zu den beliebtesten Wander-Regionen Deutschlands. 10 sch\u00f6ne Wanderungen in Schwarzwald und Pf\u00e4lzerwald.","robots":{"index":"index","follow":"follow","max-snippet":"max-snippet:-1","max-image-preview":"max-image-preview:large","max-video-preview":"max-video-preview:-1"},"canonical":"https:\/\/www.people-abroad.de\/blog\/wanderungen-schwarzwald-pfaelzerwald\/","og_locale":"de_DE","og_type":"article","og_title":"10 Wanderungen im Schwarzwald & Pf\u00e4lzerwald - People Abroad","og_description":"Schwarzwald und Pf\u00e4lzerwald z\u00e4hlen zu den beliebtesten Wander-Regionen Deutschlands. 10 sch\u00f6ne Wanderungen in Schwarzwald und Pf\u00e4lzerwald.","og_url":"https:\/\/www.people-abroad.de\/blog\/wanderungen-schwarzwald-pfaelzerwald\/","og_site_name":"People Abroad","article_publisher":"https:\/\/www.facebook.com\/menschen.international\/","article_author":"https:\/\/www.facebook.com\/menschen.international\/","article_published_time":"2021-04-02T05:45:53+00:00","article_modified_time":"2021-11-29T21:13:01+00:00","og_image":[{"url":"https:\/\/www.people-abroad.de\/blog\/wp-content\/uploads\/2021\/03\/wanderungen-schwarzwald-pfaelzerwald-12.jpg","type":"","width":"","height":""}],"author":"Heiko M\u00fcller","twitter_card":"summary_large_image","twitter_creator":"@People_Abroad","twitter_site":"@People_Abroad","twitter_misc":{"Verfasst von":"Heiko M\u00fcller","Gesch\u00e4tzte Lesezeit":"12\u00a0Minuten"},"schema":{"@context":"https:\/\/schema.org","@graph":[{"@type":"Article","@id":"https:\/\/www.people-abroad.de\/blog\/wanderungen-schwarzwald-pfaelzerwald\/#article","isPartOf":{"@id":"https:\/\/www.people-abroad.de\/blog\/wanderungen-schwarzwald-pfaelzerwald\/"},"author":{"name":"Heiko M\u00fcller","@id":"https:\/\/www.people-abroad.de\/blog\/#\/schema\/person\/2a518a154d93ee6cf0b146bc327329b3"},"headline":"10 Wanderungen im Schwarzwald &#038; Pf\u00e4lzerwald","datePublished":"2021-04-02T05:45:53+00:00","dateModified":"2021-11-29T21:13:01+00:00","mainEntityOfPage":{"@id":"https:\/\/www.people-abroad.de\/blog\/wanderungen-schwarzwald-pfaelzerwald\/"},"wordCount":2260,"commentCount":0,"publisher":{"@id":"https:\/\/www.people-abroad.de\/blog\/#\/schema\/person\/2a518a154d93ee6cf0b146bc327329b3"},"image":{"@id":"https:\/\/www.people-abroad.de\/blog\/wanderungen-schwarzwald-pfaelzerwald\/#primaryimage"},"thumbnailUrl":"https:\/\/www.people-abroad.de\/blog\/wp-content\/uploads\/2021\/03\/wanderungen-schwarzwald-pfaelzerwald-12.jpg","keywords":["Baden-W\u00fcrttemberg","Rheinland-Pfalz"],"articleSection":["Deutschland","Wandern"],"inLanguage":"de","potentialAction":[{"@type":"CommentAction","name":"Comment","target":["https:\/\/www.people-abroad.de\/blog\/wanderungen-schwarzwald-pfaelzerwald\/#respond"]}]},{"@type":"WebPage","@id":"https:\/\/www.people-abroad.de\/blog\/wanderungen-schwarzwald-pfaelzerwald\/","url":"https:\/\/www.people-abroad.de\/blog\/wanderungen-schwarzwald-pfaelzerwald\/","name":"10 Wanderungen im Schwarzwald & Pf\u00e4lzerwald - People Abroad","isPartOf":{"@id":"https:\/\/www.people-abroad.de\/blog\/#website"},"primaryImageOfPage":{"@id":"https:\/\/www.people-abroad.de\/blog\/wanderungen-schwarzwald-pfaelzerwald\/#primaryimage"},"image":{"@id":"https:\/\/www.people-abroad.de\/blog\/wanderungen-schwarzwald-pfaelzerwald\/#primaryimage"},"thumbnailUrl":"https:\/\/www.people-abroad.de\/blog\/wp-content\/uploads\/2021\/03\/wanderungen-schwarzwald-pfaelzerwald-12.jpg","datePublished":"2021-04-02T05:45:53+00:00","dateModified":"2021-11-29T21:13:01+00:00","description":"Schwarzwald und Pf\u00e4lzerwald z\u00e4hlen zu den beliebtesten Wander-Regionen Deutschlands. 10 sch\u00f6ne Wanderungen in Schwarzwald und Pf\u00e4lzerwald.","breadcrumb":{"@id":"https:\/\/www.people-abroad.de\/blog\/wanderungen-schwarzwald-pfaelzerwald\/#breadcrumb"},"inLanguage":"de","potentialAction":[{"@type":"ReadAction","target":["https:\/\/www.people-abroad.de\/blog\/wanderungen-schwarzwald-pfaelzerwald\/"]}]},{"@type":"ImageObject","inLanguage":"de","@id":"https:\/\/www.people-abroad.de\/blog\/wanderungen-schwarzwald-pfaelzerwald\/#primaryimage","url":"https:\/\/www.people-abroad.de\/blog\/wp-content\/uploads\/2021\/03\/wanderungen-schwarzwald-pfaelzerwald-12.jpg","contentUrl":"https:\/\/www.people-abroad.de\/blog\/wp-content\/uploads\/2021\/03\/wanderungen-schwarzwald-pfaelzerwald-12.jpg","width":1000,"height":750},{"@type":"BreadcrumbList","@id":"https:\/\/www.people-abroad.de\/blog\/wanderungen-schwarzwald-pfaelzerwald\/#breadcrumb","itemListElement":[{"@type":"ListItem","position":1,"name":"Startseite","item":"https:\/\/www.people-abroad.de\/blog\/"},{"@type":"ListItem","position":2,"name":"10 Wanderungen im Schwarzwald &#038; Pf\u00e4lzerwald"}]},{"@type":"WebSite","@id":"https:\/\/www.people-abroad.de\/blog\/#website","url":"https:\/\/www.people-abroad.de\/blog\/","name":"People Abroad","description":"Reiseblog","publisher":{"@id":"https:\/\/www.people-abroad.de\/blog\/#\/schema\/person\/2a518a154d93ee6cf0b146bc327329b3"},"potentialAction":[{"@type":"SearchAction","target":{"@type":"EntryPoint","urlTemplate":"https:\/\/www.people-abroad.de\/blog\/?s={search_term_string}"},"query-input":{"@type":"PropertyValueSpecification","valueRequired":true,"valueName":"search_term_string"}}],"inLanguage":"de"},{"@type":["Person","Organization"],"@id":"https:\/\/www.people-abroad.de\/blog\/#\/schema\/person\/2a518a154d93ee6cf0b146bc327329b3","name":"Heiko M\u00fcller","logo":{"@id":"https:\/\/www.people-abroad.de\/blog\/#\/schema\/person\/image\/"},"description":"Ich bin Reiseblogger, Content Creator und Redakteur. Auf Reisen erkunde ich gerne neue Regionen, St\u00e4dte und Orte beim Fotografieren, Wandern und Radfahren. F\u00fcr weitere Reisetipps folge mir auf Instagram, Facebook &amp; Co. Mehr Infos zum Blog findest du hier: https:\/\/www.people-abroad.de\/blog\/pr-media\/. Kontakt: h.mueller@people-abroad.de","sameAs":["https:\/\/www.people-abroad.de\/blog\/","https:\/\/www.facebook.com\/menschen.international\/","https:\/\/www.instagram.com\/people.abroad\/","https:\/\/www.linkedin.com\/in\/muellerheiko\/","https:\/\/www.pinterest.de\/peopleabroad\/","https:\/\/x.com\/People_Abroad","https:\/\/www.youtube.com\/user\/MenschenInt"],"url":"https:\/\/www.people-abroad.de\/blog\/author\/admin\/"}]}},"_links":{"self":[{"href":"https:\/\/www.people-abroad.de\/blog\/wp-json\/wp\/v2\/posts\/21068","targetHints":{"allow":["GET"]}}],"collection":[{"href":"https:\/\/www.people-abroad.de\/blog\/wp-json\/wp\/v2\/posts"}],"about":[{"href":"https:\/\/www.people-abroad.de\/blog\/wp-json\/wp\/v2\/types\/post"}],"author":[{"embeddable":true,"href":"https:\/\/www.people-abroad.de\/blog\/wp-json\/wp\/v2\/users\/1"}],"replies":[{"embeddable":true,"href":"https:\/\/www.people-abroad.de\/blog\/wp-json\/wp\/v2\/comments?post=21068"}],"version-history":[{"count":3,"href":"https:\/\/www.people-abroad.de\/blog\/wp-json\/wp\/v2\/posts\/21068\/revisions"}],"predecessor-version":[{"id":24654,"href":"https:\/\/www.people-abroad.de\/blog\/wp-json\/wp\/v2\/posts\/21068\/revisions\/24654"}],"wp:attachment":[{"href":"https:\/\/www.people-abroad.de\/blog\/wp-json\/wp\/v2\/media?parent=21068"}],"wp:term":[{"taxonomy":"category","embeddable":true,"href":"https:\/\/www.people-abroad.de\/blog\/wp-json\/wp\/v2\/categories?post=21068"},{"taxonomy":"post_tag","embeddable":true,"href":"https:\/\/www.people-abroad.de\/blog\/wp-json\/wp\/v2\/tags?post=21068"}],"curies":[{"name":"wp","href":"https:\/\/api.w.org\/{rel}","templated":true}]}}