{"id":16998,"date":"2020-07-02T09:45:46","date_gmt":"2020-07-02T07:45:46","guid":{"rendered":"https:\/\/www.people-abroad.de\/blog\/?p=16998"},"modified":"2021-10-06T22:08:21","modified_gmt":"2021-10-06T20:08:21","slug":"badischer-weinradweg","status":"publish","type":"post","link":"https:\/\/www.people-abroad.de\/blog\/badischer-weinradweg\/","title":{"rendered":"Badischer Weinradweg: H\u00fcgel, Reben &#038; Genuss"},"content":{"rendered":"<div id=\"ez-toc-container\" class=\"ez-toc-v2_0_82_2 counter-flat ez-toc-counter ez-toc-grey ez-toc-container-direction\">\n<div class=\"ez-toc-title-container\">\n<p class=\"ez-toc-title\" style=\"cursor:inherit\">Inhaltsverzeichnis<\/p>\n<span class=\"ez-toc-title-toggle\"><a href=\"#\" class=\"ez-toc-pull-right ez-toc-btn ez-toc-btn-xs ez-toc-btn-default ez-toc-toggle\" aria-label=\"Toggle Table of Content\"><span class=\"ez-toc-js-icon-con\"><span class=\"\"><span class=\"eztoc-hide\" style=\"display:none;\">Toggle<\/span><span class=\"ez-toc-icon-toggle-span\"><svg style=\"fill: #999;color:#999\" xmlns=\"http:\/\/www.w3.org\/2000\/svg\" class=\"list-377408\" width=\"20px\" height=\"20px\" viewBox=\"0 0 24 24\" fill=\"none\"><path d=\"M6 6H4v2h2V6zm14 0H8v2h12V6zM4 11h2v2H4v-2zm16 0H8v2h12v-2zM4 16h2v2H4v-2zm16 0H8v2h12v-2z\" fill=\"currentColor\"><\/path><\/svg><svg style=\"fill: #999;color:#999\" class=\"arrow-unsorted-368013\" xmlns=\"http:\/\/www.w3.org\/2000\/svg\" width=\"10px\" height=\"10px\" viewBox=\"0 0 24 24\" version=\"1.2\" baseProfile=\"tiny\"><path d=\"M18.2 9.3l-6.2-6.3-6.2 6.3c-.2.2-.3.4-.3.7s.1.5.3.7c.2.2.4.3.7.3h11c.3 0 .5-.1.7-.3.2-.2.3-.5.3-.7s-.1-.5-.3-.7zM5.8 14.7l6.2 6.3 6.2-6.3c.2-.2.3-.5.3-.7s-.1-.5-.3-.7c-.2-.2-.4-.3-.7-.3h-11c-.3 0-.5.1-.7.3-.2.2-.3.5-.3.7s.1.5.3.7z\"\/><\/svg><\/span><\/span><\/span><\/a><\/span><\/div>\n<nav><ul class='ez-toc-list ez-toc-list-level-1 eztoc-toggle-hide-by-default' ><li class='ez-toc-page-1'><a class=\"ez-toc-link ez-toc-heading-1\" href=\"https:\/\/www.people-abroad.de\/blog\/badischer-weinradweg\/#Badischer_Weinradweg_%E2%80%93_von_Muellheim_nach_Freiburg\" >Badischer Weinradweg &#8211; von M\u00fcllheim nach Freiburg<\/a><\/li><li class='ez-toc-page-1'><a class=\"ez-toc-link ez-toc-heading-2\" href=\"https:\/\/www.people-abroad.de\/blog\/badischer-weinradweg\/#Muellheim_im_Markgraeflerland\" >M\u00fcllheim im Markgr\u00e4flerland<\/a><\/li><li class='ez-toc-page-1'><a class=\"ez-toc-link ez-toc-heading-3\" href=\"https:\/\/www.people-abroad.de\/blog\/badischer-weinradweg\/#Weingut_Engler_in_Muellheim\" >Weingut Engler in M\u00fcllheim<\/a><\/li><li class='ez-toc-page-1'><a class=\"ez-toc-link ez-toc-heading-4\" href=\"https:\/\/www.people-abroad.de\/blog\/badischer-weinradweg\/#Restaurant-Tipp_Gasthof_Engel\" >Restaurant-Tipp: Gasthof Engel<\/a><\/li><li class='ez-toc-page-1'><a class=\"ez-toc-link ez-toc-heading-5\" href=\"https:\/\/www.people-abroad.de\/blog\/badischer-weinradweg\/#Weinetiketten-Museum_in_Zunzingen\" >Weinetiketten-Museum in Zunzingen<\/a><\/li><li class='ez-toc-page-1'><a class=\"ez-toc-link ez-toc-heading-6\" href=\"https:\/\/www.people-abroad.de\/blog\/badischer-weinradweg\/#Das_Markgraeflerland\" >Das Markgr\u00e4flerland<\/a><\/li><li class='ez-toc-page-1'><a class=\"ez-toc-link ez-toc-heading-7\" href=\"https:\/\/www.people-abroad.de\/blog\/badischer-weinradweg\/#Staufen_im_Breisgau\" >Staufen im Breisgau<\/a><\/li><li class='ez-toc-page-1'><a class=\"ez-toc-link ez-toc-heading-8\" href=\"https:\/\/www.people-abroad.de\/blog\/badischer-weinradweg\/#Gastro-Tipp_Weingut_Landmann\" >Gastro-Tipp: Weingut Landmann<\/a><\/li><li class='ez-toc-page-1'><a class=\"ez-toc-link ez-toc-heading-9\" href=\"https:\/\/www.people-abroad.de\/blog\/badischer-weinradweg\/#Das_Weinland_Breisgau\" >Das Weinland Breisgau<\/a><\/li><li class='ez-toc-page-1'><a class=\"ez-toc-link ez-toc-heading-10\" href=\"https:\/\/www.people-abroad.de\/blog\/badischer-weinradweg\/#Freiburg_im_Breisgau\" >Freiburg im Breisgau<\/a><\/li><li class='ez-toc-page-1'><a class=\"ez-toc-link ez-toc-heading-11\" href=\"https:\/\/www.people-abroad.de\/blog\/badischer-weinradweg\/#Weingut_und_Brennerei_Andreas_Dilger\" >Weingut und Brennerei Andreas Dilger<\/a><\/li><li class='ez-toc-page-1'><a class=\"ez-toc-link ez-toc-heading-12\" href=\"https:\/\/www.people-abroad.de\/blog\/badischer-weinradweg\/#Restaurant-Tipp_Ganter_Brauereiausschank\" >Restaurant-Tipp: Ganter Brauereiausschank<\/a><\/li><li class='ez-toc-page-1'><a class=\"ez-toc-link ez-toc-heading-13\" href=\"https:\/\/www.people-abroad.de\/blog\/badischer-weinradweg\/#Hotel-Tipp_Boutique-Hotel_am_Stadtgarten\" >Hotel-Tipp: Boutique-Hotel am Stadtgarten<\/a><\/li><li class='ez-toc-page-1'><a class=\"ez-toc-link ez-toc-heading-14\" href=\"https:\/\/www.people-abroad.de\/blog\/badischer-weinradweg\/#Badischer_Weinradweg_%E2%80%93_von_Freiburg_nach_Endingen\" >Badischer Weinradweg &#8211; von Freiburg nach Endingen<\/a><\/li><li class='ez-toc-page-1'><a class=\"ez-toc-link ez-toc-heading-15\" href=\"https:\/\/www.people-abroad.de\/blog\/badischer-weinradweg\/#Wein-_und_Sektgut_Moosmann\" >Wein- und Sektgut Moosmann<\/a><\/li><li class='ez-toc-page-1'><a class=\"ez-toc-link ez-toc-heading-16\" href=\"https:\/\/www.people-abroad.de\/blog\/badischer-weinradweg\/#Emmendingen_im_Breisgau\" >Emmendingen im Breisgau<\/a><\/li><li class='ez-toc-page-1'><a class=\"ez-toc-link ez-toc-heading-17\" href=\"https:\/\/www.people-abroad.de\/blog\/badischer-weinradweg\/#Weinhaus_und_Weingut_Dreher\" >Weinhaus und Weingut Dreher<\/a><\/li><li class='ez-toc-page-1'><a class=\"ez-toc-link ez-toc-heading-18\" href=\"https:\/\/www.people-abroad.de\/blog\/badischer-weinradweg\/#Restaurant-Tipp_Palio_am_Marktplatz\" >Restaurant-Tipp: Palio am Marktplatz<\/a><\/li><li class='ez-toc-page-1'><a class=\"ez-toc-link ez-toc-heading-19\" href=\"https:\/\/www.people-abroad.de\/blog\/badischer-weinradweg\/#Kaiserstuhl_und_Tuniberg\" >Kaiserstuhl und Tuniberg<\/a><\/li><li class='ez-toc-page-1'><a class=\"ez-toc-link ez-toc-heading-20\" href=\"https:\/\/www.people-abroad.de\/blog\/badischer-weinradweg\/#Kunsthalle_Messmer_in_Riegel\" >Kunsthalle Messmer in Riegel<\/a><\/li><li class='ez-toc-page-1'><a class=\"ez-toc-link ez-toc-heading-21\" href=\"https:\/\/www.people-abroad.de\/blog\/badischer-weinradweg\/#Der_Naturgarten_Kaiserstuhl\" >Der Naturgarten Kaiserstuhl<\/a><\/li><li class='ez-toc-page-1'><a class=\"ez-toc-link ez-toc-heading-22\" href=\"https:\/\/www.people-abroad.de\/blog\/badischer-weinradweg\/#Endingen_am_Kaiserstuhl\" >Endingen am Kaiserstuhl<\/a><\/li><li class='ez-toc-page-1'><a class=\"ez-toc-link ez-toc-heading-23\" href=\"https:\/\/www.people-abroad.de\/blog\/badischer-weinradweg\/#Hotel-Tipp_Hotel_Pfauen\" >Hotel-Tipp: Hotel Pfauen<\/a><\/li><li class='ez-toc-page-1'><a class=\"ez-toc-link ez-toc-heading-24\" href=\"https:\/\/www.people-abroad.de\/blog\/badischer-weinradweg\/#Restaurant-Tipp_Schindlers_Ratsstube\" >Restaurant-Tipp: Schindler&#8217;s Ratsstube<\/a><\/li><li class='ez-toc-page-1'><a class=\"ez-toc-link ez-toc-heading-25\" href=\"https:\/\/www.people-abroad.de\/blog\/badischer-weinradweg\/#Badischer_Weinradweg_%E2%80%93_von_Endingen_nach_Muellheim\" >Badischer Weinradweg &#8211; von Endingen nach M\u00fcllheim<\/a><\/li><li class='ez-toc-page-1'><a class=\"ez-toc-link ez-toc-heading-26\" href=\"https:\/\/www.people-abroad.de\/blog\/badischer-weinradweg\/#Weingut_Abril_in_Vogtsburg_Bischoffingen\" >Weingut Abril in Vogtsburg Bischoffingen<\/a><\/li><li class='ez-toc-page-1'><a class=\"ez-toc-link ez-toc-heading-27\" href=\"https:\/\/www.people-abroad.de\/blog\/badischer-weinradweg\/#Weingut_Heger_in_Ihringen\" >Weingut Heger in Ihringen<\/a><\/li><li class='ez-toc-page-1'><a class=\"ez-toc-link ez-toc-heading-28\" href=\"https:\/\/www.people-abroad.de\/blog\/badischer-weinradweg\/#Restaurant-Tipp_Hotel_Restaurant_Braeutigam\" >Restaurant-Tipp: Hotel Restaurant Br\u00e4utigam<\/a><\/li><li class='ez-toc-page-1'><a class=\"ez-toc-link ez-toc-heading-29\" href=\"https:\/\/www.people-abroad.de\/blog\/badischer-weinradweg\/#Badischer_Weinradweg_Etappen\" >Badischer Weinradweg | Etappen<\/a><\/li><\/ul><\/nav><\/div>\n<p><a href=\"https:\/\/www.people-abroad.de\/blog\/badischer-weinradweg\/\"><img decoding=\"async\" class=\"alignleft wp-image-17178 size-full\" style=\"margin-bottom: 25px;\" src=\"https:\/\/www.people-abroad.de\/blog\/wp-content\/uploads\/2020\/07\/badischer-weinradweg.jpg\" alt=\"Badischer Weinradweg Etappen Tipps Planung\" width=\"1000\" height=\"750\" srcset=\"https:\/\/www.people-abroad.de\/blog\/wp-content\/uploads\/2020\/07\/badischer-weinradweg.jpg 1000w, https:\/\/www.people-abroad.de\/blog\/wp-content\/uploads\/2020\/07\/badischer-weinradweg-300x225.jpg 300w, https:\/\/www.people-abroad.de\/blog\/wp-content\/uploads\/2020\/07\/badischer-weinradweg-768x576.jpg 768w, https:\/\/www.people-abroad.de\/blog\/wp-content\/uploads\/2020\/07\/badischer-weinradweg-400x300.jpg 400w\" sizes=\"(max-width: 1000px) 100vw, 1000px\" \/><\/a><\/p>\n<p>[Werbung] Der Badische Weinradweg verbindet sieben bekannte Weinbau-Regionen miteinander. Hier findest du Infos &amp; Tipps f\u00fcr die Planung deiner Radtour in der sonnigen Urlaubsregion Baden.<!--more--><\/p>\n<p>&nbsp;<\/p>\n<p>Kooperation | Schwarzwald Tourismus<em><br \/>\n<\/em><\/p>\n<p>Die Kombination aus Radfahren, Weinbergen und Genuss ist schon ziemlich perfekt. So kann man die sportliche Aktivit\u00e4t immer mal wieder unterbrechen, in dem man in einem der zahlreichen Weing\u00fcter einkehrt und die edlen Rebsorten der Region verkostet. In diesem Artikel stelle ich dir den s\u00fcdlichen Teil des Radweges vor und gebe dir regionale Tipps f\u00fcr deine Planung.<\/p>\n<p>Der Badische Weinradweg in <a href=\"https:\/\/www.people-abroad.de\/blog\/regionen-reiseziele-sueddeutschland\/\">S\u00fcddeutschland<\/a> verbindet auf seinen rund 450 km zwischen Basel und Weinheim die badischen Weinregionen <a href=\"https:\/\/www.people-abroad.de\/blog\/markgraeflerland-tipps\/\">Markgr\u00e4flerland<\/a>, <a href=\"https:\/\/www.people-abroad.de\/blog\/kaiserstuhl-tuniberg-tipps\/\">Kaiserstuhl und Tuniberg<\/a>, <a href=\"https:\/\/www.people-abroad.de\/blog\/weinland-breisgau-tipps\/\">Breisgau<\/a>, Ortenau, Kraichgau und Badische Bergstra\u00dfe. Er ist konzipiert mit insgesamt 8 Etappen, die sich jeweils einzeln als Tagestour oder miteinander kombinieren lassen. Die Etappen liste ich am Ende des Artikels auf. Weitere Artikel \u00fcber den Schwarzwald findest du hier:<br \/>\n<a href=\"https:\/\/www.people-abroad.de\/blog\/ausflugsziele-schwarzwald-tipps\/\">Ausflugsziele im Schwarzwald<\/a><br \/>\n<a href=\"https:\/\/www.people-abroad.de\/blog\/wanderungen-schwarzwald-pfaelzerwald\/\">Wanderungen im Schwarzwald<\/a><\/p>\n<p>Weitere Artikel f\u00fcr Radwege in Deutschland gibt&#8217;s hier:<br \/>\n<a href=\"https:\/\/www.people-abroad.de\/blog\/beliebte-radwege-deutschland\/\">Beliebte Radwege f\u00fcr Touren in Deutschland<\/a><\/p>\n<h2><span class=\"ez-toc-section\" id=\"Badischer_Weinradweg_%E2%80%93_von_Muellheim_nach_Freiburg\"><\/span>Badischer Weinradweg &#8211; von M\u00fcllheim nach Freiburg<span class=\"ez-toc-section-end\"><\/span><\/h2>\n<h2><span class=\"ez-toc-section\" id=\"Muellheim_im_Markgraeflerland\"><\/span>M\u00fcllheim im Markgr\u00e4flerland<span class=\"ez-toc-section-end\"><\/span><\/h2>\n<p><img decoding=\"async\" class=\"alignleft wp-image-17104 size-full\" style=\"margin-bottom: 25px;\" src=\"https:\/\/www.people-abroad.de\/blog\/wp-content\/uploads\/2020\/06\/badischer-weinradweg-1.jpg\" alt=\"Badischer Weinradweg M\u00fcllheim Touristik Information Markgr\u00e4flerland\" width=\"1000\" height=\"750\" srcset=\"https:\/\/www.people-abroad.de\/blog\/wp-content\/uploads\/2020\/06\/badischer-weinradweg-1.jpg 1000w, https:\/\/www.people-abroad.de\/blog\/wp-content\/uploads\/2020\/06\/badischer-weinradweg-1-300x225.jpg 300w, https:\/\/www.people-abroad.de\/blog\/wp-content\/uploads\/2020\/06\/badischer-weinradweg-1-768x576.jpg 768w, https:\/\/www.people-abroad.de\/blog\/wp-content\/uploads\/2020\/06\/badischer-weinradweg-1-400x300.jpg 400w\" sizes=\"(max-width: 1000px) 100vw, 1000px\" \/><\/p>\n<p>Meine erste von drei Tagestouren starte ich an der <a href=\"https:\/\/www.muellheim-touristik.de\/\">Touristik Information<\/a> in M\u00fcllheim. Meine Etappe entspricht also nicht exakt der 1. Etappe auf dem Weinradweg, die von Grenzach-Wyhlen bis nach Schallstadt f\u00fchrt. Daf\u00fcr werde ich von M\u00fcllheim nach Freiburg fahren, ich wandle also etwas ab. M\u00fcllheim gilt als Weinhauptstadt im Markgr\u00e4flerland und ist ein guter Ausgangspunkt f\u00fcr Ausfl\u00fcge in den Schwarzwald, die Schweiz oder ins benachbarte Elsass. Sehensw\u00fcrdigkeiten in M\u00fcllheim sind u.a. das Markgr\u00e4fler Museum, die Burgruine Neuenfels, das M\u00fchlenmuseum und die Martinskirche.<\/p>\n<h2><span class=\"ez-toc-section\" id=\"Weingut_Engler_in_Muellheim\"><\/span>Weingut Engler in M\u00fcllheim<span class=\"ez-toc-section-end\"><\/span><\/h2>\n<p><img decoding=\"async\" class=\"alignleft wp-image-17105 size-full\" style=\"margin-bottom: 25px;\" src=\"https:\/\/www.people-abroad.de\/blog\/wp-content\/uploads\/2020\/06\/badischer-weinradweg-2.jpg\" alt=\"M\u00fcllheim Weingut Engler Gutedel\" width=\"1000\" height=\"750\" srcset=\"https:\/\/www.people-abroad.de\/blog\/wp-content\/uploads\/2020\/06\/badischer-weinradweg-2.jpg 1000w, https:\/\/www.people-abroad.de\/blog\/wp-content\/uploads\/2020\/06\/badischer-weinradweg-2-300x225.jpg 300w, https:\/\/www.people-abroad.de\/blog\/wp-content\/uploads\/2020\/06\/badischer-weinradweg-2-768x576.jpg 768w, https:\/\/www.people-abroad.de\/blog\/wp-content\/uploads\/2020\/06\/badischer-weinradweg-2-400x300.jpg 400w\" sizes=\"(max-width: 1000px) 100vw, 1000px\" \/><\/p>\n<p>Auf dem Badischen Weinradweg lassen sich immer wieder gut Weinverkostungen in Weing\u00fctern vor Ort einplanen. Direkt in M\u00fcllheim gibt es z.B. das <a href=\"https:\/\/www.weingut-engler.de\/\">Weingut Engler<\/a>, ein Familienbetrieb mit Tradition. Vom Gutedel \u00fcber den Riesling und Wei\u00dfburgunder bis hin zum Grauburgunder reicht die Palette der edlen Rebsorten von Andrea Engler und ihrem Team. Spannend fand ich die Kombination aus Wein &amp; Schokolade, die jeweils geschmacklick aufeinander abgestimmt wird. Sehr lecker!<\/p>\n<h2><span class=\"ez-toc-section\" id=\"Restaurant-Tipp_Gasthof_Engel\"><\/span>Restaurant-Tipp: Gasthof Engel<span class=\"ez-toc-section-end\"><\/span><\/h2>\n<p><img decoding=\"async\" class=\"alignleft wp-image-17106 size-full\" style=\"margin-bottom: 25px;\" src=\"https:\/\/www.people-abroad.de\/blog\/wp-content\/uploads\/2020\/06\/badischer-weinradweg-3.jpg\" alt=\"M\u00fcllheim Gasthof Engel Restaurant Gastronomie\" width=\"1000\" height=\"750\" srcset=\"https:\/\/www.people-abroad.de\/blog\/wp-content\/uploads\/2020\/06\/badischer-weinradweg-3.jpg 1000w, https:\/\/www.people-abroad.de\/blog\/wp-content\/uploads\/2020\/06\/badischer-weinradweg-3-300x225.jpg 300w, https:\/\/www.people-abroad.de\/blog\/wp-content\/uploads\/2020\/06\/badischer-weinradweg-3-768x576.jpg 768w, https:\/\/www.people-abroad.de\/blog\/wp-content\/uploads\/2020\/06\/badischer-weinradweg-3-400x300.jpg 400w\" sizes=\"(max-width: 1000px) 100vw, 1000px\" \/><\/p>\n<p>In unmittelbarer N\u00e4he vom Weingut Engler befindet sich der <a href=\"https:\/\/www.hotel-engel-muellheim.de\/\">Gasthof Engel<\/a>. Serviert wird badische K\u00fcche und Weine aus der s\u00fcdlichesten Weinregion Deutschlands. Das gepflegte Viertele kann man auch im Innenhof genie\u00dfen und zum Gasthof geh\u00f6rt auch ein Hotel mit \u00dcbernachtungsm\u00f6glichkeit. Zentral gelegen und die Stadt l\u00e4sst sich gut zu Fu\u00df erkunden.<\/p>\n<h2><span class=\"ez-toc-section\" id=\"Weinetiketten-Museum_in_Zunzingen\"><\/span>Weinetiketten-Museum in Zunzingen<span class=\"ez-toc-section-end\"><\/span><\/h2>\n<p><img decoding=\"async\" class=\"alignleft wp-image-17107 size-full\" style=\"margin-bottom: 25px;\" src=\"https:\/\/www.people-abroad.de\/blog\/wp-content\/uploads\/2020\/06\/badischer-weinradweg-4.jpg\" alt=\"Weinettikettenmuseum Weingut Dr. Schneider M\u00fcllheim Zunzingen\" width=\"1000\" height=\"750\" srcset=\"https:\/\/www.people-abroad.de\/blog\/wp-content\/uploads\/2020\/06\/badischer-weinradweg-4.jpg 1000w, https:\/\/www.people-abroad.de\/blog\/wp-content\/uploads\/2020\/06\/badischer-weinradweg-4-300x225.jpg 300w, https:\/\/www.people-abroad.de\/blog\/wp-content\/uploads\/2020\/06\/badischer-weinradweg-4-768x576.jpg 768w, https:\/\/www.people-abroad.de\/blog\/wp-content\/uploads\/2020\/06\/badischer-weinradweg-4-400x300.jpg 400w\" sizes=\"(max-width: 1000px) 100vw, 1000px\" \/><\/p>\n<p>Mit dem Rad starte ich von M\u00fcllheim aus in Richtung Norden und bin schon nach wenigen Minuten im Ortsteil Zunzingen. Dort besuche ich das Weinetiketten-Museum im <a href=\"https:\/\/weingut-dr-schneider.de\/\">Weingut Dr. Schneider<\/a>. Mehr als 1.200 Exponate gibt es zu bestaunen, das \u00e4lteste aus dem Jahr 1811. Eine kleine Zeitreise durch die deutsche Weinbaugeschichte. Das Weingut bietet regionale Rebsorten (u.a. Gutedel, Burgunder, Rivaner und Chardonnay) sowie Winzersekte und Edelbr\u00e4nde an.<\/p>\n<h2><span class=\"ez-toc-section\" id=\"Das_Markgraeflerland\"><\/span>Das Markgr\u00e4flerland<span class=\"ez-toc-section-end\"><\/span><\/h2>\n<p><img decoding=\"async\" class=\"alignleft wp-image-17180 size-full\" style=\"margin-bottom: 25px;\" src=\"https:\/\/www.people-abroad.de\/blog\/wp-content\/uploads\/2020\/07\/badischer-weinradweg-32.jpg\" alt=\"Badischer Weinradweg Markgr\u00e4flerland\" width=\"1000\" height=\"750\" srcset=\"https:\/\/www.people-abroad.de\/blog\/wp-content\/uploads\/2020\/07\/badischer-weinradweg-32.jpg 1000w, https:\/\/www.people-abroad.de\/blog\/wp-content\/uploads\/2020\/07\/badischer-weinradweg-32-300x225.jpg 300w, https:\/\/www.people-abroad.de\/blog\/wp-content\/uploads\/2020\/07\/badischer-weinradweg-32-768x576.jpg 768w, https:\/\/www.people-abroad.de\/blog\/wp-content\/uploads\/2020\/07\/badischer-weinradweg-32-400x300.jpg 400w\" sizes=\"(max-width: 1000px) 100vw, 1000px\" \/><\/p>\n<p>Weiter geht die Fahrt, vorbei an Sulzburg, Laufen und Heitersheim in Richtung Staufen. Unterwegs gibt es immer wieder sch\u00f6ne Ausblicke auf die Weinberge und gr\u00fcnen Reben der Region. Mehr Infos \u00fcber das Markgr\u00e4flerland findest du \u00fcbrigens <a href=\"https:\/\/www.markgraefler-land.com\/\">hier<\/a>.<\/p>\n<h2><span class=\"ez-toc-section\" id=\"Staufen_im_Breisgau\"><\/span>Staufen im Breisgau<span class=\"ez-toc-section-end\"><\/span><\/h2>\n<p><img decoding=\"async\" class=\"alignleft wp-image-17109 size-full\" style=\"margin-bottom: 25px;\" src=\"https:\/\/www.people-abroad.de\/blog\/wp-content\/uploads\/2020\/06\/badischer-weinradweg-6.jpg\" alt=\"Badischer Weinradweg Breisgau Staufen Altstadt \" width=\"1000\" height=\"750\" srcset=\"https:\/\/www.people-abroad.de\/blog\/wp-content\/uploads\/2020\/06\/badischer-weinradweg-6.jpg 1000w, https:\/\/www.people-abroad.de\/blog\/wp-content\/uploads\/2020\/06\/badischer-weinradweg-6-300x225.jpg 300w, https:\/\/www.people-abroad.de\/blog\/wp-content\/uploads\/2020\/06\/badischer-weinradweg-6-768x576.jpg 768w, https:\/\/www.people-abroad.de\/blog\/wp-content\/uploads\/2020\/06\/badischer-weinradweg-6-400x300.jpg 400w\" sizes=\"(max-width: 1000px) 100vw, 1000px\" \/><\/p>\n<p>Der n\u00e4chste Stopp ist die Fauststadt Staufen, die am Fu\u00dfe des Schwarzwaldes am Ausgang des M\u00fcnstertals liegt. Hoch oben trohnt die Burgruine Staufen und in den Gassen der Altstadt l\u00e4sst sich gem\u00fctlich schlendern sowie zum Kaffeetrinken oder auf ein Eis einkehren. In den Staufener Gassen wandelte einst der Alchemist und Magier Dr. Faustus, der hier auch von Mephistopheles geholt wurde.<\/p>\n<h2><span class=\"ez-toc-section\" id=\"Gastro-Tipp_Weingut_Landmann\"><\/span>Gastro-Tipp: Weingut Landmann<span class=\"ez-toc-section-end\"><\/span><\/h2>\n<p><img decoding=\"async\" class=\"alignleft wp-image-17110 size-full\" style=\"margin-bottom: 25px;\" src=\"https:\/\/www.people-abroad.de\/blog\/wp-content\/uploads\/2020\/06\/badischer-weinradweg-7.jpg\" alt=\"Staufen Weingut Landmann Markgr\u00e4flerland \" width=\"1000\" height=\"750\" srcset=\"https:\/\/www.people-abroad.de\/blog\/wp-content\/uploads\/2020\/06\/badischer-weinradweg-7.jpg 1000w, https:\/\/www.people-abroad.de\/blog\/wp-content\/uploads\/2020\/06\/badischer-weinradweg-7-300x225.jpg 300w, https:\/\/www.people-abroad.de\/blog\/wp-content\/uploads\/2020\/06\/badischer-weinradweg-7-768x576.jpg 768w, https:\/\/www.people-abroad.de\/blog\/wp-content\/uploads\/2020\/06\/badischer-weinradweg-7-400x300.jpg 400w\" sizes=\"(max-width: 1000px) 100vw, 1000px\" \/><\/p>\n<p>Nachdem man das Mittelalter-St\u00e4dchen erkundet hat, bietet sich eine Einkehr im &#8222;Weinbrunnen&#8220; vom <a href=\"https:\/\/www.landmann-wein.de\/\">Weingut Landmann<\/a> in zentraler Lage in der Hauptstra\u00dfe an. Im sch\u00f6nen Au\u00dfenbereich lassen sich regionale Speisen &amp; Bio-Weine des Weinguts von Peter und Judit Landmann genie\u00dfen. Au\u00dferdem hat man einen Blick auf die belebte Stra\u00dfenszene von Staufen.<\/p>\n<p><img decoding=\"async\" class=\"alignleft wp-image-17111 size-full\" style=\"margin-bottom: 25px;\" src=\"https:\/\/www.people-abroad.de\/blog\/wp-content\/uploads\/2020\/06\/badischer-weinradweg-8.jpg\" alt=\"Staufen Breisgau Markgr\u00e4flerland Burg Burgruine \" width=\"1000\" height=\"750\" srcset=\"https:\/\/www.people-abroad.de\/blog\/wp-content\/uploads\/2020\/06\/badischer-weinradweg-8.jpg 1000w, https:\/\/www.people-abroad.de\/blog\/wp-content\/uploads\/2020\/06\/badischer-weinradweg-8-300x225.jpg 300w, https:\/\/www.people-abroad.de\/blog\/wp-content\/uploads\/2020\/06\/badischer-weinradweg-8-768x576.jpg 768w, https:\/\/www.people-abroad.de\/blog\/wp-content\/uploads\/2020\/06\/badischer-weinradweg-8-400x300.jpg 400w\" sizes=\"(max-width: 1000px) 100vw, 1000px\" \/><\/p>\n<p>Gest\u00e4rkt geht es wieder auf den Sattel zum letzten Teilst\u00fcck der Tagestour. Ich lasse die Burgruine Staufen hinter mir und biege ab in die Weinberge, vorbei an Schmidhofen, streife Bad Krozingen &#8211; allerdings nur am Rande &#8211; und fahre nach Ehrenkirchen.<\/p>\n<h2><span class=\"ez-toc-section\" id=\"Das_Weinland_Breisgau\"><\/span>Das Weinland Breisgau<span class=\"ez-toc-section-end\"><\/span><\/h2>\n<p><img decoding=\"async\" class=\"alignleft wp-image-17112 size-full\" style=\"margin-bottom: 25px;\" src=\"https:\/\/www.people-abroad.de\/blog\/wp-content\/uploads\/2020\/06\/badischer-weinradweg-9.jpg\" alt=\"Weinland Breisgau Baden Weinreben Weinradweg\" width=\"1000\" height=\"750\" srcset=\"https:\/\/www.people-abroad.de\/blog\/wp-content\/uploads\/2020\/06\/badischer-weinradweg-9.jpg 1000w, https:\/\/www.people-abroad.de\/blog\/wp-content\/uploads\/2020\/06\/badischer-weinradweg-9-300x225.jpg 300w, https:\/\/www.people-abroad.de\/blog\/wp-content\/uploads\/2020\/06\/badischer-weinradweg-9-768x576.jpg 768w, https:\/\/www.people-abroad.de\/blog\/wp-content\/uploads\/2020\/06\/badischer-weinradweg-9-400x300.jpg 400w\" sizes=\"(max-width: 1000px) 100vw, 1000px\" \/><\/p>\n<p>Unterwegs gibt es immer wieder sch\u00f6ne Ausblicke in die Weinberge. Von Ehrenkirchen geht es weiter nach Schallstadt. Hier ist der Beginn der 2. Etappe vom Badischen Weinradweg. Es gibt zwei verschiedene Varianten f\u00fcr diese Etappe: entweder f\u00e4hrt man westlich \u00fcber den Kaiserstuhl und Tuniberg nach Riegel oder \u00f6stlich auf der Breisgauer Route \u00fcber Denzlingen und Waldkirch. Ich fahre die \u00f6stliche Route und komme dabei durch Freiburg, wo ich auch \u00fcbernachte.<\/p>\n<p>Weiter geht es auf dem Radweg, vorbei an Weinreben und am Schneeberg. Schon tauchen die ersten H\u00e4user der Breisgau-Metropole auf, rechtzeitig zur D\u00e4mmerung erreiche ich die Altstadt und erblicke dann auch den imposanten Turm des M\u00fcnsters.<\/p>\n<h2><span class=\"ez-toc-section\" id=\"Freiburg_im_Breisgau\"><\/span>Freiburg im Breisgau<span class=\"ez-toc-section-end\"><\/span><\/h2>\n<p><img decoding=\"async\" class=\"alignleft wp-image-17113 size-full\" style=\"margin-bottom: 25px;\" src=\"https:\/\/www.people-abroad.de\/blog\/wp-content\/uploads\/2020\/06\/badischer-weinradweg-10.jpg\" alt=\"Freiburg im Breisgau Altstadt am Abend Freiburger M\u00fcnster\" width=\"1000\" height=\"750\" srcset=\"https:\/\/www.people-abroad.de\/blog\/wp-content\/uploads\/2020\/06\/badischer-weinradweg-10.jpg 1000w, https:\/\/www.people-abroad.de\/blog\/wp-content\/uploads\/2020\/06\/badischer-weinradweg-10-300x225.jpg 300w, https:\/\/www.people-abroad.de\/blog\/wp-content\/uploads\/2020\/06\/badischer-weinradweg-10-768x576.jpg 768w, https:\/\/www.people-abroad.de\/blog\/wp-content\/uploads\/2020\/06\/badischer-weinradweg-10-400x300.jpg 400w\" sizes=\"(max-width: 1000px) 100vw, 1000px\" \/><\/p>\n<p>Freiburg lohnt sich immer und zu jeder Jahreszeit f\u00fcr einen Besuch. Das Freiburger M\u00fcnster, der Schlossberg, der M\u00fcnstermarkt, die Freiburger B\u00e4chle, die sich durch die sch\u00f6ne Altstadt ziehen oder ein Ausflug zum Schauinsland. Freiburg w\u00e4re defintiv einen eigenen Artikel wert &#8211; weitere Tipps zur Stadt findest du <a href=\"https:\/\/visit.freiburg.de\/\">hier<\/a>. Ich treffe mich gleich noch mit einem Freiburger Bio-Winzer.<\/p>\n<h2><span class=\"ez-toc-section\" id=\"Weingut_und_Brennerei_Andreas_Dilger\"><\/span>Weingut und Brennerei Andreas Dilger<span class=\"ez-toc-section-end\"><\/span><\/h2>\n<p><img decoding=\"async\" class=\"alignleft wp-image-17114 size-full\" style=\"margin-bottom: 25px;\" src=\"https:\/\/www.people-abroad.de\/blog\/wp-content\/uploads\/2020\/06\/badischer-weinradweg-11.jpg\" alt=\"Weingut Brennerei Andreas Dilger Freiburg Bio-Winzer Biowein\" width=\"1000\" height=\"749\" srcset=\"https:\/\/www.people-abroad.de\/blog\/wp-content\/uploads\/2020\/06\/badischer-weinradweg-11.jpg 1000w, https:\/\/www.people-abroad.de\/blog\/wp-content\/uploads\/2020\/06\/badischer-weinradweg-11-300x225.jpg 300w, https:\/\/www.people-abroad.de\/blog\/wp-content\/uploads\/2020\/06\/badischer-weinradweg-11-768x575.jpg 768w, https:\/\/www.people-abroad.de\/blog\/wp-content\/uploads\/2020\/06\/badischer-weinradweg-11-400x300.jpg 400w\" sizes=\"(max-width: 1000px) 100vw, 1000px\" \/><\/p>\n<p>Die Georges-Weine von <a href=\"https:\/\/www.weingut-andreas-dilger.de\/\">Andreas Dilger<\/a> tragen den Namen &#8222;Biowein+&#8220; und die Stichworte dazu sind Bodenfruchtbarkeit, Pflanzenvitalit\u00e4t, Artenvielfalt und Klimaverantwortung. Der Winzer hat R\u00e4umlichkeiten f\u00fcr Kulturveranstaltungen und Kunstausstellungen, er beliefert regionale Gastronomie- und Tourismusanbieter und hat den Solidarischen Weinberg initiiert.<\/p>\n<h2><span class=\"ez-toc-section\" id=\"Restaurant-Tipp_Ganter_Brauereiausschank\"><\/span>Restaurant-Tipp: Ganter Brauereiausschank<span class=\"ez-toc-section-end\"><\/span><\/h2>\n<p><img decoding=\"async\" class=\"alignleft wp-image-17115 size-full\" style=\"margin-bottom: 25px;\" src=\"https:\/\/www.people-abroad.de\/blog\/wp-content\/uploads\/2020\/06\/badischer-weinradweg-12.jpg\" alt=\"Brauereiausschank Ganter Restaurant M\u00fcnsterplatz \" width=\"1000\" height=\"750\" srcset=\"https:\/\/www.people-abroad.de\/blog\/wp-content\/uploads\/2020\/06\/badischer-weinradweg-12.jpg 1000w, https:\/\/www.people-abroad.de\/blog\/wp-content\/uploads\/2020\/06\/badischer-weinradweg-12-300x225.jpg 300w, https:\/\/www.people-abroad.de\/blog\/wp-content\/uploads\/2020\/06\/badischer-weinradweg-12-768x576.jpg 768w, https:\/\/www.people-abroad.de\/blog\/wp-content\/uploads\/2020\/06\/badischer-weinradweg-12-400x300.jpg 400w\" sizes=\"(max-width: 1000px) 100vw, 1000px\" \/><\/p>\n<p>Das Restautant <a href=\"https:\/\/www.ganter-brauereiausschank.de\">Ganter Brauereiausschank<\/a> im &#8222;Haus zum Roten Eber&#8220; befindet sich direkt am M\u00fcnsterplatz. Gute b\u00fcrgerliche K\u00fcche und fein-herbe Biere aus der gleichnamigen Brauerei, die man \u00fcbrigens auch besichtigen kann, gibt es auf der Karte. Ein gem\u00fctliches Gausthaus in einem urigen und historischen Freiburger Geb\u00e4ude.<\/p>\n<h2><span class=\"ez-toc-section\" id=\"Hotel-Tipp_Boutique-Hotel_am_Stadtgarten\"><\/span>Hotel-Tipp: Boutique-Hotel am Stadtgarten<span class=\"ez-toc-section-end\"><\/span><\/h2>\n<p><img decoding=\"async\" class=\"alignleft wp-image-17116 size-full\" style=\"margin-bottom: 25px;\" src=\"https:\/\/www.people-abroad.de\/blog\/wp-content\/uploads\/2020\/06\/badischer-weinradweg-13.jpg\" alt=\"Badischer Weinradweg \u00dcbernachtung Boutique Hotel Freiburg\" width=\"1000\" height=\"750\" srcset=\"https:\/\/www.people-abroad.de\/blog\/wp-content\/uploads\/2020\/06\/badischer-weinradweg-13.jpg 1000w, https:\/\/www.people-abroad.de\/blog\/wp-content\/uploads\/2020\/06\/badischer-weinradweg-13-300x225.jpg 300w, https:\/\/www.people-abroad.de\/blog\/wp-content\/uploads\/2020\/06\/badischer-weinradweg-13-768x576.jpg 768w, https:\/\/www.people-abroad.de\/blog\/wp-content\/uploads\/2020\/06\/badischer-weinradweg-13-400x300.jpg 400w\" sizes=\"(max-width: 1000px) 100vw, 1000px\" \/><\/p>\n<p>\u00dcbernachtet habe ich im <a href=\"https:\/\/www.boutiquehotel-am-stadtgarten.de\/\">Boutique-Hotel am Stadtgarten<\/a>. Das Hotel bietet helle und moderne Zimmer in ruhiger Lage, ein gutes Fr\u00fchst\u00fcck und man ist in wenigen Minuten zu Fu\u00df am M\u00fcnsterplatz. Das Haus kann ich empfehlen.<\/p>\n<h2><span class=\"ez-toc-section\" id=\"Badischer_Weinradweg_%E2%80%93_von_Freiburg_nach_Endingen\"><\/span>Badischer Weinradweg &#8211; von Freiburg nach Endingen<span class=\"ez-toc-section-end\"><\/span><\/h2>\n<p><img decoding=\"async\" class=\"alignleft wp-image-17117 size-full\" style=\"margin-bottom: 25px;\" src=\"https:\/\/www.people-abroad.de\/blog\/wp-content\/uploads\/2020\/06\/badischer-weinradweg-14.jpg\" alt=\"Badischer Weinradweg Etappe Breisgau \" width=\"1000\" height=\"750\" srcset=\"https:\/\/www.people-abroad.de\/blog\/wp-content\/uploads\/2020\/06\/badischer-weinradweg-14.jpg 1000w, https:\/\/www.people-abroad.de\/blog\/wp-content\/uploads\/2020\/06\/badischer-weinradweg-14-300x225.jpg 300w, https:\/\/www.people-abroad.de\/blog\/wp-content\/uploads\/2020\/06\/badischer-weinradweg-14-768x576.jpg 768w, https:\/\/www.people-abroad.de\/blog\/wp-content\/uploads\/2020\/06\/badischer-weinradweg-14-400x300.jpg 400w\" sizes=\"(max-width: 1000px) 100vw, 1000px\" \/><\/p>\n<p>Nach dem Fr\u00fchst\u00fcck geht es wieder auf den Sattel f\u00fcr die 2. Tagestour. Zuerst in Richtung Norden durch Gundelfingen und Heuweiler und vorbei an Denzlingen bis nach Waldkirch. Das Wetter ist bedeckt, aber das Rad rollt locker auf den flachen Wegen durch den Breisgau. In Waldkirch-Buchholz lege ich den ersten Stopp ein und besuche ein weiteres Weingut auf meiner Route.<\/p>\n<h2><span class=\"ez-toc-section\" id=\"Wein-_und_Sektgut_Moosmann\"><\/span>Wein- und Sektgut Moosmann<span class=\"ez-toc-section-end\"><\/span><\/h2>\n<p><img decoding=\"async\" class=\"alignleft wp-image-17118 size-full\" style=\"margin-bottom: 25px;\" src=\"https:\/\/www.people-abroad.de\/blog\/wp-content\/uploads\/2020\/06\/badischer-weinradweg-15.jpg\" alt=\"Waldkirch Buchholz Weingut Moosmann Winzer\" width=\"1000\" height=\"750\" srcset=\"https:\/\/www.people-abroad.de\/blog\/wp-content\/uploads\/2020\/06\/badischer-weinradweg-15.jpg 1000w, https:\/\/www.people-abroad.de\/blog\/wp-content\/uploads\/2020\/06\/badischer-weinradweg-15-300x225.jpg 300w, https:\/\/www.people-abroad.de\/blog\/wp-content\/uploads\/2020\/06\/badischer-weinradweg-15-768x576.jpg 768w, https:\/\/www.people-abroad.de\/blog\/wp-content\/uploads\/2020\/06\/badischer-weinradweg-15-400x300.jpg 400w\" sizes=\"(max-width: 1000px) 100vw, 1000px\" \/><\/p>\n<p>Das <a href=\"https:\/\/www.weingut-moosmann.com\/\">Weingut Moosmann<\/a> baut ihre Weine an den steilen H\u00e4ngen der Vorbergzone des Schwarzwaldes an, teils auf felsigen B\u00f6den, teils auf weichem L\u00f6ss. Die Palette der Rebsorten reicht von Wei\u00dfwein Cuv\u00e9e und Sauvingnon blanc bis hin zu Chardonnay und Muskateller. Die Vinothek l\u00e4dt zur Verkostung ein und aktuell werden auch online gestreamte Weinproben angeboten. Das Weingut geh\u00f6rt zu einem Zusammenschluss von 13 Winzern, die man unter <a href=\"https:\/\/www.13breisgauer.de\/\">13Breisgauer<\/a> findet.<\/p>\n<p>Meine Fahrt geht weiter von Buchholz aus, vorbei am Sexauer Rebberg bis nach Emmendingen, dem n\u00e4chsten Stopp.<\/p>\n<h2><span class=\"ez-toc-section\" id=\"Emmendingen_im_Breisgau\"><\/span>Emmendingen im Breisgau<span class=\"ez-toc-section-end\"><\/span><\/h2>\n<p><img decoding=\"async\" class=\"alignleft wp-image-17120 size-full\" style=\"margin-bottom: 25px;\" src=\"https:\/\/www.people-abroad.de\/blog\/wp-content\/uploads\/2020\/06\/badischer-weinradweg-17.jpg\" alt=\"Emmendingen Weinland Breisgau \" width=\"1000\" height=\"750\" srcset=\"https:\/\/www.people-abroad.de\/blog\/wp-content\/uploads\/2020\/06\/badischer-weinradweg-17.jpg 1000w, https:\/\/www.people-abroad.de\/blog\/wp-content\/uploads\/2020\/06\/badischer-weinradweg-17-300x225.jpg 300w, https:\/\/www.people-abroad.de\/blog\/wp-content\/uploads\/2020\/06\/badischer-weinradweg-17-768x576.jpg 768w, https:\/\/www.people-abroad.de\/blog\/wp-content\/uploads\/2020\/06\/badischer-weinradweg-17-400x300.jpg 400w\" sizes=\"(max-width: 1000px) 100vw, 1000px\" \/><\/p>\n<p>In <a href=\"https:\/\/www.emmendingen.de\/startseite\/\">Emmendingen<\/a> gibt es jede Menge anzuschauen, vom Markgrafenschloss \u00fcber das Alte Rathaus bis hin zum Niederemmendinger Tor. Isabella Vetter und Hans-J\u00f6rg Jenne berichten mir, dass man hier auf den Spuren von Goethe und seiner Schwester Cornelia, die hier lebte, wandeln kann. Au\u00dferdem gibt es in Emmendingen das Deutsche Tagebucharchiv, das Stadtgeschichtliche und das J\u00fcdische Museum. Auf dem Foto siehst du das Neue Schloss Emmendingen (heute Amtsgericht).<\/p>\n<h2><span class=\"ez-toc-section\" id=\"Weinhaus_und_Weingut_Dreher\"><\/span>Weinhaus und Weingut Dreher<span class=\"ez-toc-section-end\"><\/span><\/h2>\n<p><img decoding=\"async\" class=\"alignleft wp-image-17122 size-full\" style=\"margin-bottom: 25px;\" src=\"https:\/\/www.people-abroad.de\/blog\/wp-content\/uploads\/2020\/06\/badischer-weinradweg-19.jpg\" alt=\"Weingut und Weinhaus Dreher Emmendingen \" width=\"1000\" height=\"749\" srcset=\"https:\/\/www.people-abroad.de\/blog\/wp-content\/uploads\/2020\/06\/badischer-weinradweg-19.jpg 1000w, https:\/\/www.people-abroad.de\/blog\/wp-content\/uploads\/2020\/06\/badischer-weinradweg-19-300x225.jpg 300w, https:\/\/www.people-abroad.de\/blog\/wp-content\/uploads\/2020\/06\/badischer-weinradweg-19-768x575.jpg 768w, https:\/\/www.people-abroad.de\/blog\/wp-content\/uploads\/2020\/06\/badischer-weinradweg-19-400x300.jpg 400w\" sizes=\"(max-width: 1000px) 100vw, 1000px\" \/><\/p>\n<p>Das <a href=\"http:\/\/dreherwein.de\/\">Weinhaus des Weinguts Dreher<\/a> liegt mitten in Emmendingen, rund drei Minuten vom Bahnhof entfernt. Zu entdecken gibt es dort regionale Weine, Br\u00e4nde und Lik\u00f6re sowie weitere edle Tropfen, u.a. eine feine Gin-Auswahl. Auch Geschenkartikel findet man im Weinhaus und eine Weinverkostung ist m\u00f6glich. Die Weine des Familienbetriebes reichen von verschiedenen Burgunder-Sorten bis hin zu einem charmanten Winzersekt, dem Prestige Brut.<\/p>\n<h2><span class=\"ez-toc-section\" id=\"Restaurant-Tipp_Palio_am_Marktplatz\"><\/span>Restaurant-Tipp: Palio am Marktplatz<span class=\"ez-toc-section-end\"><\/span><\/h2>\n<p><img decoding=\"async\" class=\"alignleft wp-image-17121 size-full\" style=\"margin-bottom: 25px;\" src=\"https:\/\/www.people-abroad.de\/blog\/wp-content\/uploads\/2020\/06\/badischer-weinradweg-18.jpg\" alt=\"Gasthaus Palio Marktplatz Emmendingen\" width=\"1000\" height=\"750\" srcset=\"https:\/\/www.people-abroad.de\/blog\/wp-content\/uploads\/2020\/06\/badischer-weinradweg-18.jpg 1000w, https:\/\/www.people-abroad.de\/blog\/wp-content\/uploads\/2020\/06\/badischer-weinradweg-18-300x225.jpg 300w, https:\/\/www.people-abroad.de\/blog\/wp-content\/uploads\/2020\/06\/badischer-weinradweg-18-768x576.jpg 768w, https:\/\/www.people-abroad.de\/blog\/wp-content\/uploads\/2020\/06\/badischer-weinradweg-18-400x300.jpg 400w\" sizes=\"(max-width: 1000px) 100vw, 1000px\" \/><\/p>\n<p>Im <a href=\"http:\/\/www.palio-emmendingen.de\/\">Palio Emmendingen<\/a> am Marktplatz l\u00e4sst sich gut einkehren zum Essen, f\u00fcr einen Kaffee, zum Fr\u00fchst\u00fccken oder auch abends auf ein Bier. Das Essen war lecker und das Palio liegt mitten im Zentrum der Stadt.<\/p>\n<h2><span class=\"ez-toc-section\" id=\"Kaiserstuhl_und_Tuniberg\"><\/span>Kaiserstuhl und Tuniberg<span class=\"ez-toc-section-end\"><\/span><\/h2>\n<p><img decoding=\"async\" class=\"alignleft wp-image-17119 size-full\" style=\"margin-bottom: 25px;\" src=\"https:\/\/www.people-abroad.de\/blog\/wp-content\/uploads\/2020\/06\/badischer-weinradweg-16.jpg\" alt=\"Badischer Weinradweg Etappen Route Tipps Planung\" width=\"1000\" height=\"750\" srcset=\"https:\/\/www.people-abroad.de\/blog\/wp-content\/uploads\/2020\/06\/badischer-weinradweg-16.jpg 1000w, https:\/\/www.people-abroad.de\/blog\/wp-content\/uploads\/2020\/06\/badischer-weinradweg-16-300x225.jpg 300w, https:\/\/www.people-abroad.de\/blog\/wp-content\/uploads\/2020\/06\/badischer-weinradweg-16-768x576.jpg 768w, https:\/\/www.people-abroad.de\/blog\/wp-content\/uploads\/2020\/06\/badischer-weinradweg-16-400x300.jpg 400w\" sizes=\"(max-width: 1000px) 100vw, 1000px\" \/><\/p>\n<p>Von Emmendingen aus fahre ich weiter auf dem Badischen Weinradweg bis nach Riegel am Kaiserstuhl. Hier endet die 2. Etappe des Radweges und es beginnt die 3. Etappe, die bis nach Gengenbach f\u00fchrt. Ich fahre allerdings sp\u00e4ter von Riegel aus wieder in Richtung S\u00fcden und nehme die \u00f6stliche Variante von der 2. Etappe f\u00fcr meinen R\u00fcckweg. Dadurch habe ich quasi einen Rundweg, der mich dann an meinem dritten Tag wieder bis zum meinem Startpunkt in M\u00fcllheim f\u00fchrt.<\/p>\n<h2><span class=\"ez-toc-section\" id=\"Kunsthalle_Messmer_in_Riegel\"><\/span>Kunsthalle Messmer in Riegel<span class=\"ez-toc-section-end\"><\/span><\/h2>\n<p><img decoding=\"async\" class=\"alignleft wp-image-17123 size-full\" style=\"margin-bottom: 25px;\" src=\"https:\/\/www.people-abroad.de\/blog\/wp-content\/uploads\/2020\/06\/badischer-weinradweg-20.jpg\" alt=\"Kunsthalle Messmer Riegel Breisgau \" width=\"1000\" height=\"750\" srcset=\"https:\/\/www.people-abroad.de\/blog\/wp-content\/uploads\/2020\/06\/badischer-weinradweg-20.jpg 1000w, https:\/\/www.people-abroad.de\/blog\/wp-content\/uploads\/2020\/06\/badischer-weinradweg-20-300x225.jpg 300w, https:\/\/www.people-abroad.de\/blog\/wp-content\/uploads\/2020\/06\/badischer-weinradweg-20-768x576.jpg 768w, https:\/\/www.people-abroad.de\/blog\/wp-content\/uploads\/2020\/06\/badischer-weinradweg-20-400x300.jpg 400w\" sizes=\"(max-width: 1000px) 100vw, 1000px\" \/><\/p>\n<p>In Riegel besuche ich die <a href=\"https:\/\/www.kunsthallemessmer.de\/\">Kunsthalle Messmer<\/a>, die in den ehemaligen R\u00e4umen der Riegeler Brauerei untergebracht ist. Auf rund 900 qm Ausstellungsfl\u00e4che wird hier Kunst des 20. und 21. Jahrhunderts in Wechselausstellungen gezeigt. Zur Kunsthalle geh\u00f6rt auch ein gro\u00dfer Skulpturengarten mit Plastiken von zeitgen\u00f6ssischen K\u00fcnstlern. Ein spannender Ort und ein tolles Geb\u00e4ude!<\/p>\n<h2><span class=\"ez-toc-section\" id=\"Der_Naturgarten_Kaiserstuhl\"><\/span>Der Naturgarten Kaiserstuhl<span class=\"ez-toc-section-end\"><\/span><\/h2>\n<p><img decoding=\"async\" class=\"alignleft wp-image-17124 size-full\" style=\"margin-bottom: 25px;\" src=\"https:\/\/www.people-abroad.de\/blog\/wp-content\/uploads\/2020\/06\/badischer-weinradweg-21.jpg\" alt=\"Badischer Weinradweg Etappen\" width=\"1000\" height=\"750\" srcset=\"https:\/\/www.people-abroad.de\/blog\/wp-content\/uploads\/2020\/06\/badischer-weinradweg-21.jpg 1000w, https:\/\/www.people-abroad.de\/blog\/wp-content\/uploads\/2020\/06\/badischer-weinradweg-21-300x225.jpg 300w, https:\/\/www.people-abroad.de\/blog\/wp-content\/uploads\/2020\/06\/badischer-weinradweg-21-768x576.jpg 768w, https:\/\/www.people-abroad.de\/blog\/wp-content\/uploads\/2020\/06\/badischer-weinradweg-21-400x300.jpg 400w\" sizes=\"(max-width: 1000px) 100vw, 1000px\" \/><\/p>\n<p>Von Riegel aus geht die Fahrt weiter in Richtung Endingen, dem Ziel meiner 2. Tagestour. Wenn man so durch die gr\u00fcnen Felder radelt, dabei die Natur genie\u00dft und dazu noch an einem weiten Mohnfeld vorbeikommt, kann man sehr gut nachvollziehen, warum sich die Region &#8222;Naturgarten Kaiserstuhl&#8220; nennt. Der Name ist hier Programm und der Begriff Naturgarten passt \u00fcbrigens auch zum Breisgau und dem Markgr\u00e4flerland.<\/p>\n<h2><span class=\"ez-toc-section\" id=\"Endingen_am_Kaiserstuhl\"><\/span>Endingen am Kaiserstuhl<span class=\"ez-toc-section-end\"><\/span><\/h2>\n<p><img decoding=\"async\" class=\"alignleft wp-image-17126 size-full\" style=\"margin-bottom: 25px;\" src=\"https:\/\/www.people-abroad.de\/blog\/wp-content\/uploads\/2020\/06\/badischer-weinradweg-23.jpg\" alt=\"Endingen Kaiserstuhl historischer Stadtkern\" width=\"1000\" height=\"750\" srcset=\"https:\/\/www.people-abroad.de\/blog\/wp-content\/uploads\/2020\/06\/badischer-weinradweg-23.jpg 1000w, https:\/\/www.people-abroad.de\/blog\/wp-content\/uploads\/2020\/06\/badischer-weinradweg-23-300x225.jpg 300w, https:\/\/www.people-abroad.de\/blog\/wp-content\/uploads\/2020\/06\/badischer-weinradweg-23-768x576.jpg 768w, https:\/\/www.people-abroad.de\/blog\/wp-content\/uploads\/2020\/06\/badischer-weinradweg-23-400x300.jpg 400w\" sizes=\"(max-width: 1000px) 100vw, 1000px\" \/><\/p>\n<p>Das St\u00e4dchen <a href=\"https:\/\/www.endingen.de\/de\">Endingen<\/a> empf\u00e4ngt seine G\u00e4ste mit idyllischen Altstadtgassen und sch\u00f6nen historischen Geb\u00e4uden. Silke Vosbein von der Touristinfo und der Stadtf\u00fchrer Franz Burger berichten von geschichtstr\u00e4chtigen H\u00e4usern wie dem \u00dcsenberger Hof mit dem Vorder\u00f6sterreich Museum, dem Kornhaus und heutigen Rathaus, der Wallfahrtskirche St. Martin, der Pfarrkirche St. Peter und der St. Katharinennkapelle. Auch hat Endingen eine hohe Dichte an sch\u00f6nen Brunnen im Ortskern.<\/p>\n<h2><span class=\"ez-toc-section\" id=\"Hotel-Tipp_Hotel_Pfauen\"><\/span>Hotel-Tipp: Hotel Pfauen<span class=\"ez-toc-section-end\"><\/span><\/h2>\n<p><img decoding=\"async\" class=\"alignleft wp-image-17125 size-full\" style=\"margin-bottom: 25px;\" src=\"https:\/\/www.people-abroad.de\/blog\/wp-content\/uploads\/2020\/06\/badischer-weinradweg-22.jpg\" alt=\"Badischer Weinradweg Endingen Kaiserstuhl Stadttor Hotel Pfauen\" width=\"1000\" height=\"750\" srcset=\"https:\/\/www.people-abroad.de\/blog\/wp-content\/uploads\/2020\/06\/badischer-weinradweg-22.jpg 1000w, https:\/\/www.people-abroad.de\/blog\/wp-content\/uploads\/2020\/06\/badischer-weinradweg-22-300x225.jpg 300w, https:\/\/www.people-abroad.de\/blog\/wp-content\/uploads\/2020\/06\/badischer-weinradweg-22-768x576.jpg 768w, https:\/\/www.people-abroad.de\/blog\/wp-content\/uploads\/2020\/06\/badischer-weinradweg-22-400x300.jpg 400w\" sizes=\"(max-width: 1000px) 100vw, 1000px\" \/><\/p>\n<p>In Endingen habe ich im <a href=\"https:\/\/pfauen-endingen.de\/\">Hotel Pfauen<\/a> direkt neben dem K\u00f6nigschaffhausener Tor \u00fcbernachtet. Das Haus bietet sch\u00f6ne und ger\u00e4umige Zimmer, eine gem\u00fctliche Gaststube und ein tolles Fr\u00fchst\u00fcck. Inhaberin Isolde Neymeyer sorgt sich liebevoll um ihre G\u00e4ste. Endingen ist \u00fcbrigens auch ein guter Ausgangspunkt f\u00fcr Touren z.B. nach Freiburg, zum Europapark Rust oder ins Elsass.<\/p>\n<h2><span class=\"ez-toc-section\" id=\"Restaurant-Tipp_Schindlers_Ratsstube\"><\/span>Restaurant-Tipp: Schindler&#8217;s Ratsstube<span class=\"ez-toc-section-end\"><\/span><\/h2>\n<p><img decoding=\"async\" class=\"alignleft wp-image-17127 size-full\" style=\"margin-bottom: 25px;\" src=\"https:\/\/www.people-abroad.de\/blog\/wp-content\/uploads\/2020\/06\/badischer-weinradweg-24.jpg\" alt=\"Endingen Schindlers Ratsstube Restaurant Gastst\u00e4tte\" width=\"1000\" height=\"750\" srcset=\"https:\/\/www.people-abroad.de\/blog\/wp-content\/uploads\/2020\/06\/badischer-weinradweg-24.jpg 1000w, https:\/\/www.people-abroad.de\/blog\/wp-content\/uploads\/2020\/06\/badischer-weinradweg-24-300x225.jpg 300w, https:\/\/www.people-abroad.de\/blog\/wp-content\/uploads\/2020\/06\/badischer-weinradweg-24-768x576.jpg 768w, https:\/\/www.people-abroad.de\/blog\/wp-content\/uploads\/2020\/06\/badischer-weinradweg-24-400x300.jpg 400w\" sizes=\"(max-width: 1000px) 100vw, 1000px\" \/><\/p>\n<p>Das Restaurant der Familie Muttach bietet von klassisch-herzhaft bis zu variantenreich-vegetarisch eine gute Auswahl an leckeren Speisen. Regionale Weine, schmackhafte Biere und auch alkoholfreie Getr\u00e4nke runden die Karte ab.<\/p>\n<h2><span class=\"ez-toc-section\" id=\"Badischer_Weinradweg_%E2%80%93_von_Endingen_nach_Muellheim\"><\/span>Badischer Weinradweg &#8211; von Endingen nach M\u00fcllheim<span class=\"ez-toc-section-end\"><\/span><\/h2>\n<p><img decoding=\"async\" class=\"alignleft wp-image-17128 size-full\" style=\"margin-bottom: 25px;\" src=\"https:\/\/www.people-abroad.de\/blog\/wp-content\/uploads\/2020\/06\/badischer-weinradweg-25.jpg\" alt=\"Badischer Weinradweg Kaiserstuhl Etappen Weinberge\" width=\"1000\" height=\"750\" srcset=\"https:\/\/www.people-abroad.de\/blog\/wp-content\/uploads\/2020\/06\/badischer-weinradweg-25.jpg 1000w, https:\/\/www.people-abroad.de\/blog\/wp-content\/uploads\/2020\/06\/badischer-weinradweg-25-300x225.jpg 300w, https:\/\/www.people-abroad.de\/blog\/wp-content\/uploads\/2020\/06\/badischer-weinradweg-25-768x576.jpg 768w, https:\/\/www.people-abroad.de\/blog\/wp-content\/uploads\/2020\/06\/badischer-weinradweg-25-400x300.jpg 400w\" sizes=\"(max-width: 1000px) 100vw, 1000px\" \/><\/p>\n<p>Nach dem Fr\u00fchst\u00fcck hei\u00dft es wieder Satteltaschen packen und weiter geht&#8217;s auf dem Badischen Weinradweg. Von Endingen rollt das Zweirad \u00fcber K\u00f6nigschaffhausen und Sasbach in Richtung Vogtsburg. Der Radweg verl\u00e4uft von hier aus bis nach Schaffhausen immer parallel zum Rhein und der franz\u00f6sischen Grenze.<\/p>\n<h2><span class=\"ez-toc-section\" id=\"Weingut_Abril_in_Vogtsburg_Bischoffingen\"><\/span>Weingut Abril in Vogtsburg Bischoffingen<span class=\"ez-toc-section-end\"><\/span><\/h2>\n<p><img decoding=\"async\" class=\"alignleft wp-image-17129 size-full\" style=\"margin-bottom: 25px;\" src=\"https:\/\/www.people-abroad.de\/blog\/wp-content\/uploads\/2020\/06\/badischer-weinradweg-26.jpg\" alt=\"Vogtsburg Bischoffingen Weingut Abril \" width=\"1000\" height=\"750\" srcset=\"https:\/\/www.people-abroad.de\/blog\/wp-content\/uploads\/2020\/06\/badischer-weinradweg-26.jpg 1000w, https:\/\/www.people-abroad.de\/blog\/wp-content\/uploads\/2020\/06\/badischer-weinradweg-26-300x225.jpg 300w, https:\/\/www.people-abroad.de\/blog\/wp-content\/uploads\/2020\/06\/badischer-weinradweg-26-768x576.jpg 768w, https:\/\/www.people-abroad.de\/blog\/wp-content\/uploads\/2020\/06\/badischer-weinradweg-26-400x300.jpg 400w\" sizes=\"(max-width: 1000px) 100vw, 1000px\" \/><\/p>\n<p>Das <a href=\"https:\/\/weingut-abril.de\/\">Weingut Abril<\/a> in Vogtsburg Bischoffingen ist in einem architektonisch mehrfach pr\u00e4mierten Gutsgeb\u00e4ude mit modernster Technik untergebracht. Auf der \u00f6kologisch bewirtschafteten 25 Hektar Fl\u00e4che des Weinguts wachsen u.a. feine Burgunderweine sowie die Rebsorten Chardonnay, Cabernet und Merlot. Unterschieden werden die Ausbaustile Frucht, Stein &amp; Zeit.<\/p>\n<p><img decoding=\"async\" class=\"alignleft wp-image-17131 size-full\" style=\"margin-bottom: 25px;\" src=\"https:\/\/www.people-abroad.de\/blog\/wp-content\/uploads\/2020\/06\/badischer-weinradweg-28.jpg\" alt=\"Badischer Weinradweg Etappen Weinberge Kaiserstuhl\" width=\"1000\" height=\"750\" srcset=\"https:\/\/www.people-abroad.de\/blog\/wp-content\/uploads\/2020\/06\/badischer-weinradweg-28.jpg 1000w, https:\/\/www.people-abroad.de\/blog\/wp-content\/uploads\/2020\/06\/badischer-weinradweg-28-300x225.jpg 300w, https:\/\/www.people-abroad.de\/blog\/wp-content\/uploads\/2020\/06\/badischer-weinradweg-28-768x576.jpg 768w, https:\/\/www.people-abroad.de\/blog\/wp-content\/uploads\/2020\/06\/badischer-weinradweg-28-400x300.jpg 400w\" sizes=\"(max-width: 1000px) 100vw, 1000px\" \/><\/p>\n<p>Auf dem Radweg geht es nun in Richtung Ihringen. Unterwegs wechseln sich idyllische T\u00e4ler, gr\u00fcne Weinterassen und beeindruckende L\u00f6\u00dfsteilw\u00e4nde ab. Sehenswert soll auch das St\u00e4dtchen <a href=\"http:\/\/www.burkheim-touristik.de\/\">Burkheim<\/a> sein, von hier aus lie\u00dfe sich ein Abstecher einplanen.<\/p>\n<h2><span class=\"ez-toc-section\" id=\"Weingut_Heger_in_Ihringen\"><\/span>Weingut Heger in Ihringen<span class=\"ez-toc-section-end\"><\/span><\/h2>\n<p><img decoding=\"async\" class=\"alignleft wp-image-17130 size-full\" style=\"margin-bottom: 25px;\" src=\"https:\/\/www.people-abroad.de\/blog\/wp-content\/uploads\/2020\/06\/badischer-weinradweg-27.jpg\" alt=\"Weingut Heger Ihringen Kaiserstuhl \" width=\"1000\" height=\"750\" srcset=\"https:\/\/www.people-abroad.de\/blog\/wp-content\/uploads\/2020\/06\/badischer-weinradweg-27.jpg 1000w, https:\/\/www.people-abroad.de\/blog\/wp-content\/uploads\/2020\/06\/badischer-weinradweg-27-300x225.jpg 300w, https:\/\/www.people-abroad.de\/blog\/wp-content\/uploads\/2020\/06\/badischer-weinradweg-27-768x576.jpg 768w, https:\/\/www.people-abroad.de\/blog\/wp-content\/uploads\/2020\/06\/badischer-weinradweg-27-400x300.jpg 400w\" sizes=\"(max-width: 1000px) 100vw, 1000px\" \/><\/p>\n<p>In Ihringen besuche ich das <a href=\"https:\/\/www.heger-weine.de\/\">Weingut Heger<\/a> in der Hauptstra\u00dfe. Zu verkosten gibt es edle Weine, u.a. Cuv\u00e9es, Muskateller, Gew\u00fcrztraminer, Rul\u00e4nder, Muskat Ottonel, Silvaner und Weissherbst. Im Weinkeller lagern die Weine aus den Vulkanlagen und sie werden in Holzfass, Barrique oder Edelstahl vergoren. Hier reifen die konsequent trockenen Tropfen des Weinguts heran.<\/p>\n<h2><span class=\"ez-toc-section\" id=\"Restaurant-Tipp_Hotel_Restaurant_Braeutigam\"><\/span>Restaurant-Tipp: Hotel Restaurant Br\u00e4utigam<span class=\"ez-toc-section-end\"><\/span><\/h2>\n<p><img decoding=\"async\" class=\"alignleft wp-image-17132 size-full\" style=\"margin-bottom: 25px;\" src=\"https:\/\/www.people-abroad.de\/blog\/wp-content\/uploads\/2020\/06\/badischer-weinradweg-29.jpg\" alt=\"Hotel Br\u00e4utigam Ihringen Kaiserstuhl\" width=\"1000\" height=\"749\" srcset=\"https:\/\/www.people-abroad.de\/blog\/wp-content\/uploads\/2020\/06\/badischer-weinradweg-29.jpg 1000w, https:\/\/www.people-abroad.de\/blog\/wp-content\/uploads\/2020\/06\/badischer-weinradweg-29-300x225.jpg 300w, https:\/\/www.people-abroad.de\/blog\/wp-content\/uploads\/2020\/06\/badischer-weinradweg-29-768x575.jpg 768w, https:\/\/www.people-abroad.de\/blog\/wp-content\/uploads\/2020\/06\/badischer-weinradweg-29-400x300.jpg 400w\" sizes=\"(max-width: 1000px) 100vw, 1000px\" \/><\/p>\n<p>Im <a href=\"https:\/\/www.braeutigam-hotel.de\/\">Hotel Restaurant Br\u00e4utigam<\/a> in Ihringen l\u00e4sst sich gut eine Rast einplanen. Regionale K\u00fcche mit heimischen Speisen und Weine vom Kaiserstuhl und aus der Region stehen auf der Karte. Beim Essen berichtet mir Michael Meier vom Naturgarten Kaiserstuhl \u00fcber weitere Sehensw\u00fcrdigkeiten und Tipps f\u00fcr Unternehmungen in der Region. Und mir wird bewusst, dass ich definitiv wieder kommen muss, denn es gibt noch eine ganze Menge zu entdecken &#8211; auch abseits des Weinradweges.<\/p>\n<p><img decoding=\"async\" class=\"alignleft wp-image-17133 size-full\" style=\"margin-bottom: 25px;\" src=\"https:\/\/www.people-abroad.de\/blog\/wp-content\/uploads\/2020\/06\/badischer-weinradweg-30.jpg\" alt=\"Badischer Weinradweg Etappen Kaiserstuhl\" width=\"1000\" height=\"750\" srcset=\"https:\/\/www.people-abroad.de\/blog\/wp-content\/uploads\/2020\/06\/badischer-weinradweg-30.jpg 1000w, https:\/\/www.people-abroad.de\/blog\/wp-content\/uploads\/2020\/06\/badischer-weinradweg-30-300x225.jpg 300w, https:\/\/www.people-abroad.de\/blog\/wp-content\/uploads\/2020\/06\/badischer-weinradweg-30-768x576.jpg 768w, https:\/\/www.people-abroad.de\/blog\/wp-content\/uploads\/2020\/06\/badischer-weinradweg-30-400x300.jpg 400w\" sizes=\"(max-width: 1000px) 100vw, 1000px\" \/><\/p>\n<p>Die letzte Tagesetappe f\u00fchrt mich von Ihringen aus nach Merdingen und in Richtung Schallstadt. Unterwegs ergeben sich wieder sch\u00f6ne Ausblicke bis zu den H\u00fcgels des Schwarzwaldes. In Schallstadt angekommen, geht es von dort aus weiter mit dem Rad, vorbei an <a href=\"https:\/\/www.bad-krozingen.info\/\">Bad Krozingen<\/a> nach Staufen. Danach f\u00fchrt der Radweg in den S\u00fcden bis nach M\u00fcllheim, meinem Ausgangspunkt. Hier endet meine 3-Tages-Tour auf dem sehr abwechslungsreichen Radweg.<\/p>\n<h2><span class=\"ez-toc-section\" id=\"Badischer_Weinradweg_Etappen\"><\/span>Badischer Weinradweg | Etappen<span class=\"ez-toc-section-end\"><\/span><\/h2>\n<p>Etappe 1: Grenzach &#8211; Schallstadt &#8211; 78 km<br \/>\nEtappe 2: Schallstadt &#8211; Riegel &#8211; 50 km (Variante Kaiserstuhl)<br \/>\nEtappe 2: Schallstadt &#8211; Riegel &#8211; 43 km (Variante Freiburg)<br \/>\nEtappe 3: Riegel &#8211; Gengenbach &#8211; 52 km<br \/>\nEtappe 4: Gengenbach &#8211; B\u00fchl &#8211; 56 km<br \/>\nEtappe 5: B\u00fchl &#8211; Ettlingen &#8211; 52 km<br \/>\nEtappe 6: Ettlingen &#8211; Oberderdingen &#8211; 65 km<br \/>\nEtappe 7: Oberderdingen &#8211; Wiesloch &#8211; 64 km<br \/>\nEtappe 8: Wiesloch &#8211; Laudenbach &#8211; 47 km<\/p>\n<p>Badischer Weinradweg: 3.000 H\u00f6henmeter, gr\u00f6\u00dftenteils auf asphaltierten Wegen und damit auch f\u00fcr E-Bikes gut geeignet. Weitere Infos \u00fcber die Region gibt es unter <a href=\"https:\/\/www.badische-weinstrasse.de\/\">Weinerlebnis Badische Weinstra\u00dfe<\/a>.<\/p>\n<p>Bei allen hier vorgestellten Weing\u00fctern und Winzern kann man die Weine &amp; Br\u00e4nde \u00fcbrigens auch online bestellen \u00fcber deren jeweilige Webseiten. \u00dcber weitere Tipps, Erg\u00e4nzungen oder eigene Erfahrungen zur Region freue ich mich unten in den Kommentaren.<\/p>\n<p><em><strong>Werbehinweis:<\/strong> Dieser Artikel entstand in Zusammenarbeit mit <a href=\"https:\/\/www.schwarzwald-tourismus.info\/\">Schwarzwald Tourismus<\/a>. Ich gehe gerne Kooperationen ein, meine pers\u00f6nliche Meinung wird davon aber nicht beeinflusst.<br \/>\n<\/em><\/p>\n<p>Wenn dir dieser Artikel gefallen hat, k\u00f6nnten dich evtl. auch diese Artikel \u00fcber den Schwarzwald interessieren:<br \/>\n<a href=\"https:\/\/www.people-abroad.de\/blog\/weinland-breisgau-tipps\/\">Weinland Breisgau: Urlaubsregion in S\u00fcdbaden<\/a><br \/>\n<a href=\"https:\/\/www.people-abroad.de\/blog\/kaiserstuhl-tuniberg-tipps\/\">S\u00fcdbaden: Naturgarten Kaiserstuhl &amp; Tuniberg<\/a><br \/>\n<a href=\"https:\/\/www.people-abroad.de\/blog\/markgraeflerland-tipps\/\">Markgr\u00e4flerland: Weinberge, Natur und Kultur<\/a><br \/>\n<a href=\"https:\/\/www.people-abroad.de\/blog\/hochschwarzwald-lebkuechlerweg-geissenpfad\/\">Hochschwarzwald: Lebk\u00fcchlerweg &amp; Gei\u00dfenpfad<\/a><br \/>\n<a href=\"https:\/\/www.people-abroad.de\/blog\/suedschwarzwald-wandern-ibach\/\">S\u00fcdschwarzwald: Wandern mit Blick auf Ibach<\/a><br \/>\n<a href=\"https:\/\/www.people-abroad.de\/blog\/karlsruhe-sehenswuerdigkeiten\/\">Karlsruhe: Sehensw\u00fcrdigkeiten mit dem Rad<\/a><\/p>\n<p><img decoding=\"async\" class=\"alignnone wp-image-17440 size-medium\" src=\"https:\/\/www.people-abroad.de\/blog\/wp-content\/uploads\/2020\/07\/01.07.2019-16-200x300.jpg\" alt=\"Werbung \/ Der Badische Weinradweg - Infos &amp; Tipps #Weinradweg #Radweg #Radtour #Deutschland #Radurlaub #Fahrrad\" width=\"200\" height=\"300\" srcset=\"https:\/\/www.people-abroad.de\/blog\/wp-content\/uploads\/2020\/07\/01.07.2019-16-200x300.jpg 200w, https:\/\/www.people-abroad.de\/blog\/wp-content\/uploads\/2020\/07\/01.07.2019-16-683x1024.jpg 683w, https:\/\/www.people-abroad.de\/blog\/wp-content\/uploads\/2020\/07\/01.07.2019-16-267x400.jpg 267w, https:\/\/www.people-abroad.de\/blog\/wp-content\/uploads\/2020\/07\/01.07.2019-16.jpg 735w\" sizes=\"(max-width: 200px) 100vw, 200px\" \/><\/p>\n","protected":false},"excerpt":{"rendered":"<p>[Werbung] Der Badische Weinradweg verbindet sieben bekannte Weinbau-Regionen miteinander. Hier findest du Infos &amp; Tipps f\u00fcr die Planung deiner Radtour in der sonnigen Urlaubsregion Baden.<\/p>\n","protected":false},"author":1,"featured_media":0,"comment_status":"open","ping_status":"open","sticky":false,"template":"","format":"standard","meta":{"_monsterinsights_skip_tracking":false,"_monsterinsights_sitenote_active":false,"_monsterinsights_sitenote_note":"","_monsterinsights_sitenote_category":0,"footnotes":""},"categories":[701,2045],"tags":[2106,2032],"class_list":["post-16998","post","type-post","status-publish","format-standard","hentry","category-deutschland","category-radfahren","tag-radtour","tag-radurlaub"],"yoast_head":"<!-- This site is optimized with the Yoast SEO plugin v27.4 - https:\/\/yoast.com\/product\/yoast-seo-wordpress\/ -->\n<title>Badischer Weinradweg: H\u00fcgel, Reben &amp; Genuss - People Abroad<\/title>\n<meta name=\"description\" content=\"[Werbung] Badischer Weinradweg - er verbindet sieben bekannte Weinbau-Regionen miteinander, hier findest du Tipps f\u00fcr die Planung deiner Radtour in Baden.\" \/>\n<meta name=\"robots\" content=\"index, follow, max-snippet:-1, max-image-preview:large, max-video-preview:-1\" \/>\n<link rel=\"canonical\" href=\"https:\/\/www.people-abroad.de\/blog\/badischer-weinradweg\/\" \/>\n<meta property=\"og:locale\" content=\"de_DE\" \/>\n<meta property=\"og:type\" content=\"article\" \/>\n<meta property=\"og:title\" content=\"Badischer Weinradweg: H\u00fcgel, Reben &amp; Genuss - People Abroad\" \/>\n<meta property=\"og:description\" content=\"[Werbung] Badischer Weinradweg - er verbindet sieben bekannte Weinbau-Regionen miteinander, hier findest du Tipps f\u00fcr die Planung deiner Radtour in Baden.\" \/>\n<meta property=\"og:url\" content=\"https:\/\/www.people-abroad.de\/blog\/badischer-weinradweg\/\" \/>\n<meta property=\"og:site_name\" content=\"People Abroad\" \/>\n<meta property=\"article:publisher\" content=\"https:\/\/www.facebook.com\/menschen.international\/\" \/>\n<meta property=\"article:author\" content=\"https:\/\/www.facebook.com\/menschen.international\/\" \/>\n<meta property=\"article:published_time\" content=\"2020-07-02T07:45:46+00:00\" \/>\n<meta property=\"article:modified_time\" content=\"2021-10-06T20:08:21+00:00\" \/>\n<meta property=\"og:image\" content=\"https:\/\/www.people-abroad.de\/blog\/wp-content\/uploads\/2020\/07\/badischer-weinradweg.jpg\" \/>\n<meta name=\"author\" content=\"Heiko M\u00fcller\" \/>\n<meta name=\"twitter:card\" content=\"summary_large_image\" \/>\n<meta name=\"twitter:creator\" content=\"@People_Abroad\" \/>\n<meta name=\"twitter:site\" content=\"@People_Abroad\" \/>\n<meta name=\"twitter:label1\" content=\"Verfasst von\" \/>\n\t<meta name=\"twitter:data1\" content=\"Heiko M\u00fcller\" \/>\n\t<meta name=\"twitter:label2\" content=\"Gesch\u00e4tzte Lesezeit\" \/>\n\t<meta name=\"twitter:data2\" content=\"16\u00a0Minuten\" \/>\n<script type=\"application\/ld+json\" class=\"yoast-schema-graph\">{\"@context\":\"https:\\\/\\\/schema.org\",\"@graph\":[{\"@type\":\"Article\",\"@id\":\"https:\\\/\\\/www.people-abroad.de\\\/blog\\\/badischer-weinradweg\\\/#article\",\"isPartOf\":{\"@id\":\"https:\\\/\\\/www.people-abroad.de\\\/blog\\\/badischer-weinradweg\\\/\"},\"author\":{\"name\":\"Heiko M\u00fcller\",\"@id\":\"https:\\\/\\\/www.people-abroad.de\\\/blog\\\/#\\\/schema\\\/person\\\/2a518a154d93ee6cf0b146bc327329b3\"},\"headline\":\"Badischer Weinradweg: H\u00fcgel, Reben &#038; Genuss\",\"datePublished\":\"2020-07-02T07:45:46+00:00\",\"dateModified\":\"2021-10-06T20:08:21+00:00\",\"mainEntityOfPage\":{\"@id\":\"https:\\\/\\\/www.people-abroad.de\\\/blog\\\/badischer-weinradweg\\\/\"},\"wordCount\":2350,\"commentCount\":5,\"publisher\":{\"@id\":\"https:\\\/\\\/www.people-abroad.de\\\/blog\\\/#\\\/schema\\\/person\\\/2a518a154d93ee6cf0b146bc327329b3\"},\"image\":{\"@id\":\"https:\\\/\\\/www.people-abroad.de\\\/blog\\\/badischer-weinradweg\\\/#primaryimage\"},\"thumbnailUrl\":\"https:\\\/\\\/www.people-abroad.de\\\/blog\\\/wp-content\\\/uploads\\\/2020\\\/07\\\/badischer-weinradweg.jpg\",\"keywords\":[\"Radtour\",\"Radurlaub\"],\"articleSection\":[\"Deutschland\",\"Radfahren\"],\"inLanguage\":\"de\",\"potentialAction\":[{\"@type\":\"CommentAction\",\"name\":\"Comment\",\"target\":[\"https:\\\/\\\/www.people-abroad.de\\\/blog\\\/badischer-weinradweg\\\/#respond\"]}]},{\"@type\":\"WebPage\",\"@id\":\"https:\\\/\\\/www.people-abroad.de\\\/blog\\\/badischer-weinradweg\\\/\",\"url\":\"https:\\\/\\\/www.people-abroad.de\\\/blog\\\/badischer-weinradweg\\\/\",\"name\":\"Badischer Weinradweg: H\u00fcgel, Reben & Genuss - People Abroad\",\"isPartOf\":{\"@id\":\"https:\\\/\\\/www.people-abroad.de\\\/blog\\\/#website\"},\"primaryImageOfPage\":{\"@id\":\"https:\\\/\\\/www.people-abroad.de\\\/blog\\\/badischer-weinradweg\\\/#primaryimage\"},\"image\":{\"@id\":\"https:\\\/\\\/www.people-abroad.de\\\/blog\\\/badischer-weinradweg\\\/#primaryimage\"},\"thumbnailUrl\":\"https:\\\/\\\/www.people-abroad.de\\\/blog\\\/wp-content\\\/uploads\\\/2020\\\/07\\\/badischer-weinradweg.jpg\",\"datePublished\":\"2020-07-02T07:45:46+00:00\",\"dateModified\":\"2021-10-06T20:08:21+00:00\",\"description\":\"[Werbung] Badischer Weinradweg - er verbindet sieben bekannte Weinbau-Regionen miteinander, hier findest du Tipps f\u00fcr die Planung deiner Radtour in Baden.\",\"breadcrumb\":{\"@id\":\"https:\\\/\\\/www.people-abroad.de\\\/blog\\\/badischer-weinradweg\\\/#breadcrumb\"},\"inLanguage\":\"de\",\"potentialAction\":[{\"@type\":\"ReadAction\",\"target\":[\"https:\\\/\\\/www.people-abroad.de\\\/blog\\\/badischer-weinradweg\\\/\"]}]},{\"@type\":\"ImageObject\",\"inLanguage\":\"de\",\"@id\":\"https:\\\/\\\/www.people-abroad.de\\\/blog\\\/badischer-weinradweg\\\/#primaryimage\",\"url\":\"https:\\\/\\\/www.people-abroad.de\\\/blog\\\/wp-content\\\/uploads\\\/2020\\\/07\\\/badischer-weinradweg.jpg\",\"contentUrl\":\"https:\\\/\\\/www.people-abroad.de\\\/blog\\\/wp-content\\\/uploads\\\/2020\\\/07\\\/badischer-weinradweg.jpg\",\"width\":1000,\"height\":750},{\"@type\":\"BreadcrumbList\",\"@id\":\"https:\\\/\\\/www.people-abroad.de\\\/blog\\\/badischer-weinradweg\\\/#breadcrumb\",\"itemListElement\":[{\"@type\":\"ListItem\",\"position\":1,\"name\":\"Startseite\",\"item\":\"https:\\\/\\\/www.people-abroad.de\\\/blog\\\/\"},{\"@type\":\"ListItem\",\"position\":2,\"name\":\"Badischer Weinradweg: H\u00fcgel, Reben &#038; Genuss\"}]},{\"@type\":\"WebSite\",\"@id\":\"https:\\\/\\\/www.people-abroad.de\\\/blog\\\/#website\",\"url\":\"https:\\\/\\\/www.people-abroad.de\\\/blog\\\/\",\"name\":\"People Abroad\",\"description\":\"Reiseblog\",\"publisher\":{\"@id\":\"https:\\\/\\\/www.people-abroad.de\\\/blog\\\/#\\\/schema\\\/person\\\/2a518a154d93ee6cf0b146bc327329b3\"},\"potentialAction\":[{\"@type\":\"SearchAction\",\"target\":{\"@type\":\"EntryPoint\",\"urlTemplate\":\"https:\\\/\\\/www.people-abroad.de\\\/blog\\\/?s={search_term_string}\"},\"query-input\":{\"@type\":\"PropertyValueSpecification\",\"valueRequired\":true,\"valueName\":\"search_term_string\"}}],\"inLanguage\":\"de\"},{\"@type\":[\"Person\",\"Organization\"],\"@id\":\"https:\\\/\\\/www.people-abroad.de\\\/blog\\\/#\\\/schema\\\/person\\\/2a518a154d93ee6cf0b146bc327329b3\",\"name\":\"Heiko M\u00fcller\",\"logo\":{\"@id\":\"https:\\\/\\\/www.people-abroad.de\\\/blog\\\/#\\\/schema\\\/person\\\/image\\\/\"},\"description\":\"Ich bin Reiseblogger, Content Creator und Redakteur. Auf Reisen erkunde ich gerne neue Regionen, St\u00e4dte und Orte beim Fotografieren, Wandern und Radfahren. F\u00fcr weitere Reisetipps folge mir auf Instagram, Facebook &amp; Co. Mehr Infos zum Blog findest du hier: https:\\\/\\\/www.people-abroad.de\\\/blog\\\/pr-media\\\/. Kontakt: h.mueller@people-abroad.de\",\"sameAs\":[\"https:\\\/\\\/www.people-abroad.de\\\/blog\\\/\",\"https:\\\/\\\/www.facebook.com\\\/menschen.international\\\/\",\"https:\\\/\\\/www.instagram.com\\\/people.abroad\\\/\",\"https:\\\/\\\/www.linkedin.com\\\/in\\\/muellerheiko\\\/\",\"https:\\\/\\\/www.pinterest.de\\\/peopleabroad\\\/\",\"https:\\\/\\\/x.com\\\/People_Abroad\",\"https:\\\/\\\/www.youtube.com\\\/user\\\/MenschenInt\"],\"url\":\"https:\\\/\\\/www.people-abroad.de\\\/blog\\\/author\\\/admin\\\/\"}]}<\/script>\n<!-- \/ Yoast SEO plugin. -->","yoast_head_json":{"title":"Badischer Weinradweg: H\u00fcgel, Reben & Genuss - People Abroad","description":"[Werbung] Badischer Weinradweg - er verbindet sieben bekannte Weinbau-Regionen miteinander, hier findest du Tipps f\u00fcr die Planung deiner Radtour in Baden.","robots":{"index":"index","follow":"follow","max-snippet":"max-snippet:-1","max-image-preview":"max-image-preview:large","max-video-preview":"max-video-preview:-1"},"canonical":"https:\/\/www.people-abroad.de\/blog\/badischer-weinradweg\/","og_locale":"de_DE","og_type":"article","og_title":"Badischer Weinradweg: H\u00fcgel, Reben & Genuss - People Abroad","og_description":"[Werbung] Badischer Weinradweg - er verbindet sieben bekannte Weinbau-Regionen miteinander, hier findest du Tipps f\u00fcr die Planung deiner Radtour in Baden.","og_url":"https:\/\/www.people-abroad.de\/blog\/badischer-weinradweg\/","og_site_name":"People Abroad","article_publisher":"https:\/\/www.facebook.com\/menschen.international\/","article_author":"https:\/\/www.facebook.com\/menschen.international\/","article_published_time":"2020-07-02T07:45:46+00:00","article_modified_time":"2021-10-06T20:08:21+00:00","og_image":[{"url":"https:\/\/www.people-abroad.de\/blog\/wp-content\/uploads\/2020\/07\/badischer-weinradweg.jpg","type":"","width":"","height":""}],"author":"Heiko M\u00fcller","twitter_card":"summary_large_image","twitter_creator":"@People_Abroad","twitter_site":"@People_Abroad","twitter_misc":{"Verfasst von":"Heiko M\u00fcller","Gesch\u00e4tzte Lesezeit":"16\u00a0Minuten"},"schema":{"@context":"https:\/\/schema.org","@graph":[{"@type":"Article","@id":"https:\/\/www.people-abroad.de\/blog\/badischer-weinradweg\/#article","isPartOf":{"@id":"https:\/\/www.people-abroad.de\/blog\/badischer-weinradweg\/"},"author":{"name":"Heiko M\u00fcller","@id":"https:\/\/www.people-abroad.de\/blog\/#\/schema\/person\/2a518a154d93ee6cf0b146bc327329b3"},"headline":"Badischer Weinradweg: H\u00fcgel, Reben &#038; Genuss","datePublished":"2020-07-02T07:45:46+00:00","dateModified":"2021-10-06T20:08:21+00:00","mainEntityOfPage":{"@id":"https:\/\/www.people-abroad.de\/blog\/badischer-weinradweg\/"},"wordCount":2350,"commentCount":5,"publisher":{"@id":"https:\/\/www.people-abroad.de\/blog\/#\/schema\/person\/2a518a154d93ee6cf0b146bc327329b3"},"image":{"@id":"https:\/\/www.people-abroad.de\/blog\/badischer-weinradweg\/#primaryimage"},"thumbnailUrl":"https:\/\/www.people-abroad.de\/blog\/wp-content\/uploads\/2020\/07\/badischer-weinradweg.jpg","keywords":["Radtour","Radurlaub"],"articleSection":["Deutschland","Radfahren"],"inLanguage":"de","potentialAction":[{"@type":"CommentAction","name":"Comment","target":["https:\/\/www.people-abroad.de\/blog\/badischer-weinradweg\/#respond"]}]},{"@type":"WebPage","@id":"https:\/\/www.people-abroad.de\/blog\/badischer-weinradweg\/","url":"https:\/\/www.people-abroad.de\/blog\/badischer-weinradweg\/","name":"Badischer Weinradweg: H\u00fcgel, Reben & Genuss - People Abroad","isPartOf":{"@id":"https:\/\/www.people-abroad.de\/blog\/#website"},"primaryImageOfPage":{"@id":"https:\/\/www.people-abroad.de\/blog\/badischer-weinradweg\/#primaryimage"},"image":{"@id":"https:\/\/www.people-abroad.de\/blog\/badischer-weinradweg\/#primaryimage"},"thumbnailUrl":"https:\/\/www.people-abroad.de\/blog\/wp-content\/uploads\/2020\/07\/badischer-weinradweg.jpg","datePublished":"2020-07-02T07:45:46+00:00","dateModified":"2021-10-06T20:08:21+00:00","description":"[Werbung] Badischer Weinradweg - er verbindet sieben bekannte Weinbau-Regionen miteinander, hier findest du Tipps f\u00fcr die Planung deiner Radtour in Baden.","breadcrumb":{"@id":"https:\/\/www.people-abroad.de\/blog\/badischer-weinradweg\/#breadcrumb"},"inLanguage":"de","potentialAction":[{"@type":"ReadAction","target":["https:\/\/www.people-abroad.de\/blog\/badischer-weinradweg\/"]}]},{"@type":"ImageObject","inLanguage":"de","@id":"https:\/\/www.people-abroad.de\/blog\/badischer-weinradweg\/#primaryimage","url":"https:\/\/www.people-abroad.de\/blog\/wp-content\/uploads\/2020\/07\/badischer-weinradweg.jpg","contentUrl":"https:\/\/www.people-abroad.de\/blog\/wp-content\/uploads\/2020\/07\/badischer-weinradweg.jpg","width":1000,"height":750},{"@type":"BreadcrumbList","@id":"https:\/\/www.people-abroad.de\/blog\/badischer-weinradweg\/#breadcrumb","itemListElement":[{"@type":"ListItem","position":1,"name":"Startseite","item":"https:\/\/www.people-abroad.de\/blog\/"},{"@type":"ListItem","position":2,"name":"Badischer Weinradweg: H\u00fcgel, Reben &#038; Genuss"}]},{"@type":"WebSite","@id":"https:\/\/www.people-abroad.de\/blog\/#website","url":"https:\/\/www.people-abroad.de\/blog\/","name":"People Abroad","description":"Reiseblog","publisher":{"@id":"https:\/\/www.people-abroad.de\/blog\/#\/schema\/person\/2a518a154d93ee6cf0b146bc327329b3"},"potentialAction":[{"@type":"SearchAction","target":{"@type":"EntryPoint","urlTemplate":"https:\/\/www.people-abroad.de\/blog\/?s={search_term_string}"},"query-input":{"@type":"PropertyValueSpecification","valueRequired":true,"valueName":"search_term_string"}}],"inLanguage":"de"},{"@type":["Person","Organization"],"@id":"https:\/\/www.people-abroad.de\/blog\/#\/schema\/person\/2a518a154d93ee6cf0b146bc327329b3","name":"Heiko M\u00fcller","logo":{"@id":"https:\/\/www.people-abroad.de\/blog\/#\/schema\/person\/image\/"},"description":"Ich bin Reiseblogger, Content Creator und Redakteur. Auf Reisen erkunde ich gerne neue Regionen, St\u00e4dte und Orte beim Fotografieren, Wandern und Radfahren. F\u00fcr weitere Reisetipps folge mir auf Instagram, Facebook &amp; Co. Mehr Infos zum Blog findest du hier: https:\/\/www.people-abroad.de\/blog\/pr-media\/. Kontakt: h.mueller@people-abroad.de","sameAs":["https:\/\/www.people-abroad.de\/blog\/","https:\/\/www.facebook.com\/menschen.international\/","https:\/\/www.instagram.com\/people.abroad\/","https:\/\/www.linkedin.com\/in\/muellerheiko\/","https:\/\/www.pinterest.de\/peopleabroad\/","https:\/\/x.com\/People_Abroad","https:\/\/www.youtube.com\/user\/MenschenInt"],"url":"https:\/\/www.people-abroad.de\/blog\/author\/admin\/"}]}},"_links":{"self":[{"href":"https:\/\/www.people-abroad.de\/blog\/wp-json\/wp\/v2\/posts\/16998","targetHints":{"allow":["GET"]}}],"collection":[{"href":"https:\/\/www.people-abroad.de\/blog\/wp-json\/wp\/v2\/posts"}],"about":[{"href":"https:\/\/www.people-abroad.de\/blog\/wp-json\/wp\/v2\/types\/post"}],"author":[{"embeddable":true,"href":"https:\/\/www.people-abroad.de\/blog\/wp-json\/wp\/v2\/users\/1"}],"replies":[{"embeddable":true,"href":"https:\/\/www.people-abroad.de\/blog\/wp-json\/wp\/v2\/comments?post=16998"}],"version-history":[{"count":4,"href":"https:\/\/www.people-abroad.de\/blog\/wp-json\/wp\/v2\/posts\/16998\/revisions"}],"predecessor-version":[{"id":24007,"href":"https:\/\/www.people-abroad.de\/blog\/wp-json\/wp\/v2\/posts\/16998\/revisions\/24007"}],"wp:attachment":[{"href":"https:\/\/www.people-abroad.de\/blog\/wp-json\/wp\/v2\/media?parent=16998"}],"wp:term":[{"taxonomy":"category","embeddable":true,"href":"https:\/\/www.people-abroad.de\/blog\/wp-json\/wp\/v2\/categories?post=16998"},{"taxonomy":"post_tag","embeddable":true,"href":"https:\/\/www.people-abroad.de\/blog\/wp-json\/wp\/v2\/tags?post=16998"}],"curies":[{"name":"wp","href":"https:\/\/api.w.org\/{rel}","templated":true}]}}