{"id":15935,"date":"2020-02-26T09:05:36","date_gmt":"2020-02-26T08:05:36","guid":{"rendered":"https:\/\/www.people-abroad.de\/blog\/?p=15935"},"modified":"2023-09-04T14:27:04","modified_gmt":"2023-09-04T12:27:04","slug":"bergen-norwegen","status":"publish","type":"post","link":"https:\/\/www.people-abroad.de\/blog\/bergen-norwegen\/","title":{"rendered":"Bergen: Das Tor zu den Fjorden in Norwegen"},"content":{"rendered":"<div id=\"ez-toc-container\" class=\"ez-toc-v2_0_82_2 counter-flat ez-toc-counter ez-toc-grey ez-toc-container-direction\">\n<div class=\"ez-toc-title-container\">\n<p class=\"ez-toc-title\" style=\"cursor:inherit\">Inhaltsverzeichnis<\/p>\n<span class=\"ez-toc-title-toggle\"><a href=\"#\" class=\"ez-toc-pull-right ez-toc-btn ez-toc-btn-xs ez-toc-btn-default ez-toc-toggle\" aria-label=\"Toggle Table of Content\"><span class=\"ez-toc-js-icon-con\"><span class=\"\"><span class=\"eztoc-hide\" style=\"display:none;\">Toggle<\/span><span class=\"ez-toc-icon-toggle-span\"><svg style=\"fill: #999;color:#999\" xmlns=\"http:\/\/www.w3.org\/2000\/svg\" class=\"list-377408\" width=\"20px\" height=\"20px\" viewBox=\"0 0 24 24\" fill=\"none\"><path d=\"M6 6H4v2h2V6zm14 0H8v2h12V6zM4 11h2v2H4v-2zm16 0H8v2h12v-2zM4 16h2v2H4v-2zm16 0H8v2h12v-2z\" fill=\"currentColor\"><\/path><\/svg><svg style=\"fill: #999;color:#999\" class=\"arrow-unsorted-368013\" xmlns=\"http:\/\/www.w3.org\/2000\/svg\" width=\"10px\" height=\"10px\" viewBox=\"0 0 24 24\" version=\"1.2\" baseProfile=\"tiny\"><path d=\"M18.2 9.3l-6.2-6.3-6.2 6.3c-.2.2-.3.4-.3.7s.1.5.3.7c.2.2.4.3.7.3h11c.3 0 .5-.1.7-.3.2-.2.3-.5.3-.7s-.1-.5-.3-.7zM5.8 14.7l6.2 6.3 6.2-6.3c.2-.2.3-.5.3-.7s-.1-.5-.3-.7c-.2-.2-.4-.3-.7-.3h-11c-.3 0-.5.1-.7.3-.2.2-.3.5-.3.7s.1.5.3.7z\"\/><\/svg><\/span><\/span><\/span><\/a><\/span><\/div>\n<nav><ul class='ez-toc-list ez-toc-list-level-1 eztoc-toggle-hide-by-default' ><li class='ez-toc-page-1'><a class=\"ez-toc-link ez-toc-heading-1\" href=\"https:\/\/www.people-abroad.de\/blog\/bergen-norwegen\/#Bergen_Sehenswuerdigkeiten_Highlights\" >Bergen Sehensw\u00fcrdigkeiten &amp; Highlights<\/a><\/li><li class='ez-toc-page-1'><a class=\"ez-toc-link ez-toc-heading-2\" href=\"https:\/\/www.people-abroad.de\/blog\/bergen-norwegen\/#Der_Hafen_von_Bergen\" >Der Hafen von Bergen<\/a><\/li><li class='ez-toc-page-1'><a class=\"ez-toc-link ez-toc-heading-3\" href=\"https:\/\/www.people-abroad.de\/blog\/bergen-norwegen\/#_Bryggen_Historische_Altstadt_Hanseviertel\" >\u00a0Bryggen | Historische Altstadt &amp; Hanseviertel<\/a><\/li><li class='ez-toc-page-1'><a class=\"ez-toc-link ez-toc-heading-4\" href=\"https:\/\/www.people-abroad.de\/blog\/bergen-norwegen\/#Bergenhus_Festning_Museum_%E2%80%93_Fortress\" >Bergenhus Festning Museum &#8211; Fortress<\/a><\/li><li class='ez-toc-page-1'><a class=\"ez-toc-link ez-toc-heading-5\" href=\"https:\/\/www.people-abroad.de\/blog\/bergen-norwegen\/#Der_Fischmarkt_in_Bergen\" >Der Fischmarkt in Bergen<\/a><\/li><li class='ez-toc-page-1'><a class=\"ez-toc-link ez-toc-heading-6\" href=\"https:\/\/www.people-abroad.de\/blog\/bergen-norwegen\/#Vagsbunnen_in_Bergen\" >V\u00e5gsbunnen in Bergen<\/a><\/li><li class='ez-toc-page-1'><a class=\"ez-toc-link ez-toc-heading-7\" href=\"https:\/\/www.people-abroad.de\/blog\/bergen-norwegen\/#Stadtpark_Byparken_Kode_Kunstmuseum\" >Stadtpark Byparken &amp; Kode Kunstmuseum<\/a><\/li><li class='ez-toc-page-1'><a class=\"ez-toc-link ez-toc-heading-8\" href=\"https:\/\/www.people-abroad.de\/blog\/bergen-norwegen\/#Weitere_Bergen_Sehenswuerdigkeiten_Highlights\" >Weitere Bergen Sehensw\u00fcrdigkeiten &amp; Highlights<\/a><\/li><\/ul><\/nav><\/div>\n<p><a href=\"https:\/\/www.people-abroad.de\/blog\/bergen-norwegen\/\"><img decoding=\"async\" class=\"alignleft wp-image-15974 size-full\" style=\"margin-bottom: 25px;\" src=\"https:\/\/www.people-abroad.de\/blog\/wp-content\/uploads\/2020\/02\/bergen-norwegen-22.jpg\" alt=\"Bergen Norwegen Norway Sehensw\u00fcrdigkeiten Tipps\" width=\"1000\" height=\"666\" srcset=\"https:\/\/www.people-abroad.de\/blog\/wp-content\/uploads\/2020\/02\/bergen-norwegen-22.jpg 1000w, https:\/\/www.people-abroad.de\/blog\/wp-content\/uploads\/2020\/02\/bergen-norwegen-22-300x200.jpg 300w, https:\/\/www.people-abroad.de\/blog\/wp-content\/uploads\/2020\/02\/bergen-norwegen-22-768x511.jpg 768w, https:\/\/www.people-abroad.de\/blog\/wp-content\/uploads\/2020\/02\/bergen-norwegen-22-400x266.jpg 400w\" sizes=\"(max-width: 1000px) 100vw, 1000px\" \/><\/a><\/p>\n<p>Bergen gilt als Tor zu den Fjorden in Norwegen und lohnt sich wegen der sch\u00f6nen Innenstadt, dem Hafen und der Altstadt Bryggen. Tipps f\u00fcr einen Stadtrundgang in Bergen im S\u00fcden Norwegens.<!--more--><\/p>\n<p>&nbsp;<\/p>\n<p>Mit etwa 268.000 Einwohnern ist Bergen die zweitgr\u00f6\u00dfte Stadt Norwegens. Die Hafenstadt im S\u00fcden Norwegens ist der Verwaltungssitz der Kommune Bergen sowie der Provinz Vestland. Bergen sollte man wegen der pulsierenden Innenstadt, dem malerischen Hafen und der historischen Altstadt Bryggen besuchen. Zudem hat die Stadt eine tolle geografische Lage direkt an der Westk\u00fcste Norwegens und ist bei Reisenden beliebt als Ausgangspunkt, um die Fjorde zu entdecken.<\/p>\n<h2><span class=\"ez-toc-section\" id=\"Bergen_Sehenswuerdigkeiten_Highlights\"><\/span>Bergen Sehensw\u00fcrdigkeiten &amp; Highlights<span class=\"ez-toc-section-end\"><\/span><\/h2>\n<p>Bergen hat mir auf Anhieb gefallen: Ein sehenswertes und \u00fcbersichtliches Stadtzentrum, das man gut zu Fu\u00df erkunden kann, dazu die entspannte Atmosph\u00e4re und das l\u00e4ssige Lebensgef\u00fchl der Menschen, wie man sie in den nordischen L\u00e4ndern kennt. Neben den tollen St\u00e4dten und den gro\u00dfartigen Landschaften sind dies vor allem die Gr\u00fcnde, warum es mich immer wieder in die nordischen L\u00e4nder zieht. Meine Tipps f\u00fcr einen Stadtrundgang in Bergen findest du hier:<\/p>\n<h2><span class=\"ez-toc-section\" id=\"Der_Hafen_von_Bergen\"><\/span>Der Hafen von Bergen<span class=\"ez-toc-section-end\"><\/span><\/h2>\n<p><img decoding=\"async\" class=\"alignleft wp-image-15970 size-full\" style=\"margin-bottom: 25px;\" src=\"https:\/\/www.people-abroad.de\/blog\/wp-content\/uploads\/2020\/02\/bergen-norwegen-19.jpg\" alt=\"Bergen Norwegen Norway Sehensw\u00fcrdigkeiten Tipps\" width=\"1000\" height=\"666\" srcset=\"https:\/\/www.people-abroad.de\/blog\/wp-content\/uploads\/2020\/02\/bergen-norwegen-19.jpg 1000w, https:\/\/www.people-abroad.de\/blog\/wp-content\/uploads\/2020\/02\/bergen-norwegen-19-300x200.jpg 300w, https:\/\/www.people-abroad.de\/blog\/wp-content\/uploads\/2020\/02\/bergen-norwegen-19-768x511.jpg 768w, https:\/\/www.people-abroad.de\/blog\/wp-content\/uploads\/2020\/02\/bergen-norwegen-19-400x266.jpg 400w\" sizes=\"(max-width: 1000px) 100vw, 1000px\" \/><\/p>\n<p>Beliebt und sehenswert sind die Stadtteilgebiete und Bereiche Engen, V\u00e5gsbunnen, Sentrum, Syndes, Strandsiden, V\u00e5gen und Bryggen. Fast alle davon befinden sich in Wassern\u00e4he bzw. westlich oder n\u00f6rdlich vom Bahnhof Bergen. Sch\u00f6n ist die Uferpromenade von Strandsiden mit den Booten, Caf\u00e9s und Restaurants.<\/p>\n<h2><span class=\"ez-toc-section\" id=\"_Bryggen_Historische_Altstadt_Hanseviertel\"><\/span>\u00a0Bryggen | Historische Altstadt &amp; Hanseviertel<span class=\"ez-toc-section-end\"><\/span><\/h2>\n<p><img decoding=\"async\" class=\"alignleft wp-image-15966 size-full\" style=\"margin-bottom: 25px;\" src=\"https:\/\/www.people-abroad.de\/blog\/wp-content\/uploads\/2020\/02\/bergen-norwegen-15.jpg\" alt=\"Bergen Norwegen Norway Bryggen Sehensw\u00fcrdigkeiten Tipps\" width=\"1000\" height=\"667\" srcset=\"https:\/\/www.people-abroad.de\/blog\/wp-content\/uploads\/2020\/02\/bergen-norwegen-15.jpg 1000w, https:\/\/www.people-abroad.de\/blog\/wp-content\/uploads\/2020\/02\/bergen-norwegen-15-300x200.jpg 300w, https:\/\/www.people-abroad.de\/blog\/wp-content\/uploads\/2020\/02\/bergen-norwegen-15-768x512.jpg 768w, https:\/\/www.people-abroad.de\/blog\/wp-content\/uploads\/2020\/02\/bergen-norwegen-15-400x267.jpg 400w\" sizes=\"(max-width: 1000px) 100vw, 1000px\" \/><\/p>\n<p>Bryggen, auch <a href=\"https:\/\/de.fjordnorway.com\/sehenswuerdigkeiten\/bryggen-in-bergen\">Tyske Brygge<\/a> genannt, ist der bei Reisenden beliebteste Teil von Bergen. Er ist das Herzst\u00fcck der Stadt, historisches Zentrum und gleichzeitig auch die lebendige Geschichte der Hanse in Norwegen. Fast alle H\u00e4user sind aus Holz gebaut und erstrahlen farbenfroh restauriert. Bryggen befindet sich an der Ostseite der Bucht V\u00e5gen.<\/p>\n<p><img decoding=\"async\" class=\"alignleft wp-image-15967 size-full\" style=\"margin-bottom: 25px;\" src=\"https:\/\/www.people-abroad.de\/blog\/wp-content\/uploads\/2020\/02\/bergen-norwegen-16.jpg\" alt=\"Bergen Bryggen Hanseviertel Altstadt\" width=\"1000\" height=\"667\" srcset=\"https:\/\/www.people-abroad.de\/blog\/wp-content\/uploads\/2020\/02\/bergen-norwegen-16.jpg 1000w, https:\/\/www.people-abroad.de\/blog\/wp-content\/uploads\/2020\/02\/bergen-norwegen-16-300x200.jpg 300w, https:\/\/www.people-abroad.de\/blog\/wp-content\/uploads\/2020\/02\/bergen-norwegen-16-768x512.jpg 768w, https:\/\/www.people-abroad.de\/blog\/wp-content\/uploads\/2020\/02\/bergen-norwegen-16-400x267.jpg 400w\" sizes=\"(max-width: 1000px) 100vw, 1000px\" \/><\/p>\n<p>Weil das Hanseviertel sehr beliebt ist, kann es in den Sommermonaten hier schon mal ziemlich voll werden. Bei meinem Besuch im Juni jedenfalls war, bei herrlichem Sommerwetter, sehr viel los. Trotzdem findet man in der Regel immer einen Platz in einem der vielen gem\u00fctlichen Caf\u00e9s oder Restaurants.<\/p>\n<p><img decoding=\"async\" class=\"alignleft wp-image-15973 size-full\" style=\"margin-bottom: 25px;\" src=\"https:\/\/www.people-abroad.de\/blog\/wp-content\/uploads\/2020\/02\/bergen-norwegen-21.jpg\" alt=\"Bergen Bryggen Hanseviertel Altstadt\" width=\"1000\" height=\"667\" srcset=\"https:\/\/www.people-abroad.de\/blog\/wp-content\/uploads\/2020\/02\/bergen-norwegen-21.jpg 1000w, https:\/\/www.people-abroad.de\/blog\/wp-content\/uploads\/2020\/02\/bergen-norwegen-21-300x200.jpg 300w, https:\/\/www.people-abroad.de\/blog\/wp-content\/uploads\/2020\/02\/bergen-norwegen-21-768x512.jpg 768w, https:\/\/www.people-abroad.de\/blog\/wp-content\/uploads\/2020\/02\/bergen-norwegen-21-400x267.jpg 400w\" sizes=\"(max-width: 1000px) 100vw, 1000px\" \/><\/p>\n<p>Im Hanseviertel Bryggen gibt es viele Gesch\u00e4fte und L\u00e4den sowie einige kleine Gallerien und K\u00fcnstler, die traditionelles Handwerk anbieten. Auch wenn man nichts kaufen m\u00f6chte, macht es dennoch Spa\u00df durch die engen Gassen zu bummeln und in den L\u00e4den zu st\u00f6bern.<\/p>\n<p><img decoding=\"async\" class=\"alignleft wp-image-15963 size-full\" style=\"margin-bottom: 25px;\" src=\"https:\/\/www.people-abroad.de\/blog\/wp-content\/uploads\/2020\/02\/bergen-norwegen-12.jpg\" alt=\"Bergen Bryggen Hanseviertel Altstadt\" width=\"1000\" height=\"667\" srcset=\"https:\/\/www.people-abroad.de\/blog\/wp-content\/uploads\/2020\/02\/bergen-norwegen-12.jpg 1000w, https:\/\/www.people-abroad.de\/blog\/wp-content\/uploads\/2020\/02\/bergen-norwegen-12-300x200.jpg 300w, https:\/\/www.people-abroad.de\/blog\/wp-content\/uploads\/2020\/02\/bergen-norwegen-12-768x512.jpg 768w, https:\/\/www.people-abroad.de\/blog\/wp-content\/uploads\/2020\/02\/bergen-norwegen-12-400x267.jpg 400w\" sizes=\"(max-width: 1000px) 100vw, 1000px\" \/><\/p>\n<p>Bryggen ist eng und verwinkelt ist gebaut, wodurch es urgem\u00fctlich ist und jede Menge Charme hat. Bergen wurde \u00fcbrigens 1070 gegr\u00fcndet und 1343 errichtete die Hanse dort eine erste Handelsniederlassung. Vor allem f\u00fcr Fisch aus dem Norden und Getreide aus dem Ostseeraum war die Stadt ein wichtiger Umschlagplatz.<\/p>\n<p><img decoding=\"async\" class=\"alignleft wp-image-15959 size-full\" style=\"margin-bottom: 25px;\" src=\"https:\/\/www.people-abroad.de\/blog\/wp-content\/uploads\/2020\/02\/bergen-norwegen-8.jpg\" alt=\"Bergen Bryggen Hanseviertel Altstadt\" width=\"1000\" height=\"666\" srcset=\"https:\/\/www.people-abroad.de\/blog\/wp-content\/uploads\/2020\/02\/bergen-norwegen-8.jpg 1000w, https:\/\/www.people-abroad.de\/blog\/wp-content\/uploads\/2020\/02\/bergen-norwegen-8-300x200.jpg 300w, https:\/\/www.people-abroad.de\/blog\/wp-content\/uploads\/2020\/02\/bergen-norwegen-8-768x511.jpg 768w, https:\/\/www.people-abroad.de\/blog\/wp-content\/uploads\/2020\/02\/bergen-norwegen-8-400x266.jpg 400w\" sizes=\"(max-width: 1000px) 100vw, 1000px\" \/><\/p>\n<p>Im Jahr 1702 wurde das Hanseviertel bei einem Brand fast vollst\u00e4ndig zerst\u00f6rt und danach wieder originalgetreu aufgebaut. Teilweise sind die H\u00e4user \u00fcber Treppen im 1. oder 2. Stock miteinander verbunden. Seit 1979 ist Bryggen \u00fcbrigens auch UNESCO-Weltkulturerbe.<\/p>\n<p><img decoding=\"async\" class=\"alignnone wp-image-31703 size-large\" src=\"https:\/\/www.people-abroad.de\/blog\/wp-content\/uploads\/2023\/08\/bergen-norwegen-vestland-3-1024x683.jpeg\" alt=\"Bergen Norwegen Norway Bryggen Sehensw\u00fcrdigkeiten Tipps\" width=\"1024\" height=\"683\" srcset=\"https:\/\/www.people-abroad.de\/blog\/wp-content\/uploads\/2023\/08\/bergen-norwegen-vestland-3-1024x683.jpeg 1024w, https:\/\/www.people-abroad.de\/blog\/wp-content\/uploads\/2023\/08\/bergen-norwegen-vestland-3-300x200.jpeg 300w, https:\/\/www.people-abroad.de\/blog\/wp-content\/uploads\/2023\/08\/bergen-norwegen-vestland-3-768x512.jpeg 768w, https:\/\/www.people-abroad.de\/blog\/wp-content\/uploads\/2023\/08\/bergen-norwegen-vestland-3.jpeg 1200w\" sizes=\"(max-width: 1024px) 100vw, 1024px\" \/><\/p>\n<p><img decoding=\"async\" class=\"alignnone wp-image-31705 size-large\" src=\"https:\/\/www.people-abroad.de\/blog\/wp-content\/uploads\/2023\/08\/bergen-norwegen-vestland-4-1024x683.jpeg\" alt=\"Bergen Norwegen Norway Bryggen Sehensw\u00fcrdigkeiten Tipps\" width=\"1024\" height=\"683\" srcset=\"https:\/\/www.people-abroad.de\/blog\/wp-content\/uploads\/2023\/08\/bergen-norwegen-vestland-4-1024x683.jpeg 1024w, https:\/\/www.people-abroad.de\/blog\/wp-content\/uploads\/2023\/08\/bergen-norwegen-vestland-4-300x200.jpeg 300w, https:\/\/www.people-abroad.de\/blog\/wp-content\/uploads\/2023\/08\/bergen-norwegen-vestland-4-768x512.jpeg 768w, https:\/\/www.people-abroad.de\/blog\/wp-content\/uploads\/2023\/08\/bergen-norwegen-vestland-4.jpeg 1200w\" sizes=\"(max-width: 1024px) 100vw, 1024px\" \/><\/p>\n<p><img decoding=\"async\" class=\"alignleft wp-image-15960 size-full\" style=\"margin-bottom: 25px;\" src=\"https:\/\/www.people-abroad.de\/blog\/wp-content\/uploads\/2020\/02\/bergen-norwegen-9.jpg\" alt=\"Hanse Z\u00fcnfte Norwegen Handwerk\" width=\"1000\" height=\"667\" srcset=\"https:\/\/www.people-abroad.de\/blog\/wp-content\/uploads\/2020\/02\/bergen-norwegen-9.jpg 1000w, https:\/\/www.people-abroad.de\/blog\/wp-content\/uploads\/2020\/02\/bergen-norwegen-9-300x200.jpg 300w, https:\/\/www.people-abroad.de\/blog\/wp-content\/uploads\/2020\/02\/bergen-norwegen-9-768x512.jpg 768w, https:\/\/www.people-abroad.de\/blog\/wp-content\/uploads\/2020\/02\/bergen-norwegen-9-400x267.jpg 400w\" sizes=\"(max-width: 1000px) 100vw, 1000px\" \/><\/p>\n<p>An einigen H\u00e4usern erkennt man die Z\u00fcnfte der Leute, die hier einst gewohnt haben. Vom Handwerker \u00fcber den Kaufmann bis hin zum Seefahrer. Und auch sonst gibt es jede Menge sch\u00f6ne Verzierungen und kleine Details aus Holz an den H\u00e4usern zu entdecken.<\/p>\n<p><img decoding=\"async\" class=\"alignleft wp-image-15961 size-full\" style=\"margin-bottom: 25px;\" src=\"https:\/\/www.people-abroad.de\/blog\/wp-content\/uploads\/2020\/02\/bergen-norwegen-10.jpg\" alt=\"Bryggen Hanse Altstadt Sehensw\u00fcrdigkeiten\" width=\"1000\" height=\"667\" srcset=\"https:\/\/www.people-abroad.de\/blog\/wp-content\/uploads\/2020\/02\/bergen-norwegen-10.jpg 1000w, https:\/\/www.people-abroad.de\/blog\/wp-content\/uploads\/2020\/02\/bergen-norwegen-10-300x200.jpg 300w, https:\/\/www.people-abroad.de\/blog\/wp-content\/uploads\/2020\/02\/bergen-norwegen-10-768x512.jpg 768w, https:\/\/www.people-abroad.de\/blog\/wp-content\/uploads\/2020\/02\/bergen-norwegen-10-400x267.jpg 400w\" sizes=\"(max-width: 1000px) 100vw, 1000px\" \/><\/p>\n<p>In den Gesch\u00e4ften und L\u00e4den in Bryggen gibt es typisch norwegische Souvenirs zu kaufen, wie beispielsweise warme Strickwaren, darunter auch die bekannten Norweger-Pullover, die man auf dem Foto im Hintergrund h\u00e4ngen sieht.<\/p>\n<h2><span class=\"ez-toc-section\" id=\"Bergenhus_Festning_Museum_%E2%80%93_Fortress\"><\/span>Bergenhus Festning Museum &#8211; Fortress<span class=\"ez-toc-section-end\"><\/span><\/h2>\n<p><img decoding=\"async\" class=\"alignleft wp-image-15962 size-full\" style=\"margin-bottom: 25px;\" src=\"https:\/\/www.people-abroad.de\/blog\/wp-content\/uploads\/2020\/02\/bergen-norwegen-11.jpg\" alt=\"Bergenhus Festning Festung Museum Fortress\" width=\"1000\" height=\"666\" srcset=\"https:\/\/www.people-abroad.de\/blog\/wp-content\/uploads\/2020\/02\/bergen-norwegen-11.jpg 1000w, https:\/\/www.people-abroad.de\/blog\/wp-content\/uploads\/2020\/02\/bergen-norwegen-11-300x200.jpg 300w, https:\/\/www.people-abroad.de\/blog\/wp-content\/uploads\/2020\/02\/bergen-norwegen-11-768x511.jpg 768w, https:\/\/www.people-abroad.de\/blog\/wp-content\/uploads\/2020\/02\/bergen-norwegen-11-400x266.jpg 400w\" sizes=\"(max-width: 1000px) 100vw, 1000px\" \/><\/p>\n<p>Die <a href=\"https:\/\/www.visitnorway.de\/reiseziele\/fjord-norwegen\/bergen\/listings-bergen\/das-festungsmuseum-bergenhus\/200277\/\">Festung Bergenhus<\/a> ist eine der \u00e4ltesten Festungen in Norwegen. Die Anlage stammt aus dem 12. Jahrhundert und wird heute teilweise noch von der norwegischen Armee genutzt. Das Bergenhus Festning Museum bietet Ausstellungen zur Geschichte und im Sommer finden drau\u00dfen Konzerte und kulturelle Veranstaltungen statt.<\/p>\n<h2><span class=\"ez-toc-section\" id=\"Der_Fischmarkt_in_Bergen\"><\/span>Der Fischmarkt in Bergen<span class=\"ez-toc-section-end\"><\/span><\/h2>\n<p><img decoding=\"async\" class=\"alignleft wp-image-15952 size-full\" style=\"margin-bottom: 25px;\" src=\"https:\/\/www.people-abroad.de\/blog\/wp-content\/uploads\/2020\/02\/bergen-norwegen-1.jpg\" alt=\"Fischmarkt Bergen\" width=\"1000\" height=\"666\" srcset=\"https:\/\/www.people-abroad.de\/blog\/wp-content\/uploads\/2020\/02\/bergen-norwegen-1.jpg 1000w, https:\/\/www.people-abroad.de\/blog\/wp-content\/uploads\/2020\/02\/bergen-norwegen-1-300x200.jpg 300w, https:\/\/www.people-abroad.de\/blog\/wp-content\/uploads\/2020\/02\/bergen-norwegen-1-768x511.jpg 768w, https:\/\/www.people-abroad.de\/blog\/wp-content\/uploads\/2020\/02\/bergen-norwegen-1-400x266.jpg 400w\" sizes=\"(max-width: 1000px) 100vw, 1000px\" \/><\/p>\n<p>Der Fischmarkt auf dem Torget liegt direkt am Hafen und damit auch im Zentrum der Stadt. Hier gibt es eine F\u00fclle an verschiedenen Fischsorten, Meeresfr\u00fcchten und alles, was den Fisch-Fan begeistert. Allerdings sind die Preise auch recht teuer.<\/p>\n<p><img decoding=\"async\" class=\"alignleft wp-image-15958 size-full\" style=\"margin-bottom: 25px;\" src=\"https:\/\/www.people-abroad.de\/blog\/wp-content\/uploads\/2020\/02\/bergen-norwegen-7.jpg\" alt=\"Fischmarkt Bergen\" width=\"1000\" height=\"667\" srcset=\"https:\/\/www.people-abroad.de\/blog\/wp-content\/uploads\/2020\/02\/bergen-norwegen-7.jpg 1000w, https:\/\/www.people-abroad.de\/blog\/wp-content\/uploads\/2020\/02\/bergen-norwegen-7-300x200.jpg 300w, https:\/\/www.people-abroad.de\/blog\/wp-content\/uploads\/2020\/02\/bergen-norwegen-7-768x512.jpg 768w, https:\/\/www.people-abroad.de\/blog\/wp-content\/uploads\/2020\/02\/bergen-norwegen-7-400x267.jpg 400w\" sizes=\"(max-width: 1000px) 100vw, 1000px\" \/><\/p>\n<p>Den Fischmarkt mag ich wegen seiner Atmosph\u00e4re und der bunten Mischung aus Trubel und Tradition. Au\u00dferdem hat man von hier aus auch den Blick auf den Hafen, Bryggen und die tolle Lage der Stadt, die von insgesamt sieben Bergen umrahmt wird.<\/p>\n<h2><span class=\"ez-toc-section\" id=\"Vagsbunnen_in_Bergen\"><\/span>V\u00e5gsbunnen in Bergen<span class=\"ez-toc-section-end\"><\/span><\/h2>\n<p><img decoding=\"async\" class=\"alignleft wp-image-15956 size-full\" style=\"margin-bottom: 25px;\" src=\"https:\/\/www.people-abroad.de\/blog\/wp-content\/uploads\/2020\/02\/bergen-norwegen-5.jpg\" alt=\"V\u00e5gsbunnen \" width=\"1000\" height=\"667\" srcset=\"https:\/\/www.people-abroad.de\/blog\/wp-content\/uploads\/2020\/02\/bergen-norwegen-5.jpg 1000w, https:\/\/www.people-abroad.de\/blog\/wp-content\/uploads\/2020\/02\/bergen-norwegen-5-300x200.jpg 300w, https:\/\/www.people-abroad.de\/blog\/wp-content\/uploads\/2020\/02\/bergen-norwegen-5-768x512.jpg 768w, https:\/\/www.people-abroad.de\/blog\/wp-content\/uploads\/2020\/02\/bergen-norwegen-5-400x267.jpg 400w\" sizes=\"(max-width: 1000px) 100vw, 1000px\" \/><\/p>\n<p>Gut gefallen hat mir zudem V\u00e5gsbunnen, der Bereich s\u00fcd\u00f6stlich vom Hanseviertel, welcher direkt an den Fischmarkt anschlie\u00dft. Hier gibt es kleine Altstadtgassen, Shops, Caf\u00e9s und Kneipen. Das Viertel lohnt sich f\u00fcr eine Entdeckungstour durch die engen und gem\u00fctlichen Gassen.<\/p>\n<p><img decoding=\"async\" class=\"alignleft wp-image-15953 size-full\" style=\"margin-bottom: 25px;\" src=\"https:\/\/www.people-abroad.de\/blog\/wp-content\/uploads\/2020\/02\/bergen-norwegen-2.jpg\" alt=\"V\u00e5gsbunnen\" width=\"1000\" height=\"667\" srcset=\"https:\/\/www.people-abroad.de\/blog\/wp-content\/uploads\/2020\/02\/bergen-norwegen-2.jpg 1000w, https:\/\/www.people-abroad.de\/blog\/wp-content\/uploads\/2020\/02\/bergen-norwegen-2-300x200.jpg 300w, https:\/\/www.people-abroad.de\/blog\/wp-content\/uploads\/2020\/02\/bergen-norwegen-2-768x512.jpg 768w, https:\/\/www.people-abroad.de\/blog\/wp-content\/uploads\/2020\/02\/bergen-norwegen-2-400x267.jpg 400w\" sizes=\"(max-width: 1000px) 100vw, 1000px\" \/><\/p>\n<p>\u00c4hnlich wie auch in Bryggen bietet dieser Teil von Bergen eine Mischung aus historischer und unaufgeregter Atmosph\u00e4re, in der es sich lohnt zu bummeln. Hierzu geh\u00f6rt f\u00fcr mich auch der Besuch von kleinen Gallerien und gem\u00fctlicher Caf\u00e9s.<\/p>\n<p><img decoding=\"async\" class=\"alignleft wp-image-15957 size-full\" style=\"margin-bottom: 25px;\" src=\"https:\/\/www.people-abroad.de\/blog\/wp-content\/uploads\/2020\/02\/bergen-norwegen-6.jpg\" alt=\"V\u00e5gsbunnen\" width=\"1000\" height=\"667\" srcset=\"https:\/\/www.people-abroad.de\/blog\/wp-content\/uploads\/2020\/02\/bergen-norwegen-6.jpg 1000w, https:\/\/www.people-abroad.de\/blog\/wp-content\/uploads\/2020\/02\/bergen-norwegen-6-300x200.jpg 300w, https:\/\/www.people-abroad.de\/blog\/wp-content\/uploads\/2020\/02\/bergen-norwegen-6-768x512.jpg 768w, https:\/\/www.people-abroad.de\/blog\/wp-content\/uploads\/2020\/02\/bergen-norwegen-6-400x267.jpg 400w\" sizes=\"(max-width: 1000px) 100vw, 1000px\" \/><\/p>\n<p>In direkter N\u00e4he befindet sich \u00fcbrigens auch die Steinkirche Korskirken, die Bergen Domkirke und das Lateraturhuset Bergen. Wenn man weiter in s\u00fcd\u00f6stlicher Richtung l\u00e4uft, dann kommt man in den Bereich Sentrum.<\/p>\n<h2><span class=\"ez-toc-section\" id=\"Stadtpark_Byparken_Kode_Kunstmuseum\"><\/span>Stadtpark Byparken &amp; Kode Kunstmuseum<span class=\"ez-toc-section-end\"><\/span><\/h2>\n<p><img decoding=\"async\" class=\"alignleft wp-image-15969 size-full\" style=\"margin-bottom: 25px;\" src=\"https:\/\/www.people-abroad.de\/blog\/wp-content\/uploads\/2020\/02\/bergen-norwegen-18.jpg\" alt=\"Julemarked Byparken\" width=\"1000\" height=\"665\" srcset=\"https:\/\/www.people-abroad.de\/blog\/wp-content\/uploads\/2020\/02\/bergen-norwegen-18.jpg 1000w, https:\/\/www.people-abroad.de\/blog\/wp-content\/uploads\/2020\/02\/bergen-norwegen-18-300x200.jpg 300w, https:\/\/www.people-abroad.de\/blog\/wp-content\/uploads\/2020\/02\/bergen-norwegen-18-768x511.jpg 768w, https:\/\/www.people-abroad.de\/blog\/wp-content\/uploads\/2020\/02\/bergen-norwegen-18-400x266.jpg 400w\" sizes=\"(max-width: 1000px) 100vw, 1000px\" \/><\/p>\n<p>In Sentrum befindet sich der Byparken (Stadtpark) mit der Evard Grieg Statue und der Lille Lungeg\u00e5rdsvannet See. Direkt am See befindet sich auch das <a href=\"http:\/\/kodebergen.no\/en\">Kode &#8211; Kunstmuseum Bergen<\/a>, eines der gr\u00f6\u00dften Museen f\u00fcr Kunst, Gestaltung, Design und Musik in den nordischen L\u00e4ndern.<\/p>\n<p><img decoding=\"async\" class=\"alignnone wp-image-31704 size-large\" src=\"https:\/\/www.people-abroad.de\/blog\/wp-content\/uploads\/2023\/08\/bergen-norwegen-vestland-1-1024x684.jpeg\" alt=\"Bergen Norwegen Norway Bryggen Sehensw\u00fcrdigkeiten Tipps\" width=\"1024\" height=\"684\" srcset=\"https:\/\/www.people-abroad.de\/blog\/wp-content\/uploads\/2023\/08\/bergen-norwegen-vestland-1-1024x684.jpeg 1024w, https:\/\/www.people-abroad.de\/blog\/wp-content\/uploads\/2023\/08\/bergen-norwegen-vestland-1-300x200.jpeg 300w, https:\/\/www.people-abroad.de\/blog\/wp-content\/uploads\/2023\/08\/bergen-norwegen-vestland-1-768x513.jpeg 768w, https:\/\/www.people-abroad.de\/blog\/wp-content\/uploads\/2023\/08\/bergen-norwegen-vestland-1.jpeg 1200w\" sizes=\"(max-width: 1024px) 100vw, 1024px\" \/><\/p>\n<p><img decoding=\"async\" class=\"alignleft wp-image-15954 size-full\" style=\"margin-bottom: 25px;\" src=\"https:\/\/www.people-abroad.de\/blog\/wp-content\/uploads\/2020\/02\/bergen-norwegen-3.jpg\" alt=\"Bergen Bryggen Altstadt Sehensw\u00fcrdigkeiten\" width=\"1000\" height=\"667\" srcset=\"https:\/\/www.people-abroad.de\/blog\/wp-content\/uploads\/2020\/02\/bergen-norwegen-3.jpg 1000w, https:\/\/www.people-abroad.de\/blog\/wp-content\/uploads\/2020\/02\/bergen-norwegen-3-300x200.jpg 300w, https:\/\/www.people-abroad.de\/blog\/wp-content\/uploads\/2020\/02\/bergen-norwegen-3-768x512.jpg 768w, https:\/\/www.people-abroad.de\/blog\/wp-content\/uploads\/2020\/02\/bergen-norwegen-3-400x267.jpg 400w\" sizes=\"(max-width: 1000px) 100vw, 1000px\" \/><\/p>\n<p>Zum Abschluss noch 5 Tipps f\u00fcr den Besuch in Bergen:<\/p>\n<h2><span class=\"ez-toc-section\" id=\"Weitere_Bergen_Sehenswuerdigkeiten_Highlights\"><\/span>Weitere Bergen Sehensw\u00fcrdigkeiten &amp; Highlights<span class=\"ez-toc-section-end\"><\/span><\/h2>\n<p>&#8211; Fl\u00f8yen: Aussichtspunkt mit toller Fernsicht, erreichbar \u00fcber die Standseilbahn<br \/>\n&#8211; Ulriken: Berggipfel mit Restaurant, erreichbar mit der Ulriksenbanen<br \/>\n&#8211; Gamle Bergen Museum: Freilichtmuseum mit rekonstruierter Stadt<br \/>\n&#8211; Edvard Grieg Museum Troldhaugen \u00fcber das Leben des Komponisten<br \/>\n&#8211; Hansemuseum und Sch\u00f6tstuben Bergen \u00fcber die Hanseaten<\/p>\n<p><img decoding=\"async\" class=\"alignnone wp-image-31702 size-large\" src=\"https:\/\/www.people-abroad.de\/blog\/wp-content\/uploads\/2023\/08\/bergen-norwegen-vestland-2-1024x683.jpeg\" alt=\"Bergen Norwegen Norway Bryggen Sehensw\u00fcrdigkeiten Tipps\" width=\"1024\" height=\"683\" srcset=\"https:\/\/www.people-abroad.de\/blog\/wp-content\/uploads\/2023\/08\/bergen-norwegen-vestland-2-1024x683.jpeg 1024w, https:\/\/www.people-abroad.de\/blog\/wp-content\/uploads\/2023\/08\/bergen-norwegen-vestland-2-300x200.jpeg 300w, https:\/\/www.people-abroad.de\/blog\/wp-content\/uploads\/2023\/08\/bergen-norwegen-vestland-2-768x512.jpeg 768w, https:\/\/www.people-abroad.de\/blog\/wp-content\/uploads\/2023\/08\/bergen-norwegen-vestland-2.jpeg 1200w\" sizes=\"(max-width: 1024px) 100vw, 1024px\" \/><\/p>\n<p>Weitere Infos f\u00fcr Norwegen findest du bei Timo auf <a href=\"https:\/\/fjordwelten.de\/\">Fjordwelten<\/a> und <a href=\"https:\/\/www.bruderleichtfuss.com\/\">Bruderleichtfuss.com<\/a>. Auf seinen Blogs bietet er ausf\u00fchrliche Tipps f\u00fcr verschiedene Regionen in Norwegen und f\u00fcr weitere L\u00e4nder. N\u00fctzliche Infos bietet u.a. seine Bergen-<a href=\"https:\/\/fjordwelten.de\/category\/reisefuehrer\/bergen\/\">\u00dcbersichtsseite<\/a> und der Artikel <a href=\"https:\/\/fjordwelten.de\/insidertipps-bergen\/\" target=\"_blank\" rel=\"nofollow noopener noreferrer\" shape=\"rect\">Insidertipps f\u00fcr Bergen<\/a>. Mehr \u00fcber den Auswanderer erf\u00e4hrst du hier:<a href=\"https:\/\/www.people-abroad.de\/blog\/norwegen-reiseblog-bruderleichtfuss\/\"> Timo Peters vom Norwegen-Blog Fjordwelten.de<\/a>.<\/p>\n<p>Falls du im Winter nach Norwegen f\u00e4hrst und die n\u00f6rdlichere Region des Landes einplanst, dann schau mal bei Andreas auf &#8222;Reisewut.com&#8220; vorbei. In einem Artikel gibt er gute Tipps zum <a href=\"https:\/\/www.reisewut.com\/polarlichter-fotografieren-island\/\">Polarlichter fotografieren<\/a>. Bei Sina auf &#8222;Ontourwithdogs&#8220; findest du zudem einen Artikel \u00fcber die <a href=\"https:\/\/ontourwithdogs.de\/norwegen\/faszination-suedkueste-norwegen\/\">Faszination S\u00fcdk\u00fcste Norwegen<\/a>.<\/p>\n<p>Weitere Artikel \u00fcber Skandinavien findest du hier:<br \/>\n<a href=\"https:\/\/www.people-abroad.de\/blog\/stockholm-staedtereise-tipps\/\">Stockholm: 10 Tipps f\u00fcr deine St\u00e4dtereise<\/a><br \/>\n<a href=\"https:\/\/www.people-abroad.de\/blog\/gotland-visby-tipps\/\">Gotland und Visby in Schweden entdecken<\/a><br \/>\n<a href=\"https:\/\/www.people-abroad.de\/blog\/skane-schweden-tipps\/\">Abenteuer-Expedition Skane in Schweden<\/a><br \/>\n<a href=\"https:\/\/www.people-abroad.de\/blog\/nationalpark-soederasen-tipps\/\">Waldbaden im Nationalpark S\u00f6derasen<\/a><br \/>\n<a href=\"https:\/\/www.people-abroad.de\/blog\/fanoe-daenemark-urlaub-ferienhaus\/\">Fan\u00f6 in D\u00e4nemark: Urlaub im Ferienhaus<\/a><br \/>\n<a href=\"https:\/\/www.people-abroad.de\/blog\/daenemark-urlaub-nordsee\/\">D\u00e4nemark Urlaub: Tipps f\u00fcr die Region Ribe<\/a><br \/>\n<a href=\"https:\/\/www.people-abroad.de\/blog\/helsinki-sehenswuerdigkeiten-tipps\/\">Helsinki Sehensw\u00fcrdigkeiten &amp; Highlights<\/a><br \/>\n<a href=\"https:\/\/www.people-abroad.de\/blog\/helsinki-im-winter-tipps\/\">Helsinki im Winter: Highlights &amp; Tipps<\/a><br \/>\n<a href=\"https:\/\/www.people-abroad.de\/blog\/island-entdecken-mit-dem-mietwagen\/\">Auf dem Golden Circle Island entdecken<\/a><br \/>\n<a href=\"https:\/\/www.people-abroad.de\/blog\/island-entdecken-mit-dem-mietwagen\/\">Roadtrip auf der Ringstra\u00dfe in Island<\/a><br \/>\n<a href=\"https:\/\/www.people-abroad.de\/blog\/reykjavik-tipps-sehenswuerdigkeiten\/\">Reykjavik Sehensw\u00fcrdigkeiten &amp; Tipps<\/a><\/p>\n<p><img decoding=\"async\" class=\"alignnone wp-image-16023 size-medium\" src=\"https:\/\/www.people-abroad.de\/blog\/wp-content\/uploads\/2020\/02\/01.07.2019-7-200x300.jpg\" alt=\"Tipps f\u00fcr Bergen in Norwegen #Bergen #Norwegen #Reiseinspirationen #Skandinavien #St\u00e4dtereise\" width=\"200\" height=\"300\" srcset=\"https:\/\/www.people-abroad.de\/blog\/wp-content\/uploads\/2020\/02\/01.07.2019-7-200x300.jpg 200w, https:\/\/www.people-abroad.de\/blog\/wp-content\/uploads\/2020\/02\/01.07.2019-7-683x1024.jpg 683w, https:\/\/www.people-abroad.de\/blog\/wp-content\/uploads\/2020\/02\/01.07.2019-7-267x400.jpg 267w, https:\/\/www.people-abroad.de\/blog\/wp-content\/uploads\/2020\/02\/01.07.2019-7.jpg 735w\" sizes=\"(max-width: 200px) 100vw, 200px\" \/><\/p>\n","protected":false},"excerpt":{"rendered":"<p>Bergen gilt als Tor zu den Fjorden in Norwegen und lohnt sich wegen der sch\u00f6nen Innenstadt, dem Hafen und der Altstadt Bryggen. Tipps f\u00fcr einen Stadtrundgang in Bergen im S\u00fcden Norwegens.<\/p>\n","protected":false},"author":1,"featured_media":0,"comment_status":"open","ping_status":"open","sticky":false,"template":"","format":"standard","meta":{"_monsterinsights_skip_tracking":false,"_monsterinsights_sitenote_active":false,"_monsterinsights_sitenote_note":"","_monsterinsights_sitenote_category":0,"footnotes":""},"categories":[33,1961],"tags":[2002],"class_list":["post-15935","post","type-post","status-publish","format-standard","hentry","category-europa","category-staedtereise","tag-skandinavien"],"yoast_head":"<!-- This site is optimized with the Yoast SEO plugin v27.5 - https:\/\/yoast.com\/product\/yoast-seo-wordpress\/ -->\n<title>Bergen: Das Tor zu den Fjorden in Norwegen - People Abroad<\/title>\n<meta name=\"description\" content=\"Bergen in Norwegen gilt auch als Tor zu den Fjorden: Bergen -Tipps und Sehensw\u00fcrdigkeiten f\u00fcr einen Bummel findest du in diesem Artikel.\" \/>\n<meta name=\"robots\" content=\"index, follow, max-snippet:-1, max-image-preview:large, max-video-preview:-1\" \/>\n<link rel=\"canonical\" href=\"https:\/\/www.people-abroad.de\/blog\/bergen-norwegen\/\" \/>\n<meta property=\"og:locale\" content=\"de_DE\" \/>\n<meta property=\"og:type\" content=\"article\" \/>\n<meta property=\"og:title\" content=\"Bergen: Das Tor zu den Fjorden in Norwegen - People Abroad\" \/>\n<meta property=\"og:description\" content=\"Bergen in Norwegen gilt auch als Tor zu den Fjorden: Bergen -Tipps und Sehensw\u00fcrdigkeiten f\u00fcr einen Bummel findest du in diesem Artikel.\" \/>\n<meta property=\"og:url\" content=\"https:\/\/www.people-abroad.de\/blog\/bergen-norwegen\/\" \/>\n<meta property=\"og:site_name\" content=\"People Abroad\" \/>\n<meta property=\"article:publisher\" content=\"https:\/\/www.facebook.com\/menschen.international\/\" \/>\n<meta property=\"article:author\" content=\"https:\/\/www.facebook.com\/menschen.international\/\" \/>\n<meta property=\"article:published_time\" content=\"2020-02-26T08:05:36+00:00\" \/>\n<meta property=\"article:modified_time\" content=\"2023-09-04T12:27:04+00:00\" \/>\n<meta property=\"og:image\" content=\"https:\/\/www.people-abroad.de\/blog\/wp-content\/uploads\/2020\/02\/bergen-norwegen-22.jpg\" \/>\n<meta name=\"author\" content=\"Heiko M\u00fcller\" \/>\n<meta name=\"twitter:card\" content=\"summary_large_image\" \/>\n<meta name=\"twitter:creator\" content=\"@People_Abroad\" \/>\n<meta name=\"twitter:site\" content=\"@People_Abroad\" \/>\n<meta name=\"twitter:label1\" content=\"Verfasst von\" \/>\n\t<meta name=\"twitter:data1\" content=\"Heiko M\u00fcller\" \/>\n\t<meta name=\"twitter:label2\" content=\"Gesch\u00e4tzte Lesezeit\" \/>\n\t<meta name=\"twitter:data2\" content=\"11\u00a0Minuten\" \/>\n<script type=\"application\/ld+json\" class=\"yoast-schema-graph\">{\"@context\":\"https:\\\/\\\/schema.org\",\"@graph\":[{\"@type\":\"Article\",\"@id\":\"https:\\\/\\\/www.people-abroad.de\\\/blog\\\/bergen-norwegen\\\/#article\",\"isPartOf\":{\"@id\":\"https:\\\/\\\/www.people-abroad.de\\\/blog\\\/bergen-norwegen\\\/\"},\"author\":{\"name\":\"Heiko M\u00fcller\",\"@id\":\"https:\\\/\\\/www.people-abroad.de\\\/blog\\\/#\\\/schema\\\/person\\\/2a518a154d93ee6cf0b146bc327329b3\"},\"headline\":\"Bergen: Das Tor zu den Fjorden in Norwegen\",\"datePublished\":\"2020-02-26T08:05:36+00:00\",\"dateModified\":\"2023-09-04T12:27:04+00:00\",\"mainEntityOfPage\":{\"@id\":\"https:\\\/\\\/www.people-abroad.de\\\/blog\\\/bergen-norwegen\\\/\"},\"wordCount\":1135,\"commentCount\":0,\"publisher\":{\"@id\":\"https:\\\/\\\/www.people-abroad.de\\\/blog\\\/#\\\/schema\\\/person\\\/2a518a154d93ee6cf0b146bc327329b3\"},\"image\":{\"@id\":\"https:\\\/\\\/www.people-abroad.de\\\/blog\\\/bergen-norwegen\\\/#primaryimage\"},\"thumbnailUrl\":\"https:\\\/\\\/www.people-abroad.de\\\/blog\\\/wp-content\\\/uploads\\\/2020\\\/02\\\/bergen-norwegen-22.jpg\",\"keywords\":[\"Skandinavien\"],\"articleSection\":[\"Europa\",\"St\u00e4dtereise\"],\"inLanguage\":\"de\",\"potentialAction\":[{\"@type\":\"CommentAction\",\"name\":\"Comment\",\"target\":[\"https:\\\/\\\/www.people-abroad.de\\\/blog\\\/bergen-norwegen\\\/#respond\"]}]},{\"@type\":\"WebPage\",\"@id\":\"https:\\\/\\\/www.people-abroad.de\\\/blog\\\/bergen-norwegen\\\/\",\"url\":\"https:\\\/\\\/www.people-abroad.de\\\/blog\\\/bergen-norwegen\\\/\",\"name\":\"Bergen: Das Tor zu den Fjorden in Norwegen - People Abroad\",\"isPartOf\":{\"@id\":\"https:\\\/\\\/www.people-abroad.de\\\/blog\\\/#website\"},\"primaryImageOfPage\":{\"@id\":\"https:\\\/\\\/www.people-abroad.de\\\/blog\\\/bergen-norwegen\\\/#primaryimage\"},\"image\":{\"@id\":\"https:\\\/\\\/www.people-abroad.de\\\/blog\\\/bergen-norwegen\\\/#primaryimage\"},\"thumbnailUrl\":\"https:\\\/\\\/www.people-abroad.de\\\/blog\\\/wp-content\\\/uploads\\\/2020\\\/02\\\/bergen-norwegen-22.jpg\",\"datePublished\":\"2020-02-26T08:05:36+00:00\",\"dateModified\":\"2023-09-04T12:27:04+00:00\",\"description\":\"Bergen in Norwegen gilt auch als Tor zu den Fjorden: Bergen -Tipps und Sehensw\u00fcrdigkeiten f\u00fcr einen Bummel findest du in diesem Artikel.\",\"breadcrumb\":{\"@id\":\"https:\\\/\\\/www.people-abroad.de\\\/blog\\\/bergen-norwegen\\\/#breadcrumb\"},\"inLanguage\":\"de\",\"potentialAction\":[{\"@type\":\"ReadAction\",\"target\":[\"https:\\\/\\\/www.people-abroad.de\\\/blog\\\/bergen-norwegen\\\/\"]}]},{\"@type\":\"ImageObject\",\"inLanguage\":\"de\",\"@id\":\"https:\\\/\\\/www.people-abroad.de\\\/blog\\\/bergen-norwegen\\\/#primaryimage\",\"url\":\"https:\\\/\\\/www.people-abroad.de\\\/blog\\\/wp-content\\\/uploads\\\/2020\\\/02\\\/bergen-norwegen-22.jpg\",\"contentUrl\":\"https:\\\/\\\/www.people-abroad.de\\\/blog\\\/wp-content\\\/uploads\\\/2020\\\/02\\\/bergen-norwegen-22.jpg\",\"width\":1000,\"height\":666},{\"@type\":\"BreadcrumbList\",\"@id\":\"https:\\\/\\\/www.people-abroad.de\\\/blog\\\/bergen-norwegen\\\/#breadcrumb\",\"itemListElement\":[{\"@type\":\"ListItem\",\"position\":1,\"name\":\"Startseite\",\"item\":\"https:\\\/\\\/www.people-abroad.de\\\/blog\\\/\"},{\"@type\":\"ListItem\",\"position\":2,\"name\":\"Bergen: Das Tor zu den Fjorden in Norwegen\"}]},{\"@type\":\"WebSite\",\"@id\":\"https:\\\/\\\/www.people-abroad.de\\\/blog\\\/#website\",\"url\":\"https:\\\/\\\/www.people-abroad.de\\\/blog\\\/\",\"name\":\"People Abroad\",\"description\":\"Reiseblog\",\"publisher\":{\"@id\":\"https:\\\/\\\/www.people-abroad.de\\\/blog\\\/#\\\/schema\\\/person\\\/2a518a154d93ee6cf0b146bc327329b3\"},\"potentialAction\":[{\"@type\":\"SearchAction\",\"target\":{\"@type\":\"EntryPoint\",\"urlTemplate\":\"https:\\\/\\\/www.people-abroad.de\\\/blog\\\/?s={search_term_string}\"},\"query-input\":{\"@type\":\"PropertyValueSpecification\",\"valueRequired\":true,\"valueName\":\"search_term_string\"}}],\"inLanguage\":\"de\"},{\"@type\":[\"Person\",\"Organization\"],\"@id\":\"https:\\\/\\\/www.people-abroad.de\\\/blog\\\/#\\\/schema\\\/person\\\/2a518a154d93ee6cf0b146bc327329b3\",\"name\":\"Heiko M\u00fcller\",\"logo\":{\"@id\":\"https:\\\/\\\/www.people-abroad.de\\\/blog\\\/#\\\/schema\\\/person\\\/image\\\/\"},\"description\":\"Ich bin Reiseblogger, Content Creator und Redakteur. Auf Reisen erkunde ich gerne neue Regionen, St\u00e4dte und Orte beim Fotografieren, Wandern und Radfahren. F\u00fcr weitere Reisetipps folge mir auf Instagram. Mehr Infos zum Blog findest du hier: https:\\\/\\\/www.people-abroad.de\\\/blog\\\/pr-media\\\/. Kontakt: h.mueller@people-abroad.de\",\"sameAs\":[\"https:\\\/\\\/www.people-abroad.de\\\/blog\\\/\",\"https:\\\/\\\/www.facebook.com\\\/menschen.international\\\/\",\"https:\\\/\\\/www.instagram.com\\\/people.abroad\\\/\",\"https:\\\/\\\/www.linkedin.com\\\/in\\\/muellerheiko\\\/\",\"https:\\\/\\\/www.pinterest.de\\\/peopleabroad\\\/\",\"https:\\\/\\\/x.com\\\/People_Abroad\",\"https:\\\/\\\/www.youtube.com\\\/user\\\/MenschenInt\"],\"url\":\"https:\\\/\\\/www.people-abroad.de\\\/blog\\\/author\\\/admin\\\/\"}]}<\/script>\n<!-- \/ Yoast SEO plugin. -->","yoast_head_json":{"title":"Bergen: Das Tor zu den Fjorden in Norwegen - People Abroad","description":"Bergen in Norwegen gilt auch als Tor zu den Fjorden: Bergen -Tipps und Sehensw\u00fcrdigkeiten f\u00fcr einen Bummel findest du in diesem Artikel.","robots":{"index":"index","follow":"follow","max-snippet":"max-snippet:-1","max-image-preview":"max-image-preview:large","max-video-preview":"max-video-preview:-1"},"canonical":"https:\/\/www.people-abroad.de\/blog\/bergen-norwegen\/","og_locale":"de_DE","og_type":"article","og_title":"Bergen: Das Tor zu den Fjorden in Norwegen - People Abroad","og_description":"Bergen in Norwegen gilt auch als Tor zu den Fjorden: Bergen -Tipps und Sehensw\u00fcrdigkeiten f\u00fcr einen Bummel findest du in diesem Artikel.","og_url":"https:\/\/www.people-abroad.de\/blog\/bergen-norwegen\/","og_site_name":"People Abroad","article_publisher":"https:\/\/www.facebook.com\/menschen.international\/","article_author":"https:\/\/www.facebook.com\/menschen.international\/","article_published_time":"2020-02-26T08:05:36+00:00","article_modified_time":"2023-09-04T12:27:04+00:00","og_image":[{"url":"https:\/\/www.people-abroad.de\/blog\/wp-content\/uploads\/2020\/02\/bergen-norwegen-22.jpg","type":"","width":"","height":""}],"author":"Heiko M\u00fcller","twitter_card":"summary_large_image","twitter_creator":"@People_Abroad","twitter_site":"@People_Abroad","twitter_misc":{"Verfasst von":"Heiko M\u00fcller","Gesch\u00e4tzte Lesezeit":"11\u00a0Minuten"},"schema":{"@context":"https:\/\/schema.org","@graph":[{"@type":"Article","@id":"https:\/\/www.people-abroad.de\/blog\/bergen-norwegen\/#article","isPartOf":{"@id":"https:\/\/www.people-abroad.de\/blog\/bergen-norwegen\/"},"author":{"name":"Heiko M\u00fcller","@id":"https:\/\/www.people-abroad.de\/blog\/#\/schema\/person\/2a518a154d93ee6cf0b146bc327329b3"},"headline":"Bergen: Das Tor zu den Fjorden in Norwegen","datePublished":"2020-02-26T08:05:36+00:00","dateModified":"2023-09-04T12:27:04+00:00","mainEntityOfPage":{"@id":"https:\/\/www.people-abroad.de\/blog\/bergen-norwegen\/"},"wordCount":1135,"commentCount":0,"publisher":{"@id":"https:\/\/www.people-abroad.de\/blog\/#\/schema\/person\/2a518a154d93ee6cf0b146bc327329b3"},"image":{"@id":"https:\/\/www.people-abroad.de\/blog\/bergen-norwegen\/#primaryimage"},"thumbnailUrl":"https:\/\/www.people-abroad.de\/blog\/wp-content\/uploads\/2020\/02\/bergen-norwegen-22.jpg","keywords":["Skandinavien"],"articleSection":["Europa","St\u00e4dtereise"],"inLanguage":"de","potentialAction":[{"@type":"CommentAction","name":"Comment","target":["https:\/\/www.people-abroad.de\/blog\/bergen-norwegen\/#respond"]}]},{"@type":"WebPage","@id":"https:\/\/www.people-abroad.de\/blog\/bergen-norwegen\/","url":"https:\/\/www.people-abroad.de\/blog\/bergen-norwegen\/","name":"Bergen: Das Tor zu den Fjorden in Norwegen - People Abroad","isPartOf":{"@id":"https:\/\/www.people-abroad.de\/blog\/#website"},"primaryImageOfPage":{"@id":"https:\/\/www.people-abroad.de\/blog\/bergen-norwegen\/#primaryimage"},"image":{"@id":"https:\/\/www.people-abroad.de\/blog\/bergen-norwegen\/#primaryimage"},"thumbnailUrl":"https:\/\/www.people-abroad.de\/blog\/wp-content\/uploads\/2020\/02\/bergen-norwegen-22.jpg","datePublished":"2020-02-26T08:05:36+00:00","dateModified":"2023-09-04T12:27:04+00:00","description":"Bergen in Norwegen gilt auch als Tor zu den Fjorden: Bergen -Tipps und Sehensw\u00fcrdigkeiten f\u00fcr einen Bummel findest du in diesem Artikel.","breadcrumb":{"@id":"https:\/\/www.people-abroad.de\/blog\/bergen-norwegen\/#breadcrumb"},"inLanguage":"de","potentialAction":[{"@type":"ReadAction","target":["https:\/\/www.people-abroad.de\/blog\/bergen-norwegen\/"]}]},{"@type":"ImageObject","inLanguage":"de","@id":"https:\/\/www.people-abroad.de\/blog\/bergen-norwegen\/#primaryimage","url":"https:\/\/www.people-abroad.de\/blog\/wp-content\/uploads\/2020\/02\/bergen-norwegen-22.jpg","contentUrl":"https:\/\/www.people-abroad.de\/blog\/wp-content\/uploads\/2020\/02\/bergen-norwegen-22.jpg","width":1000,"height":666},{"@type":"BreadcrumbList","@id":"https:\/\/www.people-abroad.de\/blog\/bergen-norwegen\/#breadcrumb","itemListElement":[{"@type":"ListItem","position":1,"name":"Startseite","item":"https:\/\/www.people-abroad.de\/blog\/"},{"@type":"ListItem","position":2,"name":"Bergen: Das Tor zu den Fjorden in Norwegen"}]},{"@type":"WebSite","@id":"https:\/\/www.people-abroad.de\/blog\/#website","url":"https:\/\/www.people-abroad.de\/blog\/","name":"People Abroad","description":"Reiseblog","publisher":{"@id":"https:\/\/www.people-abroad.de\/blog\/#\/schema\/person\/2a518a154d93ee6cf0b146bc327329b3"},"potentialAction":[{"@type":"SearchAction","target":{"@type":"EntryPoint","urlTemplate":"https:\/\/www.people-abroad.de\/blog\/?s={search_term_string}"},"query-input":{"@type":"PropertyValueSpecification","valueRequired":true,"valueName":"search_term_string"}}],"inLanguage":"de"},{"@type":["Person","Organization"],"@id":"https:\/\/www.people-abroad.de\/blog\/#\/schema\/person\/2a518a154d93ee6cf0b146bc327329b3","name":"Heiko M\u00fcller","logo":{"@id":"https:\/\/www.people-abroad.de\/blog\/#\/schema\/person\/image\/"},"description":"Ich bin Reiseblogger, Content Creator und Redakteur. Auf Reisen erkunde ich gerne neue Regionen, St\u00e4dte und Orte beim Fotografieren, Wandern und Radfahren. F\u00fcr weitere Reisetipps folge mir auf Instagram. Mehr Infos zum Blog findest du hier: https:\/\/www.people-abroad.de\/blog\/pr-media\/. Kontakt: h.mueller@people-abroad.de","sameAs":["https:\/\/www.people-abroad.de\/blog\/","https:\/\/www.facebook.com\/menschen.international\/","https:\/\/www.instagram.com\/people.abroad\/","https:\/\/www.linkedin.com\/in\/muellerheiko\/","https:\/\/www.pinterest.de\/peopleabroad\/","https:\/\/x.com\/People_Abroad","https:\/\/www.youtube.com\/user\/MenschenInt"],"url":"https:\/\/www.people-abroad.de\/blog\/author\/admin\/"}]}},"_links":{"self":[{"href":"https:\/\/www.people-abroad.de\/blog\/wp-json\/wp\/v2\/posts\/15935","targetHints":{"allow":["GET"]}}],"collection":[{"href":"https:\/\/www.people-abroad.de\/blog\/wp-json\/wp\/v2\/posts"}],"about":[{"href":"https:\/\/www.people-abroad.de\/blog\/wp-json\/wp\/v2\/types\/post"}],"author":[{"embeddable":true,"href":"https:\/\/www.people-abroad.de\/blog\/wp-json\/wp\/v2\/users\/1"}],"replies":[{"embeddable":true,"href":"https:\/\/www.people-abroad.de\/blog\/wp-json\/wp\/v2\/comments?post=15935"}],"version-history":[{"count":3,"href":"https:\/\/www.people-abroad.de\/blog\/wp-json\/wp\/v2\/posts\/15935\/revisions"}],"predecessor-version":[{"id":31945,"href":"https:\/\/www.people-abroad.de\/blog\/wp-json\/wp\/v2\/posts\/15935\/revisions\/31945"}],"wp:attachment":[{"href":"https:\/\/www.people-abroad.de\/blog\/wp-json\/wp\/v2\/media?parent=15935"}],"wp:term":[{"taxonomy":"category","embeddable":true,"href":"https:\/\/www.people-abroad.de\/blog\/wp-json\/wp\/v2\/categories?post=15935"},{"taxonomy":"post_tag","embeddable":true,"href":"https:\/\/www.people-abroad.de\/blog\/wp-json\/wp\/v2\/tags?post=15935"}],"curies":[{"name":"wp","href":"https:\/\/api.w.org\/{rel}","templated":true}]}}