{"id":14525,"date":"2019-12-05T09:15:43","date_gmt":"2019-12-05T08:15:43","guid":{"rendered":"https:\/\/www.people-abroad.de\/blog\/?p=14525"},"modified":"2026-01-29T12:58:16","modified_gmt":"2026-01-29T11:58:16","slug":"5-seidla-steig","status":"publish","type":"post","link":"https:\/\/www.people-abroad.de\/blog\/5-seidla-steig\/","title":{"rendered":"Der 5-Seidla-Steig\u00ae in der Fr\u00e4nkischen Schweiz"},"content":{"rendered":"<div id=\"ez-toc-container\" class=\"ez-toc-v2_0_82_2 counter-flat ez-toc-counter ez-toc-grey ez-toc-container-direction\">\n<div class=\"ez-toc-title-container\">\n<p class=\"ez-toc-title\" style=\"cursor:inherit\">Inhaltsverzeichnis<\/p>\n<span class=\"ez-toc-title-toggle\"><a href=\"#\" class=\"ez-toc-pull-right ez-toc-btn ez-toc-btn-xs ez-toc-btn-default ez-toc-toggle\" aria-label=\"Toggle Table of Content\"><span class=\"ez-toc-js-icon-con\"><span class=\"\"><span class=\"eztoc-hide\" style=\"display:none;\">Toggle<\/span><span class=\"ez-toc-icon-toggle-span\"><svg style=\"fill: #999;color:#999\" xmlns=\"http:\/\/www.w3.org\/2000\/svg\" class=\"list-377408\" width=\"20px\" height=\"20px\" viewBox=\"0 0 24 24\" fill=\"none\"><path d=\"M6 6H4v2h2V6zm14 0H8v2h12V6zM4 11h2v2H4v-2zm16 0H8v2h12v-2zM4 16h2v2H4v-2zm16 0H8v2h12v-2z\" fill=\"currentColor\"><\/path><\/svg><svg style=\"fill: #999;color:#999\" class=\"arrow-unsorted-368013\" xmlns=\"http:\/\/www.w3.org\/2000\/svg\" width=\"10px\" height=\"10px\" viewBox=\"0 0 24 24\" version=\"1.2\" baseProfile=\"tiny\"><path d=\"M18.2 9.3l-6.2-6.3-6.2 6.3c-.2.2-.3.4-.3.7s.1.5.3.7c.2.2.4.3.7.3h11c.3 0 .5-.1.7-.3.2-.2.3-.5.3-.7s-.1-.5-.3-.7zM5.8 14.7l6.2 6.3 6.2-6.3c.2-.2.3-.5.3-.7s-.1-.5-.3-.7c-.2-.2-.4-.3-.7-.3h-11c-.3 0-.5.1-.7.3-.2.2-.3.5-.3.7s.1.5.3.7z\"\/><\/svg><\/span><\/span><\/span><\/a><\/span><\/div>\n<nav><ul class='ez-toc-list ez-toc-list-level-1 eztoc-toggle-hide-by-default' ><li class='ez-toc-page-1'><a class=\"ez-toc-link ez-toc-heading-1\" href=\"https:\/\/www.people-abroad.de\/blog\/5-seidla-steig\/#Der_5-Seidla-Steig_in_der_Fraenkischen_Schweiz\" >Der 5-Seidla-Steig in der Fr\u00e4nkischen Schweiz<\/a><\/li><li class='ez-toc-page-1'><a class=\"ez-toc-link ez-toc-heading-2\" href=\"https:\/\/www.people-abroad.de\/blog\/5-seidla-steig\/#Unterwegs_auf_dem_Frankenweg\" >Unterwegs auf dem Frankenweg<\/a><\/li><li class='ez-toc-page-1'><a class=\"ez-toc-link ez-toc-heading-3\" href=\"https:\/\/www.people-abroad.de\/blog\/5-seidla-steig\/#Brautradition_in_Thuisbrunn\" >Brautradition in Thuisbrunn<\/a><\/li><li class='ez-toc-page-1'><a class=\"ez-toc-link ez-toc-heading-4\" href=\"https:\/\/www.people-abroad.de\/blog\/5-seidla-steig\/#Wander-_und_Naturerlebnis_5-Seidla-Steig\" >Wander- und Naturerlebnis 5-Seidla-Steig<\/a><\/li><li class='ez-toc-page-1'><a class=\"ez-toc-link ez-toc-heading-5\" href=\"https:\/\/www.people-abroad.de\/blog\/5-seidla-steig\/#Historisches_Genuss_in_Graefenberg\" >Historisches &amp; Genuss in Gr\u00e4fenberg<\/a><\/li><li class='ez-toc-page-1'><a class=\"ez-toc-link ez-toc-heading-6\" href=\"https:\/\/www.people-abroad.de\/blog\/5-seidla-steig\/#Pottenstein_Umgebung\" >Pottenstein &amp; Umgebung<\/a><\/li><li class='ez-toc-page-1'><a class=\"ez-toc-link ez-toc-heading-7\" href=\"https:\/\/www.people-abroad.de\/blog\/5-seidla-steig\/#Egloffstein_Umgebung\" >Egloffstein &amp; Umgebung<\/a><\/li><li class='ez-toc-page-1'><a class=\"ez-toc-link ez-toc-heading-8\" href=\"https:\/\/www.people-abroad.de\/blog\/5-seidla-steig\/#Uebernachtungstipp_Fraenkische_Schweiz\" >\u00dcbernachtungstipp Fr\u00e4nkische Schweiz<\/a><\/li><\/ul><\/nav><\/div>\n<p><a href=\"https:\/\/www.people-abroad.de\/blog\/5-seidla-steig\/\"><img decoding=\"async\" class=\"alignleft wp-image-14870 size-full\" style=\"margin-bottom: 25px;\" src=\"https:\/\/www.people-abroad.de\/blog\/wp-content\/uploads\/2019\/12\/5-seidla-steig-franken-11.jpg\" alt=\"5-Seidla-Steig Fr\u00e4nkische Schweiz Wandern\" width=\"1000\" height=\"667\" srcset=\"https:\/\/www.people-abroad.de\/blog\/wp-content\/uploads\/2019\/12\/5-seidla-steig-franken-11.jpg 1000w, https:\/\/www.people-abroad.de\/blog\/wp-content\/uploads\/2019\/12\/5-seidla-steig-franken-11-300x200.jpg 300w, https:\/\/www.people-abroad.de\/blog\/wp-content\/uploads\/2019\/12\/5-seidla-steig-franken-11-768x512.jpg 768w, https:\/\/www.people-abroad.de\/blog\/wp-content\/uploads\/2019\/12\/5-seidla-steig-franken-11-400x267.jpg 400w\" sizes=\"(max-width: 1000px) 100vw, 1000px\" \/><\/a><\/p>\n<p>[Werbung] Der 5-Seidla-Steig<em>\u00ae<\/em> in der Fr\u00e4nkischen Schweiz verbindet Wald- und Wiesenlandschaften mit lokalen Brauereien. Eine gute Kombination aus Wandern &amp; Genuss nach fr\u00e4nkischer Art.<!--more--><\/p>\n<p>&nbsp;<\/p>\n<p>Kooperation | Fr\u00e4nkische Schweiz<\/p>\n<p><em>F\u00fcnf-Seidla-Steig\u00ae ist eine eingetragene Marke der Brauereien Elchbr\u00e4u, Brauerei Hofmann, Lindenbr\u00e4u, Brauerei Friedmann und der Klosterbrauerei Wei\u00dfenohe.<\/em><\/p>\n<p>Die Fr\u00e4nkische Schweiz z\u00e4hlt zu den \u00e4ltesten Urlaubsgebieten Deutschlands. Das \u00fcberrascht nicht, denn hier gibt es romantische Burgen, historische Fachwerkh\u00e4user, zahlreiche M\u00fchlen, Fl\u00fcsse und B\u00e4che und vieles mehr zu erkunden. Auch die weitl\u00e4ufigen Mischw\u00e4lder, bewachsenen T\u00e4ler und steilen Felsw\u00e4nde locken Reisende aus Nah und Fern an.<\/p>\n<p>Bei meiner Reise in die Fr\u00e4nkische Schweiz in <a href=\"https:\/\/www.people-abroad.de\/blog\/regionen-reiseziele-sueddeutschland\/\">S\u00fcddeutschland<\/a> ist es Mitte Oktober. Die Bl\u00e4tter der Laubb\u00e4ume sind bunt gef\u00e4rbt und das Klima ist angenehm mild. In den W\u00e4ldern rund um Egloffstein riecht es erdig &amp; holzig und fr\u00fch morgens h\u00e4ngen noch Nebelf\u00e4den in den herbstlichen T\u00e4lern. F\u00fcr mich geh\u00f6ren diese Tage mit zu den sch\u00f6nsten des Jahres.<\/p>\n<p>In der Fr\u00e4nkischen Schweiz gibt es unendliche viele M\u00f6glichkeiten zum Wandern und Radfahren. Und bei den Wanderwegen stellt man fest, dass man hier in einer Region mit langer Tradition in der Brauereikunst ist: 13-Brauereien-Weg, Ahorntaler Brauereienweg, Bierquellen-Wanderweg und Brauereiwanderweg Heiligenstadt nennen sich die Pfade. Ich entscheide mich f\u00fcr den 5-Seidla-Steig und diesen Wanderweg m\u00f6chte ich dir nun vorstellen.<\/p>\n<p>Weitere Artikel \u00fcber Franken findest du hier:<br \/>\n<a href=\"https:\/\/www.people-abroad.de\/blog\/volkacher-mainschleife-franken\/\">Volkacher Mainschleife in Franken \u2013 Infos &amp; Tipps<\/a><br \/>\n<a href=\"https:\/\/www.people-abroad.de\/blog\/main-radweg-fraenkisches-weinland\/\">Der MainRadweg im Fr\u00e4nkischen Weinland<\/a><br \/>\n<a href=\"https:\/\/www.people-abroad.de\/blog\/ausflugsziele-franken\/\">Sch\u00f6ne Orte und Ausflugsziele in Franken<\/a><\/p>\n<h2><span class=\"ez-toc-section\" id=\"Der_5-Seidla-Steig_in_der_Fraenkischen_Schweiz\"><\/span>Der 5-Seidla-Steig in der Fr\u00e4nkischen Schweiz<span class=\"ez-toc-section-end\"><\/span><\/h2>\n<p><img decoding=\"async\" class=\"alignleft wp-image-14879 size-full\" style=\"margin-bottom: 25px;\" src=\"https:\/\/www.people-abroad.de\/blog\/wp-content\/uploads\/2019\/12\/5-seidla-steig-franken-20.jpg\" alt=\"Egloffstein Fr\u00e4nkische Schweiz Wandern\" width=\"1000\" height=\"667\" srcset=\"https:\/\/www.people-abroad.de\/blog\/wp-content\/uploads\/2019\/12\/5-seidla-steig-franken-20.jpg 1000w, https:\/\/www.people-abroad.de\/blog\/wp-content\/uploads\/2019\/12\/5-seidla-steig-franken-20-300x200.jpg 300w, https:\/\/www.people-abroad.de\/blog\/wp-content\/uploads\/2019\/12\/5-seidla-steig-franken-20-768x512.jpg 768w, https:\/\/www.people-abroad.de\/blog\/wp-content\/uploads\/2019\/12\/5-seidla-steig-franken-20-400x267.jpg 400w\" sizes=\"(max-width: 1000px) 100vw, 1000px\" \/><\/p>\n<p>Meine Wandertour starte ich im sch\u00f6nen Ort Egloffstein. F\u00fcr die komplette Wandertour sind der Bahnhof Wei\u00dfenohe, der Bahnhof Gr\u00e4fenberg oder Thuisbrunn gute Ausgangspunkte. Von Wei\u00dfenohe nach Thuisbrunn sind es rund 9 km, der R\u00fcckweg \u00fcber Neusles betr\u00e4gt 8,5 km. Nach Thuisbrunn ist die Anreise oder der R\u00fccktransfer mit dem <a href=\"https:\/\/www.vgn.de\/en\/activities\/bus-routes\/trubachtal-express\/\">Trubachtal-Express<\/a> m\u00f6glich. Da ich w\u00e4hrend meiner Reise in Egloffstein \u00fcbernachte, w\u00e4hle ich diesen Startpunkt.<\/p>\n<p><img decoding=\"async\" class=\"alignleft wp-image-14865 size-full\" style=\"margin-bottom: 25px;\" src=\"https:\/\/www.people-abroad.de\/blog\/wp-content\/uploads\/2019\/12\/5-seidla-steig-franken-6.jpg\" alt=\"Egloffstein Fr\u00e4nkische Schweiz Wandern\" width=\"1000\" height=\"667\" srcset=\"https:\/\/www.people-abroad.de\/blog\/wp-content\/uploads\/2019\/12\/5-seidla-steig-franken-6.jpg 1000w, https:\/\/www.people-abroad.de\/blog\/wp-content\/uploads\/2019\/12\/5-seidla-steig-franken-6-300x200.jpg 300w, https:\/\/www.people-abroad.de\/blog\/wp-content\/uploads\/2019\/12\/5-seidla-steig-franken-6-768x512.jpg 768w, https:\/\/www.people-abroad.de\/blog\/wp-content\/uploads\/2019\/12\/5-seidla-steig-franken-6-400x267.jpg 400w\" sizes=\"(max-width: 1000px) 100vw, 1000px\" \/><\/p>\n<p>Egloffstein ist ein idyllischer Luftkurort im oberfr\u00e4nkischen Landkreis Forchheim. Er liegt im Trubachtal in Hanglange unterhalb der gleichnamigen Burg und besitzt u.a. einige sch\u00f6ne Fachwerkh\u00e4user. Zudem ist er ein guter Startpunkt f\u00fcr Wander- und Radtouren in der Region.<\/p>\n<p><img decoding=\"async\" class=\"alignleft wp-image-14878 size-full\" style=\"margin-bottom: 25px;\" src=\"https:\/\/www.people-abroad.de\/blog\/wp-content\/uploads\/2019\/12\/5-seidla-steig-franken-19.jpg\" alt=\"5-Seidla-Steig Frankenweg Fr\u00e4nkische Schweiz Wandern\" width=\"1000\" height=\"667\" srcset=\"https:\/\/www.people-abroad.de\/blog\/wp-content\/uploads\/2019\/12\/5-seidla-steig-franken-19.jpg 1000w, https:\/\/www.people-abroad.de\/blog\/wp-content\/uploads\/2019\/12\/5-seidla-steig-franken-19-300x200.jpg 300w, https:\/\/www.people-abroad.de\/blog\/wp-content\/uploads\/2019\/12\/5-seidla-steig-franken-19-768x512.jpg 768w, https:\/\/www.people-abroad.de\/blog\/wp-content\/uploads\/2019\/12\/5-seidla-steig-franken-19-400x267.jpg 400w\" sizes=\"(max-width: 1000px) 100vw, 1000px\" \/><\/p>\n<p>Am s\u00fcdlichen Ortsausgang von Egloffstein sto\u00dfe ich auf den <a href=\"https:\/\/www.frankentourismus.de\/wege\/frankenweg-348\/?gclid=EAIaIQobChMI_4_o--ab5gIVTed3Ch11ew3vEAAYASAAEgIj6vD_BwE\">Frankenweg<\/a>. Dieser Fernwanderweg in Bayern ist rund 520 km lang und der erste Weitwanderweg in Deutschland, der das Zertifikat &#8222;Qualit\u00e4tsweg Wanderbares Deutschland&#8220; vom Verband Deutscher Gebirgs- und Wandervereine erhalten hat. Er f\u00fchrt vom Rennsteig bis zur Schw\u00e4bischen Alb.<\/p>\n<p><img decoding=\"async\" class=\"alignleft wp-image-14864 size-full\" style=\"margin-bottom: 25px;\" src=\"https:\/\/www.people-abroad.de\/blog\/wp-content\/uploads\/2019\/12\/5-seidla-steig-franken-5.jpg\" alt=\"5-Seidla-Steig Frankenweg Fr\u00e4nkische Schweiz Wandern\" width=\"1000\" height=\"667\" srcset=\"https:\/\/www.people-abroad.de\/blog\/wp-content\/uploads\/2019\/12\/5-seidla-steig-franken-5.jpg 1000w, https:\/\/www.people-abroad.de\/blog\/wp-content\/uploads\/2019\/12\/5-seidla-steig-franken-5-300x200.jpg 300w, https:\/\/www.people-abroad.de\/blog\/wp-content\/uploads\/2019\/12\/5-seidla-steig-franken-5-768x512.jpg 768w, https:\/\/www.people-abroad.de\/blog\/wp-content\/uploads\/2019\/12\/5-seidla-steig-franken-5-400x267.jpg 400w\" sizes=\"(max-width: 1000px) 100vw, 1000px\" \/><\/p>\n<p>Unter einem Bl\u00e4tterdach wandere ich auf dem Frankenweg weiter nach S\u00fcden in Richtung Thuisbrunn. Der Weg f\u00fchrt teilweise an kleinen Bachl\u00e4ufen vorbei und es geht mal bergauf, mal bergab.<\/p>\n<h2><span class=\"ez-toc-section\" id=\"Unterwegs_auf_dem_Frankenweg\"><\/span>Unterwegs auf dem Frankenweg<span class=\"ez-toc-section-end\"><\/span><\/h2>\n<p><img decoding=\"async\" class=\"alignleft wp-image-14870 size-full\" style=\"margin-bottom: 25px;\" src=\"https:\/\/www.people-abroad.de\/blog\/wp-content\/uploads\/2019\/12\/5-seidla-steig-franken-11.jpg\" alt=\"5-Seidla-Steig Frankenweg Fr\u00e4nkische Schweiz Wandern\" width=\"1000\" height=\"667\" srcset=\"https:\/\/www.people-abroad.de\/blog\/wp-content\/uploads\/2019\/12\/5-seidla-steig-franken-11.jpg 1000w, https:\/\/www.people-abroad.de\/blog\/wp-content\/uploads\/2019\/12\/5-seidla-steig-franken-11-300x200.jpg 300w, https:\/\/www.people-abroad.de\/blog\/wp-content\/uploads\/2019\/12\/5-seidla-steig-franken-11-768x512.jpg 768w, https:\/\/www.people-abroad.de\/blog\/wp-content\/uploads\/2019\/12\/5-seidla-steig-franken-11-400x267.jpg 400w\" sizes=\"(max-width: 1000px) 100vw, 1000px\" \/><\/p>\n<p>Dank der durchg\u00e4ngigen Beschilderung, auch sp\u00e4ter auf dem 5-Seidla-Steig, brauche ich meine Wanderkarte unterwegs nicht zur Orientierung. Weiter geht es auf dem weichen Waldboden, vorbei an saftigen Wiesen und weitl\u00e4ufigen Feldern.<\/p>\n<p><img decoding=\"async\" class=\"alignleft wp-image-14871 size-full\" style=\"margin-bottom: 25px;\" src=\"https:\/\/www.people-abroad.de\/blog\/wp-content\/uploads\/2019\/12\/5-seidla-steig-franken-12.jpg\" alt=\"5-Seidla-Steig Frankenweg Fr\u00e4nkische Schweiz Wandern\" width=\"1000\" height=\"666\" srcset=\"https:\/\/www.people-abroad.de\/blog\/wp-content\/uploads\/2019\/12\/5-seidla-steig-franken-12.jpg 1000w, https:\/\/www.people-abroad.de\/blog\/wp-content\/uploads\/2019\/12\/5-seidla-steig-franken-12-300x200.jpg 300w, https:\/\/www.people-abroad.de\/blog\/wp-content\/uploads\/2019\/12\/5-seidla-steig-franken-12-768x511.jpg 768w, https:\/\/www.people-abroad.de\/blog\/wp-content\/uploads\/2019\/12\/5-seidla-steig-franken-12-400x266.jpg 400w\" sizes=\"(max-width: 1000px) 100vw, 1000px\" \/><\/p>\n<p>Die Fr\u00e4nkische Schweiz ist gepr\u00e4gt von Kalk- und Dolomitfelsen des Wei\u00dfen Jura und sehr beliebt auch bei Kletterern. Zusammen mit der Herbstf\u00e4rbung der Laubb\u00e4ume erzeugen die Felsformationen zu dieser Jahreszeit ein tolles landschaftliches Bild.<\/p>\n<h2><span class=\"ez-toc-section\" id=\"Brautradition_in_Thuisbrunn\"><\/span>Brautradition in Thuisbrunn<span class=\"ez-toc-section-end\"><\/span><\/h2>\n<p><img decoding=\"async\" class=\"alignleft wp-image-14863 size-full\" style=\"margin-bottom: 25px;\" src=\"https:\/\/www.people-abroad.de\/blog\/wp-content\/uploads\/2019\/12\/5-seidla-steig-franken-4.jpg\" alt=\"Gasthof Seitz Brauerei Thuisbrunn\" width=\"1000\" height=\"667\" srcset=\"https:\/\/www.people-abroad.de\/blog\/wp-content\/uploads\/2019\/12\/5-seidla-steig-franken-4.jpg 1000w, https:\/\/www.people-abroad.de\/blog\/wp-content\/uploads\/2019\/12\/5-seidla-steig-franken-4-300x200.jpg 300w, https:\/\/www.people-abroad.de\/blog\/wp-content\/uploads\/2019\/12\/5-seidla-steig-franken-4-768x512.jpg 768w, https:\/\/www.people-abroad.de\/blog\/wp-content\/uploads\/2019\/12\/5-seidla-steig-franken-4-400x267.jpg 400w\" sizes=\"(max-width: 1000px) 100vw, 1000px\" \/><\/p>\n<p>Wenig sp\u00e4ter erreiche ich in Thuisbrunn den <a href=\"https:\/\/www.gasthof-seitz.de\/\">Gasthof Seitz &amp; Brauerei<\/a>. Die Brauerei des Gasthofs ist eine von f\u00fcnf Brauereien auf dem 5-Seidla-Steig. Hier lerne ich auch die Bedeutung des Begriffs &#8222;Seidla&#8220;: Es ist die Bezeichnung von Bierkrug, abgeleitet von lat. Situla f\u00fcr Eimer bzw. der Seitel ist die Ma\u00dfeinheit f\u00fcr einen halben Liter Bier.<\/p>\n<p><img decoding=\"async\" class=\"alignleft wp-image-14869 size-full\" style=\"margin-bottom: 25px;\" src=\"https:\/\/www.people-abroad.de\/blog\/wp-content\/uploads\/2019\/12\/5-seidla-steig-franken-10.jpg\" alt=\"Gasthof Seitz Brauerei Thuisbrunn\" width=\"1000\" height=\"667\" srcset=\"https:\/\/www.people-abroad.de\/blog\/wp-content\/uploads\/2019\/12\/5-seidla-steig-franken-10.jpg 1000w, https:\/\/www.people-abroad.de\/blog\/wp-content\/uploads\/2019\/12\/5-seidla-steig-franken-10-300x200.jpg 300w, https:\/\/www.people-abroad.de\/blog\/wp-content\/uploads\/2019\/12\/5-seidla-steig-franken-10-768x512.jpg 768w, https:\/\/www.people-abroad.de\/blog\/wp-content\/uploads\/2019\/12\/5-seidla-steig-franken-10-400x267.jpg 400w\" sizes=\"(max-width: 1000px) 100vw, 1000px\" \/><\/p>\n<p>Der Gasthof Seitz ist bekannt f\u00fcr sein Thuisbrunner Elch-Br\u00e4u, welches es als Pils, Dunkel und Weizen gibt. Inzwischen entstehen hier auch ein fr\u00e4nkischer Single Mal Whiskey sowie eine stattliche Anzahl an verschiedenen Obstbr\u00e4nden.<\/p>\n<p><img decoding=\"async\" class=\"alignleft wp-image-14876 size-full\" style=\"margin-bottom: 25px;\" src=\"https:\/\/www.people-abroad.de\/blog\/wp-content\/uploads\/2019\/12\/5-seidla-steig-franken-17.jpg\" alt=\"Elch-Whiskey Thuisbrunn\" width=\"1000\" height=\"666\" srcset=\"https:\/\/www.people-abroad.de\/blog\/wp-content\/uploads\/2019\/12\/5-seidla-steig-franken-17.jpg 1000w, https:\/\/www.people-abroad.de\/blog\/wp-content\/uploads\/2019\/12\/5-seidla-steig-franken-17-300x200.jpg 300w, https:\/\/www.people-abroad.de\/blog\/wp-content\/uploads\/2019\/12\/5-seidla-steig-franken-17-768x511.jpg 768w, https:\/\/www.people-abroad.de\/blog\/wp-content\/uploads\/2019\/12\/5-seidla-steig-franken-17-400x266.jpg 400w\" sizes=\"(max-width: 1000px) 100vw, 1000px\" \/><\/p>\n<p>Vom Bierhefe-, Bockbier- und Zwetschgen- bis hin zu Aprikosen- und Birnen-Brand reicht die Palette an hochprozentigen Erzeugnissen. Die rauchigen Elch-Whiskey-F\u00e4sser ziert jeweils ein Konterfei des gleichnamigen Namensgebers.<\/p>\n<p><img decoding=\"async\" class=\"alignleft wp-image-14862 size-full\" style=\"margin-bottom: 25px;\" src=\"https:\/\/www.people-abroad.de\/blog\/wp-content\/uploads\/2019\/12\/5-seidla-steig-franken-3.jpg\" alt=\"5-Seidla-Steig Frankenweg Fr\u00e4nkische Schweiz Wandern\" width=\"1000\" height=\"667\" srcset=\"https:\/\/www.people-abroad.de\/blog\/wp-content\/uploads\/2019\/12\/5-seidla-steig-franken-3.jpg 1000w, https:\/\/www.people-abroad.de\/blog\/wp-content\/uploads\/2019\/12\/5-seidla-steig-franken-3-300x200.jpg 300w, https:\/\/www.people-abroad.de\/blog\/wp-content\/uploads\/2019\/12\/5-seidla-steig-franken-3-768x512.jpg 768w, https:\/\/www.people-abroad.de\/blog\/wp-content\/uploads\/2019\/12\/5-seidla-steig-franken-3-400x267.jpg 400w\" sizes=\"(max-width: 1000px) 100vw, 1000px\" \/><\/p>\n<p>Nach einem z\u00fcnftigen Elch-Pils mit kleiner Brand-Verkostung setze ich die Wanderung noch etwas beschwingter fort und laufe auf dem 5-Seidla-Steig in Richtung Hohenschw\u00e4rz. Die Temperaturen sind mild und immer wieder mal zeigt sich die Sonne an diesem Tag.<\/p>\n<h2><span class=\"ez-toc-section\" id=\"Wander-_und_Naturerlebnis_5-Seidla-Steig\"><\/span>Wander- und Naturerlebnis 5-Seidla-Steig<span class=\"ez-toc-section-end\"><\/span><\/h2>\n<p><img decoding=\"async\" class=\"alignleft wp-image-14868 size-full\" style=\"margin-bottom: 25px;\" src=\"https:\/\/www.people-abroad.de\/blog\/wp-content\/uploads\/2019\/12\/5-seidla-steig-franken-9.jpg\" alt=\"5-Seidla-Steig Frankenweg Fr\u00e4nkische Schweiz Wandern\" width=\"1000\" height=\"667\" srcset=\"https:\/\/www.people-abroad.de\/blog\/wp-content\/uploads\/2019\/12\/5-seidla-steig-franken-9.jpg 1000w, https:\/\/www.people-abroad.de\/blog\/wp-content\/uploads\/2019\/12\/5-seidla-steig-franken-9-300x200.jpg 300w, https:\/\/www.people-abroad.de\/blog\/wp-content\/uploads\/2019\/12\/5-seidla-steig-franken-9-768x512.jpg 768w, https:\/\/www.people-abroad.de\/blog\/wp-content\/uploads\/2019\/12\/5-seidla-steig-franken-9-400x267.jpg 400w\" sizes=\"(max-width: 1000px) 100vw, 1000px\" \/><\/p>\n<p>Einige Teilst\u00fccke des Wanderweges f\u00fchren durch den Buch-Wald. Im Sommer ist es hier mit Sicherheit auch bei hei\u00dfen Temperaturen angenehm schattig. Im Herbst zeigt sich der Wald in seiner ganzen Farbenpracht, was toll anzuschauen ist.<\/p>\n<p><img decoding=\"async\" class=\"alignleft wp-image-14875 size-full\" style=\"margin-bottom: 25px;\" src=\"https:\/\/www.people-abroad.de\/blog\/wp-content\/uploads\/2019\/12\/5-seidla-steig-franken-16.jpg\" alt=\"5-Seidla-Steig Frankenweg Fr\u00e4nkische Schweiz Wandern\" width=\"1000\" height=\"667\" srcset=\"https:\/\/www.people-abroad.de\/blog\/wp-content\/uploads\/2019\/12\/5-seidla-steig-franken-16.jpg 1000w, https:\/\/www.people-abroad.de\/blog\/wp-content\/uploads\/2019\/12\/5-seidla-steig-franken-16-300x200.jpg 300w, https:\/\/www.people-abroad.de\/blog\/wp-content\/uploads\/2019\/12\/5-seidla-steig-franken-16-768x512.jpg 768w, https:\/\/www.people-abroad.de\/blog\/wp-content\/uploads\/2019\/12\/5-seidla-steig-franken-16-400x267.jpg 400w\" sizes=\"(max-width: 1000px) 100vw, 1000px\" \/><\/p>\n<p>F\u00fcr den 5-Seidla-Steig gibt es \u00fcbrigens auch <a href=\"https:\/\/www.fuenf-seidla-steig.de\/erleben-und-planen\/fuehrungen-fuer-gruppen\/\">F\u00fchrungen und Verkostungen f\u00fcr Gruppen<\/a>. Zudem gibt es Erlebnistouren und Tagesausfl\u00fcge wie den <a href=\"https:\/\/www.fuenf-seidla-steig.de\/erleben-und-planen\/aktuelles-und-tipps-fuer-tagesausfluege\/\">Bierigen Erlebnispfad<\/a>. Die Touren k\u00f6nnen entweder als Gruppenangebot gebucht oder individuell geplant werden.<\/p>\n<p><img decoding=\"async\" class=\"alignleft wp-image-14861 size-full\" style=\"margin-bottom: 25px;\" src=\"https:\/\/www.people-abroad.de\/blog\/wp-content\/uploads\/2019\/12\/5-seidla-steig-franken-2.jpg\" alt=\"5-Seidla-Steig Frankenweg Fr\u00e4nkische Schweiz Wandern\" width=\"1000\" height=\"666\" srcset=\"https:\/\/www.people-abroad.de\/blog\/wp-content\/uploads\/2019\/12\/5-seidla-steig-franken-2.jpg 1000w, https:\/\/www.people-abroad.de\/blog\/wp-content\/uploads\/2019\/12\/5-seidla-steig-franken-2-300x200.jpg 300w, https:\/\/www.people-abroad.de\/blog\/wp-content\/uploads\/2019\/12\/5-seidla-steig-franken-2-768x511.jpg 768w, https:\/\/www.people-abroad.de\/blog\/wp-content\/uploads\/2019\/12\/5-seidla-steig-franken-2-400x266.jpg 400w\" sizes=\"(max-width: 1000px) 100vw, 1000px\" \/><\/p>\n<p>Nach dem Buch-Wald geht es wieder \u00fcber weite Felder und gr\u00fcne Wiesen. Gr\u00e4fenberg, der Zielpunkt meiner Wanderung ist nicht mehr weit entfernt. Wenn man m\u00f6chte, kann man die Wanderung bis nach Wei\u00dfenohe fortsetzen und von dort aus zur\u00fcck wandern oder mit dem Bus wieder zum Ausgangspunkt fahren.<\/p>\n<h2><span class=\"ez-toc-section\" id=\"Historisches_Genuss_in_Graefenberg\"><\/span>Historisches &amp; Genuss in Gr\u00e4fenberg<span class=\"ez-toc-section-end\"><\/span><\/h2>\n<p><img decoding=\"async\" class=\"alignleft wp-image-14860 size-full\" style=\"margin-bottom: 25px;\" src=\"https:\/\/www.people-abroad.de\/blog\/wp-content\/uploads\/2019\/12\/5-seidla-steig-franken-1.jpg\" alt=\"Gr\u00e4fenberg 5-Seidla-Steig Frankenweg Fr\u00e4nkische Schweiz Wandern\" width=\"1000\" height=\"667\" srcset=\"https:\/\/www.people-abroad.de\/blog\/wp-content\/uploads\/2019\/12\/5-seidla-steig-franken-1.jpg 1000w, https:\/\/www.people-abroad.de\/blog\/wp-content\/uploads\/2019\/12\/5-seidla-steig-franken-1-300x200.jpg 300w, https:\/\/www.people-abroad.de\/blog\/wp-content\/uploads\/2019\/12\/5-seidla-steig-franken-1-768x512.jpg 768w, https:\/\/www.people-abroad.de\/blog\/wp-content\/uploads\/2019\/12\/5-seidla-steig-franken-1-400x267.jpg 400w\" sizes=\"(max-width: 1000px) 100vw, 1000px\" \/><\/p>\n<p><a href=\"https:\/\/www.graefenberg.de\/\">Gr\u00e4fenberg<\/a> ist ein idyllischer Ort mit einem sch\u00f6nen historischen Altstadtkern und beschaulichen Marktplatz. Der Ort ist das s\u00fcdliche Eingangstor zur Fr\u00e4nkischen Schweiz, hier verlief fr\u00fcher eine wichtige Salzhandelsstra\u00dfe. Durch eines von drei Stadttoren tritt man ein und befindet sich direkt zwischen den mittelalterlichen Geb\u00e4uden.<\/p>\n<p><img decoding=\"async\" class=\"alignleft wp-image-14866 size-full\" style=\"margin-bottom: 25px;\" src=\"https:\/\/www.people-abroad.de\/blog\/wp-content\/uploads\/2019\/12\/5-seidla-steig-franken-7.jpg\" alt=\"Gr\u00e4fenberg Fr\u00e4nkische Schweiz Wandern\" width=\"1000\" height=\"666\" srcset=\"https:\/\/www.people-abroad.de\/blog\/wp-content\/uploads\/2019\/12\/5-seidla-steig-franken-7.jpg 1000w, https:\/\/www.people-abroad.de\/blog\/wp-content\/uploads\/2019\/12\/5-seidla-steig-franken-7-300x200.jpg 300w, https:\/\/www.people-abroad.de\/blog\/wp-content\/uploads\/2019\/12\/5-seidla-steig-franken-7-768x511.jpg 768w, https:\/\/www.people-abroad.de\/blog\/wp-content\/uploads\/2019\/12\/5-seidla-steig-franken-7-400x266.jpg 400w\" sizes=\"(max-width: 1000px) 100vw, 1000px\" \/><\/p>\n<p>Historische Geb\u00e4ude, schmucke Fachwerkh\u00e4user und gem\u00fctliche Gastst\u00e4tten sind hier zu finden. Der Besuch von Gr\u00e4fenberg ist wie eine kleine Zeitreise ins Mittelalter. Neben dem historischen Rathaus, der Stadtmauer und dem Turmuhren-Museum kann man in und um Gr\u00e4fenberg u.a. noch die Kasberger Schlucht und den Teufelstisch, eine markante Felsformation, besuchen.<\/p>\n<p><img decoding=\"async\" class=\"alignleft wp-image-14874 size-full\" style=\"margin-bottom: 25px;\" src=\"https:\/\/www.people-abroad.de\/blog\/wp-content\/uploads\/2019\/12\/5-seidla-steig-franken-15.jpg\" alt=\"Lindenbr\u00e4u Gr\u00e4fenberg Fr\u00e4nkische Schweiz\" width=\"1000\" height=\"667\" srcset=\"https:\/\/www.people-abroad.de\/blog\/wp-content\/uploads\/2019\/12\/5-seidla-steig-franken-15.jpg 1000w, https:\/\/www.people-abroad.de\/blog\/wp-content\/uploads\/2019\/12\/5-seidla-steig-franken-15-300x200.jpg 300w, https:\/\/www.people-abroad.de\/blog\/wp-content\/uploads\/2019\/12\/5-seidla-steig-franken-15-768x512.jpg 768w, https:\/\/www.people-abroad.de\/blog\/wp-content\/uploads\/2019\/12\/5-seidla-steig-franken-15-400x267.jpg 400w\" sizes=\"(max-width: 1000px) 100vw, 1000px\" \/><\/p>\n<p>Zum Abschluss meiner Wanderung kehre ich ein im <a href=\"http:\/\/www.lindenbraeu.de\/\">Brauerei-Gasthof Lindenbr\u00e4u<\/a>. Ein bernsteinfarbenes fr\u00e4nkisches Vollbier mit einer z\u00fcnftigen Brotzeit ist der perfekte Ausklang f\u00fcr diesen Tag. Die Palette der Brauerei Lindenbr\u00e4u bietet feinherb gehopftes Pils, naturtr\u00fcbes Hefe, malzaromatisches Vollbier und viele weitere leckere Sorten urfr\u00e4nkischer Brautradition.<\/p>\n<p><img decoding=\"async\" class=\"alignleft wp-image-14873 size-full\" style=\"margin-bottom: 25px;\" src=\"https:\/\/www.people-abroad.de\/blog\/wp-content\/uploads\/2019\/12\/5-seidla-steig-franken-14.jpg\" alt=\"Lindenbr\u00e4u Gr\u00e4fenberg Brauerei Fr\u00e4nkische Schweiz\" width=\"1000\" height=\"666\" srcset=\"https:\/\/www.people-abroad.de\/blog\/wp-content\/uploads\/2019\/12\/5-seidla-steig-franken-14.jpg 1000w, https:\/\/www.people-abroad.de\/blog\/wp-content\/uploads\/2019\/12\/5-seidla-steig-franken-14-300x200.jpg 300w, https:\/\/www.people-abroad.de\/blog\/wp-content\/uploads\/2019\/12\/5-seidla-steig-franken-14-768x511.jpg 768w, https:\/\/www.people-abroad.de\/blog\/wp-content\/uploads\/2019\/12\/5-seidla-steig-franken-14-400x266.jpg 400w\" sizes=\"(max-width: 1000px) 100vw, 1000px\" \/><\/p>\n<p>Der Vollst\u00e4ndigkeit halber sei erw\u00e4hnt, dass zum 5-Seidla-Steig au\u00dferdem noch die Klosterbrauerei Wei\u00dfenohe, die <a href=\"https:\/\/www.friedmanns-braeustueberl.de\/\">Brauerei Friedmann<\/a> und die <a href=\"http:\/\/www.brauerei-hofmann.de\/\">Brauerei Hofmann<\/a> geh\u00f6ren. Es gibt dementsprechend also gen\u00fcgend Gr\u00fcnde f\u00fcr eine Einkehr auf dieser abwechslungsreichen Wanderung. \u00dcbrigens: Der j\u00e4hrliche musikalische Saisonauftakt zum Tag es Bieres im April sowie zahlreiche Feste im Jahreskalender der Region lohnen sich ebenfalls f\u00fcr eine Reise in die Fr\u00e4nkische Schweiz.<\/p>\n<p><img decoding=\"async\" class=\"alignleft wp-image-14867 size-full\" style=\"margin-bottom: 25px;\" src=\"https:\/\/www.people-abroad.de\/blog\/wp-content\/uploads\/2019\/12\/5-seidla-steig-franken-8.jpg\" alt=\"5-Seidla-Steig Frankenweg Fr\u00e4nkische Schweiz Wandern\" width=\"1000\" height=\"666\" srcset=\"https:\/\/www.people-abroad.de\/blog\/wp-content\/uploads\/2019\/12\/5-seidla-steig-franken-8.jpg 1000w, https:\/\/www.people-abroad.de\/blog\/wp-content\/uploads\/2019\/12\/5-seidla-steig-franken-8-300x200.jpg 300w, https:\/\/www.people-abroad.de\/blog\/wp-content\/uploads\/2019\/12\/5-seidla-steig-franken-8-768x511.jpg 768w, https:\/\/www.people-abroad.de\/blog\/wp-content\/uploads\/2019\/12\/5-seidla-steig-franken-8-400x266.jpg 400w\" sizes=\"(max-width: 1000px) 100vw, 1000px\" \/><\/p>\n<h2><\/h2>\n<p>Abschlie\u00dfend m\u00f6chte ich dir noch zwei sch\u00f6ne Orte vorstellen, die sich f\u00fcr einen Besuch lohnen, wenn man in der Region ist.<\/p>\n<h2><span class=\"ez-toc-section\" id=\"Pottenstein_Umgebung\"><\/span>Pottenstein &amp; Umgebung<span class=\"ez-toc-section-end\"><\/span><\/h2>\n<p><img decoding=\"async\" class=\"alignnone wp-image-14947 size-full\" src=\"https:\/\/www.people-abroad.de\/blog\/wp-content\/uploads\/2019\/12\/fraenkische-schweiz-pottenstein-egloffstein-14.jpg\" alt=\"Pottenstein Fr\u00e4nkische Schweiz\" width=\"1000\" height=\"667\" srcset=\"https:\/\/www.people-abroad.de\/blog\/wp-content\/uploads\/2019\/12\/fraenkische-schweiz-pottenstein-egloffstein-14.jpg 1000w, https:\/\/www.people-abroad.de\/blog\/wp-content\/uploads\/2019\/12\/fraenkische-schweiz-pottenstein-egloffstein-14-300x200.jpg 300w, https:\/\/www.people-abroad.de\/blog\/wp-content\/uploads\/2019\/12\/fraenkische-schweiz-pottenstein-egloffstein-14-768x512.jpg 768w, https:\/\/www.people-abroad.de\/blog\/wp-content\/uploads\/2019\/12\/fraenkische-schweiz-pottenstein-egloffstein-14-400x267.jpg 400w\" sizes=\"(max-width: 1000px) 100vw, 1000px\" \/><\/p>\n<p><a href=\"https:\/\/www.people-abroad.de\/blog\/pottenstein-fraenkische-schweiz\/\">Pottenstein<\/a> ist bekannt f\u00fcr seine idylische Lage zwischen wundersch\u00f6nen Felsformationen mitten in der Fr\u00e4nkischen Schweiz. Der Luftkurort im Landkreis Bayreuth wird aus diesem Grund auch als Felsenst\u00e4dtchen bezeichnet. Auf einem Felsmassiv thront \u00fcber dem Ort erhaben die Burg Pottenstein mit ihrer 1.000-j\u00e4hrigen Historie. Hier kann man auf Zeitreise gehen ins Mittelalter und auf den Spuren des Pfalzgrafen Botho von Pottenstein wandeln.<\/p>\n<p>Die Sehensw\u00fcrdigkeiten in Pottenstein und der unmittelbaren Umgebung sind als\u00a0Pottensteiner Erlebniswelt zusammengefasst. Insgesamt 21 familientaugliche Freizeitangebote gibt es, von Naturbegegnungen bis hin zu Kulturangeboten. Zum \u201cErlebnisfelsen Pottenstein\u201d geh\u00f6ren auch der imposante Skywalk, die Sommerrodelbahn und der Hexenbesen.<\/p>\n<p>Die unterirdische Wunderwelt der\u00a0Pottensteiner Teufelsh\u00f6hle beeindruckt alleine schon durch ihre Gr\u00f6\u00dfe. Mit einer Gesamtl\u00e4nge von 3.000 Metern, von denen man die H\u00e4lfte zu Fu\u00df erkunden kann, ist sie die gr\u00f6\u00dfter der rund 1.000 H\u00f6hlen in der Fr\u00e4nkischen Schweiz.<\/p>\n<h2><span class=\"ez-toc-section\" id=\"Egloffstein_Umgebung\"><\/span>Egloffstein &amp; Umgebung<span class=\"ez-toc-section-end\"><\/span><\/h2>\n<p><img decoding=\"async\" class=\"alignnone wp-image-14945 size-full\" src=\"https:\/\/www.people-abroad.de\/blog\/wp-content\/uploads\/2019\/12\/fraenkische-schweiz-pottenstein-egloffstein-12.jpg\" alt=\"Egloffstein Fr\u00e4nkische Schweiz\" width=\"1000\" height=\"667\" srcset=\"https:\/\/www.people-abroad.de\/blog\/wp-content\/uploads\/2019\/12\/fraenkische-schweiz-pottenstein-egloffstein-12.jpg 1000w, https:\/\/www.people-abroad.de\/blog\/wp-content\/uploads\/2019\/12\/fraenkische-schweiz-pottenstein-egloffstein-12-300x200.jpg 300w, https:\/\/www.people-abroad.de\/blog\/wp-content\/uploads\/2019\/12\/fraenkische-schweiz-pottenstein-egloffstein-12-768x512.jpg 768w, https:\/\/www.people-abroad.de\/blog\/wp-content\/uploads\/2019\/12\/fraenkische-schweiz-pottenstein-egloffstein-12-400x267.jpg 400w\" sizes=\"(max-width: 1000px) 100vw, 1000px\" \/><\/p>\n<p><a href=\"https:\/\/www.egloffstein.de\/\">Egloffstein<\/a> ist ein idyllischer Luftkurort im oberfr\u00e4nkischen Landkreis Forchheim. Er liegt im Trubachtal in Hanglange unterhalb der gleichnamigen Burg und besitzt u.a. einige wundersch\u00f6ne Fachwerkh\u00e4user. Zudem ist er ein guter Startpunkt f\u00fcr Wander- und Radtouren in der Region. Dieses Foto ist fr\u00fch am Morgen entstanden. Der Nebel im Tal lichtete sich langsam und ich konnte bei meinem Spaziergang die Bezeichnung \u201cRomantische Fr\u00e4nkische Schweiz\u201d sehr gut nachvollziehen. Vom Tal aus hat man an vielen Stellen einen sch\u00f6nen Blick auf die Burg Egloffstein.<\/p>\n<h2><span class=\"ez-toc-section\" id=\"Uebernachtungstipp_Fraenkische_Schweiz\"><\/span>\u00dcbernachtungstipp Fr\u00e4nkische Schweiz<span class=\"ez-toc-section-end\"><\/span><\/h2>\n<p><img decoding=\"async\" class=\"alignleft wp-image-14872 size-full\" style=\"margin-bottom: 25px;\" src=\"https:\/\/www.people-abroad.de\/blog\/wp-content\/uploads\/2019\/12\/5-seidla-steig-franken-13.jpg\" alt=\"Pension M\u00fchle Egloffstein Fr\u00e4nkische Schweiz \u00dcbernachten \" width=\"1000\" height=\"667\" srcset=\"https:\/\/www.people-abroad.de\/blog\/wp-content\/uploads\/2019\/12\/5-seidla-steig-franken-13.jpg 1000w, https:\/\/www.people-abroad.de\/blog\/wp-content\/uploads\/2019\/12\/5-seidla-steig-franken-13-300x200.jpg 300w, https:\/\/www.people-abroad.de\/blog\/wp-content\/uploads\/2019\/12\/5-seidla-steig-franken-13-768x512.jpg 768w, https:\/\/www.people-abroad.de\/blog\/wp-content\/uploads\/2019\/12\/5-seidla-steig-franken-13-400x267.jpg 400w\" sizes=\"(max-width: 1000px) 100vw, 1000px\" \/><\/p>\n<p>W\u00e4hrend meiner Reise in die Fr\u00e4nkische Schweiz habe ich in der <a href=\"http:\/\/www.pension-muehle.com\/\">Pension M\u00fchle<\/a> in Egloffstein \u00fcbernachtet. Das Haus war fr\u00fcher eine der M\u00fchlen im romantischen Tal der forellenreichen Trubach. Heute bietet die Pension von Michael Wirth und seiner Familie gem\u00fctlich eingerichtete G\u00e4stezimmer und familienfreundliche Ferienwohnungen. Im Haus ist auch ein kleines M\u00fchlenmuseum eingerichtet. Zudem bietet die Unterkunft einen Garten sowie Sauna, Solarium, Tischtennis, Kicker, Grillplatz und Fahrradverleih.<\/p>\n<p><em><strong>Werbehinweis:<\/strong> Dieser Artikel entstand in Zusammenarbeit mit der <a href=\"https:\/\/www.fraenkische-schweiz.com\/de\/\">Tourismuszentrale Fr\u00e4nkische Schweiz<\/a>. Ich gehe gerne Kooperationen ein, meine pers\u00f6nliche Meinung wird davon aber nicht beeinflusst.<br \/>\n<\/em><\/p>\n<p>Dieser Artikel ist Teil der Blogparade von Andrea vom Reiseblog &#8222;Indigoblau&#8220; mit dem Thema Ab nach drau\u00dfen &#8211; auch im Winter! Die Wanderung habe ich zwar im Sp\u00e4therbst gemacht, sie eignet sich nat\u00fcrlich auch als Winterwanderung. Falls man in einer der Brauereien einkehren m\u00f6chte, sollte man sich evtl. vorher nach den \u00d6ffnungszeiten erkundigen. In der Blogparade von Andrea findet ihr weitere tolle Tipp, warum es sich auch im Winter lohnt nach drau\u00dfen zu gehen.<\/p>\n<p>Von Hubert findest du auf\u00a0 &#8222;Travellerblog&#8220; einen weiteren Wandertipp f\u00fcr die Region: <a href=\"https:\/\/travellerblog.eu\/fraenkischer-brauereiwanderweg-bierwandern-von-waischenfeld-nach-aufsess\">Fr\u00e4nkischer Brauereiwanderweg &#8211; Bierwandern von Waischenfeld nach Aufsess<\/a>.<\/p>\n<p>Wenn dir dieser Artikel gefallen hat, k\u00f6nnten dich evtl. auch diese Artikel interessieren:<br \/>\n<a href=\"https:\/\/www.people-abroad.de\/blog\/rothenburg-ob-der-tauber-sehenswuerdigkeiten\/\">Rothenburg ob der Tauber: Sehensw\u00fcrdigkeiten &amp; Tipps<\/a><br \/>\n<a href=\"https:\/\/www.people-abroad.de\/blog\/bad-kissingen-sehenswuerdigkeiten\/\">Bad Kissingen Sehensw\u00fcrdigkeiten \u2013 Highlights &amp; Tipps<\/a><br \/>\n<a href=\"https:\/\/www.people-abroad.de\/blog\/hammelburg-fraenkische-saale\/\">Hammelburg und die Fr\u00e4nkische Saale entdecken<\/a><br \/>\n<a href=\"https:\/\/www.people-abroad.de\/blog\/straubing-sehenswuerdigkeiten\/\" rel=\"bookmark\">Straubing Sehensw\u00fcrdigkeiten \u2013 Highlights &amp; Tipps<\/a><br \/>\n<a href=\"https:\/\/www.people-abroad.de\/blog\/ausflugsziele-franken\/\">Sch\u00f6ne Orte und Ausflugsziele in Franken<\/a><br \/>\n<a href=\"https:\/\/www.people-abroad.de\/blog\/sommerrodelbahn-pottenstein-erlebnisfelsen\/\">Sommerrodelbahn Pottenstein &amp; Erlebnisfelsen<\/a><br \/>\n<a href=\"https:\/\/www.people-abroad.de\/blog\/wuerzburg-sehenswuerdigkeiten\/\">W\u00fcrzburg: Sehensw\u00fcrdigkeiten &amp; Highlights<\/a><br \/>\n<a href=\"https:\/\/www.people-abroad.de\/blog\/volkacher-mainschleife-franken\/\">Volkacher Mainschleife in Franken &#8211; Infos &amp; Tipps<\/a><br \/>\n<a href=\"https:\/\/www.people-abroad.de\/blog\/suedschwarzwald-wandern-ibach\/\">S\u00fcdschwarzwald: Wandern mit Blick auf Ibach<\/a><br \/>\n<a href=\"https:\/\/www.people-abroad.de\/blog\/hochschwarzwald-lebkuechlerweg-geissenpfad\/\">Hochschwarzwald: Lebk\u00fcchlerweg &amp; Gei\u00dfenpfad<\/a><br \/>\n<a href=\"https:\/\/www.people-abroad.de\/blog\/pfaelzer-wald-urlaub\/\">Pf\u00e4lzerwald: Burgen, Felsen, Wanderwege<\/a><\/p>\n<p><img decoding=\"async\" class=\"alignnone wp-image-15167 size-medium\" src=\"https:\/\/www.people-abroad.de\/blog\/wp-content\/uploads\/2019\/12\/01.07.2019-3-200x300.jpg\" alt=\"Werbung \/ Der 5-Seidla-Steig in der Fr\u00e4nkischen Schweiz #Reiseinspirationen #Wandern #Deutschland #Bayern #Reise\" width=\"200\" height=\"300\" srcset=\"https:\/\/www.people-abroad.de\/blog\/wp-content\/uploads\/2019\/12\/01.07.2019-3-200x300.jpg 200w, https:\/\/www.people-abroad.de\/blog\/wp-content\/uploads\/2019\/12\/01.07.2019-3-683x1024.jpg 683w, https:\/\/www.people-abroad.de\/blog\/wp-content\/uploads\/2019\/12\/01.07.2019-3-267x400.jpg 267w, https:\/\/www.people-abroad.de\/blog\/wp-content\/uploads\/2019\/12\/01.07.2019-3.jpg 735w\" sizes=\"(max-width: 200px) 100vw, 200px\" \/><\/p>\n","protected":false},"excerpt":{"rendered":"<p>[Werbung] Der 5-Seidla-Steig\u00ae in der Fr\u00e4nkischen Schweiz verbindet Wald- und Wiesenlandschaften mit lokalen Brauereien. Eine gute Kombination aus Wandern &amp; Genuss nach fr\u00e4nkischer Art.<\/p>\n","protected":false},"author":1,"featured_media":0,"comment_status":"open","ping_status":"open","sticky":false,"template":"","format":"standard","meta":{"_monsterinsights_skip_tracking":false,"_monsterinsights_sitenote_active":false,"_monsterinsights_sitenote_note":"","_monsterinsights_sitenote_category":0,"footnotes":""},"categories":[701,2044],"tags":[1976,2072],"class_list":["post-14525","post","type-post","status-publish","format-standard","hentry","category-deutschland","category-wandern","tag-bayern","tag-franken"],"yoast_head":"<!-- This site is optimized with the Yoast SEO plugin v27.4 - https:\/\/yoast.com\/product\/yoast-seo-wordpress\/ -->\n<title>Der 5-Seidla-Steig\u00ae in der Fr\u00e4nkischen Schweiz - People Abroad<\/title>\n<meta name=\"description\" content=\"Der 5-Seidla-Steig in der Fr\u00e4nkischen Schweiz verbindet Waldlandschaften mit lokalen Brauereien - eine tolle Kombination aus Wandern &amp; Genuss.\" \/>\n<meta name=\"robots\" content=\"index, follow, max-snippet:-1, max-image-preview:large, max-video-preview:-1\" \/>\n<link rel=\"canonical\" href=\"https:\/\/www.people-abroad.de\/blog\/5-seidla-steig\/\" \/>\n<meta property=\"og:locale\" content=\"de_DE\" \/>\n<meta property=\"og:type\" content=\"article\" \/>\n<meta property=\"og:title\" content=\"Der 5-Seidla-Steig\u00ae in der Fr\u00e4nkischen Schweiz - People Abroad\" \/>\n<meta property=\"og:description\" content=\"Der 5-Seidla-Steig in der Fr\u00e4nkischen Schweiz verbindet Waldlandschaften mit lokalen Brauereien - eine tolle Kombination aus Wandern &amp; Genuss.\" \/>\n<meta property=\"og:url\" content=\"https:\/\/www.people-abroad.de\/blog\/5-seidla-steig\/\" \/>\n<meta property=\"og:site_name\" content=\"People Abroad\" \/>\n<meta property=\"article:publisher\" content=\"https:\/\/www.facebook.com\/menschen.international\/\" \/>\n<meta property=\"article:author\" content=\"https:\/\/www.facebook.com\/menschen.international\/\" \/>\n<meta property=\"article:published_time\" content=\"2019-12-05T08:15:43+00:00\" \/>\n<meta property=\"article:modified_time\" content=\"2026-01-29T11:58:16+00:00\" \/>\n<meta property=\"og:image\" content=\"https:\/\/www.people-abroad.de\/blog\/wp-content\/uploads\/2019\/12\/5-seidla-steig-franken-11.jpg\" \/>\n\t<meta property=\"og:image:width\" content=\"1000\" \/>\n\t<meta property=\"og:image:height\" content=\"667\" \/>\n\t<meta property=\"og:image:type\" content=\"image\/jpeg\" \/>\n<meta name=\"author\" content=\"Heiko M\u00fcller\" \/>\n<meta name=\"twitter:card\" content=\"summary_large_image\" \/>\n<meta name=\"twitter:creator\" content=\"@People_Abroad\" \/>\n<meta name=\"twitter:site\" content=\"@People_Abroad\" \/>\n<meta name=\"twitter:label1\" content=\"Verfasst von\" \/>\n\t<meta name=\"twitter:data1\" content=\"Heiko M\u00fcller\" \/>\n\t<meta name=\"twitter:label2\" content=\"Gesch\u00e4tzte Lesezeit\" \/>\n\t<meta name=\"twitter:data2\" content=\"13\u00a0Minuten\" \/>\n<script type=\"application\/ld+json\" class=\"yoast-schema-graph\">{\"@context\":\"https:\\\/\\\/schema.org\",\"@graph\":[{\"@type\":\"Article\",\"@id\":\"https:\\\/\\\/www.people-abroad.de\\\/blog\\\/5-seidla-steig\\\/#article\",\"isPartOf\":{\"@id\":\"https:\\\/\\\/www.people-abroad.de\\\/blog\\\/5-seidla-steig\\\/\"},\"author\":{\"name\":\"Heiko M\u00fcller\",\"@id\":\"https:\\\/\\\/www.people-abroad.de\\\/blog\\\/#\\\/schema\\\/person\\\/2a518a154d93ee6cf0b146bc327329b3\"},\"headline\":\"Der 5-Seidla-Steig\u00ae in der Fr\u00e4nkischen Schweiz\",\"datePublished\":\"2019-12-05T08:15:43+00:00\",\"dateModified\":\"2026-01-29T11:58:16+00:00\",\"mainEntityOfPage\":{\"@id\":\"https:\\\/\\\/www.people-abroad.de\\\/blog\\\/5-seidla-steig\\\/\"},\"wordCount\":1656,\"commentCount\":9,\"publisher\":{\"@id\":\"https:\\\/\\\/www.people-abroad.de\\\/blog\\\/#\\\/schema\\\/person\\\/2a518a154d93ee6cf0b146bc327329b3\"},\"image\":{\"@id\":\"https:\\\/\\\/www.people-abroad.de\\\/blog\\\/5-seidla-steig\\\/#primaryimage\"},\"thumbnailUrl\":\"https:\\\/\\\/www.people-abroad.de\\\/blog\\\/wp-content\\\/uploads\\\/2019\\\/12\\\/5-seidla-steig-franken-11.jpg\",\"keywords\":[\"Bayern\",\"Franken\"],\"articleSection\":[\"Deutschland\",\"Wandern\"],\"inLanguage\":\"de\",\"potentialAction\":[{\"@type\":\"CommentAction\",\"name\":\"Comment\",\"target\":[\"https:\\\/\\\/www.people-abroad.de\\\/blog\\\/5-seidla-steig\\\/#respond\"]}]},{\"@type\":\"WebPage\",\"@id\":\"https:\\\/\\\/www.people-abroad.de\\\/blog\\\/5-seidla-steig\\\/\",\"url\":\"https:\\\/\\\/www.people-abroad.de\\\/blog\\\/5-seidla-steig\\\/\",\"name\":\"Der 5-Seidla-Steig\u00ae in der Fr\u00e4nkischen Schweiz - People Abroad\",\"isPartOf\":{\"@id\":\"https:\\\/\\\/www.people-abroad.de\\\/blog\\\/#website\"},\"primaryImageOfPage\":{\"@id\":\"https:\\\/\\\/www.people-abroad.de\\\/blog\\\/5-seidla-steig\\\/#primaryimage\"},\"image\":{\"@id\":\"https:\\\/\\\/www.people-abroad.de\\\/blog\\\/5-seidla-steig\\\/#primaryimage\"},\"thumbnailUrl\":\"https:\\\/\\\/www.people-abroad.de\\\/blog\\\/wp-content\\\/uploads\\\/2019\\\/12\\\/5-seidla-steig-franken-11.jpg\",\"datePublished\":\"2019-12-05T08:15:43+00:00\",\"dateModified\":\"2026-01-29T11:58:16+00:00\",\"description\":\"Der 5-Seidla-Steig in der Fr\u00e4nkischen Schweiz verbindet Waldlandschaften mit lokalen Brauereien - eine tolle Kombination aus Wandern & Genuss.\",\"breadcrumb\":{\"@id\":\"https:\\\/\\\/www.people-abroad.de\\\/blog\\\/5-seidla-steig\\\/#breadcrumb\"},\"inLanguage\":\"de\",\"potentialAction\":[{\"@type\":\"ReadAction\",\"target\":[\"https:\\\/\\\/www.people-abroad.de\\\/blog\\\/5-seidla-steig\\\/\"]}]},{\"@type\":\"ImageObject\",\"inLanguage\":\"de\",\"@id\":\"https:\\\/\\\/www.people-abroad.de\\\/blog\\\/5-seidla-steig\\\/#primaryimage\",\"url\":\"https:\\\/\\\/www.people-abroad.de\\\/blog\\\/wp-content\\\/uploads\\\/2019\\\/12\\\/5-seidla-steig-franken-11.jpg\",\"contentUrl\":\"https:\\\/\\\/www.people-abroad.de\\\/blog\\\/wp-content\\\/uploads\\\/2019\\\/12\\\/5-seidla-steig-franken-11.jpg\",\"width\":1000,\"height\":667},{\"@type\":\"BreadcrumbList\",\"@id\":\"https:\\\/\\\/www.people-abroad.de\\\/blog\\\/5-seidla-steig\\\/#breadcrumb\",\"itemListElement\":[{\"@type\":\"ListItem\",\"position\":1,\"name\":\"Startseite\",\"item\":\"https:\\\/\\\/www.people-abroad.de\\\/blog\\\/\"},{\"@type\":\"ListItem\",\"position\":2,\"name\":\"Der 5-Seidla-Steig\u00ae in der Fr\u00e4nkischen Schweiz\"}]},{\"@type\":\"WebSite\",\"@id\":\"https:\\\/\\\/www.people-abroad.de\\\/blog\\\/#website\",\"url\":\"https:\\\/\\\/www.people-abroad.de\\\/blog\\\/\",\"name\":\"People Abroad\",\"description\":\"Reiseblog\",\"publisher\":{\"@id\":\"https:\\\/\\\/www.people-abroad.de\\\/blog\\\/#\\\/schema\\\/person\\\/2a518a154d93ee6cf0b146bc327329b3\"},\"potentialAction\":[{\"@type\":\"SearchAction\",\"target\":{\"@type\":\"EntryPoint\",\"urlTemplate\":\"https:\\\/\\\/www.people-abroad.de\\\/blog\\\/?s={search_term_string}\"},\"query-input\":{\"@type\":\"PropertyValueSpecification\",\"valueRequired\":true,\"valueName\":\"search_term_string\"}}],\"inLanguage\":\"de\"},{\"@type\":[\"Person\",\"Organization\"],\"@id\":\"https:\\\/\\\/www.people-abroad.de\\\/blog\\\/#\\\/schema\\\/person\\\/2a518a154d93ee6cf0b146bc327329b3\",\"name\":\"Heiko M\u00fcller\",\"logo\":{\"@id\":\"https:\\\/\\\/www.people-abroad.de\\\/blog\\\/#\\\/schema\\\/person\\\/image\\\/\"},\"description\":\"Ich bin Reiseblogger, Content Creator und Redakteur. Auf Reisen erkunde ich gerne neue Regionen, St\u00e4dte und Orte beim Fotografieren, Wandern und Radfahren. F\u00fcr weitere Reisetipps folge mir auf Instagram, Facebook &amp; Co. Mehr Infos zum Blog findest du hier: https:\\\/\\\/www.people-abroad.de\\\/blog\\\/pr-media\\\/. Kontakt: h.mueller@people-abroad.de\",\"sameAs\":[\"https:\\\/\\\/www.people-abroad.de\\\/blog\\\/\",\"https:\\\/\\\/www.facebook.com\\\/menschen.international\\\/\",\"https:\\\/\\\/www.instagram.com\\\/people.abroad\\\/\",\"https:\\\/\\\/www.linkedin.com\\\/in\\\/muellerheiko\\\/\",\"https:\\\/\\\/www.pinterest.de\\\/peopleabroad\\\/\",\"https:\\\/\\\/x.com\\\/People_Abroad\",\"https:\\\/\\\/www.youtube.com\\\/user\\\/MenschenInt\"],\"url\":\"https:\\\/\\\/www.people-abroad.de\\\/blog\\\/author\\\/admin\\\/\"}]}<\/script>\n<!-- \/ Yoast SEO plugin. -->","yoast_head_json":{"title":"Der 5-Seidla-Steig\u00ae in der Fr\u00e4nkischen Schweiz - People Abroad","description":"Der 5-Seidla-Steig in der Fr\u00e4nkischen Schweiz verbindet Waldlandschaften mit lokalen Brauereien - eine tolle Kombination aus Wandern & Genuss.","robots":{"index":"index","follow":"follow","max-snippet":"max-snippet:-1","max-image-preview":"max-image-preview:large","max-video-preview":"max-video-preview:-1"},"canonical":"https:\/\/www.people-abroad.de\/blog\/5-seidla-steig\/","og_locale":"de_DE","og_type":"article","og_title":"Der 5-Seidla-Steig\u00ae in der Fr\u00e4nkischen Schweiz - People Abroad","og_description":"Der 5-Seidla-Steig in der Fr\u00e4nkischen Schweiz verbindet Waldlandschaften mit lokalen Brauereien - eine tolle Kombination aus Wandern & Genuss.","og_url":"https:\/\/www.people-abroad.de\/blog\/5-seidla-steig\/","og_site_name":"People Abroad","article_publisher":"https:\/\/www.facebook.com\/menschen.international\/","article_author":"https:\/\/www.facebook.com\/menschen.international\/","article_published_time":"2019-12-05T08:15:43+00:00","article_modified_time":"2026-01-29T11:58:16+00:00","og_image":[{"width":1000,"height":667,"url":"https:\/\/www.people-abroad.de\/blog\/wp-content\/uploads\/2019\/12\/5-seidla-steig-franken-11.jpg","type":"image\/jpeg"}],"author":"Heiko M\u00fcller","twitter_card":"summary_large_image","twitter_creator":"@People_Abroad","twitter_site":"@People_Abroad","twitter_misc":{"Verfasst von":"Heiko M\u00fcller","Gesch\u00e4tzte Lesezeit":"13\u00a0Minuten"},"schema":{"@context":"https:\/\/schema.org","@graph":[{"@type":"Article","@id":"https:\/\/www.people-abroad.de\/blog\/5-seidla-steig\/#article","isPartOf":{"@id":"https:\/\/www.people-abroad.de\/blog\/5-seidla-steig\/"},"author":{"name":"Heiko M\u00fcller","@id":"https:\/\/www.people-abroad.de\/blog\/#\/schema\/person\/2a518a154d93ee6cf0b146bc327329b3"},"headline":"Der 5-Seidla-Steig\u00ae in der Fr\u00e4nkischen Schweiz","datePublished":"2019-12-05T08:15:43+00:00","dateModified":"2026-01-29T11:58:16+00:00","mainEntityOfPage":{"@id":"https:\/\/www.people-abroad.de\/blog\/5-seidla-steig\/"},"wordCount":1656,"commentCount":9,"publisher":{"@id":"https:\/\/www.people-abroad.de\/blog\/#\/schema\/person\/2a518a154d93ee6cf0b146bc327329b3"},"image":{"@id":"https:\/\/www.people-abroad.de\/blog\/5-seidla-steig\/#primaryimage"},"thumbnailUrl":"https:\/\/www.people-abroad.de\/blog\/wp-content\/uploads\/2019\/12\/5-seidla-steig-franken-11.jpg","keywords":["Bayern","Franken"],"articleSection":["Deutschland","Wandern"],"inLanguage":"de","potentialAction":[{"@type":"CommentAction","name":"Comment","target":["https:\/\/www.people-abroad.de\/blog\/5-seidla-steig\/#respond"]}]},{"@type":"WebPage","@id":"https:\/\/www.people-abroad.de\/blog\/5-seidla-steig\/","url":"https:\/\/www.people-abroad.de\/blog\/5-seidla-steig\/","name":"Der 5-Seidla-Steig\u00ae in der Fr\u00e4nkischen Schweiz - People Abroad","isPartOf":{"@id":"https:\/\/www.people-abroad.de\/blog\/#website"},"primaryImageOfPage":{"@id":"https:\/\/www.people-abroad.de\/blog\/5-seidla-steig\/#primaryimage"},"image":{"@id":"https:\/\/www.people-abroad.de\/blog\/5-seidla-steig\/#primaryimage"},"thumbnailUrl":"https:\/\/www.people-abroad.de\/blog\/wp-content\/uploads\/2019\/12\/5-seidla-steig-franken-11.jpg","datePublished":"2019-12-05T08:15:43+00:00","dateModified":"2026-01-29T11:58:16+00:00","description":"Der 5-Seidla-Steig in der Fr\u00e4nkischen Schweiz verbindet Waldlandschaften mit lokalen Brauereien - eine tolle Kombination aus Wandern & Genuss.","breadcrumb":{"@id":"https:\/\/www.people-abroad.de\/blog\/5-seidla-steig\/#breadcrumb"},"inLanguage":"de","potentialAction":[{"@type":"ReadAction","target":["https:\/\/www.people-abroad.de\/blog\/5-seidla-steig\/"]}]},{"@type":"ImageObject","inLanguage":"de","@id":"https:\/\/www.people-abroad.de\/blog\/5-seidla-steig\/#primaryimage","url":"https:\/\/www.people-abroad.de\/blog\/wp-content\/uploads\/2019\/12\/5-seidla-steig-franken-11.jpg","contentUrl":"https:\/\/www.people-abroad.de\/blog\/wp-content\/uploads\/2019\/12\/5-seidla-steig-franken-11.jpg","width":1000,"height":667},{"@type":"BreadcrumbList","@id":"https:\/\/www.people-abroad.de\/blog\/5-seidla-steig\/#breadcrumb","itemListElement":[{"@type":"ListItem","position":1,"name":"Startseite","item":"https:\/\/www.people-abroad.de\/blog\/"},{"@type":"ListItem","position":2,"name":"Der 5-Seidla-Steig\u00ae in der Fr\u00e4nkischen Schweiz"}]},{"@type":"WebSite","@id":"https:\/\/www.people-abroad.de\/blog\/#website","url":"https:\/\/www.people-abroad.de\/blog\/","name":"People Abroad","description":"Reiseblog","publisher":{"@id":"https:\/\/www.people-abroad.de\/blog\/#\/schema\/person\/2a518a154d93ee6cf0b146bc327329b3"},"potentialAction":[{"@type":"SearchAction","target":{"@type":"EntryPoint","urlTemplate":"https:\/\/www.people-abroad.de\/blog\/?s={search_term_string}"},"query-input":{"@type":"PropertyValueSpecification","valueRequired":true,"valueName":"search_term_string"}}],"inLanguage":"de"},{"@type":["Person","Organization"],"@id":"https:\/\/www.people-abroad.de\/blog\/#\/schema\/person\/2a518a154d93ee6cf0b146bc327329b3","name":"Heiko M\u00fcller","logo":{"@id":"https:\/\/www.people-abroad.de\/blog\/#\/schema\/person\/image\/"},"description":"Ich bin Reiseblogger, Content Creator und Redakteur. Auf Reisen erkunde ich gerne neue Regionen, St\u00e4dte und Orte beim Fotografieren, Wandern und Radfahren. F\u00fcr weitere Reisetipps folge mir auf Instagram, Facebook &amp; Co. Mehr Infos zum Blog findest du hier: https:\/\/www.people-abroad.de\/blog\/pr-media\/. Kontakt: h.mueller@people-abroad.de","sameAs":["https:\/\/www.people-abroad.de\/blog\/","https:\/\/www.facebook.com\/menschen.international\/","https:\/\/www.instagram.com\/people.abroad\/","https:\/\/www.linkedin.com\/in\/muellerheiko\/","https:\/\/www.pinterest.de\/peopleabroad\/","https:\/\/x.com\/People_Abroad","https:\/\/www.youtube.com\/user\/MenschenInt"],"url":"https:\/\/www.people-abroad.de\/blog\/author\/admin\/"}]}},"_links":{"self":[{"href":"https:\/\/www.people-abroad.de\/blog\/wp-json\/wp\/v2\/posts\/14525","targetHints":{"allow":["GET"]}}],"collection":[{"href":"https:\/\/www.people-abroad.de\/blog\/wp-json\/wp\/v2\/posts"}],"about":[{"href":"https:\/\/www.people-abroad.de\/blog\/wp-json\/wp\/v2\/types\/post"}],"author":[{"embeddable":true,"href":"https:\/\/www.people-abroad.de\/blog\/wp-json\/wp\/v2\/users\/1"}],"replies":[{"embeddable":true,"href":"https:\/\/www.people-abroad.de\/blog\/wp-json\/wp\/v2\/comments?post=14525"}],"version-history":[{"count":4,"href":"https:\/\/www.people-abroad.de\/blog\/wp-json\/wp\/v2\/posts\/14525\/revisions"}],"predecessor-version":[{"id":37990,"href":"https:\/\/www.people-abroad.de\/blog\/wp-json\/wp\/v2\/posts\/14525\/revisions\/37990"}],"wp:attachment":[{"href":"https:\/\/www.people-abroad.de\/blog\/wp-json\/wp\/v2\/media?parent=14525"}],"wp:term":[{"taxonomy":"category","embeddable":true,"href":"https:\/\/www.people-abroad.de\/blog\/wp-json\/wp\/v2\/categories?post=14525"},{"taxonomy":"post_tag","embeddable":true,"href":"https:\/\/www.people-abroad.de\/blog\/wp-json\/wp\/v2\/tags?post=14525"}],"curies":[{"name":"wp","href":"https:\/\/api.w.org\/{rel}","templated":true}]}}