{"id":13777,"date":"2019-09-25T08:54:47","date_gmt":"2019-09-25T06:54:47","guid":{"rendered":"https:\/\/www.people-abroad.de\/blog\/?p=13777"},"modified":"2026-01-29T13:15:03","modified_gmt":"2026-01-29T12:15:03","slug":"suedschwarzwald-wandern-ibach","status":"publish","type":"post","link":"https:\/\/www.people-abroad.de\/blog\/suedschwarzwald-wandern-ibach\/","title":{"rendered":"S\u00fcdschwarzwald: Wandern mit Blick auf Ibach"},"content":{"rendered":"<div id=\"ez-toc-container\" class=\"ez-toc-v2_0_82_2 counter-flat ez-toc-counter ez-toc-grey ez-toc-container-direction\">\n<div class=\"ez-toc-title-container\">\n<p class=\"ez-toc-title\" style=\"cursor:inherit\">Inhaltsverzeichnis<\/p>\n<span class=\"ez-toc-title-toggle\"><a href=\"#\" class=\"ez-toc-pull-right ez-toc-btn ez-toc-btn-xs ez-toc-btn-default ez-toc-toggle\" aria-label=\"Toggle Table of Content\"><span class=\"ez-toc-js-icon-con\"><span class=\"\"><span class=\"eztoc-hide\" style=\"display:none;\">Toggle<\/span><span class=\"ez-toc-icon-toggle-span\"><svg style=\"fill: #999;color:#999\" xmlns=\"http:\/\/www.w3.org\/2000\/svg\" class=\"list-377408\" width=\"20px\" height=\"20px\" viewBox=\"0 0 24 24\" fill=\"none\"><path d=\"M6 6H4v2h2V6zm14 0H8v2h12V6zM4 11h2v2H4v-2zm16 0H8v2h12v-2zM4 16h2v2H4v-2zm16 0H8v2h12v-2z\" fill=\"currentColor\"><\/path><\/svg><svg style=\"fill: #999;color:#999\" class=\"arrow-unsorted-368013\" xmlns=\"http:\/\/www.w3.org\/2000\/svg\" width=\"10px\" height=\"10px\" viewBox=\"0 0 24 24\" version=\"1.2\" baseProfile=\"tiny\"><path d=\"M18.2 9.3l-6.2-6.3-6.2 6.3c-.2.2-.3.4-.3.7s.1.5.3.7c.2.2.4.3.7.3h11c.3 0 .5-.1.7-.3.2-.2.3-.5.3-.7s-.1-.5-.3-.7zM5.8 14.7l6.2 6.3 6.2-6.3c.2-.2.3-.5.3-.7s-.1-.5-.3-.7c-.2-.2-.4-.3-.7-.3h-11c-.3 0-.5.1-.7.3-.2.2-.3.5-.3.7s.1.5.3.7z\"\/><\/svg><\/span><\/span><\/span><\/a><\/span><\/div>\n<nav><ul class='ez-toc-list ez-toc-list-level-1 eztoc-toggle-hide-by-default' ><li class='ez-toc-page-1'><a class=\"ez-toc-link ez-toc-heading-1\" href=\"https:\/\/www.people-abroad.de\/blog\/suedschwarzwald-wandern-ibach\/#Ibacher_Panoramaweg_Uebersicht\" >Ibacher Panoramaweg | \u00dcbersicht<\/a><\/li><li class='ez-toc-page-1'><a class=\"ez-toc-link ez-toc-heading-2\" href=\"https:\/\/www.people-abroad.de\/blog\/suedschwarzwald-wandern-ibach\/#Suedschwarzwald_Der_Ibacher_Panoramaweg\" >S\u00fcdschwarzwald: Der Ibacher Panoramaweg<\/a><\/li><li class='ez-toc-page-1'><a class=\"ez-toc-link ez-toc-heading-3\" href=\"https:\/\/www.people-abroad.de\/blog\/suedschwarzwald-wandern-ibach\/#Aussichtsreiche_Pfade_und_schattige_Trails\" >Aussichtsreiche Pfade und schattige Trails<\/a><\/li><li class='ez-toc-page-1'><a class=\"ez-toc-link ez-toc-heading-4\" href=\"https:\/\/www.people-abroad.de\/blog\/suedschwarzwald-wandern-ibach\/#Rast_mit_Ausblick_am_Friedenskreuz\" >Rast mit Ausblick am Friedenskreuz<\/a><\/li><li class='ez-toc-page-1'><a class=\"ez-toc-link ez-toc-heading-5\" href=\"https:\/\/www.people-abroad.de\/blog\/suedschwarzwald-wandern-ibach\/#Das_Naturschutzgebiet_Ibacher_Moos\" >Das Naturschutzgebiet Ibacher Moos<\/a><\/li><li class='ez-toc-page-1'><a class=\"ez-toc-link ez-toc-heading-6\" href=\"https:\/\/www.people-abroad.de\/blog\/suedschwarzwald-wandern-ibach\/#Ibach_in_der_FerienWelt_Suedschwarzwald\" >Ibach in der FerienWelt S\u00fcdschwarzwald<\/a><\/li><\/ul><\/nav><\/div>\n<p><a href=\"https:\/\/www.people-abroad.de\/blog\/suedschwarzwald-wandern-ibach\/\"><img decoding=\"async\" class=\"alignleft wp-image-14125 size-full\" style=\"margin-bottom: 25px;\" src=\"https:\/\/www.people-abroad.de\/blog\/wp-content\/uploads\/2019\/09\/suedschwarzwald-wandern-ibacher-panroamaweg-30.jpg\" alt=\"S\u00fcdschwarzwald Wandern Ibach Panoramaweg\" width=\"1000\" height=\"750\" srcset=\"https:\/\/www.people-abroad.de\/blog\/wp-content\/uploads\/2019\/09\/suedschwarzwald-wandern-ibacher-panroamaweg-30.jpg 1000w, https:\/\/www.people-abroad.de\/blog\/wp-content\/uploads\/2019\/09\/suedschwarzwald-wandern-ibacher-panroamaweg-30-300x225.jpg 300w, https:\/\/www.people-abroad.de\/blog\/wp-content\/uploads\/2019\/09\/suedschwarzwald-wandern-ibacher-panroamaweg-30-768x576.jpg 768w, https:\/\/www.people-abroad.de\/blog\/wp-content\/uploads\/2019\/09\/suedschwarzwald-wandern-ibacher-panroamaweg-30-400x300.jpg 400w\" sizes=\"(max-width: 1000px) 100vw, 1000px\" \/><\/a><\/p>\n<p>[Werbung] Der S\u00fcdschwarzwald lockt mit dichten W\u00e4ldern, saftigen Wiesen und Weiden sowie aussichtsreichen H\u00f6henpfaden. Hier findest du Tipps f\u00fcr eine Wandertour rund um Ibach.<!--more--><\/p>\n<p>&nbsp;<\/p>\n<p>Kooperation | Schwarzwald Tourismus<em><br \/>\n<\/em><\/p>\n<p>Die &#8222;FerienWelt S\u00fcdschwarzwald&#8220; ist ein Zusammenschluss von 14 Gemeinden in <a href=\"https:\/\/www.people-abroad.de\/blog\/regionen-reiseziele-sueddeutschland\/\">S\u00fcddeutschland<\/a>. Sie reicht von den H\u00f6hen der Schwarzwaldberge bis hinunter zum Rhein. Als Erlebnis- und Erholungslandschaft bietet sie zahlreiche Wanderwege und Biketrails. Die Qual der Wahl ist also gro\u00df und ich entscheide mich schlie\u00dflich bei meiner Tour in den S\u00fcdschwarzwald f\u00fcr den Ibacher Panoramaweg.<\/p>\n<p>Weitere Artikel \u00fcber den Schwarzwald findest du hier: <a href=\"https:\/\/www.people-abroad.de\/blog\/ausflugsziele-schwarzwald-tipps\/\">Ausflugsziele im Schwarzwald<\/a><\/p>\n<h2><span class=\"ez-toc-section\" id=\"Ibacher_Panoramaweg_Uebersicht\"><\/span>Ibacher Panoramaweg | \u00dcbersicht<span class=\"ez-toc-section-end\"><\/span><\/h2>\n<p>Schwierigkeitsgrad: mittel<br \/>\nL\u00e4nge: 11,7 km<br \/>\nDauer: 4:00 bis 4:30 h<br \/>\nAufstieg: 229 m<br \/>\nAbstieg: 229 m<\/p>\n<p><img decoding=\"async\" class=\"alignleft wp-image-14113 size-full\" style=\"margin-bottom: 25px;\" src=\"https:\/\/www.people-abroad.de\/blog\/wp-content\/uploads\/2019\/09\/suedschwarzwald-wandern-ibacher-panroamaweg-17.jpg\" alt=\"S\u00fcdschwarzwald Wandern Ibach Panoramaweg\" width=\"1000\" height=\"750\" srcset=\"https:\/\/www.people-abroad.de\/blog\/wp-content\/uploads\/2019\/09\/suedschwarzwald-wandern-ibacher-panroamaweg-17.jpg 1000w, https:\/\/www.people-abroad.de\/blog\/wp-content\/uploads\/2019\/09\/suedschwarzwald-wandern-ibacher-panroamaweg-17-300x225.jpg 300w, https:\/\/www.people-abroad.de\/blog\/wp-content\/uploads\/2019\/09\/suedschwarzwald-wandern-ibacher-panroamaweg-17-768x576.jpg 768w, https:\/\/www.people-abroad.de\/blog\/wp-content\/uploads\/2019\/09\/suedschwarzwald-wandern-ibacher-panroamaweg-17-400x300.jpg 400w\" sizes=\"(max-width: 1000px) 100vw, 1000px\" \/><\/p>\n<p>Dieser Rundwanderweg ist knapp 12 Kilometer lang und verl\u00e4uft auf einer H\u00f6he zwischen 900 und 1.100 Metern rund um den sch\u00f6nen Ort <a href=\"http:\/\/www.gemeinde-ibach.de\">Ibach<\/a>. Die kleinste selbst\u00e4ndige Gemeinde im Landkreis Waldshut liegt in einem Hochtal, das einst der Ibachgletscher geformt hat. Etwa zwei Drittel der Fl\u00e4che besteht aus Wald, wie du hier auf dem Foto siehst.<\/p>\n<h2><span class=\"ez-toc-section\" id=\"Suedschwarzwald_Der_Ibacher_Panoramaweg\"><\/span>S\u00fcdschwarzwald: Der Ibacher Panoramaweg<span class=\"ez-toc-section-end\"><\/span><\/h2>\n<p><img decoding=\"async\" class=\"alignleft wp-image-14114 size-full\" style=\"margin-bottom: 25px;\" src=\"https:\/\/www.people-abroad.de\/blog\/wp-content\/uploads\/2019\/09\/suedschwarzwald-wandern-ibacher-panroamaweg-18.jpg\" alt=\"S\u00fcdschwarzwald Wandern Ibach Panoramaweg\" width=\"1000\" height=\"750\" srcset=\"https:\/\/www.people-abroad.de\/blog\/wp-content\/uploads\/2019\/09\/suedschwarzwald-wandern-ibacher-panroamaweg-18.jpg 1000w, https:\/\/www.people-abroad.de\/blog\/wp-content\/uploads\/2019\/09\/suedschwarzwald-wandern-ibacher-panroamaweg-18-300x225.jpg 300w, https:\/\/www.people-abroad.de\/blog\/wp-content\/uploads\/2019\/09\/suedschwarzwald-wandern-ibacher-panroamaweg-18-768x576.jpg 768w, https:\/\/www.people-abroad.de\/blog\/wp-content\/uploads\/2019\/09\/suedschwarzwald-wandern-ibacher-panroamaweg-18-400x300.jpg 400w\" sizes=\"(max-width: 1000px) 100vw, 1000px\" \/><\/p>\n<p>Der Wanderweg, der auch als Genie\u00dferpfad und Premiumwanderweg ausgezeichnet ist, bietet immer wieder abwechslungsreiche Ausblicke in das idyllische Hochtal. Je nach Lauftempo kann man ca. 4,5 bis 5,5 Stunden daf\u00fcr einplanen. Als Startpunkt bietet sich entweder der Kohlh\u00fcttenplatz oder der Schorrm\u00e4ttle-Parkplatz an. Zusammen mit Naturf\u00fchrerin Christina M\u00fcller starte ich auf dem Kohlh\u00fcttenplatz westlich von Oberibach an der L150. \u00a0Dort gibt es auch einen Brunnen, an dem man seine Wasserflasche auff\u00fcllen kann.<\/p>\n<p><img decoding=\"async\" class=\"alignleft wp-image-14166 size-full\" style=\"margin-bottom: 25px;\" src=\"https:\/\/www.people-abroad.de\/blog\/wp-content\/uploads\/2019\/09\/suedschwarzwald-ibacher-panoramaweg-wandern-30.jpg\" alt=\"S\u00fcdschwarzwald Wandern Ibach Panoramaweg\" width=\"1000\" height=\"750\" srcset=\"https:\/\/www.people-abroad.de\/blog\/wp-content\/uploads\/2019\/09\/suedschwarzwald-ibacher-panoramaweg-wandern-30.jpg 1000w, https:\/\/www.people-abroad.de\/blog\/wp-content\/uploads\/2019\/09\/suedschwarzwald-ibacher-panoramaweg-wandern-30-300x225.jpg 300w, https:\/\/www.people-abroad.de\/blog\/wp-content\/uploads\/2019\/09\/suedschwarzwald-ibacher-panoramaweg-wandern-30-768x576.jpg 768w, https:\/\/www.people-abroad.de\/blog\/wp-content\/uploads\/2019\/09\/suedschwarzwald-ibacher-panoramaweg-wandern-30-400x300.jpg 400w\" sizes=\"(max-width: 1000px) 100vw, 1000px\" \/><\/p>\n<p>Wir wandern auf sanften Waldwegen und und kurvenreichen Pfaden durch eine \u00fcppige Naturlandschaft. Frische M\u00e4hwiesen wechseln sich ab mit farbenfrohen Blumen und wohlriechenden Heilkr\u00e4utern, die am Wegesrand wachsen. Die Sonne strahlt klar vom Himmel und die Tannen und Laubb\u00e4ume spenden mit ihren ausladenden \u00c4sten Schatten.<\/p>\n<p><img decoding=\"async\" class=\"alignleft wp-image-14105 size-full\" style=\"margin-bottom: 25px;\" src=\"https:\/\/www.people-abroad.de\/blog\/wp-content\/uploads\/2019\/09\/suedschwarzwald-wandern-ibacher-panroamaweg-9.jpg\" alt=\"S\u00fcdschwarzwald Wandern Panoramaweg\" width=\"1000\" height=\"750\" srcset=\"https:\/\/www.people-abroad.de\/blog\/wp-content\/uploads\/2019\/09\/suedschwarzwald-wandern-ibacher-panroamaweg-9.jpg 1000w, https:\/\/www.people-abroad.de\/blog\/wp-content\/uploads\/2019\/09\/suedschwarzwald-wandern-ibacher-panroamaweg-9-300x225.jpg 300w, https:\/\/www.people-abroad.de\/blog\/wp-content\/uploads\/2019\/09\/suedschwarzwald-wandern-ibacher-panroamaweg-9-768x576.jpg 768w, https:\/\/www.people-abroad.de\/blog\/wp-content\/uploads\/2019\/09\/suedschwarzwald-wandern-ibacher-panroamaweg-9-400x300.jpg 400w\" sizes=\"(max-width: 1000px) 100vw, 1000px\" \/><\/p>\n<p>Der Ibacher Panoramaweg ist gut beschildert und anhand der Wegweiser sieht man, wie weit verzweigt das Wegenetz an unterschiedlichen Wanderrouten hier ist. Auch Parkpl\u00e4tze, Bushaltestellen und Einkehrm\u00f6glichkeiten sind ausgeschildert. Zudem gibt es die M\u00f6glichkeit zum Abk\u00fcrzen, was allerdings schade w\u00e4re, denn man w\u00fcrde tolle Ausblicke verpassen.<\/p>\n<h2><span class=\"ez-toc-section\" id=\"Aussichtsreiche_Pfade_und_schattige_Trails\"><\/span>Aussichtsreiche Pfade und schattige Trails<span class=\"ez-toc-section-end\"><\/span><\/h2>\n<p><img decoding=\"async\" class=\"alignleft wp-image-14111 size-full\" style=\"margin-bottom: 25px;\" src=\"https:\/\/www.people-abroad.de\/blog\/wp-content\/uploads\/2019\/09\/suedschwarzwald-wandern-ibacher-panroamaweg-15.jpg\" alt=\"S\u00fcdschwarzwald Bank Ausblick Natur\" width=\"1000\" height=\"750\" srcset=\"https:\/\/www.people-abroad.de\/blog\/wp-content\/uploads\/2019\/09\/suedschwarzwald-wandern-ibacher-panroamaweg-15.jpg 1000w, https:\/\/www.people-abroad.de\/blog\/wp-content\/uploads\/2019\/09\/suedschwarzwald-wandern-ibacher-panroamaweg-15-300x225.jpg 300w, https:\/\/www.people-abroad.de\/blog\/wp-content\/uploads\/2019\/09\/suedschwarzwald-wandern-ibacher-panroamaweg-15-768x576.jpg 768w, https:\/\/www.people-abroad.de\/blog\/wp-content\/uploads\/2019\/09\/suedschwarzwald-wandern-ibacher-panroamaweg-15-400x300.jpg 400w\" sizes=\"(max-width: 1000px) 100vw, 1000px\" \/><\/p>\n<p>B\u00e4nke laden immer wieder zu einer Rast ein, aber wir haben noch ein kleines St\u00fcck bis zur n\u00e4chsten Pause. Noch wenige Minuten auf dem sich dahin schl\u00e4ngelnden Waldweg durch das Naturschutzgebiet und der n\u00e4chste Aussichtspunkt auf 1.100 Metern ist erreicht.<\/p>\n<p><img decoding=\"async\" class=\"alignleft wp-image-14107 size-full\" style=\"margin-bottom: 25px;\" src=\"https:\/\/www.people-abroad.de\/blog\/wp-content\/uploads\/2019\/09\/suedschwarzwald-wandern-ibacher-panroamaweg-11.jpg\" alt=\"Schwarzwald Wandern\" width=\"1000\" height=\"750\" srcset=\"https:\/\/www.people-abroad.de\/blog\/wp-content\/uploads\/2019\/09\/suedschwarzwald-wandern-ibacher-panroamaweg-11.jpg 1000w, https:\/\/www.people-abroad.de\/blog\/wp-content\/uploads\/2019\/09\/suedschwarzwald-wandern-ibacher-panroamaweg-11-300x225.jpg 300w, https:\/\/www.people-abroad.de\/blog\/wp-content\/uploads\/2019\/09\/suedschwarzwald-wandern-ibacher-panroamaweg-11-768x576.jpg 768w, https:\/\/www.people-abroad.de\/blog\/wp-content\/uploads\/2019\/09\/suedschwarzwald-wandern-ibacher-panroamaweg-11-400x300.jpg 400w\" sizes=\"(max-width: 1000px) 100vw, 1000px\" \/><\/p>\n<p>Hier legen wir eine Rast ein und nehmen ein Vesper zu uns. Wir befinden uns n\u00f6rdlich von Oberibach, in unmittelbarer N\u00e4he vom Brendenkopf, und haben von hier oben einen tollen Blick in die gesamte Region. Auch der Feldberg ist zu sehen. Der Panoramaweg gilt als Wanderweg mit mittlerem Schwierigkeitsgrad und man kann ihn gut mit geeignetem Schuhwerk erlaufen. Nach unserer Pause mit K\u00e4sebrot, Tomaten und k\u00fchlem Wasser aus den Trinkflaschen kann&#8217;s weiter gehen.<\/p>\n<p><img decoding=\"async\" class=\"alignleft wp-image-14112 size-full\" style=\"margin-bottom: 25px;\" src=\"https:\/\/www.people-abroad.de\/blog\/wp-content\/uploads\/2019\/09\/suedschwarzwald-wandern-ibacher-panroamaweg-16.jpg\" alt=\"S\u00fcdschwarzwald Wandern Ibach Panoramaweg\" width=\"1000\" height=\"750\" srcset=\"https:\/\/www.people-abroad.de\/blog\/wp-content\/uploads\/2019\/09\/suedschwarzwald-wandern-ibacher-panroamaweg-16.jpg 1000w, https:\/\/www.people-abroad.de\/blog\/wp-content\/uploads\/2019\/09\/suedschwarzwald-wandern-ibacher-panroamaweg-16-300x225.jpg 300w, https:\/\/www.people-abroad.de\/blog\/wp-content\/uploads\/2019\/09\/suedschwarzwald-wandern-ibacher-panroamaweg-16-768x576.jpg 768w, https:\/\/www.people-abroad.de\/blog\/wp-content\/uploads\/2019\/09\/suedschwarzwald-wandern-ibacher-panroamaweg-16-400x300.jpg 400w\" sizes=\"(max-width: 1000px) 100vw, 1000px\" \/><\/p>\n<p>Wir passieren \u00fcppig bl\u00fchendes Heidekraut und wandern weiter in Richtung Friedenskreuz. Durch das verzehrte Vesper ist unser Rucksack leichter geworden und es l\u00e4uft sich damit noch beschwingter, zumal es jetzt bergab geht. Kurze Zeit sp\u00e4ter wandern wir ein St\u00fcck parallel auf dem <a href=\"https:\/\/www.schluchtensteig.de\">Schluchtensteig<\/a>, der auch hier entlangf\u00fchrt. Mit insgesamt 120 km kann man den Weitwanderweg &#8211; je nach Tempo und Aufenthaltsdauer &#8211; in 5-6 Etappen erwandern.<\/p>\n<h2><span class=\"ez-toc-section\" id=\"Rast_mit_Ausblick_am_Friedenskreuz\"><\/span>Rast mit Ausblick am Friedenskreuz<span class=\"ez-toc-section-end\"><\/span><\/h2>\n<p><img decoding=\"async\" class=\"alignleft wp-image-14108 size-full\" style=\"margin-bottom: 25px;\" src=\"https:\/\/www.people-abroad.de\/blog\/wp-content\/uploads\/2019\/09\/suedschwarzwald-wandern-ibacher-panroamaweg-12.jpg\" alt=\"Ibach Panoramaweg Friedenskreuz S\u00fcdschwarzwald\" width=\"1000\" height=\"750\" srcset=\"https:\/\/www.people-abroad.de\/blog\/wp-content\/uploads\/2019\/09\/suedschwarzwald-wandern-ibacher-panroamaweg-12.jpg 1000w, https:\/\/www.people-abroad.de\/blog\/wp-content\/uploads\/2019\/09\/suedschwarzwald-wandern-ibacher-panroamaweg-12-300x225.jpg 300w, https:\/\/www.people-abroad.de\/blog\/wp-content\/uploads\/2019\/09\/suedschwarzwald-wandern-ibacher-panroamaweg-12-768x576.jpg 768w, https:\/\/www.people-abroad.de\/blog\/wp-content\/uploads\/2019\/09\/suedschwarzwald-wandern-ibacher-panroamaweg-12-400x300.jpg 400w\" sizes=\"(max-width: 1000px) 100vw, 1000px\" \/><\/p>\n<p>Ein weiterer sch\u00f6ner Aussichtspunkt befindet sich am Friedenskreuz. Auch von hier oben kann man die gesamte Region \u00fcberblicken und die Ortsteile Ober- und Unteribach liegen einem zu F\u00fc\u00dfen. Mit der Fernsicht haben wir heute leider kein Gl\u00fcck. Bei klarer Sicht kann man das Schweizer Alpenpanorama mit Eiger, M\u00f6nch und Jungfrau sehen. Aber auch ohne den Blick auf die Gipfel hat man eine tolle Rundumsicht.<\/p>\n<p><img decoding=\"async\" class=\"alignleft wp-image-14109 size-full\" style=\"margin-bottom: 25px;\" src=\"https:\/\/www.people-abroad.de\/blog\/wp-content\/uploads\/2019\/09\/suedschwarzwald-wandern-ibacher-panroamaweg-13.jpg\" alt=\"Ibach Panoramaweg Engl\u00e4nderh\u00fctte S\u00fcdschwarzwald\" width=\"1000\" height=\"750\" srcset=\"https:\/\/www.people-abroad.de\/blog\/wp-content\/uploads\/2019\/09\/suedschwarzwald-wandern-ibacher-panroamaweg-13.jpg 1000w, https:\/\/www.people-abroad.de\/blog\/wp-content\/uploads\/2019\/09\/suedschwarzwald-wandern-ibacher-panroamaweg-13-300x225.jpg 300w, https:\/\/www.people-abroad.de\/blog\/wp-content\/uploads\/2019\/09\/suedschwarzwald-wandern-ibacher-panroamaweg-13-768x576.jpg 768w, https:\/\/www.people-abroad.de\/blog\/wp-content\/uploads\/2019\/09\/suedschwarzwald-wandern-ibacher-panroamaweg-13-400x300.jpg 400w\" sizes=\"(max-width: 1000px) 100vw, 1000px\" \/><\/p>\n<p>Wir wandern nach S\u00fcden und kommen kurze Zeit sp\u00e4ter an die Engl\u00e4nderh\u00fctte. Auch sie eignet sich gut f\u00fcr eine Pause und es gibt sogar einen Grill. Wir setzen uns allerdings nur kurz hin und schon bald zieht es uns weiter auf dem Panoramaweg.<\/p>\n<p><img decoding=\"async\" class=\"alignleft wp-image-14104 size-full\" style=\"margin-bottom: 25px;\" src=\"https:\/\/www.people-abroad.de\/blog\/wp-content\/uploads\/2019\/09\/suedschwarzwald-wandern-ibacher-panroamaweg-8.jpg\" alt=\"Schwarzwald Wandern Ibach Panoramaweg\" width=\"1000\" height=\"750\" srcset=\"https:\/\/www.people-abroad.de\/blog\/wp-content\/uploads\/2019\/09\/suedschwarzwald-wandern-ibacher-panroamaweg-8.jpg 1000w, https:\/\/www.people-abroad.de\/blog\/wp-content\/uploads\/2019\/09\/suedschwarzwald-wandern-ibacher-panroamaweg-8-300x225.jpg 300w, https:\/\/www.people-abroad.de\/blog\/wp-content\/uploads\/2019\/09\/suedschwarzwald-wandern-ibacher-panroamaweg-8-768x576.jpg 768w, https:\/\/www.people-abroad.de\/blog\/wp-content\/uploads\/2019\/09\/suedschwarzwald-wandern-ibacher-panroamaweg-8-400x300.jpg 400w\" sizes=\"(max-width: 1000px) 100vw, 1000px\" \/><\/p>\n<p>Wir nehmen schmale Pfade und abwechslungsreiche Trails unter unsere Schuhsohlen. Kiefern und Tannen wechseln sich ab mit Laubb\u00e4umen und dadurch wird es definitiv nicht langweilig. Ich bin schon neugierig auf den n\u00e4chsten Abschnitt des Panoramaweges, denn da werden wir durch ein Moorgebiet wandern.<\/p>\n<p><img decoding=\"async\" class=\"alignleft wp-image-14103 size-full\" style=\"margin-bottom: 25px;\" src=\"https:\/\/www.people-abroad.de\/blog\/wp-content\/uploads\/2019\/09\/suedschwarzwald-wandern-ibacher-panroamaweg-7.jpg\" alt=\"Ibach Panoramaweg Wandern\" width=\"1000\" height=\"750\" srcset=\"https:\/\/www.people-abroad.de\/blog\/wp-content\/uploads\/2019\/09\/suedschwarzwald-wandern-ibacher-panroamaweg-7.jpg 1000w, https:\/\/www.people-abroad.de\/blog\/wp-content\/uploads\/2019\/09\/suedschwarzwald-wandern-ibacher-panroamaweg-7-300x225.jpg 300w, https:\/\/www.people-abroad.de\/blog\/wp-content\/uploads\/2019\/09\/suedschwarzwald-wandern-ibacher-panroamaweg-7-768x576.jpg 768w, https:\/\/www.people-abroad.de\/blog\/wp-content\/uploads\/2019\/09\/suedschwarzwald-wandern-ibacher-panroamaweg-7-400x300.jpg 400w\" sizes=\"(max-width: 1000px) 100vw, 1000px\" \/><\/p>\n<p>Vorher streifen wir quasi noch den Ortsteil Vorderibach und wir kommen an einer gem\u00fctlichen &#8222;Haltestelle&#8220; vorbei. Eine Bewohnerin hat hier eine kleine, \u00fcberdachte Sitzgelegenheit mit B\u00fcchern an ihrem Privathaus eingerichtet, die f\u00fcr jeden Wanderer offen ist. Sogar Tee gibt es gegen eine kleine Spende. Eine tolle Sache, von der wir gerne Gebrauch machen.<\/p>\n<h2><span class=\"ez-toc-section\" id=\"Das_Naturschutzgebiet_Ibacher_Moos\"><\/span>Das Naturschutzgebiet Ibacher Moos<span class=\"ez-toc-section-end\"><\/span><\/h2>\n<p><img decoding=\"async\" class=\"alignleft wp-image-14097 size-full\" style=\"margin-bottom: 25px;\" src=\"https:\/\/www.people-abroad.de\/blog\/wp-content\/uploads\/2019\/09\/suedschwarzwald-wandern-ibacher-panroamaweg-1.jpg\" alt=\"Ibacher Moos Schwarzwald\" width=\"1000\" height=\"750\" srcset=\"https:\/\/www.people-abroad.de\/blog\/wp-content\/uploads\/2019\/09\/suedschwarzwald-wandern-ibacher-panroamaweg-1.jpg 1000w, https:\/\/www.people-abroad.de\/blog\/wp-content\/uploads\/2019\/09\/suedschwarzwald-wandern-ibacher-panroamaweg-1-300x225.jpg 300w, https:\/\/www.people-abroad.de\/blog\/wp-content\/uploads\/2019\/09\/suedschwarzwald-wandern-ibacher-panroamaweg-1-768x576.jpg 768w, https:\/\/www.people-abroad.de\/blog\/wp-content\/uploads\/2019\/09\/suedschwarzwald-wandern-ibacher-panroamaweg-1-400x300.jpg 400w\" sizes=\"(max-width: 1000px) 100vw, 1000px\" \/><\/p>\n<p>Danach kommt der f\u00fcr mich sch\u00f6nste Teil unserer Wanderung, das Ibacher Moos. Das Moor- und Naturschutzgebiet umfasst rund 800 ha und ist ein bedeutender Ort f\u00fcr seltene Tier- und Pflanzenarten. Kartiert wurden hier rund 100 Rote-Liste-Arten Pflanzen und etwa 50 Rote-Liste-Arten Tiere. Eine Vielzahl verschiedener Moortypen liegen hier kleinr\u00e4umig beieinander.<\/p>\n<p><img decoding=\"async\" class=\"alignleft wp-image-14101 size-full\" style=\"margin-bottom: 25px;\" src=\"https:\/\/www.people-abroad.de\/blog\/wp-content\/uploads\/2019\/09\/suedschwarzwald-wandern-ibacher-panroamaweg-5.jpg\" alt=\"Ibacher Moos Schwarzwald\" width=\"1000\" height=\"750\" srcset=\"https:\/\/www.people-abroad.de\/blog\/wp-content\/uploads\/2019\/09\/suedschwarzwald-wandern-ibacher-panroamaweg-5.jpg 1000w, https:\/\/www.people-abroad.de\/blog\/wp-content\/uploads\/2019\/09\/suedschwarzwald-wandern-ibacher-panroamaweg-5-300x225.jpg 300w, https:\/\/www.people-abroad.de\/blog\/wp-content\/uploads\/2019\/09\/suedschwarzwald-wandern-ibacher-panroamaweg-5-768x576.jpg 768w, https:\/\/www.people-abroad.de\/blog\/wp-content\/uploads\/2019\/09\/suedschwarzwald-wandern-ibacher-panroamaweg-5-400x300.jpg 400w\" sizes=\"(max-width: 1000px) 100vw, 1000px\" \/><\/p>\n<p>Die Wege durch das Moor sind stark verwurzelt und das Gebiet ist sehr urw\u00fcchsig. Mich hat es fast ein bisschen an eine Art &#8222;Urwald&#8220; erinnert. Es riecht erdig, holzig und nach verschiedenen Pflanzend\u00fcften. Au\u00dferdem ist es einige Grad k\u00fchler als auf der freien Fl\u00e4che des Panoramaweges. Am Wegesrand stehen auch einige Pilze, bei denen ich mir nicht sicher bin, ob sie essbar sind.<\/p>\n<p><img decoding=\"async\" class=\"alignleft wp-image-14102 size-full\" style=\"margin-bottom: 25px;\" src=\"https:\/\/www.people-abroad.de\/blog\/wp-content\/uploads\/2019\/09\/suedschwarzwald-wandern-ibacher-panroamaweg-6.jpg\" alt=\"Ibacher Moos Schwarzwald\" width=\"1000\" height=\"750\" srcset=\"https:\/\/www.people-abroad.de\/blog\/wp-content\/uploads\/2019\/09\/suedschwarzwald-wandern-ibacher-panroamaweg-6.jpg 1000w, https:\/\/www.people-abroad.de\/blog\/wp-content\/uploads\/2019\/09\/suedschwarzwald-wandern-ibacher-panroamaweg-6-300x225.jpg 300w, https:\/\/www.people-abroad.de\/blog\/wp-content\/uploads\/2019\/09\/suedschwarzwald-wandern-ibacher-panroamaweg-6-768x576.jpg 768w, https:\/\/www.people-abroad.de\/blog\/wp-content\/uploads\/2019\/09\/suedschwarzwald-wandern-ibacher-panroamaweg-6-400x300.jpg 400w\" sizes=\"(max-width: 1000px) 100vw, 1000px\" \/><\/p>\n<p>Das Ibacher Moor ist ein heute noch sichtbares Zeichen der letzten Eiszeit vor \u00fcber 10.000 Jahren. Der Ibachgletscher formte die Landschaft und es blieb Wasser in den Senken stehen. Torfmoose lie\u00dfen die Wasserfl\u00e4chen langsam zuwachsen und in den Jahrtausenden bildeten sich Torfschichten. Eingewanderte Tiroler nutzten hier einen gestauten Wall f\u00fcr die Wildfl\u00f6\u00dferei. Spannend!<\/p>\n<h2><span class=\"ez-toc-section\" id=\"Ibach_in_der_FerienWelt_Suedschwarzwald\"><\/span>Ibach in der FerienWelt S\u00fcdschwarzwald<span class=\"ez-toc-section-end\"><\/span><\/h2>\n<p><img decoding=\"async\" class=\"alignleft wp-image-14106 size-full\" style=\"margin-bottom: 25px;\" src=\"https:\/\/www.people-abroad.de\/blog\/wp-content\/uploads\/2019\/09\/suedschwarzwald-wandern-ibacher-panroamaweg-10.jpg\" alt=\"Ibach Schwarzwald\" width=\"1000\" height=\"750\" srcset=\"https:\/\/www.people-abroad.de\/blog\/wp-content\/uploads\/2019\/09\/suedschwarzwald-wandern-ibacher-panroamaweg-10.jpg 1000w, https:\/\/www.people-abroad.de\/blog\/wp-content\/uploads\/2019\/09\/suedschwarzwald-wandern-ibacher-panroamaweg-10-300x225.jpg 300w, https:\/\/www.people-abroad.de\/blog\/wp-content\/uploads\/2019\/09\/suedschwarzwald-wandern-ibacher-panroamaweg-10-768x576.jpg 768w, https:\/\/www.people-abroad.de\/blog\/wp-content\/uploads\/2019\/09\/suedschwarzwald-wandern-ibacher-panroamaweg-10-400x300.jpg 400w\" sizes=\"(max-width: 1000px) 100vw, 1000px\" \/><\/p>\n<p>Nachdem wir durch das Moor gewandert sind, geht es f\u00fcr uns wieder in Richtung Norden. Vorbei am Unteribacher Forsthaus und Schwand laufen wir weiter und erreichen schlie\u00dflich wieder den Kohlh\u00fcttenplatz, unseren Startpunkt am Morgen. F\u00fcr mich war&#8217;s eine sch\u00f6ne und abwechslungsreiche Wanderung durch eine Region, die ich bisher noch nicht kannte.<\/p>\n<p>\u00dcbrigens: Der Ibacher Panoramaweg ist auch im Winter teils pr\u00e4pariert und kann deshalb auch bei Schnee erwandert werden. Au\u00dferdem gibt es sch\u00f6ne Schneeschuh-Trails, einen Skilift und verschiede Langlaufloipen. Aus diesem Grund ist die Region nicht nur im Sommer, sondern auch im Winter besuchenswert. Mehr Wandertipps f\u00fcr die Umgebung findest du <a href=\"https:\/\/www.ferienwelt-suedschwarzwald.de\/Erleben\/Wandern\">hier<\/a>.<\/p>\n<p><img decoding=\"async\" class=\"alignleft wp-image-14099 size-full\" style=\"margin-bottom: 25px;\" src=\"https:\/\/www.people-abroad.de\/blog\/wp-content\/uploads\/2019\/09\/suedschwarzwald-wandern-ibacher-panroamaweg-3.jpg\" alt=\"Tannenhof Ibach\" width=\"1000\" height=\"750\" srcset=\"https:\/\/www.people-abroad.de\/blog\/wp-content\/uploads\/2019\/09\/suedschwarzwald-wandern-ibacher-panroamaweg-3.jpg 1000w, https:\/\/www.people-abroad.de\/blog\/wp-content\/uploads\/2019\/09\/suedschwarzwald-wandern-ibacher-panroamaweg-3-300x225.jpg 300w, https:\/\/www.people-abroad.de\/blog\/wp-content\/uploads\/2019\/09\/suedschwarzwald-wandern-ibacher-panroamaweg-3-768x576.jpg 768w, https:\/\/www.people-abroad.de\/blog\/wp-content\/uploads\/2019\/09\/suedschwarzwald-wandern-ibacher-panroamaweg-3-400x300.jpg 400w\" sizes=\"(max-width: 1000px) 100vw, 1000px\" \/><\/p>\n<p>\u00dcbernachtungstipp: W\u00e4hrend meiner Tour im S\u00fcdschwarzwald habe ich im <a href=\"https:\/\/www.tannenhof-ibach.de\/\">Tannenhof Ibach<\/a> \u00fcbernachtet. Die Pension ist ein guter Ausgangspunkt u.a. f\u00fcr den Ibacher Panoramaweg. Au\u00dferdem gibt es einen sch\u00f6nen Nutz- und Kr\u00e4utergarten sowie Kr\u00e4uterwanderungen und Ayurveda-Behandlungen im Haus.<\/p>\n<p><em><strong>Werbehinweis:<\/strong> Dieser Artikel entstand in Zusammenarbeit mit <a href=\"https:\/\/www.schwarzwald-tourismus.info\">Schwarzwald Tourismus<\/a>\u00a0und der\u00a0<a href=\"https:\/\/www.ferienwelt-suedschwarzwald.de\">FerienWelt S\u00fcdschwarzwald<\/a>. Ich gehe gerne Kooperationen ein, meine pers\u00f6nliche Meinung wird davon aber nicht beeinflusst.<br \/>\n<\/em><\/p>\n<p>Tipps f\u00fcr Wanderungen im Schwarzwald f\u00fcr den Winter findest du \u00fcbrigens auf dem Reiseblog &#8222;Travelsanne&#8220;: <a href=\"https:\/\/travelsanne.de\/baden-wuerttemberg-winterwandern-schwarzwald-schwaebische-alb\/\">Die sch\u00f6nsten Orte zum Winterwandern im Schwarzwald<\/a><\/p>\n<p>Wenn dir dieser Artikel gefallen hat, k\u00f6nnten dich evtl. auch diese Artikel \u00fcber den Schwarzwald interessieren:<br \/>\n<a href=\"https:\/\/www.people-abroad.de\/blog\/schwarzwald-belchen-tipps\/\">Die Belchen-Region im Schwarzwald erkunden<\/a><br \/>\n<a href=\"https:\/\/www.people-abroad.de\/blog\/triberger-wasserfaelle\/\">Triberger Wasserf\u00e4lle &#8211; Naturerlebnis im Schwarzwald<\/a><br \/>\n<a href=\"https:\/\/www.people-abroad.de\/blog\/mummelsee-hornisgrinde-wandern\/\">Mummelsee \u2013 Hornisgrinde Wanderung<\/a><br \/>\n<a href=\"https:\/\/www.people-abroad.de\/blog\/belchensteig-schwarzwald\/\">Genie\u00dferpfad Belchensteig im Schwarzwald<\/a><br \/>\n<a href=\"https:\/\/www.people-abroad.de\/blog\/wandern-schwarzwald-schliffkopf\/\">Wandern am Schliffkopf im Schwarzwald<\/a><br \/>\n<a href=\"https:\/\/www.people-abroad.de\/blog\/wasserweltensteig\/\">Wasserweltensteig: Quellen, B\u00e4che und Wasserf\u00e4lle<\/a><br \/>\n<a href=\"https:\/\/www.people-abroad.de\/blog\/menzenschwander-geissenpfad\/\">Menzenschwander Gei\u00dfenpfad im Schwarzwald<\/a><br \/>\n<a href=\"https:\/\/www.people-abroad.de\/blog\/bad-herrenalb-urlaub\/\">In Bad Herrenalb nachhaltig entschleunigen<\/a><br \/>\n<a href=\"https:\/\/www.people-abroad.de\/blog\/belchen-im-schwarzwald-outdoor\/\">Die Outdoor-Region Belchen im Schwarzwald<\/a><br \/>\n<a href=\"https:\/\/www.people-abroad.de\/blog\/gernsbacher-sagenweg\/\">Gernsbacher Sagenweg im Schwarzwald<\/a><\/p>\n<p><img decoding=\"async\" class=\"alignnone wp-image-14422 size-medium\" src=\"https:\/\/www.people-abroad.de\/blog\/wp-content\/uploads\/2019\/10\/144-200x300.png\" alt=\"Werbung \/ S\u00fcdschwarzwald: Wandern auf dem Ibacher Panoramaweg #Reisen #Wandern #Schwarzwald #Deutschland #Aktivreise\" width=\"200\" height=\"300\" srcset=\"https:\/\/www.people-abroad.de\/blog\/wp-content\/uploads\/2019\/10\/144-200x300.png 200w, https:\/\/www.people-abroad.de\/blog\/wp-content\/uploads\/2019\/10\/144-683x1024.png 683w, https:\/\/www.people-abroad.de\/blog\/wp-content\/uploads\/2019\/10\/144-267x400.png 267w, https:\/\/www.people-abroad.de\/blog\/wp-content\/uploads\/2019\/10\/144.png 735w\" sizes=\"(max-width: 200px) 100vw, 200px\" \/><\/p>\n","protected":false},"excerpt":{"rendered":"<p>[Werbung] Der S\u00fcdschwarzwald lockt mit dichten W\u00e4ldern, saftigen Wiesen und Weiden sowie aussichtsreichen H\u00f6henpfaden. Hier findest du Tipps f\u00fcr eine Wandertour rund um Ibach.<\/p>\n","protected":false},"author":1,"featured_media":0,"comment_status":"open","ping_status":"open","sticky":false,"template":"","format":"standard","meta":{"_monsterinsights_skip_tracking":false,"_monsterinsights_sitenote_active":false,"_monsterinsights_sitenote_note":"","_monsterinsights_sitenote_category":0,"footnotes":""},"categories":[701,2044],"tags":[328],"class_list":["post-13777","post","type-post","status-publish","format-standard","hentry","category-deutschland","category-wandern","tag-baden-wuerttemberg"],"yoast_head":"<!-- This site is optimized with the Yoast SEO plugin v27.4 - https:\/\/yoast.com\/product\/yoast-seo-wordpress\/ -->\n<title>S\u00fcdschwarzwald: Wandern mit Blick auf Ibach - People Abroad<\/title>\n<meta name=\"description\" content=\"Der S\u00fcdschwarzwald lockt mit W\u00e4ldern, Wiesen und sch\u00f6nen H\u00f6henpfaden. Hier findest du Wandertipps f\u00fcr die Region und den Ibacher Panoramaweg.\" \/>\n<meta name=\"robots\" content=\"index, follow, max-snippet:-1, max-image-preview:large, max-video-preview:-1\" \/>\n<link rel=\"canonical\" href=\"https:\/\/www.people-abroad.de\/blog\/suedschwarzwald-wandern-ibach\/\" \/>\n<meta property=\"og:locale\" content=\"de_DE\" \/>\n<meta property=\"og:type\" content=\"article\" \/>\n<meta property=\"og:title\" content=\"S\u00fcdschwarzwald: Wandern mit Blick auf Ibach - People Abroad\" \/>\n<meta property=\"og:description\" content=\"Der S\u00fcdschwarzwald lockt mit W\u00e4ldern, Wiesen und sch\u00f6nen H\u00f6henpfaden. Hier findest du Wandertipps f\u00fcr die Region und den Ibacher Panoramaweg.\" \/>\n<meta property=\"og:url\" content=\"https:\/\/www.people-abroad.de\/blog\/suedschwarzwald-wandern-ibach\/\" \/>\n<meta property=\"og:site_name\" content=\"People Abroad\" \/>\n<meta property=\"article:publisher\" content=\"https:\/\/www.facebook.com\/menschen.international\/\" \/>\n<meta property=\"article:author\" content=\"https:\/\/www.facebook.com\/menschen.international\/\" \/>\n<meta property=\"article:published_time\" content=\"2019-09-25T06:54:47+00:00\" \/>\n<meta property=\"article:modified_time\" content=\"2026-01-29T12:15:03+00:00\" \/>\n<meta property=\"og:image\" content=\"https:\/\/www.people-abroad.de\/blog\/wp-content\/uploads\/2019\/09\/suedschwarzwald-wandern-ibacher-panroamaweg-30.jpg\" \/>\n\t<meta property=\"og:image:width\" content=\"1000\" \/>\n\t<meta property=\"og:image:height\" content=\"750\" \/>\n\t<meta property=\"og:image:type\" content=\"image\/jpeg\" \/>\n<meta name=\"author\" content=\"Heiko M\u00fcller\" \/>\n<meta name=\"twitter:card\" content=\"summary_large_image\" \/>\n<meta name=\"twitter:creator\" content=\"@People_Abroad\" \/>\n<meta name=\"twitter:site\" content=\"@People_Abroad\" \/>\n<meta name=\"twitter:label1\" content=\"Verfasst von\" \/>\n\t<meta name=\"twitter:data1\" content=\"Heiko M\u00fcller\" \/>\n\t<meta name=\"twitter:label2\" content=\"Gesch\u00e4tzte Lesezeit\" \/>\n\t<meta name=\"twitter:data2\" content=\"11\u00a0Minuten\" \/>\n<script type=\"application\/ld+json\" class=\"yoast-schema-graph\">{\"@context\":\"https:\\\/\\\/schema.org\",\"@graph\":[{\"@type\":\"Article\",\"@id\":\"https:\\\/\\\/www.people-abroad.de\\\/blog\\\/suedschwarzwald-wandern-ibach\\\/#article\",\"isPartOf\":{\"@id\":\"https:\\\/\\\/www.people-abroad.de\\\/blog\\\/suedschwarzwald-wandern-ibach\\\/\"},\"author\":{\"name\":\"Heiko M\u00fcller\",\"@id\":\"https:\\\/\\\/www.people-abroad.de\\\/blog\\\/#\\\/schema\\\/person\\\/2a518a154d93ee6cf0b146bc327329b3\"},\"headline\":\"S\u00fcdschwarzwald: Wandern mit Blick auf Ibach\",\"datePublished\":\"2019-09-25T06:54:47+00:00\",\"dateModified\":\"2026-01-29T12:15:03+00:00\",\"mainEntityOfPage\":{\"@id\":\"https:\\\/\\\/www.people-abroad.de\\\/blog\\\/suedschwarzwald-wandern-ibach\\\/\"},\"wordCount\":1245,\"commentCount\":2,\"publisher\":{\"@id\":\"https:\\\/\\\/www.people-abroad.de\\\/blog\\\/#\\\/schema\\\/person\\\/2a518a154d93ee6cf0b146bc327329b3\"},\"image\":{\"@id\":\"https:\\\/\\\/www.people-abroad.de\\\/blog\\\/suedschwarzwald-wandern-ibach\\\/#primaryimage\"},\"thumbnailUrl\":\"https:\\\/\\\/www.people-abroad.de\\\/blog\\\/wp-content\\\/uploads\\\/2019\\\/09\\\/suedschwarzwald-wandern-ibacher-panroamaweg-30.jpg\",\"keywords\":[\"Baden-W\u00fcrttemberg\"],\"articleSection\":[\"Deutschland\",\"Wandern\"],\"inLanguage\":\"de\",\"potentialAction\":[{\"@type\":\"CommentAction\",\"name\":\"Comment\",\"target\":[\"https:\\\/\\\/www.people-abroad.de\\\/blog\\\/suedschwarzwald-wandern-ibach\\\/#respond\"]}]},{\"@type\":\"WebPage\",\"@id\":\"https:\\\/\\\/www.people-abroad.de\\\/blog\\\/suedschwarzwald-wandern-ibach\\\/\",\"url\":\"https:\\\/\\\/www.people-abroad.de\\\/blog\\\/suedschwarzwald-wandern-ibach\\\/\",\"name\":\"S\u00fcdschwarzwald: Wandern mit Blick auf Ibach - People Abroad\",\"isPartOf\":{\"@id\":\"https:\\\/\\\/www.people-abroad.de\\\/blog\\\/#website\"},\"primaryImageOfPage\":{\"@id\":\"https:\\\/\\\/www.people-abroad.de\\\/blog\\\/suedschwarzwald-wandern-ibach\\\/#primaryimage\"},\"image\":{\"@id\":\"https:\\\/\\\/www.people-abroad.de\\\/blog\\\/suedschwarzwald-wandern-ibach\\\/#primaryimage\"},\"thumbnailUrl\":\"https:\\\/\\\/www.people-abroad.de\\\/blog\\\/wp-content\\\/uploads\\\/2019\\\/09\\\/suedschwarzwald-wandern-ibacher-panroamaweg-30.jpg\",\"datePublished\":\"2019-09-25T06:54:47+00:00\",\"dateModified\":\"2026-01-29T12:15:03+00:00\",\"description\":\"Der S\u00fcdschwarzwald lockt mit W\u00e4ldern, Wiesen und sch\u00f6nen H\u00f6henpfaden. Hier findest du Wandertipps f\u00fcr die Region und den Ibacher Panoramaweg.\",\"breadcrumb\":{\"@id\":\"https:\\\/\\\/www.people-abroad.de\\\/blog\\\/suedschwarzwald-wandern-ibach\\\/#breadcrumb\"},\"inLanguage\":\"de\",\"potentialAction\":[{\"@type\":\"ReadAction\",\"target\":[\"https:\\\/\\\/www.people-abroad.de\\\/blog\\\/suedschwarzwald-wandern-ibach\\\/\"]}]},{\"@type\":\"ImageObject\",\"inLanguage\":\"de\",\"@id\":\"https:\\\/\\\/www.people-abroad.de\\\/blog\\\/suedschwarzwald-wandern-ibach\\\/#primaryimage\",\"url\":\"https:\\\/\\\/www.people-abroad.de\\\/blog\\\/wp-content\\\/uploads\\\/2019\\\/09\\\/suedschwarzwald-wandern-ibacher-panroamaweg-30.jpg\",\"contentUrl\":\"https:\\\/\\\/www.people-abroad.de\\\/blog\\\/wp-content\\\/uploads\\\/2019\\\/09\\\/suedschwarzwald-wandern-ibacher-panroamaweg-30.jpg\",\"width\":1000,\"height\":750},{\"@type\":\"BreadcrumbList\",\"@id\":\"https:\\\/\\\/www.people-abroad.de\\\/blog\\\/suedschwarzwald-wandern-ibach\\\/#breadcrumb\",\"itemListElement\":[{\"@type\":\"ListItem\",\"position\":1,\"name\":\"Startseite\",\"item\":\"https:\\\/\\\/www.people-abroad.de\\\/blog\\\/\"},{\"@type\":\"ListItem\",\"position\":2,\"name\":\"S\u00fcdschwarzwald: Wandern mit Blick auf Ibach\"}]},{\"@type\":\"WebSite\",\"@id\":\"https:\\\/\\\/www.people-abroad.de\\\/blog\\\/#website\",\"url\":\"https:\\\/\\\/www.people-abroad.de\\\/blog\\\/\",\"name\":\"People Abroad\",\"description\":\"Reiseblog\",\"publisher\":{\"@id\":\"https:\\\/\\\/www.people-abroad.de\\\/blog\\\/#\\\/schema\\\/person\\\/2a518a154d93ee6cf0b146bc327329b3\"},\"potentialAction\":[{\"@type\":\"SearchAction\",\"target\":{\"@type\":\"EntryPoint\",\"urlTemplate\":\"https:\\\/\\\/www.people-abroad.de\\\/blog\\\/?s={search_term_string}\"},\"query-input\":{\"@type\":\"PropertyValueSpecification\",\"valueRequired\":true,\"valueName\":\"search_term_string\"}}],\"inLanguage\":\"de\"},{\"@type\":[\"Person\",\"Organization\"],\"@id\":\"https:\\\/\\\/www.people-abroad.de\\\/blog\\\/#\\\/schema\\\/person\\\/2a518a154d93ee6cf0b146bc327329b3\",\"name\":\"Heiko M\u00fcller\",\"logo\":{\"@id\":\"https:\\\/\\\/www.people-abroad.de\\\/blog\\\/#\\\/schema\\\/person\\\/image\\\/\"},\"description\":\"Ich bin Reiseblogger, Content Creator und Redakteur. Auf Reisen erkunde ich gerne neue Regionen, St\u00e4dte und Orte beim Fotografieren, Wandern und Radfahren. F\u00fcr weitere Reisetipps folge mir auf Instagram, Facebook &amp; Co. Mehr Infos zum Blog findest du hier: https:\\\/\\\/www.people-abroad.de\\\/blog\\\/pr-media\\\/. Kontakt: h.mueller@people-abroad.de\",\"sameAs\":[\"https:\\\/\\\/www.people-abroad.de\\\/blog\\\/\",\"https:\\\/\\\/www.facebook.com\\\/menschen.international\\\/\",\"https:\\\/\\\/www.instagram.com\\\/people.abroad\\\/\",\"https:\\\/\\\/www.linkedin.com\\\/in\\\/muellerheiko\\\/\",\"https:\\\/\\\/www.pinterest.de\\\/peopleabroad\\\/\",\"https:\\\/\\\/x.com\\\/People_Abroad\",\"https:\\\/\\\/www.youtube.com\\\/user\\\/MenschenInt\"],\"url\":\"https:\\\/\\\/www.people-abroad.de\\\/blog\\\/author\\\/admin\\\/\"}]}<\/script>\n<!-- \/ Yoast SEO plugin. -->","yoast_head_json":{"title":"S\u00fcdschwarzwald: Wandern mit Blick auf Ibach - People Abroad","description":"Der S\u00fcdschwarzwald lockt mit W\u00e4ldern, Wiesen und sch\u00f6nen H\u00f6henpfaden. Hier findest du Wandertipps f\u00fcr die Region und den Ibacher Panoramaweg.","robots":{"index":"index","follow":"follow","max-snippet":"max-snippet:-1","max-image-preview":"max-image-preview:large","max-video-preview":"max-video-preview:-1"},"canonical":"https:\/\/www.people-abroad.de\/blog\/suedschwarzwald-wandern-ibach\/","og_locale":"de_DE","og_type":"article","og_title":"S\u00fcdschwarzwald: Wandern mit Blick auf Ibach - People Abroad","og_description":"Der S\u00fcdschwarzwald lockt mit W\u00e4ldern, Wiesen und sch\u00f6nen H\u00f6henpfaden. Hier findest du Wandertipps f\u00fcr die Region und den Ibacher Panoramaweg.","og_url":"https:\/\/www.people-abroad.de\/blog\/suedschwarzwald-wandern-ibach\/","og_site_name":"People Abroad","article_publisher":"https:\/\/www.facebook.com\/menschen.international\/","article_author":"https:\/\/www.facebook.com\/menschen.international\/","article_published_time":"2019-09-25T06:54:47+00:00","article_modified_time":"2026-01-29T12:15:03+00:00","og_image":[{"width":1000,"height":750,"url":"https:\/\/www.people-abroad.de\/blog\/wp-content\/uploads\/2019\/09\/suedschwarzwald-wandern-ibacher-panroamaweg-30.jpg","type":"image\/jpeg"}],"author":"Heiko M\u00fcller","twitter_card":"summary_large_image","twitter_creator":"@People_Abroad","twitter_site":"@People_Abroad","twitter_misc":{"Verfasst von":"Heiko M\u00fcller","Gesch\u00e4tzte Lesezeit":"11\u00a0Minuten"},"schema":{"@context":"https:\/\/schema.org","@graph":[{"@type":"Article","@id":"https:\/\/www.people-abroad.de\/blog\/suedschwarzwald-wandern-ibach\/#article","isPartOf":{"@id":"https:\/\/www.people-abroad.de\/blog\/suedschwarzwald-wandern-ibach\/"},"author":{"name":"Heiko M\u00fcller","@id":"https:\/\/www.people-abroad.de\/blog\/#\/schema\/person\/2a518a154d93ee6cf0b146bc327329b3"},"headline":"S\u00fcdschwarzwald: Wandern mit Blick auf Ibach","datePublished":"2019-09-25T06:54:47+00:00","dateModified":"2026-01-29T12:15:03+00:00","mainEntityOfPage":{"@id":"https:\/\/www.people-abroad.de\/blog\/suedschwarzwald-wandern-ibach\/"},"wordCount":1245,"commentCount":2,"publisher":{"@id":"https:\/\/www.people-abroad.de\/blog\/#\/schema\/person\/2a518a154d93ee6cf0b146bc327329b3"},"image":{"@id":"https:\/\/www.people-abroad.de\/blog\/suedschwarzwald-wandern-ibach\/#primaryimage"},"thumbnailUrl":"https:\/\/www.people-abroad.de\/blog\/wp-content\/uploads\/2019\/09\/suedschwarzwald-wandern-ibacher-panroamaweg-30.jpg","keywords":["Baden-W\u00fcrttemberg"],"articleSection":["Deutschland","Wandern"],"inLanguage":"de","potentialAction":[{"@type":"CommentAction","name":"Comment","target":["https:\/\/www.people-abroad.de\/blog\/suedschwarzwald-wandern-ibach\/#respond"]}]},{"@type":"WebPage","@id":"https:\/\/www.people-abroad.de\/blog\/suedschwarzwald-wandern-ibach\/","url":"https:\/\/www.people-abroad.de\/blog\/suedschwarzwald-wandern-ibach\/","name":"S\u00fcdschwarzwald: Wandern mit Blick auf Ibach - People Abroad","isPartOf":{"@id":"https:\/\/www.people-abroad.de\/blog\/#website"},"primaryImageOfPage":{"@id":"https:\/\/www.people-abroad.de\/blog\/suedschwarzwald-wandern-ibach\/#primaryimage"},"image":{"@id":"https:\/\/www.people-abroad.de\/blog\/suedschwarzwald-wandern-ibach\/#primaryimage"},"thumbnailUrl":"https:\/\/www.people-abroad.de\/blog\/wp-content\/uploads\/2019\/09\/suedschwarzwald-wandern-ibacher-panroamaweg-30.jpg","datePublished":"2019-09-25T06:54:47+00:00","dateModified":"2026-01-29T12:15:03+00:00","description":"Der S\u00fcdschwarzwald lockt mit W\u00e4ldern, Wiesen und sch\u00f6nen H\u00f6henpfaden. Hier findest du Wandertipps f\u00fcr die Region und den Ibacher Panoramaweg.","breadcrumb":{"@id":"https:\/\/www.people-abroad.de\/blog\/suedschwarzwald-wandern-ibach\/#breadcrumb"},"inLanguage":"de","potentialAction":[{"@type":"ReadAction","target":["https:\/\/www.people-abroad.de\/blog\/suedschwarzwald-wandern-ibach\/"]}]},{"@type":"ImageObject","inLanguage":"de","@id":"https:\/\/www.people-abroad.de\/blog\/suedschwarzwald-wandern-ibach\/#primaryimage","url":"https:\/\/www.people-abroad.de\/blog\/wp-content\/uploads\/2019\/09\/suedschwarzwald-wandern-ibacher-panroamaweg-30.jpg","contentUrl":"https:\/\/www.people-abroad.de\/blog\/wp-content\/uploads\/2019\/09\/suedschwarzwald-wandern-ibacher-panroamaweg-30.jpg","width":1000,"height":750},{"@type":"BreadcrumbList","@id":"https:\/\/www.people-abroad.de\/blog\/suedschwarzwald-wandern-ibach\/#breadcrumb","itemListElement":[{"@type":"ListItem","position":1,"name":"Startseite","item":"https:\/\/www.people-abroad.de\/blog\/"},{"@type":"ListItem","position":2,"name":"S\u00fcdschwarzwald: Wandern mit Blick auf Ibach"}]},{"@type":"WebSite","@id":"https:\/\/www.people-abroad.de\/blog\/#website","url":"https:\/\/www.people-abroad.de\/blog\/","name":"People Abroad","description":"Reiseblog","publisher":{"@id":"https:\/\/www.people-abroad.de\/blog\/#\/schema\/person\/2a518a154d93ee6cf0b146bc327329b3"},"potentialAction":[{"@type":"SearchAction","target":{"@type":"EntryPoint","urlTemplate":"https:\/\/www.people-abroad.de\/blog\/?s={search_term_string}"},"query-input":{"@type":"PropertyValueSpecification","valueRequired":true,"valueName":"search_term_string"}}],"inLanguage":"de"},{"@type":["Person","Organization"],"@id":"https:\/\/www.people-abroad.de\/blog\/#\/schema\/person\/2a518a154d93ee6cf0b146bc327329b3","name":"Heiko M\u00fcller","logo":{"@id":"https:\/\/www.people-abroad.de\/blog\/#\/schema\/person\/image\/"},"description":"Ich bin Reiseblogger, Content Creator und Redakteur. Auf Reisen erkunde ich gerne neue Regionen, St\u00e4dte und Orte beim Fotografieren, Wandern und Radfahren. F\u00fcr weitere Reisetipps folge mir auf Instagram, Facebook &amp; Co. Mehr Infos zum Blog findest du hier: https:\/\/www.people-abroad.de\/blog\/pr-media\/. Kontakt: h.mueller@people-abroad.de","sameAs":["https:\/\/www.people-abroad.de\/blog\/","https:\/\/www.facebook.com\/menschen.international\/","https:\/\/www.instagram.com\/people.abroad\/","https:\/\/www.linkedin.com\/in\/muellerheiko\/","https:\/\/www.pinterest.de\/peopleabroad\/","https:\/\/x.com\/People_Abroad","https:\/\/www.youtube.com\/user\/MenschenInt"],"url":"https:\/\/www.people-abroad.de\/blog\/author\/admin\/"}]}},"_links":{"self":[{"href":"https:\/\/www.people-abroad.de\/blog\/wp-json\/wp\/v2\/posts\/13777","targetHints":{"allow":["GET"]}}],"collection":[{"href":"https:\/\/www.people-abroad.de\/blog\/wp-json\/wp\/v2\/posts"}],"about":[{"href":"https:\/\/www.people-abroad.de\/blog\/wp-json\/wp\/v2\/types\/post"}],"author":[{"embeddable":true,"href":"https:\/\/www.people-abroad.de\/blog\/wp-json\/wp\/v2\/users\/1"}],"replies":[{"embeddable":true,"href":"https:\/\/www.people-abroad.de\/blog\/wp-json\/wp\/v2\/comments?post=13777"}],"version-history":[{"count":4,"href":"https:\/\/www.people-abroad.de\/blog\/wp-json\/wp\/v2\/posts\/13777\/revisions"}],"predecessor-version":[{"id":38036,"href":"https:\/\/www.people-abroad.de\/blog\/wp-json\/wp\/v2\/posts\/13777\/revisions\/38036"}],"wp:attachment":[{"href":"https:\/\/www.people-abroad.de\/blog\/wp-json\/wp\/v2\/media?parent=13777"}],"wp:term":[{"taxonomy":"category","embeddable":true,"href":"https:\/\/www.people-abroad.de\/blog\/wp-json\/wp\/v2\/categories?post=13777"},{"taxonomy":"post_tag","embeddable":true,"href":"https:\/\/www.people-abroad.de\/blog\/wp-json\/wp\/v2\/tags?post=13777"}],"curies":[{"name":"wp","href":"https:\/\/api.w.org\/{rel}","templated":true}]}}