{"id":12570,"date":"2019-08-04T08:00:45","date_gmt":"2019-08-04T06:00:45","guid":{"rendered":"https:\/\/www.people-abroad.de\/blog\/?p=12570"},"modified":"2023-06-12T22:30:08","modified_gmt":"2023-06-12T20:30:08","slug":"wanderrucksack-kaufen-tipps","status":"publish","type":"post","link":"https:\/\/www.people-abroad.de\/blog\/wanderrucksack-kaufen-tipps\/","title":{"rendered":"15 Outdoor-Blogger zeigen ihren Wanderrucksack"},"content":{"rendered":"<div id=\"ez-toc-container\" class=\"ez-toc-v2_0_82_2 counter-flat ez-toc-counter ez-toc-grey ez-toc-container-direction\">\n<div class=\"ez-toc-title-container\">\n<p class=\"ez-toc-title\" style=\"cursor:inherit\">Inhaltsverzeichnis<\/p>\n<span class=\"ez-toc-title-toggle\"><a href=\"#\" class=\"ez-toc-pull-right ez-toc-btn ez-toc-btn-xs ez-toc-btn-default ez-toc-toggle\" aria-label=\"Toggle Table of Content\"><span class=\"ez-toc-js-icon-con\"><span class=\"\"><span class=\"eztoc-hide\" style=\"display:none;\">Toggle<\/span><span class=\"ez-toc-icon-toggle-span\"><svg style=\"fill: #999;color:#999\" xmlns=\"http:\/\/www.w3.org\/2000\/svg\" class=\"list-377408\" width=\"20px\" height=\"20px\" viewBox=\"0 0 24 24\" fill=\"none\"><path d=\"M6 6H4v2h2V6zm14 0H8v2h12V6zM4 11h2v2H4v-2zm16 0H8v2h12v-2zM4 16h2v2H4v-2zm16 0H8v2h12v-2z\" fill=\"currentColor\"><\/path><\/svg><svg style=\"fill: #999;color:#999\" class=\"arrow-unsorted-368013\" xmlns=\"http:\/\/www.w3.org\/2000\/svg\" width=\"10px\" height=\"10px\" viewBox=\"0 0 24 24\" version=\"1.2\" baseProfile=\"tiny\"><path d=\"M18.2 9.3l-6.2-6.3-6.2 6.3c-.2.2-.3.4-.3.7s.1.5.3.7c.2.2.4.3.7.3h11c.3 0 .5-.1.7-.3.2-.2.3-.5.3-.7s-.1-.5-.3-.7zM5.8 14.7l6.2 6.3 6.2-6.3c.2-.2.3-.5.3-.7s-.1-.5-.3-.7c-.2-.2-.4-.3-.7-.3h-11c-.3 0-.5.1-.7.3-.2.2-.3.5-.3.7s.1.5.3.7z\"\/><\/svg><\/span><\/span><\/span><\/a><\/span><\/div>\n<nav><ul class='ez-toc-list ez-toc-list-level-1 eztoc-toggle-hide-by-default' ><li class='ez-toc-page-1'><a class=\"ez-toc-link ez-toc-heading-1\" href=\"https:\/\/www.people-abroad.de\/blog\/wanderrucksack-kaufen-tipps\/#Welcher_Wanderrucksack_ist_perfekt_fuer_mich\" >Welcher Wanderrucksack ist perfekt f\u00fcr mich?<\/a><\/li><li class='ez-toc-page-1'><a class=\"ez-toc-link ez-toc-heading-2\" href=\"https:\/\/www.people-abroad.de\/blog\/wanderrucksack-kaufen-tipps\/#Joerg_vom_Blog_%E2%80%9EOutdoorsuechtig%E2%80%9C\" >J\u00f6rg vom Blog &#8222;Outdoors\u00fcchtig&#8220;:<\/a><\/li><li class='ez-toc-page-1'><a class=\"ez-toc-link ez-toc-heading-3\" href=\"https:\/\/www.people-abroad.de\/blog\/wanderrucksack-kaufen-tipps\/#Daniel_vom_Blog_%E2%80%9ERucksacktraeger%E2%80%9C\" >Daniel vom Blog &#8222;Rucksacktr\u00e4ger&#8220;:<\/a><\/li><li class='ez-toc-page-1'><a class=\"ez-toc-link ez-toc-heading-4\" href=\"https:\/\/www.people-abroad.de\/blog\/wanderrucksack-kaufen-tipps\/#Bianca_vom_Blog_%E2%80%9ELebedraussen%E2%80%9C\" >Bianca vom Blog &#8222;Lebedraussen&#8220;:<\/a><\/li><li class='ez-toc-page-1'><a class=\"ez-toc-link ez-toc-heading-5\" href=\"https:\/\/www.people-abroad.de\/blog\/wanderrucksack-kaufen-tipps\/#Mario_vom_%E2%80%9EAlpin-Blog%E2%80%9C\" >Mario vom &#8222;Alpin-Blog&#8220;:<\/a><\/li><li class='ez-toc-page-1'><a class=\"ez-toc-link ez-toc-heading-6\" href=\"https:\/\/www.people-abroad.de\/blog\/wanderrucksack-kaufen-tipps\/#Bjoern_vom_Blog_%E2%80%9EBergtouren_im_Allgaeu%E2%80%9C\" >Bj\u00f6rn vom Blog &#8222;Bergtouren im Allg\u00e4u&#8220;:<\/a><\/li><li class='ez-toc-page-1'><a class=\"ez-toc-link ez-toc-heading-7\" href=\"https:\/\/www.people-abroad.de\/blog\/wanderrucksack-kaufen-tipps\/#Romy_vom_Blog_%E2%80%9EEtappen-Wandern%E2%80%9C\" >Romy vom Blog &#8222;Etappen-Wandern&#8220;:<\/a><\/li><li class='ez-toc-page-1'><a class=\"ez-toc-link ez-toc-heading-8\" href=\"https:\/\/www.people-abroad.de\/blog\/wanderrucksack-kaufen-tipps\/#Sven_vom_Blog_%E2%80%9EtheBackpacker%E2%80%9C\" >Sven vom Blog &#8222;theBackpacker&#8220;:<\/a><\/li><li class='ez-toc-page-1'><a class=\"ez-toc-link ez-toc-heading-9\" href=\"https:\/\/www.people-abroad.de\/blog\/wanderrucksack-kaufen-tipps\/#Jan_vom_Blog_%E2%80%9EDeutschlandjaeger%E2%80%9C\" >Jan vom Blog &#8222;Deutschlandj\u00e4ger&#8220;:<\/a><\/li><li class='ez-toc-page-1'><a class=\"ez-toc-link ez-toc-heading-10\" href=\"https:\/\/www.people-abroad.de\/blog\/wanderrucksack-kaufen-tipps\/#Corinna_vom_Blog_%E2%80%9EOutdoormaedchen%E2%80%9C\" >Corinna vom Blog &#8222;Outdoorm\u00e4dchen&#8220;:<\/a><\/li><li class='ez-toc-page-1'><a class=\"ez-toc-link ez-toc-heading-11\" href=\"https:\/\/www.people-abroad.de\/blog\/wanderrucksack-kaufen-tipps\/#Elke_vom_Blog_%E2%80%9EFotografische_Reisen_und_Wanderungen%E2%80%9C\" >Elke vom Blog &#8222;Fotografische Reisen und Wanderungen&#8220;:<\/a><\/li><li class='ez-toc-page-1'><a class=\"ez-toc-link ez-toc-heading-12\" href=\"https:\/\/www.people-abroad.de\/blog\/wanderrucksack-kaufen-tipps\/#Ralf_vom_Blog_%E2%80%9Evia-ferratade%E2%80%9C\" >Ralf vom Blog &#8222;via-ferrata.de&#8220;:<\/a><\/li><li class='ez-toc-page-1'><a class=\"ez-toc-link ez-toc-heading-13\" href=\"https:\/\/www.people-abroad.de\/blog\/wanderrucksack-kaufen-tipps\/#Thomas_und_Jannik_vom_Blog_%E2%80%9ETrekkinglife%E2%80%9C\" >Thomas und Jannik vom Blog &#8222;Trekkinglife&#8220;:<\/a><\/li><li class='ez-toc-page-1'><a class=\"ez-toc-link ez-toc-heading-14\" href=\"https:\/\/www.people-abroad.de\/blog\/wanderrucksack-kaufen-tipps\/#Detlef_vom_Blog_%E2%80%9EOutdoortestinfo%E2%80%9C\" >Detlef vom Blog &#8222;Outdoortest.info&#8220;:<\/a><\/li><li class='ez-toc-page-1'><a class=\"ez-toc-link ez-toc-heading-15\" href=\"https:\/\/www.people-abroad.de\/blog\/wanderrucksack-kaufen-tipps\/#Anita_und_Claudia_vom_Blog_%E2%80%9EAktiv_durch_das_Leben%E2%80%9C\" >Anita und Claudia vom Blog &#8222;Aktiv durch das Leben&#8220;:<\/a><\/li><li class='ez-toc-page-1'><a class=\"ez-toc-link ez-toc-heading-16\" href=\"https:\/\/www.people-abroad.de\/blog\/wanderrucksack-kaufen-tipps\/#Udo_vom_Blog_%E2%80%9EWaldhelden%E2%80%9C\" >Udo vom Blog &#8222;Waldhelden&#8220;:<\/a><\/li><\/ul><\/nav><\/div>\n<p><a href=\"https:\/\/www.people-abroad.de\/blog\/wanderrucksack-kaufen-tipps\/\"><img decoding=\"async\" class=\"alignleft wp-image-13257 size-full\" style=\"margin-bottom: 25px;\" src=\"https:\/\/www.people-abroad.de\/blog\/wp-content\/uploads\/2019\/08\/wanderrucksack-sven-becker-thebackpacker-blog-2.jpg\" alt=\"Wanderrucksack kaufen Tipps Sven Becker theBackpacker.de Blog\" width=\"1000\" height=\"655\" srcset=\"https:\/\/www.people-abroad.de\/blog\/wp-content\/uploads\/2019\/08\/wanderrucksack-sven-becker-thebackpacker-blog-2.jpg 1000w, https:\/\/www.people-abroad.de\/blog\/wp-content\/uploads\/2019\/08\/wanderrucksack-sven-becker-thebackpacker-blog-2-300x197.jpg 300w, https:\/\/www.people-abroad.de\/blog\/wp-content\/uploads\/2019\/08\/wanderrucksack-sven-becker-thebackpacker-blog-2-768x503.jpg 768w, https:\/\/www.people-abroad.de\/blog\/wp-content\/uploads\/2019\/08\/wanderrucksack-sven-becker-thebackpacker-blog-2-400x262.jpg 400w\" sizes=\"(max-width: 1000px) 100vw, 1000px\" \/><\/a><\/p>\n<p>[Werbung] Welchen Wanderrucksack soll ich mir kaufen? Eine Kaufentscheidung ist oft schwierig und die Auswahl riesig. Diese 15 Outdoor-Blogger geben Tipps zu ihrem Lieblingsrucksack.<!--more--><span id=\"more-8331\"><\/span><\/p>\n<p>&nbsp;<\/p>\n<p>Werbung, da Marken erw\u00e4hnt<em><br \/>\n<\/em><\/p>\n<h2><span class=\"ez-toc-section\" id=\"Welcher_Wanderrucksack_ist_perfekt_fuer_mich\"><\/span>Welcher Wanderrucksack ist perfekt f\u00fcr mich?<span class=\"ez-toc-section-end\"><\/span><\/h2>\n<p>Wenn man sich einen Wanderrucksack kaufen m\u00f6chte, hat man inzwischen die Qual der Wahl. Der Markt ist riesig, die Auswahl enorm. Selbst der erfahrene Wanderer steht, wenn der geliebte Rucksack irgendwann mal nicht mehr zu retten ist, vor der Frage: Welcher Rucksack macht diesmal das Rennen?<\/p>\n<p>Meine Motivation f\u00fcr diesen Artikel war schlichte Neugierde. Ich wollte wissen mit welchem Rucksack meine Blogger-Kollegen so unterwegs sind, wenn sie von ihren spannenden Touren berichten, \u00fcber die ich gerne lese. Vielleicht hilft dieser Artikel einigen, wenn der n\u00e4chsten Kauf ansteht, wohin die Reise gehen k\u00f6nnte.<\/p>\n<p>Hier sind die Lieblingswanderrucks\u00e4cke von 15 Outdoor-Bloggern:<\/p>\n<p>Weitere Wander- und Outdoor-Tipps von Bloggern findest du hier:<br \/>\n<a href=\"https:\/\/www.people-abroad.de\/blog\/wanderschuhe-kaufen-tipps\/\">12 Outdoor-Blogger zeigen ihre Wanderschuhe<\/a><br \/>\n<a href=\"https:\/\/www.people-abroad.de\/blog\/regenjacke-kaufen-tipps\/\">12 Outdoor-Blogger zeigen ihre Regenjacke<\/a><\/p>\n<h2><span class=\"ez-toc-section\" id=\"Joerg_vom_Blog_%E2%80%9EOutdoorsuechtig%E2%80%9C\"><\/span>J\u00f6rg vom Blog &#8222;Outdoors\u00fcchtig&#8220;:<span class=\"ez-toc-section-end\"><\/span><\/h2>\n<p><img decoding=\"async\" class=\"alignleft wp-image-13254 size-full\" style=\"margin-bottom: 25px;\" src=\"https:\/\/www.people-abroad.de\/blog\/wp-content\/uploads\/2019\/08\/joerg-thamer-outdoorsuechtig-blog.jpg\" alt=\"Wanderrucksack kaufen Tipps Deuter ACT Lite 50+10 J\u00f6rg Thamer Outdoors\u00fcchtig Blog\" width=\"1000\" height=\"563\" srcset=\"https:\/\/www.people-abroad.de\/blog\/wp-content\/uploads\/2019\/08\/joerg-thamer-outdoorsuechtig-blog.jpg 1000w, https:\/\/www.people-abroad.de\/blog\/wp-content\/uploads\/2019\/08\/joerg-thamer-outdoorsuechtig-blog-300x169.jpg 300w, https:\/\/www.people-abroad.de\/blog\/wp-content\/uploads\/2019\/08\/joerg-thamer-outdoorsuechtig-blog-768x432.jpg 768w, https:\/\/www.people-abroad.de\/blog\/wp-content\/uploads\/2019\/08\/joerg-thamer-outdoorsuechtig-blog-400x225.jpg 400w\" sizes=\"(max-width: 1000px) 100vw, 1000px\" \/><\/p>\n<p>Wenn es um l\u00e4ngere Trekkingtouren geht, ist der <strong>Deuter ACT Lite 50+10<\/strong> mein liebster Begleiter. Zwar ist es nicht mehr das allerneuste Modell, macht aber immer noch \u00fcberall eine gute Figur. Ob auf H\u00fcttentour in Norwegen, auf dem Meraner H\u00f6henweg oder wie zuletzt auf meiner <a href=\"https:\/\/outdoorsuechtig.de\/2019\/07\/31\/pilgern-camino-del-norte-baskenland\/\">Pilgerreise am Camino del Norte<\/a>. Was mir besonders gef\u00e4llt, ist das Vari-Quick System, mit dem ich die Tr\u00e4gerh\u00f6he leicht einstellen kann. Zudem ist der H\u00fcftgurt sch\u00f6n breit und gut gepolstert. Mit gemessenen ca. 1.700 Gramm ist der Deuter ACT Lite f\u00fcr einen Rucksack dieser Gr\u00f6\u00dfenordnung relativ leicht. So tr\u00e4gt er sich richtig angenehm.<\/p>\n<p><a name=\"_GoBack\"><\/a>Mit bis zu 60 Litern passt alles hinein, was man f\u00fcr eine mehrt\u00e4gige Tour ben\u00f6tigt. Jede Menge praktische F\u00e4cher im Inneren und am H\u00fcftgurt helfen mir, Ordnung zu halten. Die vielen Schlaufen f\u00fcr Helm, Wanderst\u00f6cke oder \u00e4hnliches benutze ich in der Regel nicht. Praktisch finde ich die Durchf\u00fchrm\u00f6glichkeit f\u00fcr einen Trinkschlauch. Das einzige, was dem Rucksack fehlt, was ich aber gerade auf l\u00e4ngeren Touren unbedingt f\u00fcr n\u00f6tig halte, ist ein Raincover. Aber kein Problem, ich habe mir nachtr\u00e4glich eins dazu gekauft.<\/p>\n<p>Schonen tue ich meinen Rucksack auf meinen Touren nicht gerade. Er sieht trotzdem auch nach den vielen Jahren noch fast wie neu aus. Alle Rei\u00dfverschl\u00fcsse funktionieren nach wie vor, keine Schlaufe ist abgerissen und alle Schnallen sind noch ganz. Robust, praktisch, zuverl\u00e4ssig\u2026 im August kommt er wieder mit auf den Grenzg\u00e4nger in die Allg\u00e4uer Alpen! Und ich bin sicher: auch dort wird er mich nicht entt\u00e4uschen.<\/p>\n<p><b>Zum Blogger: J\u00f6rg<\/b>\u00a0liebt die Natur, ausgiebige Geocaching- und Wandertouren sowie das Reisen. Mit seinem Blog\u00a0<a href=\"https:\/\/outdoorsuechtig.de\/\"><b>Outdoorsuechtig.de<\/b><\/a>\u00a0m\u00f6chte er seine Leser mit nach drau\u00dfen nehmen, ihnen interessante Wanderungen und Regionen vorstellen sowie Tipps, Tricks und Anregungen rund um das Thema Wandern geben.<\/p>\n<p>&nbsp;<\/p>\n<h2><span class=\"ez-toc-section\" id=\"Daniel_vom_Blog_%E2%80%9ERucksacktraeger%E2%80%9C\"><\/span>Daniel vom Blog &#8222;Rucksacktr\u00e4ger&#8220;:<span class=\"ez-toc-section-end\"><\/span><\/h2>\n<p><img decoding=\"async\" class=\"alignleft wp-image-13253 size-full\" style=\"margin-bottom: 25px;\" src=\"https:\/\/www.people-abroad.de\/blog\/wp-content\/uploads\/2019\/08\/daniel-schoeberl-rucksacktraeger.com-blog.jpg\" alt=\"Wanderrucksack kaufen Tipps Deuter Futura 28 Daniel Sch\u00f6berl Rucksacktr\u00e4ger.com Blog\" width=\"1000\" height=\"563\" srcset=\"https:\/\/www.people-abroad.de\/blog\/wp-content\/uploads\/2019\/08\/daniel-schoeberl-rucksacktraeger.com-blog.jpg 1000w, https:\/\/www.people-abroad.de\/blog\/wp-content\/uploads\/2019\/08\/daniel-schoeberl-rucksacktraeger.com-blog-300x169.jpg 300w, https:\/\/www.people-abroad.de\/blog\/wp-content\/uploads\/2019\/08\/daniel-schoeberl-rucksacktraeger.com-blog-768x432.jpg 768w, https:\/\/www.people-abroad.de\/blog\/wp-content\/uploads\/2019\/08\/daniel-schoeberl-rucksacktraeger.com-blog-400x225.jpg 400w\" sizes=\"(max-width: 1000px) 100vw, 1000px\" \/><\/p>\n<p>Als &#8222;Rucksacktr\u00e4ger&#8220; habe ich nat\u00fcrlich nicht nur einen Rucksack zum Wandern, sondern gleich mehrere. Zuletzt kam bei meiner 4-t\u00e4gigen H\u00fcttentour durchs Pitztal und einer Tagestour am Reschensee der <strong>Deuter Futura 28<\/strong> zum Einsatz, den ich sehr sch\u00e4tze. Trotz seiner 28 Liter Volumen ist er sehr vielseitig einsetzbar und auch f\u00fcr l\u00e4ngere Touren geeignet.<\/p>\n<p align=\"LEFT\">Besonders gut gef\u00e4llt mir die zweifach-beschichtete Polsterung, die einen nahezu perfekten Tragekomfort bietet. Gleiches trifft auf den Lendengurt zu, der ebenso gut wie der h\u00f6henverstellbare Brustgurt daf\u00fcr sorgt, dass der Rucksack fest sitzt. Scheuern oder Schulterschmerzen waren bei mir bisher Fehlanzeige.<\/p>\n<p align=\"LEFT\">Auch um die Wanderst\u00f6cke, einen Klettergurt und einen Helm f\u00fcr anspruchsvollere Touren zu befestigen, gibt es gen\u00fcgend M\u00f6glichkeiten. Zudem l\u00e4sst sich die Trinkblase recht gut verstauen und der Trinkschlauch baumelt nicht wie wild in der Gegend herum.<\/p>\n<p align=\"LEFT\">Das R\u00fcckennetz, auf das ich bei Wandertouren gro\u00dfen Wert lege, bietet au\u00dferdem eine sehr gute Bel\u00fcftung, damit der R\u00fccken bei anstrengenden Touren m\u00f6glichst lange trocken bleibt. \u00a0Sollte es einmal regnen, dann kommt die integrierte Regenh\u00fclle zum Einsatz.<\/p>\n<p align=\"LEFT\">Auch, wenn mein Wanderrucksack so langsam zu den Auslaufmodellen z\u00e4hlt, so bin ich mir sicher, dass mich der Deuter Futura 28 noch bei vielen Touren begleiten wird. Meine aktuelle Nummer 1 bei Wanderungen!<\/p>\n<p align=\"LEFT\"><strong>Zum Blogger: Daniel<\/strong> bloggt seit mehr als zehn Jahren auf <strong><a href=\"https:\/\/rucksacktraeger.com\">Rucksacktraeger.com<\/a><\/strong> \u00fcber seine Reisen, auf denen individuelle Abenteuer und der Outdoorsport stets eine gro\u00dfe Rolle spielen.<\/p>\n<p>&nbsp;<\/p>\n<h2 align=\"LEFT\"><span class=\"ez-toc-section\" id=\"Bianca_vom_Blog_%E2%80%9ELebedraussen%E2%80%9C\"><\/span>Bianca vom Blog &#8222;Lebedraussen&#8220;:<span class=\"ez-toc-section-end\"><\/span><\/h2>\n<p align=\"LEFT\"><img decoding=\"async\" class=\"alignnone wp-image-13250 size-full\" style=\"margin-bottom: 25px;\" src=\"https:\/\/www.people-abroad.de\/blog\/wp-content\/uploads\/2019\/08\/bianca-gade-lebedraussen-blog.jpg\" alt=\"Wanderrucksack kaufen Tipps Deuter Aircontact Pro 55+15 Bianca Gade Lebedraussen Blog\" width=\"850\" height=\"600\" srcset=\"https:\/\/www.people-abroad.de\/blog\/wp-content\/uploads\/2019\/08\/bianca-gade-lebedraussen-blog.jpg 850w, https:\/\/www.people-abroad.de\/blog\/wp-content\/uploads\/2019\/08\/bianca-gade-lebedraussen-blog-300x212.jpg 300w, https:\/\/www.people-abroad.de\/blog\/wp-content\/uploads\/2019\/08\/bianca-gade-lebedraussen-blog-768x542.jpg 768w, https:\/\/www.people-abroad.de\/blog\/wp-content\/uploads\/2019\/08\/bianca-gade-lebedraussen-blog-400x282.jpg 400w\" sizes=\"(max-width: 850px) 100vw, 850px\" \/><\/p>\n<p align=\"LEFT\">Ich sage ja immer: man kann nie gen\u00fcgend Rucks\u00e4cke haben. Und so sieht es auch in meinem Schrank aus! Grunds\u00e4tzlich ben\u00f6tige ich f\u00fcr meine Touren unterschiedliche Rucks\u00e4cke, doch mein allerliebster ist ganz klar der <strong>Deuter Aircontact Pro 55+15 L<\/strong> in traumhaftem T\u00fcrkis.<\/p>\n<p>Da ich am liebsten mit dem Zelt unterwegs bin, bietet mir dieser Wanderrucksack nicht nur gen\u00fcgend, sondern auch flexibel Platz f\u00fcr alle Sachen, die ich f\u00fcr unterwegs und f\u00fcr mehrere Tage brauche. Meine Must-Haves sind dabei:<\/p>\n<ul>\n<li>der Rucksack muss sich auch seitlich beladen lassen<\/li>\n<li>hat unten ein separiertes Fach<\/li>\n<li>eine passende Regenh\u00fclle ist integriert<\/li>\n<li>er hat gen\u00fcgend \u00d6sen und F\u00e4cher, um schnell und unkompliziert an diverse Sachen zu kommen<\/li>\n<li>ein Ausgang f\u00fcr den Trinkschlauch ist vorhanden<\/li>\n<li>und er sollte auf die k\u00f6rpereigene Ergonomie anpassbar sein<\/li>\n<\/ul>\n<p>Der Deuter-Wanderrucksack ist mit 2,3 kg Leergewicht sicher nicht der leichteste, doch wenn ich die Wahl zwischen meinem 35 L Rucksack und diesem habe, w\u00fcrde ich immer auf den Deuter zur\u00fcckgreifen. Einfach, weil er mir perfekt passt und ich ihn kaum auf meinem R\u00fccken sp\u00fcre.<\/p>\n<p><strong>Zur Bloggerin: Bianca<\/strong> ist Deutsch-Brasilianerin und schreibt seit 2015 auf <strong><a href=\"https:\/\/lebedraussen.de\">lebedraussen.de<\/a><\/strong> \u00fcber Outdoorreisen in Europa. Vor einigen Jahren hat sie bei einer Norwegenreise das Wandern f\u00fcr sich entdeckt und hat diese Leidenschaft mittlerweile als Produktmanagerin f\u00fcr individuelle Wanderreisen zu ihrem Beruf gemacht.<\/p>\n<p>&nbsp;<\/p>\n<h2><span class=\"ez-toc-section\" id=\"Mario_vom_%E2%80%9EAlpin-Blog%E2%80%9C\"><\/span>Mario vom &#8222;Alpin-Blog&#8220;:<span class=\"ez-toc-section-end\"><\/span><\/h2>\n<p><img decoding=\"async\" class=\"alignleft wp-image-12874 size-full\" style=\"margin-bottom: 25px;\" src=\"https:\/\/www.people-abroad.de\/blog\/wp-content\/uploads\/2019\/07\/mario-kempf-alpin-blog-3.jpg\" alt=\"Wanderrucksack kaufen Tipps Osprey Variant 37 L Mario Kempf Alpin-blog.com Blog\" width=\"1000\" height=\"563\" srcset=\"https:\/\/www.people-abroad.de\/blog\/wp-content\/uploads\/2019\/07\/mario-kempf-alpin-blog-3.jpg 1000w, https:\/\/www.people-abroad.de\/blog\/wp-content\/uploads\/2019\/07\/mario-kempf-alpin-blog-3-300x169.jpg 300w, https:\/\/www.people-abroad.de\/blog\/wp-content\/uploads\/2019\/07\/mario-kempf-alpin-blog-3-768x432.jpg 768w, https:\/\/www.people-abroad.de\/blog\/wp-content\/uploads\/2019\/07\/mario-kempf-alpin-blog-3-400x225.jpg 400w\" sizes=\"(max-width: 1000px) 100vw, 1000px\" \/><\/p>\n<p>Mehr als sieben Jahre begleitet er mich nun schon treu auf anspruchsvollen Wegen im Gebirge: Der <strong>Osprey Variant 37 L<\/strong>. Meine Kaufkriterien waren prim\u00e4r die lange R\u00fcckenl\u00e4nge (ich selbst messe 195 cm K\u00f6rpergr\u00f6\u00dfe) sowie der hohe Tragekomfort, auch bei schweren Lasten von 15 bis 22 kg. Mittlerweile konnte er sich auf zahlreichen Mehrtagestouren, inklusive hochalpiner Skidurchquerungen wie der Haute Route, beweisen und hat seine Aufgabe perfekt erf\u00fcllt.<\/p>\n<p><a name=\"_GoBack\"><\/a>Die 37 Liter-Version bietet in R\u00fcckenl\u00e4nge Large etwas mehr Stauraum und damit mehr als gen\u00fcgend Platz f\u00fcr die komplette Hochtouren-, H\u00fctten-, Winterraum-, und Skiausr\u00fcstung inkl. Ski, zwei Eisger\u00e4te, Seil, Schlafsack, etc. Trotzdem hat er eine schlanke Silhouette und liegt nahe am R\u00fccken an. Die Deuter-Helmhalterung habe ich mittels kleiner Seilschlaufen nachtr\u00e4glich angebracht und das ist eine sinnvolle Erg\u00e4nzung.<\/p>\n<p>Der Rucksack wird pro Jahr rund 30 mal verwendet und weist dementsprechende Abnutzungserscheinungen auf. Toll finde ich die lebenslange Garantie, die Osprey auf seine Produkte gibt. In diesem Rahmen wurden bisher der H\u00fcftgurt sowie das Deckelfach getauscht. Beide sind \u00fcbrigens abnehmbar, was ggf. Gewicht und Gr\u00f6\u00dfe reduziert.<\/p>\n<p><strong>Zum Blogger: Mario<\/strong> ist Vollblut-Alpinist aus Leidenschaft und Wahlvorarlberger. Auf <a href=\"http:\/\/www.alpin-blog.com\"><strong>Alpin-blog.com<\/strong><\/a>\u00a0berichtet der staatlich gepr\u00fcfte Instruktor f\u00fcr Skitouren und Hochtouren von seinen Abenteuern in der alpinen Bergwelt.<\/p>\n<p>&nbsp;<\/p>\n<h2><span class=\"ez-toc-section\" id=\"Bjoern_vom_Blog_%E2%80%9EBergtouren_im_Allgaeu%E2%80%9C\"><\/span>Bj\u00f6rn vom Blog &#8222;Bergtouren im Allg\u00e4u&#8220;:<span class=\"ez-toc-section-end\"><\/span><\/h2>\n<p><img decoding=\"async\" class=\"alignleft wp-image-13251 size-full\" style=\"margin-bottom: 25px;\" src=\"https:\/\/www.people-abroad.de\/blog\/wp-content\/uploads\/2019\/08\/bjoern-arndt-bergtouren-im-allgaeu-blog.jpg\" alt=\"Wanderrucksack kaufen Tipps Wanderrucksack Ortovox Peak Light 32 Bj\u00f6rn Ahrndt Bergtouren im Allg\u00e4u Blog\" width=\"1000\" height=\"750\" srcset=\"https:\/\/www.people-abroad.de\/blog\/wp-content\/uploads\/2019\/08\/bjoern-arndt-bergtouren-im-allgaeu-blog.jpg 1000w, https:\/\/www.people-abroad.de\/blog\/wp-content\/uploads\/2019\/08\/bjoern-arndt-bergtouren-im-allgaeu-blog-300x225.jpg 300w, https:\/\/www.people-abroad.de\/blog\/wp-content\/uploads\/2019\/08\/bjoern-arndt-bergtouren-im-allgaeu-blog-768x576.jpg 768w, https:\/\/www.people-abroad.de\/blog\/wp-content\/uploads\/2019\/08\/bjoern-arndt-bergtouren-im-allgaeu-blog-400x300.jpg 400w\" sizes=\"(max-width: 1000px) 100vw, 1000px\" \/><\/p>\n<p>Ich bin seit mehr als einem Jahr mit meinem <strong>Ortovox Peak Light 32<\/strong>\u00a0unterwegs. Ich habe den Rucksack erstmals f\u00fcr einen Erfahrungsbericht ausprobiert und war sofort hin und weg. Eigentlich ist es ein Hochtourenrucksack. Ich verwende ihn aber f\u00fcr so ziemlich alle Touren. Von normalen Wanderungen bis hin zu Klettersteigen.<\/p>\n<p>Was mir besonders gut gef\u00e4llt ist der rundum laufende Rei\u00dfverschluss. Damit komm ich immer schnell an die Gegenst\u00e4nde, die ich brauche. Egal, wie ich den Rucksack gepackt habe. Au\u00dferdem ist die R\u00fcckenpartie des Peak Light extrem angenehm zu tragen. Gerade auf Klettersteigen liegt der Rucksack super an. Keine st\u00f6render Schnickschnack an den Seiten oder auf der Vorderseite, so dass ich auch nirgends h\u00e4ngen bleibe.<\/p>\n<p>F\u00fcr mich ist der Peak Light seit nunmehr \u00fcber einem Jahr mein treuer und liebgewonnener Begleiter, den ich wirklich nur empfehlen kann. Den Testbericht zu meinem Rucksack findest du \u00fcbrigens\u00a0<a href=\"https:\/\/bergtouren-im-allgaeu.de\/anzeige-der-ortovox-peak-light-rucksack-im-test\">hier<\/a>.<\/p>\n<p align=\"LEFT\"><strong>Zum Blogger: Bj\u00f6rn<\/strong> schreibt auf <strong><a href=\"https:\/\/bergtouren-im-allgaeu.de\">Bergtouren-im-Allg\u00e4u.de<\/a><\/strong> \u00fcber Tourenberichte zu Wanderungen, Bergtouren, Klettersteigen oder Mountainbiketouren. Im Winter kommen Skitouren und Schneeschuhwanderungen dazu. Dabei beschr\u00e4nkt er sich nicht mehr nur auf das Allg\u00e4u, sondern schreibt inzwischen auch \u00fcber Touren in Deutschland und dem gesamten Alpenraum.<\/p>\n<p>&nbsp;<\/p>\n<h2><span class=\"ez-toc-section\" id=\"Romy_vom_Blog_%E2%80%9EEtappen-Wandern%E2%80%9C\"><\/span>Romy vom Blog &#8222;Etappen-Wandern&#8220;:<span class=\"ez-toc-section-end\"><\/span><\/h2>\n<p><img decoding=\"async\" class=\"alignleft wp-image-12877 size-full\" style=\"margin-bottom: 25px;\" src=\"https:\/\/www.people-abroad.de\/blog\/wp-content\/uploads\/2019\/07\/romy-robst-etappen-wandern-blog.jpg\" alt=\"Wanderrucksack kaufen Tipps Osprey Exos 48 Lightweight Romy Robst Etappen-Wandern Blog\" width=\"1000\" height=\"563\" srcset=\"https:\/\/www.people-abroad.de\/blog\/wp-content\/uploads\/2019\/07\/romy-robst-etappen-wandern-blog.jpg 1000w, https:\/\/www.people-abroad.de\/blog\/wp-content\/uploads\/2019\/07\/romy-robst-etappen-wandern-blog-300x169.jpg 300w, https:\/\/www.people-abroad.de\/blog\/wp-content\/uploads\/2019\/07\/romy-robst-etappen-wandern-blog-768x432.jpg 768w, https:\/\/www.people-abroad.de\/blog\/wp-content\/uploads\/2019\/07\/romy-robst-etappen-wandern-blog-400x225.jpg 400w\" sizes=\"(max-width: 1000px) 100vw, 1000px\" \/><\/p>\n<p>Nachdem ich viele Jahre lang mit einem 32-Liter Rucksack von Deuter gewandert bin, habe ich mir f\u00fcr meine 8-w\u00f6chige Alpen-Tour einen 48-Liter Rucksack von Osprey angeschafft. Der Wanderrucksack\u00a0<strong>Osprey Exos 48 Lightweight<\/strong> hat mich hinsichtlich Gewicht (1.190 Gramm) und Komfort absolut \u00fcberzeugt, denn er f\u00fchlt sich mit einigen Kilos mehr sogar noch bequemer an als mein alter Rucksack.<\/p>\n<p>Er besitzt ein hervorragendes Tragesystem und l\u00e4sst sich auch gut packen und h\u00e4ndeln. Schlafsack, Zelt, Hundefutter, ein kleiner PC, Verpflegung f\u00fcr vier Tage und alles, was ich sonst noch brauche, passt hinein, ohne dass ich gro\u00df etwas au\u00dferhalb des Rucksacks verschnallen muss. Zudem l\u00e4sst er sich hervorragend komprimieren, wenn ich doch weniger Gep\u00e4ck dabei habe. Ich bin sehr zufrieden!<\/p>\n<p>Aber es gibt nat\u00fcrlich auch Nachteile des Rucksacks: Aufgrund der ultraleichten Materialien ist der Rucksack nicht ganz so robust wie mein alter Deuter. Wen ich unter B\u00e4umen durchkrieche oder mich an schroffen Felsw\u00e4nden langschiebe, bekommt das Material leicht Abnutzungsspuren. Au\u00dferdem ist der Schwerpunkt des Rucksacks etwas weit hinten, so dass man bei Kletterpassgen etwas aufpassen muss, nicht aus dem Gleichgewicht zu kommen.<\/p>\n<p>Es ist halt ein Trekking- und kein Kletterrucksack. F\u00fcr mich wiegen die Nachteile nicht so schwer, daher w\u00fcrde ich mich immer wieder f\u00fcr diesen Rucksack entscheiden.<\/p>\n<p align=\"LEFT\"><strong>Zur Bloggerin: Romy<\/strong> schreibt auf <strong><a href=\"https:\/\/www.etappen-wandern.de\/ausruestung-persoenliches\/ausruestung\/packliste-8-wochen-durch-die-alpen\/\">Etappen-wandern.de<\/a><\/strong> \u00fcber Fernwanderungen in Europa, in den Alpen und in Deutschland. Sie ist meist mit Hund unterwegs und hat in diesem Jahr schon den Harzer Hexenstieg und einen Teil des Alpe-Adria-Trails erwandert. Im Juni und Juli war sie f\u00fcr acht Wochen auf dem Sentiero della Pace, dem italienischen Friedensweg, vom Vinschgau in die Dolomiten unterwegs und schreibt dar\u00fcber einen Wanderf\u00fchrer f\u00fcr den Rother Bergverlag.<\/p>\n<p>&nbsp;<\/p>\n<h2 align=\"LEFT\"><span class=\"ez-toc-section\" id=\"Sven_vom_Blog_%E2%80%9EtheBackpacker%E2%80%9C\"><\/span>Sven vom Blog &#8222;theBackpacker&#8220;:<span class=\"ez-toc-section-end\"><\/span><\/h2>\n<p><img decoding=\"async\" class=\"alignleft wp-image-13256 size-full\" style=\"margin-bottom: 25px;\" src=\"https:\/\/www.people-abroad.de\/blog\/wp-content\/uploads\/2019\/08\/wanderrucksack-sven-becker-thebackpacker-blog-1.jpg\" alt=\"Mammut Creon Guide\u00a035 Sven Becker theBackpacker.de Blog\" width=\"1000\" height=\"667\" srcset=\"https:\/\/www.people-abroad.de\/blog\/wp-content\/uploads\/2019\/08\/wanderrucksack-sven-becker-thebackpacker-blog-1.jpg 1000w, https:\/\/www.people-abroad.de\/blog\/wp-content\/uploads\/2019\/08\/wanderrucksack-sven-becker-thebackpacker-blog-1-300x200.jpg 300w, https:\/\/www.people-abroad.de\/blog\/wp-content\/uploads\/2019\/08\/wanderrucksack-sven-becker-thebackpacker-blog-1-768x512.jpg 768w, https:\/\/www.people-abroad.de\/blog\/wp-content\/uploads\/2019\/08\/wanderrucksack-sven-becker-thebackpacker-blog-1-400x267.jpg 400w, https:\/\/www.people-abroad.de\/blog\/wp-content\/uploads\/2019\/08\/wanderrucksack-sven-becker-thebackpacker-blog-1-272x182.jpg 272w\" sizes=\"(max-width: 1000px) 100vw, 1000px\" \/><\/p>\n<p>Meinen Rucksack habe ich mir nicht selbst ausgesucht. Er hat mich gefunden. Es ist Jahre her, da stand ich bei einem Outdoor-Ausr\u00fcster vor einer riesigen Wand. Daran hingen Rucks\u00e4cke unterschiedlicher Gr\u00f6\u00dfen und Farben. Ich war ratlos. Unverrichteter Dinge wollte ich schon weitergehen, als sich einer der Backpacks pl\u00f6tzlich l\u00f6ste und zu Boden fiel. Ich hob ihn auf, probierte ihn an \u2013 er passte wie angegossen.<\/p>\n<p>Mit seinen 35 Litern eignet sich der <strong>Mammut Creon Guide\u00a035<\/strong> perfekt f\u00fcr kurze Tagestouren als auch f\u00fcr Weitwanderungen. Ins Bodenfach passt ein leichter Schlafsack plus Regenkleidung, im Deckelfach findet sich griffbereiter Kleinkram. Auf der Vorderseite hat es eine kleine Tasche und im Inneren zus\u00e4tzlich eine Halterung f\u00fcr Trinksysteme. Auch die zwei Seitentaschen sind gro\u00df genug und die Regenh\u00fclle gibt es gratis obendrauf. Egal, ob prall gef\u00fcllt oder nur leicht bepackt: der Rucksack passt sich jederzeit meinen pers\u00f6nlichen Anspr\u00fcchen an. Und das mag ich an ihm.<\/p>\n<p>R\u00fcckblickend und vom Zufall f\u00f6rmlich vor die F\u00fc\u00dfe geworfen bekommen, muss ich dieser F\u00fcgung wohl dankbar sein. Egal ob im Mittelgebirge oder den Alpen; seitdem begleitet er mich \u00fcberall hin. Manchmal hat man gegen das Schicksal aber auch so gar keine Chance\u2026<\/p>\n<p><strong>Zum Blogger: Sven<\/strong> ist seit 2007 immer wieder mit dem Rucksack unterwegs. Auf seiner Webseite <strong><a href=\"https:\/\/www.thebackpacker.de\">thebackpacker.de<\/a><\/strong> bloggt er \u00fcber Geschichte und Geschichten, seine Touren und Erlebnisse und gibt Tipps f\u00fcrs Drau\u00dfensein. Denn: \u201eAbenteuer gibt es an jeder Ecke. Aber nur mit offenen Augen.\u201c Von Sven ist \u00fcbrigens auch das sch\u00f6ne Titelbild des Artikels.<\/p>\n<p>&nbsp;<\/p>\n<h2><span class=\"ez-toc-section\" id=\"Jan_vom_Blog_%E2%80%9EDeutschlandjaeger%E2%80%9C\"><\/span>Jan vom Blog &#8222;Deutschlandj\u00e4ger&#8220;:<span class=\"ez-toc-section-end\"><\/span><\/h2>\n<p><img decoding=\"async\" class=\"alignleft wp-image-12871 size-full\" style=\"margin-bottom: 25px;\" src=\"https:\/\/www.people-abroad.de\/blog\/wp-content\/uploads\/2019\/07\/jan-jordan-deutschlandjaeger-blog.jpg\" alt=\"Wanderrucksack Deuter AC Lite 22 Jan Jordan Deutschlandj\u00e4ger Blog\" width=\"1000\" height=\"667\" srcset=\"https:\/\/www.people-abroad.de\/blog\/wp-content\/uploads\/2019\/07\/jan-jordan-deutschlandjaeger-blog.jpg 1000w, https:\/\/www.people-abroad.de\/blog\/wp-content\/uploads\/2019\/07\/jan-jordan-deutschlandjaeger-blog-300x200.jpg 300w, https:\/\/www.people-abroad.de\/blog\/wp-content\/uploads\/2019\/07\/jan-jordan-deutschlandjaeger-blog-768x512.jpg 768w, https:\/\/www.people-abroad.de\/blog\/wp-content\/uploads\/2019\/07\/jan-jordan-deutschlandjaeger-blog-400x267.jpg 400w, https:\/\/www.people-abroad.de\/blog\/wp-content\/uploads\/2019\/07\/jan-jordan-deutschlandjaeger-blog-272x182.jpg 272w\" sizes=\"(max-width: 1000px) 100vw, 1000px\" \/><\/p>\n<p>\u201eIst der f\u00fcr M\u00e4dchen?\u201c, \u201eHast du ihn f\u00fcr deine Tochter gekauft?\u201c oder \u201eDer ist ja s\u00fc\u00fc\u00fc\u00df&#8230;\u201c: Die ersten Reaktionen auf einen kleinen, roten Rucksack an einem 1,86 m gro\u00dfen Mann sind eindeutig. Inzwischen hat sich mein Umfeld an meinen\u00a0<strong>Deuter AC Lite 22<\/strong> in der Nicht-SL-Variante gew\u00f6hnt. Auf meiner Jagd nach den sch\u00f6nsten Ecken in Deutschland habe ich den Outdoor-Rucksack so gut wie immer dabei.<\/p>\n<p>Gut finde ich die integrierte Regenh\u00fclle im Extrafach, die du dank \u201eB\u00e4ndelchen\u201c nicht verlierst. Au\u00dferdem ist der Tagesrucksack nach mehr als drei Jahren im Dauer(alltags)einsatz immer noch sehr robust, und alle Rei\u00dfverschl\u00fcsse funktionieren tipptopp. Weniger gut finde ich die R\u00fcckenl\u00e4nge: Mit einer K\u00f6rpergr\u00f6\u00dfe ab etwa 1,75 m sitzt der Rucksack zu weit oberhalb der H\u00fcfte. Somit lassen sich die H\u00fcftschnallen nicht sinnvoll schlie\u00dfen, was ich bislang allerdings nicht vermisse.<\/p>\n<p>In der Regel bekommst du den Deuter AC Lite 22 ab rund 75 Euro. Ich hatte damals einen Online-Schnapper f\u00fcr unter 50 Euro gemacht \u2013 einer der Gr\u00fcnde pro Deuter. Dass bei einer Wanderung ab 42 km weniger der Rucksack und mehr die (gute) Laune entscheidend ist, liest du in meinem Blogartikel zum 50 km langen <a href=\"https:\/\/deutschlandjaeger.de\/megamarsch-stuttgart\/\">Megamarsch Stuttgart<\/a>.<\/p>\n<p><strong>Zum Blogger: Jan<\/strong> berichtet auf dem Deutschland-Reiseblog <strong><a href=\"https:\/\/deutschlandjaeger.de\/\">Deutschlandj\u00e4ger<\/a><\/strong> \u00fcber die sch\u00f6nsten Reiseziele, Sehensw\u00fcrdigkeiten und Ausflugstipps im eigenen Land sowie \u00fcber besondere Ecken vor der &#8222;eigenen Haust\u00fcr&#8220;. Dabei ist er gerne auch &#8222;outdoor&#8220;, also drau\u00dfen, unterwegs und erkundet Regionen beim Wandern.<\/p>\n<p>&nbsp;<\/p>\n<h2><span class=\"ez-toc-section\" id=\"Corinna_vom_Blog_%E2%80%9EOutdoormaedchen%E2%80%9C\"><\/span>Corinna vom Blog &#8222;Outdoorm\u00e4dchen&#8220;:<span class=\"ez-toc-section-end\"><\/span><\/h2>\n<p><img decoding=\"async\" class=\"alignleft wp-image-13252 size-full\" style=\"margin-bottom: 25px;\" src=\"https:\/\/www.people-abroad.de\/blog\/wp-content\/uploads\/2019\/08\/corinna-potysch-outdoormaedchen-blog.jpg\" alt=\"Wanderrucksack Gregory Cairn 48 Corinna Potysch Outdoorm\u00e4dchen Blog\" width=\"1000\" height=\"667\" srcset=\"https:\/\/www.people-abroad.de\/blog\/wp-content\/uploads\/2019\/08\/corinna-potysch-outdoormaedchen-blog.jpg 1000w, https:\/\/www.people-abroad.de\/blog\/wp-content\/uploads\/2019\/08\/corinna-potysch-outdoormaedchen-blog-300x200.jpg 300w, https:\/\/www.people-abroad.de\/blog\/wp-content\/uploads\/2019\/08\/corinna-potysch-outdoormaedchen-blog-768x512.jpg 768w, https:\/\/www.people-abroad.de\/blog\/wp-content\/uploads\/2019\/08\/corinna-potysch-outdoormaedchen-blog-400x267.jpg 400w, https:\/\/www.people-abroad.de\/blog\/wp-content\/uploads\/2019\/08\/corinna-potysch-outdoormaedchen-blog-272x182.jpg 272w\" sizes=\"(max-width: 1000px) 100vw, 1000px\" \/><\/p>\n<p>Mein &#8222;best Buddy&#8220; auf Tour ist der <strong>Gregory Cairn 48<\/strong>. Ich liebe seine Farbe, seine Ger\u00e4umigkeit und seine kleinen, \u00fcbersichtlichen F\u00e4cher. Ich muss mir nur merken, wo ich welches Equipment praktisch verstaut habe. Aber das ist ja (des \u00d6fteren) mein Problem, nicht das des Rucksacks.<\/p>\n<p>Mit seinen 48 Litern eignet er sich wunderbar f\u00fcr H\u00fcttentouren oder Zelttouren. Also auf jeden Fall f\u00fcr Mehrtagestouren und damit gewinnt er schon gegen\u00fcber den anderen Rucks\u00e4cken in meiner Sammlung. Er hat mit mir schon die Schluchten in \u00d6sterreich, die Klippen in Wales und die Berge in Frankreich durchwandert. Durch seine langen Riemen, die manchmal etwas nervig rumb\u00e4mseln, kann ich ihn bei Bedarf auch ganz klein zusammenstauchen, sodass die 48 Liter gar nicht genutzt werden m\u00fcssen und er trotzdem gut sitzt.<\/p>\n<p>Au\u00dferdem gef\u00e4llt mir, dass das &#8222;Regenkondom&#8220; farblich zum Rucksack passt, also auch in Fuchsia ist. Damit ist bei jedem Wetter der perfekte Fotospot.\u00a0Mit ca. 1,7 kg ist der Cairn relativ leicht, ich kann also einfach mehr reinstopfen oder au\u00dfen dranh\u00e4ngen. Aber man muss sich ja immer zusammenrei\u00dfen, denn schleppen muss am Ende ich allein das Gewicht.<\/p>\n<p><strong>Zur Bloggerin: Corinna<\/strong> bloggt seit 2011 auf <a href=\"http:\/\/www.outdoormaedchen.de\/\"><strong>Outdoorm\u00e4dchen<\/strong><\/a> \u00fcber die Outdoor-Themen, die sie selbst begeistern. Von Mehrtagestouren \u00fcber Klettersteige bis hin zu DIY-M\u00e4dchenkram.<\/p>\n<p>&nbsp;<\/p>\n<h2><span class=\"ez-toc-section\" id=\"Elke_vom_Blog_%E2%80%9EFotografische_Reisen_und_Wanderungen%E2%80%9C\"><\/span>Elke vom Blog &#8222;Fotografische Reisen und Wanderungen&#8220;:<span class=\"ez-toc-section-end\"><\/span><\/h2>\n<p><img decoding=\"async\" class=\"alignleft wp-image-12870 size-full\" style=\"margin-bottom: 25px;\" src=\"https:\/\/www.people-abroad.de\/blog\/wp-content\/uploads\/2019\/07\/elke-bitzer-fotografischereisenundwanderungen.jpg\" alt=\"Deuter\u00a0Futura Pro 34 SL Elke Bitzer Fotografische Reisen und Wanderungen Blog\" width=\"1000\" height=\"667\" srcset=\"https:\/\/www.people-abroad.de\/blog\/wp-content\/uploads\/2019\/07\/elke-bitzer-fotografischereisenundwanderungen.jpg 1000w, https:\/\/www.people-abroad.de\/blog\/wp-content\/uploads\/2019\/07\/elke-bitzer-fotografischereisenundwanderungen-300x200.jpg 300w, https:\/\/www.people-abroad.de\/blog\/wp-content\/uploads\/2019\/07\/elke-bitzer-fotografischereisenundwanderungen-768x512.jpg 768w, https:\/\/www.people-abroad.de\/blog\/wp-content\/uploads\/2019\/07\/elke-bitzer-fotografischereisenundwanderungen-400x267.jpg 400w, https:\/\/www.people-abroad.de\/blog\/wp-content\/uploads\/2019\/07\/elke-bitzer-fotografischereisenundwanderungen-272x182.jpg 272w\" sizes=\"(max-width: 1000px) 100vw, 1000px\" \/><\/p>\n<p>Den &#8222;perfekten&#8220; Trekking- oder Wanderrucksack gibt es f\u00fcr mich nicht. Mein Schrank ist voll mit unterschiedlichen Modellen von den Firmen Deuter und Jack Wolfskin, aber auch ein Vaude-Rucksack ist mit dabei.\u00a0Ich beschr\u00e4nke mich hier auf meinen Mehrtagesrucksack <strong>Deuter\u00a0Futura Pro 34 SL<\/strong> als &#8222;Lieblingsmodell&#8220;.<\/p>\n<p align=\"LEFT\">Wie man auf dem Foto sehr gut sehen kann, schmiegt er sich wunderbar der weiblichen Figur an und hat breite H\u00fcftflossen mit einer kleinen integrierten Tasche.\u00a0Wenn ich ihn klug bepacke, sp\u00fcre ich ihn kaum mehr als meinen Tagesrucksack. Damit habe ich bereits die wichtigsten Aspekte genannt, denn f\u00fcr mich ist nichts wichtiger als m\u00f6glichst &#8222;unbelastet&#8220; unterwegs zu sein.<\/p>\n<p align=\"LEFT\">Die Rucks\u00e4cke von Deuter bieten &#8211; neben der Tatsache, dass es Modelle speziell f\u00fcr Frauen gibt &#8211; noch diverse andere Vorteile.\u00a0Im Rucksackdeckel habe ich sowohl au\u00dfen als auch innen Taschen. Perfekt f\u00fcr Dinge, die schnell griffbereit sein m\u00fcssen. Nach innen packe ich die empfindlicheren Teile wie z.B. das Handy. In den Taschen gibt es kleine Haken, an denen man z.B. Schl\u00fcssel befestigen kann und die Seitentaschen f\u00fcr Getr\u00e4nkeflaschen sind tief genug.<\/p>\n<p align=\"LEFT\">Das Fach f\u00fcr die Trinkblase nimmt meine 3-Liter Trinkblase auf und die Schlauchf\u00fchrung ist perfekt. Das Mundst\u00fcck ist so immer griffbereit.\u00a0Das gro\u00dfe Rucksackfach ist unterteilt in Haupt- und Bodenfach &#8211; ebenfalls sehr praktisch. Nat\u00fcrlich lassen sich auch Wanderst\u00f6cke sinnvoll befestigen.<\/p>\n<p><strong>Zur Bloggerin:\u00a0Elke<\/strong> wandert am liebsten in Deutschland. Die Eifel liegt ihr besonders am Herzen, aber auch alle anderen Regionen bieten ihr so viel Abwechslung, dass sie nicht in den Flieger steigen muss, um Abenteuer zu erleben. Wandern und Naturerleben, ihr Blog\u00a0<strong><a href=\"https:\/\/fotografischereisenundwanderungen.com\/\" target=\"_blank\" rel=\"noopener noreferrer\">Fotografische Reisen und Wanderungen<\/a><\/strong>\u00a0und die Fotografien vereinen sich zu einer gro\u00dfen Leidenschaft.<\/p>\n<p>&nbsp;<\/p>\n<h2><span class=\"ez-toc-section\" id=\"Ralf_vom_Blog_%E2%80%9Evia-ferratade%E2%80%9C\"><\/span>Ralf vom Blog &#8222;via-ferrata.de&#8220;:<span class=\"ez-toc-section-end\"><\/span><\/h2>\n<p><img decoding=\"async\" class=\"alignleft wp-image-12876 size-full\" style=\"margin-bottom: 25px;\" src=\"https:\/\/www.people-abroad.de\/blog\/wp-content\/uploads\/2019\/07\/ralf-stute-via-verrata.de_.jpg\" alt=\"Deuter Trans Alpine 30 Ralf Stute via-verrata.de Blog\" width=\"1000\" height=\"667\" srcset=\"https:\/\/www.people-abroad.de\/blog\/wp-content\/uploads\/2019\/07\/ralf-stute-via-verrata.de_.jpg 1000w, https:\/\/www.people-abroad.de\/blog\/wp-content\/uploads\/2019\/07\/ralf-stute-via-verrata.de_-300x200.jpg 300w, https:\/\/www.people-abroad.de\/blog\/wp-content\/uploads\/2019\/07\/ralf-stute-via-verrata.de_-768x512.jpg 768w, https:\/\/www.people-abroad.de\/blog\/wp-content\/uploads\/2019\/07\/ralf-stute-via-verrata.de_-400x267.jpg 400w, https:\/\/www.people-abroad.de\/blog\/wp-content\/uploads\/2019\/07\/ralf-stute-via-verrata.de_-272x182.jpg 272w\" sizes=\"(max-width: 1000px) 100vw, 1000px\" \/><\/p>\n<p>Ich bin seit vielen Jahren sehr zufrieden mit meinem <strong>Deuter Trans Alpine 30<\/strong> unterwegs. F\u00fcr mich ist er der perfekte Allrounder zum Wandern und er bietet zus\u00e4tzlich f\u00fcr den Fahrrad- als auch Kletterhelm au\u00dfen die perfekten Befestigungsm\u00f6glichkeiten.<\/p>\n<p>Zudem liebe ich die beiden kleineren F\u00e4cher im unteren Teil, in denen mein Erste-Hilfe-Set und frische Klamotten immer gut untergebracht sind. F\u00fcr mich ist er der perfekte Rucksack f\u00fcr Wanderungen,\u00a0<a href=\"https:\/\/www.via-ferrata.de\/\" target=\"_blank\" rel=\"noopener noreferrer\">Klettersteige<\/a>\u00a0und zum Mountainbiken.<\/p>\n<p align=\"LEFT\"><strong>Zum Blogger:\u00a0Ralf<\/strong> ist der Gr\u00fcnder des gr\u00f6\u00dften Klettersteigportals <strong><a href=\"https:\/\/www.via-ferrata.de\">via-verrata.de<\/a><\/strong> und er schreibt regelm\u00e4\u00dfig Berichte f\u00fcr diverse Zeitschriften. Zudem ist er Autor des Klettersteig-Atlas Deutschland. Sein Blog mit Forum z\u00e4hlt mittlerweile zu den reichweitenst\u00e4rksten Outdoor-Portalen im deutschsprachigen Raum.<\/p>\n<p>&nbsp;<\/p>\n<h2><span class=\"ez-toc-section\" id=\"Thomas_und_Jannik_vom_Blog_%E2%80%9ETrekkinglife%E2%80%9C\"><\/span>Thomas und Jannik vom Blog &#8222;Trekkinglife&#8220;:<span class=\"ez-toc-section-end\"><\/span><\/h2>\n<p><img decoding=\"async\" class=\"alignleft wp-image-13255 size-full\" style=\"margin-bottom: 25px;\" src=\"https:\/\/www.people-abroad.de\/blog\/wp-content\/uploads\/2019\/08\/thomas-jannik-trekkinglife-blog.jpg\" alt=\"Wanderrucksack Gregory Baltoro 75 Thomas und Jannik Trekkinglife Blog\" width=\"1000\" height=\"667\" srcset=\"https:\/\/www.people-abroad.de\/blog\/wp-content\/uploads\/2019\/08\/thomas-jannik-trekkinglife-blog.jpg 1000w, https:\/\/www.people-abroad.de\/blog\/wp-content\/uploads\/2019\/08\/thomas-jannik-trekkinglife-blog-300x200.jpg 300w, https:\/\/www.people-abroad.de\/blog\/wp-content\/uploads\/2019\/08\/thomas-jannik-trekkinglife-blog-768x512.jpg 768w, https:\/\/www.people-abroad.de\/blog\/wp-content\/uploads\/2019\/08\/thomas-jannik-trekkinglife-blog-400x267.jpg 400w, https:\/\/www.people-abroad.de\/blog\/wp-content\/uploads\/2019\/08\/thomas-jannik-trekkinglife-blog-272x182.jpg 272w\" sizes=\"(max-width: 1000px) 100vw, 1000px\" \/><\/p>\n<p>F\u00fcr Fernwanderungen und ausgiebige Trekkingtouren f\u00fchrt bei uns kein Weg am <strong>Gregory Baltoro 75<\/strong> vorbei. Er f\u00e4llt bei Gregory in die Kategorie \u201ePremium Backpacking\u201c und genauso f\u00fchlt er sich auch an.<\/p>\n<p>Das Herzst\u00fcck des Baltoros ist das Tragesystem, bei dem sich H\u00fcftflossen und Schultergurte unabh\u00e4ngig beweglich voneinander sind und sich somit der nat\u00fcrlichen K\u00f6rperbewegung beim Wandern anpassen, was f\u00fcr ein sehr gutes Tragegef\u00fchl sorgt.<\/p>\n<p>Hinzu kommt ein Kontaktr\u00fccken, der aus atmungsaktiven Mesh besteht, um den Schwei\u00df beim Wandern aufzunehmen. Viel wichtiger f\u00fcr uns bei einem Kontaktr\u00fcckensystem ist allerdings, dass die Lasten nahe am R\u00fccken und somit auch nahe am K\u00f6rperschwerpunkt getragen werden k\u00f6nnen, was die Last\u00fcbertragung auf die H\u00fcfte extrem f\u00f6rdert und das Tragegef\u00fchl im Allgemeinen nochmal verbessert. Gerade, wenn wir mit viel Gep\u00e4ck f\u00fcr mehrere Tage unterwegs sind, kann das ein entscheidender Faktor sein.<\/p>\n<p>Doch nicht nur das Tragesystem \u00fcberzeugt uns beim Baltoro (f\u00fcr die Damen gibt es \u00fcbrigens den Deva \u2013 extra an die weibliche Anatomie angepasst), sondern auch die vielen Features, die der Wanderrucksack mit sich bringt:<\/p>\n<ul>\n<li>zwei unabh\u00e4ngige Deckelf\u00e4cher<\/li>\n<li>U-f\u00f6rmiger Rei\u00dfverschluss auf der Frontseite f\u00fcr mehr Organisation<\/li>\n<li>integrierte Regenh\u00fclle<\/li>\n<li>zwei RV-Taschen auf der Frontseite f\u00fcr extra Stauraum<\/li>\n<li>zwei gro\u00dfz\u00fcgige H\u00fcftgurttaschen (eine davon wasserdicht)<\/li>\n<li>separates Schlafsackfach<\/li>\n<li>Befestigungsschlaufen f\u00fcr Trekkingst\u00f6cke<\/li>\n<li>seitliche Mesh-Taschen f\u00fcr Wasserflaschen<\/li>\n<\/ul>\n<p>Der sehr gute Tragekomfort gepaart mit den vielen Features macht den Baltoro zu unserem Lieblingsrucksack auf Fernwanderungen. Auch die langlebigen Materialien (spezielles, sehr stabiles Nylon) \u00fcberzeugen uns. Bisher kam der Baltoro schon auf vielen Touren wie z.B. in auf Gran Canaria, Schweden oder Norwegen zum Einsatz und hat uns niemals entt\u00e4uscht. Auch in <a href=\"https:\/\/www.trekkinglife.de\/fischerweg-wandern-algarve-portugal-rota-vicentina\/\">Portugal auf dem Fischerweg<\/a>\u00a0hat uns der Rucksack begleitet.<\/p>\n<p><strong>Zu den Bloggern: Thomas und Jannik<\/strong> schreiben auf ihrem\u00a0<strong><a href=\"https:\/\/www.trekkinglife.de\/\">Outdoorblog Trekkinglife<\/a><\/strong>\u00a0\u00fcber ihre Wanderungen, von Tagestouren in der Eifel, in den Alpen oder Fernwanderungen in ganz Europa. Sie wollen mit ihren Erlebnissen in der Natur inspirieren und motivieren, raus in die Natur zu gehen.<\/p>\n<p>&nbsp;<\/p>\n<h2><span class=\"ez-toc-section\" id=\"Detlef_vom_Blog_%E2%80%9EOutdoortestinfo%E2%80%9C\"><\/span>Detlef vom Blog &#8222;Outdoortest.info&#8220;:<span class=\"ez-toc-section-end\"><\/span><\/h2>\n<p><img decoding=\"async\" class=\"alignnone wp-image-12875 size-full\" style=\"margin-bottom: 25px;\" src=\"https:\/\/www.people-abroad.de\/blog\/wp-content\/uploads\/2019\/07\/outdoortest.info-blog.jpg\" alt=\"Wanderrucksack Ortovox Traverse 30 Detlef Kast Outdoortest.info Blog\" width=\"800\" height=\"533\" srcset=\"https:\/\/www.people-abroad.de\/blog\/wp-content\/uploads\/2019\/07\/outdoortest.info-blog.jpg 800w, https:\/\/www.people-abroad.de\/blog\/wp-content\/uploads\/2019\/07\/outdoortest.info-blog-300x200.jpg 300w, https:\/\/www.people-abroad.de\/blog\/wp-content\/uploads\/2019\/07\/outdoortest.info-blog-768x512.jpg 768w, https:\/\/www.people-abroad.de\/blog\/wp-content\/uploads\/2019\/07\/outdoortest.info-blog-400x267.jpg 400w, https:\/\/www.people-abroad.de\/blog\/wp-content\/uploads\/2019\/07\/outdoortest.info-blog-272x182.jpg 272w\" sizes=\"(max-width: 800px) 100vw, 800px\" \/><\/p>\n<p>Der Wanderrucksack <strong>Ortovox Traverse 30<\/strong>\u00a0begleitet mich nun schon seit einigen Jahren bei Wanderungen und auch Radtouren. Als Panel Loader verf\u00fcgt er \u00fcber einen umgehenden Rei\u00dfverschluss, so dass man \u00fcberall gut drankommt, ohne gro\u00df suchen zu m\u00fcssen.\u00a0Zuletzt hat er mich auf den Wanderungen auf den Gr\u00fcnten und den Mittag im Allg\u00e4u begleitet.<\/p>\n<p>Der Ortovox ist zuverl\u00e4ssig und bietet reichlich Platz f\u00fcr eine ausgiebige Tagestour, verf\u00fcgt \u00fcber viele Verstaum\u00f6glichkeiten und l\u00e4sst sich angenehm tragen. Das R\u00fcckensystem ist bequem und dr\u00fcckt nicht, kann aber unter Umst\u00e4nden dazu f\u00fchren, dass man darunter schwitzt.<\/p>\n<p><strong>Zum Blog:<\/strong>\u00a0<strong><a href=\"https:\/\/outdoortest.info\">Outdoortest.info<\/a><\/strong> gibt es seit 2015 und getreu dem Motto &#8222;Drau\u00dfen. Unterwegs. Naturnah. Testen&#8220; sind wir gerne und viel unterwegs, um verschiedene Outdoor-Produkte dort zu testen, wo man sie ben\u00f6tigt, n\u00e4mlich Drau\u00dfen.<\/p>\n<p>&nbsp;<\/p>\n<h2><span class=\"ez-toc-section\" id=\"Anita_und_Claudia_vom_Blog_%E2%80%9EAktiv_durch_das_Leben%E2%80%9C\"><\/span>Anita und Claudia vom Blog &#8222;Aktiv durch das Leben&#8220;:<span class=\"ez-toc-section-end\"><\/span><\/h2>\n<p><img decoding=\"async\" class=\"alignleft wp-image-13249 size-full\" style=\"margin-bottom: 25px;\" src=\"https:\/\/www.people-abroad.de\/blog\/wp-content\/uploads\/2019\/08\/anita-claudia-aktiv-durch-das-leben-blog.jpg\" alt=\"Salewa Baegdoo 20 Anita Becker und Claudia Herr Aktiv durch das Leben Blog\" width=\"1000\" height=\"750\" srcset=\"https:\/\/www.people-abroad.de\/blog\/wp-content\/uploads\/2019\/08\/anita-claudia-aktiv-durch-das-leben-blog.jpg 1000w, https:\/\/www.people-abroad.de\/blog\/wp-content\/uploads\/2019\/08\/anita-claudia-aktiv-durch-das-leben-blog-300x225.jpg 300w, https:\/\/www.people-abroad.de\/blog\/wp-content\/uploads\/2019\/08\/anita-claudia-aktiv-durch-das-leben-blog-768x576.jpg 768w, https:\/\/www.people-abroad.de\/blog\/wp-content\/uploads\/2019\/08\/anita-claudia-aktiv-durch-das-leben-blog-400x300.jpg 400w\" sizes=\"(max-width: 1000px) 100vw, 1000px\" \/><\/p>\n<p>Wir haben tats\u00e4chlich verschiedene Rucks\u00e4cke: Auf leichten und kurzen Wanderungen nehmen wir gerne den Fifty Five 24l Hiking Star. Er ist nicht allzu volumin\u00f6s, hat einen Ausgang f\u00fcr den Wasserschlauch und sitzt angenehm auf dem R\u00fccken. Auf l\u00e4ngeren Wanderungen ist er aber nicht f\u00fcr uns geeignet, es fehlt ihm der Bauchgurt, den wir \u00f6fter einsetzen. Ein Brustgurt hingegen ist vorhanden.<\/p>\n<p>Wesentlich h\u00e4ufiger nutzen wir allerdings den <strong>Salewa Baegdoo 20<\/strong>. Er erscheint uns irgendwie gr\u00f6\u00dfer, obgleich er vier Liter weniger Fassungsverm\u00f6gen hat. Vermutlich liegt das am Stabilisierungssystem im R\u00fccken. Der Salewa besitzt auch alles, was wir brauchen:\u00a0Halterungen f\u00fcr die Trekkingst\u00f6cke, Netz-Seitentaschen f\u00fcr M\u00fcll, den wir unterwegs aufsammeln (quasi Plogging beim Wandern) und eine Deckeltasche, die auch im Gehen zu \u00f6ffnen ist. Im ersten Moment erscheint sie falsch herum, aber beim Gehen ist das praktisch, weil so nichts herausf\u00e4llt.<\/p>\n<p>Au\u00dferdem hat er einen Ausgang f\u00fcr den Wasserschlauch, eine Regenschutzh\u00fclle, Bauch- und Brustgurt und ein gem\u00fctliches Tragesystem. Im Hinblick auf die\u00a0H\u00f6he passt eine 1,5-Liter-Flasche hinein, was wichtig f\u00fcr uns ist, da unser Trinksystem auf handels\u00fcbliche Flaschen aufgedreht wird.<\/p>\n<p><strong>Zu den Bloggerinnen: Anita und Claudia<\/strong> schreiben auf ihrem Reise-, Wander- und Outdoor-Blog <strong><a href=\"https:\/\/aktiv-durch-das-leben.de\">Aktiv-durch-das-Leben.de<\/a><\/strong>. Sie wandern gerne lange Strecken wie z.B. Marathon- oder 24h-Wanderungen, haben aber auch Spa\u00df an Genuss-Wanderungen. Unterwegs sind sie meist in Deutschland und im angrenzenden Ausland. Ihre Wahlheimat ist der Hunsr\u00fcck, den sie gerne erkunden, wenn sie nicht im h\u00f6heren Gebirge unterwegs sind.<\/p>\n<p>&nbsp;<\/p>\n<div title=\"Page 1\">\n<div>\n<div>\n<h2><span class=\"ez-toc-section\" id=\"Udo_vom_Blog_%E2%80%9EWaldhelden%E2%80%9C\"><\/span>Udo vom Blog &#8222;Waldhelden&#8220;:<span class=\"ez-toc-section-end\"><\/span><\/h2>\n<\/div>\n<\/div>\n<div>\n<p><img decoding=\"async\" class=\"alignleft wp-image-12878 size-full\" style=\"margin-bottom: 25px;\" src=\"https:\/\/www.people-abroad.de\/blog\/wp-content\/uploads\/2019\/07\/udo-telaar-waldhelden-blog.jpg\" alt=\"Evoc Photo Scout Udo Telaar Waldhelden Blog\" width=\"1000\" height=\"800\" srcset=\"https:\/\/www.people-abroad.de\/blog\/wp-content\/uploads\/2019\/07\/udo-telaar-waldhelden-blog.jpg 1000w, https:\/\/www.people-abroad.de\/blog\/wp-content\/uploads\/2019\/07\/udo-telaar-waldhelden-blog-300x240.jpg 300w, https:\/\/www.people-abroad.de\/blog\/wp-content\/uploads\/2019\/07\/udo-telaar-waldhelden-blog-768x614.jpg 768w, https:\/\/www.people-abroad.de\/blog\/wp-content\/uploads\/2019\/07\/udo-telaar-waldhelden-blog-400x320.jpg 400w\" sizes=\"(max-width: 1000px) 100vw, 1000px\" \/><\/p>\n<p>Als meinen Lieblingsrucksack m\u00f6chte ich einen etwas ausgefalleneren \u201eWanderrucksack\u201c ins Rennen schicken. Wenn du gerne Drau\u00dfen aktiv bist und am liebsten auch noch sch\u00f6ne Fotos dabei schie\u00dft, dann bist du mit Sicherheit auch schon mal \u00fcber diese Frage gestolpert: Wohin mit Kamera und Objektiven? Ich habe lange recherchiert und dann den <strong>Evoc Photo Scout<\/strong> gefunden. Das aktuelle Modell hei\u00dft Evoc Photo Scout CP 18l, ist aber ziemlich identisch mit meinem Rucksack.<\/p>\n<p>Er besitzt nicht nur ein Kamerafach, das du mit Teilern frei gestalten kannst, sondern auch ein zus\u00e4tzliches Ausr\u00fcstungsfach f\u00fcr Jacke, Erste-Hilfe-Kit, Essen und was man sonst noch so mit auf Tour nimmt. An der Seite l\u00e4\u00dft sich eine Trinkblase unterbringen und auch an eine Halterung f\u00fcrs Stativ wurde gedacht. Der Rucksack hat einen Bauch- und Brustgurt und sitzt damit selbst beim Mountainbiken fest am K\u00f6rper.<\/p>\n<p>F\u00fcr mich ist der Photo Scout die beste L\u00f6sung f\u00fcr einen Rucksack mit integriertem Kamerafach. Bei kleineren Touren manchmal ein wenig zu gro\u00df, aber daf\u00fcr sitzt das Kameraequipment fest an seinem Platz und das Ausr\u00fcstungsfach bietet mir die M\u00f6glichkeit zus\u00e4tzliche Dinge mitzunehmen.<\/p>\n<p><strong>Zum Blogger: Udo<\/strong> ist Blogger und Gro\u00dfbildj\u00e4ger. Er schreibt auf seinem Blog <strong><a href=\"https:\/\/www.waldhelden.de\">Waldhelden<\/a><\/strong> \u00fcber Outdoorsport und Aktivurlaub. Kamera, GoPro oder Drohne sind bei seinen Touren immer mit dabei, um reichlich Bilder f\u00fcr Blog und Instagram zu erlegen.<\/p>\n<\/div>\n<\/div>\n<p>&nbsp;<\/p>\n<p>Auch wenn diese Auswahl mit insgesamt 15 Teilnehmern nicht repr\u00e4sentativ ist, erlaube ich mir noch einmal kurz zusammenzufassen:<\/p>\n<ol>\n<li>Die Marke Deuter hat bei diesem Round-up ganz klar die Nase vorn (6 Nennungen), gefolgt von Osprey, Ortovox und Gregory (2 Nennungen) sowie Salewa, Mammut und Evoc mit jeweils einer Nennung. Interessant ist, dass mit dem Evoc auch ein klassischer Foto-Rucksack mit dabei ist.<\/li>\n<li>Die Auswahl der hier vorgestellten Lieblingsrucks\u00e4cke ist auch ein Hinweis darauf, welche Wandertouren die aufgelisteten Blogger gerne und vorwiegend unternehmen. Bei der Kaufentscheidung scheint f\u00fcr die meisten das Abw\u00e4gen zwischen den Faktoren Gewicht und Volumen eine zentrale Rolle zu spielen. F\u00fcr einige ist zudem wichtig, dass sie ihren Rucksack flexibel auch f\u00fcr andere Outdoor-Aktivit\u00e4ten nutzen k\u00f6nnen. Wobei die \u00fcberwiegende Mehrheit der Blogger verschiedene Rucks\u00e4cke in unterschiedlichen Gr\u00f6\u00dfen zuhause hat.<\/li>\n<li>Einige der befragten Outdoor-Blogger weisen darauf hin: Die Sache mit dem perfekten Wanderrucksack ist immer individuell und abh\u00e4ngig vom Einsatz, der Passform sowie von L\u00e4nge und Art der pers\u00f6nlichen Touren. Schlie\u00dflich muss man mit der Wahl seines Wanderrucksacks zufrieden sein, er muss praktisch sein und sich einfach gut tragen.<\/li>\n<\/ol>\n<p><em>Photocredit Titelbild: Sven Becker | <a href=\"https:\/\/www.thebackpacker.de\">thebackpacker.de<\/a><\/em><\/p>\n<p>&nbsp;<\/p>\n<p>Hast du Erfahrungen mit einem der hier genannten Wanderrucks\u00e4cke gemacht oder weitere Erg\u00e4nzungen zu den Tipps und Erfahrungen? Welches ist dein pers\u00f6nlicher Favorit? Ich freue mich auf deinen Kommentar und dein Feedback!<\/p>\n<p>Weitwandern und Fernwanderwege sind beliebt und f\u00fcr Wander-Fans ein echtes Abenteuer. Infos &amp; Tipps f\u00fcr die Planung der ersten Weitwanderung gibt es in diesem Artikel: <a href=\"https:\/\/www.people-abroad.de\/blog\/weitwandern-wandern-ohne-gepaeck\/\">Weitwandern und Wandern ohne Gep\u00e4ck \u2013 Basics &amp; Tipps<\/a><\/p>\n<p>Lesetipp f\u00fcr Wanderungen in Deutschland: <a href=\"https:\/\/www.family4travel.de\/wandern-im-moor\">Die sch\u00f6nsten Wege durchs Moor<\/a> gibt&#8217;s bei &#8222;family4travel&#8220;.<\/p>\n<p>Wenn dir dieser Artikel gefallen hat, dann k\u00f6nnte dich auch dieser Lesestoff interessieren:<br \/>\n<a href=\"https:\/\/www.people-abroad.de\/blog\/wanderschuhe-kaufen-tipps\/\">12 Outdoor-Blogger zeigen ihre Wanderschuhe<\/a><br \/>\n<a href=\"https:\/\/www.people-abroad.de\/blog\/regenjacke-kaufen-tipps\/\">12 Outdoor-Blogger zeigen ihre Regenjacke<\/a><br \/>\n<a href=\"https:\/\/www.people-abroad.de\/blog\/coast-to-coast-walk\/\">Weitwanderung auf dem Coast to Coast Walk<\/a><\/p>\n<p><img decoding=\"async\" class=\"alignnone wp-image-13467 size-medium\" src=\"https:\/\/www.people-abroad.de\/blog\/wp-content\/uploads\/2019\/08\/130-200x300.jpg\" alt=\"Werbung \/ 15 Outdoor-Blogger zeigen ihren Wanderrucksack #Rucksack #Wandern #Outdoor #Ausr\u00fcstung #Wanderlust\" width=\"200\" height=\"300\" srcset=\"https:\/\/www.people-abroad.de\/blog\/wp-content\/uploads\/2019\/08\/130-200x300.jpg 200w, https:\/\/www.people-abroad.de\/blog\/wp-content\/uploads\/2019\/08\/130-683x1024.jpg 683w, https:\/\/www.people-abroad.de\/blog\/wp-content\/uploads\/2019\/08\/130-267x400.jpg 267w, https:\/\/www.people-abroad.de\/blog\/wp-content\/uploads\/2019\/08\/130.jpg 735w\" sizes=\"(max-width: 200px) 100vw, 200px\" \/><\/p>\n","protected":false},"excerpt":{"rendered":"<p>[Werbung] Welchen Wanderrucksack soll ich mir kaufen? Eine Kaufentscheidung ist oft schwierig und die Auswahl riesig. Diese 15 Outdoor-Blogger geben Tipps zu ihrem Lieblingsrucksack.<\/p>\n","protected":false},"author":1,"featured_media":0,"comment_status":"open","ping_status":"open","sticky":false,"template":"","format":"standard","meta":{"_monsterinsights_skip_tracking":false,"_monsterinsights_sitenote_active":false,"_monsterinsights_sitenote_note":"","_monsterinsights_sitenote_category":0,"footnotes":""},"categories":[1959,2044],"tags":[1984],"class_list":["post-12570","post","type-post","status-publish","format-standard","hentry","category-ausruestung","category-wandern","tag-aktivreise"],"yoast_head":"<!-- This site is optimized with the Yoast SEO plugin v27.5 - https:\/\/yoast.com\/product\/yoast-seo-wordpress\/ -->\n<title>15 Outdoor-Blogger zeigen ihren Wanderrucksack - People Abroad<\/title>\n<meta name=\"description\" content=\"Welchen Wanderrucksack soll ich mir kaufen? Hier stellen dir Outdoor-Blogger ihren Wanderrucksack vor und geben Tipps zu ihrem Lieblingsrucksack.\" \/>\n<meta name=\"robots\" content=\"index, follow, max-snippet:-1, max-image-preview:large, max-video-preview:-1\" \/>\n<link rel=\"canonical\" href=\"https:\/\/www.people-abroad.de\/blog\/wanderrucksack-kaufen-tipps\/\" \/>\n<meta property=\"og:locale\" content=\"de_DE\" \/>\n<meta property=\"og:type\" content=\"article\" \/>\n<meta property=\"og:title\" content=\"15 Outdoor-Blogger zeigen ihren Wanderrucksack - People Abroad\" \/>\n<meta property=\"og:description\" content=\"Welchen Wanderrucksack soll ich mir kaufen? Hier stellen dir Outdoor-Blogger ihren Wanderrucksack vor und geben Tipps zu ihrem Lieblingsrucksack.\" \/>\n<meta property=\"og:url\" content=\"https:\/\/www.people-abroad.de\/blog\/wanderrucksack-kaufen-tipps\/\" \/>\n<meta property=\"og:site_name\" content=\"People Abroad\" \/>\n<meta property=\"article:publisher\" content=\"https:\/\/www.facebook.com\/menschen.international\/\" \/>\n<meta property=\"article:author\" content=\"https:\/\/www.facebook.com\/menschen.international\/\" \/>\n<meta property=\"article:published_time\" content=\"2019-08-04T06:00:45+00:00\" \/>\n<meta property=\"article:modified_time\" content=\"2023-06-12T20:30:08+00:00\" \/>\n<meta property=\"og:image\" content=\"https:\/\/www.people-abroad.de\/blog\/wp-content\/uploads\/2019\/08\/wanderrucksack-sven-becker-thebackpacker-blog-2.jpg\" \/>\n<meta name=\"author\" content=\"Heiko M\u00fcller\" \/>\n<meta name=\"twitter:card\" content=\"summary_large_image\" \/>\n<meta name=\"twitter:creator\" content=\"@People_Abroad\" \/>\n<meta name=\"twitter:site\" content=\"@People_Abroad\" \/>\n<meta name=\"twitter:label1\" content=\"Verfasst von\" \/>\n\t<meta name=\"twitter:data1\" content=\"Heiko M\u00fcller\" \/>\n\t<meta name=\"twitter:label2\" content=\"Gesch\u00e4tzte Lesezeit\" \/>\n\t<meta name=\"twitter:data2\" content=\"25\u00a0Minuten\" \/>\n<script type=\"application\/ld+json\" class=\"yoast-schema-graph\">{\"@context\":\"https:\\\/\\\/schema.org\",\"@graph\":[{\"@type\":\"Article\",\"@id\":\"https:\\\/\\\/www.people-abroad.de\\\/blog\\\/wanderrucksack-kaufen-tipps\\\/#article\",\"isPartOf\":{\"@id\":\"https:\\\/\\\/www.people-abroad.de\\\/blog\\\/wanderrucksack-kaufen-tipps\\\/\"},\"author\":{\"name\":\"Heiko M\u00fcller\",\"@id\":\"https:\\\/\\\/www.people-abroad.de\\\/blog\\\/#\\\/schema\\\/person\\\/2a518a154d93ee6cf0b146bc327329b3\"},\"headline\":\"15 Outdoor-Blogger zeigen ihren Wanderrucksack\",\"datePublished\":\"2019-08-04T06:00:45+00:00\",\"dateModified\":\"2023-06-12T20:30:08+00:00\",\"mainEntityOfPage\":{\"@id\":\"https:\\\/\\\/www.people-abroad.de\\\/blog\\\/wanderrucksack-kaufen-tipps\\\/\"},\"wordCount\":4212,\"commentCount\":8,\"publisher\":{\"@id\":\"https:\\\/\\\/www.people-abroad.de\\\/blog\\\/#\\\/schema\\\/person\\\/2a518a154d93ee6cf0b146bc327329b3\"},\"image\":{\"@id\":\"https:\\\/\\\/www.people-abroad.de\\\/blog\\\/wanderrucksack-kaufen-tipps\\\/#primaryimage\"},\"thumbnailUrl\":\"https:\\\/\\\/www.people-abroad.de\\\/blog\\\/wp-content\\\/uploads\\\/2019\\\/08\\\/wanderrucksack-sven-becker-thebackpacker-blog-2.jpg\",\"keywords\":[\"Aktivreise\"],\"articleSection\":[\"Ausr\u00fcstung\",\"Wandern\"],\"inLanguage\":\"de\",\"potentialAction\":[{\"@type\":\"CommentAction\",\"name\":\"Comment\",\"target\":[\"https:\\\/\\\/www.people-abroad.de\\\/blog\\\/wanderrucksack-kaufen-tipps\\\/#respond\"]}]},{\"@type\":\"WebPage\",\"@id\":\"https:\\\/\\\/www.people-abroad.de\\\/blog\\\/wanderrucksack-kaufen-tipps\\\/\",\"url\":\"https:\\\/\\\/www.people-abroad.de\\\/blog\\\/wanderrucksack-kaufen-tipps\\\/\",\"name\":\"15 Outdoor-Blogger zeigen ihren Wanderrucksack - People Abroad\",\"isPartOf\":{\"@id\":\"https:\\\/\\\/www.people-abroad.de\\\/blog\\\/#website\"},\"primaryImageOfPage\":{\"@id\":\"https:\\\/\\\/www.people-abroad.de\\\/blog\\\/wanderrucksack-kaufen-tipps\\\/#primaryimage\"},\"image\":{\"@id\":\"https:\\\/\\\/www.people-abroad.de\\\/blog\\\/wanderrucksack-kaufen-tipps\\\/#primaryimage\"},\"thumbnailUrl\":\"https:\\\/\\\/www.people-abroad.de\\\/blog\\\/wp-content\\\/uploads\\\/2019\\\/08\\\/wanderrucksack-sven-becker-thebackpacker-blog-2.jpg\",\"datePublished\":\"2019-08-04T06:00:45+00:00\",\"dateModified\":\"2023-06-12T20:30:08+00:00\",\"description\":\"Welchen Wanderrucksack soll ich mir kaufen? Hier stellen dir Outdoor-Blogger ihren Wanderrucksack vor und geben Tipps zu ihrem Lieblingsrucksack.\",\"breadcrumb\":{\"@id\":\"https:\\\/\\\/www.people-abroad.de\\\/blog\\\/wanderrucksack-kaufen-tipps\\\/#breadcrumb\"},\"inLanguage\":\"de\",\"potentialAction\":[{\"@type\":\"ReadAction\",\"target\":[\"https:\\\/\\\/www.people-abroad.de\\\/blog\\\/wanderrucksack-kaufen-tipps\\\/\"]}]},{\"@type\":\"ImageObject\",\"inLanguage\":\"de\",\"@id\":\"https:\\\/\\\/www.people-abroad.de\\\/blog\\\/wanderrucksack-kaufen-tipps\\\/#primaryimage\",\"url\":\"https:\\\/\\\/www.people-abroad.de\\\/blog\\\/wp-content\\\/uploads\\\/2019\\\/08\\\/wanderrucksack-sven-becker-thebackpacker-blog-2.jpg\",\"contentUrl\":\"https:\\\/\\\/www.people-abroad.de\\\/blog\\\/wp-content\\\/uploads\\\/2019\\\/08\\\/wanderrucksack-sven-becker-thebackpacker-blog-2.jpg\",\"width\":1000,\"height\":655},{\"@type\":\"BreadcrumbList\",\"@id\":\"https:\\\/\\\/www.people-abroad.de\\\/blog\\\/wanderrucksack-kaufen-tipps\\\/#breadcrumb\",\"itemListElement\":[{\"@type\":\"ListItem\",\"position\":1,\"name\":\"Startseite\",\"item\":\"https:\\\/\\\/www.people-abroad.de\\\/blog\\\/\"},{\"@type\":\"ListItem\",\"position\":2,\"name\":\"15 Outdoor-Blogger zeigen ihren Wanderrucksack\"}]},{\"@type\":\"WebSite\",\"@id\":\"https:\\\/\\\/www.people-abroad.de\\\/blog\\\/#website\",\"url\":\"https:\\\/\\\/www.people-abroad.de\\\/blog\\\/\",\"name\":\"People Abroad\",\"description\":\"Reiseblog\",\"publisher\":{\"@id\":\"https:\\\/\\\/www.people-abroad.de\\\/blog\\\/#\\\/schema\\\/person\\\/2a518a154d93ee6cf0b146bc327329b3\"},\"potentialAction\":[{\"@type\":\"SearchAction\",\"target\":{\"@type\":\"EntryPoint\",\"urlTemplate\":\"https:\\\/\\\/www.people-abroad.de\\\/blog\\\/?s={search_term_string}\"},\"query-input\":{\"@type\":\"PropertyValueSpecification\",\"valueRequired\":true,\"valueName\":\"search_term_string\"}}],\"inLanguage\":\"de\"},{\"@type\":[\"Person\",\"Organization\"],\"@id\":\"https:\\\/\\\/www.people-abroad.de\\\/blog\\\/#\\\/schema\\\/person\\\/2a518a154d93ee6cf0b146bc327329b3\",\"name\":\"Heiko M\u00fcller\",\"logo\":{\"@id\":\"https:\\\/\\\/www.people-abroad.de\\\/blog\\\/#\\\/schema\\\/person\\\/image\\\/\"},\"description\":\"Ich bin Reiseblogger, Content Creator und Redakteur. Auf Reisen erkunde ich gerne neue Regionen, St\u00e4dte und Orte beim Fotografieren, Wandern und Radfahren. F\u00fcr weitere Reisetipps folge mir auf Instagram, Facebook &amp; Co. Mehr Infos zum Blog findest du hier: https:\\\/\\\/www.people-abroad.de\\\/blog\\\/pr-media\\\/. Kontakt: h.mueller@people-abroad.de\",\"sameAs\":[\"https:\\\/\\\/www.people-abroad.de\\\/blog\\\/\",\"https:\\\/\\\/www.facebook.com\\\/menschen.international\\\/\",\"https:\\\/\\\/www.instagram.com\\\/people.abroad\\\/\",\"https:\\\/\\\/www.linkedin.com\\\/in\\\/muellerheiko\\\/\",\"https:\\\/\\\/www.pinterest.de\\\/peopleabroad\\\/\",\"https:\\\/\\\/x.com\\\/People_Abroad\",\"https:\\\/\\\/www.youtube.com\\\/user\\\/MenschenInt\"],\"url\":\"https:\\\/\\\/www.people-abroad.de\\\/blog\\\/author\\\/admin\\\/\"}]}<\/script>\n<!-- \/ Yoast SEO plugin. -->","yoast_head_json":{"title":"15 Outdoor-Blogger zeigen ihren Wanderrucksack - People Abroad","description":"Welchen Wanderrucksack soll ich mir kaufen? Hier stellen dir Outdoor-Blogger ihren Wanderrucksack vor und geben Tipps zu ihrem Lieblingsrucksack.","robots":{"index":"index","follow":"follow","max-snippet":"max-snippet:-1","max-image-preview":"max-image-preview:large","max-video-preview":"max-video-preview:-1"},"canonical":"https:\/\/www.people-abroad.de\/blog\/wanderrucksack-kaufen-tipps\/","og_locale":"de_DE","og_type":"article","og_title":"15 Outdoor-Blogger zeigen ihren Wanderrucksack - People Abroad","og_description":"Welchen Wanderrucksack soll ich mir kaufen? Hier stellen dir Outdoor-Blogger ihren Wanderrucksack vor und geben Tipps zu ihrem Lieblingsrucksack.","og_url":"https:\/\/www.people-abroad.de\/blog\/wanderrucksack-kaufen-tipps\/","og_site_name":"People Abroad","article_publisher":"https:\/\/www.facebook.com\/menschen.international\/","article_author":"https:\/\/www.facebook.com\/menschen.international\/","article_published_time":"2019-08-04T06:00:45+00:00","article_modified_time":"2023-06-12T20:30:08+00:00","og_image":[{"url":"https:\/\/www.people-abroad.de\/blog\/wp-content\/uploads\/2019\/08\/wanderrucksack-sven-becker-thebackpacker-blog-2.jpg","type":"","width":"","height":""}],"author":"Heiko M\u00fcller","twitter_card":"summary_large_image","twitter_creator":"@People_Abroad","twitter_site":"@People_Abroad","twitter_misc":{"Verfasst von":"Heiko M\u00fcller","Gesch\u00e4tzte Lesezeit":"25\u00a0Minuten"},"schema":{"@context":"https:\/\/schema.org","@graph":[{"@type":"Article","@id":"https:\/\/www.people-abroad.de\/blog\/wanderrucksack-kaufen-tipps\/#article","isPartOf":{"@id":"https:\/\/www.people-abroad.de\/blog\/wanderrucksack-kaufen-tipps\/"},"author":{"name":"Heiko M\u00fcller","@id":"https:\/\/www.people-abroad.de\/blog\/#\/schema\/person\/2a518a154d93ee6cf0b146bc327329b3"},"headline":"15 Outdoor-Blogger zeigen ihren Wanderrucksack","datePublished":"2019-08-04T06:00:45+00:00","dateModified":"2023-06-12T20:30:08+00:00","mainEntityOfPage":{"@id":"https:\/\/www.people-abroad.de\/blog\/wanderrucksack-kaufen-tipps\/"},"wordCount":4212,"commentCount":8,"publisher":{"@id":"https:\/\/www.people-abroad.de\/blog\/#\/schema\/person\/2a518a154d93ee6cf0b146bc327329b3"},"image":{"@id":"https:\/\/www.people-abroad.de\/blog\/wanderrucksack-kaufen-tipps\/#primaryimage"},"thumbnailUrl":"https:\/\/www.people-abroad.de\/blog\/wp-content\/uploads\/2019\/08\/wanderrucksack-sven-becker-thebackpacker-blog-2.jpg","keywords":["Aktivreise"],"articleSection":["Ausr\u00fcstung","Wandern"],"inLanguage":"de","potentialAction":[{"@type":"CommentAction","name":"Comment","target":["https:\/\/www.people-abroad.de\/blog\/wanderrucksack-kaufen-tipps\/#respond"]}]},{"@type":"WebPage","@id":"https:\/\/www.people-abroad.de\/blog\/wanderrucksack-kaufen-tipps\/","url":"https:\/\/www.people-abroad.de\/blog\/wanderrucksack-kaufen-tipps\/","name":"15 Outdoor-Blogger zeigen ihren Wanderrucksack - People Abroad","isPartOf":{"@id":"https:\/\/www.people-abroad.de\/blog\/#website"},"primaryImageOfPage":{"@id":"https:\/\/www.people-abroad.de\/blog\/wanderrucksack-kaufen-tipps\/#primaryimage"},"image":{"@id":"https:\/\/www.people-abroad.de\/blog\/wanderrucksack-kaufen-tipps\/#primaryimage"},"thumbnailUrl":"https:\/\/www.people-abroad.de\/blog\/wp-content\/uploads\/2019\/08\/wanderrucksack-sven-becker-thebackpacker-blog-2.jpg","datePublished":"2019-08-04T06:00:45+00:00","dateModified":"2023-06-12T20:30:08+00:00","description":"Welchen Wanderrucksack soll ich mir kaufen? Hier stellen dir Outdoor-Blogger ihren Wanderrucksack vor und geben Tipps zu ihrem Lieblingsrucksack.","breadcrumb":{"@id":"https:\/\/www.people-abroad.de\/blog\/wanderrucksack-kaufen-tipps\/#breadcrumb"},"inLanguage":"de","potentialAction":[{"@type":"ReadAction","target":["https:\/\/www.people-abroad.de\/blog\/wanderrucksack-kaufen-tipps\/"]}]},{"@type":"ImageObject","inLanguage":"de","@id":"https:\/\/www.people-abroad.de\/blog\/wanderrucksack-kaufen-tipps\/#primaryimage","url":"https:\/\/www.people-abroad.de\/blog\/wp-content\/uploads\/2019\/08\/wanderrucksack-sven-becker-thebackpacker-blog-2.jpg","contentUrl":"https:\/\/www.people-abroad.de\/blog\/wp-content\/uploads\/2019\/08\/wanderrucksack-sven-becker-thebackpacker-blog-2.jpg","width":1000,"height":655},{"@type":"BreadcrumbList","@id":"https:\/\/www.people-abroad.de\/blog\/wanderrucksack-kaufen-tipps\/#breadcrumb","itemListElement":[{"@type":"ListItem","position":1,"name":"Startseite","item":"https:\/\/www.people-abroad.de\/blog\/"},{"@type":"ListItem","position":2,"name":"15 Outdoor-Blogger zeigen ihren Wanderrucksack"}]},{"@type":"WebSite","@id":"https:\/\/www.people-abroad.de\/blog\/#website","url":"https:\/\/www.people-abroad.de\/blog\/","name":"People Abroad","description":"Reiseblog","publisher":{"@id":"https:\/\/www.people-abroad.de\/blog\/#\/schema\/person\/2a518a154d93ee6cf0b146bc327329b3"},"potentialAction":[{"@type":"SearchAction","target":{"@type":"EntryPoint","urlTemplate":"https:\/\/www.people-abroad.de\/blog\/?s={search_term_string}"},"query-input":{"@type":"PropertyValueSpecification","valueRequired":true,"valueName":"search_term_string"}}],"inLanguage":"de"},{"@type":["Person","Organization"],"@id":"https:\/\/www.people-abroad.de\/blog\/#\/schema\/person\/2a518a154d93ee6cf0b146bc327329b3","name":"Heiko M\u00fcller","logo":{"@id":"https:\/\/www.people-abroad.de\/blog\/#\/schema\/person\/image\/"},"description":"Ich bin Reiseblogger, Content Creator und Redakteur. Auf Reisen erkunde ich gerne neue Regionen, St\u00e4dte und Orte beim Fotografieren, Wandern und Radfahren. F\u00fcr weitere Reisetipps folge mir auf Instagram, Facebook &amp; Co. Mehr Infos zum Blog findest du hier: https:\/\/www.people-abroad.de\/blog\/pr-media\/. Kontakt: h.mueller@people-abroad.de","sameAs":["https:\/\/www.people-abroad.de\/blog\/","https:\/\/www.facebook.com\/menschen.international\/","https:\/\/www.instagram.com\/people.abroad\/","https:\/\/www.linkedin.com\/in\/muellerheiko\/","https:\/\/www.pinterest.de\/peopleabroad\/","https:\/\/x.com\/People_Abroad","https:\/\/www.youtube.com\/user\/MenschenInt"],"url":"https:\/\/www.people-abroad.de\/blog\/author\/admin\/"}]}},"_links":{"self":[{"href":"https:\/\/www.people-abroad.de\/blog\/wp-json\/wp\/v2\/posts\/12570","targetHints":{"allow":["GET"]}}],"collection":[{"href":"https:\/\/www.people-abroad.de\/blog\/wp-json\/wp\/v2\/posts"}],"about":[{"href":"https:\/\/www.people-abroad.de\/blog\/wp-json\/wp\/v2\/types\/post"}],"author":[{"embeddable":true,"href":"https:\/\/www.people-abroad.de\/blog\/wp-json\/wp\/v2\/users\/1"}],"replies":[{"embeddable":true,"href":"https:\/\/www.people-abroad.de\/blog\/wp-json\/wp\/v2\/comments?post=12570"}],"version-history":[{"count":4,"href":"https:\/\/www.people-abroad.de\/blog\/wp-json\/wp\/v2\/posts\/12570\/revisions"}],"predecessor-version":[{"id":30862,"href":"https:\/\/www.people-abroad.de\/blog\/wp-json\/wp\/v2\/posts\/12570\/revisions\/30862"}],"wp:attachment":[{"href":"https:\/\/www.people-abroad.de\/blog\/wp-json\/wp\/v2\/media?parent=12570"}],"wp:term":[{"taxonomy":"category","embeddable":true,"href":"https:\/\/www.people-abroad.de\/blog\/wp-json\/wp\/v2\/categories?post=12570"},{"taxonomy":"post_tag","embeddable":true,"href":"https:\/\/www.people-abroad.de\/blog\/wp-json\/wp\/v2\/tags?post=12570"}],"curies":[{"name":"wp","href":"https:\/\/api.w.org\/{rel}","templated":true}]}}